{"id":49152,"date":"2024-03-20T17:53:50","date_gmt":"2024-03-20T15:53:50","guid":{"rendered":"https:\/\/www.laguiadepamplona.com\/actualidad\/?p=49152"},"modified":"2024-03-20T17:53:50","modified_gmt":"2024-03-20T15:53:50","slug":"abiertas-las-inscripciones-para-el-i-congreso-internacional-de-fiestas-y-macroeventos-urbanos-que-se-celebrara-en-pamplona-en-el-mes-de-junio","status":"publish","type":"post","link":"https:\/\/www.laguiadepamplona.com\/actualidad\/abiertas-las-inscripciones-para-el-i-congreso-internacional-de-fiestas-y-macroeventos-urbanos-que-se-celebrara-en-pamplona-en-el-mes-de-junio\/","title":{"rendered":"Abiertas las inscripciones para el I Congreso Internacional de Fiestas y Macroeventos Urbanos que se celebrar\u00e1 en Pamplona en el mes de junio"},"content":{"rendered":"<h2>El denominado International Urban Fest 365 se dirige a gestores p\u00fablicos, empresas del sector tur\u00edstico y de producci\u00f3n cultural, y p\u00fablico en general<\/h2>\n<p><!--more--><\/p>\n<p>Las inscripciones para el I Congreso Internacional de Fiestas y Macroeventos Urbanos que se celebrar\u00e1 en Pamplona los d\u00edas 28 y 29 de junio ya est\u00e1n abiertas en la direcci\u00f3n <a href=\"http:\/\/www.urbanfest365.com\" target=\"_blank\" rel=\"noopener\">www.urbanfest365.com<\/a>. Con este congreso, que recibe la denominaci\u00f3n International Urban Fest 365, el Ayuntamiento de Pamplona quiere atraer a m\u00e1s de un centenar de gestores p\u00fablicos y empresas del sector tur\u00edstico y de producci\u00f3n cultural, de \u00e1mbito nacional e internacional, para conseguir unos Sanfermines m\u00e1s sostenibles y con mejor imagen internacional.<\/p>\n<p>Esta iniciativa de car\u00e1cter internacional se inscribe en el Plan de Sostenibilidad Tur\u00edstica en Destino Pamplona SF365, que forma parte del Plan de Recuperaci\u00f3n, Transformaci\u00f3n y Resiliencia &#8211; Financiado por la Uni\u00f3n Europea \u2013 NextGenerationEU. La organizaci\u00f3n y puesta en marcha del congreso se adjudic\u00f3 por un importe de 127.923,74 euros. Una parte de la programaci\u00f3n tendr\u00e1 un enfoque m\u00e1s t\u00e9cnico y formativo, con acceso de pago mediante suscripci\u00f3n; otra parte del programa ofrecer\u00e1 algunas actividades gratuitas y abiertas al p\u00fablico en general.<br \/>\n<script async src=\"\/\/pagead2.googlesyndication.com\/pagead\/js\/adsbygoogle.js\"><\/script><br \/>\n<!-- Noticias La Guia de Pamplona --><br \/>\n<ins class=\"adsbygoogle\"\nstyle=\"display:block\"\ndata-ad-client=\"ca-pub-6943679897239327\"\ndata-ad-slot=\"7048180777\"\ndata-ad-format=\"auto\"><\/ins><br \/>\n<script>\n(adsbygoogle = window.adsbygoogle || []).push({});\n<\/script><br \/>\nLos precios de inscripci\u00f3n al Congreso son de 120 euros, hasta el 30 de abril, importe que sube a 150 euros del 1 de mayo al 25 de junio. Toda la actualidad sobre el I Congreso Internacional de Fiestas y Macroeventos Urbanos puede seguirse en la propia web oficial (<a href=\"https:\/\/urbanfest365.com\/\" target=\"_blank\" rel=\"noopener\">https:\/\/urbanfest365.com\/<\/a>) y en las cuentas oficiales de las redes sociales como Instagram (<a href=\"https:\/\/www.instagram.com\/urbanfest365\/\" target=\"_blank\" rel=\"noopener\">https:\/\/www.instagram.com\/urbanfest365\/<\/a>), Twitter (<a href=\"https:\/\/twitter.com\/urbanfest365\" target=\"_blank\" rel=\"noopener\">https:\/\/twitter.com\/urbanfest365<\/a>) y Linkedin (<a href=\"https:\/\/www.linkedin.com\/company\/urban-fest-365\" target=\"_blank\" rel=\"noopener\">https:\/\/www.linkedin.com\/company\/urban-fest-365<\/a>).<\/p>\n<p>Adem\u00e1s del objetivo espec\u00edfico de reorientar el producto Sanfermines y su desarrollo hacia valores culturales y sostenibles, y reposicionar en el mercado la marca Sanfermines y con ello Pamplona y Navarra, el congreso acoger\u00e1 ponencias especiales, entre las que habr\u00e1 una sobre macroeventos y perspectiva de g\u00e9nero.<\/p>\n<p>Son seis los bloques tem\u00e1ticos previstos: Experiencias sostenibles: festejar el presente sin comprometer el futuro; Turismo de calidad vs. masificaci\u00f3n: el equilibrio m\u00e1s complejo; Seguridad y convivencia, pilares innegociables; Abrir el evento a la ciudad: participaci\u00f3n e impacto; Sumar recursos, multiplicar retornos; El mayor escaparate de la \u201cmarca ciudad\u201d.<br \/>\n<script async src=\"\/\/pagead2.googlesyndication.com\/pagead\/js\/adsbygoogle.js\"><\/script><br \/>\n<!-- Noticias La Guia de Pamplona --><br \/>\n<ins class=\"adsbygoogle\"\nstyle=\"display:block\"\ndata-ad-client=\"ca-pub-6943679897239327\"\ndata-ad-slot=\"7048180777\"\ndata-ad-format=\"auto\"><\/ins><br \/>\n<script>\n(adsbygoogle = window.adsbygoogle || []).push({});\n<\/script><br \/>\n<strong>Contenidos tem\u00e1ticos<\/strong><\/p>\n<p>El \u00e1mbito de las experiencias sostenibles tiene previsto abordar la movilidad y la gesti\u00f3n de residuos, para minimizar el impacto ambiental y no comprometer festejos y experiencias a futuro. Otro de los retos es el dise\u00f1o de acciones para atraer y fidelizar el turismo de calidad. En cuanto a la seguridad y la convivencia, la creaci\u00f3n de protocolos y campa\u00f1as de sensibilizaci\u00f3n se hace indispensable para gestionar aglomeraciones en espacios reducidos.<\/p>\n<p>El congreso tambi\u00e9n abordar\u00e1 c\u00f3mo mantener las citas multitudinarias, en su vertiente de expresi\u00f3n de la cultura popular, potenciando el impacto econ\u00f3mico y social positivo y reduciendo los efectos adversos para el vecindario. El tema econ\u00f3mico tambi\u00e9n tendr\u00e1 su espacio, sobre todo en cuanto a financiaci\u00f3n, patrocinios, impacto econ\u00f3mico, planes estrat\u00e9gicos o de marketing y retorno de la inversi\u00f3n. Todo ello junto a la construcci\u00f3n de la \u201cmarca ciudad\u201d asociada a las grandes citas urbanas.<\/p>\n<p>Todos estos temas est\u00e1n pensados para personal t\u00e9cnico y pol\u00edtico de entidades locales, regionales y estatales con responsabilidad directa en la gesti\u00f3n de eventos urbanos, as\u00ed como para gestores internacionales. Tambi\u00e9n se dirigen a profesionales del sector tur\u00edstico, hotelero y cadenas de restauraci\u00f3n, as\u00ed como a responsables de empresas del sector de la producci\u00f3n cultural y profesionales del sector de gesti\u00f3n y producci\u00f3n de eventos.<\/p>\n<p>A nivel m\u00e1s local, pueden participar t\u00e9cnicos de asociaciones y agentes locales relacionados con las fiestas de San Ferm\u00edn, y personal vinculado a empresas de movilidad y log\u00edstica en espacios urbanos o servicios vinculados a la celebraci\u00f3n de eventos urbanos, m\u00e1s el sector de la digitalizaci\u00f3n, responsables de marketing, comunicaci\u00f3n y patrocinios de compa\u00f1\u00edas financiadoras y patrocinadoras de eventos, y profesionales de los medios de comunicaci\u00f3n y creadores de opini\u00f3n.<br \/>\n<script async src=\"\/\/pagead2.googlesyndication.com\/pagead\/js\/adsbygoogle.js\"><\/script><br \/>\n<!-- Noticias La Guia de Pamplona --><br \/>\n<ins class=\"adsbygoogle\"\nstyle=\"display:block\"\ndata-ad-client=\"ca-pub-6943679897239327\"\ndata-ad-slot=\"7048180777\"\ndata-ad-format=\"auto\"><\/ins><br \/>\n<script>\n(adsbygoogle = window.adsbygoogle || []).push({});\n<\/script><br \/>\n&nbsp;<\/p>\n<h3>I Congreso Internacional de Fiestas y Macroeventos Urbanos \u2013 Urban Fest 365<\/h3>\n<ul>\n<li><strong>Inscripciones:<\/strong>\n<ul>\n<li><a href=\"http:\/\/www.urbanfest365.com\" target=\"_blank\" rel=\"noopener\">urbanfest365.com<\/a><\/li>\n<li>Precios: 120 euros hasta el 30 de abril, y 150 euros del 1 de mayo al 28 de junio<\/li>\n<\/ul>\n<\/li>\n<li><strong>Seis bloques tem\u00e1ticos:<\/strong>\n<ul>\n<li>Experiencias sostenibles: festejar el presente sin comprometer el futuro<\/li>\n<li>Turismo de calidad vs. masificaci\u00f3n: el equilibrio m\u00e1s complejo<\/li>\n<li>Seguridad y convivencia, pilares innegociables<\/li>\n<li>Abrir el evento a la ciudad: participaci\u00f3n e impacto<\/li>\n<li>Sumar recursos, multiplicar retornos<\/li>\n<li>El mayor escaparate de la \u201cmarca ciudad\u201d<\/li>\n<\/ul>\n<\/li>\n<li><strong>Redes sociales:<\/strong>\n<ul>\n<li>Twitter: @Urbanfest365<\/li>\n<li>Instagram:\u00a0 @Urbanfest365<\/li>\n<li>LinkedIn: International Urban Fest 365<\/li>\n<\/ul>\n<\/li>\n<\/ul>\n","protected":false},"excerpt":{"rendered":"<p>El denominado International Urban Fest 365 se dirige a gestores p\u00fablicos, empresas del sector tur\u00edstico y de producci\u00f3n cultural, y p\u00fablico en general<\/p>\n","protected":false},"author":1,"featured_media":49153,"comment_status":"open","ping_status":"closed","sticky":false,"template":"","format":"standard","meta":{"footnotes":""},"categories":[2],"tags":[],"class_list":["post-49152","post","type-post","status-publish","format-standard","has-post-thumbnail","hentry","category-ayuntamiento-pamplona"],"yoast_head":"<!-- This site is optimized with the Yoast SEO plugin v27.3 - https:\/\/yoast.com\/product\/yoast-seo-wordpress\/ -->\n<title>Abiertas las inscripciones para el I Congreso Internacional de Fiestas y Macroeventos Urbanos que se celebrar\u00e1 en Pamplona en el mes de junio<\/title>\n<meta name=\"description\" content=\"El denominado International Urban Fest 365 se dirige a gestores p\u00fablicos, empresas del sector tur\u00edstico y de producci\u00f3n cultural, y p\u00fablico en general\" \/>\n<meta name=\"robots\" content=\"index, follow, max-snippet:-1, max-image-preview:large, max-video-preview:-1\" \/>\n<link rel=\"canonical\" href=\"https:\/\/www.laguiadepamplona.com\/actualidad\/abiertas-las-inscripciones-para-el-i-congreso-internacional-de-fiestas-y-macroeventos-urbanos-que-se-celebrara-en-pamplona-en-el-mes-de-junio\/\" \/>\n<meta property=\"og:locale\" content=\"es_ES\" \/>\n<meta property=\"og:type\" content=\"article\" \/>\n<meta property=\"og:title\" content=\"Abiertas las inscripciones para el I Congreso Internacional de Fiestas y Macroeventos Urbanos que se celebrar\u00e1 en Pamplona en el mes de junio\" \/>\n<meta property=\"og:description\" content=\"El denominado International Urban Fest 365 se dirige a gestores p\u00fablicos, empresas del sector tur\u00edstico y de producci\u00f3n cultural, y p\u00fablico en general\" \/>\n<meta property=\"og:url\" content=\"https:\/\/www.laguiadepamplona.com\/actualidad\/abiertas-las-inscripciones-para-el-i-congreso-internacional-de-fiestas-y-macroeventos-urbanos-que-se-celebrara-en-pamplona-en-el-mes-de-junio\/\" \/>\n<meta property=\"og:site_name\" content=\"La Gu\u00eda de Pamplona\" \/>\n<meta property=\"article:publisher\" content=\"https:\/\/www.facebook.com\/laguiadepamplonacom-133175176762273\/?ref=hl\" \/>\n<meta property=\"article:published_time\" content=\"2024-03-20T15:53:50+00:00\" \/>\n<meta property=\"og:image\" content=\"https:\/\/www.laguiadepamplona.com\/actualidad\/wp-content\/uploads\/2024\/03\/International-Urban-Fest-360x240-1.webp\" \/>\n\t<meta property=\"og:image:width\" content=\"1200\" \/>\n\t<meta property=\"og:image:height\" content=\"800\" \/>\n\t<meta property=\"og:image:type\" content=\"image\/webp\" \/>\n<meta name=\"author\" content=\"La Gu\u00eda de Pamplona\" \/>\n<meta name=\"twitter:card\" content=\"summary_large_image\" \/>\n<meta name=\"twitter:creator\" content=\"@LaGuiadPamplona\" \/>\n<meta name=\"twitter:site\" content=\"@LaGuiadPamplona\" \/>\n<meta name=\"twitter:label1\" content=\"Escrito por\" \/>\n\t<meta name=\"twitter:data1\" content=\"La Gu\u00eda de Pamplona\" \/>\n\t<meta name=\"twitter:label2\" content=\"Tiempo de lectura\" \/>\n\t<meta name=\"twitter:data2\" content=\"4 minutos\" \/>\n<script type=\"application\/ld+json\" class=\"yoast-schema-graph\">{\"@context\":\"https:\\\/\\\/schema.org\",\"@graph\":[{\"@type\":\"Article\",\"@id\":\"https:\\\/\\\/www.laguiadepamplona.com\\\/actualidad\\\/abiertas-las-inscripciones-para-el-i-congreso-internacional-de-fiestas-y-macroeventos-urbanos-que-se-celebrara-en-pamplona-en-el-mes-de-junio\\\/#article\",\"isPartOf\":{\"@id\":\"https:\\\/\\\/www.laguiadepamplona.com\\\/actualidad\\\/abiertas-las-inscripciones-para-el-i-congreso-internacional-de-fiestas-y-macroeventos-urbanos-que-se-celebrara-en-pamplona-en-el-mes-de-junio\\\/\"},\"author\":{\"name\":\"La Gu\u00eda de Pamplona\",\"@id\":\"https:\\\/\\\/www.laguiadepamplona.com\\\/actualidad\\\/#\\\/schema\\\/person\\\/efe887376f0213d4657c93adc50b1fdb\"},\"headline\":\"Abiertas las inscripciones para el I Congreso Internacional de Fiestas y Macroeventos Urbanos que se celebrar\u00e1 en Pamplona en el mes de junio\",\"datePublished\":\"2024-03-20T15:53:50+00:00\",\"mainEntityOfPage\":{\"@id\":\"https:\\\/\\\/www.laguiadepamplona.com\\\/actualidad\\\/abiertas-las-inscripciones-para-el-i-congreso-internacional-de-fiestas-y-macroeventos-urbanos-que-se-celebrara-en-pamplona-en-el-mes-de-junio\\\/\"},\"wordCount\":819,\"commentCount\":0,\"publisher\":{\"@id\":\"https:\\\/\\\/www.laguiadepamplona.com\\\/actualidad\\\/#organization\"},\"image\":{\"@id\":\"https:\\\/\\\/www.laguiadepamplona.com\\\/actualidad\\\/abiertas-las-inscripciones-para-el-i-congreso-internacional-de-fiestas-y-macroeventos-urbanos-que-se-celebrara-en-pamplona-en-el-mes-de-junio\\\/#primaryimage\"},\"thumbnailUrl\":\"https:\\\/\\\/www.laguiadepamplona.com\\\/actualidad\\\/wp-content\\\/uploads\\\/2024\\\/03\\\/International-Urban-Fest-360x240-1.webp\",\"articleSection\":[\"Ayto Pamplona\"],\"inLanguage\":\"es\",\"potentialAction\":[{\"@type\":\"CommentAction\",\"name\":\"Comment\",\"target\":[\"https:\\\/\\\/www.laguiadepamplona.com\\\/actualidad\\\/abiertas-las-inscripciones-para-el-i-congreso-internacional-de-fiestas-y-macroeventos-urbanos-que-se-celebrara-en-pamplona-en-el-mes-de-junio\\\/#respond\"]}]},{\"@type\":\"WebPage\",\"@id\":\"https:\\\/\\\/www.laguiadepamplona.com\\\/actualidad\\\/abiertas-las-inscripciones-para-el-i-congreso-internacional-de-fiestas-y-macroeventos-urbanos-que-se-celebrara-en-pamplona-en-el-mes-de-junio\\\/\",\"url\":\"https:\\\/\\\/www.laguiadepamplona.com\\\/actualidad\\\/abiertas-las-inscripciones-para-el-i-congreso-internacional-de-fiestas-y-macroeventos-urbanos-que-se-celebrara-en-pamplona-en-el-mes-de-junio\\\/\",\"name\":\"Abiertas las inscripciones para el I Congreso Internacional de Fiestas y Macroeventos Urbanos que se celebrar\u00e1 en Pamplona en el mes de junio\",\"isPartOf\":{\"@id\":\"https:\\\/\\\/www.laguiadepamplona.com\\\/actualidad\\\/#website\"},\"primaryImageOfPage\":{\"@id\":\"https:\\\/\\\/www.laguiadepamplona.com\\\/actualidad\\\/abiertas-las-inscripciones-para-el-i-congreso-internacional-de-fiestas-y-macroeventos-urbanos-que-se-celebrara-en-pamplona-en-el-mes-de-junio\\\/#primaryimage\"},\"image\":{\"@id\":\"https:\\\/\\\/www.laguiadepamplona.com\\\/actualidad\\\/abiertas-las-inscripciones-para-el-i-congreso-internacional-de-fiestas-y-macroeventos-urbanos-que-se-celebrara-en-pamplona-en-el-mes-de-junio\\\/#primaryimage\"},\"thumbnailUrl\":\"https:\\\/\\\/www.laguiadepamplona.com\\\/actualidad\\\/wp-content\\\/uploads\\\/2024\\\/03\\\/International-Urban-Fest-360x240-1.webp\",\"datePublished\":\"2024-03-20T15:53:50+00:00\",\"description\":\"El denominado International Urban Fest 365 se dirige a gestores p\u00fablicos, empresas del sector tur\u00edstico y de producci\u00f3n cultural, y p\u00fablico en general\",\"breadcrumb\":{\"@id\":\"https:\\\/\\\/www.laguiadepamplona.com\\\/actualidad\\\/abiertas-las-inscripciones-para-el-i-congreso-internacional-de-fiestas-y-macroeventos-urbanos-que-se-celebrara-en-pamplona-en-el-mes-de-junio\\\/#breadcrumb\"},\"inLanguage\":\"es\",\"potentialAction\":[{\"@type\":\"ReadAction\",\"target\":[\"https:\\\/\\\/www.laguiadepamplona.com\\\/actualidad\\\/abiertas-las-inscripciones-para-el-i-congreso-internacional-de-fiestas-y-macroeventos-urbanos-que-se-celebrara-en-pamplona-en-el-mes-de-junio\\\/\"]}]},{\"@type\":\"ImageObject\",\"inLanguage\":\"es\",\"@id\":\"https:\\\/\\\/www.laguiadepamplona.com\\\/actualidad\\\/abiertas-las-inscripciones-para-el-i-congreso-internacional-de-fiestas-y-macroeventos-urbanos-que-se-celebrara-en-pamplona-en-el-mes-de-junio\\\/#primaryimage\",\"url\":\"https:\\\/\\\/www.laguiadepamplona.com\\\/actualidad\\\/wp-content\\\/uploads\\\/2024\\\/03\\\/International-Urban-Fest-360x240-1.webp\",\"contentUrl\":\"https:\\\/\\\/www.laguiadepamplona.com\\\/actualidad\\\/wp-content\\\/uploads\\\/2024\\\/03\\\/International-Urban-Fest-360x240-1.webp\",\"width\":1200,\"height\":800,\"caption\":\"urban fest 365\"},{\"@type\":\"BreadcrumbList\",\"@id\":\"https:\\\/\\\/www.laguiadepamplona.com\\\/actualidad\\\/abiertas-las-inscripciones-para-el-i-congreso-internacional-de-fiestas-y-macroeventos-urbanos-que-se-celebrara-en-pamplona-en-el-mes-de-junio\\\/#breadcrumb\",\"itemListElement\":[{\"@type\":\"ListItem\",\"position\":1,\"name\":\"Portada\",\"item\":\"https:\\\/\\\/www.laguiadepamplona.com\\\/actualidad\\\/\"},{\"@type\":\"ListItem\",\"position\":2,\"name\":\"Abiertas las inscripciones para el I Congreso Internacional de Fiestas y Macroeventos Urbanos que se celebrar\u00e1 en Pamplona en el mes de junio\"}]},{\"@type\":\"WebSite\",\"@id\":\"https:\\\/\\\/www.laguiadepamplona.com\\\/actualidad\\\/#website\",\"url\":\"https:\\\/\\\/www.laguiadepamplona.com\\\/actualidad\\\/\",\"name\":\"La gu\u00eda de Pamplona\",\"description\":\"Noticias de Pamplona\",\"publisher\":{\"@id\":\"https:\\\/\\\/www.laguiadepamplona.com\\\/actualidad\\\/#organization\"},\"potentialAction\":[{\"@type\":\"SearchAction\",\"target\":{\"@type\":\"EntryPoint\",\"urlTemplate\":\"https:\\\/\\\/www.laguiadepamplona.com\\\/actualidad\\\/?s={search_term_string}\"},\"query-input\":{\"@type\":\"PropertyValueSpecification\",\"valueRequired\":true,\"valueName\":\"search_term_string\"}}],\"inLanguage\":\"es\"},{\"@type\":\"Organization\",\"@id\":\"https:\\\/\\\/www.laguiadepamplona.com\\\/actualidad\\\/#organization\",\"name\":\"La Gu\u00eda de Pamplona \\\/ Noticias\",\"url\":\"https:\\\/\\\/www.laguiadepamplona.com\\\/actualidad\\\/\",\"logo\":{\"@type\":\"ImageObject\",\"inLanguage\":\"es\",\"@id\":\"https:\\\/\\\/www.laguiadepamplona.com\\\/actualidad\\\/#\\\/schema\\\/logo\\\/image\\\/\",\"url\":\"https:\\\/\\\/www.laguiadepamplona.com\\\/actualidad\\\/wp-content\\\/uploads\\\/2018\\\/11\\\/logo-laguiadepamplona18-web1.png\",\"contentUrl\":\"https:\\\/\\\/www.laguiadepamplona.com\\\/actualidad\\\/wp-content\\\/uploads\\\/2018\\\/11\\\/logo-laguiadepamplona18-web1.png\",\"width\":600,\"height\":196,\"caption\":\"La Gu\u00eda de Pamplona \\\/ Noticias\"},\"image\":{\"@id\":\"https:\\\/\\\/www.laguiadepamplona.com\\\/actualidad\\\/#\\\/schema\\\/logo\\\/image\\\/\"},\"sameAs\":[\"https:\\\/\\\/www.facebook.com\\\/laguiadepamplonacom-133175176762273\\\/?ref=hl\",\"https:\\\/\\\/x.com\\\/LaGuiadPamplona\",\"https:\\\/\\\/www.instagram.com\\\/la_guia_de_pamplona\\\/\",\"https:\\\/\\\/www.youtube.com\\\/user\\\/laguiadepamplona\"]},{\"@type\":\"Person\",\"@id\":\"https:\\\/\\\/www.laguiadepamplona.com\\\/actualidad\\\/#\\\/schema\\\/person\\\/efe887376f0213d4657c93adc50b1fdb\",\"name\":\"La Gu\u00eda de Pamplona\",\"image\":{\"@type\":\"ImageObject\",\"inLanguage\":\"es\",\"@id\":\"https:\\\/\\\/secure.gravatar.com\\\/avatar\\\/b6992f131dc8d30ab0dff15446e9d346d9dbd95992de0fef795073f5ea83a81c?s=96&d=mm&r=g\",\"url\":\"https:\\\/\\\/secure.gravatar.com\\\/avatar\\\/b6992f131dc8d30ab0dff15446e9d346d9dbd95992de0fef795073f5ea83a81c?s=96&d=mm&r=g\",\"contentUrl\":\"https:\\\/\\\/secure.gravatar.com\\\/avatar\\\/b6992f131dc8d30ab0dff15446e9d346d9dbd95992de0fef795073f5ea83a81c?s=96&d=mm&r=g\",\"caption\":\"La Gu\u00eda de Pamplona\"}}]}<\/script>\n<!-- \/ Yoast SEO plugin. -->","yoast_head_json":{"title":"Abiertas las inscripciones para el I Congreso Internacional de Fiestas y Macroeventos Urbanos que se celebrar\u00e1 en Pamplona en el mes de junio","description":"El denominado International Urban Fest 365 se dirige a gestores p\u00fablicos, empresas del sector tur\u00edstico y de producci\u00f3n cultural, y p\u00fablico en general","robots":{"index":"index","follow":"follow","max-snippet":"max-snippet:-1","max-image-preview":"max-image-preview:large","max-video-preview":"max-video-preview:-1"},"canonical":"https:\/\/www.laguiadepamplona.com\/actualidad\/abiertas-las-inscripciones-para-el-i-congreso-internacional-de-fiestas-y-macroeventos-urbanos-que-se-celebrara-en-pamplona-en-el-mes-de-junio\/","og_locale":"es_ES","og_type":"article","og_title":"Abiertas las inscripciones para el I Congreso Internacional de Fiestas y Macroeventos Urbanos que se celebrar\u00e1 en Pamplona en el mes de junio","og_description":"El denominado International Urban Fest 365 se dirige a gestores p\u00fablicos, empresas del sector tur\u00edstico y de producci\u00f3n cultural, y p\u00fablico en general","og_url":"https:\/\/www.laguiadepamplona.com\/actualidad\/abiertas-las-inscripciones-para-el-i-congreso-internacional-de-fiestas-y-macroeventos-urbanos-que-se-celebrara-en-pamplona-en-el-mes-de-junio\/","og_site_name":"La Gu\u00eda de Pamplona","article_publisher":"https:\/\/www.facebook.com\/laguiadepamplonacom-133175176762273\/?ref=hl","article_published_time":"2024-03-20T15:53:50+00:00","og_image":[{"width":1200,"height":800,"url":"https:\/\/www.laguiadepamplona.com\/actualidad\/wp-content\/uploads\/2024\/03\/International-Urban-Fest-360x240-1.webp","type":"image\/webp"}],"author":"La Gu\u00eda de Pamplona","twitter_card":"summary_large_image","twitter_creator":"@LaGuiadPamplona","twitter_site":"@LaGuiadPamplona","twitter_misc":{"Escrito por":"La Gu\u00eda de Pamplona","Tiempo de lectura":"4 minutos"},"schema":{"@context":"https:\/\/schema.org","@graph":[{"@type":"Article","@id":"https:\/\/www.laguiadepamplona.com\/actualidad\/abiertas-las-inscripciones-para-el-i-congreso-internacional-de-fiestas-y-macroeventos-urbanos-que-se-celebrara-en-pamplona-en-el-mes-de-junio\/#article","isPartOf":{"@id":"https:\/\/www.laguiadepamplona.com\/actualidad\/abiertas-las-inscripciones-para-el-i-congreso-internacional-de-fiestas-y-macroeventos-urbanos-que-se-celebrara-en-pamplona-en-el-mes-de-junio\/"},"author":{"name":"La Gu\u00eda de Pamplona","@id":"https:\/\/www.laguiadepamplona.com\/actualidad\/#\/schema\/person\/efe887376f0213d4657c93adc50b1fdb"},"headline":"Abiertas las inscripciones para el I Congreso Internacional de Fiestas y Macroeventos Urbanos que se celebrar\u00e1 en Pamplona en el mes de junio","datePublished":"2024-03-20T15:53:50+00:00","mainEntityOfPage":{"@id":"https:\/\/www.laguiadepamplona.com\/actualidad\/abiertas-las-inscripciones-para-el-i-congreso-internacional-de-fiestas-y-macroeventos-urbanos-que-se-celebrara-en-pamplona-en-el-mes-de-junio\/"},"wordCount":819,"commentCount":0,"publisher":{"@id":"https:\/\/www.laguiadepamplona.com\/actualidad\/#organization"},"image":{"@id":"https:\/\/www.laguiadepamplona.com\/actualidad\/abiertas-las-inscripciones-para-el-i-congreso-internacional-de-fiestas-y-macroeventos-urbanos-que-se-celebrara-en-pamplona-en-el-mes-de-junio\/#primaryimage"},"thumbnailUrl":"https:\/\/www.laguiadepamplona.com\/actualidad\/wp-content\/uploads\/2024\/03\/International-Urban-Fest-360x240-1.webp","articleSection":["Ayto Pamplona"],"inLanguage":"es","potentialAction":[{"@type":"CommentAction","name":"Comment","target":["https:\/\/www.laguiadepamplona.com\/actualidad\/abiertas-las-inscripciones-para-el-i-congreso-internacional-de-fiestas-y-macroeventos-urbanos-que-se-celebrara-en-pamplona-en-el-mes-de-junio\/#respond"]}]},{"@type":"WebPage","@id":"https:\/\/www.laguiadepamplona.com\/actualidad\/abiertas-las-inscripciones-para-el-i-congreso-internacional-de-fiestas-y-macroeventos-urbanos-que-se-celebrara-en-pamplona-en-el-mes-de-junio\/","url":"https:\/\/www.laguiadepamplona.com\/actualidad\/abiertas-las-inscripciones-para-el-i-congreso-internacional-de-fiestas-y-macroeventos-urbanos-que-se-celebrara-en-pamplona-en-el-mes-de-junio\/","name":"Abiertas las inscripciones para el I Congreso Internacional de Fiestas y Macroeventos Urbanos que se celebrar\u00e1 en Pamplona en el mes de junio","isPartOf":{"@id":"https:\/\/www.laguiadepamplona.com\/actualidad\/#website"},"primaryImageOfPage":{"@id":"https:\/\/www.laguiadepamplona.com\/actualidad\/abiertas-las-inscripciones-para-el-i-congreso-internacional-de-fiestas-y-macroeventos-urbanos-que-se-celebrara-en-pamplona-en-el-mes-de-junio\/#primaryimage"},"image":{"@id":"https:\/\/www.laguiadepamplona.com\/actualidad\/abiertas-las-inscripciones-para-el-i-congreso-internacional-de-fiestas-y-macroeventos-urbanos-que-se-celebrara-en-pamplona-en-el-mes-de-junio\/#primaryimage"},"thumbnailUrl":"https:\/\/www.laguiadepamplona.com\/actualidad\/wp-content\/uploads\/2024\/03\/International-Urban-Fest-360x240-1.webp","datePublished":"2024-03-20T15:53:50+00:00","description":"El denominado International Urban Fest 365 se dirige a gestores p\u00fablicos, empresas del sector tur\u00edstico y de producci\u00f3n cultural, y p\u00fablico en general","breadcrumb":{"@id":"https:\/\/www.laguiadepamplona.com\/actualidad\/abiertas-las-inscripciones-para-el-i-congreso-internacional-de-fiestas-y-macroeventos-urbanos-que-se-celebrara-en-pamplona-en-el-mes-de-junio\/#breadcrumb"},"inLanguage":"es","potentialAction":[{"@type":"ReadAction","target":["https:\/\/www.laguiadepamplona.com\/actualidad\/abiertas-las-inscripciones-para-el-i-congreso-internacional-de-fiestas-y-macroeventos-urbanos-que-se-celebrara-en-pamplona-en-el-mes-de-junio\/"]}]},{"@type":"ImageObject","inLanguage":"es","@id":"https:\/\/www.laguiadepamplona.com\/actualidad\/abiertas-las-inscripciones-para-el-i-congreso-internacional-de-fiestas-y-macroeventos-urbanos-que-se-celebrara-en-pamplona-en-el-mes-de-junio\/#primaryimage","url":"https:\/\/www.laguiadepamplona.com\/actualidad\/wp-content\/uploads\/2024\/03\/International-Urban-Fest-360x240-1.webp","contentUrl":"https:\/\/www.laguiadepamplona.com\/actualidad\/wp-content\/uploads\/2024\/03\/International-Urban-Fest-360x240-1.webp","width":1200,"height":800,"caption":"urban fest 365"},{"@type":"BreadcrumbList","@id":"https:\/\/www.laguiadepamplona.com\/actualidad\/abiertas-las-inscripciones-para-el-i-congreso-internacional-de-fiestas-y-macroeventos-urbanos-que-se-celebrara-en-pamplona-en-el-mes-de-junio\/#breadcrumb","itemListElement":[{"@type":"ListItem","position":1,"name":"Portada","item":"https:\/\/www.laguiadepamplona.com\/actualidad\/"},{"@type":"ListItem","position":2,"name":"Abiertas las inscripciones para el I Congreso Internacional de Fiestas y Macroeventos Urbanos que se celebrar\u00e1 en Pamplona en el mes de junio"}]},{"@type":"WebSite","@id":"https:\/\/www.laguiadepamplona.com\/actualidad\/#website","url":"https:\/\/www.laguiadepamplona.com\/actualidad\/","name":"La gu\u00eda de Pamplona","description":"Noticias de Pamplona","publisher":{"@id":"https:\/\/www.laguiadepamplona.com\/actualidad\/#organization"},"potentialAction":[{"@type":"SearchAction","target":{"@type":"EntryPoint","urlTemplate":"https:\/\/www.laguiadepamplona.com\/actualidad\/?s={search_term_string}"},"query-input":{"@type":"PropertyValueSpecification","valueRequired":true,"valueName":"search_term_string"}}],"inLanguage":"es"},{"@type":"Organization","@id":"https:\/\/www.laguiadepamplona.com\/actualidad\/#organization","name":"La Gu\u00eda de Pamplona \/ Noticias","url":"https:\/\/www.laguiadepamplona.com\/actualidad\/","logo":{"@type":"ImageObject","inLanguage":"es","@id":"https:\/\/www.laguiadepamplona.com\/actualidad\/#\/schema\/logo\/image\/","url":"https:\/\/www.laguiadepamplona.com\/actualidad\/wp-content\/uploads\/2018\/11\/logo-laguiadepamplona18-web1.png","contentUrl":"https:\/\/www.laguiadepamplona.com\/actualidad\/wp-content\/uploads\/2018\/11\/logo-laguiadepamplona18-web1.png","width":600,"height":196,"caption":"La Gu\u00eda de Pamplona \/ Noticias"},"image":{"@id":"https:\/\/www.laguiadepamplona.com\/actualidad\/#\/schema\/logo\/image\/"},"sameAs":["https:\/\/www.facebook.com\/laguiadepamplonacom-133175176762273\/?ref=hl","https:\/\/x.com\/LaGuiadPamplona","https:\/\/www.instagram.com\/la_guia_de_pamplona\/","https:\/\/www.youtube.com\/user\/laguiadepamplona"]},{"@type":"Person","@id":"https:\/\/www.laguiadepamplona.com\/actualidad\/#\/schema\/person\/efe887376f0213d4657c93adc50b1fdb","name":"La Gu\u00eda de Pamplona","image":{"@type":"ImageObject","inLanguage":"es","@id":"https:\/\/secure.gravatar.com\/avatar\/b6992f131dc8d30ab0dff15446e9d346d9dbd95992de0fef795073f5ea83a81c?s=96&d=mm&r=g","url":"https:\/\/secure.gravatar.com\/avatar\/b6992f131dc8d30ab0dff15446e9d346d9dbd95992de0fef795073f5ea83a81c?s=96&d=mm&r=g","contentUrl":"https:\/\/secure.gravatar.com\/avatar\/b6992f131dc8d30ab0dff15446e9d346d9dbd95992de0fef795073f5ea83a81c?s=96&d=mm&r=g","caption":"La Gu\u00eda de Pamplona"}}]}},"post_mailing_queue_ids":[],"_links":{"self":[{"href":"https:\/\/www.laguiadepamplona.com\/actualidad\/wp-json\/wp\/v2\/posts\/49152","targetHints":{"allow":["GET"]}}],"collection":[{"href":"https:\/\/www.laguiadepamplona.com\/actualidad\/wp-json\/wp\/v2\/posts"}],"about":[{"href":"https:\/\/www.laguiadepamplona.com\/actualidad\/wp-json\/wp\/v2\/types\/post"}],"author":[{"embeddable":true,"href":"https:\/\/www.laguiadepamplona.com\/actualidad\/wp-json\/wp\/v2\/users\/1"}],"replies":[{"embeddable":true,"href":"https:\/\/www.laguiadepamplona.com\/actualidad\/wp-json\/wp\/v2\/comments?post=49152"}],"version-history":[{"count":1,"href":"https:\/\/www.laguiadepamplona.com\/actualidad\/wp-json\/wp\/v2\/posts\/49152\/revisions"}],"predecessor-version":[{"id":49154,"href":"https:\/\/www.laguiadepamplona.com\/actualidad\/wp-json\/wp\/v2\/posts\/49152\/revisions\/49154"}],"wp:featuredmedia":[{"embeddable":true,"href":"https:\/\/www.laguiadepamplona.com\/actualidad\/wp-json\/wp\/v2\/media\/49153"}],"wp:attachment":[{"href":"https:\/\/www.laguiadepamplona.com\/actualidad\/wp-json\/wp\/v2\/media?parent=49152"}],"wp:term":[{"taxonomy":"category","embeddable":true,"href":"https:\/\/www.laguiadepamplona.com\/actualidad\/wp-json\/wp\/v2\/categories?post=49152"},{"taxonomy":"post_tag","embeddable":true,"href":"https:\/\/www.laguiadepamplona.com\/actualidad\/wp-json\/wp\/v2\/tags?post=49152"}],"curies":[{"name":"wp","href":"https:\/\/api.w.org\/{rel}","templated":true}]}}