{"id":49114,"date":"2024-03-18T14:22:05","date_gmt":"2024-03-18T12:22:05","guid":{"rendered":"https:\/\/www.laguiadepamplona.com\/actualidad\/?p=49114"},"modified":"2024-03-18T14:22:05","modified_gmt":"2024-03-18T12:22:05","slug":"la-red-civivox-celebra-los-dias-mundiales-de-la-poesia-y-el-teatro-con-siete-citas-hasta-final-de-mes-que-incluyen-recitales-conciertos-o-representaciones-dramaticas","status":"publish","type":"post","link":"https:\/\/www.laguiadepamplona.com\/actualidad\/la-red-civivox-celebra-los-dias-mundiales-de-la-poesia-y-el-teatro-con-siete-citas-hasta-final-de-mes-que-incluyen-recitales-conciertos-o-representaciones-dramaticas\/","title":{"rendered":"La red Civivox celebra los d\u00edas mundiales de la poes\u00eda y el teatro con siete citas hasta final de mes que incluyen recitales, conciertos o representaciones dram\u00e1ticas"},"content":{"rendered":"<h2>Las cuatro actividades po\u00e9ticas ser\u00e1n en Condestable y gratuitas, y las tres funciones teatrales, en Civivox Iturrama, con entradas al precio de 3 euros<\/h2>\n<p><!--more--><\/p>\n<p>El 21 de marzo se celebra el D\u00eda Mundial de la Poes\u00eda y el 27 de marzo el D\u00eda Mundial de Teatro. La red Civivox se une a estas conmemoraciones programando siete actividades en esta segunda quincena de marzo. Recitales, lecturas dramatizadas, conciertos o representaciones teatrales conforman el programa. Las cuatro actividades po\u00e9ticas ser\u00e1n gratuitas y tendr\u00e1n lugar en Condestable; las tres funciones teatrales se desarrollar\u00e1n en Civivox Iturrama, con entrada a la venta a 3 euros en la propia red Civivox, el 010 y <a href=\"http:\/\/www.pamplonaescultura.es\" target=\"_blank\" rel=\"noopener\">www.pamplonaescultura.es<\/a>. Gran parte del ciclo se organiza en colaboraci\u00f3n con el Ateneo Navarro.<\/p>\n<p>Las actividades comienzan este lunes, a las 19.30 horas, con \u2018Versos a la carta\u2019, un recital, que busca conmover al p\u00fablico desde aa intimidad de los poemas recitados, casi en susurros, que trasmiten y se viven de manera \u00fanica y excepcional. Recitar\u00e1n versos y poemas Nerea Balda, Yoel Salda\u00f1a, Ventura Ruiz y Mikel Sanz Tirapu.<br \/>\n<script async src=\"\/\/pagead2.googlesyndication.com\/pagead\/js\/adsbygoogle.js\"><\/script><br \/>\n<!-- Noticias La Guia de Pamplona --><br \/>\n<ins class=\"adsbygoogle\"\nstyle=\"display:block\"\ndata-ad-client=\"ca-pub-6943679897239327\"\ndata-ad-slot=\"7048180777\"\ndata-ad-format=\"auto\"><\/ins><br \/>\n<script>\n(adsbygoogle = window.adsbygoogle || []).push({});\n<\/script><br \/>\nEl martes y el mi\u00e9rcoles estar\u00e1n dedicados a los dos \u00faltimos ganadores del Premio Internacional de Poes\u00eda Ciudad de Pamplona. El martes, a las 19.30 horas, Iban Garro, ganador en la modalidad de euskera, protagonizar\u00e1 un encuentro en el que hablar\u00e1 sobre la prol\u00edfica etapa que est\u00e1 viviendo la poes\u00eda vasca. Muchas de las personas que la firman se dedican tambi\u00e9n al bertsolarismo, como el propio Garro.<\/p>\n<p>El mi\u00e9rcoles, tambi\u00e9n a las 19.30 horas, ser\u00e1 el turno de Imanol Ulecia, ganador en la modalidad de castellano, participar\u00e1 en un encuentro en el que har\u00e1 un recorrido po\u00e9tico por su obra, desarrollando el sentido de su escritura, que consigue llegar al m\u00e1ximo significado a trav\u00e9s de las formas m\u00ednimas de expresi\u00f3n. Los haikus, los tankas o la poes\u00eda del fragmento demuestran que desde lo sint\u00e9tico se llega a lo universal.<\/p>\n<p>El domingo 24 de marzo, a las 12 horas, est\u00e1 previsto un concierto de Bego\u00f1a Olavide y Javier Bergia. \u2018Cantando a los poetas de un tiempo a esta parte\u2019 es el t\u00edtulo de una actuaci\u00f3n que combinar\u00e1 poes\u00eda, guitarra, percusi\u00f3n y salterio. Ambos m\u00fasicos vuelven a unir su conocimiento y dilatada experiencia art\u00edstica y musical para cantar y poner m\u00fasica a una selecci\u00f3n de textos de grandes autores nacionales, como Calder\u00f3n de la Barca, Quevedo o Miguel Hern\u00e1ndez, entre otros.<br \/>\n<script async src=\"\/\/pagead2.googlesyndication.com\/pagead\/js\/adsbygoogle.js\"><\/script><br \/>\n<!-- Noticias La Guia de Pamplona --><br \/>\n<ins class=\"adsbygoogle\"\nstyle=\"display:block\"\ndata-ad-client=\"ca-pub-6943679897239327\"\ndata-ad-slot=\"7048180777\"\ndata-ad-format=\"auto\"><\/ins><br \/>\n<script>\n(adsbygoogle = window.adsbygoogle || []).push({});\n<\/script><br \/>\n<strong>Tres espect\u00e1culos dram\u00e1ticos en Civivox Iturrama<\/strong><\/p>\n<p>Los tres espect\u00e1culos teatrales tendr\u00e1n lugar los d\u00edas 22, 23 y 26 de marzo en Civivox Iturrama. El viernes 22, a las 19.30 y a las 21 horas, se estrenar\u00e1 en Navarra \u2018Ma solitud\u2019, premio Fet\u00e9n 2023 al Mejor Espect\u00e1culo de Peque\u00f1o Formato. El nuevo espect\u00e1culo de Guillem Alb\u00e1 es un regreso a sus ra\u00edces, a su caracter\u00edstico universo visual. A trav\u00e9s de los t\u00edteres, la comicidad y una vibrante experiencia colectiva de proximidad, realiza un viaje de la comedia a la po\u00e9tica con este artesanal espect\u00e1culo de humor y emoci\u00f3n, con sus manos como punto de partida.<\/p>\n<p>El d\u00eda siguiente, el s\u00e1bado 23 de marzo, a las 19.30 horas, se representar\u00e1 \u2018Ramos y gramos\u2019, obra ganadora de los Encuentros de Arte Joven de Navarra 2022. Creada e interpretada por Ane Sag\u00fc\u00e9s y Cristina Tom\u00e1s, \u2018Ramos y Gramos\u2019 es un ritual est\u00e9tico y expresivo sobre la desesperaci\u00f3n y la necesidad de encontrar la soledad, aunque para ello haya que matarse. La dualidad de estos personajes baila entre la destrucci\u00f3n y la salvaci\u00f3n para encontrar las ganas de vivir en el proceso de acabar consigo mismas.<br \/>\n<script async src=\"\/\/pagead2.googlesyndication.com\/pagead\/js\/adsbygoogle.js\"><\/script><br \/>\n<!-- Noticias La Guia de Pamplona --><br \/>\n<ins class=\"adsbygoogle\"\nstyle=\"display:block\"\ndata-ad-client=\"ca-pub-6943679897239327\"\ndata-ad-slot=\"7048180777\"\ndata-ad-format=\"auto\"><\/ins><br \/>\n<script>\n(adsbygoogle = window.adsbygoogle || []).push({});\n<\/script><br \/>\nEl ciclo finalizar\u00e1 el martes 26 de marzo, en Civivox Iturrama, con la lectura dramatizada \u2018Berl\u00edn, Brecht, Cabaret\u2019. Con los acordes de \u2018Mackie Navaja\u2019, se entra en el cabaret, pero tambi\u00e9n en el mundo de los gansters. Enseguida el maestro Beltort Brecht remover\u00e1 al p\u00fablico en el asiento. Este espect\u00e1culo est\u00e1 dirigido por Pedro Miguel Mart\u00ednez y contar\u00e1 con la participaci\u00f3n de Aurora Moneo, Jos\u00e9 Mar\u00eda As\u00edn, Marta Ju\u00e1niz, Txori Garc\u00eda \u00dariz, Leire Ruiz, Iratxe Garc\u00eda \u00dariz, Pablo Salaberri, Ion Barbar\u00edn y Oier Z\u00fa\u00f1iga, con Francesco Casal\u00ed al piano.<\/p>\n","protected":false},"excerpt":{"rendered":"<p>Las cuatro actividades po\u00e9ticas ser\u00e1n en Condestable y gratuitas, y las tres funciones teatrales, en Civivox Iturrama, con entradas al precio de 3 euros<\/p>\n","protected":false},"author":1,"featured_media":49115,"comment_status":"open","ping_status":"closed","sticky":false,"template":"","format":"standard","meta":{"footnotes":""},"categories":[2],"tags":[],"class_list":["post-49114","post","type-post","status-publish","format-standard","has-post-thumbnail","hentry","category-ayuntamiento-pamplona"],"yoast_head":"<!-- This site is optimized with the Yoast SEO plugin v27.3 - https:\/\/yoast.com\/product\/yoast-seo-wordpress\/ -->\n<title>La red Civivox celebra los d\u00edas mundiales de la poes\u00eda y el teatro con siete citas hasta final de mes que incluyen recitales, conciertos o representaciones dram\u00e1ticas<\/title>\n<meta name=\"description\" content=\"Las cuatro actividades po\u00e9ticas ser\u00e1n en Condestable y gratuitas, y las tres funciones teatrales, en Civivox Iturrama, con entradas al precio de 3 euros\" \/>\n<meta name=\"robots\" content=\"index, follow, max-snippet:-1, max-image-preview:large, max-video-preview:-1\" \/>\n<link rel=\"canonical\" href=\"https:\/\/www.laguiadepamplona.com\/actualidad\/la-red-civivox-celebra-los-dias-mundiales-de-la-poesia-y-el-teatro-con-siete-citas-hasta-final-de-mes-que-incluyen-recitales-conciertos-o-representaciones-dramaticas\/\" \/>\n<meta property=\"og:locale\" content=\"es_ES\" \/>\n<meta property=\"og:type\" content=\"article\" \/>\n<meta property=\"og:title\" content=\"La red Civivox celebra los d\u00edas mundiales de la poes\u00eda y el teatro con siete citas hasta final de mes que incluyen recitales, conciertos o representaciones dram\u00e1ticas\" \/>\n<meta property=\"og:description\" content=\"Las cuatro actividades po\u00e9ticas ser\u00e1n en Condestable y gratuitas, y las tres funciones teatrales, en Civivox Iturrama, con entradas al precio de 3 euros\" \/>\n<meta property=\"og:url\" content=\"https:\/\/www.laguiadepamplona.com\/actualidad\/la-red-civivox-celebra-los-dias-mundiales-de-la-poesia-y-el-teatro-con-siete-citas-hasta-final-de-mes-que-incluyen-recitales-conciertos-o-representaciones-dramaticas\/\" \/>\n<meta property=\"og:site_name\" content=\"La Gu\u00eda de Pamplona\" \/>\n<meta property=\"article:publisher\" content=\"https:\/\/www.facebook.com\/laguiadepamplonacom-133175176762273\/?ref=hl\" \/>\n<meta property=\"article:published_time\" content=\"2024-03-18T12:22:05+00:00\" \/>\n<meta property=\"og:image\" content=\"https:\/\/www.laguiadepamplona.com\/actualidad\/wp-content\/uploads\/2024\/03\/dia-teatro-y-poesia.webp\" \/>\n\t<meta property=\"og:image:width\" content=\"793\" \/>\n\t<meta property=\"og:image:height\" content=\"480\" \/>\n\t<meta property=\"og:image:type\" content=\"image\/webp\" \/>\n<meta name=\"author\" content=\"La Gu\u00eda de Pamplona\" \/>\n<meta name=\"twitter:card\" content=\"summary_large_image\" \/>\n<meta name=\"twitter:creator\" content=\"@LaGuiadPamplona\" \/>\n<meta name=\"twitter:site\" content=\"@LaGuiadPamplona\" \/>\n<meta name=\"twitter:label1\" content=\"Escrito por\" \/>\n\t<meta name=\"twitter:data1\" content=\"La Gu\u00eda de Pamplona\" \/>\n\t<meta name=\"twitter:label2\" content=\"Tiempo de lectura\" \/>\n\t<meta name=\"twitter:data2\" content=\"4 minutos\" \/>\n<script type=\"application\/ld+json\" class=\"yoast-schema-graph\">{\"@context\":\"https:\\\/\\\/schema.org\",\"@graph\":[{\"@type\":\"Article\",\"@id\":\"https:\\\/\\\/www.laguiadepamplona.com\\\/actualidad\\\/la-red-civivox-celebra-los-dias-mundiales-de-la-poesia-y-el-teatro-con-siete-citas-hasta-final-de-mes-que-incluyen-recitales-conciertos-o-representaciones-dramaticas\\\/#article\",\"isPartOf\":{\"@id\":\"https:\\\/\\\/www.laguiadepamplona.com\\\/actualidad\\\/la-red-civivox-celebra-los-dias-mundiales-de-la-poesia-y-el-teatro-con-siete-citas-hasta-final-de-mes-que-incluyen-recitales-conciertos-o-representaciones-dramaticas\\\/\"},\"author\":{\"name\":\"La Gu\u00eda de Pamplona\",\"@id\":\"https:\\\/\\\/www.laguiadepamplona.com\\\/actualidad\\\/#\\\/schema\\\/person\\\/efe887376f0213d4657c93adc50b1fdb\"},\"headline\":\"La red Civivox celebra los d\u00edas mundiales de la poes\u00eda y el teatro con siete citas hasta final de mes que incluyen recitales, conciertos o representaciones dram\u00e1ticas\",\"datePublished\":\"2024-03-18T12:22:05+00:00\",\"mainEntityOfPage\":{\"@id\":\"https:\\\/\\\/www.laguiadepamplona.com\\\/actualidad\\\/la-red-civivox-celebra-los-dias-mundiales-de-la-poesia-y-el-teatro-con-siete-citas-hasta-final-de-mes-que-incluyen-recitales-conciertos-o-representaciones-dramaticas\\\/\"},\"wordCount\":763,\"commentCount\":0,\"publisher\":{\"@id\":\"https:\\\/\\\/www.laguiadepamplona.com\\\/actualidad\\\/#organization\"},\"image\":{\"@id\":\"https:\\\/\\\/www.laguiadepamplona.com\\\/actualidad\\\/la-red-civivox-celebra-los-dias-mundiales-de-la-poesia-y-el-teatro-con-siete-citas-hasta-final-de-mes-que-incluyen-recitales-conciertos-o-representaciones-dramaticas\\\/#primaryimage\"},\"thumbnailUrl\":\"https:\\\/\\\/www.laguiadepamplona.com\\\/actualidad\\\/wp-content\\\/uploads\\\/2024\\\/03\\\/dia-teatro-y-poesia.webp\",\"articleSection\":[\"Ayto Pamplona\"],\"inLanguage\":\"es\",\"potentialAction\":[{\"@type\":\"CommentAction\",\"name\":\"Comment\",\"target\":[\"https:\\\/\\\/www.laguiadepamplona.com\\\/actualidad\\\/la-red-civivox-celebra-los-dias-mundiales-de-la-poesia-y-el-teatro-con-siete-citas-hasta-final-de-mes-que-incluyen-recitales-conciertos-o-representaciones-dramaticas\\\/#respond\"]}]},{\"@type\":\"WebPage\",\"@id\":\"https:\\\/\\\/www.laguiadepamplona.com\\\/actualidad\\\/la-red-civivox-celebra-los-dias-mundiales-de-la-poesia-y-el-teatro-con-siete-citas-hasta-final-de-mes-que-incluyen-recitales-conciertos-o-representaciones-dramaticas\\\/\",\"url\":\"https:\\\/\\\/www.laguiadepamplona.com\\\/actualidad\\\/la-red-civivox-celebra-los-dias-mundiales-de-la-poesia-y-el-teatro-con-siete-citas-hasta-final-de-mes-que-incluyen-recitales-conciertos-o-representaciones-dramaticas\\\/\",\"name\":\"La red Civivox celebra los d\u00edas mundiales de la poes\u00eda y el teatro con siete citas hasta final de mes que incluyen recitales, conciertos o representaciones dram\u00e1ticas\",\"isPartOf\":{\"@id\":\"https:\\\/\\\/www.laguiadepamplona.com\\\/actualidad\\\/#website\"},\"primaryImageOfPage\":{\"@id\":\"https:\\\/\\\/www.laguiadepamplona.com\\\/actualidad\\\/la-red-civivox-celebra-los-dias-mundiales-de-la-poesia-y-el-teatro-con-siete-citas-hasta-final-de-mes-que-incluyen-recitales-conciertos-o-representaciones-dramaticas\\\/#primaryimage\"},\"image\":{\"@id\":\"https:\\\/\\\/www.laguiadepamplona.com\\\/actualidad\\\/la-red-civivox-celebra-los-dias-mundiales-de-la-poesia-y-el-teatro-con-siete-citas-hasta-final-de-mes-que-incluyen-recitales-conciertos-o-representaciones-dramaticas\\\/#primaryimage\"},\"thumbnailUrl\":\"https:\\\/\\\/www.laguiadepamplona.com\\\/actualidad\\\/wp-content\\\/uploads\\\/2024\\\/03\\\/dia-teatro-y-poesia.webp\",\"datePublished\":\"2024-03-18T12:22:05+00:00\",\"description\":\"Las cuatro actividades po\u00e9ticas ser\u00e1n en Condestable y gratuitas, y las tres funciones teatrales, en Civivox Iturrama, con entradas al precio de 3 euros\",\"breadcrumb\":{\"@id\":\"https:\\\/\\\/www.laguiadepamplona.com\\\/actualidad\\\/la-red-civivox-celebra-los-dias-mundiales-de-la-poesia-y-el-teatro-con-siete-citas-hasta-final-de-mes-que-incluyen-recitales-conciertos-o-representaciones-dramaticas\\\/#breadcrumb\"},\"inLanguage\":\"es\",\"potentialAction\":[{\"@type\":\"ReadAction\",\"target\":[\"https:\\\/\\\/www.laguiadepamplona.com\\\/actualidad\\\/la-red-civivox-celebra-los-dias-mundiales-de-la-poesia-y-el-teatro-con-siete-citas-hasta-final-de-mes-que-incluyen-recitales-conciertos-o-representaciones-dramaticas\\\/\"]}]},{\"@type\":\"ImageObject\",\"inLanguage\":\"es\",\"@id\":\"https:\\\/\\\/www.laguiadepamplona.com\\\/actualidad\\\/la-red-civivox-celebra-los-dias-mundiales-de-la-poesia-y-el-teatro-con-siete-citas-hasta-final-de-mes-que-incluyen-recitales-conciertos-o-representaciones-dramaticas\\\/#primaryimage\",\"url\":\"https:\\\/\\\/www.laguiadepamplona.com\\\/actualidad\\\/wp-content\\\/uploads\\\/2024\\\/03\\\/dia-teatro-y-poesia.webp\",\"contentUrl\":\"https:\\\/\\\/www.laguiadepamplona.com\\\/actualidad\\\/wp-content\\\/uploads\\\/2024\\\/03\\\/dia-teatro-y-poesia.webp\",\"width\":793,\"height\":480,\"caption\":\"d\u00eda teatro y poes\u00eda\"},{\"@type\":\"BreadcrumbList\",\"@id\":\"https:\\\/\\\/www.laguiadepamplona.com\\\/actualidad\\\/la-red-civivox-celebra-los-dias-mundiales-de-la-poesia-y-el-teatro-con-siete-citas-hasta-final-de-mes-que-incluyen-recitales-conciertos-o-representaciones-dramaticas\\\/#breadcrumb\",\"itemListElement\":[{\"@type\":\"ListItem\",\"position\":1,\"name\":\"Portada\",\"item\":\"https:\\\/\\\/www.laguiadepamplona.com\\\/actualidad\\\/\"},{\"@type\":\"ListItem\",\"position\":2,\"name\":\"La red Civivox celebra los d\u00edas mundiales de la poes\u00eda y el teatro con siete citas hasta final de mes que incluyen recitales, conciertos o representaciones dram\u00e1ticas\"}]},{\"@type\":\"WebSite\",\"@id\":\"https:\\\/\\\/www.laguiadepamplona.com\\\/actualidad\\\/#website\",\"url\":\"https:\\\/\\\/www.laguiadepamplona.com\\\/actualidad\\\/\",\"name\":\"La gu\u00eda de Pamplona\",\"description\":\"Noticias de Pamplona\",\"publisher\":{\"@id\":\"https:\\\/\\\/www.laguiadepamplona.com\\\/actualidad\\\/#organization\"},\"potentialAction\":[{\"@type\":\"SearchAction\",\"target\":{\"@type\":\"EntryPoint\",\"urlTemplate\":\"https:\\\/\\\/www.laguiadepamplona.com\\\/actualidad\\\/?s={search_term_string}\"},\"query-input\":{\"@type\":\"PropertyValueSpecification\",\"valueRequired\":true,\"valueName\":\"search_term_string\"}}],\"inLanguage\":\"es\"},{\"@type\":\"Organization\",\"@id\":\"https:\\\/\\\/www.laguiadepamplona.com\\\/actualidad\\\/#organization\",\"name\":\"La Gu\u00eda de Pamplona \\\/ Noticias\",\"url\":\"https:\\\/\\\/www.laguiadepamplona.com\\\/actualidad\\\/\",\"logo\":{\"@type\":\"ImageObject\",\"inLanguage\":\"es\",\"@id\":\"https:\\\/\\\/www.laguiadepamplona.com\\\/actualidad\\\/#\\\/schema\\\/logo\\\/image\\\/\",\"url\":\"https:\\\/\\\/www.laguiadepamplona.com\\\/actualidad\\\/wp-content\\\/uploads\\\/2018\\\/11\\\/logo-laguiadepamplona18-web1.png\",\"contentUrl\":\"https:\\\/\\\/www.laguiadepamplona.com\\\/actualidad\\\/wp-content\\\/uploads\\\/2018\\\/11\\\/logo-laguiadepamplona18-web1.png\",\"width\":600,\"height\":196,\"caption\":\"La Gu\u00eda de Pamplona \\\/ Noticias\"},\"image\":{\"@id\":\"https:\\\/\\\/www.laguiadepamplona.com\\\/actualidad\\\/#\\\/schema\\\/logo\\\/image\\\/\"},\"sameAs\":[\"https:\\\/\\\/www.facebook.com\\\/laguiadepamplonacom-133175176762273\\\/?ref=hl\",\"https:\\\/\\\/x.com\\\/LaGuiadPamplona\",\"https:\\\/\\\/www.instagram.com\\\/la_guia_de_pamplona\\\/\",\"https:\\\/\\\/www.youtube.com\\\/user\\\/laguiadepamplona\"]},{\"@type\":\"Person\",\"@id\":\"https:\\\/\\\/www.laguiadepamplona.com\\\/actualidad\\\/#\\\/schema\\\/person\\\/efe887376f0213d4657c93adc50b1fdb\",\"name\":\"La Gu\u00eda de Pamplona\",\"image\":{\"@type\":\"ImageObject\",\"inLanguage\":\"es\",\"@id\":\"https:\\\/\\\/secure.gravatar.com\\\/avatar\\\/b6992f131dc8d30ab0dff15446e9d346d9dbd95992de0fef795073f5ea83a81c?s=96&d=mm&r=g\",\"url\":\"https:\\\/\\\/secure.gravatar.com\\\/avatar\\\/b6992f131dc8d30ab0dff15446e9d346d9dbd95992de0fef795073f5ea83a81c?s=96&d=mm&r=g\",\"contentUrl\":\"https:\\\/\\\/secure.gravatar.com\\\/avatar\\\/b6992f131dc8d30ab0dff15446e9d346d9dbd95992de0fef795073f5ea83a81c?s=96&d=mm&r=g\",\"caption\":\"La Gu\u00eda de Pamplona\"}}]}<\/script>\n<!-- \/ Yoast SEO plugin. -->","yoast_head_json":{"title":"La red Civivox celebra los d\u00edas mundiales de la poes\u00eda y el teatro con siete citas hasta final de mes que incluyen recitales, conciertos o representaciones dram\u00e1ticas","description":"Las cuatro actividades po\u00e9ticas ser\u00e1n en Condestable y gratuitas, y las tres funciones teatrales, en Civivox Iturrama, con entradas al precio de 3 euros","robots":{"index":"index","follow":"follow","max-snippet":"max-snippet:-1","max-image-preview":"max-image-preview:large","max-video-preview":"max-video-preview:-1"},"canonical":"https:\/\/www.laguiadepamplona.com\/actualidad\/la-red-civivox-celebra-los-dias-mundiales-de-la-poesia-y-el-teatro-con-siete-citas-hasta-final-de-mes-que-incluyen-recitales-conciertos-o-representaciones-dramaticas\/","og_locale":"es_ES","og_type":"article","og_title":"La red Civivox celebra los d\u00edas mundiales de la poes\u00eda y el teatro con siete citas hasta final de mes que incluyen recitales, conciertos o representaciones dram\u00e1ticas","og_description":"Las cuatro actividades po\u00e9ticas ser\u00e1n en Condestable y gratuitas, y las tres funciones teatrales, en Civivox Iturrama, con entradas al precio de 3 euros","og_url":"https:\/\/www.laguiadepamplona.com\/actualidad\/la-red-civivox-celebra-los-dias-mundiales-de-la-poesia-y-el-teatro-con-siete-citas-hasta-final-de-mes-que-incluyen-recitales-conciertos-o-representaciones-dramaticas\/","og_site_name":"La Gu\u00eda de Pamplona","article_publisher":"https:\/\/www.facebook.com\/laguiadepamplonacom-133175176762273\/?ref=hl","article_published_time":"2024-03-18T12:22:05+00:00","og_image":[{"width":793,"height":480,"url":"https:\/\/www.laguiadepamplona.com\/actualidad\/wp-content\/uploads\/2024\/03\/dia-teatro-y-poesia.webp","type":"image\/webp"}],"author":"La Gu\u00eda de Pamplona","twitter_card":"summary_large_image","twitter_creator":"@LaGuiadPamplona","twitter_site":"@LaGuiadPamplona","twitter_misc":{"Escrito por":"La Gu\u00eda de Pamplona","Tiempo de lectura":"4 minutos"},"schema":{"@context":"https:\/\/schema.org","@graph":[{"@type":"Article","@id":"https:\/\/www.laguiadepamplona.com\/actualidad\/la-red-civivox-celebra-los-dias-mundiales-de-la-poesia-y-el-teatro-con-siete-citas-hasta-final-de-mes-que-incluyen-recitales-conciertos-o-representaciones-dramaticas\/#article","isPartOf":{"@id":"https:\/\/www.laguiadepamplona.com\/actualidad\/la-red-civivox-celebra-los-dias-mundiales-de-la-poesia-y-el-teatro-con-siete-citas-hasta-final-de-mes-que-incluyen-recitales-conciertos-o-representaciones-dramaticas\/"},"author":{"name":"La Gu\u00eda de Pamplona","@id":"https:\/\/www.laguiadepamplona.com\/actualidad\/#\/schema\/person\/efe887376f0213d4657c93adc50b1fdb"},"headline":"La red Civivox celebra los d\u00edas mundiales de la poes\u00eda y el teatro con siete citas hasta final de mes que incluyen recitales, conciertos o representaciones dram\u00e1ticas","datePublished":"2024-03-18T12:22:05+00:00","mainEntityOfPage":{"@id":"https:\/\/www.laguiadepamplona.com\/actualidad\/la-red-civivox-celebra-los-dias-mundiales-de-la-poesia-y-el-teatro-con-siete-citas-hasta-final-de-mes-que-incluyen-recitales-conciertos-o-representaciones-dramaticas\/"},"wordCount":763,"commentCount":0,"publisher":{"@id":"https:\/\/www.laguiadepamplona.com\/actualidad\/#organization"},"image":{"@id":"https:\/\/www.laguiadepamplona.com\/actualidad\/la-red-civivox-celebra-los-dias-mundiales-de-la-poesia-y-el-teatro-con-siete-citas-hasta-final-de-mes-que-incluyen-recitales-conciertos-o-representaciones-dramaticas\/#primaryimage"},"thumbnailUrl":"https:\/\/www.laguiadepamplona.com\/actualidad\/wp-content\/uploads\/2024\/03\/dia-teatro-y-poesia.webp","articleSection":["Ayto Pamplona"],"inLanguage":"es","potentialAction":[{"@type":"CommentAction","name":"Comment","target":["https:\/\/www.laguiadepamplona.com\/actualidad\/la-red-civivox-celebra-los-dias-mundiales-de-la-poesia-y-el-teatro-con-siete-citas-hasta-final-de-mes-que-incluyen-recitales-conciertos-o-representaciones-dramaticas\/#respond"]}]},{"@type":"WebPage","@id":"https:\/\/www.laguiadepamplona.com\/actualidad\/la-red-civivox-celebra-los-dias-mundiales-de-la-poesia-y-el-teatro-con-siete-citas-hasta-final-de-mes-que-incluyen-recitales-conciertos-o-representaciones-dramaticas\/","url":"https:\/\/www.laguiadepamplona.com\/actualidad\/la-red-civivox-celebra-los-dias-mundiales-de-la-poesia-y-el-teatro-con-siete-citas-hasta-final-de-mes-que-incluyen-recitales-conciertos-o-representaciones-dramaticas\/","name":"La red Civivox celebra los d\u00edas mundiales de la poes\u00eda y el teatro con siete citas hasta final de mes que incluyen recitales, conciertos o representaciones dram\u00e1ticas","isPartOf":{"@id":"https:\/\/www.laguiadepamplona.com\/actualidad\/#website"},"primaryImageOfPage":{"@id":"https:\/\/www.laguiadepamplona.com\/actualidad\/la-red-civivox-celebra-los-dias-mundiales-de-la-poesia-y-el-teatro-con-siete-citas-hasta-final-de-mes-que-incluyen-recitales-conciertos-o-representaciones-dramaticas\/#primaryimage"},"image":{"@id":"https:\/\/www.laguiadepamplona.com\/actualidad\/la-red-civivox-celebra-los-dias-mundiales-de-la-poesia-y-el-teatro-con-siete-citas-hasta-final-de-mes-que-incluyen-recitales-conciertos-o-representaciones-dramaticas\/#primaryimage"},"thumbnailUrl":"https:\/\/www.laguiadepamplona.com\/actualidad\/wp-content\/uploads\/2024\/03\/dia-teatro-y-poesia.webp","datePublished":"2024-03-18T12:22:05+00:00","description":"Las cuatro actividades po\u00e9ticas ser\u00e1n en Condestable y gratuitas, y las tres funciones teatrales, en Civivox Iturrama, con entradas al precio de 3 euros","breadcrumb":{"@id":"https:\/\/www.laguiadepamplona.com\/actualidad\/la-red-civivox-celebra-los-dias-mundiales-de-la-poesia-y-el-teatro-con-siete-citas-hasta-final-de-mes-que-incluyen-recitales-conciertos-o-representaciones-dramaticas\/#breadcrumb"},"inLanguage":"es","potentialAction":[{"@type":"ReadAction","target":["https:\/\/www.laguiadepamplona.com\/actualidad\/la-red-civivox-celebra-los-dias-mundiales-de-la-poesia-y-el-teatro-con-siete-citas-hasta-final-de-mes-que-incluyen-recitales-conciertos-o-representaciones-dramaticas\/"]}]},{"@type":"ImageObject","inLanguage":"es","@id":"https:\/\/www.laguiadepamplona.com\/actualidad\/la-red-civivox-celebra-los-dias-mundiales-de-la-poesia-y-el-teatro-con-siete-citas-hasta-final-de-mes-que-incluyen-recitales-conciertos-o-representaciones-dramaticas\/#primaryimage","url":"https:\/\/www.laguiadepamplona.com\/actualidad\/wp-content\/uploads\/2024\/03\/dia-teatro-y-poesia.webp","contentUrl":"https:\/\/www.laguiadepamplona.com\/actualidad\/wp-content\/uploads\/2024\/03\/dia-teatro-y-poesia.webp","width":793,"height":480,"caption":"d\u00eda teatro y poes\u00eda"},{"@type":"BreadcrumbList","@id":"https:\/\/www.laguiadepamplona.com\/actualidad\/la-red-civivox-celebra-los-dias-mundiales-de-la-poesia-y-el-teatro-con-siete-citas-hasta-final-de-mes-que-incluyen-recitales-conciertos-o-representaciones-dramaticas\/#breadcrumb","itemListElement":[{"@type":"ListItem","position":1,"name":"Portada","item":"https:\/\/www.laguiadepamplona.com\/actualidad\/"},{"@type":"ListItem","position":2,"name":"La red Civivox celebra los d\u00edas mundiales de la poes\u00eda y el teatro con siete citas hasta final de mes que incluyen recitales, conciertos o representaciones dram\u00e1ticas"}]},{"@type":"WebSite","@id":"https:\/\/www.laguiadepamplona.com\/actualidad\/#website","url":"https:\/\/www.laguiadepamplona.com\/actualidad\/","name":"La gu\u00eda de Pamplona","description":"Noticias de Pamplona","publisher":{"@id":"https:\/\/www.laguiadepamplona.com\/actualidad\/#organization"},"potentialAction":[{"@type":"SearchAction","target":{"@type":"EntryPoint","urlTemplate":"https:\/\/www.laguiadepamplona.com\/actualidad\/?s={search_term_string}"},"query-input":{"@type":"PropertyValueSpecification","valueRequired":true,"valueName":"search_term_string"}}],"inLanguage":"es"},{"@type":"Organization","@id":"https:\/\/www.laguiadepamplona.com\/actualidad\/#organization","name":"La Gu\u00eda de Pamplona \/ Noticias","url":"https:\/\/www.laguiadepamplona.com\/actualidad\/","logo":{"@type":"ImageObject","inLanguage":"es","@id":"https:\/\/www.laguiadepamplona.com\/actualidad\/#\/schema\/logo\/image\/","url":"https:\/\/www.laguiadepamplona.com\/actualidad\/wp-content\/uploads\/2018\/11\/logo-laguiadepamplona18-web1.png","contentUrl":"https:\/\/www.laguiadepamplona.com\/actualidad\/wp-content\/uploads\/2018\/11\/logo-laguiadepamplona18-web1.png","width":600,"height":196,"caption":"La Gu\u00eda de Pamplona \/ Noticias"},"image":{"@id":"https:\/\/www.laguiadepamplona.com\/actualidad\/#\/schema\/logo\/image\/"},"sameAs":["https:\/\/www.facebook.com\/laguiadepamplonacom-133175176762273\/?ref=hl","https:\/\/x.com\/LaGuiadPamplona","https:\/\/www.instagram.com\/la_guia_de_pamplona\/","https:\/\/www.youtube.com\/user\/laguiadepamplona"]},{"@type":"Person","@id":"https:\/\/www.laguiadepamplona.com\/actualidad\/#\/schema\/person\/efe887376f0213d4657c93adc50b1fdb","name":"La Gu\u00eda de Pamplona","image":{"@type":"ImageObject","inLanguage":"es","@id":"https:\/\/secure.gravatar.com\/avatar\/b6992f131dc8d30ab0dff15446e9d346d9dbd95992de0fef795073f5ea83a81c?s=96&d=mm&r=g","url":"https:\/\/secure.gravatar.com\/avatar\/b6992f131dc8d30ab0dff15446e9d346d9dbd95992de0fef795073f5ea83a81c?s=96&d=mm&r=g","contentUrl":"https:\/\/secure.gravatar.com\/avatar\/b6992f131dc8d30ab0dff15446e9d346d9dbd95992de0fef795073f5ea83a81c?s=96&d=mm&r=g","caption":"La Gu\u00eda de Pamplona"}}]}},"post_mailing_queue_ids":[],"_links":{"self":[{"href":"https:\/\/www.laguiadepamplona.com\/actualidad\/wp-json\/wp\/v2\/posts\/49114","targetHints":{"allow":["GET"]}}],"collection":[{"href":"https:\/\/www.laguiadepamplona.com\/actualidad\/wp-json\/wp\/v2\/posts"}],"about":[{"href":"https:\/\/www.laguiadepamplona.com\/actualidad\/wp-json\/wp\/v2\/types\/post"}],"author":[{"embeddable":true,"href":"https:\/\/www.laguiadepamplona.com\/actualidad\/wp-json\/wp\/v2\/users\/1"}],"replies":[{"embeddable":true,"href":"https:\/\/www.laguiadepamplona.com\/actualidad\/wp-json\/wp\/v2\/comments?post=49114"}],"version-history":[{"count":1,"href":"https:\/\/www.laguiadepamplona.com\/actualidad\/wp-json\/wp\/v2\/posts\/49114\/revisions"}],"predecessor-version":[{"id":49116,"href":"https:\/\/www.laguiadepamplona.com\/actualidad\/wp-json\/wp\/v2\/posts\/49114\/revisions\/49116"}],"wp:featuredmedia":[{"embeddable":true,"href":"https:\/\/www.laguiadepamplona.com\/actualidad\/wp-json\/wp\/v2\/media\/49115"}],"wp:attachment":[{"href":"https:\/\/www.laguiadepamplona.com\/actualidad\/wp-json\/wp\/v2\/media?parent=49114"}],"wp:term":[{"taxonomy":"category","embeddable":true,"href":"https:\/\/www.laguiadepamplona.com\/actualidad\/wp-json\/wp\/v2\/categories?post=49114"},{"taxonomy":"post_tag","embeddable":true,"href":"https:\/\/www.laguiadepamplona.com\/actualidad\/wp-json\/wp\/v2\/tags?post=49114"}],"curies":[{"name":"wp","href":"https:\/\/api.w.org\/{rel}","templated":true}]}}