{"id":49075,"date":"2024-03-14T20:23:15","date_gmt":"2024-03-14T18:23:15","guid":{"rendered":"https:\/\/www.laguiadepamplona.com\/actualidad\/?p=49075"},"modified":"2024-03-14T20:23:15","modified_gmt":"2024-03-14T18:23:15","slug":"propuesta-de-actividades-organizadas-por-el-ayuntamiento-de-pamplona-del-15-al-18-de-marzo-con-plazas-libres","status":"publish","type":"post","link":"https:\/\/www.laguiadepamplona.com\/actualidad\/propuesta-de-actividades-organizadas-por-el-ayuntamiento-de-pamplona-del-15-al-18-de-marzo-con-plazas-libres\/","title":{"rendered":"Propuesta de actividades organizadas por el Ayuntamiento de Pamplona del 15 al 18 de marzo con plazas libres"},"content":{"rendered":"<p><!--more--><\/p>\n<p><strong>VIERNES 15 DE MARZO<\/strong><\/p>\n<p><a href=\"https:\/\/www.pamplona.es\/actualidad\/eventos\/ciclo-femkultur-laboratorio-creativo-artistico-civivox-condestable-y-civivox\">FemKultur\u201924. Taller. Encarnar sobre la palabra po\u00e9tica: c\u00f3mo servir de canal al servicio de las maestras del placer. Eva Rufo. Civivox Iturrama<\/a>, 17 horas. Entrada libre, previa inscripci\u00f3n en el 010, la red Civivox o <a href=\"http:\/\/www.pamplonaescultura.es\">www.pamplonaescultura.es<\/a><\/p>\n<p>Las mujeres casi siempre han sido objeto y pocas veces sujetos del deseo. Sin embargo, desde los m\u00e1rgenes algunas s\u00ed han contado su propia experiencia del placer. Tomando prestadas las voces de mujeres poetas, exploraremos c\u00f3mo poner nuestro cuerpo, voz y sensibilidad al servicio de esas voces, y desplegaremos diferentes recursos para abordar el trabajo m\u00e1s t\u00e9cnico sobre la palabra po\u00e9tica y el verso. Con Eva Rufo, actriz.<\/p>\n<p>&nbsp;<\/p>\n<p><a href=\"https:\/\/www.pamplona.es\/actualidad\/eventos\/festival-punto-de-vista-taller-infantil-filmar-la-luz-filmar-la-vida-civivox\">Festival Punto de Vista. Taller. Filmar la luz, filmar la vida. Civivox Mendillorri<\/a>, 17.30 horas. Entrada: 2 euros, previa inscripci\u00f3n en el 010, la red Civivox o <a href=\"http:\/\/www.pamplonaescultura.es\">www.pamplonaescultura.es<\/a><\/p>\n<p>En la vida, como en el cine, la luz es esencial. Este elemento intangible es el responsable de que las flores florezcan, de que exista el d\u00eda y la noche, y de que el ciclo de la vida avance a su ritmo. Pero, \u00bfc\u00f3mo se registra un ciclo? En este taller exploraremos las posibilidades de la luz, descubriremos sus efectos en el ecosistema y experimentaremos filmando peque\u00f1as escenas de destellos, reflejos o sombras escondidas entre los \u00e1rboles del entorno. Con el colectivo Drac Magic y dirigido a p\u00fablico infantil de 6 a 12 a\u00f1os.<\/p>\n<p>&nbsp;<\/p>\n<p><a href=\"https:\/\/www.pamplona.es\/actualidad\/eventos\/presentacion-de-libro-el-pistachito-aventurero-biblioteca-san-francisco\">Presentaci\u00f3n de libro. \u2018El pistachito aventurero\u2019, de Ana Lourdes Fern\u00e1ndez. Biblioteca P\u00fablica de San Francisco<\/a>, 18 horas. Entrada libre, hasta completar el aforo<\/p>\n<p>Presentaci\u00f3n y lectura del \u00e1lbum ilustrado \u2018El pistachito aventurero\u2019, de la mano de su autora Ana Lourdes Fern\u00e1ndez. El libro est\u00e1 dirigido a p\u00fablico infantil a partir de 3 a\u00f1os.<\/p>\n<p>&nbsp;<\/p>\n<p><a href=\"https:\/\/www.pamplona.es\/actualidad\/eventos\/cafeteando-karaoke-casa-de-la-juventud-2\">Cafeteando. Karaoke. Casa de la Juventud<\/a>, 18.30 horas. Entrada libre<\/p>\n<p>La Casa de la Juventud propone para este viernes una de las actividades m\u00e1s habituales y m\u00e1s concurridas. Vuelven los viernes de karaoke para pasar un buen rato cantando \u00e9xitos actuales y canciones de toda la vida en un ambiente alegre y divertido, con diferentes juegos para dinamizar una tarde de lo m\u00e1s musical.<\/p>\n<p>&nbsp;<\/p>\n<p><a href=\"https:\/\/www.pamplona.es\/actualidad\/eventos\/presentacion-de-libro-y-recital-de-poesia-con-musica-y-danza-roma-siempre-sera\">Presentaci\u00f3n de libro y recital de poes\u00eda con m\u00fasica y danza. \u2018Roma siempre ser\u00e1 amor\u2019 de Ana Lizarbe. Casa de la Juventud<\/a>, 19 horas. Entrada libre, hasta completar el aforo<\/p>\n<p>Evento multidisciplinar en el que se escuchar\u00e1n los versos del segundo poemario de Ana Lizarbe, tras su primera obra \u2018Hasta el \u00faltimo verso\u2019, que estar\u00e1 acompa\u00f1ada por Elicelia Mendoza, I\u00f1igo Ferrer y Tatiana Gonz\u00e1lez, que nos sorprender\u00e1 con sus bailes y por la m\u00fasica a la gyitarra de Manu Garc\u00eda. Una celebraci\u00f3n de la poes\u00eda, la feminidad y el arte en su m\u00e1xima expresi\u00f3n.<\/p>\n<p>&nbsp;<\/p>\n<p><a href=\"https:\/\/www.pamplona.es\/actualidad\/eventos\/recital-poetico-versos-la-carta-biblioteca-publica-de-txantrea\">Recital po\u00e9tico. Versos a la carta. Biblioteca P\u00fablica de Txantrea<\/a>, 19 horas. Entrada libre, hasta completar el aforo<\/p>\n<p>Cuatro poetas ofrecen un delicioso men\u00fa de poemas. Como si de un restaurante com\u00fan se tratara, los poetas esperan a sus \u2018hambrientos comensales\u2019 sentados en diferentes txokos. Los \u2018comensales\u2019, el p\u00fablico que quiera que le susurren los poemas en cercan\u00eda, pueden optar por acercarse a cada txoko y seleccionar de los men\u00fas ofrecidos qu\u00e9 platos (poemas) quieren degustar.<\/p>\n<p><strong>\u00a0<\/strong><br \/>\n<script async src=\"\/\/pagead2.googlesyndication.com\/pagead\/js\/adsbygoogle.js\"><\/script><br \/>\n<!-- Noticias La Guia de Pamplona --><br \/>\n<ins class=\"adsbygoogle\"\nstyle=\"display:block\"\ndata-ad-client=\"ca-pub-6943679897239327\"\ndata-ad-slot=\"7048180777\"\ndata-ad-format=\"auto\"><\/ins><br \/>\n<script>\n(adsbygoogle = window.adsbygoogle || []).push({});\n<\/script><br \/>\n<strong>S\u00c1BADO 16 DE MARZO<\/strong><\/p>\n<p><a href=\"https:\/\/www.pamplona.es\/actualidad\/eventos\/femkultur-24-lula-amir-un-naufragio\">FemKultur\u201924. Taller de danza. Comunicaci\u00f3n\/C\u00f3digo\/Lenguaje. Lula Amir. Civivox Condestable<\/a>, 10 horas. Entrada libre, previa inscripci\u00f3n en el 010, la red Civivox o <a href=\"http:\/\/www.pamplonaescultura.es\">www.pamplonaescultura.es<\/a><\/p>\n<p>Este taller quiere compartir la caja de herramientas y pr\u00e1cticas que han dado lugar al resultado esc\u00e9nico que es la pieza \u2018Un naufragio\u2019. El taller plantea tres ejes centrales de investigaci\u00f3n del movimiento, sobre los que se cimenta la fisicalidad de la pieza. En un formato de taller intensivo se pretende facilitar un acercamiento a la metodolog\u00eda de trabajo escogida durante el proceso creativo, as\u00ed como al contexto dramat\u00fargico de esta creaci\u00f3n. Con Lula Amir.<\/p>\n<p>&nbsp;<\/p>\n<p><a href=\"https:\/\/www.pamplona.es\/actualidad\/eventos\/artes-escenicas-para-la-primera-infancia-taller-de-titeres-civivox-ensanche-y\">Artes esc\u00e9nicas para la primera infancia. Taller de t\u00edteres. Civivox Ensanche, 11 horas, y Civivox Milagrosa, 17.30 horas<\/a>. Entrada: 4 euros, previa inscripci\u00f3n en el 010, la red Civivox o <a href=\"http:\/\/www.pamplonaescultura.es\">www.pamplonaescultura.es<\/a><\/p>\n<p>Sesi\u00f3n did\u00e1ctica de introducci\u00f3n al teatro de t\u00edteres. Se presentar\u00e1n los principios b\u00e1sicos de reciclaje, se realizar\u00e1n pruebas de t\u00edteres de distintas t\u00e9cnicas aportados por la compa\u00f1\u00eda y se llevar\u00e1 a cabo la construcci\u00f3n de un t\u00edtere sencillo. Con \u00e9l, se realizar\u00e1n pr\u00e1cticas para su manejo y puesta en escena en un peque\u00f1o escenario. Con Fernando Arregui, de Gus Marionetas. Para p\u00fablico infantil entre 5 y 10 a\u00f1os.<\/p>\n<p>&nbsp;<\/p>\n<p><a href=\"https:\/\/www.pamplona.es\/actualidad\/eventos\/festival-punto-de-vista-proyeccion-la-isla-de-las-aves-eli-y-otros-cuentos\">Festival Punto de Vista. Proyecci\u00f3n. Sesi\u00f3n l\u00fadica familiar. La isla de las aves: Eli y otros cuentos. Civivox Mendillorri<\/a>, 18 horas. Entrada libre, previa inscripci\u00f3n en el 010, la red Civivox o <a href=\"http:\/\/www.pamplonaescultura.es\">www.pamplonaescultura.es<\/a><\/p>\n<p>\u2018La isla de las aves\u2019 invita a conversar con la naturaleza desde la mirada curiosa de tres ni\u00f1as que sienten el impulso de desafiar sus miedos para acercarse a lo desconocido y aprender. Para ello, tendr\u00e1n que llevar a cabo una inmersi\u00f3n en los entornos naturales que las rodean: una isla llena de p\u00e1jaros, un jard\u00edn comunitario y un bosque. La ilustradora Marta Castro dibujar\u00e1 durante la proyecci\u00f3n y nos adentraremos en la sensibilidad de los universos visuales. Con el colectivo Drac Magic. Para p\u00fablico infantil mayor de 5 a\u00f1os, en compa\u00f1\u00eda de una persona adulta.<\/p>\n<p>&nbsp;<\/p>\n<p><a href=\"https:\/\/www.pamplona.es\/eventos\/festival-de-las-murallas-danzad-danzad-malditos-invierno-danza-y-performance-0\">Danzad Danzad Malditos. Danza y performance. Diferentes actuaciones. Ciudadela<\/a>, 19 horas. Libre participaci\u00f3n<\/p>\n<p>Se han previsto tres actuaciones de danza y performance. En el Polvor\u00edn, Catarina Casqueiro y Tiago presentan \u2018Matomari no nai\u2019. A continuaci\u00f3n, en el Pabell\u00f3n de Mixtos ser\u00e1 el turno de Vanesa Aibar con \u2018La Reina del Metal-solo\u2019. Por \u00faltimo, Richard Mascherin interpretar\u00e1 su obra \u2018Vac\u00edo espiritual\u2019. El recorrido partir\u00e1 de la entrada a la Ciudadela por la avenida de Ej\u00e9rcito y estar\u00e1 guiado por actuaciones de parkour de la mano de Rafael Arenas.<\/p>\n<p>&nbsp;<\/p>\n<p><a href=\"https:\/\/www.pamplona.es\/actualidad\/eventos\/ciclo-femkultur-recital-electronico-de-inconfesiones-femeninas-yo-deseo-con-eva\">FemKultur\u201924. Recital electr\u00f3nico de inconfesiones femeninas. \u2018Yo deseo\u2019, con Eva Rufo. Civivox Iturrama<\/a>, 19.30 horas. Entrada: 3 euros, previa inscripci\u00f3n en el 010, la red Civivox o <a href=\"http:\/\/www.pamplonaescultura.es\">www.pamplonaescultura.es<\/a><\/p>\n<p>\u2018Yo deseo\u2019 es una actualizaci\u00f3n del recital po\u00e9tico que busca reivindicar las voces de las mujeres que desearon antes que nosotras. Para multiplicar su poder sugestivo, sus versos se funden con la luz y la m\u00fasica electr\u00f3nica en directo, creando una atm\u00f3sfera envolvente de belleza y sensorialidad en torno a la intimidad femenina. Viajaremos desde Safo a Sor Juana In\u00e9s, pasando por Ana Frank, Gloria Fuertes o Gioconda Belli. Ellas abrieron camino y han sido maestras de c\u00f3mo, al nombrar, se da valor a lo nombrado. Todo ello como sujetos activos y deseantes, en primera persona: Yo deseo.<\/p>\n<p>&nbsp;<\/p>\n<p><a href=\"https:\/\/www.pamplona.es\/actualidad\/eventos\/festival-de-musica-sacra-concierto-gospel-himnos-y-canciones-sagradas-iglesia-pp\">Festival de m\u00fasica sacra. Concierto. \u2018Gospel: himnos y canciones sagradas\u2019, con Goiko Gela. Iglesia de Nuestra Se\u00f1ora del Carmen (PP Carmelitas Descalzos),<\/a> 20 horas. Entrada libre, hasta completar el aforo<\/p>\n<p>Las voces de Santi Romano, Karlos Etxaniz, Jon Imanol Etxabe y Olatz Otxoa, acompa\u00f1adas de pianista, presentan un recital donde se remontan a los pilares de la m\u00fasica gospel. Himnos y canciones sagradas, la mayor\u00eda provenientes de la m\u00fasica cristiana del siglo XVIII en adelante, que derivaron en lo que m\u00e1s tarde se conoci\u00f3 como \u2018m\u00fasica gospel\u2019.<\/p>\n<p>&nbsp;<\/p>\n<p><a href=\"https:\/\/www.pamplona.es\/actualidad\/eventos\/festival-de-las-murallas-danzad-danzad-malditos-malditos-night-ciudadela\">Danzad Danzad Malditos. M\u00fasica. Malditos Night. Diferentes actuaciones. Sala de Armas de la Ciudadela<\/a>, 22 horas. Entrada libre, hasta completar el aforo<\/p>\n<p>La m\u00fasica es parte fundamental tambi\u00e9n de Danzad Danzad Malditos. En este primer s\u00e1bado de festival participar\u00e1n a partir de las 22 horas Promising Youngster y, a partir de la medianoche, Lagoon.<\/p>\n<p>&nbsp;<br \/>\n<script async src=\"\/\/pagead2.googlesyndication.com\/pagead\/js\/adsbygoogle.js\"><\/script><br \/>\n<!-- Noticias La Guia de Pamplona --><br \/>\n<ins class=\"adsbygoogle\"\nstyle=\"display:block\"\ndata-ad-client=\"ca-pub-6943679897239327\"\ndata-ad-slot=\"7048180777\"\ndata-ad-format=\"auto\"><\/ins><br \/>\n<script>\n(adsbygoogle = window.adsbygoogle || []).push({});\n<\/script><br \/>\n<strong>DOMINGO 17 DE MARZO<\/strong><\/p>\n<p><a href=\"https:\/\/www.pamplona.es\/actualidad\/eventos\/dianas-matinales-domingos-txistularis-y-gaiteros-lezkairu-y-ermitagana\">Dianas. Txistularis y gaiteros municipales. Ermitaga\u00f1a \u2013 Mendebaldea y Lezkairu<\/a>, desde las 9 horas. Libre participaci\u00f3n<\/p>\n<p>Las tradicionales\u00a0<strong>dianas matinales<\/strong>\u00a0de los domingos, a cargo de los<strong>\u00a0txistularis y gaiteros de Pamplona<\/strong>, vuelven a las calles de la ciudad desde noviembre de 2023 a junio de 2024. Este domingo los gaiteros municipales actuar\u00e1n en Ermitaga\u00f1a &#8211; Mendebaldea y los txistularis municipales recorrer\u00e1n diferentes calles del barrio de Lezkairu.<\/p>\n<p>&nbsp;<\/p>\n<p><a href=\"https:\/\/www.pamplona.es\/actualidad\/eventos\/ciclo-femkultur-cine-de-animacion-y-encuentro-posterior-hanna-y-los-monstruos\">FemKultur\u201924. Cine de animaci\u00f3n y encuentro posterior. \u2018Hanna y los monstruos\u2019, de Lorena Ares. Civivox Condestable<\/a>, 18 horas. Entrada libre, previa inscripci\u00f3n en el 010, la red Civivox o <a href=\"http:\/\/www.pamplonaescultura.es\">www.pamplonaescultura.es<\/a><\/p>\n<p>Hanna es una ni\u00f1a adorable con pasi\u00f3n por los monstruos. Un d\u00eda consigue viajar al pueblo en el que viven: Monsterville. All\u00ed descubre que son seres que temen a los humanos, con muchos miedos y complejos. Pero no todos los monstruos est\u00e1n de acuerdo en que una humana se pasee por su mundo e intentar\u00e1n utilizar a la peque\u00f1a para cerrar definitivamente cualquier contacto con el mundo exterior, a riesgo de que Hanna se quede atrapada para siempre&#8230; La proyecci\u00f3n de la pel\u00edcula contar\u00e1 con la participaci\u00f3n de su directora Lorena Ares en un encuentro con el p\u00fablico.<\/p>\n<p>&nbsp;<\/p>\n<p><a href=\"https:\/\/www.pamplona.es\/actualidad\/eventos\/ciclo-femkultur-danza-contemporanea-texto-y-gestualidad-un-naufragio-con-lula\">FemKultur\u201924. Danza contempor\u00e1nea, texto y gestualidad. \u2018Un naufragio\u2019, con Lula Amir. Civivox Condestable<\/a>, 19.30 horas. Entrada: 3 euros, con previa inscripci\u00f3n en el 010, la red Civivox o <a href=\"http:\/\/www.pamplonaescultura.es\">www.pamplonaescultura.es<\/a><\/p>\n<p>Encandilada por la belleza de su propio naufragio, lo admira imp\u00e1vida. Cual voyeur de una ceremonia de clausura, celebra triste la dicha del abandono, se deja tragar por la corriente. Pierde el control, la dignidad y la calma. No pide salvavidas. Esta obra de Lula Amir reflexiona acerca de la dignidad y lanza una pregunta: \u00bfNos damos cuenta de que la hemos perdido? La danza contempor\u00e1nea es el lenguaje principal sobre el que se construye estapieza, que discurre entre coreograf\u00eda, texto y gestualidad.<\/p>\n<p>&nbsp;<\/p>\n<p><strong>LUNES 18 DE MARZO<\/strong><\/p>\n<p><a href=\"https:\/\/www.pamplona.es\/actualidad\/eventos\/heroinas-de-cine-proyeccion-cinematografica-chavalas-civivox-iturrama\">Hero\u00ednas de cine. Proyecci\u00f3n cinematogr\u00e1fica. \u2018Chavalas\u2019, de Carol Rodr\u00edguez Col\u00e1s. Civivox Iturrama<\/a>, 18 horas. Entrada libre, previa inscripci\u00f3n en el 010, la red Civivox o <a href=\"http:\/\/www.pamplonaescultura.es\">www.pamplonaescultura.es<\/a><\/p>\n<p>Marta, Desi, Soraya y Bea, amigas inseparables en la adolescencia, vuelven a encontrarse en el barrio para revivir una aut\u00e9ntica y tragic\u00f3mica amistad. Una realidad que las obligar\u00e1 a enfrentarse a aquellas adolescentes que fueron y a las mujeres que quieren ser. Casi sin darse cuenta, se ayudar\u00e1n a tomar decisiones importantes en sus vidas. El paso del tiempo y lo distintas que son no ser\u00e1 excusa para que su amistad prevalezca sobre todo lo dem\u00e1s.<\/p>\n<p>&nbsp;<\/p>\n<p><a href=\"https:\/\/www.pamplona.es\/actualidad\/eventos\/recital-dia-mundial-de-la-poesia-y-el-teatro-versos-la-carta-bertso-dasta\">D\u00eda Mundial de la Poes\u00eda y el Teatro. Recital po\u00e9tico. Versos a la carta. Civivox Condestable, 19.30 horas<\/a>. Entrada libre, previa inscripci\u00f3n previa en el 010, la red Civivox o en <a href=\"http:\/\/www.pamplonaescultura.es\">www.pamplonaescultura.es<\/a><\/p>\n<p>\u2018Versos a la carta\u2019 es un recital \u00edntimo, \u201cpoemas camuflados\u201d como viandas. El objetivo es conmover a cada comensal ya que, desde esa intimidad, los poemas recitados casi en susurros se viven de manera \u00fanica y excepcional&#8230; Con Nerea Balda, Yoel Salda\u00f1a y Ventura Ruiz.<\/p>\n<p>&nbsp;<\/p>\n<p><a href=\"https:\/\/www.pamplona.es\/actualidad\/eventos\/proyeccion-en-euskera-denboraren-gibelean-civivox-condestable\">Proyecci\u00f3n cinematogr\u00e1fica en euskera. \u201cDenboraren gibelean\u201d, de Mirentxu Purroy. Palacio de Condestable<\/a>, 19.30 horas. Entrada libre, hasta completar el aforo<\/p>\n<p>A Iker se le agolpan las im\u00e1genes y recuerdos de su \u00e9poca escolar y rescata a sus amigos de la infancia en torno a Klara, una maestra librepensadora y valiente, que impregn\u00f3 de alegr\u00eda, m\u00fasica y libertad un trozo del camino de un pu\u00f1ado de ni\u00f1os, hijos de vencidos, cuando Franco cumpl\u00eda veinte a\u00f1os de mandato en la Pamplona de 1956.<\/p>\n","protected":false},"excerpt":{"rendered":"","protected":false},"author":1,"featured_media":36074,"comment_status":"open","ping_status":"closed","sticky":false,"template":"","format":"standard","meta":{"footnotes":""},"categories":[2],"tags":[],"class_list":["post-49075","post","type-post","status-publish","format-standard","has-post-thumbnail","hentry","category-ayuntamiento-pamplona"],"yoast_head":"<!-- This site is optimized with the Yoast SEO plugin v27.3 - https:\/\/yoast.com\/product\/yoast-seo-wordpress\/ -->\n<title>Propuesta de actividades organizadas por el Ayuntamiento de Pamplona del 15 al 18 de marzo con plazas libres<\/title>\n<meta name=\"robots\" content=\"index, follow, max-snippet:-1, max-image-preview:large, max-video-preview:-1\" \/>\n<link rel=\"canonical\" href=\"https:\/\/www.laguiadepamplona.com\/actualidad\/propuesta-de-actividades-organizadas-por-el-ayuntamiento-de-pamplona-del-15-al-18-de-marzo-con-plazas-libres\/\" \/>\n<meta property=\"og:locale\" content=\"es_ES\" \/>\n<meta property=\"og:type\" content=\"article\" \/>\n<meta property=\"og:title\" content=\"Propuesta de actividades organizadas por el Ayuntamiento de Pamplona del 15 al 18 de marzo con plazas libres\" \/>\n<meta property=\"og:url\" content=\"https:\/\/www.laguiadepamplona.com\/actualidad\/propuesta-de-actividades-organizadas-por-el-ayuntamiento-de-pamplona-del-15-al-18-de-marzo-con-plazas-libres\/\" \/>\n<meta property=\"og:site_name\" content=\"La Gu\u00eda de Pamplona\" \/>\n<meta property=\"article:publisher\" content=\"https:\/\/www.facebook.com\/laguiadepamplonacom-133175176762273\/?ref=hl\" \/>\n<meta property=\"article:published_time\" content=\"2024-03-14T18:23:15+00:00\" \/>\n<meta property=\"og:image\" content=\"https:\/\/www.laguiadepamplona.com\/actualidad\/wp-content\/uploads\/2021\/08\/ayuntamiento-pamplona2.jpg\" \/>\n\t<meta property=\"og:image:width\" content=\"1920\" \/>\n\t<meta property=\"og:image:height\" content=\"1080\" \/>\n\t<meta property=\"og:image:type\" content=\"image\/jpeg\" \/>\n<meta name=\"author\" content=\"La Gu\u00eda de Pamplona\" \/>\n<meta name=\"twitter:card\" content=\"summary_large_image\" \/>\n<meta name=\"twitter:creator\" content=\"@LaGuiadPamplona\" \/>\n<meta name=\"twitter:site\" content=\"@LaGuiadPamplona\" \/>\n<meta name=\"twitter:label1\" content=\"Escrito por\" \/>\n\t<meta name=\"twitter:data1\" content=\"La Gu\u00eda de Pamplona\" \/>\n\t<meta name=\"twitter:label2\" content=\"Tiempo de lectura\" \/>\n\t<meta name=\"twitter:data2\" content=\"9 minutos\" \/>\n<script type=\"application\/ld+json\" class=\"yoast-schema-graph\">{\"@context\":\"https:\\\/\\\/schema.org\",\"@graph\":[{\"@type\":\"Article\",\"@id\":\"https:\\\/\\\/www.laguiadepamplona.com\\\/actualidad\\\/propuesta-de-actividades-organizadas-por-el-ayuntamiento-de-pamplona-del-15-al-18-de-marzo-con-plazas-libres\\\/#article\",\"isPartOf\":{\"@id\":\"https:\\\/\\\/www.laguiadepamplona.com\\\/actualidad\\\/propuesta-de-actividades-organizadas-por-el-ayuntamiento-de-pamplona-del-15-al-18-de-marzo-con-plazas-libres\\\/\"},\"author\":{\"name\":\"La Gu\u00eda de Pamplona\",\"@id\":\"https:\\\/\\\/www.laguiadepamplona.com\\\/actualidad\\\/#\\\/schema\\\/person\\\/efe887376f0213d4657c93adc50b1fdb\"},\"headline\":\"Propuesta de actividades organizadas por el Ayuntamiento de Pamplona del 15 al 18 de marzo con plazas libres\",\"datePublished\":\"2024-03-14T18:23:15+00:00\",\"mainEntityOfPage\":{\"@id\":\"https:\\\/\\\/www.laguiadepamplona.com\\\/actualidad\\\/propuesta-de-actividades-organizadas-por-el-ayuntamiento-de-pamplona-del-15-al-18-de-marzo-con-plazas-libres\\\/\"},\"wordCount\":1943,\"commentCount\":0,\"publisher\":{\"@id\":\"https:\\\/\\\/www.laguiadepamplona.com\\\/actualidad\\\/#organization\"},\"image\":{\"@id\":\"https:\\\/\\\/www.laguiadepamplona.com\\\/actualidad\\\/propuesta-de-actividades-organizadas-por-el-ayuntamiento-de-pamplona-del-15-al-18-de-marzo-con-plazas-libres\\\/#primaryimage\"},\"thumbnailUrl\":\"https:\\\/\\\/www.laguiadepamplona.com\\\/actualidad\\\/wp-content\\\/uploads\\\/2021\\\/08\\\/ayuntamiento-pamplona2.jpg\",\"articleSection\":[\"Ayto Pamplona\"],\"inLanguage\":\"es\",\"potentialAction\":[{\"@type\":\"CommentAction\",\"name\":\"Comment\",\"target\":[\"https:\\\/\\\/www.laguiadepamplona.com\\\/actualidad\\\/propuesta-de-actividades-organizadas-por-el-ayuntamiento-de-pamplona-del-15-al-18-de-marzo-con-plazas-libres\\\/#respond\"]}]},{\"@type\":\"WebPage\",\"@id\":\"https:\\\/\\\/www.laguiadepamplona.com\\\/actualidad\\\/propuesta-de-actividades-organizadas-por-el-ayuntamiento-de-pamplona-del-15-al-18-de-marzo-con-plazas-libres\\\/\",\"url\":\"https:\\\/\\\/www.laguiadepamplona.com\\\/actualidad\\\/propuesta-de-actividades-organizadas-por-el-ayuntamiento-de-pamplona-del-15-al-18-de-marzo-con-plazas-libres\\\/\",\"name\":\"Propuesta de actividades organizadas por el Ayuntamiento de Pamplona del 15 al 18 de marzo con plazas libres\",\"isPartOf\":{\"@id\":\"https:\\\/\\\/www.laguiadepamplona.com\\\/actualidad\\\/#website\"},\"primaryImageOfPage\":{\"@id\":\"https:\\\/\\\/www.laguiadepamplona.com\\\/actualidad\\\/propuesta-de-actividades-organizadas-por-el-ayuntamiento-de-pamplona-del-15-al-18-de-marzo-con-plazas-libres\\\/#primaryimage\"},\"image\":{\"@id\":\"https:\\\/\\\/www.laguiadepamplona.com\\\/actualidad\\\/propuesta-de-actividades-organizadas-por-el-ayuntamiento-de-pamplona-del-15-al-18-de-marzo-con-plazas-libres\\\/#primaryimage\"},\"thumbnailUrl\":\"https:\\\/\\\/www.laguiadepamplona.com\\\/actualidad\\\/wp-content\\\/uploads\\\/2021\\\/08\\\/ayuntamiento-pamplona2.jpg\",\"datePublished\":\"2024-03-14T18:23:15+00:00\",\"breadcrumb\":{\"@id\":\"https:\\\/\\\/www.laguiadepamplona.com\\\/actualidad\\\/propuesta-de-actividades-organizadas-por-el-ayuntamiento-de-pamplona-del-15-al-18-de-marzo-con-plazas-libres\\\/#breadcrumb\"},\"inLanguage\":\"es\",\"potentialAction\":[{\"@type\":\"ReadAction\",\"target\":[\"https:\\\/\\\/www.laguiadepamplona.com\\\/actualidad\\\/propuesta-de-actividades-organizadas-por-el-ayuntamiento-de-pamplona-del-15-al-18-de-marzo-con-plazas-libres\\\/\"]}]},{\"@type\":\"ImageObject\",\"inLanguage\":\"es\",\"@id\":\"https:\\\/\\\/www.laguiadepamplona.com\\\/actualidad\\\/propuesta-de-actividades-organizadas-por-el-ayuntamiento-de-pamplona-del-15-al-18-de-marzo-con-plazas-libres\\\/#primaryimage\",\"url\":\"https:\\\/\\\/www.laguiadepamplona.com\\\/actualidad\\\/wp-content\\\/uploads\\\/2021\\\/08\\\/ayuntamiento-pamplona2.jpg\",\"contentUrl\":\"https:\\\/\\\/www.laguiadepamplona.com\\\/actualidad\\\/wp-content\\\/uploads\\\/2021\\\/08\\\/ayuntamiento-pamplona2.jpg\",\"width\":1920,\"height\":1080,\"caption\":\"ayuntamiento pamplona\"},{\"@type\":\"BreadcrumbList\",\"@id\":\"https:\\\/\\\/www.laguiadepamplona.com\\\/actualidad\\\/propuesta-de-actividades-organizadas-por-el-ayuntamiento-de-pamplona-del-15-al-18-de-marzo-con-plazas-libres\\\/#breadcrumb\",\"itemListElement\":[{\"@type\":\"ListItem\",\"position\":1,\"name\":\"Portada\",\"item\":\"https:\\\/\\\/www.laguiadepamplona.com\\\/actualidad\\\/\"},{\"@type\":\"ListItem\",\"position\":2,\"name\":\"Propuesta de actividades organizadas por el Ayuntamiento de Pamplona del 15 al 18 de marzo con plazas libres\"}]},{\"@type\":\"WebSite\",\"@id\":\"https:\\\/\\\/www.laguiadepamplona.com\\\/actualidad\\\/#website\",\"url\":\"https:\\\/\\\/www.laguiadepamplona.com\\\/actualidad\\\/\",\"name\":\"La gu\u00eda de Pamplona\",\"description\":\"Noticias de Pamplona\",\"publisher\":{\"@id\":\"https:\\\/\\\/www.laguiadepamplona.com\\\/actualidad\\\/#organization\"},\"potentialAction\":[{\"@type\":\"SearchAction\",\"target\":{\"@type\":\"EntryPoint\",\"urlTemplate\":\"https:\\\/\\\/www.laguiadepamplona.com\\\/actualidad\\\/?s={search_term_string}\"},\"query-input\":{\"@type\":\"PropertyValueSpecification\",\"valueRequired\":true,\"valueName\":\"search_term_string\"}}],\"inLanguage\":\"es\"},{\"@type\":\"Organization\",\"@id\":\"https:\\\/\\\/www.laguiadepamplona.com\\\/actualidad\\\/#organization\",\"name\":\"La Gu\u00eda de Pamplona \\\/ Noticias\",\"url\":\"https:\\\/\\\/www.laguiadepamplona.com\\\/actualidad\\\/\",\"logo\":{\"@type\":\"ImageObject\",\"inLanguage\":\"es\",\"@id\":\"https:\\\/\\\/www.laguiadepamplona.com\\\/actualidad\\\/#\\\/schema\\\/logo\\\/image\\\/\",\"url\":\"https:\\\/\\\/www.laguiadepamplona.com\\\/actualidad\\\/wp-content\\\/uploads\\\/2018\\\/11\\\/logo-laguiadepamplona18-web1.png\",\"contentUrl\":\"https:\\\/\\\/www.laguiadepamplona.com\\\/actualidad\\\/wp-content\\\/uploads\\\/2018\\\/11\\\/logo-laguiadepamplona18-web1.png\",\"width\":600,\"height\":196,\"caption\":\"La Gu\u00eda de Pamplona \\\/ Noticias\"},\"image\":{\"@id\":\"https:\\\/\\\/www.laguiadepamplona.com\\\/actualidad\\\/#\\\/schema\\\/logo\\\/image\\\/\"},\"sameAs\":[\"https:\\\/\\\/www.facebook.com\\\/laguiadepamplonacom-133175176762273\\\/?ref=hl\",\"https:\\\/\\\/x.com\\\/LaGuiadPamplona\",\"https:\\\/\\\/www.instagram.com\\\/la_guia_de_pamplona\\\/\",\"https:\\\/\\\/www.youtube.com\\\/user\\\/laguiadepamplona\"]},{\"@type\":\"Person\",\"@id\":\"https:\\\/\\\/www.laguiadepamplona.com\\\/actualidad\\\/#\\\/schema\\\/person\\\/efe887376f0213d4657c93adc50b1fdb\",\"name\":\"La Gu\u00eda de Pamplona\",\"image\":{\"@type\":\"ImageObject\",\"inLanguage\":\"es\",\"@id\":\"https:\\\/\\\/secure.gravatar.com\\\/avatar\\\/b6992f131dc8d30ab0dff15446e9d346d9dbd95992de0fef795073f5ea83a81c?s=96&d=mm&r=g\",\"url\":\"https:\\\/\\\/secure.gravatar.com\\\/avatar\\\/b6992f131dc8d30ab0dff15446e9d346d9dbd95992de0fef795073f5ea83a81c?s=96&d=mm&r=g\",\"contentUrl\":\"https:\\\/\\\/secure.gravatar.com\\\/avatar\\\/b6992f131dc8d30ab0dff15446e9d346d9dbd95992de0fef795073f5ea83a81c?s=96&d=mm&r=g\",\"caption\":\"La Gu\u00eda de Pamplona\"}}]}<\/script>\n<!-- \/ Yoast SEO plugin. -->","yoast_head_json":{"title":"Propuesta de actividades organizadas por el Ayuntamiento de Pamplona del 15 al 18 de marzo con plazas libres","robots":{"index":"index","follow":"follow","max-snippet":"max-snippet:-1","max-image-preview":"max-image-preview:large","max-video-preview":"max-video-preview:-1"},"canonical":"https:\/\/www.laguiadepamplona.com\/actualidad\/propuesta-de-actividades-organizadas-por-el-ayuntamiento-de-pamplona-del-15-al-18-de-marzo-con-plazas-libres\/","og_locale":"es_ES","og_type":"article","og_title":"Propuesta de actividades organizadas por el Ayuntamiento de Pamplona del 15 al 18 de marzo con plazas libres","og_url":"https:\/\/www.laguiadepamplona.com\/actualidad\/propuesta-de-actividades-organizadas-por-el-ayuntamiento-de-pamplona-del-15-al-18-de-marzo-con-plazas-libres\/","og_site_name":"La Gu\u00eda de Pamplona","article_publisher":"https:\/\/www.facebook.com\/laguiadepamplonacom-133175176762273\/?ref=hl","article_published_time":"2024-03-14T18:23:15+00:00","og_image":[{"width":1920,"height":1080,"url":"https:\/\/www.laguiadepamplona.com\/actualidad\/wp-content\/uploads\/2021\/08\/ayuntamiento-pamplona2.jpg","type":"image\/jpeg"}],"author":"La Gu\u00eda de Pamplona","twitter_card":"summary_large_image","twitter_creator":"@LaGuiadPamplona","twitter_site":"@LaGuiadPamplona","twitter_misc":{"Escrito por":"La Gu\u00eda de Pamplona","Tiempo de lectura":"9 minutos"},"schema":{"@context":"https:\/\/schema.org","@graph":[{"@type":"Article","@id":"https:\/\/www.laguiadepamplona.com\/actualidad\/propuesta-de-actividades-organizadas-por-el-ayuntamiento-de-pamplona-del-15-al-18-de-marzo-con-plazas-libres\/#article","isPartOf":{"@id":"https:\/\/www.laguiadepamplona.com\/actualidad\/propuesta-de-actividades-organizadas-por-el-ayuntamiento-de-pamplona-del-15-al-18-de-marzo-con-plazas-libres\/"},"author":{"name":"La Gu\u00eda de Pamplona","@id":"https:\/\/www.laguiadepamplona.com\/actualidad\/#\/schema\/person\/efe887376f0213d4657c93adc50b1fdb"},"headline":"Propuesta de actividades organizadas por el Ayuntamiento de Pamplona del 15 al 18 de marzo con plazas libres","datePublished":"2024-03-14T18:23:15+00:00","mainEntityOfPage":{"@id":"https:\/\/www.laguiadepamplona.com\/actualidad\/propuesta-de-actividades-organizadas-por-el-ayuntamiento-de-pamplona-del-15-al-18-de-marzo-con-plazas-libres\/"},"wordCount":1943,"commentCount":0,"publisher":{"@id":"https:\/\/www.laguiadepamplona.com\/actualidad\/#organization"},"image":{"@id":"https:\/\/www.laguiadepamplona.com\/actualidad\/propuesta-de-actividades-organizadas-por-el-ayuntamiento-de-pamplona-del-15-al-18-de-marzo-con-plazas-libres\/#primaryimage"},"thumbnailUrl":"https:\/\/www.laguiadepamplona.com\/actualidad\/wp-content\/uploads\/2021\/08\/ayuntamiento-pamplona2.jpg","articleSection":["Ayto Pamplona"],"inLanguage":"es","potentialAction":[{"@type":"CommentAction","name":"Comment","target":["https:\/\/www.laguiadepamplona.com\/actualidad\/propuesta-de-actividades-organizadas-por-el-ayuntamiento-de-pamplona-del-15-al-18-de-marzo-con-plazas-libres\/#respond"]}]},{"@type":"WebPage","@id":"https:\/\/www.laguiadepamplona.com\/actualidad\/propuesta-de-actividades-organizadas-por-el-ayuntamiento-de-pamplona-del-15-al-18-de-marzo-con-plazas-libres\/","url":"https:\/\/www.laguiadepamplona.com\/actualidad\/propuesta-de-actividades-organizadas-por-el-ayuntamiento-de-pamplona-del-15-al-18-de-marzo-con-plazas-libres\/","name":"Propuesta de actividades organizadas por el Ayuntamiento de Pamplona del 15 al 18 de marzo con plazas libres","isPartOf":{"@id":"https:\/\/www.laguiadepamplona.com\/actualidad\/#website"},"primaryImageOfPage":{"@id":"https:\/\/www.laguiadepamplona.com\/actualidad\/propuesta-de-actividades-organizadas-por-el-ayuntamiento-de-pamplona-del-15-al-18-de-marzo-con-plazas-libres\/#primaryimage"},"image":{"@id":"https:\/\/www.laguiadepamplona.com\/actualidad\/propuesta-de-actividades-organizadas-por-el-ayuntamiento-de-pamplona-del-15-al-18-de-marzo-con-plazas-libres\/#primaryimage"},"thumbnailUrl":"https:\/\/www.laguiadepamplona.com\/actualidad\/wp-content\/uploads\/2021\/08\/ayuntamiento-pamplona2.jpg","datePublished":"2024-03-14T18:23:15+00:00","breadcrumb":{"@id":"https:\/\/www.laguiadepamplona.com\/actualidad\/propuesta-de-actividades-organizadas-por-el-ayuntamiento-de-pamplona-del-15-al-18-de-marzo-con-plazas-libres\/#breadcrumb"},"inLanguage":"es","potentialAction":[{"@type":"ReadAction","target":["https:\/\/www.laguiadepamplona.com\/actualidad\/propuesta-de-actividades-organizadas-por-el-ayuntamiento-de-pamplona-del-15-al-18-de-marzo-con-plazas-libres\/"]}]},{"@type":"ImageObject","inLanguage":"es","@id":"https:\/\/www.laguiadepamplona.com\/actualidad\/propuesta-de-actividades-organizadas-por-el-ayuntamiento-de-pamplona-del-15-al-18-de-marzo-con-plazas-libres\/#primaryimage","url":"https:\/\/www.laguiadepamplona.com\/actualidad\/wp-content\/uploads\/2021\/08\/ayuntamiento-pamplona2.jpg","contentUrl":"https:\/\/www.laguiadepamplona.com\/actualidad\/wp-content\/uploads\/2021\/08\/ayuntamiento-pamplona2.jpg","width":1920,"height":1080,"caption":"ayuntamiento pamplona"},{"@type":"BreadcrumbList","@id":"https:\/\/www.laguiadepamplona.com\/actualidad\/propuesta-de-actividades-organizadas-por-el-ayuntamiento-de-pamplona-del-15-al-18-de-marzo-con-plazas-libres\/#breadcrumb","itemListElement":[{"@type":"ListItem","position":1,"name":"Portada","item":"https:\/\/www.laguiadepamplona.com\/actualidad\/"},{"@type":"ListItem","position":2,"name":"Propuesta de actividades organizadas por el Ayuntamiento de Pamplona del 15 al 18 de marzo con plazas libres"}]},{"@type":"WebSite","@id":"https:\/\/www.laguiadepamplona.com\/actualidad\/#website","url":"https:\/\/www.laguiadepamplona.com\/actualidad\/","name":"La gu\u00eda de Pamplona","description":"Noticias de Pamplona","publisher":{"@id":"https:\/\/www.laguiadepamplona.com\/actualidad\/#organization"},"potentialAction":[{"@type":"SearchAction","target":{"@type":"EntryPoint","urlTemplate":"https:\/\/www.laguiadepamplona.com\/actualidad\/?s={search_term_string}"},"query-input":{"@type":"PropertyValueSpecification","valueRequired":true,"valueName":"search_term_string"}}],"inLanguage":"es"},{"@type":"Organization","@id":"https:\/\/www.laguiadepamplona.com\/actualidad\/#organization","name":"La Gu\u00eda de Pamplona \/ Noticias","url":"https:\/\/www.laguiadepamplona.com\/actualidad\/","logo":{"@type":"ImageObject","inLanguage":"es","@id":"https:\/\/www.laguiadepamplona.com\/actualidad\/#\/schema\/logo\/image\/","url":"https:\/\/www.laguiadepamplona.com\/actualidad\/wp-content\/uploads\/2018\/11\/logo-laguiadepamplona18-web1.png","contentUrl":"https:\/\/www.laguiadepamplona.com\/actualidad\/wp-content\/uploads\/2018\/11\/logo-laguiadepamplona18-web1.png","width":600,"height":196,"caption":"La Gu\u00eda de Pamplona \/ Noticias"},"image":{"@id":"https:\/\/www.laguiadepamplona.com\/actualidad\/#\/schema\/logo\/image\/"},"sameAs":["https:\/\/www.facebook.com\/laguiadepamplonacom-133175176762273\/?ref=hl","https:\/\/x.com\/LaGuiadPamplona","https:\/\/www.instagram.com\/la_guia_de_pamplona\/","https:\/\/www.youtube.com\/user\/laguiadepamplona"]},{"@type":"Person","@id":"https:\/\/www.laguiadepamplona.com\/actualidad\/#\/schema\/person\/efe887376f0213d4657c93adc50b1fdb","name":"La Gu\u00eda de Pamplona","image":{"@type":"ImageObject","inLanguage":"es","@id":"https:\/\/secure.gravatar.com\/avatar\/b6992f131dc8d30ab0dff15446e9d346d9dbd95992de0fef795073f5ea83a81c?s=96&d=mm&r=g","url":"https:\/\/secure.gravatar.com\/avatar\/b6992f131dc8d30ab0dff15446e9d346d9dbd95992de0fef795073f5ea83a81c?s=96&d=mm&r=g","contentUrl":"https:\/\/secure.gravatar.com\/avatar\/b6992f131dc8d30ab0dff15446e9d346d9dbd95992de0fef795073f5ea83a81c?s=96&d=mm&r=g","caption":"La Gu\u00eda de Pamplona"}}]}},"post_mailing_queue_ids":[],"_links":{"self":[{"href":"https:\/\/www.laguiadepamplona.com\/actualidad\/wp-json\/wp\/v2\/posts\/49075","targetHints":{"allow":["GET"]}}],"collection":[{"href":"https:\/\/www.laguiadepamplona.com\/actualidad\/wp-json\/wp\/v2\/posts"}],"about":[{"href":"https:\/\/www.laguiadepamplona.com\/actualidad\/wp-json\/wp\/v2\/types\/post"}],"author":[{"embeddable":true,"href":"https:\/\/www.laguiadepamplona.com\/actualidad\/wp-json\/wp\/v2\/users\/1"}],"replies":[{"embeddable":true,"href":"https:\/\/www.laguiadepamplona.com\/actualidad\/wp-json\/wp\/v2\/comments?post=49075"}],"version-history":[{"count":1,"href":"https:\/\/www.laguiadepamplona.com\/actualidad\/wp-json\/wp\/v2\/posts\/49075\/revisions"}],"predecessor-version":[{"id":49076,"href":"https:\/\/www.laguiadepamplona.com\/actualidad\/wp-json\/wp\/v2\/posts\/49075\/revisions\/49076"}],"wp:featuredmedia":[{"embeddable":true,"href":"https:\/\/www.laguiadepamplona.com\/actualidad\/wp-json\/wp\/v2\/media\/36074"}],"wp:attachment":[{"href":"https:\/\/www.laguiadepamplona.com\/actualidad\/wp-json\/wp\/v2\/media?parent=49075"}],"wp:term":[{"taxonomy":"category","embeddable":true,"href":"https:\/\/www.laguiadepamplona.com\/actualidad\/wp-json\/wp\/v2\/categories?post=49075"},{"taxonomy":"post_tag","embeddable":true,"href":"https:\/\/www.laguiadepamplona.com\/actualidad\/wp-json\/wp\/v2\/tags?post=49075"}],"curies":[{"name":"wp","href":"https:\/\/api.w.org\/{rel}","templated":true}]}}