{"id":49029,"date":"2024-03-11T19:37:13","date_gmt":"2024-03-11T17:37:13","guid":{"rendered":"https:\/\/www.laguiadepamplona.com\/actualidad\/?p=49029"},"modified":"2024-03-11T19:37:13","modified_gmt":"2024-03-11T17:37:13","slug":"jornada-y-cierre-salon-del-estudiante-y-el-empleo-2024","status":"publish","type":"post","link":"https:\/\/www.laguiadepamplona.com\/actualidad\/jornada-y-cierre-salon-del-estudiante-y-el-empleo-2024\/","title":{"rendered":"JORNADA y CIERRE SAL\u00d3N DEL ESTUDIANTE Y EL EMPLEO 2024"},"content":{"rendered":"<h2><strong>Acercar la Formaci\u00f3n a los estudiantes<\/strong><\/h2>\n<h2><em>El Sal\u00f3n del Estudiante y el Empleo cierra la XVII edici\u00f3n con un balance altamente positivo<\/em><\/h2>\n<p><!--more--><\/p>\n<p>El Sal\u00f3n del Estudiante y el Empleo ha cerrado esta tarde sus puertas en Baluarte con un balance totalmente positivo, gracias a la gran afluencia de j\u00f3venes en busca de orientaci\u00f3n sobre su futuro. Han sido muchos los centros que han visitado el Sal\u00f3n en visitas organizadas de colegios e institutos de Bachillerato, ESO y FP, pero adem\u00e1s, se han acercado hasta el recinto familias y profesionales de la educaci\u00f3n para asesorarse en los expositores presentes.<\/p>\n<p><script async src=\"\/\/pagead2.googlesyndication.com\/pagead\/js\/adsbygoogle.js\"><\/script><br \/>\n<!-- Noticias La Guia de Pamplona --><br \/>\n<ins class=\"adsbygoogle\"\nstyle=\"display:block\"\ndata-ad-client=\"ca-pub-6943679897239327\"\ndata-ad-slot=\"7048180777\"\ndata-ad-format=\"auto\"><\/ins><br \/>\n<script>\n(adsbygoogle = window.adsbygoogle || []).push({});\n<\/script><\/p>\n<p>Miles de personas han pasado por esta feria de formaci\u00f3n, que ha acogido una variada oferta formativa de universidades, escuelas de negocios e idiomas, centros formativos e instituciones para ofrecer informaci\u00f3n sobre las diferentes opciones de futuro profesional actualmente existentes a nivel nacional e internacional.<\/p>\n<p>La presencia de centros de idiomas ha suscitado gran inter\u00e9s por fomentar la movilidad de los estudiantes y el aprendizaje de idiomas para ampliar su formaci\u00f3n y acudir con m\u00e1s garant\u00edas a los procesos de selecci\u00f3n de las empresas. Adem\u00e1s, el espacio dedicado a los talleres pr\u00e1cticos de FP, de la mano de diversos centros que han mostrado herramientas y aplicaciones, ha congregado a un elevado n\u00famero de estudiantes para conocer m\u00e1s de cerca el \u00e1mbito pr\u00e1ctico de Formaci\u00f3n Profesional. Igualmente, muchos estudiantes han tenido la oportunidad de acercarse al perfil m\u00e1s demandado y sus necesidades por parte de empresas, tales como Acciona, BBVA o Grupo ISN, entre otras.<br \/>\n<script async src=\"\/\/pagead2.googlesyndication.com\/pagead\/js\/adsbygoogle.js\"><\/script><br \/>\n<!-- Noticias La Guia de Pamplona --><br \/>\n<ins class=\"adsbygoogle\"\nstyle=\"display:block\"\ndata-ad-client=\"ca-pub-6943679897239327\"\ndata-ad-slot=\"7048180777\"\ndata-ad-format=\"auto\"><\/ins><br \/>\n<script>\n(adsbygoogle = window.adsbygoogle || []).push({});\n<\/script><\/p>\n<p>Esta \u00faltima jornada del evento ha contado tambi\u00e9n con dos charlas formativas ante el p\u00fablico joven, a cargo de Acciona Energ\u00eda y el Departamento de Educaci\u00f3n del Gobierno de Navarra.<\/p>\n<p>Por lo tanto, esta XVII edici\u00f3n del Sal\u00f3n del Estudiante y el Empleo arroja un balance muy satisfactorio para la organizaci\u00f3n. Por un lado, motivado por el \u00e9xito de visitantes al Sal\u00f3n y, por otro, gracias a que a lo largo de las dos jornadas los centros formativos, universidades y empresas presentes en el Sal\u00f3n del Estudiante han dado respuesta a las dudas y expectativas de informaci\u00f3n planteadas por los j\u00f3venes.<\/p>\n","protected":false},"excerpt":{"rendered":"<p>Acercar la Formaci\u00f3n a los estudiantes El Sal\u00f3n del Estudiante y el Empleo cierra la XVII edici\u00f3n con un balance altamente positivo<\/p>\n","protected":false},"author":1,"featured_media":49030,"comment_status":"open","ping_status":"closed","sticky":false,"template":"","format":"standard","meta":{"footnotes":""},"categories":[2],"tags":[],"class_list":["post-49029","post","type-post","status-publish","format-standard","has-post-thumbnail","hentry","category-ayuntamiento-pamplona"],"yoast_head":"<!-- This site is optimized with the Yoast SEO plugin v27.3 - https:\/\/yoast.com\/product\/yoast-seo-wordpress\/ -->\n<title>JORNADA y CIERRE SAL\u00d3N DEL ESTUDIANTE Y EL EMPLEO 2024<\/title>\n<meta name=\"description\" content=\"El Sal\u00f3n del Estudiante y el Empleo cierra la XVII edici\u00f3n con un balance altamente positivo\" \/>\n<meta name=\"robots\" content=\"index, follow, max-snippet:-1, max-image-preview:large, max-video-preview:-1\" \/>\n<link rel=\"canonical\" href=\"https:\/\/www.laguiadepamplona.com\/actualidad\/jornada-y-cierre-salon-del-estudiante-y-el-empleo-2024\/\" \/>\n<meta property=\"og:locale\" content=\"es_ES\" \/>\n<meta property=\"og:type\" content=\"article\" \/>\n<meta property=\"og:title\" content=\"JORNADA y CIERRE SAL\u00d3N DEL ESTUDIANTE Y EL EMPLEO 2024\" \/>\n<meta property=\"og:description\" content=\"El Sal\u00f3n del Estudiante y el Empleo cierra la XVII edici\u00f3n con un balance altamente positivo\" \/>\n<meta property=\"og:url\" content=\"https:\/\/www.laguiadepamplona.com\/actualidad\/jornada-y-cierre-salon-del-estudiante-y-el-empleo-2024\/\" \/>\n<meta property=\"og:site_name\" content=\"La Gu\u00eda de Pamplona\" \/>\n<meta property=\"article:publisher\" content=\"https:\/\/www.facebook.com\/laguiadepamplonacom-133175176762273\/?ref=hl\" \/>\n<meta property=\"article:published_time\" content=\"2024-03-11T17:37:13+00:00\" \/>\n<meta property=\"og:image\" content=\"https:\/\/www.laguiadepamplona.com\/actualidad\/wp-content\/uploads\/2024\/03\/Salon-Estudiante-1.webp\" \/>\n\t<meta property=\"og:image:width\" content=\"1200\" \/>\n\t<meta property=\"og:image:height\" content=\"676\" \/>\n\t<meta property=\"og:image:type\" content=\"image\/webp\" \/>\n<meta name=\"author\" content=\"La Gu\u00eda de Pamplona\" \/>\n<meta name=\"twitter:card\" content=\"summary_large_image\" \/>\n<meta name=\"twitter:creator\" content=\"@LaGuiadPamplona\" \/>\n<meta name=\"twitter:site\" content=\"@LaGuiadPamplona\" \/>\n<meta name=\"twitter:label1\" content=\"Escrito por\" \/>\n\t<meta name=\"twitter:data1\" content=\"La Gu\u00eda de Pamplona\" \/>\n\t<meta name=\"twitter:label2\" content=\"Tiempo de lectura\" \/>\n\t<meta name=\"twitter:data2\" content=\"2 minutos\" \/>\n<script type=\"application\/ld+json\" class=\"yoast-schema-graph\">{\"@context\":\"https:\\\/\\\/schema.org\",\"@graph\":[{\"@type\":\"Article\",\"@id\":\"https:\\\/\\\/www.laguiadepamplona.com\\\/actualidad\\\/jornada-y-cierre-salon-del-estudiante-y-el-empleo-2024\\\/#article\",\"isPartOf\":{\"@id\":\"https:\\\/\\\/www.laguiadepamplona.com\\\/actualidad\\\/jornada-y-cierre-salon-del-estudiante-y-el-empleo-2024\\\/\"},\"author\":{\"name\":\"La Gu\u00eda de Pamplona\",\"@id\":\"https:\\\/\\\/www.laguiadepamplona.com\\\/actualidad\\\/#\\\/schema\\\/person\\\/efe887376f0213d4657c93adc50b1fdb\"},\"headline\":\"JORNADA y CIERRE SAL\u00d3N DEL ESTUDIANTE Y EL EMPLEO 2024\",\"datePublished\":\"2024-03-11T17:37:13+00:00\",\"mainEntityOfPage\":{\"@id\":\"https:\\\/\\\/www.laguiadepamplona.com\\\/actualidad\\\/jornada-y-cierre-salon-del-estudiante-y-el-empleo-2024\\\/\"},\"wordCount\":397,\"commentCount\":0,\"publisher\":{\"@id\":\"https:\\\/\\\/www.laguiadepamplona.com\\\/actualidad\\\/#organization\"},\"image\":{\"@id\":\"https:\\\/\\\/www.laguiadepamplona.com\\\/actualidad\\\/jornada-y-cierre-salon-del-estudiante-y-el-empleo-2024\\\/#primaryimage\"},\"thumbnailUrl\":\"https:\\\/\\\/www.laguiadepamplona.com\\\/actualidad\\\/wp-content\\\/uploads\\\/2024\\\/03\\\/Salon-Estudiante-1.webp\",\"articleSection\":[\"Ayto Pamplona\"],\"inLanguage\":\"es\",\"potentialAction\":[{\"@type\":\"CommentAction\",\"name\":\"Comment\",\"target\":[\"https:\\\/\\\/www.laguiadepamplona.com\\\/actualidad\\\/jornada-y-cierre-salon-del-estudiante-y-el-empleo-2024\\\/#respond\"]}]},{\"@type\":\"WebPage\",\"@id\":\"https:\\\/\\\/www.laguiadepamplona.com\\\/actualidad\\\/jornada-y-cierre-salon-del-estudiante-y-el-empleo-2024\\\/\",\"url\":\"https:\\\/\\\/www.laguiadepamplona.com\\\/actualidad\\\/jornada-y-cierre-salon-del-estudiante-y-el-empleo-2024\\\/\",\"name\":\"JORNADA y CIERRE SAL\u00d3N DEL ESTUDIANTE Y EL EMPLEO 2024\",\"isPartOf\":{\"@id\":\"https:\\\/\\\/www.laguiadepamplona.com\\\/actualidad\\\/#website\"},\"primaryImageOfPage\":{\"@id\":\"https:\\\/\\\/www.laguiadepamplona.com\\\/actualidad\\\/jornada-y-cierre-salon-del-estudiante-y-el-empleo-2024\\\/#primaryimage\"},\"image\":{\"@id\":\"https:\\\/\\\/www.laguiadepamplona.com\\\/actualidad\\\/jornada-y-cierre-salon-del-estudiante-y-el-empleo-2024\\\/#primaryimage\"},\"thumbnailUrl\":\"https:\\\/\\\/www.laguiadepamplona.com\\\/actualidad\\\/wp-content\\\/uploads\\\/2024\\\/03\\\/Salon-Estudiante-1.webp\",\"datePublished\":\"2024-03-11T17:37:13+00:00\",\"description\":\"El Sal\u00f3n del Estudiante y el Empleo cierra la XVII edici\u00f3n con un balance altamente positivo\",\"breadcrumb\":{\"@id\":\"https:\\\/\\\/www.laguiadepamplona.com\\\/actualidad\\\/jornada-y-cierre-salon-del-estudiante-y-el-empleo-2024\\\/#breadcrumb\"},\"inLanguage\":\"es\",\"potentialAction\":[{\"@type\":\"ReadAction\",\"target\":[\"https:\\\/\\\/www.laguiadepamplona.com\\\/actualidad\\\/jornada-y-cierre-salon-del-estudiante-y-el-empleo-2024\\\/\"]}]},{\"@type\":\"ImageObject\",\"inLanguage\":\"es\",\"@id\":\"https:\\\/\\\/www.laguiadepamplona.com\\\/actualidad\\\/jornada-y-cierre-salon-del-estudiante-y-el-empleo-2024\\\/#primaryimage\",\"url\":\"https:\\\/\\\/www.laguiadepamplona.com\\\/actualidad\\\/wp-content\\\/uploads\\\/2024\\\/03\\\/Salon-Estudiante-1.webp\",\"contentUrl\":\"https:\\\/\\\/www.laguiadepamplona.com\\\/actualidad\\\/wp-content\\\/uploads\\\/2024\\\/03\\\/Salon-Estudiante-1.webp\",\"width\":1200,\"height\":676,\"caption\":\"sal\u00f3n estudiante 2024\"},{\"@type\":\"BreadcrumbList\",\"@id\":\"https:\\\/\\\/www.laguiadepamplona.com\\\/actualidad\\\/jornada-y-cierre-salon-del-estudiante-y-el-empleo-2024\\\/#breadcrumb\",\"itemListElement\":[{\"@type\":\"ListItem\",\"position\":1,\"name\":\"Portada\",\"item\":\"https:\\\/\\\/www.laguiadepamplona.com\\\/actualidad\\\/\"},{\"@type\":\"ListItem\",\"position\":2,\"name\":\"JORNADA y CIERRE SAL\u00d3N DEL ESTUDIANTE Y EL EMPLEO 2024\"}]},{\"@type\":\"WebSite\",\"@id\":\"https:\\\/\\\/www.laguiadepamplona.com\\\/actualidad\\\/#website\",\"url\":\"https:\\\/\\\/www.laguiadepamplona.com\\\/actualidad\\\/\",\"name\":\"La gu\u00eda de Pamplona\",\"description\":\"Noticias de Pamplona\",\"publisher\":{\"@id\":\"https:\\\/\\\/www.laguiadepamplona.com\\\/actualidad\\\/#organization\"},\"potentialAction\":[{\"@type\":\"SearchAction\",\"target\":{\"@type\":\"EntryPoint\",\"urlTemplate\":\"https:\\\/\\\/www.laguiadepamplona.com\\\/actualidad\\\/?s={search_term_string}\"},\"query-input\":{\"@type\":\"PropertyValueSpecification\",\"valueRequired\":true,\"valueName\":\"search_term_string\"}}],\"inLanguage\":\"es\"},{\"@type\":\"Organization\",\"@id\":\"https:\\\/\\\/www.laguiadepamplona.com\\\/actualidad\\\/#organization\",\"name\":\"La Gu\u00eda de Pamplona \\\/ Noticias\",\"url\":\"https:\\\/\\\/www.laguiadepamplona.com\\\/actualidad\\\/\",\"logo\":{\"@type\":\"ImageObject\",\"inLanguage\":\"es\",\"@id\":\"https:\\\/\\\/www.laguiadepamplona.com\\\/actualidad\\\/#\\\/schema\\\/logo\\\/image\\\/\",\"url\":\"https:\\\/\\\/www.laguiadepamplona.com\\\/actualidad\\\/wp-content\\\/uploads\\\/2018\\\/11\\\/logo-laguiadepamplona18-web1.png\",\"contentUrl\":\"https:\\\/\\\/www.laguiadepamplona.com\\\/actualidad\\\/wp-content\\\/uploads\\\/2018\\\/11\\\/logo-laguiadepamplona18-web1.png\",\"width\":600,\"height\":196,\"caption\":\"La Gu\u00eda de Pamplona \\\/ Noticias\"},\"image\":{\"@id\":\"https:\\\/\\\/www.laguiadepamplona.com\\\/actualidad\\\/#\\\/schema\\\/logo\\\/image\\\/\"},\"sameAs\":[\"https:\\\/\\\/www.facebook.com\\\/laguiadepamplonacom-133175176762273\\\/?ref=hl\",\"https:\\\/\\\/x.com\\\/LaGuiadPamplona\",\"https:\\\/\\\/www.instagram.com\\\/la_guia_de_pamplona\\\/\",\"https:\\\/\\\/www.youtube.com\\\/user\\\/laguiadepamplona\"]},{\"@type\":\"Person\",\"@id\":\"https:\\\/\\\/www.laguiadepamplona.com\\\/actualidad\\\/#\\\/schema\\\/person\\\/efe887376f0213d4657c93adc50b1fdb\",\"name\":\"La Gu\u00eda de Pamplona\",\"image\":{\"@type\":\"ImageObject\",\"inLanguage\":\"es\",\"@id\":\"https:\\\/\\\/secure.gravatar.com\\\/avatar\\\/b6992f131dc8d30ab0dff15446e9d346d9dbd95992de0fef795073f5ea83a81c?s=96&d=mm&r=g\",\"url\":\"https:\\\/\\\/secure.gravatar.com\\\/avatar\\\/b6992f131dc8d30ab0dff15446e9d346d9dbd95992de0fef795073f5ea83a81c?s=96&d=mm&r=g\",\"contentUrl\":\"https:\\\/\\\/secure.gravatar.com\\\/avatar\\\/b6992f131dc8d30ab0dff15446e9d346d9dbd95992de0fef795073f5ea83a81c?s=96&d=mm&r=g\",\"caption\":\"La Gu\u00eda de Pamplona\"}}]}<\/script>\n<!-- \/ Yoast SEO plugin. -->","yoast_head_json":{"title":"JORNADA y CIERRE SAL\u00d3N DEL ESTUDIANTE Y EL EMPLEO 2024","description":"El Sal\u00f3n del Estudiante y el Empleo cierra la XVII edici\u00f3n con un balance altamente positivo","robots":{"index":"index","follow":"follow","max-snippet":"max-snippet:-1","max-image-preview":"max-image-preview:large","max-video-preview":"max-video-preview:-1"},"canonical":"https:\/\/www.laguiadepamplona.com\/actualidad\/jornada-y-cierre-salon-del-estudiante-y-el-empleo-2024\/","og_locale":"es_ES","og_type":"article","og_title":"JORNADA y CIERRE SAL\u00d3N DEL ESTUDIANTE Y EL EMPLEO 2024","og_description":"El Sal\u00f3n del Estudiante y el Empleo cierra la XVII edici\u00f3n con un balance altamente positivo","og_url":"https:\/\/www.laguiadepamplona.com\/actualidad\/jornada-y-cierre-salon-del-estudiante-y-el-empleo-2024\/","og_site_name":"La Gu\u00eda de Pamplona","article_publisher":"https:\/\/www.facebook.com\/laguiadepamplonacom-133175176762273\/?ref=hl","article_published_time":"2024-03-11T17:37:13+00:00","og_image":[{"width":1200,"height":676,"url":"https:\/\/www.laguiadepamplona.com\/actualidad\/wp-content\/uploads\/2024\/03\/Salon-Estudiante-1.webp","type":"image\/webp"}],"author":"La Gu\u00eda de Pamplona","twitter_card":"summary_large_image","twitter_creator":"@LaGuiadPamplona","twitter_site":"@LaGuiadPamplona","twitter_misc":{"Escrito por":"La Gu\u00eda de Pamplona","Tiempo de lectura":"2 minutos"},"schema":{"@context":"https:\/\/schema.org","@graph":[{"@type":"Article","@id":"https:\/\/www.laguiadepamplona.com\/actualidad\/jornada-y-cierre-salon-del-estudiante-y-el-empleo-2024\/#article","isPartOf":{"@id":"https:\/\/www.laguiadepamplona.com\/actualidad\/jornada-y-cierre-salon-del-estudiante-y-el-empleo-2024\/"},"author":{"name":"La Gu\u00eda de Pamplona","@id":"https:\/\/www.laguiadepamplona.com\/actualidad\/#\/schema\/person\/efe887376f0213d4657c93adc50b1fdb"},"headline":"JORNADA y CIERRE SAL\u00d3N DEL ESTUDIANTE Y EL EMPLEO 2024","datePublished":"2024-03-11T17:37:13+00:00","mainEntityOfPage":{"@id":"https:\/\/www.laguiadepamplona.com\/actualidad\/jornada-y-cierre-salon-del-estudiante-y-el-empleo-2024\/"},"wordCount":397,"commentCount":0,"publisher":{"@id":"https:\/\/www.laguiadepamplona.com\/actualidad\/#organization"},"image":{"@id":"https:\/\/www.laguiadepamplona.com\/actualidad\/jornada-y-cierre-salon-del-estudiante-y-el-empleo-2024\/#primaryimage"},"thumbnailUrl":"https:\/\/www.laguiadepamplona.com\/actualidad\/wp-content\/uploads\/2024\/03\/Salon-Estudiante-1.webp","articleSection":["Ayto Pamplona"],"inLanguage":"es","potentialAction":[{"@type":"CommentAction","name":"Comment","target":["https:\/\/www.laguiadepamplona.com\/actualidad\/jornada-y-cierre-salon-del-estudiante-y-el-empleo-2024\/#respond"]}]},{"@type":"WebPage","@id":"https:\/\/www.laguiadepamplona.com\/actualidad\/jornada-y-cierre-salon-del-estudiante-y-el-empleo-2024\/","url":"https:\/\/www.laguiadepamplona.com\/actualidad\/jornada-y-cierre-salon-del-estudiante-y-el-empleo-2024\/","name":"JORNADA y CIERRE SAL\u00d3N DEL ESTUDIANTE Y EL EMPLEO 2024","isPartOf":{"@id":"https:\/\/www.laguiadepamplona.com\/actualidad\/#website"},"primaryImageOfPage":{"@id":"https:\/\/www.laguiadepamplona.com\/actualidad\/jornada-y-cierre-salon-del-estudiante-y-el-empleo-2024\/#primaryimage"},"image":{"@id":"https:\/\/www.laguiadepamplona.com\/actualidad\/jornada-y-cierre-salon-del-estudiante-y-el-empleo-2024\/#primaryimage"},"thumbnailUrl":"https:\/\/www.laguiadepamplona.com\/actualidad\/wp-content\/uploads\/2024\/03\/Salon-Estudiante-1.webp","datePublished":"2024-03-11T17:37:13+00:00","description":"El Sal\u00f3n del Estudiante y el Empleo cierra la XVII edici\u00f3n con un balance altamente positivo","breadcrumb":{"@id":"https:\/\/www.laguiadepamplona.com\/actualidad\/jornada-y-cierre-salon-del-estudiante-y-el-empleo-2024\/#breadcrumb"},"inLanguage":"es","potentialAction":[{"@type":"ReadAction","target":["https:\/\/www.laguiadepamplona.com\/actualidad\/jornada-y-cierre-salon-del-estudiante-y-el-empleo-2024\/"]}]},{"@type":"ImageObject","inLanguage":"es","@id":"https:\/\/www.laguiadepamplona.com\/actualidad\/jornada-y-cierre-salon-del-estudiante-y-el-empleo-2024\/#primaryimage","url":"https:\/\/www.laguiadepamplona.com\/actualidad\/wp-content\/uploads\/2024\/03\/Salon-Estudiante-1.webp","contentUrl":"https:\/\/www.laguiadepamplona.com\/actualidad\/wp-content\/uploads\/2024\/03\/Salon-Estudiante-1.webp","width":1200,"height":676,"caption":"sal\u00f3n estudiante 2024"},{"@type":"BreadcrumbList","@id":"https:\/\/www.laguiadepamplona.com\/actualidad\/jornada-y-cierre-salon-del-estudiante-y-el-empleo-2024\/#breadcrumb","itemListElement":[{"@type":"ListItem","position":1,"name":"Portada","item":"https:\/\/www.laguiadepamplona.com\/actualidad\/"},{"@type":"ListItem","position":2,"name":"JORNADA y CIERRE SAL\u00d3N DEL ESTUDIANTE Y EL EMPLEO 2024"}]},{"@type":"WebSite","@id":"https:\/\/www.laguiadepamplona.com\/actualidad\/#website","url":"https:\/\/www.laguiadepamplona.com\/actualidad\/","name":"La gu\u00eda de Pamplona","description":"Noticias de Pamplona","publisher":{"@id":"https:\/\/www.laguiadepamplona.com\/actualidad\/#organization"},"potentialAction":[{"@type":"SearchAction","target":{"@type":"EntryPoint","urlTemplate":"https:\/\/www.laguiadepamplona.com\/actualidad\/?s={search_term_string}"},"query-input":{"@type":"PropertyValueSpecification","valueRequired":true,"valueName":"search_term_string"}}],"inLanguage":"es"},{"@type":"Organization","@id":"https:\/\/www.laguiadepamplona.com\/actualidad\/#organization","name":"La Gu\u00eda de Pamplona \/ Noticias","url":"https:\/\/www.laguiadepamplona.com\/actualidad\/","logo":{"@type":"ImageObject","inLanguage":"es","@id":"https:\/\/www.laguiadepamplona.com\/actualidad\/#\/schema\/logo\/image\/","url":"https:\/\/www.laguiadepamplona.com\/actualidad\/wp-content\/uploads\/2018\/11\/logo-laguiadepamplona18-web1.png","contentUrl":"https:\/\/www.laguiadepamplona.com\/actualidad\/wp-content\/uploads\/2018\/11\/logo-laguiadepamplona18-web1.png","width":600,"height":196,"caption":"La Gu\u00eda de Pamplona \/ Noticias"},"image":{"@id":"https:\/\/www.laguiadepamplona.com\/actualidad\/#\/schema\/logo\/image\/"},"sameAs":["https:\/\/www.facebook.com\/laguiadepamplonacom-133175176762273\/?ref=hl","https:\/\/x.com\/LaGuiadPamplona","https:\/\/www.instagram.com\/la_guia_de_pamplona\/","https:\/\/www.youtube.com\/user\/laguiadepamplona"]},{"@type":"Person","@id":"https:\/\/www.laguiadepamplona.com\/actualidad\/#\/schema\/person\/efe887376f0213d4657c93adc50b1fdb","name":"La Gu\u00eda de Pamplona","image":{"@type":"ImageObject","inLanguage":"es","@id":"https:\/\/secure.gravatar.com\/avatar\/b6992f131dc8d30ab0dff15446e9d346d9dbd95992de0fef795073f5ea83a81c?s=96&d=mm&r=g","url":"https:\/\/secure.gravatar.com\/avatar\/b6992f131dc8d30ab0dff15446e9d346d9dbd95992de0fef795073f5ea83a81c?s=96&d=mm&r=g","contentUrl":"https:\/\/secure.gravatar.com\/avatar\/b6992f131dc8d30ab0dff15446e9d346d9dbd95992de0fef795073f5ea83a81c?s=96&d=mm&r=g","caption":"La Gu\u00eda de Pamplona"}}]}},"post_mailing_queue_ids":[],"_links":{"self":[{"href":"https:\/\/www.laguiadepamplona.com\/actualidad\/wp-json\/wp\/v2\/posts\/49029","targetHints":{"allow":["GET"]}}],"collection":[{"href":"https:\/\/www.laguiadepamplona.com\/actualidad\/wp-json\/wp\/v2\/posts"}],"about":[{"href":"https:\/\/www.laguiadepamplona.com\/actualidad\/wp-json\/wp\/v2\/types\/post"}],"author":[{"embeddable":true,"href":"https:\/\/www.laguiadepamplona.com\/actualidad\/wp-json\/wp\/v2\/users\/1"}],"replies":[{"embeddable":true,"href":"https:\/\/www.laguiadepamplona.com\/actualidad\/wp-json\/wp\/v2\/comments?post=49029"}],"version-history":[{"count":1,"href":"https:\/\/www.laguiadepamplona.com\/actualidad\/wp-json\/wp\/v2\/posts\/49029\/revisions"}],"predecessor-version":[{"id":49031,"href":"https:\/\/www.laguiadepamplona.com\/actualidad\/wp-json\/wp\/v2\/posts\/49029\/revisions\/49031"}],"wp:featuredmedia":[{"embeddable":true,"href":"https:\/\/www.laguiadepamplona.com\/actualidad\/wp-json\/wp\/v2\/media\/49030"}],"wp:attachment":[{"href":"https:\/\/www.laguiadepamplona.com\/actualidad\/wp-json\/wp\/v2\/media?parent=49029"}],"wp:term":[{"taxonomy":"category","embeddable":true,"href":"https:\/\/www.laguiadepamplona.com\/actualidad\/wp-json\/wp\/v2\/categories?post=49029"},{"taxonomy":"post_tag","embeddable":true,"href":"https:\/\/www.laguiadepamplona.com\/actualidad\/wp-json\/wp\/v2\/tags?post=49029"}],"curies":[{"name":"wp","href":"https:\/\/api.w.org\/{rel}","templated":true}]}}