{"id":49019,"date":"2024-03-11T14:32:00","date_gmt":"2024-03-11T12:32:00","guid":{"rendered":"https:\/\/www.laguiadepamplona.com\/actualidad\/?p=49019"},"modified":"2024-03-11T14:32:00","modified_gmt":"2024-03-11T12:32:00","slug":"la-junta-de-gobierno-local-insta-a-reconocer-a-angel-berrueta-y-su-familia-como-victimas-de-motivacion-politica-y-se-suma-a-los-actos-de-la-plataforma-angel-gogoan","status":"publish","type":"post","link":"https:\/\/www.laguiadepamplona.com\/actualidad\/la-junta-de-gobierno-local-insta-a-reconocer-a-angel-berrueta-y-su-familia-como-victimas-de-motivacion-politica-y-se-suma-a-los-actos-de-la-plataforma-angel-gogoan\/","title":{"rendered":"La Junta de Gobierno Local insta a reconocer a \u00c1ngel Berrueta y su familia como v\u00edctimas de motivaci\u00f3n pol\u00edtica y se suma a los actos de la plataforma \u2018Angel Gogoan\u2019"},"content":{"rendered":"<p><!--more--><\/p>\n<p>La Junta del Gobierno Local del Ayuntamiento de Pamplona, reunida esta ma\u00f1ana en sesi\u00f3n ordinaria, ha acordado \u201cinstar al Gobierno de Navarra a que reconozca a Angel Berrueta y su familia como v\u00edctimas de motivaci\u00f3n pol\u00edtica\u201d, cuando se cumplen dos d\u00e9cadas de su asesinato. El 13 de marzo de 2004 fue la fecha en la que el vecino de Pamplona Angel Berrueta Legaz fue asesinado en su comercio de la calle Mart\u00edn Azpilicueta por Valeriano de la Pe\u00f1a, polic\u00eda nacional, y su hijo, Miguel Jos\u00e9 de la Pe\u00f1a.<br \/>\n<script async src=\"\/\/pagead2.googlesyndication.com\/pagead\/js\/adsbygoogle.js\"><\/script><br \/>\n<!-- Noticias La Guia de Pamplona --><br \/>\n<ins class=\"adsbygoogle\"\nstyle=\"display:block\"\ndata-ad-client=\"ca-pub-6943679897239327\"\ndata-ad-slot=\"7048180777\"\ndata-ad-format=\"auto\"><\/ins><br \/>\n<script>\n(adsbygoogle = window.adsbygoogle || []).push({});\n<\/script><br \/>\nSeg\u00fan el texto aprobado, \u201c20 a\u00f1os despu\u00e9s de aquellos tr\u00e1gicos sucesos, los familiares de Angel Berrueta siguen sin obtener el derecho a la verdad, justicia y reparaci\u00f3n que deben tener todas las v\u00edctimas de la violencia\u201d. El asesinato, dice la declaraci\u00f3n, se produjo en el contexto de \u201ccrispaci\u00f3n pol\u00edtica deliberadamente alentada por el Gobierno del Partido Popular tras los atentados del 11-M en Madrid\u201d y recuerda que \u201cla sentencia del Tribunal Superior de Justicia reconoci\u00f3 como agravante (\u2026) la motivaci\u00f3n ideol\u00f3gica, confirmando que fue un crimen con connotaciones pol\u00edticas\u201d.<\/p>\n<p>As\u00ed, la Junta de Gobierno Local acuerda \u201creconocer la motivaci\u00f3n ideol\u00f3gica y \/ o por motivos pol\u00edticos del asesinato de Angel Berrueta Legaz\u201d y \u201capoyar los actos conmemorativos que la plataforma \u201cAngel Gogoan\u201d realice al hilo de este 20 aniversario\u201d.<\/p>\n","protected":false},"excerpt":{"rendered":"","protected":false},"author":1,"featured_media":41391,"comment_status":"open","ping_status":"closed","sticky":false,"template":"","format":"standard","meta":{"footnotes":""},"categories":[2],"tags":[],"class_list":["post-49019","post","type-post","status-publish","format-standard","has-post-thumbnail","hentry","category-ayuntamiento-pamplona"],"yoast_head":"<!-- This site is optimized with the Yoast SEO plugin v27.3 - https:\/\/yoast.com\/product\/yoast-seo-wordpress\/ -->\n<title>La Junta de Gobierno Local insta a reconocer a \u00c1ngel Berrueta y su familia como v\u00edctimas de motivaci\u00f3n pol\u00edtica y se suma a los actos de la plataforma \u2018Angel Gogoan\u2019<\/title>\n<meta name=\"description\" content=\"El 13 de marzo de 2004 fue la fecha en la que el vecino de Pamplona Angel Berrueta Legaz fue asesinado en su comercio\" \/>\n<meta name=\"robots\" content=\"index, follow, max-snippet:-1, max-image-preview:large, max-video-preview:-1\" \/>\n<link rel=\"canonical\" href=\"https:\/\/www.laguiadepamplona.com\/actualidad\/la-junta-de-gobierno-local-insta-a-reconocer-a-angel-berrueta-y-su-familia-como-victimas-de-motivacion-politica-y-se-suma-a-los-actos-de-la-plataforma-angel-gogoan\/\" \/>\n<meta property=\"og:locale\" content=\"es_ES\" \/>\n<meta property=\"og:type\" content=\"article\" \/>\n<meta property=\"og:title\" content=\"La Junta de Gobierno Local insta a reconocer a \u00c1ngel Berrueta y su familia como v\u00edctimas de motivaci\u00f3n pol\u00edtica y se suma a los actos de la plataforma \u2018Angel Gogoan\u2019\" \/>\n<meta property=\"og:description\" content=\"El 13 de marzo de 2004 fue la fecha en la que el vecino de Pamplona Angel Berrueta Legaz fue asesinado en su comercio\" \/>\n<meta property=\"og:url\" content=\"https:\/\/www.laguiadepamplona.com\/actualidad\/la-junta-de-gobierno-local-insta-a-reconocer-a-angel-berrueta-y-su-familia-como-victimas-de-motivacion-politica-y-se-suma-a-los-actos-de-la-plataforma-angel-gogoan\/\" \/>\n<meta property=\"og:site_name\" content=\"La Gu\u00eda de Pamplona\" \/>\n<meta property=\"article:publisher\" content=\"https:\/\/www.facebook.com\/laguiadepamplonacom-133175176762273\/?ref=hl\" \/>\n<meta property=\"article:published_time\" content=\"2024-03-11T12:32:00+00:00\" \/>\n<meta property=\"og:image\" content=\"https:\/\/www.laguiadepamplona.com\/actualidad\/wp-content\/uploads\/2022\/08\/reloj_ayuntamiento.webp\" \/>\n\t<meta property=\"og:image:width\" content=\"1920\" \/>\n\t<meta property=\"og:image:height\" content=\"1245\" \/>\n\t<meta property=\"og:image:type\" content=\"image\/webp\" \/>\n<meta name=\"author\" content=\"La Gu\u00eda de Pamplona\" \/>\n<meta name=\"twitter:card\" content=\"summary_large_image\" \/>\n<meta name=\"twitter:creator\" content=\"@LaGuiadPamplona\" \/>\n<meta name=\"twitter:site\" content=\"@LaGuiadPamplona\" \/>\n<meta name=\"twitter:label1\" content=\"Escrito por\" \/>\n\t<meta name=\"twitter:data1\" content=\"La Gu\u00eda de Pamplona\" \/>\n\t<meta name=\"twitter:label2\" content=\"Tiempo de lectura\" \/>\n\t<meta name=\"twitter:data2\" content=\"2 minutos\" \/>\n<script type=\"application\/ld+json\" class=\"yoast-schema-graph\">{\"@context\":\"https:\\\/\\\/schema.org\",\"@graph\":[{\"@type\":\"Article\",\"@id\":\"https:\\\/\\\/www.laguiadepamplona.com\\\/actualidad\\\/la-junta-de-gobierno-local-insta-a-reconocer-a-angel-berrueta-y-su-familia-como-victimas-de-motivacion-politica-y-se-suma-a-los-actos-de-la-plataforma-angel-gogoan\\\/#article\",\"isPartOf\":{\"@id\":\"https:\\\/\\\/www.laguiadepamplona.com\\\/actualidad\\\/la-junta-de-gobierno-local-insta-a-reconocer-a-angel-berrueta-y-su-familia-como-victimas-de-motivacion-politica-y-se-suma-a-los-actos-de-la-plataforma-angel-gogoan\\\/\"},\"author\":{\"name\":\"La Gu\u00eda de Pamplona\",\"@id\":\"https:\\\/\\\/www.laguiadepamplona.com\\\/actualidad\\\/#\\\/schema\\\/person\\\/efe887376f0213d4657c93adc50b1fdb\"},\"headline\":\"La Junta de Gobierno Local insta a reconocer a \u00c1ngel Berrueta y su familia como v\u00edctimas de motivaci\u00f3n pol\u00edtica y se suma a los actos de la plataforma \u2018Angel Gogoan\u2019\",\"datePublished\":\"2024-03-11T12:32:00+00:00\",\"mainEntityOfPage\":{\"@id\":\"https:\\\/\\\/www.laguiadepamplona.com\\\/actualidad\\\/la-junta-de-gobierno-local-insta-a-reconocer-a-angel-berrueta-y-su-familia-como-victimas-de-motivacion-politica-y-se-suma-a-los-actos-de-la-plataforma-angel-gogoan\\\/\"},\"wordCount\":269,\"commentCount\":0,\"publisher\":{\"@id\":\"https:\\\/\\\/www.laguiadepamplona.com\\\/actualidad\\\/#organization\"},\"image\":{\"@id\":\"https:\\\/\\\/www.laguiadepamplona.com\\\/actualidad\\\/la-junta-de-gobierno-local-insta-a-reconocer-a-angel-berrueta-y-su-familia-como-victimas-de-motivacion-politica-y-se-suma-a-los-actos-de-la-plataforma-angel-gogoan\\\/#primaryimage\"},\"thumbnailUrl\":\"https:\\\/\\\/www.laguiadepamplona.com\\\/actualidad\\\/wp-content\\\/uploads\\\/2022\\\/08\\\/reloj_ayuntamiento.webp\",\"articleSection\":[\"Ayto Pamplona\"],\"inLanguage\":\"es\",\"potentialAction\":[{\"@type\":\"CommentAction\",\"name\":\"Comment\",\"target\":[\"https:\\\/\\\/www.laguiadepamplona.com\\\/actualidad\\\/la-junta-de-gobierno-local-insta-a-reconocer-a-angel-berrueta-y-su-familia-como-victimas-de-motivacion-politica-y-se-suma-a-los-actos-de-la-plataforma-angel-gogoan\\\/#respond\"]}]},{\"@type\":\"WebPage\",\"@id\":\"https:\\\/\\\/www.laguiadepamplona.com\\\/actualidad\\\/la-junta-de-gobierno-local-insta-a-reconocer-a-angel-berrueta-y-su-familia-como-victimas-de-motivacion-politica-y-se-suma-a-los-actos-de-la-plataforma-angel-gogoan\\\/\",\"url\":\"https:\\\/\\\/www.laguiadepamplona.com\\\/actualidad\\\/la-junta-de-gobierno-local-insta-a-reconocer-a-angel-berrueta-y-su-familia-como-victimas-de-motivacion-politica-y-se-suma-a-los-actos-de-la-plataforma-angel-gogoan\\\/\",\"name\":\"La Junta de Gobierno Local insta a reconocer a \u00c1ngel Berrueta y su familia como v\u00edctimas de motivaci\u00f3n pol\u00edtica y se suma a los actos de la plataforma \u2018Angel Gogoan\u2019\",\"isPartOf\":{\"@id\":\"https:\\\/\\\/www.laguiadepamplona.com\\\/actualidad\\\/#website\"},\"primaryImageOfPage\":{\"@id\":\"https:\\\/\\\/www.laguiadepamplona.com\\\/actualidad\\\/la-junta-de-gobierno-local-insta-a-reconocer-a-angel-berrueta-y-su-familia-como-victimas-de-motivacion-politica-y-se-suma-a-los-actos-de-la-plataforma-angel-gogoan\\\/#primaryimage\"},\"image\":{\"@id\":\"https:\\\/\\\/www.laguiadepamplona.com\\\/actualidad\\\/la-junta-de-gobierno-local-insta-a-reconocer-a-angel-berrueta-y-su-familia-como-victimas-de-motivacion-politica-y-se-suma-a-los-actos-de-la-plataforma-angel-gogoan\\\/#primaryimage\"},\"thumbnailUrl\":\"https:\\\/\\\/www.laguiadepamplona.com\\\/actualidad\\\/wp-content\\\/uploads\\\/2022\\\/08\\\/reloj_ayuntamiento.webp\",\"datePublished\":\"2024-03-11T12:32:00+00:00\",\"description\":\"El 13 de marzo de 2004 fue la fecha en la que el vecino de Pamplona Angel Berrueta Legaz fue asesinado en su comercio\",\"breadcrumb\":{\"@id\":\"https:\\\/\\\/www.laguiadepamplona.com\\\/actualidad\\\/la-junta-de-gobierno-local-insta-a-reconocer-a-angel-berrueta-y-su-familia-como-victimas-de-motivacion-politica-y-se-suma-a-los-actos-de-la-plataforma-angel-gogoan\\\/#breadcrumb\"},\"inLanguage\":\"es\",\"potentialAction\":[{\"@type\":\"ReadAction\",\"target\":[\"https:\\\/\\\/www.laguiadepamplona.com\\\/actualidad\\\/la-junta-de-gobierno-local-insta-a-reconocer-a-angel-berrueta-y-su-familia-como-victimas-de-motivacion-politica-y-se-suma-a-los-actos-de-la-plataforma-angel-gogoan\\\/\"]}]},{\"@type\":\"ImageObject\",\"inLanguage\":\"es\",\"@id\":\"https:\\\/\\\/www.laguiadepamplona.com\\\/actualidad\\\/la-junta-de-gobierno-local-insta-a-reconocer-a-angel-berrueta-y-su-familia-como-victimas-de-motivacion-politica-y-se-suma-a-los-actos-de-la-plataforma-angel-gogoan\\\/#primaryimage\",\"url\":\"https:\\\/\\\/www.laguiadepamplona.com\\\/actualidad\\\/wp-content\\\/uploads\\\/2022\\\/08\\\/reloj_ayuntamiento.webp\",\"contentUrl\":\"https:\\\/\\\/www.laguiadepamplona.com\\\/actualidad\\\/wp-content\\\/uploads\\\/2022\\\/08\\\/reloj_ayuntamiento.webp\",\"width\":1920,\"height\":1245,\"caption\":\"ayuntamiento\"},{\"@type\":\"BreadcrumbList\",\"@id\":\"https:\\\/\\\/www.laguiadepamplona.com\\\/actualidad\\\/la-junta-de-gobierno-local-insta-a-reconocer-a-angel-berrueta-y-su-familia-como-victimas-de-motivacion-politica-y-se-suma-a-los-actos-de-la-plataforma-angel-gogoan\\\/#breadcrumb\",\"itemListElement\":[{\"@type\":\"ListItem\",\"position\":1,\"name\":\"Portada\",\"item\":\"https:\\\/\\\/www.laguiadepamplona.com\\\/actualidad\\\/\"},{\"@type\":\"ListItem\",\"position\":2,\"name\":\"La Junta de Gobierno Local insta a reconocer a \u00c1ngel Berrueta y su familia como v\u00edctimas de motivaci\u00f3n pol\u00edtica y se suma a los actos de la plataforma \u2018Angel Gogoan\u2019\"}]},{\"@type\":\"WebSite\",\"@id\":\"https:\\\/\\\/www.laguiadepamplona.com\\\/actualidad\\\/#website\",\"url\":\"https:\\\/\\\/www.laguiadepamplona.com\\\/actualidad\\\/\",\"name\":\"La gu\u00eda de Pamplona\",\"description\":\"Noticias de Pamplona\",\"publisher\":{\"@id\":\"https:\\\/\\\/www.laguiadepamplona.com\\\/actualidad\\\/#organization\"},\"potentialAction\":[{\"@type\":\"SearchAction\",\"target\":{\"@type\":\"EntryPoint\",\"urlTemplate\":\"https:\\\/\\\/www.laguiadepamplona.com\\\/actualidad\\\/?s={search_term_string}\"},\"query-input\":{\"@type\":\"PropertyValueSpecification\",\"valueRequired\":true,\"valueName\":\"search_term_string\"}}],\"inLanguage\":\"es\"},{\"@type\":\"Organization\",\"@id\":\"https:\\\/\\\/www.laguiadepamplona.com\\\/actualidad\\\/#organization\",\"name\":\"La Gu\u00eda de Pamplona \\\/ Noticias\",\"url\":\"https:\\\/\\\/www.laguiadepamplona.com\\\/actualidad\\\/\",\"logo\":{\"@type\":\"ImageObject\",\"inLanguage\":\"es\",\"@id\":\"https:\\\/\\\/www.laguiadepamplona.com\\\/actualidad\\\/#\\\/schema\\\/logo\\\/image\\\/\",\"url\":\"https:\\\/\\\/www.laguiadepamplona.com\\\/actualidad\\\/wp-content\\\/uploads\\\/2018\\\/11\\\/logo-laguiadepamplona18-web1.png\",\"contentUrl\":\"https:\\\/\\\/www.laguiadepamplona.com\\\/actualidad\\\/wp-content\\\/uploads\\\/2018\\\/11\\\/logo-laguiadepamplona18-web1.png\",\"width\":600,\"height\":196,\"caption\":\"La Gu\u00eda de Pamplona \\\/ Noticias\"},\"image\":{\"@id\":\"https:\\\/\\\/www.laguiadepamplona.com\\\/actualidad\\\/#\\\/schema\\\/logo\\\/image\\\/\"},\"sameAs\":[\"https:\\\/\\\/www.facebook.com\\\/laguiadepamplonacom-133175176762273\\\/?ref=hl\",\"https:\\\/\\\/x.com\\\/LaGuiadPamplona\",\"https:\\\/\\\/www.instagram.com\\\/la_guia_de_pamplona\\\/\",\"https:\\\/\\\/www.youtube.com\\\/user\\\/laguiadepamplona\"]},{\"@type\":\"Person\",\"@id\":\"https:\\\/\\\/www.laguiadepamplona.com\\\/actualidad\\\/#\\\/schema\\\/person\\\/efe887376f0213d4657c93adc50b1fdb\",\"name\":\"La Gu\u00eda de Pamplona\",\"image\":{\"@type\":\"ImageObject\",\"inLanguage\":\"es\",\"@id\":\"https:\\\/\\\/secure.gravatar.com\\\/avatar\\\/b6992f131dc8d30ab0dff15446e9d346d9dbd95992de0fef795073f5ea83a81c?s=96&d=mm&r=g\",\"url\":\"https:\\\/\\\/secure.gravatar.com\\\/avatar\\\/b6992f131dc8d30ab0dff15446e9d346d9dbd95992de0fef795073f5ea83a81c?s=96&d=mm&r=g\",\"contentUrl\":\"https:\\\/\\\/secure.gravatar.com\\\/avatar\\\/b6992f131dc8d30ab0dff15446e9d346d9dbd95992de0fef795073f5ea83a81c?s=96&d=mm&r=g\",\"caption\":\"La Gu\u00eda de Pamplona\"}}]}<\/script>\n<!-- \/ Yoast SEO plugin. -->","yoast_head_json":{"title":"La Junta de Gobierno Local insta a reconocer a \u00c1ngel Berrueta y su familia como v\u00edctimas de motivaci\u00f3n pol\u00edtica y se suma a los actos de la plataforma \u2018Angel Gogoan\u2019","description":"El 13 de marzo de 2004 fue la fecha en la que el vecino de Pamplona Angel Berrueta Legaz fue asesinado en su comercio","robots":{"index":"index","follow":"follow","max-snippet":"max-snippet:-1","max-image-preview":"max-image-preview:large","max-video-preview":"max-video-preview:-1"},"canonical":"https:\/\/www.laguiadepamplona.com\/actualidad\/la-junta-de-gobierno-local-insta-a-reconocer-a-angel-berrueta-y-su-familia-como-victimas-de-motivacion-politica-y-se-suma-a-los-actos-de-la-plataforma-angel-gogoan\/","og_locale":"es_ES","og_type":"article","og_title":"La Junta de Gobierno Local insta a reconocer a \u00c1ngel Berrueta y su familia como v\u00edctimas de motivaci\u00f3n pol\u00edtica y se suma a los actos de la plataforma \u2018Angel Gogoan\u2019","og_description":"El 13 de marzo de 2004 fue la fecha en la que el vecino de Pamplona Angel Berrueta Legaz fue asesinado en su comercio","og_url":"https:\/\/www.laguiadepamplona.com\/actualidad\/la-junta-de-gobierno-local-insta-a-reconocer-a-angel-berrueta-y-su-familia-como-victimas-de-motivacion-politica-y-se-suma-a-los-actos-de-la-plataforma-angel-gogoan\/","og_site_name":"La Gu\u00eda de Pamplona","article_publisher":"https:\/\/www.facebook.com\/laguiadepamplonacom-133175176762273\/?ref=hl","article_published_time":"2024-03-11T12:32:00+00:00","og_image":[{"width":1920,"height":1245,"url":"https:\/\/www.laguiadepamplona.com\/actualidad\/wp-content\/uploads\/2022\/08\/reloj_ayuntamiento.webp","type":"image\/webp"}],"author":"La Gu\u00eda de Pamplona","twitter_card":"summary_large_image","twitter_creator":"@LaGuiadPamplona","twitter_site":"@LaGuiadPamplona","twitter_misc":{"Escrito por":"La Gu\u00eda de Pamplona","Tiempo de lectura":"2 minutos"},"schema":{"@context":"https:\/\/schema.org","@graph":[{"@type":"Article","@id":"https:\/\/www.laguiadepamplona.com\/actualidad\/la-junta-de-gobierno-local-insta-a-reconocer-a-angel-berrueta-y-su-familia-como-victimas-de-motivacion-politica-y-se-suma-a-los-actos-de-la-plataforma-angel-gogoan\/#article","isPartOf":{"@id":"https:\/\/www.laguiadepamplona.com\/actualidad\/la-junta-de-gobierno-local-insta-a-reconocer-a-angel-berrueta-y-su-familia-como-victimas-de-motivacion-politica-y-se-suma-a-los-actos-de-la-plataforma-angel-gogoan\/"},"author":{"name":"La Gu\u00eda de Pamplona","@id":"https:\/\/www.laguiadepamplona.com\/actualidad\/#\/schema\/person\/efe887376f0213d4657c93adc50b1fdb"},"headline":"La Junta de Gobierno Local insta a reconocer a \u00c1ngel Berrueta y su familia como v\u00edctimas de motivaci\u00f3n pol\u00edtica y se suma a los actos de la plataforma \u2018Angel Gogoan\u2019","datePublished":"2024-03-11T12:32:00+00:00","mainEntityOfPage":{"@id":"https:\/\/www.laguiadepamplona.com\/actualidad\/la-junta-de-gobierno-local-insta-a-reconocer-a-angel-berrueta-y-su-familia-como-victimas-de-motivacion-politica-y-se-suma-a-los-actos-de-la-plataforma-angel-gogoan\/"},"wordCount":269,"commentCount":0,"publisher":{"@id":"https:\/\/www.laguiadepamplona.com\/actualidad\/#organization"},"image":{"@id":"https:\/\/www.laguiadepamplona.com\/actualidad\/la-junta-de-gobierno-local-insta-a-reconocer-a-angel-berrueta-y-su-familia-como-victimas-de-motivacion-politica-y-se-suma-a-los-actos-de-la-plataforma-angel-gogoan\/#primaryimage"},"thumbnailUrl":"https:\/\/www.laguiadepamplona.com\/actualidad\/wp-content\/uploads\/2022\/08\/reloj_ayuntamiento.webp","articleSection":["Ayto Pamplona"],"inLanguage":"es","potentialAction":[{"@type":"CommentAction","name":"Comment","target":["https:\/\/www.laguiadepamplona.com\/actualidad\/la-junta-de-gobierno-local-insta-a-reconocer-a-angel-berrueta-y-su-familia-como-victimas-de-motivacion-politica-y-se-suma-a-los-actos-de-la-plataforma-angel-gogoan\/#respond"]}]},{"@type":"WebPage","@id":"https:\/\/www.laguiadepamplona.com\/actualidad\/la-junta-de-gobierno-local-insta-a-reconocer-a-angel-berrueta-y-su-familia-como-victimas-de-motivacion-politica-y-se-suma-a-los-actos-de-la-plataforma-angel-gogoan\/","url":"https:\/\/www.laguiadepamplona.com\/actualidad\/la-junta-de-gobierno-local-insta-a-reconocer-a-angel-berrueta-y-su-familia-como-victimas-de-motivacion-politica-y-se-suma-a-los-actos-de-la-plataforma-angel-gogoan\/","name":"La Junta de Gobierno Local insta a reconocer a \u00c1ngel Berrueta y su familia como v\u00edctimas de motivaci\u00f3n pol\u00edtica y se suma a los actos de la plataforma \u2018Angel Gogoan\u2019","isPartOf":{"@id":"https:\/\/www.laguiadepamplona.com\/actualidad\/#website"},"primaryImageOfPage":{"@id":"https:\/\/www.laguiadepamplona.com\/actualidad\/la-junta-de-gobierno-local-insta-a-reconocer-a-angel-berrueta-y-su-familia-como-victimas-de-motivacion-politica-y-se-suma-a-los-actos-de-la-plataforma-angel-gogoan\/#primaryimage"},"image":{"@id":"https:\/\/www.laguiadepamplona.com\/actualidad\/la-junta-de-gobierno-local-insta-a-reconocer-a-angel-berrueta-y-su-familia-como-victimas-de-motivacion-politica-y-se-suma-a-los-actos-de-la-plataforma-angel-gogoan\/#primaryimage"},"thumbnailUrl":"https:\/\/www.laguiadepamplona.com\/actualidad\/wp-content\/uploads\/2022\/08\/reloj_ayuntamiento.webp","datePublished":"2024-03-11T12:32:00+00:00","description":"El 13 de marzo de 2004 fue la fecha en la que el vecino de Pamplona Angel Berrueta Legaz fue asesinado en su comercio","breadcrumb":{"@id":"https:\/\/www.laguiadepamplona.com\/actualidad\/la-junta-de-gobierno-local-insta-a-reconocer-a-angel-berrueta-y-su-familia-como-victimas-de-motivacion-politica-y-se-suma-a-los-actos-de-la-plataforma-angel-gogoan\/#breadcrumb"},"inLanguage":"es","potentialAction":[{"@type":"ReadAction","target":["https:\/\/www.laguiadepamplona.com\/actualidad\/la-junta-de-gobierno-local-insta-a-reconocer-a-angel-berrueta-y-su-familia-como-victimas-de-motivacion-politica-y-se-suma-a-los-actos-de-la-plataforma-angel-gogoan\/"]}]},{"@type":"ImageObject","inLanguage":"es","@id":"https:\/\/www.laguiadepamplona.com\/actualidad\/la-junta-de-gobierno-local-insta-a-reconocer-a-angel-berrueta-y-su-familia-como-victimas-de-motivacion-politica-y-se-suma-a-los-actos-de-la-plataforma-angel-gogoan\/#primaryimage","url":"https:\/\/www.laguiadepamplona.com\/actualidad\/wp-content\/uploads\/2022\/08\/reloj_ayuntamiento.webp","contentUrl":"https:\/\/www.laguiadepamplona.com\/actualidad\/wp-content\/uploads\/2022\/08\/reloj_ayuntamiento.webp","width":1920,"height":1245,"caption":"ayuntamiento"},{"@type":"BreadcrumbList","@id":"https:\/\/www.laguiadepamplona.com\/actualidad\/la-junta-de-gobierno-local-insta-a-reconocer-a-angel-berrueta-y-su-familia-como-victimas-de-motivacion-politica-y-se-suma-a-los-actos-de-la-plataforma-angel-gogoan\/#breadcrumb","itemListElement":[{"@type":"ListItem","position":1,"name":"Portada","item":"https:\/\/www.laguiadepamplona.com\/actualidad\/"},{"@type":"ListItem","position":2,"name":"La Junta de Gobierno Local insta a reconocer a \u00c1ngel Berrueta y su familia como v\u00edctimas de motivaci\u00f3n pol\u00edtica y se suma a los actos de la plataforma \u2018Angel Gogoan\u2019"}]},{"@type":"WebSite","@id":"https:\/\/www.laguiadepamplona.com\/actualidad\/#website","url":"https:\/\/www.laguiadepamplona.com\/actualidad\/","name":"La gu\u00eda de Pamplona","description":"Noticias de Pamplona","publisher":{"@id":"https:\/\/www.laguiadepamplona.com\/actualidad\/#organization"},"potentialAction":[{"@type":"SearchAction","target":{"@type":"EntryPoint","urlTemplate":"https:\/\/www.laguiadepamplona.com\/actualidad\/?s={search_term_string}"},"query-input":{"@type":"PropertyValueSpecification","valueRequired":true,"valueName":"search_term_string"}}],"inLanguage":"es"},{"@type":"Organization","@id":"https:\/\/www.laguiadepamplona.com\/actualidad\/#organization","name":"La Gu\u00eda de Pamplona \/ Noticias","url":"https:\/\/www.laguiadepamplona.com\/actualidad\/","logo":{"@type":"ImageObject","inLanguage":"es","@id":"https:\/\/www.laguiadepamplona.com\/actualidad\/#\/schema\/logo\/image\/","url":"https:\/\/www.laguiadepamplona.com\/actualidad\/wp-content\/uploads\/2018\/11\/logo-laguiadepamplona18-web1.png","contentUrl":"https:\/\/www.laguiadepamplona.com\/actualidad\/wp-content\/uploads\/2018\/11\/logo-laguiadepamplona18-web1.png","width":600,"height":196,"caption":"La Gu\u00eda de Pamplona \/ Noticias"},"image":{"@id":"https:\/\/www.laguiadepamplona.com\/actualidad\/#\/schema\/logo\/image\/"},"sameAs":["https:\/\/www.facebook.com\/laguiadepamplonacom-133175176762273\/?ref=hl","https:\/\/x.com\/LaGuiadPamplona","https:\/\/www.instagram.com\/la_guia_de_pamplona\/","https:\/\/www.youtube.com\/user\/laguiadepamplona"]},{"@type":"Person","@id":"https:\/\/www.laguiadepamplona.com\/actualidad\/#\/schema\/person\/efe887376f0213d4657c93adc50b1fdb","name":"La Gu\u00eda de Pamplona","image":{"@type":"ImageObject","inLanguage":"es","@id":"https:\/\/secure.gravatar.com\/avatar\/b6992f131dc8d30ab0dff15446e9d346d9dbd95992de0fef795073f5ea83a81c?s=96&d=mm&r=g","url":"https:\/\/secure.gravatar.com\/avatar\/b6992f131dc8d30ab0dff15446e9d346d9dbd95992de0fef795073f5ea83a81c?s=96&d=mm&r=g","contentUrl":"https:\/\/secure.gravatar.com\/avatar\/b6992f131dc8d30ab0dff15446e9d346d9dbd95992de0fef795073f5ea83a81c?s=96&d=mm&r=g","caption":"La Gu\u00eda de Pamplona"}}]}},"post_mailing_queue_ids":[],"_links":{"self":[{"href":"https:\/\/www.laguiadepamplona.com\/actualidad\/wp-json\/wp\/v2\/posts\/49019","targetHints":{"allow":["GET"]}}],"collection":[{"href":"https:\/\/www.laguiadepamplona.com\/actualidad\/wp-json\/wp\/v2\/posts"}],"about":[{"href":"https:\/\/www.laguiadepamplona.com\/actualidad\/wp-json\/wp\/v2\/types\/post"}],"author":[{"embeddable":true,"href":"https:\/\/www.laguiadepamplona.com\/actualidad\/wp-json\/wp\/v2\/users\/1"}],"replies":[{"embeddable":true,"href":"https:\/\/www.laguiadepamplona.com\/actualidad\/wp-json\/wp\/v2\/comments?post=49019"}],"version-history":[{"count":1,"href":"https:\/\/www.laguiadepamplona.com\/actualidad\/wp-json\/wp\/v2\/posts\/49019\/revisions"}],"predecessor-version":[{"id":49020,"href":"https:\/\/www.laguiadepamplona.com\/actualidad\/wp-json\/wp\/v2\/posts\/49019\/revisions\/49020"}],"wp:featuredmedia":[{"embeddable":true,"href":"https:\/\/www.laguiadepamplona.com\/actualidad\/wp-json\/wp\/v2\/media\/41391"}],"wp:attachment":[{"href":"https:\/\/www.laguiadepamplona.com\/actualidad\/wp-json\/wp\/v2\/media?parent=49019"}],"wp:term":[{"taxonomy":"category","embeddable":true,"href":"https:\/\/www.laguiadepamplona.com\/actualidad\/wp-json\/wp\/v2\/categories?post=49019"},{"taxonomy":"post_tag","embeddable":true,"href":"https:\/\/www.laguiadepamplona.com\/actualidad\/wp-json\/wp\/v2\/tags?post=49019"}],"curies":[{"name":"wp","href":"https:\/\/api.w.org\/{rel}","templated":true}]}}