{"id":48964,"date":"2024-03-05T14:55:09","date_gmt":"2024-03-05T12:55:09","guid":{"rendered":"https:\/\/www.laguiadepamplona.com\/actualidad\/?p=48964"},"modified":"2024-03-05T14:55:09","modified_gmt":"2024-03-05T12:55:09","slug":"las-redes-de-mayores-de-pamplona-en-colaboracion-con-el-ayuntamiento-visibilizan-el-8m-con-una-serie-de-videos-para-redes-sociales-basados-en-entrevistas","status":"publish","type":"post","link":"https:\/\/www.laguiadepamplona.com\/actualidad\/las-redes-de-mayores-de-pamplona-en-colaboracion-con-el-ayuntamiento-visibilizan-el-8m-con-una-serie-de-videos-para-redes-sociales-basados-en-entrevistas\/","title":{"rendered":"Las redes de mayores de Pamplona en colaboraci\u00f3n con el Ayuntamiento visibilizan el 8M con una serie de v\u00eddeos para redes sociales basados en entrevistas"},"content":{"rendered":"<h2>\u2018Las mujeres mayores cuentan\u201d \u2013 Adineko emakumeek badute zeresana\u2019 pretenden poner en valor el papel de las mujeres mayores<\/h2>\n<p><!--more--><\/p>\n<p>\u2018Las mujeres mayores cuentan\u201d \u2013 Adineko emakumeek badute zeresana\u2019 es una nueva iniciativa de colaboraci\u00f3n entre el Ayuntamiento de Pamplona y las redes de mayores de la ciudad que se ha gestado en torno a las reivindicaciones del 8 de Marzo. Consiste en una serie de contenidos audiovisuales, pensados para las redes sociales, que pretenden poner en valor el papel de las mujeres mayores en diferentes aspectos y profesiones, y destacar las dificultades que han tenido y tienen, y los apoyos con los que se enfrentan a ellas. Pero, adem\u00e1s, mirando hacia relevo generacional, las mujeres participantes en las piezas audiovisuales han querido dejar un mensaje a las j\u00f3venes de hoy.<\/p>\n<p>Tres mujeres fueron entrevistadas el pasado 27 de febrero en Civivox Condestable representando diferentes trayectorias vitales, aspectos y profesiones. Isabel Diez Diaz, activista de 73 a\u00f1os; Loli Irigaray Vidondo, administrativa en el Ayuntamiento de Pamplona de 66 a\u00f1os y Tiana Ribas Peala, auxiliar de enfermer\u00eda, de 77 a\u00f1os ser\u00e1n este mes en redes la cara del trabajo de sensibilizaci\u00f3n que realizan las seis Redes de Mayores que trabajan en la ciudad, y que tambi\u00e9n programan actividades para personas mayores de 65 a\u00f1os.<br \/>\n<script async src=\"\/\/pagead2.googlesyndication.com\/pagead\/js\/adsbygoogle.js\"><\/script><br \/>\n<!-- Noticias La Guia de Pamplona --><br \/>\n<ins class=\"adsbygoogle\"\nstyle=\"display:block\"\ndata-ad-client=\"ca-pub-6943679897239327\"\ndata-ad-slot=\"7048180777\"\ndata-ad-format=\"auto\"><\/ins><br \/>\n<script>\n(adsbygoogle = window.adsbygoogle || []).push({});\n<\/script><br \/>\nLas Redes de Mayores, apoyadas por el Ayuntamiento de Pamplona, tratan de crear un tejido de barrio para ofrecer un apoyo y cuidado atento a las personas mayores desde el respeto. Cada red acoge a asociaciones de mayores, de vecinos y vecinas, centros de salud, unidades de barrio, comercios, farmacias\u2026 que trabajan en el barrio con personas mayores. Pamplona cuenta con seis Redes de Mayores que trabajan en los barrios de Iturrama, Milagrosa, Txantrea, Santa Mar\u00eda la Real, Casco Viejo y Ensanche.<\/p>\n<p>La iniciativa \u2018Las mujeres mayores cuentan\u201d \u2013 Adineko emakumeek badute zeresana\u2019 consta de cinco videos diferentes con distintas duraciones. El primero, de 2 minutos, se ha hecho p\u00fablico hoy y es un resumen de toda la serie de piezas a modo de <em>teaser<\/em>; a \u00e9l le seguir\u00e1n otros tres videos de dos minutos de duraci\u00f3n con las entrevistas compactadas y otro de aproximadamente seis minutos con un montaje de las tres.<br \/>\n<script async src=\"\/\/pagead2.googlesyndication.com\/pagead\/js\/adsbygoogle.js\"><\/script><br \/>\n<!-- Noticias La Guia de Pamplona --><br \/>\n<ins class=\"adsbygoogle\"\nstyle=\"display:block\"\ndata-ad-client=\"ca-pub-6943679897239327\"\ndata-ad-slot=\"7048180777\"\ndata-ad-format=\"auto\"><\/ins><br \/>\n<script>\n(adsbygoogle = window.adsbygoogle || []).push({});\n<\/script><br \/>\n<strong>Participar en las Redes de Mayores<\/strong><\/p>\n<p>Formar parte de una red de mayores es muy f\u00e1cil para la ciudadan\u00eda ya que existen diferentes grados de implicaci\u00f3n en la estructura. Se puede formar parte del voluntariado que participa en las actividades o en las acciones que se llevan a cabo o, simplemente, se puede prestar atenci\u00f3n a algunas se\u00f1ales que pueden aparecer en las personas mayores e indicar que algo no va bien (cambios en el aspecto o comportamiento, ausencias repentinas, manifestaciones de soledad, equ\u00edvocos, despistes\u2026), dando aviso para que el equipo de Servicios Sociales del proyecto valore la mejor manera de intervenir. Si se quiere m\u00e1s informaci\u00f3n, se puede escribir al correo electr\u00f3nico que tiene cada red.<br \/>\n<script async src=\"\/\/pagead2.googlesyndication.com\/pagead\/js\/adsbygoogle.js\"><\/script><br \/>\n<!-- Noticias La Guia de Pamplona --><br \/>\n<ins class=\"adsbygoogle\"\nstyle=\"display:block\"\ndata-ad-client=\"ca-pub-6943679897239327\"\ndata-ad-slot=\"7048180777\"\ndata-ad-format=\"auto\"><\/ins><br \/>\n<script>\n(adsbygoogle = window.adsbygoogle || []).push({});\n<\/script><br \/>\n&nbsp;<\/p>\n<h3>Redes de mayores de Pamplona<\/h3>\n<p><strong>Red de mayores de Casco Antiguo<\/strong><\/p>\n<ul>\n<li><a href=\"https:\/\/www.pamplona.es\/actualidad\/noticias\/redesdemayorescascoviejo@pamplona.es%C2%A0\">redesdemayorescascoviejo@pamplona.es<\/a><\/li>\n<\/ul>\n<p><strong>Red de mayores de Iturrama<\/strong><\/p>\n<ul>\n<li><a href=\"https:\/\/www.pamplona.es\/actualidad\/noticias\/redesdemayoresiturrama@pamplona.es\">redesdemayoresiturrama@pamplona.es<\/a><\/li>\n<\/ul>\n<p><strong>Red de mayores de Txantrea<\/strong><\/p>\n<ul>\n<li><a href=\"https:\/\/www.pamplona.es\/actualidad\/noticias\/redesdemayorestxantrea@pamplona.es\">redesdemayorestxantrea@pamplona.es<\/a><\/li>\n<\/ul>\n<p><strong>Red de mayores de Santa Mar\u00eda la Real<\/strong><\/p>\n<ul>\n<li><a href=\"https:\/\/www.pamplona.es\/actualidad\/noticias\/redesdemayoressantamarialareal@pamplona.es\">redesdemayoressantamarialareal@pamplona.es<\/a><\/li>\n<\/ul>\n<p><strong>Red de mayores de Milagrosa<\/strong><\/p>\n<ul>\n<li><a href=\"https:\/\/www.pamplona.es\/actualidad\/noticias\/redesdemayoresmilagrosa@pamplona.es\">redesdemayoresmilagrosa@pamplona.es<\/a><\/li>\n<\/ul>\n<p><strong>Red de Mayores de Ensanche<\/strong><\/p>\n<ul>\n<li><a href=\"https:\/\/www.pamplona.es\/actualidad\/noticias\/redesdemayoresensanche@pamplona.es\">redesdemayoresensanche@pamplona.es<\/a><\/li>\n<\/ul>\n","protected":false},"excerpt":{"rendered":"<p>\u2018Las mujeres mayores cuentan\u201d \u2013 Adineko emakumeek badute zeresana\u2019 pretenden poner en valor el papel de las mujeres mayores<\/p>\n","protected":false},"author":1,"featured_media":48965,"comment_status":"open","ping_status":"closed","sticky":false,"template":"","format":"standard","meta":{"footnotes":""},"categories":[2],"tags":[],"class_list":["post-48964","post","type-post","status-publish","format-standard","has-post-thumbnail","hentry","category-ayuntamiento-pamplona"],"yoast_head":"<!-- This site is optimized with the Yoast SEO plugin v27.3 - https:\/\/yoast.com\/product\/yoast-seo-wordpress\/ -->\n<title>Las redes de mayores de Pamplona en colaboraci\u00f3n con el Ayuntamiento visibilizan el 8M con una serie de v\u00eddeos para redes sociales basados en entrevistas<\/title>\n<meta name=\"description\" content=\"\u2018Las mujeres mayores cuentan\u201d \u2013 Adineko emakumeek badute zeresana\u2019 pretenden poner en valor el papel de las mujeres mayores\" \/>\n<meta name=\"robots\" content=\"index, follow, max-snippet:-1, max-image-preview:large, max-video-preview:-1\" \/>\n<link rel=\"canonical\" href=\"https:\/\/www.laguiadepamplona.com\/actualidad\/las-redes-de-mayores-de-pamplona-en-colaboracion-con-el-ayuntamiento-visibilizan-el-8m-con-una-serie-de-videos-para-redes-sociales-basados-en-entrevistas\/\" \/>\n<meta property=\"og:locale\" content=\"es_ES\" \/>\n<meta property=\"og:type\" content=\"article\" \/>\n<meta property=\"og:title\" content=\"Las redes de mayores de Pamplona en colaboraci\u00f3n con el Ayuntamiento visibilizan el 8M con una serie de v\u00eddeos para redes sociales basados en entrevistas\" \/>\n<meta property=\"og:description\" content=\"\u2018Las mujeres mayores cuentan\u201d \u2013 Adineko emakumeek badute zeresana\u2019 pretenden poner en valor el papel de las mujeres mayores\" \/>\n<meta property=\"og:url\" content=\"https:\/\/www.laguiadepamplona.com\/actualidad\/las-redes-de-mayores-de-pamplona-en-colaboracion-con-el-ayuntamiento-visibilizan-el-8m-con-una-serie-de-videos-para-redes-sociales-basados-en-entrevistas\/\" \/>\n<meta property=\"og:site_name\" content=\"La Gu\u00eda de Pamplona\" \/>\n<meta property=\"article:publisher\" content=\"https:\/\/www.facebook.com\/laguiadepamplonacom-133175176762273\/?ref=hl\" \/>\n<meta property=\"article:published_time\" content=\"2024-03-05T12:55:09+00:00\" \/>\n<meta property=\"og:image\" content=\"https:\/\/www.laguiadepamplona.com\/actualidad\/wp-content\/uploads\/2024\/03\/miniatura-video-mujeres-mayores-8M.webp\" \/>\n\t<meta property=\"og:image:width\" content=\"1200\" \/>\n\t<meta property=\"og:image:height\" content=\"800\" \/>\n\t<meta property=\"og:image:type\" content=\"image\/webp\" \/>\n<meta name=\"author\" content=\"La Gu\u00eda de Pamplona\" \/>\n<meta name=\"twitter:card\" content=\"summary_large_image\" \/>\n<meta name=\"twitter:creator\" content=\"@LaGuiadPamplona\" \/>\n<meta name=\"twitter:site\" content=\"@LaGuiadPamplona\" \/>\n<meta name=\"twitter:label1\" content=\"Escrito por\" \/>\n\t<meta name=\"twitter:data1\" content=\"La Gu\u00eda de Pamplona\" \/>\n\t<meta name=\"twitter:label2\" content=\"Tiempo de lectura\" \/>\n\t<meta name=\"twitter:data2\" content=\"3 minutos\" \/>\n<script type=\"application\/ld+json\" class=\"yoast-schema-graph\">{\"@context\":\"https:\\\/\\\/schema.org\",\"@graph\":[{\"@type\":\"Article\",\"@id\":\"https:\\\/\\\/www.laguiadepamplona.com\\\/actualidad\\\/las-redes-de-mayores-de-pamplona-en-colaboracion-con-el-ayuntamiento-visibilizan-el-8m-con-una-serie-de-videos-para-redes-sociales-basados-en-entrevistas\\\/#article\",\"isPartOf\":{\"@id\":\"https:\\\/\\\/www.laguiadepamplona.com\\\/actualidad\\\/las-redes-de-mayores-de-pamplona-en-colaboracion-con-el-ayuntamiento-visibilizan-el-8m-con-una-serie-de-videos-para-redes-sociales-basados-en-entrevistas\\\/\"},\"author\":{\"name\":\"La Gu\u00eda de Pamplona\",\"@id\":\"https:\\\/\\\/www.laguiadepamplona.com\\\/actualidad\\\/#\\\/schema\\\/person\\\/efe887376f0213d4657c93adc50b1fdb\"},\"headline\":\"Las redes de mayores de Pamplona en colaboraci\u00f3n con el Ayuntamiento visibilizan el 8M con una serie de v\u00eddeos para redes sociales basados en entrevistas\",\"datePublished\":\"2024-03-05T12:55:09+00:00\",\"mainEntityOfPage\":{\"@id\":\"https:\\\/\\\/www.laguiadepamplona.com\\\/actualidad\\\/las-redes-de-mayores-de-pamplona-en-colaboracion-con-el-ayuntamiento-visibilizan-el-8m-con-una-serie-de-videos-para-redes-sociales-basados-en-entrevistas\\\/\"},\"wordCount\":582,\"commentCount\":0,\"publisher\":{\"@id\":\"https:\\\/\\\/www.laguiadepamplona.com\\\/actualidad\\\/#organization\"},\"image\":{\"@id\":\"https:\\\/\\\/www.laguiadepamplona.com\\\/actualidad\\\/las-redes-de-mayores-de-pamplona-en-colaboracion-con-el-ayuntamiento-visibilizan-el-8m-con-una-serie-de-videos-para-redes-sociales-basados-en-entrevistas\\\/#primaryimage\"},\"thumbnailUrl\":\"https:\\\/\\\/www.laguiadepamplona.com\\\/actualidad\\\/wp-content\\\/uploads\\\/2024\\\/03\\\/miniatura-video-mujeres-mayores-8M.webp\",\"articleSection\":[\"Ayto Pamplona\"],\"inLanguage\":\"es\",\"potentialAction\":[{\"@type\":\"CommentAction\",\"name\":\"Comment\",\"target\":[\"https:\\\/\\\/www.laguiadepamplona.com\\\/actualidad\\\/las-redes-de-mayores-de-pamplona-en-colaboracion-con-el-ayuntamiento-visibilizan-el-8m-con-una-serie-de-videos-para-redes-sociales-basados-en-entrevistas\\\/#respond\"]}]},{\"@type\":\"WebPage\",\"@id\":\"https:\\\/\\\/www.laguiadepamplona.com\\\/actualidad\\\/las-redes-de-mayores-de-pamplona-en-colaboracion-con-el-ayuntamiento-visibilizan-el-8m-con-una-serie-de-videos-para-redes-sociales-basados-en-entrevistas\\\/\",\"url\":\"https:\\\/\\\/www.laguiadepamplona.com\\\/actualidad\\\/las-redes-de-mayores-de-pamplona-en-colaboracion-con-el-ayuntamiento-visibilizan-el-8m-con-una-serie-de-videos-para-redes-sociales-basados-en-entrevistas\\\/\",\"name\":\"Las redes de mayores de Pamplona en colaboraci\u00f3n con el Ayuntamiento visibilizan el 8M con una serie de v\u00eddeos para redes sociales basados en entrevistas\",\"isPartOf\":{\"@id\":\"https:\\\/\\\/www.laguiadepamplona.com\\\/actualidad\\\/#website\"},\"primaryImageOfPage\":{\"@id\":\"https:\\\/\\\/www.laguiadepamplona.com\\\/actualidad\\\/las-redes-de-mayores-de-pamplona-en-colaboracion-con-el-ayuntamiento-visibilizan-el-8m-con-una-serie-de-videos-para-redes-sociales-basados-en-entrevistas\\\/#primaryimage\"},\"image\":{\"@id\":\"https:\\\/\\\/www.laguiadepamplona.com\\\/actualidad\\\/las-redes-de-mayores-de-pamplona-en-colaboracion-con-el-ayuntamiento-visibilizan-el-8m-con-una-serie-de-videos-para-redes-sociales-basados-en-entrevistas\\\/#primaryimage\"},\"thumbnailUrl\":\"https:\\\/\\\/www.laguiadepamplona.com\\\/actualidad\\\/wp-content\\\/uploads\\\/2024\\\/03\\\/miniatura-video-mujeres-mayores-8M.webp\",\"datePublished\":\"2024-03-05T12:55:09+00:00\",\"description\":\"\u2018Las mujeres mayores cuentan\u201d \u2013 Adineko emakumeek badute zeresana\u2019 pretenden poner en valor el papel de las mujeres mayores\",\"breadcrumb\":{\"@id\":\"https:\\\/\\\/www.laguiadepamplona.com\\\/actualidad\\\/las-redes-de-mayores-de-pamplona-en-colaboracion-con-el-ayuntamiento-visibilizan-el-8m-con-una-serie-de-videos-para-redes-sociales-basados-en-entrevistas\\\/#breadcrumb\"},\"inLanguage\":\"es\",\"potentialAction\":[{\"@type\":\"ReadAction\",\"target\":[\"https:\\\/\\\/www.laguiadepamplona.com\\\/actualidad\\\/las-redes-de-mayores-de-pamplona-en-colaboracion-con-el-ayuntamiento-visibilizan-el-8m-con-una-serie-de-videos-para-redes-sociales-basados-en-entrevistas\\\/\"]}]},{\"@type\":\"ImageObject\",\"inLanguage\":\"es\",\"@id\":\"https:\\\/\\\/www.laguiadepamplona.com\\\/actualidad\\\/las-redes-de-mayores-de-pamplona-en-colaboracion-con-el-ayuntamiento-visibilizan-el-8m-con-una-serie-de-videos-para-redes-sociales-basados-en-entrevistas\\\/#primaryimage\",\"url\":\"https:\\\/\\\/www.laguiadepamplona.com\\\/actualidad\\\/wp-content\\\/uploads\\\/2024\\\/03\\\/miniatura-video-mujeres-mayores-8M.webp\",\"contentUrl\":\"https:\\\/\\\/www.laguiadepamplona.com\\\/actualidad\\\/wp-content\\\/uploads\\\/2024\\\/03\\\/miniatura-video-mujeres-mayores-8M.webp\",\"width\":1200,\"height\":800,\"caption\":\"v\u00eddeo mujeres mayores 8m\"},{\"@type\":\"BreadcrumbList\",\"@id\":\"https:\\\/\\\/www.laguiadepamplona.com\\\/actualidad\\\/las-redes-de-mayores-de-pamplona-en-colaboracion-con-el-ayuntamiento-visibilizan-el-8m-con-una-serie-de-videos-para-redes-sociales-basados-en-entrevistas\\\/#breadcrumb\",\"itemListElement\":[{\"@type\":\"ListItem\",\"position\":1,\"name\":\"Portada\",\"item\":\"https:\\\/\\\/www.laguiadepamplona.com\\\/actualidad\\\/\"},{\"@type\":\"ListItem\",\"position\":2,\"name\":\"Las redes de mayores de Pamplona en colaboraci\u00f3n con el Ayuntamiento visibilizan el 8M con una serie de v\u00eddeos para redes sociales basados en entrevistas\"}]},{\"@type\":\"WebSite\",\"@id\":\"https:\\\/\\\/www.laguiadepamplona.com\\\/actualidad\\\/#website\",\"url\":\"https:\\\/\\\/www.laguiadepamplona.com\\\/actualidad\\\/\",\"name\":\"La gu\u00eda de Pamplona\",\"description\":\"Noticias de Pamplona\",\"publisher\":{\"@id\":\"https:\\\/\\\/www.laguiadepamplona.com\\\/actualidad\\\/#organization\"},\"potentialAction\":[{\"@type\":\"SearchAction\",\"target\":{\"@type\":\"EntryPoint\",\"urlTemplate\":\"https:\\\/\\\/www.laguiadepamplona.com\\\/actualidad\\\/?s={search_term_string}\"},\"query-input\":{\"@type\":\"PropertyValueSpecification\",\"valueRequired\":true,\"valueName\":\"search_term_string\"}}],\"inLanguage\":\"es\"},{\"@type\":\"Organization\",\"@id\":\"https:\\\/\\\/www.laguiadepamplona.com\\\/actualidad\\\/#organization\",\"name\":\"La Gu\u00eda de Pamplona \\\/ Noticias\",\"url\":\"https:\\\/\\\/www.laguiadepamplona.com\\\/actualidad\\\/\",\"logo\":{\"@type\":\"ImageObject\",\"inLanguage\":\"es\",\"@id\":\"https:\\\/\\\/www.laguiadepamplona.com\\\/actualidad\\\/#\\\/schema\\\/logo\\\/image\\\/\",\"url\":\"https:\\\/\\\/www.laguiadepamplona.com\\\/actualidad\\\/wp-content\\\/uploads\\\/2018\\\/11\\\/logo-laguiadepamplona18-web1.png\",\"contentUrl\":\"https:\\\/\\\/www.laguiadepamplona.com\\\/actualidad\\\/wp-content\\\/uploads\\\/2018\\\/11\\\/logo-laguiadepamplona18-web1.png\",\"width\":600,\"height\":196,\"caption\":\"La Gu\u00eda de Pamplona \\\/ Noticias\"},\"image\":{\"@id\":\"https:\\\/\\\/www.laguiadepamplona.com\\\/actualidad\\\/#\\\/schema\\\/logo\\\/image\\\/\"},\"sameAs\":[\"https:\\\/\\\/www.facebook.com\\\/laguiadepamplonacom-133175176762273\\\/?ref=hl\",\"https:\\\/\\\/x.com\\\/LaGuiadPamplona\",\"https:\\\/\\\/www.instagram.com\\\/la_guia_de_pamplona\\\/\",\"https:\\\/\\\/www.youtube.com\\\/user\\\/laguiadepamplona\"]},{\"@type\":\"Person\",\"@id\":\"https:\\\/\\\/www.laguiadepamplona.com\\\/actualidad\\\/#\\\/schema\\\/person\\\/efe887376f0213d4657c93adc50b1fdb\",\"name\":\"La Gu\u00eda de Pamplona\",\"image\":{\"@type\":\"ImageObject\",\"inLanguage\":\"es\",\"@id\":\"https:\\\/\\\/secure.gravatar.com\\\/avatar\\\/b6992f131dc8d30ab0dff15446e9d346d9dbd95992de0fef795073f5ea83a81c?s=96&d=mm&r=g\",\"url\":\"https:\\\/\\\/secure.gravatar.com\\\/avatar\\\/b6992f131dc8d30ab0dff15446e9d346d9dbd95992de0fef795073f5ea83a81c?s=96&d=mm&r=g\",\"contentUrl\":\"https:\\\/\\\/secure.gravatar.com\\\/avatar\\\/b6992f131dc8d30ab0dff15446e9d346d9dbd95992de0fef795073f5ea83a81c?s=96&d=mm&r=g\",\"caption\":\"La Gu\u00eda de Pamplona\"}}]}<\/script>\n<!-- \/ Yoast SEO plugin. -->","yoast_head_json":{"title":"Las redes de mayores de Pamplona en colaboraci\u00f3n con el Ayuntamiento visibilizan el 8M con una serie de v\u00eddeos para redes sociales basados en entrevistas","description":"\u2018Las mujeres mayores cuentan\u201d \u2013 Adineko emakumeek badute zeresana\u2019 pretenden poner en valor el papel de las mujeres mayores","robots":{"index":"index","follow":"follow","max-snippet":"max-snippet:-1","max-image-preview":"max-image-preview:large","max-video-preview":"max-video-preview:-1"},"canonical":"https:\/\/www.laguiadepamplona.com\/actualidad\/las-redes-de-mayores-de-pamplona-en-colaboracion-con-el-ayuntamiento-visibilizan-el-8m-con-una-serie-de-videos-para-redes-sociales-basados-en-entrevistas\/","og_locale":"es_ES","og_type":"article","og_title":"Las redes de mayores de Pamplona en colaboraci\u00f3n con el Ayuntamiento visibilizan el 8M con una serie de v\u00eddeos para redes sociales basados en entrevistas","og_description":"\u2018Las mujeres mayores cuentan\u201d \u2013 Adineko emakumeek badute zeresana\u2019 pretenden poner en valor el papel de las mujeres mayores","og_url":"https:\/\/www.laguiadepamplona.com\/actualidad\/las-redes-de-mayores-de-pamplona-en-colaboracion-con-el-ayuntamiento-visibilizan-el-8m-con-una-serie-de-videos-para-redes-sociales-basados-en-entrevistas\/","og_site_name":"La Gu\u00eda de Pamplona","article_publisher":"https:\/\/www.facebook.com\/laguiadepamplonacom-133175176762273\/?ref=hl","article_published_time":"2024-03-05T12:55:09+00:00","og_image":[{"width":1200,"height":800,"url":"https:\/\/www.laguiadepamplona.com\/actualidad\/wp-content\/uploads\/2024\/03\/miniatura-video-mujeres-mayores-8M.webp","type":"image\/webp"}],"author":"La Gu\u00eda de Pamplona","twitter_card":"summary_large_image","twitter_creator":"@LaGuiadPamplona","twitter_site":"@LaGuiadPamplona","twitter_misc":{"Escrito por":"La Gu\u00eda de Pamplona","Tiempo de lectura":"3 minutos"},"schema":{"@context":"https:\/\/schema.org","@graph":[{"@type":"Article","@id":"https:\/\/www.laguiadepamplona.com\/actualidad\/las-redes-de-mayores-de-pamplona-en-colaboracion-con-el-ayuntamiento-visibilizan-el-8m-con-una-serie-de-videos-para-redes-sociales-basados-en-entrevistas\/#article","isPartOf":{"@id":"https:\/\/www.laguiadepamplona.com\/actualidad\/las-redes-de-mayores-de-pamplona-en-colaboracion-con-el-ayuntamiento-visibilizan-el-8m-con-una-serie-de-videos-para-redes-sociales-basados-en-entrevistas\/"},"author":{"name":"La Gu\u00eda de Pamplona","@id":"https:\/\/www.laguiadepamplona.com\/actualidad\/#\/schema\/person\/efe887376f0213d4657c93adc50b1fdb"},"headline":"Las redes de mayores de Pamplona en colaboraci\u00f3n con el Ayuntamiento visibilizan el 8M con una serie de v\u00eddeos para redes sociales basados en entrevistas","datePublished":"2024-03-05T12:55:09+00:00","mainEntityOfPage":{"@id":"https:\/\/www.laguiadepamplona.com\/actualidad\/las-redes-de-mayores-de-pamplona-en-colaboracion-con-el-ayuntamiento-visibilizan-el-8m-con-una-serie-de-videos-para-redes-sociales-basados-en-entrevistas\/"},"wordCount":582,"commentCount":0,"publisher":{"@id":"https:\/\/www.laguiadepamplona.com\/actualidad\/#organization"},"image":{"@id":"https:\/\/www.laguiadepamplona.com\/actualidad\/las-redes-de-mayores-de-pamplona-en-colaboracion-con-el-ayuntamiento-visibilizan-el-8m-con-una-serie-de-videos-para-redes-sociales-basados-en-entrevistas\/#primaryimage"},"thumbnailUrl":"https:\/\/www.laguiadepamplona.com\/actualidad\/wp-content\/uploads\/2024\/03\/miniatura-video-mujeres-mayores-8M.webp","articleSection":["Ayto Pamplona"],"inLanguage":"es","potentialAction":[{"@type":"CommentAction","name":"Comment","target":["https:\/\/www.laguiadepamplona.com\/actualidad\/las-redes-de-mayores-de-pamplona-en-colaboracion-con-el-ayuntamiento-visibilizan-el-8m-con-una-serie-de-videos-para-redes-sociales-basados-en-entrevistas\/#respond"]}]},{"@type":"WebPage","@id":"https:\/\/www.laguiadepamplona.com\/actualidad\/las-redes-de-mayores-de-pamplona-en-colaboracion-con-el-ayuntamiento-visibilizan-el-8m-con-una-serie-de-videos-para-redes-sociales-basados-en-entrevistas\/","url":"https:\/\/www.laguiadepamplona.com\/actualidad\/las-redes-de-mayores-de-pamplona-en-colaboracion-con-el-ayuntamiento-visibilizan-el-8m-con-una-serie-de-videos-para-redes-sociales-basados-en-entrevistas\/","name":"Las redes de mayores de Pamplona en colaboraci\u00f3n con el Ayuntamiento visibilizan el 8M con una serie de v\u00eddeos para redes sociales basados en entrevistas","isPartOf":{"@id":"https:\/\/www.laguiadepamplona.com\/actualidad\/#website"},"primaryImageOfPage":{"@id":"https:\/\/www.laguiadepamplona.com\/actualidad\/las-redes-de-mayores-de-pamplona-en-colaboracion-con-el-ayuntamiento-visibilizan-el-8m-con-una-serie-de-videos-para-redes-sociales-basados-en-entrevistas\/#primaryimage"},"image":{"@id":"https:\/\/www.laguiadepamplona.com\/actualidad\/las-redes-de-mayores-de-pamplona-en-colaboracion-con-el-ayuntamiento-visibilizan-el-8m-con-una-serie-de-videos-para-redes-sociales-basados-en-entrevistas\/#primaryimage"},"thumbnailUrl":"https:\/\/www.laguiadepamplona.com\/actualidad\/wp-content\/uploads\/2024\/03\/miniatura-video-mujeres-mayores-8M.webp","datePublished":"2024-03-05T12:55:09+00:00","description":"\u2018Las mujeres mayores cuentan\u201d \u2013 Adineko emakumeek badute zeresana\u2019 pretenden poner en valor el papel de las mujeres mayores","breadcrumb":{"@id":"https:\/\/www.laguiadepamplona.com\/actualidad\/las-redes-de-mayores-de-pamplona-en-colaboracion-con-el-ayuntamiento-visibilizan-el-8m-con-una-serie-de-videos-para-redes-sociales-basados-en-entrevistas\/#breadcrumb"},"inLanguage":"es","potentialAction":[{"@type":"ReadAction","target":["https:\/\/www.laguiadepamplona.com\/actualidad\/las-redes-de-mayores-de-pamplona-en-colaboracion-con-el-ayuntamiento-visibilizan-el-8m-con-una-serie-de-videos-para-redes-sociales-basados-en-entrevistas\/"]}]},{"@type":"ImageObject","inLanguage":"es","@id":"https:\/\/www.laguiadepamplona.com\/actualidad\/las-redes-de-mayores-de-pamplona-en-colaboracion-con-el-ayuntamiento-visibilizan-el-8m-con-una-serie-de-videos-para-redes-sociales-basados-en-entrevistas\/#primaryimage","url":"https:\/\/www.laguiadepamplona.com\/actualidad\/wp-content\/uploads\/2024\/03\/miniatura-video-mujeres-mayores-8M.webp","contentUrl":"https:\/\/www.laguiadepamplona.com\/actualidad\/wp-content\/uploads\/2024\/03\/miniatura-video-mujeres-mayores-8M.webp","width":1200,"height":800,"caption":"v\u00eddeo mujeres mayores 8m"},{"@type":"BreadcrumbList","@id":"https:\/\/www.laguiadepamplona.com\/actualidad\/las-redes-de-mayores-de-pamplona-en-colaboracion-con-el-ayuntamiento-visibilizan-el-8m-con-una-serie-de-videos-para-redes-sociales-basados-en-entrevistas\/#breadcrumb","itemListElement":[{"@type":"ListItem","position":1,"name":"Portada","item":"https:\/\/www.laguiadepamplona.com\/actualidad\/"},{"@type":"ListItem","position":2,"name":"Las redes de mayores de Pamplona en colaboraci\u00f3n con el Ayuntamiento visibilizan el 8M con una serie de v\u00eddeos para redes sociales basados en entrevistas"}]},{"@type":"WebSite","@id":"https:\/\/www.laguiadepamplona.com\/actualidad\/#website","url":"https:\/\/www.laguiadepamplona.com\/actualidad\/","name":"La gu\u00eda de Pamplona","description":"Noticias de Pamplona","publisher":{"@id":"https:\/\/www.laguiadepamplona.com\/actualidad\/#organization"},"potentialAction":[{"@type":"SearchAction","target":{"@type":"EntryPoint","urlTemplate":"https:\/\/www.laguiadepamplona.com\/actualidad\/?s={search_term_string}"},"query-input":{"@type":"PropertyValueSpecification","valueRequired":true,"valueName":"search_term_string"}}],"inLanguage":"es"},{"@type":"Organization","@id":"https:\/\/www.laguiadepamplona.com\/actualidad\/#organization","name":"La Gu\u00eda de Pamplona \/ Noticias","url":"https:\/\/www.laguiadepamplona.com\/actualidad\/","logo":{"@type":"ImageObject","inLanguage":"es","@id":"https:\/\/www.laguiadepamplona.com\/actualidad\/#\/schema\/logo\/image\/","url":"https:\/\/www.laguiadepamplona.com\/actualidad\/wp-content\/uploads\/2018\/11\/logo-laguiadepamplona18-web1.png","contentUrl":"https:\/\/www.laguiadepamplona.com\/actualidad\/wp-content\/uploads\/2018\/11\/logo-laguiadepamplona18-web1.png","width":600,"height":196,"caption":"La Gu\u00eda de Pamplona \/ Noticias"},"image":{"@id":"https:\/\/www.laguiadepamplona.com\/actualidad\/#\/schema\/logo\/image\/"},"sameAs":["https:\/\/www.facebook.com\/laguiadepamplonacom-133175176762273\/?ref=hl","https:\/\/x.com\/LaGuiadPamplona","https:\/\/www.instagram.com\/la_guia_de_pamplona\/","https:\/\/www.youtube.com\/user\/laguiadepamplona"]},{"@type":"Person","@id":"https:\/\/www.laguiadepamplona.com\/actualidad\/#\/schema\/person\/efe887376f0213d4657c93adc50b1fdb","name":"La Gu\u00eda de Pamplona","image":{"@type":"ImageObject","inLanguage":"es","@id":"https:\/\/secure.gravatar.com\/avatar\/b6992f131dc8d30ab0dff15446e9d346d9dbd95992de0fef795073f5ea83a81c?s=96&d=mm&r=g","url":"https:\/\/secure.gravatar.com\/avatar\/b6992f131dc8d30ab0dff15446e9d346d9dbd95992de0fef795073f5ea83a81c?s=96&d=mm&r=g","contentUrl":"https:\/\/secure.gravatar.com\/avatar\/b6992f131dc8d30ab0dff15446e9d346d9dbd95992de0fef795073f5ea83a81c?s=96&d=mm&r=g","caption":"La Gu\u00eda de Pamplona"}}]}},"post_mailing_queue_ids":[],"_links":{"self":[{"href":"https:\/\/www.laguiadepamplona.com\/actualidad\/wp-json\/wp\/v2\/posts\/48964","targetHints":{"allow":["GET"]}}],"collection":[{"href":"https:\/\/www.laguiadepamplona.com\/actualidad\/wp-json\/wp\/v2\/posts"}],"about":[{"href":"https:\/\/www.laguiadepamplona.com\/actualidad\/wp-json\/wp\/v2\/types\/post"}],"author":[{"embeddable":true,"href":"https:\/\/www.laguiadepamplona.com\/actualidad\/wp-json\/wp\/v2\/users\/1"}],"replies":[{"embeddable":true,"href":"https:\/\/www.laguiadepamplona.com\/actualidad\/wp-json\/wp\/v2\/comments?post=48964"}],"version-history":[{"count":1,"href":"https:\/\/www.laguiadepamplona.com\/actualidad\/wp-json\/wp\/v2\/posts\/48964\/revisions"}],"predecessor-version":[{"id":48966,"href":"https:\/\/www.laguiadepamplona.com\/actualidad\/wp-json\/wp\/v2\/posts\/48964\/revisions\/48966"}],"wp:featuredmedia":[{"embeddable":true,"href":"https:\/\/www.laguiadepamplona.com\/actualidad\/wp-json\/wp\/v2\/media\/48965"}],"wp:attachment":[{"href":"https:\/\/www.laguiadepamplona.com\/actualidad\/wp-json\/wp\/v2\/media?parent=48964"}],"wp:term":[{"taxonomy":"category","embeddable":true,"href":"https:\/\/www.laguiadepamplona.com\/actualidad\/wp-json\/wp\/v2\/categories?post=48964"},{"taxonomy":"post_tag","embeddable":true,"href":"https:\/\/www.laguiadepamplona.com\/actualidad\/wp-json\/wp\/v2\/tags?post=48964"}],"curies":[{"name":"wp","href":"https:\/\/api.w.org\/{rel}","templated":true}]}}