{"id":48935,"date":"2024-03-01T13:09:58","date_gmt":"2024-03-01T11:09:58","guid":{"rendered":"https:\/\/www.laguiadepamplona.com\/actualidad\/?p=48935"},"modified":"2024-03-01T13:09:58","modified_gmt":"2024-03-01T11:09:58","slug":"abierto-el-plazo-de-inscripcion-para-un-taller-de-iniciacion-del-cubo-de-rubik-en-la-casa-de-la-juventud-el-viernes-8-de-marzo","status":"publish","type":"post","link":"https:\/\/www.laguiadepamplona.com\/actualidad\/abierto-el-plazo-de-inscripcion-para-un-taller-de-iniciacion-del-cubo-de-rubik-en-la-casa-de-la-juventud-el-viernes-8-de-marzo\/","title":{"rendered":"Abierto el plazo de inscripci\u00f3n para un taller de iniciaci\u00f3n del cubo de Rubik en la Casa de la Juventud el viernes 8 de marzo"},"content":{"rendered":"<h2>Dirigida a j\u00f3venes de 12 a 30 a\u00f1os, la actividad es la antesala del VIII Iru\u00f1a Open 2024, que se celebra los d\u00edas 9 y 10 de marzo<\/h2>\n<p><!--more--><\/p>\n<p>Este viernes se abren las inscripciones para el taller de iniciaci\u00f3n al cubo de Rubik, que la Casa de la Juventud acoge el 8 de marzo. La actividad, que tendr\u00e1 lugar de 18 a 20 horas el pr\u00f3ximo viernes, ser\u00e1 impartida por dos de los mejores \u201ccuberos\u201d de Espa\u00f1a, que ense\u00f1ar\u00e1n c\u00f3mo armar el cubo de manera f\u00e1cil y sencilla, para terminar con una exhibici\u00f3n de sus habilidades. El taller est\u00e1 dirigido a j\u00f3venes de entre 12 y 30 a\u00f1os, que pueden inscribirse presencialmente de forma gratuita en la propia Casa de la Juventud (c\/ Sang\u00fcesa, 30) hasta el mismo d\u00eda 8. Las plazas est\u00e1n limitadas a 20 personas y cada participante recibir\u00e1 un cubo de Rubik para poder seguir el taller y practicar posteriormente en su casa.<br \/>\n<script async src=\"\/\/pagead2.googlesyndication.com\/pagead\/js\/adsbygoogle.js\"><\/script><br \/>\n<!-- Noticias La Guia de Pamplona --><br \/>\n<ins class=\"adsbygoogle\"\nstyle=\"display:block\"\ndata-ad-client=\"ca-pub-6943679897239327\"\ndata-ad-slot=\"7048180777\"\ndata-ad-format=\"auto\"><\/ins><br \/>\n<script>\n(adsbygoogle = window.adsbygoogle || []).push({});\n<\/script><br \/>\nEl taller arrancar\u00e1 con una peque\u00f1a introducci\u00f3n al mundo del cubo de Rubik, para despu\u00e9s explicar los siete pasos clave para resolverlo. Tras esto, y durante media hora, dos de los mejores cuberos de Espa\u00f1a realizar\u00e1n una demostraci\u00f3n en vivo. Se trata de Julen Sim\u00f3n y Alejandro Nicolay, ambos organizadores del VIII Iru\u00f1a Open.<\/p>\n<p>De hecho, esta actividad es un aperitivo del Campeonato VIII Iru\u00f1a Open, que se celebrar\u00e1 los d\u00edas 9 y 10 de marzo en la Casa de la Juventud, en horario de 10 a 14 horas y de 17 a 21 horas. En total, 64 personas competir\u00e1n en 8 modalidades diferentes del puzzle, que se deber\u00e1 resolver en el menor tiempo posible. Los tres mejores de cada categor\u00eda obtendr\u00e1n una medalla y un diploma y quien gane en la modalidad 3x3x3 (cubo cl\u00e1sico) se llevar\u00e1, adem\u00e1s, la txapela que lo proclama ganador o ganadora del Iru\u00f1a Open 2024. Las marcas en el VIII Iru\u00f1a Open 2024 se registrar\u00e1n oficialmente y los resultados del evento podr\u00e1n servir como calificaci\u00f3n para el Campeonato de Europa, que tendr\u00e1 lugar en julio en el Navarra Arena, y que prev\u00e9 congregar a 1.250 participantes.<\/p>\n","protected":false},"excerpt":{"rendered":"<p>Dirigida a j\u00f3venes de 12 a 30 a\u00f1os, la actividad es la antesala del VIII Iru\u00f1a Open 2024, que se celebra los d\u00edas 9 y 10 de marzo<\/p>\n","protected":false},"author":1,"featured_media":39354,"comment_status":"open","ping_status":"closed","sticky":false,"template":"","format":"standard","meta":{"footnotes":""},"categories":[2],"tags":[],"class_list":["post-48935","post","type-post","status-publish","format-standard","has-post-thumbnail","hentry","category-ayuntamiento-pamplona"],"yoast_head":"<!-- This site is optimized with the Yoast SEO plugin v27.3 - https:\/\/yoast.com\/product\/yoast-seo-wordpress\/ -->\n<title>Abierto el plazo de inscripci\u00f3n para un taller de iniciaci\u00f3n del cubo de Rubik en la Casa de la Juventud el viernes 8 de marzo<\/title>\n<meta name=\"description\" content=\"Dirigida a j\u00f3venes de 12 a 30 a\u00f1os, la actividad es la antesala del VIII Iru\u00f1a Open 2024, que se celebra los d\u00edas 9 y 10 de marzo\" \/>\n<meta name=\"robots\" content=\"index, follow, max-snippet:-1, max-image-preview:large, max-video-preview:-1\" \/>\n<link rel=\"canonical\" href=\"https:\/\/www.laguiadepamplona.com\/actualidad\/abierto-el-plazo-de-inscripcion-para-un-taller-de-iniciacion-del-cubo-de-rubik-en-la-casa-de-la-juventud-el-viernes-8-de-marzo\/\" \/>\n<meta property=\"og:locale\" content=\"es_ES\" \/>\n<meta property=\"og:type\" content=\"article\" \/>\n<meta property=\"og:title\" content=\"Abierto el plazo de inscripci\u00f3n para un taller de iniciaci\u00f3n del cubo de Rubik en la Casa de la Juventud el viernes 8 de marzo\" \/>\n<meta property=\"og:description\" content=\"Dirigida a j\u00f3venes de 12 a 30 a\u00f1os, la actividad es la antesala del VIII Iru\u00f1a Open 2024, que se celebra los d\u00edas 9 y 10 de marzo\" \/>\n<meta property=\"og:url\" content=\"https:\/\/www.laguiadepamplona.com\/actualidad\/abierto-el-plazo-de-inscripcion-para-un-taller-de-iniciacion-del-cubo-de-rubik-en-la-casa-de-la-juventud-el-viernes-8-de-marzo\/\" \/>\n<meta property=\"og:site_name\" content=\"La Gu\u00eda de Pamplona\" \/>\n<meta property=\"article:publisher\" content=\"https:\/\/www.facebook.com\/laguiadepamplonacom-133175176762273\/?ref=hl\" \/>\n<meta property=\"article:published_time\" content=\"2024-03-01T11:09:58+00:00\" \/>\n<meta property=\"og:image\" content=\"https:\/\/www.laguiadepamplona.com\/actualidad\/wp-content\/uploads\/2022\/03\/cubo-rubik-juego.jpg\" \/>\n\t<meta property=\"og:image:width\" content=\"1920\" \/>\n\t<meta property=\"og:image:height\" content=\"1280\" \/>\n\t<meta property=\"og:image:type\" content=\"image\/jpeg\" \/>\n<meta name=\"author\" content=\"La Gu\u00eda de Pamplona\" \/>\n<meta name=\"twitter:card\" content=\"summary_large_image\" \/>\n<meta name=\"twitter:creator\" content=\"@LaGuiadPamplona\" \/>\n<meta name=\"twitter:site\" content=\"@LaGuiadPamplona\" \/>\n<meta name=\"twitter:label1\" content=\"Escrito por\" \/>\n\t<meta name=\"twitter:data1\" content=\"La Gu\u00eda de Pamplona\" \/>\n\t<meta name=\"twitter:label2\" content=\"Tiempo de lectura\" \/>\n\t<meta name=\"twitter:data2\" content=\"2 minutos\" \/>\n<script type=\"application\/ld+json\" class=\"yoast-schema-graph\">{\"@context\":\"https:\\\/\\\/schema.org\",\"@graph\":[{\"@type\":\"Article\",\"@id\":\"https:\\\/\\\/www.laguiadepamplona.com\\\/actualidad\\\/abierto-el-plazo-de-inscripcion-para-un-taller-de-iniciacion-del-cubo-de-rubik-en-la-casa-de-la-juventud-el-viernes-8-de-marzo\\\/#article\",\"isPartOf\":{\"@id\":\"https:\\\/\\\/www.laguiadepamplona.com\\\/actualidad\\\/abierto-el-plazo-de-inscripcion-para-un-taller-de-iniciacion-del-cubo-de-rubik-en-la-casa-de-la-juventud-el-viernes-8-de-marzo\\\/\"},\"author\":{\"name\":\"La Gu\u00eda de Pamplona\",\"@id\":\"https:\\\/\\\/www.laguiadepamplona.com\\\/actualidad\\\/#\\\/schema\\\/person\\\/efe887376f0213d4657c93adc50b1fdb\"},\"headline\":\"Abierto el plazo de inscripci\u00f3n para un taller de iniciaci\u00f3n del cubo de Rubik en la Casa de la Juventud el viernes 8 de marzo\",\"datePublished\":\"2024-03-01T11:09:58+00:00\",\"mainEntityOfPage\":{\"@id\":\"https:\\\/\\\/www.laguiadepamplona.com\\\/actualidad\\\/abierto-el-plazo-de-inscripcion-para-un-taller-de-iniciacion-del-cubo-de-rubik-en-la-casa-de-la-juventud-el-viernes-8-de-marzo\\\/\"},\"wordCount\":388,\"commentCount\":0,\"publisher\":{\"@id\":\"https:\\\/\\\/www.laguiadepamplona.com\\\/actualidad\\\/#organization\"},\"image\":{\"@id\":\"https:\\\/\\\/www.laguiadepamplona.com\\\/actualidad\\\/abierto-el-plazo-de-inscripcion-para-un-taller-de-iniciacion-del-cubo-de-rubik-en-la-casa-de-la-juventud-el-viernes-8-de-marzo\\\/#primaryimage\"},\"thumbnailUrl\":\"https:\\\/\\\/www.laguiadepamplona.com\\\/actualidad\\\/wp-content\\\/uploads\\\/2022\\\/03\\\/cubo-rubik-juego.jpg\",\"articleSection\":[\"Ayto Pamplona\"],\"inLanguage\":\"es\",\"potentialAction\":[{\"@type\":\"CommentAction\",\"name\":\"Comment\",\"target\":[\"https:\\\/\\\/www.laguiadepamplona.com\\\/actualidad\\\/abierto-el-plazo-de-inscripcion-para-un-taller-de-iniciacion-del-cubo-de-rubik-en-la-casa-de-la-juventud-el-viernes-8-de-marzo\\\/#respond\"]}]},{\"@type\":\"WebPage\",\"@id\":\"https:\\\/\\\/www.laguiadepamplona.com\\\/actualidad\\\/abierto-el-plazo-de-inscripcion-para-un-taller-de-iniciacion-del-cubo-de-rubik-en-la-casa-de-la-juventud-el-viernes-8-de-marzo\\\/\",\"url\":\"https:\\\/\\\/www.laguiadepamplona.com\\\/actualidad\\\/abierto-el-plazo-de-inscripcion-para-un-taller-de-iniciacion-del-cubo-de-rubik-en-la-casa-de-la-juventud-el-viernes-8-de-marzo\\\/\",\"name\":\"Abierto el plazo de inscripci\u00f3n para un taller de iniciaci\u00f3n del cubo de Rubik en la Casa de la Juventud el viernes 8 de marzo\",\"isPartOf\":{\"@id\":\"https:\\\/\\\/www.laguiadepamplona.com\\\/actualidad\\\/#website\"},\"primaryImageOfPage\":{\"@id\":\"https:\\\/\\\/www.laguiadepamplona.com\\\/actualidad\\\/abierto-el-plazo-de-inscripcion-para-un-taller-de-iniciacion-del-cubo-de-rubik-en-la-casa-de-la-juventud-el-viernes-8-de-marzo\\\/#primaryimage\"},\"image\":{\"@id\":\"https:\\\/\\\/www.laguiadepamplona.com\\\/actualidad\\\/abierto-el-plazo-de-inscripcion-para-un-taller-de-iniciacion-del-cubo-de-rubik-en-la-casa-de-la-juventud-el-viernes-8-de-marzo\\\/#primaryimage\"},\"thumbnailUrl\":\"https:\\\/\\\/www.laguiadepamplona.com\\\/actualidad\\\/wp-content\\\/uploads\\\/2022\\\/03\\\/cubo-rubik-juego.jpg\",\"datePublished\":\"2024-03-01T11:09:58+00:00\",\"description\":\"Dirigida a j\u00f3venes de 12 a 30 a\u00f1os, la actividad es la antesala del VIII Iru\u00f1a Open 2024, que se celebra los d\u00edas 9 y 10 de marzo\",\"breadcrumb\":{\"@id\":\"https:\\\/\\\/www.laguiadepamplona.com\\\/actualidad\\\/abierto-el-plazo-de-inscripcion-para-un-taller-de-iniciacion-del-cubo-de-rubik-en-la-casa-de-la-juventud-el-viernes-8-de-marzo\\\/#breadcrumb\"},\"inLanguage\":\"es\",\"potentialAction\":[{\"@type\":\"ReadAction\",\"target\":[\"https:\\\/\\\/www.laguiadepamplona.com\\\/actualidad\\\/abierto-el-plazo-de-inscripcion-para-un-taller-de-iniciacion-del-cubo-de-rubik-en-la-casa-de-la-juventud-el-viernes-8-de-marzo\\\/\"]}]},{\"@type\":\"ImageObject\",\"inLanguage\":\"es\",\"@id\":\"https:\\\/\\\/www.laguiadepamplona.com\\\/actualidad\\\/abierto-el-plazo-de-inscripcion-para-un-taller-de-iniciacion-del-cubo-de-rubik-en-la-casa-de-la-juventud-el-viernes-8-de-marzo\\\/#primaryimage\",\"url\":\"https:\\\/\\\/www.laguiadepamplona.com\\\/actualidad\\\/wp-content\\\/uploads\\\/2022\\\/03\\\/cubo-rubik-juego.jpg\",\"contentUrl\":\"https:\\\/\\\/www.laguiadepamplona.com\\\/actualidad\\\/wp-content\\\/uploads\\\/2022\\\/03\\\/cubo-rubik-juego.jpg\",\"width\":1920,\"height\":1280,\"caption\":\"cubo rubik\"},{\"@type\":\"BreadcrumbList\",\"@id\":\"https:\\\/\\\/www.laguiadepamplona.com\\\/actualidad\\\/abierto-el-plazo-de-inscripcion-para-un-taller-de-iniciacion-del-cubo-de-rubik-en-la-casa-de-la-juventud-el-viernes-8-de-marzo\\\/#breadcrumb\",\"itemListElement\":[{\"@type\":\"ListItem\",\"position\":1,\"name\":\"Portada\",\"item\":\"https:\\\/\\\/www.laguiadepamplona.com\\\/actualidad\\\/\"},{\"@type\":\"ListItem\",\"position\":2,\"name\":\"Abierto el plazo de inscripci\u00f3n para un taller de iniciaci\u00f3n del cubo de Rubik en la Casa de la Juventud el viernes 8 de marzo\"}]},{\"@type\":\"WebSite\",\"@id\":\"https:\\\/\\\/www.laguiadepamplona.com\\\/actualidad\\\/#website\",\"url\":\"https:\\\/\\\/www.laguiadepamplona.com\\\/actualidad\\\/\",\"name\":\"La gu\u00eda de Pamplona\",\"description\":\"Noticias de Pamplona\",\"publisher\":{\"@id\":\"https:\\\/\\\/www.laguiadepamplona.com\\\/actualidad\\\/#organization\"},\"potentialAction\":[{\"@type\":\"SearchAction\",\"target\":{\"@type\":\"EntryPoint\",\"urlTemplate\":\"https:\\\/\\\/www.laguiadepamplona.com\\\/actualidad\\\/?s={search_term_string}\"},\"query-input\":{\"@type\":\"PropertyValueSpecification\",\"valueRequired\":true,\"valueName\":\"search_term_string\"}}],\"inLanguage\":\"es\"},{\"@type\":\"Organization\",\"@id\":\"https:\\\/\\\/www.laguiadepamplona.com\\\/actualidad\\\/#organization\",\"name\":\"La Gu\u00eda de Pamplona \\\/ Noticias\",\"url\":\"https:\\\/\\\/www.laguiadepamplona.com\\\/actualidad\\\/\",\"logo\":{\"@type\":\"ImageObject\",\"inLanguage\":\"es\",\"@id\":\"https:\\\/\\\/www.laguiadepamplona.com\\\/actualidad\\\/#\\\/schema\\\/logo\\\/image\\\/\",\"url\":\"https:\\\/\\\/www.laguiadepamplona.com\\\/actualidad\\\/wp-content\\\/uploads\\\/2018\\\/11\\\/logo-laguiadepamplona18-web1.png\",\"contentUrl\":\"https:\\\/\\\/www.laguiadepamplona.com\\\/actualidad\\\/wp-content\\\/uploads\\\/2018\\\/11\\\/logo-laguiadepamplona18-web1.png\",\"width\":600,\"height\":196,\"caption\":\"La Gu\u00eda de Pamplona \\\/ Noticias\"},\"image\":{\"@id\":\"https:\\\/\\\/www.laguiadepamplona.com\\\/actualidad\\\/#\\\/schema\\\/logo\\\/image\\\/\"},\"sameAs\":[\"https:\\\/\\\/www.facebook.com\\\/laguiadepamplonacom-133175176762273\\\/?ref=hl\",\"https:\\\/\\\/x.com\\\/LaGuiadPamplona\",\"https:\\\/\\\/www.instagram.com\\\/la_guia_de_pamplona\\\/\",\"https:\\\/\\\/www.youtube.com\\\/user\\\/laguiadepamplona\"]},{\"@type\":\"Person\",\"@id\":\"https:\\\/\\\/www.laguiadepamplona.com\\\/actualidad\\\/#\\\/schema\\\/person\\\/efe887376f0213d4657c93adc50b1fdb\",\"name\":\"La Gu\u00eda de Pamplona\",\"image\":{\"@type\":\"ImageObject\",\"inLanguage\":\"es\",\"@id\":\"https:\\\/\\\/secure.gravatar.com\\\/avatar\\\/b6992f131dc8d30ab0dff15446e9d346d9dbd95992de0fef795073f5ea83a81c?s=96&d=mm&r=g\",\"url\":\"https:\\\/\\\/secure.gravatar.com\\\/avatar\\\/b6992f131dc8d30ab0dff15446e9d346d9dbd95992de0fef795073f5ea83a81c?s=96&d=mm&r=g\",\"contentUrl\":\"https:\\\/\\\/secure.gravatar.com\\\/avatar\\\/b6992f131dc8d30ab0dff15446e9d346d9dbd95992de0fef795073f5ea83a81c?s=96&d=mm&r=g\",\"caption\":\"La Gu\u00eda de Pamplona\"}}]}<\/script>\n<!-- \/ Yoast SEO plugin. -->","yoast_head_json":{"title":"Abierto el plazo de inscripci\u00f3n para un taller de iniciaci\u00f3n del cubo de Rubik en la Casa de la Juventud el viernes 8 de marzo","description":"Dirigida a j\u00f3venes de 12 a 30 a\u00f1os, la actividad es la antesala del VIII Iru\u00f1a Open 2024, que se celebra los d\u00edas 9 y 10 de marzo","robots":{"index":"index","follow":"follow","max-snippet":"max-snippet:-1","max-image-preview":"max-image-preview:large","max-video-preview":"max-video-preview:-1"},"canonical":"https:\/\/www.laguiadepamplona.com\/actualidad\/abierto-el-plazo-de-inscripcion-para-un-taller-de-iniciacion-del-cubo-de-rubik-en-la-casa-de-la-juventud-el-viernes-8-de-marzo\/","og_locale":"es_ES","og_type":"article","og_title":"Abierto el plazo de inscripci\u00f3n para un taller de iniciaci\u00f3n del cubo de Rubik en la Casa de la Juventud el viernes 8 de marzo","og_description":"Dirigida a j\u00f3venes de 12 a 30 a\u00f1os, la actividad es la antesala del VIII Iru\u00f1a Open 2024, que se celebra los d\u00edas 9 y 10 de marzo","og_url":"https:\/\/www.laguiadepamplona.com\/actualidad\/abierto-el-plazo-de-inscripcion-para-un-taller-de-iniciacion-del-cubo-de-rubik-en-la-casa-de-la-juventud-el-viernes-8-de-marzo\/","og_site_name":"La Gu\u00eda de Pamplona","article_publisher":"https:\/\/www.facebook.com\/laguiadepamplonacom-133175176762273\/?ref=hl","article_published_time":"2024-03-01T11:09:58+00:00","og_image":[{"width":1920,"height":1280,"url":"https:\/\/www.laguiadepamplona.com\/actualidad\/wp-content\/uploads\/2022\/03\/cubo-rubik-juego.jpg","type":"image\/jpeg"}],"author":"La Gu\u00eda de Pamplona","twitter_card":"summary_large_image","twitter_creator":"@LaGuiadPamplona","twitter_site":"@LaGuiadPamplona","twitter_misc":{"Escrito por":"La Gu\u00eda de Pamplona","Tiempo de lectura":"2 minutos"},"schema":{"@context":"https:\/\/schema.org","@graph":[{"@type":"Article","@id":"https:\/\/www.laguiadepamplona.com\/actualidad\/abierto-el-plazo-de-inscripcion-para-un-taller-de-iniciacion-del-cubo-de-rubik-en-la-casa-de-la-juventud-el-viernes-8-de-marzo\/#article","isPartOf":{"@id":"https:\/\/www.laguiadepamplona.com\/actualidad\/abierto-el-plazo-de-inscripcion-para-un-taller-de-iniciacion-del-cubo-de-rubik-en-la-casa-de-la-juventud-el-viernes-8-de-marzo\/"},"author":{"name":"La Gu\u00eda de Pamplona","@id":"https:\/\/www.laguiadepamplona.com\/actualidad\/#\/schema\/person\/efe887376f0213d4657c93adc50b1fdb"},"headline":"Abierto el plazo de inscripci\u00f3n para un taller de iniciaci\u00f3n del cubo de Rubik en la Casa de la Juventud el viernes 8 de marzo","datePublished":"2024-03-01T11:09:58+00:00","mainEntityOfPage":{"@id":"https:\/\/www.laguiadepamplona.com\/actualidad\/abierto-el-plazo-de-inscripcion-para-un-taller-de-iniciacion-del-cubo-de-rubik-en-la-casa-de-la-juventud-el-viernes-8-de-marzo\/"},"wordCount":388,"commentCount":0,"publisher":{"@id":"https:\/\/www.laguiadepamplona.com\/actualidad\/#organization"},"image":{"@id":"https:\/\/www.laguiadepamplona.com\/actualidad\/abierto-el-plazo-de-inscripcion-para-un-taller-de-iniciacion-del-cubo-de-rubik-en-la-casa-de-la-juventud-el-viernes-8-de-marzo\/#primaryimage"},"thumbnailUrl":"https:\/\/www.laguiadepamplona.com\/actualidad\/wp-content\/uploads\/2022\/03\/cubo-rubik-juego.jpg","articleSection":["Ayto Pamplona"],"inLanguage":"es","potentialAction":[{"@type":"CommentAction","name":"Comment","target":["https:\/\/www.laguiadepamplona.com\/actualidad\/abierto-el-plazo-de-inscripcion-para-un-taller-de-iniciacion-del-cubo-de-rubik-en-la-casa-de-la-juventud-el-viernes-8-de-marzo\/#respond"]}]},{"@type":"WebPage","@id":"https:\/\/www.laguiadepamplona.com\/actualidad\/abierto-el-plazo-de-inscripcion-para-un-taller-de-iniciacion-del-cubo-de-rubik-en-la-casa-de-la-juventud-el-viernes-8-de-marzo\/","url":"https:\/\/www.laguiadepamplona.com\/actualidad\/abierto-el-plazo-de-inscripcion-para-un-taller-de-iniciacion-del-cubo-de-rubik-en-la-casa-de-la-juventud-el-viernes-8-de-marzo\/","name":"Abierto el plazo de inscripci\u00f3n para un taller de iniciaci\u00f3n del cubo de Rubik en la Casa de la Juventud el viernes 8 de marzo","isPartOf":{"@id":"https:\/\/www.laguiadepamplona.com\/actualidad\/#website"},"primaryImageOfPage":{"@id":"https:\/\/www.laguiadepamplona.com\/actualidad\/abierto-el-plazo-de-inscripcion-para-un-taller-de-iniciacion-del-cubo-de-rubik-en-la-casa-de-la-juventud-el-viernes-8-de-marzo\/#primaryimage"},"image":{"@id":"https:\/\/www.laguiadepamplona.com\/actualidad\/abierto-el-plazo-de-inscripcion-para-un-taller-de-iniciacion-del-cubo-de-rubik-en-la-casa-de-la-juventud-el-viernes-8-de-marzo\/#primaryimage"},"thumbnailUrl":"https:\/\/www.laguiadepamplona.com\/actualidad\/wp-content\/uploads\/2022\/03\/cubo-rubik-juego.jpg","datePublished":"2024-03-01T11:09:58+00:00","description":"Dirigida a j\u00f3venes de 12 a 30 a\u00f1os, la actividad es la antesala del VIII Iru\u00f1a Open 2024, que se celebra los d\u00edas 9 y 10 de marzo","breadcrumb":{"@id":"https:\/\/www.laguiadepamplona.com\/actualidad\/abierto-el-plazo-de-inscripcion-para-un-taller-de-iniciacion-del-cubo-de-rubik-en-la-casa-de-la-juventud-el-viernes-8-de-marzo\/#breadcrumb"},"inLanguage":"es","potentialAction":[{"@type":"ReadAction","target":["https:\/\/www.laguiadepamplona.com\/actualidad\/abierto-el-plazo-de-inscripcion-para-un-taller-de-iniciacion-del-cubo-de-rubik-en-la-casa-de-la-juventud-el-viernes-8-de-marzo\/"]}]},{"@type":"ImageObject","inLanguage":"es","@id":"https:\/\/www.laguiadepamplona.com\/actualidad\/abierto-el-plazo-de-inscripcion-para-un-taller-de-iniciacion-del-cubo-de-rubik-en-la-casa-de-la-juventud-el-viernes-8-de-marzo\/#primaryimage","url":"https:\/\/www.laguiadepamplona.com\/actualidad\/wp-content\/uploads\/2022\/03\/cubo-rubik-juego.jpg","contentUrl":"https:\/\/www.laguiadepamplona.com\/actualidad\/wp-content\/uploads\/2022\/03\/cubo-rubik-juego.jpg","width":1920,"height":1280,"caption":"cubo rubik"},{"@type":"BreadcrumbList","@id":"https:\/\/www.laguiadepamplona.com\/actualidad\/abierto-el-plazo-de-inscripcion-para-un-taller-de-iniciacion-del-cubo-de-rubik-en-la-casa-de-la-juventud-el-viernes-8-de-marzo\/#breadcrumb","itemListElement":[{"@type":"ListItem","position":1,"name":"Portada","item":"https:\/\/www.laguiadepamplona.com\/actualidad\/"},{"@type":"ListItem","position":2,"name":"Abierto el plazo de inscripci\u00f3n para un taller de iniciaci\u00f3n del cubo de Rubik en la Casa de la Juventud el viernes 8 de marzo"}]},{"@type":"WebSite","@id":"https:\/\/www.laguiadepamplona.com\/actualidad\/#website","url":"https:\/\/www.laguiadepamplona.com\/actualidad\/","name":"La gu\u00eda de Pamplona","description":"Noticias de Pamplona","publisher":{"@id":"https:\/\/www.laguiadepamplona.com\/actualidad\/#organization"},"potentialAction":[{"@type":"SearchAction","target":{"@type":"EntryPoint","urlTemplate":"https:\/\/www.laguiadepamplona.com\/actualidad\/?s={search_term_string}"},"query-input":{"@type":"PropertyValueSpecification","valueRequired":true,"valueName":"search_term_string"}}],"inLanguage":"es"},{"@type":"Organization","@id":"https:\/\/www.laguiadepamplona.com\/actualidad\/#organization","name":"La Gu\u00eda de Pamplona \/ Noticias","url":"https:\/\/www.laguiadepamplona.com\/actualidad\/","logo":{"@type":"ImageObject","inLanguage":"es","@id":"https:\/\/www.laguiadepamplona.com\/actualidad\/#\/schema\/logo\/image\/","url":"https:\/\/www.laguiadepamplona.com\/actualidad\/wp-content\/uploads\/2018\/11\/logo-laguiadepamplona18-web1.png","contentUrl":"https:\/\/www.laguiadepamplona.com\/actualidad\/wp-content\/uploads\/2018\/11\/logo-laguiadepamplona18-web1.png","width":600,"height":196,"caption":"La Gu\u00eda de Pamplona \/ Noticias"},"image":{"@id":"https:\/\/www.laguiadepamplona.com\/actualidad\/#\/schema\/logo\/image\/"},"sameAs":["https:\/\/www.facebook.com\/laguiadepamplonacom-133175176762273\/?ref=hl","https:\/\/x.com\/LaGuiadPamplona","https:\/\/www.instagram.com\/la_guia_de_pamplona\/","https:\/\/www.youtube.com\/user\/laguiadepamplona"]},{"@type":"Person","@id":"https:\/\/www.laguiadepamplona.com\/actualidad\/#\/schema\/person\/efe887376f0213d4657c93adc50b1fdb","name":"La Gu\u00eda de Pamplona","image":{"@type":"ImageObject","inLanguage":"es","@id":"https:\/\/secure.gravatar.com\/avatar\/b6992f131dc8d30ab0dff15446e9d346d9dbd95992de0fef795073f5ea83a81c?s=96&d=mm&r=g","url":"https:\/\/secure.gravatar.com\/avatar\/b6992f131dc8d30ab0dff15446e9d346d9dbd95992de0fef795073f5ea83a81c?s=96&d=mm&r=g","contentUrl":"https:\/\/secure.gravatar.com\/avatar\/b6992f131dc8d30ab0dff15446e9d346d9dbd95992de0fef795073f5ea83a81c?s=96&d=mm&r=g","caption":"La Gu\u00eda de Pamplona"}}]}},"post_mailing_queue_ids":[],"_links":{"self":[{"href":"https:\/\/www.laguiadepamplona.com\/actualidad\/wp-json\/wp\/v2\/posts\/48935","targetHints":{"allow":["GET"]}}],"collection":[{"href":"https:\/\/www.laguiadepamplona.com\/actualidad\/wp-json\/wp\/v2\/posts"}],"about":[{"href":"https:\/\/www.laguiadepamplona.com\/actualidad\/wp-json\/wp\/v2\/types\/post"}],"author":[{"embeddable":true,"href":"https:\/\/www.laguiadepamplona.com\/actualidad\/wp-json\/wp\/v2\/users\/1"}],"replies":[{"embeddable":true,"href":"https:\/\/www.laguiadepamplona.com\/actualidad\/wp-json\/wp\/v2\/comments?post=48935"}],"version-history":[{"count":1,"href":"https:\/\/www.laguiadepamplona.com\/actualidad\/wp-json\/wp\/v2\/posts\/48935\/revisions"}],"predecessor-version":[{"id":48936,"href":"https:\/\/www.laguiadepamplona.com\/actualidad\/wp-json\/wp\/v2\/posts\/48935\/revisions\/48936"}],"wp:featuredmedia":[{"embeddable":true,"href":"https:\/\/www.laguiadepamplona.com\/actualidad\/wp-json\/wp\/v2\/media\/39354"}],"wp:attachment":[{"href":"https:\/\/www.laguiadepamplona.com\/actualidad\/wp-json\/wp\/v2\/media?parent=48935"}],"wp:term":[{"taxonomy":"category","embeddable":true,"href":"https:\/\/www.laguiadepamplona.com\/actualidad\/wp-json\/wp\/v2\/categories?post=48935"},{"taxonomy":"post_tag","embeddable":true,"href":"https:\/\/www.laguiadepamplona.com\/actualidad\/wp-json\/wp\/v2\/tags?post=48935"}],"curies":[{"name":"wp","href":"https:\/\/api.w.org\/{rel}","templated":true}]}}