{"id":48932,"date":"2024-03-01T13:08:21","date_gmt":"2024-03-01T11:08:21","guid":{"rendered":"https:\/\/www.laguiadepamplona.com\/actualidad\/?p=48932"},"modified":"2024-03-01T13:08:21","modified_gmt":"2024-03-01T11:08:21","slug":"la-semana-de-montana-propone-en-civivox-san-jorge-proyecciones-y-charlas-en-primera-persona-sobre-aventuras-en-paises-como-islandia-bolivia-chile-o-guinea-bissau","status":"publish","type":"post","link":"https:\/\/www.laguiadepamplona.com\/actualidad\/la-semana-de-montana-propone-en-civivox-san-jorge-proyecciones-y-charlas-en-primera-persona-sobre-aventuras-en-paises-como-islandia-bolivia-chile-o-guinea-bissau\/","title":{"rendered":"La Semana de Monta\u00f1a propone en Civivox San Jorge proyecciones y charlas en primera persona sobre aventuras en pa\u00edses como Islandia, Bolivia, Chile o Guinea Bissau"},"content":{"rendered":"<h2>El ciclo, ya consolidado en la programaci\u00f3n de la red Civivox, se desarrollar\u00e1 de lunes a viernes, a las 19.30 horas, con entrada libre a las sesiones<\/h2>\n<p><!--more--><\/p>\n<p>Civivox San Jorge acoge del 4 al 8 de marzo su tradicional Semana de Monta\u00f1a. Cinco d\u00edas para conocer aventuras, experiencias y proyectos solidarios que en esta edici\u00f3n llevar\u00e1 al p\u00fablico, a trav\u00e9s de proyecciones y charlas, a pa\u00edses como Islandia, Bolivia, Chile o Guinea Bissau, entre otros destinos. Todas las sesiones comenzar\u00e1n a las 19.30 horas, con entrada libre, hasta completar el aforo.<\/p>\n<p>Abrir\u00e1 el ciclo este lunes una conferencia sobre el proyecto \u2018A pulm\u00f3n\u2019, promovido por AEACaP (Asociaci\u00f3n de Afectados de C\u00e1ncer de Pulm\u00f3n). Se trata de que trata de desestigmatizar la enfermedad, visibilizar su lado m\u00e1s amable y mostrar que hay cosas que est\u00e1n cambiando. Virginia Iglesias y Patricia Viscarret, gu\u00edas de monta\u00f1a participantes en el proyecto descubrir\u00e1n este apasionante viaje que atraviesa toda la pen\u00ednsula y se extiende hasta el a\u00f1o 2025.<br \/>\n<script async src=\"\/\/pagead2.googlesyndication.com\/pagead\/js\/adsbygoogle.js\"><\/script><br \/>\n<!-- Noticias La Guia de Pamplona --><br \/>\n<ins class=\"adsbygoogle\"\nstyle=\"display:block\"\ndata-ad-client=\"ca-pub-6943679897239327\"\ndata-ad-slot=\"7048180777\"\ndata-ad-format=\"auto\"><\/ins><br \/>\n<script>\n(adsbygoogle = window.adsbygoogle || []).push({});\n<\/script><br \/>\nIslandia ser\u00e1 el destino de la charla y la proyecci\u00f3n documental del martes 5 de marzo; en concreto, por la regi\u00f3n de los Westfjords, los fiordos noroccidentales del pa\u00eds, el rinc\u00f3n m\u00e1s inh\u00f3spito de la isla. Igone Mariezkurrena relatar\u00e1 el recorrido en bicicleta que hizo en solitario por esos paisajes naturales durante la primavera de 2022.<\/p>\n<p>Mediada la semana, el mi\u00e9rcoles 6 de marzo, el fot\u00f3grafo navarro Eduardo Blanco Mendiz\u00e1bal analizar\u00e1 las diversas condiciones clim\u00e1ticas y los fen\u00f3menos f\u00edsicos que se producen en la naturaleza y aportar\u00e1 los consejos necesarios para sacarles partido en base a su experiencia profesional. Blanco ha recibido a lo largo de su carrera, m\u00e1s de un centenar de premios en cert\u00e1menes fotogr\u00e1ficos nacionales e internacionales.<br \/>\n<script async src=\"\/\/pagead2.googlesyndication.com\/pagead\/js\/adsbygoogle.js\"><\/script><br \/>\n<!-- Noticias La Guia de Pamplona --><br \/>\n<ins class=\"adsbygoogle\"\nstyle=\"display:block\"\ndata-ad-client=\"ca-pub-6943679897239327\"\ndata-ad-slot=\"7048180777\"\ndata-ad-format=\"auto\"><\/ins><br \/>\n<script>\n(adsbygoogle = window.adsbygoogle || []).push({});\n<\/script><br \/>\nEl jueves 7 de marzo, viaje a Sudam\u00e9rica, con una charla titulada \u2018Bolivia y Chile: entre desiertos, salares y monta\u00f1as\u2019. Iban Gonz\u00e1lez y Oskia Garc\u00eda, de Gaztaroa Mendi Taldea, contar\u00e1n un viaje-expedici\u00f3n a estos dos pa\u00edses latinoamericanos, mostrar\u00e1n fotograf\u00edas y narrar\u00e1n las vivencias de una aventura a trav\u00e9s del altiplano boliviano, desierto y volcanes de Atacama y las monta\u00f1as de la Cordillera Real.<\/p>\n<p>El ciclo concluir\u00e1 el pr\u00f3ximo viernes 8 de marzo con una conferencia de Xabi Luna, de la asociaci\u00f3n \u2018Y os lo cuento\u2019. \u2018Rumbo a Bafat\u00e1\u2019 es el t\u00edtulo de una charla \u2013 proyecci\u00f3n que cuenta una aventura solidaria en bicicleta por Guinea Bissau con el objetivo de visibilizar la realidad de las mujeres maltratadas en ese pa\u00eds africano.<br \/>\n<script async src=\"\/\/pagead2.googlesyndication.com\/pagead\/js\/adsbygoogle.js\"><\/script><br \/>\n<!-- Noticias La Guia de Pamplona --><br \/>\n<ins class=\"adsbygoogle\"\nstyle=\"display:block\"\ndata-ad-client=\"ca-pub-6943679897239327\"\ndata-ad-slot=\"7048180777\"\ndata-ad-format=\"auto\"><\/ins><br \/>\n<script>\n(adsbygoogle = window.adsbygoogle || []).push({});\n<\/script><br \/>\n&nbsp;<\/p>\n<h3>Gaztaroa. Semana de monta\u00f1a y aventura\u2019 24. Civivox San Jorge<\/h3>\n<ul>\n<li><strong>Lunes 4 de marzo, 19.30 horas<\/strong>. Civivox San Jorge. Entrada libre, hasta completar aforo\n<ul>\n<li><strong>A PULM\u00d3N, VISIBILIZAR EL C\u00c1NCER A TRAV\u00c9S DE LA MONTA\u00d1A<\/strong>. Conferencia \u2013 proyecci\u00f3n documental<\/li>\n<li>Virginia Iglesias y Patricia Viscarret, gu\u00edas de monta\u00f1a participantes en el proyecto \u2018A pulm\u00f3n\u2019<\/li>\n<\/ul>\n<\/li>\n<\/ul>\n<p>&nbsp;<\/p>\n<ul>\n<li><strong>Martes 5 de marzo, 19.30 horas<\/strong>. Civivox San Jorge. Entrada libre, hasta completar aforo\n<ul>\n<li><strong> ISLANDIA INH\u00d3SPITA A PEDALES<\/strong>. Conferencia \u2013 proyecci\u00f3n documental<\/li>\n<li>Igone Mariezkurrena<\/li>\n<\/ul>\n<\/li>\n<\/ul>\n<p>&nbsp;<\/p>\n<ul>\n<li><strong>Mi\u00e9rcoles 6 de marzo, 19.30 horas<\/strong>. Civivox San Jorge. Entrada libre, hasta completar aforo\n<ul>\n<li><strong>FOTOGRAFIAR CON MAL TIEMPO<\/strong>. Conferencia \u2013 proyecci\u00f3n<\/li>\n<li>Eduardo Blanco Mendizabal, fot\u00f3grafo de naturaleza<\/li>\n<\/ul>\n<\/li>\n<\/ul>\n<p>&nbsp;<\/p>\n<ul>\n<li><strong>Jueves 7 de marzo, 19.30 horas<\/strong>. Civivox San Jorge. Entrada libre, hasta completar aforo\n<ul>\n<li><strong>BOLIVIA Y CHILE: ENTRE DESIERTOS, SALARES Y MONTA\u00d1AS<\/strong>. Charla \u2013 presentaci\u00f3n<\/li>\n<li>Iban Gonz\u00e1lez y Oskia Garc\u00eda, de Gaztaroa Mendi Taldea<\/li>\n<\/ul>\n<\/li>\n<\/ul>\n<p>&nbsp;<\/p>\n<ul>\n<li><strong>Viernes 8 de marzo, 19.30 horas<\/strong>. Civivox San Jorge. Entrada libre, hasta completar aforo\n<ul>\n<li><strong>RUMBO A BAFAT\u00c1<\/strong>. Conferencia \u2013 proyecci\u00f3n<\/li>\n<li>Xabi Luna, asociaci\u00f3n \u2018Y os lo cuento\u2019 elkartea<\/li>\n<\/ul>\n<\/li>\n<\/ul>\n","protected":false},"excerpt":{"rendered":"<p>El ciclo, ya consolidado en la programaci\u00f3n de la red Civivox, se desarrollar\u00e1 de lunes a viernes, a las 19.30 horas, con entrada libre a las sesiones<\/p>\n","protected":false},"author":1,"featured_media":48933,"comment_status":"open","ping_status":"closed","sticky":false,"template":"","format":"standard","meta":{"footnotes":""},"categories":[2],"tags":[],"class_list":["post-48932","post","type-post","status-publish","format-standard","has-post-thumbnail","hentry","category-ayuntamiento-pamplona"],"yoast_head":"<!-- This site is optimized with the Yoast SEO plugin v27.3 - https:\/\/yoast.com\/product\/yoast-seo-wordpress\/ -->\n<title>La Semana de Monta\u00f1a propone en Civivox San Jorge proyecciones y charlas en primera persona sobre aventuras en pa\u00edses como Islandia, Bolivia, Chile o Guinea Bissau<\/title>\n<meta name=\"description\" content=\"El ciclo, ya consolidado en la programaci\u00f3n de la red Civivox, se desarrollar\u00e1 de lunes a viernes, a las 19.30 horas, con entrada libre a las sesiones\" \/>\n<meta name=\"robots\" content=\"index, follow, max-snippet:-1, max-image-preview:large, max-video-preview:-1\" \/>\n<link rel=\"canonical\" href=\"https:\/\/www.laguiadepamplona.com\/actualidad\/la-semana-de-montana-propone-en-civivox-san-jorge-proyecciones-y-charlas-en-primera-persona-sobre-aventuras-en-paises-como-islandia-bolivia-chile-o-guinea-bissau\/\" \/>\n<meta property=\"og:locale\" content=\"es_ES\" \/>\n<meta property=\"og:type\" content=\"article\" \/>\n<meta property=\"og:title\" content=\"La Semana de Monta\u00f1a propone en Civivox San Jorge proyecciones y charlas en primera persona sobre aventuras en pa\u00edses como Islandia, Bolivia, Chile o Guinea Bissau\" \/>\n<meta property=\"og:description\" content=\"El ciclo, ya consolidado en la programaci\u00f3n de la red Civivox, se desarrollar\u00e1 de lunes a viernes, a las 19.30 horas, con entrada libre a las sesiones\" \/>\n<meta property=\"og:url\" content=\"https:\/\/www.laguiadepamplona.com\/actualidad\/la-semana-de-montana-propone-en-civivox-san-jorge-proyecciones-y-charlas-en-primera-persona-sobre-aventuras-en-paises-como-islandia-bolivia-chile-o-guinea-bissau\/\" \/>\n<meta property=\"og:site_name\" content=\"La Gu\u00eda de Pamplona\" \/>\n<meta property=\"article:publisher\" content=\"https:\/\/www.facebook.com\/laguiadepamplonacom-133175176762273\/?ref=hl\" \/>\n<meta property=\"article:published_time\" content=\"2024-03-01T11:08:21+00:00\" \/>\n<meta property=\"og:image\" content=\"https:\/\/www.laguiadepamplona.com\/actualidad\/wp-content\/uploads\/2024\/03\/gaztaroa-SIN.webp\" \/>\n\t<meta property=\"og:image:width\" content=\"870\" \/>\n\t<meta property=\"og:image:height\" content=\"480\" \/>\n\t<meta property=\"og:image:type\" content=\"image\/webp\" \/>\n<meta name=\"author\" content=\"La Gu\u00eda de Pamplona\" \/>\n<meta name=\"twitter:card\" content=\"summary_large_image\" \/>\n<meta name=\"twitter:creator\" content=\"@LaGuiadPamplona\" \/>\n<meta name=\"twitter:site\" content=\"@LaGuiadPamplona\" \/>\n<meta name=\"twitter:label1\" content=\"Escrito por\" \/>\n\t<meta name=\"twitter:data1\" content=\"La Gu\u00eda de Pamplona\" \/>\n\t<meta name=\"twitter:label2\" content=\"Tiempo de lectura\" \/>\n\t<meta name=\"twitter:data2\" content=\"3 minutos\" \/>\n<script type=\"application\/ld+json\" class=\"yoast-schema-graph\">{\"@context\":\"https:\\\/\\\/schema.org\",\"@graph\":[{\"@type\":\"Article\",\"@id\":\"https:\\\/\\\/www.laguiadepamplona.com\\\/actualidad\\\/la-semana-de-montana-propone-en-civivox-san-jorge-proyecciones-y-charlas-en-primera-persona-sobre-aventuras-en-paises-como-islandia-bolivia-chile-o-guinea-bissau\\\/#article\",\"isPartOf\":{\"@id\":\"https:\\\/\\\/www.laguiadepamplona.com\\\/actualidad\\\/la-semana-de-montana-propone-en-civivox-san-jorge-proyecciones-y-charlas-en-primera-persona-sobre-aventuras-en-paises-como-islandia-bolivia-chile-o-guinea-bissau\\\/\"},\"author\":{\"name\":\"La Gu\u00eda de Pamplona\",\"@id\":\"https:\\\/\\\/www.laguiadepamplona.com\\\/actualidad\\\/#\\\/schema\\\/person\\\/efe887376f0213d4657c93adc50b1fdb\"},\"headline\":\"La Semana de Monta\u00f1a propone en Civivox San Jorge proyecciones y charlas en primera persona sobre aventuras en pa\u00edses como Islandia, Bolivia, Chile o Guinea Bissau\",\"datePublished\":\"2024-03-01T11:08:21+00:00\",\"mainEntityOfPage\":{\"@id\":\"https:\\\/\\\/www.laguiadepamplona.com\\\/actualidad\\\/la-semana-de-montana-propone-en-civivox-san-jorge-proyecciones-y-charlas-en-primera-persona-sobre-aventuras-en-paises-como-islandia-bolivia-chile-o-guinea-bissau\\\/\"},\"wordCount\":646,\"commentCount\":0,\"publisher\":{\"@id\":\"https:\\\/\\\/www.laguiadepamplona.com\\\/actualidad\\\/#organization\"},\"image\":{\"@id\":\"https:\\\/\\\/www.laguiadepamplona.com\\\/actualidad\\\/la-semana-de-montana-propone-en-civivox-san-jorge-proyecciones-y-charlas-en-primera-persona-sobre-aventuras-en-paises-como-islandia-bolivia-chile-o-guinea-bissau\\\/#primaryimage\"},\"thumbnailUrl\":\"https:\\\/\\\/www.laguiadepamplona.com\\\/actualidad\\\/wp-content\\\/uploads\\\/2024\\\/03\\\/gaztaroa-SIN.webp\",\"articleSection\":[\"Ayto Pamplona\"],\"inLanguage\":\"es\",\"potentialAction\":[{\"@type\":\"CommentAction\",\"name\":\"Comment\",\"target\":[\"https:\\\/\\\/www.laguiadepamplona.com\\\/actualidad\\\/la-semana-de-montana-propone-en-civivox-san-jorge-proyecciones-y-charlas-en-primera-persona-sobre-aventuras-en-paises-como-islandia-bolivia-chile-o-guinea-bissau\\\/#respond\"]}]},{\"@type\":\"WebPage\",\"@id\":\"https:\\\/\\\/www.laguiadepamplona.com\\\/actualidad\\\/la-semana-de-montana-propone-en-civivox-san-jorge-proyecciones-y-charlas-en-primera-persona-sobre-aventuras-en-paises-como-islandia-bolivia-chile-o-guinea-bissau\\\/\",\"url\":\"https:\\\/\\\/www.laguiadepamplona.com\\\/actualidad\\\/la-semana-de-montana-propone-en-civivox-san-jorge-proyecciones-y-charlas-en-primera-persona-sobre-aventuras-en-paises-como-islandia-bolivia-chile-o-guinea-bissau\\\/\",\"name\":\"La Semana de Monta\u00f1a propone en Civivox San Jorge proyecciones y charlas en primera persona sobre aventuras en pa\u00edses como Islandia, Bolivia, Chile o Guinea Bissau\",\"isPartOf\":{\"@id\":\"https:\\\/\\\/www.laguiadepamplona.com\\\/actualidad\\\/#website\"},\"primaryImageOfPage\":{\"@id\":\"https:\\\/\\\/www.laguiadepamplona.com\\\/actualidad\\\/la-semana-de-montana-propone-en-civivox-san-jorge-proyecciones-y-charlas-en-primera-persona-sobre-aventuras-en-paises-como-islandia-bolivia-chile-o-guinea-bissau\\\/#primaryimage\"},\"image\":{\"@id\":\"https:\\\/\\\/www.laguiadepamplona.com\\\/actualidad\\\/la-semana-de-montana-propone-en-civivox-san-jorge-proyecciones-y-charlas-en-primera-persona-sobre-aventuras-en-paises-como-islandia-bolivia-chile-o-guinea-bissau\\\/#primaryimage\"},\"thumbnailUrl\":\"https:\\\/\\\/www.laguiadepamplona.com\\\/actualidad\\\/wp-content\\\/uploads\\\/2024\\\/03\\\/gaztaroa-SIN.webp\",\"datePublished\":\"2024-03-01T11:08:21+00:00\",\"description\":\"El ciclo, ya consolidado en la programaci\u00f3n de la red Civivox, se desarrollar\u00e1 de lunes a viernes, a las 19.30 horas, con entrada libre a las sesiones\",\"breadcrumb\":{\"@id\":\"https:\\\/\\\/www.laguiadepamplona.com\\\/actualidad\\\/la-semana-de-montana-propone-en-civivox-san-jorge-proyecciones-y-charlas-en-primera-persona-sobre-aventuras-en-paises-como-islandia-bolivia-chile-o-guinea-bissau\\\/#breadcrumb\"},\"inLanguage\":\"es\",\"potentialAction\":[{\"@type\":\"ReadAction\",\"target\":[\"https:\\\/\\\/www.laguiadepamplona.com\\\/actualidad\\\/la-semana-de-montana-propone-en-civivox-san-jorge-proyecciones-y-charlas-en-primera-persona-sobre-aventuras-en-paises-como-islandia-bolivia-chile-o-guinea-bissau\\\/\"]}]},{\"@type\":\"ImageObject\",\"inLanguage\":\"es\",\"@id\":\"https:\\\/\\\/www.laguiadepamplona.com\\\/actualidad\\\/la-semana-de-montana-propone-en-civivox-san-jorge-proyecciones-y-charlas-en-primera-persona-sobre-aventuras-en-paises-como-islandia-bolivia-chile-o-guinea-bissau\\\/#primaryimage\",\"url\":\"https:\\\/\\\/www.laguiadepamplona.com\\\/actualidad\\\/wp-content\\\/uploads\\\/2024\\\/03\\\/gaztaroa-SIN.webp\",\"contentUrl\":\"https:\\\/\\\/www.laguiadepamplona.com\\\/actualidad\\\/wp-content\\\/uploads\\\/2024\\\/03\\\/gaztaroa-SIN.webp\",\"width\":870,\"height\":480,\"caption\":\"gaztaroa\"},{\"@type\":\"BreadcrumbList\",\"@id\":\"https:\\\/\\\/www.laguiadepamplona.com\\\/actualidad\\\/la-semana-de-montana-propone-en-civivox-san-jorge-proyecciones-y-charlas-en-primera-persona-sobre-aventuras-en-paises-como-islandia-bolivia-chile-o-guinea-bissau\\\/#breadcrumb\",\"itemListElement\":[{\"@type\":\"ListItem\",\"position\":1,\"name\":\"Portada\",\"item\":\"https:\\\/\\\/www.laguiadepamplona.com\\\/actualidad\\\/\"},{\"@type\":\"ListItem\",\"position\":2,\"name\":\"La Semana de Monta\u00f1a propone en Civivox San Jorge proyecciones y charlas en primera persona sobre aventuras en pa\u00edses como Islandia, Bolivia, Chile o Guinea Bissau\"}]},{\"@type\":\"WebSite\",\"@id\":\"https:\\\/\\\/www.laguiadepamplona.com\\\/actualidad\\\/#website\",\"url\":\"https:\\\/\\\/www.laguiadepamplona.com\\\/actualidad\\\/\",\"name\":\"La gu\u00eda de Pamplona\",\"description\":\"Noticias de Pamplona\",\"publisher\":{\"@id\":\"https:\\\/\\\/www.laguiadepamplona.com\\\/actualidad\\\/#organization\"},\"potentialAction\":[{\"@type\":\"SearchAction\",\"target\":{\"@type\":\"EntryPoint\",\"urlTemplate\":\"https:\\\/\\\/www.laguiadepamplona.com\\\/actualidad\\\/?s={search_term_string}\"},\"query-input\":{\"@type\":\"PropertyValueSpecification\",\"valueRequired\":true,\"valueName\":\"search_term_string\"}}],\"inLanguage\":\"es\"},{\"@type\":\"Organization\",\"@id\":\"https:\\\/\\\/www.laguiadepamplona.com\\\/actualidad\\\/#organization\",\"name\":\"La Gu\u00eda de Pamplona \\\/ Noticias\",\"url\":\"https:\\\/\\\/www.laguiadepamplona.com\\\/actualidad\\\/\",\"logo\":{\"@type\":\"ImageObject\",\"inLanguage\":\"es\",\"@id\":\"https:\\\/\\\/www.laguiadepamplona.com\\\/actualidad\\\/#\\\/schema\\\/logo\\\/image\\\/\",\"url\":\"https:\\\/\\\/www.laguiadepamplona.com\\\/actualidad\\\/wp-content\\\/uploads\\\/2018\\\/11\\\/logo-laguiadepamplona18-web1.png\",\"contentUrl\":\"https:\\\/\\\/www.laguiadepamplona.com\\\/actualidad\\\/wp-content\\\/uploads\\\/2018\\\/11\\\/logo-laguiadepamplona18-web1.png\",\"width\":600,\"height\":196,\"caption\":\"La Gu\u00eda de Pamplona \\\/ Noticias\"},\"image\":{\"@id\":\"https:\\\/\\\/www.laguiadepamplona.com\\\/actualidad\\\/#\\\/schema\\\/logo\\\/image\\\/\"},\"sameAs\":[\"https:\\\/\\\/www.facebook.com\\\/laguiadepamplonacom-133175176762273\\\/?ref=hl\",\"https:\\\/\\\/x.com\\\/LaGuiadPamplona\",\"https:\\\/\\\/www.instagram.com\\\/la_guia_de_pamplona\\\/\",\"https:\\\/\\\/www.youtube.com\\\/user\\\/laguiadepamplona\"]},{\"@type\":\"Person\",\"@id\":\"https:\\\/\\\/www.laguiadepamplona.com\\\/actualidad\\\/#\\\/schema\\\/person\\\/efe887376f0213d4657c93adc50b1fdb\",\"name\":\"La Gu\u00eda de Pamplona\",\"image\":{\"@type\":\"ImageObject\",\"inLanguage\":\"es\",\"@id\":\"https:\\\/\\\/secure.gravatar.com\\\/avatar\\\/b6992f131dc8d30ab0dff15446e9d346d9dbd95992de0fef795073f5ea83a81c?s=96&d=mm&r=g\",\"url\":\"https:\\\/\\\/secure.gravatar.com\\\/avatar\\\/b6992f131dc8d30ab0dff15446e9d346d9dbd95992de0fef795073f5ea83a81c?s=96&d=mm&r=g\",\"contentUrl\":\"https:\\\/\\\/secure.gravatar.com\\\/avatar\\\/b6992f131dc8d30ab0dff15446e9d346d9dbd95992de0fef795073f5ea83a81c?s=96&d=mm&r=g\",\"caption\":\"La Gu\u00eda de Pamplona\"}}]}<\/script>\n<!-- \/ Yoast SEO plugin. -->","yoast_head_json":{"title":"La Semana de Monta\u00f1a propone en Civivox San Jorge proyecciones y charlas en primera persona sobre aventuras en pa\u00edses como Islandia, Bolivia, Chile o Guinea Bissau","description":"El ciclo, ya consolidado en la programaci\u00f3n de la red Civivox, se desarrollar\u00e1 de lunes a viernes, a las 19.30 horas, con entrada libre a las sesiones","robots":{"index":"index","follow":"follow","max-snippet":"max-snippet:-1","max-image-preview":"max-image-preview:large","max-video-preview":"max-video-preview:-1"},"canonical":"https:\/\/www.laguiadepamplona.com\/actualidad\/la-semana-de-montana-propone-en-civivox-san-jorge-proyecciones-y-charlas-en-primera-persona-sobre-aventuras-en-paises-como-islandia-bolivia-chile-o-guinea-bissau\/","og_locale":"es_ES","og_type":"article","og_title":"La Semana de Monta\u00f1a propone en Civivox San Jorge proyecciones y charlas en primera persona sobre aventuras en pa\u00edses como Islandia, Bolivia, Chile o Guinea Bissau","og_description":"El ciclo, ya consolidado en la programaci\u00f3n de la red Civivox, se desarrollar\u00e1 de lunes a viernes, a las 19.30 horas, con entrada libre a las sesiones","og_url":"https:\/\/www.laguiadepamplona.com\/actualidad\/la-semana-de-montana-propone-en-civivox-san-jorge-proyecciones-y-charlas-en-primera-persona-sobre-aventuras-en-paises-como-islandia-bolivia-chile-o-guinea-bissau\/","og_site_name":"La Gu\u00eda de Pamplona","article_publisher":"https:\/\/www.facebook.com\/laguiadepamplonacom-133175176762273\/?ref=hl","article_published_time":"2024-03-01T11:08:21+00:00","og_image":[{"width":870,"height":480,"url":"https:\/\/www.laguiadepamplona.com\/actualidad\/wp-content\/uploads\/2024\/03\/gaztaroa-SIN.webp","type":"image\/webp"}],"author":"La Gu\u00eda de Pamplona","twitter_card":"summary_large_image","twitter_creator":"@LaGuiadPamplona","twitter_site":"@LaGuiadPamplona","twitter_misc":{"Escrito por":"La Gu\u00eda de Pamplona","Tiempo de lectura":"3 minutos"},"schema":{"@context":"https:\/\/schema.org","@graph":[{"@type":"Article","@id":"https:\/\/www.laguiadepamplona.com\/actualidad\/la-semana-de-montana-propone-en-civivox-san-jorge-proyecciones-y-charlas-en-primera-persona-sobre-aventuras-en-paises-como-islandia-bolivia-chile-o-guinea-bissau\/#article","isPartOf":{"@id":"https:\/\/www.laguiadepamplona.com\/actualidad\/la-semana-de-montana-propone-en-civivox-san-jorge-proyecciones-y-charlas-en-primera-persona-sobre-aventuras-en-paises-como-islandia-bolivia-chile-o-guinea-bissau\/"},"author":{"name":"La Gu\u00eda de Pamplona","@id":"https:\/\/www.laguiadepamplona.com\/actualidad\/#\/schema\/person\/efe887376f0213d4657c93adc50b1fdb"},"headline":"La Semana de Monta\u00f1a propone en Civivox San Jorge proyecciones y charlas en primera persona sobre aventuras en pa\u00edses como Islandia, Bolivia, Chile o Guinea Bissau","datePublished":"2024-03-01T11:08:21+00:00","mainEntityOfPage":{"@id":"https:\/\/www.laguiadepamplona.com\/actualidad\/la-semana-de-montana-propone-en-civivox-san-jorge-proyecciones-y-charlas-en-primera-persona-sobre-aventuras-en-paises-como-islandia-bolivia-chile-o-guinea-bissau\/"},"wordCount":646,"commentCount":0,"publisher":{"@id":"https:\/\/www.laguiadepamplona.com\/actualidad\/#organization"},"image":{"@id":"https:\/\/www.laguiadepamplona.com\/actualidad\/la-semana-de-montana-propone-en-civivox-san-jorge-proyecciones-y-charlas-en-primera-persona-sobre-aventuras-en-paises-como-islandia-bolivia-chile-o-guinea-bissau\/#primaryimage"},"thumbnailUrl":"https:\/\/www.laguiadepamplona.com\/actualidad\/wp-content\/uploads\/2024\/03\/gaztaroa-SIN.webp","articleSection":["Ayto Pamplona"],"inLanguage":"es","potentialAction":[{"@type":"CommentAction","name":"Comment","target":["https:\/\/www.laguiadepamplona.com\/actualidad\/la-semana-de-montana-propone-en-civivox-san-jorge-proyecciones-y-charlas-en-primera-persona-sobre-aventuras-en-paises-como-islandia-bolivia-chile-o-guinea-bissau\/#respond"]}]},{"@type":"WebPage","@id":"https:\/\/www.laguiadepamplona.com\/actualidad\/la-semana-de-montana-propone-en-civivox-san-jorge-proyecciones-y-charlas-en-primera-persona-sobre-aventuras-en-paises-como-islandia-bolivia-chile-o-guinea-bissau\/","url":"https:\/\/www.laguiadepamplona.com\/actualidad\/la-semana-de-montana-propone-en-civivox-san-jorge-proyecciones-y-charlas-en-primera-persona-sobre-aventuras-en-paises-como-islandia-bolivia-chile-o-guinea-bissau\/","name":"La Semana de Monta\u00f1a propone en Civivox San Jorge proyecciones y charlas en primera persona sobre aventuras en pa\u00edses como Islandia, Bolivia, Chile o Guinea Bissau","isPartOf":{"@id":"https:\/\/www.laguiadepamplona.com\/actualidad\/#website"},"primaryImageOfPage":{"@id":"https:\/\/www.laguiadepamplona.com\/actualidad\/la-semana-de-montana-propone-en-civivox-san-jorge-proyecciones-y-charlas-en-primera-persona-sobre-aventuras-en-paises-como-islandia-bolivia-chile-o-guinea-bissau\/#primaryimage"},"image":{"@id":"https:\/\/www.laguiadepamplona.com\/actualidad\/la-semana-de-montana-propone-en-civivox-san-jorge-proyecciones-y-charlas-en-primera-persona-sobre-aventuras-en-paises-como-islandia-bolivia-chile-o-guinea-bissau\/#primaryimage"},"thumbnailUrl":"https:\/\/www.laguiadepamplona.com\/actualidad\/wp-content\/uploads\/2024\/03\/gaztaroa-SIN.webp","datePublished":"2024-03-01T11:08:21+00:00","description":"El ciclo, ya consolidado en la programaci\u00f3n de la red Civivox, se desarrollar\u00e1 de lunes a viernes, a las 19.30 horas, con entrada libre a las sesiones","breadcrumb":{"@id":"https:\/\/www.laguiadepamplona.com\/actualidad\/la-semana-de-montana-propone-en-civivox-san-jorge-proyecciones-y-charlas-en-primera-persona-sobre-aventuras-en-paises-como-islandia-bolivia-chile-o-guinea-bissau\/#breadcrumb"},"inLanguage":"es","potentialAction":[{"@type":"ReadAction","target":["https:\/\/www.laguiadepamplona.com\/actualidad\/la-semana-de-montana-propone-en-civivox-san-jorge-proyecciones-y-charlas-en-primera-persona-sobre-aventuras-en-paises-como-islandia-bolivia-chile-o-guinea-bissau\/"]}]},{"@type":"ImageObject","inLanguage":"es","@id":"https:\/\/www.laguiadepamplona.com\/actualidad\/la-semana-de-montana-propone-en-civivox-san-jorge-proyecciones-y-charlas-en-primera-persona-sobre-aventuras-en-paises-como-islandia-bolivia-chile-o-guinea-bissau\/#primaryimage","url":"https:\/\/www.laguiadepamplona.com\/actualidad\/wp-content\/uploads\/2024\/03\/gaztaroa-SIN.webp","contentUrl":"https:\/\/www.laguiadepamplona.com\/actualidad\/wp-content\/uploads\/2024\/03\/gaztaroa-SIN.webp","width":870,"height":480,"caption":"gaztaroa"},{"@type":"BreadcrumbList","@id":"https:\/\/www.laguiadepamplona.com\/actualidad\/la-semana-de-montana-propone-en-civivox-san-jorge-proyecciones-y-charlas-en-primera-persona-sobre-aventuras-en-paises-como-islandia-bolivia-chile-o-guinea-bissau\/#breadcrumb","itemListElement":[{"@type":"ListItem","position":1,"name":"Portada","item":"https:\/\/www.laguiadepamplona.com\/actualidad\/"},{"@type":"ListItem","position":2,"name":"La Semana de Monta\u00f1a propone en Civivox San Jorge proyecciones y charlas en primera persona sobre aventuras en pa\u00edses como Islandia, Bolivia, Chile o Guinea Bissau"}]},{"@type":"WebSite","@id":"https:\/\/www.laguiadepamplona.com\/actualidad\/#website","url":"https:\/\/www.laguiadepamplona.com\/actualidad\/","name":"La gu\u00eda de Pamplona","description":"Noticias de Pamplona","publisher":{"@id":"https:\/\/www.laguiadepamplona.com\/actualidad\/#organization"},"potentialAction":[{"@type":"SearchAction","target":{"@type":"EntryPoint","urlTemplate":"https:\/\/www.laguiadepamplona.com\/actualidad\/?s={search_term_string}"},"query-input":{"@type":"PropertyValueSpecification","valueRequired":true,"valueName":"search_term_string"}}],"inLanguage":"es"},{"@type":"Organization","@id":"https:\/\/www.laguiadepamplona.com\/actualidad\/#organization","name":"La Gu\u00eda de Pamplona \/ Noticias","url":"https:\/\/www.laguiadepamplona.com\/actualidad\/","logo":{"@type":"ImageObject","inLanguage":"es","@id":"https:\/\/www.laguiadepamplona.com\/actualidad\/#\/schema\/logo\/image\/","url":"https:\/\/www.laguiadepamplona.com\/actualidad\/wp-content\/uploads\/2018\/11\/logo-laguiadepamplona18-web1.png","contentUrl":"https:\/\/www.laguiadepamplona.com\/actualidad\/wp-content\/uploads\/2018\/11\/logo-laguiadepamplona18-web1.png","width":600,"height":196,"caption":"La Gu\u00eda de Pamplona \/ Noticias"},"image":{"@id":"https:\/\/www.laguiadepamplona.com\/actualidad\/#\/schema\/logo\/image\/"},"sameAs":["https:\/\/www.facebook.com\/laguiadepamplonacom-133175176762273\/?ref=hl","https:\/\/x.com\/LaGuiadPamplona","https:\/\/www.instagram.com\/la_guia_de_pamplona\/","https:\/\/www.youtube.com\/user\/laguiadepamplona"]},{"@type":"Person","@id":"https:\/\/www.laguiadepamplona.com\/actualidad\/#\/schema\/person\/efe887376f0213d4657c93adc50b1fdb","name":"La Gu\u00eda de Pamplona","image":{"@type":"ImageObject","inLanguage":"es","@id":"https:\/\/secure.gravatar.com\/avatar\/b6992f131dc8d30ab0dff15446e9d346d9dbd95992de0fef795073f5ea83a81c?s=96&d=mm&r=g","url":"https:\/\/secure.gravatar.com\/avatar\/b6992f131dc8d30ab0dff15446e9d346d9dbd95992de0fef795073f5ea83a81c?s=96&d=mm&r=g","contentUrl":"https:\/\/secure.gravatar.com\/avatar\/b6992f131dc8d30ab0dff15446e9d346d9dbd95992de0fef795073f5ea83a81c?s=96&d=mm&r=g","caption":"La Gu\u00eda de Pamplona"}}]}},"post_mailing_queue_ids":[],"_links":{"self":[{"href":"https:\/\/www.laguiadepamplona.com\/actualidad\/wp-json\/wp\/v2\/posts\/48932","targetHints":{"allow":["GET"]}}],"collection":[{"href":"https:\/\/www.laguiadepamplona.com\/actualidad\/wp-json\/wp\/v2\/posts"}],"about":[{"href":"https:\/\/www.laguiadepamplona.com\/actualidad\/wp-json\/wp\/v2\/types\/post"}],"author":[{"embeddable":true,"href":"https:\/\/www.laguiadepamplona.com\/actualidad\/wp-json\/wp\/v2\/users\/1"}],"replies":[{"embeddable":true,"href":"https:\/\/www.laguiadepamplona.com\/actualidad\/wp-json\/wp\/v2\/comments?post=48932"}],"version-history":[{"count":1,"href":"https:\/\/www.laguiadepamplona.com\/actualidad\/wp-json\/wp\/v2\/posts\/48932\/revisions"}],"predecessor-version":[{"id":48934,"href":"https:\/\/www.laguiadepamplona.com\/actualidad\/wp-json\/wp\/v2\/posts\/48932\/revisions\/48934"}],"wp:featuredmedia":[{"embeddable":true,"href":"https:\/\/www.laguiadepamplona.com\/actualidad\/wp-json\/wp\/v2\/media\/48933"}],"wp:attachment":[{"href":"https:\/\/www.laguiadepamplona.com\/actualidad\/wp-json\/wp\/v2\/media?parent=48932"}],"wp:term":[{"taxonomy":"category","embeddable":true,"href":"https:\/\/www.laguiadepamplona.com\/actualidad\/wp-json\/wp\/v2\/categories?post=48932"},{"taxonomy":"post_tag","embeddable":true,"href":"https:\/\/www.laguiadepamplona.com\/actualidad\/wp-json\/wp\/v2\/tags?post=48932"}],"curies":[{"name":"wp","href":"https:\/\/api.w.org\/{rel}","templated":true}]}}