{"id":48926,"date":"2024-03-01T13:00:07","date_gmt":"2024-03-01T11:00:07","guid":{"rendered":"https:\/\/www.laguiadepamplona.com\/actualidad\/?p=48926"},"modified":"2024-03-01T13:00:07","modified_gmt":"2024-03-01T11:00:07","slug":"cubiertas-120-plazas-en-sesiones-formativas-organizadas-para-crear-una-comunidad-energetica-en-milagrosa-arrosadia-santa-maria-la-real-azpilagana-y-lezkairu","status":"publish","type":"post","link":"https:\/\/www.laguiadepamplona.com\/actualidad\/cubiertas-120-plazas-en-sesiones-formativas-organizadas-para-crear-una-comunidad-energetica-en-milagrosa-arrosadia-santa-maria-la-real-azpilagana-y-lezkairu\/","title":{"rendered":"Cubiertas 120 plazas en sesiones formativas organizadas para crear una comunidad energ\u00e9tica en Milagrosa-Arrosadia, Santa Mar\u00eda La Real, Azpilaga\u00f1a y Lezkairu"},"content":{"rendered":"<h2>Tras la visita realizada esta semana a puntos de generaci\u00f3n de energ\u00eda limpia de Arrosadia, comienza la fase de creaci\u00f3n de un grupo motor<\/h2>\n<p><!--more--><\/p>\n<p>Esta semana ha terminado el conjunto de sesiones divulgativas formativas de la futura comunidad energ\u00e9tica de los barrios de Milagrosa-Arrosadia, Santa Mar\u00eda La Real y Azpilaga\u00f1a, unas zonas a las que se podr\u00eda sumar Soto de Lezkairu, en cuyo caso se realizar\u00eda una sesi\u00f3n formativa de refuerzo para su vecindario.<\/p>\n<p>Desde el inicio del mes de febrero se han realizado tres encuentros con la ciudadan\u00eda hablando de autoconsumo, gobernanza, forma jur\u00eddica de estas entidades y ejemplos de buenas pr\u00e1cticas en otras comunidades energ\u00e9ticas de la ciudad. Esta semana la propuesta municipal fue un paseo energ\u00e9tico por Arrosadia. En el conjunto de propuestas han participado 120 personas. En el caso dela visita el grupo recorri\u00f3 de la mano de expertos varios espacios del barrio.<br \/>\n<script async src=\"\/\/pagead2.googlesyndication.com\/pagead\/js\/adsbygoogle.js\"><\/script><br \/>\n<!-- Noticias La Guia de Pamplona --><br \/>\n<ins class=\"adsbygoogle\"\nstyle=\"display:block\"\ndata-ad-client=\"ca-pub-6943679897239327\"\ndata-ad-slot=\"7048180777\"\ndata-ad-format=\"auto\"><\/ins><br \/>\n<script>\n(adsbygoogle = window.adsbygoogle || []).push({});\n<\/script><br \/>\nEl recorrido se inici\u00f3 en la instalaci\u00f3n fotovoltaica del polideportivo de Arrosadia, que tiene una potencia de 75kW, que ser\u00e1 la infraestructura que ceda parte de lo que genera a la futura comunidad energ\u00e9tica. Despu\u00e9s, el grupo dirigi\u00f3 al aparcamiento disuasorio pr\u00f3ximo para visitar los recientemente instalados postes para la recarga de veh\u00edculos el\u00e9ctricos. All\u00ed, personal t\u00e9cnico inform\u00f3 de la previsi\u00f3n legal que existe para dotar de cubiertas fotovoltaicas a todos los aparcamientos disuasorios, adem\u00e1s de explicar iniciativas de movilidad compartida dentro de la propia comunidad energ\u00e9tica.<\/p>\n<p>Cruzando el vial, las personas participantes se acercaron a la zona del Aulario de la Universidad P\u00fablica de Navarra (UPNA) donde pudieron ver la p\u00e9rgola con instalaci\u00f3n fotovoltaica que sirve para la recarga de bicicletas el\u00e9ctricas municipales. Finalmente se llegaron a Ikastola Hegoalde, equipado con placas desde que hace dos d\u00e9cadas se iniciara el proyecto municipal de Red de Colegios Fotovolt\u00e1icos, para conocer la instalaci\u00f3n del centro escolar y sus elementos. En ese espacio el grupo recibi\u00f3 informaci\u00f3n sobre el sistema de autoconsumo colectivo en fotovoltaicas y sobre la disponibilidad del Ayuntamiento de facilitar cesiones de cubiertas de edificios municipales para comunidades energ\u00e9ticas. En total la visita dur\u00f3 aproximadamente 90 minutos.<br \/>\n<script async src=\"\/\/pagead2.googlesyndication.com\/pagead\/js\/adsbygoogle.js\"><\/script><br \/>\n<!-- Noticias La Guia de Pamplona --><br \/>\n<ins class=\"adsbygoogle\"\nstyle=\"display:block\"\ndata-ad-client=\"ca-pub-6943679897239327\"\ndata-ad-slot=\"7048180777\"\ndata-ad-format=\"auto\"><\/ins><br \/>\n<script>\n(adsbygoogle = window.adsbygoogle || []).push({});\n<\/script><br \/>\n<strong>Energ\u00eda verde contra la pobreza energ\u00e9tica<\/strong><\/p>\n<p>Esta iniciativa municipal de divulgaci\u00f3n se basa en que Pamplona est\u00e1 impulsando las comunidades energ\u00e9ticas como una opci\u00f3n de consumo verde y responsable dirigido a la ciudadan\u00eda en general. En el caso de estos barrios, adem\u00e1s, se considera que la apuesta por este tipo de gesti\u00f3n ser\u00e1 tambi\u00e9n una forma de alcanzar la revitalizaci\u00f3n de estos espacios.<\/p>\n<p>El objetivo de las comunidades energ\u00e9ticas es aprovechar al m\u00e1ximo los beneficios derivados de la penetraci\u00f3n de las energ\u00edas renovables en la sociedad. Por un lado, permiten la participaci\u00f3n ciudadana en la generaci\u00f3n de esta energ\u00eda, pero por otro impulsan los esfuerzos por la eficiencia energ\u00e9tica en los hogares. Una de las condiciones que tiene el ayuntamiento para la cesi\u00f3n de este tipo de instalaciones a comunidades energ\u00e9ticas es la reserva de un porcentaje de la generaci\u00f3n a consumidores vulnerables, con lo que de esta manera se est\u00e1 luchando contra la pobreza energ\u00e9tica con energ\u00eda verde producida en el mismo entorno.<br \/>\n<script async src=\"\/\/pagead2.googlesyndication.com\/pagead\/js\/adsbygoogle.js\"><\/script><br \/>\n<!-- Noticias La Guia de Pamplona --><br \/>\n<ins class=\"adsbygoogle\"\nstyle=\"display:block\"\ndata-ad-client=\"ca-pub-6943679897239327\"\ndata-ad-slot=\"7048180777\"\ndata-ad-format=\"auto\"><\/ins><br \/>\n<script>\n(adsbygoogle = window.adsbygoogle || []).push({});\n<\/script><br \/>\nEn las pr\u00f3ximas semanas est\u00e1 previsto que se forme el grupo motor de la futura comunidad energ\u00e9tica de Milagrosa-Arrosadia, Santa Mar\u00eda La Real y Azpilaga\u00f1a y Lezkairu para seguir trabajando en los estatutos, reglamento interno, modelo de negocio y plan de comunicaci\u00f3n. Asociado a todo ello, est\u00e1 en proceso la creaci\u00f3n de la Oficina de Informaci\u00f3n Energ\u00e9tica asociada al proyecto enfocada en el asesoramiento en materia energ\u00e9tica, rehabilitaci\u00f3n y regeneraci\u00f3n urbana de ventanilla \u00fanica.<\/p>\n<p>Con iniciativas como esta el Ayuntamiento de Pamplona pretende ser un agente activo en el impulso de la transici\u00f3n energ\u00e9tica, generando actividad en torno a rehabilitaci\u00f3n energ\u00e9tica, movilidad, fotovoltaica, e instalaciones renovables t\u00e9rmicas, tanto en el \u00e1mbito p\u00fablico como a trav\u00e9s de comunidades energ\u00e9ticas, e incentivando las inversiones privadas.<\/p>\n","protected":false},"excerpt":{"rendered":"<p>Tras la visita realizada esta semana a puntos de generaci\u00f3n de energ\u00eda limpia de Arrosadia, comienza la fase de creaci\u00f3n de un grupo motor<\/p>\n","protected":false},"author":1,"featured_media":48927,"comment_status":"open","ping_status":"closed","sticky":false,"template":"","format":"standard","meta":{"footnotes":""},"categories":[2],"tags":[],"class_list":["post-48926","post","type-post","status-publish","format-standard","has-post-thumbnail","hentry","category-ayuntamiento-pamplona"],"yoast_head":"<!-- This site is optimized with the Yoast SEO plugin v27.3 - https:\/\/yoast.com\/product\/yoast-seo-wordpress\/ -->\n<title>Cubiertas 120 plazas en sesiones formativas organizadas para crear una comunidad energ\u00e9tica en Milagrosa-Arrosadia, Santa Mar\u00eda La Real, Azpilaga\u00f1a y Lezkairu<\/title>\n<meta name=\"description\" content=\"Tras la visita realizada esta semana a puntos de generaci\u00f3n de energ\u00eda limpia de Arrosadia, comienza la fase de creaci\u00f3n de un grupo motor\" \/>\n<meta name=\"robots\" content=\"index, follow, max-snippet:-1, max-image-preview:large, max-video-preview:-1\" \/>\n<link rel=\"canonical\" href=\"https:\/\/www.laguiadepamplona.com\/actualidad\/cubiertas-120-plazas-en-sesiones-formativas-organizadas-para-crear-una-comunidad-energetica-en-milagrosa-arrosadia-santa-maria-la-real-azpilagana-y-lezkairu\/\" \/>\n<meta property=\"og:locale\" content=\"es_ES\" \/>\n<meta property=\"og:type\" content=\"article\" \/>\n<meta property=\"og:title\" content=\"Cubiertas 120 plazas en sesiones formativas organizadas para crear una comunidad energ\u00e9tica en Milagrosa-Arrosadia, Santa Mar\u00eda La Real, Azpilaga\u00f1a y Lezkairu\" \/>\n<meta property=\"og:description\" content=\"Tras la visita realizada esta semana a puntos de generaci\u00f3n de energ\u00eda limpia de Arrosadia, comienza la fase de creaci\u00f3n de un grupo motor\" \/>\n<meta property=\"og:url\" content=\"https:\/\/www.laguiadepamplona.com\/actualidad\/cubiertas-120-plazas-en-sesiones-formativas-organizadas-para-crear-una-comunidad-energetica-en-milagrosa-arrosadia-santa-maria-la-real-azpilagana-y-lezkairu\/\" \/>\n<meta property=\"og:site_name\" content=\"La Gu\u00eda de Pamplona\" \/>\n<meta property=\"article:publisher\" content=\"https:\/\/www.facebook.com\/laguiadepamplonacom-133175176762273\/?ref=hl\" \/>\n<meta property=\"article:published_time\" content=\"2024-03-01T11:00:07+00:00\" \/>\n<meta property=\"og:image\" content=\"https:\/\/www.laguiadepamplona.com\/actualidad\/wp-content\/uploads\/2024\/03\/comunidad-energetica.webp\" \/>\n\t<meta property=\"og:image:width\" content=\"916\" \/>\n\t<meta property=\"og:image:height\" content=\"642\" \/>\n\t<meta property=\"og:image:type\" content=\"image\/webp\" \/>\n<meta name=\"author\" content=\"La Gu\u00eda de Pamplona\" \/>\n<meta name=\"twitter:card\" content=\"summary_large_image\" \/>\n<meta name=\"twitter:creator\" content=\"@LaGuiadPamplona\" \/>\n<meta name=\"twitter:site\" content=\"@LaGuiadPamplona\" \/>\n<meta name=\"twitter:label1\" content=\"Escrito por\" \/>\n\t<meta name=\"twitter:data1\" content=\"La Gu\u00eda de Pamplona\" \/>\n\t<meta name=\"twitter:label2\" content=\"Tiempo de lectura\" \/>\n\t<meta name=\"twitter:data2\" content=\"4 minutos\" \/>\n<script type=\"application\/ld+json\" class=\"yoast-schema-graph\">{\"@context\":\"https:\\\/\\\/schema.org\",\"@graph\":[{\"@type\":\"Article\",\"@id\":\"https:\\\/\\\/www.laguiadepamplona.com\\\/actualidad\\\/cubiertas-120-plazas-en-sesiones-formativas-organizadas-para-crear-una-comunidad-energetica-en-milagrosa-arrosadia-santa-maria-la-real-azpilagana-y-lezkairu\\\/#article\",\"isPartOf\":{\"@id\":\"https:\\\/\\\/www.laguiadepamplona.com\\\/actualidad\\\/cubiertas-120-plazas-en-sesiones-formativas-organizadas-para-crear-una-comunidad-energetica-en-milagrosa-arrosadia-santa-maria-la-real-azpilagana-y-lezkairu\\\/\"},\"author\":{\"name\":\"La Gu\u00eda de Pamplona\",\"@id\":\"https:\\\/\\\/www.laguiadepamplona.com\\\/actualidad\\\/#\\\/schema\\\/person\\\/efe887376f0213d4657c93adc50b1fdb\"},\"headline\":\"Cubiertas 120 plazas en sesiones formativas organizadas para crear una comunidad energ\u00e9tica en Milagrosa-Arrosadia, Santa Mar\u00eda La Real, Azpilaga\u00f1a y Lezkairu\",\"datePublished\":\"2024-03-01T11:00:07+00:00\",\"mainEntityOfPage\":{\"@id\":\"https:\\\/\\\/www.laguiadepamplona.com\\\/actualidad\\\/cubiertas-120-plazas-en-sesiones-formativas-organizadas-para-crear-una-comunidad-energetica-en-milagrosa-arrosadia-santa-maria-la-real-azpilagana-y-lezkairu\\\/\"},\"wordCount\":728,\"commentCount\":0,\"publisher\":{\"@id\":\"https:\\\/\\\/www.laguiadepamplona.com\\\/actualidad\\\/#organization\"},\"image\":{\"@id\":\"https:\\\/\\\/www.laguiadepamplona.com\\\/actualidad\\\/cubiertas-120-plazas-en-sesiones-formativas-organizadas-para-crear-una-comunidad-energetica-en-milagrosa-arrosadia-santa-maria-la-real-azpilagana-y-lezkairu\\\/#primaryimage\"},\"thumbnailUrl\":\"https:\\\/\\\/www.laguiadepamplona.com\\\/actualidad\\\/wp-content\\\/uploads\\\/2024\\\/03\\\/comunidad-energetica.webp\",\"articleSection\":[\"Ayto Pamplona\"],\"inLanguage\":\"es\",\"potentialAction\":[{\"@type\":\"CommentAction\",\"name\":\"Comment\",\"target\":[\"https:\\\/\\\/www.laguiadepamplona.com\\\/actualidad\\\/cubiertas-120-plazas-en-sesiones-formativas-organizadas-para-crear-una-comunidad-energetica-en-milagrosa-arrosadia-santa-maria-la-real-azpilagana-y-lezkairu\\\/#respond\"]}]},{\"@type\":\"WebPage\",\"@id\":\"https:\\\/\\\/www.laguiadepamplona.com\\\/actualidad\\\/cubiertas-120-plazas-en-sesiones-formativas-organizadas-para-crear-una-comunidad-energetica-en-milagrosa-arrosadia-santa-maria-la-real-azpilagana-y-lezkairu\\\/\",\"url\":\"https:\\\/\\\/www.laguiadepamplona.com\\\/actualidad\\\/cubiertas-120-plazas-en-sesiones-formativas-organizadas-para-crear-una-comunidad-energetica-en-milagrosa-arrosadia-santa-maria-la-real-azpilagana-y-lezkairu\\\/\",\"name\":\"Cubiertas 120 plazas en sesiones formativas organizadas para crear una comunidad energ\u00e9tica en Milagrosa-Arrosadia, Santa Mar\u00eda La Real, Azpilaga\u00f1a y Lezkairu\",\"isPartOf\":{\"@id\":\"https:\\\/\\\/www.laguiadepamplona.com\\\/actualidad\\\/#website\"},\"primaryImageOfPage\":{\"@id\":\"https:\\\/\\\/www.laguiadepamplona.com\\\/actualidad\\\/cubiertas-120-plazas-en-sesiones-formativas-organizadas-para-crear-una-comunidad-energetica-en-milagrosa-arrosadia-santa-maria-la-real-azpilagana-y-lezkairu\\\/#primaryimage\"},\"image\":{\"@id\":\"https:\\\/\\\/www.laguiadepamplona.com\\\/actualidad\\\/cubiertas-120-plazas-en-sesiones-formativas-organizadas-para-crear-una-comunidad-energetica-en-milagrosa-arrosadia-santa-maria-la-real-azpilagana-y-lezkairu\\\/#primaryimage\"},\"thumbnailUrl\":\"https:\\\/\\\/www.laguiadepamplona.com\\\/actualidad\\\/wp-content\\\/uploads\\\/2024\\\/03\\\/comunidad-energetica.webp\",\"datePublished\":\"2024-03-01T11:00:07+00:00\",\"description\":\"Tras la visita realizada esta semana a puntos de generaci\u00f3n de energ\u00eda limpia de Arrosadia, comienza la fase de creaci\u00f3n de un grupo motor\",\"breadcrumb\":{\"@id\":\"https:\\\/\\\/www.laguiadepamplona.com\\\/actualidad\\\/cubiertas-120-plazas-en-sesiones-formativas-organizadas-para-crear-una-comunidad-energetica-en-milagrosa-arrosadia-santa-maria-la-real-azpilagana-y-lezkairu\\\/#breadcrumb\"},\"inLanguage\":\"es\",\"potentialAction\":[{\"@type\":\"ReadAction\",\"target\":[\"https:\\\/\\\/www.laguiadepamplona.com\\\/actualidad\\\/cubiertas-120-plazas-en-sesiones-formativas-organizadas-para-crear-una-comunidad-energetica-en-milagrosa-arrosadia-santa-maria-la-real-azpilagana-y-lezkairu\\\/\"]}]},{\"@type\":\"ImageObject\",\"inLanguage\":\"es\",\"@id\":\"https:\\\/\\\/www.laguiadepamplona.com\\\/actualidad\\\/cubiertas-120-plazas-en-sesiones-formativas-organizadas-para-crear-una-comunidad-energetica-en-milagrosa-arrosadia-santa-maria-la-real-azpilagana-y-lezkairu\\\/#primaryimage\",\"url\":\"https:\\\/\\\/www.laguiadepamplona.com\\\/actualidad\\\/wp-content\\\/uploads\\\/2024\\\/03\\\/comunidad-energetica.webp\",\"contentUrl\":\"https:\\\/\\\/www.laguiadepamplona.com\\\/actualidad\\\/wp-content\\\/uploads\\\/2024\\\/03\\\/comunidad-energetica.webp\",\"width\":916,\"height\":642,\"caption\":\"comunidad energ\u00e9tica\"},{\"@type\":\"BreadcrumbList\",\"@id\":\"https:\\\/\\\/www.laguiadepamplona.com\\\/actualidad\\\/cubiertas-120-plazas-en-sesiones-formativas-organizadas-para-crear-una-comunidad-energetica-en-milagrosa-arrosadia-santa-maria-la-real-azpilagana-y-lezkairu\\\/#breadcrumb\",\"itemListElement\":[{\"@type\":\"ListItem\",\"position\":1,\"name\":\"Portada\",\"item\":\"https:\\\/\\\/www.laguiadepamplona.com\\\/actualidad\\\/\"},{\"@type\":\"ListItem\",\"position\":2,\"name\":\"Cubiertas 120 plazas en sesiones formativas organizadas para crear una comunidad energ\u00e9tica en Milagrosa-Arrosadia, Santa Mar\u00eda La Real, Azpilaga\u00f1a y Lezkairu\"}]},{\"@type\":\"WebSite\",\"@id\":\"https:\\\/\\\/www.laguiadepamplona.com\\\/actualidad\\\/#website\",\"url\":\"https:\\\/\\\/www.laguiadepamplona.com\\\/actualidad\\\/\",\"name\":\"La gu\u00eda de Pamplona\",\"description\":\"Noticias de Pamplona\",\"publisher\":{\"@id\":\"https:\\\/\\\/www.laguiadepamplona.com\\\/actualidad\\\/#organization\"},\"potentialAction\":[{\"@type\":\"SearchAction\",\"target\":{\"@type\":\"EntryPoint\",\"urlTemplate\":\"https:\\\/\\\/www.laguiadepamplona.com\\\/actualidad\\\/?s={search_term_string}\"},\"query-input\":{\"@type\":\"PropertyValueSpecification\",\"valueRequired\":true,\"valueName\":\"search_term_string\"}}],\"inLanguage\":\"es\"},{\"@type\":\"Organization\",\"@id\":\"https:\\\/\\\/www.laguiadepamplona.com\\\/actualidad\\\/#organization\",\"name\":\"La Gu\u00eda de Pamplona \\\/ Noticias\",\"url\":\"https:\\\/\\\/www.laguiadepamplona.com\\\/actualidad\\\/\",\"logo\":{\"@type\":\"ImageObject\",\"inLanguage\":\"es\",\"@id\":\"https:\\\/\\\/www.laguiadepamplona.com\\\/actualidad\\\/#\\\/schema\\\/logo\\\/image\\\/\",\"url\":\"https:\\\/\\\/www.laguiadepamplona.com\\\/actualidad\\\/wp-content\\\/uploads\\\/2018\\\/11\\\/logo-laguiadepamplona18-web1.png\",\"contentUrl\":\"https:\\\/\\\/www.laguiadepamplona.com\\\/actualidad\\\/wp-content\\\/uploads\\\/2018\\\/11\\\/logo-laguiadepamplona18-web1.png\",\"width\":600,\"height\":196,\"caption\":\"La Gu\u00eda de Pamplona \\\/ Noticias\"},\"image\":{\"@id\":\"https:\\\/\\\/www.laguiadepamplona.com\\\/actualidad\\\/#\\\/schema\\\/logo\\\/image\\\/\"},\"sameAs\":[\"https:\\\/\\\/www.facebook.com\\\/laguiadepamplonacom-133175176762273\\\/?ref=hl\",\"https:\\\/\\\/x.com\\\/LaGuiadPamplona\",\"https:\\\/\\\/www.instagram.com\\\/la_guia_de_pamplona\\\/\",\"https:\\\/\\\/www.youtube.com\\\/user\\\/laguiadepamplona\"]},{\"@type\":\"Person\",\"@id\":\"https:\\\/\\\/www.laguiadepamplona.com\\\/actualidad\\\/#\\\/schema\\\/person\\\/efe887376f0213d4657c93adc50b1fdb\",\"name\":\"La Gu\u00eda de Pamplona\",\"image\":{\"@type\":\"ImageObject\",\"inLanguage\":\"es\",\"@id\":\"https:\\\/\\\/secure.gravatar.com\\\/avatar\\\/b6992f131dc8d30ab0dff15446e9d346d9dbd95992de0fef795073f5ea83a81c?s=96&d=mm&r=g\",\"url\":\"https:\\\/\\\/secure.gravatar.com\\\/avatar\\\/b6992f131dc8d30ab0dff15446e9d346d9dbd95992de0fef795073f5ea83a81c?s=96&d=mm&r=g\",\"contentUrl\":\"https:\\\/\\\/secure.gravatar.com\\\/avatar\\\/b6992f131dc8d30ab0dff15446e9d346d9dbd95992de0fef795073f5ea83a81c?s=96&d=mm&r=g\",\"caption\":\"La Gu\u00eda de Pamplona\"}}]}<\/script>\n<!-- \/ Yoast SEO plugin. -->","yoast_head_json":{"title":"Cubiertas 120 plazas en sesiones formativas organizadas para crear una comunidad energ\u00e9tica en Milagrosa-Arrosadia, Santa Mar\u00eda La Real, Azpilaga\u00f1a y Lezkairu","description":"Tras la visita realizada esta semana a puntos de generaci\u00f3n de energ\u00eda limpia de Arrosadia, comienza la fase de creaci\u00f3n de un grupo motor","robots":{"index":"index","follow":"follow","max-snippet":"max-snippet:-1","max-image-preview":"max-image-preview:large","max-video-preview":"max-video-preview:-1"},"canonical":"https:\/\/www.laguiadepamplona.com\/actualidad\/cubiertas-120-plazas-en-sesiones-formativas-organizadas-para-crear-una-comunidad-energetica-en-milagrosa-arrosadia-santa-maria-la-real-azpilagana-y-lezkairu\/","og_locale":"es_ES","og_type":"article","og_title":"Cubiertas 120 plazas en sesiones formativas organizadas para crear una comunidad energ\u00e9tica en Milagrosa-Arrosadia, Santa Mar\u00eda La Real, Azpilaga\u00f1a y Lezkairu","og_description":"Tras la visita realizada esta semana a puntos de generaci\u00f3n de energ\u00eda limpia de Arrosadia, comienza la fase de creaci\u00f3n de un grupo motor","og_url":"https:\/\/www.laguiadepamplona.com\/actualidad\/cubiertas-120-plazas-en-sesiones-formativas-organizadas-para-crear-una-comunidad-energetica-en-milagrosa-arrosadia-santa-maria-la-real-azpilagana-y-lezkairu\/","og_site_name":"La Gu\u00eda de Pamplona","article_publisher":"https:\/\/www.facebook.com\/laguiadepamplonacom-133175176762273\/?ref=hl","article_published_time":"2024-03-01T11:00:07+00:00","og_image":[{"width":916,"height":642,"url":"https:\/\/www.laguiadepamplona.com\/actualidad\/wp-content\/uploads\/2024\/03\/comunidad-energetica.webp","type":"image\/webp"}],"author":"La Gu\u00eda de Pamplona","twitter_card":"summary_large_image","twitter_creator":"@LaGuiadPamplona","twitter_site":"@LaGuiadPamplona","twitter_misc":{"Escrito por":"La Gu\u00eda de Pamplona","Tiempo de lectura":"4 minutos"},"schema":{"@context":"https:\/\/schema.org","@graph":[{"@type":"Article","@id":"https:\/\/www.laguiadepamplona.com\/actualidad\/cubiertas-120-plazas-en-sesiones-formativas-organizadas-para-crear-una-comunidad-energetica-en-milagrosa-arrosadia-santa-maria-la-real-azpilagana-y-lezkairu\/#article","isPartOf":{"@id":"https:\/\/www.laguiadepamplona.com\/actualidad\/cubiertas-120-plazas-en-sesiones-formativas-organizadas-para-crear-una-comunidad-energetica-en-milagrosa-arrosadia-santa-maria-la-real-azpilagana-y-lezkairu\/"},"author":{"name":"La Gu\u00eda de Pamplona","@id":"https:\/\/www.laguiadepamplona.com\/actualidad\/#\/schema\/person\/efe887376f0213d4657c93adc50b1fdb"},"headline":"Cubiertas 120 plazas en sesiones formativas organizadas para crear una comunidad energ\u00e9tica en Milagrosa-Arrosadia, Santa Mar\u00eda La Real, Azpilaga\u00f1a y Lezkairu","datePublished":"2024-03-01T11:00:07+00:00","mainEntityOfPage":{"@id":"https:\/\/www.laguiadepamplona.com\/actualidad\/cubiertas-120-plazas-en-sesiones-formativas-organizadas-para-crear-una-comunidad-energetica-en-milagrosa-arrosadia-santa-maria-la-real-azpilagana-y-lezkairu\/"},"wordCount":728,"commentCount":0,"publisher":{"@id":"https:\/\/www.laguiadepamplona.com\/actualidad\/#organization"},"image":{"@id":"https:\/\/www.laguiadepamplona.com\/actualidad\/cubiertas-120-plazas-en-sesiones-formativas-organizadas-para-crear-una-comunidad-energetica-en-milagrosa-arrosadia-santa-maria-la-real-azpilagana-y-lezkairu\/#primaryimage"},"thumbnailUrl":"https:\/\/www.laguiadepamplona.com\/actualidad\/wp-content\/uploads\/2024\/03\/comunidad-energetica.webp","articleSection":["Ayto Pamplona"],"inLanguage":"es","potentialAction":[{"@type":"CommentAction","name":"Comment","target":["https:\/\/www.laguiadepamplona.com\/actualidad\/cubiertas-120-plazas-en-sesiones-formativas-organizadas-para-crear-una-comunidad-energetica-en-milagrosa-arrosadia-santa-maria-la-real-azpilagana-y-lezkairu\/#respond"]}]},{"@type":"WebPage","@id":"https:\/\/www.laguiadepamplona.com\/actualidad\/cubiertas-120-plazas-en-sesiones-formativas-organizadas-para-crear-una-comunidad-energetica-en-milagrosa-arrosadia-santa-maria-la-real-azpilagana-y-lezkairu\/","url":"https:\/\/www.laguiadepamplona.com\/actualidad\/cubiertas-120-plazas-en-sesiones-formativas-organizadas-para-crear-una-comunidad-energetica-en-milagrosa-arrosadia-santa-maria-la-real-azpilagana-y-lezkairu\/","name":"Cubiertas 120 plazas en sesiones formativas organizadas para crear una comunidad energ\u00e9tica en Milagrosa-Arrosadia, Santa Mar\u00eda La Real, Azpilaga\u00f1a y Lezkairu","isPartOf":{"@id":"https:\/\/www.laguiadepamplona.com\/actualidad\/#website"},"primaryImageOfPage":{"@id":"https:\/\/www.laguiadepamplona.com\/actualidad\/cubiertas-120-plazas-en-sesiones-formativas-organizadas-para-crear-una-comunidad-energetica-en-milagrosa-arrosadia-santa-maria-la-real-azpilagana-y-lezkairu\/#primaryimage"},"image":{"@id":"https:\/\/www.laguiadepamplona.com\/actualidad\/cubiertas-120-plazas-en-sesiones-formativas-organizadas-para-crear-una-comunidad-energetica-en-milagrosa-arrosadia-santa-maria-la-real-azpilagana-y-lezkairu\/#primaryimage"},"thumbnailUrl":"https:\/\/www.laguiadepamplona.com\/actualidad\/wp-content\/uploads\/2024\/03\/comunidad-energetica.webp","datePublished":"2024-03-01T11:00:07+00:00","description":"Tras la visita realizada esta semana a puntos de generaci\u00f3n de energ\u00eda limpia de Arrosadia, comienza la fase de creaci\u00f3n de un grupo motor","breadcrumb":{"@id":"https:\/\/www.laguiadepamplona.com\/actualidad\/cubiertas-120-plazas-en-sesiones-formativas-organizadas-para-crear-una-comunidad-energetica-en-milagrosa-arrosadia-santa-maria-la-real-azpilagana-y-lezkairu\/#breadcrumb"},"inLanguage":"es","potentialAction":[{"@type":"ReadAction","target":["https:\/\/www.laguiadepamplona.com\/actualidad\/cubiertas-120-plazas-en-sesiones-formativas-organizadas-para-crear-una-comunidad-energetica-en-milagrosa-arrosadia-santa-maria-la-real-azpilagana-y-lezkairu\/"]}]},{"@type":"ImageObject","inLanguage":"es","@id":"https:\/\/www.laguiadepamplona.com\/actualidad\/cubiertas-120-plazas-en-sesiones-formativas-organizadas-para-crear-una-comunidad-energetica-en-milagrosa-arrosadia-santa-maria-la-real-azpilagana-y-lezkairu\/#primaryimage","url":"https:\/\/www.laguiadepamplona.com\/actualidad\/wp-content\/uploads\/2024\/03\/comunidad-energetica.webp","contentUrl":"https:\/\/www.laguiadepamplona.com\/actualidad\/wp-content\/uploads\/2024\/03\/comunidad-energetica.webp","width":916,"height":642,"caption":"comunidad energ\u00e9tica"},{"@type":"BreadcrumbList","@id":"https:\/\/www.laguiadepamplona.com\/actualidad\/cubiertas-120-plazas-en-sesiones-formativas-organizadas-para-crear-una-comunidad-energetica-en-milagrosa-arrosadia-santa-maria-la-real-azpilagana-y-lezkairu\/#breadcrumb","itemListElement":[{"@type":"ListItem","position":1,"name":"Portada","item":"https:\/\/www.laguiadepamplona.com\/actualidad\/"},{"@type":"ListItem","position":2,"name":"Cubiertas 120 plazas en sesiones formativas organizadas para crear una comunidad energ\u00e9tica en Milagrosa-Arrosadia, Santa Mar\u00eda La Real, Azpilaga\u00f1a y Lezkairu"}]},{"@type":"WebSite","@id":"https:\/\/www.laguiadepamplona.com\/actualidad\/#website","url":"https:\/\/www.laguiadepamplona.com\/actualidad\/","name":"La gu\u00eda de Pamplona","description":"Noticias de Pamplona","publisher":{"@id":"https:\/\/www.laguiadepamplona.com\/actualidad\/#organization"},"potentialAction":[{"@type":"SearchAction","target":{"@type":"EntryPoint","urlTemplate":"https:\/\/www.laguiadepamplona.com\/actualidad\/?s={search_term_string}"},"query-input":{"@type":"PropertyValueSpecification","valueRequired":true,"valueName":"search_term_string"}}],"inLanguage":"es"},{"@type":"Organization","@id":"https:\/\/www.laguiadepamplona.com\/actualidad\/#organization","name":"La Gu\u00eda de Pamplona \/ Noticias","url":"https:\/\/www.laguiadepamplona.com\/actualidad\/","logo":{"@type":"ImageObject","inLanguage":"es","@id":"https:\/\/www.laguiadepamplona.com\/actualidad\/#\/schema\/logo\/image\/","url":"https:\/\/www.laguiadepamplona.com\/actualidad\/wp-content\/uploads\/2018\/11\/logo-laguiadepamplona18-web1.png","contentUrl":"https:\/\/www.laguiadepamplona.com\/actualidad\/wp-content\/uploads\/2018\/11\/logo-laguiadepamplona18-web1.png","width":600,"height":196,"caption":"La Gu\u00eda de Pamplona \/ Noticias"},"image":{"@id":"https:\/\/www.laguiadepamplona.com\/actualidad\/#\/schema\/logo\/image\/"},"sameAs":["https:\/\/www.facebook.com\/laguiadepamplonacom-133175176762273\/?ref=hl","https:\/\/x.com\/LaGuiadPamplona","https:\/\/www.instagram.com\/la_guia_de_pamplona\/","https:\/\/www.youtube.com\/user\/laguiadepamplona"]},{"@type":"Person","@id":"https:\/\/www.laguiadepamplona.com\/actualidad\/#\/schema\/person\/efe887376f0213d4657c93adc50b1fdb","name":"La Gu\u00eda de Pamplona","image":{"@type":"ImageObject","inLanguage":"es","@id":"https:\/\/secure.gravatar.com\/avatar\/b6992f131dc8d30ab0dff15446e9d346d9dbd95992de0fef795073f5ea83a81c?s=96&d=mm&r=g","url":"https:\/\/secure.gravatar.com\/avatar\/b6992f131dc8d30ab0dff15446e9d346d9dbd95992de0fef795073f5ea83a81c?s=96&d=mm&r=g","contentUrl":"https:\/\/secure.gravatar.com\/avatar\/b6992f131dc8d30ab0dff15446e9d346d9dbd95992de0fef795073f5ea83a81c?s=96&d=mm&r=g","caption":"La Gu\u00eda de Pamplona"}}]}},"post_mailing_queue_ids":[],"_links":{"self":[{"href":"https:\/\/www.laguiadepamplona.com\/actualidad\/wp-json\/wp\/v2\/posts\/48926","targetHints":{"allow":["GET"]}}],"collection":[{"href":"https:\/\/www.laguiadepamplona.com\/actualidad\/wp-json\/wp\/v2\/posts"}],"about":[{"href":"https:\/\/www.laguiadepamplona.com\/actualidad\/wp-json\/wp\/v2\/types\/post"}],"author":[{"embeddable":true,"href":"https:\/\/www.laguiadepamplona.com\/actualidad\/wp-json\/wp\/v2\/users\/1"}],"replies":[{"embeddable":true,"href":"https:\/\/www.laguiadepamplona.com\/actualidad\/wp-json\/wp\/v2\/comments?post=48926"}],"version-history":[{"count":1,"href":"https:\/\/www.laguiadepamplona.com\/actualidad\/wp-json\/wp\/v2\/posts\/48926\/revisions"}],"predecessor-version":[{"id":48928,"href":"https:\/\/www.laguiadepamplona.com\/actualidad\/wp-json\/wp\/v2\/posts\/48926\/revisions\/48928"}],"wp:featuredmedia":[{"embeddable":true,"href":"https:\/\/www.laguiadepamplona.com\/actualidad\/wp-json\/wp\/v2\/media\/48927"}],"wp:attachment":[{"href":"https:\/\/www.laguiadepamplona.com\/actualidad\/wp-json\/wp\/v2\/media?parent=48926"}],"wp:term":[{"taxonomy":"category","embeddable":true,"href":"https:\/\/www.laguiadepamplona.com\/actualidad\/wp-json\/wp\/v2\/categories?post=48926"},{"taxonomy":"post_tag","embeddable":true,"href":"https:\/\/www.laguiadepamplona.com\/actualidad\/wp-json\/wp\/v2\/tags?post=48926"}],"curies":[{"name":"wp","href":"https:\/\/api.w.org\/{rel}","templated":true}]}}