{"id":48907,"date":"2024-02-28T18:13:39","date_gmt":"2024-02-28T16:13:39","guid":{"rendered":"https:\/\/www.laguiadepamplona.com\/actualidad\/?p=48907"},"modified":"2024-02-28T18:13:39","modified_gmt":"2024-02-28T16:13:39","slug":"el-festival-danzad-danzad-malditos-presenta-su-primera-edicion-de-invierno-con-espectaculos-performances-musica-electronica-y-espacios-de-reflexion-en-ciudadela-y-civican","status":"publish","type":"post","link":"https:\/\/www.laguiadepamplona.com\/actualidad\/el-festival-danzad-danzad-malditos-presenta-su-primera-edicion-de-invierno-con-espectaculos-performances-musica-electronica-y-espacios-de-reflexion-en-ciudadela-y-civican\/","title":{"rendered":"El festival Danzad Danzad Malditos presenta su primera edici\u00f3n de invierno con espect\u00e1culos, performances, m\u00fasica electr\u00f3nica y espacios de reflexi\u00f3n en Ciudadela y Civican"},"content":{"rendered":"<h2>El festival se celebrar\u00e1 del 7 al 23 de marzo, con propuestas los jueves y s\u00e1bados, todas ellas con entrada libre, hasta completar aforo<\/h2>\n<p><!--more--><\/p>\n<p>Danzad Danzad Malditos estrena edici\u00f3n de invierno este pr\u00f3ximo mes de marzo. El festival itinerante de danza y movimiento en espacios no convencionales, habitual en la programaci\u00f3n cultural del verano en Pamplona, ampl\u00eda horizontes con una propuesta de espect\u00e1culos, performances, m\u00fasica y encuentros, del 7 al 23 de marzo, en la Ciudadela y en el Auditorio Civican. Todas las actividades programadas tienen la entrada libre, hasta completar el aforo.<\/p>\n<p>La concejala delegada de Cultura, Fiestas, Educaci\u00f3n y Deporte, Maider Beloki; Carmen Larraz, de D\u00ednamo Danza; David Ballano, organizador del Malditos Night; Javier Fen\u00e1ndez, director General de Fundaci\u00f3n Caja Navarra, e Izaskun Azkona, delegada de Fundaci\u00f3n \u201cla Caixa\u201d en Navarra han presentado esta ma\u00f1ana un programa que desarrollar\u00e1 sus actividades los jueves y los s\u00e1bados, en horario de tarde y noche. Este festival cuenta con el apoyo del <strong>Ayuntamiento de Pamplona,<\/strong> d<strong>el Gobierno de Navarra, <\/strong>del\u00a0<strong>Programa Innova de Fundaci\u00f3n \u201cla Caixa\u201d y Fundaci\u00f3n Caja Navarra y de la Red AcieloAbierto.<\/strong><\/p>\n<p><strong>Esta edici\u00f3n de invierno de Danzad Danzad Malditos la conforman tres secciones (espect\u00e1culos, m\u00fasica electr\u00f3nica y espacios de pensamiento), donde <\/strong>la danza y la creaci\u00f3n musical contempor\u00e1nea son el eje principal. Los espect\u00e1culos de danza y performance de artistas nacionales e internacionales, consolidados y emergentes, tendr\u00e1n lugar en la Ciudadela los s\u00e1bados 9, 16 y 23 de marzo en las salas del Polvor\u00edn, Pabell\u00f3n de Mixtos y Sala de Armas. Tal y como sucede en el festival de verano, el equipo de parkour de Rafael Arenas dirigir\u00e1 al p\u00fablico hacia estos espacios de la Ciudadela en los que, cada d\u00eda, tendr\u00e1n lugar tres espect\u00e1culos.<br \/>\n<script async src=\"\/\/pagead2.googlesyndication.com\/pagead\/js\/adsbygoogle.js\"><\/script><br \/>\n<!-- Noticias La Guia de Pamplona --><br \/>\n<ins class=\"adsbygoogle\"\nstyle=\"display:block\"\ndata-ad-client=\"ca-pub-6943679897239327\"\ndata-ad-slot=\"7048180777\"\ndata-ad-format=\"auto\"><\/ins><br \/>\n<script>\n(adsbygoogle = window.adsbygoogle || []).push({});\n<\/script><br \/>\nEl s\u00e1bado 9 de marzo las propuestas que se mostrar\u00e1n son las de las madrile\u00f1as Eva Alonso &amp; Tania Garrido con su espect\u00e1culo \u2018Convergencias\u2019 (Madrid), el \u2018Fragile\u2019 de la griega Alegia Papageorgiou y \u2018(Dis)connect\u2019 coproducci\u00f3n de Ucrania y Alemania, de la mano de Dmytro Grynov. El 16 de marzo les tocar\u00e1 el turno a los portugueses Catarina Casqueiro &amp; Tiago con <strong>\u2018<\/strong>Matomari No Nai\u2019, a la jienense Vanesa Aibar con<strong> \u2018<\/strong>La Reina del Metal-solo\u2019 y al canario Richard Mascherin con<strong> \u2018<\/strong>Vac\u00edo espiritual\u2019. El \u00faltimo d\u00eda, el 23 de marzo, actuar\u00e1 la compa\u00f1\u00eda HURyCAN con \u2018Te Odiero\u2019, Amancio Gonz\u00e1lez con \u2018Swan\u2019 desde Alemania y Zebra Prieta con \u2018El mal com\u00edo no piensa\u2019 desde Madrid. Las actuaciones comenzar\u00e1n cada d\u00eda a las 19 horas en la avenida del Ej\u00e9rcito.<\/p>\n<p>Ya entrada la noche de esos mismos s\u00e1bados de marzo, a partir de las 22 horas y hasta la 1 de la madrugada, <strong>\u2018Malditos Night\u2019 ofrecer\u00e1 <\/strong>un espacio dedicado al baile y a la m\u00fasica electr\u00f3nica de vanguardia. En estas sesiones Live y DJ Set, el electro, el ambient, el IDM, el techno y la m\u00fasica experimental sonar\u00e1n en la Sala de Armas de la Ciudadela. El 9 de marzo actuar\u00e1n, en doble sesi\u00f3n, I\u00f1aki Creator y Dayanna DJ; el 16 de marzo, Promising Youngster y Lagoon; y el 23 de marzo, BeatLove y DJ Judy.<br \/>\n<script async src=\"\/\/pagead2.googlesyndication.com\/pagead\/js\/adsbygoogle.js\"><\/script><br \/>\n<!-- Noticias La Guia de Pamplona --><br \/>\n<ins class=\"adsbygoogle\"\nstyle=\"display:block\"\ndata-ad-client=\"ca-pub-6943679897239327\"\ndata-ad-slot=\"7048180777\"\ndata-ad-format=\"auto\"><\/ins><br \/>\n<script>\n(adsbygoogle = window.adsbygoogle || []).push({});\n<\/script><br \/>\n<strong>\u2018Espacios de pensamiento\u2019, nueva secci\u00f3n<\/strong><\/p>\n<p><strong>El festival contar\u00e1 con una nueva secci\u00f3n, \u2018Espacios de pensamiento\u2019, que tendr\u00e1 lugar los jueves 7, 14 y 21 de marzo en Civican. Se trata de un foro en el que <\/strong>especialistas de diferentes disciplinas se reunir\u00e1n para generar un di\u00e1logo en torno a la creaci\u00f3n contempor\u00e1nea. El 7 de marzo, a las 18 horas, el encuentro se centrar\u00e1 en la m\u00fasica electr\u00f3nica y la ciencia. Se realizar\u00e1 un an\u00e1lisis, desde el \u00e1mbito cient\u00edfico, de la creaci\u00f3n musical y de c\u00f3mo afecta, de manera f\u00edsica, la m\u00fasica electr\u00f3nica. Participar\u00e1n el neur\u00f3logo David Ezpeleta, el psic\u00f3logo cl\u00ednico Ferm\u00edn Go\u00f1i y el m\u00fasico y compositor Hilario Rodeiro. A las 19 horas, se proyectar\u00e1 \u2018Sisters with transistors\u2019, de Lisa Rovner, un documental sobre las mujeres pioneras de la m\u00fasica electr\u00f3nica.<\/p>\n<p>La semana siguiente, el jueves 14 de marzo, a las 19 horas, la sesi\u00f3n estar\u00e1 dedicada a las metodolog\u00edas de investigaci\u00f3n. Se analizar\u00e1n diferentes m\u00e9todos de investigaci\u00f3n, en busca de analog\u00edas y diferencias entre la investigaci\u00f3n art\u00edstica y cient\u00edfica. Tras la charla se abrir\u00e1 un espacio virtual en el que el p\u00fablico podr\u00e1 explorar online contenidos relacionados con la investigaci\u00f3n art\u00edstica. Participar\u00e1n en este encuentro el f\u00edsica, catedr\u00e1tico y divulgador cient\u00edfico, Joaqu\u00edn Sevilla, y la core\u00f3grafa y bailaora contempor\u00e1nea Vanessa Aibar.<\/p>\n<p>Los \u2018Espacios de pensamiento\u2019 concluir\u00e1n el jueves 21 de marzo, tambi\u00e9n a las 19 horas, con un encuentro sobre las nuevas ficciones. La bailarina, investigadora y documentalista Bertha Berm\u00fadez y la cineasta y documentalista Maite establecer\u00e1n un di\u00e1logo sobre el sobre el arte como generador de nuevas ficciones y como herramienta para dignificar culturas, razas y colectivos da\u00f1ados por las representaciones de una visi\u00f3n colonialista.<br \/>\n<script async src=\"\/\/pagead2.googlesyndication.com\/pagead\/js\/adsbygoogle.js\"><\/script><br \/>\n<!-- Noticias La Guia de Pamplona --><br \/>\n<ins class=\"adsbygoogle\"\nstyle=\"display:block\"\ndata-ad-client=\"ca-pub-6943679897239327\"\ndata-ad-slot=\"7048180777\"\ndata-ad-format=\"auto\"><\/ins><br \/>\n<script>\n(adsbygoogle = window.adsbygoogle || []).push({});\n<\/script><br \/>\n&nbsp;<\/p>\n<h3>Danzad Danzad Malditos 2024. Edici\u00f3n invierno<\/h3>\n<p><strong><u>Jueves 7 de marzo. AUDITORIO CIVICAN<\/u><\/strong><\/p>\n<ul>\n<li><strong>00 horas. ESPACIOS DE PENSAMIENTO <\/strong>\n<ul>\n<li>Encuentro: M\u00fasica electr\u00f3nica y ciencia. Un an\u00e1lisis, desde el \u00e1mbito cient\u00edfico, de la creaci\u00f3n musical y c\u00f3mo nos afecta, de manera f\u00edsica, la m\u00fasica electr\u00f3nica. Invitados: David Ezpeleta (neur\u00f3logo), Ferm\u00edn Go\u00f1i (psic\u00f3logo cl\u00ednico) e Hilario Rodeiro (m\u00fasico y compositor).<\/li>\n<\/ul>\n<\/li>\n<li><strong>00 horas. ESPACIOS DE PENSAMIENTO <\/strong>\n<ul>\n<li>Proyecci\u00f3n \u2018Sisters with transistors\u2019<\/li>\n<\/ul>\n<\/li>\n<\/ul>\n<p>&nbsp;<\/p>\n<p><strong><u>S\u00e1bado 09 de marzo. CIUDADELA<\/u><\/strong><\/p>\n<ul>\n<li><strong>00 horas. DANZA Y PERFORMANCE <\/strong>\n<ul>\n<li>Entrada avenida del Ej\u00e9rcito<\/li>\n<li>Parkour guiado por Rafael Arenas<\/li>\n<li><strong>Polvor\u00edn: <\/strong>Eva Alonso &amp; Tania Garrido. Convergencias (Madrid)<\/li>\n<li>Parkour<\/li>\n<li><strong>Pabell\u00f3n de Mixtos: <\/strong>Alegia Papageorgiou.Fragile (Grecia)<\/li>\n<li>Parkour<\/li>\n<li><strong>Sala de Armas:<\/strong> Dmytro Grynov. (Dis)connect (Ucrania \/Alemania)<\/li>\n<\/ul>\n<\/li>\n<\/ul>\n<p>&nbsp;<\/p>\n<ul>\n<li><strong>00 horas. <\/strong><strong>MALDITOS NIGHT. SALA DE ARMAS <\/strong>\n<ul>\n<li>00: I\u00d1AKI KREATOR LIVE<\/li>\n<li>00: DAYANNA DJ SET KREUZBEURG\/ART-LABORATORY)<\/li>\n<\/ul>\n<\/li>\n<\/ul>\n<p>&nbsp;<\/p>\n<p><strong><u>Jueves 14 de marzo. AUDITORIO CIVICAN<\/u><\/strong><\/p>\n<ul>\n<li><strong>00 horas. ESPACIOS DE PENSAMIENTO <\/strong>\n<ul>\n<li>Encuentro: Metodolog\u00edas de investigaci\u00f3n. Se analizar\u00e1n m\u00e9todos de investigaci\u00f3n, en busca de analog\u00edas y diferencias entre la investigaci\u00f3n art\u00edstica y cient\u00edfica. Tras la charla se abrir\u00e1 un espacio virtual en el que el p\u00fablico pueda explorar online contenidos relacionados con la investigaci\u00f3n art\u00edstica. Invitados: Joaqu\u00edn Sevilla (f\u00edsico, catedr\u00e1tico y divulgador cient\u00edfico) y Vanesa Aibar (core\u00f3grafa y bailaora contempor\u00e1nea).<\/li>\n<\/ul>\n<\/li>\n<\/ul>\n<p>&nbsp;<\/p>\n<p><strong><u>S\u00e1bado 16 de marzo. CIUDADELA<\/u><\/strong><\/p>\n<ul>\n<li><strong>00 horas. DANZA Y PERFORMANCE<\/strong>\n<ul>\n<li>Entrada avenida del Ej\u00e9rcito<\/li>\n<li>Parkour guiado por Rafael Arenas<\/li>\n<li><strong>Polvor\u00edn: <\/strong>Catarina Casqueiro &amp; Tiago.Matomari No Nai (Portugal)<\/li>\n<li>Parkour<\/li>\n<li><strong>Pabell\u00f3n de Mixtos: <\/strong>Vanesa Aibar. La Reina del Metal-solo (Ja\u00e9n)<\/li>\n<li>Parkour<\/li>\n<li><strong>Sala de Armas: <\/strong>Richard Mascherin. Vac\u00edo espiritual (Canarias)<\/li>\n<li>Parkour<\/li>\n<\/ul>\n<\/li>\n<\/ul>\n<p><strong><u>\u00a0<\/u><\/strong><\/p>\n<ul>\n<li><strong>00 horas. MALDITOS NIGHT. SALA DE ARMAS <\/strong>\n<ul>\n<li>30 horas: PROMISING YOUNGSTER LIVE (ANALOGICAL FORCE\/SIN HILO)<\/li>\n<li>00 horas: LAGOON LIVE (SEVERAL ROOTS)<\/li>\n<\/ul>\n<\/li>\n<\/ul>\n<p><strong>\u00a0<\/strong><\/p>\n<p><strong><u>Jueves 21 de marzo. AUDITORIO CIVICAN<\/u><\/strong><\/p>\n<ul>\n<li><strong>00 horas.<\/strong> <strong>ESPACIOS DE PENSAMIENTO <\/strong>\n<ul>\n<li>Encuentro: Nuevas ficciones. Di\u00e1logo sobre el arte como generador de nuevas ficciones y como herramienta para dignificar culturas, razas y colectivos da\u00f1ados por las representaciones de una visi\u00f3n colonialista. Invitados: Bertha Berm\u00fadez (bailarina, investigadora y documentalista) y Maite Berm\u00fadez (cineasta y documentalista)<\/li>\n<\/ul>\n<\/li>\n<\/ul>\n<p>&nbsp;<\/p>\n<p><strong><u>S\u00e1bado 23 de marzo. CIUDADELA<\/u><\/strong><\/p>\n<ul>\n<li><strong>00 horas. DANZA Y PERFORMANCE<\/strong>\n<ul>\n<li>Entrada avenida del Ej\u00e9rcito<\/li>\n<li>Parkour guiado por Rafael Arenas<\/li>\n<li><strong>Polvor\u00edn: <\/strong>Te Odiero<\/li>\n<li>Parkour<\/li>\n<li><strong>Pabell\u00f3n de Mixtos: <\/strong>Amancio Gonz\u00e1lez. Swan (Alemania)<\/li>\n<li>Parkour<\/li>\n<li><strong>Sala de Armas: <\/strong>Zebra Prieta. El mal com\u00edo no piensa (Madrid)<\/li>\n<li>Parkour<\/li>\n<\/ul>\n<\/li>\n<\/ul>\n<p>&nbsp;<\/p>\n<ul>\n<li><strong>00 horas. MALDITOS NIGHT. SALA DE ARMAS<\/strong>\n<ul>\n<li>30: BeatLove LIVE<\/li>\n<li>30: JUDY LIVE PHASE.CTV<\/li>\n<\/ul>\n<\/li>\n<\/ul>\n","protected":false},"excerpt":{"rendered":"<p>El festival se celebrar\u00e1 del 7 al 23 de marzo, con propuestas los jueves y s\u00e1bados, todas ellas con entrada libre, hasta completar aforo<\/p>\n","protected":false},"author":1,"featured_media":48908,"comment_status":"open","ping_status":"closed","sticky":false,"template":"","format":"standard","meta":{"footnotes":""},"categories":[2],"tags":[],"class_list":["post-48907","post","type-post","status-publish","format-standard","has-post-thumbnail","hentry","category-ayuntamiento-pamplona"],"yoast_head":"<!-- This site is optimized with the Yoast SEO plugin v27.3 - https:\/\/yoast.com\/product\/yoast-seo-wordpress\/ -->\n<title>El festival Danzad Danzad Malditos presenta su primera edici\u00f3n de invierno con espect\u00e1culos, performances, m\u00fasica electr\u00f3nica y espacios de reflexi\u00f3n en Ciudadela y Civican<\/title>\n<meta name=\"robots\" content=\"index, follow, max-snippet:-1, max-image-preview:large, max-video-preview:-1\" \/>\n<link rel=\"canonical\" href=\"https:\/\/www.laguiadepamplona.com\/actualidad\/el-festival-danzad-danzad-malditos-presenta-su-primera-edicion-de-invierno-con-espectaculos-performances-musica-electronica-y-espacios-de-reflexion-en-ciudadela-y-civican\/\" \/>\n<meta property=\"og:locale\" content=\"es_ES\" \/>\n<meta property=\"og:type\" content=\"article\" \/>\n<meta property=\"og:title\" content=\"El festival Danzad Danzad Malditos presenta su primera edici\u00f3n de invierno con espect\u00e1culos, performances, m\u00fasica electr\u00f3nica y espacios de reflexi\u00f3n en Ciudadela y Civican\" \/>\n<meta property=\"og:description\" content=\"El festival se celebrar\u00e1 del 7 al 23 de marzo, con propuestas los jueves y s\u00e1bados, todas ellas con entrada libre, hasta completar aforo\" \/>\n<meta property=\"og:url\" content=\"https:\/\/www.laguiadepamplona.com\/actualidad\/el-festival-danzad-danzad-malditos-presenta-su-primera-edicion-de-invierno-con-espectaculos-performances-musica-electronica-y-espacios-de-reflexion-en-ciudadela-y-civican\/\" \/>\n<meta property=\"og:site_name\" content=\"La Gu\u00eda de Pamplona\" \/>\n<meta property=\"article:publisher\" content=\"https:\/\/www.facebook.com\/laguiadepamplonacom-133175176762273\/?ref=hl\" \/>\n<meta property=\"article:published_time\" content=\"2024-02-28T16:13:39+00:00\" \/>\n<meta property=\"og:image\" content=\"https:\/\/www.laguiadepamplona.com\/actualidad\/wp-content\/uploads\/2024\/02\/cartel-danzad-malditos.webp\" \/>\n\t<meta property=\"og:image:width\" content=\"1200\" \/>\n\t<meta property=\"og:image:height\" content=\"1200\" \/>\n\t<meta property=\"og:image:type\" content=\"image\/webp\" \/>\n<meta name=\"author\" content=\"La Gu\u00eda de Pamplona\" \/>\n<meta name=\"twitter:card\" content=\"summary_large_image\" \/>\n<meta name=\"twitter:creator\" content=\"@LaGuiadPamplona\" \/>\n<meta name=\"twitter:site\" content=\"@LaGuiadPamplona\" \/>\n<meta name=\"twitter:label1\" content=\"Escrito por\" \/>\n\t<meta name=\"twitter:data1\" content=\"La Gu\u00eda de Pamplona\" \/>\n\t<meta name=\"twitter:label2\" content=\"Tiempo de lectura\" \/>\n\t<meta name=\"twitter:data2\" content=\"6 minutos\" \/>\n<script type=\"application\/ld+json\" class=\"yoast-schema-graph\">{\"@context\":\"https:\\\/\\\/schema.org\",\"@graph\":[{\"@type\":\"Article\",\"@id\":\"https:\\\/\\\/www.laguiadepamplona.com\\\/actualidad\\\/el-festival-danzad-danzad-malditos-presenta-su-primera-edicion-de-invierno-con-espectaculos-performances-musica-electronica-y-espacios-de-reflexion-en-ciudadela-y-civican\\\/#article\",\"isPartOf\":{\"@id\":\"https:\\\/\\\/www.laguiadepamplona.com\\\/actualidad\\\/el-festival-danzad-danzad-malditos-presenta-su-primera-edicion-de-invierno-con-espectaculos-performances-musica-electronica-y-espacios-de-reflexion-en-ciudadela-y-civican\\\/\"},\"author\":{\"name\":\"La Gu\u00eda de Pamplona\",\"@id\":\"https:\\\/\\\/www.laguiadepamplona.com\\\/actualidad\\\/#\\\/schema\\\/person\\\/efe887376f0213d4657c93adc50b1fdb\"},\"headline\":\"El festival Danzad Danzad Malditos presenta su primera edici\u00f3n de invierno con espect\u00e1culos, performances, m\u00fasica electr\u00f3nica y espacios de reflexi\u00f3n en Ciudadela y Civican\",\"datePublished\":\"2024-02-28T16:13:39+00:00\",\"mainEntityOfPage\":{\"@id\":\"https:\\\/\\\/www.laguiadepamplona.com\\\/actualidad\\\/el-festival-danzad-danzad-malditos-presenta-su-primera-edicion-de-invierno-con-espectaculos-performances-musica-electronica-y-espacios-de-reflexion-en-ciudadela-y-civican\\\/\"},\"wordCount\":1315,\"commentCount\":0,\"publisher\":{\"@id\":\"https:\\\/\\\/www.laguiadepamplona.com\\\/actualidad\\\/#organization\"},\"image\":{\"@id\":\"https:\\\/\\\/www.laguiadepamplona.com\\\/actualidad\\\/el-festival-danzad-danzad-malditos-presenta-su-primera-edicion-de-invierno-con-espectaculos-performances-musica-electronica-y-espacios-de-reflexion-en-ciudadela-y-civican\\\/#primaryimage\"},\"thumbnailUrl\":\"https:\\\/\\\/www.laguiadepamplona.com\\\/actualidad\\\/wp-content\\\/uploads\\\/2024\\\/02\\\/cartel-danzad-malditos.webp\",\"articleSection\":[\"Ayto Pamplona\"],\"inLanguage\":\"es\",\"potentialAction\":[{\"@type\":\"CommentAction\",\"name\":\"Comment\",\"target\":[\"https:\\\/\\\/www.laguiadepamplona.com\\\/actualidad\\\/el-festival-danzad-danzad-malditos-presenta-su-primera-edicion-de-invierno-con-espectaculos-performances-musica-electronica-y-espacios-de-reflexion-en-ciudadela-y-civican\\\/#respond\"]}]},{\"@type\":\"WebPage\",\"@id\":\"https:\\\/\\\/www.laguiadepamplona.com\\\/actualidad\\\/el-festival-danzad-danzad-malditos-presenta-su-primera-edicion-de-invierno-con-espectaculos-performances-musica-electronica-y-espacios-de-reflexion-en-ciudadela-y-civican\\\/\",\"url\":\"https:\\\/\\\/www.laguiadepamplona.com\\\/actualidad\\\/el-festival-danzad-danzad-malditos-presenta-su-primera-edicion-de-invierno-con-espectaculos-performances-musica-electronica-y-espacios-de-reflexion-en-ciudadela-y-civican\\\/\",\"name\":\"El festival Danzad Danzad Malditos presenta su primera edici\u00f3n de invierno con espect\u00e1culos, performances, m\u00fasica electr\u00f3nica y espacios de reflexi\u00f3n en Ciudadela y Civican\",\"isPartOf\":{\"@id\":\"https:\\\/\\\/www.laguiadepamplona.com\\\/actualidad\\\/#website\"},\"primaryImageOfPage\":{\"@id\":\"https:\\\/\\\/www.laguiadepamplona.com\\\/actualidad\\\/el-festival-danzad-danzad-malditos-presenta-su-primera-edicion-de-invierno-con-espectaculos-performances-musica-electronica-y-espacios-de-reflexion-en-ciudadela-y-civican\\\/#primaryimage\"},\"image\":{\"@id\":\"https:\\\/\\\/www.laguiadepamplona.com\\\/actualidad\\\/el-festival-danzad-danzad-malditos-presenta-su-primera-edicion-de-invierno-con-espectaculos-performances-musica-electronica-y-espacios-de-reflexion-en-ciudadela-y-civican\\\/#primaryimage\"},\"thumbnailUrl\":\"https:\\\/\\\/www.laguiadepamplona.com\\\/actualidad\\\/wp-content\\\/uploads\\\/2024\\\/02\\\/cartel-danzad-malditos.webp\",\"datePublished\":\"2024-02-28T16:13:39+00:00\",\"breadcrumb\":{\"@id\":\"https:\\\/\\\/www.laguiadepamplona.com\\\/actualidad\\\/el-festival-danzad-danzad-malditos-presenta-su-primera-edicion-de-invierno-con-espectaculos-performances-musica-electronica-y-espacios-de-reflexion-en-ciudadela-y-civican\\\/#breadcrumb\"},\"inLanguage\":\"es\",\"potentialAction\":[{\"@type\":\"ReadAction\",\"target\":[\"https:\\\/\\\/www.laguiadepamplona.com\\\/actualidad\\\/el-festival-danzad-danzad-malditos-presenta-su-primera-edicion-de-invierno-con-espectaculos-performances-musica-electronica-y-espacios-de-reflexion-en-ciudadela-y-civican\\\/\"]}]},{\"@type\":\"ImageObject\",\"inLanguage\":\"es\",\"@id\":\"https:\\\/\\\/www.laguiadepamplona.com\\\/actualidad\\\/el-festival-danzad-danzad-malditos-presenta-su-primera-edicion-de-invierno-con-espectaculos-performances-musica-electronica-y-espacios-de-reflexion-en-ciudadela-y-civican\\\/#primaryimage\",\"url\":\"https:\\\/\\\/www.laguiadepamplona.com\\\/actualidad\\\/wp-content\\\/uploads\\\/2024\\\/02\\\/cartel-danzad-malditos.webp\",\"contentUrl\":\"https:\\\/\\\/www.laguiadepamplona.com\\\/actualidad\\\/wp-content\\\/uploads\\\/2024\\\/02\\\/cartel-danzad-malditos.webp\",\"width\":1200,\"height\":1200,\"caption\":\"cartel danzad malditos 2024\"},{\"@type\":\"BreadcrumbList\",\"@id\":\"https:\\\/\\\/www.laguiadepamplona.com\\\/actualidad\\\/el-festival-danzad-danzad-malditos-presenta-su-primera-edicion-de-invierno-con-espectaculos-performances-musica-electronica-y-espacios-de-reflexion-en-ciudadela-y-civican\\\/#breadcrumb\",\"itemListElement\":[{\"@type\":\"ListItem\",\"position\":1,\"name\":\"Portada\",\"item\":\"https:\\\/\\\/www.laguiadepamplona.com\\\/actualidad\\\/\"},{\"@type\":\"ListItem\",\"position\":2,\"name\":\"El festival Danzad Danzad Malditos presenta su primera edici\u00f3n de invierno con espect\u00e1culos, performances, m\u00fasica electr\u00f3nica y espacios de reflexi\u00f3n en Ciudadela y Civican\"}]},{\"@type\":\"WebSite\",\"@id\":\"https:\\\/\\\/www.laguiadepamplona.com\\\/actualidad\\\/#website\",\"url\":\"https:\\\/\\\/www.laguiadepamplona.com\\\/actualidad\\\/\",\"name\":\"La gu\u00eda de Pamplona\",\"description\":\"Noticias de Pamplona\",\"publisher\":{\"@id\":\"https:\\\/\\\/www.laguiadepamplona.com\\\/actualidad\\\/#organization\"},\"potentialAction\":[{\"@type\":\"SearchAction\",\"target\":{\"@type\":\"EntryPoint\",\"urlTemplate\":\"https:\\\/\\\/www.laguiadepamplona.com\\\/actualidad\\\/?s={search_term_string}\"},\"query-input\":{\"@type\":\"PropertyValueSpecification\",\"valueRequired\":true,\"valueName\":\"search_term_string\"}}],\"inLanguage\":\"es\"},{\"@type\":\"Organization\",\"@id\":\"https:\\\/\\\/www.laguiadepamplona.com\\\/actualidad\\\/#organization\",\"name\":\"La Gu\u00eda de Pamplona \\\/ Noticias\",\"url\":\"https:\\\/\\\/www.laguiadepamplona.com\\\/actualidad\\\/\",\"logo\":{\"@type\":\"ImageObject\",\"inLanguage\":\"es\",\"@id\":\"https:\\\/\\\/www.laguiadepamplona.com\\\/actualidad\\\/#\\\/schema\\\/logo\\\/image\\\/\",\"url\":\"https:\\\/\\\/www.laguiadepamplona.com\\\/actualidad\\\/wp-content\\\/uploads\\\/2018\\\/11\\\/logo-laguiadepamplona18-web1.png\",\"contentUrl\":\"https:\\\/\\\/www.laguiadepamplona.com\\\/actualidad\\\/wp-content\\\/uploads\\\/2018\\\/11\\\/logo-laguiadepamplona18-web1.png\",\"width\":600,\"height\":196,\"caption\":\"La Gu\u00eda de Pamplona \\\/ Noticias\"},\"image\":{\"@id\":\"https:\\\/\\\/www.laguiadepamplona.com\\\/actualidad\\\/#\\\/schema\\\/logo\\\/image\\\/\"},\"sameAs\":[\"https:\\\/\\\/www.facebook.com\\\/laguiadepamplonacom-133175176762273\\\/?ref=hl\",\"https:\\\/\\\/x.com\\\/LaGuiadPamplona\",\"https:\\\/\\\/www.instagram.com\\\/la_guia_de_pamplona\\\/\",\"https:\\\/\\\/www.youtube.com\\\/user\\\/laguiadepamplona\"]},{\"@type\":\"Person\",\"@id\":\"https:\\\/\\\/www.laguiadepamplona.com\\\/actualidad\\\/#\\\/schema\\\/person\\\/efe887376f0213d4657c93adc50b1fdb\",\"name\":\"La Gu\u00eda de Pamplona\",\"image\":{\"@type\":\"ImageObject\",\"inLanguage\":\"es\",\"@id\":\"https:\\\/\\\/secure.gravatar.com\\\/avatar\\\/b6992f131dc8d30ab0dff15446e9d346d9dbd95992de0fef795073f5ea83a81c?s=96&d=mm&r=g\",\"url\":\"https:\\\/\\\/secure.gravatar.com\\\/avatar\\\/b6992f131dc8d30ab0dff15446e9d346d9dbd95992de0fef795073f5ea83a81c?s=96&d=mm&r=g\",\"contentUrl\":\"https:\\\/\\\/secure.gravatar.com\\\/avatar\\\/b6992f131dc8d30ab0dff15446e9d346d9dbd95992de0fef795073f5ea83a81c?s=96&d=mm&r=g\",\"caption\":\"La Gu\u00eda de Pamplona\"}}]}<\/script>\n<!-- \/ Yoast SEO plugin. -->","yoast_head_json":{"title":"El festival Danzad Danzad Malditos presenta su primera edici\u00f3n de invierno con espect\u00e1culos, performances, m\u00fasica electr\u00f3nica y espacios de reflexi\u00f3n en Ciudadela y Civican","robots":{"index":"index","follow":"follow","max-snippet":"max-snippet:-1","max-image-preview":"max-image-preview:large","max-video-preview":"max-video-preview:-1"},"canonical":"https:\/\/www.laguiadepamplona.com\/actualidad\/el-festival-danzad-danzad-malditos-presenta-su-primera-edicion-de-invierno-con-espectaculos-performances-musica-electronica-y-espacios-de-reflexion-en-ciudadela-y-civican\/","og_locale":"es_ES","og_type":"article","og_title":"El festival Danzad Danzad Malditos presenta su primera edici\u00f3n de invierno con espect\u00e1culos, performances, m\u00fasica electr\u00f3nica y espacios de reflexi\u00f3n en Ciudadela y Civican","og_description":"El festival se celebrar\u00e1 del 7 al 23 de marzo, con propuestas los jueves y s\u00e1bados, todas ellas con entrada libre, hasta completar aforo","og_url":"https:\/\/www.laguiadepamplona.com\/actualidad\/el-festival-danzad-danzad-malditos-presenta-su-primera-edicion-de-invierno-con-espectaculos-performances-musica-electronica-y-espacios-de-reflexion-en-ciudadela-y-civican\/","og_site_name":"La Gu\u00eda de Pamplona","article_publisher":"https:\/\/www.facebook.com\/laguiadepamplonacom-133175176762273\/?ref=hl","article_published_time":"2024-02-28T16:13:39+00:00","og_image":[{"width":1200,"height":1200,"url":"https:\/\/www.laguiadepamplona.com\/actualidad\/wp-content\/uploads\/2024\/02\/cartel-danzad-malditos.webp","type":"image\/webp"}],"author":"La Gu\u00eda de Pamplona","twitter_card":"summary_large_image","twitter_creator":"@LaGuiadPamplona","twitter_site":"@LaGuiadPamplona","twitter_misc":{"Escrito por":"La Gu\u00eda de Pamplona","Tiempo de lectura":"6 minutos"},"schema":{"@context":"https:\/\/schema.org","@graph":[{"@type":"Article","@id":"https:\/\/www.laguiadepamplona.com\/actualidad\/el-festival-danzad-danzad-malditos-presenta-su-primera-edicion-de-invierno-con-espectaculos-performances-musica-electronica-y-espacios-de-reflexion-en-ciudadela-y-civican\/#article","isPartOf":{"@id":"https:\/\/www.laguiadepamplona.com\/actualidad\/el-festival-danzad-danzad-malditos-presenta-su-primera-edicion-de-invierno-con-espectaculos-performances-musica-electronica-y-espacios-de-reflexion-en-ciudadela-y-civican\/"},"author":{"name":"La Gu\u00eda de Pamplona","@id":"https:\/\/www.laguiadepamplona.com\/actualidad\/#\/schema\/person\/efe887376f0213d4657c93adc50b1fdb"},"headline":"El festival Danzad Danzad Malditos presenta su primera edici\u00f3n de invierno con espect\u00e1culos, performances, m\u00fasica electr\u00f3nica y espacios de reflexi\u00f3n en Ciudadela y Civican","datePublished":"2024-02-28T16:13:39+00:00","mainEntityOfPage":{"@id":"https:\/\/www.laguiadepamplona.com\/actualidad\/el-festival-danzad-danzad-malditos-presenta-su-primera-edicion-de-invierno-con-espectaculos-performances-musica-electronica-y-espacios-de-reflexion-en-ciudadela-y-civican\/"},"wordCount":1315,"commentCount":0,"publisher":{"@id":"https:\/\/www.laguiadepamplona.com\/actualidad\/#organization"},"image":{"@id":"https:\/\/www.laguiadepamplona.com\/actualidad\/el-festival-danzad-danzad-malditos-presenta-su-primera-edicion-de-invierno-con-espectaculos-performances-musica-electronica-y-espacios-de-reflexion-en-ciudadela-y-civican\/#primaryimage"},"thumbnailUrl":"https:\/\/www.laguiadepamplona.com\/actualidad\/wp-content\/uploads\/2024\/02\/cartel-danzad-malditos.webp","articleSection":["Ayto Pamplona"],"inLanguage":"es","potentialAction":[{"@type":"CommentAction","name":"Comment","target":["https:\/\/www.laguiadepamplona.com\/actualidad\/el-festival-danzad-danzad-malditos-presenta-su-primera-edicion-de-invierno-con-espectaculos-performances-musica-electronica-y-espacios-de-reflexion-en-ciudadela-y-civican\/#respond"]}]},{"@type":"WebPage","@id":"https:\/\/www.laguiadepamplona.com\/actualidad\/el-festival-danzad-danzad-malditos-presenta-su-primera-edicion-de-invierno-con-espectaculos-performances-musica-electronica-y-espacios-de-reflexion-en-ciudadela-y-civican\/","url":"https:\/\/www.laguiadepamplona.com\/actualidad\/el-festival-danzad-danzad-malditos-presenta-su-primera-edicion-de-invierno-con-espectaculos-performances-musica-electronica-y-espacios-de-reflexion-en-ciudadela-y-civican\/","name":"El festival Danzad Danzad Malditos presenta su primera edici\u00f3n de invierno con espect\u00e1culos, performances, m\u00fasica electr\u00f3nica y espacios de reflexi\u00f3n en Ciudadela y Civican","isPartOf":{"@id":"https:\/\/www.laguiadepamplona.com\/actualidad\/#website"},"primaryImageOfPage":{"@id":"https:\/\/www.laguiadepamplona.com\/actualidad\/el-festival-danzad-danzad-malditos-presenta-su-primera-edicion-de-invierno-con-espectaculos-performances-musica-electronica-y-espacios-de-reflexion-en-ciudadela-y-civican\/#primaryimage"},"image":{"@id":"https:\/\/www.laguiadepamplona.com\/actualidad\/el-festival-danzad-danzad-malditos-presenta-su-primera-edicion-de-invierno-con-espectaculos-performances-musica-electronica-y-espacios-de-reflexion-en-ciudadela-y-civican\/#primaryimage"},"thumbnailUrl":"https:\/\/www.laguiadepamplona.com\/actualidad\/wp-content\/uploads\/2024\/02\/cartel-danzad-malditos.webp","datePublished":"2024-02-28T16:13:39+00:00","breadcrumb":{"@id":"https:\/\/www.laguiadepamplona.com\/actualidad\/el-festival-danzad-danzad-malditos-presenta-su-primera-edicion-de-invierno-con-espectaculos-performances-musica-electronica-y-espacios-de-reflexion-en-ciudadela-y-civican\/#breadcrumb"},"inLanguage":"es","potentialAction":[{"@type":"ReadAction","target":["https:\/\/www.laguiadepamplona.com\/actualidad\/el-festival-danzad-danzad-malditos-presenta-su-primera-edicion-de-invierno-con-espectaculos-performances-musica-electronica-y-espacios-de-reflexion-en-ciudadela-y-civican\/"]}]},{"@type":"ImageObject","inLanguage":"es","@id":"https:\/\/www.laguiadepamplona.com\/actualidad\/el-festival-danzad-danzad-malditos-presenta-su-primera-edicion-de-invierno-con-espectaculos-performances-musica-electronica-y-espacios-de-reflexion-en-ciudadela-y-civican\/#primaryimage","url":"https:\/\/www.laguiadepamplona.com\/actualidad\/wp-content\/uploads\/2024\/02\/cartel-danzad-malditos.webp","contentUrl":"https:\/\/www.laguiadepamplona.com\/actualidad\/wp-content\/uploads\/2024\/02\/cartel-danzad-malditos.webp","width":1200,"height":1200,"caption":"cartel danzad malditos 2024"},{"@type":"BreadcrumbList","@id":"https:\/\/www.laguiadepamplona.com\/actualidad\/el-festival-danzad-danzad-malditos-presenta-su-primera-edicion-de-invierno-con-espectaculos-performances-musica-electronica-y-espacios-de-reflexion-en-ciudadela-y-civican\/#breadcrumb","itemListElement":[{"@type":"ListItem","position":1,"name":"Portada","item":"https:\/\/www.laguiadepamplona.com\/actualidad\/"},{"@type":"ListItem","position":2,"name":"El festival Danzad Danzad Malditos presenta su primera edici\u00f3n de invierno con espect\u00e1culos, performances, m\u00fasica electr\u00f3nica y espacios de reflexi\u00f3n en Ciudadela y Civican"}]},{"@type":"WebSite","@id":"https:\/\/www.laguiadepamplona.com\/actualidad\/#website","url":"https:\/\/www.laguiadepamplona.com\/actualidad\/","name":"La gu\u00eda de Pamplona","description":"Noticias de Pamplona","publisher":{"@id":"https:\/\/www.laguiadepamplona.com\/actualidad\/#organization"},"potentialAction":[{"@type":"SearchAction","target":{"@type":"EntryPoint","urlTemplate":"https:\/\/www.laguiadepamplona.com\/actualidad\/?s={search_term_string}"},"query-input":{"@type":"PropertyValueSpecification","valueRequired":true,"valueName":"search_term_string"}}],"inLanguage":"es"},{"@type":"Organization","@id":"https:\/\/www.laguiadepamplona.com\/actualidad\/#organization","name":"La Gu\u00eda de Pamplona \/ Noticias","url":"https:\/\/www.laguiadepamplona.com\/actualidad\/","logo":{"@type":"ImageObject","inLanguage":"es","@id":"https:\/\/www.laguiadepamplona.com\/actualidad\/#\/schema\/logo\/image\/","url":"https:\/\/www.laguiadepamplona.com\/actualidad\/wp-content\/uploads\/2018\/11\/logo-laguiadepamplona18-web1.png","contentUrl":"https:\/\/www.laguiadepamplona.com\/actualidad\/wp-content\/uploads\/2018\/11\/logo-laguiadepamplona18-web1.png","width":600,"height":196,"caption":"La Gu\u00eda de Pamplona \/ Noticias"},"image":{"@id":"https:\/\/www.laguiadepamplona.com\/actualidad\/#\/schema\/logo\/image\/"},"sameAs":["https:\/\/www.facebook.com\/laguiadepamplonacom-133175176762273\/?ref=hl","https:\/\/x.com\/LaGuiadPamplona","https:\/\/www.instagram.com\/la_guia_de_pamplona\/","https:\/\/www.youtube.com\/user\/laguiadepamplona"]},{"@type":"Person","@id":"https:\/\/www.laguiadepamplona.com\/actualidad\/#\/schema\/person\/efe887376f0213d4657c93adc50b1fdb","name":"La Gu\u00eda de Pamplona","image":{"@type":"ImageObject","inLanguage":"es","@id":"https:\/\/secure.gravatar.com\/avatar\/b6992f131dc8d30ab0dff15446e9d346d9dbd95992de0fef795073f5ea83a81c?s=96&d=mm&r=g","url":"https:\/\/secure.gravatar.com\/avatar\/b6992f131dc8d30ab0dff15446e9d346d9dbd95992de0fef795073f5ea83a81c?s=96&d=mm&r=g","contentUrl":"https:\/\/secure.gravatar.com\/avatar\/b6992f131dc8d30ab0dff15446e9d346d9dbd95992de0fef795073f5ea83a81c?s=96&d=mm&r=g","caption":"La Gu\u00eda de Pamplona"}}]}},"post_mailing_queue_ids":[],"_links":{"self":[{"href":"https:\/\/www.laguiadepamplona.com\/actualidad\/wp-json\/wp\/v2\/posts\/48907","targetHints":{"allow":["GET"]}}],"collection":[{"href":"https:\/\/www.laguiadepamplona.com\/actualidad\/wp-json\/wp\/v2\/posts"}],"about":[{"href":"https:\/\/www.laguiadepamplona.com\/actualidad\/wp-json\/wp\/v2\/types\/post"}],"author":[{"embeddable":true,"href":"https:\/\/www.laguiadepamplona.com\/actualidad\/wp-json\/wp\/v2\/users\/1"}],"replies":[{"embeddable":true,"href":"https:\/\/www.laguiadepamplona.com\/actualidad\/wp-json\/wp\/v2\/comments?post=48907"}],"version-history":[{"count":1,"href":"https:\/\/www.laguiadepamplona.com\/actualidad\/wp-json\/wp\/v2\/posts\/48907\/revisions"}],"predecessor-version":[{"id":48909,"href":"https:\/\/www.laguiadepamplona.com\/actualidad\/wp-json\/wp\/v2\/posts\/48907\/revisions\/48909"}],"wp:featuredmedia":[{"embeddable":true,"href":"https:\/\/www.laguiadepamplona.com\/actualidad\/wp-json\/wp\/v2\/media\/48908"}],"wp:attachment":[{"href":"https:\/\/www.laguiadepamplona.com\/actualidad\/wp-json\/wp\/v2\/media?parent=48907"}],"wp:term":[{"taxonomy":"category","embeddable":true,"href":"https:\/\/www.laguiadepamplona.com\/actualidad\/wp-json\/wp\/v2\/categories?post=48907"},{"taxonomy":"post_tag","embeddable":true,"href":"https:\/\/www.laguiadepamplona.com\/actualidad\/wp-json\/wp\/v2\/tags?post=48907"}],"curies":[{"name":"wp","href":"https:\/\/api.w.org\/{rel}","templated":true}]}}