{"id":48898,"date":"2024-02-28T14:08:37","date_gmt":"2024-02-28T12:08:37","guid":{"rendered":"https:\/\/www.laguiadepamplona.com\/actualidad\/?p=48898"},"modified":"2024-02-28T14:08:37","modified_gmt":"2024-02-28T12:08:37","slug":"la-feria-de-oportunidades-pamplona-stock-2024-ofrece-descuentos-desde-este-jueves-y-hasta-el-sabado-para-dinamizar-el-comercio-local","status":"publish","type":"post","link":"https:\/\/www.laguiadepamplona.com\/actualidad\/la-feria-de-oportunidades-pamplona-stock-2024-ofrece-descuentos-desde-este-jueves-y-hasta-el-sabado-para-dinamizar-el-comercio-local\/","title":{"rendered":"La feria de oportunidades Pamplona Stock 2024 ofrece descuentos desde este jueves y hasta el s\u00e1bado para dinamizar el comercio local"},"content":{"rendered":"<h2>El Ayuntamiento, en colaboraci\u00f3n con las asociaciones de comerciantes, organiza desde 2007 esta campa\u00f1a, en la que participan este a\u00f1o 67 comercios<\/h2>\n<p><!--more--><\/p>\n<p>El Ayuntamiento de Pamplona, en colaboraci\u00f3n con asociaciones de comerciantes de la ciudad, organiza durante tres d\u00edas la feria de oportunidades Pamplona Stock 2024. Desde este jueves d\u00eda 29 hasta el s\u00e1bado 2 de marzo, 67 comercios de los sectores de moda, calzado, est\u00e9tica, complementos, joyer\u00eda, alimentaci\u00f3n, menaje, mobiliario, deportes, ortopedia y ocio en general desarrollan, en horario comercial, esta campa\u00f1a de promoci\u00f3n en los propios establecimientos, que pueden sacar g\u00e9nero a la calle para su venta.<\/p>\n<p>Pamplona Stock se puede llevar a cabo en todos los barrios y zonas comerciales de la ciudad, si bien hay mayor participaci\u00f3n en los\u00a0barrios que cuentan con asociaci\u00f3n de comerciantes, como son el Casco Antiguo, San Juan, Ermitaga\u00f1a y Mendebaldea, la zona de Mart\u00edn Azpilcueta, San Jorge \u2013 Sanduzelai, Mercado de Ermitaga\u00f1a, Ensanches, Rochapea, Iturrama y Mendillorri. Cada comercio participante se identifica con el cartel de la campa\u00f1a y las asociaciones organizadoras animan al p\u00fablico a acudir a los diferentes barrios y zonas para aprovechar los descuentos.<br \/>\n<script async src=\"\/\/pagead2.googlesyndication.com\/pagead\/js\/adsbygoogle.js\"><\/script><br \/>\n<!-- Noticias La Guia de Pamplona --><br \/>\n<ins class=\"adsbygoogle\"\nstyle=\"display:block\"\ndata-ad-client=\"ca-pub-6943679897239327\"\ndata-ad-slot=\"7048180777\"\ndata-ad-format=\"auto\"><\/ins><br \/>\n<script>\n(adsbygoogle = window.adsbygoogle || []).push({});\n<\/script><br \/>\nLos comercios que saquen g\u00e9nero a la calle no podr\u00e1n ocupar m\u00e1s metros lineales que los que tiene la fachada del local ni ocupar m\u00e1s de dos metros de profundidad de manera perpendicular a la fachada. No se permite la instalaci\u00f3n de carpas, de megafon\u00eda o de elementos que requieran de electricidad (salvo autorizaci\u00f3n expresa) ni de elementos que obstaculicen el paso al propio establecimiento. Todos los elementos instalados en la v\u00eda p\u00fablica se retirar\u00e1n a la finalizaci\u00f3n de la jornada comercial.<\/p>\n<p>Las primeras ediciones de \u2018Pamplona Stock\u2019 se celebraron en un \u00fanico punto, como Baluarte o la antigua estaci\u00f3n de autobuses, pero desde hace unos a\u00f1os son los propios comercios los que lo celebran en sus establecimientos, tanto en el interior como en el exterior. El Ayuntamiento de Pamplona apoya esta acci\u00f3n promocional para visibilizar la marca comercio local y apoyar la liquidaci\u00f3n de stock de cara a liberar almacenes y recibir el g\u00e9nero de la nueva temporada, una vez concluida la temporada de rebajas de invierno.<br \/>\n<script async src=\"\/\/pagead2.googlesyndication.com\/pagead\/js\/adsbygoogle.js\"><\/script><br \/>\n<!-- Noticias La Guia de Pamplona --><br \/>\n<ins class=\"adsbygoogle\"\nstyle=\"display:block\"\ndata-ad-client=\"ca-pub-6943679897239327\"\ndata-ad-slot=\"7048180777\"\ndata-ad-format=\"auto\"><\/ins><br \/>\n<script>\n(adsbygoogle = window.adsbygoogle || []).push({});\n<\/script><br \/>\n&nbsp;<\/p>\n<h3>Pamplona Stock 2024. Establecimientos Participantes<\/h3>\n<ul>\n<li><strong>Casco Antiguo<\/strong>\n<ul>\n<li>Slide (Calle Chapitela, 8)<\/li>\n<li>Tejanos (Calle Zapater\u00eda, 7)<\/li>\n<li>Samoa Zapater\u00eda (Calle Zapater\u00eda, 31)<\/li>\n<li>Futbolman\u00edas (Calle Zapater\u00eda, 9)<\/li>\n<li>Indiano Caf\u00e9 (Calle Zapater\u00eda, 18)<\/li>\n<li>BSC Shoes (Calle Zapater\u00eda, 36)<\/li>\n<li>Mirate (Calle Zapater\u00eda, 21)<\/li>\n<li>Calzados Basoco (Calle Zapater\u00eda, 52)<\/li>\n<li>Ibili Calzado Saludable (Calle Zapater\u00eda, 45)<\/li>\n<li>Moda Tihista (Calle Calceteros, 3-5)<\/li>\n<li>Lencer\u00eda Medina (Calle Mayor, 5)<\/li>\n<li>Artazcoz Moda (Calle Mayor, 7)<\/li>\n<li>Maitagarri (Calle Mayor, 8)<\/li>\n<li>La Zapatillera (Calle Mayor, 17)<\/li>\n<li>Skaner Shop (Calle Mayor, 8)<\/li>\n<li>Garcia Men &amp; Women (Calle Mayor, 6)<\/li>\n<li>Freeman Pamplona (Calle Mayor, 19)<\/li>\n<li>Calzados La Infantil (Calle San Saturnino, 1)<\/li>\n<li>Cebri\u00e1n (Calle San Lorenzo, 9-11)<\/li>\n<li>Samoa Mercaderes (Mercaderes, 2)<\/li>\n<li>Jitu (Mercaderes, 10)<\/li>\n<li>Zarranz Moda (Estafeta, 9)<\/li>\n<li>Ibilkari (Estafeta, 72)<\/li>\n<li>Calzados La Ma\u00f1ueta (Ma\u00f1ueta, 4 y 11)<\/li>\n<\/ul>\n<\/li>\n<\/ul>\n<p>&nbsp;<\/p>\n<ul>\n<li><strong>San Juan, Ermitaga\u00f1a y Mendebaldea<\/strong>\n<ul>\n<li>Adorno (Ermitaga\u00f1a, 4)<\/li>\n<li>Bay\u00f3n Moda (Avda. Bayona, 42)<\/li>\n<li>.. Moda y Lencer\u00eda (Sancho Ram\u00edrez, 1)<\/li>\n<li>Dekho (Monasterio de la Oliva, 23)<\/li>\n<li>Loly Carreras (Benjam\u00edn de Tudela, 16)<\/li>\n<li>Mercer\u00eda Lencer\u00eda Conchi (Irunlarrea, 13 A)<\/li>\n<li>Moda D\u2019ellas (Avda. Bayona, 5)<\/li>\n<li>Moda D\u2019ellas (Sancho Ram\u00edrez, 1)<\/li>\n<li>Moda mujer Pili Zugaldia (Ermitaga\u00f1a, 4)<\/li>\n<li>Tribeca (Ermitaga\u00f1a, 1)<\/li>\n<\/ul>\n<\/li>\n<\/ul>\n<p>&nbsp;<\/p>\n<ul>\n<li><strong>Zona de Mart\u00edn Azpilcueta<\/strong>\n<ul>\n<li>Coviran (Mart\u00edn Azpilcueta, 3)<\/li>\n<li>Electro Hogar Bayona (Avda. Bayona, 40)<\/li>\n<li>Flores Nekane (Mart\u00edn Azpilcueta, 21)<\/li>\n<li>Gadifer Joyeros (San Alberto Magno, 3)<\/li>\n<li>Gelisa (San Alberto Magno, 6)<\/li>\n<li>Lizarraga (Mart\u00edn Azpilcueta, 13)<\/li>\n<li>Milar \u2013 San Juan (Mart\u00edn Azpilcueta, 14)<\/li>\n<li>Muebles San Jos\u00e9 (T. Mart\u00edn Azpilcueta, 4)<\/li>\n<li>Papeler\u00eda Iturralde (Mart\u00edn Azpilcueta, 12)<\/li>\n<li>Rangl\u00e1n (Mart\u00edn Azpilcueta, 13)<\/li>\n<\/ul>\n<\/li>\n<\/ul>\n<p>&nbsp;<\/p>\n<ul>\n<li><strong>San Jorge \u2013 Sanduzelai <\/strong>\n<ul>\n<li>Calzados Iru\u00f1a (Simonena, 2)<\/li>\n<li>Centro naturo-est\u00e9tica Neroli (Fleming, 7 trasera)<\/li>\n<li>Donde Siempre (Avda. San Jorge, 75)<\/li>\n<li>Joyer\u00eda-Relojer\u00eda Dominguez (Simonena, 2)<\/li>\n<\/ul>\n<\/li>\n<\/ul>\n<p>&nbsp;<\/p>\n<ul>\n<li><strong>Mercado de Ermitaga\u00f1a<\/strong>\n<ul>\n<li>El Colmado de Ermitaga\u00f1a (Puesto 12; Mercado de Ermitaga\u00f1a, Ermitaga\u00f1a, 4)<\/li>\n<\/ul>\n<\/li>\n<\/ul>\n<p>&nbsp;<\/p>\n<ul>\n<li><strong>Ensanches<\/strong>\n<ul>\n<li>Culinarium (Avda. Carlos III, 30)<\/li>\n<li>Gorricho Sistemas de Descanso (Yanguas y Miranda, 19)<\/li>\n<li>Hebra (Garc\u00eda Casta\u00f1on, 2)<\/li>\n<li>Recrearte (Sandoval, 6)<\/li>\n<li>Lia Carriedo (Plaza de la Libertad, 4)<\/li>\n<li>Lanera Navarra (Tafalla, 14)<\/li>\n<li>Marian L\u00ednea \u00cdntima (Tafalla, 14)<\/li>\n<li>Donde Siempre (Teobaldos, 1-2)<\/li>\n<li>Fisio M\u00e9dica (Amaya, 21)<\/li>\n<li>Lorca Ortopedia (Avda. San Ignacio, 10)<\/li>\n<\/ul>\n<\/li>\n<\/ul>\n<p>&nbsp;<\/p>\n<ul>\n<li><strong>Rotxapea<\/strong>\n<ul>\n<li>Mercer\u00eda Isabel (Avda. Marcelo Celayeta, 28)<\/li>\n<li>Rotxa Calzados (Bernardino Tirapu, 55)<\/li>\n<li>Tissue Atelier (Tiburcio de Red\u00edn, 5, 7)<\/li>\n<\/ul>\n<\/li>\n<\/ul>\n<p>&nbsp;<\/p>\n<ul>\n<li><strong>Iturrama<\/strong>\n<ul>\n<li>Ferreter\u00eda Iturrama (Iturrama, 41)<\/li>\n<li>Berl\u00edn Moda (Avda. P\u00edo XII, 18)<\/li>\n<li>\u00d3ptica m\u00e1s x ver (Seraf\u00edn Olave, 15)<\/li>\n<li>El Mundo de la Costura (Iturrama, 70)<\/li>\n<\/ul>\n<\/li>\n<\/ul>\n<p>&nbsp;<\/p>\n<ul>\n<li><strong>Mendillorri<\/strong>\n<ul>\n<li>Fruteria Baratza (Concejo Olaz 8 bajo)<\/li>\n<\/ul>\n<\/li>\n<\/ul>\n","protected":false},"excerpt":{"rendered":"<p>El Ayuntamiento, en colaboraci\u00f3n con las asociaciones de comerciantes, organiza desde 2007 esta campa\u00f1a, en la que participan este a\u00f1o 67 comercios<\/p>\n","protected":false},"author":1,"featured_media":48899,"comment_status":"open","ping_status":"closed","sticky":false,"template":"","format":"standard","meta":{"footnotes":""},"categories":[2],"tags":[],"class_list":["post-48898","post","type-post","status-publish","format-standard","has-post-thumbnail","hentry","category-ayuntamiento-pamplona"],"yoast_head":"<!-- This site is optimized with the Yoast SEO plugin v27.3 - https:\/\/yoast.com\/product\/yoast-seo-wordpress\/ -->\n<title>La feria de oportunidades Pamplona Stock 2024 ofrece descuentos desde este jueves y hasta el s\u00e1bado para dinamizar el comercio local<\/title>\n<meta name=\"description\" content=\"El Ayuntamiento, en colaboraci\u00f3n con las asociaciones de comerciantes, organiza desde 2007 esta campa\u00f1a, en la que participan este a\u00f1o 67 comercios\" \/>\n<meta name=\"robots\" content=\"index, follow, max-snippet:-1, max-image-preview:large, max-video-preview:-1\" \/>\n<link rel=\"canonical\" href=\"https:\/\/www.laguiadepamplona.com\/actualidad\/la-feria-de-oportunidades-pamplona-stock-2024-ofrece-descuentos-desde-este-jueves-y-hasta-el-sabado-para-dinamizar-el-comercio-local\/\" \/>\n<meta property=\"og:locale\" content=\"es_ES\" \/>\n<meta property=\"og:type\" content=\"article\" \/>\n<meta property=\"og:title\" content=\"La feria de oportunidades Pamplona Stock 2024 ofrece descuentos desde este jueves y hasta el s\u00e1bado para dinamizar el comercio local\" \/>\n<meta property=\"og:description\" content=\"El Ayuntamiento, en colaboraci\u00f3n con las asociaciones de comerciantes, organiza desde 2007 esta campa\u00f1a, en la que participan este a\u00f1o 67 comercios\" \/>\n<meta property=\"og:url\" content=\"https:\/\/www.laguiadepamplona.com\/actualidad\/la-feria-de-oportunidades-pamplona-stock-2024-ofrece-descuentos-desde-este-jueves-y-hasta-el-sabado-para-dinamizar-el-comercio-local\/\" \/>\n<meta property=\"og:site_name\" content=\"La Gu\u00eda de Pamplona\" \/>\n<meta property=\"article:publisher\" content=\"https:\/\/www.facebook.com\/laguiadepamplonacom-133175176762273\/?ref=hl\" \/>\n<meta property=\"article:published_time\" content=\"2024-02-28T12:08:37+00:00\" \/>\n<meta property=\"og:image\" content=\"https:\/\/www.laguiadepamplona.com\/actualidad\/wp-content\/uploads\/2024\/02\/A3-STOCK-PAMPLONA-2024twitter3.webp\" \/>\n\t<meta property=\"og:image:width\" content=\"1200\" \/>\n\t<meta property=\"og:image:height\" content=\"681\" \/>\n\t<meta property=\"og:image:type\" content=\"image\/webp\" \/>\n<meta name=\"author\" content=\"La Gu\u00eda de Pamplona\" \/>\n<meta name=\"twitter:card\" content=\"summary_large_image\" \/>\n<meta name=\"twitter:creator\" content=\"@LaGuiadPamplona\" \/>\n<meta name=\"twitter:site\" content=\"@LaGuiadPamplona\" \/>\n<meta name=\"twitter:label1\" content=\"Escrito por\" \/>\n\t<meta name=\"twitter:data1\" content=\"La Gu\u00eda de Pamplona\" \/>\n\t<meta name=\"twitter:label2\" content=\"Tiempo de lectura\" \/>\n\t<meta name=\"twitter:data2\" content=\"4 minutos\" \/>\n<script type=\"application\/ld+json\" class=\"yoast-schema-graph\">{\"@context\":\"https:\\\/\\\/schema.org\",\"@graph\":[{\"@type\":\"Article\",\"@id\":\"https:\\\/\\\/www.laguiadepamplona.com\\\/actualidad\\\/la-feria-de-oportunidades-pamplona-stock-2024-ofrece-descuentos-desde-este-jueves-y-hasta-el-sabado-para-dinamizar-el-comercio-local\\\/#article\",\"isPartOf\":{\"@id\":\"https:\\\/\\\/www.laguiadepamplona.com\\\/actualidad\\\/la-feria-de-oportunidades-pamplona-stock-2024-ofrece-descuentos-desde-este-jueves-y-hasta-el-sabado-para-dinamizar-el-comercio-local\\\/\"},\"author\":{\"name\":\"La Gu\u00eda de Pamplona\",\"@id\":\"https:\\\/\\\/www.laguiadepamplona.com\\\/actualidad\\\/#\\\/schema\\\/person\\\/efe887376f0213d4657c93adc50b1fdb\"},\"headline\":\"La feria de oportunidades Pamplona Stock 2024 ofrece descuentos desde este jueves y hasta el s\u00e1bado para dinamizar el comercio local\",\"datePublished\":\"2024-02-28T12:08:37+00:00\",\"mainEntityOfPage\":{\"@id\":\"https:\\\/\\\/www.laguiadepamplona.com\\\/actualidad\\\/la-feria-de-oportunidades-pamplona-stock-2024-ofrece-descuentos-desde-este-jueves-y-hasta-el-sabado-para-dinamizar-el-comercio-local\\\/\"},\"wordCount\":776,\"commentCount\":0,\"publisher\":{\"@id\":\"https:\\\/\\\/www.laguiadepamplona.com\\\/actualidad\\\/#organization\"},\"image\":{\"@id\":\"https:\\\/\\\/www.laguiadepamplona.com\\\/actualidad\\\/la-feria-de-oportunidades-pamplona-stock-2024-ofrece-descuentos-desde-este-jueves-y-hasta-el-sabado-para-dinamizar-el-comercio-local\\\/#primaryimage\"},\"thumbnailUrl\":\"https:\\\/\\\/www.laguiadepamplona.com\\\/actualidad\\\/wp-content\\\/uploads\\\/2024\\\/02\\\/A3-STOCK-PAMPLONA-2024twitter3.webp\",\"articleSection\":[\"Ayto Pamplona\"],\"inLanguage\":\"es\",\"potentialAction\":[{\"@type\":\"CommentAction\",\"name\":\"Comment\",\"target\":[\"https:\\\/\\\/www.laguiadepamplona.com\\\/actualidad\\\/la-feria-de-oportunidades-pamplona-stock-2024-ofrece-descuentos-desde-este-jueves-y-hasta-el-sabado-para-dinamizar-el-comercio-local\\\/#respond\"]}]},{\"@type\":\"WebPage\",\"@id\":\"https:\\\/\\\/www.laguiadepamplona.com\\\/actualidad\\\/la-feria-de-oportunidades-pamplona-stock-2024-ofrece-descuentos-desde-este-jueves-y-hasta-el-sabado-para-dinamizar-el-comercio-local\\\/\",\"url\":\"https:\\\/\\\/www.laguiadepamplona.com\\\/actualidad\\\/la-feria-de-oportunidades-pamplona-stock-2024-ofrece-descuentos-desde-este-jueves-y-hasta-el-sabado-para-dinamizar-el-comercio-local\\\/\",\"name\":\"La feria de oportunidades Pamplona Stock 2024 ofrece descuentos desde este jueves y hasta el s\u00e1bado para dinamizar el comercio local\",\"isPartOf\":{\"@id\":\"https:\\\/\\\/www.laguiadepamplona.com\\\/actualidad\\\/#website\"},\"primaryImageOfPage\":{\"@id\":\"https:\\\/\\\/www.laguiadepamplona.com\\\/actualidad\\\/la-feria-de-oportunidades-pamplona-stock-2024-ofrece-descuentos-desde-este-jueves-y-hasta-el-sabado-para-dinamizar-el-comercio-local\\\/#primaryimage\"},\"image\":{\"@id\":\"https:\\\/\\\/www.laguiadepamplona.com\\\/actualidad\\\/la-feria-de-oportunidades-pamplona-stock-2024-ofrece-descuentos-desde-este-jueves-y-hasta-el-sabado-para-dinamizar-el-comercio-local\\\/#primaryimage\"},\"thumbnailUrl\":\"https:\\\/\\\/www.laguiadepamplona.com\\\/actualidad\\\/wp-content\\\/uploads\\\/2024\\\/02\\\/A3-STOCK-PAMPLONA-2024twitter3.webp\",\"datePublished\":\"2024-02-28T12:08:37+00:00\",\"description\":\"El Ayuntamiento, en colaboraci\u00f3n con las asociaciones de comerciantes, organiza desde 2007 esta campa\u00f1a, en la que participan este a\u00f1o 67 comercios\",\"breadcrumb\":{\"@id\":\"https:\\\/\\\/www.laguiadepamplona.com\\\/actualidad\\\/la-feria-de-oportunidades-pamplona-stock-2024-ofrece-descuentos-desde-este-jueves-y-hasta-el-sabado-para-dinamizar-el-comercio-local\\\/#breadcrumb\"},\"inLanguage\":\"es\",\"potentialAction\":[{\"@type\":\"ReadAction\",\"target\":[\"https:\\\/\\\/www.laguiadepamplona.com\\\/actualidad\\\/la-feria-de-oportunidades-pamplona-stock-2024-ofrece-descuentos-desde-este-jueves-y-hasta-el-sabado-para-dinamizar-el-comercio-local\\\/\"]}]},{\"@type\":\"ImageObject\",\"inLanguage\":\"es\",\"@id\":\"https:\\\/\\\/www.laguiadepamplona.com\\\/actualidad\\\/la-feria-de-oportunidades-pamplona-stock-2024-ofrece-descuentos-desde-este-jueves-y-hasta-el-sabado-para-dinamizar-el-comercio-local\\\/#primaryimage\",\"url\":\"https:\\\/\\\/www.laguiadepamplona.com\\\/actualidad\\\/wp-content\\\/uploads\\\/2024\\\/02\\\/A3-STOCK-PAMPLONA-2024twitter3.webp\",\"contentUrl\":\"https:\\\/\\\/www.laguiadepamplona.com\\\/actualidad\\\/wp-content\\\/uploads\\\/2024\\\/02\\\/A3-STOCK-PAMPLONA-2024twitter3.webp\",\"width\":1200,\"height\":681,\"caption\":\"stock pamplona\"},{\"@type\":\"BreadcrumbList\",\"@id\":\"https:\\\/\\\/www.laguiadepamplona.com\\\/actualidad\\\/la-feria-de-oportunidades-pamplona-stock-2024-ofrece-descuentos-desde-este-jueves-y-hasta-el-sabado-para-dinamizar-el-comercio-local\\\/#breadcrumb\",\"itemListElement\":[{\"@type\":\"ListItem\",\"position\":1,\"name\":\"Portada\",\"item\":\"https:\\\/\\\/www.laguiadepamplona.com\\\/actualidad\\\/\"},{\"@type\":\"ListItem\",\"position\":2,\"name\":\"La feria de oportunidades Pamplona Stock 2024 ofrece descuentos desde este jueves y hasta el s\u00e1bado para dinamizar el comercio local\"}]},{\"@type\":\"WebSite\",\"@id\":\"https:\\\/\\\/www.laguiadepamplona.com\\\/actualidad\\\/#website\",\"url\":\"https:\\\/\\\/www.laguiadepamplona.com\\\/actualidad\\\/\",\"name\":\"La gu\u00eda de Pamplona\",\"description\":\"Noticias de Pamplona\",\"publisher\":{\"@id\":\"https:\\\/\\\/www.laguiadepamplona.com\\\/actualidad\\\/#organization\"},\"potentialAction\":[{\"@type\":\"SearchAction\",\"target\":{\"@type\":\"EntryPoint\",\"urlTemplate\":\"https:\\\/\\\/www.laguiadepamplona.com\\\/actualidad\\\/?s={search_term_string}\"},\"query-input\":{\"@type\":\"PropertyValueSpecification\",\"valueRequired\":true,\"valueName\":\"search_term_string\"}}],\"inLanguage\":\"es\"},{\"@type\":\"Organization\",\"@id\":\"https:\\\/\\\/www.laguiadepamplona.com\\\/actualidad\\\/#organization\",\"name\":\"La Gu\u00eda de Pamplona \\\/ Noticias\",\"url\":\"https:\\\/\\\/www.laguiadepamplona.com\\\/actualidad\\\/\",\"logo\":{\"@type\":\"ImageObject\",\"inLanguage\":\"es\",\"@id\":\"https:\\\/\\\/www.laguiadepamplona.com\\\/actualidad\\\/#\\\/schema\\\/logo\\\/image\\\/\",\"url\":\"https:\\\/\\\/www.laguiadepamplona.com\\\/actualidad\\\/wp-content\\\/uploads\\\/2018\\\/11\\\/logo-laguiadepamplona18-web1.png\",\"contentUrl\":\"https:\\\/\\\/www.laguiadepamplona.com\\\/actualidad\\\/wp-content\\\/uploads\\\/2018\\\/11\\\/logo-laguiadepamplona18-web1.png\",\"width\":600,\"height\":196,\"caption\":\"La Gu\u00eda de Pamplona \\\/ Noticias\"},\"image\":{\"@id\":\"https:\\\/\\\/www.laguiadepamplona.com\\\/actualidad\\\/#\\\/schema\\\/logo\\\/image\\\/\"},\"sameAs\":[\"https:\\\/\\\/www.facebook.com\\\/laguiadepamplonacom-133175176762273\\\/?ref=hl\",\"https:\\\/\\\/x.com\\\/LaGuiadPamplona\",\"https:\\\/\\\/www.instagram.com\\\/la_guia_de_pamplona\\\/\",\"https:\\\/\\\/www.youtube.com\\\/user\\\/laguiadepamplona\"]},{\"@type\":\"Person\",\"@id\":\"https:\\\/\\\/www.laguiadepamplona.com\\\/actualidad\\\/#\\\/schema\\\/person\\\/efe887376f0213d4657c93adc50b1fdb\",\"name\":\"La Gu\u00eda de Pamplona\",\"image\":{\"@type\":\"ImageObject\",\"inLanguage\":\"es\",\"@id\":\"https:\\\/\\\/secure.gravatar.com\\\/avatar\\\/b6992f131dc8d30ab0dff15446e9d346d9dbd95992de0fef795073f5ea83a81c?s=96&d=mm&r=g\",\"url\":\"https:\\\/\\\/secure.gravatar.com\\\/avatar\\\/b6992f131dc8d30ab0dff15446e9d346d9dbd95992de0fef795073f5ea83a81c?s=96&d=mm&r=g\",\"contentUrl\":\"https:\\\/\\\/secure.gravatar.com\\\/avatar\\\/b6992f131dc8d30ab0dff15446e9d346d9dbd95992de0fef795073f5ea83a81c?s=96&d=mm&r=g\",\"caption\":\"La Gu\u00eda de Pamplona\"}}]}<\/script>\n<!-- \/ Yoast SEO plugin. -->","yoast_head_json":{"title":"La feria de oportunidades Pamplona Stock 2024 ofrece descuentos desde este jueves y hasta el s\u00e1bado para dinamizar el comercio local","description":"El Ayuntamiento, en colaboraci\u00f3n con las asociaciones de comerciantes, organiza desde 2007 esta campa\u00f1a, en la que participan este a\u00f1o 67 comercios","robots":{"index":"index","follow":"follow","max-snippet":"max-snippet:-1","max-image-preview":"max-image-preview:large","max-video-preview":"max-video-preview:-1"},"canonical":"https:\/\/www.laguiadepamplona.com\/actualidad\/la-feria-de-oportunidades-pamplona-stock-2024-ofrece-descuentos-desde-este-jueves-y-hasta-el-sabado-para-dinamizar-el-comercio-local\/","og_locale":"es_ES","og_type":"article","og_title":"La feria de oportunidades Pamplona Stock 2024 ofrece descuentos desde este jueves y hasta el s\u00e1bado para dinamizar el comercio local","og_description":"El Ayuntamiento, en colaboraci\u00f3n con las asociaciones de comerciantes, organiza desde 2007 esta campa\u00f1a, en la que participan este a\u00f1o 67 comercios","og_url":"https:\/\/www.laguiadepamplona.com\/actualidad\/la-feria-de-oportunidades-pamplona-stock-2024-ofrece-descuentos-desde-este-jueves-y-hasta-el-sabado-para-dinamizar-el-comercio-local\/","og_site_name":"La Gu\u00eda de Pamplona","article_publisher":"https:\/\/www.facebook.com\/laguiadepamplonacom-133175176762273\/?ref=hl","article_published_time":"2024-02-28T12:08:37+00:00","og_image":[{"width":1200,"height":681,"url":"https:\/\/www.laguiadepamplona.com\/actualidad\/wp-content\/uploads\/2024\/02\/A3-STOCK-PAMPLONA-2024twitter3.webp","type":"image\/webp"}],"author":"La Gu\u00eda de Pamplona","twitter_card":"summary_large_image","twitter_creator":"@LaGuiadPamplona","twitter_site":"@LaGuiadPamplona","twitter_misc":{"Escrito por":"La Gu\u00eda de Pamplona","Tiempo de lectura":"4 minutos"},"schema":{"@context":"https:\/\/schema.org","@graph":[{"@type":"Article","@id":"https:\/\/www.laguiadepamplona.com\/actualidad\/la-feria-de-oportunidades-pamplona-stock-2024-ofrece-descuentos-desde-este-jueves-y-hasta-el-sabado-para-dinamizar-el-comercio-local\/#article","isPartOf":{"@id":"https:\/\/www.laguiadepamplona.com\/actualidad\/la-feria-de-oportunidades-pamplona-stock-2024-ofrece-descuentos-desde-este-jueves-y-hasta-el-sabado-para-dinamizar-el-comercio-local\/"},"author":{"name":"La Gu\u00eda de Pamplona","@id":"https:\/\/www.laguiadepamplona.com\/actualidad\/#\/schema\/person\/efe887376f0213d4657c93adc50b1fdb"},"headline":"La feria de oportunidades Pamplona Stock 2024 ofrece descuentos desde este jueves y hasta el s\u00e1bado para dinamizar el comercio local","datePublished":"2024-02-28T12:08:37+00:00","mainEntityOfPage":{"@id":"https:\/\/www.laguiadepamplona.com\/actualidad\/la-feria-de-oportunidades-pamplona-stock-2024-ofrece-descuentos-desde-este-jueves-y-hasta-el-sabado-para-dinamizar-el-comercio-local\/"},"wordCount":776,"commentCount":0,"publisher":{"@id":"https:\/\/www.laguiadepamplona.com\/actualidad\/#organization"},"image":{"@id":"https:\/\/www.laguiadepamplona.com\/actualidad\/la-feria-de-oportunidades-pamplona-stock-2024-ofrece-descuentos-desde-este-jueves-y-hasta-el-sabado-para-dinamizar-el-comercio-local\/#primaryimage"},"thumbnailUrl":"https:\/\/www.laguiadepamplona.com\/actualidad\/wp-content\/uploads\/2024\/02\/A3-STOCK-PAMPLONA-2024twitter3.webp","articleSection":["Ayto Pamplona"],"inLanguage":"es","potentialAction":[{"@type":"CommentAction","name":"Comment","target":["https:\/\/www.laguiadepamplona.com\/actualidad\/la-feria-de-oportunidades-pamplona-stock-2024-ofrece-descuentos-desde-este-jueves-y-hasta-el-sabado-para-dinamizar-el-comercio-local\/#respond"]}]},{"@type":"WebPage","@id":"https:\/\/www.laguiadepamplona.com\/actualidad\/la-feria-de-oportunidades-pamplona-stock-2024-ofrece-descuentos-desde-este-jueves-y-hasta-el-sabado-para-dinamizar-el-comercio-local\/","url":"https:\/\/www.laguiadepamplona.com\/actualidad\/la-feria-de-oportunidades-pamplona-stock-2024-ofrece-descuentos-desde-este-jueves-y-hasta-el-sabado-para-dinamizar-el-comercio-local\/","name":"La feria de oportunidades Pamplona Stock 2024 ofrece descuentos desde este jueves y hasta el s\u00e1bado para dinamizar el comercio local","isPartOf":{"@id":"https:\/\/www.laguiadepamplona.com\/actualidad\/#website"},"primaryImageOfPage":{"@id":"https:\/\/www.laguiadepamplona.com\/actualidad\/la-feria-de-oportunidades-pamplona-stock-2024-ofrece-descuentos-desde-este-jueves-y-hasta-el-sabado-para-dinamizar-el-comercio-local\/#primaryimage"},"image":{"@id":"https:\/\/www.laguiadepamplona.com\/actualidad\/la-feria-de-oportunidades-pamplona-stock-2024-ofrece-descuentos-desde-este-jueves-y-hasta-el-sabado-para-dinamizar-el-comercio-local\/#primaryimage"},"thumbnailUrl":"https:\/\/www.laguiadepamplona.com\/actualidad\/wp-content\/uploads\/2024\/02\/A3-STOCK-PAMPLONA-2024twitter3.webp","datePublished":"2024-02-28T12:08:37+00:00","description":"El Ayuntamiento, en colaboraci\u00f3n con las asociaciones de comerciantes, organiza desde 2007 esta campa\u00f1a, en la que participan este a\u00f1o 67 comercios","breadcrumb":{"@id":"https:\/\/www.laguiadepamplona.com\/actualidad\/la-feria-de-oportunidades-pamplona-stock-2024-ofrece-descuentos-desde-este-jueves-y-hasta-el-sabado-para-dinamizar-el-comercio-local\/#breadcrumb"},"inLanguage":"es","potentialAction":[{"@type":"ReadAction","target":["https:\/\/www.laguiadepamplona.com\/actualidad\/la-feria-de-oportunidades-pamplona-stock-2024-ofrece-descuentos-desde-este-jueves-y-hasta-el-sabado-para-dinamizar-el-comercio-local\/"]}]},{"@type":"ImageObject","inLanguage":"es","@id":"https:\/\/www.laguiadepamplona.com\/actualidad\/la-feria-de-oportunidades-pamplona-stock-2024-ofrece-descuentos-desde-este-jueves-y-hasta-el-sabado-para-dinamizar-el-comercio-local\/#primaryimage","url":"https:\/\/www.laguiadepamplona.com\/actualidad\/wp-content\/uploads\/2024\/02\/A3-STOCK-PAMPLONA-2024twitter3.webp","contentUrl":"https:\/\/www.laguiadepamplona.com\/actualidad\/wp-content\/uploads\/2024\/02\/A3-STOCK-PAMPLONA-2024twitter3.webp","width":1200,"height":681,"caption":"stock pamplona"},{"@type":"BreadcrumbList","@id":"https:\/\/www.laguiadepamplona.com\/actualidad\/la-feria-de-oportunidades-pamplona-stock-2024-ofrece-descuentos-desde-este-jueves-y-hasta-el-sabado-para-dinamizar-el-comercio-local\/#breadcrumb","itemListElement":[{"@type":"ListItem","position":1,"name":"Portada","item":"https:\/\/www.laguiadepamplona.com\/actualidad\/"},{"@type":"ListItem","position":2,"name":"La feria de oportunidades Pamplona Stock 2024 ofrece descuentos desde este jueves y hasta el s\u00e1bado para dinamizar el comercio local"}]},{"@type":"WebSite","@id":"https:\/\/www.laguiadepamplona.com\/actualidad\/#website","url":"https:\/\/www.laguiadepamplona.com\/actualidad\/","name":"La gu\u00eda de Pamplona","description":"Noticias de Pamplona","publisher":{"@id":"https:\/\/www.laguiadepamplona.com\/actualidad\/#organization"},"potentialAction":[{"@type":"SearchAction","target":{"@type":"EntryPoint","urlTemplate":"https:\/\/www.laguiadepamplona.com\/actualidad\/?s={search_term_string}"},"query-input":{"@type":"PropertyValueSpecification","valueRequired":true,"valueName":"search_term_string"}}],"inLanguage":"es"},{"@type":"Organization","@id":"https:\/\/www.laguiadepamplona.com\/actualidad\/#organization","name":"La Gu\u00eda de Pamplona \/ Noticias","url":"https:\/\/www.laguiadepamplona.com\/actualidad\/","logo":{"@type":"ImageObject","inLanguage":"es","@id":"https:\/\/www.laguiadepamplona.com\/actualidad\/#\/schema\/logo\/image\/","url":"https:\/\/www.laguiadepamplona.com\/actualidad\/wp-content\/uploads\/2018\/11\/logo-laguiadepamplona18-web1.png","contentUrl":"https:\/\/www.laguiadepamplona.com\/actualidad\/wp-content\/uploads\/2018\/11\/logo-laguiadepamplona18-web1.png","width":600,"height":196,"caption":"La Gu\u00eda de Pamplona \/ Noticias"},"image":{"@id":"https:\/\/www.laguiadepamplona.com\/actualidad\/#\/schema\/logo\/image\/"},"sameAs":["https:\/\/www.facebook.com\/laguiadepamplonacom-133175176762273\/?ref=hl","https:\/\/x.com\/LaGuiadPamplona","https:\/\/www.instagram.com\/la_guia_de_pamplona\/","https:\/\/www.youtube.com\/user\/laguiadepamplona"]},{"@type":"Person","@id":"https:\/\/www.laguiadepamplona.com\/actualidad\/#\/schema\/person\/efe887376f0213d4657c93adc50b1fdb","name":"La Gu\u00eda de Pamplona","image":{"@type":"ImageObject","inLanguage":"es","@id":"https:\/\/secure.gravatar.com\/avatar\/b6992f131dc8d30ab0dff15446e9d346d9dbd95992de0fef795073f5ea83a81c?s=96&d=mm&r=g","url":"https:\/\/secure.gravatar.com\/avatar\/b6992f131dc8d30ab0dff15446e9d346d9dbd95992de0fef795073f5ea83a81c?s=96&d=mm&r=g","contentUrl":"https:\/\/secure.gravatar.com\/avatar\/b6992f131dc8d30ab0dff15446e9d346d9dbd95992de0fef795073f5ea83a81c?s=96&d=mm&r=g","caption":"La Gu\u00eda de Pamplona"}}]}},"post_mailing_queue_ids":[],"_links":{"self":[{"href":"https:\/\/www.laguiadepamplona.com\/actualidad\/wp-json\/wp\/v2\/posts\/48898","targetHints":{"allow":["GET"]}}],"collection":[{"href":"https:\/\/www.laguiadepamplona.com\/actualidad\/wp-json\/wp\/v2\/posts"}],"about":[{"href":"https:\/\/www.laguiadepamplona.com\/actualidad\/wp-json\/wp\/v2\/types\/post"}],"author":[{"embeddable":true,"href":"https:\/\/www.laguiadepamplona.com\/actualidad\/wp-json\/wp\/v2\/users\/1"}],"replies":[{"embeddable":true,"href":"https:\/\/www.laguiadepamplona.com\/actualidad\/wp-json\/wp\/v2\/comments?post=48898"}],"version-history":[{"count":1,"href":"https:\/\/www.laguiadepamplona.com\/actualidad\/wp-json\/wp\/v2\/posts\/48898\/revisions"}],"predecessor-version":[{"id":48900,"href":"https:\/\/www.laguiadepamplona.com\/actualidad\/wp-json\/wp\/v2\/posts\/48898\/revisions\/48900"}],"wp:featuredmedia":[{"embeddable":true,"href":"https:\/\/www.laguiadepamplona.com\/actualidad\/wp-json\/wp\/v2\/media\/48899"}],"wp:attachment":[{"href":"https:\/\/www.laguiadepamplona.com\/actualidad\/wp-json\/wp\/v2\/media?parent=48898"}],"wp:term":[{"taxonomy":"category","embeddable":true,"href":"https:\/\/www.laguiadepamplona.com\/actualidad\/wp-json\/wp\/v2\/categories?post=48898"},{"taxonomy":"post_tag","embeddable":true,"href":"https:\/\/www.laguiadepamplona.com\/actualidad\/wp-json\/wp\/v2\/tags?post=48898"}],"curies":[{"name":"wp","href":"https:\/\/api.w.org\/{rel}","templated":true}]}}