{"id":48889,"date":"2024-02-28T13:58:33","date_gmt":"2024-02-28T11:58:33","guid":{"rendered":"https:\/\/www.laguiadepamplona.com\/actualidad\/?p=48889"},"modified":"2024-02-28T13:58:33","modified_gmt":"2024-02-28T11:58:33","slug":"policia-municipal-ira-abriendo-vias-y-paseos-a-lo-largo-de-la-manana-y-recuperando-los-aparcamientos-de-la-zona-del-rio-por-la-bajada-de-caudal-del-arga","status":"publish","type":"post","link":"https:\/\/www.laguiadepamplona.com\/actualidad\/policia-municipal-ira-abriendo-vias-y-paseos-a-lo-largo-de-la-manana-y-recuperando-los-aparcamientos-de-la-zona-del-rio-por-la-bajada-de-caudal-del-arga\/","title":{"rendered":"Polic\u00eda Municipal ir\u00e1 abriendo v\u00edas y paseos a lo largo de la ma\u00f1ana, y recuperando los aparcamientos de la zona del r\u00edo, por la bajada de caudal del Arga"},"content":{"rendered":"<h2>El Ayuntamiento mantendr\u00e1 suspendida la zona azul de Rochapea hasta las 16 horas de hoy<\/h2>\n<p><!--more--><\/p>\n<p>El Ayuntamiento de Pamplona ha desactivado el Plan de actuaci\u00f3n ante el riesgo de inundaciones. Dado que el caudal del Arga a su paso por la ciudad, seg\u00fan datos de la Confederaci\u00f3n Hidrogr\u00e1fica del Ebro, ha bajado a 92 metros c\u00fabicos por segundo, y a que las previsiones existentes son favorables, Polic\u00eda Municipal va a ir abriendo los aparcamientos que se cerraron desde el comienzo de la riada: Corralillos, Trinatarios I y Trinitarios II. La zona del Club Nataci\u00f3n \/ albergue de Paderborn, requiere a\u00fan de una limpieza previa para quedar habilitaada. Por ello el Consistorio ha decidido mantener suspendida la zona azul en Rochapea hasta las 16 horas de este mi\u00e9rcoles.<br \/>\n<script async src=\"\/\/pagead2.googlesyndication.com\/pagead\/js\/adsbygoogle.js\"><\/script><br \/>\n<!-- Noticias La Guia de Pamplona --><br \/>\n<ins class=\"adsbygoogle\"\nstyle=\"display:block\"\ndata-ad-client=\"ca-pub-6943679897239327\"\ndata-ad-slot=\"7048180777\"\ndata-ad-format=\"auto\"><\/ins><br \/>\n<script>\n(adsbygoogle = window.adsbygoogle || []).push({});\n<\/script><br \/>\nEn estos momentos a\u00fan se encuentran cortados al tr\u00e1fico rodado y peatonal y en revisi\u00f3n el Camino de Burlada, el Camino de Caparroso, los accesos a la finca de Go\u00f1i y al Club Nataci\u00f3n, as\u00ed como los puentes peatonales de Errotazar a Aranzadi, a la altura de Grupo San Pedro, y el de San Jorge hacia Trinitarios. Tambi\u00e9n est\u00e1n cerrados el paso peatonal bajo el puente de Oblatas, el paso peatonal de la calle Sadar que atraviesa por debajo la avenida de Zaragoza, junto al parque Orfe\u00f3n Pamplon\u00e9s, y el tramo del parque Fluvial que discurre entre Curtidores y Vergel. A lo largo de la ma\u00f1ana Polic\u00eda Municipal ir\u00e1 reabriendo espacios y trayectos y retirando los elementos de seguridad colocados en las \u00faltimas horas.<\/p>\n","protected":false},"excerpt":{"rendered":"<p>El Ayuntamiento mantendr\u00e1 suspendida la zona azul de Rochapea hasta las 16 horas de hoy<\/p>\n","protected":false},"author":1,"featured_media":48890,"comment_status":"open","ping_status":"closed","sticky":false,"template":"","format":"standard","meta":{"footnotes":""},"categories":[2],"tags":[],"class_list":["post-48889","post","type-post","status-publish","format-standard","has-post-thumbnail","hentry","category-ayuntamiento-pamplona"],"yoast_head":"<!-- This site is optimized with the Yoast SEO plugin v27.3 - https:\/\/yoast.com\/product\/yoast-seo-wordpress\/ -->\n<title>Polic\u00eda Municipal ir\u00e1 abriendo v\u00edas y paseos a lo largo de la ma\u00f1ana, y recuperando los aparcamientos de la zona del r\u00edo, por la bajada de caudal del Arga<\/title>\n<meta name=\"description\" content=\"El Ayuntamiento mantendr\u00e1 suspendida la zona azul de Rochapea hasta las 16 horas de hoy\" \/>\n<meta name=\"robots\" content=\"index, follow, max-snippet:-1, max-image-preview:large, max-video-preview:-1\" \/>\n<link rel=\"canonical\" href=\"https:\/\/www.laguiadepamplona.com\/actualidad\/policia-municipal-ira-abriendo-vias-y-paseos-a-lo-largo-de-la-manana-y-recuperando-los-aparcamientos-de-la-zona-del-rio-por-la-bajada-de-caudal-del-arga\/\" \/>\n<meta property=\"og:locale\" content=\"es_ES\" \/>\n<meta property=\"og:type\" content=\"article\" \/>\n<meta property=\"og:title\" content=\"Polic\u00eda Municipal ir\u00e1 abriendo v\u00edas y paseos a lo largo de la ma\u00f1ana, y recuperando los aparcamientos de la zona del r\u00edo, por la bajada de caudal del Arga\" \/>\n<meta property=\"og:description\" content=\"El Ayuntamiento mantendr\u00e1 suspendida la zona azul de Rochapea hasta las 16 horas de hoy\" \/>\n<meta property=\"og:url\" content=\"https:\/\/www.laguiadepamplona.com\/actualidad\/policia-municipal-ira-abriendo-vias-y-paseos-a-lo-largo-de-la-manana-y-recuperando-los-aparcamientos-de-la-zona-del-rio-por-la-bajada-de-caudal-del-arga\/\" \/>\n<meta property=\"og:site_name\" content=\"La Gu\u00eda de Pamplona\" \/>\n<meta property=\"article:publisher\" content=\"https:\/\/www.facebook.com\/laguiadepamplonacom-133175176762273\/?ref=hl\" \/>\n<meta property=\"article:published_time\" content=\"2024-02-28T11:58:33+00:00\" \/>\n<meta property=\"og:image\" content=\"https:\/\/www.laguiadepamplona.com\/actualidad\/wp-content\/uploads\/2024\/02\/Situacion-aparcamiento-corralillos.webp\" \/>\n\t<meta property=\"og:image:width\" content=\"1200\" \/>\n\t<meta property=\"og:image:height\" content=\"553\" \/>\n\t<meta property=\"og:image:type\" content=\"image\/webp\" \/>\n<meta name=\"author\" content=\"La Gu\u00eda de Pamplona\" \/>\n<meta name=\"twitter:card\" content=\"summary_large_image\" \/>\n<meta name=\"twitter:creator\" content=\"@LaGuiadPamplona\" \/>\n<meta name=\"twitter:site\" content=\"@LaGuiadPamplona\" \/>\n<meta name=\"twitter:label1\" content=\"Escrito por\" \/>\n\t<meta name=\"twitter:data1\" content=\"La Gu\u00eda de Pamplona\" \/>\n\t<meta name=\"twitter:label2\" content=\"Tiempo de lectura\" \/>\n\t<meta name=\"twitter:data2\" content=\"2 minutos\" \/>\n<script type=\"application\/ld+json\" class=\"yoast-schema-graph\">{\"@context\":\"https:\\\/\\\/schema.org\",\"@graph\":[{\"@type\":\"Article\",\"@id\":\"https:\\\/\\\/www.laguiadepamplona.com\\\/actualidad\\\/policia-municipal-ira-abriendo-vias-y-paseos-a-lo-largo-de-la-manana-y-recuperando-los-aparcamientos-de-la-zona-del-rio-por-la-bajada-de-caudal-del-arga\\\/#article\",\"isPartOf\":{\"@id\":\"https:\\\/\\\/www.laguiadepamplona.com\\\/actualidad\\\/policia-municipal-ira-abriendo-vias-y-paseos-a-lo-largo-de-la-manana-y-recuperando-los-aparcamientos-de-la-zona-del-rio-por-la-bajada-de-caudal-del-arga\\\/\"},\"author\":{\"name\":\"La Gu\u00eda de Pamplona\",\"@id\":\"https:\\\/\\\/www.laguiadepamplona.com\\\/actualidad\\\/#\\\/schema\\\/person\\\/efe887376f0213d4657c93adc50b1fdb\"},\"headline\":\"Polic\u00eda Municipal ir\u00e1 abriendo v\u00edas y paseos a lo largo de la ma\u00f1ana, y recuperando los aparcamientos de la zona del r\u00edo, por la bajada de caudal del Arga\",\"datePublished\":\"2024-02-28T11:58:33+00:00\",\"mainEntityOfPage\":{\"@id\":\"https:\\\/\\\/www.laguiadepamplona.com\\\/actualidad\\\/policia-municipal-ira-abriendo-vias-y-paseos-a-lo-largo-de-la-manana-y-recuperando-los-aparcamientos-de-la-zona-del-rio-por-la-bajada-de-caudal-del-arga\\\/\"},\"wordCount\":300,\"commentCount\":0,\"publisher\":{\"@id\":\"https:\\\/\\\/www.laguiadepamplona.com\\\/actualidad\\\/#organization\"},\"image\":{\"@id\":\"https:\\\/\\\/www.laguiadepamplona.com\\\/actualidad\\\/policia-municipal-ira-abriendo-vias-y-paseos-a-lo-largo-de-la-manana-y-recuperando-los-aparcamientos-de-la-zona-del-rio-por-la-bajada-de-caudal-del-arga\\\/#primaryimage\"},\"thumbnailUrl\":\"https:\\\/\\\/www.laguiadepamplona.com\\\/actualidad\\\/wp-content\\\/uploads\\\/2024\\\/02\\\/Situacion-aparcamiento-corralillos.webp\",\"articleSection\":[\"Ayto Pamplona\"],\"inLanguage\":\"es\",\"potentialAction\":[{\"@type\":\"CommentAction\",\"name\":\"Comment\",\"target\":[\"https:\\\/\\\/www.laguiadepamplona.com\\\/actualidad\\\/policia-municipal-ira-abriendo-vias-y-paseos-a-lo-largo-de-la-manana-y-recuperando-los-aparcamientos-de-la-zona-del-rio-por-la-bajada-de-caudal-del-arga\\\/#respond\"]}]},{\"@type\":\"WebPage\",\"@id\":\"https:\\\/\\\/www.laguiadepamplona.com\\\/actualidad\\\/policia-municipal-ira-abriendo-vias-y-paseos-a-lo-largo-de-la-manana-y-recuperando-los-aparcamientos-de-la-zona-del-rio-por-la-bajada-de-caudal-del-arga\\\/\",\"url\":\"https:\\\/\\\/www.laguiadepamplona.com\\\/actualidad\\\/policia-municipal-ira-abriendo-vias-y-paseos-a-lo-largo-de-la-manana-y-recuperando-los-aparcamientos-de-la-zona-del-rio-por-la-bajada-de-caudal-del-arga\\\/\",\"name\":\"Polic\u00eda Municipal ir\u00e1 abriendo v\u00edas y paseos a lo largo de la ma\u00f1ana, y recuperando los aparcamientos de la zona del r\u00edo, por la bajada de caudal del Arga\",\"isPartOf\":{\"@id\":\"https:\\\/\\\/www.laguiadepamplona.com\\\/actualidad\\\/#website\"},\"primaryImageOfPage\":{\"@id\":\"https:\\\/\\\/www.laguiadepamplona.com\\\/actualidad\\\/policia-municipal-ira-abriendo-vias-y-paseos-a-lo-largo-de-la-manana-y-recuperando-los-aparcamientos-de-la-zona-del-rio-por-la-bajada-de-caudal-del-arga\\\/#primaryimage\"},\"image\":{\"@id\":\"https:\\\/\\\/www.laguiadepamplona.com\\\/actualidad\\\/policia-municipal-ira-abriendo-vias-y-paseos-a-lo-largo-de-la-manana-y-recuperando-los-aparcamientos-de-la-zona-del-rio-por-la-bajada-de-caudal-del-arga\\\/#primaryimage\"},\"thumbnailUrl\":\"https:\\\/\\\/www.laguiadepamplona.com\\\/actualidad\\\/wp-content\\\/uploads\\\/2024\\\/02\\\/Situacion-aparcamiento-corralillos.webp\",\"datePublished\":\"2024-02-28T11:58:33+00:00\",\"description\":\"El Ayuntamiento mantendr\u00e1 suspendida la zona azul de Rochapea hasta las 16 horas de hoy\",\"breadcrumb\":{\"@id\":\"https:\\\/\\\/www.laguiadepamplona.com\\\/actualidad\\\/policia-municipal-ira-abriendo-vias-y-paseos-a-lo-largo-de-la-manana-y-recuperando-los-aparcamientos-de-la-zona-del-rio-por-la-bajada-de-caudal-del-arga\\\/#breadcrumb\"},\"inLanguage\":\"es\",\"potentialAction\":[{\"@type\":\"ReadAction\",\"target\":[\"https:\\\/\\\/www.laguiadepamplona.com\\\/actualidad\\\/policia-municipal-ira-abriendo-vias-y-paseos-a-lo-largo-de-la-manana-y-recuperando-los-aparcamientos-de-la-zona-del-rio-por-la-bajada-de-caudal-del-arga\\\/\"]}]},{\"@type\":\"ImageObject\",\"inLanguage\":\"es\",\"@id\":\"https:\\\/\\\/www.laguiadepamplona.com\\\/actualidad\\\/policia-municipal-ira-abriendo-vias-y-paseos-a-lo-largo-de-la-manana-y-recuperando-los-aparcamientos-de-la-zona-del-rio-por-la-bajada-de-caudal-del-arga\\\/#primaryimage\",\"url\":\"https:\\\/\\\/www.laguiadepamplona.com\\\/actualidad\\\/wp-content\\\/uploads\\\/2024\\\/02\\\/Situacion-aparcamiento-corralillos.webp\",\"contentUrl\":\"https:\\\/\\\/www.laguiadepamplona.com\\\/actualidad\\\/wp-content\\\/uploads\\\/2024\\\/02\\\/Situacion-aparcamiento-corralillos.webp\",\"width\":1200,\"height\":553,\"caption\":\"situaci\u00f3n aparcamiento corralillos\"},{\"@type\":\"BreadcrumbList\",\"@id\":\"https:\\\/\\\/www.laguiadepamplona.com\\\/actualidad\\\/policia-municipal-ira-abriendo-vias-y-paseos-a-lo-largo-de-la-manana-y-recuperando-los-aparcamientos-de-la-zona-del-rio-por-la-bajada-de-caudal-del-arga\\\/#breadcrumb\",\"itemListElement\":[{\"@type\":\"ListItem\",\"position\":1,\"name\":\"Portada\",\"item\":\"https:\\\/\\\/www.laguiadepamplona.com\\\/actualidad\\\/\"},{\"@type\":\"ListItem\",\"position\":2,\"name\":\"Polic\u00eda Municipal ir\u00e1 abriendo v\u00edas y paseos a lo largo de la ma\u00f1ana, y recuperando los aparcamientos de la zona del r\u00edo, por la bajada de caudal del Arga\"}]},{\"@type\":\"WebSite\",\"@id\":\"https:\\\/\\\/www.laguiadepamplona.com\\\/actualidad\\\/#website\",\"url\":\"https:\\\/\\\/www.laguiadepamplona.com\\\/actualidad\\\/\",\"name\":\"La gu\u00eda de Pamplona\",\"description\":\"Noticias de Pamplona\",\"publisher\":{\"@id\":\"https:\\\/\\\/www.laguiadepamplona.com\\\/actualidad\\\/#organization\"},\"potentialAction\":[{\"@type\":\"SearchAction\",\"target\":{\"@type\":\"EntryPoint\",\"urlTemplate\":\"https:\\\/\\\/www.laguiadepamplona.com\\\/actualidad\\\/?s={search_term_string}\"},\"query-input\":{\"@type\":\"PropertyValueSpecification\",\"valueRequired\":true,\"valueName\":\"search_term_string\"}}],\"inLanguage\":\"es\"},{\"@type\":\"Organization\",\"@id\":\"https:\\\/\\\/www.laguiadepamplona.com\\\/actualidad\\\/#organization\",\"name\":\"La Gu\u00eda de Pamplona \\\/ Noticias\",\"url\":\"https:\\\/\\\/www.laguiadepamplona.com\\\/actualidad\\\/\",\"logo\":{\"@type\":\"ImageObject\",\"inLanguage\":\"es\",\"@id\":\"https:\\\/\\\/www.laguiadepamplona.com\\\/actualidad\\\/#\\\/schema\\\/logo\\\/image\\\/\",\"url\":\"https:\\\/\\\/www.laguiadepamplona.com\\\/actualidad\\\/wp-content\\\/uploads\\\/2018\\\/11\\\/logo-laguiadepamplona18-web1.png\",\"contentUrl\":\"https:\\\/\\\/www.laguiadepamplona.com\\\/actualidad\\\/wp-content\\\/uploads\\\/2018\\\/11\\\/logo-laguiadepamplona18-web1.png\",\"width\":600,\"height\":196,\"caption\":\"La Gu\u00eda de Pamplona \\\/ Noticias\"},\"image\":{\"@id\":\"https:\\\/\\\/www.laguiadepamplona.com\\\/actualidad\\\/#\\\/schema\\\/logo\\\/image\\\/\"},\"sameAs\":[\"https:\\\/\\\/www.facebook.com\\\/laguiadepamplonacom-133175176762273\\\/?ref=hl\",\"https:\\\/\\\/x.com\\\/LaGuiadPamplona\",\"https:\\\/\\\/www.instagram.com\\\/la_guia_de_pamplona\\\/\",\"https:\\\/\\\/www.youtube.com\\\/user\\\/laguiadepamplona\"]},{\"@type\":\"Person\",\"@id\":\"https:\\\/\\\/www.laguiadepamplona.com\\\/actualidad\\\/#\\\/schema\\\/person\\\/efe887376f0213d4657c93adc50b1fdb\",\"name\":\"La Gu\u00eda de Pamplona\",\"image\":{\"@type\":\"ImageObject\",\"inLanguage\":\"es\",\"@id\":\"https:\\\/\\\/secure.gravatar.com\\\/avatar\\\/b6992f131dc8d30ab0dff15446e9d346d9dbd95992de0fef795073f5ea83a81c?s=96&d=mm&r=g\",\"url\":\"https:\\\/\\\/secure.gravatar.com\\\/avatar\\\/b6992f131dc8d30ab0dff15446e9d346d9dbd95992de0fef795073f5ea83a81c?s=96&d=mm&r=g\",\"contentUrl\":\"https:\\\/\\\/secure.gravatar.com\\\/avatar\\\/b6992f131dc8d30ab0dff15446e9d346d9dbd95992de0fef795073f5ea83a81c?s=96&d=mm&r=g\",\"caption\":\"La Gu\u00eda de Pamplona\"}}]}<\/script>\n<!-- \/ Yoast SEO plugin. -->","yoast_head_json":{"title":"Polic\u00eda Municipal ir\u00e1 abriendo v\u00edas y paseos a lo largo de la ma\u00f1ana, y recuperando los aparcamientos de la zona del r\u00edo, por la bajada de caudal del Arga","description":"El Ayuntamiento mantendr\u00e1 suspendida la zona azul de Rochapea hasta las 16 horas de hoy","robots":{"index":"index","follow":"follow","max-snippet":"max-snippet:-1","max-image-preview":"max-image-preview:large","max-video-preview":"max-video-preview:-1"},"canonical":"https:\/\/www.laguiadepamplona.com\/actualidad\/policia-municipal-ira-abriendo-vias-y-paseos-a-lo-largo-de-la-manana-y-recuperando-los-aparcamientos-de-la-zona-del-rio-por-la-bajada-de-caudal-del-arga\/","og_locale":"es_ES","og_type":"article","og_title":"Polic\u00eda Municipal ir\u00e1 abriendo v\u00edas y paseos a lo largo de la ma\u00f1ana, y recuperando los aparcamientos de la zona del r\u00edo, por la bajada de caudal del Arga","og_description":"El Ayuntamiento mantendr\u00e1 suspendida la zona azul de Rochapea hasta las 16 horas de hoy","og_url":"https:\/\/www.laguiadepamplona.com\/actualidad\/policia-municipal-ira-abriendo-vias-y-paseos-a-lo-largo-de-la-manana-y-recuperando-los-aparcamientos-de-la-zona-del-rio-por-la-bajada-de-caudal-del-arga\/","og_site_name":"La Gu\u00eda de Pamplona","article_publisher":"https:\/\/www.facebook.com\/laguiadepamplonacom-133175176762273\/?ref=hl","article_published_time":"2024-02-28T11:58:33+00:00","og_image":[{"width":1200,"height":553,"url":"https:\/\/www.laguiadepamplona.com\/actualidad\/wp-content\/uploads\/2024\/02\/Situacion-aparcamiento-corralillos.webp","type":"image\/webp"}],"author":"La Gu\u00eda de Pamplona","twitter_card":"summary_large_image","twitter_creator":"@LaGuiadPamplona","twitter_site":"@LaGuiadPamplona","twitter_misc":{"Escrito por":"La Gu\u00eda de Pamplona","Tiempo de lectura":"2 minutos"},"schema":{"@context":"https:\/\/schema.org","@graph":[{"@type":"Article","@id":"https:\/\/www.laguiadepamplona.com\/actualidad\/policia-municipal-ira-abriendo-vias-y-paseos-a-lo-largo-de-la-manana-y-recuperando-los-aparcamientos-de-la-zona-del-rio-por-la-bajada-de-caudal-del-arga\/#article","isPartOf":{"@id":"https:\/\/www.laguiadepamplona.com\/actualidad\/policia-municipal-ira-abriendo-vias-y-paseos-a-lo-largo-de-la-manana-y-recuperando-los-aparcamientos-de-la-zona-del-rio-por-la-bajada-de-caudal-del-arga\/"},"author":{"name":"La Gu\u00eda de Pamplona","@id":"https:\/\/www.laguiadepamplona.com\/actualidad\/#\/schema\/person\/efe887376f0213d4657c93adc50b1fdb"},"headline":"Polic\u00eda Municipal ir\u00e1 abriendo v\u00edas y paseos a lo largo de la ma\u00f1ana, y recuperando los aparcamientos de la zona del r\u00edo, por la bajada de caudal del Arga","datePublished":"2024-02-28T11:58:33+00:00","mainEntityOfPage":{"@id":"https:\/\/www.laguiadepamplona.com\/actualidad\/policia-municipal-ira-abriendo-vias-y-paseos-a-lo-largo-de-la-manana-y-recuperando-los-aparcamientos-de-la-zona-del-rio-por-la-bajada-de-caudal-del-arga\/"},"wordCount":300,"commentCount":0,"publisher":{"@id":"https:\/\/www.laguiadepamplona.com\/actualidad\/#organization"},"image":{"@id":"https:\/\/www.laguiadepamplona.com\/actualidad\/policia-municipal-ira-abriendo-vias-y-paseos-a-lo-largo-de-la-manana-y-recuperando-los-aparcamientos-de-la-zona-del-rio-por-la-bajada-de-caudal-del-arga\/#primaryimage"},"thumbnailUrl":"https:\/\/www.laguiadepamplona.com\/actualidad\/wp-content\/uploads\/2024\/02\/Situacion-aparcamiento-corralillos.webp","articleSection":["Ayto Pamplona"],"inLanguage":"es","potentialAction":[{"@type":"CommentAction","name":"Comment","target":["https:\/\/www.laguiadepamplona.com\/actualidad\/policia-municipal-ira-abriendo-vias-y-paseos-a-lo-largo-de-la-manana-y-recuperando-los-aparcamientos-de-la-zona-del-rio-por-la-bajada-de-caudal-del-arga\/#respond"]}]},{"@type":"WebPage","@id":"https:\/\/www.laguiadepamplona.com\/actualidad\/policia-municipal-ira-abriendo-vias-y-paseos-a-lo-largo-de-la-manana-y-recuperando-los-aparcamientos-de-la-zona-del-rio-por-la-bajada-de-caudal-del-arga\/","url":"https:\/\/www.laguiadepamplona.com\/actualidad\/policia-municipal-ira-abriendo-vias-y-paseos-a-lo-largo-de-la-manana-y-recuperando-los-aparcamientos-de-la-zona-del-rio-por-la-bajada-de-caudal-del-arga\/","name":"Polic\u00eda Municipal ir\u00e1 abriendo v\u00edas y paseos a lo largo de la ma\u00f1ana, y recuperando los aparcamientos de la zona del r\u00edo, por la bajada de caudal del Arga","isPartOf":{"@id":"https:\/\/www.laguiadepamplona.com\/actualidad\/#website"},"primaryImageOfPage":{"@id":"https:\/\/www.laguiadepamplona.com\/actualidad\/policia-municipal-ira-abriendo-vias-y-paseos-a-lo-largo-de-la-manana-y-recuperando-los-aparcamientos-de-la-zona-del-rio-por-la-bajada-de-caudal-del-arga\/#primaryimage"},"image":{"@id":"https:\/\/www.laguiadepamplona.com\/actualidad\/policia-municipal-ira-abriendo-vias-y-paseos-a-lo-largo-de-la-manana-y-recuperando-los-aparcamientos-de-la-zona-del-rio-por-la-bajada-de-caudal-del-arga\/#primaryimage"},"thumbnailUrl":"https:\/\/www.laguiadepamplona.com\/actualidad\/wp-content\/uploads\/2024\/02\/Situacion-aparcamiento-corralillos.webp","datePublished":"2024-02-28T11:58:33+00:00","description":"El Ayuntamiento mantendr\u00e1 suspendida la zona azul de Rochapea hasta las 16 horas de hoy","breadcrumb":{"@id":"https:\/\/www.laguiadepamplona.com\/actualidad\/policia-municipal-ira-abriendo-vias-y-paseos-a-lo-largo-de-la-manana-y-recuperando-los-aparcamientos-de-la-zona-del-rio-por-la-bajada-de-caudal-del-arga\/#breadcrumb"},"inLanguage":"es","potentialAction":[{"@type":"ReadAction","target":["https:\/\/www.laguiadepamplona.com\/actualidad\/policia-municipal-ira-abriendo-vias-y-paseos-a-lo-largo-de-la-manana-y-recuperando-los-aparcamientos-de-la-zona-del-rio-por-la-bajada-de-caudal-del-arga\/"]}]},{"@type":"ImageObject","inLanguage":"es","@id":"https:\/\/www.laguiadepamplona.com\/actualidad\/policia-municipal-ira-abriendo-vias-y-paseos-a-lo-largo-de-la-manana-y-recuperando-los-aparcamientos-de-la-zona-del-rio-por-la-bajada-de-caudal-del-arga\/#primaryimage","url":"https:\/\/www.laguiadepamplona.com\/actualidad\/wp-content\/uploads\/2024\/02\/Situacion-aparcamiento-corralillos.webp","contentUrl":"https:\/\/www.laguiadepamplona.com\/actualidad\/wp-content\/uploads\/2024\/02\/Situacion-aparcamiento-corralillos.webp","width":1200,"height":553,"caption":"situaci\u00f3n aparcamiento corralillos"},{"@type":"BreadcrumbList","@id":"https:\/\/www.laguiadepamplona.com\/actualidad\/policia-municipal-ira-abriendo-vias-y-paseos-a-lo-largo-de-la-manana-y-recuperando-los-aparcamientos-de-la-zona-del-rio-por-la-bajada-de-caudal-del-arga\/#breadcrumb","itemListElement":[{"@type":"ListItem","position":1,"name":"Portada","item":"https:\/\/www.laguiadepamplona.com\/actualidad\/"},{"@type":"ListItem","position":2,"name":"Polic\u00eda Municipal ir\u00e1 abriendo v\u00edas y paseos a lo largo de la ma\u00f1ana, y recuperando los aparcamientos de la zona del r\u00edo, por la bajada de caudal del Arga"}]},{"@type":"WebSite","@id":"https:\/\/www.laguiadepamplona.com\/actualidad\/#website","url":"https:\/\/www.laguiadepamplona.com\/actualidad\/","name":"La gu\u00eda de Pamplona","description":"Noticias de Pamplona","publisher":{"@id":"https:\/\/www.laguiadepamplona.com\/actualidad\/#organization"},"potentialAction":[{"@type":"SearchAction","target":{"@type":"EntryPoint","urlTemplate":"https:\/\/www.laguiadepamplona.com\/actualidad\/?s={search_term_string}"},"query-input":{"@type":"PropertyValueSpecification","valueRequired":true,"valueName":"search_term_string"}}],"inLanguage":"es"},{"@type":"Organization","@id":"https:\/\/www.laguiadepamplona.com\/actualidad\/#organization","name":"La Gu\u00eda de Pamplona \/ Noticias","url":"https:\/\/www.laguiadepamplona.com\/actualidad\/","logo":{"@type":"ImageObject","inLanguage":"es","@id":"https:\/\/www.laguiadepamplona.com\/actualidad\/#\/schema\/logo\/image\/","url":"https:\/\/www.laguiadepamplona.com\/actualidad\/wp-content\/uploads\/2018\/11\/logo-laguiadepamplona18-web1.png","contentUrl":"https:\/\/www.laguiadepamplona.com\/actualidad\/wp-content\/uploads\/2018\/11\/logo-laguiadepamplona18-web1.png","width":600,"height":196,"caption":"La Gu\u00eda de Pamplona \/ Noticias"},"image":{"@id":"https:\/\/www.laguiadepamplona.com\/actualidad\/#\/schema\/logo\/image\/"},"sameAs":["https:\/\/www.facebook.com\/laguiadepamplonacom-133175176762273\/?ref=hl","https:\/\/x.com\/LaGuiadPamplona","https:\/\/www.instagram.com\/la_guia_de_pamplona\/","https:\/\/www.youtube.com\/user\/laguiadepamplona"]},{"@type":"Person","@id":"https:\/\/www.laguiadepamplona.com\/actualidad\/#\/schema\/person\/efe887376f0213d4657c93adc50b1fdb","name":"La Gu\u00eda de Pamplona","image":{"@type":"ImageObject","inLanguage":"es","@id":"https:\/\/secure.gravatar.com\/avatar\/b6992f131dc8d30ab0dff15446e9d346d9dbd95992de0fef795073f5ea83a81c?s=96&d=mm&r=g","url":"https:\/\/secure.gravatar.com\/avatar\/b6992f131dc8d30ab0dff15446e9d346d9dbd95992de0fef795073f5ea83a81c?s=96&d=mm&r=g","contentUrl":"https:\/\/secure.gravatar.com\/avatar\/b6992f131dc8d30ab0dff15446e9d346d9dbd95992de0fef795073f5ea83a81c?s=96&d=mm&r=g","caption":"La Gu\u00eda de Pamplona"}}]}},"post_mailing_queue_ids":[],"_links":{"self":[{"href":"https:\/\/www.laguiadepamplona.com\/actualidad\/wp-json\/wp\/v2\/posts\/48889","targetHints":{"allow":["GET"]}}],"collection":[{"href":"https:\/\/www.laguiadepamplona.com\/actualidad\/wp-json\/wp\/v2\/posts"}],"about":[{"href":"https:\/\/www.laguiadepamplona.com\/actualidad\/wp-json\/wp\/v2\/types\/post"}],"author":[{"embeddable":true,"href":"https:\/\/www.laguiadepamplona.com\/actualidad\/wp-json\/wp\/v2\/users\/1"}],"replies":[{"embeddable":true,"href":"https:\/\/www.laguiadepamplona.com\/actualidad\/wp-json\/wp\/v2\/comments?post=48889"}],"version-history":[{"count":1,"href":"https:\/\/www.laguiadepamplona.com\/actualidad\/wp-json\/wp\/v2\/posts\/48889\/revisions"}],"predecessor-version":[{"id":48891,"href":"https:\/\/www.laguiadepamplona.com\/actualidad\/wp-json\/wp\/v2\/posts\/48889\/revisions\/48891"}],"wp:featuredmedia":[{"embeddable":true,"href":"https:\/\/www.laguiadepamplona.com\/actualidad\/wp-json\/wp\/v2\/media\/48890"}],"wp:attachment":[{"href":"https:\/\/www.laguiadepamplona.com\/actualidad\/wp-json\/wp\/v2\/media?parent=48889"}],"wp:term":[{"taxonomy":"category","embeddable":true,"href":"https:\/\/www.laguiadepamplona.com\/actualidad\/wp-json\/wp\/v2\/categories?post=48889"},{"taxonomy":"post_tag","embeddable":true,"href":"https:\/\/www.laguiadepamplona.com\/actualidad\/wp-json\/wp\/v2\/tags?post=48889"}],"curies":[{"name":"wp","href":"https:\/\/api.w.org\/{rel}","templated":true}]}}