{"id":48848,"date":"2024-02-23T18:11:46","date_gmt":"2024-02-23T16:11:46","guid":{"rendered":"https:\/\/www.laguiadepamplona.com\/actualidad\/?p=48848"},"modified":"2024-02-23T18:11:46","modified_gmt":"2024-02-23T16:11:46","slug":"seguridad-y-convivencia-e-igualdad-accion-comunitaria-y-barrios-mejoraran-la-coordinacion-para-prevenir-la-violencia-contra-las-mujeres-la-lgtbifobia-el-racismo-y-el-suicidio","status":"publish","type":"post","link":"https:\/\/www.laguiadepamplona.com\/actualidad\/seguridad-y-convivencia-e-igualdad-accion-comunitaria-y-barrios-mejoraran-la-coordinacion-para-prevenir-la-violencia-contra-las-mujeres-la-lgtbifobia-el-racismo-y-el-suicidio\/","title":{"rendered":"Seguridad y Convivencia e Igualdad, Acci\u00f3n comunitaria y Barrios mejorar\u00e1n la coordinaci\u00f3n para prevenir la violencia contra las mujeres, la LGTBifobia, el racismo y el suicidio"},"content":{"rendered":"<h2>Equipos de ambas \u00e1reas se re\u00fanen para fijar criterios, reforzar el car\u00e1cter comunitario de Polic\u00eda Municipal y poner en valor la multiculturalidad de la ciudad<\/h2>\n<p><!--more--><\/p>\n<p>Las \u00e1reas de Igualdad, Acci\u00f3n Comunitaria y Barrios y la de Seguridad y Convivencia Ciudadana han abierto un espacio conjunto para mejorar la coordinaci\u00f3n a efectos de implementar un sistema fluido de trabajo con dos objetivos claros: subrayar el car\u00e1cter comunitario de Polic\u00eda Municipal y reforzar el compromiso mutuo con la transversalidad de conceptos como g\u00e9nero, diversidad cultural, diversidad sexual y cuidados comunitarios. En ese sentido y tras la primera reuni\u00f3n bilateral celebrada ayer, se han planteado como compromisos la inclusi\u00f3n de Polic\u00eda Municipal en distintos foros sectoriales, la planificaci\u00f3n de formaci\u00f3n espec\u00edfica y el impulso del modelo de prevenci\u00f3n.<br \/>\n<script async src=\"\/\/pagead2.googlesyndication.com\/pagead\/js\/adsbygoogle.js\"><\/script><br \/>\n<!-- Noticias La Guia de Pamplona --><br \/>\n<ins class=\"adsbygoogle\"\nstyle=\"display:block\"\ndata-ad-client=\"ca-pub-6943679897239327\"\ndata-ad-slot=\"7048180777\"\ndata-ad-format=\"auto\"><\/ins><br \/>\n<script>\n(adsbygoogle = window.adsbygoogle || []).push({});\n<\/script><br \/>\nPor un lado, en lo relativo a la igualdad, Polic\u00eda Municipal se coordinar\u00e1 de forma continuada con el grupo permanente de violencia contra las mujeres, espacio creado desde el Consejo Municipal de las Mujeres. Muy vinculada a este trabajo contra las violencias est\u00e1 la estrategia municipal espec\u00edfica contra las agresiones sexistas en Sanfermines y otros espacios de ocio, como las fiestas de los barrios. La Ordenanza de Igualdad recoge el derecho de todas las personas del municipio a disfrutar de la fiesta, un objetivo que debe permear el trabajo de Polic\u00eda Municipal por lo que para quienes la integran se programar\u00e1 un sistema de formaci\u00f3n en igualdad.<\/p>\n<p>En relaci\u00f3n a la realidad LGTBI, en estos momentos est\u00e1 abierto un procedimiento de participaci\u00f3n para configurar el I Plan Municipal de Diversidad Sexual y de Genero e Igualdad LGTBI+. En la reuni\u00f3n se ha remarcado la necesidad de que Polic\u00eda Municipal conozca y aplique el Protocolo actual contra la LGTBifobia del Ayuntamiento. Para ello trabajar\u00e1 en coordinaci\u00f3n con el Observatorio contra la LGTBFbia.<br \/>\n<script async src=\"\/\/pagead2.googlesyndication.com\/pagead\/js\/adsbygoogle.js\"><\/script><br \/>\n<!-- Noticias La Guia de Pamplona --><br \/>\n<ins class=\"adsbygoogle\"\nstyle=\"display:block\"\ndata-ad-client=\"ca-pub-6943679897239327\"\ndata-ad-slot=\"7048180777\"\ndata-ad-format=\"auto\"><\/ins><br \/>\n<script>\n(adsbygoogle = window.adsbygoogle || []).push({});\n<\/script><br \/>\nEn relaci\u00f3n con el reconocimiento de la diversidad en nuestra ciudad, en la reuni\u00f3n se ha abordado la necesidad de que se preserve la multiculturalidad de Pamplona y la ciudad se implique desde todos sus servicios en el antirracismo. En ese sentido, Polic\u00eda Municipal recibir\u00e1 formaci\u00f3n en diversidad cultural y tendr\u00e1 un espacio de participaci\u00f3n dentro del Foro de Diversidad del Ayuntamiento.<\/p>\n<p>Finalmente, dentro del \u00e1mbito de los cuidados comunitarios, el cuerpo se implicar\u00e1 en la prevenci\u00f3n del suicidio, tanto desde la necesaria formaci\u00f3n, como participando en el espacio de trabajo municipal en este \u00e1mbito.<\/p>\n","protected":false},"excerpt":{"rendered":"<p>Equipos de ambas \u00e1reas se re\u00fanen para fijar criterios, reforzar el car\u00e1cter comunitario de Polic\u00eda Municipal y poner en valor la multiculturalidad de la ciudad<\/p>\n","protected":false},"author":1,"featured_media":48849,"comment_status":"open","ping_status":"closed","sticky":false,"template":"","format":"standard","meta":{"footnotes":""},"categories":[2],"tags":[],"class_list":["post-48848","post","type-post","status-publish","format-standard","has-post-thumbnail","hentry","category-ayuntamiento-pamplona"],"yoast_head":"<!-- This site is optimized with the Yoast SEO plugin v27.3 - https:\/\/yoast.com\/product\/yoast-seo-wordpress\/ -->\n<title>Seguridad y Convivencia e Igualdad, Acci\u00f3n comunitaria y Barrios mejorar\u00e1n la coordinaci\u00f3n para prevenir la violencia contra las mujeres, la LGTBifobia, el racismo y el suicidio<\/title>\n<meta name=\"description\" content=\"Equipos de ambas \u00e1reas se re\u00fanen para fijar criterios, reforzar el car\u00e1cter comunitario de Polic\u00eda Municipal y poner en valor la multiculturalidad de la ciudad\" \/>\n<meta name=\"robots\" content=\"index, follow, max-snippet:-1, max-image-preview:large, max-video-preview:-1\" \/>\n<link rel=\"canonical\" href=\"https:\/\/www.laguiadepamplona.com\/actualidad\/seguridad-y-convivencia-e-igualdad-accion-comunitaria-y-barrios-mejoraran-la-coordinacion-para-prevenir-la-violencia-contra-las-mujeres-la-lgtbifobia-el-racismo-y-el-suicidio\/\" \/>\n<meta property=\"og:locale\" content=\"es_ES\" \/>\n<meta property=\"og:type\" content=\"article\" \/>\n<meta property=\"og:title\" content=\"Seguridad y Convivencia e Igualdad, Acci\u00f3n comunitaria y Barrios mejorar\u00e1n la coordinaci\u00f3n para prevenir la violencia contra las mujeres, la LGTBifobia, el racismo y el suicidio\" \/>\n<meta property=\"og:description\" content=\"Equipos de ambas \u00e1reas se re\u00fanen para fijar criterios, reforzar el car\u00e1cter comunitario de Polic\u00eda Municipal y poner en valor la multiculturalidad de la ciudad\" \/>\n<meta property=\"og:url\" content=\"https:\/\/www.laguiadepamplona.com\/actualidad\/seguridad-y-convivencia-e-igualdad-accion-comunitaria-y-barrios-mejoraran-la-coordinacion-para-prevenir-la-violencia-contra-las-mujeres-la-lgtbifobia-el-racismo-y-el-suicidio\/\" \/>\n<meta property=\"og:site_name\" content=\"La Gu\u00eda de Pamplona\" \/>\n<meta property=\"article:publisher\" content=\"https:\/\/www.facebook.com\/laguiadepamplonacom-133175176762273\/?ref=hl\" \/>\n<meta property=\"article:published_time\" content=\"2024-02-23T16:11:46+00:00\" \/>\n<meta property=\"og:image\" content=\"https:\/\/www.laguiadepamplona.com\/actualidad\/wp-content\/uploads\/2024\/02\/policia-municipal.webp\" \/>\n\t<meta property=\"og:image:width\" content=\"1200\" \/>\n\t<meta property=\"og:image:height\" content=\"800\" \/>\n\t<meta property=\"og:image:type\" content=\"image\/webp\" \/>\n<meta name=\"author\" content=\"La Gu\u00eda de Pamplona\" \/>\n<meta name=\"twitter:card\" content=\"summary_large_image\" \/>\n<meta name=\"twitter:creator\" content=\"@LaGuiadPamplona\" \/>\n<meta name=\"twitter:site\" content=\"@LaGuiadPamplona\" \/>\n<meta name=\"twitter:label1\" content=\"Escrito por\" \/>\n\t<meta name=\"twitter:data1\" content=\"La Gu\u00eda de Pamplona\" \/>\n\t<meta name=\"twitter:label2\" content=\"Tiempo de lectura\" \/>\n\t<meta name=\"twitter:data2\" content=\"2 minutos\" \/>\n<script type=\"application\/ld+json\" class=\"yoast-schema-graph\">{\"@context\":\"https:\\\/\\\/schema.org\",\"@graph\":[{\"@type\":\"Article\",\"@id\":\"https:\\\/\\\/www.laguiadepamplona.com\\\/actualidad\\\/seguridad-y-convivencia-e-igualdad-accion-comunitaria-y-barrios-mejoraran-la-coordinacion-para-prevenir-la-violencia-contra-las-mujeres-la-lgtbifobia-el-racismo-y-el-suicidio\\\/#article\",\"isPartOf\":{\"@id\":\"https:\\\/\\\/www.laguiadepamplona.com\\\/actualidad\\\/seguridad-y-convivencia-e-igualdad-accion-comunitaria-y-barrios-mejoraran-la-coordinacion-para-prevenir-la-violencia-contra-las-mujeres-la-lgtbifobia-el-racismo-y-el-suicidio\\\/\"},\"author\":{\"name\":\"La Gu\u00eda de Pamplona\",\"@id\":\"https:\\\/\\\/www.laguiadepamplona.com\\\/actualidad\\\/#\\\/schema\\\/person\\\/efe887376f0213d4657c93adc50b1fdb\"},\"headline\":\"Seguridad y Convivencia e Igualdad, Acci\u00f3n comunitaria y Barrios mejorar\u00e1n la coordinaci\u00f3n para prevenir la violencia contra las mujeres, la LGTBifobia, el racismo y el suicidio\",\"datePublished\":\"2024-02-23T16:11:46+00:00\",\"mainEntityOfPage\":{\"@id\":\"https:\\\/\\\/www.laguiadepamplona.com\\\/actualidad\\\/seguridad-y-convivencia-e-igualdad-accion-comunitaria-y-barrios-mejoraran-la-coordinacion-para-prevenir-la-violencia-contra-las-mujeres-la-lgtbifobia-el-racismo-y-el-suicidio\\\/\"},\"wordCount\":451,\"commentCount\":0,\"publisher\":{\"@id\":\"https:\\\/\\\/www.laguiadepamplona.com\\\/actualidad\\\/#organization\"},\"image\":{\"@id\":\"https:\\\/\\\/www.laguiadepamplona.com\\\/actualidad\\\/seguridad-y-convivencia-e-igualdad-accion-comunitaria-y-barrios-mejoraran-la-coordinacion-para-prevenir-la-violencia-contra-las-mujeres-la-lgtbifobia-el-racismo-y-el-suicidio\\\/#primaryimage\"},\"thumbnailUrl\":\"https:\\\/\\\/www.laguiadepamplona.com\\\/actualidad\\\/wp-content\\\/uploads\\\/2024\\\/02\\\/policia-municipal.webp\",\"articleSection\":[\"Ayto Pamplona\"],\"inLanguage\":\"es\",\"potentialAction\":[{\"@type\":\"CommentAction\",\"name\":\"Comment\",\"target\":[\"https:\\\/\\\/www.laguiadepamplona.com\\\/actualidad\\\/seguridad-y-convivencia-e-igualdad-accion-comunitaria-y-barrios-mejoraran-la-coordinacion-para-prevenir-la-violencia-contra-las-mujeres-la-lgtbifobia-el-racismo-y-el-suicidio\\\/#respond\"]}]},{\"@type\":\"WebPage\",\"@id\":\"https:\\\/\\\/www.laguiadepamplona.com\\\/actualidad\\\/seguridad-y-convivencia-e-igualdad-accion-comunitaria-y-barrios-mejoraran-la-coordinacion-para-prevenir-la-violencia-contra-las-mujeres-la-lgtbifobia-el-racismo-y-el-suicidio\\\/\",\"url\":\"https:\\\/\\\/www.laguiadepamplona.com\\\/actualidad\\\/seguridad-y-convivencia-e-igualdad-accion-comunitaria-y-barrios-mejoraran-la-coordinacion-para-prevenir-la-violencia-contra-las-mujeres-la-lgtbifobia-el-racismo-y-el-suicidio\\\/\",\"name\":\"Seguridad y Convivencia e Igualdad, Acci\u00f3n comunitaria y Barrios mejorar\u00e1n la coordinaci\u00f3n para prevenir la violencia contra las mujeres, la LGTBifobia, el racismo y el suicidio\",\"isPartOf\":{\"@id\":\"https:\\\/\\\/www.laguiadepamplona.com\\\/actualidad\\\/#website\"},\"primaryImageOfPage\":{\"@id\":\"https:\\\/\\\/www.laguiadepamplona.com\\\/actualidad\\\/seguridad-y-convivencia-e-igualdad-accion-comunitaria-y-barrios-mejoraran-la-coordinacion-para-prevenir-la-violencia-contra-las-mujeres-la-lgtbifobia-el-racismo-y-el-suicidio\\\/#primaryimage\"},\"image\":{\"@id\":\"https:\\\/\\\/www.laguiadepamplona.com\\\/actualidad\\\/seguridad-y-convivencia-e-igualdad-accion-comunitaria-y-barrios-mejoraran-la-coordinacion-para-prevenir-la-violencia-contra-las-mujeres-la-lgtbifobia-el-racismo-y-el-suicidio\\\/#primaryimage\"},\"thumbnailUrl\":\"https:\\\/\\\/www.laguiadepamplona.com\\\/actualidad\\\/wp-content\\\/uploads\\\/2024\\\/02\\\/policia-municipal.webp\",\"datePublished\":\"2024-02-23T16:11:46+00:00\",\"description\":\"Equipos de ambas \u00e1reas se re\u00fanen para fijar criterios, reforzar el car\u00e1cter comunitario de Polic\u00eda Municipal y poner en valor la multiculturalidad de la ciudad\",\"breadcrumb\":{\"@id\":\"https:\\\/\\\/www.laguiadepamplona.com\\\/actualidad\\\/seguridad-y-convivencia-e-igualdad-accion-comunitaria-y-barrios-mejoraran-la-coordinacion-para-prevenir-la-violencia-contra-las-mujeres-la-lgtbifobia-el-racismo-y-el-suicidio\\\/#breadcrumb\"},\"inLanguage\":\"es\",\"potentialAction\":[{\"@type\":\"ReadAction\",\"target\":[\"https:\\\/\\\/www.laguiadepamplona.com\\\/actualidad\\\/seguridad-y-convivencia-e-igualdad-accion-comunitaria-y-barrios-mejoraran-la-coordinacion-para-prevenir-la-violencia-contra-las-mujeres-la-lgtbifobia-el-racismo-y-el-suicidio\\\/\"]}]},{\"@type\":\"ImageObject\",\"inLanguage\":\"es\",\"@id\":\"https:\\\/\\\/www.laguiadepamplona.com\\\/actualidad\\\/seguridad-y-convivencia-e-igualdad-accion-comunitaria-y-barrios-mejoraran-la-coordinacion-para-prevenir-la-violencia-contra-las-mujeres-la-lgtbifobia-el-racismo-y-el-suicidio\\\/#primaryimage\",\"url\":\"https:\\\/\\\/www.laguiadepamplona.com\\\/actualidad\\\/wp-content\\\/uploads\\\/2024\\\/02\\\/policia-municipal.webp\",\"contentUrl\":\"https:\\\/\\\/www.laguiadepamplona.com\\\/actualidad\\\/wp-content\\\/uploads\\\/2024\\\/02\\\/policia-municipal.webp\",\"width\":1200,\"height\":800,\"caption\":\"polic\u00eda municipal\"},{\"@type\":\"BreadcrumbList\",\"@id\":\"https:\\\/\\\/www.laguiadepamplona.com\\\/actualidad\\\/seguridad-y-convivencia-e-igualdad-accion-comunitaria-y-barrios-mejoraran-la-coordinacion-para-prevenir-la-violencia-contra-las-mujeres-la-lgtbifobia-el-racismo-y-el-suicidio\\\/#breadcrumb\",\"itemListElement\":[{\"@type\":\"ListItem\",\"position\":1,\"name\":\"Portada\",\"item\":\"https:\\\/\\\/www.laguiadepamplona.com\\\/actualidad\\\/\"},{\"@type\":\"ListItem\",\"position\":2,\"name\":\"Seguridad y Convivencia e Igualdad, Acci\u00f3n comunitaria y Barrios mejorar\u00e1n la coordinaci\u00f3n para prevenir la violencia contra las mujeres, la LGTBifobia, el racismo y el suicidio\"}]},{\"@type\":\"WebSite\",\"@id\":\"https:\\\/\\\/www.laguiadepamplona.com\\\/actualidad\\\/#website\",\"url\":\"https:\\\/\\\/www.laguiadepamplona.com\\\/actualidad\\\/\",\"name\":\"La gu\u00eda de Pamplona\",\"description\":\"Noticias de Pamplona\",\"publisher\":{\"@id\":\"https:\\\/\\\/www.laguiadepamplona.com\\\/actualidad\\\/#organization\"},\"potentialAction\":[{\"@type\":\"SearchAction\",\"target\":{\"@type\":\"EntryPoint\",\"urlTemplate\":\"https:\\\/\\\/www.laguiadepamplona.com\\\/actualidad\\\/?s={search_term_string}\"},\"query-input\":{\"@type\":\"PropertyValueSpecification\",\"valueRequired\":true,\"valueName\":\"search_term_string\"}}],\"inLanguage\":\"es\"},{\"@type\":\"Organization\",\"@id\":\"https:\\\/\\\/www.laguiadepamplona.com\\\/actualidad\\\/#organization\",\"name\":\"La Gu\u00eda de Pamplona \\\/ Noticias\",\"url\":\"https:\\\/\\\/www.laguiadepamplona.com\\\/actualidad\\\/\",\"logo\":{\"@type\":\"ImageObject\",\"inLanguage\":\"es\",\"@id\":\"https:\\\/\\\/www.laguiadepamplona.com\\\/actualidad\\\/#\\\/schema\\\/logo\\\/image\\\/\",\"url\":\"https:\\\/\\\/www.laguiadepamplona.com\\\/actualidad\\\/wp-content\\\/uploads\\\/2018\\\/11\\\/logo-laguiadepamplona18-web1.png\",\"contentUrl\":\"https:\\\/\\\/www.laguiadepamplona.com\\\/actualidad\\\/wp-content\\\/uploads\\\/2018\\\/11\\\/logo-laguiadepamplona18-web1.png\",\"width\":600,\"height\":196,\"caption\":\"La Gu\u00eda de Pamplona \\\/ Noticias\"},\"image\":{\"@id\":\"https:\\\/\\\/www.laguiadepamplona.com\\\/actualidad\\\/#\\\/schema\\\/logo\\\/image\\\/\"},\"sameAs\":[\"https:\\\/\\\/www.facebook.com\\\/laguiadepamplonacom-133175176762273\\\/?ref=hl\",\"https:\\\/\\\/x.com\\\/LaGuiadPamplona\",\"https:\\\/\\\/www.instagram.com\\\/la_guia_de_pamplona\\\/\",\"https:\\\/\\\/www.youtube.com\\\/user\\\/laguiadepamplona\"]},{\"@type\":\"Person\",\"@id\":\"https:\\\/\\\/www.laguiadepamplona.com\\\/actualidad\\\/#\\\/schema\\\/person\\\/efe887376f0213d4657c93adc50b1fdb\",\"name\":\"La Gu\u00eda de Pamplona\",\"image\":{\"@type\":\"ImageObject\",\"inLanguage\":\"es\",\"@id\":\"https:\\\/\\\/secure.gravatar.com\\\/avatar\\\/b6992f131dc8d30ab0dff15446e9d346d9dbd95992de0fef795073f5ea83a81c?s=96&d=mm&r=g\",\"url\":\"https:\\\/\\\/secure.gravatar.com\\\/avatar\\\/b6992f131dc8d30ab0dff15446e9d346d9dbd95992de0fef795073f5ea83a81c?s=96&d=mm&r=g\",\"contentUrl\":\"https:\\\/\\\/secure.gravatar.com\\\/avatar\\\/b6992f131dc8d30ab0dff15446e9d346d9dbd95992de0fef795073f5ea83a81c?s=96&d=mm&r=g\",\"caption\":\"La Gu\u00eda de Pamplona\"}}]}<\/script>\n<!-- \/ Yoast SEO plugin. -->","yoast_head_json":{"title":"Seguridad y Convivencia e Igualdad, Acci\u00f3n comunitaria y Barrios mejorar\u00e1n la coordinaci\u00f3n para prevenir la violencia contra las mujeres, la LGTBifobia, el racismo y el suicidio","description":"Equipos de ambas \u00e1reas se re\u00fanen para fijar criterios, reforzar el car\u00e1cter comunitario de Polic\u00eda Municipal y poner en valor la multiculturalidad de la ciudad","robots":{"index":"index","follow":"follow","max-snippet":"max-snippet:-1","max-image-preview":"max-image-preview:large","max-video-preview":"max-video-preview:-1"},"canonical":"https:\/\/www.laguiadepamplona.com\/actualidad\/seguridad-y-convivencia-e-igualdad-accion-comunitaria-y-barrios-mejoraran-la-coordinacion-para-prevenir-la-violencia-contra-las-mujeres-la-lgtbifobia-el-racismo-y-el-suicidio\/","og_locale":"es_ES","og_type":"article","og_title":"Seguridad y Convivencia e Igualdad, Acci\u00f3n comunitaria y Barrios mejorar\u00e1n la coordinaci\u00f3n para prevenir la violencia contra las mujeres, la LGTBifobia, el racismo y el suicidio","og_description":"Equipos de ambas \u00e1reas se re\u00fanen para fijar criterios, reforzar el car\u00e1cter comunitario de Polic\u00eda Municipal y poner en valor la multiculturalidad de la ciudad","og_url":"https:\/\/www.laguiadepamplona.com\/actualidad\/seguridad-y-convivencia-e-igualdad-accion-comunitaria-y-barrios-mejoraran-la-coordinacion-para-prevenir-la-violencia-contra-las-mujeres-la-lgtbifobia-el-racismo-y-el-suicidio\/","og_site_name":"La Gu\u00eda de Pamplona","article_publisher":"https:\/\/www.facebook.com\/laguiadepamplonacom-133175176762273\/?ref=hl","article_published_time":"2024-02-23T16:11:46+00:00","og_image":[{"width":1200,"height":800,"url":"https:\/\/www.laguiadepamplona.com\/actualidad\/wp-content\/uploads\/2024\/02\/policia-municipal.webp","type":"image\/webp"}],"author":"La Gu\u00eda de Pamplona","twitter_card":"summary_large_image","twitter_creator":"@LaGuiadPamplona","twitter_site":"@LaGuiadPamplona","twitter_misc":{"Escrito por":"La Gu\u00eda de Pamplona","Tiempo de lectura":"2 minutos"},"schema":{"@context":"https:\/\/schema.org","@graph":[{"@type":"Article","@id":"https:\/\/www.laguiadepamplona.com\/actualidad\/seguridad-y-convivencia-e-igualdad-accion-comunitaria-y-barrios-mejoraran-la-coordinacion-para-prevenir-la-violencia-contra-las-mujeres-la-lgtbifobia-el-racismo-y-el-suicidio\/#article","isPartOf":{"@id":"https:\/\/www.laguiadepamplona.com\/actualidad\/seguridad-y-convivencia-e-igualdad-accion-comunitaria-y-barrios-mejoraran-la-coordinacion-para-prevenir-la-violencia-contra-las-mujeres-la-lgtbifobia-el-racismo-y-el-suicidio\/"},"author":{"name":"La Gu\u00eda de Pamplona","@id":"https:\/\/www.laguiadepamplona.com\/actualidad\/#\/schema\/person\/efe887376f0213d4657c93adc50b1fdb"},"headline":"Seguridad y Convivencia e Igualdad, Acci\u00f3n comunitaria y Barrios mejorar\u00e1n la coordinaci\u00f3n para prevenir la violencia contra las mujeres, la LGTBifobia, el racismo y el suicidio","datePublished":"2024-02-23T16:11:46+00:00","mainEntityOfPage":{"@id":"https:\/\/www.laguiadepamplona.com\/actualidad\/seguridad-y-convivencia-e-igualdad-accion-comunitaria-y-barrios-mejoraran-la-coordinacion-para-prevenir-la-violencia-contra-las-mujeres-la-lgtbifobia-el-racismo-y-el-suicidio\/"},"wordCount":451,"commentCount":0,"publisher":{"@id":"https:\/\/www.laguiadepamplona.com\/actualidad\/#organization"},"image":{"@id":"https:\/\/www.laguiadepamplona.com\/actualidad\/seguridad-y-convivencia-e-igualdad-accion-comunitaria-y-barrios-mejoraran-la-coordinacion-para-prevenir-la-violencia-contra-las-mujeres-la-lgtbifobia-el-racismo-y-el-suicidio\/#primaryimage"},"thumbnailUrl":"https:\/\/www.laguiadepamplona.com\/actualidad\/wp-content\/uploads\/2024\/02\/policia-municipal.webp","articleSection":["Ayto Pamplona"],"inLanguage":"es","potentialAction":[{"@type":"CommentAction","name":"Comment","target":["https:\/\/www.laguiadepamplona.com\/actualidad\/seguridad-y-convivencia-e-igualdad-accion-comunitaria-y-barrios-mejoraran-la-coordinacion-para-prevenir-la-violencia-contra-las-mujeres-la-lgtbifobia-el-racismo-y-el-suicidio\/#respond"]}]},{"@type":"WebPage","@id":"https:\/\/www.laguiadepamplona.com\/actualidad\/seguridad-y-convivencia-e-igualdad-accion-comunitaria-y-barrios-mejoraran-la-coordinacion-para-prevenir-la-violencia-contra-las-mujeres-la-lgtbifobia-el-racismo-y-el-suicidio\/","url":"https:\/\/www.laguiadepamplona.com\/actualidad\/seguridad-y-convivencia-e-igualdad-accion-comunitaria-y-barrios-mejoraran-la-coordinacion-para-prevenir-la-violencia-contra-las-mujeres-la-lgtbifobia-el-racismo-y-el-suicidio\/","name":"Seguridad y Convivencia e Igualdad, Acci\u00f3n comunitaria y Barrios mejorar\u00e1n la coordinaci\u00f3n para prevenir la violencia contra las mujeres, la LGTBifobia, el racismo y el suicidio","isPartOf":{"@id":"https:\/\/www.laguiadepamplona.com\/actualidad\/#website"},"primaryImageOfPage":{"@id":"https:\/\/www.laguiadepamplona.com\/actualidad\/seguridad-y-convivencia-e-igualdad-accion-comunitaria-y-barrios-mejoraran-la-coordinacion-para-prevenir-la-violencia-contra-las-mujeres-la-lgtbifobia-el-racismo-y-el-suicidio\/#primaryimage"},"image":{"@id":"https:\/\/www.laguiadepamplona.com\/actualidad\/seguridad-y-convivencia-e-igualdad-accion-comunitaria-y-barrios-mejoraran-la-coordinacion-para-prevenir-la-violencia-contra-las-mujeres-la-lgtbifobia-el-racismo-y-el-suicidio\/#primaryimage"},"thumbnailUrl":"https:\/\/www.laguiadepamplona.com\/actualidad\/wp-content\/uploads\/2024\/02\/policia-municipal.webp","datePublished":"2024-02-23T16:11:46+00:00","description":"Equipos de ambas \u00e1reas se re\u00fanen para fijar criterios, reforzar el car\u00e1cter comunitario de Polic\u00eda Municipal y poner en valor la multiculturalidad de la ciudad","breadcrumb":{"@id":"https:\/\/www.laguiadepamplona.com\/actualidad\/seguridad-y-convivencia-e-igualdad-accion-comunitaria-y-barrios-mejoraran-la-coordinacion-para-prevenir-la-violencia-contra-las-mujeres-la-lgtbifobia-el-racismo-y-el-suicidio\/#breadcrumb"},"inLanguage":"es","potentialAction":[{"@type":"ReadAction","target":["https:\/\/www.laguiadepamplona.com\/actualidad\/seguridad-y-convivencia-e-igualdad-accion-comunitaria-y-barrios-mejoraran-la-coordinacion-para-prevenir-la-violencia-contra-las-mujeres-la-lgtbifobia-el-racismo-y-el-suicidio\/"]}]},{"@type":"ImageObject","inLanguage":"es","@id":"https:\/\/www.laguiadepamplona.com\/actualidad\/seguridad-y-convivencia-e-igualdad-accion-comunitaria-y-barrios-mejoraran-la-coordinacion-para-prevenir-la-violencia-contra-las-mujeres-la-lgtbifobia-el-racismo-y-el-suicidio\/#primaryimage","url":"https:\/\/www.laguiadepamplona.com\/actualidad\/wp-content\/uploads\/2024\/02\/policia-municipal.webp","contentUrl":"https:\/\/www.laguiadepamplona.com\/actualidad\/wp-content\/uploads\/2024\/02\/policia-municipal.webp","width":1200,"height":800,"caption":"polic\u00eda municipal"},{"@type":"BreadcrumbList","@id":"https:\/\/www.laguiadepamplona.com\/actualidad\/seguridad-y-convivencia-e-igualdad-accion-comunitaria-y-barrios-mejoraran-la-coordinacion-para-prevenir-la-violencia-contra-las-mujeres-la-lgtbifobia-el-racismo-y-el-suicidio\/#breadcrumb","itemListElement":[{"@type":"ListItem","position":1,"name":"Portada","item":"https:\/\/www.laguiadepamplona.com\/actualidad\/"},{"@type":"ListItem","position":2,"name":"Seguridad y Convivencia e Igualdad, Acci\u00f3n comunitaria y Barrios mejorar\u00e1n la coordinaci\u00f3n para prevenir la violencia contra las mujeres, la LGTBifobia, el racismo y el suicidio"}]},{"@type":"WebSite","@id":"https:\/\/www.laguiadepamplona.com\/actualidad\/#website","url":"https:\/\/www.laguiadepamplona.com\/actualidad\/","name":"La gu\u00eda de Pamplona","description":"Noticias de Pamplona","publisher":{"@id":"https:\/\/www.laguiadepamplona.com\/actualidad\/#organization"},"potentialAction":[{"@type":"SearchAction","target":{"@type":"EntryPoint","urlTemplate":"https:\/\/www.laguiadepamplona.com\/actualidad\/?s={search_term_string}"},"query-input":{"@type":"PropertyValueSpecification","valueRequired":true,"valueName":"search_term_string"}}],"inLanguage":"es"},{"@type":"Organization","@id":"https:\/\/www.laguiadepamplona.com\/actualidad\/#organization","name":"La Gu\u00eda de Pamplona \/ Noticias","url":"https:\/\/www.laguiadepamplona.com\/actualidad\/","logo":{"@type":"ImageObject","inLanguage":"es","@id":"https:\/\/www.laguiadepamplona.com\/actualidad\/#\/schema\/logo\/image\/","url":"https:\/\/www.laguiadepamplona.com\/actualidad\/wp-content\/uploads\/2018\/11\/logo-laguiadepamplona18-web1.png","contentUrl":"https:\/\/www.laguiadepamplona.com\/actualidad\/wp-content\/uploads\/2018\/11\/logo-laguiadepamplona18-web1.png","width":600,"height":196,"caption":"La Gu\u00eda de Pamplona \/ Noticias"},"image":{"@id":"https:\/\/www.laguiadepamplona.com\/actualidad\/#\/schema\/logo\/image\/"},"sameAs":["https:\/\/www.facebook.com\/laguiadepamplonacom-133175176762273\/?ref=hl","https:\/\/x.com\/LaGuiadPamplona","https:\/\/www.instagram.com\/la_guia_de_pamplona\/","https:\/\/www.youtube.com\/user\/laguiadepamplona"]},{"@type":"Person","@id":"https:\/\/www.laguiadepamplona.com\/actualidad\/#\/schema\/person\/efe887376f0213d4657c93adc50b1fdb","name":"La Gu\u00eda de Pamplona","image":{"@type":"ImageObject","inLanguage":"es","@id":"https:\/\/secure.gravatar.com\/avatar\/b6992f131dc8d30ab0dff15446e9d346d9dbd95992de0fef795073f5ea83a81c?s=96&d=mm&r=g","url":"https:\/\/secure.gravatar.com\/avatar\/b6992f131dc8d30ab0dff15446e9d346d9dbd95992de0fef795073f5ea83a81c?s=96&d=mm&r=g","contentUrl":"https:\/\/secure.gravatar.com\/avatar\/b6992f131dc8d30ab0dff15446e9d346d9dbd95992de0fef795073f5ea83a81c?s=96&d=mm&r=g","caption":"La Gu\u00eda de Pamplona"}}]}},"post_mailing_queue_ids":[],"_links":{"self":[{"href":"https:\/\/www.laguiadepamplona.com\/actualidad\/wp-json\/wp\/v2\/posts\/48848","targetHints":{"allow":["GET"]}}],"collection":[{"href":"https:\/\/www.laguiadepamplona.com\/actualidad\/wp-json\/wp\/v2\/posts"}],"about":[{"href":"https:\/\/www.laguiadepamplona.com\/actualidad\/wp-json\/wp\/v2\/types\/post"}],"author":[{"embeddable":true,"href":"https:\/\/www.laguiadepamplona.com\/actualidad\/wp-json\/wp\/v2\/users\/1"}],"replies":[{"embeddable":true,"href":"https:\/\/www.laguiadepamplona.com\/actualidad\/wp-json\/wp\/v2\/comments?post=48848"}],"version-history":[{"count":1,"href":"https:\/\/www.laguiadepamplona.com\/actualidad\/wp-json\/wp\/v2\/posts\/48848\/revisions"}],"predecessor-version":[{"id":48850,"href":"https:\/\/www.laguiadepamplona.com\/actualidad\/wp-json\/wp\/v2\/posts\/48848\/revisions\/48850"}],"wp:featuredmedia":[{"embeddable":true,"href":"https:\/\/www.laguiadepamplona.com\/actualidad\/wp-json\/wp\/v2\/media\/48849"}],"wp:attachment":[{"href":"https:\/\/www.laguiadepamplona.com\/actualidad\/wp-json\/wp\/v2\/media?parent=48848"}],"wp:term":[{"taxonomy":"category","embeddable":true,"href":"https:\/\/www.laguiadepamplona.com\/actualidad\/wp-json\/wp\/v2\/categories?post=48848"},{"taxonomy":"post_tag","embeddable":true,"href":"https:\/\/www.laguiadepamplona.com\/actualidad\/wp-json\/wp\/v2\/tags?post=48848"}],"curies":[{"name":"wp","href":"https:\/\/api.w.org\/{rel}","templated":true}]}}