{"id":48803,"date":"2024-02-21T12:40:10","date_gmt":"2024-02-21T10:40:10","guid":{"rendered":"https:\/\/www.laguiadepamplona.com\/actualidad\/?p=48803"},"modified":"2024-02-21T12:40:10","modified_gmt":"2024-02-21T10:40:10","slug":"ayuntamiento-de-pamplona-y-gobierno-de-navarra-firman-el-convenio-de-colaboracion-para-la-financiacion-de-los-servicios-sociales-de-base-municipales","status":"publish","type":"post","link":"https:\/\/www.laguiadepamplona.com\/actualidad\/ayuntamiento-de-pamplona-y-gobierno-de-navarra-firman-el-convenio-de-colaboracion-para-la-financiacion-de-los-servicios-sociales-de-base-municipales\/","title":{"rendered":"Ayuntamiento de Pamplona y Gobierno de Navarra firman el convenio de colaboraci\u00f3n para la financiaci\u00f3n de los servicios sociales de base municipales"},"content":{"rendered":"<h2>El Gobierno de Navarra aportar\u00e1 en torno a 25 millones de euros y el Ayuntamiento de Pamplona en torno a los 16 millones, hasta el a\u00f1o 2027<\/h2>\n<p><!--more--><\/p>\n<p>La consejera de Derechos Sociales, Econom\u00eda Social y Empleo, Carmen Maeztu Villafranca, y el concejal delegado de Acci\u00f3n Social, Txema Maule\u00f3n Echeverr\u00eda, se han reunido para valorar el nuevo convenio de financiaci\u00f3n de los servicios sociales de base del Ayuntamiento de Pamplona firmado recientemente con el Departamento de Derechos Sociales. El Gobierno de Navarra aportar\u00e1 para este a\u00f1o una financiaci\u00f3n de m\u00e1s de 6 millones de euros, en varios conceptos vinculados a los costes que conlleva el desarrollo de diferentes programas de Atenci\u00f3n Primaria.<\/p>\n<p>El convenio determina la financiaci\u00f3n del Servicio Social de Base municipal para el desarrollo de los cuatro programas b\u00e1sicos de Atenci\u00f3n Primaria que se recogen en la Ley Foral 15\/2006 de Servicios Sociales y en el Decreto Foral 48\/2020, de 15 de julio. Esos cuatro programas son el programa de Acogida y Orientaci\u00f3n Social, el programa de Promoci\u00f3n de la Autonom\u00eda Personal y Atenci\u00f3n a las Personas en situaci\u00f3n de Dependencia, el programa de Incorporaci\u00f3n Social en Atenci\u00f3n Primaria y el programa de Atenci\u00f3n a la Infancia y Familia en Atenci\u00f3n Primaria.<br \/>\n<script async src=\"\/\/pagead2.googlesyndication.com\/pagead\/js\/adsbygoogle.js\"><\/script><br \/>\n<!-- Noticias La Guia de Pamplona --><br \/>\n<ins class=\"adsbygoogle\"\nstyle=\"display:block\"\ndata-ad-client=\"ca-pub-6943679897239327\"\ndata-ad-slot=\"7048180777\"\ndata-ad-format=\"auto\"><\/ins><br \/>\n<script>\n(adsbygoogle = window.adsbygoogle || []).push({});\n<\/script><br \/>\nEl convenio tiene un car\u00e1cter plurianual, con una vigencia retroactiva a 1 de enero de 2024 hasta el 31 de diciembre de 2027. Anualmente, se proceder\u00e1 a determinar el coste estimado del Servicio Social de Base, as\u00ed como la aportaci\u00f3n correspondiente a cada una de las administraciones p\u00fablicas, es decir, tanto al Gobierno de Navarra como al Ayuntamiento de Pamplona.<\/p>\n<p>La valoraci\u00f3n econ\u00f3mica se determina, seg\u00fan el Decreto Foral 48\/2020, teniendo los costes estructurales, que incluyen el coste estimado del equipo profesional b\u00e1sico, el coste de funcionamiento y el coste asociado a la dispersi\u00f3n territorial; el coste espec\u00edfico asociado a las caracter\u00edsticas de la zona b\u00e1sica; y el coste de atenci\u00f3n a personas dependientes atendidas en el servicio de ayuda a domicilio municipal. El Ayuntamiento de Pamplona asume el 50% del coste estimado del personal del equipo profesional b\u00e1sico, mientras que el Gobierno de Navarra asume el otro 50%, adem\u00e1s del resto de los costes descritos que asume al 100%.<br \/>\n<script async src=\"\/\/pagead2.googlesyndication.com\/pagead\/js\/adsbygoogle.js\"><\/script><br \/>\n<!-- Noticias La Guia de Pamplona --><br \/>\n<ins class=\"adsbygoogle\"\nstyle=\"display:block\"\ndata-ad-client=\"ca-pub-6943679897239327\"\ndata-ad-slot=\"7048180777\"\ndata-ad-format=\"auto\"><\/ins><br \/>\n<script>\n(adsbygoogle = window.adsbygoogle || []).push({});\n<\/script><br \/>\n<strong>M\u00e1s de 24 millones de financiaci\u00f3n para Pamplona en los pr\u00f3ximos cuatro a\u00f1os<\/strong><\/p>\n<p>En el caso concreto de Pamplona, el convenio recoge en una adenda la valoraci\u00f3n del coste econ\u00f3mico de esos programas de Atenci\u00f3n Primaria durante 2023, que asciende a 9.489.941,18. El desglose refleja 7.594.189,42 euros en costes estructurales, que se reparten en 6.903.808,56 euros de coste salarial del equipo profesional b\u00e1sico y en 690.380,86 euros de costes de funcionamiento. A ellos se suman dos conceptos m\u00e1s, los costes espec\u00edficos asociados a las caracter\u00edsticas de cada zona b\u00e1sica valorados en1.035.571,29 euros y los costes de atenci\u00f3n a personas dependientes en los servicios de ayuda a domicilio municipales, en 860.180,47 euros.<\/p>\n<p>As\u00ed las cosas, al Gobierno de Navarra, a trav\u00e9s de la Direcci\u00f3n General de Protecci\u00f3n Social y Cooperaci\u00f3n al Desarrollo, le correspondi\u00f3 la financiaci\u00f3n de 6.038.036,90 euros por los costes de funcionamiento y el 50% del coste del equipo b\u00e1sico, por los costes espec\u00edficos de la zona b\u00e1sica y por los costes de atenci\u00f3n a dependientes a trav\u00e9s de servicios de atenci\u00f3n a domicilio. El Ayuntamiento de Pamplona aport\u00f3 por su parte, 3.451.904,28 correspondientes al 50% restante del coste estimado del equipo profesional b\u00e1sico que atiende los programas de Atenci\u00f3n Primaria.<br \/>\n<script async src=\"\/\/pagead2.googlesyndication.com\/pagead\/js\/adsbygoogle.js\"><\/script><br \/>\n<!-- Noticias La Guia de Pamplona --><br \/>\n<ins class=\"adsbygoogle\"\nstyle=\"display:block\"\ndata-ad-client=\"ca-pub-6943679897239327\"\ndata-ad-slot=\"7048180777\"\ndata-ad-format=\"auto\"><\/ins><br \/>\n<script>\n(adsbygoogle = window.adsbygoogle || []).push({});\n<\/script><br \/>\n<strong>Ayudas para procesos de inclusi\u00f3n social y\/o emergencia social<\/strong><\/p>\n<p>El Ayuntamiento de Pamplona se compromete tambi\u00e9n a regular y gestionar un sistema de ayudas para el apoyo a procesos de inclusi\u00f3n social y\/o emergencia social. Para ello, destinar\u00e1 al menos un 20% de la cuant\u00eda aportada por el Gobierno en concepto de costes espec\u00edficos, que asciende a 1.035.571,29 euros. Se trata as\u00ed de garantizar la cobertura inmediata de necesidades apremiantes para unidades familiares residentes en Pamplona que as\u00ed lo requieran, seg\u00fan valoraci\u00f3n t\u00e9cnica.<\/p>\n<p>El convenio recoge el compromiso del Gobierno de Navarra a prestar asesoramiento y apoyo t\u00e9cnico y a realizar labores de coordinaci\u00f3n y formaci\u00f3n de personal, as\u00ed como a implementar los mecanismos que sean precisos para la mejora de los procedimientos administrativos que permitan la mayor agilidad y calidad en la gesti\u00f3n de las prestaciones sociales.<br \/>\n<script async src=\"\/\/pagead2.googlesyndication.com\/pagead\/js\/adsbygoogle.js\"><\/script><br \/>\n<!-- Noticias La Guia de Pamplona --><br \/>\n<ins class=\"adsbygoogle\"\nstyle=\"display:block\"\ndata-ad-client=\"ca-pub-6943679897239327\"\ndata-ad-slot=\"7048180777\"\ndata-ad-format=\"auto\"><\/ins><br \/>\n<script>\n(adsbygoogle = window.adsbygoogle || []).push({});\n<\/script><br \/>\nEl Gobierno de Navarra est\u00e1 firmando convenios de colaboraci\u00f3n como este con 44 entidades locales de la Comunidad Foral. En total, se estima una inversi\u00f3n de 97,9 millones de euros entre 2024 y 2027 para el mantenimiento y financiaci\u00f3n de los servicios sociales de base de esos ayuntamientos o mancomunidades, que atienden a m\u00e1s de 75.000 personas usuarias, un 11,3% de la poblaci\u00f3n de Navarra.<\/p>\n","protected":false},"excerpt":{"rendered":"<p>El Gobierno de Navarra aportar\u00e1 en torno a 25 millones de euros y el Ayuntamiento de Pamplona en torno a los 16 millones, hasta el a\u00f1o 2027<\/p>\n","protected":false},"author":1,"featured_media":48804,"comment_status":"open","ping_status":"closed","sticky":false,"template":"","format":"standard","meta":{"footnotes":""},"categories":[2],"tags":[],"class_list":["post-48803","post","type-post","status-publish","format-standard","has-post-thumbnail","hentry","category-ayuntamiento-pamplona"],"yoast_head":"<!-- This site is optimized with the Yoast SEO plugin v27.5 - https:\/\/yoast.com\/product\/yoast-seo-wordpress\/ -->\n<title>Ayuntamiento de Pamplona y Gobierno de Navarra firman el convenio de colaboraci\u00f3n para la financiaci\u00f3n de los servicios sociales de base municipales<\/title>\n<meta name=\"description\" content=\"El Gobierno de Navarra aportar\u00e1 en torno a 25 millones de euros y el Ayuntamiento de Pamplona en torno a los 16 millones, hasta el a\u00f1o 2027\" \/>\n<meta name=\"robots\" content=\"index, follow, max-snippet:-1, max-image-preview:large, max-video-preview:-1\" \/>\n<link rel=\"canonical\" href=\"https:\/\/www.laguiadepamplona.com\/actualidad\/ayuntamiento-de-pamplona-y-gobierno-de-navarra-firman-el-convenio-de-colaboracion-para-la-financiacion-de-los-servicios-sociales-de-base-municipales\/\" \/>\n<meta property=\"og:locale\" content=\"es_ES\" \/>\n<meta property=\"og:type\" content=\"article\" \/>\n<meta property=\"og:title\" content=\"Ayuntamiento de Pamplona y Gobierno de Navarra firman el convenio de colaboraci\u00f3n para la financiaci\u00f3n de los servicios sociales de base municipales\" \/>\n<meta property=\"og:description\" content=\"El Gobierno de Navarra aportar\u00e1 en torno a 25 millones de euros y el Ayuntamiento de Pamplona en torno a los 16 millones, hasta el a\u00f1o 2027\" \/>\n<meta property=\"og:url\" content=\"https:\/\/www.laguiadepamplona.com\/actualidad\/ayuntamiento-de-pamplona-y-gobierno-de-navarra-firman-el-convenio-de-colaboracion-para-la-financiacion-de-los-servicios-sociales-de-base-municipales\/\" \/>\n<meta property=\"og:site_name\" content=\"La Gu\u00eda de Pamplona\" \/>\n<meta property=\"article:publisher\" content=\"https:\/\/www.facebook.com\/laguiadepamplonacom-133175176762273\/?ref=hl\" \/>\n<meta property=\"article:published_time\" content=\"2024-02-21T10:40:10+00:00\" \/>\n<meta property=\"og:image\" content=\"https:\/\/www.laguiadepamplona.com\/actualidad\/wp-content\/uploads\/2024\/02\/24.02.22_convenio_servicios_sociales1.webp\" \/>\n\t<meta property=\"og:image:width\" content=\"1200\" \/>\n\t<meta property=\"og:image:height\" content=\"900\" \/>\n\t<meta property=\"og:image:type\" content=\"image\/webp\" \/>\n<meta name=\"author\" content=\"La Gu\u00eda de Pamplona\" \/>\n<meta name=\"twitter:card\" content=\"summary_large_image\" \/>\n<meta name=\"twitter:creator\" content=\"@LaGuiadPamplona\" \/>\n<meta name=\"twitter:site\" content=\"@LaGuiadPamplona\" \/>\n<meta name=\"twitter:label1\" content=\"Escrito por\" \/>\n\t<meta name=\"twitter:data1\" content=\"La Gu\u00eda de Pamplona\" \/>\n\t<meta name=\"twitter:label2\" content=\"Tiempo de lectura\" \/>\n\t<meta name=\"twitter:data2\" content=\"4 minutos\" \/>\n<script type=\"application\/ld+json\" class=\"yoast-schema-graph\">{\"@context\":\"https:\\\/\\\/schema.org\",\"@graph\":[{\"@type\":\"Article\",\"@id\":\"https:\\\/\\\/www.laguiadepamplona.com\\\/actualidad\\\/ayuntamiento-de-pamplona-y-gobierno-de-navarra-firman-el-convenio-de-colaboracion-para-la-financiacion-de-los-servicios-sociales-de-base-municipales\\\/#article\",\"isPartOf\":{\"@id\":\"https:\\\/\\\/www.laguiadepamplona.com\\\/actualidad\\\/ayuntamiento-de-pamplona-y-gobierno-de-navarra-firman-el-convenio-de-colaboracion-para-la-financiacion-de-los-servicios-sociales-de-base-municipales\\\/\"},\"author\":{\"name\":\"La Gu\u00eda de Pamplona\",\"@id\":\"https:\\\/\\\/www.laguiadepamplona.com\\\/actualidad\\\/#\\\/schema\\\/person\\\/efe887376f0213d4657c93adc50b1fdb\"},\"headline\":\"Ayuntamiento de Pamplona y Gobierno de Navarra firman el convenio de colaboraci\u00f3n para la financiaci\u00f3n de los servicios sociales de base municipales\",\"datePublished\":\"2024-02-21T10:40:10+00:00\",\"mainEntityOfPage\":{\"@id\":\"https:\\\/\\\/www.laguiadepamplona.com\\\/actualidad\\\/ayuntamiento-de-pamplona-y-gobierno-de-navarra-firman-el-convenio-de-colaboracion-para-la-financiacion-de-los-servicios-sociales-de-base-municipales\\\/\"},\"wordCount\":839,\"commentCount\":0,\"publisher\":{\"@id\":\"https:\\\/\\\/www.laguiadepamplona.com\\\/actualidad\\\/#organization\"},\"image\":{\"@id\":\"https:\\\/\\\/www.laguiadepamplona.com\\\/actualidad\\\/ayuntamiento-de-pamplona-y-gobierno-de-navarra-firman-el-convenio-de-colaboracion-para-la-financiacion-de-los-servicios-sociales-de-base-municipales\\\/#primaryimage\"},\"thumbnailUrl\":\"https:\\\/\\\/www.laguiadepamplona.com\\\/actualidad\\\/wp-content\\\/uploads\\\/2024\\\/02\\\/24.02.22_convenio_servicios_sociales1.webp\",\"articleSection\":[\"Ayto Pamplona\"],\"inLanguage\":\"es\",\"potentialAction\":[{\"@type\":\"CommentAction\",\"name\":\"Comment\",\"target\":[\"https:\\\/\\\/www.laguiadepamplona.com\\\/actualidad\\\/ayuntamiento-de-pamplona-y-gobierno-de-navarra-firman-el-convenio-de-colaboracion-para-la-financiacion-de-los-servicios-sociales-de-base-municipales\\\/#respond\"]}]},{\"@type\":\"WebPage\",\"@id\":\"https:\\\/\\\/www.laguiadepamplona.com\\\/actualidad\\\/ayuntamiento-de-pamplona-y-gobierno-de-navarra-firman-el-convenio-de-colaboracion-para-la-financiacion-de-los-servicios-sociales-de-base-municipales\\\/\",\"url\":\"https:\\\/\\\/www.laguiadepamplona.com\\\/actualidad\\\/ayuntamiento-de-pamplona-y-gobierno-de-navarra-firman-el-convenio-de-colaboracion-para-la-financiacion-de-los-servicios-sociales-de-base-municipales\\\/\",\"name\":\"Ayuntamiento de Pamplona y Gobierno de Navarra firman el convenio de colaboraci\u00f3n para la financiaci\u00f3n de los servicios sociales de base municipales\",\"isPartOf\":{\"@id\":\"https:\\\/\\\/www.laguiadepamplona.com\\\/actualidad\\\/#website\"},\"primaryImageOfPage\":{\"@id\":\"https:\\\/\\\/www.laguiadepamplona.com\\\/actualidad\\\/ayuntamiento-de-pamplona-y-gobierno-de-navarra-firman-el-convenio-de-colaboracion-para-la-financiacion-de-los-servicios-sociales-de-base-municipales\\\/#primaryimage\"},\"image\":{\"@id\":\"https:\\\/\\\/www.laguiadepamplona.com\\\/actualidad\\\/ayuntamiento-de-pamplona-y-gobierno-de-navarra-firman-el-convenio-de-colaboracion-para-la-financiacion-de-los-servicios-sociales-de-base-municipales\\\/#primaryimage\"},\"thumbnailUrl\":\"https:\\\/\\\/www.laguiadepamplona.com\\\/actualidad\\\/wp-content\\\/uploads\\\/2024\\\/02\\\/24.02.22_convenio_servicios_sociales1.webp\",\"datePublished\":\"2024-02-21T10:40:10+00:00\",\"description\":\"El Gobierno de Navarra aportar\u00e1 en torno a 25 millones de euros y el Ayuntamiento de Pamplona en torno a los 16 millones, hasta el a\u00f1o 2027\",\"breadcrumb\":{\"@id\":\"https:\\\/\\\/www.laguiadepamplona.com\\\/actualidad\\\/ayuntamiento-de-pamplona-y-gobierno-de-navarra-firman-el-convenio-de-colaboracion-para-la-financiacion-de-los-servicios-sociales-de-base-municipales\\\/#breadcrumb\"},\"inLanguage\":\"es\",\"potentialAction\":[{\"@type\":\"ReadAction\",\"target\":[\"https:\\\/\\\/www.laguiadepamplona.com\\\/actualidad\\\/ayuntamiento-de-pamplona-y-gobierno-de-navarra-firman-el-convenio-de-colaboracion-para-la-financiacion-de-los-servicios-sociales-de-base-municipales\\\/\"]}]},{\"@type\":\"ImageObject\",\"inLanguage\":\"es\",\"@id\":\"https:\\\/\\\/www.laguiadepamplona.com\\\/actualidad\\\/ayuntamiento-de-pamplona-y-gobierno-de-navarra-firman-el-convenio-de-colaboracion-para-la-financiacion-de-los-servicios-sociales-de-base-municipales\\\/#primaryimage\",\"url\":\"https:\\\/\\\/www.laguiadepamplona.com\\\/actualidad\\\/wp-content\\\/uploads\\\/2024\\\/02\\\/24.02.22_convenio_servicios_sociales1.webp\",\"contentUrl\":\"https:\\\/\\\/www.laguiadepamplona.com\\\/actualidad\\\/wp-content\\\/uploads\\\/2024\\\/02\\\/24.02.22_convenio_servicios_sociales1.webp\",\"width\":1200,\"height\":900,\"caption\":\"convenio\"},{\"@type\":\"BreadcrumbList\",\"@id\":\"https:\\\/\\\/www.laguiadepamplona.com\\\/actualidad\\\/ayuntamiento-de-pamplona-y-gobierno-de-navarra-firman-el-convenio-de-colaboracion-para-la-financiacion-de-los-servicios-sociales-de-base-municipales\\\/#breadcrumb\",\"itemListElement\":[{\"@type\":\"ListItem\",\"position\":1,\"name\":\"Portada\",\"item\":\"https:\\\/\\\/www.laguiadepamplona.com\\\/actualidad\\\/\"},{\"@type\":\"ListItem\",\"position\":2,\"name\":\"Ayuntamiento de Pamplona y Gobierno de Navarra firman el convenio de colaboraci\u00f3n para la financiaci\u00f3n de los servicios sociales de base municipales\"}]},{\"@type\":\"WebSite\",\"@id\":\"https:\\\/\\\/www.laguiadepamplona.com\\\/actualidad\\\/#website\",\"url\":\"https:\\\/\\\/www.laguiadepamplona.com\\\/actualidad\\\/\",\"name\":\"La gu\u00eda de Pamplona\",\"description\":\"Noticias de Pamplona\",\"publisher\":{\"@id\":\"https:\\\/\\\/www.laguiadepamplona.com\\\/actualidad\\\/#organization\"},\"potentialAction\":[{\"@type\":\"SearchAction\",\"target\":{\"@type\":\"EntryPoint\",\"urlTemplate\":\"https:\\\/\\\/www.laguiadepamplona.com\\\/actualidad\\\/?s={search_term_string}\"},\"query-input\":{\"@type\":\"PropertyValueSpecification\",\"valueRequired\":true,\"valueName\":\"search_term_string\"}}],\"inLanguage\":\"es\"},{\"@type\":\"Organization\",\"@id\":\"https:\\\/\\\/www.laguiadepamplona.com\\\/actualidad\\\/#organization\",\"name\":\"La Gu\u00eda de Pamplona \\\/ Noticias\",\"url\":\"https:\\\/\\\/www.laguiadepamplona.com\\\/actualidad\\\/\",\"logo\":{\"@type\":\"ImageObject\",\"inLanguage\":\"es\",\"@id\":\"https:\\\/\\\/www.laguiadepamplona.com\\\/actualidad\\\/#\\\/schema\\\/logo\\\/image\\\/\",\"url\":\"https:\\\/\\\/www.laguiadepamplona.com\\\/actualidad\\\/wp-content\\\/uploads\\\/2018\\\/11\\\/logo-laguiadepamplona18-web1.png\",\"contentUrl\":\"https:\\\/\\\/www.laguiadepamplona.com\\\/actualidad\\\/wp-content\\\/uploads\\\/2018\\\/11\\\/logo-laguiadepamplona18-web1.png\",\"width\":600,\"height\":196,\"caption\":\"La Gu\u00eda de Pamplona \\\/ Noticias\"},\"image\":{\"@id\":\"https:\\\/\\\/www.laguiadepamplona.com\\\/actualidad\\\/#\\\/schema\\\/logo\\\/image\\\/\"},\"sameAs\":[\"https:\\\/\\\/www.facebook.com\\\/laguiadepamplonacom-133175176762273\\\/?ref=hl\",\"https:\\\/\\\/x.com\\\/LaGuiadPamplona\",\"https:\\\/\\\/www.instagram.com\\\/la_guia_de_pamplona\\\/\",\"https:\\\/\\\/www.youtube.com\\\/user\\\/laguiadepamplona\"]},{\"@type\":\"Person\",\"@id\":\"https:\\\/\\\/www.laguiadepamplona.com\\\/actualidad\\\/#\\\/schema\\\/person\\\/efe887376f0213d4657c93adc50b1fdb\",\"name\":\"La Gu\u00eda de Pamplona\",\"image\":{\"@type\":\"ImageObject\",\"inLanguage\":\"es\",\"@id\":\"https:\\\/\\\/secure.gravatar.com\\\/avatar\\\/b6992f131dc8d30ab0dff15446e9d346d9dbd95992de0fef795073f5ea83a81c?s=96&d=mm&r=g\",\"url\":\"https:\\\/\\\/secure.gravatar.com\\\/avatar\\\/b6992f131dc8d30ab0dff15446e9d346d9dbd95992de0fef795073f5ea83a81c?s=96&d=mm&r=g\",\"contentUrl\":\"https:\\\/\\\/secure.gravatar.com\\\/avatar\\\/b6992f131dc8d30ab0dff15446e9d346d9dbd95992de0fef795073f5ea83a81c?s=96&d=mm&r=g\",\"caption\":\"La Gu\u00eda de Pamplona\"}}]}<\/script>\n<!-- \/ Yoast SEO plugin. -->","yoast_head_json":{"title":"Ayuntamiento de Pamplona y Gobierno de Navarra firman el convenio de colaboraci\u00f3n para la financiaci\u00f3n de los servicios sociales de base municipales","description":"El Gobierno de Navarra aportar\u00e1 en torno a 25 millones de euros y el Ayuntamiento de Pamplona en torno a los 16 millones, hasta el a\u00f1o 2027","robots":{"index":"index","follow":"follow","max-snippet":"max-snippet:-1","max-image-preview":"max-image-preview:large","max-video-preview":"max-video-preview:-1"},"canonical":"https:\/\/www.laguiadepamplona.com\/actualidad\/ayuntamiento-de-pamplona-y-gobierno-de-navarra-firman-el-convenio-de-colaboracion-para-la-financiacion-de-los-servicios-sociales-de-base-municipales\/","og_locale":"es_ES","og_type":"article","og_title":"Ayuntamiento de Pamplona y Gobierno de Navarra firman el convenio de colaboraci\u00f3n para la financiaci\u00f3n de los servicios sociales de base municipales","og_description":"El Gobierno de Navarra aportar\u00e1 en torno a 25 millones de euros y el Ayuntamiento de Pamplona en torno a los 16 millones, hasta el a\u00f1o 2027","og_url":"https:\/\/www.laguiadepamplona.com\/actualidad\/ayuntamiento-de-pamplona-y-gobierno-de-navarra-firman-el-convenio-de-colaboracion-para-la-financiacion-de-los-servicios-sociales-de-base-municipales\/","og_site_name":"La Gu\u00eda de Pamplona","article_publisher":"https:\/\/www.facebook.com\/laguiadepamplonacom-133175176762273\/?ref=hl","article_published_time":"2024-02-21T10:40:10+00:00","og_image":[{"width":1200,"height":900,"url":"https:\/\/www.laguiadepamplona.com\/actualidad\/wp-content\/uploads\/2024\/02\/24.02.22_convenio_servicios_sociales1.webp","type":"image\/webp"}],"author":"La Gu\u00eda de Pamplona","twitter_card":"summary_large_image","twitter_creator":"@LaGuiadPamplona","twitter_site":"@LaGuiadPamplona","twitter_misc":{"Escrito por":"La Gu\u00eda de Pamplona","Tiempo de lectura":"4 minutos"},"schema":{"@context":"https:\/\/schema.org","@graph":[{"@type":"Article","@id":"https:\/\/www.laguiadepamplona.com\/actualidad\/ayuntamiento-de-pamplona-y-gobierno-de-navarra-firman-el-convenio-de-colaboracion-para-la-financiacion-de-los-servicios-sociales-de-base-municipales\/#article","isPartOf":{"@id":"https:\/\/www.laguiadepamplona.com\/actualidad\/ayuntamiento-de-pamplona-y-gobierno-de-navarra-firman-el-convenio-de-colaboracion-para-la-financiacion-de-los-servicios-sociales-de-base-municipales\/"},"author":{"name":"La Gu\u00eda de Pamplona","@id":"https:\/\/www.laguiadepamplona.com\/actualidad\/#\/schema\/person\/efe887376f0213d4657c93adc50b1fdb"},"headline":"Ayuntamiento de Pamplona y Gobierno de Navarra firman el convenio de colaboraci\u00f3n para la financiaci\u00f3n de los servicios sociales de base municipales","datePublished":"2024-02-21T10:40:10+00:00","mainEntityOfPage":{"@id":"https:\/\/www.laguiadepamplona.com\/actualidad\/ayuntamiento-de-pamplona-y-gobierno-de-navarra-firman-el-convenio-de-colaboracion-para-la-financiacion-de-los-servicios-sociales-de-base-municipales\/"},"wordCount":839,"commentCount":0,"publisher":{"@id":"https:\/\/www.laguiadepamplona.com\/actualidad\/#organization"},"image":{"@id":"https:\/\/www.laguiadepamplona.com\/actualidad\/ayuntamiento-de-pamplona-y-gobierno-de-navarra-firman-el-convenio-de-colaboracion-para-la-financiacion-de-los-servicios-sociales-de-base-municipales\/#primaryimage"},"thumbnailUrl":"https:\/\/www.laguiadepamplona.com\/actualidad\/wp-content\/uploads\/2024\/02\/24.02.22_convenio_servicios_sociales1.webp","articleSection":["Ayto Pamplona"],"inLanguage":"es","potentialAction":[{"@type":"CommentAction","name":"Comment","target":["https:\/\/www.laguiadepamplona.com\/actualidad\/ayuntamiento-de-pamplona-y-gobierno-de-navarra-firman-el-convenio-de-colaboracion-para-la-financiacion-de-los-servicios-sociales-de-base-municipales\/#respond"]}]},{"@type":"WebPage","@id":"https:\/\/www.laguiadepamplona.com\/actualidad\/ayuntamiento-de-pamplona-y-gobierno-de-navarra-firman-el-convenio-de-colaboracion-para-la-financiacion-de-los-servicios-sociales-de-base-municipales\/","url":"https:\/\/www.laguiadepamplona.com\/actualidad\/ayuntamiento-de-pamplona-y-gobierno-de-navarra-firman-el-convenio-de-colaboracion-para-la-financiacion-de-los-servicios-sociales-de-base-municipales\/","name":"Ayuntamiento de Pamplona y Gobierno de Navarra firman el convenio de colaboraci\u00f3n para la financiaci\u00f3n de los servicios sociales de base municipales","isPartOf":{"@id":"https:\/\/www.laguiadepamplona.com\/actualidad\/#website"},"primaryImageOfPage":{"@id":"https:\/\/www.laguiadepamplona.com\/actualidad\/ayuntamiento-de-pamplona-y-gobierno-de-navarra-firman-el-convenio-de-colaboracion-para-la-financiacion-de-los-servicios-sociales-de-base-municipales\/#primaryimage"},"image":{"@id":"https:\/\/www.laguiadepamplona.com\/actualidad\/ayuntamiento-de-pamplona-y-gobierno-de-navarra-firman-el-convenio-de-colaboracion-para-la-financiacion-de-los-servicios-sociales-de-base-municipales\/#primaryimage"},"thumbnailUrl":"https:\/\/www.laguiadepamplona.com\/actualidad\/wp-content\/uploads\/2024\/02\/24.02.22_convenio_servicios_sociales1.webp","datePublished":"2024-02-21T10:40:10+00:00","description":"El Gobierno de Navarra aportar\u00e1 en torno a 25 millones de euros y el Ayuntamiento de Pamplona en torno a los 16 millones, hasta el a\u00f1o 2027","breadcrumb":{"@id":"https:\/\/www.laguiadepamplona.com\/actualidad\/ayuntamiento-de-pamplona-y-gobierno-de-navarra-firman-el-convenio-de-colaboracion-para-la-financiacion-de-los-servicios-sociales-de-base-municipales\/#breadcrumb"},"inLanguage":"es","potentialAction":[{"@type":"ReadAction","target":["https:\/\/www.laguiadepamplona.com\/actualidad\/ayuntamiento-de-pamplona-y-gobierno-de-navarra-firman-el-convenio-de-colaboracion-para-la-financiacion-de-los-servicios-sociales-de-base-municipales\/"]}]},{"@type":"ImageObject","inLanguage":"es","@id":"https:\/\/www.laguiadepamplona.com\/actualidad\/ayuntamiento-de-pamplona-y-gobierno-de-navarra-firman-el-convenio-de-colaboracion-para-la-financiacion-de-los-servicios-sociales-de-base-municipales\/#primaryimage","url":"https:\/\/www.laguiadepamplona.com\/actualidad\/wp-content\/uploads\/2024\/02\/24.02.22_convenio_servicios_sociales1.webp","contentUrl":"https:\/\/www.laguiadepamplona.com\/actualidad\/wp-content\/uploads\/2024\/02\/24.02.22_convenio_servicios_sociales1.webp","width":1200,"height":900,"caption":"convenio"},{"@type":"BreadcrumbList","@id":"https:\/\/www.laguiadepamplona.com\/actualidad\/ayuntamiento-de-pamplona-y-gobierno-de-navarra-firman-el-convenio-de-colaboracion-para-la-financiacion-de-los-servicios-sociales-de-base-municipales\/#breadcrumb","itemListElement":[{"@type":"ListItem","position":1,"name":"Portada","item":"https:\/\/www.laguiadepamplona.com\/actualidad\/"},{"@type":"ListItem","position":2,"name":"Ayuntamiento de Pamplona y Gobierno de Navarra firman el convenio de colaboraci\u00f3n para la financiaci\u00f3n de los servicios sociales de base municipales"}]},{"@type":"WebSite","@id":"https:\/\/www.laguiadepamplona.com\/actualidad\/#website","url":"https:\/\/www.laguiadepamplona.com\/actualidad\/","name":"La gu\u00eda de Pamplona","description":"Noticias de Pamplona","publisher":{"@id":"https:\/\/www.laguiadepamplona.com\/actualidad\/#organization"},"potentialAction":[{"@type":"SearchAction","target":{"@type":"EntryPoint","urlTemplate":"https:\/\/www.laguiadepamplona.com\/actualidad\/?s={search_term_string}"},"query-input":{"@type":"PropertyValueSpecification","valueRequired":true,"valueName":"search_term_string"}}],"inLanguage":"es"},{"@type":"Organization","@id":"https:\/\/www.laguiadepamplona.com\/actualidad\/#organization","name":"La Gu\u00eda de Pamplona \/ Noticias","url":"https:\/\/www.laguiadepamplona.com\/actualidad\/","logo":{"@type":"ImageObject","inLanguage":"es","@id":"https:\/\/www.laguiadepamplona.com\/actualidad\/#\/schema\/logo\/image\/","url":"https:\/\/www.laguiadepamplona.com\/actualidad\/wp-content\/uploads\/2018\/11\/logo-laguiadepamplona18-web1.png","contentUrl":"https:\/\/www.laguiadepamplona.com\/actualidad\/wp-content\/uploads\/2018\/11\/logo-laguiadepamplona18-web1.png","width":600,"height":196,"caption":"La Gu\u00eda de Pamplona \/ Noticias"},"image":{"@id":"https:\/\/www.laguiadepamplona.com\/actualidad\/#\/schema\/logo\/image\/"},"sameAs":["https:\/\/www.facebook.com\/laguiadepamplonacom-133175176762273\/?ref=hl","https:\/\/x.com\/LaGuiadPamplona","https:\/\/www.instagram.com\/la_guia_de_pamplona\/","https:\/\/www.youtube.com\/user\/laguiadepamplona"]},{"@type":"Person","@id":"https:\/\/www.laguiadepamplona.com\/actualidad\/#\/schema\/person\/efe887376f0213d4657c93adc50b1fdb","name":"La Gu\u00eda de Pamplona","image":{"@type":"ImageObject","inLanguage":"es","@id":"https:\/\/secure.gravatar.com\/avatar\/b6992f131dc8d30ab0dff15446e9d346d9dbd95992de0fef795073f5ea83a81c?s=96&d=mm&r=g","url":"https:\/\/secure.gravatar.com\/avatar\/b6992f131dc8d30ab0dff15446e9d346d9dbd95992de0fef795073f5ea83a81c?s=96&d=mm&r=g","contentUrl":"https:\/\/secure.gravatar.com\/avatar\/b6992f131dc8d30ab0dff15446e9d346d9dbd95992de0fef795073f5ea83a81c?s=96&d=mm&r=g","caption":"La Gu\u00eda de Pamplona"}}]}},"post_mailing_queue_ids":[],"_links":{"self":[{"href":"https:\/\/www.laguiadepamplona.com\/actualidad\/wp-json\/wp\/v2\/posts\/48803","targetHints":{"allow":["GET"]}}],"collection":[{"href":"https:\/\/www.laguiadepamplona.com\/actualidad\/wp-json\/wp\/v2\/posts"}],"about":[{"href":"https:\/\/www.laguiadepamplona.com\/actualidad\/wp-json\/wp\/v2\/types\/post"}],"author":[{"embeddable":true,"href":"https:\/\/www.laguiadepamplona.com\/actualidad\/wp-json\/wp\/v2\/users\/1"}],"replies":[{"embeddable":true,"href":"https:\/\/www.laguiadepamplona.com\/actualidad\/wp-json\/wp\/v2\/comments?post=48803"}],"version-history":[{"count":1,"href":"https:\/\/www.laguiadepamplona.com\/actualidad\/wp-json\/wp\/v2\/posts\/48803\/revisions"}],"predecessor-version":[{"id":48805,"href":"https:\/\/www.laguiadepamplona.com\/actualidad\/wp-json\/wp\/v2\/posts\/48803\/revisions\/48805"}],"wp:featuredmedia":[{"embeddable":true,"href":"https:\/\/www.laguiadepamplona.com\/actualidad\/wp-json\/wp\/v2\/media\/48804"}],"wp:attachment":[{"href":"https:\/\/www.laguiadepamplona.com\/actualidad\/wp-json\/wp\/v2\/media?parent=48803"}],"wp:term":[{"taxonomy":"category","embeddable":true,"href":"https:\/\/www.laguiadepamplona.com\/actualidad\/wp-json\/wp\/v2\/categories?post=48803"},{"taxonomy":"post_tag","embeddable":true,"href":"https:\/\/www.laguiadepamplona.com\/actualidad\/wp-json\/wp\/v2\/tags?post=48803"}],"curies":[{"name":"wp","href":"https:\/\/api.w.org\/{rel}","templated":true}]}}