{"id":48771,"date":"2024-02-19T13:34:12","date_gmt":"2024-02-19T11:34:12","guid":{"rendered":"https:\/\/www.laguiadepamplona.com\/actualidad\/?p=48771"},"modified":"2024-02-19T13:34:12","modified_gmt":"2024-02-19T11:34:12","slug":"los-nombres-de-10-mujeres-represaliadas-reclamaran-igualdad-y-memoria-desde-las-calles-de-txantrea-sur","status":"publish","type":"post","link":"https:\/\/www.laguiadepamplona.com\/actualidad\/los-nombres-de-10-mujeres-represaliadas-reclamaran-igualdad-y-memoria-desde-las-calles-de-txantrea-sur\/","title":{"rendered":"Los nombres de 10 mujeres represaliadas reclamar\u00e1n igualdad y memoria desde las calles de Txantrea Sur"},"content":{"rendered":"<h2>El Ayuntamiento de Pamplona se basa en una investigaci\u00f3n de la UPNA, con el apoyo vecinal y los del Consejo municipal y el grupo Nombrar Mujeres<\/h2>\n<p><!--more--><\/p>\n<p>El Ayuntamiento de Pamplona nombrar\u00e1 siete calles y tres plazas con otros tantos nombres de mujeres de la ciudad represaliadas por el franquismo. A partir de ahora sus vidas presidir\u00e1n partes del espacio p\u00fablico convirti\u00e9ndolo en un espacio simb\u00f3lico de memoria, a la vez que en un paso m\u00e1s hacia la igualdad entre mujeres y hombres que reclama el III Plan para la Igualdad del Consistorio.<\/p>\n<p>Las mujeres cuya memoria ser\u00e1 recordada en placas del callejero son: Julia Bea Soto; Dora Serrano Serrano; Aurora G\u00f3mez Urrutia; Julia Fern\u00e1ndez Zabaleta; M\u00aa Luisa El\u00edo Bernal; Josefina Guerendiain Caro; Nemesia Bazt\u00e1n Turrau; Ramona Zapatero Zapatel; Matilde Huici Navaz y M\u00aa Carmen H\u00fader Carlosena.<br \/>\n<script async src=\"\/\/pagead2.googlesyndication.com\/pagead\/js\/adsbygoogle.js\"><\/script><br \/>\n<!-- Noticias La Guia de Pamplona --><br \/>\n<ins class=\"adsbygoogle\"\nstyle=\"display:block\"\ndata-ad-client=\"ca-pub-6943679897239327\"\ndata-ad-slot=\"7048180777\"\ndata-ad-format=\"auto\"><\/ins><br \/>\n<script>\n(adsbygoogle = window.adsbygoogle || []).push({});\n<\/script><br \/>\nEsta ma\u00f1ana la concejala delegada de Igualdad, Acci\u00f3n Comunitaria, Barrios, Participaci\u00f3n Ciudadana y Euskera, Zaloa Basabe, ha presentado la iniciativa que se apoya en la informaci\u00f3n disponible en la base de datos del Fondo Documental de la Memoria Hist\u00f3rica en Navarra (<a href=\"https:\/\/memoriaoroimena.unavarra.es\/\" target=\"_blank\" rel=\"noopener\">https:\/\/memoriaoroimena.unavarra.es\/<\/a>), de la UPNA. La base de esta decisi\u00f3n se asienta en concebir el callejero no solo como una gu\u00eda o un mapa que no solo refleje sobre el plano la organizaci\u00f3n del espacio urbano, sino que, a trav\u00e9s del nombre de sus calles, plazas y edificios p\u00fablicos, permita a la ciudadan\u00eda descubrir lugares, personajes y acontecimientos que han marcado el devenir hist\u00f3rico de un lugar. Adem\u00e1s, elegir para el callejero trayectorias de mujeres promueve, mediante la visibilizaci\u00f3n, avanzar en la igualdad entre mujeres y hombres.<\/p>\n<p>El proceso para llegar a esta resoluci\u00f3n comenz\u00f3 en 2021. En ese a\u00f1o el Ayuntamiento de Pamplona encarg\u00f3 a la Universidad P\u00fablica de Navarra (UPNA) un estudio sobre mujeres con trayectorias destacables de Pamplona represaliadas por el franquismo, una propuesta biogr\u00e1fica de dedicaci\u00f3n nominativa que ha sido desarrollada en el \u00e1mbito universitario por la investigadora Gemma Pi\u00e9rola Narvarte. A partir de ah\u00ed, el Pleno aprob\u00f3 un acuerdo (abril de 2022) con el respaldo vecinal de la Asociaci\u00f3n Txantrea Auzo Ekimena, y el apoyo del Grupo \u201cNombrar a las Mujeres en Pamplona\u201d y el Consejo Municipal de las Mujeres.<br \/>\n<script async src=\"\/\/pagead2.googlesyndication.com\/pagead\/js\/adsbygoogle.js\"><\/script><br \/>\n<!-- Noticias La Guia de Pamplona --><br \/>\n<ins class=\"adsbygoogle\"\nstyle=\"display:block\"\ndata-ad-client=\"ca-pub-6943679897239327\"\ndata-ad-slot=\"7048180777\"\ndata-ad-format=\"auto\"><\/ins><br \/>\n<script>\n(adsbygoogle = window.adsbygoogle || []).push({});\n<\/script><br \/>\nEl Ayuntamiento de Pamplona ha determinado que las calles y plazas que albergar\u00e1n estas p\u00edldoras de memoria sean las surgidas de la urbanizaci\u00f3n del Plan Sur de la Txantrea y en la nueva rotonda creada en ese mismo entorno, ubicada en la calle Mendigorr\u00eda. Todos los espacios son perpendiculares a la calle Privilegio de la Uni\u00f3n.<\/p>\n<p>La ciudadan\u00eda puede conocer m\u00e1s informaci\u00f3n sobre cada una de las mujeres escogidas ya que el Consistorio el a\u00f1o pasado edit\u00f3 el libro <a href=\"https:\/\/www.pamplona.es\/sites\/default\/files\/2024-02\/Mujeres%20Represaliadas_CAST%20online.pdf\" target=\"_blank\" rel=\"noopener\">\u201cHistorias silenciadas: vida y olvido de diez mujeres navarra represaliadas durante el franquismo. Una propuesta biogr\u00e1fica para su reconocimiento en espacios p\u00fablicos\u201d<\/a>. En su introducci\u00f3n el texto se reconoce como \u201cun homenaje a muchas otras mujeres que lucharon, confrontaron y sobrevivieron entre el silencio, la resistencia y el exilio, frente al horror de la guerra civil y en la larga y cruenta posguerra\u201d.<\/p>\n<p>El libro, editado en biling\u00fce, recoge im\u00e1genes del Archivo Municipal de pamplona (APM); del Fondo Documental de la Memoria Hist\u00f3rica de Navarra (UPNA); de los Fondos del Instituto Navarro de la Memoria (Gobierno de Navarra), de los archivos familiares y de Eduardo Mateo Gambarte, Esther Aldave e I\u00f1aki Beaumont y del Sindicato ELA.<\/p>\n","protected":false},"excerpt":{"rendered":"<p>El Ayuntamiento de Pamplona se basa en una investigaci\u00f3n de la UPNA, con el apoyo vecinal y los del Consejo municipal y el grupo Nombrar Mujeres<\/p>\n","protected":false},"author":1,"featured_media":48772,"comment_status":"open","ping_status":"closed","sticky":false,"template":"","format":"standard","meta":{"footnotes":""},"categories":[2],"tags":[],"class_list":["post-48771","post","type-post","status-publish","format-standard","has-post-thumbnail","hentry","category-ayuntamiento-pamplona"],"yoast_head":"<!-- This site is optimized with the Yoast SEO plugin v27.5 - https:\/\/yoast.com\/product\/yoast-seo-wordpress\/ -->\n<title>Los nombres de 10 mujeres represaliadas reclamar\u00e1n igualdad y memoria desde las calles de Txantrea Sur<\/title>\n<meta name=\"description\" content=\"El Ayuntamiento de Pamplona se basa en una investigaci\u00f3n de la UPNA, con el apoyo vecinal y los del Consejo municipal y el grupo Nombrar Mujeres\" \/>\n<meta name=\"robots\" content=\"index, follow, max-snippet:-1, max-image-preview:large, max-video-preview:-1\" \/>\n<link rel=\"canonical\" href=\"https:\/\/www.laguiadepamplona.com\/actualidad\/los-nombres-de-10-mujeres-represaliadas-reclamaran-igualdad-y-memoria-desde-las-calles-de-txantrea-sur\/\" \/>\n<meta property=\"og:locale\" content=\"es_ES\" \/>\n<meta property=\"og:type\" content=\"article\" \/>\n<meta property=\"og:title\" content=\"Los nombres de 10 mujeres represaliadas reclamar\u00e1n igualdad y memoria desde las calles de Txantrea Sur\" \/>\n<meta property=\"og:description\" content=\"El Ayuntamiento de Pamplona se basa en una investigaci\u00f3n de la UPNA, con el apoyo vecinal y los del Consejo municipal y el grupo Nombrar Mujeres\" \/>\n<meta property=\"og:url\" content=\"https:\/\/www.laguiadepamplona.com\/actualidad\/los-nombres-de-10-mujeres-represaliadas-reclamaran-igualdad-y-memoria-desde-las-calles-de-txantrea-sur\/\" \/>\n<meta property=\"og:site_name\" content=\"La Gu\u00eda de Pamplona\" \/>\n<meta property=\"article:publisher\" content=\"https:\/\/www.facebook.com\/laguiadepamplonacom-133175176762273\/?ref=hl\" \/>\n<meta property=\"article:published_time\" content=\"2024-02-19T11:34:12+00:00\" \/>\n<meta property=\"og:image\" content=\"https:\/\/www.laguiadepamplona.com\/actualidad\/wp-content\/uploads\/2024\/02\/24.02.19_PLANO-TXANTREA.webp\" \/>\n\t<meta property=\"og:image:width\" content=\"1200\" \/>\n\t<meta property=\"og:image:height\" content=\"675\" \/>\n\t<meta property=\"og:image:type\" content=\"image\/webp\" \/>\n<meta name=\"author\" content=\"La Gu\u00eda de Pamplona\" \/>\n<meta name=\"twitter:card\" content=\"summary_large_image\" \/>\n<meta name=\"twitter:creator\" content=\"@LaGuiadPamplona\" \/>\n<meta name=\"twitter:site\" content=\"@LaGuiadPamplona\" \/>\n<meta name=\"twitter:label1\" content=\"Escrito por\" \/>\n\t<meta name=\"twitter:data1\" content=\"La Gu\u00eda de Pamplona\" \/>\n\t<meta name=\"twitter:label2\" content=\"Tiempo de lectura\" \/>\n\t<meta name=\"twitter:data2\" content=\"3 minutos\" \/>\n<script type=\"application\/ld+json\" class=\"yoast-schema-graph\">{\"@context\":\"https:\\\/\\\/schema.org\",\"@graph\":[{\"@type\":\"Article\",\"@id\":\"https:\\\/\\\/www.laguiadepamplona.com\\\/actualidad\\\/los-nombres-de-10-mujeres-represaliadas-reclamaran-igualdad-y-memoria-desde-las-calles-de-txantrea-sur\\\/#article\",\"isPartOf\":{\"@id\":\"https:\\\/\\\/www.laguiadepamplona.com\\\/actualidad\\\/los-nombres-de-10-mujeres-represaliadas-reclamaran-igualdad-y-memoria-desde-las-calles-de-txantrea-sur\\\/\"},\"author\":{\"name\":\"La Gu\u00eda de Pamplona\",\"@id\":\"https:\\\/\\\/www.laguiadepamplona.com\\\/actualidad\\\/#\\\/schema\\\/person\\\/efe887376f0213d4657c93adc50b1fdb\"},\"headline\":\"Los nombres de 10 mujeres represaliadas reclamar\u00e1n igualdad y memoria desde las calles de Txantrea Sur\",\"datePublished\":\"2024-02-19T11:34:12+00:00\",\"mainEntityOfPage\":{\"@id\":\"https:\\\/\\\/www.laguiadepamplona.com\\\/actualidad\\\/los-nombres-de-10-mujeres-represaliadas-reclamaran-igualdad-y-memoria-desde-las-calles-de-txantrea-sur\\\/\"},\"wordCount\":621,\"commentCount\":0,\"publisher\":{\"@id\":\"https:\\\/\\\/www.laguiadepamplona.com\\\/actualidad\\\/#organization\"},\"image\":{\"@id\":\"https:\\\/\\\/www.laguiadepamplona.com\\\/actualidad\\\/los-nombres-de-10-mujeres-represaliadas-reclamaran-igualdad-y-memoria-desde-las-calles-de-txantrea-sur\\\/#primaryimage\"},\"thumbnailUrl\":\"https:\\\/\\\/www.laguiadepamplona.com\\\/actualidad\\\/wp-content\\\/uploads\\\/2024\\\/02\\\/24.02.19_PLANO-TXANTREA.webp\",\"articleSection\":[\"Ayto Pamplona\"],\"inLanguage\":\"es\",\"potentialAction\":[{\"@type\":\"CommentAction\",\"name\":\"Comment\",\"target\":[\"https:\\\/\\\/www.laguiadepamplona.com\\\/actualidad\\\/los-nombres-de-10-mujeres-represaliadas-reclamaran-igualdad-y-memoria-desde-las-calles-de-txantrea-sur\\\/#respond\"]}]},{\"@type\":\"WebPage\",\"@id\":\"https:\\\/\\\/www.laguiadepamplona.com\\\/actualidad\\\/los-nombres-de-10-mujeres-represaliadas-reclamaran-igualdad-y-memoria-desde-las-calles-de-txantrea-sur\\\/\",\"url\":\"https:\\\/\\\/www.laguiadepamplona.com\\\/actualidad\\\/los-nombres-de-10-mujeres-represaliadas-reclamaran-igualdad-y-memoria-desde-las-calles-de-txantrea-sur\\\/\",\"name\":\"Los nombres de 10 mujeres represaliadas reclamar\u00e1n igualdad y memoria desde las calles de Txantrea Sur\",\"isPartOf\":{\"@id\":\"https:\\\/\\\/www.laguiadepamplona.com\\\/actualidad\\\/#website\"},\"primaryImageOfPage\":{\"@id\":\"https:\\\/\\\/www.laguiadepamplona.com\\\/actualidad\\\/los-nombres-de-10-mujeres-represaliadas-reclamaran-igualdad-y-memoria-desde-las-calles-de-txantrea-sur\\\/#primaryimage\"},\"image\":{\"@id\":\"https:\\\/\\\/www.laguiadepamplona.com\\\/actualidad\\\/los-nombres-de-10-mujeres-represaliadas-reclamaran-igualdad-y-memoria-desde-las-calles-de-txantrea-sur\\\/#primaryimage\"},\"thumbnailUrl\":\"https:\\\/\\\/www.laguiadepamplona.com\\\/actualidad\\\/wp-content\\\/uploads\\\/2024\\\/02\\\/24.02.19_PLANO-TXANTREA.webp\",\"datePublished\":\"2024-02-19T11:34:12+00:00\",\"description\":\"El Ayuntamiento de Pamplona se basa en una investigaci\u00f3n de la UPNA, con el apoyo vecinal y los del Consejo municipal y el grupo Nombrar Mujeres\",\"breadcrumb\":{\"@id\":\"https:\\\/\\\/www.laguiadepamplona.com\\\/actualidad\\\/los-nombres-de-10-mujeres-represaliadas-reclamaran-igualdad-y-memoria-desde-las-calles-de-txantrea-sur\\\/#breadcrumb\"},\"inLanguage\":\"es\",\"potentialAction\":[{\"@type\":\"ReadAction\",\"target\":[\"https:\\\/\\\/www.laguiadepamplona.com\\\/actualidad\\\/los-nombres-de-10-mujeres-represaliadas-reclamaran-igualdad-y-memoria-desde-las-calles-de-txantrea-sur\\\/\"]}]},{\"@type\":\"ImageObject\",\"inLanguage\":\"es\",\"@id\":\"https:\\\/\\\/www.laguiadepamplona.com\\\/actualidad\\\/los-nombres-de-10-mujeres-represaliadas-reclamaran-igualdad-y-memoria-desde-las-calles-de-txantrea-sur\\\/#primaryimage\",\"url\":\"https:\\\/\\\/www.laguiadepamplona.com\\\/actualidad\\\/wp-content\\\/uploads\\\/2024\\\/02\\\/24.02.19_PLANO-TXANTREA.webp\",\"contentUrl\":\"https:\\\/\\\/www.laguiadepamplona.com\\\/actualidad\\\/wp-content\\\/uploads\\\/2024\\\/02\\\/24.02.19_PLANO-TXANTREA.webp\",\"width\":1200,\"height\":675,\"caption\":\"plano txantrea\"},{\"@type\":\"BreadcrumbList\",\"@id\":\"https:\\\/\\\/www.laguiadepamplona.com\\\/actualidad\\\/los-nombres-de-10-mujeres-represaliadas-reclamaran-igualdad-y-memoria-desde-las-calles-de-txantrea-sur\\\/#breadcrumb\",\"itemListElement\":[{\"@type\":\"ListItem\",\"position\":1,\"name\":\"Portada\",\"item\":\"https:\\\/\\\/www.laguiadepamplona.com\\\/actualidad\\\/\"},{\"@type\":\"ListItem\",\"position\":2,\"name\":\"Los nombres de 10 mujeres represaliadas reclamar\u00e1n igualdad y memoria desde las calles de Txantrea Sur\"}]},{\"@type\":\"WebSite\",\"@id\":\"https:\\\/\\\/www.laguiadepamplona.com\\\/actualidad\\\/#website\",\"url\":\"https:\\\/\\\/www.laguiadepamplona.com\\\/actualidad\\\/\",\"name\":\"La gu\u00eda de Pamplona\",\"description\":\"Noticias de Pamplona\",\"publisher\":{\"@id\":\"https:\\\/\\\/www.laguiadepamplona.com\\\/actualidad\\\/#organization\"},\"potentialAction\":[{\"@type\":\"SearchAction\",\"target\":{\"@type\":\"EntryPoint\",\"urlTemplate\":\"https:\\\/\\\/www.laguiadepamplona.com\\\/actualidad\\\/?s={search_term_string}\"},\"query-input\":{\"@type\":\"PropertyValueSpecification\",\"valueRequired\":true,\"valueName\":\"search_term_string\"}}],\"inLanguage\":\"es\"},{\"@type\":\"Organization\",\"@id\":\"https:\\\/\\\/www.laguiadepamplona.com\\\/actualidad\\\/#organization\",\"name\":\"La Gu\u00eda de Pamplona \\\/ Noticias\",\"url\":\"https:\\\/\\\/www.laguiadepamplona.com\\\/actualidad\\\/\",\"logo\":{\"@type\":\"ImageObject\",\"inLanguage\":\"es\",\"@id\":\"https:\\\/\\\/www.laguiadepamplona.com\\\/actualidad\\\/#\\\/schema\\\/logo\\\/image\\\/\",\"url\":\"https:\\\/\\\/www.laguiadepamplona.com\\\/actualidad\\\/wp-content\\\/uploads\\\/2018\\\/11\\\/logo-laguiadepamplona18-web1.png\",\"contentUrl\":\"https:\\\/\\\/www.laguiadepamplona.com\\\/actualidad\\\/wp-content\\\/uploads\\\/2018\\\/11\\\/logo-laguiadepamplona18-web1.png\",\"width\":600,\"height\":196,\"caption\":\"La Gu\u00eda de Pamplona \\\/ Noticias\"},\"image\":{\"@id\":\"https:\\\/\\\/www.laguiadepamplona.com\\\/actualidad\\\/#\\\/schema\\\/logo\\\/image\\\/\"},\"sameAs\":[\"https:\\\/\\\/www.facebook.com\\\/laguiadepamplonacom-133175176762273\\\/?ref=hl\",\"https:\\\/\\\/x.com\\\/LaGuiadPamplona\",\"https:\\\/\\\/www.instagram.com\\\/la_guia_de_pamplona\\\/\",\"https:\\\/\\\/www.youtube.com\\\/user\\\/laguiadepamplona\"]},{\"@type\":\"Person\",\"@id\":\"https:\\\/\\\/www.laguiadepamplona.com\\\/actualidad\\\/#\\\/schema\\\/person\\\/efe887376f0213d4657c93adc50b1fdb\",\"name\":\"La Gu\u00eda de Pamplona\",\"image\":{\"@type\":\"ImageObject\",\"inLanguage\":\"es\",\"@id\":\"https:\\\/\\\/secure.gravatar.com\\\/avatar\\\/b6992f131dc8d30ab0dff15446e9d346d9dbd95992de0fef795073f5ea83a81c?s=96&d=mm&r=g\",\"url\":\"https:\\\/\\\/secure.gravatar.com\\\/avatar\\\/b6992f131dc8d30ab0dff15446e9d346d9dbd95992de0fef795073f5ea83a81c?s=96&d=mm&r=g\",\"contentUrl\":\"https:\\\/\\\/secure.gravatar.com\\\/avatar\\\/b6992f131dc8d30ab0dff15446e9d346d9dbd95992de0fef795073f5ea83a81c?s=96&d=mm&r=g\",\"caption\":\"La Gu\u00eda de Pamplona\"}}]}<\/script>\n<!-- \/ Yoast SEO plugin. -->","yoast_head_json":{"title":"Los nombres de 10 mujeres represaliadas reclamar\u00e1n igualdad y memoria desde las calles de Txantrea Sur","description":"El Ayuntamiento de Pamplona se basa en una investigaci\u00f3n de la UPNA, con el apoyo vecinal y los del Consejo municipal y el grupo Nombrar Mujeres","robots":{"index":"index","follow":"follow","max-snippet":"max-snippet:-1","max-image-preview":"max-image-preview:large","max-video-preview":"max-video-preview:-1"},"canonical":"https:\/\/www.laguiadepamplona.com\/actualidad\/los-nombres-de-10-mujeres-represaliadas-reclamaran-igualdad-y-memoria-desde-las-calles-de-txantrea-sur\/","og_locale":"es_ES","og_type":"article","og_title":"Los nombres de 10 mujeres represaliadas reclamar\u00e1n igualdad y memoria desde las calles de Txantrea Sur","og_description":"El Ayuntamiento de Pamplona se basa en una investigaci\u00f3n de la UPNA, con el apoyo vecinal y los del Consejo municipal y el grupo Nombrar Mujeres","og_url":"https:\/\/www.laguiadepamplona.com\/actualidad\/los-nombres-de-10-mujeres-represaliadas-reclamaran-igualdad-y-memoria-desde-las-calles-de-txantrea-sur\/","og_site_name":"La Gu\u00eda de Pamplona","article_publisher":"https:\/\/www.facebook.com\/laguiadepamplonacom-133175176762273\/?ref=hl","article_published_time":"2024-02-19T11:34:12+00:00","og_image":[{"width":1200,"height":675,"url":"https:\/\/www.laguiadepamplona.com\/actualidad\/wp-content\/uploads\/2024\/02\/24.02.19_PLANO-TXANTREA.webp","type":"image\/webp"}],"author":"La Gu\u00eda de Pamplona","twitter_card":"summary_large_image","twitter_creator":"@LaGuiadPamplona","twitter_site":"@LaGuiadPamplona","twitter_misc":{"Escrito por":"La Gu\u00eda de Pamplona","Tiempo de lectura":"3 minutos"},"schema":{"@context":"https:\/\/schema.org","@graph":[{"@type":"Article","@id":"https:\/\/www.laguiadepamplona.com\/actualidad\/los-nombres-de-10-mujeres-represaliadas-reclamaran-igualdad-y-memoria-desde-las-calles-de-txantrea-sur\/#article","isPartOf":{"@id":"https:\/\/www.laguiadepamplona.com\/actualidad\/los-nombres-de-10-mujeres-represaliadas-reclamaran-igualdad-y-memoria-desde-las-calles-de-txantrea-sur\/"},"author":{"name":"La Gu\u00eda de Pamplona","@id":"https:\/\/www.laguiadepamplona.com\/actualidad\/#\/schema\/person\/efe887376f0213d4657c93adc50b1fdb"},"headline":"Los nombres de 10 mujeres represaliadas reclamar\u00e1n igualdad y memoria desde las calles de Txantrea Sur","datePublished":"2024-02-19T11:34:12+00:00","mainEntityOfPage":{"@id":"https:\/\/www.laguiadepamplona.com\/actualidad\/los-nombres-de-10-mujeres-represaliadas-reclamaran-igualdad-y-memoria-desde-las-calles-de-txantrea-sur\/"},"wordCount":621,"commentCount":0,"publisher":{"@id":"https:\/\/www.laguiadepamplona.com\/actualidad\/#organization"},"image":{"@id":"https:\/\/www.laguiadepamplona.com\/actualidad\/los-nombres-de-10-mujeres-represaliadas-reclamaran-igualdad-y-memoria-desde-las-calles-de-txantrea-sur\/#primaryimage"},"thumbnailUrl":"https:\/\/www.laguiadepamplona.com\/actualidad\/wp-content\/uploads\/2024\/02\/24.02.19_PLANO-TXANTREA.webp","articleSection":["Ayto Pamplona"],"inLanguage":"es","potentialAction":[{"@type":"CommentAction","name":"Comment","target":["https:\/\/www.laguiadepamplona.com\/actualidad\/los-nombres-de-10-mujeres-represaliadas-reclamaran-igualdad-y-memoria-desde-las-calles-de-txantrea-sur\/#respond"]}]},{"@type":"WebPage","@id":"https:\/\/www.laguiadepamplona.com\/actualidad\/los-nombres-de-10-mujeres-represaliadas-reclamaran-igualdad-y-memoria-desde-las-calles-de-txantrea-sur\/","url":"https:\/\/www.laguiadepamplona.com\/actualidad\/los-nombres-de-10-mujeres-represaliadas-reclamaran-igualdad-y-memoria-desde-las-calles-de-txantrea-sur\/","name":"Los nombres de 10 mujeres represaliadas reclamar\u00e1n igualdad y memoria desde las calles de Txantrea Sur","isPartOf":{"@id":"https:\/\/www.laguiadepamplona.com\/actualidad\/#website"},"primaryImageOfPage":{"@id":"https:\/\/www.laguiadepamplona.com\/actualidad\/los-nombres-de-10-mujeres-represaliadas-reclamaran-igualdad-y-memoria-desde-las-calles-de-txantrea-sur\/#primaryimage"},"image":{"@id":"https:\/\/www.laguiadepamplona.com\/actualidad\/los-nombres-de-10-mujeres-represaliadas-reclamaran-igualdad-y-memoria-desde-las-calles-de-txantrea-sur\/#primaryimage"},"thumbnailUrl":"https:\/\/www.laguiadepamplona.com\/actualidad\/wp-content\/uploads\/2024\/02\/24.02.19_PLANO-TXANTREA.webp","datePublished":"2024-02-19T11:34:12+00:00","description":"El Ayuntamiento de Pamplona se basa en una investigaci\u00f3n de la UPNA, con el apoyo vecinal y los del Consejo municipal y el grupo Nombrar Mujeres","breadcrumb":{"@id":"https:\/\/www.laguiadepamplona.com\/actualidad\/los-nombres-de-10-mujeres-represaliadas-reclamaran-igualdad-y-memoria-desde-las-calles-de-txantrea-sur\/#breadcrumb"},"inLanguage":"es","potentialAction":[{"@type":"ReadAction","target":["https:\/\/www.laguiadepamplona.com\/actualidad\/los-nombres-de-10-mujeres-represaliadas-reclamaran-igualdad-y-memoria-desde-las-calles-de-txantrea-sur\/"]}]},{"@type":"ImageObject","inLanguage":"es","@id":"https:\/\/www.laguiadepamplona.com\/actualidad\/los-nombres-de-10-mujeres-represaliadas-reclamaran-igualdad-y-memoria-desde-las-calles-de-txantrea-sur\/#primaryimage","url":"https:\/\/www.laguiadepamplona.com\/actualidad\/wp-content\/uploads\/2024\/02\/24.02.19_PLANO-TXANTREA.webp","contentUrl":"https:\/\/www.laguiadepamplona.com\/actualidad\/wp-content\/uploads\/2024\/02\/24.02.19_PLANO-TXANTREA.webp","width":1200,"height":675,"caption":"plano txantrea"},{"@type":"BreadcrumbList","@id":"https:\/\/www.laguiadepamplona.com\/actualidad\/los-nombres-de-10-mujeres-represaliadas-reclamaran-igualdad-y-memoria-desde-las-calles-de-txantrea-sur\/#breadcrumb","itemListElement":[{"@type":"ListItem","position":1,"name":"Portada","item":"https:\/\/www.laguiadepamplona.com\/actualidad\/"},{"@type":"ListItem","position":2,"name":"Los nombres de 10 mujeres represaliadas reclamar\u00e1n igualdad y memoria desde las calles de Txantrea Sur"}]},{"@type":"WebSite","@id":"https:\/\/www.laguiadepamplona.com\/actualidad\/#website","url":"https:\/\/www.laguiadepamplona.com\/actualidad\/","name":"La gu\u00eda de Pamplona","description":"Noticias de Pamplona","publisher":{"@id":"https:\/\/www.laguiadepamplona.com\/actualidad\/#organization"},"potentialAction":[{"@type":"SearchAction","target":{"@type":"EntryPoint","urlTemplate":"https:\/\/www.laguiadepamplona.com\/actualidad\/?s={search_term_string}"},"query-input":{"@type":"PropertyValueSpecification","valueRequired":true,"valueName":"search_term_string"}}],"inLanguage":"es"},{"@type":"Organization","@id":"https:\/\/www.laguiadepamplona.com\/actualidad\/#organization","name":"La Gu\u00eda de Pamplona \/ Noticias","url":"https:\/\/www.laguiadepamplona.com\/actualidad\/","logo":{"@type":"ImageObject","inLanguage":"es","@id":"https:\/\/www.laguiadepamplona.com\/actualidad\/#\/schema\/logo\/image\/","url":"https:\/\/www.laguiadepamplona.com\/actualidad\/wp-content\/uploads\/2018\/11\/logo-laguiadepamplona18-web1.png","contentUrl":"https:\/\/www.laguiadepamplona.com\/actualidad\/wp-content\/uploads\/2018\/11\/logo-laguiadepamplona18-web1.png","width":600,"height":196,"caption":"La Gu\u00eda de Pamplona \/ Noticias"},"image":{"@id":"https:\/\/www.laguiadepamplona.com\/actualidad\/#\/schema\/logo\/image\/"},"sameAs":["https:\/\/www.facebook.com\/laguiadepamplonacom-133175176762273\/?ref=hl","https:\/\/x.com\/LaGuiadPamplona","https:\/\/www.instagram.com\/la_guia_de_pamplona\/","https:\/\/www.youtube.com\/user\/laguiadepamplona"]},{"@type":"Person","@id":"https:\/\/www.laguiadepamplona.com\/actualidad\/#\/schema\/person\/efe887376f0213d4657c93adc50b1fdb","name":"La Gu\u00eda de Pamplona","image":{"@type":"ImageObject","inLanguage":"es","@id":"https:\/\/secure.gravatar.com\/avatar\/b6992f131dc8d30ab0dff15446e9d346d9dbd95992de0fef795073f5ea83a81c?s=96&d=mm&r=g","url":"https:\/\/secure.gravatar.com\/avatar\/b6992f131dc8d30ab0dff15446e9d346d9dbd95992de0fef795073f5ea83a81c?s=96&d=mm&r=g","contentUrl":"https:\/\/secure.gravatar.com\/avatar\/b6992f131dc8d30ab0dff15446e9d346d9dbd95992de0fef795073f5ea83a81c?s=96&d=mm&r=g","caption":"La Gu\u00eda de Pamplona"}}]}},"post_mailing_queue_ids":[],"_links":{"self":[{"href":"https:\/\/www.laguiadepamplona.com\/actualidad\/wp-json\/wp\/v2\/posts\/48771","targetHints":{"allow":["GET"]}}],"collection":[{"href":"https:\/\/www.laguiadepamplona.com\/actualidad\/wp-json\/wp\/v2\/posts"}],"about":[{"href":"https:\/\/www.laguiadepamplona.com\/actualidad\/wp-json\/wp\/v2\/types\/post"}],"author":[{"embeddable":true,"href":"https:\/\/www.laguiadepamplona.com\/actualidad\/wp-json\/wp\/v2\/users\/1"}],"replies":[{"embeddable":true,"href":"https:\/\/www.laguiadepamplona.com\/actualidad\/wp-json\/wp\/v2\/comments?post=48771"}],"version-history":[{"count":1,"href":"https:\/\/www.laguiadepamplona.com\/actualidad\/wp-json\/wp\/v2\/posts\/48771\/revisions"}],"predecessor-version":[{"id":48773,"href":"https:\/\/www.laguiadepamplona.com\/actualidad\/wp-json\/wp\/v2\/posts\/48771\/revisions\/48773"}],"wp:featuredmedia":[{"embeddable":true,"href":"https:\/\/www.laguiadepamplona.com\/actualidad\/wp-json\/wp\/v2\/media\/48772"}],"wp:attachment":[{"href":"https:\/\/www.laguiadepamplona.com\/actualidad\/wp-json\/wp\/v2\/media?parent=48771"}],"wp:term":[{"taxonomy":"category","embeddable":true,"href":"https:\/\/www.laguiadepamplona.com\/actualidad\/wp-json\/wp\/v2\/categories?post=48771"},{"taxonomy":"post_tag","embeddable":true,"href":"https:\/\/www.laguiadepamplona.com\/actualidad\/wp-json\/wp\/v2\/tags?post=48771"}],"curies":[{"name":"wp","href":"https:\/\/api.w.org\/{rel}","templated":true}]}}