{"id":48765,"date":"2024-02-16T20:13:17","date_gmt":"2024-02-16T18:13:17","guid":{"rendered":"https:\/\/www.laguiadepamplona.com\/actualidad\/?p=48765"},"modified":"2024-02-16T20:13:17","modified_gmt":"2024-02-16T18:13:17","slug":"arquitecturas-para-sobrevivir-reflexiona-sobre-el-concepto-de-hogar-y-la-expresion-de-la-creatividad-en-casos-de-necesidad-que-angel-marcos-ha-fotografiado-por-el-mundo","status":"publish","type":"post","link":"https:\/\/www.laguiadepamplona.com\/actualidad\/arquitecturas-para-sobrevivir-reflexiona-sobre-el-concepto-de-hogar-y-la-expresion-de-la-creatividad-en-casos-de-necesidad-que-angel-marcos-ha-fotografiado-por-el-mundo\/","title":{"rendered":"\u2018Arquitecturas para sobrevivir\u2019 reflexiona sobre el concepto de hogar y la expresi\u00f3n de la creatividad en casos de necesidad que \u00c1ngel Marcos ha fotografiado por el mundo"},"content":{"rendered":"<h2>La exposici\u00f3n permanecer\u00e1 en la Sala de Armas de Ciudadela hasta el 28 de abril<\/h2>\n<p><!--more--><\/p>\n<p>El vallisoletano \u00c1ngel Marcos presenta en la Ciudadela de Pamplona \u2018Arquitecturas para sobrevivir\u2019, una exposici\u00f3n fotogr\u00e1fica que se concibe como un viaje visual y reflexivo, a trav\u00e9s de im\u00e1genes e instalaciones, a los conceptos de arquitectura, vivienda u hogar, y su relaci\u00f3n con la creatividad para la supervivencia, recorriendo diferentes lugares del mundo. La muestra se puede visitar en la Sala de Armas hasta el pr\u00f3ximo 28 de abril.<\/p>\n<p>El director de Cultura, Fiestas, Educaci\u00f3n y Deporte, \u00cd\u00f1igo G\u00f3mez Egu\u00edluz, el comisario de la exposici\u00f3n, Carlos Ros\u00f3n, y el propio autor, \u00c1ngel Marcos, han presentado esta ma\u00f1ana una muestra que, adem\u00e1s del testimonio visual de la precariedad arquitect\u00f3nica, aporta un car\u00e1cter escenogr\u00e1fico, que elimina lo anecd\u00f3tico, con el objetivo de evocar la memoria. A trav\u00e9s de la mirada del artista, se es testigo de la resiliencia humana en medio de desaf\u00edos extremos, donde la necesidad de un hogar se convierte en una expresi\u00f3n creativa de la supervivencia.<br \/>\n<script async src=\"\/\/pagead2.googlesyndication.com\/pagead\/js\/adsbygoogle.js\"><\/script><br \/>\n<!-- Noticias La Guia de Pamplona --><br \/>\n<ins class=\"adsbygoogle\"\nstyle=\"display:block\"\ndata-ad-client=\"ca-pub-6943679897239327\"\ndata-ad-slot=\"7048180777\"\ndata-ad-format=\"auto\"><\/ins><br \/>\n<script>\n(adsbygoogle = window.adsbygoogle || []).push({});\n<\/script><br \/>\n\u2018Arquitecturas para Sobrevivir\u2019 invita a explorar la diversidad de enfoques de la construcci\u00f3n en las diferentes partes del mundo, desde las favelas de Am\u00e9rica Latina hasta los asentamientos informales de \u00c1frica y Asia. El paisaje aparece como el protagonista principal unido a la idea del viaje y al di\u00e1logo con el territorio recorrido, pasando las personas, en el caso de que asomen en la imagen, a un discreto segundo plano.<\/p>\n<p>Para \u00c1ngel Marcos, es prioritaria la ubicaci\u00f3n y el significado de las im\u00e1genes en un contexto de informaci\u00f3n global como el actual. Por ello, coloca al p\u00fablico ante lo cotidiano, haci\u00e9ndole reflexionar sobre su propia condici\u00f3n, sobre la configuraci\u00f3n de la urbe y de la sociedad, planteando preguntas cruciales sobre los retos y oportunidades asociadas con la carencia de recursos.<br \/>\n<script async src=\"\/\/pagead2.googlesyndication.com\/pagead\/js\/adsbygoogle.js\"><\/script><br \/>\n<!-- Noticias La Guia de Pamplona --><br \/>\n<ins class=\"adsbygoogle\"\nstyle=\"display:block\"\ndata-ad-client=\"ca-pub-6943679897239327\"\ndata-ad-slot=\"7048180777\"\ndata-ad-format=\"auto\"><\/ins><br \/>\n<script>\n(adsbygoogle = window.adsbygoogle || []).push({});\n<\/script><br \/>\n<strong>Concepto de \u2018No lugar\u2019<\/strong><\/p>\n<p>El artista transporta a lugares de transici\u00f3n para referirse al concepto de \u201cno lugar\u201d, que cre\u00f3 el antrop\u00f3logo Marc Aug\u00e9, buscando la verdadera imagen de las ciudades, no la versi\u00f3n edulcorada que muestran las postales o el turismo de masas. De esta forma, se reflexiona sobre la propia conexi\u00f3n con estas realidades globales y se desaf\u00eda a considerar c\u00f3mo la arquitectura puede convertirse en una herramienta para la transformaci\u00f3n social y el cambio positivo del mundo.<\/p>\n<p>\u00c1ngel Marcos naci\u00f3 en Medina del Campo en 1955. En sus trabajos, hay una profunda sensibilidad por las tem\u00e1ticas sociales, econ\u00f3micas e hist\u00f3ricas, como el poder, la vulnerabilidad, la exclusi\u00f3n o la emigraci\u00f3n y c\u00f3mo estas influyen en el medio natural y urbano. La exposici\u00f3n llega a Pamplona despu\u00e9s de que se haya podido ver tambi\u00e9n en la Fundaci\u00f3n RAC de Pontevedra, en el Jard\u00edn Bot\u00e1nico de Madrid o en el Museo Nacional de las Bellas Artes de La Habana (Cuba). En la Sala de Armas de la Ciudadela, se podr\u00e1 visitar de martes a s\u00e1bado, de 11.30 a 13.30 horas y de 18 a 20.30 horas, y los domingos y festivos, de 11.30 a 13.30 horas.<\/p>\n","protected":false},"excerpt":{"rendered":"<p>La exposici\u00f3n permanecer\u00e1 en la Sala de Armas de Ciudadela hasta el 28 de abril<\/p>\n","protected":false},"author":1,"featured_media":48766,"comment_status":"open","ping_status":"closed","sticky":false,"template":"","format":"standard","meta":{"footnotes":""},"categories":[2],"tags":[],"class_list":["post-48765","post","type-post","status-publish","format-standard","has-post-thumbnail","hentry","category-ayuntamiento-pamplona"],"yoast_head":"<!-- This site is optimized with the Yoast SEO plugin v27.3 - https:\/\/yoast.com\/product\/yoast-seo-wordpress\/ -->\n<title>\u2018Arquitecturas para sobrevivir\u2019 reflexiona sobre el concepto de hogar y la expresi\u00f3n de la creatividad en casos de necesidad que \u00c1ngel Marcos ha fotografiado por el mundo<\/title>\n<meta name=\"description\" content=\"La exposici\u00f3n permanecer\u00e1 en la Sala de Armas de Ciudadela hasta el 28 de abril\" \/>\n<meta name=\"robots\" content=\"index, follow, max-snippet:-1, max-image-preview:large, max-video-preview:-1\" \/>\n<link rel=\"canonical\" href=\"https:\/\/www.laguiadepamplona.com\/actualidad\/arquitecturas-para-sobrevivir-reflexiona-sobre-el-concepto-de-hogar-y-la-expresion-de-la-creatividad-en-casos-de-necesidad-que-angel-marcos-ha-fotografiado-por-el-mundo\/\" \/>\n<meta property=\"og:locale\" content=\"es_ES\" \/>\n<meta property=\"og:type\" content=\"article\" \/>\n<meta property=\"og:title\" content=\"\u2018Arquitecturas para sobrevivir\u2019 reflexiona sobre el concepto de hogar y la expresi\u00f3n de la creatividad en casos de necesidad que \u00c1ngel Marcos ha fotografiado por el mundo\" \/>\n<meta property=\"og:description\" content=\"La exposici\u00f3n permanecer\u00e1 en la Sala de Armas de Ciudadela hasta el 28 de abril\" \/>\n<meta property=\"og:url\" content=\"https:\/\/www.laguiadepamplona.com\/actualidad\/arquitecturas-para-sobrevivir-reflexiona-sobre-el-concepto-de-hogar-y-la-expresion-de-la-creatividad-en-casos-de-necesidad-que-angel-marcos-ha-fotografiado-por-el-mundo\/\" \/>\n<meta property=\"og:site_name\" content=\"La Gu\u00eda de Pamplona\" \/>\n<meta property=\"article:publisher\" content=\"https:\/\/www.facebook.com\/laguiadepamplonacom-133175176762273\/?ref=hl\" \/>\n<meta property=\"article:published_time\" content=\"2024-02-16T18:13:17+00:00\" \/>\n<meta property=\"og:image\" content=\"https:\/\/www.laguiadepamplona.com\/actualidad\/wp-content\/uploads\/2024\/02\/exposicion1_1.webp\" \/>\n\t<meta property=\"og:image:width\" content=\"1200\" \/>\n\t<meta property=\"og:image:height\" content=\"765\" \/>\n\t<meta property=\"og:image:type\" content=\"image\/webp\" \/>\n<meta name=\"author\" content=\"La Gu\u00eda de Pamplona\" \/>\n<meta name=\"twitter:card\" content=\"summary_large_image\" \/>\n<meta name=\"twitter:creator\" content=\"@LaGuiadPamplona\" \/>\n<meta name=\"twitter:site\" content=\"@LaGuiadPamplona\" \/>\n<meta name=\"twitter:label1\" content=\"Escrito por\" \/>\n\t<meta name=\"twitter:data1\" content=\"La Gu\u00eda de Pamplona\" \/>\n\t<meta name=\"twitter:label2\" content=\"Tiempo de lectura\" \/>\n\t<meta name=\"twitter:data2\" content=\"3 minutos\" \/>\n<script type=\"application\/ld+json\" class=\"yoast-schema-graph\">{\"@context\":\"https:\\\/\\\/schema.org\",\"@graph\":[{\"@type\":\"Article\",\"@id\":\"https:\\\/\\\/www.laguiadepamplona.com\\\/actualidad\\\/arquitecturas-para-sobrevivir-reflexiona-sobre-el-concepto-de-hogar-y-la-expresion-de-la-creatividad-en-casos-de-necesidad-que-angel-marcos-ha-fotografiado-por-el-mundo\\\/#article\",\"isPartOf\":{\"@id\":\"https:\\\/\\\/www.laguiadepamplona.com\\\/actualidad\\\/arquitecturas-para-sobrevivir-reflexiona-sobre-el-concepto-de-hogar-y-la-expresion-de-la-creatividad-en-casos-de-necesidad-que-angel-marcos-ha-fotografiado-por-el-mundo\\\/\"},\"author\":{\"name\":\"La Gu\u00eda de Pamplona\",\"@id\":\"https:\\\/\\\/www.laguiadepamplona.com\\\/actualidad\\\/#\\\/schema\\\/person\\\/efe887376f0213d4657c93adc50b1fdb\"},\"headline\":\"\u2018Arquitecturas para sobrevivir\u2019 reflexiona sobre el concepto de hogar y la expresi\u00f3n de la creatividad en casos de necesidad que \u00c1ngel Marcos ha fotografiado por el mundo\",\"datePublished\":\"2024-02-16T18:13:17+00:00\",\"mainEntityOfPage\":{\"@id\":\"https:\\\/\\\/www.laguiadepamplona.com\\\/actualidad\\\/arquitecturas-para-sobrevivir-reflexiona-sobre-el-concepto-de-hogar-y-la-expresion-de-la-creatividad-en-casos-de-necesidad-que-angel-marcos-ha-fotografiado-por-el-mundo\\\/\"},\"wordCount\":569,\"commentCount\":0,\"publisher\":{\"@id\":\"https:\\\/\\\/www.laguiadepamplona.com\\\/actualidad\\\/#organization\"},\"image\":{\"@id\":\"https:\\\/\\\/www.laguiadepamplona.com\\\/actualidad\\\/arquitecturas-para-sobrevivir-reflexiona-sobre-el-concepto-de-hogar-y-la-expresion-de-la-creatividad-en-casos-de-necesidad-que-angel-marcos-ha-fotografiado-por-el-mundo\\\/#primaryimage\"},\"thumbnailUrl\":\"https:\\\/\\\/www.laguiadepamplona.com\\\/actualidad\\\/wp-content\\\/uploads\\\/2024\\\/02\\\/exposicion1_1.webp\",\"articleSection\":[\"Ayto Pamplona\"],\"inLanguage\":\"es\",\"potentialAction\":[{\"@type\":\"CommentAction\",\"name\":\"Comment\",\"target\":[\"https:\\\/\\\/www.laguiadepamplona.com\\\/actualidad\\\/arquitecturas-para-sobrevivir-reflexiona-sobre-el-concepto-de-hogar-y-la-expresion-de-la-creatividad-en-casos-de-necesidad-que-angel-marcos-ha-fotografiado-por-el-mundo\\\/#respond\"]}]},{\"@type\":\"WebPage\",\"@id\":\"https:\\\/\\\/www.laguiadepamplona.com\\\/actualidad\\\/arquitecturas-para-sobrevivir-reflexiona-sobre-el-concepto-de-hogar-y-la-expresion-de-la-creatividad-en-casos-de-necesidad-que-angel-marcos-ha-fotografiado-por-el-mundo\\\/\",\"url\":\"https:\\\/\\\/www.laguiadepamplona.com\\\/actualidad\\\/arquitecturas-para-sobrevivir-reflexiona-sobre-el-concepto-de-hogar-y-la-expresion-de-la-creatividad-en-casos-de-necesidad-que-angel-marcos-ha-fotografiado-por-el-mundo\\\/\",\"name\":\"\u2018Arquitecturas para sobrevivir\u2019 reflexiona sobre el concepto de hogar y la expresi\u00f3n de la creatividad en casos de necesidad que \u00c1ngel Marcos ha fotografiado por el mundo\",\"isPartOf\":{\"@id\":\"https:\\\/\\\/www.laguiadepamplona.com\\\/actualidad\\\/#website\"},\"primaryImageOfPage\":{\"@id\":\"https:\\\/\\\/www.laguiadepamplona.com\\\/actualidad\\\/arquitecturas-para-sobrevivir-reflexiona-sobre-el-concepto-de-hogar-y-la-expresion-de-la-creatividad-en-casos-de-necesidad-que-angel-marcos-ha-fotografiado-por-el-mundo\\\/#primaryimage\"},\"image\":{\"@id\":\"https:\\\/\\\/www.laguiadepamplona.com\\\/actualidad\\\/arquitecturas-para-sobrevivir-reflexiona-sobre-el-concepto-de-hogar-y-la-expresion-de-la-creatividad-en-casos-de-necesidad-que-angel-marcos-ha-fotografiado-por-el-mundo\\\/#primaryimage\"},\"thumbnailUrl\":\"https:\\\/\\\/www.laguiadepamplona.com\\\/actualidad\\\/wp-content\\\/uploads\\\/2024\\\/02\\\/exposicion1_1.webp\",\"datePublished\":\"2024-02-16T18:13:17+00:00\",\"description\":\"La exposici\u00f3n permanecer\u00e1 en la Sala de Armas de Ciudadela hasta el 28 de abril\",\"breadcrumb\":{\"@id\":\"https:\\\/\\\/www.laguiadepamplona.com\\\/actualidad\\\/arquitecturas-para-sobrevivir-reflexiona-sobre-el-concepto-de-hogar-y-la-expresion-de-la-creatividad-en-casos-de-necesidad-que-angel-marcos-ha-fotografiado-por-el-mundo\\\/#breadcrumb\"},\"inLanguage\":\"es\",\"potentialAction\":[{\"@type\":\"ReadAction\",\"target\":[\"https:\\\/\\\/www.laguiadepamplona.com\\\/actualidad\\\/arquitecturas-para-sobrevivir-reflexiona-sobre-el-concepto-de-hogar-y-la-expresion-de-la-creatividad-en-casos-de-necesidad-que-angel-marcos-ha-fotografiado-por-el-mundo\\\/\"]}]},{\"@type\":\"ImageObject\",\"inLanguage\":\"es\",\"@id\":\"https:\\\/\\\/www.laguiadepamplona.com\\\/actualidad\\\/arquitecturas-para-sobrevivir-reflexiona-sobre-el-concepto-de-hogar-y-la-expresion-de-la-creatividad-en-casos-de-necesidad-que-angel-marcos-ha-fotografiado-por-el-mundo\\\/#primaryimage\",\"url\":\"https:\\\/\\\/www.laguiadepamplona.com\\\/actualidad\\\/wp-content\\\/uploads\\\/2024\\\/02\\\/exposicion1_1.webp\",\"contentUrl\":\"https:\\\/\\\/www.laguiadepamplona.com\\\/actualidad\\\/wp-content\\\/uploads\\\/2024\\\/02\\\/exposicion1_1.webp\",\"width\":1200,\"height\":765,\"caption\":\"exposici\u00f3 arquitecturas sobrevivir\"},{\"@type\":\"BreadcrumbList\",\"@id\":\"https:\\\/\\\/www.laguiadepamplona.com\\\/actualidad\\\/arquitecturas-para-sobrevivir-reflexiona-sobre-el-concepto-de-hogar-y-la-expresion-de-la-creatividad-en-casos-de-necesidad-que-angel-marcos-ha-fotografiado-por-el-mundo\\\/#breadcrumb\",\"itemListElement\":[{\"@type\":\"ListItem\",\"position\":1,\"name\":\"Portada\",\"item\":\"https:\\\/\\\/www.laguiadepamplona.com\\\/actualidad\\\/\"},{\"@type\":\"ListItem\",\"position\":2,\"name\":\"\u2018Arquitecturas para sobrevivir\u2019 reflexiona sobre el concepto de hogar y la expresi\u00f3n de la creatividad en casos de necesidad que \u00c1ngel Marcos ha fotografiado por el mundo\"}]},{\"@type\":\"WebSite\",\"@id\":\"https:\\\/\\\/www.laguiadepamplona.com\\\/actualidad\\\/#website\",\"url\":\"https:\\\/\\\/www.laguiadepamplona.com\\\/actualidad\\\/\",\"name\":\"La gu\u00eda de Pamplona\",\"description\":\"Noticias de Pamplona\",\"publisher\":{\"@id\":\"https:\\\/\\\/www.laguiadepamplona.com\\\/actualidad\\\/#organization\"},\"potentialAction\":[{\"@type\":\"SearchAction\",\"target\":{\"@type\":\"EntryPoint\",\"urlTemplate\":\"https:\\\/\\\/www.laguiadepamplona.com\\\/actualidad\\\/?s={search_term_string}\"},\"query-input\":{\"@type\":\"PropertyValueSpecification\",\"valueRequired\":true,\"valueName\":\"search_term_string\"}}],\"inLanguage\":\"es\"},{\"@type\":\"Organization\",\"@id\":\"https:\\\/\\\/www.laguiadepamplona.com\\\/actualidad\\\/#organization\",\"name\":\"La Gu\u00eda de Pamplona \\\/ Noticias\",\"url\":\"https:\\\/\\\/www.laguiadepamplona.com\\\/actualidad\\\/\",\"logo\":{\"@type\":\"ImageObject\",\"inLanguage\":\"es\",\"@id\":\"https:\\\/\\\/www.laguiadepamplona.com\\\/actualidad\\\/#\\\/schema\\\/logo\\\/image\\\/\",\"url\":\"https:\\\/\\\/www.laguiadepamplona.com\\\/actualidad\\\/wp-content\\\/uploads\\\/2018\\\/11\\\/logo-laguiadepamplona18-web1.png\",\"contentUrl\":\"https:\\\/\\\/www.laguiadepamplona.com\\\/actualidad\\\/wp-content\\\/uploads\\\/2018\\\/11\\\/logo-laguiadepamplona18-web1.png\",\"width\":600,\"height\":196,\"caption\":\"La Gu\u00eda de Pamplona \\\/ Noticias\"},\"image\":{\"@id\":\"https:\\\/\\\/www.laguiadepamplona.com\\\/actualidad\\\/#\\\/schema\\\/logo\\\/image\\\/\"},\"sameAs\":[\"https:\\\/\\\/www.facebook.com\\\/laguiadepamplonacom-133175176762273\\\/?ref=hl\",\"https:\\\/\\\/x.com\\\/LaGuiadPamplona\",\"https:\\\/\\\/www.instagram.com\\\/la_guia_de_pamplona\\\/\",\"https:\\\/\\\/www.youtube.com\\\/user\\\/laguiadepamplona\"]},{\"@type\":\"Person\",\"@id\":\"https:\\\/\\\/www.laguiadepamplona.com\\\/actualidad\\\/#\\\/schema\\\/person\\\/efe887376f0213d4657c93adc50b1fdb\",\"name\":\"La Gu\u00eda de Pamplona\",\"image\":{\"@type\":\"ImageObject\",\"inLanguage\":\"es\",\"@id\":\"https:\\\/\\\/secure.gravatar.com\\\/avatar\\\/b6992f131dc8d30ab0dff15446e9d346d9dbd95992de0fef795073f5ea83a81c?s=96&d=mm&r=g\",\"url\":\"https:\\\/\\\/secure.gravatar.com\\\/avatar\\\/b6992f131dc8d30ab0dff15446e9d346d9dbd95992de0fef795073f5ea83a81c?s=96&d=mm&r=g\",\"contentUrl\":\"https:\\\/\\\/secure.gravatar.com\\\/avatar\\\/b6992f131dc8d30ab0dff15446e9d346d9dbd95992de0fef795073f5ea83a81c?s=96&d=mm&r=g\",\"caption\":\"La Gu\u00eda de Pamplona\"}}]}<\/script>\n<!-- \/ Yoast SEO plugin. -->","yoast_head_json":{"title":"\u2018Arquitecturas para sobrevivir\u2019 reflexiona sobre el concepto de hogar y la expresi\u00f3n de la creatividad en casos de necesidad que \u00c1ngel Marcos ha fotografiado por el mundo","description":"La exposici\u00f3n permanecer\u00e1 en la Sala de Armas de Ciudadela hasta el 28 de abril","robots":{"index":"index","follow":"follow","max-snippet":"max-snippet:-1","max-image-preview":"max-image-preview:large","max-video-preview":"max-video-preview:-1"},"canonical":"https:\/\/www.laguiadepamplona.com\/actualidad\/arquitecturas-para-sobrevivir-reflexiona-sobre-el-concepto-de-hogar-y-la-expresion-de-la-creatividad-en-casos-de-necesidad-que-angel-marcos-ha-fotografiado-por-el-mundo\/","og_locale":"es_ES","og_type":"article","og_title":"\u2018Arquitecturas para sobrevivir\u2019 reflexiona sobre el concepto de hogar y la expresi\u00f3n de la creatividad en casos de necesidad que \u00c1ngel Marcos ha fotografiado por el mundo","og_description":"La exposici\u00f3n permanecer\u00e1 en la Sala de Armas de Ciudadela hasta el 28 de abril","og_url":"https:\/\/www.laguiadepamplona.com\/actualidad\/arquitecturas-para-sobrevivir-reflexiona-sobre-el-concepto-de-hogar-y-la-expresion-de-la-creatividad-en-casos-de-necesidad-que-angel-marcos-ha-fotografiado-por-el-mundo\/","og_site_name":"La Gu\u00eda de Pamplona","article_publisher":"https:\/\/www.facebook.com\/laguiadepamplonacom-133175176762273\/?ref=hl","article_published_time":"2024-02-16T18:13:17+00:00","og_image":[{"width":1200,"height":765,"url":"https:\/\/www.laguiadepamplona.com\/actualidad\/wp-content\/uploads\/2024\/02\/exposicion1_1.webp","type":"image\/webp"}],"author":"La Gu\u00eda de Pamplona","twitter_card":"summary_large_image","twitter_creator":"@LaGuiadPamplona","twitter_site":"@LaGuiadPamplona","twitter_misc":{"Escrito por":"La Gu\u00eda de Pamplona","Tiempo de lectura":"3 minutos"},"schema":{"@context":"https:\/\/schema.org","@graph":[{"@type":"Article","@id":"https:\/\/www.laguiadepamplona.com\/actualidad\/arquitecturas-para-sobrevivir-reflexiona-sobre-el-concepto-de-hogar-y-la-expresion-de-la-creatividad-en-casos-de-necesidad-que-angel-marcos-ha-fotografiado-por-el-mundo\/#article","isPartOf":{"@id":"https:\/\/www.laguiadepamplona.com\/actualidad\/arquitecturas-para-sobrevivir-reflexiona-sobre-el-concepto-de-hogar-y-la-expresion-de-la-creatividad-en-casos-de-necesidad-que-angel-marcos-ha-fotografiado-por-el-mundo\/"},"author":{"name":"La Gu\u00eda de Pamplona","@id":"https:\/\/www.laguiadepamplona.com\/actualidad\/#\/schema\/person\/efe887376f0213d4657c93adc50b1fdb"},"headline":"\u2018Arquitecturas para sobrevivir\u2019 reflexiona sobre el concepto de hogar y la expresi\u00f3n de la creatividad en casos de necesidad que \u00c1ngel Marcos ha fotografiado por el mundo","datePublished":"2024-02-16T18:13:17+00:00","mainEntityOfPage":{"@id":"https:\/\/www.laguiadepamplona.com\/actualidad\/arquitecturas-para-sobrevivir-reflexiona-sobre-el-concepto-de-hogar-y-la-expresion-de-la-creatividad-en-casos-de-necesidad-que-angel-marcos-ha-fotografiado-por-el-mundo\/"},"wordCount":569,"commentCount":0,"publisher":{"@id":"https:\/\/www.laguiadepamplona.com\/actualidad\/#organization"},"image":{"@id":"https:\/\/www.laguiadepamplona.com\/actualidad\/arquitecturas-para-sobrevivir-reflexiona-sobre-el-concepto-de-hogar-y-la-expresion-de-la-creatividad-en-casos-de-necesidad-que-angel-marcos-ha-fotografiado-por-el-mundo\/#primaryimage"},"thumbnailUrl":"https:\/\/www.laguiadepamplona.com\/actualidad\/wp-content\/uploads\/2024\/02\/exposicion1_1.webp","articleSection":["Ayto Pamplona"],"inLanguage":"es","potentialAction":[{"@type":"CommentAction","name":"Comment","target":["https:\/\/www.laguiadepamplona.com\/actualidad\/arquitecturas-para-sobrevivir-reflexiona-sobre-el-concepto-de-hogar-y-la-expresion-de-la-creatividad-en-casos-de-necesidad-que-angel-marcos-ha-fotografiado-por-el-mundo\/#respond"]}]},{"@type":"WebPage","@id":"https:\/\/www.laguiadepamplona.com\/actualidad\/arquitecturas-para-sobrevivir-reflexiona-sobre-el-concepto-de-hogar-y-la-expresion-de-la-creatividad-en-casos-de-necesidad-que-angel-marcos-ha-fotografiado-por-el-mundo\/","url":"https:\/\/www.laguiadepamplona.com\/actualidad\/arquitecturas-para-sobrevivir-reflexiona-sobre-el-concepto-de-hogar-y-la-expresion-de-la-creatividad-en-casos-de-necesidad-que-angel-marcos-ha-fotografiado-por-el-mundo\/","name":"\u2018Arquitecturas para sobrevivir\u2019 reflexiona sobre el concepto de hogar y la expresi\u00f3n de la creatividad en casos de necesidad que \u00c1ngel Marcos ha fotografiado por el mundo","isPartOf":{"@id":"https:\/\/www.laguiadepamplona.com\/actualidad\/#website"},"primaryImageOfPage":{"@id":"https:\/\/www.laguiadepamplona.com\/actualidad\/arquitecturas-para-sobrevivir-reflexiona-sobre-el-concepto-de-hogar-y-la-expresion-de-la-creatividad-en-casos-de-necesidad-que-angel-marcos-ha-fotografiado-por-el-mundo\/#primaryimage"},"image":{"@id":"https:\/\/www.laguiadepamplona.com\/actualidad\/arquitecturas-para-sobrevivir-reflexiona-sobre-el-concepto-de-hogar-y-la-expresion-de-la-creatividad-en-casos-de-necesidad-que-angel-marcos-ha-fotografiado-por-el-mundo\/#primaryimage"},"thumbnailUrl":"https:\/\/www.laguiadepamplona.com\/actualidad\/wp-content\/uploads\/2024\/02\/exposicion1_1.webp","datePublished":"2024-02-16T18:13:17+00:00","description":"La exposici\u00f3n permanecer\u00e1 en la Sala de Armas de Ciudadela hasta el 28 de abril","breadcrumb":{"@id":"https:\/\/www.laguiadepamplona.com\/actualidad\/arquitecturas-para-sobrevivir-reflexiona-sobre-el-concepto-de-hogar-y-la-expresion-de-la-creatividad-en-casos-de-necesidad-que-angel-marcos-ha-fotografiado-por-el-mundo\/#breadcrumb"},"inLanguage":"es","potentialAction":[{"@type":"ReadAction","target":["https:\/\/www.laguiadepamplona.com\/actualidad\/arquitecturas-para-sobrevivir-reflexiona-sobre-el-concepto-de-hogar-y-la-expresion-de-la-creatividad-en-casos-de-necesidad-que-angel-marcos-ha-fotografiado-por-el-mundo\/"]}]},{"@type":"ImageObject","inLanguage":"es","@id":"https:\/\/www.laguiadepamplona.com\/actualidad\/arquitecturas-para-sobrevivir-reflexiona-sobre-el-concepto-de-hogar-y-la-expresion-de-la-creatividad-en-casos-de-necesidad-que-angel-marcos-ha-fotografiado-por-el-mundo\/#primaryimage","url":"https:\/\/www.laguiadepamplona.com\/actualidad\/wp-content\/uploads\/2024\/02\/exposicion1_1.webp","contentUrl":"https:\/\/www.laguiadepamplona.com\/actualidad\/wp-content\/uploads\/2024\/02\/exposicion1_1.webp","width":1200,"height":765,"caption":"exposici\u00f3 arquitecturas sobrevivir"},{"@type":"BreadcrumbList","@id":"https:\/\/www.laguiadepamplona.com\/actualidad\/arquitecturas-para-sobrevivir-reflexiona-sobre-el-concepto-de-hogar-y-la-expresion-de-la-creatividad-en-casos-de-necesidad-que-angel-marcos-ha-fotografiado-por-el-mundo\/#breadcrumb","itemListElement":[{"@type":"ListItem","position":1,"name":"Portada","item":"https:\/\/www.laguiadepamplona.com\/actualidad\/"},{"@type":"ListItem","position":2,"name":"\u2018Arquitecturas para sobrevivir\u2019 reflexiona sobre el concepto de hogar y la expresi\u00f3n de la creatividad en casos de necesidad que \u00c1ngel Marcos ha fotografiado por el mundo"}]},{"@type":"WebSite","@id":"https:\/\/www.laguiadepamplona.com\/actualidad\/#website","url":"https:\/\/www.laguiadepamplona.com\/actualidad\/","name":"La gu\u00eda de Pamplona","description":"Noticias de Pamplona","publisher":{"@id":"https:\/\/www.laguiadepamplona.com\/actualidad\/#organization"},"potentialAction":[{"@type":"SearchAction","target":{"@type":"EntryPoint","urlTemplate":"https:\/\/www.laguiadepamplona.com\/actualidad\/?s={search_term_string}"},"query-input":{"@type":"PropertyValueSpecification","valueRequired":true,"valueName":"search_term_string"}}],"inLanguage":"es"},{"@type":"Organization","@id":"https:\/\/www.laguiadepamplona.com\/actualidad\/#organization","name":"La Gu\u00eda de Pamplona \/ Noticias","url":"https:\/\/www.laguiadepamplona.com\/actualidad\/","logo":{"@type":"ImageObject","inLanguage":"es","@id":"https:\/\/www.laguiadepamplona.com\/actualidad\/#\/schema\/logo\/image\/","url":"https:\/\/www.laguiadepamplona.com\/actualidad\/wp-content\/uploads\/2018\/11\/logo-laguiadepamplona18-web1.png","contentUrl":"https:\/\/www.laguiadepamplona.com\/actualidad\/wp-content\/uploads\/2018\/11\/logo-laguiadepamplona18-web1.png","width":600,"height":196,"caption":"La Gu\u00eda de Pamplona \/ Noticias"},"image":{"@id":"https:\/\/www.laguiadepamplona.com\/actualidad\/#\/schema\/logo\/image\/"},"sameAs":["https:\/\/www.facebook.com\/laguiadepamplonacom-133175176762273\/?ref=hl","https:\/\/x.com\/LaGuiadPamplona","https:\/\/www.instagram.com\/la_guia_de_pamplona\/","https:\/\/www.youtube.com\/user\/laguiadepamplona"]},{"@type":"Person","@id":"https:\/\/www.laguiadepamplona.com\/actualidad\/#\/schema\/person\/efe887376f0213d4657c93adc50b1fdb","name":"La Gu\u00eda de Pamplona","image":{"@type":"ImageObject","inLanguage":"es","@id":"https:\/\/secure.gravatar.com\/avatar\/b6992f131dc8d30ab0dff15446e9d346d9dbd95992de0fef795073f5ea83a81c?s=96&d=mm&r=g","url":"https:\/\/secure.gravatar.com\/avatar\/b6992f131dc8d30ab0dff15446e9d346d9dbd95992de0fef795073f5ea83a81c?s=96&d=mm&r=g","contentUrl":"https:\/\/secure.gravatar.com\/avatar\/b6992f131dc8d30ab0dff15446e9d346d9dbd95992de0fef795073f5ea83a81c?s=96&d=mm&r=g","caption":"La Gu\u00eda de Pamplona"}}]}},"post_mailing_queue_ids":[],"_links":{"self":[{"href":"https:\/\/www.laguiadepamplona.com\/actualidad\/wp-json\/wp\/v2\/posts\/48765","targetHints":{"allow":["GET"]}}],"collection":[{"href":"https:\/\/www.laguiadepamplona.com\/actualidad\/wp-json\/wp\/v2\/posts"}],"about":[{"href":"https:\/\/www.laguiadepamplona.com\/actualidad\/wp-json\/wp\/v2\/types\/post"}],"author":[{"embeddable":true,"href":"https:\/\/www.laguiadepamplona.com\/actualidad\/wp-json\/wp\/v2\/users\/1"}],"replies":[{"embeddable":true,"href":"https:\/\/www.laguiadepamplona.com\/actualidad\/wp-json\/wp\/v2\/comments?post=48765"}],"version-history":[{"count":1,"href":"https:\/\/www.laguiadepamplona.com\/actualidad\/wp-json\/wp\/v2\/posts\/48765\/revisions"}],"predecessor-version":[{"id":48767,"href":"https:\/\/www.laguiadepamplona.com\/actualidad\/wp-json\/wp\/v2\/posts\/48765\/revisions\/48767"}],"wp:featuredmedia":[{"embeddable":true,"href":"https:\/\/www.laguiadepamplona.com\/actualidad\/wp-json\/wp\/v2\/media\/48766"}],"wp:attachment":[{"href":"https:\/\/www.laguiadepamplona.com\/actualidad\/wp-json\/wp\/v2\/media?parent=48765"}],"wp:term":[{"taxonomy":"category","embeddable":true,"href":"https:\/\/www.laguiadepamplona.com\/actualidad\/wp-json\/wp\/v2\/categories?post=48765"},{"taxonomy":"post_tag","embeddable":true,"href":"https:\/\/www.laguiadepamplona.com\/actualidad\/wp-json\/wp\/v2\/tags?post=48765"}],"curies":[{"name":"wp","href":"https:\/\/api.w.org\/{rel}","templated":true}]}}