{"id":48745,"date":"2024-02-15T19:29:17","date_gmt":"2024-02-15T17:29:17","guid":{"rendered":"https:\/\/www.laguiadepamplona.com\/actualidad\/?p=48745"},"modified":"2024-02-15T19:29:17","modified_gmt":"2024-02-15T17:29:17","slug":"continua-abierta-la-inscripcion-para-participar-en-la-sesion-informativa-sobre-el-desarrollo-urbanistico-de-donapea-que-tendra-lugar-el-martes-20-de-febrero-en-condestable","status":"publish","type":"post","link":"https:\/\/www.laguiadepamplona.com\/actualidad\/continua-abierta-la-inscripcion-para-participar-en-la-sesion-informativa-sobre-el-desarrollo-urbanistico-de-donapea-que-tendra-lugar-el-martes-20-de-febrero-en-condestable\/","title":{"rendered":"Contin\u00faa abierta la inscripci\u00f3n para participar en la sesi\u00f3n informativa sobre el desarrollo urban\u00edstico de Donapea que tendr\u00e1 lugar el martes 20 de febrero en Condestable"},"content":{"rendered":"<h2>Las personas interesadas deben apuntarse a la sesi\u00f3n, que comienza a las 18.30 horas a trav\u00e9s de un <a href=\"https:\/\/decide.pamplona.es\/processes\/Donapea\/f\/277\/meetings\/251\" target=\"_blank\" rel=\"noopener\">formulario web<\/a> en la plataforma Decide Pamplona<\/h2>\n<p><!--more--><\/p>\n<p>El pr\u00f3ximo martes 20 de febrero tendr\u00e1 lugar una sesi\u00f3n informativa y participativa sobre el nuevo desarrollo urban\u00edstico de Donapea. Se abordar\u00e1n los detalles de la Modificaci\u00f3n Estructurante del Plan Municipal de Pamplona, que establecer\u00e1 los usos de los m\u00e1s de 700.000 m<sup>2<\/sup> del futuro barrio de Donapea, al sur de la ciudad, que prev\u00e9 acoger unas 5.000 viviendas, la mitad de ellas protegidas, un gran parque y zonas dotacionales.<br \/>\n<script async src=\"\/\/pagead2.googlesyndication.com\/pagead\/js\/adsbygoogle.js\"><\/script><br \/>\n<!-- Noticias La Guia de Pamplona --><br \/>\n<ins class=\"adsbygoogle\"\nstyle=\"display:block\"\ndata-ad-client=\"ca-pub-6943679897239327\"\ndata-ad-slot=\"7048180777\"\ndata-ad-format=\"auto\"><\/ins><br \/>\n<script>\n(adsbygoogle = window.adsbygoogle || []).push({});\n<\/script><br \/>\nLa sesi\u00f3n comenzar\u00e1 a las 18.30 horas en Condestable y se requiere la inscripci\u00f3n previa a trav\u00e9s de un formulario web en la plataforma <a href=\"https:\/\/decide.pamplona.es\/processes\/Donapea\/f\/277\/meetings\/251\" target=\"_blank\" rel=\"noopener\">Decide Pamplona<\/a>. El plazo de inscripci\u00f3n concluye el 19 de febrero a las 14 horas.<\/p>\n<p>La reuni\u00f3n tendr\u00e1 un doble objetivo. Por una parte, se trata de informar, de manera muy divulgativa, sobre el contexto comarcal, los condicionantes del \u00e1mbito de actuaci\u00f3n de Donapea, las propuestas de ordenaci\u00f3n m\u00e1s importantes a nivel estructurante y las alternativas valoradas sobre las que se participa en esta modificaci\u00f3n del Plan Municipal, entre otros asuntos. Por otra parte, se generar\u00e1 un\u00a0espacio para la participaci\u00f3n deliberativa de las personas participantes en base a las alternativas presentadas en la propia sesi\u00f3n por el equipo redactor. Concretamente, se expondr\u00e1n aspectos relacionados con la ubicaci\u00f3n de las \u00e1reas residencial y terciarias del nuevo desarrollo, con la ubicaci\u00f3n de las dotaciones, con actuaciones paisaj\u00edsticas o con la movilidad y conectividad.<br \/>\n<script async src=\"\/\/pagead2.googlesyndication.com\/pagead\/js\/adsbygoogle.js\"><\/script><br \/>\n<!-- Noticias La Guia de Pamplona --><br \/>\n<ins class=\"adsbygoogle\"\nstyle=\"display:block\"\ndata-ad-client=\"ca-pub-6943679897239327\"\ndata-ad-slot=\"7048180777\"\ndata-ad-format=\"auto\"><\/ins><br \/>\n<script>\n(adsbygoogle = window.adsbygoogle || []).push({});\n<\/script><br \/>\n<strong>Alteraci\u00f3n de los t\u00e9rminos municipales<\/strong><\/p>\n<p>Desde el a\u00f1o 2004, se ha propuesto la incorporaci\u00f3n del \u00e1mbito de Donapea como un \u00e1rea de desarrollo residencial integrada dentro de la Comarca de Pamplona. A lo largo de estos a\u00f1os, las distintas actuaciones sobre ese entorno buscaban el objetivo compartido de que su planificaci\u00f3n permitiera ofrecer a la ciudadan\u00eda una mayor oferta de servicios y viviendas en un espacio adecuado para tales usos.<\/p>\n<p>En 2023, gracias al acuerdo para la alteraci\u00f3n de los t\u00e9rminos municipales de Pamplona y Cendea de Galar, va a poder lograrse ese objetivo de planificar el desarrollo urban\u00edstico de un nuevo barrio, de car\u00e1cter preferentemente residencial, en Pamplona. Para ello, se debe elaborar, tramitar y aprobar un instrumento urban\u00edstico de planeamiento, como es una Modificaci\u00f3n Estructurante del Plan Municipal de Pamplona, que incorpore ese nuevo \u00e1mbito territorial. Posteriormente, se deber\u00e1 aprobar un Plan Parcial que desarrolle las determinaciones estructurantes establecidas en la Modificaci\u00f3n del Plan Municipal.<br \/>\n<script async src=\"\/\/pagead2.googlesyndication.com\/pagead\/js\/adsbygoogle.js\"><\/script><br \/>\n<!-- Noticias La Guia de Pamplona --><br \/>\n<ins class=\"adsbygoogle\"\nstyle=\"display:block\"\ndata-ad-client=\"ca-pub-6943679897239327\"\ndata-ad-slot=\"7048180777\"\ndata-ad-format=\"auto\"><\/ins><br \/>\n<script>\n(adsbygoogle = window.adsbygoogle || []).push({});\n<\/script><br \/>\nLa definici\u00f3n de una nueva parte de la ciudad, sus usos, dotaciones y servicios, adem\u00e1s de cumplir los requisitos legales, debe seguir los principios de un desarrollo urbano sostenible, integrar usos y actividades, favorecer la cohesi\u00f3n social, la perspectiva de g\u00e9nero, la accesibilidad universal, etc., que debe lograrse por la contribuci\u00f3n colectiva aportada por la ciudadan\u00eda.<\/p>\n","protected":false},"excerpt":{"rendered":"<p>Las personas interesadas deben apuntarse a la sesi\u00f3n, que comienza a las 18.30 horas a trav\u00e9s de un formulario web en la plataforma Decide Pamplona<\/p>\n","protected":false},"author":1,"featured_media":48746,"comment_status":"open","ping_status":"closed","sticky":false,"template":"","format":"standard","meta":{"footnotes":""},"categories":[2],"tags":[],"class_list":["post-48745","post","type-post","status-publish","format-standard","has-post-thumbnail","hentry","category-ayuntamiento-pamplona"],"yoast_head":"<!-- This site is optimized with the Yoast SEO plugin v27.5 - https:\/\/yoast.com\/product\/yoast-seo-wordpress\/ -->\n<title>Contin\u00faa abierta la inscripci\u00f3n para participar en la sesi\u00f3n informativa sobre el desarrollo urban\u00edstico de Donapea que tendr\u00e1 lugar el martes 20 de febrero en Condestable<\/title>\n<meta name=\"description\" content=\"Las personas interesadas deben apuntarse a la sesi\u00f3n, que comienza a las 18.30 horas a trav\u00e9s de un formulario web en la plataforma Decide Pamplona\" \/>\n<meta name=\"robots\" content=\"index, follow, max-snippet:-1, max-image-preview:large, max-video-preview:-1\" \/>\n<link rel=\"canonical\" href=\"https:\/\/www.laguiadepamplona.com\/actualidad\/continua-abierta-la-inscripcion-para-participar-en-la-sesion-informativa-sobre-el-desarrollo-urbanistico-de-donapea-que-tendra-lugar-el-martes-20-de-febrero-en-condestable\/\" \/>\n<meta property=\"og:locale\" content=\"es_ES\" \/>\n<meta property=\"og:type\" content=\"article\" \/>\n<meta property=\"og:title\" content=\"Contin\u00faa abierta la inscripci\u00f3n para participar en la sesi\u00f3n informativa sobre el desarrollo urban\u00edstico de Donapea que tendr\u00e1 lugar el martes 20 de febrero en Condestable\" \/>\n<meta property=\"og:description\" content=\"Las personas interesadas deben apuntarse a la sesi\u00f3n, que comienza a las 18.30 horas a trav\u00e9s de un formulario web en la plataforma Decide Pamplona\" \/>\n<meta property=\"og:url\" content=\"https:\/\/www.laguiadepamplona.com\/actualidad\/continua-abierta-la-inscripcion-para-participar-en-la-sesion-informativa-sobre-el-desarrollo-urbanistico-de-donapea-que-tendra-lugar-el-martes-20-de-febrero-en-condestable\/\" \/>\n<meta property=\"og:site_name\" content=\"La Gu\u00eda de Pamplona\" \/>\n<meta property=\"article:publisher\" content=\"https:\/\/www.facebook.com\/laguiadepamplonacom-133175176762273\/?ref=hl\" \/>\n<meta property=\"article:published_time\" content=\"2024-02-15T17:29:17+00:00\" \/>\n<meta property=\"og:image\" content=\"https:\/\/www.laguiadepamplona.com\/actualidad\/wp-content\/uploads\/2024\/02\/desarrollo-urbanistico-donapea.webp\" \/>\n\t<meta property=\"og:image:width\" content=\"1114\" \/>\n\t<meta property=\"og:image:height\" content=\"499\" \/>\n\t<meta property=\"og:image:type\" content=\"image\/webp\" \/>\n<meta name=\"author\" content=\"La Gu\u00eda de Pamplona\" \/>\n<meta name=\"twitter:card\" content=\"summary_large_image\" \/>\n<meta name=\"twitter:creator\" content=\"@LaGuiadPamplona\" \/>\n<meta name=\"twitter:site\" content=\"@LaGuiadPamplona\" \/>\n<meta name=\"twitter:label1\" content=\"Escrito por\" \/>\n\t<meta name=\"twitter:data1\" content=\"La Gu\u00eda de Pamplona\" \/>\n\t<meta name=\"twitter:label2\" content=\"Tiempo de lectura\" \/>\n\t<meta name=\"twitter:data2\" content=\"3 minutos\" \/>\n<script type=\"application\/ld+json\" class=\"yoast-schema-graph\">{\"@context\":\"https:\\\/\\\/schema.org\",\"@graph\":[{\"@type\":\"Article\",\"@id\":\"https:\\\/\\\/www.laguiadepamplona.com\\\/actualidad\\\/continua-abierta-la-inscripcion-para-participar-en-la-sesion-informativa-sobre-el-desarrollo-urbanistico-de-donapea-que-tendra-lugar-el-martes-20-de-febrero-en-condestable\\\/#article\",\"isPartOf\":{\"@id\":\"https:\\\/\\\/www.laguiadepamplona.com\\\/actualidad\\\/continua-abierta-la-inscripcion-para-participar-en-la-sesion-informativa-sobre-el-desarrollo-urbanistico-de-donapea-que-tendra-lugar-el-martes-20-de-febrero-en-condestable\\\/\"},\"author\":{\"name\":\"La Gu\u00eda de Pamplona\",\"@id\":\"https:\\\/\\\/www.laguiadepamplona.com\\\/actualidad\\\/#\\\/schema\\\/person\\\/efe887376f0213d4657c93adc50b1fdb\"},\"headline\":\"Contin\u00faa abierta la inscripci\u00f3n para participar en la sesi\u00f3n informativa sobre el desarrollo urban\u00edstico de Donapea que tendr\u00e1 lugar el martes 20 de febrero en Condestable\",\"datePublished\":\"2024-02-15T17:29:17+00:00\",\"mainEntityOfPage\":{\"@id\":\"https:\\\/\\\/www.laguiadepamplona.com\\\/actualidad\\\/continua-abierta-la-inscripcion-para-participar-en-la-sesion-informativa-sobre-el-desarrollo-urbanistico-de-donapea-que-tendra-lugar-el-martes-20-de-febrero-en-condestable\\\/\"},\"wordCount\":527,\"commentCount\":0,\"publisher\":{\"@id\":\"https:\\\/\\\/www.laguiadepamplona.com\\\/actualidad\\\/#organization\"},\"image\":{\"@id\":\"https:\\\/\\\/www.laguiadepamplona.com\\\/actualidad\\\/continua-abierta-la-inscripcion-para-participar-en-la-sesion-informativa-sobre-el-desarrollo-urbanistico-de-donapea-que-tendra-lugar-el-martes-20-de-febrero-en-condestable\\\/#primaryimage\"},\"thumbnailUrl\":\"https:\\\/\\\/www.laguiadepamplona.com\\\/actualidad\\\/wp-content\\\/uploads\\\/2024\\\/02\\\/desarrollo-urbanistico-donapea.webp\",\"articleSection\":[\"Ayto Pamplona\"],\"inLanguage\":\"es\",\"potentialAction\":[{\"@type\":\"CommentAction\",\"name\":\"Comment\",\"target\":[\"https:\\\/\\\/www.laguiadepamplona.com\\\/actualidad\\\/continua-abierta-la-inscripcion-para-participar-en-la-sesion-informativa-sobre-el-desarrollo-urbanistico-de-donapea-que-tendra-lugar-el-martes-20-de-febrero-en-condestable\\\/#respond\"]}]},{\"@type\":\"WebPage\",\"@id\":\"https:\\\/\\\/www.laguiadepamplona.com\\\/actualidad\\\/continua-abierta-la-inscripcion-para-participar-en-la-sesion-informativa-sobre-el-desarrollo-urbanistico-de-donapea-que-tendra-lugar-el-martes-20-de-febrero-en-condestable\\\/\",\"url\":\"https:\\\/\\\/www.laguiadepamplona.com\\\/actualidad\\\/continua-abierta-la-inscripcion-para-participar-en-la-sesion-informativa-sobre-el-desarrollo-urbanistico-de-donapea-que-tendra-lugar-el-martes-20-de-febrero-en-condestable\\\/\",\"name\":\"Contin\u00faa abierta la inscripci\u00f3n para participar en la sesi\u00f3n informativa sobre el desarrollo urban\u00edstico de Donapea que tendr\u00e1 lugar el martes 20 de febrero en Condestable\",\"isPartOf\":{\"@id\":\"https:\\\/\\\/www.laguiadepamplona.com\\\/actualidad\\\/#website\"},\"primaryImageOfPage\":{\"@id\":\"https:\\\/\\\/www.laguiadepamplona.com\\\/actualidad\\\/continua-abierta-la-inscripcion-para-participar-en-la-sesion-informativa-sobre-el-desarrollo-urbanistico-de-donapea-que-tendra-lugar-el-martes-20-de-febrero-en-condestable\\\/#primaryimage\"},\"image\":{\"@id\":\"https:\\\/\\\/www.laguiadepamplona.com\\\/actualidad\\\/continua-abierta-la-inscripcion-para-participar-en-la-sesion-informativa-sobre-el-desarrollo-urbanistico-de-donapea-que-tendra-lugar-el-martes-20-de-febrero-en-condestable\\\/#primaryimage\"},\"thumbnailUrl\":\"https:\\\/\\\/www.laguiadepamplona.com\\\/actualidad\\\/wp-content\\\/uploads\\\/2024\\\/02\\\/desarrollo-urbanistico-donapea.webp\",\"datePublished\":\"2024-02-15T17:29:17+00:00\",\"description\":\"Las personas interesadas deben apuntarse a la sesi\u00f3n, que comienza a las 18.30 horas a trav\u00e9s de un formulario web en la plataforma Decide Pamplona\",\"breadcrumb\":{\"@id\":\"https:\\\/\\\/www.laguiadepamplona.com\\\/actualidad\\\/continua-abierta-la-inscripcion-para-participar-en-la-sesion-informativa-sobre-el-desarrollo-urbanistico-de-donapea-que-tendra-lugar-el-martes-20-de-febrero-en-condestable\\\/#breadcrumb\"},\"inLanguage\":\"es\",\"potentialAction\":[{\"@type\":\"ReadAction\",\"target\":[\"https:\\\/\\\/www.laguiadepamplona.com\\\/actualidad\\\/continua-abierta-la-inscripcion-para-participar-en-la-sesion-informativa-sobre-el-desarrollo-urbanistico-de-donapea-que-tendra-lugar-el-martes-20-de-febrero-en-condestable\\\/\"]}]},{\"@type\":\"ImageObject\",\"inLanguage\":\"es\",\"@id\":\"https:\\\/\\\/www.laguiadepamplona.com\\\/actualidad\\\/continua-abierta-la-inscripcion-para-participar-en-la-sesion-informativa-sobre-el-desarrollo-urbanistico-de-donapea-que-tendra-lugar-el-martes-20-de-febrero-en-condestable\\\/#primaryimage\",\"url\":\"https:\\\/\\\/www.laguiadepamplona.com\\\/actualidad\\\/wp-content\\\/uploads\\\/2024\\\/02\\\/desarrollo-urbanistico-donapea.webp\",\"contentUrl\":\"https:\\\/\\\/www.laguiadepamplona.com\\\/actualidad\\\/wp-content\\\/uploads\\\/2024\\\/02\\\/desarrollo-urbanistico-donapea.webp\",\"width\":1114,\"height\":499,\"caption\":\"donapea\"},{\"@type\":\"BreadcrumbList\",\"@id\":\"https:\\\/\\\/www.laguiadepamplona.com\\\/actualidad\\\/continua-abierta-la-inscripcion-para-participar-en-la-sesion-informativa-sobre-el-desarrollo-urbanistico-de-donapea-que-tendra-lugar-el-martes-20-de-febrero-en-condestable\\\/#breadcrumb\",\"itemListElement\":[{\"@type\":\"ListItem\",\"position\":1,\"name\":\"Portada\",\"item\":\"https:\\\/\\\/www.laguiadepamplona.com\\\/actualidad\\\/\"},{\"@type\":\"ListItem\",\"position\":2,\"name\":\"Contin\u00faa abierta la inscripci\u00f3n para participar en la sesi\u00f3n informativa sobre el desarrollo urban\u00edstico de Donapea que tendr\u00e1 lugar el martes 20 de febrero en Condestable\"}]},{\"@type\":\"WebSite\",\"@id\":\"https:\\\/\\\/www.laguiadepamplona.com\\\/actualidad\\\/#website\",\"url\":\"https:\\\/\\\/www.laguiadepamplona.com\\\/actualidad\\\/\",\"name\":\"La gu\u00eda de Pamplona\",\"description\":\"Noticias de Pamplona\",\"publisher\":{\"@id\":\"https:\\\/\\\/www.laguiadepamplona.com\\\/actualidad\\\/#organization\"},\"potentialAction\":[{\"@type\":\"SearchAction\",\"target\":{\"@type\":\"EntryPoint\",\"urlTemplate\":\"https:\\\/\\\/www.laguiadepamplona.com\\\/actualidad\\\/?s={search_term_string}\"},\"query-input\":{\"@type\":\"PropertyValueSpecification\",\"valueRequired\":true,\"valueName\":\"search_term_string\"}}],\"inLanguage\":\"es\"},{\"@type\":\"Organization\",\"@id\":\"https:\\\/\\\/www.laguiadepamplona.com\\\/actualidad\\\/#organization\",\"name\":\"La Gu\u00eda de Pamplona \\\/ Noticias\",\"url\":\"https:\\\/\\\/www.laguiadepamplona.com\\\/actualidad\\\/\",\"logo\":{\"@type\":\"ImageObject\",\"inLanguage\":\"es\",\"@id\":\"https:\\\/\\\/www.laguiadepamplona.com\\\/actualidad\\\/#\\\/schema\\\/logo\\\/image\\\/\",\"url\":\"https:\\\/\\\/www.laguiadepamplona.com\\\/actualidad\\\/wp-content\\\/uploads\\\/2018\\\/11\\\/logo-laguiadepamplona18-web1.png\",\"contentUrl\":\"https:\\\/\\\/www.laguiadepamplona.com\\\/actualidad\\\/wp-content\\\/uploads\\\/2018\\\/11\\\/logo-laguiadepamplona18-web1.png\",\"width\":600,\"height\":196,\"caption\":\"La Gu\u00eda de Pamplona \\\/ Noticias\"},\"image\":{\"@id\":\"https:\\\/\\\/www.laguiadepamplona.com\\\/actualidad\\\/#\\\/schema\\\/logo\\\/image\\\/\"},\"sameAs\":[\"https:\\\/\\\/www.facebook.com\\\/laguiadepamplonacom-133175176762273\\\/?ref=hl\",\"https:\\\/\\\/x.com\\\/LaGuiadPamplona\",\"https:\\\/\\\/www.instagram.com\\\/la_guia_de_pamplona\\\/\",\"https:\\\/\\\/www.youtube.com\\\/user\\\/laguiadepamplona\"]},{\"@type\":\"Person\",\"@id\":\"https:\\\/\\\/www.laguiadepamplona.com\\\/actualidad\\\/#\\\/schema\\\/person\\\/efe887376f0213d4657c93adc50b1fdb\",\"name\":\"La Gu\u00eda de Pamplona\",\"image\":{\"@type\":\"ImageObject\",\"inLanguage\":\"es\",\"@id\":\"https:\\\/\\\/secure.gravatar.com\\\/avatar\\\/b6992f131dc8d30ab0dff15446e9d346d9dbd95992de0fef795073f5ea83a81c?s=96&d=mm&r=g\",\"url\":\"https:\\\/\\\/secure.gravatar.com\\\/avatar\\\/b6992f131dc8d30ab0dff15446e9d346d9dbd95992de0fef795073f5ea83a81c?s=96&d=mm&r=g\",\"contentUrl\":\"https:\\\/\\\/secure.gravatar.com\\\/avatar\\\/b6992f131dc8d30ab0dff15446e9d346d9dbd95992de0fef795073f5ea83a81c?s=96&d=mm&r=g\",\"caption\":\"La Gu\u00eda de Pamplona\"}}]}<\/script>\n<!-- \/ Yoast SEO plugin. -->","yoast_head_json":{"title":"Contin\u00faa abierta la inscripci\u00f3n para participar en la sesi\u00f3n informativa sobre el desarrollo urban\u00edstico de Donapea que tendr\u00e1 lugar el martes 20 de febrero en Condestable","description":"Las personas interesadas deben apuntarse a la sesi\u00f3n, que comienza a las 18.30 horas a trav\u00e9s de un formulario web en la plataforma Decide Pamplona","robots":{"index":"index","follow":"follow","max-snippet":"max-snippet:-1","max-image-preview":"max-image-preview:large","max-video-preview":"max-video-preview:-1"},"canonical":"https:\/\/www.laguiadepamplona.com\/actualidad\/continua-abierta-la-inscripcion-para-participar-en-la-sesion-informativa-sobre-el-desarrollo-urbanistico-de-donapea-que-tendra-lugar-el-martes-20-de-febrero-en-condestable\/","og_locale":"es_ES","og_type":"article","og_title":"Contin\u00faa abierta la inscripci\u00f3n para participar en la sesi\u00f3n informativa sobre el desarrollo urban\u00edstico de Donapea que tendr\u00e1 lugar el martes 20 de febrero en Condestable","og_description":"Las personas interesadas deben apuntarse a la sesi\u00f3n, que comienza a las 18.30 horas a trav\u00e9s de un formulario web en la plataforma Decide Pamplona","og_url":"https:\/\/www.laguiadepamplona.com\/actualidad\/continua-abierta-la-inscripcion-para-participar-en-la-sesion-informativa-sobre-el-desarrollo-urbanistico-de-donapea-que-tendra-lugar-el-martes-20-de-febrero-en-condestable\/","og_site_name":"La Gu\u00eda de Pamplona","article_publisher":"https:\/\/www.facebook.com\/laguiadepamplonacom-133175176762273\/?ref=hl","article_published_time":"2024-02-15T17:29:17+00:00","og_image":[{"width":1114,"height":499,"url":"https:\/\/www.laguiadepamplona.com\/actualidad\/wp-content\/uploads\/2024\/02\/desarrollo-urbanistico-donapea.webp","type":"image\/webp"}],"author":"La Gu\u00eda de Pamplona","twitter_card":"summary_large_image","twitter_creator":"@LaGuiadPamplona","twitter_site":"@LaGuiadPamplona","twitter_misc":{"Escrito por":"La Gu\u00eda de Pamplona","Tiempo de lectura":"3 minutos"},"schema":{"@context":"https:\/\/schema.org","@graph":[{"@type":"Article","@id":"https:\/\/www.laguiadepamplona.com\/actualidad\/continua-abierta-la-inscripcion-para-participar-en-la-sesion-informativa-sobre-el-desarrollo-urbanistico-de-donapea-que-tendra-lugar-el-martes-20-de-febrero-en-condestable\/#article","isPartOf":{"@id":"https:\/\/www.laguiadepamplona.com\/actualidad\/continua-abierta-la-inscripcion-para-participar-en-la-sesion-informativa-sobre-el-desarrollo-urbanistico-de-donapea-que-tendra-lugar-el-martes-20-de-febrero-en-condestable\/"},"author":{"name":"La Gu\u00eda de Pamplona","@id":"https:\/\/www.laguiadepamplona.com\/actualidad\/#\/schema\/person\/efe887376f0213d4657c93adc50b1fdb"},"headline":"Contin\u00faa abierta la inscripci\u00f3n para participar en la sesi\u00f3n informativa sobre el desarrollo urban\u00edstico de Donapea que tendr\u00e1 lugar el martes 20 de febrero en Condestable","datePublished":"2024-02-15T17:29:17+00:00","mainEntityOfPage":{"@id":"https:\/\/www.laguiadepamplona.com\/actualidad\/continua-abierta-la-inscripcion-para-participar-en-la-sesion-informativa-sobre-el-desarrollo-urbanistico-de-donapea-que-tendra-lugar-el-martes-20-de-febrero-en-condestable\/"},"wordCount":527,"commentCount":0,"publisher":{"@id":"https:\/\/www.laguiadepamplona.com\/actualidad\/#organization"},"image":{"@id":"https:\/\/www.laguiadepamplona.com\/actualidad\/continua-abierta-la-inscripcion-para-participar-en-la-sesion-informativa-sobre-el-desarrollo-urbanistico-de-donapea-que-tendra-lugar-el-martes-20-de-febrero-en-condestable\/#primaryimage"},"thumbnailUrl":"https:\/\/www.laguiadepamplona.com\/actualidad\/wp-content\/uploads\/2024\/02\/desarrollo-urbanistico-donapea.webp","articleSection":["Ayto Pamplona"],"inLanguage":"es","potentialAction":[{"@type":"CommentAction","name":"Comment","target":["https:\/\/www.laguiadepamplona.com\/actualidad\/continua-abierta-la-inscripcion-para-participar-en-la-sesion-informativa-sobre-el-desarrollo-urbanistico-de-donapea-que-tendra-lugar-el-martes-20-de-febrero-en-condestable\/#respond"]}]},{"@type":"WebPage","@id":"https:\/\/www.laguiadepamplona.com\/actualidad\/continua-abierta-la-inscripcion-para-participar-en-la-sesion-informativa-sobre-el-desarrollo-urbanistico-de-donapea-que-tendra-lugar-el-martes-20-de-febrero-en-condestable\/","url":"https:\/\/www.laguiadepamplona.com\/actualidad\/continua-abierta-la-inscripcion-para-participar-en-la-sesion-informativa-sobre-el-desarrollo-urbanistico-de-donapea-que-tendra-lugar-el-martes-20-de-febrero-en-condestable\/","name":"Contin\u00faa abierta la inscripci\u00f3n para participar en la sesi\u00f3n informativa sobre el desarrollo urban\u00edstico de Donapea que tendr\u00e1 lugar el martes 20 de febrero en Condestable","isPartOf":{"@id":"https:\/\/www.laguiadepamplona.com\/actualidad\/#website"},"primaryImageOfPage":{"@id":"https:\/\/www.laguiadepamplona.com\/actualidad\/continua-abierta-la-inscripcion-para-participar-en-la-sesion-informativa-sobre-el-desarrollo-urbanistico-de-donapea-que-tendra-lugar-el-martes-20-de-febrero-en-condestable\/#primaryimage"},"image":{"@id":"https:\/\/www.laguiadepamplona.com\/actualidad\/continua-abierta-la-inscripcion-para-participar-en-la-sesion-informativa-sobre-el-desarrollo-urbanistico-de-donapea-que-tendra-lugar-el-martes-20-de-febrero-en-condestable\/#primaryimage"},"thumbnailUrl":"https:\/\/www.laguiadepamplona.com\/actualidad\/wp-content\/uploads\/2024\/02\/desarrollo-urbanistico-donapea.webp","datePublished":"2024-02-15T17:29:17+00:00","description":"Las personas interesadas deben apuntarse a la sesi\u00f3n, que comienza a las 18.30 horas a trav\u00e9s de un formulario web en la plataforma Decide Pamplona","breadcrumb":{"@id":"https:\/\/www.laguiadepamplona.com\/actualidad\/continua-abierta-la-inscripcion-para-participar-en-la-sesion-informativa-sobre-el-desarrollo-urbanistico-de-donapea-que-tendra-lugar-el-martes-20-de-febrero-en-condestable\/#breadcrumb"},"inLanguage":"es","potentialAction":[{"@type":"ReadAction","target":["https:\/\/www.laguiadepamplona.com\/actualidad\/continua-abierta-la-inscripcion-para-participar-en-la-sesion-informativa-sobre-el-desarrollo-urbanistico-de-donapea-que-tendra-lugar-el-martes-20-de-febrero-en-condestable\/"]}]},{"@type":"ImageObject","inLanguage":"es","@id":"https:\/\/www.laguiadepamplona.com\/actualidad\/continua-abierta-la-inscripcion-para-participar-en-la-sesion-informativa-sobre-el-desarrollo-urbanistico-de-donapea-que-tendra-lugar-el-martes-20-de-febrero-en-condestable\/#primaryimage","url":"https:\/\/www.laguiadepamplona.com\/actualidad\/wp-content\/uploads\/2024\/02\/desarrollo-urbanistico-donapea.webp","contentUrl":"https:\/\/www.laguiadepamplona.com\/actualidad\/wp-content\/uploads\/2024\/02\/desarrollo-urbanistico-donapea.webp","width":1114,"height":499,"caption":"donapea"},{"@type":"BreadcrumbList","@id":"https:\/\/www.laguiadepamplona.com\/actualidad\/continua-abierta-la-inscripcion-para-participar-en-la-sesion-informativa-sobre-el-desarrollo-urbanistico-de-donapea-que-tendra-lugar-el-martes-20-de-febrero-en-condestable\/#breadcrumb","itemListElement":[{"@type":"ListItem","position":1,"name":"Portada","item":"https:\/\/www.laguiadepamplona.com\/actualidad\/"},{"@type":"ListItem","position":2,"name":"Contin\u00faa abierta la inscripci\u00f3n para participar en la sesi\u00f3n informativa sobre el desarrollo urban\u00edstico de Donapea que tendr\u00e1 lugar el martes 20 de febrero en Condestable"}]},{"@type":"WebSite","@id":"https:\/\/www.laguiadepamplona.com\/actualidad\/#website","url":"https:\/\/www.laguiadepamplona.com\/actualidad\/","name":"La gu\u00eda de Pamplona","description":"Noticias de Pamplona","publisher":{"@id":"https:\/\/www.laguiadepamplona.com\/actualidad\/#organization"},"potentialAction":[{"@type":"SearchAction","target":{"@type":"EntryPoint","urlTemplate":"https:\/\/www.laguiadepamplona.com\/actualidad\/?s={search_term_string}"},"query-input":{"@type":"PropertyValueSpecification","valueRequired":true,"valueName":"search_term_string"}}],"inLanguage":"es"},{"@type":"Organization","@id":"https:\/\/www.laguiadepamplona.com\/actualidad\/#organization","name":"La Gu\u00eda de Pamplona \/ Noticias","url":"https:\/\/www.laguiadepamplona.com\/actualidad\/","logo":{"@type":"ImageObject","inLanguage":"es","@id":"https:\/\/www.laguiadepamplona.com\/actualidad\/#\/schema\/logo\/image\/","url":"https:\/\/www.laguiadepamplona.com\/actualidad\/wp-content\/uploads\/2018\/11\/logo-laguiadepamplona18-web1.png","contentUrl":"https:\/\/www.laguiadepamplona.com\/actualidad\/wp-content\/uploads\/2018\/11\/logo-laguiadepamplona18-web1.png","width":600,"height":196,"caption":"La Gu\u00eda de Pamplona \/ Noticias"},"image":{"@id":"https:\/\/www.laguiadepamplona.com\/actualidad\/#\/schema\/logo\/image\/"},"sameAs":["https:\/\/www.facebook.com\/laguiadepamplonacom-133175176762273\/?ref=hl","https:\/\/x.com\/LaGuiadPamplona","https:\/\/www.instagram.com\/la_guia_de_pamplona\/","https:\/\/www.youtube.com\/user\/laguiadepamplona"]},{"@type":"Person","@id":"https:\/\/www.laguiadepamplona.com\/actualidad\/#\/schema\/person\/efe887376f0213d4657c93adc50b1fdb","name":"La Gu\u00eda de Pamplona","image":{"@type":"ImageObject","inLanguage":"es","@id":"https:\/\/secure.gravatar.com\/avatar\/b6992f131dc8d30ab0dff15446e9d346d9dbd95992de0fef795073f5ea83a81c?s=96&d=mm&r=g","url":"https:\/\/secure.gravatar.com\/avatar\/b6992f131dc8d30ab0dff15446e9d346d9dbd95992de0fef795073f5ea83a81c?s=96&d=mm&r=g","contentUrl":"https:\/\/secure.gravatar.com\/avatar\/b6992f131dc8d30ab0dff15446e9d346d9dbd95992de0fef795073f5ea83a81c?s=96&d=mm&r=g","caption":"La Gu\u00eda de Pamplona"}}]}},"post_mailing_queue_ids":[],"_links":{"self":[{"href":"https:\/\/www.laguiadepamplona.com\/actualidad\/wp-json\/wp\/v2\/posts\/48745","targetHints":{"allow":["GET"]}}],"collection":[{"href":"https:\/\/www.laguiadepamplona.com\/actualidad\/wp-json\/wp\/v2\/posts"}],"about":[{"href":"https:\/\/www.laguiadepamplona.com\/actualidad\/wp-json\/wp\/v2\/types\/post"}],"author":[{"embeddable":true,"href":"https:\/\/www.laguiadepamplona.com\/actualidad\/wp-json\/wp\/v2\/users\/1"}],"replies":[{"embeddable":true,"href":"https:\/\/www.laguiadepamplona.com\/actualidad\/wp-json\/wp\/v2\/comments?post=48745"}],"version-history":[{"count":1,"href":"https:\/\/www.laguiadepamplona.com\/actualidad\/wp-json\/wp\/v2\/posts\/48745\/revisions"}],"predecessor-version":[{"id":48747,"href":"https:\/\/www.laguiadepamplona.com\/actualidad\/wp-json\/wp\/v2\/posts\/48745\/revisions\/48747"}],"wp:featuredmedia":[{"embeddable":true,"href":"https:\/\/www.laguiadepamplona.com\/actualidad\/wp-json\/wp\/v2\/media\/48746"}],"wp:attachment":[{"href":"https:\/\/www.laguiadepamplona.com\/actualidad\/wp-json\/wp\/v2\/media?parent=48745"}],"wp:term":[{"taxonomy":"category","embeddable":true,"href":"https:\/\/www.laguiadepamplona.com\/actualidad\/wp-json\/wp\/v2\/categories?post=48745"},{"taxonomy":"post_tag","embeddable":true,"href":"https:\/\/www.laguiadepamplona.com\/actualidad\/wp-json\/wp\/v2\/tags?post=48745"}],"curies":[{"name":"wp","href":"https:\/\/api.w.org\/{rel}","templated":true}]}}