{"id":48733,"date":"2024-02-14T21:19:26","date_gmt":"2024-02-14T19:19:26","guid":{"rendered":"https:\/\/www.laguiadepamplona.com\/actualidad\/?p=48733"},"modified":"2024-02-14T21:19:26","modified_gmt":"2024-02-14T19:19:26","slug":"el-ayuntamiento-homenajea-a-las-12-primeras-agentes-de-policia-municipal-de-pamplona-que-accedieron-al-cuerpo-entre-1974-y-1977","status":"publish","type":"post","link":"https:\/\/www.laguiadepamplona.com\/actualidad\/el-ayuntamiento-homenajea-a-las-12-primeras-agentes-de-policia-municipal-de-pamplona-que-accedieron-al-cuerpo-entre-1974-y-1977\/","title":{"rendered":"El Ayuntamiento homenajea a las 12 primeras agentes de Polic\u00eda Municipal de Pamplona, que accedieron al Cuerpo entre 1974 y 1977"},"content":{"rendered":"<h2>El Palacio del Condestable acoge hasta el 24 de febrero la muestra \u201c50 a\u00f1os de la primera promoci\u00f3n de mujeres en Polic\u00eda Municipal\u201d<\/h2>\n<p><!--more--><\/p>\n<p>Amparo Bejarano Cebri\u00e1n; Inmaculada Etayo Larrainzar; Mar\u00eda Jos\u00e9 Go\u00f1i Quintana; Mar\u00eda Dolores Sarabia Moraza; Mar\u00eda Jes\u00fas Zudaire Goyena; Mar\u00eda Ochoa Van Dalen; Juana Arana Arrieta; Mar\u00eda Socorro Tellechea Irurzun; Ana Mar\u00eda Beaumont Moriones; Ana Merch\u00e1n Carmona; Maribel Barangua Mayora y Teresa Guarde Garrido. Son las doce primeras agentes que ingresaron en Polic\u00eda Municipal de Pamplona. Su incorporaci\u00f3n al cuerpo, entre 1974 y 1977, marc\u00f3 un antes y un despu\u00e9s en la polic\u00eda local.<\/p>\n<p>Esta ma\u00f1ana las doce han recibido el reconocimiento del Ayuntamiento de Pamplona cuando este febrero se cumple medio siglo de la entrada de mujeres en Polic\u00eda Municipal. Este Cuerpo cuenta, en la actualidad, con 73 mujeres, un 17,5% del total de 417 personas que lo integran. El alcalde de Pamplona, Joseba Asiron y el jefe de Polic\u00eda Municipal, Antonio S\u00e1nchez L\u00f3pez se han encargado de presidir el homenaje, junto con el concejal de Seguridad y Convivencia Ciudadana, Endika Alonso; la concejala especial de Participaci\u00f3n Ciudadana y Euskera, Aitziber Campion; y el director del \u00e1rea de Seguridad Ciudadana, Juan Manuel Gil.<br \/>\n<script async src=\"\/\/pagead2.googlesyndication.com\/pagead\/js\/adsbygoogle.js\"><\/script><br \/>\n<!-- Noticias La Guia de Pamplona --><br \/>\n<ins class=\"adsbygoogle\"\nstyle=\"display:block\"\ndata-ad-client=\"ca-pub-6943679897239327\"\ndata-ad-slot=\"7048180777\"\ndata-ad-format=\"auto\"><\/ins><br \/>\n<script>\n(adsbygoogle = window.adsbygoogle || []).push({});\n<\/script><br \/>\nEn el acto han participado, adem\u00e1s, la Corporaci\u00f3n municipal, la delegada del Gobierno en Navarra, Alicia Echeverr\u00eda Jaime; el director general de Funci\u00f3n P\u00fablica, Rashid Mohamed V\u00e1zquez y el director general de Interior, Salvador D\u00edez Zapata, ambos de Gobierno de Navarra. Tambi\u00e9n estaban presentes el presidente del Tribunal Superior de Justicia de Navarra, Joaqu\u00edn Galve Sauras o el Defensor del Pueblo en Navarra, Patxi Vera Don\u00e1zar. Ha habido tambi\u00e9n representaci\u00f3n de 20 Polic\u00edas Locales de Navarra.<\/p>\n<p>A las homenajeadas, en dos casos representadas por un familiar directo, se les ha entregado como obsequio una reproducci\u00f3n de la fachada de la Casa Consistorial ba\u00f1ada en plata. En el acto ha intervenido un tr\u00edo de cuerda formado por tres alumnas adultas de la Escuela de M\u00fasica municipal Joaqu\u00edn Maya.<br \/>\n<script async src=\"\/\/pagead2.googlesyndication.com\/pagead\/js\/adsbygoogle.js\"><\/script><br \/>\n<!-- Noticias La Guia de Pamplona --><br \/>\n<ins class=\"adsbygoogle\"\nstyle=\"display:block\"\ndata-ad-client=\"ca-pub-6943679897239327\"\ndata-ad-slot=\"7048180777\"\ndata-ad-format=\"auto\"><\/ins><br \/>\n<script>\n(adsbygoogle = window.adsbygoogle || []).push({});\n<\/script><br \/>\n<strong>Una exposici\u00f3n conmemorativa<\/strong><\/p>\n<p>Pamplona fue, en 1974, tras C\u00f3rdoba y Madrid, la tercera ciudad del pa\u00eds en concebir que la mujer pod\u00eda desempe\u00f1ar funciones dentro de polic\u00eda local. En estos momentos el Palacio del Condestable acoge una muestra retrospectiva: \u201c50 a\u00f1os de la primera promoci\u00f3n de mujeres en Polic\u00eda Municipal\u201d en la que se recogen fotograf\u00edas en blanco y negro y color, entrevistas en prensa, documentos como carn\u00e9s profesionales, actas condicionados administrativos y nombramientos. Entre las fuentes de estos materiales est\u00e1n el Archivo Municipal de Pamplona o publicaciones de hemeroteca de medios como Diario de Navarra o la revista San Ferm\u00edn.<\/p>\n<p>La muestra, ubicada en el zagu\u00e1n, est\u00e1 compuesta por 18 paneles en castellano y euskera que recogen informaci\u00f3n sobre la evoluci\u00f3n de funciones o responsabilidades dentro del cuerpo de las agentes femeninas, y tambi\u00e9n de otros aspectos hist\u00f3ricos como los sucesivos cambios en el uniforme. Hay tambi\u00e9n objetos expuestos que evidencian la evoluci\u00f3n, desde placas de identificaci\u00f3n policial, hasta defensas (porras), cinturones, hebillas o gorro femenino de los primeros tiempos. Como comparativa, en la muestra, entre otros objetos de equipaci\u00f3n hay un maniqu\u00ed con el actual uniforme de las agentes.<br \/>\n<script async src=\"\/\/pagead2.googlesyndication.com\/pagead\/js\/adsbygoogle.js\"><\/script><br \/>\n<!-- Noticias La Guia de Pamplona --><br \/>\n<ins class=\"adsbygoogle\"\nstyle=\"display:block\"\ndata-ad-client=\"ca-pub-6943679897239327\"\ndata-ad-slot=\"7048180777\"\ndata-ad-format=\"auto\"><\/ins><br \/>\n<script>\n(adsbygoogle = window.adsbygoogle || []).push({});\n<\/script><br \/>\nPero dentro de la informaci\u00f3n de la exposici\u00f3n se visibiliza tambi\u00e9n a mujeres pioneras dentro de sus unidades o servicios: la primera sargento de Navarra, Maria Jes\u00fas Zudaire; la primera mujer en formar parte de la escolta de gala de Pamplona, Elena Navaz P\u00e9rez o Andone Poyo, primera mujer en la unidad de motos de Polic\u00eda Municipal de Pamplona.<\/p>\n<p>La exposici\u00f3n \u201c50 a\u00f1os de la primera promoci\u00f3n de mujeres en Polic\u00eda Municipal\u201d se podr\u00e1 visitar hasta el s\u00e1bado 24 de febrero, de lunes a domingo de 9 a 14 horas y de 17 a 21 horas.<\/p>\n","protected":false},"excerpt":{"rendered":"<p>El Palacio del Condestable acoge hasta el 24 de febrero la muestra \u201c50 a\u00f1os de la primera promoci\u00f3n de mujeres en Polic\u00eda Municipal\u201d<\/p>\n","protected":false},"author":1,"featured_media":48734,"comment_status":"open","ping_status":"closed","sticky":false,"template":"","format":"standard","meta":{"footnotes":""},"categories":[2],"tags":[],"class_list":["post-48733","post","type-post","status-publish","format-standard","has-post-thumbnail","hentry","category-ayuntamiento-pamplona"],"yoast_head":"<!-- This site is optimized with the Yoast SEO plugin v27.3 - https:\/\/yoast.com\/product\/yoast-seo-wordpress\/ -->\n<title>El Ayuntamiento homenajea a las 12 primeras agentes de Polic\u00eda Municipal de Pamplona, que accedieron al Cuerpo entre 1974 y 1977<\/title>\n<meta name=\"description\" content=\"El Palacio del Condestable acoge hasta el 24 de febrero la muestra \u201c50 a\u00f1os de la primera promoci\u00f3n de mujeres en Polic\u00eda Municipal\u201d\" \/>\n<meta name=\"robots\" content=\"index, follow, max-snippet:-1, max-image-preview:large, max-video-preview:-1\" \/>\n<link rel=\"canonical\" href=\"https:\/\/www.laguiadepamplona.com\/actualidad\/el-ayuntamiento-homenajea-a-las-12-primeras-agentes-de-policia-municipal-de-pamplona-que-accedieron-al-cuerpo-entre-1974-y-1977\/\" \/>\n<meta property=\"og:locale\" content=\"es_ES\" \/>\n<meta property=\"og:type\" content=\"article\" \/>\n<meta property=\"og:title\" content=\"El Ayuntamiento homenajea a las 12 primeras agentes de Polic\u00eda Municipal de Pamplona, que accedieron al Cuerpo entre 1974 y 1977\" \/>\n<meta property=\"og:description\" content=\"El Palacio del Condestable acoge hasta el 24 de febrero la muestra \u201c50 a\u00f1os de la primera promoci\u00f3n de mujeres en Polic\u00eda Municipal\u201d\" \/>\n<meta property=\"og:url\" content=\"https:\/\/www.laguiadepamplona.com\/actualidad\/el-ayuntamiento-homenajea-a-las-12-primeras-agentes-de-policia-municipal-de-pamplona-que-accedieron-al-cuerpo-entre-1974-y-1977\/\" \/>\n<meta property=\"og:site_name\" content=\"La Gu\u00eda de Pamplona\" \/>\n<meta property=\"article:publisher\" content=\"https:\/\/www.facebook.com\/laguiadepamplonacom-133175176762273\/?ref=hl\" \/>\n<meta property=\"article:published_time\" content=\"2024-02-14T19:19:26+00:00\" \/>\n<meta property=\"og:image\" content=\"https:\/\/www.laguiadepamplona.com\/actualidad\/wp-content\/uploads\/2024\/02\/240214homenajepoliciasmunicipalesq5a9909.webp\" \/>\n\t<meta property=\"og:image:width\" content=\"1200\" \/>\n\t<meta property=\"og:image:height\" content=\"800\" \/>\n\t<meta property=\"og:image:type\" content=\"image\/webp\" \/>\n<meta name=\"author\" content=\"La Gu\u00eda de Pamplona\" \/>\n<meta name=\"twitter:card\" content=\"summary_large_image\" \/>\n<meta name=\"twitter:creator\" content=\"@LaGuiadPamplona\" \/>\n<meta name=\"twitter:site\" content=\"@LaGuiadPamplona\" \/>\n<meta name=\"twitter:label1\" content=\"Escrito por\" \/>\n\t<meta name=\"twitter:data1\" content=\"La Gu\u00eda de Pamplona\" \/>\n\t<meta name=\"twitter:label2\" content=\"Tiempo de lectura\" \/>\n\t<meta name=\"twitter:data2\" content=\"3 minutos\" \/>\n<script type=\"application\/ld+json\" class=\"yoast-schema-graph\">{\"@context\":\"https:\\\/\\\/schema.org\",\"@graph\":[{\"@type\":\"Article\",\"@id\":\"https:\\\/\\\/www.laguiadepamplona.com\\\/actualidad\\\/el-ayuntamiento-homenajea-a-las-12-primeras-agentes-de-policia-municipal-de-pamplona-que-accedieron-al-cuerpo-entre-1974-y-1977\\\/#article\",\"isPartOf\":{\"@id\":\"https:\\\/\\\/www.laguiadepamplona.com\\\/actualidad\\\/el-ayuntamiento-homenajea-a-las-12-primeras-agentes-de-policia-municipal-de-pamplona-que-accedieron-al-cuerpo-entre-1974-y-1977\\\/\"},\"author\":{\"name\":\"La Gu\u00eda de Pamplona\",\"@id\":\"https:\\\/\\\/www.laguiadepamplona.com\\\/actualidad\\\/#\\\/schema\\\/person\\\/efe887376f0213d4657c93adc50b1fdb\"},\"headline\":\"El Ayuntamiento homenajea a las 12 primeras agentes de Polic\u00eda Municipal de Pamplona, que accedieron al Cuerpo entre 1974 y 1977\",\"datePublished\":\"2024-02-14T19:19:26+00:00\",\"mainEntityOfPage\":{\"@id\":\"https:\\\/\\\/www.laguiadepamplona.com\\\/actualidad\\\/el-ayuntamiento-homenajea-a-las-12-primeras-agentes-de-policia-municipal-de-pamplona-que-accedieron-al-cuerpo-entre-1974-y-1977\\\/\"},\"wordCount\":686,\"commentCount\":0,\"publisher\":{\"@id\":\"https:\\\/\\\/www.laguiadepamplona.com\\\/actualidad\\\/#organization\"},\"image\":{\"@id\":\"https:\\\/\\\/www.laguiadepamplona.com\\\/actualidad\\\/el-ayuntamiento-homenajea-a-las-12-primeras-agentes-de-policia-municipal-de-pamplona-que-accedieron-al-cuerpo-entre-1974-y-1977\\\/#primaryimage\"},\"thumbnailUrl\":\"https:\\\/\\\/www.laguiadepamplona.com\\\/actualidad\\\/wp-content\\\/uploads\\\/2024\\\/02\\\/240214homenajepoliciasmunicipalesq5a9909.webp\",\"articleSection\":[\"Ayto Pamplona\"],\"inLanguage\":\"es\",\"potentialAction\":[{\"@type\":\"CommentAction\",\"name\":\"Comment\",\"target\":[\"https:\\\/\\\/www.laguiadepamplona.com\\\/actualidad\\\/el-ayuntamiento-homenajea-a-las-12-primeras-agentes-de-policia-municipal-de-pamplona-que-accedieron-al-cuerpo-entre-1974-y-1977\\\/#respond\"]}]},{\"@type\":\"WebPage\",\"@id\":\"https:\\\/\\\/www.laguiadepamplona.com\\\/actualidad\\\/el-ayuntamiento-homenajea-a-las-12-primeras-agentes-de-policia-municipal-de-pamplona-que-accedieron-al-cuerpo-entre-1974-y-1977\\\/\",\"url\":\"https:\\\/\\\/www.laguiadepamplona.com\\\/actualidad\\\/el-ayuntamiento-homenajea-a-las-12-primeras-agentes-de-policia-municipal-de-pamplona-que-accedieron-al-cuerpo-entre-1974-y-1977\\\/\",\"name\":\"El Ayuntamiento homenajea a las 12 primeras agentes de Polic\u00eda Municipal de Pamplona, que accedieron al Cuerpo entre 1974 y 1977\",\"isPartOf\":{\"@id\":\"https:\\\/\\\/www.laguiadepamplona.com\\\/actualidad\\\/#website\"},\"primaryImageOfPage\":{\"@id\":\"https:\\\/\\\/www.laguiadepamplona.com\\\/actualidad\\\/el-ayuntamiento-homenajea-a-las-12-primeras-agentes-de-policia-municipal-de-pamplona-que-accedieron-al-cuerpo-entre-1974-y-1977\\\/#primaryimage\"},\"image\":{\"@id\":\"https:\\\/\\\/www.laguiadepamplona.com\\\/actualidad\\\/el-ayuntamiento-homenajea-a-las-12-primeras-agentes-de-policia-municipal-de-pamplona-que-accedieron-al-cuerpo-entre-1974-y-1977\\\/#primaryimage\"},\"thumbnailUrl\":\"https:\\\/\\\/www.laguiadepamplona.com\\\/actualidad\\\/wp-content\\\/uploads\\\/2024\\\/02\\\/240214homenajepoliciasmunicipalesq5a9909.webp\",\"datePublished\":\"2024-02-14T19:19:26+00:00\",\"description\":\"El Palacio del Condestable acoge hasta el 24 de febrero la muestra \u201c50 a\u00f1os de la primera promoci\u00f3n de mujeres en Polic\u00eda Municipal\u201d\",\"breadcrumb\":{\"@id\":\"https:\\\/\\\/www.laguiadepamplona.com\\\/actualidad\\\/el-ayuntamiento-homenajea-a-las-12-primeras-agentes-de-policia-municipal-de-pamplona-que-accedieron-al-cuerpo-entre-1974-y-1977\\\/#breadcrumb\"},\"inLanguage\":\"es\",\"potentialAction\":[{\"@type\":\"ReadAction\",\"target\":[\"https:\\\/\\\/www.laguiadepamplona.com\\\/actualidad\\\/el-ayuntamiento-homenajea-a-las-12-primeras-agentes-de-policia-municipal-de-pamplona-que-accedieron-al-cuerpo-entre-1974-y-1977\\\/\"]}]},{\"@type\":\"ImageObject\",\"inLanguage\":\"es\",\"@id\":\"https:\\\/\\\/www.laguiadepamplona.com\\\/actualidad\\\/el-ayuntamiento-homenajea-a-las-12-primeras-agentes-de-policia-municipal-de-pamplona-que-accedieron-al-cuerpo-entre-1974-y-1977\\\/#primaryimage\",\"url\":\"https:\\\/\\\/www.laguiadepamplona.com\\\/actualidad\\\/wp-content\\\/uploads\\\/2024\\\/02\\\/240214homenajepoliciasmunicipalesq5a9909.webp\",\"contentUrl\":\"https:\\\/\\\/www.laguiadepamplona.com\\\/actualidad\\\/wp-content\\\/uploads\\\/2024\\\/02\\\/240214homenajepoliciasmunicipalesq5a9909.webp\",\"width\":1200,\"height\":800,\"caption\":\"homenaje polic\u00eda municipal\"},{\"@type\":\"BreadcrumbList\",\"@id\":\"https:\\\/\\\/www.laguiadepamplona.com\\\/actualidad\\\/el-ayuntamiento-homenajea-a-las-12-primeras-agentes-de-policia-municipal-de-pamplona-que-accedieron-al-cuerpo-entre-1974-y-1977\\\/#breadcrumb\",\"itemListElement\":[{\"@type\":\"ListItem\",\"position\":1,\"name\":\"Portada\",\"item\":\"https:\\\/\\\/www.laguiadepamplona.com\\\/actualidad\\\/\"},{\"@type\":\"ListItem\",\"position\":2,\"name\":\"El Ayuntamiento homenajea a las 12 primeras agentes de Polic\u00eda Municipal de Pamplona, que accedieron al Cuerpo entre 1974 y 1977\"}]},{\"@type\":\"WebSite\",\"@id\":\"https:\\\/\\\/www.laguiadepamplona.com\\\/actualidad\\\/#website\",\"url\":\"https:\\\/\\\/www.laguiadepamplona.com\\\/actualidad\\\/\",\"name\":\"La gu\u00eda de Pamplona\",\"description\":\"Noticias de Pamplona\",\"publisher\":{\"@id\":\"https:\\\/\\\/www.laguiadepamplona.com\\\/actualidad\\\/#organization\"},\"potentialAction\":[{\"@type\":\"SearchAction\",\"target\":{\"@type\":\"EntryPoint\",\"urlTemplate\":\"https:\\\/\\\/www.laguiadepamplona.com\\\/actualidad\\\/?s={search_term_string}\"},\"query-input\":{\"@type\":\"PropertyValueSpecification\",\"valueRequired\":true,\"valueName\":\"search_term_string\"}}],\"inLanguage\":\"es\"},{\"@type\":\"Organization\",\"@id\":\"https:\\\/\\\/www.laguiadepamplona.com\\\/actualidad\\\/#organization\",\"name\":\"La Gu\u00eda de Pamplona \\\/ Noticias\",\"url\":\"https:\\\/\\\/www.laguiadepamplona.com\\\/actualidad\\\/\",\"logo\":{\"@type\":\"ImageObject\",\"inLanguage\":\"es\",\"@id\":\"https:\\\/\\\/www.laguiadepamplona.com\\\/actualidad\\\/#\\\/schema\\\/logo\\\/image\\\/\",\"url\":\"https:\\\/\\\/www.laguiadepamplona.com\\\/actualidad\\\/wp-content\\\/uploads\\\/2018\\\/11\\\/logo-laguiadepamplona18-web1.png\",\"contentUrl\":\"https:\\\/\\\/www.laguiadepamplona.com\\\/actualidad\\\/wp-content\\\/uploads\\\/2018\\\/11\\\/logo-laguiadepamplona18-web1.png\",\"width\":600,\"height\":196,\"caption\":\"La Gu\u00eda de Pamplona \\\/ Noticias\"},\"image\":{\"@id\":\"https:\\\/\\\/www.laguiadepamplona.com\\\/actualidad\\\/#\\\/schema\\\/logo\\\/image\\\/\"},\"sameAs\":[\"https:\\\/\\\/www.facebook.com\\\/laguiadepamplonacom-133175176762273\\\/?ref=hl\",\"https:\\\/\\\/x.com\\\/LaGuiadPamplona\",\"https:\\\/\\\/www.instagram.com\\\/la_guia_de_pamplona\\\/\",\"https:\\\/\\\/www.youtube.com\\\/user\\\/laguiadepamplona\"]},{\"@type\":\"Person\",\"@id\":\"https:\\\/\\\/www.laguiadepamplona.com\\\/actualidad\\\/#\\\/schema\\\/person\\\/efe887376f0213d4657c93adc50b1fdb\",\"name\":\"La Gu\u00eda de Pamplona\",\"image\":{\"@type\":\"ImageObject\",\"inLanguage\":\"es\",\"@id\":\"https:\\\/\\\/secure.gravatar.com\\\/avatar\\\/b6992f131dc8d30ab0dff15446e9d346d9dbd95992de0fef795073f5ea83a81c?s=96&d=mm&r=g\",\"url\":\"https:\\\/\\\/secure.gravatar.com\\\/avatar\\\/b6992f131dc8d30ab0dff15446e9d346d9dbd95992de0fef795073f5ea83a81c?s=96&d=mm&r=g\",\"contentUrl\":\"https:\\\/\\\/secure.gravatar.com\\\/avatar\\\/b6992f131dc8d30ab0dff15446e9d346d9dbd95992de0fef795073f5ea83a81c?s=96&d=mm&r=g\",\"caption\":\"La Gu\u00eda de Pamplona\"}}]}<\/script>\n<!-- \/ Yoast SEO plugin. -->","yoast_head_json":{"title":"El Ayuntamiento homenajea a las 12 primeras agentes de Polic\u00eda Municipal de Pamplona, que accedieron al Cuerpo entre 1974 y 1977","description":"El Palacio del Condestable acoge hasta el 24 de febrero la muestra \u201c50 a\u00f1os de la primera promoci\u00f3n de mujeres en Polic\u00eda Municipal\u201d","robots":{"index":"index","follow":"follow","max-snippet":"max-snippet:-1","max-image-preview":"max-image-preview:large","max-video-preview":"max-video-preview:-1"},"canonical":"https:\/\/www.laguiadepamplona.com\/actualidad\/el-ayuntamiento-homenajea-a-las-12-primeras-agentes-de-policia-municipal-de-pamplona-que-accedieron-al-cuerpo-entre-1974-y-1977\/","og_locale":"es_ES","og_type":"article","og_title":"El Ayuntamiento homenajea a las 12 primeras agentes de Polic\u00eda Municipal de Pamplona, que accedieron al Cuerpo entre 1974 y 1977","og_description":"El Palacio del Condestable acoge hasta el 24 de febrero la muestra \u201c50 a\u00f1os de la primera promoci\u00f3n de mujeres en Polic\u00eda Municipal\u201d","og_url":"https:\/\/www.laguiadepamplona.com\/actualidad\/el-ayuntamiento-homenajea-a-las-12-primeras-agentes-de-policia-municipal-de-pamplona-que-accedieron-al-cuerpo-entre-1974-y-1977\/","og_site_name":"La Gu\u00eda de Pamplona","article_publisher":"https:\/\/www.facebook.com\/laguiadepamplonacom-133175176762273\/?ref=hl","article_published_time":"2024-02-14T19:19:26+00:00","og_image":[{"width":1200,"height":800,"url":"https:\/\/www.laguiadepamplona.com\/actualidad\/wp-content\/uploads\/2024\/02\/240214homenajepoliciasmunicipalesq5a9909.webp","type":"image\/webp"}],"author":"La Gu\u00eda de Pamplona","twitter_card":"summary_large_image","twitter_creator":"@LaGuiadPamplona","twitter_site":"@LaGuiadPamplona","twitter_misc":{"Escrito por":"La Gu\u00eda de Pamplona","Tiempo de lectura":"3 minutos"},"schema":{"@context":"https:\/\/schema.org","@graph":[{"@type":"Article","@id":"https:\/\/www.laguiadepamplona.com\/actualidad\/el-ayuntamiento-homenajea-a-las-12-primeras-agentes-de-policia-municipal-de-pamplona-que-accedieron-al-cuerpo-entre-1974-y-1977\/#article","isPartOf":{"@id":"https:\/\/www.laguiadepamplona.com\/actualidad\/el-ayuntamiento-homenajea-a-las-12-primeras-agentes-de-policia-municipal-de-pamplona-que-accedieron-al-cuerpo-entre-1974-y-1977\/"},"author":{"name":"La Gu\u00eda de Pamplona","@id":"https:\/\/www.laguiadepamplona.com\/actualidad\/#\/schema\/person\/efe887376f0213d4657c93adc50b1fdb"},"headline":"El Ayuntamiento homenajea a las 12 primeras agentes de Polic\u00eda Municipal de Pamplona, que accedieron al Cuerpo entre 1974 y 1977","datePublished":"2024-02-14T19:19:26+00:00","mainEntityOfPage":{"@id":"https:\/\/www.laguiadepamplona.com\/actualidad\/el-ayuntamiento-homenajea-a-las-12-primeras-agentes-de-policia-municipal-de-pamplona-que-accedieron-al-cuerpo-entre-1974-y-1977\/"},"wordCount":686,"commentCount":0,"publisher":{"@id":"https:\/\/www.laguiadepamplona.com\/actualidad\/#organization"},"image":{"@id":"https:\/\/www.laguiadepamplona.com\/actualidad\/el-ayuntamiento-homenajea-a-las-12-primeras-agentes-de-policia-municipal-de-pamplona-que-accedieron-al-cuerpo-entre-1974-y-1977\/#primaryimage"},"thumbnailUrl":"https:\/\/www.laguiadepamplona.com\/actualidad\/wp-content\/uploads\/2024\/02\/240214homenajepoliciasmunicipalesq5a9909.webp","articleSection":["Ayto Pamplona"],"inLanguage":"es","potentialAction":[{"@type":"CommentAction","name":"Comment","target":["https:\/\/www.laguiadepamplona.com\/actualidad\/el-ayuntamiento-homenajea-a-las-12-primeras-agentes-de-policia-municipal-de-pamplona-que-accedieron-al-cuerpo-entre-1974-y-1977\/#respond"]}]},{"@type":"WebPage","@id":"https:\/\/www.laguiadepamplona.com\/actualidad\/el-ayuntamiento-homenajea-a-las-12-primeras-agentes-de-policia-municipal-de-pamplona-que-accedieron-al-cuerpo-entre-1974-y-1977\/","url":"https:\/\/www.laguiadepamplona.com\/actualidad\/el-ayuntamiento-homenajea-a-las-12-primeras-agentes-de-policia-municipal-de-pamplona-que-accedieron-al-cuerpo-entre-1974-y-1977\/","name":"El Ayuntamiento homenajea a las 12 primeras agentes de Polic\u00eda Municipal de Pamplona, que accedieron al Cuerpo entre 1974 y 1977","isPartOf":{"@id":"https:\/\/www.laguiadepamplona.com\/actualidad\/#website"},"primaryImageOfPage":{"@id":"https:\/\/www.laguiadepamplona.com\/actualidad\/el-ayuntamiento-homenajea-a-las-12-primeras-agentes-de-policia-municipal-de-pamplona-que-accedieron-al-cuerpo-entre-1974-y-1977\/#primaryimage"},"image":{"@id":"https:\/\/www.laguiadepamplona.com\/actualidad\/el-ayuntamiento-homenajea-a-las-12-primeras-agentes-de-policia-municipal-de-pamplona-que-accedieron-al-cuerpo-entre-1974-y-1977\/#primaryimage"},"thumbnailUrl":"https:\/\/www.laguiadepamplona.com\/actualidad\/wp-content\/uploads\/2024\/02\/240214homenajepoliciasmunicipalesq5a9909.webp","datePublished":"2024-02-14T19:19:26+00:00","description":"El Palacio del Condestable acoge hasta el 24 de febrero la muestra \u201c50 a\u00f1os de la primera promoci\u00f3n de mujeres en Polic\u00eda Municipal\u201d","breadcrumb":{"@id":"https:\/\/www.laguiadepamplona.com\/actualidad\/el-ayuntamiento-homenajea-a-las-12-primeras-agentes-de-policia-municipal-de-pamplona-que-accedieron-al-cuerpo-entre-1974-y-1977\/#breadcrumb"},"inLanguage":"es","potentialAction":[{"@type":"ReadAction","target":["https:\/\/www.laguiadepamplona.com\/actualidad\/el-ayuntamiento-homenajea-a-las-12-primeras-agentes-de-policia-municipal-de-pamplona-que-accedieron-al-cuerpo-entre-1974-y-1977\/"]}]},{"@type":"ImageObject","inLanguage":"es","@id":"https:\/\/www.laguiadepamplona.com\/actualidad\/el-ayuntamiento-homenajea-a-las-12-primeras-agentes-de-policia-municipal-de-pamplona-que-accedieron-al-cuerpo-entre-1974-y-1977\/#primaryimage","url":"https:\/\/www.laguiadepamplona.com\/actualidad\/wp-content\/uploads\/2024\/02\/240214homenajepoliciasmunicipalesq5a9909.webp","contentUrl":"https:\/\/www.laguiadepamplona.com\/actualidad\/wp-content\/uploads\/2024\/02\/240214homenajepoliciasmunicipalesq5a9909.webp","width":1200,"height":800,"caption":"homenaje polic\u00eda municipal"},{"@type":"BreadcrumbList","@id":"https:\/\/www.laguiadepamplona.com\/actualidad\/el-ayuntamiento-homenajea-a-las-12-primeras-agentes-de-policia-municipal-de-pamplona-que-accedieron-al-cuerpo-entre-1974-y-1977\/#breadcrumb","itemListElement":[{"@type":"ListItem","position":1,"name":"Portada","item":"https:\/\/www.laguiadepamplona.com\/actualidad\/"},{"@type":"ListItem","position":2,"name":"El Ayuntamiento homenajea a las 12 primeras agentes de Polic\u00eda Municipal de Pamplona, que accedieron al Cuerpo entre 1974 y 1977"}]},{"@type":"WebSite","@id":"https:\/\/www.laguiadepamplona.com\/actualidad\/#website","url":"https:\/\/www.laguiadepamplona.com\/actualidad\/","name":"La gu\u00eda de Pamplona","description":"Noticias de Pamplona","publisher":{"@id":"https:\/\/www.laguiadepamplona.com\/actualidad\/#organization"},"potentialAction":[{"@type":"SearchAction","target":{"@type":"EntryPoint","urlTemplate":"https:\/\/www.laguiadepamplona.com\/actualidad\/?s={search_term_string}"},"query-input":{"@type":"PropertyValueSpecification","valueRequired":true,"valueName":"search_term_string"}}],"inLanguage":"es"},{"@type":"Organization","@id":"https:\/\/www.laguiadepamplona.com\/actualidad\/#organization","name":"La Gu\u00eda de Pamplona \/ Noticias","url":"https:\/\/www.laguiadepamplona.com\/actualidad\/","logo":{"@type":"ImageObject","inLanguage":"es","@id":"https:\/\/www.laguiadepamplona.com\/actualidad\/#\/schema\/logo\/image\/","url":"https:\/\/www.laguiadepamplona.com\/actualidad\/wp-content\/uploads\/2018\/11\/logo-laguiadepamplona18-web1.png","contentUrl":"https:\/\/www.laguiadepamplona.com\/actualidad\/wp-content\/uploads\/2018\/11\/logo-laguiadepamplona18-web1.png","width":600,"height":196,"caption":"La Gu\u00eda de Pamplona \/ Noticias"},"image":{"@id":"https:\/\/www.laguiadepamplona.com\/actualidad\/#\/schema\/logo\/image\/"},"sameAs":["https:\/\/www.facebook.com\/laguiadepamplonacom-133175176762273\/?ref=hl","https:\/\/x.com\/LaGuiadPamplona","https:\/\/www.instagram.com\/la_guia_de_pamplona\/","https:\/\/www.youtube.com\/user\/laguiadepamplona"]},{"@type":"Person","@id":"https:\/\/www.laguiadepamplona.com\/actualidad\/#\/schema\/person\/efe887376f0213d4657c93adc50b1fdb","name":"La Gu\u00eda de Pamplona","image":{"@type":"ImageObject","inLanguage":"es","@id":"https:\/\/secure.gravatar.com\/avatar\/b6992f131dc8d30ab0dff15446e9d346d9dbd95992de0fef795073f5ea83a81c?s=96&d=mm&r=g","url":"https:\/\/secure.gravatar.com\/avatar\/b6992f131dc8d30ab0dff15446e9d346d9dbd95992de0fef795073f5ea83a81c?s=96&d=mm&r=g","contentUrl":"https:\/\/secure.gravatar.com\/avatar\/b6992f131dc8d30ab0dff15446e9d346d9dbd95992de0fef795073f5ea83a81c?s=96&d=mm&r=g","caption":"La Gu\u00eda de Pamplona"}}]}},"post_mailing_queue_ids":[],"_links":{"self":[{"href":"https:\/\/www.laguiadepamplona.com\/actualidad\/wp-json\/wp\/v2\/posts\/48733","targetHints":{"allow":["GET"]}}],"collection":[{"href":"https:\/\/www.laguiadepamplona.com\/actualidad\/wp-json\/wp\/v2\/posts"}],"about":[{"href":"https:\/\/www.laguiadepamplona.com\/actualidad\/wp-json\/wp\/v2\/types\/post"}],"author":[{"embeddable":true,"href":"https:\/\/www.laguiadepamplona.com\/actualidad\/wp-json\/wp\/v2\/users\/1"}],"replies":[{"embeddable":true,"href":"https:\/\/www.laguiadepamplona.com\/actualidad\/wp-json\/wp\/v2\/comments?post=48733"}],"version-history":[{"count":1,"href":"https:\/\/www.laguiadepamplona.com\/actualidad\/wp-json\/wp\/v2\/posts\/48733\/revisions"}],"predecessor-version":[{"id":48735,"href":"https:\/\/www.laguiadepamplona.com\/actualidad\/wp-json\/wp\/v2\/posts\/48733\/revisions\/48735"}],"wp:featuredmedia":[{"embeddable":true,"href":"https:\/\/www.laguiadepamplona.com\/actualidad\/wp-json\/wp\/v2\/media\/48734"}],"wp:attachment":[{"href":"https:\/\/www.laguiadepamplona.com\/actualidad\/wp-json\/wp\/v2\/media?parent=48733"}],"wp:term":[{"taxonomy":"category","embeddable":true,"href":"https:\/\/www.laguiadepamplona.com\/actualidad\/wp-json\/wp\/v2\/categories?post=48733"},{"taxonomy":"post_tag","embeddable":true,"href":"https:\/\/www.laguiadepamplona.com\/actualidad\/wp-json\/wp\/v2\/tags?post=48733"}],"curies":[{"name":"wp","href":"https:\/\/api.w.org\/{rel}","templated":true}]}}