{"id":48725,"date":"2024-02-13T18:19:37","date_gmt":"2024-02-13T16:19:37","guid":{"rendered":"https:\/\/www.laguiadepamplona.com\/actualidad\/?p=48725"},"modified":"2024-02-13T18:19:37","modified_gmt":"2024-02-13T16:19:37","slug":"avanzar-en-digitalizacion-e-inteligencias-artificiales-un-entorno-joven-empoderado-y-participativo-y-mantener-la-cooperacion-al-desarrollo-lineas-de-trabajo-de-una-nueva-area","status":"publish","type":"post","link":"https:\/\/www.laguiadepamplona.com\/actualidad\/avanzar-en-digitalizacion-e-inteligencias-artificiales-un-entorno-joven-empoderado-y-participativo-y-mantener-la-cooperacion-al-desarrollo-lineas-de-trabajo-de-una-nueva-area\/","title":{"rendered":"Avanzar en digitalizaci\u00f3n e inteligencias artificiales, un entorno joven empoderado y participativo, y mantener la cooperaci\u00f3n al desarrollo, l\u00edneas de trabajo de una nueva \u00e1rea"},"content":{"rendered":"<h2>Mikel Armend\u00e1riz, concejal especial de Innovaci\u00f3n, Cooperaci\u00f3n al desarrollo y Juventud, ha comparecido hoy en comisi\u00f3n a petici\u00f3n propia<\/h2>\n<p><!--more--><\/p>\n<p>El concejal especial de Innovaci\u00f3n, Cooperaci\u00f3n al desarrollo y Juventud, Mikel Armend\u00e1riz, ha comparecido hoy a petici\u00f3n propia ante la Comisi\u00f3n de Asuntos Ciudadanos para explicar las l\u00edneas de trabajo de las materias bajo su competencia. Desde el punto de vista de la Innovaci\u00f3n Pamplona pondr\u00e1 en marcha una red wifi p\u00fablica moderna, seguir\u00e1 digitalizando tr\u00e1mites de forma accesible, crear\u00e1 una oficina de registro Cl@ve y buscar\u00e1 ampliar la atenci\u00f3n ciudadana utilizando el sistema de WhatsApp. Dentro de los procesos internos, el Ayuntamiento trabajar\u00e1 para ampliar la implementaci\u00f3n del expediente electr\u00f3nico, y la recogida y el tratamiento adecuado de datos y la inclusi\u00f3n de la Inteligencia Artificial (IA).<\/p>\n<p>En relaci\u00f3n al \u00e1rea de Juventud, en el que se incluyen 38.000 personas de 14 a 30 a\u00f1os, adem\u00e1s de profundizar y mejorar los programas ya existentes en al \u00e1rea y en la Casa de la Juventud, se har\u00e1 incidencia en propuestas que permitan que la ciudad cuente con una poblaci\u00f3n joven emancipada, comprometida, participativa, activa y sostenible. Entre las iniciativas que se acometer\u00e1n, adem\u00e1s de la revisi\u00f3n del reglamento y el sistema de funcionamiento de la Mesa de la Juventud, se plantear\u00e1n actuaciones trasversales como la inclusi\u00f3n de la perspectiva joven en la normativa municipal, la propuesta de alojamientos dotacionales del Plan Municipal de Vivienda Asequible o la instalaci\u00f3n de aparcamientos protegidos de bicicleta.<\/p>\n<p>Finalmente, al abordar la cooperaci\u00f3n al desarrollo, Armend\u00e1riz se ha comprometido a destinar el 0,7% del presupuesto anual a este tipo actividades como marca Naciones Unidas<br \/>\n<script async src=\"\/\/pagead2.googlesyndication.com\/pagead\/js\/adsbygoogle.js\"><\/script><br \/>\n<!-- Noticias La Guia de Pamplona --><br \/>\n<ins class=\"adsbygoogle\"\nstyle=\"display:block\"\ndata-ad-client=\"ca-pub-6943679897239327\"\ndata-ad-slot=\"7048180777\"\ndata-ad-format=\"auto\"><\/ins><br \/>\n<script>\n(adsbygoogle = window.adsbygoogle || []).push({});\n<\/script><\/p>\n<p><strong>Fomentar las nuevas tecnolog\u00edas de forma transversal<\/strong><\/p>\n<p>Como espacio de trabajo de nueva creaci\u00f3n, el \u00e1rea de Innovaci\u00f3n del Ayuntamiento pretende desplegar su actividad tanto de cara a la ciudadan\u00eda, como en los procesos internos de digitalizaci\u00f3n. El objetivo: reducir las dificultades administrativas mediante la automatizaci\u00f3n y la agilizaci\u00f3n de tr\u00e1mites y seguir avanzando en los procesos de gesti\u00f3n documental de los expedientes electr\u00f3nicos.<\/p>\n<p>As\u00ed, se ampliar\u00e1n los tramites de la sede Electr\u00f3nica eliminando archivos pdf., se atender\u00e1 la realizaci\u00f3n de tr\u00e1mites por WhatsApp, se estudiar\u00e1 la creaci\u00f3n de una app m\u00f3vil, adem\u00e1s de auxiliar a la ciudadan\u00eda en identificaci\u00f3n digital con una oficina de registro Cl@ve. Se seguir\u00e1, adem\u00e1s, potenciando los bot, tanto el de voz del 010, como el de chat en <a href=\"http:\/\/www.pamplona.es\" target=\"_blank\" rel=\"noopener\">www.pamplona.es<\/a> y progresar en la extensi\u00f3n de las Inteligencias Artificiales. La propuesta a futuro es tambi\u00e9n trabajar en mejorar el sistema de web y la propia intranet municipal para hacer de esta \u00faltima una herramienta m\u00e1s participativa. Asimismo, se mejorar\u00e1 la red wifi p\u00fablica y la recopilaci\u00f3n de datos en l\u00ednea con el proyecto \u2018Plataforma de intermediaci\u00f3n de datos de las administraciones\u2019 del Ministerio de Hacienda y Administraciones P\u00fablicas, y se trabajar\u00e1 en formaci\u00f3n interna en ciberseguridad.<br \/>\n<script async src=\"\/\/pagead2.googlesyndication.com\/pagead\/js\/adsbygoogle.js\"><\/script><br \/>\n<!-- Noticias La Guia de Pamplona --><br \/>\n<ins class=\"adsbygoogle\"\nstyle=\"display:block\"\ndata-ad-client=\"ca-pub-6943679897239327\"\ndata-ad-slot=\"7048180777\"\ndata-ad-format=\"auto\"><\/ins><br \/>\n<script>\n(adsbygoogle = window.adsbygoogle || []).push({});\n<\/script><\/p>\n<p><strong>Un entorno joven empoderado y participativo<\/strong><\/p>\n<p>\u2018De la juventud, para la juventud\u2019 ser\u00e1 el principio rector de las pol\u00edticas dise\u00f1adas para j\u00f3venes, ha dicho Mikel Armendariz. La idea es incidir sobe un colectivo especialmente vulnerable por la precariedad en el empleo, su dificultad de acceso a la vivienda y desencantada con el futuro que parece dise\u00f1arse para ellas y ellos. El \u00e1rea de trabajo con j\u00f3venes, apoy\u00e1ndose tambi\u00e9n en la Casa de la Juventud, seguir\u00e1 ofreciendo actividades y cursos de formaci\u00f3n y asesor\u00edas especializadas, y facilitando a esta franja de edad oportunidades para el asociacionismo, los viajes y el descubrimiento de nuevos intereses. Tambi\u00e9n se fomentar\u00e1 la participaci\u00f3n en actividades de voluntariado, de creaci\u00f3n o ciencia.<\/p>\n<p>En el marco del III Plan Pamplona Joven se colaborar\u00e1 con el \u00c1rea de Igualdad en el fomento de actitudes no sexistas y la atenci\u00f3n a la diversidad sexual y de g\u00e9nero. Se mantendr\u00e1 la presencia en las redes Antirrumores frente a la xenofobia y el racismo y se analizar\u00e1 el reglamento y los contenidos de la Mesa de la Juventud para mejorar la representaci\u00f3n de propuestas y preocupaciones de los j\u00f3venes ante la ciudad. Adem\u00e1s, se buscar\u00e1 que el punto de vista joven se incluya de forma transversal en normativas, planes y servicios municipales, como por ejemplo en la instalaci\u00f3n de aparcamientos protegidos de bicicletas o la propuesta de alojamientos dotacionales del Plan Municipal de Vivienda Asequible.<br \/>\n<script async src=\"\/\/pagead2.googlesyndication.com\/pagead\/js\/adsbygoogle.js\"><\/script><br \/>\n<!-- Noticias La Guia de Pamplona --><br \/>\n<ins class=\"adsbygoogle\"\nstyle=\"display:block\"\ndata-ad-client=\"ca-pub-6943679897239327\"\ndata-ad-slot=\"7048180777\"\ndata-ad-format=\"auto\"><\/ins><br \/>\n<script>\n(adsbygoogle = window.adsbygoogle || []).push({});\n<\/script><\/p>\n<p><strong>Cooperaci\u00f3n al desarrollo<\/strong><\/p>\n<p>En materia de Cooperaci\u00f3n al desarrollo, Armend\u00e1riz se ha comprometido a destinar el 0,7% del presupuesto anual a este tipo actividades, siguiendo las indicaciones de Naciones Unidas. Las acciones a las que se dedicar\u00e1n vendr\u00e1n marcadas por el II Plan Director de Cooperaci\u00f3n al Desarrollo 2022-2025, que establece como prioridades proyectos de desarrollo humano, de cooperaci\u00f3n con entidades locales, de sensibilizaci\u00f3n y educaci\u00f3n, tanto en Pamplona como en pa\u00edses de destino, y proyectos de educaci\u00f3n para el desarrollo y ciudadan\u00eda global. La subvenci\u00f3n municipal a estos proyectos se conceder\u00e1 a trav\u00e9s de convocatorias p\u00fablicas y ser\u00e1n sometidas a control, seguimiento y justificaci\u00f3n desde el Ayuntamiento.<\/p>\n<p>Adem\u00e1s, en lo que a Ayuda Humanitaria y de Emergencia se refiere, el Consistorio prev\u00e9 una reestructuraci\u00f3n de estas ayudas, de forma que pueda responder mejor a las necesidades urgentes imprevistas y se eviten problemas en la ejecuci\u00f3n.<\/p>\n","protected":false},"excerpt":{"rendered":"<p>Mikel Armend\u00e1riz, concejal especial de Innovaci\u00f3n, Cooperaci\u00f3n al desarrollo y Juventud, ha comparecido hoy en comisi\u00f3n a petici\u00f3n propia<\/p>\n","protected":false},"author":1,"featured_media":48503,"comment_status":"open","ping_status":"closed","sticky":false,"template":"","format":"standard","meta":{"footnotes":""},"categories":[2],"tags":[],"class_list":["post-48725","post","type-post","status-publish","format-standard","has-post-thumbnail","hentry","category-ayuntamiento-pamplona"],"yoast_head":"<!-- This site is optimized with the Yoast SEO plugin v27.3 - https:\/\/yoast.com\/product\/yoast-seo-wordpress\/ -->\n<title>Avanzar en digitalizaci\u00f3n e inteligencias artificiales, un entorno joven empoderado y participativo, y mantener la cooperaci\u00f3n al desarrollo, l\u00edneas de trabajo de una nueva \u00e1rea<\/title>\n<meta name=\"description\" content=\"Mikel Armend\u00e1riz, concejal especial de Innovaci\u00f3n, Cooperaci\u00f3n al desarrollo y Juventud, ha comparecido hoy en comisi\u00f3n a petici\u00f3n propia\" \/>\n<meta name=\"robots\" content=\"index, follow, max-snippet:-1, max-image-preview:large, max-video-preview:-1\" \/>\n<link rel=\"canonical\" href=\"https:\/\/www.laguiadepamplona.com\/actualidad\/avanzar-en-digitalizacion-e-inteligencias-artificiales-un-entorno-joven-empoderado-y-participativo-y-mantener-la-cooperacion-al-desarrollo-lineas-de-trabajo-de-una-nueva-area\/\" \/>\n<meta property=\"og:locale\" content=\"es_ES\" \/>\n<meta property=\"og:type\" content=\"article\" \/>\n<meta property=\"og:title\" content=\"Avanzar en digitalizaci\u00f3n e inteligencias artificiales, un entorno joven empoderado y participativo, y mantener la cooperaci\u00f3n al desarrollo, l\u00edneas de trabajo de una nueva \u00e1rea\" \/>\n<meta property=\"og:description\" content=\"Mikel Armend\u00e1riz, concejal especial de Innovaci\u00f3n, Cooperaci\u00f3n al desarrollo y Juventud, ha comparecido hoy en comisi\u00f3n a petici\u00f3n propia\" \/>\n<meta property=\"og:url\" content=\"https:\/\/www.laguiadepamplona.com\/actualidad\/avanzar-en-digitalizacion-e-inteligencias-artificiales-un-entorno-joven-empoderado-y-participativo-y-mantener-la-cooperacion-al-desarrollo-lineas-de-trabajo-de-una-nueva-area\/\" \/>\n<meta property=\"og:site_name\" content=\"La Gu\u00eda de Pamplona\" \/>\n<meta property=\"article:publisher\" content=\"https:\/\/www.facebook.com\/laguiadepamplonacom-133175176762273\/?ref=hl\" \/>\n<meta property=\"article:published_time\" content=\"2024-02-13T16:19:37+00:00\" \/>\n<meta property=\"og:image\" content=\"https:\/\/www.laguiadepamplona.com\/actualidad\/wp-content\/uploads\/2024\/01\/ayuntamiento-pamplona.webp\" \/>\n\t<meta property=\"og:image:width\" content=\"1200\" \/>\n\t<meta property=\"og:image:height\" content=\"675\" \/>\n\t<meta property=\"og:image:type\" content=\"image\/webp\" \/>\n<meta name=\"author\" content=\"La Gu\u00eda de Pamplona\" \/>\n<meta name=\"twitter:card\" content=\"summary_large_image\" \/>\n<meta name=\"twitter:creator\" content=\"@LaGuiadPamplona\" \/>\n<meta name=\"twitter:site\" content=\"@LaGuiadPamplona\" \/>\n<meta name=\"twitter:label1\" content=\"Escrito por\" \/>\n\t<meta name=\"twitter:data1\" content=\"La Gu\u00eda de Pamplona\" \/>\n\t<meta name=\"twitter:label2\" content=\"Tiempo de lectura\" \/>\n\t<meta name=\"twitter:data2\" content=\"5 minutos\" \/>\n<script type=\"application\/ld+json\" class=\"yoast-schema-graph\">{\"@context\":\"https:\\\/\\\/schema.org\",\"@graph\":[{\"@type\":\"Article\",\"@id\":\"https:\\\/\\\/www.laguiadepamplona.com\\\/actualidad\\\/avanzar-en-digitalizacion-e-inteligencias-artificiales-un-entorno-joven-empoderado-y-participativo-y-mantener-la-cooperacion-al-desarrollo-lineas-de-trabajo-de-una-nueva-area\\\/#article\",\"isPartOf\":{\"@id\":\"https:\\\/\\\/www.laguiadepamplona.com\\\/actualidad\\\/avanzar-en-digitalizacion-e-inteligencias-artificiales-un-entorno-joven-empoderado-y-participativo-y-mantener-la-cooperacion-al-desarrollo-lineas-de-trabajo-de-una-nueva-area\\\/\"},\"author\":{\"name\":\"La Gu\u00eda de Pamplona\",\"@id\":\"https:\\\/\\\/www.laguiadepamplona.com\\\/actualidad\\\/#\\\/schema\\\/person\\\/efe887376f0213d4657c93adc50b1fdb\"},\"headline\":\"Avanzar en digitalizaci\u00f3n e inteligencias artificiales, un entorno joven empoderado y participativo, y mantener la cooperaci\u00f3n al desarrollo, l\u00edneas de trabajo de una nueva \u00e1rea\",\"datePublished\":\"2024-02-13T16:19:37+00:00\",\"mainEntityOfPage\":{\"@id\":\"https:\\\/\\\/www.laguiadepamplona.com\\\/actualidad\\\/avanzar-en-digitalizacion-e-inteligencias-artificiales-un-entorno-joven-empoderado-y-participativo-y-mantener-la-cooperacion-al-desarrollo-lineas-de-trabajo-de-una-nueva-area\\\/\"},\"wordCount\":972,\"commentCount\":0,\"publisher\":{\"@id\":\"https:\\\/\\\/www.laguiadepamplona.com\\\/actualidad\\\/#organization\"},\"image\":{\"@id\":\"https:\\\/\\\/www.laguiadepamplona.com\\\/actualidad\\\/avanzar-en-digitalizacion-e-inteligencias-artificiales-un-entorno-joven-empoderado-y-participativo-y-mantener-la-cooperacion-al-desarrollo-lineas-de-trabajo-de-una-nueva-area\\\/#primaryimage\"},\"thumbnailUrl\":\"https:\\\/\\\/www.laguiadepamplona.com\\\/actualidad\\\/wp-content\\\/uploads\\\/2024\\\/01\\\/ayuntamiento-pamplona.webp\",\"articleSection\":[\"Ayto Pamplona\"],\"inLanguage\":\"es\",\"potentialAction\":[{\"@type\":\"CommentAction\",\"name\":\"Comment\",\"target\":[\"https:\\\/\\\/www.laguiadepamplona.com\\\/actualidad\\\/avanzar-en-digitalizacion-e-inteligencias-artificiales-un-entorno-joven-empoderado-y-participativo-y-mantener-la-cooperacion-al-desarrollo-lineas-de-trabajo-de-una-nueva-area\\\/#respond\"]}]},{\"@type\":\"WebPage\",\"@id\":\"https:\\\/\\\/www.laguiadepamplona.com\\\/actualidad\\\/avanzar-en-digitalizacion-e-inteligencias-artificiales-un-entorno-joven-empoderado-y-participativo-y-mantener-la-cooperacion-al-desarrollo-lineas-de-trabajo-de-una-nueva-area\\\/\",\"url\":\"https:\\\/\\\/www.laguiadepamplona.com\\\/actualidad\\\/avanzar-en-digitalizacion-e-inteligencias-artificiales-un-entorno-joven-empoderado-y-participativo-y-mantener-la-cooperacion-al-desarrollo-lineas-de-trabajo-de-una-nueva-area\\\/\",\"name\":\"Avanzar en digitalizaci\u00f3n e inteligencias artificiales, un entorno joven empoderado y participativo, y mantener la cooperaci\u00f3n al desarrollo, l\u00edneas de trabajo de una nueva \u00e1rea\",\"isPartOf\":{\"@id\":\"https:\\\/\\\/www.laguiadepamplona.com\\\/actualidad\\\/#website\"},\"primaryImageOfPage\":{\"@id\":\"https:\\\/\\\/www.laguiadepamplona.com\\\/actualidad\\\/avanzar-en-digitalizacion-e-inteligencias-artificiales-un-entorno-joven-empoderado-y-participativo-y-mantener-la-cooperacion-al-desarrollo-lineas-de-trabajo-de-una-nueva-area\\\/#primaryimage\"},\"image\":{\"@id\":\"https:\\\/\\\/www.laguiadepamplona.com\\\/actualidad\\\/avanzar-en-digitalizacion-e-inteligencias-artificiales-un-entorno-joven-empoderado-y-participativo-y-mantener-la-cooperacion-al-desarrollo-lineas-de-trabajo-de-una-nueva-area\\\/#primaryimage\"},\"thumbnailUrl\":\"https:\\\/\\\/www.laguiadepamplona.com\\\/actualidad\\\/wp-content\\\/uploads\\\/2024\\\/01\\\/ayuntamiento-pamplona.webp\",\"datePublished\":\"2024-02-13T16:19:37+00:00\",\"description\":\"Mikel Armend\u00e1riz, concejal especial de Innovaci\u00f3n, Cooperaci\u00f3n al desarrollo y Juventud, ha comparecido hoy en comisi\u00f3n a petici\u00f3n propia\",\"breadcrumb\":{\"@id\":\"https:\\\/\\\/www.laguiadepamplona.com\\\/actualidad\\\/avanzar-en-digitalizacion-e-inteligencias-artificiales-un-entorno-joven-empoderado-y-participativo-y-mantener-la-cooperacion-al-desarrollo-lineas-de-trabajo-de-una-nueva-area\\\/#breadcrumb\"},\"inLanguage\":\"es\",\"potentialAction\":[{\"@type\":\"ReadAction\",\"target\":[\"https:\\\/\\\/www.laguiadepamplona.com\\\/actualidad\\\/avanzar-en-digitalizacion-e-inteligencias-artificiales-un-entorno-joven-empoderado-y-participativo-y-mantener-la-cooperacion-al-desarrollo-lineas-de-trabajo-de-una-nueva-area\\\/\"]}]},{\"@type\":\"ImageObject\",\"inLanguage\":\"es\",\"@id\":\"https:\\\/\\\/www.laguiadepamplona.com\\\/actualidad\\\/avanzar-en-digitalizacion-e-inteligencias-artificiales-un-entorno-joven-empoderado-y-participativo-y-mantener-la-cooperacion-al-desarrollo-lineas-de-trabajo-de-una-nueva-area\\\/#primaryimage\",\"url\":\"https:\\\/\\\/www.laguiadepamplona.com\\\/actualidad\\\/wp-content\\\/uploads\\\/2024\\\/01\\\/ayuntamiento-pamplona.webp\",\"contentUrl\":\"https:\\\/\\\/www.laguiadepamplona.com\\\/actualidad\\\/wp-content\\\/uploads\\\/2024\\\/01\\\/ayuntamiento-pamplona.webp\",\"width\":1200,\"height\":675,\"caption\":\"ayuntamiento pamplona\"},{\"@type\":\"BreadcrumbList\",\"@id\":\"https:\\\/\\\/www.laguiadepamplona.com\\\/actualidad\\\/avanzar-en-digitalizacion-e-inteligencias-artificiales-un-entorno-joven-empoderado-y-participativo-y-mantener-la-cooperacion-al-desarrollo-lineas-de-trabajo-de-una-nueva-area\\\/#breadcrumb\",\"itemListElement\":[{\"@type\":\"ListItem\",\"position\":1,\"name\":\"Portada\",\"item\":\"https:\\\/\\\/www.laguiadepamplona.com\\\/actualidad\\\/\"},{\"@type\":\"ListItem\",\"position\":2,\"name\":\"Avanzar en digitalizaci\u00f3n e inteligencias artificiales, un entorno joven empoderado y participativo, y mantener la cooperaci\u00f3n al desarrollo, l\u00edneas de trabajo de una nueva \u00e1rea\"}]},{\"@type\":\"WebSite\",\"@id\":\"https:\\\/\\\/www.laguiadepamplona.com\\\/actualidad\\\/#website\",\"url\":\"https:\\\/\\\/www.laguiadepamplona.com\\\/actualidad\\\/\",\"name\":\"La gu\u00eda de Pamplona\",\"description\":\"Noticias de Pamplona\",\"publisher\":{\"@id\":\"https:\\\/\\\/www.laguiadepamplona.com\\\/actualidad\\\/#organization\"},\"potentialAction\":[{\"@type\":\"SearchAction\",\"target\":{\"@type\":\"EntryPoint\",\"urlTemplate\":\"https:\\\/\\\/www.laguiadepamplona.com\\\/actualidad\\\/?s={search_term_string}\"},\"query-input\":{\"@type\":\"PropertyValueSpecification\",\"valueRequired\":true,\"valueName\":\"search_term_string\"}}],\"inLanguage\":\"es\"},{\"@type\":\"Organization\",\"@id\":\"https:\\\/\\\/www.laguiadepamplona.com\\\/actualidad\\\/#organization\",\"name\":\"La Gu\u00eda de Pamplona \\\/ Noticias\",\"url\":\"https:\\\/\\\/www.laguiadepamplona.com\\\/actualidad\\\/\",\"logo\":{\"@type\":\"ImageObject\",\"inLanguage\":\"es\",\"@id\":\"https:\\\/\\\/www.laguiadepamplona.com\\\/actualidad\\\/#\\\/schema\\\/logo\\\/image\\\/\",\"url\":\"https:\\\/\\\/www.laguiadepamplona.com\\\/actualidad\\\/wp-content\\\/uploads\\\/2018\\\/11\\\/logo-laguiadepamplona18-web1.png\",\"contentUrl\":\"https:\\\/\\\/www.laguiadepamplona.com\\\/actualidad\\\/wp-content\\\/uploads\\\/2018\\\/11\\\/logo-laguiadepamplona18-web1.png\",\"width\":600,\"height\":196,\"caption\":\"La Gu\u00eda de Pamplona \\\/ Noticias\"},\"image\":{\"@id\":\"https:\\\/\\\/www.laguiadepamplona.com\\\/actualidad\\\/#\\\/schema\\\/logo\\\/image\\\/\"},\"sameAs\":[\"https:\\\/\\\/www.facebook.com\\\/laguiadepamplonacom-133175176762273\\\/?ref=hl\",\"https:\\\/\\\/x.com\\\/LaGuiadPamplona\",\"https:\\\/\\\/www.instagram.com\\\/la_guia_de_pamplona\\\/\",\"https:\\\/\\\/www.youtube.com\\\/user\\\/laguiadepamplona\"]},{\"@type\":\"Person\",\"@id\":\"https:\\\/\\\/www.laguiadepamplona.com\\\/actualidad\\\/#\\\/schema\\\/person\\\/efe887376f0213d4657c93adc50b1fdb\",\"name\":\"La Gu\u00eda de Pamplona\",\"image\":{\"@type\":\"ImageObject\",\"inLanguage\":\"es\",\"@id\":\"https:\\\/\\\/secure.gravatar.com\\\/avatar\\\/b6992f131dc8d30ab0dff15446e9d346d9dbd95992de0fef795073f5ea83a81c?s=96&d=mm&r=g\",\"url\":\"https:\\\/\\\/secure.gravatar.com\\\/avatar\\\/b6992f131dc8d30ab0dff15446e9d346d9dbd95992de0fef795073f5ea83a81c?s=96&d=mm&r=g\",\"contentUrl\":\"https:\\\/\\\/secure.gravatar.com\\\/avatar\\\/b6992f131dc8d30ab0dff15446e9d346d9dbd95992de0fef795073f5ea83a81c?s=96&d=mm&r=g\",\"caption\":\"La Gu\u00eda de Pamplona\"}}]}<\/script>\n<!-- \/ Yoast SEO plugin. -->","yoast_head_json":{"title":"Avanzar en digitalizaci\u00f3n e inteligencias artificiales, un entorno joven empoderado y participativo, y mantener la cooperaci\u00f3n al desarrollo, l\u00edneas de trabajo de una nueva \u00e1rea","description":"Mikel Armend\u00e1riz, concejal especial de Innovaci\u00f3n, Cooperaci\u00f3n al desarrollo y Juventud, ha comparecido hoy en comisi\u00f3n a petici\u00f3n propia","robots":{"index":"index","follow":"follow","max-snippet":"max-snippet:-1","max-image-preview":"max-image-preview:large","max-video-preview":"max-video-preview:-1"},"canonical":"https:\/\/www.laguiadepamplona.com\/actualidad\/avanzar-en-digitalizacion-e-inteligencias-artificiales-un-entorno-joven-empoderado-y-participativo-y-mantener-la-cooperacion-al-desarrollo-lineas-de-trabajo-de-una-nueva-area\/","og_locale":"es_ES","og_type":"article","og_title":"Avanzar en digitalizaci\u00f3n e inteligencias artificiales, un entorno joven empoderado y participativo, y mantener la cooperaci\u00f3n al desarrollo, l\u00edneas de trabajo de una nueva \u00e1rea","og_description":"Mikel Armend\u00e1riz, concejal especial de Innovaci\u00f3n, Cooperaci\u00f3n al desarrollo y Juventud, ha comparecido hoy en comisi\u00f3n a petici\u00f3n propia","og_url":"https:\/\/www.laguiadepamplona.com\/actualidad\/avanzar-en-digitalizacion-e-inteligencias-artificiales-un-entorno-joven-empoderado-y-participativo-y-mantener-la-cooperacion-al-desarrollo-lineas-de-trabajo-de-una-nueva-area\/","og_site_name":"La Gu\u00eda de Pamplona","article_publisher":"https:\/\/www.facebook.com\/laguiadepamplonacom-133175176762273\/?ref=hl","article_published_time":"2024-02-13T16:19:37+00:00","og_image":[{"width":1200,"height":675,"url":"https:\/\/www.laguiadepamplona.com\/actualidad\/wp-content\/uploads\/2024\/01\/ayuntamiento-pamplona.webp","type":"image\/webp"}],"author":"La Gu\u00eda de Pamplona","twitter_card":"summary_large_image","twitter_creator":"@LaGuiadPamplona","twitter_site":"@LaGuiadPamplona","twitter_misc":{"Escrito por":"La Gu\u00eda de Pamplona","Tiempo de lectura":"5 minutos"},"schema":{"@context":"https:\/\/schema.org","@graph":[{"@type":"Article","@id":"https:\/\/www.laguiadepamplona.com\/actualidad\/avanzar-en-digitalizacion-e-inteligencias-artificiales-un-entorno-joven-empoderado-y-participativo-y-mantener-la-cooperacion-al-desarrollo-lineas-de-trabajo-de-una-nueva-area\/#article","isPartOf":{"@id":"https:\/\/www.laguiadepamplona.com\/actualidad\/avanzar-en-digitalizacion-e-inteligencias-artificiales-un-entorno-joven-empoderado-y-participativo-y-mantener-la-cooperacion-al-desarrollo-lineas-de-trabajo-de-una-nueva-area\/"},"author":{"name":"La Gu\u00eda de Pamplona","@id":"https:\/\/www.laguiadepamplona.com\/actualidad\/#\/schema\/person\/efe887376f0213d4657c93adc50b1fdb"},"headline":"Avanzar en digitalizaci\u00f3n e inteligencias artificiales, un entorno joven empoderado y participativo, y mantener la cooperaci\u00f3n al desarrollo, l\u00edneas de trabajo de una nueva \u00e1rea","datePublished":"2024-02-13T16:19:37+00:00","mainEntityOfPage":{"@id":"https:\/\/www.laguiadepamplona.com\/actualidad\/avanzar-en-digitalizacion-e-inteligencias-artificiales-un-entorno-joven-empoderado-y-participativo-y-mantener-la-cooperacion-al-desarrollo-lineas-de-trabajo-de-una-nueva-area\/"},"wordCount":972,"commentCount":0,"publisher":{"@id":"https:\/\/www.laguiadepamplona.com\/actualidad\/#organization"},"image":{"@id":"https:\/\/www.laguiadepamplona.com\/actualidad\/avanzar-en-digitalizacion-e-inteligencias-artificiales-un-entorno-joven-empoderado-y-participativo-y-mantener-la-cooperacion-al-desarrollo-lineas-de-trabajo-de-una-nueva-area\/#primaryimage"},"thumbnailUrl":"https:\/\/www.laguiadepamplona.com\/actualidad\/wp-content\/uploads\/2024\/01\/ayuntamiento-pamplona.webp","articleSection":["Ayto Pamplona"],"inLanguage":"es","potentialAction":[{"@type":"CommentAction","name":"Comment","target":["https:\/\/www.laguiadepamplona.com\/actualidad\/avanzar-en-digitalizacion-e-inteligencias-artificiales-un-entorno-joven-empoderado-y-participativo-y-mantener-la-cooperacion-al-desarrollo-lineas-de-trabajo-de-una-nueva-area\/#respond"]}]},{"@type":"WebPage","@id":"https:\/\/www.laguiadepamplona.com\/actualidad\/avanzar-en-digitalizacion-e-inteligencias-artificiales-un-entorno-joven-empoderado-y-participativo-y-mantener-la-cooperacion-al-desarrollo-lineas-de-trabajo-de-una-nueva-area\/","url":"https:\/\/www.laguiadepamplona.com\/actualidad\/avanzar-en-digitalizacion-e-inteligencias-artificiales-un-entorno-joven-empoderado-y-participativo-y-mantener-la-cooperacion-al-desarrollo-lineas-de-trabajo-de-una-nueva-area\/","name":"Avanzar en digitalizaci\u00f3n e inteligencias artificiales, un entorno joven empoderado y participativo, y mantener la cooperaci\u00f3n al desarrollo, l\u00edneas de trabajo de una nueva \u00e1rea","isPartOf":{"@id":"https:\/\/www.laguiadepamplona.com\/actualidad\/#website"},"primaryImageOfPage":{"@id":"https:\/\/www.laguiadepamplona.com\/actualidad\/avanzar-en-digitalizacion-e-inteligencias-artificiales-un-entorno-joven-empoderado-y-participativo-y-mantener-la-cooperacion-al-desarrollo-lineas-de-trabajo-de-una-nueva-area\/#primaryimage"},"image":{"@id":"https:\/\/www.laguiadepamplona.com\/actualidad\/avanzar-en-digitalizacion-e-inteligencias-artificiales-un-entorno-joven-empoderado-y-participativo-y-mantener-la-cooperacion-al-desarrollo-lineas-de-trabajo-de-una-nueva-area\/#primaryimage"},"thumbnailUrl":"https:\/\/www.laguiadepamplona.com\/actualidad\/wp-content\/uploads\/2024\/01\/ayuntamiento-pamplona.webp","datePublished":"2024-02-13T16:19:37+00:00","description":"Mikel Armend\u00e1riz, concejal especial de Innovaci\u00f3n, Cooperaci\u00f3n al desarrollo y Juventud, ha comparecido hoy en comisi\u00f3n a petici\u00f3n propia","breadcrumb":{"@id":"https:\/\/www.laguiadepamplona.com\/actualidad\/avanzar-en-digitalizacion-e-inteligencias-artificiales-un-entorno-joven-empoderado-y-participativo-y-mantener-la-cooperacion-al-desarrollo-lineas-de-trabajo-de-una-nueva-area\/#breadcrumb"},"inLanguage":"es","potentialAction":[{"@type":"ReadAction","target":["https:\/\/www.laguiadepamplona.com\/actualidad\/avanzar-en-digitalizacion-e-inteligencias-artificiales-un-entorno-joven-empoderado-y-participativo-y-mantener-la-cooperacion-al-desarrollo-lineas-de-trabajo-de-una-nueva-area\/"]}]},{"@type":"ImageObject","inLanguage":"es","@id":"https:\/\/www.laguiadepamplona.com\/actualidad\/avanzar-en-digitalizacion-e-inteligencias-artificiales-un-entorno-joven-empoderado-y-participativo-y-mantener-la-cooperacion-al-desarrollo-lineas-de-trabajo-de-una-nueva-area\/#primaryimage","url":"https:\/\/www.laguiadepamplona.com\/actualidad\/wp-content\/uploads\/2024\/01\/ayuntamiento-pamplona.webp","contentUrl":"https:\/\/www.laguiadepamplona.com\/actualidad\/wp-content\/uploads\/2024\/01\/ayuntamiento-pamplona.webp","width":1200,"height":675,"caption":"ayuntamiento pamplona"},{"@type":"BreadcrumbList","@id":"https:\/\/www.laguiadepamplona.com\/actualidad\/avanzar-en-digitalizacion-e-inteligencias-artificiales-un-entorno-joven-empoderado-y-participativo-y-mantener-la-cooperacion-al-desarrollo-lineas-de-trabajo-de-una-nueva-area\/#breadcrumb","itemListElement":[{"@type":"ListItem","position":1,"name":"Portada","item":"https:\/\/www.laguiadepamplona.com\/actualidad\/"},{"@type":"ListItem","position":2,"name":"Avanzar en digitalizaci\u00f3n e inteligencias artificiales, un entorno joven empoderado y participativo, y mantener la cooperaci\u00f3n al desarrollo, l\u00edneas de trabajo de una nueva \u00e1rea"}]},{"@type":"WebSite","@id":"https:\/\/www.laguiadepamplona.com\/actualidad\/#website","url":"https:\/\/www.laguiadepamplona.com\/actualidad\/","name":"La gu\u00eda de Pamplona","description":"Noticias de Pamplona","publisher":{"@id":"https:\/\/www.laguiadepamplona.com\/actualidad\/#organization"},"potentialAction":[{"@type":"SearchAction","target":{"@type":"EntryPoint","urlTemplate":"https:\/\/www.laguiadepamplona.com\/actualidad\/?s={search_term_string}"},"query-input":{"@type":"PropertyValueSpecification","valueRequired":true,"valueName":"search_term_string"}}],"inLanguage":"es"},{"@type":"Organization","@id":"https:\/\/www.laguiadepamplona.com\/actualidad\/#organization","name":"La Gu\u00eda de Pamplona \/ Noticias","url":"https:\/\/www.laguiadepamplona.com\/actualidad\/","logo":{"@type":"ImageObject","inLanguage":"es","@id":"https:\/\/www.laguiadepamplona.com\/actualidad\/#\/schema\/logo\/image\/","url":"https:\/\/www.laguiadepamplona.com\/actualidad\/wp-content\/uploads\/2018\/11\/logo-laguiadepamplona18-web1.png","contentUrl":"https:\/\/www.laguiadepamplona.com\/actualidad\/wp-content\/uploads\/2018\/11\/logo-laguiadepamplona18-web1.png","width":600,"height":196,"caption":"La Gu\u00eda de Pamplona \/ Noticias"},"image":{"@id":"https:\/\/www.laguiadepamplona.com\/actualidad\/#\/schema\/logo\/image\/"},"sameAs":["https:\/\/www.facebook.com\/laguiadepamplonacom-133175176762273\/?ref=hl","https:\/\/x.com\/LaGuiadPamplona","https:\/\/www.instagram.com\/la_guia_de_pamplona\/","https:\/\/www.youtube.com\/user\/laguiadepamplona"]},{"@type":"Person","@id":"https:\/\/www.laguiadepamplona.com\/actualidad\/#\/schema\/person\/efe887376f0213d4657c93adc50b1fdb","name":"La Gu\u00eda de Pamplona","image":{"@type":"ImageObject","inLanguage":"es","@id":"https:\/\/secure.gravatar.com\/avatar\/b6992f131dc8d30ab0dff15446e9d346d9dbd95992de0fef795073f5ea83a81c?s=96&d=mm&r=g","url":"https:\/\/secure.gravatar.com\/avatar\/b6992f131dc8d30ab0dff15446e9d346d9dbd95992de0fef795073f5ea83a81c?s=96&d=mm&r=g","contentUrl":"https:\/\/secure.gravatar.com\/avatar\/b6992f131dc8d30ab0dff15446e9d346d9dbd95992de0fef795073f5ea83a81c?s=96&d=mm&r=g","caption":"La Gu\u00eda de Pamplona"}}]}},"post_mailing_queue_ids":[],"_links":{"self":[{"href":"https:\/\/www.laguiadepamplona.com\/actualidad\/wp-json\/wp\/v2\/posts\/48725","targetHints":{"allow":["GET"]}}],"collection":[{"href":"https:\/\/www.laguiadepamplona.com\/actualidad\/wp-json\/wp\/v2\/posts"}],"about":[{"href":"https:\/\/www.laguiadepamplona.com\/actualidad\/wp-json\/wp\/v2\/types\/post"}],"author":[{"embeddable":true,"href":"https:\/\/www.laguiadepamplona.com\/actualidad\/wp-json\/wp\/v2\/users\/1"}],"replies":[{"embeddable":true,"href":"https:\/\/www.laguiadepamplona.com\/actualidad\/wp-json\/wp\/v2\/comments?post=48725"}],"version-history":[{"count":1,"href":"https:\/\/www.laguiadepamplona.com\/actualidad\/wp-json\/wp\/v2\/posts\/48725\/revisions"}],"predecessor-version":[{"id":48726,"href":"https:\/\/www.laguiadepamplona.com\/actualidad\/wp-json\/wp\/v2\/posts\/48725\/revisions\/48726"}],"wp:featuredmedia":[{"embeddable":true,"href":"https:\/\/www.laguiadepamplona.com\/actualidad\/wp-json\/wp\/v2\/media\/48503"}],"wp:attachment":[{"href":"https:\/\/www.laguiadepamplona.com\/actualidad\/wp-json\/wp\/v2\/media?parent=48725"}],"wp:term":[{"taxonomy":"category","embeddable":true,"href":"https:\/\/www.laguiadepamplona.com\/actualidad\/wp-json\/wp\/v2\/categories?post=48725"},{"taxonomy":"post_tag","embeddable":true,"href":"https:\/\/www.laguiadepamplona.com\/actualidad\/wp-json\/wp\/v2\/tags?post=48725"}],"curies":[{"name":"wp","href":"https:\/\/api.w.org\/{rel}","templated":true}]}}