{"id":48720,"date":"2024-02-13T18:16:34","date_gmt":"2024-02-13T16:16:34","guid":{"rendered":"https:\/\/www.laguiadepamplona.com\/actualidad\/?p=48720"},"modified":"2024-02-13T18:16:34","modified_gmt":"2024-02-13T16:16:34","slug":"constituida-la-mesa-de-la-pelota-organo-que-trabajara-para-convertir-a-pamplona-en-capital-mundial-de-este-deporte","status":"publish","type":"post","link":"https:\/\/www.laguiadepamplona.com\/actualidad\/constituida-la-mesa-de-la-pelota-organo-que-trabajara-para-convertir-a-pamplona-en-capital-mundial-de-este-deporte\/","title":{"rendered":"Constituida la Mesa de la Pelota, \u00f3rgano que trabajar\u00e1 para convertir a Pamplona en Capital Mundial de este deporte"},"content":{"rendered":"<h2>Comenzar\u00e1 a trabajar en la celebraci\u00f3n del I Congreso Internacional de Pelota Vasca en 2026 y en la convocatoria de un concurso de ideas para crear la Casa Mundial de la Pelota<\/h2>\n<p><!--more--><\/p>\n<p>Este martes se ha constituido la Mesa de la Pelota, un \u00f3rgano de participaci\u00f3n integrado por el Ayuntamiento de Pamplona, el Gobierno de Navarra y representantes del mundo pelotazale, que tiene como objetivo lograr que Pamplona se convierta en Capital Mundial de la Pelota. La Mesa, presidida por el alcalde Joseba Asiron, cuenta entre sus miembros con las consejeras de Cultura, Deporte y Turismo, y de Memoria y Convivencia, Rebeca Esnaola y Ana Ollo respectivamente.<\/p>\n<p>Este nuevo \u00f3rgano est\u00e1 integrado por diez miembros. As\u00ed, a los tres citados, se suman, por parte del Consistorio, el concejal de Ciudad Habitable y Sostenible, Proyectos y Movilidad Urbana, Borja Izaguirre; la concejala de Cultura, Fiestas, Educaci\u00f3n y Deporte, Maider Beloki; y el concejal de Promoci\u00f3n Econ\u00f3mica, Innovaci\u00f3n, Proyecci\u00f3n Europea, Cooperaci\u00f3n al Desarrollo y Juventud, Koldo Mart\u00ednez. Tambi\u00e9n est\u00e1n representadas las federaciones de pelota y el mundo pelotazale de la mano de Javier Conde, presidente de la Federaci\u00f3n Navarra de Pelota Vasca; Javier Trigo, vicepresidente de la Federaci\u00f3n Internacional de Pelota Vasca; y Xabier Mart\u00ednez \u00c1lava y Fernando Larumbe, presidente y vicepresidente de la Asociaci\u00f3n Cultural Navarra de Pelota Vasca \u2013 Napike.<br \/>\n<script async src=\"\/\/pagead2.googlesyndication.com\/pagead\/js\/adsbygoogle.js\"><\/script><br \/>\n<!-- Noticias La Guia de Pamplona --><br \/>\n<ins class=\"adsbygoogle\"\nstyle=\"display:block\"\ndata-ad-client=\"ca-pub-6943679897239327\"\ndata-ad-slot=\"7048180777\"\ndata-ad-format=\"auto\"><\/ins><br \/>\n<script>\n(adsbygoogle = window.adsbygoogle || []).push({});\n<\/script><\/p>\n<p>El proyecto para convertir Pamplona en Capital Mundial de la Pelota se basa en la tradici\u00f3n pelotazale de la ciudad, donde de hecho naci\u00f3 la modalidad de remonte en 1904. Aun as\u00ed, \u00e9ste es un proyecto que supera las lindes municipales y busca poner el foco no s\u00f3lo en Pamplona sino en Navarra como cuna de la pelota. Es por ello que en esta iniciativa juega un papel fundamental el Gobierno de Navarra, que desde los comienzos del proyecto ha mostrado su apoyo.<\/p>\n<p>La iniciativa pretende proyectar la pelota, cuyos or\u00edgenes est\u00e1n documentados ya en el siglo XII, preservarla e impulsarla, a trav\u00e9s de acciones que fomenten su pr\u00e1ctica y su disfrute. No obstante, Pamplona Capital Mundial de la Pelota va m\u00e1s all\u00e1 de una iniciativa deportiva, y aspira a convertirse en una propuesta tur\u00edstica y cultural, basada en la sostenibilidad, el arraigo y la innovaci\u00f3n desde la tradici\u00f3n, principios recogidos en la Estrategia Agenda Urbana Pamplona 2030.<br \/>\n<script async src=\"\/\/pagead2.googlesyndication.com\/pagead\/js\/adsbygoogle.js\"><\/script><br \/>\n<!-- Noticias La Guia de Pamplona --><br \/>\n<ins class=\"adsbygoogle\"\nstyle=\"display:block\"\ndata-ad-client=\"ca-pub-6943679897239327\"\ndata-ad-slot=\"7048180777\"\ndata-ad-format=\"auto\"><\/ins><br \/>\n<script>\n(adsbygoogle = window.adsbygoogle || []).push({});\n<\/script><\/p>\n<p><strong>Principales proyectos<\/strong><\/p>\n<p>Para lograr esa capitalidad, la Mesa de la Pelota trabajar\u00e1 en la b\u00fasqueda de consensos entre todos los agentes involucrados, a trav\u00e9s de un trabajo colaborativo, que saque a la luz un proyecto viable. Por de pronto, comenzar\u00e1 a trabajar en iniciativas que cuentan con financiaci\u00f3n europea, como la celebraci\u00f3n del I Congreso Internacional de Pelota Vasca, de cara a 2026. Otro de los proyectos es el impulso de un concurso de ideas para la creaci\u00f3n de la Casa Mundial de la Pelota, como centro muse\u00edstico de interpretaci\u00f3n, formaci\u00f3n e investigaci\u00f3n sobre este deporte, que convierta la ciudad en referente internacional.<\/p>\n<p>Adem\u00e1s, la Mesa tratar\u00e1 otros aspectos, como la mejora y conservaci\u00f3n y recuperaci\u00f3n del patrimonio relacionado con la pelota, desde la creaci\u00f3n de un fondo documental hasta el impulso de tesis doctorales sobre la materia, pasando por conservaci\u00f3n de los frontones existentes, m\u00e1s de 80 solo en Pamplona, tanto p\u00fablicos como privados. Entre estas infraestructuras juega un papel clave el Euskal Jai Berri de Uharte, por ser el \u00fanico front\u00f3n largo de Navarra que permitir\u00eda albergar competiciones importantes. De hecho, se ha logrado financiaci\u00f3n para abordar su rehabilitaci\u00f3n.<\/p>\n<p>Las cifras avalan la apuesta municipal por lograr la Capitalidad Mundial de la Pelota, con m\u00e1s de 2.540 licencias federativas, 1.110 licencias de base, 35 clubes federados y 250 pelotaris mujeres en Navarra.<\/p>\n","protected":false},"excerpt":{"rendered":"<p>Comenzar\u00e1 a trabajar en la celebraci\u00f3n del I Congreso Internacional de Pelota Vasca en 2026 y en la convocatoria de un concurso de ideas para crear la Casa Mundial de&#8230;<\/p>\n","protected":false},"author":1,"featured_media":48721,"comment_status":"open","ping_status":"closed","sticky":false,"template":"","format":"standard","meta":{"footnotes":""},"categories":[2],"tags":[],"class_list":["post-48720","post","type-post","status-publish","format-standard","has-post-thumbnail","hentry","category-ayuntamiento-pamplona"],"yoast_head":"<!-- This site is optimized with the Yoast SEO plugin v27.3 - https:\/\/yoast.com\/product\/yoast-seo-wordpress\/ -->\n<title>Constituida la Mesa de la Pelota, \u00f3rgano que trabajar\u00e1 para convertir a Pamplona en Capital Mundial de este deporte<\/title>\n<meta name=\"description\" content=\"Comenzar\u00e1 a trabajar en la celebraci\u00f3n del I Congreso Internacional de Pelota Vasca en 2026 y en la convocatoria de un concurso de ideas para crear la Casa Mundial de la Pelota\" \/>\n<meta name=\"robots\" content=\"index, follow, max-snippet:-1, max-image-preview:large, max-video-preview:-1\" \/>\n<link rel=\"canonical\" href=\"https:\/\/www.laguiadepamplona.com\/actualidad\/constituida-la-mesa-de-la-pelota-organo-que-trabajara-para-convertir-a-pamplona-en-capital-mundial-de-este-deporte\/\" \/>\n<meta property=\"og:locale\" content=\"es_ES\" \/>\n<meta property=\"og:type\" content=\"article\" \/>\n<meta property=\"og:title\" content=\"Constituida la Mesa de la Pelota, \u00f3rgano que trabajar\u00e1 para convertir a Pamplona en Capital Mundial de este deporte\" \/>\n<meta property=\"og:description\" content=\"Comenzar\u00e1 a trabajar en la celebraci\u00f3n del I Congreso Internacional de Pelota Vasca en 2026 y en la convocatoria de un concurso de ideas para crear la Casa Mundial de la Pelota\" \/>\n<meta property=\"og:url\" content=\"https:\/\/www.laguiadepamplona.com\/actualidad\/constituida-la-mesa-de-la-pelota-organo-que-trabajara-para-convertir-a-pamplona-en-capital-mundial-de-este-deporte\/\" \/>\n<meta property=\"og:site_name\" content=\"La Gu\u00eda de Pamplona\" \/>\n<meta property=\"article:publisher\" content=\"https:\/\/www.facebook.com\/laguiadepamplonacom-133175176762273\/?ref=hl\" \/>\n<meta property=\"article:published_time\" content=\"2024-02-13T16:16:34+00:00\" \/>\n<meta property=\"og:image\" content=\"https:\/\/www.laguiadepamplona.com\/actualidad\/wp-content\/uploads\/2024\/02\/240213constitucionmesapelotaq5a9219_0.webp\" \/>\n\t<meta property=\"og:image:width\" content=\"1200\" \/>\n\t<meta property=\"og:image:height\" content=\"800\" \/>\n\t<meta property=\"og:image:type\" content=\"image\/webp\" \/>\n<meta name=\"author\" content=\"La Gu\u00eda de Pamplona\" \/>\n<meta name=\"twitter:card\" content=\"summary_large_image\" \/>\n<meta name=\"twitter:creator\" content=\"@LaGuiadPamplona\" \/>\n<meta name=\"twitter:site\" content=\"@LaGuiadPamplona\" \/>\n<meta name=\"twitter:label1\" content=\"Escrito por\" \/>\n\t<meta name=\"twitter:data1\" content=\"La Gu\u00eda de Pamplona\" \/>\n\t<meta name=\"twitter:label2\" content=\"Tiempo de lectura\" \/>\n\t<meta name=\"twitter:data2\" content=\"3 minutos\" \/>\n<script type=\"application\/ld+json\" class=\"yoast-schema-graph\">{\"@context\":\"https:\\\/\\\/schema.org\",\"@graph\":[{\"@type\":\"Article\",\"@id\":\"https:\\\/\\\/www.laguiadepamplona.com\\\/actualidad\\\/constituida-la-mesa-de-la-pelota-organo-que-trabajara-para-convertir-a-pamplona-en-capital-mundial-de-este-deporte\\\/#article\",\"isPartOf\":{\"@id\":\"https:\\\/\\\/www.laguiadepamplona.com\\\/actualidad\\\/constituida-la-mesa-de-la-pelota-organo-que-trabajara-para-convertir-a-pamplona-en-capital-mundial-de-este-deporte\\\/\"},\"author\":{\"name\":\"La Gu\u00eda de Pamplona\",\"@id\":\"https:\\\/\\\/www.laguiadepamplona.com\\\/actualidad\\\/#\\\/schema\\\/person\\\/efe887376f0213d4657c93adc50b1fdb\"},\"headline\":\"Constituida la Mesa de la Pelota, \u00f3rgano que trabajar\u00e1 para convertir a Pamplona en Capital Mundial de este deporte\",\"datePublished\":\"2024-02-13T16:16:34+00:00\",\"mainEntityOfPage\":{\"@id\":\"https:\\\/\\\/www.laguiadepamplona.com\\\/actualidad\\\/constituida-la-mesa-de-la-pelota-organo-que-trabajara-para-convertir-a-pamplona-en-capital-mundial-de-este-deporte\\\/\"},\"wordCount\":657,\"commentCount\":0,\"publisher\":{\"@id\":\"https:\\\/\\\/www.laguiadepamplona.com\\\/actualidad\\\/#organization\"},\"image\":{\"@id\":\"https:\\\/\\\/www.laguiadepamplona.com\\\/actualidad\\\/constituida-la-mesa-de-la-pelota-organo-que-trabajara-para-convertir-a-pamplona-en-capital-mundial-de-este-deporte\\\/#primaryimage\"},\"thumbnailUrl\":\"https:\\\/\\\/www.laguiadepamplona.com\\\/actualidad\\\/wp-content\\\/uploads\\\/2024\\\/02\\\/240213constitucionmesapelotaq5a9219_0.webp\",\"articleSection\":[\"Ayto Pamplona\"],\"inLanguage\":\"es\",\"potentialAction\":[{\"@type\":\"CommentAction\",\"name\":\"Comment\",\"target\":[\"https:\\\/\\\/www.laguiadepamplona.com\\\/actualidad\\\/constituida-la-mesa-de-la-pelota-organo-que-trabajara-para-convertir-a-pamplona-en-capital-mundial-de-este-deporte\\\/#respond\"]}]},{\"@type\":\"WebPage\",\"@id\":\"https:\\\/\\\/www.laguiadepamplona.com\\\/actualidad\\\/constituida-la-mesa-de-la-pelota-organo-que-trabajara-para-convertir-a-pamplona-en-capital-mundial-de-este-deporte\\\/\",\"url\":\"https:\\\/\\\/www.laguiadepamplona.com\\\/actualidad\\\/constituida-la-mesa-de-la-pelota-organo-que-trabajara-para-convertir-a-pamplona-en-capital-mundial-de-este-deporte\\\/\",\"name\":\"Constituida la Mesa de la Pelota, \u00f3rgano que trabajar\u00e1 para convertir a Pamplona en Capital Mundial de este deporte\",\"isPartOf\":{\"@id\":\"https:\\\/\\\/www.laguiadepamplona.com\\\/actualidad\\\/#website\"},\"primaryImageOfPage\":{\"@id\":\"https:\\\/\\\/www.laguiadepamplona.com\\\/actualidad\\\/constituida-la-mesa-de-la-pelota-organo-que-trabajara-para-convertir-a-pamplona-en-capital-mundial-de-este-deporte\\\/#primaryimage\"},\"image\":{\"@id\":\"https:\\\/\\\/www.laguiadepamplona.com\\\/actualidad\\\/constituida-la-mesa-de-la-pelota-organo-que-trabajara-para-convertir-a-pamplona-en-capital-mundial-de-este-deporte\\\/#primaryimage\"},\"thumbnailUrl\":\"https:\\\/\\\/www.laguiadepamplona.com\\\/actualidad\\\/wp-content\\\/uploads\\\/2024\\\/02\\\/240213constitucionmesapelotaq5a9219_0.webp\",\"datePublished\":\"2024-02-13T16:16:34+00:00\",\"description\":\"Comenzar\u00e1 a trabajar en la celebraci\u00f3n del I Congreso Internacional de Pelota Vasca en 2026 y en la convocatoria de un concurso de ideas para crear la Casa Mundial de la Pelota\",\"breadcrumb\":{\"@id\":\"https:\\\/\\\/www.laguiadepamplona.com\\\/actualidad\\\/constituida-la-mesa-de-la-pelota-organo-que-trabajara-para-convertir-a-pamplona-en-capital-mundial-de-este-deporte\\\/#breadcrumb\"},\"inLanguage\":\"es\",\"potentialAction\":[{\"@type\":\"ReadAction\",\"target\":[\"https:\\\/\\\/www.laguiadepamplona.com\\\/actualidad\\\/constituida-la-mesa-de-la-pelota-organo-que-trabajara-para-convertir-a-pamplona-en-capital-mundial-de-este-deporte\\\/\"]}]},{\"@type\":\"ImageObject\",\"inLanguage\":\"es\",\"@id\":\"https:\\\/\\\/www.laguiadepamplona.com\\\/actualidad\\\/constituida-la-mesa-de-la-pelota-organo-que-trabajara-para-convertir-a-pamplona-en-capital-mundial-de-este-deporte\\\/#primaryimage\",\"url\":\"https:\\\/\\\/www.laguiadepamplona.com\\\/actualidad\\\/wp-content\\\/uploads\\\/2024\\\/02\\\/240213constitucionmesapelotaq5a9219_0.webp\",\"contentUrl\":\"https:\\\/\\\/www.laguiadepamplona.com\\\/actualidad\\\/wp-content\\\/uploads\\\/2024\\\/02\\\/240213constitucionmesapelotaq5a9219_0.webp\",\"width\":1200,\"height\":800,\"caption\":\"mesa pelota vasca\"},{\"@type\":\"BreadcrumbList\",\"@id\":\"https:\\\/\\\/www.laguiadepamplona.com\\\/actualidad\\\/constituida-la-mesa-de-la-pelota-organo-que-trabajara-para-convertir-a-pamplona-en-capital-mundial-de-este-deporte\\\/#breadcrumb\",\"itemListElement\":[{\"@type\":\"ListItem\",\"position\":1,\"name\":\"Portada\",\"item\":\"https:\\\/\\\/www.laguiadepamplona.com\\\/actualidad\\\/\"},{\"@type\":\"ListItem\",\"position\":2,\"name\":\"Constituida la Mesa de la Pelota, \u00f3rgano que trabajar\u00e1 para convertir a Pamplona en Capital Mundial de este deporte\"}]},{\"@type\":\"WebSite\",\"@id\":\"https:\\\/\\\/www.laguiadepamplona.com\\\/actualidad\\\/#website\",\"url\":\"https:\\\/\\\/www.laguiadepamplona.com\\\/actualidad\\\/\",\"name\":\"La gu\u00eda de Pamplona\",\"description\":\"Noticias de Pamplona\",\"publisher\":{\"@id\":\"https:\\\/\\\/www.laguiadepamplona.com\\\/actualidad\\\/#organization\"},\"potentialAction\":[{\"@type\":\"SearchAction\",\"target\":{\"@type\":\"EntryPoint\",\"urlTemplate\":\"https:\\\/\\\/www.laguiadepamplona.com\\\/actualidad\\\/?s={search_term_string}\"},\"query-input\":{\"@type\":\"PropertyValueSpecification\",\"valueRequired\":true,\"valueName\":\"search_term_string\"}}],\"inLanguage\":\"es\"},{\"@type\":\"Organization\",\"@id\":\"https:\\\/\\\/www.laguiadepamplona.com\\\/actualidad\\\/#organization\",\"name\":\"La Gu\u00eda de Pamplona \\\/ Noticias\",\"url\":\"https:\\\/\\\/www.laguiadepamplona.com\\\/actualidad\\\/\",\"logo\":{\"@type\":\"ImageObject\",\"inLanguage\":\"es\",\"@id\":\"https:\\\/\\\/www.laguiadepamplona.com\\\/actualidad\\\/#\\\/schema\\\/logo\\\/image\\\/\",\"url\":\"https:\\\/\\\/www.laguiadepamplona.com\\\/actualidad\\\/wp-content\\\/uploads\\\/2018\\\/11\\\/logo-laguiadepamplona18-web1.png\",\"contentUrl\":\"https:\\\/\\\/www.laguiadepamplona.com\\\/actualidad\\\/wp-content\\\/uploads\\\/2018\\\/11\\\/logo-laguiadepamplona18-web1.png\",\"width\":600,\"height\":196,\"caption\":\"La Gu\u00eda de Pamplona \\\/ Noticias\"},\"image\":{\"@id\":\"https:\\\/\\\/www.laguiadepamplona.com\\\/actualidad\\\/#\\\/schema\\\/logo\\\/image\\\/\"},\"sameAs\":[\"https:\\\/\\\/www.facebook.com\\\/laguiadepamplonacom-133175176762273\\\/?ref=hl\",\"https:\\\/\\\/x.com\\\/LaGuiadPamplona\",\"https:\\\/\\\/www.instagram.com\\\/la_guia_de_pamplona\\\/\",\"https:\\\/\\\/www.youtube.com\\\/user\\\/laguiadepamplona\"]},{\"@type\":\"Person\",\"@id\":\"https:\\\/\\\/www.laguiadepamplona.com\\\/actualidad\\\/#\\\/schema\\\/person\\\/efe887376f0213d4657c93adc50b1fdb\",\"name\":\"La Gu\u00eda de Pamplona\",\"image\":{\"@type\":\"ImageObject\",\"inLanguage\":\"es\",\"@id\":\"https:\\\/\\\/secure.gravatar.com\\\/avatar\\\/b6992f131dc8d30ab0dff15446e9d346d9dbd95992de0fef795073f5ea83a81c?s=96&d=mm&r=g\",\"url\":\"https:\\\/\\\/secure.gravatar.com\\\/avatar\\\/b6992f131dc8d30ab0dff15446e9d346d9dbd95992de0fef795073f5ea83a81c?s=96&d=mm&r=g\",\"contentUrl\":\"https:\\\/\\\/secure.gravatar.com\\\/avatar\\\/b6992f131dc8d30ab0dff15446e9d346d9dbd95992de0fef795073f5ea83a81c?s=96&d=mm&r=g\",\"caption\":\"La Gu\u00eda de Pamplona\"}}]}<\/script>\n<!-- \/ Yoast SEO plugin. -->","yoast_head_json":{"title":"Constituida la Mesa de la Pelota, \u00f3rgano que trabajar\u00e1 para convertir a Pamplona en Capital Mundial de este deporte","description":"Comenzar\u00e1 a trabajar en la celebraci\u00f3n del I Congreso Internacional de Pelota Vasca en 2026 y en la convocatoria de un concurso de ideas para crear la Casa Mundial de la Pelota","robots":{"index":"index","follow":"follow","max-snippet":"max-snippet:-1","max-image-preview":"max-image-preview:large","max-video-preview":"max-video-preview:-1"},"canonical":"https:\/\/www.laguiadepamplona.com\/actualidad\/constituida-la-mesa-de-la-pelota-organo-que-trabajara-para-convertir-a-pamplona-en-capital-mundial-de-este-deporte\/","og_locale":"es_ES","og_type":"article","og_title":"Constituida la Mesa de la Pelota, \u00f3rgano que trabajar\u00e1 para convertir a Pamplona en Capital Mundial de este deporte","og_description":"Comenzar\u00e1 a trabajar en la celebraci\u00f3n del I Congreso Internacional de Pelota Vasca en 2026 y en la convocatoria de un concurso de ideas para crear la Casa Mundial de la Pelota","og_url":"https:\/\/www.laguiadepamplona.com\/actualidad\/constituida-la-mesa-de-la-pelota-organo-que-trabajara-para-convertir-a-pamplona-en-capital-mundial-de-este-deporte\/","og_site_name":"La Gu\u00eda de Pamplona","article_publisher":"https:\/\/www.facebook.com\/laguiadepamplonacom-133175176762273\/?ref=hl","article_published_time":"2024-02-13T16:16:34+00:00","og_image":[{"width":1200,"height":800,"url":"https:\/\/www.laguiadepamplona.com\/actualidad\/wp-content\/uploads\/2024\/02\/240213constitucionmesapelotaq5a9219_0.webp","type":"image\/webp"}],"author":"La Gu\u00eda de Pamplona","twitter_card":"summary_large_image","twitter_creator":"@LaGuiadPamplona","twitter_site":"@LaGuiadPamplona","twitter_misc":{"Escrito por":"La Gu\u00eda de Pamplona","Tiempo de lectura":"3 minutos"},"schema":{"@context":"https:\/\/schema.org","@graph":[{"@type":"Article","@id":"https:\/\/www.laguiadepamplona.com\/actualidad\/constituida-la-mesa-de-la-pelota-organo-que-trabajara-para-convertir-a-pamplona-en-capital-mundial-de-este-deporte\/#article","isPartOf":{"@id":"https:\/\/www.laguiadepamplona.com\/actualidad\/constituida-la-mesa-de-la-pelota-organo-que-trabajara-para-convertir-a-pamplona-en-capital-mundial-de-este-deporte\/"},"author":{"name":"La Gu\u00eda de Pamplona","@id":"https:\/\/www.laguiadepamplona.com\/actualidad\/#\/schema\/person\/efe887376f0213d4657c93adc50b1fdb"},"headline":"Constituida la Mesa de la Pelota, \u00f3rgano que trabajar\u00e1 para convertir a Pamplona en Capital Mundial de este deporte","datePublished":"2024-02-13T16:16:34+00:00","mainEntityOfPage":{"@id":"https:\/\/www.laguiadepamplona.com\/actualidad\/constituida-la-mesa-de-la-pelota-organo-que-trabajara-para-convertir-a-pamplona-en-capital-mundial-de-este-deporte\/"},"wordCount":657,"commentCount":0,"publisher":{"@id":"https:\/\/www.laguiadepamplona.com\/actualidad\/#organization"},"image":{"@id":"https:\/\/www.laguiadepamplona.com\/actualidad\/constituida-la-mesa-de-la-pelota-organo-que-trabajara-para-convertir-a-pamplona-en-capital-mundial-de-este-deporte\/#primaryimage"},"thumbnailUrl":"https:\/\/www.laguiadepamplona.com\/actualidad\/wp-content\/uploads\/2024\/02\/240213constitucionmesapelotaq5a9219_0.webp","articleSection":["Ayto Pamplona"],"inLanguage":"es","potentialAction":[{"@type":"CommentAction","name":"Comment","target":["https:\/\/www.laguiadepamplona.com\/actualidad\/constituida-la-mesa-de-la-pelota-organo-que-trabajara-para-convertir-a-pamplona-en-capital-mundial-de-este-deporte\/#respond"]}]},{"@type":"WebPage","@id":"https:\/\/www.laguiadepamplona.com\/actualidad\/constituida-la-mesa-de-la-pelota-organo-que-trabajara-para-convertir-a-pamplona-en-capital-mundial-de-este-deporte\/","url":"https:\/\/www.laguiadepamplona.com\/actualidad\/constituida-la-mesa-de-la-pelota-organo-que-trabajara-para-convertir-a-pamplona-en-capital-mundial-de-este-deporte\/","name":"Constituida la Mesa de la Pelota, \u00f3rgano que trabajar\u00e1 para convertir a Pamplona en Capital Mundial de este deporte","isPartOf":{"@id":"https:\/\/www.laguiadepamplona.com\/actualidad\/#website"},"primaryImageOfPage":{"@id":"https:\/\/www.laguiadepamplona.com\/actualidad\/constituida-la-mesa-de-la-pelota-organo-que-trabajara-para-convertir-a-pamplona-en-capital-mundial-de-este-deporte\/#primaryimage"},"image":{"@id":"https:\/\/www.laguiadepamplona.com\/actualidad\/constituida-la-mesa-de-la-pelota-organo-que-trabajara-para-convertir-a-pamplona-en-capital-mundial-de-este-deporte\/#primaryimage"},"thumbnailUrl":"https:\/\/www.laguiadepamplona.com\/actualidad\/wp-content\/uploads\/2024\/02\/240213constitucionmesapelotaq5a9219_0.webp","datePublished":"2024-02-13T16:16:34+00:00","description":"Comenzar\u00e1 a trabajar en la celebraci\u00f3n del I Congreso Internacional de Pelota Vasca en 2026 y en la convocatoria de un concurso de ideas para crear la Casa Mundial de la Pelota","breadcrumb":{"@id":"https:\/\/www.laguiadepamplona.com\/actualidad\/constituida-la-mesa-de-la-pelota-organo-que-trabajara-para-convertir-a-pamplona-en-capital-mundial-de-este-deporte\/#breadcrumb"},"inLanguage":"es","potentialAction":[{"@type":"ReadAction","target":["https:\/\/www.laguiadepamplona.com\/actualidad\/constituida-la-mesa-de-la-pelota-organo-que-trabajara-para-convertir-a-pamplona-en-capital-mundial-de-este-deporte\/"]}]},{"@type":"ImageObject","inLanguage":"es","@id":"https:\/\/www.laguiadepamplona.com\/actualidad\/constituida-la-mesa-de-la-pelota-organo-que-trabajara-para-convertir-a-pamplona-en-capital-mundial-de-este-deporte\/#primaryimage","url":"https:\/\/www.laguiadepamplona.com\/actualidad\/wp-content\/uploads\/2024\/02\/240213constitucionmesapelotaq5a9219_0.webp","contentUrl":"https:\/\/www.laguiadepamplona.com\/actualidad\/wp-content\/uploads\/2024\/02\/240213constitucionmesapelotaq5a9219_0.webp","width":1200,"height":800,"caption":"mesa pelota vasca"},{"@type":"BreadcrumbList","@id":"https:\/\/www.laguiadepamplona.com\/actualidad\/constituida-la-mesa-de-la-pelota-organo-que-trabajara-para-convertir-a-pamplona-en-capital-mundial-de-este-deporte\/#breadcrumb","itemListElement":[{"@type":"ListItem","position":1,"name":"Portada","item":"https:\/\/www.laguiadepamplona.com\/actualidad\/"},{"@type":"ListItem","position":2,"name":"Constituida la Mesa de la Pelota, \u00f3rgano que trabajar\u00e1 para convertir a Pamplona en Capital Mundial de este deporte"}]},{"@type":"WebSite","@id":"https:\/\/www.laguiadepamplona.com\/actualidad\/#website","url":"https:\/\/www.laguiadepamplona.com\/actualidad\/","name":"La gu\u00eda de Pamplona","description":"Noticias de Pamplona","publisher":{"@id":"https:\/\/www.laguiadepamplona.com\/actualidad\/#organization"},"potentialAction":[{"@type":"SearchAction","target":{"@type":"EntryPoint","urlTemplate":"https:\/\/www.laguiadepamplona.com\/actualidad\/?s={search_term_string}"},"query-input":{"@type":"PropertyValueSpecification","valueRequired":true,"valueName":"search_term_string"}}],"inLanguage":"es"},{"@type":"Organization","@id":"https:\/\/www.laguiadepamplona.com\/actualidad\/#organization","name":"La Gu\u00eda de Pamplona \/ Noticias","url":"https:\/\/www.laguiadepamplona.com\/actualidad\/","logo":{"@type":"ImageObject","inLanguage":"es","@id":"https:\/\/www.laguiadepamplona.com\/actualidad\/#\/schema\/logo\/image\/","url":"https:\/\/www.laguiadepamplona.com\/actualidad\/wp-content\/uploads\/2018\/11\/logo-laguiadepamplona18-web1.png","contentUrl":"https:\/\/www.laguiadepamplona.com\/actualidad\/wp-content\/uploads\/2018\/11\/logo-laguiadepamplona18-web1.png","width":600,"height":196,"caption":"La Gu\u00eda de Pamplona \/ Noticias"},"image":{"@id":"https:\/\/www.laguiadepamplona.com\/actualidad\/#\/schema\/logo\/image\/"},"sameAs":["https:\/\/www.facebook.com\/laguiadepamplonacom-133175176762273\/?ref=hl","https:\/\/x.com\/LaGuiadPamplona","https:\/\/www.instagram.com\/la_guia_de_pamplona\/","https:\/\/www.youtube.com\/user\/laguiadepamplona"]},{"@type":"Person","@id":"https:\/\/www.laguiadepamplona.com\/actualidad\/#\/schema\/person\/efe887376f0213d4657c93adc50b1fdb","name":"La Gu\u00eda de Pamplona","image":{"@type":"ImageObject","inLanguage":"es","@id":"https:\/\/secure.gravatar.com\/avatar\/b6992f131dc8d30ab0dff15446e9d346d9dbd95992de0fef795073f5ea83a81c?s=96&d=mm&r=g","url":"https:\/\/secure.gravatar.com\/avatar\/b6992f131dc8d30ab0dff15446e9d346d9dbd95992de0fef795073f5ea83a81c?s=96&d=mm&r=g","contentUrl":"https:\/\/secure.gravatar.com\/avatar\/b6992f131dc8d30ab0dff15446e9d346d9dbd95992de0fef795073f5ea83a81c?s=96&d=mm&r=g","caption":"La Gu\u00eda de Pamplona"}}]}},"post_mailing_queue_ids":[],"_links":{"self":[{"href":"https:\/\/www.laguiadepamplona.com\/actualidad\/wp-json\/wp\/v2\/posts\/48720","targetHints":{"allow":["GET"]}}],"collection":[{"href":"https:\/\/www.laguiadepamplona.com\/actualidad\/wp-json\/wp\/v2\/posts"}],"about":[{"href":"https:\/\/www.laguiadepamplona.com\/actualidad\/wp-json\/wp\/v2\/types\/post"}],"author":[{"embeddable":true,"href":"https:\/\/www.laguiadepamplona.com\/actualidad\/wp-json\/wp\/v2\/users\/1"}],"replies":[{"embeddable":true,"href":"https:\/\/www.laguiadepamplona.com\/actualidad\/wp-json\/wp\/v2\/comments?post=48720"}],"version-history":[{"count":1,"href":"https:\/\/www.laguiadepamplona.com\/actualidad\/wp-json\/wp\/v2\/posts\/48720\/revisions"}],"predecessor-version":[{"id":48722,"href":"https:\/\/www.laguiadepamplona.com\/actualidad\/wp-json\/wp\/v2\/posts\/48720\/revisions\/48722"}],"wp:featuredmedia":[{"embeddable":true,"href":"https:\/\/www.laguiadepamplona.com\/actualidad\/wp-json\/wp\/v2\/media\/48721"}],"wp:attachment":[{"href":"https:\/\/www.laguiadepamplona.com\/actualidad\/wp-json\/wp\/v2\/media?parent=48720"}],"wp:term":[{"taxonomy":"category","embeddable":true,"href":"https:\/\/www.laguiadepamplona.com\/actualidad\/wp-json\/wp\/v2\/categories?post=48720"},{"taxonomy":"post_tag","embeddable":true,"href":"https:\/\/www.laguiadepamplona.com\/actualidad\/wp-json\/wp\/v2\/tags?post=48720"}],"curies":[{"name":"wp","href":"https:\/\/api.w.org\/{rel}","templated":true}]}}