{"id":48696,"date":"2024-02-09T18:32:43","date_gmt":"2024-02-09T16:32:43","guid":{"rendered":"https:\/\/www.laguiadepamplona.com\/actualidad\/?p=48696"},"modified":"2024-02-09T18:32:43","modified_gmt":"2024-02-09T16:32:43","slug":"el-lunes-se-abren-las-inscripciones-para-un-taller-sobre-salud-mental-dirigido-a-mayores-de-65-anos-que-se-desarrollara-del-29-de-febrero-al-21-de-marzo-en-santa-maria-la-real","status":"publish","type":"post","link":"https:\/\/www.laguiadepamplona.com\/actualidad\/el-lunes-se-abren-las-inscripciones-para-un-taller-sobre-salud-mental-dirigido-a-mayores-de-65-anos-que-se-desarrollara-del-29-de-febrero-al-21-de-marzo-en-santa-maria-la-real\/","title":{"rendered":"El lunes se abren las inscripciones para un taller sobre salud mental dirigido a mayores de 65 a\u00f1os, que se desarrollar\u00e1 del 29 de febrero al 21 de marzo en Santa Mar\u00eda la Real"},"content":{"rendered":"<h2>Las inscripciones son gratuitas y por orden de llamada en el tel\u00e9fono 010 \u2013 948 420 100<\/h2>\n<p><!--more--><\/p>\n<p>El Ayuntamiento de Pamplona y el Tel\u00e9fono de la Esperanza han organizado un taller gratuito sobre salud mental dirigido a personas mayores de 65 a\u00f1os, que se desarrollar\u00e1 entre el 29 de febrero y el 21 de marzo en el Centro Intergeneracional Santa Mar\u00eda la Real (c\/ Mutilva Baja). Las inscripciones se podr\u00e1n realizar a partir del lunes 12 de febrero en el tel\u00e9fono 010 \u2013 948 420 100 y se llevar\u00e1n a cabo por orden de llamada.<br \/>\n<script async src=\"\/\/pagead2.googlesyndication.com\/pagead\/js\/adsbygoogle.js\"><\/script><br \/>\n<!-- Noticias La Guia de Pamplona --><br \/>\n<ins class=\"adsbygoogle\"\nstyle=\"display:block\"\ndata-ad-client=\"ca-pub-6943679897239327\"\ndata-ad-slot=\"7048180777\"\ndata-ad-format=\"auto\"><\/ins><br \/>\n<script>\n(adsbygoogle = window.adsbygoogle || []).push({});\n<\/script><br \/>\nEl taller \u2018Cuidando la salud mental\u2019 se compone de cuatro sesiones que tendr\u00e1n lugar en horario de ma\u00f1ana, de 10.30 a 12.30 horas, los jueves 29 de febrero, 7, 14 y 21 de marzo. En ellas, se abordar\u00e1n aspectos relativos a la salud mental que afectan principalmente al colectivo de personas mayores de 65 a\u00f1os. En las diferentes sesiones, se tratar\u00e1n temas como el arte de envejecer saludablemente, c\u00f3mo afrontar las p\u00e9rdidas, los l\u00edmites para las relaciones sanas o c\u00f3mo ser felices haciendo felices a los dem\u00e1s.<\/p>\n<p>Este taller se enmarca en el programa municipal \u2018Pamplona te cuida\u2019, que ofrece un conjunto de actividades, servicios y prestaciones pensadas por y para las personas mayores, para que mantengan una vida activa y saludable, fomenten sus relaciones con otras personas del entorno o disfruten de un d\u00eda a d\u00eda con calidad. Estos talleres se recogen en el convenio firmado por el Ayuntamiento de Pamplona y la asociaci\u00f3n Tel\u00e9fono de la Esperanza para la mejora del bienestar emocional de la ciudadan\u00eda y, en concreto, de las personas mayores.<br \/>\n<script async src=\"\/\/pagead2.googlesyndication.com\/pagead\/js\/adsbygoogle.js\"><\/script><br \/>\n<!-- Noticias La Guia de Pamplona --><br \/>\n<ins class=\"adsbygoogle\"\nstyle=\"display:block\"\ndata-ad-client=\"ca-pub-6943679897239327\"\ndata-ad-slot=\"7048180777\"\ndata-ad-format=\"auto\"><\/ins><br \/>\n<script>\n(adsbygoogle = window.adsbygoogle || []).push({});\n<\/script><br \/>\n&nbsp;<\/p>\n<h3>Curso gratuito. Cuidando tu salud mental<\/h3>\n<ul>\n<li>Taller dirigido a mayores de 65 a\u00f1os<\/li>\n<li>D\u00edas 29 de febrero, 7, 14 y 21 de marzo, de 10.30 a 12.30 horas<\/li>\n<li>Santa Mar\u00eda la Real. Centro Intergeneracional (c\/ Mutilva Baja, 19)<\/li>\n<li>Inscripciones por orden de llamada a partir del lunes 12 de febrero en el tel\u00e9fono 010 \u2013 948 420 100<\/li>\n<\/ul>\n","protected":false},"excerpt":{"rendered":"<p>Las inscripciones son gratuitas y por orden de llamada en el tel\u00e9fono 010 \u2013 948 420 100<\/p>\n","protected":false},"author":1,"featured_media":48697,"comment_status":"open","ping_status":"closed","sticky":false,"template":"","format":"standard","meta":{"footnotes":""},"categories":[2],"tags":[],"class_list":["post-48696","post","type-post","status-publish","format-standard","has-post-thumbnail","hentry","category-ayuntamiento-pamplona"],"yoast_head":"<!-- This site is optimized with the Yoast SEO plugin v27.5 - https:\/\/yoast.com\/product\/yoast-seo-wordpress\/ -->\n<title>El lunes se abren las inscripciones para un taller sobre salud mental dirigido a mayores de 65 a\u00f1os, que se desarrollar\u00e1 del 29 de febrero al 21 de marzo en Santa Mar\u00eda la Real<\/title>\n<meta name=\"description\" content=\"Las inscripciones son gratuitas y por orden de llamada en el tel\u00e9fono 010 \u2013 948 420 100\" \/>\n<meta name=\"robots\" content=\"index, follow, max-snippet:-1, max-image-preview:large, max-video-preview:-1\" \/>\n<link rel=\"canonical\" href=\"https:\/\/www.laguiadepamplona.com\/actualidad\/el-lunes-se-abren-las-inscripciones-para-un-taller-sobre-salud-mental-dirigido-a-mayores-de-65-anos-que-se-desarrollara-del-29-de-febrero-al-21-de-marzo-en-santa-maria-la-real\/\" \/>\n<meta property=\"og:locale\" content=\"es_ES\" \/>\n<meta property=\"og:type\" content=\"article\" \/>\n<meta property=\"og:title\" content=\"El lunes se abren las inscripciones para un taller sobre salud mental dirigido a mayores de 65 a\u00f1os, que se desarrollar\u00e1 del 29 de febrero al 21 de marzo en Santa Mar\u00eda la Real\" \/>\n<meta property=\"og:description\" content=\"Las inscripciones son gratuitas y por orden de llamada en el tel\u00e9fono 010 \u2013 948 420 100\" \/>\n<meta property=\"og:url\" content=\"https:\/\/www.laguiadepamplona.com\/actualidad\/el-lunes-se-abren-las-inscripciones-para-un-taller-sobre-salud-mental-dirigido-a-mayores-de-65-anos-que-se-desarrollara-del-29-de-febrero-al-21-de-marzo-en-santa-maria-la-real\/\" \/>\n<meta property=\"og:site_name\" content=\"La Gu\u00eda de Pamplona\" \/>\n<meta property=\"article:publisher\" content=\"https:\/\/www.facebook.com\/laguiadepamplonacom-133175176762273\/?ref=hl\" \/>\n<meta property=\"article:published_time\" content=\"2024-02-09T16:32:43+00:00\" \/>\n<meta property=\"og:image\" content=\"https:\/\/www.laguiadepamplona.com\/actualidad\/wp-content\/uploads\/2024\/02\/Taller-cuidado-personal-b.webp\" \/>\n\t<meta property=\"og:image:width\" content=\"945\" \/>\n\t<meta property=\"og:image:height\" content=\"519\" \/>\n\t<meta property=\"og:image:type\" content=\"image\/webp\" \/>\n<meta name=\"author\" content=\"La Gu\u00eda de Pamplona\" \/>\n<meta name=\"twitter:card\" content=\"summary_large_image\" \/>\n<meta name=\"twitter:creator\" content=\"@LaGuiadPamplona\" \/>\n<meta name=\"twitter:site\" content=\"@LaGuiadPamplona\" \/>\n<meta name=\"twitter:label1\" content=\"Escrito por\" \/>\n\t<meta name=\"twitter:data1\" content=\"La Gu\u00eda de Pamplona\" \/>\n\t<meta name=\"twitter:label2\" content=\"Tiempo de lectura\" \/>\n\t<meta name=\"twitter:data2\" content=\"2 minutos\" \/>\n<script type=\"application\/ld+json\" class=\"yoast-schema-graph\">{\"@context\":\"https:\\\/\\\/schema.org\",\"@graph\":[{\"@type\":\"Article\",\"@id\":\"https:\\\/\\\/www.laguiadepamplona.com\\\/actualidad\\\/el-lunes-se-abren-las-inscripciones-para-un-taller-sobre-salud-mental-dirigido-a-mayores-de-65-anos-que-se-desarrollara-del-29-de-febrero-al-21-de-marzo-en-santa-maria-la-real\\\/#article\",\"isPartOf\":{\"@id\":\"https:\\\/\\\/www.laguiadepamplona.com\\\/actualidad\\\/el-lunes-se-abren-las-inscripciones-para-un-taller-sobre-salud-mental-dirigido-a-mayores-de-65-anos-que-se-desarrollara-del-29-de-febrero-al-21-de-marzo-en-santa-maria-la-real\\\/\"},\"author\":{\"name\":\"La Gu\u00eda de Pamplona\",\"@id\":\"https:\\\/\\\/www.laguiadepamplona.com\\\/actualidad\\\/#\\\/schema\\\/person\\\/efe887376f0213d4657c93adc50b1fdb\"},\"headline\":\"El lunes se abren las inscripciones para un taller sobre salud mental dirigido a mayores de 65 a\u00f1os, que se desarrollar\u00e1 del 29 de febrero al 21 de marzo en Santa Mar\u00eda la Real\",\"datePublished\":\"2024-02-09T16:32:43+00:00\",\"mainEntityOfPage\":{\"@id\":\"https:\\\/\\\/www.laguiadepamplona.com\\\/actualidad\\\/el-lunes-se-abren-las-inscripciones-para-un-taller-sobre-salud-mental-dirigido-a-mayores-de-65-anos-que-se-desarrollara-del-29-de-febrero-al-21-de-marzo-en-santa-maria-la-real\\\/\"},\"wordCount\":353,\"commentCount\":0,\"publisher\":{\"@id\":\"https:\\\/\\\/www.laguiadepamplona.com\\\/actualidad\\\/#organization\"},\"image\":{\"@id\":\"https:\\\/\\\/www.laguiadepamplona.com\\\/actualidad\\\/el-lunes-se-abren-las-inscripciones-para-un-taller-sobre-salud-mental-dirigido-a-mayores-de-65-anos-que-se-desarrollara-del-29-de-febrero-al-21-de-marzo-en-santa-maria-la-real\\\/#primaryimage\"},\"thumbnailUrl\":\"https:\\\/\\\/www.laguiadepamplona.com\\\/actualidad\\\/wp-content\\\/uploads\\\/2024\\\/02\\\/Taller-cuidado-personal-b.webp\",\"articleSection\":[\"Ayto Pamplona\"],\"inLanguage\":\"es\",\"potentialAction\":[{\"@type\":\"CommentAction\",\"name\":\"Comment\",\"target\":[\"https:\\\/\\\/www.laguiadepamplona.com\\\/actualidad\\\/el-lunes-se-abren-las-inscripciones-para-un-taller-sobre-salud-mental-dirigido-a-mayores-de-65-anos-que-se-desarrollara-del-29-de-febrero-al-21-de-marzo-en-santa-maria-la-real\\\/#respond\"]}]},{\"@type\":\"WebPage\",\"@id\":\"https:\\\/\\\/www.laguiadepamplona.com\\\/actualidad\\\/el-lunes-se-abren-las-inscripciones-para-un-taller-sobre-salud-mental-dirigido-a-mayores-de-65-anos-que-se-desarrollara-del-29-de-febrero-al-21-de-marzo-en-santa-maria-la-real\\\/\",\"url\":\"https:\\\/\\\/www.laguiadepamplona.com\\\/actualidad\\\/el-lunes-se-abren-las-inscripciones-para-un-taller-sobre-salud-mental-dirigido-a-mayores-de-65-anos-que-se-desarrollara-del-29-de-febrero-al-21-de-marzo-en-santa-maria-la-real\\\/\",\"name\":\"El lunes se abren las inscripciones para un taller sobre salud mental dirigido a mayores de 65 a\u00f1os, que se desarrollar\u00e1 del 29 de febrero al 21 de marzo en Santa Mar\u00eda la Real\",\"isPartOf\":{\"@id\":\"https:\\\/\\\/www.laguiadepamplona.com\\\/actualidad\\\/#website\"},\"primaryImageOfPage\":{\"@id\":\"https:\\\/\\\/www.laguiadepamplona.com\\\/actualidad\\\/el-lunes-se-abren-las-inscripciones-para-un-taller-sobre-salud-mental-dirigido-a-mayores-de-65-anos-que-se-desarrollara-del-29-de-febrero-al-21-de-marzo-en-santa-maria-la-real\\\/#primaryimage\"},\"image\":{\"@id\":\"https:\\\/\\\/www.laguiadepamplona.com\\\/actualidad\\\/el-lunes-se-abren-las-inscripciones-para-un-taller-sobre-salud-mental-dirigido-a-mayores-de-65-anos-que-se-desarrollara-del-29-de-febrero-al-21-de-marzo-en-santa-maria-la-real\\\/#primaryimage\"},\"thumbnailUrl\":\"https:\\\/\\\/www.laguiadepamplona.com\\\/actualidad\\\/wp-content\\\/uploads\\\/2024\\\/02\\\/Taller-cuidado-personal-b.webp\",\"datePublished\":\"2024-02-09T16:32:43+00:00\",\"description\":\"Las inscripciones son gratuitas y por orden de llamada en el tel\u00e9fono 010 \u2013 948 420 100\",\"breadcrumb\":{\"@id\":\"https:\\\/\\\/www.laguiadepamplona.com\\\/actualidad\\\/el-lunes-se-abren-las-inscripciones-para-un-taller-sobre-salud-mental-dirigido-a-mayores-de-65-anos-que-se-desarrollara-del-29-de-febrero-al-21-de-marzo-en-santa-maria-la-real\\\/#breadcrumb\"},\"inLanguage\":\"es\",\"potentialAction\":[{\"@type\":\"ReadAction\",\"target\":[\"https:\\\/\\\/www.laguiadepamplona.com\\\/actualidad\\\/el-lunes-se-abren-las-inscripciones-para-un-taller-sobre-salud-mental-dirigido-a-mayores-de-65-anos-que-se-desarrollara-del-29-de-febrero-al-21-de-marzo-en-santa-maria-la-real\\\/\"]}]},{\"@type\":\"ImageObject\",\"inLanguage\":\"es\",\"@id\":\"https:\\\/\\\/www.laguiadepamplona.com\\\/actualidad\\\/el-lunes-se-abren-las-inscripciones-para-un-taller-sobre-salud-mental-dirigido-a-mayores-de-65-anos-que-se-desarrollara-del-29-de-febrero-al-21-de-marzo-en-santa-maria-la-real\\\/#primaryimage\",\"url\":\"https:\\\/\\\/www.laguiadepamplona.com\\\/actualidad\\\/wp-content\\\/uploads\\\/2024\\\/02\\\/Taller-cuidado-personal-b.webp\",\"contentUrl\":\"https:\\\/\\\/www.laguiadepamplona.com\\\/actualidad\\\/wp-content\\\/uploads\\\/2024\\\/02\\\/Taller-cuidado-personal-b.webp\",\"width\":945,\"height\":519,\"caption\":\"taller cuidado personal\"},{\"@type\":\"BreadcrumbList\",\"@id\":\"https:\\\/\\\/www.laguiadepamplona.com\\\/actualidad\\\/el-lunes-se-abren-las-inscripciones-para-un-taller-sobre-salud-mental-dirigido-a-mayores-de-65-anos-que-se-desarrollara-del-29-de-febrero-al-21-de-marzo-en-santa-maria-la-real\\\/#breadcrumb\",\"itemListElement\":[{\"@type\":\"ListItem\",\"position\":1,\"name\":\"Portada\",\"item\":\"https:\\\/\\\/www.laguiadepamplona.com\\\/actualidad\\\/\"},{\"@type\":\"ListItem\",\"position\":2,\"name\":\"El lunes se abren las inscripciones para un taller sobre salud mental dirigido a mayores de 65 a\u00f1os, que se desarrollar\u00e1 del 29 de febrero al 21 de marzo en Santa Mar\u00eda la Real\"}]},{\"@type\":\"WebSite\",\"@id\":\"https:\\\/\\\/www.laguiadepamplona.com\\\/actualidad\\\/#website\",\"url\":\"https:\\\/\\\/www.laguiadepamplona.com\\\/actualidad\\\/\",\"name\":\"La gu\u00eda de Pamplona\",\"description\":\"Noticias de Pamplona\",\"publisher\":{\"@id\":\"https:\\\/\\\/www.laguiadepamplona.com\\\/actualidad\\\/#organization\"},\"potentialAction\":[{\"@type\":\"SearchAction\",\"target\":{\"@type\":\"EntryPoint\",\"urlTemplate\":\"https:\\\/\\\/www.laguiadepamplona.com\\\/actualidad\\\/?s={search_term_string}\"},\"query-input\":{\"@type\":\"PropertyValueSpecification\",\"valueRequired\":true,\"valueName\":\"search_term_string\"}}],\"inLanguage\":\"es\"},{\"@type\":\"Organization\",\"@id\":\"https:\\\/\\\/www.laguiadepamplona.com\\\/actualidad\\\/#organization\",\"name\":\"La Gu\u00eda de Pamplona \\\/ Noticias\",\"url\":\"https:\\\/\\\/www.laguiadepamplona.com\\\/actualidad\\\/\",\"logo\":{\"@type\":\"ImageObject\",\"inLanguage\":\"es\",\"@id\":\"https:\\\/\\\/www.laguiadepamplona.com\\\/actualidad\\\/#\\\/schema\\\/logo\\\/image\\\/\",\"url\":\"https:\\\/\\\/www.laguiadepamplona.com\\\/actualidad\\\/wp-content\\\/uploads\\\/2018\\\/11\\\/logo-laguiadepamplona18-web1.png\",\"contentUrl\":\"https:\\\/\\\/www.laguiadepamplona.com\\\/actualidad\\\/wp-content\\\/uploads\\\/2018\\\/11\\\/logo-laguiadepamplona18-web1.png\",\"width\":600,\"height\":196,\"caption\":\"La Gu\u00eda de Pamplona \\\/ Noticias\"},\"image\":{\"@id\":\"https:\\\/\\\/www.laguiadepamplona.com\\\/actualidad\\\/#\\\/schema\\\/logo\\\/image\\\/\"},\"sameAs\":[\"https:\\\/\\\/www.facebook.com\\\/laguiadepamplonacom-133175176762273\\\/?ref=hl\",\"https:\\\/\\\/x.com\\\/LaGuiadPamplona\",\"https:\\\/\\\/www.instagram.com\\\/la_guia_de_pamplona\\\/\",\"https:\\\/\\\/www.youtube.com\\\/user\\\/laguiadepamplona\"]},{\"@type\":\"Person\",\"@id\":\"https:\\\/\\\/www.laguiadepamplona.com\\\/actualidad\\\/#\\\/schema\\\/person\\\/efe887376f0213d4657c93adc50b1fdb\",\"name\":\"La Gu\u00eda de Pamplona\",\"image\":{\"@type\":\"ImageObject\",\"inLanguage\":\"es\",\"@id\":\"https:\\\/\\\/secure.gravatar.com\\\/avatar\\\/b6992f131dc8d30ab0dff15446e9d346d9dbd95992de0fef795073f5ea83a81c?s=96&d=mm&r=g\",\"url\":\"https:\\\/\\\/secure.gravatar.com\\\/avatar\\\/b6992f131dc8d30ab0dff15446e9d346d9dbd95992de0fef795073f5ea83a81c?s=96&d=mm&r=g\",\"contentUrl\":\"https:\\\/\\\/secure.gravatar.com\\\/avatar\\\/b6992f131dc8d30ab0dff15446e9d346d9dbd95992de0fef795073f5ea83a81c?s=96&d=mm&r=g\",\"caption\":\"La Gu\u00eda de Pamplona\"}}]}<\/script>\n<!-- \/ Yoast SEO plugin. -->","yoast_head_json":{"title":"El lunes se abren las inscripciones para un taller sobre salud mental dirigido a mayores de 65 a\u00f1os, que se desarrollar\u00e1 del 29 de febrero al 21 de marzo en Santa Mar\u00eda la Real","description":"Las inscripciones son gratuitas y por orden de llamada en el tel\u00e9fono 010 \u2013 948 420 100","robots":{"index":"index","follow":"follow","max-snippet":"max-snippet:-1","max-image-preview":"max-image-preview:large","max-video-preview":"max-video-preview:-1"},"canonical":"https:\/\/www.laguiadepamplona.com\/actualidad\/el-lunes-se-abren-las-inscripciones-para-un-taller-sobre-salud-mental-dirigido-a-mayores-de-65-anos-que-se-desarrollara-del-29-de-febrero-al-21-de-marzo-en-santa-maria-la-real\/","og_locale":"es_ES","og_type":"article","og_title":"El lunes se abren las inscripciones para un taller sobre salud mental dirigido a mayores de 65 a\u00f1os, que se desarrollar\u00e1 del 29 de febrero al 21 de marzo en Santa Mar\u00eda la Real","og_description":"Las inscripciones son gratuitas y por orden de llamada en el tel\u00e9fono 010 \u2013 948 420 100","og_url":"https:\/\/www.laguiadepamplona.com\/actualidad\/el-lunes-se-abren-las-inscripciones-para-un-taller-sobre-salud-mental-dirigido-a-mayores-de-65-anos-que-se-desarrollara-del-29-de-febrero-al-21-de-marzo-en-santa-maria-la-real\/","og_site_name":"La Gu\u00eda de Pamplona","article_publisher":"https:\/\/www.facebook.com\/laguiadepamplonacom-133175176762273\/?ref=hl","article_published_time":"2024-02-09T16:32:43+00:00","og_image":[{"width":945,"height":519,"url":"https:\/\/www.laguiadepamplona.com\/actualidad\/wp-content\/uploads\/2024\/02\/Taller-cuidado-personal-b.webp","type":"image\/webp"}],"author":"La Gu\u00eda de Pamplona","twitter_card":"summary_large_image","twitter_creator":"@LaGuiadPamplona","twitter_site":"@LaGuiadPamplona","twitter_misc":{"Escrito por":"La Gu\u00eda de Pamplona","Tiempo de lectura":"2 minutos"},"schema":{"@context":"https:\/\/schema.org","@graph":[{"@type":"Article","@id":"https:\/\/www.laguiadepamplona.com\/actualidad\/el-lunes-se-abren-las-inscripciones-para-un-taller-sobre-salud-mental-dirigido-a-mayores-de-65-anos-que-se-desarrollara-del-29-de-febrero-al-21-de-marzo-en-santa-maria-la-real\/#article","isPartOf":{"@id":"https:\/\/www.laguiadepamplona.com\/actualidad\/el-lunes-se-abren-las-inscripciones-para-un-taller-sobre-salud-mental-dirigido-a-mayores-de-65-anos-que-se-desarrollara-del-29-de-febrero-al-21-de-marzo-en-santa-maria-la-real\/"},"author":{"name":"La Gu\u00eda de Pamplona","@id":"https:\/\/www.laguiadepamplona.com\/actualidad\/#\/schema\/person\/efe887376f0213d4657c93adc50b1fdb"},"headline":"El lunes se abren las inscripciones para un taller sobre salud mental dirigido a mayores de 65 a\u00f1os, que se desarrollar\u00e1 del 29 de febrero al 21 de marzo en Santa Mar\u00eda la Real","datePublished":"2024-02-09T16:32:43+00:00","mainEntityOfPage":{"@id":"https:\/\/www.laguiadepamplona.com\/actualidad\/el-lunes-se-abren-las-inscripciones-para-un-taller-sobre-salud-mental-dirigido-a-mayores-de-65-anos-que-se-desarrollara-del-29-de-febrero-al-21-de-marzo-en-santa-maria-la-real\/"},"wordCount":353,"commentCount":0,"publisher":{"@id":"https:\/\/www.laguiadepamplona.com\/actualidad\/#organization"},"image":{"@id":"https:\/\/www.laguiadepamplona.com\/actualidad\/el-lunes-se-abren-las-inscripciones-para-un-taller-sobre-salud-mental-dirigido-a-mayores-de-65-anos-que-se-desarrollara-del-29-de-febrero-al-21-de-marzo-en-santa-maria-la-real\/#primaryimage"},"thumbnailUrl":"https:\/\/www.laguiadepamplona.com\/actualidad\/wp-content\/uploads\/2024\/02\/Taller-cuidado-personal-b.webp","articleSection":["Ayto Pamplona"],"inLanguage":"es","potentialAction":[{"@type":"CommentAction","name":"Comment","target":["https:\/\/www.laguiadepamplona.com\/actualidad\/el-lunes-se-abren-las-inscripciones-para-un-taller-sobre-salud-mental-dirigido-a-mayores-de-65-anos-que-se-desarrollara-del-29-de-febrero-al-21-de-marzo-en-santa-maria-la-real\/#respond"]}]},{"@type":"WebPage","@id":"https:\/\/www.laguiadepamplona.com\/actualidad\/el-lunes-se-abren-las-inscripciones-para-un-taller-sobre-salud-mental-dirigido-a-mayores-de-65-anos-que-se-desarrollara-del-29-de-febrero-al-21-de-marzo-en-santa-maria-la-real\/","url":"https:\/\/www.laguiadepamplona.com\/actualidad\/el-lunes-se-abren-las-inscripciones-para-un-taller-sobre-salud-mental-dirigido-a-mayores-de-65-anos-que-se-desarrollara-del-29-de-febrero-al-21-de-marzo-en-santa-maria-la-real\/","name":"El lunes se abren las inscripciones para un taller sobre salud mental dirigido a mayores de 65 a\u00f1os, que se desarrollar\u00e1 del 29 de febrero al 21 de marzo en Santa Mar\u00eda la Real","isPartOf":{"@id":"https:\/\/www.laguiadepamplona.com\/actualidad\/#website"},"primaryImageOfPage":{"@id":"https:\/\/www.laguiadepamplona.com\/actualidad\/el-lunes-se-abren-las-inscripciones-para-un-taller-sobre-salud-mental-dirigido-a-mayores-de-65-anos-que-se-desarrollara-del-29-de-febrero-al-21-de-marzo-en-santa-maria-la-real\/#primaryimage"},"image":{"@id":"https:\/\/www.laguiadepamplona.com\/actualidad\/el-lunes-se-abren-las-inscripciones-para-un-taller-sobre-salud-mental-dirigido-a-mayores-de-65-anos-que-se-desarrollara-del-29-de-febrero-al-21-de-marzo-en-santa-maria-la-real\/#primaryimage"},"thumbnailUrl":"https:\/\/www.laguiadepamplona.com\/actualidad\/wp-content\/uploads\/2024\/02\/Taller-cuidado-personal-b.webp","datePublished":"2024-02-09T16:32:43+00:00","description":"Las inscripciones son gratuitas y por orden de llamada en el tel\u00e9fono 010 \u2013 948 420 100","breadcrumb":{"@id":"https:\/\/www.laguiadepamplona.com\/actualidad\/el-lunes-se-abren-las-inscripciones-para-un-taller-sobre-salud-mental-dirigido-a-mayores-de-65-anos-que-se-desarrollara-del-29-de-febrero-al-21-de-marzo-en-santa-maria-la-real\/#breadcrumb"},"inLanguage":"es","potentialAction":[{"@type":"ReadAction","target":["https:\/\/www.laguiadepamplona.com\/actualidad\/el-lunes-se-abren-las-inscripciones-para-un-taller-sobre-salud-mental-dirigido-a-mayores-de-65-anos-que-se-desarrollara-del-29-de-febrero-al-21-de-marzo-en-santa-maria-la-real\/"]}]},{"@type":"ImageObject","inLanguage":"es","@id":"https:\/\/www.laguiadepamplona.com\/actualidad\/el-lunes-se-abren-las-inscripciones-para-un-taller-sobre-salud-mental-dirigido-a-mayores-de-65-anos-que-se-desarrollara-del-29-de-febrero-al-21-de-marzo-en-santa-maria-la-real\/#primaryimage","url":"https:\/\/www.laguiadepamplona.com\/actualidad\/wp-content\/uploads\/2024\/02\/Taller-cuidado-personal-b.webp","contentUrl":"https:\/\/www.laguiadepamplona.com\/actualidad\/wp-content\/uploads\/2024\/02\/Taller-cuidado-personal-b.webp","width":945,"height":519,"caption":"taller cuidado personal"},{"@type":"BreadcrumbList","@id":"https:\/\/www.laguiadepamplona.com\/actualidad\/el-lunes-se-abren-las-inscripciones-para-un-taller-sobre-salud-mental-dirigido-a-mayores-de-65-anos-que-se-desarrollara-del-29-de-febrero-al-21-de-marzo-en-santa-maria-la-real\/#breadcrumb","itemListElement":[{"@type":"ListItem","position":1,"name":"Portada","item":"https:\/\/www.laguiadepamplona.com\/actualidad\/"},{"@type":"ListItem","position":2,"name":"El lunes se abren las inscripciones para un taller sobre salud mental dirigido a mayores de 65 a\u00f1os, que se desarrollar\u00e1 del 29 de febrero al 21 de marzo en Santa Mar\u00eda la Real"}]},{"@type":"WebSite","@id":"https:\/\/www.laguiadepamplona.com\/actualidad\/#website","url":"https:\/\/www.laguiadepamplona.com\/actualidad\/","name":"La gu\u00eda de Pamplona","description":"Noticias de Pamplona","publisher":{"@id":"https:\/\/www.laguiadepamplona.com\/actualidad\/#organization"},"potentialAction":[{"@type":"SearchAction","target":{"@type":"EntryPoint","urlTemplate":"https:\/\/www.laguiadepamplona.com\/actualidad\/?s={search_term_string}"},"query-input":{"@type":"PropertyValueSpecification","valueRequired":true,"valueName":"search_term_string"}}],"inLanguage":"es"},{"@type":"Organization","@id":"https:\/\/www.laguiadepamplona.com\/actualidad\/#organization","name":"La Gu\u00eda de Pamplona \/ Noticias","url":"https:\/\/www.laguiadepamplona.com\/actualidad\/","logo":{"@type":"ImageObject","inLanguage":"es","@id":"https:\/\/www.laguiadepamplona.com\/actualidad\/#\/schema\/logo\/image\/","url":"https:\/\/www.laguiadepamplona.com\/actualidad\/wp-content\/uploads\/2018\/11\/logo-laguiadepamplona18-web1.png","contentUrl":"https:\/\/www.laguiadepamplona.com\/actualidad\/wp-content\/uploads\/2018\/11\/logo-laguiadepamplona18-web1.png","width":600,"height":196,"caption":"La Gu\u00eda de Pamplona \/ Noticias"},"image":{"@id":"https:\/\/www.laguiadepamplona.com\/actualidad\/#\/schema\/logo\/image\/"},"sameAs":["https:\/\/www.facebook.com\/laguiadepamplonacom-133175176762273\/?ref=hl","https:\/\/x.com\/LaGuiadPamplona","https:\/\/www.instagram.com\/la_guia_de_pamplona\/","https:\/\/www.youtube.com\/user\/laguiadepamplona"]},{"@type":"Person","@id":"https:\/\/www.laguiadepamplona.com\/actualidad\/#\/schema\/person\/efe887376f0213d4657c93adc50b1fdb","name":"La Gu\u00eda de Pamplona","image":{"@type":"ImageObject","inLanguage":"es","@id":"https:\/\/secure.gravatar.com\/avatar\/b6992f131dc8d30ab0dff15446e9d346d9dbd95992de0fef795073f5ea83a81c?s=96&d=mm&r=g","url":"https:\/\/secure.gravatar.com\/avatar\/b6992f131dc8d30ab0dff15446e9d346d9dbd95992de0fef795073f5ea83a81c?s=96&d=mm&r=g","contentUrl":"https:\/\/secure.gravatar.com\/avatar\/b6992f131dc8d30ab0dff15446e9d346d9dbd95992de0fef795073f5ea83a81c?s=96&d=mm&r=g","caption":"La Gu\u00eda de Pamplona"}}]}},"post_mailing_queue_ids":[],"_links":{"self":[{"href":"https:\/\/www.laguiadepamplona.com\/actualidad\/wp-json\/wp\/v2\/posts\/48696","targetHints":{"allow":["GET"]}}],"collection":[{"href":"https:\/\/www.laguiadepamplona.com\/actualidad\/wp-json\/wp\/v2\/posts"}],"about":[{"href":"https:\/\/www.laguiadepamplona.com\/actualidad\/wp-json\/wp\/v2\/types\/post"}],"author":[{"embeddable":true,"href":"https:\/\/www.laguiadepamplona.com\/actualidad\/wp-json\/wp\/v2\/users\/1"}],"replies":[{"embeddable":true,"href":"https:\/\/www.laguiadepamplona.com\/actualidad\/wp-json\/wp\/v2\/comments?post=48696"}],"version-history":[{"count":1,"href":"https:\/\/www.laguiadepamplona.com\/actualidad\/wp-json\/wp\/v2\/posts\/48696\/revisions"}],"predecessor-version":[{"id":48698,"href":"https:\/\/www.laguiadepamplona.com\/actualidad\/wp-json\/wp\/v2\/posts\/48696\/revisions\/48698"}],"wp:featuredmedia":[{"embeddable":true,"href":"https:\/\/www.laguiadepamplona.com\/actualidad\/wp-json\/wp\/v2\/media\/48697"}],"wp:attachment":[{"href":"https:\/\/www.laguiadepamplona.com\/actualidad\/wp-json\/wp\/v2\/media?parent=48696"}],"wp:term":[{"taxonomy":"category","embeddable":true,"href":"https:\/\/www.laguiadepamplona.com\/actualidad\/wp-json\/wp\/v2\/categories?post=48696"},{"taxonomy":"post_tag","embeddable":true,"href":"https:\/\/www.laguiadepamplona.com\/actualidad\/wp-json\/wp\/v2\/tags?post=48696"}],"curies":[{"name":"wp","href":"https:\/\/api.w.org\/{rel}","templated":true}]}}