{"id":48678,"date":"2024-02-08T18:04:26","date_gmt":"2024-02-08T16:04:26","guid":{"rendered":"https:\/\/www.laguiadepamplona.com\/actualidad\/?p=48678"},"modified":"2024-02-08T18:04:26","modified_gmt":"2024-02-08T16:04:26","slug":"el-campeonato-de-europa-de-cubo-de-rubik-que-se-celebrara-en-julio-en-pamplona-amplia-plazas-hasta-llegar-a-1-250-participantes","status":"publish","type":"post","link":"https:\/\/www.laguiadepamplona.com\/actualidad\/el-campeonato-de-europa-de-cubo-de-rubik-que-se-celebrara-en-julio-en-pamplona-amplia-plazas-hasta-llegar-a-1-250-participantes\/","title":{"rendered":"El Campeonato de Europa de Cubo de Rubik que se celebrar\u00e1 en julio en Pamplona ampl\u00eda plazas hasta llegar a 1.250 participantes"},"content":{"rendered":"<h2>Disponibles 250 nuevas plazas que se cubrir\u00e1n en orden de inscripci\u00f3n desde las 17 horas de hoy y 3.000 asientos m\u00e1s en el Arena para p\u00fablico<\/h2>\n<p><!--more--><\/p>\n<p>A las 17 horas de este jueves 8 de febrero se abrir\u00e1 un nuevo plazo de inscripci\u00f3n para el Campeonato de Europa de Cubo de Rubik \/ Rubik\u2019s WCA European Championship 2024, que se celebrar\u00e1 en el Navarra Arena del 25 al 28 de julio de 2024. Se ofrecen 250 plazas m\u00e1s que se cubrir\u00e1n en orden de inscripci\u00f3n. El Campeonato de Europa cuenta con el respaldo organizativo y econ\u00f3mico de la Asociaci\u00f3n Mundial del Cubo (WCA) y la compa\u00f1\u00eda Rubik\u2019s y es una de las competiciones m\u00e1s importantes del mundo en este rompecabezas.<\/p>\n<p>Con las 1.000 plazas que se cubrieron en 90 minutos el d\u00eda que se abri\u00f3 la primera inscripci\u00f3n, ya era el torneo m\u00e1s grande celebrado en Europa en este \u00e1mbito. Al cierre de las inscripciones hab\u00eda apuntadas personas de 57 nacionalidades diferentes y una lista de espera de 156 personas. Toda la informaci\u00f3n sobre el evento est\u00e1 disponible en la <a href=\"https:\/\/www.worldcubeassociation.org\/competitions\/Euro2024\" target=\"_blank\" rel=\"noopener\">web de la WCA<\/a>. La inscripci\u00f3n se realizar\u00e1 exclusivamente <em>on line<\/em>. La cuota de registro b\u00e1sica es de 70 euros que se abonar\u00e1n mediante tarjeta en el mismo sitio web tras el registro (existe la posibilidad de un reembolso de un 50% de la cuota para anulaciones solicitadas antes del 19 de mayo).<\/p>\n<p>Para inscribirse ser\u00e1 necesario haber participado antes en alguna competici\u00f3n oficial y quienes se registren s\u00f3lo se podr\u00e1n inscribir en categor\u00edas para las que ya est\u00e1n calificados. Las personas admitidas podr\u00e1n competir en las 17 modalidades oficiales reguladas por la asociaci\u00f3n mundial del cubo (WCA), desde el cl\u00e1sico Cubo de Rubik, hasta cubos con cientos de piezas, que cambian de forma, o con resoluciones de esos mismos mecanismos, pero realizados a ciegas. En este torneo los podios solo son accesibles para personas con nacionalidad europea, aunque cualquier persona puede participar y establecer marcas.<br \/>\n<script async src=\"\/\/pagead2.googlesyndication.com\/pagead\/js\/adsbygoogle.js\"><\/script><br \/>\n<!-- Noticias La Guia de Pamplona --><br \/>\n<ins class=\"adsbygoogle\"\nstyle=\"display:block\"\ndata-ad-client=\"ca-pub-6943679897239327\"\ndata-ad-slot=\"7048180777\"\ndata-ad-format=\"auto\"><\/ins><br \/>\n<script>\n(adsbygoogle = window.adsbygoogle || []).push({});\n<\/script><br \/>\n<strong>Se ampl\u00eda el aforo del p\u00fablico: hasta 6.400 plazas<\/strong><\/p>\n<p>En todas estas modalidades se competir\u00e1 a lo largo de 4 d\u00edas, con hasta 4 rondas clasificatorias para cada categor\u00eda. El Navarra Arena, con m\u00e1s 2.500 m<sup>2<\/sup> de superficie albergar\u00e1 una zona de competici\u00f3n con 70 mesas individuales, una zona de pr\u00e1ctica con stands de las tiendas patrocinadoras (<em>merchandising<\/em>) y una zona aislada para pruebas de larga duraci\u00f3n.<\/p>\n<p>Tambi\u00e9n se podr\u00e1 asistir como p\u00fablico y se ha ampliado en n\u00famero de personas que podr\u00e1n estar que ha pasado de las 800 a las 1.600 personas por jornada, 800 m\u00e1s diarias de las ofertadas inicialmente. Las 6.400 plazas se pueden adquirir ya, tanto como entrada diaria (3 euros), como comprando un bono para los cuatro d\u00edas de competici\u00f3n (9 euros). Los tickets para el evento esta disponibles, tanto en la taquilla online del Navarra Arena, como en los puntos de venta f\u00edsicos de Baluarte y La Morea.<br \/>\n<script async src=\"\/\/pagead2.googlesyndication.com\/pagead\/js\/adsbygoogle.js\"><\/script><br \/>\n<!-- Noticias La Guia de Pamplona --><br \/>\n<ins class=\"adsbygoogle\"\nstyle=\"display:block\"\ndata-ad-client=\"ca-pub-6943679897239327\"\ndata-ad-slot=\"7048180777\"\ndata-ad-format=\"auto\"><\/ins><br \/>\n<script>\n(adsbygoogle = window.adsbygoogle || []).push({});\n<\/script><br \/>\n&nbsp;<\/p>\n<h3>El Navarra Arena estar\u00e1 equipado con pantallas gigantes que permitan a quienes est\u00e9n en los grader\u00edos seguir de forma pormenorizada las pruebas.<\/h3>\n<p><strong>Modalidades a concurso <\/strong><\/p>\n<p>\u2018Cubo cl\u00e1sico\u2019 3&#215;3<\/p>\n<p>Sus variaciones relacionadas con sus distintos tama\u00f1os (2, 4, 5, 6 y 7 piezas por hilera)<\/p>\n<p>3&#215;3 a una mano<\/p>\n<p>3&#215;3 menor n\u00famero de movimientos<\/p>\n<p>3&#215;3 a ciegas y a ciegas m\u00faltiple<\/p>\n<p>4&#215;4 a ciegas<\/p>\n<p>5&#215;5 a ciegas<\/p>\n<p>Megaminx<\/p>\n<p>Pyramix<\/p>\n<p>Skewb<\/p>\n<p>Square-1<\/p>\n<p>Clock<\/p>\n","protected":false},"excerpt":{"rendered":"<p>Disponibles 250 nuevas plazas que se cubrir\u00e1n en orden de inscripci\u00f3n desde las 17 horas de hoy y 3.000 asientos m\u00e1s en el Arena para p\u00fablico<\/p>\n","protected":false},"author":1,"featured_media":39354,"comment_status":"open","ping_status":"closed","sticky":false,"template":"","format":"standard","meta":{"footnotes":""},"categories":[2],"tags":[],"class_list":["post-48678","post","type-post","status-publish","format-standard","has-post-thumbnail","hentry","category-ayuntamiento-pamplona"],"yoast_head":"<!-- This site is optimized with the Yoast SEO plugin v27.5 - https:\/\/yoast.com\/product\/yoast-seo-wordpress\/ -->\n<title>El Campeonato de Europa de Cubo de Rubik que se celebrar\u00e1 en julio en Pamplona ampl\u00eda plazas hasta llegar a 1.250 participantes<\/title>\n<meta name=\"description\" content=\"Disponibles 250 nuevas plazas que se cubrir\u00e1n en orden de inscripci\u00f3n desde las 17 horas de hoy y 3.000 asientos m\u00e1s en el Arena para p\u00fablico\" \/>\n<meta name=\"robots\" content=\"index, follow, max-snippet:-1, max-image-preview:large, max-video-preview:-1\" \/>\n<link rel=\"canonical\" href=\"https:\/\/www.laguiadepamplona.com\/actualidad\/el-campeonato-de-europa-de-cubo-de-rubik-que-se-celebrara-en-julio-en-pamplona-amplia-plazas-hasta-llegar-a-1-250-participantes\/\" \/>\n<meta property=\"og:locale\" content=\"es_ES\" \/>\n<meta property=\"og:type\" content=\"article\" \/>\n<meta property=\"og:title\" content=\"El Campeonato de Europa de Cubo de Rubik que se celebrar\u00e1 en julio en Pamplona ampl\u00eda plazas hasta llegar a 1.250 participantes\" \/>\n<meta property=\"og:description\" content=\"Disponibles 250 nuevas plazas que se cubrir\u00e1n en orden de inscripci\u00f3n desde las 17 horas de hoy y 3.000 asientos m\u00e1s en el Arena para p\u00fablico\" \/>\n<meta property=\"og:url\" content=\"https:\/\/www.laguiadepamplona.com\/actualidad\/el-campeonato-de-europa-de-cubo-de-rubik-que-se-celebrara-en-julio-en-pamplona-amplia-plazas-hasta-llegar-a-1-250-participantes\/\" \/>\n<meta property=\"og:site_name\" content=\"La Gu\u00eda de Pamplona\" \/>\n<meta property=\"article:publisher\" content=\"https:\/\/www.facebook.com\/laguiadepamplonacom-133175176762273\/?ref=hl\" \/>\n<meta property=\"article:published_time\" content=\"2024-02-08T16:04:26+00:00\" \/>\n<meta property=\"og:image\" content=\"https:\/\/www.laguiadepamplona.com\/actualidad\/wp-content\/uploads\/2022\/03\/cubo-rubik-juego.jpg\" \/>\n\t<meta property=\"og:image:width\" content=\"1920\" \/>\n\t<meta property=\"og:image:height\" content=\"1280\" \/>\n\t<meta property=\"og:image:type\" content=\"image\/jpeg\" \/>\n<meta name=\"author\" content=\"La Gu\u00eda de Pamplona\" \/>\n<meta name=\"twitter:card\" content=\"summary_large_image\" \/>\n<meta name=\"twitter:creator\" content=\"@LaGuiadPamplona\" \/>\n<meta name=\"twitter:site\" content=\"@LaGuiadPamplona\" \/>\n<meta name=\"twitter:label1\" content=\"Escrito por\" \/>\n\t<meta name=\"twitter:data1\" content=\"La Gu\u00eda de Pamplona\" \/>\n\t<meta name=\"twitter:label2\" content=\"Tiempo de lectura\" \/>\n\t<meta name=\"twitter:data2\" content=\"3 minutos\" \/>\n<script type=\"application\/ld+json\" class=\"yoast-schema-graph\">{\"@context\":\"https:\\\/\\\/schema.org\",\"@graph\":[{\"@type\":\"Article\",\"@id\":\"https:\\\/\\\/www.laguiadepamplona.com\\\/actualidad\\\/el-campeonato-de-europa-de-cubo-de-rubik-que-se-celebrara-en-julio-en-pamplona-amplia-plazas-hasta-llegar-a-1-250-participantes\\\/#article\",\"isPartOf\":{\"@id\":\"https:\\\/\\\/www.laguiadepamplona.com\\\/actualidad\\\/el-campeonato-de-europa-de-cubo-de-rubik-que-se-celebrara-en-julio-en-pamplona-amplia-plazas-hasta-llegar-a-1-250-participantes\\\/\"},\"author\":{\"name\":\"La Gu\u00eda de Pamplona\",\"@id\":\"https:\\\/\\\/www.laguiadepamplona.com\\\/actualidad\\\/#\\\/schema\\\/person\\\/efe887376f0213d4657c93adc50b1fdb\"},\"headline\":\"El Campeonato de Europa de Cubo de Rubik que se celebrar\u00e1 en julio en Pamplona ampl\u00eda plazas hasta llegar a 1.250 participantes\",\"datePublished\":\"2024-02-08T16:04:26+00:00\",\"mainEntityOfPage\":{\"@id\":\"https:\\\/\\\/www.laguiadepamplona.com\\\/actualidad\\\/el-campeonato-de-europa-de-cubo-de-rubik-que-se-celebrara-en-julio-en-pamplona-amplia-plazas-hasta-llegar-a-1-250-participantes\\\/\"},\"wordCount\":592,\"commentCount\":0,\"publisher\":{\"@id\":\"https:\\\/\\\/www.laguiadepamplona.com\\\/actualidad\\\/#organization\"},\"image\":{\"@id\":\"https:\\\/\\\/www.laguiadepamplona.com\\\/actualidad\\\/el-campeonato-de-europa-de-cubo-de-rubik-que-se-celebrara-en-julio-en-pamplona-amplia-plazas-hasta-llegar-a-1-250-participantes\\\/#primaryimage\"},\"thumbnailUrl\":\"https:\\\/\\\/www.laguiadepamplona.com\\\/actualidad\\\/wp-content\\\/uploads\\\/2022\\\/03\\\/cubo-rubik-juego.jpg\",\"articleSection\":[\"Ayto Pamplona\"],\"inLanguage\":\"es\",\"potentialAction\":[{\"@type\":\"CommentAction\",\"name\":\"Comment\",\"target\":[\"https:\\\/\\\/www.laguiadepamplona.com\\\/actualidad\\\/el-campeonato-de-europa-de-cubo-de-rubik-que-se-celebrara-en-julio-en-pamplona-amplia-plazas-hasta-llegar-a-1-250-participantes\\\/#respond\"]}]},{\"@type\":\"WebPage\",\"@id\":\"https:\\\/\\\/www.laguiadepamplona.com\\\/actualidad\\\/el-campeonato-de-europa-de-cubo-de-rubik-que-se-celebrara-en-julio-en-pamplona-amplia-plazas-hasta-llegar-a-1-250-participantes\\\/\",\"url\":\"https:\\\/\\\/www.laguiadepamplona.com\\\/actualidad\\\/el-campeonato-de-europa-de-cubo-de-rubik-que-se-celebrara-en-julio-en-pamplona-amplia-plazas-hasta-llegar-a-1-250-participantes\\\/\",\"name\":\"El Campeonato de Europa de Cubo de Rubik que se celebrar\u00e1 en julio en Pamplona ampl\u00eda plazas hasta llegar a 1.250 participantes\",\"isPartOf\":{\"@id\":\"https:\\\/\\\/www.laguiadepamplona.com\\\/actualidad\\\/#website\"},\"primaryImageOfPage\":{\"@id\":\"https:\\\/\\\/www.laguiadepamplona.com\\\/actualidad\\\/el-campeonato-de-europa-de-cubo-de-rubik-que-se-celebrara-en-julio-en-pamplona-amplia-plazas-hasta-llegar-a-1-250-participantes\\\/#primaryimage\"},\"image\":{\"@id\":\"https:\\\/\\\/www.laguiadepamplona.com\\\/actualidad\\\/el-campeonato-de-europa-de-cubo-de-rubik-que-se-celebrara-en-julio-en-pamplona-amplia-plazas-hasta-llegar-a-1-250-participantes\\\/#primaryimage\"},\"thumbnailUrl\":\"https:\\\/\\\/www.laguiadepamplona.com\\\/actualidad\\\/wp-content\\\/uploads\\\/2022\\\/03\\\/cubo-rubik-juego.jpg\",\"datePublished\":\"2024-02-08T16:04:26+00:00\",\"description\":\"Disponibles 250 nuevas plazas que se cubrir\u00e1n en orden de inscripci\u00f3n desde las 17 horas de hoy y 3.000 asientos m\u00e1s en el Arena para p\u00fablico\",\"breadcrumb\":{\"@id\":\"https:\\\/\\\/www.laguiadepamplona.com\\\/actualidad\\\/el-campeonato-de-europa-de-cubo-de-rubik-que-se-celebrara-en-julio-en-pamplona-amplia-plazas-hasta-llegar-a-1-250-participantes\\\/#breadcrumb\"},\"inLanguage\":\"es\",\"potentialAction\":[{\"@type\":\"ReadAction\",\"target\":[\"https:\\\/\\\/www.laguiadepamplona.com\\\/actualidad\\\/el-campeonato-de-europa-de-cubo-de-rubik-que-se-celebrara-en-julio-en-pamplona-amplia-plazas-hasta-llegar-a-1-250-participantes\\\/\"]}]},{\"@type\":\"ImageObject\",\"inLanguage\":\"es\",\"@id\":\"https:\\\/\\\/www.laguiadepamplona.com\\\/actualidad\\\/el-campeonato-de-europa-de-cubo-de-rubik-que-se-celebrara-en-julio-en-pamplona-amplia-plazas-hasta-llegar-a-1-250-participantes\\\/#primaryimage\",\"url\":\"https:\\\/\\\/www.laguiadepamplona.com\\\/actualidad\\\/wp-content\\\/uploads\\\/2022\\\/03\\\/cubo-rubik-juego.jpg\",\"contentUrl\":\"https:\\\/\\\/www.laguiadepamplona.com\\\/actualidad\\\/wp-content\\\/uploads\\\/2022\\\/03\\\/cubo-rubik-juego.jpg\",\"width\":1920,\"height\":1280,\"caption\":\"cubo rubik\"},{\"@type\":\"BreadcrumbList\",\"@id\":\"https:\\\/\\\/www.laguiadepamplona.com\\\/actualidad\\\/el-campeonato-de-europa-de-cubo-de-rubik-que-se-celebrara-en-julio-en-pamplona-amplia-plazas-hasta-llegar-a-1-250-participantes\\\/#breadcrumb\",\"itemListElement\":[{\"@type\":\"ListItem\",\"position\":1,\"name\":\"Portada\",\"item\":\"https:\\\/\\\/www.laguiadepamplona.com\\\/actualidad\\\/\"},{\"@type\":\"ListItem\",\"position\":2,\"name\":\"El Campeonato de Europa de Cubo de Rubik que se celebrar\u00e1 en julio en Pamplona ampl\u00eda plazas hasta llegar a 1.250 participantes\"}]},{\"@type\":\"WebSite\",\"@id\":\"https:\\\/\\\/www.laguiadepamplona.com\\\/actualidad\\\/#website\",\"url\":\"https:\\\/\\\/www.laguiadepamplona.com\\\/actualidad\\\/\",\"name\":\"La gu\u00eda de Pamplona\",\"description\":\"Noticias de Pamplona\",\"publisher\":{\"@id\":\"https:\\\/\\\/www.laguiadepamplona.com\\\/actualidad\\\/#organization\"},\"potentialAction\":[{\"@type\":\"SearchAction\",\"target\":{\"@type\":\"EntryPoint\",\"urlTemplate\":\"https:\\\/\\\/www.laguiadepamplona.com\\\/actualidad\\\/?s={search_term_string}\"},\"query-input\":{\"@type\":\"PropertyValueSpecification\",\"valueRequired\":true,\"valueName\":\"search_term_string\"}}],\"inLanguage\":\"es\"},{\"@type\":\"Organization\",\"@id\":\"https:\\\/\\\/www.laguiadepamplona.com\\\/actualidad\\\/#organization\",\"name\":\"La Gu\u00eda de Pamplona \\\/ Noticias\",\"url\":\"https:\\\/\\\/www.laguiadepamplona.com\\\/actualidad\\\/\",\"logo\":{\"@type\":\"ImageObject\",\"inLanguage\":\"es\",\"@id\":\"https:\\\/\\\/www.laguiadepamplona.com\\\/actualidad\\\/#\\\/schema\\\/logo\\\/image\\\/\",\"url\":\"https:\\\/\\\/www.laguiadepamplona.com\\\/actualidad\\\/wp-content\\\/uploads\\\/2018\\\/11\\\/logo-laguiadepamplona18-web1.png\",\"contentUrl\":\"https:\\\/\\\/www.laguiadepamplona.com\\\/actualidad\\\/wp-content\\\/uploads\\\/2018\\\/11\\\/logo-laguiadepamplona18-web1.png\",\"width\":600,\"height\":196,\"caption\":\"La Gu\u00eda de Pamplona \\\/ Noticias\"},\"image\":{\"@id\":\"https:\\\/\\\/www.laguiadepamplona.com\\\/actualidad\\\/#\\\/schema\\\/logo\\\/image\\\/\"},\"sameAs\":[\"https:\\\/\\\/www.facebook.com\\\/laguiadepamplonacom-133175176762273\\\/?ref=hl\",\"https:\\\/\\\/x.com\\\/LaGuiadPamplona\",\"https:\\\/\\\/www.instagram.com\\\/la_guia_de_pamplona\\\/\",\"https:\\\/\\\/www.youtube.com\\\/user\\\/laguiadepamplona\"]},{\"@type\":\"Person\",\"@id\":\"https:\\\/\\\/www.laguiadepamplona.com\\\/actualidad\\\/#\\\/schema\\\/person\\\/efe887376f0213d4657c93adc50b1fdb\",\"name\":\"La Gu\u00eda de Pamplona\",\"image\":{\"@type\":\"ImageObject\",\"inLanguage\":\"es\",\"@id\":\"https:\\\/\\\/secure.gravatar.com\\\/avatar\\\/b6992f131dc8d30ab0dff15446e9d346d9dbd95992de0fef795073f5ea83a81c?s=96&d=mm&r=g\",\"url\":\"https:\\\/\\\/secure.gravatar.com\\\/avatar\\\/b6992f131dc8d30ab0dff15446e9d346d9dbd95992de0fef795073f5ea83a81c?s=96&d=mm&r=g\",\"contentUrl\":\"https:\\\/\\\/secure.gravatar.com\\\/avatar\\\/b6992f131dc8d30ab0dff15446e9d346d9dbd95992de0fef795073f5ea83a81c?s=96&d=mm&r=g\",\"caption\":\"La Gu\u00eda de Pamplona\"}}]}<\/script>\n<!-- \/ Yoast SEO plugin. -->","yoast_head_json":{"title":"El Campeonato de Europa de Cubo de Rubik que se celebrar\u00e1 en julio en Pamplona ampl\u00eda plazas hasta llegar a 1.250 participantes","description":"Disponibles 250 nuevas plazas que se cubrir\u00e1n en orden de inscripci\u00f3n desde las 17 horas de hoy y 3.000 asientos m\u00e1s en el Arena para p\u00fablico","robots":{"index":"index","follow":"follow","max-snippet":"max-snippet:-1","max-image-preview":"max-image-preview:large","max-video-preview":"max-video-preview:-1"},"canonical":"https:\/\/www.laguiadepamplona.com\/actualidad\/el-campeonato-de-europa-de-cubo-de-rubik-que-se-celebrara-en-julio-en-pamplona-amplia-plazas-hasta-llegar-a-1-250-participantes\/","og_locale":"es_ES","og_type":"article","og_title":"El Campeonato de Europa de Cubo de Rubik que se celebrar\u00e1 en julio en Pamplona ampl\u00eda plazas hasta llegar a 1.250 participantes","og_description":"Disponibles 250 nuevas plazas que se cubrir\u00e1n en orden de inscripci\u00f3n desde las 17 horas de hoy y 3.000 asientos m\u00e1s en el Arena para p\u00fablico","og_url":"https:\/\/www.laguiadepamplona.com\/actualidad\/el-campeonato-de-europa-de-cubo-de-rubik-que-se-celebrara-en-julio-en-pamplona-amplia-plazas-hasta-llegar-a-1-250-participantes\/","og_site_name":"La Gu\u00eda de Pamplona","article_publisher":"https:\/\/www.facebook.com\/laguiadepamplonacom-133175176762273\/?ref=hl","article_published_time":"2024-02-08T16:04:26+00:00","og_image":[{"width":1920,"height":1280,"url":"https:\/\/www.laguiadepamplona.com\/actualidad\/wp-content\/uploads\/2022\/03\/cubo-rubik-juego.jpg","type":"image\/jpeg"}],"author":"La Gu\u00eda de Pamplona","twitter_card":"summary_large_image","twitter_creator":"@LaGuiadPamplona","twitter_site":"@LaGuiadPamplona","twitter_misc":{"Escrito por":"La Gu\u00eda de Pamplona","Tiempo de lectura":"3 minutos"},"schema":{"@context":"https:\/\/schema.org","@graph":[{"@type":"Article","@id":"https:\/\/www.laguiadepamplona.com\/actualidad\/el-campeonato-de-europa-de-cubo-de-rubik-que-se-celebrara-en-julio-en-pamplona-amplia-plazas-hasta-llegar-a-1-250-participantes\/#article","isPartOf":{"@id":"https:\/\/www.laguiadepamplona.com\/actualidad\/el-campeonato-de-europa-de-cubo-de-rubik-que-se-celebrara-en-julio-en-pamplona-amplia-plazas-hasta-llegar-a-1-250-participantes\/"},"author":{"name":"La Gu\u00eda de Pamplona","@id":"https:\/\/www.laguiadepamplona.com\/actualidad\/#\/schema\/person\/efe887376f0213d4657c93adc50b1fdb"},"headline":"El Campeonato de Europa de Cubo de Rubik que se celebrar\u00e1 en julio en Pamplona ampl\u00eda plazas hasta llegar a 1.250 participantes","datePublished":"2024-02-08T16:04:26+00:00","mainEntityOfPage":{"@id":"https:\/\/www.laguiadepamplona.com\/actualidad\/el-campeonato-de-europa-de-cubo-de-rubik-que-se-celebrara-en-julio-en-pamplona-amplia-plazas-hasta-llegar-a-1-250-participantes\/"},"wordCount":592,"commentCount":0,"publisher":{"@id":"https:\/\/www.laguiadepamplona.com\/actualidad\/#organization"},"image":{"@id":"https:\/\/www.laguiadepamplona.com\/actualidad\/el-campeonato-de-europa-de-cubo-de-rubik-que-se-celebrara-en-julio-en-pamplona-amplia-plazas-hasta-llegar-a-1-250-participantes\/#primaryimage"},"thumbnailUrl":"https:\/\/www.laguiadepamplona.com\/actualidad\/wp-content\/uploads\/2022\/03\/cubo-rubik-juego.jpg","articleSection":["Ayto Pamplona"],"inLanguage":"es","potentialAction":[{"@type":"CommentAction","name":"Comment","target":["https:\/\/www.laguiadepamplona.com\/actualidad\/el-campeonato-de-europa-de-cubo-de-rubik-que-se-celebrara-en-julio-en-pamplona-amplia-plazas-hasta-llegar-a-1-250-participantes\/#respond"]}]},{"@type":"WebPage","@id":"https:\/\/www.laguiadepamplona.com\/actualidad\/el-campeonato-de-europa-de-cubo-de-rubik-que-se-celebrara-en-julio-en-pamplona-amplia-plazas-hasta-llegar-a-1-250-participantes\/","url":"https:\/\/www.laguiadepamplona.com\/actualidad\/el-campeonato-de-europa-de-cubo-de-rubik-que-se-celebrara-en-julio-en-pamplona-amplia-plazas-hasta-llegar-a-1-250-participantes\/","name":"El Campeonato de Europa de Cubo de Rubik que se celebrar\u00e1 en julio en Pamplona ampl\u00eda plazas hasta llegar a 1.250 participantes","isPartOf":{"@id":"https:\/\/www.laguiadepamplona.com\/actualidad\/#website"},"primaryImageOfPage":{"@id":"https:\/\/www.laguiadepamplona.com\/actualidad\/el-campeonato-de-europa-de-cubo-de-rubik-que-se-celebrara-en-julio-en-pamplona-amplia-plazas-hasta-llegar-a-1-250-participantes\/#primaryimage"},"image":{"@id":"https:\/\/www.laguiadepamplona.com\/actualidad\/el-campeonato-de-europa-de-cubo-de-rubik-que-se-celebrara-en-julio-en-pamplona-amplia-plazas-hasta-llegar-a-1-250-participantes\/#primaryimage"},"thumbnailUrl":"https:\/\/www.laguiadepamplona.com\/actualidad\/wp-content\/uploads\/2022\/03\/cubo-rubik-juego.jpg","datePublished":"2024-02-08T16:04:26+00:00","description":"Disponibles 250 nuevas plazas que se cubrir\u00e1n en orden de inscripci\u00f3n desde las 17 horas de hoy y 3.000 asientos m\u00e1s en el Arena para p\u00fablico","breadcrumb":{"@id":"https:\/\/www.laguiadepamplona.com\/actualidad\/el-campeonato-de-europa-de-cubo-de-rubik-que-se-celebrara-en-julio-en-pamplona-amplia-plazas-hasta-llegar-a-1-250-participantes\/#breadcrumb"},"inLanguage":"es","potentialAction":[{"@type":"ReadAction","target":["https:\/\/www.laguiadepamplona.com\/actualidad\/el-campeonato-de-europa-de-cubo-de-rubik-que-se-celebrara-en-julio-en-pamplona-amplia-plazas-hasta-llegar-a-1-250-participantes\/"]}]},{"@type":"ImageObject","inLanguage":"es","@id":"https:\/\/www.laguiadepamplona.com\/actualidad\/el-campeonato-de-europa-de-cubo-de-rubik-que-se-celebrara-en-julio-en-pamplona-amplia-plazas-hasta-llegar-a-1-250-participantes\/#primaryimage","url":"https:\/\/www.laguiadepamplona.com\/actualidad\/wp-content\/uploads\/2022\/03\/cubo-rubik-juego.jpg","contentUrl":"https:\/\/www.laguiadepamplona.com\/actualidad\/wp-content\/uploads\/2022\/03\/cubo-rubik-juego.jpg","width":1920,"height":1280,"caption":"cubo rubik"},{"@type":"BreadcrumbList","@id":"https:\/\/www.laguiadepamplona.com\/actualidad\/el-campeonato-de-europa-de-cubo-de-rubik-que-se-celebrara-en-julio-en-pamplona-amplia-plazas-hasta-llegar-a-1-250-participantes\/#breadcrumb","itemListElement":[{"@type":"ListItem","position":1,"name":"Portada","item":"https:\/\/www.laguiadepamplona.com\/actualidad\/"},{"@type":"ListItem","position":2,"name":"El Campeonato de Europa de Cubo de Rubik que se celebrar\u00e1 en julio en Pamplona ampl\u00eda plazas hasta llegar a 1.250 participantes"}]},{"@type":"WebSite","@id":"https:\/\/www.laguiadepamplona.com\/actualidad\/#website","url":"https:\/\/www.laguiadepamplona.com\/actualidad\/","name":"La gu\u00eda de Pamplona","description":"Noticias de Pamplona","publisher":{"@id":"https:\/\/www.laguiadepamplona.com\/actualidad\/#organization"},"potentialAction":[{"@type":"SearchAction","target":{"@type":"EntryPoint","urlTemplate":"https:\/\/www.laguiadepamplona.com\/actualidad\/?s={search_term_string}"},"query-input":{"@type":"PropertyValueSpecification","valueRequired":true,"valueName":"search_term_string"}}],"inLanguage":"es"},{"@type":"Organization","@id":"https:\/\/www.laguiadepamplona.com\/actualidad\/#organization","name":"La Gu\u00eda de Pamplona \/ Noticias","url":"https:\/\/www.laguiadepamplona.com\/actualidad\/","logo":{"@type":"ImageObject","inLanguage":"es","@id":"https:\/\/www.laguiadepamplona.com\/actualidad\/#\/schema\/logo\/image\/","url":"https:\/\/www.laguiadepamplona.com\/actualidad\/wp-content\/uploads\/2018\/11\/logo-laguiadepamplona18-web1.png","contentUrl":"https:\/\/www.laguiadepamplona.com\/actualidad\/wp-content\/uploads\/2018\/11\/logo-laguiadepamplona18-web1.png","width":600,"height":196,"caption":"La Gu\u00eda de Pamplona \/ Noticias"},"image":{"@id":"https:\/\/www.laguiadepamplona.com\/actualidad\/#\/schema\/logo\/image\/"},"sameAs":["https:\/\/www.facebook.com\/laguiadepamplonacom-133175176762273\/?ref=hl","https:\/\/x.com\/LaGuiadPamplona","https:\/\/www.instagram.com\/la_guia_de_pamplona\/","https:\/\/www.youtube.com\/user\/laguiadepamplona"]},{"@type":"Person","@id":"https:\/\/www.laguiadepamplona.com\/actualidad\/#\/schema\/person\/efe887376f0213d4657c93adc50b1fdb","name":"La Gu\u00eda de Pamplona","image":{"@type":"ImageObject","inLanguage":"es","@id":"https:\/\/secure.gravatar.com\/avatar\/b6992f131dc8d30ab0dff15446e9d346d9dbd95992de0fef795073f5ea83a81c?s=96&d=mm&r=g","url":"https:\/\/secure.gravatar.com\/avatar\/b6992f131dc8d30ab0dff15446e9d346d9dbd95992de0fef795073f5ea83a81c?s=96&d=mm&r=g","contentUrl":"https:\/\/secure.gravatar.com\/avatar\/b6992f131dc8d30ab0dff15446e9d346d9dbd95992de0fef795073f5ea83a81c?s=96&d=mm&r=g","caption":"La Gu\u00eda de Pamplona"}}]}},"post_mailing_queue_ids":[],"_links":{"self":[{"href":"https:\/\/www.laguiadepamplona.com\/actualidad\/wp-json\/wp\/v2\/posts\/48678","targetHints":{"allow":["GET"]}}],"collection":[{"href":"https:\/\/www.laguiadepamplona.com\/actualidad\/wp-json\/wp\/v2\/posts"}],"about":[{"href":"https:\/\/www.laguiadepamplona.com\/actualidad\/wp-json\/wp\/v2\/types\/post"}],"author":[{"embeddable":true,"href":"https:\/\/www.laguiadepamplona.com\/actualidad\/wp-json\/wp\/v2\/users\/1"}],"replies":[{"embeddable":true,"href":"https:\/\/www.laguiadepamplona.com\/actualidad\/wp-json\/wp\/v2\/comments?post=48678"}],"version-history":[{"count":1,"href":"https:\/\/www.laguiadepamplona.com\/actualidad\/wp-json\/wp\/v2\/posts\/48678\/revisions"}],"predecessor-version":[{"id":48679,"href":"https:\/\/www.laguiadepamplona.com\/actualidad\/wp-json\/wp\/v2\/posts\/48678\/revisions\/48679"}],"wp:featuredmedia":[{"embeddable":true,"href":"https:\/\/www.laguiadepamplona.com\/actualidad\/wp-json\/wp\/v2\/media\/39354"}],"wp:attachment":[{"href":"https:\/\/www.laguiadepamplona.com\/actualidad\/wp-json\/wp\/v2\/media?parent=48678"}],"wp:term":[{"taxonomy":"category","embeddable":true,"href":"https:\/\/www.laguiadepamplona.com\/actualidad\/wp-json\/wp\/v2\/categories?post=48678"},{"taxonomy":"post_tag","embeddable":true,"href":"https:\/\/www.laguiadepamplona.com\/actualidad\/wp-json\/wp\/v2\/tags?post=48678"}],"curies":[{"name":"wp","href":"https:\/\/api.w.org\/{rel}","templated":true}]}}