{"id":48668,"date":"2024-02-07T19:03:33","date_gmt":"2024-02-07T17:03:33","guid":{"rendered":"https:\/\/www.laguiadepamplona.com\/actualidad\/?p=48668"},"modified":"2024-02-07T19:03:33","modified_gmt":"2024-02-07T17:03:33","slug":"los-balcones-de-la-planta-noble-de-la-casa-consistorial-recuperan-su-aspecto-original-con-todos-los-leones-de-nuevo-en-color-dorado","status":"publish","type":"post","link":"https:\/\/www.laguiadepamplona.com\/actualidad\/los-balcones-de-la-planta-noble-de-la-casa-consistorial-recuperan-su-aspecto-original-con-todos-los-leones-de-nuevo-en-color-dorado\/","title":{"rendered":"Los balcones de la \u201cPlanta Noble\u201d de la Casa Consistorial recuperan su aspecto original, con todos los leones de nuevo en color dorado"},"content":{"rendered":"<h2>El Ayuntamiento de Pamplona ha restaurado los elementos de bronce, hierro y lat\u00f3n de la fachada, incluyendo los de la escultura de la \u2018La Justicia\u2019<\/h2>\n<p><!--more--><\/p>\n<p>Los nueve leones rampantes que protagonizan los tres balcones de la primera planta (\u201cPlanta Noble\u201d) de la Casa Consistorial, vuelven a ser dorados, como los otros 12 leones met\u00e1licos que completan el conjunto de la rejer\u00eda. Es la novedad m\u00e1s visible de la restauraci\u00f3n de los elementos de bronce, hierro y lat\u00f3n de la fachada que el Ayuntamiento de Pamplona encarg\u00f3 a la empresa CYR-PA, Conservaci\u00f3n y Restauraci\u00f3n del Patrimonio, y que se estuvo haciendo durante el mes de enero con ayuda de plataforma elevadora.<\/p>\n<p>En el transcurso del proceso de intervenci\u00f3n, el personal especializado recuper\u00f3 en la imagen de los animales, tres por balc\u00f3n, el sobredorado que se encontraba bajo el recubrimiento plateado. De esta forma, los 21 leones representados en metal en la fachada de la Casa Consistorial ya presentan un aspecto homog\u00e9neo.<br \/>\n<script async src=\"\/\/pagead2.googlesyndication.com\/pagead\/js\/adsbygoogle.js\"><\/script><br \/>\n<!-- Noticias La Guia de Pamplona --><br \/>\n<ins class=\"adsbygoogle\"\nstyle=\"display:block\"\ndata-ad-client=\"ca-pub-6943679897239327\"\ndata-ad-slot=\"7048180777\"\ndata-ad-format=\"auto\"><\/ins><br \/>\n<script>\n(adsbygoogle = window.adsbygoogle || []).push({});\n<\/script><br \/>\nLa fachada cuenta con dos balconadas, corrida la de la primera planta y con tres elementos voladizos la segunda. Las rejer\u00edas, de aspecto afrancesado, fueron dise\u00f1adas por el herrero Salvador de Ribas, tomando como referencia los modelos de ese pa\u00eds. Adem\u00e1s de las balconadas, las rejas de la portada y las ventanas de la planta baja, se han limpiado la espada `y el arco de la balanza de la escultura de \u2018La Justicia\u2019, que presentaban signos de oxidaci\u00f3n. La inversi\u00f3n ha sido de 11.816 euros.<\/p>\n<p>La fachada de la Casa Consistorial fue realizada entre 1755 y 1760, siguiendo los planos de los arquitectos Jos\u00e9 de Zay y Juan Lorenzo Catal\u00e1n con un completo programa escult\u00f3rico. La remodelaci\u00f3n del edificio que se realiz\u00f3 en 1952, seg\u00fan los planos de Jos\u00e9 Y\u00e1rnoz Orcoyen, dej\u00f3 intacta la fachada. A lo largo de los a\u00f1os la fachada ha sido sometida a distintos trabajos de consolidaci\u00f3n y mantenimiento, adem\u00e1s sucesivas intervenciones en pintura y barniz. La \u00faltima de ellas en 2022, cuando se trataron los elementos dorados de la balconada de la segunda planta.<br \/>\n<script async src=\"\/\/pagead2.googlesyndication.com\/pagead\/js\/adsbygoogle.js\"><\/script><br \/>\n<!-- Noticias La Guia de Pamplona --><br \/>\n<ins class=\"adsbygoogle\"\nstyle=\"display:block\"\ndata-ad-client=\"ca-pub-6943679897239327\"\ndata-ad-slot=\"7048180777\"\ndata-ad-format=\"auto\"><\/ins><br \/>\n<script>\n(adsbygoogle = window.adsbygoogle || []).push({});\n<\/script><br \/>\n<strong>Grado 2 de catalogaci\u00f3n<\/strong><\/p>\n<p>Dada la antig\u00fcedad de los elementos met\u00e1licos que se han restaurado, su car\u00e1cter art\u00edstico y el estilo en la que se fabricaron, se consideran es una obra de valor hist\u00f3rico y, por tanto, est\u00e1n catalogados como grado 2 de protecci\u00f3n en el Plan Especial de Protecci\u00f3n y Reforma Interior (P.E.P.R.I.) del Casco Antiguo de Pamplona. Por ese motivo la restauraci\u00f3n de los elementos de bronce, hierro y lat\u00f3n que se realiz\u00f3 el mes pasado los han hecho especialistas con acreditada experiencia en proyectos similares y siguiendo las indicaciones de la Direcci\u00f3n General de Cultura &#8211; Instituci\u00f3n Pr\u00edncipe de Viana.<\/p>\n<p>Los trabajos de restauraci\u00f3n han variado en funci\u00f3n del tipo de elemento. As\u00ed, por ejemplo, en los elementos met\u00e1licos sin revestimiento, como los bronces que rematan las balconadas, se ha hecho un proceso de limpieza qu\u00edmica para eliminar suciedad y p\u00e1tinas irregulares, tras lo que se ha aplicado una capa protectora. En las superficies pintadas, sobre todo, balcones y rejas, se han retirado los restos levantados y se han repintado con acabado en protector de \u00f3xido con alto nivel de resistencia. La empresa encargada del pintado ha sido Matiz Aplicaciones SL.<br \/>\n<script async src=\"\/\/pagead2.googlesyndication.com\/pagead\/js\/adsbygoogle.js\"><\/script><br \/>\n<!-- Noticias La Guia de Pamplona --><br \/>\n<ins class=\"adsbygoogle\"\nstyle=\"display:block\"\ndata-ad-client=\"ca-pub-6943679897239327\"\ndata-ad-slot=\"7048180777\"\ndata-ad-format=\"auto\"><\/ins><br \/>\n<script>\n(adsbygoogle = window.adsbygoogle || []).push({});\n<\/script><br \/>\n<strong>21 leones met\u00e1licos y cuatro en piedra<\/strong><\/p>\n<p>La fachada de la Casa Consistorial hay 25 representaciones del le\u00f3n que protagoniza el escudo de la ciudad. De ellas 21 se disponen en las rejas de los balcones, 9 por planta. Otras cuatro est\u00e1n labradas o esculpidas en piedra. Tres se encuentran sobre el remate: los dos leones exentos que sujetan los escudos de Navarra y Pamplona y, en este \u00faltimo elemento, un le\u00f3n en relieve. Adem\u00e1s, sobre el dintel de la puerta principal, en el centro del arco que la enmarca, se puede ver un medall\u00f3n en piedra con el escudo de la ciudad, en el que se inscribe de nuevo la figura de un le\u00f3n.<\/p>\n<p>En esta intervenci\u00f3n se ha actuado sobre los 21 leones met\u00e1licos y se ha hecho en profundidad. En la limpieza se ha recuperado el dorado original de los 9 leones de la primera planta, fijando la decoraci\u00f3n mediante la aplicaci\u00f3n de una resina acr\u00edlica, y la reintegraci\u00f3n a base de mica y resina acr\u00edlica. Adem\u00e1s, se ha realizado el saneado general de la superficie, tratando los puntos de oxidaci\u00f3n detectados y acabando con imprimaci\u00f3n sobre el conjunto de representaciones de animales.<\/p>\n<p>Una de las curiosidades de su dise\u00f1o es que los leones representados, que conforme a la descripci\u00f3n del escudo de la ciudad que se realiza en el Privilegio de la Uni\u00f3n de Carlos III el Noble deber\u00edan ser pasantes (tres patas en el suelo y una levantada), est\u00e1n representados como rampantes (dos patas en el suelo y dos levantadas, en posici\u00f3n totalmente vertical).<br \/>\n<script async src=\"\/\/pagead2.googlesyndication.com\/pagead\/js\/adsbygoogle.js\"><\/script><br \/>\n<!-- Noticias La Guia de Pamplona --><br \/>\n<ins class=\"adsbygoogle\"\nstyle=\"display:block\"\ndata-ad-client=\"ca-pub-6943679897239327\"\ndata-ad-slot=\"7048180777\"\ndata-ad-format=\"auto\"><\/ins><br \/>\n<script>\n(adsbygoogle = window.adsbygoogle || []).push({});\n<\/script><br \/>\n<strong>La espada de \u2018La Justicia\u2019<\/strong><\/p>\n<p>Tambi\u00e9n se han intervenido los elementos met\u00e1licos de una de las dos esculturas que flanquean la puerta de entrada a la Casa Consistorial: \u2018La Justicia\u2019, obra de Jos\u00e9 Jim\u00e9nez como el resto del repertorio escult\u00f3rico de fachada del Ayuntamiento: los \u2018H\u00e9rcules\u2019, la alegor\u00eda de \u2018La Fama\u2019 y los escudos de Navarra y Pamplona (todos ellos en el \u00e1tico), adem\u00e1s de la imagen de \u2018La Prudencia\u2019 (al otro lado de la puerta principal).<\/p>\n<p>Esa escultura sujeta dos elementos met\u00e1licos, el arco de una balanza de platillos y una espada, que presentaban oxidaciones activas. El personal especializado ha realizado sobre ellos un tratamiento de limpieza, eliminaci\u00f3n mec\u00e1nica del \u00f3xido e inhibici\u00f3n, para despu\u00e9s aplicar una pel\u00edcula protectora de resina y cera microcristalina. La estatua de \u2018La Justicia\u2019 ha sido objeto de diversas intervenciones desde su colocaci\u00f3n en la d\u00e9cada de los a\u00f1os 50 del siglo XVIII en la fachada del nuevo Ayuntamiento, dado que la obra est\u00e1 a la intemperie y a pie de calle, por lo que sufre el deterioro de la climatolog\u00eda y el vandalismo.<\/p>\n<p>La intervenci\u00f3n m\u00e1s importante sobre sus elementos met\u00e1licos se realiz\u00f3 entre 2007 y 2008. Entonces de la espada original s\u00f3lo quedaba la empu\u00f1adura de piedra sujeta por la mano derecha de la imagen ya que, desde 1993, este elemento hab\u00eda desaparecido. El otro elemento caracter\u00edstico de esta alegor\u00eda, la balanza (en a mano izquierda), se manten\u00eda, aunque su arco, que no era el original, estaba desmontado (oxidado y desprendido).<br \/>\n<script async src=\"\/\/pagead2.googlesyndication.com\/pagead\/js\/adsbygoogle.js\"><\/script><br \/>\n<!-- Noticias La Guia de Pamplona --><br \/>\n<ins class=\"adsbygoogle\"\nstyle=\"display:block\"\ndata-ad-client=\"ca-pub-6943679897239327\"\ndata-ad-slot=\"7048180777\"\ndata-ad-format=\"auto\"><\/ins><br \/>\n<script>\n(adsbygoogle = window.adsbygoogle || []).push({});\n<\/script><br \/>\nLa hoja y la guarda (el elemento protector de la mano que se inserta trasversal entre el pu\u00f1o y la hoja de la espada) ahora intervenidas, son forjas nuevas realizadas en hierro por los Talleres de Forja de Juanto (Sang\u00fcesa), un taller especializado en forja tradicional. Para hacerlo posible en 2007 la empresa de restauraci\u00f3n La Catedral, realiz\u00f3 una de investigaci\u00f3n sobre la tipolog\u00eda de estas armas en la Edad Media. Guarda y hoja tienen 80 cent\u00edmetros de longitud. La hoja, que est\u00e1 deliberadamente despuntada, tiene una forma de l\u00edneas planas con un leve engrosamiento en la zona central.<\/p>\n","protected":false},"excerpt":{"rendered":"<p>El Ayuntamiento de Pamplona ha restaurado los elementos de bronce, hierro y lat\u00f3n de la fachada, incluyendo los de la escultura de la \u2018La Justicia\u2019<\/p>\n","protected":false},"author":1,"featured_media":48669,"comment_status":"open","ping_status":"closed","sticky":false,"template":"","format":"standard","meta":{"footnotes":""},"categories":[2],"tags":[],"class_list":["post-48668","post","type-post","status-publish","format-standard","has-post-thumbnail","hentry","category-ayuntamiento-pamplona"],"yoast_head":"<!-- This site is optimized with the Yoast SEO plugin v27.3 - https:\/\/yoast.com\/product\/yoast-seo-wordpress\/ -->\n<title>Los balcones de la \u201cPlanta Noble\u201d de la Casa Consistorial recuperan su aspecto original, con todos los leones de nuevo en color dorado<\/title>\n<meta name=\"description\" content=\"El Ayuntamiento de Pamplona ha restaurado los elementos de bronce, hierro y lat\u00f3n de la fachada, incluyendo los de la escultura de la \u2018La Justicia\u2019\" \/>\n<meta name=\"robots\" content=\"index, follow, max-snippet:-1, max-image-preview:large, max-video-preview:-1\" \/>\n<link rel=\"canonical\" href=\"https:\/\/www.laguiadepamplona.com\/actualidad\/los-balcones-de-la-planta-noble-de-la-casa-consistorial-recuperan-su-aspecto-original-con-todos-los-leones-de-nuevo-en-color-dorado\/\" \/>\n<meta property=\"og:locale\" content=\"es_ES\" \/>\n<meta property=\"og:type\" content=\"article\" \/>\n<meta property=\"og:title\" content=\"Los balcones de la \u201cPlanta Noble\u201d de la Casa Consistorial recuperan su aspecto original, con todos los leones de nuevo en color dorado\" \/>\n<meta property=\"og:description\" content=\"El Ayuntamiento de Pamplona ha restaurado los elementos de bronce, hierro y lat\u00f3n de la fachada, incluyendo los de la escultura de la \u2018La Justicia\u2019\" \/>\n<meta property=\"og:url\" content=\"https:\/\/www.laguiadepamplona.com\/actualidad\/los-balcones-de-la-planta-noble-de-la-casa-consistorial-recuperan-su-aspecto-original-con-todos-los-leones-de-nuevo-en-color-dorado\/\" \/>\n<meta property=\"og:site_name\" content=\"La Gu\u00eda de Pamplona\" \/>\n<meta property=\"article:publisher\" content=\"https:\/\/www.facebook.com\/laguiadepamplonacom-133175176762273\/?ref=hl\" \/>\n<meta property=\"article:published_time\" content=\"2024-02-07T17:03:33+00:00\" \/>\n<meta property=\"og:image\" content=\"https:\/\/www.laguiadepamplona.com\/actualidad\/wp-content\/uploads\/2024\/02\/240207fachadaaytoq5a8455.webp\" \/>\n\t<meta property=\"og:image:width\" content=\"1200\" \/>\n\t<meta property=\"og:image:height\" content=\"800\" \/>\n\t<meta property=\"og:image:type\" content=\"image\/webp\" \/>\n<meta name=\"author\" content=\"La Gu\u00eda de Pamplona\" \/>\n<meta name=\"twitter:card\" content=\"summary_large_image\" \/>\n<meta name=\"twitter:creator\" content=\"@LaGuiadPamplona\" \/>\n<meta name=\"twitter:site\" content=\"@LaGuiadPamplona\" \/>\n<meta name=\"twitter:label1\" content=\"Escrito por\" \/>\n\t<meta name=\"twitter:data1\" content=\"La Gu\u00eda de Pamplona\" \/>\n\t<meta name=\"twitter:label2\" content=\"Tiempo de lectura\" \/>\n\t<meta name=\"twitter:data2\" content=\"6 minutos\" \/>\n<script type=\"application\/ld+json\" class=\"yoast-schema-graph\">{\"@context\":\"https:\\\/\\\/schema.org\",\"@graph\":[{\"@type\":\"Article\",\"@id\":\"https:\\\/\\\/www.laguiadepamplona.com\\\/actualidad\\\/los-balcones-de-la-planta-noble-de-la-casa-consistorial-recuperan-su-aspecto-original-con-todos-los-leones-de-nuevo-en-color-dorado\\\/#article\",\"isPartOf\":{\"@id\":\"https:\\\/\\\/www.laguiadepamplona.com\\\/actualidad\\\/los-balcones-de-la-planta-noble-de-la-casa-consistorial-recuperan-su-aspecto-original-con-todos-los-leones-de-nuevo-en-color-dorado\\\/\"},\"author\":{\"name\":\"La Gu\u00eda de Pamplona\",\"@id\":\"https:\\\/\\\/www.laguiadepamplona.com\\\/actualidad\\\/#\\\/schema\\\/person\\\/efe887376f0213d4657c93adc50b1fdb\"},\"headline\":\"Los balcones de la \u201cPlanta Noble\u201d de la Casa Consistorial recuperan su aspecto original, con todos los leones de nuevo en color dorado\",\"datePublished\":\"2024-02-07T17:03:33+00:00\",\"mainEntityOfPage\":{\"@id\":\"https:\\\/\\\/www.laguiadepamplona.com\\\/actualidad\\\/los-balcones-de-la-planta-noble-de-la-casa-consistorial-recuperan-su-aspecto-original-con-todos-los-leones-de-nuevo-en-color-dorado\\\/\"},\"wordCount\":1246,\"commentCount\":0,\"publisher\":{\"@id\":\"https:\\\/\\\/www.laguiadepamplona.com\\\/actualidad\\\/#organization\"},\"image\":{\"@id\":\"https:\\\/\\\/www.laguiadepamplona.com\\\/actualidad\\\/los-balcones-de-la-planta-noble-de-la-casa-consistorial-recuperan-su-aspecto-original-con-todos-los-leones-de-nuevo-en-color-dorado\\\/#primaryimage\"},\"thumbnailUrl\":\"https:\\\/\\\/www.laguiadepamplona.com\\\/actualidad\\\/wp-content\\\/uploads\\\/2024\\\/02\\\/240207fachadaaytoq5a8455.webp\",\"articleSection\":[\"Ayto Pamplona\"],\"inLanguage\":\"es\",\"potentialAction\":[{\"@type\":\"CommentAction\",\"name\":\"Comment\",\"target\":[\"https:\\\/\\\/www.laguiadepamplona.com\\\/actualidad\\\/los-balcones-de-la-planta-noble-de-la-casa-consistorial-recuperan-su-aspecto-original-con-todos-los-leones-de-nuevo-en-color-dorado\\\/#respond\"]}]},{\"@type\":\"WebPage\",\"@id\":\"https:\\\/\\\/www.laguiadepamplona.com\\\/actualidad\\\/los-balcones-de-la-planta-noble-de-la-casa-consistorial-recuperan-su-aspecto-original-con-todos-los-leones-de-nuevo-en-color-dorado\\\/\",\"url\":\"https:\\\/\\\/www.laguiadepamplona.com\\\/actualidad\\\/los-balcones-de-la-planta-noble-de-la-casa-consistorial-recuperan-su-aspecto-original-con-todos-los-leones-de-nuevo-en-color-dorado\\\/\",\"name\":\"Los balcones de la \u201cPlanta Noble\u201d de la Casa Consistorial recuperan su aspecto original, con todos los leones de nuevo en color dorado\",\"isPartOf\":{\"@id\":\"https:\\\/\\\/www.laguiadepamplona.com\\\/actualidad\\\/#website\"},\"primaryImageOfPage\":{\"@id\":\"https:\\\/\\\/www.laguiadepamplona.com\\\/actualidad\\\/los-balcones-de-la-planta-noble-de-la-casa-consistorial-recuperan-su-aspecto-original-con-todos-los-leones-de-nuevo-en-color-dorado\\\/#primaryimage\"},\"image\":{\"@id\":\"https:\\\/\\\/www.laguiadepamplona.com\\\/actualidad\\\/los-balcones-de-la-planta-noble-de-la-casa-consistorial-recuperan-su-aspecto-original-con-todos-los-leones-de-nuevo-en-color-dorado\\\/#primaryimage\"},\"thumbnailUrl\":\"https:\\\/\\\/www.laguiadepamplona.com\\\/actualidad\\\/wp-content\\\/uploads\\\/2024\\\/02\\\/240207fachadaaytoq5a8455.webp\",\"datePublished\":\"2024-02-07T17:03:33+00:00\",\"description\":\"El Ayuntamiento de Pamplona ha restaurado los elementos de bronce, hierro y lat\u00f3n de la fachada, incluyendo los de la escultura de la \u2018La Justicia\u2019\",\"breadcrumb\":{\"@id\":\"https:\\\/\\\/www.laguiadepamplona.com\\\/actualidad\\\/los-balcones-de-la-planta-noble-de-la-casa-consistorial-recuperan-su-aspecto-original-con-todos-los-leones-de-nuevo-en-color-dorado\\\/#breadcrumb\"},\"inLanguage\":\"es\",\"potentialAction\":[{\"@type\":\"ReadAction\",\"target\":[\"https:\\\/\\\/www.laguiadepamplona.com\\\/actualidad\\\/los-balcones-de-la-planta-noble-de-la-casa-consistorial-recuperan-su-aspecto-original-con-todos-los-leones-de-nuevo-en-color-dorado\\\/\"]}]},{\"@type\":\"ImageObject\",\"inLanguage\":\"es\",\"@id\":\"https:\\\/\\\/www.laguiadepamplona.com\\\/actualidad\\\/los-balcones-de-la-planta-noble-de-la-casa-consistorial-recuperan-su-aspecto-original-con-todos-los-leones-de-nuevo-en-color-dorado\\\/#primaryimage\",\"url\":\"https:\\\/\\\/www.laguiadepamplona.com\\\/actualidad\\\/wp-content\\\/uploads\\\/2024\\\/02\\\/240207fachadaaytoq5a8455.webp\",\"contentUrl\":\"https:\\\/\\\/www.laguiadepamplona.com\\\/actualidad\\\/wp-content\\\/uploads\\\/2024\\\/02\\\/240207fachadaaytoq5a8455.webp\",\"width\":1200,\"height\":800,\"caption\":\"fachada ayuntamiento pamplona\"},{\"@type\":\"BreadcrumbList\",\"@id\":\"https:\\\/\\\/www.laguiadepamplona.com\\\/actualidad\\\/los-balcones-de-la-planta-noble-de-la-casa-consistorial-recuperan-su-aspecto-original-con-todos-los-leones-de-nuevo-en-color-dorado\\\/#breadcrumb\",\"itemListElement\":[{\"@type\":\"ListItem\",\"position\":1,\"name\":\"Portada\",\"item\":\"https:\\\/\\\/www.laguiadepamplona.com\\\/actualidad\\\/\"},{\"@type\":\"ListItem\",\"position\":2,\"name\":\"Los balcones de la \u201cPlanta Noble\u201d de la Casa Consistorial recuperan su aspecto original, con todos los leones de nuevo en color dorado\"}]},{\"@type\":\"WebSite\",\"@id\":\"https:\\\/\\\/www.laguiadepamplona.com\\\/actualidad\\\/#website\",\"url\":\"https:\\\/\\\/www.laguiadepamplona.com\\\/actualidad\\\/\",\"name\":\"La gu\u00eda de Pamplona\",\"description\":\"Noticias de Pamplona\",\"publisher\":{\"@id\":\"https:\\\/\\\/www.laguiadepamplona.com\\\/actualidad\\\/#organization\"},\"potentialAction\":[{\"@type\":\"SearchAction\",\"target\":{\"@type\":\"EntryPoint\",\"urlTemplate\":\"https:\\\/\\\/www.laguiadepamplona.com\\\/actualidad\\\/?s={search_term_string}\"},\"query-input\":{\"@type\":\"PropertyValueSpecification\",\"valueRequired\":true,\"valueName\":\"search_term_string\"}}],\"inLanguage\":\"es\"},{\"@type\":\"Organization\",\"@id\":\"https:\\\/\\\/www.laguiadepamplona.com\\\/actualidad\\\/#organization\",\"name\":\"La Gu\u00eda de Pamplona \\\/ Noticias\",\"url\":\"https:\\\/\\\/www.laguiadepamplona.com\\\/actualidad\\\/\",\"logo\":{\"@type\":\"ImageObject\",\"inLanguage\":\"es\",\"@id\":\"https:\\\/\\\/www.laguiadepamplona.com\\\/actualidad\\\/#\\\/schema\\\/logo\\\/image\\\/\",\"url\":\"https:\\\/\\\/www.laguiadepamplona.com\\\/actualidad\\\/wp-content\\\/uploads\\\/2018\\\/11\\\/logo-laguiadepamplona18-web1.png\",\"contentUrl\":\"https:\\\/\\\/www.laguiadepamplona.com\\\/actualidad\\\/wp-content\\\/uploads\\\/2018\\\/11\\\/logo-laguiadepamplona18-web1.png\",\"width\":600,\"height\":196,\"caption\":\"La Gu\u00eda de Pamplona \\\/ Noticias\"},\"image\":{\"@id\":\"https:\\\/\\\/www.laguiadepamplona.com\\\/actualidad\\\/#\\\/schema\\\/logo\\\/image\\\/\"},\"sameAs\":[\"https:\\\/\\\/www.facebook.com\\\/laguiadepamplonacom-133175176762273\\\/?ref=hl\",\"https:\\\/\\\/x.com\\\/LaGuiadPamplona\",\"https:\\\/\\\/www.instagram.com\\\/la_guia_de_pamplona\\\/\",\"https:\\\/\\\/www.youtube.com\\\/user\\\/laguiadepamplona\"]},{\"@type\":\"Person\",\"@id\":\"https:\\\/\\\/www.laguiadepamplona.com\\\/actualidad\\\/#\\\/schema\\\/person\\\/efe887376f0213d4657c93adc50b1fdb\",\"name\":\"La Gu\u00eda de Pamplona\",\"image\":{\"@type\":\"ImageObject\",\"inLanguage\":\"es\",\"@id\":\"https:\\\/\\\/secure.gravatar.com\\\/avatar\\\/b6992f131dc8d30ab0dff15446e9d346d9dbd95992de0fef795073f5ea83a81c?s=96&d=mm&r=g\",\"url\":\"https:\\\/\\\/secure.gravatar.com\\\/avatar\\\/b6992f131dc8d30ab0dff15446e9d346d9dbd95992de0fef795073f5ea83a81c?s=96&d=mm&r=g\",\"contentUrl\":\"https:\\\/\\\/secure.gravatar.com\\\/avatar\\\/b6992f131dc8d30ab0dff15446e9d346d9dbd95992de0fef795073f5ea83a81c?s=96&d=mm&r=g\",\"caption\":\"La Gu\u00eda de Pamplona\"}}]}<\/script>\n<!-- \/ Yoast SEO plugin. -->","yoast_head_json":{"title":"Los balcones de la \u201cPlanta Noble\u201d de la Casa Consistorial recuperan su aspecto original, con todos los leones de nuevo en color dorado","description":"El Ayuntamiento de Pamplona ha restaurado los elementos de bronce, hierro y lat\u00f3n de la fachada, incluyendo los de la escultura de la \u2018La Justicia\u2019","robots":{"index":"index","follow":"follow","max-snippet":"max-snippet:-1","max-image-preview":"max-image-preview:large","max-video-preview":"max-video-preview:-1"},"canonical":"https:\/\/www.laguiadepamplona.com\/actualidad\/los-balcones-de-la-planta-noble-de-la-casa-consistorial-recuperan-su-aspecto-original-con-todos-los-leones-de-nuevo-en-color-dorado\/","og_locale":"es_ES","og_type":"article","og_title":"Los balcones de la \u201cPlanta Noble\u201d de la Casa Consistorial recuperan su aspecto original, con todos los leones de nuevo en color dorado","og_description":"El Ayuntamiento de Pamplona ha restaurado los elementos de bronce, hierro y lat\u00f3n de la fachada, incluyendo los de la escultura de la \u2018La Justicia\u2019","og_url":"https:\/\/www.laguiadepamplona.com\/actualidad\/los-balcones-de-la-planta-noble-de-la-casa-consistorial-recuperan-su-aspecto-original-con-todos-los-leones-de-nuevo-en-color-dorado\/","og_site_name":"La Gu\u00eda de Pamplona","article_publisher":"https:\/\/www.facebook.com\/laguiadepamplonacom-133175176762273\/?ref=hl","article_published_time":"2024-02-07T17:03:33+00:00","og_image":[{"width":1200,"height":800,"url":"https:\/\/www.laguiadepamplona.com\/actualidad\/wp-content\/uploads\/2024\/02\/240207fachadaaytoq5a8455.webp","type":"image\/webp"}],"author":"La Gu\u00eda de Pamplona","twitter_card":"summary_large_image","twitter_creator":"@LaGuiadPamplona","twitter_site":"@LaGuiadPamplona","twitter_misc":{"Escrito por":"La Gu\u00eda de Pamplona","Tiempo de lectura":"6 minutos"},"schema":{"@context":"https:\/\/schema.org","@graph":[{"@type":"Article","@id":"https:\/\/www.laguiadepamplona.com\/actualidad\/los-balcones-de-la-planta-noble-de-la-casa-consistorial-recuperan-su-aspecto-original-con-todos-los-leones-de-nuevo-en-color-dorado\/#article","isPartOf":{"@id":"https:\/\/www.laguiadepamplona.com\/actualidad\/los-balcones-de-la-planta-noble-de-la-casa-consistorial-recuperan-su-aspecto-original-con-todos-los-leones-de-nuevo-en-color-dorado\/"},"author":{"name":"La Gu\u00eda de Pamplona","@id":"https:\/\/www.laguiadepamplona.com\/actualidad\/#\/schema\/person\/efe887376f0213d4657c93adc50b1fdb"},"headline":"Los balcones de la \u201cPlanta Noble\u201d de la Casa Consistorial recuperan su aspecto original, con todos los leones de nuevo en color dorado","datePublished":"2024-02-07T17:03:33+00:00","mainEntityOfPage":{"@id":"https:\/\/www.laguiadepamplona.com\/actualidad\/los-balcones-de-la-planta-noble-de-la-casa-consistorial-recuperan-su-aspecto-original-con-todos-los-leones-de-nuevo-en-color-dorado\/"},"wordCount":1246,"commentCount":0,"publisher":{"@id":"https:\/\/www.laguiadepamplona.com\/actualidad\/#organization"},"image":{"@id":"https:\/\/www.laguiadepamplona.com\/actualidad\/los-balcones-de-la-planta-noble-de-la-casa-consistorial-recuperan-su-aspecto-original-con-todos-los-leones-de-nuevo-en-color-dorado\/#primaryimage"},"thumbnailUrl":"https:\/\/www.laguiadepamplona.com\/actualidad\/wp-content\/uploads\/2024\/02\/240207fachadaaytoq5a8455.webp","articleSection":["Ayto Pamplona"],"inLanguage":"es","potentialAction":[{"@type":"CommentAction","name":"Comment","target":["https:\/\/www.laguiadepamplona.com\/actualidad\/los-balcones-de-la-planta-noble-de-la-casa-consistorial-recuperan-su-aspecto-original-con-todos-los-leones-de-nuevo-en-color-dorado\/#respond"]}]},{"@type":"WebPage","@id":"https:\/\/www.laguiadepamplona.com\/actualidad\/los-balcones-de-la-planta-noble-de-la-casa-consistorial-recuperan-su-aspecto-original-con-todos-los-leones-de-nuevo-en-color-dorado\/","url":"https:\/\/www.laguiadepamplona.com\/actualidad\/los-balcones-de-la-planta-noble-de-la-casa-consistorial-recuperan-su-aspecto-original-con-todos-los-leones-de-nuevo-en-color-dorado\/","name":"Los balcones de la \u201cPlanta Noble\u201d de la Casa Consistorial recuperan su aspecto original, con todos los leones de nuevo en color dorado","isPartOf":{"@id":"https:\/\/www.laguiadepamplona.com\/actualidad\/#website"},"primaryImageOfPage":{"@id":"https:\/\/www.laguiadepamplona.com\/actualidad\/los-balcones-de-la-planta-noble-de-la-casa-consistorial-recuperan-su-aspecto-original-con-todos-los-leones-de-nuevo-en-color-dorado\/#primaryimage"},"image":{"@id":"https:\/\/www.laguiadepamplona.com\/actualidad\/los-balcones-de-la-planta-noble-de-la-casa-consistorial-recuperan-su-aspecto-original-con-todos-los-leones-de-nuevo-en-color-dorado\/#primaryimage"},"thumbnailUrl":"https:\/\/www.laguiadepamplona.com\/actualidad\/wp-content\/uploads\/2024\/02\/240207fachadaaytoq5a8455.webp","datePublished":"2024-02-07T17:03:33+00:00","description":"El Ayuntamiento de Pamplona ha restaurado los elementos de bronce, hierro y lat\u00f3n de la fachada, incluyendo los de la escultura de la \u2018La Justicia\u2019","breadcrumb":{"@id":"https:\/\/www.laguiadepamplona.com\/actualidad\/los-balcones-de-la-planta-noble-de-la-casa-consistorial-recuperan-su-aspecto-original-con-todos-los-leones-de-nuevo-en-color-dorado\/#breadcrumb"},"inLanguage":"es","potentialAction":[{"@type":"ReadAction","target":["https:\/\/www.laguiadepamplona.com\/actualidad\/los-balcones-de-la-planta-noble-de-la-casa-consistorial-recuperan-su-aspecto-original-con-todos-los-leones-de-nuevo-en-color-dorado\/"]}]},{"@type":"ImageObject","inLanguage":"es","@id":"https:\/\/www.laguiadepamplona.com\/actualidad\/los-balcones-de-la-planta-noble-de-la-casa-consistorial-recuperan-su-aspecto-original-con-todos-los-leones-de-nuevo-en-color-dorado\/#primaryimage","url":"https:\/\/www.laguiadepamplona.com\/actualidad\/wp-content\/uploads\/2024\/02\/240207fachadaaytoq5a8455.webp","contentUrl":"https:\/\/www.laguiadepamplona.com\/actualidad\/wp-content\/uploads\/2024\/02\/240207fachadaaytoq5a8455.webp","width":1200,"height":800,"caption":"fachada ayuntamiento pamplona"},{"@type":"BreadcrumbList","@id":"https:\/\/www.laguiadepamplona.com\/actualidad\/los-balcones-de-la-planta-noble-de-la-casa-consistorial-recuperan-su-aspecto-original-con-todos-los-leones-de-nuevo-en-color-dorado\/#breadcrumb","itemListElement":[{"@type":"ListItem","position":1,"name":"Portada","item":"https:\/\/www.laguiadepamplona.com\/actualidad\/"},{"@type":"ListItem","position":2,"name":"Los balcones de la \u201cPlanta Noble\u201d de la Casa Consistorial recuperan su aspecto original, con todos los leones de nuevo en color dorado"}]},{"@type":"WebSite","@id":"https:\/\/www.laguiadepamplona.com\/actualidad\/#website","url":"https:\/\/www.laguiadepamplona.com\/actualidad\/","name":"La gu\u00eda de Pamplona","description":"Noticias de Pamplona","publisher":{"@id":"https:\/\/www.laguiadepamplona.com\/actualidad\/#organization"},"potentialAction":[{"@type":"SearchAction","target":{"@type":"EntryPoint","urlTemplate":"https:\/\/www.laguiadepamplona.com\/actualidad\/?s={search_term_string}"},"query-input":{"@type":"PropertyValueSpecification","valueRequired":true,"valueName":"search_term_string"}}],"inLanguage":"es"},{"@type":"Organization","@id":"https:\/\/www.laguiadepamplona.com\/actualidad\/#organization","name":"La Gu\u00eda de Pamplona \/ Noticias","url":"https:\/\/www.laguiadepamplona.com\/actualidad\/","logo":{"@type":"ImageObject","inLanguage":"es","@id":"https:\/\/www.laguiadepamplona.com\/actualidad\/#\/schema\/logo\/image\/","url":"https:\/\/www.laguiadepamplona.com\/actualidad\/wp-content\/uploads\/2018\/11\/logo-laguiadepamplona18-web1.png","contentUrl":"https:\/\/www.laguiadepamplona.com\/actualidad\/wp-content\/uploads\/2018\/11\/logo-laguiadepamplona18-web1.png","width":600,"height":196,"caption":"La Gu\u00eda de Pamplona \/ Noticias"},"image":{"@id":"https:\/\/www.laguiadepamplona.com\/actualidad\/#\/schema\/logo\/image\/"},"sameAs":["https:\/\/www.facebook.com\/laguiadepamplonacom-133175176762273\/?ref=hl","https:\/\/x.com\/LaGuiadPamplona","https:\/\/www.instagram.com\/la_guia_de_pamplona\/","https:\/\/www.youtube.com\/user\/laguiadepamplona"]},{"@type":"Person","@id":"https:\/\/www.laguiadepamplona.com\/actualidad\/#\/schema\/person\/efe887376f0213d4657c93adc50b1fdb","name":"La Gu\u00eda de Pamplona","image":{"@type":"ImageObject","inLanguage":"es","@id":"https:\/\/secure.gravatar.com\/avatar\/b6992f131dc8d30ab0dff15446e9d346d9dbd95992de0fef795073f5ea83a81c?s=96&d=mm&r=g","url":"https:\/\/secure.gravatar.com\/avatar\/b6992f131dc8d30ab0dff15446e9d346d9dbd95992de0fef795073f5ea83a81c?s=96&d=mm&r=g","contentUrl":"https:\/\/secure.gravatar.com\/avatar\/b6992f131dc8d30ab0dff15446e9d346d9dbd95992de0fef795073f5ea83a81c?s=96&d=mm&r=g","caption":"La Gu\u00eda de Pamplona"}}]}},"post_mailing_queue_ids":[],"_links":{"self":[{"href":"https:\/\/www.laguiadepamplona.com\/actualidad\/wp-json\/wp\/v2\/posts\/48668","targetHints":{"allow":["GET"]}}],"collection":[{"href":"https:\/\/www.laguiadepamplona.com\/actualidad\/wp-json\/wp\/v2\/posts"}],"about":[{"href":"https:\/\/www.laguiadepamplona.com\/actualidad\/wp-json\/wp\/v2\/types\/post"}],"author":[{"embeddable":true,"href":"https:\/\/www.laguiadepamplona.com\/actualidad\/wp-json\/wp\/v2\/users\/1"}],"replies":[{"embeddable":true,"href":"https:\/\/www.laguiadepamplona.com\/actualidad\/wp-json\/wp\/v2\/comments?post=48668"}],"version-history":[{"count":1,"href":"https:\/\/www.laguiadepamplona.com\/actualidad\/wp-json\/wp\/v2\/posts\/48668\/revisions"}],"predecessor-version":[{"id":48670,"href":"https:\/\/www.laguiadepamplona.com\/actualidad\/wp-json\/wp\/v2\/posts\/48668\/revisions\/48670"}],"wp:featuredmedia":[{"embeddable":true,"href":"https:\/\/www.laguiadepamplona.com\/actualidad\/wp-json\/wp\/v2\/media\/48669"}],"wp:attachment":[{"href":"https:\/\/www.laguiadepamplona.com\/actualidad\/wp-json\/wp\/v2\/media?parent=48668"}],"wp:term":[{"taxonomy":"category","embeddable":true,"href":"https:\/\/www.laguiadepamplona.com\/actualidad\/wp-json\/wp\/v2\/categories?post=48668"},{"taxonomy":"post_tag","embeddable":true,"href":"https:\/\/www.laguiadepamplona.com\/actualidad\/wp-json\/wp\/v2\/tags?post=48668"}],"curies":[{"name":"wp","href":"https:\/\/api.w.org\/{rel}","templated":true}]}}