{"id":48638,"date":"2024-02-05T18:59:06","date_gmt":"2024-02-05T16:59:06","guid":{"rendered":"https:\/\/www.laguiadepamplona.com\/actualidad\/?p=48638"},"modified":"2024-02-05T18:59:08","modified_gmt":"2024-02-05T16:59:08","slug":"arrancan-las-inscripciones-para-la-tercera-edicion-del-certamen-pamplona-poetry-slam-joven","status":"publish","type":"post","link":"https:\/\/www.laguiadepamplona.com\/actualidad\/arrancan-las-inscripciones-para-la-tercera-edicion-del-certamen-pamplona-poetry-slam-joven\/","title":{"rendered":"Arrancan las inscripciones para la tercera edici\u00f3n del certamen Pamplona Poetry Slam Joven"},"content":{"rendered":"<h2>La Casa de la Juventud vuelve a acoger esta competici\u00f3n de poes\u00eda dirigida a j\u00f3venes de entre 12 a 30 a\u00f1os<\/h2>\n<p><!--more--><\/p>\n<p>La tercera edici\u00f3n del Pamplona Poetry Slam Joven vuelve este mes de febrero a la Casa de la Juventud. La competici\u00f3n de poes\u00eda, dirigida a j\u00f3venes de entre 12 y 30 a\u00f1os, se celebrar\u00e1 el pr\u00f3ximo d\u00eda 17, a las 18.30 horas. Las personas que quieran participar pueden inscribirse ya de forma presencial en la propia Casa de la Juventud o a trav\u00e9s del tel\u00e9fono 948233512. La entrada es libre, previa recogida de invitaci\u00f3n, que se repartir\u00e1n el d\u00eda anterior a la celebraci\u00f3n del certamen.<br \/>\n<script async src=\"\/\/pagead2.googlesyndication.com\/pagead\/js\/adsbygoogle.js\"><\/script><br \/>\n<!-- Noticias La Guia de Pamplona --><br \/>\n<ins class=\"adsbygoogle\"\nstyle=\"display:block\"\ndata-ad-client=\"ca-pub-6943679897239327\"\ndata-ad-slot=\"7048180777\"\ndata-ad-format=\"auto\"><\/ins><br \/>\n<script>\n(adsbygoogle = window.adsbygoogle || []).push({});\n<\/script><br \/>\nSe trata de una nueva forma de desarrollar la poes\u00eda, en un escenario y de forma teatral, que, junto con la m\u00fasica, completa un show pensando en el entretenimiento del p\u00fablico y el fomento de la poes\u00eda entre la juventud. En esta competici\u00f3n de poes\u00eda, los participantes deben defender sus poemas, que deben ser autor\u00eda propia y tem\u00e1tica libre, en un tiempo m\u00e1ximo de tres minutos. La puesta en escena debe seguir unas reglas. En este sentido, no est\u00e1 permitido el uso de disfraces ni atrezzo. Si la persona participante supera los tres minutos de tiempo ser\u00e1 penalizada.<\/p>\n<p>El evento estar\u00e1 guiado por Yoel Salda\u00f1a, presidente de la Asociaci\u00f3n Pamplona Poetry Slam. Este a\u00f1o, como novedad, se realizar\u00e1 una \u2018jam\u2019 po\u00e9tica musical (una sesi\u00f3n mixta de poes\u00eda y m\u00fasica) en colaboraci\u00f3n con la escuela de m\u00fasica More Than Jazz.<br \/>\n<script async src=\"\/\/pagead2.googlesyndication.com\/pagead\/js\/adsbygoogle.js\"><\/script><br \/>\n<!-- Noticias La Guia de Pamplona --><br \/>\n<ins class=\"adsbygoogle\"\nstyle=\"display:block\"\ndata-ad-client=\"ca-pub-6943679897239327\"\ndata-ad-slot=\"7048180777\"\ndata-ad-format=\"auto\"><\/ins><br \/>\n<script>\n(adsbygoogle = window.adsbygoogle || []).push({});\n<\/script><br \/>\n<strong>Ganadores elegidos por el p\u00fablico<\/strong><\/p>\n<p>Las personas ganadoras del certamen ser\u00e1n elegidas por un jurado que estar\u00e1 integrado por cinco miembros del p\u00fablico. Las tres personas que obtengan una mayor valoraci\u00f3n pasar\u00e1n a una segunda ronda, donde ser\u00e1n puntuadas de nuevo, resultando la m\u00e1s votada ganadora.<\/p>\n<p>La Asociaci\u00f3n Pamplona Poetry Slam naci\u00f3 como tal en 2021 para dar soporte a los eventos de Poetry Slam, que desde 2019 se llevan a cabo en la ciudad y fuera de ella. Forma parte de la asociaci\u00f3n nacional de Poetry Slam y el pasado octubre envi\u00f3 a la actual campeona, Ventura Ruiz, a la final nacional de este formato de poes\u00eda realizada en Granada.<br \/>\n<script async src=\"\/\/pagead2.googlesyndication.com\/pagead\/js\/adsbygoogle.js\"><\/script><br \/>\n<!-- Noticias La Guia de Pamplona --><br \/>\n<ins class=\"adsbygoogle\"\nstyle=\"display:block\"\ndata-ad-client=\"ca-pub-6943679897239327\"\ndata-ad-slot=\"7048180777\"\ndata-ad-format=\"auto\"><\/ins><br \/>\n<script>\n(adsbygoogle = window.adsbygoogle || []).push({});\n<\/script><br \/>\n&nbsp;<\/p>\n<h3>Pamplona Poetry Slam. 17 de Febrero. 18.30 horas. Casa de la Juventud<\/h3>\n<ul>\n<li>Para j\u00f3venes de 12 a 30 a\u00f1os<\/li>\n<li>Inscripci\u00f3n gratuita en la Casa de la Juventud o el tel\u00e9fono 948 233 512<\/li>\n<li>Los poemas deben ser de tem\u00e1tica libre y autor\u00eda propia. La puesta en escena deber\u00e1 hacerse sin disfraces ni atrezzo ni m\u00fasica, con una duraci\u00f3n m\u00e1xima de 3 minutos.<\/li>\n<\/ul>\n","protected":false},"excerpt":{"rendered":"<p>La Casa de la Juventud vuelve a acoger esta competici\u00f3n de poes\u00eda dirigida a j\u00f3venes de entre 12 a 30 a\u00f1os<\/p>\n","protected":false},"author":1,"featured_media":48639,"comment_status":"open","ping_status":"closed","sticky":false,"template":"","format":"standard","meta":{"footnotes":""},"categories":[2],"tags":[],"class_list":["post-48638","post","type-post","status-publish","format-standard","has-post-thumbnail","hentry","category-ayuntamiento-pamplona"],"yoast_head":"<!-- This site is optimized with the Yoast SEO plugin v27.5 - https:\/\/yoast.com\/product\/yoast-seo-wordpress\/ -->\n<title>Arrancan las inscripciones para la tercera edici\u00f3n del certamen Pamplona Poetry Slam Joven<\/title>\n<meta name=\"description\" content=\"La Casa de la Juventud vuelve a acoger esta competici\u00f3n de poes\u00eda dirigida a j\u00f3venes de entre 12 a 30 a\u00f1os\" \/>\n<meta name=\"robots\" content=\"index, follow, max-snippet:-1, max-image-preview:large, max-video-preview:-1\" \/>\n<link rel=\"canonical\" href=\"https:\/\/www.laguiadepamplona.com\/actualidad\/arrancan-las-inscripciones-para-la-tercera-edicion-del-certamen-pamplona-poetry-slam-joven\/\" \/>\n<meta property=\"og:locale\" content=\"es_ES\" \/>\n<meta property=\"og:type\" content=\"article\" \/>\n<meta property=\"og:title\" content=\"Arrancan las inscripciones para la tercera edici\u00f3n del certamen Pamplona Poetry Slam Joven\" \/>\n<meta property=\"og:description\" content=\"La Casa de la Juventud vuelve a acoger esta competici\u00f3n de poes\u00eda dirigida a j\u00f3venes de entre 12 a 30 a\u00f1os\" \/>\n<meta property=\"og:url\" content=\"https:\/\/www.laguiadepamplona.com\/actualidad\/arrancan-las-inscripciones-para-la-tercera-edicion-del-certamen-pamplona-poetry-slam-joven\/\" \/>\n<meta property=\"og:site_name\" content=\"La Gu\u00eda de Pamplona\" \/>\n<meta property=\"article:publisher\" content=\"https:\/\/www.facebook.com\/laguiadepamplonacom-133175176762273\/?ref=hl\" \/>\n<meta property=\"article:published_time\" content=\"2024-02-05T16:59:06+00:00\" \/>\n<meta property=\"article:modified_time\" content=\"2024-02-05T16:59:08+00:00\" \/>\n<meta property=\"og:image\" content=\"https:\/\/www.laguiadepamplona.com\/actualidad\/wp-content\/uploads\/2024\/02\/24.02.05_poetry_slam_castellano.webp\" \/>\n\t<meta property=\"og:image:width\" content=\"1080\" \/>\n\t<meta property=\"og:image:height\" content=\"1080\" \/>\n\t<meta property=\"og:image:type\" content=\"image\/webp\" \/>\n<meta name=\"author\" content=\"La Gu\u00eda de Pamplona\" \/>\n<meta name=\"twitter:card\" content=\"summary_large_image\" \/>\n<meta name=\"twitter:creator\" content=\"@LaGuiadPamplona\" \/>\n<meta name=\"twitter:site\" content=\"@LaGuiadPamplona\" \/>\n<meta name=\"twitter:label1\" content=\"Escrito por\" \/>\n\t<meta name=\"twitter:data1\" content=\"La Gu\u00eda de Pamplona\" \/>\n\t<meta name=\"twitter:label2\" content=\"Tiempo de lectura\" \/>\n\t<meta name=\"twitter:data2\" content=\"3 minutos\" \/>\n<script type=\"application\/ld+json\" class=\"yoast-schema-graph\">{\"@context\":\"https:\\\/\\\/schema.org\",\"@graph\":[{\"@type\":\"Article\",\"@id\":\"https:\\\/\\\/www.laguiadepamplona.com\\\/actualidad\\\/arrancan-las-inscripciones-para-la-tercera-edicion-del-certamen-pamplona-poetry-slam-joven\\\/#article\",\"isPartOf\":{\"@id\":\"https:\\\/\\\/www.laguiadepamplona.com\\\/actualidad\\\/arrancan-las-inscripciones-para-la-tercera-edicion-del-certamen-pamplona-poetry-slam-joven\\\/\"},\"author\":{\"name\":\"La Gu\u00eda de Pamplona\",\"@id\":\"https:\\\/\\\/www.laguiadepamplona.com\\\/actualidad\\\/#\\\/schema\\\/person\\\/efe887376f0213d4657c93adc50b1fdb\"},\"headline\":\"Arrancan las inscripciones para la tercera edici\u00f3n del certamen Pamplona Poetry Slam Joven\",\"datePublished\":\"2024-02-05T16:59:06+00:00\",\"dateModified\":\"2024-02-05T16:59:08+00:00\",\"mainEntityOfPage\":{\"@id\":\"https:\\\/\\\/www.laguiadepamplona.com\\\/actualidad\\\/arrancan-las-inscripciones-para-la-tercera-edicion-del-certamen-pamplona-poetry-slam-joven\\\/\"},\"wordCount\":470,\"commentCount\":0,\"publisher\":{\"@id\":\"https:\\\/\\\/www.laguiadepamplona.com\\\/actualidad\\\/#organization\"},\"image\":{\"@id\":\"https:\\\/\\\/www.laguiadepamplona.com\\\/actualidad\\\/arrancan-las-inscripciones-para-la-tercera-edicion-del-certamen-pamplona-poetry-slam-joven\\\/#primaryimage\"},\"thumbnailUrl\":\"https:\\\/\\\/www.laguiadepamplona.com\\\/actualidad\\\/wp-content\\\/uploads\\\/2024\\\/02\\\/24.02.05_poetry_slam_castellano.webp\",\"articleSection\":[\"Ayto Pamplona\"],\"inLanguage\":\"es\",\"potentialAction\":[{\"@type\":\"CommentAction\",\"name\":\"Comment\",\"target\":[\"https:\\\/\\\/www.laguiadepamplona.com\\\/actualidad\\\/arrancan-las-inscripciones-para-la-tercera-edicion-del-certamen-pamplona-poetry-slam-joven\\\/#respond\"]}]},{\"@type\":\"WebPage\",\"@id\":\"https:\\\/\\\/www.laguiadepamplona.com\\\/actualidad\\\/arrancan-las-inscripciones-para-la-tercera-edicion-del-certamen-pamplona-poetry-slam-joven\\\/\",\"url\":\"https:\\\/\\\/www.laguiadepamplona.com\\\/actualidad\\\/arrancan-las-inscripciones-para-la-tercera-edicion-del-certamen-pamplona-poetry-slam-joven\\\/\",\"name\":\"Arrancan las inscripciones para la tercera edici\u00f3n del certamen Pamplona Poetry Slam Joven\",\"isPartOf\":{\"@id\":\"https:\\\/\\\/www.laguiadepamplona.com\\\/actualidad\\\/#website\"},\"primaryImageOfPage\":{\"@id\":\"https:\\\/\\\/www.laguiadepamplona.com\\\/actualidad\\\/arrancan-las-inscripciones-para-la-tercera-edicion-del-certamen-pamplona-poetry-slam-joven\\\/#primaryimage\"},\"image\":{\"@id\":\"https:\\\/\\\/www.laguiadepamplona.com\\\/actualidad\\\/arrancan-las-inscripciones-para-la-tercera-edicion-del-certamen-pamplona-poetry-slam-joven\\\/#primaryimage\"},\"thumbnailUrl\":\"https:\\\/\\\/www.laguiadepamplona.com\\\/actualidad\\\/wp-content\\\/uploads\\\/2024\\\/02\\\/24.02.05_poetry_slam_castellano.webp\",\"datePublished\":\"2024-02-05T16:59:06+00:00\",\"dateModified\":\"2024-02-05T16:59:08+00:00\",\"description\":\"La Casa de la Juventud vuelve a acoger esta competici\u00f3n de poes\u00eda dirigida a j\u00f3venes de entre 12 a 30 a\u00f1os\",\"breadcrumb\":{\"@id\":\"https:\\\/\\\/www.laguiadepamplona.com\\\/actualidad\\\/arrancan-las-inscripciones-para-la-tercera-edicion-del-certamen-pamplona-poetry-slam-joven\\\/#breadcrumb\"},\"inLanguage\":\"es\",\"potentialAction\":[{\"@type\":\"ReadAction\",\"target\":[\"https:\\\/\\\/www.laguiadepamplona.com\\\/actualidad\\\/arrancan-las-inscripciones-para-la-tercera-edicion-del-certamen-pamplona-poetry-slam-joven\\\/\"]}]},{\"@type\":\"ImageObject\",\"inLanguage\":\"es\",\"@id\":\"https:\\\/\\\/www.laguiadepamplona.com\\\/actualidad\\\/arrancan-las-inscripciones-para-la-tercera-edicion-del-certamen-pamplona-poetry-slam-joven\\\/#primaryimage\",\"url\":\"https:\\\/\\\/www.laguiadepamplona.com\\\/actualidad\\\/wp-content\\\/uploads\\\/2024\\\/02\\\/24.02.05_poetry_slam_castellano.webp\",\"contentUrl\":\"https:\\\/\\\/www.laguiadepamplona.com\\\/actualidad\\\/wp-content\\\/uploads\\\/2024\\\/02\\\/24.02.05_poetry_slam_castellano.webp\",\"width\":1080,\"height\":1080,\"caption\":\"poetry slam\"},{\"@type\":\"BreadcrumbList\",\"@id\":\"https:\\\/\\\/www.laguiadepamplona.com\\\/actualidad\\\/arrancan-las-inscripciones-para-la-tercera-edicion-del-certamen-pamplona-poetry-slam-joven\\\/#breadcrumb\",\"itemListElement\":[{\"@type\":\"ListItem\",\"position\":1,\"name\":\"Portada\",\"item\":\"https:\\\/\\\/www.laguiadepamplona.com\\\/actualidad\\\/\"},{\"@type\":\"ListItem\",\"position\":2,\"name\":\"Arrancan las inscripciones para la tercera edici\u00f3n del certamen Pamplona Poetry Slam Joven\"}]},{\"@type\":\"WebSite\",\"@id\":\"https:\\\/\\\/www.laguiadepamplona.com\\\/actualidad\\\/#website\",\"url\":\"https:\\\/\\\/www.laguiadepamplona.com\\\/actualidad\\\/\",\"name\":\"La gu\u00eda de Pamplona\",\"description\":\"Noticias de Pamplona\",\"publisher\":{\"@id\":\"https:\\\/\\\/www.laguiadepamplona.com\\\/actualidad\\\/#organization\"},\"potentialAction\":[{\"@type\":\"SearchAction\",\"target\":{\"@type\":\"EntryPoint\",\"urlTemplate\":\"https:\\\/\\\/www.laguiadepamplona.com\\\/actualidad\\\/?s={search_term_string}\"},\"query-input\":{\"@type\":\"PropertyValueSpecification\",\"valueRequired\":true,\"valueName\":\"search_term_string\"}}],\"inLanguage\":\"es\"},{\"@type\":\"Organization\",\"@id\":\"https:\\\/\\\/www.laguiadepamplona.com\\\/actualidad\\\/#organization\",\"name\":\"La Gu\u00eda de Pamplona \\\/ Noticias\",\"url\":\"https:\\\/\\\/www.laguiadepamplona.com\\\/actualidad\\\/\",\"logo\":{\"@type\":\"ImageObject\",\"inLanguage\":\"es\",\"@id\":\"https:\\\/\\\/www.laguiadepamplona.com\\\/actualidad\\\/#\\\/schema\\\/logo\\\/image\\\/\",\"url\":\"https:\\\/\\\/www.laguiadepamplona.com\\\/actualidad\\\/wp-content\\\/uploads\\\/2018\\\/11\\\/logo-laguiadepamplona18-web1.png\",\"contentUrl\":\"https:\\\/\\\/www.laguiadepamplona.com\\\/actualidad\\\/wp-content\\\/uploads\\\/2018\\\/11\\\/logo-laguiadepamplona18-web1.png\",\"width\":600,\"height\":196,\"caption\":\"La Gu\u00eda de Pamplona \\\/ Noticias\"},\"image\":{\"@id\":\"https:\\\/\\\/www.laguiadepamplona.com\\\/actualidad\\\/#\\\/schema\\\/logo\\\/image\\\/\"},\"sameAs\":[\"https:\\\/\\\/www.facebook.com\\\/laguiadepamplonacom-133175176762273\\\/?ref=hl\",\"https:\\\/\\\/x.com\\\/LaGuiadPamplona\",\"https:\\\/\\\/www.instagram.com\\\/la_guia_de_pamplona\\\/\",\"https:\\\/\\\/www.youtube.com\\\/user\\\/laguiadepamplona\"]},{\"@type\":\"Person\",\"@id\":\"https:\\\/\\\/www.laguiadepamplona.com\\\/actualidad\\\/#\\\/schema\\\/person\\\/efe887376f0213d4657c93adc50b1fdb\",\"name\":\"La Gu\u00eda de Pamplona\",\"image\":{\"@type\":\"ImageObject\",\"inLanguage\":\"es\",\"@id\":\"https:\\\/\\\/secure.gravatar.com\\\/avatar\\\/b6992f131dc8d30ab0dff15446e9d346d9dbd95992de0fef795073f5ea83a81c?s=96&d=mm&r=g\",\"url\":\"https:\\\/\\\/secure.gravatar.com\\\/avatar\\\/b6992f131dc8d30ab0dff15446e9d346d9dbd95992de0fef795073f5ea83a81c?s=96&d=mm&r=g\",\"contentUrl\":\"https:\\\/\\\/secure.gravatar.com\\\/avatar\\\/b6992f131dc8d30ab0dff15446e9d346d9dbd95992de0fef795073f5ea83a81c?s=96&d=mm&r=g\",\"caption\":\"La Gu\u00eda de Pamplona\"}}]}<\/script>\n<!-- \/ Yoast SEO plugin. -->","yoast_head_json":{"title":"Arrancan las inscripciones para la tercera edici\u00f3n del certamen Pamplona Poetry Slam Joven","description":"La Casa de la Juventud vuelve a acoger esta competici\u00f3n de poes\u00eda dirigida a j\u00f3venes de entre 12 a 30 a\u00f1os","robots":{"index":"index","follow":"follow","max-snippet":"max-snippet:-1","max-image-preview":"max-image-preview:large","max-video-preview":"max-video-preview:-1"},"canonical":"https:\/\/www.laguiadepamplona.com\/actualidad\/arrancan-las-inscripciones-para-la-tercera-edicion-del-certamen-pamplona-poetry-slam-joven\/","og_locale":"es_ES","og_type":"article","og_title":"Arrancan las inscripciones para la tercera edici\u00f3n del certamen Pamplona Poetry Slam Joven","og_description":"La Casa de la Juventud vuelve a acoger esta competici\u00f3n de poes\u00eda dirigida a j\u00f3venes de entre 12 a 30 a\u00f1os","og_url":"https:\/\/www.laguiadepamplona.com\/actualidad\/arrancan-las-inscripciones-para-la-tercera-edicion-del-certamen-pamplona-poetry-slam-joven\/","og_site_name":"La Gu\u00eda de Pamplona","article_publisher":"https:\/\/www.facebook.com\/laguiadepamplonacom-133175176762273\/?ref=hl","article_published_time":"2024-02-05T16:59:06+00:00","article_modified_time":"2024-02-05T16:59:08+00:00","og_image":[{"width":1080,"height":1080,"url":"https:\/\/www.laguiadepamplona.com\/actualidad\/wp-content\/uploads\/2024\/02\/24.02.05_poetry_slam_castellano.webp","type":"image\/webp"}],"author":"La Gu\u00eda de Pamplona","twitter_card":"summary_large_image","twitter_creator":"@LaGuiadPamplona","twitter_site":"@LaGuiadPamplona","twitter_misc":{"Escrito por":"La Gu\u00eda de Pamplona","Tiempo de lectura":"3 minutos"},"schema":{"@context":"https:\/\/schema.org","@graph":[{"@type":"Article","@id":"https:\/\/www.laguiadepamplona.com\/actualidad\/arrancan-las-inscripciones-para-la-tercera-edicion-del-certamen-pamplona-poetry-slam-joven\/#article","isPartOf":{"@id":"https:\/\/www.laguiadepamplona.com\/actualidad\/arrancan-las-inscripciones-para-la-tercera-edicion-del-certamen-pamplona-poetry-slam-joven\/"},"author":{"name":"La Gu\u00eda de Pamplona","@id":"https:\/\/www.laguiadepamplona.com\/actualidad\/#\/schema\/person\/efe887376f0213d4657c93adc50b1fdb"},"headline":"Arrancan las inscripciones para la tercera edici\u00f3n del certamen Pamplona Poetry Slam Joven","datePublished":"2024-02-05T16:59:06+00:00","dateModified":"2024-02-05T16:59:08+00:00","mainEntityOfPage":{"@id":"https:\/\/www.laguiadepamplona.com\/actualidad\/arrancan-las-inscripciones-para-la-tercera-edicion-del-certamen-pamplona-poetry-slam-joven\/"},"wordCount":470,"commentCount":0,"publisher":{"@id":"https:\/\/www.laguiadepamplona.com\/actualidad\/#organization"},"image":{"@id":"https:\/\/www.laguiadepamplona.com\/actualidad\/arrancan-las-inscripciones-para-la-tercera-edicion-del-certamen-pamplona-poetry-slam-joven\/#primaryimage"},"thumbnailUrl":"https:\/\/www.laguiadepamplona.com\/actualidad\/wp-content\/uploads\/2024\/02\/24.02.05_poetry_slam_castellano.webp","articleSection":["Ayto Pamplona"],"inLanguage":"es","potentialAction":[{"@type":"CommentAction","name":"Comment","target":["https:\/\/www.laguiadepamplona.com\/actualidad\/arrancan-las-inscripciones-para-la-tercera-edicion-del-certamen-pamplona-poetry-slam-joven\/#respond"]}]},{"@type":"WebPage","@id":"https:\/\/www.laguiadepamplona.com\/actualidad\/arrancan-las-inscripciones-para-la-tercera-edicion-del-certamen-pamplona-poetry-slam-joven\/","url":"https:\/\/www.laguiadepamplona.com\/actualidad\/arrancan-las-inscripciones-para-la-tercera-edicion-del-certamen-pamplona-poetry-slam-joven\/","name":"Arrancan las inscripciones para la tercera edici\u00f3n del certamen Pamplona Poetry Slam Joven","isPartOf":{"@id":"https:\/\/www.laguiadepamplona.com\/actualidad\/#website"},"primaryImageOfPage":{"@id":"https:\/\/www.laguiadepamplona.com\/actualidad\/arrancan-las-inscripciones-para-la-tercera-edicion-del-certamen-pamplona-poetry-slam-joven\/#primaryimage"},"image":{"@id":"https:\/\/www.laguiadepamplona.com\/actualidad\/arrancan-las-inscripciones-para-la-tercera-edicion-del-certamen-pamplona-poetry-slam-joven\/#primaryimage"},"thumbnailUrl":"https:\/\/www.laguiadepamplona.com\/actualidad\/wp-content\/uploads\/2024\/02\/24.02.05_poetry_slam_castellano.webp","datePublished":"2024-02-05T16:59:06+00:00","dateModified":"2024-02-05T16:59:08+00:00","description":"La Casa de la Juventud vuelve a acoger esta competici\u00f3n de poes\u00eda dirigida a j\u00f3venes de entre 12 a 30 a\u00f1os","breadcrumb":{"@id":"https:\/\/www.laguiadepamplona.com\/actualidad\/arrancan-las-inscripciones-para-la-tercera-edicion-del-certamen-pamplona-poetry-slam-joven\/#breadcrumb"},"inLanguage":"es","potentialAction":[{"@type":"ReadAction","target":["https:\/\/www.laguiadepamplona.com\/actualidad\/arrancan-las-inscripciones-para-la-tercera-edicion-del-certamen-pamplona-poetry-slam-joven\/"]}]},{"@type":"ImageObject","inLanguage":"es","@id":"https:\/\/www.laguiadepamplona.com\/actualidad\/arrancan-las-inscripciones-para-la-tercera-edicion-del-certamen-pamplona-poetry-slam-joven\/#primaryimage","url":"https:\/\/www.laguiadepamplona.com\/actualidad\/wp-content\/uploads\/2024\/02\/24.02.05_poetry_slam_castellano.webp","contentUrl":"https:\/\/www.laguiadepamplona.com\/actualidad\/wp-content\/uploads\/2024\/02\/24.02.05_poetry_slam_castellano.webp","width":1080,"height":1080,"caption":"poetry slam"},{"@type":"BreadcrumbList","@id":"https:\/\/www.laguiadepamplona.com\/actualidad\/arrancan-las-inscripciones-para-la-tercera-edicion-del-certamen-pamplona-poetry-slam-joven\/#breadcrumb","itemListElement":[{"@type":"ListItem","position":1,"name":"Portada","item":"https:\/\/www.laguiadepamplona.com\/actualidad\/"},{"@type":"ListItem","position":2,"name":"Arrancan las inscripciones para la tercera edici\u00f3n del certamen Pamplona Poetry Slam Joven"}]},{"@type":"WebSite","@id":"https:\/\/www.laguiadepamplona.com\/actualidad\/#website","url":"https:\/\/www.laguiadepamplona.com\/actualidad\/","name":"La gu\u00eda de Pamplona","description":"Noticias de Pamplona","publisher":{"@id":"https:\/\/www.laguiadepamplona.com\/actualidad\/#organization"},"potentialAction":[{"@type":"SearchAction","target":{"@type":"EntryPoint","urlTemplate":"https:\/\/www.laguiadepamplona.com\/actualidad\/?s={search_term_string}"},"query-input":{"@type":"PropertyValueSpecification","valueRequired":true,"valueName":"search_term_string"}}],"inLanguage":"es"},{"@type":"Organization","@id":"https:\/\/www.laguiadepamplona.com\/actualidad\/#organization","name":"La Gu\u00eda de Pamplona \/ Noticias","url":"https:\/\/www.laguiadepamplona.com\/actualidad\/","logo":{"@type":"ImageObject","inLanguage":"es","@id":"https:\/\/www.laguiadepamplona.com\/actualidad\/#\/schema\/logo\/image\/","url":"https:\/\/www.laguiadepamplona.com\/actualidad\/wp-content\/uploads\/2018\/11\/logo-laguiadepamplona18-web1.png","contentUrl":"https:\/\/www.laguiadepamplona.com\/actualidad\/wp-content\/uploads\/2018\/11\/logo-laguiadepamplona18-web1.png","width":600,"height":196,"caption":"La Gu\u00eda de Pamplona \/ Noticias"},"image":{"@id":"https:\/\/www.laguiadepamplona.com\/actualidad\/#\/schema\/logo\/image\/"},"sameAs":["https:\/\/www.facebook.com\/laguiadepamplonacom-133175176762273\/?ref=hl","https:\/\/x.com\/LaGuiadPamplona","https:\/\/www.instagram.com\/la_guia_de_pamplona\/","https:\/\/www.youtube.com\/user\/laguiadepamplona"]},{"@type":"Person","@id":"https:\/\/www.laguiadepamplona.com\/actualidad\/#\/schema\/person\/efe887376f0213d4657c93adc50b1fdb","name":"La Gu\u00eda de Pamplona","image":{"@type":"ImageObject","inLanguage":"es","@id":"https:\/\/secure.gravatar.com\/avatar\/b6992f131dc8d30ab0dff15446e9d346d9dbd95992de0fef795073f5ea83a81c?s=96&d=mm&r=g","url":"https:\/\/secure.gravatar.com\/avatar\/b6992f131dc8d30ab0dff15446e9d346d9dbd95992de0fef795073f5ea83a81c?s=96&d=mm&r=g","contentUrl":"https:\/\/secure.gravatar.com\/avatar\/b6992f131dc8d30ab0dff15446e9d346d9dbd95992de0fef795073f5ea83a81c?s=96&d=mm&r=g","caption":"La Gu\u00eda de Pamplona"}}]}},"post_mailing_queue_ids":[],"_links":{"self":[{"href":"https:\/\/www.laguiadepamplona.com\/actualidad\/wp-json\/wp\/v2\/posts\/48638","targetHints":{"allow":["GET"]}}],"collection":[{"href":"https:\/\/www.laguiadepamplona.com\/actualidad\/wp-json\/wp\/v2\/posts"}],"about":[{"href":"https:\/\/www.laguiadepamplona.com\/actualidad\/wp-json\/wp\/v2\/types\/post"}],"author":[{"embeddable":true,"href":"https:\/\/www.laguiadepamplona.com\/actualidad\/wp-json\/wp\/v2\/users\/1"}],"replies":[{"embeddable":true,"href":"https:\/\/www.laguiadepamplona.com\/actualidad\/wp-json\/wp\/v2\/comments?post=48638"}],"version-history":[{"count":1,"href":"https:\/\/www.laguiadepamplona.com\/actualidad\/wp-json\/wp\/v2\/posts\/48638\/revisions"}],"predecessor-version":[{"id":48640,"href":"https:\/\/www.laguiadepamplona.com\/actualidad\/wp-json\/wp\/v2\/posts\/48638\/revisions\/48640"}],"wp:featuredmedia":[{"embeddable":true,"href":"https:\/\/www.laguiadepamplona.com\/actualidad\/wp-json\/wp\/v2\/media\/48639"}],"wp:attachment":[{"href":"https:\/\/www.laguiadepamplona.com\/actualidad\/wp-json\/wp\/v2\/media?parent=48638"}],"wp:term":[{"taxonomy":"category","embeddable":true,"href":"https:\/\/www.laguiadepamplona.com\/actualidad\/wp-json\/wp\/v2\/categories?post=48638"},{"taxonomy":"post_tag","embeddable":true,"href":"https:\/\/www.laguiadepamplona.com\/actualidad\/wp-json\/wp\/v2\/tags?post=48638"}],"curies":[{"name":"wp","href":"https:\/\/api.w.org\/{rel}","templated":true}]}}