{"id":48613,"date":"2024-02-01T20:14:16","date_gmt":"2024-02-01T18:14:16","guid":{"rendered":"https:\/\/www.laguiadepamplona.com\/actualidad\/?p=48613"},"modified":"2024-02-01T20:14:16","modified_gmt":"2024-02-01T18:14:16","slug":"la-plaza-de-san-nicolas-acoge-este-sabado-el-mercadillo-de-san-blas-con-una-veintena-de-puestos-de-dulces","status":"publish","type":"post","link":"https:\/\/www.laguiadepamplona.com\/actualidad\/la-plaza-de-san-nicolas-acoge-este-sabado-el-mercadillo-de-san-blas-con-una-veintena-de-puestos-de-dulces\/","title":{"rendered":"La plaza de San Nicol\u00e1s acoge este s\u00e1bado el mercadillo de San Blas con una veintena de puestos de dulces"},"content":{"rendered":"<h2>El mercadillo permanecer\u00e1 abierto de 9 a 20.30 horas y a las 12.30 horas, en el paseo de Sarasate, los dantzaris de Duguna bailar\u00e1n la soka-dantza<\/h2>\n<p><!--more--><\/p>\n<p>Un total de 21 puestos de dulces se dar\u00e1n cita este s\u00e1bado, d\u00eda 3, en el tradicional mercadillo de San Blas, que se celebrar\u00e1 en la plaza de San Nicol\u00e1s y en la calle San Miguel. Los puestos de venta permanecer\u00e1n abiertos desde las 9 de la ma\u00f1ana hasta las 20.30 horas de la tarde. Las personas que quieran acudir al mercadillo podr\u00e1n adquirir roscos, tortas, dulces, pastas y caramelos.<\/p>\n<p>La procesi\u00f3n del santo para bendecir los alimentos tendr\u00e1 lugar a las 9.45 horas. La misa se celebrar\u00e1 a posteriori, a las 10 horas, y contar\u00e1 con la presencia de miembros de la Corporaci\u00f3n municipal. Est\u00e1 prevista la visita del alcalde de Pamplona, Joseba Asiron, al mercadillo a las 12.00 horas. Adem\u00e1s, a las 12.30 horas, los dantzaris de Duguna bailar\u00e1n la soka-dantza en el paseo de Sarasate.<\/p>\n<p>En el tradicional mercadillo \u00fanicamente se podr\u00e1n poner a la venta productos alimenticios t\u00edpicos de la fiesta de San Blas, como son los roscos y los dulces, con la documentaci\u00f3n acreditativa de su origen. De hecho, est\u00e1 prohibida la venta de pan y de productos con nata o crema pastelera. Siguiendo las indicaciones del \u00e1rea de Seguridad y Convivencia Ciudadana, encargada de otorgar las licencias, todos los productos deber\u00e1n mantenerse protegidos fuera del alcance del p\u00fablico mediante vitrinas o dispositivo similar, y, en su caso, debidamente envueltos o envasados, respetando las fechas de consumo preferente.<br \/>\n<script async src=\"\/\/pagead2.googlesyndication.com\/pagead\/js\/adsbygoogle.js\"><\/script><br \/>\n<!-- Noticias La Guia de Pamplona --><br \/>\n<ins class=\"adsbygoogle\"\nstyle=\"display:block\"\ndata-ad-client=\"ca-pub-6943679897239327\"\ndata-ad-slot=\"7048180777\"\ndata-ad-format=\"auto\"><\/ins><br \/>\n<script>\n(adsbygoogle = window.adsbygoogle || []).push({});\n<\/script><\/p>\n<p><strong>Soka-dantza, en el paseo de Sarasate<\/strong><\/p>\n<p>Coincidiendo con la celebraci\u00f3n de San Blas, el grupo municipal de dantzas Duguna -Iru\u00f1eko Dantzariak bailar\u00e1n la soka-dantza en el paseo de Sarasate, a las 12.30 horas. Los dantzaris ejecutar\u00e1n esta coreograf\u00eda tradicional emparentada con las danzas en cadena, branles y farandoles que se bailan en el sureste de Europa desde, al menos, el final de la Edad Media y cuya evoluci\u00f3n regional ha dado lugar a tradiciones coreogr\u00e1ficas locales.<\/p>\n<p>La soka-dantza se ha bailado en Navarra desde el siglo XVI. La interpretaci\u00f3n con motivo de la festividad de San Blas es una de las dos oportunidades que hay en el a\u00f1o para que los ciudadanos asistan a su ejecuci\u00f3n, ya que s\u00f3lo se interpreta, adem\u00e1s de por San Blas, en el d\u00eda de San Juan.<br \/>\n<script async src=\"\/\/pagead2.googlesyndication.com\/pagead\/js\/adsbygoogle.js\"><\/script><br \/>\n<!-- Noticias La Guia de Pamplona --><br \/>\n<ins class=\"adsbygoogle\"\nstyle=\"display:block\"\ndata-ad-client=\"ca-pub-6943679897239327\"\ndata-ad-slot=\"7048180777\"\ndata-ad-format=\"auto\"><\/ins><br \/>\n<script>\n(adsbygoogle = window.adsbygoogle || []).push({});\n<\/script><\/p>\n<p>&nbsp;<\/p>\n<h3>Los Horarios<\/h3>\n<ul>\n<li>9.00 a 20.30. Tradicional mercadillo de venta de dulces\n<ul>\n<li>21 puestos de venta de roscos, tortas, dulces, pastas y caramelos<\/li>\n<\/ul>\n<\/li>\n<li>9.45. Procesi\u00f3n y posterior misa, con presencia de la Corporaci\u00f3n municipal<\/li>\n<li>12.30. Baile de la soka-dantza (paseo de Sarasate)\n<ul>\n<li>Grupo municipal de danzas Duguna-Iru\u00f1eko Dantzariak<\/li>\n<\/ul>\n<\/li>\n<\/ul>\n","protected":false},"excerpt":{"rendered":"<p>El mercadillo permanecer\u00e1 abierto de 9 a 20.30 horas y a las 12.30 horas, en el paseo de Sarasate, los dantzaris de Duguna bailar\u00e1n la soka-dantza<\/p>\n","protected":false},"author":1,"featured_media":48614,"comment_status":"open","ping_status":"closed","sticky":false,"template":"","format":"standard","meta":{"footnotes":""},"categories":[2],"tags":[],"class_list":["post-48613","post","type-post","status-publish","format-standard","has-post-thumbnail","hentry","category-ayuntamiento-pamplona"],"yoast_head":"<!-- This site is optimized with the Yoast SEO plugin v27.3 - https:\/\/yoast.com\/product\/yoast-seo-wordpress\/ -->\n<title>La plaza de San Nicol\u00e1s acoge este s\u00e1bado el mercadillo de San Blas con una veintena de puestos de dulces<\/title>\n<meta name=\"description\" content=\"El mercadillo permanecer\u00e1 abierto de 9 a 20.30 horas y a las 12.30 horas, en el paseo de Sarasate, los dantzaris de Duguna bailar\u00e1n la soka-dantza\" \/>\n<meta name=\"robots\" content=\"index, follow, max-snippet:-1, max-image-preview:large, max-video-preview:-1\" \/>\n<link rel=\"canonical\" href=\"https:\/\/www.laguiadepamplona.com\/actualidad\/la-plaza-de-san-nicolas-acoge-este-sabado-el-mercadillo-de-san-blas-con-una-veintena-de-puestos-de-dulces\/\" \/>\n<meta property=\"og:locale\" content=\"es_ES\" \/>\n<meta property=\"og:type\" content=\"article\" \/>\n<meta property=\"og:title\" content=\"La plaza de San Nicol\u00e1s acoge este s\u00e1bado el mercadillo de San Blas con una veintena de puestos de dulces\" \/>\n<meta property=\"og:description\" content=\"El mercadillo permanecer\u00e1 abierto de 9 a 20.30 horas y a las 12.30 horas, en el paseo de Sarasate, los dantzaris de Duguna bailar\u00e1n la soka-dantza\" \/>\n<meta property=\"og:url\" content=\"https:\/\/www.laguiadepamplona.com\/actualidad\/la-plaza-de-san-nicolas-acoge-este-sabado-el-mercadillo-de-san-blas-con-una-veintena-de-puestos-de-dulces\/\" \/>\n<meta property=\"og:site_name\" content=\"La Gu\u00eda de Pamplona\" \/>\n<meta property=\"article:publisher\" content=\"https:\/\/www.facebook.com\/laguiadepamplonacom-133175176762273\/?ref=hl\" \/>\n<meta property=\"article:published_time\" content=\"2024-02-01T18:14:16+00:00\" \/>\n<meta property=\"og:image\" content=\"https:\/\/www.laguiadepamplona.com\/actualidad\/wp-content\/uploads\/2024\/02\/MERCADO-SAN-BLAS-_EE5A7946.webp\" \/>\n\t<meta property=\"og:image:width\" content=\"1200\" \/>\n\t<meta property=\"og:image:height\" content=\"800\" \/>\n\t<meta property=\"og:image:type\" content=\"image\/webp\" \/>\n<meta name=\"author\" content=\"La Gu\u00eda de Pamplona\" \/>\n<meta name=\"twitter:card\" content=\"summary_large_image\" \/>\n<meta name=\"twitter:creator\" content=\"@LaGuiadPamplona\" \/>\n<meta name=\"twitter:site\" content=\"@LaGuiadPamplona\" \/>\n<meta name=\"twitter:label1\" content=\"Escrito por\" \/>\n\t<meta name=\"twitter:data1\" content=\"La Gu\u00eda de Pamplona\" \/>\n\t<meta name=\"twitter:label2\" content=\"Tiempo de lectura\" \/>\n\t<meta name=\"twitter:data2\" content=\"3 minutos\" \/>\n<script type=\"application\/ld+json\" class=\"yoast-schema-graph\">{\"@context\":\"https:\\\/\\\/schema.org\",\"@graph\":[{\"@type\":\"Article\",\"@id\":\"https:\\\/\\\/www.laguiadepamplona.com\\\/actualidad\\\/la-plaza-de-san-nicolas-acoge-este-sabado-el-mercadillo-de-san-blas-con-una-veintena-de-puestos-de-dulces\\\/#article\",\"isPartOf\":{\"@id\":\"https:\\\/\\\/www.laguiadepamplona.com\\\/actualidad\\\/la-plaza-de-san-nicolas-acoge-este-sabado-el-mercadillo-de-san-blas-con-una-veintena-de-puestos-de-dulces\\\/\"},\"author\":{\"name\":\"La Gu\u00eda de Pamplona\",\"@id\":\"https:\\\/\\\/www.laguiadepamplona.com\\\/actualidad\\\/#\\\/schema\\\/person\\\/efe887376f0213d4657c93adc50b1fdb\"},\"headline\":\"La plaza de San Nicol\u00e1s acoge este s\u00e1bado el mercadillo de San Blas con una veintena de puestos de dulces\",\"datePublished\":\"2024-02-01T18:14:16+00:00\",\"mainEntityOfPage\":{\"@id\":\"https:\\\/\\\/www.laguiadepamplona.com\\\/actualidad\\\/la-plaza-de-san-nicolas-acoge-este-sabado-el-mercadillo-de-san-blas-con-una-veintena-de-puestos-de-dulces\\\/\"},\"wordCount\":477,\"commentCount\":0,\"publisher\":{\"@id\":\"https:\\\/\\\/www.laguiadepamplona.com\\\/actualidad\\\/#organization\"},\"image\":{\"@id\":\"https:\\\/\\\/www.laguiadepamplona.com\\\/actualidad\\\/la-plaza-de-san-nicolas-acoge-este-sabado-el-mercadillo-de-san-blas-con-una-veintena-de-puestos-de-dulces\\\/#primaryimage\"},\"thumbnailUrl\":\"https:\\\/\\\/www.laguiadepamplona.com\\\/actualidad\\\/wp-content\\\/uploads\\\/2024\\\/02\\\/MERCADO-SAN-BLAS-_EE5A7946.webp\",\"articleSection\":[\"Ayto Pamplona\"],\"inLanguage\":\"es\",\"potentialAction\":[{\"@type\":\"CommentAction\",\"name\":\"Comment\",\"target\":[\"https:\\\/\\\/www.laguiadepamplona.com\\\/actualidad\\\/la-plaza-de-san-nicolas-acoge-este-sabado-el-mercadillo-de-san-blas-con-una-veintena-de-puestos-de-dulces\\\/#respond\"]}]},{\"@type\":\"WebPage\",\"@id\":\"https:\\\/\\\/www.laguiadepamplona.com\\\/actualidad\\\/la-plaza-de-san-nicolas-acoge-este-sabado-el-mercadillo-de-san-blas-con-una-veintena-de-puestos-de-dulces\\\/\",\"url\":\"https:\\\/\\\/www.laguiadepamplona.com\\\/actualidad\\\/la-plaza-de-san-nicolas-acoge-este-sabado-el-mercadillo-de-san-blas-con-una-veintena-de-puestos-de-dulces\\\/\",\"name\":\"La plaza de San Nicol\u00e1s acoge este s\u00e1bado el mercadillo de San Blas con una veintena de puestos de dulces\",\"isPartOf\":{\"@id\":\"https:\\\/\\\/www.laguiadepamplona.com\\\/actualidad\\\/#website\"},\"primaryImageOfPage\":{\"@id\":\"https:\\\/\\\/www.laguiadepamplona.com\\\/actualidad\\\/la-plaza-de-san-nicolas-acoge-este-sabado-el-mercadillo-de-san-blas-con-una-veintena-de-puestos-de-dulces\\\/#primaryimage\"},\"image\":{\"@id\":\"https:\\\/\\\/www.laguiadepamplona.com\\\/actualidad\\\/la-plaza-de-san-nicolas-acoge-este-sabado-el-mercadillo-de-san-blas-con-una-veintena-de-puestos-de-dulces\\\/#primaryimage\"},\"thumbnailUrl\":\"https:\\\/\\\/www.laguiadepamplona.com\\\/actualidad\\\/wp-content\\\/uploads\\\/2024\\\/02\\\/MERCADO-SAN-BLAS-_EE5A7946.webp\",\"datePublished\":\"2024-02-01T18:14:16+00:00\",\"description\":\"El mercadillo permanecer\u00e1 abierto de 9 a 20.30 horas y a las 12.30 horas, en el paseo de Sarasate, los dantzaris de Duguna bailar\u00e1n la soka-dantza\",\"breadcrumb\":{\"@id\":\"https:\\\/\\\/www.laguiadepamplona.com\\\/actualidad\\\/la-plaza-de-san-nicolas-acoge-este-sabado-el-mercadillo-de-san-blas-con-una-veintena-de-puestos-de-dulces\\\/#breadcrumb\"},\"inLanguage\":\"es\",\"potentialAction\":[{\"@type\":\"ReadAction\",\"target\":[\"https:\\\/\\\/www.laguiadepamplona.com\\\/actualidad\\\/la-plaza-de-san-nicolas-acoge-este-sabado-el-mercadillo-de-san-blas-con-una-veintena-de-puestos-de-dulces\\\/\"]}]},{\"@type\":\"ImageObject\",\"inLanguage\":\"es\",\"@id\":\"https:\\\/\\\/www.laguiadepamplona.com\\\/actualidad\\\/la-plaza-de-san-nicolas-acoge-este-sabado-el-mercadillo-de-san-blas-con-una-veintena-de-puestos-de-dulces\\\/#primaryimage\",\"url\":\"https:\\\/\\\/www.laguiadepamplona.com\\\/actualidad\\\/wp-content\\\/uploads\\\/2024\\\/02\\\/MERCADO-SAN-BLAS-_EE5A7946.webp\",\"contentUrl\":\"https:\\\/\\\/www.laguiadepamplona.com\\\/actualidad\\\/wp-content\\\/uploads\\\/2024\\\/02\\\/MERCADO-SAN-BLAS-_EE5A7946.webp\",\"width\":1200,\"height\":800,\"caption\":\"mercado san blas pamplona\"},{\"@type\":\"BreadcrumbList\",\"@id\":\"https:\\\/\\\/www.laguiadepamplona.com\\\/actualidad\\\/la-plaza-de-san-nicolas-acoge-este-sabado-el-mercadillo-de-san-blas-con-una-veintena-de-puestos-de-dulces\\\/#breadcrumb\",\"itemListElement\":[{\"@type\":\"ListItem\",\"position\":1,\"name\":\"Portada\",\"item\":\"https:\\\/\\\/www.laguiadepamplona.com\\\/actualidad\\\/\"},{\"@type\":\"ListItem\",\"position\":2,\"name\":\"La plaza de San Nicol\u00e1s acoge este s\u00e1bado el mercadillo de San Blas con una veintena de puestos de dulces\"}]},{\"@type\":\"WebSite\",\"@id\":\"https:\\\/\\\/www.laguiadepamplona.com\\\/actualidad\\\/#website\",\"url\":\"https:\\\/\\\/www.laguiadepamplona.com\\\/actualidad\\\/\",\"name\":\"La gu\u00eda de Pamplona\",\"description\":\"Noticias de Pamplona\",\"publisher\":{\"@id\":\"https:\\\/\\\/www.laguiadepamplona.com\\\/actualidad\\\/#organization\"},\"potentialAction\":[{\"@type\":\"SearchAction\",\"target\":{\"@type\":\"EntryPoint\",\"urlTemplate\":\"https:\\\/\\\/www.laguiadepamplona.com\\\/actualidad\\\/?s={search_term_string}\"},\"query-input\":{\"@type\":\"PropertyValueSpecification\",\"valueRequired\":true,\"valueName\":\"search_term_string\"}}],\"inLanguage\":\"es\"},{\"@type\":\"Organization\",\"@id\":\"https:\\\/\\\/www.laguiadepamplona.com\\\/actualidad\\\/#organization\",\"name\":\"La Gu\u00eda de Pamplona \\\/ Noticias\",\"url\":\"https:\\\/\\\/www.laguiadepamplona.com\\\/actualidad\\\/\",\"logo\":{\"@type\":\"ImageObject\",\"inLanguage\":\"es\",\"@id\":\"https:\\\/\\\/www.laguiadepamplona.com\\\/actualidad\\\/#\\\/schema\\\/logo\\\/image\\\/\",\"url\":\"https:\\\/\\\/www.laguiadepamplona.com\\\/actualidad\\\/wp-content\\\/uploads\\\/2018\\\/11\\\/logo-laguiadepamplona18-web1.png\",\"contentUrl\":\"https:\\\/\\\/www.laguiadepamplona.com\\\/actualidad\\\/wp-content\\\/uploads\\\/2018\\\/11\\\/logo-laguiadepamplona18-web1.png\",\"width\":600,\"height\":196,\"caption\":\"La Gu\u00eda de Pamplona \\\/ Noticias\"},\"image\":{\"@id\":\"https:\\\/\\\/www.laguiadepamplona.com\\\/actualidad\\\/#\\\/schema\\\/logo\\\/image\\\/\"},\"sameAs\":[\"https:\\\/\\\/www.facebook.com\\\/laguiadepamplonacom-133175176762273\\\/?ref=hl\",\"https:\\\/\\\/x.com\\\/LaGuiadPamplona\",\"https:\\\/\\\/www.instagram.com\\\/la_guia_de_pamplona\\\/\",\"https:\\\/\\\/www.youtube.com\\\/user\\\/laguiadepamplona\"]},{\"@type\":\"Person\",\"@id\":\"https:\\\/\\\/www.laguiadepamplona.com\\\/actualidad\\\/#\\\/schema\\\/person\\\/efe887376f0213d4657c93adc50b1fdb\",\"name\":\"La Gu\u00eda de Pamplona\",\"image\":{\"@type\":\"ImageObject\",\"inLanguage\":\"es\",\"@id\":\"https:\\\/\\\/secure.gravatar.com\\\/avatar\\\/b6992f131dc8d30ab0dff15446e9d346d9dbd95992de0fef795073f5ea83a81c?s=96&d=mm&r=g\",\"url\":\"https:\\\/\\\/secure.gravatar.com\\\/avatar\\\/b6992f131dc8d30ab0dff15446e9d346d9dbd95992de0fef795073f5ea83a81c?s=96&d=mm&r=g\",\"contentUrl\":\"https:\\\/\\\/secure.gravatar.com\\\/avatar\\\/b6992f131dc8d30ab0dff15446e9d346d9dbd95992de0fef795073f5ea83a81c?s=96&d=mm&r=g\",\"caption\":\"La Gu\u00eda de Pamplona\"}}]}<\/script>\n<!-- \/ Yoast SEO plugin. -->","yoast_head_json":{"title":"La plaza de San Nicol\u00e1s acoge este s\u00e1bado el mercadillo de San Blas con una veintena de puestos de dulces","description":"El mercadillo permanecer\u00e1 abierto de 9 a 20.30 horas y a las 12.30 horas, en el paseo de Sarasate, los dantzaris de Duguna bailar\u00e1n la soka-dantza","robots":{"index":"index","follow":"follow","max-snippet":"max-snippet:-1","max-image-preview":"max-image-preview:large","max-video-preview":"max-video-preview:-1"},"canonical":"https:\/\/www.laguiadepamplona.com\/actualidad\/la-plaza-de-san-nicolas-acoge-este-sabado-el-mercadillo-de-san-blas-con-una-veintena-de-puestos-de-dulces\/","og_locale":"es_ES","og_type":"article","og_title":"La plaza de San Nicol\u00e1s acoge este s\u00e1bado el mercadillo de San Blas con una veintena de puestos de dulces","og_description":"El mercadillo permanecer\u00e1 abierto de 9 a 20.30 horas y a las 12.30 horas, en el paseo de Sarasate, los dantzaris de Duguna bailar\u00e1n la soka-dantza","og_url":"https:\/\/www.laguiadepamplona.com\/actualidad\/la-plaza-de-san-nicolas-acoge-este-sabado-el-mercadillo-de-san-blas-con-una-veintena-de-puestos-de-dulces\/","og_site_name":"La Gu\u00eda de Pamplona","article_publisher":"https:\/\/www.facebook.com\/laguiadepamplonacom-133175176762273\/?ref=hl","article_published_time":"2024-02-01T18:14:16+00:00","og_image":[{"width":1200,"height":800,"url":"https:\/\/www.laguiadepamplona.com\/actualidad\/wp-content\/uploads\/2024\/02\/MERCADO-SAN-BLAS-_EE5A7946.webp","type":"image\/webp"}],"author":"La Gu\u00eda de Pamplona","twitter_card":"summary_large_image","twitter_creator":"@LaGuiadPamplona","twitter_site":"@LaGuiadPamplona","twitter_misc":{"Escrito por":"La Gu\u00eda de Pamplona","Tiempo de lectura":"3 minutos"},"schema":{"@context":"https:\/\/schema.org","@graph":[{"@type":"Article","@id":"https:\/\/www.laguiadepamplona.com\/actualidad\/la-plaza-de-san-nicolas-acoge-este-sabado-el-mercadillo-de-san-blas-con-una-veintena-de-puestos-de-dulces\/#article","isPartOf":{"@id":"https:\/\/www.laguiadepamplona.com\/actualidad\/la-plaza-de-san-nicolas-acoge-este-sabado-el-mercadillo-de-san-blas-con-una-veintena-de-puestos-de-dulces\/"},"author":{"name":"La Gu\u00eda de Pamplona","@id":"https:\/\/www.laguiadepamplona.com\/actualidad\/#\/schema\/person\/efe887376f0213d4657c93adc50b1fdb"},"headline":"La plaza de San Nicol\u00e1s acoge este s\u00e1bado el mercadillo de San Blas con una veintena de puestos de dulces","datePublished":"2024-02-01T18:14:16+00:00","mainEntityOfPage":{"@id":"https:\/\/www.laguiadepamplona.com\/actualidad\/la-plaza-de-san-nicolas-acoge-este-sabado-el-mercadillo-de-san-blas-con-una-veintena-de-puestos-de-dulces\/"},"wordCount":477,"commentCount":0,"publisher":{"@id":"https:\/\/www.laguiadepamplona.com\/actualidad\/#organization"},"image":{"@id":"https:\/\/www.laguiadepamplona.com\/actualidad\/la-plaza-de-san-nicolas-acoge-este-sabado-el-mercadillo-de-san-blas-con-una-veintena-de-puestos-de-dulces\/#primaryimage"},"thumbnailUrl":"https:\/\/www.laguiadepamplona.com\/actualidad\/wp-content\/uploads\/2024\/02\/MERCADO-SAN-BLAS-_EE5A7946.webp","articleSection":["Ayto Pamplona"],"inLanguage":"es","potentialAction":[{"@type":"CommentAction","name":"Comment","target":["https:\/\/www.laguiadepamplona.com\/actualidad\/la-plaza-de-san-nicolas-acoge-este-sabado-el-mercadillo-de-san-blas-con-una-veintena-de-puestos-de-dulces\/#respond"]}]},{"@type":"WebPage","@id":"https:\/\/www.laguiadepamplona.com\/actualidad\/la-plaza-de-san-nicolas-acoge-este-sabado-el-mercadillo-de-san-blas-con-una-veintena-de-puestos-de-dulces\/","url":"https:\/\/www.laguiadepamplona.com\/actualidad\/la-plaza-de-san-nicolas-acoge-este-sabado-el-mercadillo-de-san-blas-con-una-veintena-de-puestos-de-dulces\/","name":"La plaza de San Nicol\u00e1s acoge este s\u00e1bado el mercadillo de San Blas con una veintena de puestos de dulces","isPartOf":{"@id":"https:\/\/www.laguiadepamplona.com\/actualidad\/#website"},"primaryImageOfPage":{"@id":"https:\/\/www.laguiadepamplona.com\/actualidad\/la-plaza-de-san-nicolas-acoge-este-sabado-el-mercadillo-de-san-blas-con-una-veintena-de-puestos-de-dulces\/#primaryimage"},"image":{"@id":"https:\/\/www.laguiadepamplona.com\/actualidad\/la-plaza-de-san-nicolas-acoge-este-sabado-el-mercadillo-de-san-blas-con-una-veintena-de-puestos-de-dulces\/#primaryimage"},"thumbnailUrl":"https:\/\/www.laguiadepamplona.com\/actualidad\/wp-content\/uploads\/2024\/02\/MERCADO-SAN-BLAS-_EE5A7946.webp","datePublished":"2024-02-01T18:14:16+00:00","description":"El mercadillo permanecer\u00e1 abierto de 9 a 20.30 horas y a las 12.30 horas, en el paseo de Sarasate, los dantzaris de Duguna bailar\u00e1n la soka-dantza","breadcrumb":{"@id":"https:\/\/www.laguiadepamplona.com\/actualidad\/la-plaza-de-san-nicolas-acoge-este-sabado-el-mercadillo-de-san-blas-con-una-veintena-de-puestos-de-dulces\/#breadcrumb"},"inLanguage":"es","potentialAction":[{"@type":"ReadAction","target":["https:\/\/www.laguiadepamplona.com\/actualidad\/la-plaza-de-san-nicolas-acoge-este-sabado-el-mercadillo-de-san-blas-con-una-veintena-de-puestos-de-dulces\/"]}]},{"@type":"ImageObject","inLanguage":"es","@id":"https:\/\/www.laguiadepamplona.com\/actualidad\/la-plaza-de-san-nicolas-acoge-este-sabado-el-mercadillo-de-san-blas-con-una-veintena-de-puestos-de-dulces\/#primaryimage","url":"https:\/\/www.laguiadepamplona.com\/actualidad\/wp-content\/uploads\/2024\/02\/MERCADO-SAN-BLAS-_EE5A7946.webp","contentUrl":"https:\/\/www.laguiadepamplona.com\/actualidad\/wp-content\/uploads\/2024\/02\/MERCADO-SAN-BLAS-_EE5A7946.webp","width":1200,"height":800,"caption":"mercado san blas pamplona"},{"@type":"BreadcrumbList","@id":"https:\/\/www.laguiadepamplona.com\/actualidad\/la-plaza-de-san-nicolas-acoge-este-sabado-el-mercadillo-de-san-blas-con-una-veintena-de-puestos-de-dulces\/#breadcrumb","itemListElement":[{"@type":"ListItem","position":1,"name":"Portada","item":"https:\/\/www.laguiadepamplona.com\/actualidad\/"},{"@type":"ListItem","position":2,"name":"La plaza de San Nicol\u00e1s acoge este s\u00e1bado el mercadillo de San Blas con una veintena de puestos de dulces"}]},{"@type":"WebSite","@id":"https:\/\/www.laguiadepamplona.com\/actualidad\/#website","url":"https:\/\/www.laguiadepamplona.com\/actualidad\/","name":"La gu\u00eda de Pamplona","description":"Noticias de Pamplona","publisher":{"@id":"https:\/\/www.laguiadepamplona.com\/actualidad\/#organization"},"potentialAction":[{"@type":"SearchAction","target":{"@type":"EntryPoint","urlTemplate":"https:\/\/www.laguiadepamplona.com\/actualidad\/?s={search_term_string}"},"query-input":{"@type":"PropertyValueSpecification","valueRequired":true,"valueName":"search_term_string"}}],"inLanguage":"es"},{"@type":"Organization","@id":"https:\/\/www.laguiadepamplona.com\/actualidad\/#organization","name":"La Gu\u00eda de Pamplona \/ Noticias","url":"https:\/\/www.laguiadepamplona.com\/actualidad\/","logo":{"@type":"ImageObject","inLanguage":"es","@id":"https:\/\/www.laguiadepamplona.com\/actualidad\/#\/schema\/logo\/image\/","url":"https:\/\/www.laguiadepamplona.com\/actualidad\/wp-content\/uploads\/2018\/11\/logo-laguiadepamplona18-web1.png","contentUrl":"https:\/\/www.laguiadepamplona.com\/actualidad\/wp-content\/uploads\/2018\/11\/logo-laguiadepamplona18-web1.png","width":600,"height":196,"caption":"La Gu\u00eda de Pamplona \/ Noticias"},"image":{"@id":"https:\/\/www.laguiadepamplona.com\/actualidad\/#\/schema\/logo\/image\/"},"sameAs":["https:\/\/www.facebook.com\/laguiadepamplonacom-133175176762273\/?ref=hl","https:\/\/x.com\/LaGuiadPamplona","https:\/\/www.instagram.com\/la_guia_de_pamplona\/","https:\/\/www.youtube.com\/user\/laguiadepamplona"]},{"@type":"Person","@id":"https:\/\/www.laguiadepamplona.com\/actualidad\/#\/schema\/person\/efe887376f0213d4657c93adc50b1fdb","name":"La Gu\u00eda de Pamplona","image":{"@type":"ImageObject","inLanguage":"es","@id":"https:\/\/secure.gravatar.com\/avatar\/b6992f131dc8d30ab0dff15446e9d346d9dbd95992de0fef795073f5ea83a81c?s=96&d=mm&r=g","url":"https:\/\/secure.gravatar.com\/avatar\/b6992f131dc8d30ab0dff15446e9d346d9dbd95992de0fef795073f5ea83a81c?s=96&d=mm&r=g","contentUrl":"https:\/\/secure.gravatar.com\/avatar\/b6992f131dc8d30ab0dff15446e9d346d9dbd95992de0fef795073f5ea83a81c?s=96&d=mm&r=g","caption":"La Gu\u00eda de Pamplona"}}]}},"post_mailing_queue_ids":[],"_links":{"self":[{"href":"https:\/\/www.laguiadepamplona.com\/actualidad\/wp-json\/wp\/v2\/posts\/48613","targetHints":{"allow":["GET"]}}],"collection":[{"href":"https:\/\/www.laguiadepamplona.com\/actualidad\/wp-json\/wp\/v2\/posts"}],"about":[{"href":"https:\/\/www.laguiadepamplona.com\/actualidad\/wp-json\/wp\/v2\/types\/post"}],"author":[{"embeddable":true,"href":"https:\/\/www.laguiadepamplona.com\/actualidad\/wp-json\/wp\/v2\/users\/1"}],"replies":[{"embeddable":true,"href":"https:\/\/www.laguiadepamplona.com\/actualidad\/wp-json\/wp\/v2\/comments?post=48613"}],"version-history":[{"count":1,"href":"https:\/\/www.laguiadepamplona.com\/actualidad\/wp-json\/wp\/v2\/posts\/48613\/revisions"}],"predecessor-version":[{"id":48615,"href":"https:\/\/www.laguiadepamplona.com\/actualidad\/wp-json\/wp\/v2\/posts\/48613\/revisions\/48615"}],"wp:featuredmedia":[{"embeddable":true,"href":"https:\/\/www.laguiadepamplona.com\/actualidad\/wp-json\/wp\/v2\/media\/48614"}],"wp:attachment":[{"href":"https:\/\/www.laguiadepamplona.com\/actualidad\/wp-json\/wp\/v2\/media?parent=48613"}],"wp:term":[{"taxonomy":"category","embeddable":true,"href":"https:\/\/www.laguiadepamplona.com\/actualidad\/wp-json\/wp\/v2\/categories?post=48613"},{"taxonomy":"post_tag","embeddable":true,"href":"https:\/\/www.laguiadepamplona.com\/actualidad\/wp-json\/wp\/v2\/tags?post=48613"}],"curies":[{"name":"wp","href":"https:\/\/api.w.org\/{rel}","templated":true}]}}