{"id":48584,"date":"2024-01-30T19:10:36","date_gmt":"2024-01-30T17:10:36","guid":{"rendered":"https:\/\/www.laguiadepamplona.com\/actualidad\/?p=48584"},"modified":"2024-01-30T19:10:36","modified_gmt":"2024-01-30T17:10:36","slug":"el-alcalde-joseba-asiron-se-reune-con-la-directora-de-la-uned-de-pamplona-teresa-imizcoz","status":"publish","type":"post","link":"https:\/\/www.laguiadepamplona.com\/actualidad\/el-alcalde-joseba-asiron-se-reune-con-la-directora-de-la-uned-de-pamplona-teresa-imizcoz\/","title":{"rendered":"El alcalde Joseba Asiron se re\u00fane con la directora de la UNED de Pamplona, Teresa Im\u00edzcoz"},"content":{"rendered":"<p><!--more--><\/p>\n<p>El alcalde de Pamplona, Joseba Asiron, ha mantenido un encuentro institucional esta ma\u00f1ana en su despacho de la Casa Consistorial con la directora de la UNED Pamplona, Teresa Im\u00edzcoz Beunza. La reuni\u00f3n se inscribe dentro de la ronda de contactos que est\u00e1 manteniendo el alcalde desde su toma de posesi\u00f3n, el pasado 28 de diciembre, con entidades, instituciones y asociaciones del \u00e1mbito econ\u00f3mico, social, educativo y empresarial de Pamplona y Navarra.<br \/>\n<script async src=\"\/\/pagead2.googlesyndication.com\/pagead\/js\/adsbygoogle.js\"><\/script><br \/>\n<!-- Noticias La Guia de Pamplona --><br \/>\n<ins class=\"adsbygoogle\"\nstyle=\"display:block\"\ndata-ad-client=\"ca-pub-6943679897239327\"\ndata-ad-slot=\"7048180777\"\ndata-ad-format=\"auto\"><\/ins><br \/>\n<script>\n(adsbygoogle = window.adsbygoogle || []).push({});\n<\/script><\/p>\n<p>En la reuni\u00f3n, Asiron e Im\u00edzcoz han abordado aspectos relacionados con la oferta educativa que ofrece la ciudad, con un marcado car\u00e1cter universitario. En este sentido, la Universidad a Distancia viene a completar la oferta universitaria de la Universidad P\u00fablica de Navarra y la Universidad de Navarra. Teresa Im\u00edzcoz, doctora en Filolog\u00eda Hisp\u00e1nica y profesora de universidad, trabaj\u00f3 durante siete a\u00f1os como directora del Instituto Cervantes en Burdeos y Toulouse (2003-2010), reforzando los intercambios culturales entre ambos pa\u00edses, y desde 2011 era directora del Centro Asociado de la UNED en Vitoria-Gasteiz. En 2022 asumi\u00f3 la direcci\u00f3n de la universidad a distancia en Pamplona en 2022, en sustituci\u00f3n de Carmen Jusu\u00e9 Simonena.<\/p>\n<p>El Centro de UNED Pamplona comenz\u00f3 su andadura en 1973 y, en la actualidad, ofrece formaci\u00f3n a m\u00e1s de 4.000 estudiantes dentro de su amplia oferta educativa que incluye 30 titulaciones, cursos de Acceso para Mayores de 25 y 45 a\u00f1os, m\u00e1steres oficiales, cursos de formaci\u00f3n continua, UNED Senior y la ense\u00f1anza de ingl\u00e9s.<\/p>\n","protected":false},"excerpt":{"rendered":"","protected":false},"author":1,"featured_media":48585,"comment_status":"open","ping_status":"closed","sticky":false,"template":"","format":"standard","meta":{"footnotes":""},"categories":[2],"tags":[],"class_list":["post-48584","post","type-post","status-publish","format-standard","has-post-thumbnail","hentry","category-ayuntamiento-pamplona"],"yoast_head":"<!-- This site is optimized with the Yoast SEO plugin v27.3 - https:\/\/yoast.com\/product\/yoast-seo-wordpress\/ -->\n<title>El alcalde Joseba Asiron se re\u00fane con la directora de la UNED de Pamplona, Teresa Im\u00edzcoz<\/title>\n<meta name=\"description\" content=\"En la reuni\u00f3n, Asiron e Im\u00edzcoz han abordado aspectos relacionados con la oferta educativa que ofrece la ciudad, con un marcado car\u00e1cter universitario.\" \/>\n<meta name=\"robots\" content=\"index, follow, max-snippet:-1, max-image-preview:large, max-video-preview:-1\" \/>\n<link rel=\"canonical\" href=\"https:\/\/www.laguiadepamplona.com\/actualidad\/el-alcalde-joseba-asiron-se-reune-con-la-directora-de-la-uned-de-pamplona-teresa-imizcoz\/\" \/>\n<meta property=\"og:locale\" content=\"es_ES\" \/>\n<meta property=\"og:type\" content=\"article\" \/>\n<meta property=\"og:title\" content=\"El alcalde Joseba Asiron se re\u00fane con la directora de la UNED de Pamplona, Teresa Im\u00edzcoz\" \/>\n<meta property=\"og:description\" content=\"En la reuni\u00f3n, Asiron e Im\u00edzcoz han abordado aspectos relacionados con la oferta educativa que ofrece la ciudad, con un marcado car\u00e1cter universitario.\" \/>\n<meta property=\"og:url\" content=\"https:\/\/www.laguiadepamplona.com\/actualidad\/el-alcalde-joseba-asiron-se-reune-con-la-directora-de-la-uned-de-pamplona-teresa-imizcoz\/\" \/>\n<meta property=\"og:site_name\" content=\"La Gu\u00eda de Pamplona\" \/>\n<meta property=\"article:publisher\" content=\"https:\/\/www.facebook.com\/laguiadepamplonacom-133175176762273\/?ref=hl\" \/>\n<meta property=\"article:published_time\" content=\"2024-01-30T17:10:36+00:00\" \/>\n<meta property=\"og:image\" content=\"https:\/\/www.laguiadepamplona.com\/actualidad\/wp-content\/uploads\/2024\/01\/24_01_30-Teresa-Imizcoz_Q5A4946.webp\" \/>\n\t<meta property=\"og:image:width\" content=\"1200\" \/>\n\t<meta property=\"og:image:height\" content=\"800\" \/>\n\t<meta property=\"og:image:type\" content=\"image\/webp\" \/>\n<meta name=\"author\" content=\"La Gu\u00eda de Pamplona\" \/>\n<meta name=\"twitter:card\" content=\"summary_large_image\" \/>\n<meta name=\"twitter:creator\" content=\"@LaGuiadPamplona\" \/>\n<meta name=\"twitter:site\" content=\"@LaGuiadPamplona\" \/>\n<meta name=\"twitter:label1\" content=\"Escrito por\" \/>\n\t<meta name=\"twitter:data1\" content=\"La Gu\u00eda de Pamplona\" \/>\n\t<meta name=\"twitter:label2\" content=\"Tiempo de lectura\" \/>\n\t<meta name=\"twitter:data2\" content=\"2 minutos\" \/>\n<script type=\"application\/ld+json\" class=\"yoast-schema-graph\">{\"@context\":\"https:\\\/\\\/schema.org\",\"@graph\":[{\"@type\":\"Article\",\"@id\":\"https:\\\/\\\/www.laguiadepamplona.com\\\/actualidad\\\/el-alcalde-joseba-asiron-se-reune-con-la-directora-de-la-uned-de-pamplona-teresa-imizcoz\\\/#article\",\"isPartOf\":{\"@id\":\"https:\\\/\\\/www.laguiadepamplona.com\\\/actualidad\\\/el-alcalde-joseba-asiron-se-reune-con-la-directora-de-la-uned-de-pamplona-teresa-imizcoz\\\/\"},\"author\":{\"name\":\"La Gu\u00eda de Pamplona\",\"@id\":\"https:\\\/\\\/www.laguiadepamplona.com\\\/actualidad\\\/#\\\/schema\\\/person\\\/efe887376f0213d4657c93adc50b1fdb\"},\"headline\":\"El alcalde Joseba Asiron se re\u00fane con la directora de la UNED de Pamplona, Teresa Im\u00edzcoz\",\"datePublished\":\"2024-01-30T17:10:36+00:00\",\"mainEntityOfPage\":{\"@id\":\"https:\\\/\\\/www.laguiadepamplona.com\\\/actualidad\\\/el-alcalde-joseba-asiron-se-reune-con-la-directora-de-la-uned-de-pamplona-teresa-imizcoz\\\/\"},\"wordCount\":268,\"commentCount\":0,\"publisher\":{\"@id\":\"https:\\\/\\\/www.laguiadepamplona.com\\\/actualidad\\\/#organization\"},\"image\":{\"@id\":\"https:\\\/\\\/www.laguiadepamplona.com\\\/actualidad\\\/el-alcalde-joseba-asiron-se-reune-con-la-directora-de-la-uned-de-pamplona-teresa-imizcoz\\\/#primaryimage\"},\"thumbnailUrl\":\"https:\\\/\\\/www.laguiadepamplona.com\\\/actualidad\\\/wp-content\\\/uploads\\\/2024\\\/01\\\/24_01_30-Teresa-Imizcoz_Q5A4946.webp\",\"articleSection\":[\"Ayto Pamplona\"],\"inLanguage\":\"es\",\"potentialAction\":[{\"@type\":\"CommentAction\",\"name\":\"Comment\",\"target\":[\"https:\\\/\\\/www.laguiadepamplona.com\\\/actualidad\\\/el-alcalde-joseba-asiron-se-reune-con-la-directora-de-la-uned-de-pamplona-teresa-imizcoz\\\/#respond\"]}]},{\"@type\":\"WebPage\",\"@id\":\"https:\\\/\\\/www.laguiadepamplona.com\\\/actualidad\\\/el-alcalde-joseba-asiron-se-reune-con-la-directora-de-la-uned-de-pamplona-teresa-imizcoz\\\/\",\"url\":\"https:\\\/\\\/www.laguiadepamplona.com\\\/actualidad\\\/el-alcalde-joseba-asiron-se-reune-con-la-directora-de-la-uned-de-pamplona-teresa-imizcoz\\\/\",\"name\":\"El alcalde Joseba Asiron se re\u00fane con la directora de la UNED de Pamplona, Teresa Im\u00edzcoz\",\"isPartOf\":{\"@id\":\"https:\\\/\\\/www.laguiadepamplona.com\\\/actualidad\\\/#website\"},\"primaryImageOfPage\":{\"@id\":\"https:\\\/\\\/www.laguiadepamplona.com\\\/actualidad\\\/el-alcalde-joseba-asiron-se-reune-con-la-directora-de-la-uned-de-pamplona-teresa-imizcoz\\\/#primaryimage\"},\"image\":{\"@id\":\"https:\\\/\\\/www.laguiadepamplona.com\\\/actualidad\\\/el-alcalde-joseba-asiron-se-reune-con-la-directora-de-la-uned-de-pamplona-teresa-imizcoz\\\/#primaryimage\"},\"thumbnailUrl\":\"https:\\\/\\\/www.laguiadepamplona.com\\\/actualidad\\\/wp-content\\\/uploads\\\/2024\\\/01\\\/24_01_30-Teresa-Imizcoz_Q5A4946.webp\",\"datePublished\":\"2024-01-30T17:10:36+00:00\",\"description\":\"En la reuni\u00f3n, Asiron e Im\u00edzcoz han abordado aspectos relacionados con la oferta educativa que ofrece la ciudad, con un marcado car\u00e1cter universitario.\",\"breadcrumb\":{\"@id\":\"https:\\\/\\\/www.laguiadepamplona.com\\\/actualidad\\\/el-alcalde-joseba-asiron-se-reune-con-la-directora-de-la-uned-de-pamplona-teresa-imizcoz\\\/#breadcrumb\"},\"inLanguage\":\"es\",\"potentialAction\":[{\"@type\":\"ReadAction\",\"target\":[\"https:\\\/\\\/www.laguiadepamplona.com\\\/actualidad\\\/el-alcalde-joseba-asiron-se-reune-con-la-directora-de-la-uned-de-pamplona-teresa-imizcoz\\\/\"]}]},{\"@type\":\"ImageObject\",\"inLanguage\":\"es\",\"@id\":\"https:\\\/\\\/www.laguiadepamplona.com\\\/actualidad\\\/el-alcalde-joseba-asiron-se-reune-con-la-directora-de-la-uned-de-pamplona-teresa-imizcoz\\\/#primaryimage\",\"url\":\"https:\\\/\\\/www.laguiadepamplona.com\\\/actualidad\\\/wp-content\\\/uploads\\\/2024\\\/01\\\/24_01_30-Teresa-Imizcoz_Q5A4946.webp\",\"contentUrl\":\"https:\\\/\\\/www.laguiadepamplona.com\\\/actualidad\\\/wp-content\\\/uploads\\\/2024\\\/01\\\/24_01_30-Teresa-Imizcoz_Q5A4946.webp\",\"width\":1200,\"height\":800,\"caption\":\"alcalde y teresa imizcoz\"},{\"@type\":\"BreadcrumbList\",\"@id\":\"https:\\\/\\\/www.laguiadepamplona.com\\\/actualidad\\\/el-alcalde-joseba-asiron-se-reune-con-la-directora-de-la-uned-de-pamplona-teresa-imizcoz\\\/#breadcrumb\",\"itemListElement\":[{\"@type\":\"ListItem\",\"position\":1,\"name\":\"Portada\",\"item\":\"https:\\\/\\\/www.laguiadepamplona.com\\\/actualidad\\\/\"},{\"@type\":\"ListItem\",\"position\":2,\"name\":\"El alcalde Joseba Asiron se re\u00fane con la directora de la UNED de Pamplona, Teresa Im\u00edzcoz\"}]},{\"@type\":\"WebSite\",\"@id\":\"https:\\\/\\\/www.laguiadepamplona.com\\\/actualidad\\\/#website\",\"url\":\"https:\\\/\\\/www.laguiadepamplona.com\\\/actualidad\\\/\",\"name\":\"La gu\u00eda de Pamplona\",\"description\":\"Noticias de Pamplona\",\"publisher\":{\"@id\":\"https:\\\/\\\/www.laguiadepamplona.com\\\/actualidad\\\/#organization\"},\"potentialAction\":[{\"@type\":\"SearchAction\",\"target\":{\"@type\":\"EntryPoint\",\"urlTemplate\":\"https:\\\/\\\/www.laguiadepamplona.com\\\/actualidad\\\/?s={search_term_string}\"},\"query-input\":{\"@type\":\"PropertyValueSpecification\",\"valueRequired\":true,\"valueName\":\"search_term_string\"}}],\"inLanguage\":\"es\"},{\"@type\":\"Organization\",\"@id\":\"https:\\\/\\\/www.laguiadepamplona.com\\\/actualidad\\\/#organization\",\"name\":\"La Gu\u00eda de Pamplona \\\/ Noticias\",\"url\":\"https:\\\/\\\/www.laguiadepamplona.com\\\/actualidad\\\/\",\"logo\":{\"@type\":\"ImageObject\",\"inLanguage\":\"es\",\"@id\":\"https:\\\/\\\/www.laguiadepamplona.com\\\/actualidad\\\/#\\\/schema\\\/logo\\\/image\\\/\",\"url\":\"https:\\\/\\\/www.laguiadepamplona.com\\\/actualidad\\\/wp-content\\\/uploads\\\/2018\\\/11\\\/logo-laguiadepamplona18-web1.png\",\"contentUrl\":\"https:\\\/\\\/www.laguiadepamplona.com\\\/actualidad\\\/wp-content\\\/uploads\\\/2018\\\/11\\\/logo-laguiadepamplona18-web1.png\",\"width\":600,\"height\":196,\"caption\":\"La Gu\u00eda de Pamplona \\\/ Noticias\"},\"image\":{\"@id\":\"https:\\\/\\\/www.laguiadepamplona.com\\\/actualidad\\\/#\\\/schema\\\/logo\\\/image\\\/\"},\"sameAs\":[\"https:\\\/\\\/www.facebook.com\\\/laguiadepamplonacom-133175176762273\\\/?ref=hl\",\"https:\\\/\\\/x.com\\\/LaGuiadPamplona\",\"https:\\\/\\\/www.instagram.com\\\/la_guia_de_pamplona\\\/\",\"https:\\\/\\\/www.youtube.com\\\/user\\\/laguiadepamplona\"]},{\"@type\":\"Person\",\"@id\":\"https:\\\/\\\/www.laguiadepamplona.com\\\/actualidad\\\/#\\\/schema\\\/person\\\/efe887376f0213d4657c93adc50b1fdb\",\"name\":\"La Gu\u00eda de Pamplona\",\"image\":{\"@type\":\"ImageObject\",\"inLanguage\":\"es\",\"@id\":\"https:\\\/\\\/secure.gravatar.com\\\/avatar\\\/b6992f131dc8d30ab0dff15446e9d346d9dbd95992de0fef795073f5ea83a81c?s=96&d=mm&r=g\",\"url\":\"https:\\\/\\\/secure.gravatar.com\\\/avatar\\\/b6992f131dc8d30ab0dff15446e9d346d9dbd95992de0fef795073f5ea83a81c?s=96&d=mm&r=g\",\"contentUrl\":\"https:\\\/\\\/secure.gravatar.com\\\/avatar\\\/b6992f131dc8d30ab0dff15446e9d346d9dbd95992de0fef795073f5ea83a81c?s=96&d=mm&r=g\",\"caption\":\"La Gu\u00eda de Pamplona\"}}]}<\/script>\n<!-- \/ Yoast SEO plugin. -->","yoast_head_json":{"title":"El alcalde Joseba Asiron se re\u00fane con la directora de la UNED de Pamplona, Teresa Im\u00edzcoz","description":"En la reuni\u00f3n, Asiron e Im\u00edzcoz han abordado aspectos relacionados con la oferta educativa que ofrece la ciudad, con un marcado car\u00e1cter universitario.","robots":{"index":"index","follow":"follow","max-snippet":"max-snippet:-1","max-image-preview":"max-image-preview:large","max-video-preview":"max-video-preview:-1"},"canonical":"https:\/\/www.laguiadepamplona.com\/actualidad\/el-alcalde-joseba-asiron-se-reune-con-la-directora-de-la-uned-de-pamplona-teresa-imizcoz\/","og_locale":"es_ES","og_type":"article","og_title":"El alcalde Joseba Asiron se re\u00fane con la directora de la UNED de Pamplona, Teresa Im\u00edzcoz","og_description":"En la reuni\u00f3n, Asiron e Im\u00edzcoz han abordado aspectos relacionados con la oferta educativa que ofrece la ciudad, con un marcado car\u00e1cter universitario.","og_url":"https:\/\/www.laguiadepamplona.com\/actualidad\/el-alcalde-joseba-asiron-se-reune-con-la-directora-de-la-uned-de-pamplona-teresa-imizcoz\/","og_site_name":"La Gu\u00eda de Pamplona","article_publisher":"https:\/\/www.facebook.com\/laguiadepamplonacom-133175176762273\/?ref=hl","article_published_time":"2024-01-30T17:10:36+00:00","og_image":[{"width":1200,"height":800,"url":"https:\/\/www.laguiadepamplona.com\/actualidad\/wp-content\/uploads\/2024\/01\/24_01_30-Teresa-Imizcoz_Q5A4946.webp","type":"image\/webp"}],"author":"La Gu\u00eda de Pamplona","twitter_card":"summary_large_image","twitter_creator":"@LaGuiadPamplona","twitter_site":"@LaGuiadPamplona","twitter_misc":{"Escrito por":"La Gu\u00eda de Pamplona","Tiempo de lectura":"2 minutos"},"schema":{"@context":"https:\/\/schema.org","@graph":[{"@type":"Article","@id":"https:\/\/www.laguiadepamplona.com\/actualidad\/el-alcalde-joseba-asiron-se-reune-con-la-directora-de-la-uned-de-pamplona-teresa-imizcoz\/#article","isPartOf":{"@id":"https:\/\/www.laguiadepamplona.com\/actualidad\/el-alcalde-joseba-asiron-se-reune-con-la-directora-de-la-uned-de-pamplona-teresa-imizcoz\/"},"author":{"name":"La Gu\u00eda de Pamplona","@id":"https:\/\/www.laguiadepamplona.com\/actualidad\/#\/schema\/person\/efe887376f0213d4657c93adc50b1fdb"},"headline":"El alcalde Joseba Asiron se re\u00fane con la directora de la UNED de Pamplona, Teresa Im\u00edzcoz","datePublished":"2024-01-30T17:10:36+00:00","mainEntityOfPage":{"@id":"https:\/\/www.laguiadepamplona.com\/actualidad\/el-alcalde-joseba-asiron-se-reune-con-la-directora-de-la-uned-de-pamplona-teresa-imizcoz\/"},"wordCount":268,"commentCount":0,"publisher":{"@id":"https:\/\/www.laguiadepamplona.com\/actualidad\/#organization"},"image":{"@id":"https:\/\/www.laguiadepamplona.com\/actualidad\/el-alcalde-joseba-asiron-se-reune-con-la-directora-de-la-uned-de-pamplona-teresa-imizcoz\/#primaryimage"},"thumbnailUrl":"https:\/\/www.laguiadepamplona.com\/actualidad\/wp-content\/uploads\/2024\/01\/24_01_30-Teresa-Imizcoz_Q5A4946.webp","articleSection":["Ayto Pamplona"],"inLanguage":"es","potentialAction":[{"@type":"CommentAction","name":"Comment","target":["https:\/\/www.laguiadepamplona.com\/actualidad\/el-alcalde-joseba-asiron-se-reune-con-la-directora-de-la-uned-de-pamplona-teresa-imizcoz\/#respond"]}]},{"@type":"WebPage","@id":"https:\/\/www.laguiadepamplona.com\/actualidad\/el-alcalde-joseba-asiron-se-reune-con-la-directora-de-la-uned-de-pamplona-teresa-imizcoz\/","url":"https:\/\/www.laguiadepamplona.com\/actualidad\/el-alcalde-joseba-asiron-se-reune-con-la-directora-de-la-uned-de-pamplona-teresa-imizcoz\/","name":"El alcalde Joseba Asiron se re\u00fane con la directora de la UNED de Pamplona, Teresa Im\u00edzcoz","isPartOf":{"@id":"https:\/\/www.laguiadepamplona.com\/actualidad\/#website"},"primaryImageOfPage":{"@id":"https:\/\/www.laguiadepamplona.com\/actualidad\/el-alcalde-joseba-asiron-se-reune-con-la-directora-de-la-uned-de-pamplona-teresa-imizcoz\/#primaryimage"},"image":{"@id":"https:\/\/www.laguiadepamplona.com\/actualidad\/el-alcalde-joseba-asiron-se-reune-con-la-directora-de-la-uned-de-pamplona-teresa-imizcoz\/#primaryimage"},"thumbnailUrl":"https:\/\/www.laguiadepamplona.com\/actualidad\/wp-content\/uploads\/2024\/01\/24_01_30-Teresa-Imizcoz_Q5A4946.webp","datePublished":"2024-01-30T17:10:36+00:00","description":"En la reuni\u00f3n, Asiron e Im\u00edzcoz han abordado aspectos relacionados con la oferta educativa que ofrece la ciudad, con un marcado car\u00e1cter universitario.","breadcrumb":{"@id":"https:\/\/www.laguiadepamplona.com\/actualidad\/el-alcalde-joseba-asiron-se-reune-con-la-directora-de-la-uned-de-pamplona-teresa-imizcoz\/#breadcrumb"},"inLanguage":"es","potentialAction":[{"@type":"ReadAction","target":["https:\/\/www.laguiadepamplona.com\/actualidad\/el-alcalde-joseba-asiron-se-reune-con-la-directora-de-la-uned-de-pamplona-teresa-imizcoz\/"]}]},{"@type":"ImageObject","inLanguage":"es","@id":"https:\/\/www.laguiadepamplona.com\/actualidad\/el-alcalde-joseba-asiron-se-reune-con-la-directora-de-la-uned-de-pamplona-teresa-imizcoz\/#primaryimage","url":"https:\/\/www.laguiadepamplona.com\/actualidad\/wp-content\/uploads\/2024\/01\/24_01_30-Teresa-Imizcoz_Q5A4946.webp","contentUrl":"https:\/\/www.laguiadepamplona.com\/actualidad\/wp-content\/uploads\/2024\/01\/24_01_30-Teresa-Imizcoz_Q5A4946.webp","width":1200,"height":800,"caption":"alcalde y teresa imizcoz"},{"@type":"BreadcrumbList","@id":"https:\/\/www.laguiadepamplona.com\/actualidad\/el-alcalde-joseba-asiron-se-reune-con-la-directora-de-la-uned-de-pamplona-teresa-imizcoz\/#breadcrumb","itemListElement":[{"@type":"ListItem","position":1,"name":"Portada","item":"https:\/\/www.laguiadepamplona.com\/actualidad\/"},{"@type":"ListItem","position":2,"name":"El alcalde Joseba Asiron se re\u00fane con la directora de la UNED de Pamplona, Teresa Im\u00edzcoz"}]},{"@type":"WebSite","@id":"https:\/\/www.laguiadepamplona.com\/actualidad\/#website","url":"https:\/\/www.laguiadepamplona.com\/actualidad\/","name":"La gu\u00eda de Pamplona","description":"Noticias de Pamplona","publisher":{"@id":"https:\/\/www.laguiadepamplona.com\/actualidad\/#organization"},"potentialAction":[{"@type":"SearchAction","target":{"@type":"EntryPoint","urlTemplate":"https:\/\/www.laguiadepamplona.com\/actualidad\/?s={search_term_string}"},"query-input":{"@type":"PropertyValueSpecification","valueRequired":true,"valueName":"search_term_string"}}],"inLanguage":"es"},{"@type":"Organization","@id":"https:\/\/www.laguiadepamplona.com\/actualidad\/#organization","name":"La Gu\u00eda de Pamplona \/ Noticias","url":"https:\/\/www.laguiadepamplona.com\/actualidad\/","logo":{"@type":"ImageObject","inLanguage":"es","@id":"https:\/\/www.laguiadepamplona.com\/actualidad\/#\/schema\/logo\/image\/","url":"https:\/\/www.laguiadepamplona.com\/actualidad\/wp-content\/uploads\/2018\/11\/logo-laguiadepamplona18-web1.png","contentUrl":"https:\/\/www.laguiadepamplona.com\/actualidad\/wp-content\/uploads\/2018\/11\/logo-laguiadepamplona18-web1.png","width":600,"height":196,"caption":"La Gu\u00eda de Pamplona \/ Noticias"},"image":{"@id":"https:\/\/www.laguiadepamplona.com\/actualidad\/#\/schema\/logo\/image\/"},"sameAs":["https:\/\/www.facebook.com\/laguiadepamplonacom-133175176762273\/?ref=hl","https:\/\/x.com\/LaGuiadPamplona","https:\/\/www.instagram.com\/la_guia_de_pamplona\/","https:\/\/www.youtube.com\/user\/laguiadepamplona"]},{"@type":"Person","@id":"https:\/\/www.laguiadepamplona.com\/actualidad\/#\/schema\/person\/efe887376f0213d4657c93adc50b1fdb","name":"La Gu\u00eda de Pamplona","image":{"@type":"ImageObject","inLanguage":"es","@id":"https:\/\/secure.gravatar.com\/avatar\/b6992f131dc8d30ab0dff15446e9d346d9dbd95992de0fef795073f5ea83a81c?s=96&d=mm&r=g","url":"https:\/\/secure.gravatar.com\/avatar\/b6992f131dc8d30ab0dff15446e9d346d9dbd95992de0fef795073f5ea83a81c?s=96&d=mm&r=g","contentUrl":"https:\/\/secure.gravatar.com\/avatar\/b6992f131dc8d30ab0dff15446e9d346d9dbd95992de0fef795073f5ea83a81c?s=96&d=mm&r=g","caption":"La Gu\u00eda de Pamplona"}}]}},"post_mailing_queue_ids":[],"_links":{"self":[{"href":"https:\/\/www.laguiadepamplona.com\/actualidad\/wp-json\/wp\/v2\/posts\/48584","targetHints":{"allow":["GET"]}}],"collection":[{"href":"https:\/\/www.laguiadepamplona.com\/actualidad\/wp-json\/wp\/v2\/posts"}],"about":[{"href":"https:\/\/www.laguiadepamplona.com\/actualidad\/wp-json\/wp\/v2\/types\/post"}],"author":[{"embeddable":true,"href":"https:\/\/www.laguiadepamplona.com\/actualidad\/wp-json\/wp\/v2\/users\/1"}],"replies":[{"embeddable":true,"href":"https:\/\/www.laguiadepamplona.com\/actualidad\/wp-json\/wp\/v2\/comments?post=48584"}],"version-history":[{"count":1,"href":"https:\/\/www.laguiadepamplona.com\/actualidad\/wp-json\/wp\/v2\/posts\/48584\/revisions"}],"predecessor-version":[{"id":48586,"href":"https:\/\/www.laguiadepamplona.com\/actualidad\/wp-json\/wp\/v2\/posts\/48584\/revisions\/48586"}],"wp:featuredmedia":[{"embeddable":true,"href":"https:\/\/www.laguiadepamplona.com\/actualidad\/wp-json\/wp\/v2\/media\/48585"}],"wp:attachment":[{"href":"https:\/\/www.laguiadepamplona.com\/actualidad\/wp-json\/wp\/v2\/media?parent=48584"}],"wp:term":[{"taxonomy":"category","embeddable":true,"href":"https:\/\/www.laguiadepamplona.com\/actualidad\/wp-json\/wp\/v2\/categories?post=48584"},{"taxonomy":"post_tag","embeddable":true,"href":"https:\/\/www.laguiadepamplona.com\/actualidad\/wp-json\/wp\/v2\/tags?post=48584"}],"curies":[{"name":"wp","href":"https:\/\/api.w.org\/{rel}","templated":true}]}}