{"id":48582,"date":"2024-01-30T19:08:31","date_gmt":"2024-01-30T17:08:31","guid":{"rendered":"https:\/\/www.laguiadepamplona.com\/actualidad\/?p=48582"},"modified":"2024-01-30T19:08:31","modified_gmt":"2024-01-30T17:08:31","slug":"pamplona-actualizara-el-plan-estrategico-de-comercio-e-impulsara-el-relevo-generacional-para-minimizar-los-cierres-de-establecimientos","status":"publish","type":"post","link":"https:\/\/www.laguiadepamplona.com\/actualidad\/pamplona-actualizara-el-plan-estrategico-de-comercio-e-impulsara-el-relevo-generacional-para-minimizar-los-cierres-de-establecimientos\/","title":{"rendered":"Pamplona actualizar\u00e1 el Plan Estrat\u00e9gico de Comercio e impulsar\u00e1 el relevo generacional para minimizar los cierres de establecimientos"},"content":{"rendered":"<h2>El Consistorio trabajar\u00e1 tambi\u00e9n para convertir la ciudad en la primera capital del Camino de Santiago y asumir la capitalidad mundial de la pelota<\/h2>\n<p><!--more--><\/p>\n<p>El Ayuntamiento de Pamplona trabajar\u00e1 en los pr\u00f3ximos a\u00f1os para revitalizar el comercio en la ciudad, como una herramienta fundamental de cohesi\u00f3n social y geogr\u00e1fica, priorizando aspectos como el relevo generacional y recuperando la densidad de establecimientos en los distintos barrios. \u00c9sas son las l\u00edneas estrat\u00e9gicas fundamentales del \u00e1rea de Promoci\u00f3n Econ\u00f3mica, Proyecci\u00f3n Europea, Innovaci\u00f3n, Juventud y Cooperaci\u00f3n al Desarrollo, que lidera Koldo Mart\u00ednez Urionabarrenetxea (Geroa Bai), tal y como ha explicado \u00e9l mismo en la Comisi\u00f3n de Presidencia del Ayuntamiento, en una comparecencia realizada a petici\u00f3n propia.<br \/>\n<script async src=\"\/\/pagead2.googlesyndication.com\/pagead\/js\/adsbygoogle.js\"><\/script><br \/>\n<!-- Noticias La Guia de Pamplona --><br \/>\n<ins class=\"adsbygoogle\"\nstyle=\"display:block\"\ndata-ad-client=\"ca-pub-6943679897239327\"\ndata-ad-slot=\"7048180777\"\ndata-ad-format=\"auto\"><\/ins><br \/>\n<script>\n(adsbygoogle = window.adsbygoogle || []).push({});\n<\/script><\/p>\n<p>Los primeros pasos ir\u00e1n encaminados a actualizar el Plan Estrat\u00e9gico de Comercio, para poder obtener un diagn\u00f3stico adecuado de la salud comercial de la ciudad. Este plan ir\u00e1 de la mano de la convocatoria de la Mesa de Comercio, donde se prev\u00e9 reunir a todos los agentes implicados en el sector comercial para abordar aspectos que redunden en una mejora del comercio de ciudad. En este sentido, se trabajar\u00e1 en dise\u00f1ar acciones de dinamizaci\u00f3n y de formaci\u00f3n y capacitaci\u00f3n para profesionales del sector.<\/p>\n<p>El concejal Koldo Mart\u00ednez ha insistido en que los comerciantes de Pamplona pueden contar con el Ayuntamiento como un aliado para hacer frente a los nuevos retos del sector. Retos que pasan por convertirse en un producto atractivo y din\u00e1mico para la ciudadan\u00eda, con financiaci\u00f3n suficiente, capaz de acceder a procesos de modernizaci\u00f3n y capacitaci\u00f3n y alineado con las necesidades y demandas de la poblaci\u00f3n.<br \/>\n<script async src=\"\/\/pagead2.googlesyndication.com\/pagead\/js\/adsbygoogle.js\"><\/script><br \/>\n<!-- Noticias La Guia de Pamplona --><br \/>\n<ins class=\"adsbygoogle\"\nstyle=\"display:block\"\ndata-ad-client=\"ca-pub-6943679897239327\"\ndata-ad-slot=\"7048180777\"\ndata-ad-format=\"auto\"><\/ins><br \/>\n<script>\n(adsbygoogle = window.adsbygoogle || []).push({});\n<\/script><\/p>\n<p><strong>Pamplona, triple capital<\/strong><\/p>\n<p>Estrechamente relacionado con el comercio, esta \u00e1rea trabajar\u00e1 tambi\u00e9n por convertir a Pamplona en un destino tur\u00edstico desestacionalizado, que vaya m\u00e1s all\u00e1 de las fiestas de San Ferm\u00edn. Por ello, est\u00e1 trabajando por convertir Pamplona en la Capital Mundial de la Pelota, dentro de un proyecto transfronterizo, impulsado con las localidades de Huarte y de Biarritz, y que cuenta con el respaldo de las federaciones y el mundo pelotazale. Adem\u00e1s, quiere convertirse en la primera capital del Camino de Santiago, para lo que ya est\u00e1 trabajando en distintas acciones que mejoren la experiencia del peregrino.<\/p>\n<p>Al margen de estos dos objetivos concretos, desde el \u00e1rea conf\u00edan en poder gestionar de forma centralizada y conjunta los datos y la informaci\u00f3n de turismo que ahora se recogen por distintas v\u00edas. Ese tratamiento conjunto permitir\u00e1 contar con una imagen real del turismo en la ciudad, mejor perfilado y conociendo con m\u00e1s detalle las caracter\u00edsticas del turista que visita Pamplona y su entorno. De esta forma, se podr\u00e1 ofrecer un producto tur\u00edstico m\u00e1s acorde a las demandas y que tenga una mayor efectividad.<br \/>\n<script async src=\"\/\/pagead2.googlesyndication.com\/pagead\/js\/adsbygoogle.js\"><\/script><br \/>\n<!-- Noticias La Guia de Pamplona --><br \/>\n<ins class=\"adsbygoogle\"\nstyle=\"display:block\"\ndata-ad-client=\"ca-pub-6943679897239327\"\ndata-ad-slot=\"7048180777\"\ndata-ad-format=\"auto\"><\/ins><br \/>\n<script>\n(adsbygoogle = window.adsbygoogle || []).push({});\n<\/script><\/p>\n<p>Adem\u00e1s, el Ayuntamiento continuar\u00e1 desarrollando todos los proyectos del Plan de Turismo Sostenible en Destino (PTSD), que marcar\u00e1 las l\u00edneas estrat\u00e9gicas de actuaci\u00f3n en esta materia para los pr\u00f3ximos meses y a\u00f1os. El objetivo es ofrecer un producto sostenible, medioambiental y econ\u00f3micamente hablando, con proyecci\u00f3n nacional e internacional y que sea competitivo, y que trascienda m\u00e1s all\u00e1 de las fiestas de San Ferm\u00edn.<\/p>\n<p>Para todo ello, el Consistorio conf\u00eda en trabajar de la mano con otras instituciones y administraciones p\u00fablicas, que permitan la atracci\u00f3n no solo de turistas, sino tambi\u00e9n de empresas e inversiones tractoras, que permitan convertir a Pamplona en un punto neur\u00e1lgico econ\u00f3mica y tur\u00edsticamente hablando.<\/p>\n","protected":false},"excerpt":{"rendered":"<p>El Consistorio trabajar\u00e1 tambi\u00e9n para convertir la ciudad en la primera capital del Camino de Santiago y asumir la capitalidad mundial de la pelota<\/p>\n","protected":false},"author":1,"featured_media":48520,"comment_status":"open","ping_status":"closed","sticky":false,"template":"","format":"standard","meta":{"footnotes":""},"categories":[2],"tags":[],"class_list":["post-48582","post","type-post","status-publish","format-standard","has-post-thumbnail","hentry","category-ayuntamiento-pamplona"],"yoast_head":"<!-- This site is optimized with the Yoast SEO plugin v27.3 - https:\/\/yoast.com\/product\/yoast-seo-wordpress\/ -->\n<title>Pamplona actualizar\u00e1 el Plan Estrat\u00e9gico de Comercio e impulsar\u00e1 el relevo generacional para minimizar los cierres de establecimientos<\/title>\n<meta name=\"description\" content=\"El Consistorio trabajar\u00e1 tambi\u00e9n para convertir la ciudad en la primera capital del Camino de Santiago y asumir la capitalidad mundial de la pelota\" \/>\n<meta name=\"robots\" content=\"index, follow, max-snippet:-1, max-image-preview:large, max-video-preview:-1\" \/>\n<link rel=\"canonical\" href=\"https:\/\/www.laguiadepamplona.com\/actualidad\/pamplona-actualizara-el-plan-estrategico-de-comercio-e-impulsara-el-relevo-generacional-para-minimizar-los-cierres-de-establecimientos\/\" \/>\n<meta property=\"og:locale\" content=\"es_ES\" \/>\n<meta property=\"og:type\" content=\"article\" \/>\n<meta property=\"og:title\" content=\"Pamplona actualizar\u00e1 el Plan Estrat\u00e9gico de Comercio e impulsar\u00e1 el relevo generacional para minimizar los cierres de establecimientos\" \/>\n<meta property=\"og:description\" content=\"El Consistorio trabajar\u00e1 tambi\u00e9n para convertir la ciudad en la primera capital del Camino de Santiago y asumir la capitalidad mundial de la pelota\" \/>\n<meta property=\"og:url\" content=\"https:\/\/www.laguiadepamplona.com\/actualidad\/pamplona-actualizara-el-plan-estrategico-de-comercio-e-impulsara-el-relevo-generacional-para-minimizar-los-cierres-de-establecimientos\/\" \/>\n<meta property=\"og:site_name\" content=\"La Gu\u00eda de Pamplona\" \/>\n<meta property=\"article:publisher\" content=\"https:\/\/www.facebook.com\/laguiadepamplonacom-133175176762273\/?ref=hl\" \/>\n<meta property=\"article:published_time\" content=\"2024-01-30T17:08:31+00:00\" \/>\n<meta property=\"og:image\" content=\"https:\/\/www.laguiadepamplona.com\/actualidad\/wp-content\/uploads\/2024\/01\/pleno-ayuntamiento.webp\" \/>\n\t<meta property=\"og:image:width\" content=\"1200\" \/>\n\t<meta property=\"og:image:height\" content=\"800\" \/>\n\t<meta property=\"og:image:type\" content=\"image\/webp\" \/>\n<meta name=\"author\" content=\"La Gu\u00eda de Pamplona\" \/>\n<meta name=\"twitter:card\" content=\"summary_large_image\" \/>\n<meta name=\"twitter:creator\" content=\"@LaGuiadPamplona\" \/>\n<meta name=\"twitter:site\" content=\"@LaGuiadPamplona\" \/>\n<meta name=\"twitter:label1\" content=\"Escrito por\" \/>\n\t<meta name=\"twitter:data1\" content=\"La Gu\u00eda de Pamplona\" \/>\n\t<meta name=\"twitter:label2\" content=\"Tiempo de lectura\" \/>\n\t<meta name=\"twitter:data2\" content=\"3 minutos\" \/>\n<script type=\"application\/ld+json\" class=\"yoast-schema-graph\">{\"@context\":\"https:\\\/\\\/schema.org\",\"@graph\":[{\"@type\":\"Article\",\"@id\":\"https:\\\/\\\/www.laguiadepamplona.com\\\/actualidad\\\/pamplona-actualizara-el-plan-estrategico-de-comercio-e-impulsara-el-relevo-generacional-para-minimizar-los-cierres-de-establecimientos\\\/#article\",\"isPartOf\":{\"@id\":\"https:\\\/\\\/www.laguiadepamplona.com\\\/actualidad\\\/pamplona-actualizara-el-plan-estrategico-de-comercio-e-impulsara-el-relevo-generacional-para-minimizar-los-cierres-de-establecimientos\\\/\"},\"author\":{\"name\":\"La Gu\u00eda de Pamplona\",\"@id\":\"https:\\\/\\\/www.laguiadepamplona.com\\\/actualidad\\\/#\\\/schema\\\/person\\\/efe887376f0213d4657c93adc50b1fdb\"},\"headline\":\"Pamplona actualizar\u00e1 el Plan Estrat\u00e9gico de Comercio e impulsar\u00e1 el relevo generacional para minimizar los cierres de establecimientos\",\"datePublished\":\"2024-01-30T17:08:31+00:00\",\"mainEntityOfPage\":{\"@id\":\"https:\\\/\\\/www.laguiadepamplona.com\\\/actualidad\\\/pamplona-actualizara-el-plan-estrategico-de-comercio-e-impulsara-el-relevo-generacional-para-minimizar-los-cierres-de-establecimientos\\\/\"},\"wordCount\":627,\"commentCount\":0,\"publisher\":{\"@id\":\"https:\\\/\\\/www.laguiadepamplona.com\\\/actualidad\\\/#organization\"},\"image\":{\"@id\":\"https:\\\/\\\/www.laguiadepamplona.com\\\/actualidad\\\/pamplona-actualizara-el-plan-estrategico-de-comercio-e-impulsara-el-relevo-generacional-para-minimizar-los-cierres-de-establecimientos\\\/#primaryimage\"},\"thumbnailUrl\":\"https:\\\/\\\/www.laguiadepamplona.com\\\/actualidad\\\/wp-content\\\/uploads\\\/2024\\\/01\\\/pleno-ayuntamiento.webp\",\"articleSection\":[\"Ayto Pamplona\"],\"inLanguage\":\"es\",\"potentialAction\":[{\"@type\":\"CommentAction\",\"name\":\"Comment\",\"target\":[\"https:\\\/\\\/www.laguiadepamplona.com\\\/actualidad\\\/pamplona-actualizara-el-plan-estrategico-de-comercio-e-impulsara-el-relevo-generacional-para-minimizar-los-cierres-de-establecimientos\\\/#respond\"]}]},{\"@type\":\"WebPage\",\"@id\":\"https:\\\/\\\/www.laguiadepamplona.com\\\/actualidad\\\/pamplona-actualizara-el-plan-estrategico-de-comercio-e-impulsara-el-relevo-generacional-para-minimizar-los-cierres-de-establecimientos\\\/\",\"url\":\"https:\\\/\\\/www.laguiadepamplona.com\\\/actualidad\\\/pamplona-actualizara-el-plan-estrategico-de-comercio-e-impulsara-el-relevo-generacional-para-minimizar-los-cierres-de-establecimientos\\\/\",\"name\":\"Pamplona actualizar\u00e1 el Plan Estrat\u00e9gico de Comercio e impulsar\u00e1 el relevo generacional para minimizar los cierres de establecimientos\",\"isPartOf\":{\"@id\":\"https:\\\/\\\/www.laguiadepamplona.com\\\/actualidad\\\/#website\"},\"primaryImageOfPage\":{\"@id\":\"https:\\\/\\\/www.laguiadepamplona.com\\\/actualidad\\\/pamplona-actualizara-el-plan-estrategico-de-comercio-e-impulsara-el-relevo-generacional-para-minimizar-los-cierres-de-establecimientos\\\/#primaryimage\"},\"image\":{\"@id\":\"https:\\\/\\\/www.laguiadepamplona.com\\\/actualidad\\\/pamplona-actualizara-el-plan-estrategico-de-comercio-e-impulsara-el-relevo-generacional-para-minimizar-los-cierres-de-establecimientos\\\/#primaryimage\"},\"thumbnailUrl\":\"https:\\\/\\\/www.laguiadepamplona.com\\\/actualidad\\\/wp-content\\\/uploads\\\/2024\\\/01\\\/pleno-ayuntamiento.webp\",\"datePublished\":\"2024-01-30T17:08:31+00:00\",\"description\":\"El Consistorio trabajar\u00e1 tambi\u00e9n para convertir la ciudad en la primera capital del Camino de Santiago y asumir la capitalidad mundial de la pelota\",\"breadcrumb\":{\"@id\":\"https:\\\/\\\/www.laguiadepamplona.com\\\/actualidad\\\/pamplona-actualizara-el-plan-estrategico-de-comercio-e-impulsara-el-relevo-generacional-para-minimizar-los-cierres-de-establecimientos\\\/#breadcrumb\"},\"inLanguage\":\"es\",\"potentialAction\":[{\"@type\":\"ReadAction\",\"target\":[\"https:\\\/\\\/www.laguiadepamplona.com\\\/actualidad\\\/pamplona-actualizara-el-plan-estrategico-de-comercio-e-impulsara-el-relevo-generacional-para-minimizar-los-cierres-de-establecimientos\\\/\"]}]},{\"@type\":\"ImageObject\",\"inLanguage\":\"es\",\"@id\":\"https:\\\/\\\/www.laguiadepamplona.com\\\/actualidad\\\/pamplona-actualizara-el-plan-estrategico-de-comercio-e-impulsara-el-relevo-generacional-para-minimizar-los-cierres-de-establecimientos\\\/#primaryimage\",\"url\":\"https:\\\/\\\/www.laguiadepamplona.com\\\/actualidad\\\/wp-content\\\/uploads\\\/2024\\\/01\\\/pleno-ayuntamiento.webp\",\"contentUrl\":\"https:\\\/\\\/www.laguiadepamplona.com\\\/actualidad\\\/wp-content\\\/uploads\\\/2024\\\/01\\\/pleno-ayuntamiento.webp\",\"width\":1200,\"height\":800,\"caption\":\"pleno ayuntamiento\"},{\"@type\":\"BreadcrumbList\",\"@id\":\"https:\\\/\\\/www.laguiadepamplona.com\\\/actualidad\\\/pamplona-actualizara-el-plan-estrategico-de-comercio-e-impulsara-el-relevo-generacional-para-minimizar-los-cierres-de-establecimientos\\\/#breadcrumb\",\"itemListElement\":[{\"@type\":\"ListItem\",\"position\":1,\"name\":\"Portada\",\"item\":\"https:\\\/\\\/www.laguiadepamplona.com\\\/actualidad\\\/\"},{\"@type\":\"ListItem\",\"position\":2,\"name\":\"Pamplona actualizar\u00e1 el Plan Estrat\u00e9gico de Comercio e impulsar\u00e1 el relevo generacional para minimizar los cierres de establecimientos\"}]},{\"@type\":\"WebSite\",\"@id\":\"https:\\\/\\\/www.laguiadepamplona.com\\\/actualidad\\\/#website\",\"url\":\"https:\\\/\\\/www.laguiadepamplona.com\\\/actualidad\\\/\",\"name\":\"La gu\u00eda de Pamplona\",\"description\":\"Noticias de Pamplona\",\"publisher\":{\"@id\":\"https:\\\/\\\/www.laguiadepamplona.com\\\/actualidad\\\/#organization\"},\"potentialAction\":[{\"@type\":\"SearchAction\",\"target\":{\"@type\":\"EntryPoint\",\"urlTemplate\":\"https:\\\/\\\/www.laguiadepamplona.com\\\/actualidad\\\/?s={search_term_string}\"},\"query-input\":{\"@type\":\"PropertyValueSpecification\",\"valueRequired\":true,\"valueName\":\"search_term_string\"}}],\"inLanguage\":\"es\"},{\"@type\":\"Organization\",\"@id\":\"https:\\\/\\\/www.laguiadepamplona.com\\\/actualidad\\\/#organization\",\"name\":\"La Gu\u00eda de Pamplona \\\/ Noticias\",\"url\":\"https:\\\/\\\/www.laguiadepamplona.com\\\/actualidad\\\/\",\"logo\":{\"@type\":\"ImageObject\",\"inLanguage\":\"es\",\"@id\":\"https:\\\/\\\/www.laguiadepamplona.com\\\/actualidad\\\/#\\\/schema\\\/logo\\\/image\\\/\",\"url\":\"https:\\\/\\\/www.laguiadepamplona.com\\\/actualidad\\\/wp-content\\\/uploads\\\/2018\\\/11\\\/logo-laguiadepamplona18-web1.png\",\"contentUrl\":\"https:\\\/\\\/www.laguiadepamplona.com\\\/actualidad\\\/wp-content\\\/uploads\\\/2018\\\/11\\\/logo-laguiadepamplona18-web1.png\",\"width\":600,\"height\":196,\"caption\":\"La Gu\u00eda de Pamplona \\\/ Noticias\"},\"image\":{\"@id\":\"https:\\\/\\\/www.laguiadepamplona.com\\\/actualidad\\\/#\\\/schema\\\/logo\\\/image\\\/\"},\"sameAs\":[\"https:\\\/\\\/www.facebook.com\\\/laguiadepamplonacom-133175176762273\\\/?ref=hl\",\"https:\\\/\\\/x.com\\\/LaGuiadPamplona\",\"https:\\\/\\\/www.instagram.com\\\/la_guia_de_pamplona\\\/\",\"https:\\\/\\\/www.youtube.com\\\/user\\\/laguiadepamplona\"]},{\"@type\":\"Person\",\"@id\":\"https:\\\/\\\/www.laguiadepamplona.com\\\/actualidad\\\/#\\\/schema\\\/person\\\/efe887376f0213d4657c93adc50b1fdb\",\"name\":\"La Gu\u00eda de Pamplona\",\"image\":{\"@type\":\"ImageObject\",\"inLanguage\":\"es\",\"@id\":\"https:\\\/\\\/secure.gravatar.com\\\/avatar\\\/b6992f131dc8d30ab0dff15446e9d346d9dbd95992de0fef795073f5ea83a81c?s=96&d=mm&r=g\",\"url\":\"https:\\\/\\\/secure.gravatar.com\\\/avatar\\\/b6992f131dc8d30ab0dff15446e9d346d9dbd95992de0fef795073f5ea83a81c?s=96&d=mm&r=g\",\"contentUrl\":\"https:\\\/\\\/secure.gravatar.com\\\/avatar\\\/b6992f131dc8d30ab0dff15446e9d346d9dbd95992de0fef795073f5ea83a81c?s=96&d=mm&r=g\",\"caption\":\"La Gu\u00eda de Pamplona\"}}]}<\/script>\n<!-- \/ Yoast SEO plugin. -->","yoast_head_json":{"title":"Pamplona actualizar\u00e1 el Plan Estrat\u00e9gico de Comercio e impulsar\u00e1 el relevo generacional para minimizar los cierres de establecimientos","description":"El Consistorio trabajar\u00e1 tambi\u00e9n para convertir la ciudad en la primera capital del Camino de Santiago y asumir la capitalidad mundial de la pelota","robots":{"index":"index","follow":"follow","max-snippet":"max-snippet:-1","max-image-preview":"max-image-preview:large","max-video-preview":"max-video-preview:-1"},"canonical":"https:\/\/www.laguiadepamplona.com\/actualidad\/pamplona-actualizara-el-plan-estrategico-de-comercio-e-impulsara-el-relevo-generacional-para-minimizar-los-cierres-de-establecimientos\/","og_locale":"es_ES","og_type":"article","og_title":"Pamplona actualizar\u00e1 el Plan Estrat\u00e9gico de Comercio e impulsar\u00e1 el relevo generacional para minimizar los cierres de establecimientos","og_description":"El Consistorio trabajar\u00e1 tambi\u00e9n para convertir la ciudad en la primera capital del Camino de Santiago y asumir la capitalidad mundial de la pelota","og_url":"https:\/\/www.laguiadepamplona.com\/actualidad\/pamplona-actualizara-el-plan-estrategico-de-comercio-e-impulsara-el-relevo-generacional-para-minimizar-los-cierres-de-establecimientos\/","og_site_name":"La Gu\u00eda de Pamplona","article_publisher":"https:\/\/www.facebook.com\/laguiadepamplonacom-133175176762273\/?ref=hl","article_published_time":"2024-01-30T17:08:31+00:00","og_image":[{"width":1200,"height":800,"url":"https:\/\/www.laguiadepamplona.com\/actualidad\/wp-content\/uploads\/2024\/01\/pleno-ayuntamiento.webp","type":"image\/webp"}],"author":"La Gu\u00eda de Pamplona","twitter_card":"summary_large_image","twitter_creator":"@LaGuiadPamplona","twitter_site":"@LaGuiadPamplona","twitter_misc":{"Escrito por":"La Gu\u00eda de Pamplona","Tiempo de lectura":"3 minutos"},"schema":{"@context":"https:\/\/schema.org","@graph":[{"@type":"Article","@id":"https:\/\/www.laguiadepamplona.com\/actualidad\/pamplona-actualizara-el-plan-estrategico-de-comercio-e-impulsara-el-relevo-generacional-para-minimizar-los-cierres-de-establecimientos\/#article","isPartOf":{"@id":"https:\/\/www.laguiadepamplona.com\/actualidad\/pamplona-actualizara-el-plan-estrategico-de-comercio-e-impulsara-el-relevo-generacional-para-minimizar-los-cierres-de-establecimientos\/"},"author":{"name":"La Gu\u00eda de Pamplona","@id":"https:\/\/www.laguiadepamplona.com\/actualidad\/#\/schema\/person\/efe887376f0213d4657c93adc50b1fdb"},"headline":"Pamplona actualizar\u00e1 el Plan Estrat\u00e9gico de Comercio e impulsar\u00e1 el relevo generacional para minimizar los cierres de establecimientos","datePublished":"2024-01-30T17:08:31+00:00","mainEntityOfPage":{"@id":"https:\/\/www.laguiadepamplona.com\/actualidad\/pamplona-actualizara-el-plan-estrategico-de-comercio-e-impulsara-el-relevo-generacional-para-minimizar-los-cierres-de-establecimientos\/"},"wordCount":627,"commentCount":0,"publisher":{"@id":"https:\/\/www.laguiadepamplona.com\/actualidad\/#organization"},"image":{"@id":"https:\/\/www.laguiadepamplona.com\/actualidad\/pamplona-actualizara-el-plan-estrategico-de-comercio-e-impulsara-el-relevo-generacional-para-minimizar-los-cierres-de-establecimientos\/#primaryimage"},"thumbnailUrl":"https:\/\/www.laguiadepamplona.com\/actualidad\/wp-content\/uploads\/2024\/01\/pleno-ayuntamiento.webp","articleSection":["Ayto Pamplona"],"inLanguage":"es","potentialAction":[{"@type":"CommentAction","name":"Comment","target":["https:\/\/www.laguiadepamplona.com\/actualidad\/pamplona-actualizara-el-plan-estrategico-de-comercio-e-impulsara-el-relevo-generacional-para-minimizar-los-cierres-de-establecimientos\/#respond"]}]},{"@type":"WebPage","@id":"https:\/\/www.laguiadepamplona.com\/actualidad\/pamplona-actualizara-el-plan-estrategico-de-comercio-e-impulsara-el-relevo-generacional-para-minimizar-los-cierres-de-establecimientos\/","url":"https:\/\/www.laguiadepamplona.com\/actualidad\/pamplona-actualizara-el-plan-estrategico-de-comercio-e-impulsara-el-relevo-generacional-para-minimizar-los-cierres-de-establecimientos\/","name":"Pamplona actualizar\u00e1 el Plan Estrat\u00e9gico de Comercio e impulsar\u00e1 el relevo generacional para minimizar los cierres de establecimientos","isPartOf":{"@id":"https:\/\/www.laguiadepamplona.com\/actualidad\/#website"},"primaryImageOfPage":{"@id":"https:\/\/www.laguiadepamplona.com\/actualidad\/pamplona-actualizara-el-plan-estrategico-de-comercio-e-impulsara-el-relevo-generacional-para-minimizar-los-cierres-de-establecimientos\/#primaryimage"},"image":{"@id":"https:\/\/www.laguiadepamplona.com\/actualidad\/pamplona-actualizara-el-plan-estrategico-de-comercio-e-impulsara-el-relevo-generacional-para-minimizar-los-cierres-de-establecimientos\/#primaryimage"},"thumbnailUrl":"https:\/\/www.laguiadepamplona.com\/actualidad\/wp-content\/uploads\/2024\/01\/pleno-ayuntamiento.webp","datePublished":"2024-01-30T17:08:31+00:00","description":"El Consistorio trabajar\u00e1 tambi\u00e9n para convertir la ciudad en la primera capital del Camino de Santiago y asumir la capitalidad mundial de la pelota","breadcrumb":{"@id":"https:\/\/www.laguiadepamplona.com\/actualidad\/pamplona-actualizara-el-plan-estrategico-de-comercio-e-impulsara-el-relevo-generacional-para-minimizar-los-cierres-de-establecimientos\/#breadcrumb"},"inLanguage":"es","potentialAction":[{"@type":"ReadAction","target":["https:\/\/www.laguiadepamplona.com\/actualidad\/pamplona-actualizara-el-plan-estrategico-de-comercio-e-impulsara-el-relevo-generacional-para-minimizar-los-cierres-de-establecimientos\/"]}]},{"@type":"ImageObject","inLanguage":"es","@id":"https:\/\/www.laguiadepamplona.com\/actualidad\/pamplona-actualizara-el-plan-estrategico-de-comercio-e-impulsara-el-relevo-generacional-para-minimizar-los-cierres-de-establecimientos\/#primaryimage","url":"https:\/\/www.laguiadepamplona.com\/actualidad\/wp-content\/uploads\/2024\/01\/pleno-ayuntamiento.webp","contentUrl":"https:\/\/www.laguiadepamplona.com\/actualidad\/wp-content\/uploads\/2024\/01\/pleno-ayuntamiento.webp","width":1200,"height":800,"caption":"pleno ayuntamiento"},{"@type":"BreadcrumbList","@id":"https:\/\/www.laguiadepamplona.com\/actualidad\/pamplona-actualizara-el-plan-estrategico-de-comercio-e-impulsara-el-relevo-generacional-para-minimizar-los-cierres-de-establecimientos\/#breadcrumb","itemListElement":[{"@type":"ListItem","position":1,"name":"Portada","item":"https:\/\/www.laguiadepamplona.com\/actualidad\/"},{"@type":"ListItem","position":2,"name":"Pamplona actualizar\u00e1 el Plan Estrat\u00e9gico de Comercio e impulsar\u00e1 el relevo generacional para minimizar los cierres de establecimientos"}]},{"@type":"WebSite","@id":"https:\/\/www.laguiadepamplona.com\/actualidad\/#website","url":"https:\/\/www.laguiadepamplona.com\/actualidad\/","name":"La gu\u00eda de Pamplona","description":"Noticias de Pamplona","publisher":{"@id":"https:\/\/www.laguiadepamplona.com\/actualidad\/#organization"},"potentialAction":[{"@type":"SearchAction","target":{"@type":"EntryPoint","urlTemplate":"https:\/\/www.laguiadepamplona.com\/actualidad\/?s={search_term_string}"},"query-input":{"@type":"PropertyValueSpecification","valueRequired":true,"valueName":"search_term_string"}}],"inLanguage":"es"},{"@type":"Organization","@id":"https:\/\/www.laguiadepamplona.com\/actualidad\/#organization","name":"La Gu\u00eda de Pamplona \/ Noticias","url":"https:\/\/www.laguiadepamplona.com\/actualidad\/","logo":{"@type":"ImageObject","inLanguage":"es","@id":"https:\/\/www.laguiadepamplona.com\/actualidad\/#\/schema\/logo\/image\/","url":"https:\/\/www.laguiadepamplona.com\/actualidad\/wp-content\/uploads\/2018\/11\/logo-laguiadepamplona18-web1.png","contentUrl":"https:\/\/www.laguiadepamplona.com\/actualidad\/wp-content\/uploads\/2018\/11\/logo-laguiadepamplona18-web1.png","width":600,"height":196,"caption":"La Gu\u00eda de Pamplona \/ Noticias"},"image":{"@id":"https:\/\/www.laguiadepamplona.com\/actualidad\/#\/schema\/logo\/image\/"},"sameAs":["https:\/\/www.facebook.com\/laguiadepamplonacom-133175176762273\/?ref=hl","https:\/\/x.com\/LaGuiadPamplona","https:\/\/www.instagram.com\/la_guia_de_pamplona\/","https:\/\/www.youtube.com\/user\/laguiadepamplona"]},{"@type":"Person","@id":"https:\/\/www.laguiadepamplona.com\/actualidad\/#\/schema\/person\/efe887376f0213d4657c93adc50b1fdb","name":"La Gu\u00eda de Pamplona","image":{"@type":"ImageObject","inLanguage":"es","@id":"https:\/\/secure.gravatar.com\/avatar\/b6992f131dc8d30ab0dff15446e9d346d9dbd95992de0fef795073f5ea83a81c?s=96&d=mm&r=g","url":"https:\/\/secure.gravatar.com\/avatar\/b6992f131dc8d30ab0dff15446e9d346d9dbd95992de0fef795073f5ea83a81c?s=96&d=mm&r=g","contentUrl":"https:\/\/secure.gravatar.com\/avatar\/b6992f131dc8d30ab0dff15446e9d346d9dbd95992de0fef795073f5ea83a81c?s=96&d=mm&r=g","caption":"La Gu\u00eda de Pamplona"}}]}},"post_mailing_queue_ids":[],"_links":{"self":[{"href":"https:\/\/www.laguiadepamplona.com\/actualidad\/wp-json\/wp\/v2\/posts\/48582","targetHints":{"allow":["GET"]}}],"collection":[{"href":"https:\/\/www.laguiadepamplona.com\/actualidad\/wp-json\/wp\/v2\/posts"}],"about":[{"href":"https:\/\/www.laguiadepamplona.com\/actualidad\/wp-json\/wp\/v2\/types\/post"}],"author":[{"embeddable":true,"href":"https:\/\/www.laguiadepamplona.com\/actualidad\/wp-json\/wp\/v2\/users\/1"}],"replies":[{"embeddable":true,"href":"https:\/\/www.laguiadepamplona.com\/actualidad\/wp-json\/wp\/v2\/comments?post=48582"}],"version-history":[{"count":1,"href":"https:\/\/www.laguiadepamplona.com\/actualidad\/wp-json\/wp\/v2\/posts\/48582\/revisions"}],"predecessor-version":[{"id":48583,"href":"https:\/\/www.laguiadepamplona.com\/actualidad\/wp-json\/wp\/v2\/posts\/48582\/revisions\/48583"}],"wp:featuredmedia":[{"embeddable":true,"href":"https:\/\/www.laguiadepamplona.com\/actualidad\/wp-json\/wp\/v2\/media\/48520"}],"wp:attachment":[{"href":"https:\/\/www.laguiadepamplona.com\/actualidad\/wp-json\/wp\/v2\/media?parent=48582"}],"wp:term":[{"taxonomy":"category","embeddable":true,"href":"https:\/\/www.laguiadepamplona.com\/actualidad\/wp-json\/wp\/v2\/categories?post=48582"},{"taxonomy":"post_tag","embeddable":true,"href":"https:\/\/www.laguiadepamplona.com\/actualidad\/wp-json\/wp\/v2\/tags?post=48582"}],"curies":[{"name":"wp","href":"https:\/\/api.w.org\/{rel}","templated":true}]}}