{"id":48550,"date":"2024-01-25T17:49:00","date_gmt":"2024-01-25T15:49:00","guid":{"rendered":"https:\/\/www.laguiadepamplona.com\/actualidad\/?p=48550"},"modified":"2024-01-25T17:49:00","modified_gmt":"2024-01-25T15:49:00","slug":"la-casa-de-la-juventud-vuelve-a-programar-el-ciclo-ascena-para-dar-a-conocer-propuestas-musicales-de-jovenes-de-pamplona","status":"publish","type":"post","link":"https:\/\/www.laguiadepamplona.com\/actualidad\/la-casa-de-la-juventud-vuelve-a-programar-el-ciclo-ascena-para-dar-a-conocer-propuestas-musicales-de-jovenes-de-pamplona\/","title":{"rendered":"La Casa de la Juventud vuelve a programar el ciclo #aScena! para dar a conocer propuestas musicales de j\u00f3venes de Pamplona"},"content":{"rendered":"<h2>Este viernes abre los conciertos Ganer, artista urbano de la improvisaci\u00f3n, que actuar\u00e1 a partir de las 19 horas<\/h2>\n<p><!--more--><\/p>\n<p>La m\u00fasica urbana ser\u00e1 la protagonista del primer concierto del ciclo #aScena! que la Casa de la Juventud retoma este viernes. Se trata de un ciclo que busca apoyar las propuestas e iniciativas musicales de j\u00f3venes de Pamplona con una oportunidad de actuar ante el p\u00fablico. El artista urbano Ganer abrir\u00e1 este ciclo ma\u00f1ana viernes, a partir de las 19 horas, con entrada libre, previa retirada de invitaciones desde un d\u00eda antes.<\/p>\n<p>Por el momento, se han programado tres conciertos, que se celebrar\u00e1n a lo largo del primer trimestre del a\u00f1o, a raz\u00f3n de uno cada mes. Tras la actuaci\u00f3n de Ganer en enero, las siguientes que se subir\u00e1n al escenario de la Casa de la Juventud ser\u00e1n las componentes de un tr\u00edo que hace versiones de diferentes estilos. Arrate, Amaia y Luana actuar\u00e1n el viernes 23 de febrero. Ya en marzo, ser\u00e1 el turno de Naroak, formaci\u00f3n que ofrecer\u00e1 el viernes 22 de marzo diferentes versiones ac\u00fasticas de canciones en euskera.<br \/>\n<script async src=\"\/\/pagead2.googlesyndication.com\/pagead\/js\/adsbygoogle.js\"><\/script><br \/>\n<!-- Noticias La Guia de Pamplona --><br \/>\n<ins class=\"adsbygoogle\"\nstyle=\"display:block\"\ndata-ad-client=\"ca-pub-6943679897239327\"\ndata-ad-slot=\"7048180777\"\ndata-ad-format=\"auto\"><\/ins><br \/>\n<script>\n(adsbygoogle = window.adsbygoogle || []).push({});\n<\/script><\/p>\n<p><strong>M\u00e1s de una d\u00e9cada de m\u00fasica urbana<\/strong><\/p>\n<p>Ganer es un joven de 26 a\u00f1os, artista de m\u00fasica urbana que lleva m\u00e1s de 10 a\u00f1os haciendo m\u00fasica y freestyle. Fan\u00e1tico del rap y el freestyle, ha participado y organizado diferentes eventos de improvisaci\u00f3n, consiguiendo as\u00ed tener presencia en numerosos conciertos y competiciones por Navarra. Ha actuado entre otros, en el festival Holika, en la Sala T\u00f3tem, en la Carbonera o en espacios abiertos como la Ciudadela.<\/p>\n<p>Sus referencias est\u00e1n en el rap espa\u00f1ol y latinoamericano pero, sobre todo, se identifica con el rap underground madrile\u00f1o. Sin perder su esencia y personalidad, ese estilo madrile\u00f1o se ve reflejado en sus letras y ritmos, cuidando minuciosamente el mensaje y dando gran importancia a sus valores y vivencias personales.<\/p>\n","protected":false},"excerpt":{"rendered":"<p>Este viernes abre los conciertos Ganer, artista urbano de la improvisaci\u00f3n, que actuar\u00e1 a partir de las 19 horas<\/p>\n","protected":false},"author":1,"featured_media":48551,"comment_status":"open","ping_status":"closed","sticky":false,"template":"","format":"standard","meta":{"footnotes":""},"categories":[2],"tags":[],"class_list":["post-48550","post","type-post","status-publish","format-standard","has-post-thumbnail","hentry","category-ayuntamiento-pamplona"],"yoast_head":"<!-- This site is optimized with the Yoast SEO plugin v27.3 - https:\/\/yoast.com\/product\/yoast-seo-wordpress\/ -->\n<title>La Casa de la Juventud vuelve a programar el ciclo #aScena! para dar a conocer propuestas musicales de j\u00f3venes de Pamplona<\/title>\n<meta name=\"description\" content=\"Este viernes abre los conciertos Ganer, artista urbano de la improvisaci\u00f3n, que actuar\u00e1 a partir de las 19 horas\" \/>\n<meta name=\"robots\" content=\"index, follow, max-snippet:-1, max-image-preview:large, max-video-preview:-1\" \/>\n<link rel=\"canonical\" href=\"https:\/\/www.laguiadepamplona.com\/actualidad\/la-casa-de-la-juventud-vuelve-a-programar-el-ciclo-ascena-para-dar-a-conocer-propuestas-musicales-de-jovenes-de-pamplona\/\" \/>\n<meta property=\"og:locale\" content=\"es_ES\" \/>\n<meta property=\"og:type\" content=\"article\" \/>\n<meta property=\"og:title\" content=\"La Casa de la Juventud vuelve a programar el ciclo #aScena! para dar a conocer propuestas musicales de j\u00f3venes de Pamplona\" \/>\n<meta property=\"og:description\" content=\"Este viernes abre los conciertos Ganer, artista urbano de la improvisaci\u00f3n, que actuar\u00e1 a partir de las 19 horas\" \/>\n<meta property=\"og:url\" content=\"https:\/\/www.laguiadepamplona.com\/actualidad\/la-casa-de-la-juventud-vuelve-a-programar-el-ciclo-ascena-para-dar-a-conocer-propuestas-musicales-de-jovenes-de-pamplona\/\" \/>\n<meta property=\"og:site_name\" content=\"La Gu\u00eda de Pamplona\" \/>\n<meta property=\"article:publisher\" content=\"https:\/\/www.facebook.com\/laguiadepamplonacom-133175176762273\/?ref=hl\" \/>\n<meta property=\"article:published_time\" content=\"2024-01-25T15:49:00+00:00\" \/>\n<meta property=\"og:image\" content=\"https:\/\/www.laguiadepamplona.com\/actualidad\/wp-content\/uploads\/2024\/01\/concierto-con-ganer.webp\" \/>\n\t<meta property=\"og:image:width\" content=\"820\" \/>\n\t<meta property=\"og:image:height\" content=\"731\" \/>\n\t<meta property=\"og:image:type\" content=\"image\/webp\" \/>\n<meta name=\"author\" content=\"La Gu\u00eda de Pamplona\" \/>\n<meta name=\"twitter:card\" content=\"summary_large_image\" \/>\n<meta name=\"twitter:creator\" content=\"@LaGuiadPamplona\" \/>\n<meta name=\"twitter:site\" content=\"@LaGuiadPamplona\" \/>\n<meta name=\"twitter:label1\" content=\"Escrito por\" \/>\n\t<meta name=\"twitter:data1\" content=\"La Gu\u00eda de Pamplona\" \/>\n\t<meta name=\"twitter:label2\" content=\"Tiempo de lectura\" \/>\n\t<meta name=\"twitter:data2\" content=\"2 minutos\" \/>\n<script type=\"application\/ld+json\" class=\"yoast-schema-graph\">{\"@context\":\"https:\\\/\\\/schema.org\",\"@graph\":[{\"@type\":\"Article\",\"@id\":\"https:\\\/\\\/www.laguiadepamplona.com\\\/actualidad\\\/la-casa-de-la-juventud-vuelve-a-programar-el-ciclo-ascena-para-dar-a-conocer-propuestas-musicales-de-jovenes-de-pamplona\\\/#article\",\"isPartOf\":{\"@id\":\"https:\\\/\\\/www.laguiadepamplona.com\\\/actualidad\\\/la-casa-de-la-juventud-vuelve-a-programar-el-ciclo-ascena-para-dar-a-conocer-propuestas-musicales-de-jovenes-de-pamplona\\\/\"},\"author\":{\"name\":\"La Gu\u00eda de Pamplona\",\"@id\":\"https:\\\/\\\/www.laguiadepamplona.com\\\/actualidad\\\/#\\\/schema\\\/person\\\/efe887376f0213d4657c93adc50b1fdb\"},\"headline\":\"La Casa de la Juventud vuelve a programar el ciclo #aScena! para dar a conocer propuestas musicales de j\u00f3venes de Pamplona\",\"datePublished\":\"2024-01-25T15:49:00+00:00\",\"mainEntityOfPage\":{\"@id\":\"https:\\\/\\\/www.laguiadepamplona.com\\\/actualidad\\\/la-casa-de-la-juventud-vuelve-a-programar-el-ciclo-ascena-para-dar-a-conocer-propuestas-musicales-de-jovenes-de-pamplona\\\/\"},\"wordCount\":353,\"commentCount\":0,\"publisher\":{\"@id\":\"https:\\\/\\\/www.laguiadepamplona.com\\\/actualidad\\\/#organization\"},\"image\":{\"@id\":\"https:\\\/\\\/www.laguiadepamplona.com\\\/actualidad\\\/la-casa-de-la-juventud-vuelve-a-programar-el-ciclo-ascena-para-dar-a-conocer-propuestas-musicales-de-jovenes-de-pamplona\\\/#primaryimage\"},\"thumbnailUrl\":\"https:\\\/\\\/www.laguiadepamplona.com\\\/actualidad\\\/wp-content\\\/uploads\\\/2024\\\/01\\\/concierto-con-ganer.webp\",\"articleSection\":[\"Ayto Pamplona\"],\"inLanguage\":\"es\",\"potentialAction\":[{\"@type\":\"CommentAction\",\"name\":\"Comment\",\"target\":[\"https:\\\/\\\/www.laguiadepamplona.com\\\/actualidad\\\/la-casa-de-la-juventud-vuelve-a-programar-el-ciclo-ascena-para-dar-a-conocer-propuestas-musicales-de-jovenes-de-pamplona\\\/#respond\"]}]},{\"@type\":\"WebPage\",\"@id\":\"https:\\\/\\\/www.laguiadepamplona.com\\\/actualidad\\\/la-casa-de-la-juventud-vuelve-a-programar-el-ciclo-ascena-para-dar-a-conocer-propuestas-musicales-de-jovenes-de-pamplona\\\/\",\"url\":\"https:\\\/\\\/www.laguiadepamplona.com\\\/actualidad\\\/la-casa-de-la-juventud-vuelve-a-programar-el-ciclo-ascena-para-dar-a-conocer-propuestas-musicales-de-jovenes-de-pamplona\\\/\",\"name\":\"La Casa de la Juventud vuelve a programar el ciclo #aScena! para dar a conocer propuestas musicales de j\u00f3venes de Pamplona\",\"isPartOf\":{\"@id\":\"https:\\\/\\\/www.laguiadepamplona.com\\\/actualidad\\\/#website\"},\"primaryImageOfPage\":{\"@id\":\"https:\\\/\\\/www.laguiadepamplona.com\\\/actualidad\\\/la-casa-de-la-juventud-vuelve-a-programar-el-ciclo-ascena-para-dar-a-conocer-propuestas-musicales-de-jovenes-de-pamplona\\\/#primaryimage\"},\"image\":{\"@id\":\"https:\\\/\\\/www.laguiadepamplona.com\\\/actualidad\\\/la-casa-de-la-juventud-vuelve-a-programar-el-ciclo-ascena-para-dar-a-conocer-propuestas-musicales-de-jovenes-de-pamplona\\\/#primaryimage\"},\"thumbnailUrl\":\"https:\\\/\\\/www.laguiadepamplona.com\\\/actualidad\\\/wp-content\\\/uploads\\\/2024\\\/01\\\/concierto-con-ganer.webp\",\"datePublished\":\"2024-01-25T15:49:00+00:00\",\"description\":\"Este viernes abre los conciertos Ganer, artista urbano de la improvisaci\u00f3n, que actuar\u00e1 a partir de las 19 horas\",\"breadcrumb\":{\"@id\":\"https:\\\/\\\/www.laguiadepamplona.com\\\/actualidad\\\/la-casa-de-la-juventud-vuelve-a-programar-el-ciclo-ascena-para-dar-a-conocer-propuestas-musicales-de-jovenes-de-pamplona\\\/#breadcrumb\"},\"inLanguage\":\"es\",\"potentialAction\":[{\"@type\":\"ReadAction\",\"target\":[\"https:\\\/\\\/www.laguiadepamplona.com\\\/actualidad\\\/la-casa-de-la-juventud-vuelve-a-programar-el-ciclo-ascena-para-dar-a-conocer-propuestas-musicales-de-jovenes-de-pamplona\\\/\"]}]},{\"@type\":\"ImageObject\",\"inLanguage\":\"es\",\"@id\":\"https:\\\/\\\/www.laguiadepamplona.com\\\/actualidad\\\/la-casa-de-la-juventud-vuelve-a-programar-el-ciclo-ascena-para-dar-a-conocer-propuestas-musicales-de-jovenes-de-pamplona\\\/#primaryimage\",\"url\":\"https:\\\/\\\/www.laguiadepamplona.com\\\/actualidad\\\/wp-content\\\/uploads\\\/2024\\\/01\\\/concierto-con-ganer.webp\",\"contentUrl\":\"https:\\\/\\\/www.laguiadepamplona.com\\\/actualidad\\\/wp-content\\\/uploads\\\/2024\\\/01\\\/concierto-con-ganer.webp\",\"width\":820,\"height\":731,\"caption\":\"concierto con ganer\"},{\"@type\":\"BreadcrumbList\",\"@id\":\"https:\\\/\\\/www.laguiadepamplona.com\\\/actualidad\\\/la-casa-de-la-juventud-vuelve-a-programar-el-ciclo-ascena-para-dar-a-conocer-propuestas-musicales-de-jovenes-de-pamplona\\\/#breadcrumb\",\"itemListElement\":[{\"@type\":\"ListItem\",\"position\":1,\"name\":\"Portada\",\"item\":\"https:\\\/\\\/www.laguiadepamplona.com\\\/actualidad\\\/\"},{\"@type\":\"ListItem\",\"position\":2,\"name\":\"La Casa de la Juventud vuelve a programar el ciclo #aScena! para dar a conocer propuestas musicales de j\u00f3venes de Pamplona\"}]},{\"@type\":\"WebSite\",\"@id\":\"https:\\\/\\\/www.laguiadepamplona.com\\\/actualidad\\\/#website\",\"url\":\"https:\\\/\\\/www.laguiadepamplona.com\\\/actualidad\\\/\",\"name\":\"La gu\u00eda de Pamplona\",\"description\":\"Noticias de Pamplona\",\"publisher\":{\"@id\":\"https:\\\/\\\/www.laguiadepamplona.com\\\/actualidad\\\/#organization\"},\"potentialAction\":[{\"@type\":\"SearchAction\",\"target\":{\"@type\":\"EntryPoint\",\"urlTemplate\":\"https:\\\/\\\/www.laguiadepamplona.com\\\/actualidad\\\/?s={search_term_string}\"},\"query-input\":{\"@type\":\"PropertyValueSpecification\",\"valueRequired\":true,\"valueName\":\"search_term_string\"}}],\"inLanguage\":\"es\"},{\"@type\":\"Organization\",\"@id\":\"https:\\\/\\\/www.laguiadepamplona.com\\\/actualidad\\\/#organization\",\"name\":\"La Gu\u00eda de Pamplona \\\/ Noticias\",\"url\":\"https:\\\/\\\/www.laguiadepamplona.com\\\/actualidad\\\/\",\"logo\":{\"@type\":\"ImageObject\",\"inLanguage\":\"es\",\"@id\":\"https:\\\/\\\/www.laguiadepamplona.com\\\/actualidad\\\/#\\\/schema\\\/logo\\\/image\\\/\",\"url\":\"https:\\\/\\\/www.laguiadepamplona.com\\\/actualidad\\\/wp-content\\\/uploads\\\/2018\\\/11\\\/logo-laguiadepamplona18-web1.png\",\"contentUrl\":\"https:\\\/\\\/www.laguiadepamplona.com\\\/actualidad\\\/wp-content\\\/uploads\\\/2018\\\/11\\\/logo-laguiadepamplona18-web1.png\",\"width\":600,\"height\":196,\"caption\":\"La Gu\u00eda de Pamplona \\\/ Noticias\"},\"image\":{\"@id\":\"https:\\\/\\\/www.laguiadepamplona.com\\\/actualidad\\\/#\\\/schema\\\/logo\\\/image\\\/\"},\"sameAs\":[\"https:\\\/\\\/www.facebook.com\\\/laguiadepamplonacom-133175176762273\\\/?ref=hl\",\"https:\\\/\\\/x.com\\\/LaGuiadPamplona\",\"https:\\\/\\\/www.instagram.com\\\/la_guia_de_pamplona\\\/\",\"https:\\\/\\\/www.youtube.com\\\/user\\\/laguiadepamplona\"]},{\"@type\":\"Person\",\"@id\":\"https:\\\/\\\/www.laguiadepamplona.com\\\/actualidad\\\/#\\\/schema\\\/person\\\/efe887376f0213d4657c93adc50b1fdb\",\"name\":\"La Gu\u00eda de Pamplona\",\"image\":{\"@type\":\"ImageObject\",\"inLanguage\":\"es\",\"@id\":\"https:\\\/\\\/secure.gravatar.com\\\/avatar\\\/b6992f131dc8d30ab0dff15446e9d346d9dbd95992de0fef795073f5ea83a81c?s=96&d=mm&r=g\",\"url\":\"https:\\\/\\\/secure.gravatar.com\\\/avatar\\\/b6992f131dc8d30ab0dff15446e9d346d9dbd95992de0fef795073f5ea83a81c?s=96&d=mm&r=g\",\"contentUrl\":\"https:\\\/\\\/secure.gravatar.com\\\/avatar\\\/b6992f131dc8d30ab0dff15446e9d346d9dbd95992de0fef795073f5ea83a81c?s=96&d=mm&r=g\",\"caption\":\"La Gu\u00eda de Pamplona\"}}]}<\/script>\n<!-- \/ Yoast SEO plugin. -->","yoast_head_json":{"title":"La Casa de la Juventud vuelve a programar el ciclo #aScena! para dar a conocer propuestas musicales de j\u00f3venes de Pamplona","description":"Este viernes abre los conciertos Ganer, artista urbano de la improvisaci\u00f3n, que actuar\u00e1 a partir de las 19 horas","robots":{"index":"index","follow":"follow","max-snippet":"max-snippet:-1","max-image-preview":"max-image-preview:large","max-video-preview":"max-video-preview:-1"},"canonical":"https:\/\/www.laguiadepamplona.com\/actualidad\/la-casa-de-la-juventud-vuelve-a-programar-el-ciclo-ascena-para-dar-a-conocer-propuestas-musicales-de-jovenes-de-pamplona\/","og_locale":"es_ES","og_type":"article","og_title":"La Casa de la Juventud vuelve a programar el ciclo #aScena! para dar a conocer propuestas musicales de j\u00f3venes de Pamplona","og_description":"Este viernes abre los conciertos Ganer, artista urbano de la improvisaci\u00f3n, que actuar\u00e1 a partir de las 19 horas","og_url":"https:\/\/www.laguiadepamplona.com\/actualidad\/la-casa-de-la-juventud-vuelve-a-programar-el-ciclo-ascena-para-dar-a-conocer-propuestas-musicales-de-jovenes-de-pamplona\/","og_site_name":"La Gu\u00eda de Pamplona","article_publisher":"https:\/\/www.facebook.com\/laguiadepamplonacom-133175176762273\/?ref=hl","article_published_time":"2024-01-25T15:49:00+00:00","og_image":[{"width":820,"height":731,"url":"https:\/\/www.laguiadepamplona.com\/actualidad\/wp-content\/uploads\/2024\/01\/concierto-con-ganer.webp","type":"image\/webp"}],"author":"La Gu\u00eda de Pamplona","twitter_card":"summary_large_image","twitter_creator":"@LaGuiadPamplona","twitter_site":"@LaGuiadPamplona","twitter_misc":{"Escrito por":"La Gu\u00eda de Pamplona","Tiempo de lectura":"2 minutos"},"schema":{"@context":"https:\/\/schema.org","@graph":[{"@type":"Article","@id":"https:\/\/www.laguiadepamplona.com\/actualidad\/la-casa-de-la-juventud-vuelve-a-programar-el-ciclo-ascena-para-dar-a-conocer-propuestas-musicales-de-jovenes-de-pamplona\/#article","isPartOf":{"@id":"https:\/\/www.laguiadepamplona.com\/actualidad\/la-casa-de-la-juventud-vuelve-a-programar-el-ciclo-ascena-para-dar-a-conocer-propuestas-musicales-de-jovenes-de-pamplona\/"},"author":{"name":"La Gu\u00eda de Pamplona","@id":"https:\/\/www.laguiadepamplona.com\/actualidad\/#\/schema\/person\/efe887376f0213d4657c93adc50b1fdb"},"headline":"La Casa de la Juventud vuelve a programar el ciclo #aScena! para dar a conocer propuestas musicales de j\u00f3venes de Pamplona","datePublished":"2024-01-25T15:49:00+00:00","mainEntityOfPage":{"@id":"https:\/\/www.laguiadepamplona.com\/actualidad\/la-casa-de-la-juventud-vuelve-a-programar-el-ciclo-ascena-para-dar-a-conocer-propuestas-musicales-de-jovenes-de-pamplona\/"},"wordCount":353,"commentCount":0,"publisher":{"@id":"https:\/\/www.laguiadepamplona.com\/actualidad\/#organization"},"image":{"@id":"https:\/\/www.laguiadepamplona.com\/actualidad\/la-casa-de-la-juventud-vuelve-a-programar-el-ciclo-ascena-para-dar-a-conocer-propuestas-musicales-de-jovenes-de-pamplona\/#primaryimage"},"thumbnailUrl":"https:\/\/www.laguiadepamplona.com\/actualidad\/wp-content\/uploads\/2024\/01\/concierto-con-ganer.webp","articleSection":["Ayto Pamplona"],"inLanguage":"es","potentialAction":[{"@type":"CommentAction","name":"Comment","target":["https:\/\/www.laguiadepamplona.com\/actualidad\/la-casa-de-la-juventud-vuelve-a-programar-el-ciclo-ascena-para-dar-a-conocer-propuestas-musicales-de-jovenes-de-pamplona\/#respond"]}]},{"@type":"WebPage","@id":"https:\/\/www.laguiadepamplona.com\/actualidad\/la-casa-de-la-juventud-vuelve-a-programar-el-ciclo-ascena-para-dar-a-conocer-propuestas-musicales-de-jovenes-de-pamplona\/","url":"https:\/\/www.laguiadepamplona.com\/actualidad\/la-casa-de-la-juventud-vuelve-a-programar-el-ciclo-ascena-para-dar-a-conocer-propuestas-musicales-de-jovenes-de-pamplona\/","name":"La Casa de la Juventud vuelve a programar el ciclo #aScena! para dar a conocer propuestas musicales de j\u00f3venes de Pamplona","isPartOf":{"@id":"https:\/\/www.laguiadepamplona.com\/actualidad\/#website"},"primaryImageOfPage":{"@id":"https:\/\/www.laguiadepamplona.com\/actualidad\/la-casa-de-la-juventud-vuelve-a-programar-el-ciclo-ascena-para-dar-a-conocer-propuestas-musicales-de-jovenes-de-pamplona\/#primaryimage"},"image":{"@id":"https:\/\/www.laguiadepamplona.com\/actualidad\/la-casa-de-la-juventud-vuelve-a-programar-el-ciclo-ascena-para-dar-a-conocer-propuestas-musicales-de-jovenes-de-pamplona\/#primaryimage"},"thumbnailUrl":"https:\/\/www.laguiadepamplona.com\/actualidad\/wp-content\/uploads\/2024\/01\/concierto-con-ganer.webp","datePublished":"2024-01-25T15:49:00+00:00","description":"Este viernes abre los conciertos Ganer, artista urbano de la improvisaci\u00f3n, que actuar\u00e1 a partir de las 19 horas","breadcrumb":{"@id":"https:\/\/www.laguiadepamplona.com\/actualidad\/la-casa-de-la-juventud-vuelve-a-programar-el-ciclo-ascena-para-dar-a-conocer-propuestas-musicales-de-jovenes-de-pamplona\/#breadcrumb"},"inLanguage":"es","potentialAction":[{"@type":"ReadAction","target":["https:\/\/www.laguiadepamplona.com\/actualidad\/la-casa-de-la-juventud-vuelve-a-programar-el-ciclo-ascena-para-dar-a-conocer-propuestas-musicales-de-jovenes-de-pamplona\/"]}]},{"@type":"ImageObject","inLanguage":"es","@id":"https:\/\/www.laguiadepamplona.com\/actualidad\/la-casa-de-la-juventud-vuelve-a-programar-el-ciclo-ascena-para-dar-a-conocer-propuestas-musicales-de-jovenes-de-pamplona\/#primaryimage","url":"https:\/\/www.laguiadepamplona.com\/actualidad\/wp-content\/uploads\/2024\/01\/concierto-con-ganer.webp","contentUrl":"https:\/\/www.laguiadepamplona.com\/actualidad\/wp-content\/uploads\/2024\/01\/concierto-con-ganer.webp","width":820,"height":731,"caption":"concierto con ganer"},{"@type":"BreadcrumbList","@id":"https:\/\/www.laguiadepamplona.com\/actualidad\/la-casa-de-la-juventud-vuelve-a-programar-el-ciclo-ascena-para-dar-a-conocer-propuestas-musicales-de-jovenes-de-pamplona\/#breadcrumb","itemListElement":[{"@type":"ListItem","position":1,"name":"Portada","item":"https:\/\/www.laguiadepamplona.com\/actualidad\/"},{"@type":"ListItem","position":2,"name":"La Casa de la Juventud vuelve a programar el ciclo #aScena! para dar a conocer propuestas musicales de j\u00f3venes de Pamplona"}]},{"@type":"WebSite","@id":"https:\/\/www.laguiadepamplona.com\/actualidad\/#website","url":"https:\/\/www.laguiadepamplona.com\/actualidad\/","name":"La gu\u00eda de Pamplona","description":"Noticias de Pamplona","publisher":{"@id":"https:\/\/www.laguiadepamplona.com\/actualidad\/#organization"},"potentialAction":[{"@type":"SearchAction","target":{"@type":"EntryPoint","urlTemplate":"https:\/\/www.laguiadepamplona.com\/actualidad\/?s={search_term_string}"},"query-input":{"@type":"PropertyValueSpecification","valueRequired":true,"valueName":"search_term_string"}}],"inLanguage":"es"},{"@type":"Organization","@id":"https:\/\/www.laguiadepamplona.com\/actualidad\/#organization","name":"La Gu\u00eda de Pamplona \/ Noticias","url":"https:\/\/www.laguiadepamplona.com\/actualidad\/","logo":{"@type":"ImageObject","inLanguage":"es","@id":"https:\/\/www.laguiadepamplona.com\/actualidad\/#\/schema\/logo\/image\/","url":"https:\/\/www.laguiadepamplona.com\/actualidad\/wp-content\/uploads\/2018\/11\/logo-laguiadepamplona18-web1.png","contentUrl":"https:\/\/www.laguiadepamplona.com\/actualidad\/wp-content\/uploads\/2018\/11\/logo-laguiadepamplona18-web1.png","width":600,"height":196,"caption":"La Gu\u00eda de Pamplona \/ Noticias"},"image":{"@id":"https:\/\/www.laguiadepamplona.com\/actualidad\/#\/schema\/logo\/image\/"},"sameAs":["https:\/\/www.facebook.com\/laguiadepamplonacom-133175176762273\/?ref=hl","https:\/\/x.com\/LaGuiadPamplona","https:\/\/www.instagram.com\/la_guia_de_pamplona\/","https:\/\/www.youtube.com\/user\/laguiadepamplona"]},{"@type":"Person","@id":"https:\/\/www.laguiadepamplona.com\/actualidad\/#\/schema\/person\/efe887376f0213d4657c93adc50b1fdb","name":"La Gu\u00eda de Pamplona","image":{"@type":"ImageObject","inLanguage":"es","@id":"https:\/\/secure.gravatar.com\/avatar\/b6992f131dc8d30ab0dff15446e9d346d9dbd95992de0fef795073f5ea83a81c?s=96&d=mm&r=g","url":"https:\/\/secure.gravatar.com\/avatar\/b6992f131dc8d30ab0dff15446e9d346d9dbd95992de0fef795073f5ea83a81c?s=96&d=mm&r=g","contentUrl":"https:\/\/secure.gravatar.com\/avatar\/b6992f131dc8d30ab0dff15446e9d346d9dbd95992de0fef795073f5ea83a81c?s=96&d=mm&r=g","caption":"La Gu\u00eda de Pamplona"}}]}},"post_mailing_queue_ids":[],"_links":{"self":[{"href":"https:\/\/www.laguiadepamplona.com\/actualidad\/wp-json\/wp\/v2\/posts\/48550","targetHints":{"allow":["GET"]}}],"collection":[{"href":"https:\/\/www.laguiadepamplona.com\/actualidad\/wp-json\/wp\/v2\/posts"}],"about":[{"href":"https:\/\/www.laguiadepamplona.com\/actualidad\/wp-json\/wp\/v2\/types\/post"}],"author":[{"embeddable":true,"href":"https:\/\/www.laguiadepamplona.com\/actualidad\/wp-json\/wp\/v2\/users\/1"}],"replies":[{"embeddable":true,"href":"https:\/\/www.laguiadepamplona.com\/actualidad\/wp-json\/wp\/v2\/comments?post=48550"}],"version-history":[{"count":1,"href":"https:\/\/www.laguiadepamplona.com\/actualidad\/wp-json\/wp\/v2\/posts\/48550\/revisions"}],"predecessor-version":[{"id":48552,"href":"https:\/\/www.laguiadepamplona.com\/actualidad\/wp-json\/wp\/v2\/posts\/48550\/revisions\/48552"}],"wp:featuredmedia":[{"embeddable":true,"href":"https:\/\/www.laguiadepamplona.com\/actualidad\/wp-json\/wp\/v2\/media\/48551"}],"wp:attachment":[{"href":"https:\/\/www.laguiadepamplona.com\/actualidad\/wp-json\/wp\/v2\/media?parent=48550"}],"wp:term":[{"taxonomy":"category","embeddable":true,"href":"https:\/\/www.laguiadepamplona.com\/actualidad\/wp-json\/wp\/v2\/categories?post=48550"},{"taxonomy":"post_tag","embeddable":true,"href":"https:\/\/www.laguiadepamplona.com\/actualidad\/wp-json\/wp\/v2\/tags?post=48550"}],"curies":[{"name":"wp","href":"https:\/\/api.w.org\/{rel}","templated":true}]}}