{"id":48529,"date":"2024-01-24T14:54:30","date_gmt":"2024-01-24T12:54:30","guid":{"rendered":"https:\/\/www.laguiadepamplona.com\/actualidad\/?p=48529"},"modified":"2024-01-24T14:54:30","modified_gmt":"2024-01-24T12:54:30","slug":"abierto-el-plazo-para-solicitar-ayudas-municipales-de-emergencia-humanitaria-para-cubrir-necesidades-basicas","status":"publish","type":"post","link":"https:\/\/www.laguiadepamplona.com\/actualidad\/abierto-el-plazo-para-solicitar-ayudas-municipales-de-emergencia-humanitaria-para-cubrir-necesidades-basicas\/","title":{"rendered":"Abierto el plazo para solicitar ayudas municipales de emergencia humanitaria para cubrir necesidades b\u00e1sicas"},"content":{"rendered":"<h2>Personas y unidades familiares podr\u00e1n optar a una partida de 630.000 euros para hacer frente a gastos de alojamiento, luz, gas o nutrici\u00f3n<\/h2>\n<p><!--more--><\/p>\n<p>El Ayuntamiento de Pamplona pone en este 2024 una partida de 630.000 euros a disposici\u00f3n de personas y familias en situaci\u00f3n de emergencia social que vivan en la ciudad para ayudarles a cubrir necesidades b\u00e1sicas de alojamiento, alimentaci\u00f3n y suministros como el gas, la luz o la tasa de basuras. Son subvenciones puntuales, no peri\u00f3dicas y subsidiarias de otras posibles ayudas, como la Renta Garantizada, que es preceptivo haber solicitado.<br \/>\n<script async src=\"\/\/pagead2.googlesyndication.com\/pagead\/js\/adsbygoogle.js\"><\/script><br \/>\n<!-- Noticias La Guia de Pamplona --><br \/>\n<ins class=\"adsbygoogle\"\nstyle=\"display:block\"\ndata-ad-client=\"ca-pub-6943679897239327\"\ndata-ad-slot=\"7048180777\"\ndata-ad-format=\"auto\"><\/ins><br \/>\n<script>\n(adsbygoogle = window.adsbygoogle || []).push({});\n<\/script><\/p>\n<p>La partida econ\u00f3mica inicialmente se tramita desde principios de a\u00f1o. De esta forma quien las necesite y cumpla los requisitos, podr\u00e1 solicitarla a lo largo del a\u00f1o, siempre teniendo en cuenta los l\u00edmites econ\u00f3micos establecidos en la convocatoria. La convocatoria requiere de unas circunstancias econ\u00f3micas precisas y las ayudas se ven marcadas por los l\u00edmites que establece el Gobierno de Navarra en este \u00e1mbito. As\u00ed, los recursos econ\u00f3micos mensuales de la unidad familiar no deben superar la cuant\u00eda equivalente a la Renta Garantizada vigente correspondiente al n\u00famero de miembros de la misma. Son tambi\u00e9n requisitos que la persona solicitante tenga m\u00e1s de 18 a\u00f1os y residencia efectiva en Pamplona con una antig\u00fcedad de seis meses, aunque en casos de extrema necesidad, excepcionalmente y previa valoraci\u00f3n social no ser\u00e1 necesario cumplir esta previsi\u00f3n.<\/p>\n<p>Esta convocatoria de subvenciones est\u00e1 ligada a situaciones de emergencia social, por lo que quienes soliciten deber\u00e1n estar participando en procesos de intervenci\u00f3n social de programas y\/o servicios del \u00c1rea de Acci\u00f3n Social del Ayuntamiento de Pamplona. En 2023 el gasto del Ayuntamiento de Pamplona en personas y unidades familiares en emergencia social fue de 823.892,52 despu\u00e9s de que se incrementara la partida municipal de 630.000 euros, algo que sucedi\u00f3 igualmente en 2022, donde el desembolso municipal qued\u00f3 en 745.000 euros.<br \/>\n<script async src=\"\/\/pagead2.googlesyndication.com\/pagead\/js\/adsbygoogle.js\"><\/script><br \/>\n<!-- Noticias La Guia de Pamplona --><br \/>\n<ins class=\"adsbygoogle\"\nstyle=\"display:block\"\ndata-ad-client=\"ca-pub-6943679897239327\"\ndata-ad-slot=\"7048180777\"\ndata-ad-format=\"auto\"><\/ins><br \/>\n<script>\n(adsbygoogle = window.adsbygoogle || []).push({});\n<\/script><\/p>\n<p><strong>Como pedir y cu\u00e1nta ayuda se puede obtener<\/strong><\/p>\n<p>La instancia de solicitud con la documentaci\u00f3n requerida en la convocatoria, acreditativa del cumplimiento de estos requisitos se puede presentar en el Registro General del Ayuntamiento (calle Mayor, 2) o en cualquiera de los registros auxiliares o v\u00edas de acceso previstos en la ley. La convocatoria estar\u00e1 abierta hasta el agotamiento de la partida, pero las ayudas se adjudicar\u00e1n en orden de solicitud en el plazo m\u00e1ximo de dos meses, previa valoraci\u00f3n social y a propuesta del o de la profesional de trabajo social de la Unidad de Barrio o servicios sociales municipales, que se encargar\u00e1n de comunicar los resultados del proceso.<\/p>\n<p>La ayuda concedida no podr\u00e1 superar en los pagos a la misma unidad el m\u00e1ximo anual de 860 euros (unidades familiares de 1 persona); increment\u00e1ndose paulatinamente hasta los 1.250 euros para cinco o m\u00e1s personas. Se conceder\u00e1 hasta un m\u00e1ximo del 50% de la cuant\u00eda m\u00e1xima establecida con car\u00e1cter general para el a\u00f1o por solicitud. Excepcionalmente. y previa valoraci\u00f3n por los servicios sociales, necesidad el tope anual podr\u00eda ampliarse hasta 1.260 euros, con independencia del n\u00famero de miembros de la unidad ante una extrema y urgente.<br \/>\n<script async src=\"\/\/pagead2.googlesyndication.com\/pagead\/js\/adsbygoogle.js\"><\/script><br \/>\n<!-- Noticias La Guia de Pamplona --><br \/>\n<ins class=\"adsbygoogle\"\nstyle=\"display:block\"\ndata-ad-client=\"ca-pub-6943679897239327\"\ndata-ad-slot=\"7048180777\"\ndata-ad-format=\"auto\"><\/ins><br \/>\n<script>\n(adsbygoogle = window.adsbygoogle || []).push({});\n<\/script><\/p>\n<p><strong>Alimentaci\u00f3n, vivienda y suministros, entre otros gastos<\/strong><\/p>\n<p>La subvenci\u00f3n prevista tiene como objetivo cubrir las necesidades b\u00e1sicas de las personas en situaci\u00f3n de emergencia. As\u00ed, el importe de la subvenci\u00f3n servir\u00e1 para garantizar el mantenimiento o acceso a un alojamiento, a trav\u00e9s del abono del alquiler, habitaci\u00f3n en vivienda compartida, la cuota del pr\u00e9stamo hipotecario o un alojamiento alternativo en caso de necesidad.<\/p>\n<p>Tambi\u00e9n podr\u00e1 usarse para el pago del desembolso inicial de un contrato alquiler de vivienda nueva, cuando las personas beneficiarias puedan afrontar el resto de cuotas o a deudas de la comunidad de propietarios si se evitan dificultadas de convivencia o se va a perder la vivienda o su subsidiaci\u00f3n. Tambi\u00e9n podr\u00e1 destinarse para el pago de deudas o reenganches en los servicios de agua, basuras, electricidad y gas de la vivienda habitual, de forma que se evite el corte del suministro. La suma recibida como ayuda por vivienda y suministros no podr\u00e1 exceder los 800 euros\/a\u00f1o por unidad familiar.<br \/>\n<script async src=\"\/\/pagead2.googlesyndication.com\/pagead\/js\/adsbygoogle.js\"><\/script><br \/>\n<!-- Noticias La Guia de Pamplona --><br \/>\n<ins class=\"adsbygoogle\"\nstyle=\"display:block\"\ndata-ad-client=\"ca-pub-6943679897239327\"\ndata-ad-slot=\"7048180777\"\ndata-ad-format=\"auto\"><\/ins><br \/>\n<script>\n(adsbygoogle = window.adsbygoogle || []).push({});\n<\/script><\/p>\n<p>En lo que se refiere a nutrici\u00f3n, se podr\u00e1n sufragar los gastos de alimentaci\u00f3n diaria e higiene (personal y dela vivienda), con una limitaci\u00f3n 500 euros al a\u00f1o para una persona, un tope que se eleva gradualmente hasta los 1.220 euros para unidades familiares de 5 o m\u00e1s miembros.<\/p>\n<p>Las ayudas pueden usarse tambi\u00e9n para sufragar otras necesidades b\u00e1sicas, previa valoraci\u00f3n profesional (escuela infantil, formaci\u00f3n para la inserci\u00f3n laboral, actividades de tiempo libre y ocio etc.).<\/p>\n","protected":false},"excerpt":{"rendered":"<p>Personas y unidades familiares podr\u00e1n optar a una partida de 630.000 euros para hacer frente a gastos de alojamiento, luz, gas o nutrici\u00f3n<\/p>\n","protected":false},"author":1,"featured_media":48530,"comment_status":"open","ping_status":"closed","sticky":false,"template":"","format":"standard","meta":{"footnotes":""},"categories":[2],"tags":[],"class_list":["post-48529","post","type-post","status-publish","format-standard","has-post-thumbnail","hentry","category-ayuntamiento-pamplona"],"yoast_head":"<!-- This site is optimized with the Yoast SEO plugin v27.3 - https:\/\/yoast.com\/product\/yoast-seo-wordpress\/ -->\n<title>Abierto el plazo para solicitar ayudas municipales de emergencia humanitaria para cubrir necesidades b\u00e1sicas<\/title>\n<meta name=\"description\" content=\"Personas y unidades familiares podr\u00e1n optar a una partida de 630.000 euros para hacer frente a gastos de alojamiento, luz, gas o nutrici\u00f3n\" \/>\n<meta name=\"robots\" content=\"index, follow, max-snippet:-1, max-image-preview:large, max-video-preview:-1\" \/>\n<link rel=\"canonical\" href=\"https:\/\/www.laguiadepamplona.com\/actualidad\/abierto-el-plazo-para-solicitar-ayudas-municipales-de-emergencia-humanitaria-para-cubrir-necesidades-basicas\/\" \/>\n<meta property=\"og:locale\" content=\"es_ES\" \/>\n<meta property=\"og:type\" content=\"article\" \/>\n<meta property=\"og:title\" content=\"Abierto el plazo para solicitar ayudas municipales de emergencia humanitaria para cubrir necesidades b\u00e1sicas\" \/>\n<meta property=\"og:description\" content=\"Personas y unidades familiares podr\u00e1n optar a una partida de 630.000 euros para hacer frente a gastos de alojamiento, luz, gas o nutrici\u00f3n\" \/>\n<meta property=\"og:url\" content=\"https:\/\/www.laguiadepamplona.com\/actualidad\/abierto-el-plazo-para-solicitar-ayudas-municipales-de-emergencia-humanitaria-para-cubrir-necesidades-basicas\/\" \/>\n<meta property=\"og:site_name\" content=\"La Gu\u00eda de Pamplona\" \/>\n<meta property=\"article:publisher\" content=\"https:\/\/www.facebook.com\/laguiadepamplonacom-133175176762273\/?ref=hl\" \/>\n<meta property=\"article:published_time\" content=\"2024-01-24T12:54:30+00:00\" \/>\n<meta property=\"og:image\" content=\"https:\/\/www.laguiadepamplona.com\/actualidad\/wp-content\/uploads\/2024\/01\/ayuda_subvencion_alimentacion_exclusion_social_frigo_0.webp\" \/>\n\t<meta property=\"og:image:width\" content=\"1200\" \/>\n\t<meta property=\"og:image:height\" content=\"800\" \/>\n\t<meta property=\"og:image:type\" content=\"image\/webp\" \/>\n<meta name=\"author\" content=\"La Gu\u00eda de Pamplona\" \/>\n<meta name=\"twitter:card\" content=\"summary_large_image\" \/>\n<meta name=\"twitter:creator\" content=\"@LaGuiadPamplona\" \/>\n<meta name=\"twitter:site\" content=\"@LaGuiadPamplona\" \/>\n<meta name=\"twitter:label1\" content=\"Escrito por\" \/>\n\t<meta name=\"twitter:data1\" content=\"La Gu\u00eda de Pamplona\" \/>\n\t<meta name=\"twitter:label2\" content=\"Tiempo de lectura\" \/>\n\t<meta name=\"twitter:data2\" content=\"4 minutos\" \/>\n<script type=\"application\/ld+json\" class=\"yoast-schema-graph\">{\"@context\":\"https:\\\/\\\/schema.org\",\"@graph\":[{\"@type\":\"Article\",\"@id\":\"https:\\\/\\\/www.laguiadepamplona.com\\\/actualidad\\\/abierto-el-plazo-para-solicitar-ayudas-municipales-de-emergencia-humanitaria-para-cubrir-necesidades-basicas\\\/#article\",\"isPartOf\":{\"@id\":\"https:\\\/\\\/www.laguiadepamplona.com\\\/actualidad\\\/abierto-el-plazo-para-solicitar-ayudas-municipales-de-emergencia-humanitaria-para-cubrir-necesidades-basicas\\\/\"},\"author\":{\"name\":\"La Gu\u00eda de Pamplona\",\"@id\":\"https:\\\/\\\/www.laguiadepamplona.com\\\/actualidad\\\/#\\\/schema\\\/person\\\/efe887376f0213d4657c93adc50b1fdb\"},\"headline\":\"Abierto el plazo para solicitar ayudas municipales de emergencia humanitaria para cubrir necesidades b\u00e1sicas\",\"datePublished\":\"2024-01-24T12:54:30+00:00\",\"mainEntityOfPage\":{\"@id\":\"https:\\\/\\\/www.laguiadepamplona.com\\\/actualidad\\\/abierto-el-plazo-para-solicitar-ayudas-municipales-de-emergencia-humanitaria-para-cubrir-necesidades-basicas\\\/\"},\"wordCount\":807,\"commentCount\":0,\"publisher\":{\"@id\":\"https:\\\/\\\/www.laguiadepamplona.com\\\/actualidad\\\/#organization\"},\"image\":{\"@id\":\"https:\\\/\\\/www.laguiadepamplona.com\\\/actualidad\\\/abierto-el-plazo-para-solicitar-ayudas-municipales-de-emergencia-humanitaria-para-cubrir-necesidades-basicas\\\/#primaryimage\"},\"thumbnailUrl\":\"https:\\\/\\\/www.laguiadepamplona.com\\\/actualidad\\\/wp-content\\\/uploads\\\/2024\\\/01\\\/ayuda_subvencion_alimentacion_exclusion_social_frigo_0.webp\",\"articleSection\":[\"Ayto Pamplona\"],\"inLanguage\":\"es\",\"potentialAction\":[{\"@type\":\"CommentAction\",\"name\":\"Comment\",\"target\":[\"https:\\\/\\\/www.laguiadepamplona.com\\\/actualidad\\\/abierto-el-plazo-para-solicitar-ayudas-municipales-de-emergencia-humanitaria-para-cubrir-necesidades-basicas\\\/#respond\"]}]},{\"@type\":\"WebPage\",\"@id\":\"https:\\\/\\\/www.laguiadepamplona.com\\\/actualidad\\\/abierto-el-plazo-para-solicitar-ayudas-municipales-de-emergencia-humanitaria-para-cubrir-necesidades-basicas\\\/\",\"url\":\"https:\\\/\\\/www.laguiadepamplona.com\\\/actualidad\\\/abierto-el-plazo-para-solicitar-ayudas-municipales-de-emergencia-humanitaria-para-cubrir-necesidades-basicas\\\/\",\"name\":\"Abierto el plazo para solicitar ayudas municipales de emergencia humanitaria para cubrir necesidades b\u00e1sicas\",\"isPartOf\":{\"@id\":\"https:\\\/\\\/www.laguiadepamplona.com\\\/actualidad\\\/#website\"},\"primaryImageOfPage\":{\"@id\":\"https:\\\/\\\/www.laguiadepamplona.com\\\/actualidad\\\/abierto-el-plazo-para-solicitar-ayudas-municipales-de-emergencia-humanitaria-para-cubrir-necesidades-basicas\\\/#primaryimage\"},\"image\":{\"@id\":\"https:\\\/\\\/www.laguiadepamplona.com\\\/actualidad\\\/abierto-el-plazo-para-solicitar-ayudas-municipales-de-emergencia-humanitaria-para-cubrir-necesidades-basicas\\\/#primaryimage\"},\"thumbnailUrl\":\"https:\\\/\\\/www.laguiadepamplona.com\\\/actualidad\\\/wp-content\\\/uploads\\\/2024\\\/01\\\/ayuda_subvencion_alimentacion_exclusion_social_frigo_0.webp\",\"datePublished\":\"2024-01-24T12:54:30+00:00\",\"description\":\"Personas y unidades familiares podr\u00e1n optar a una partida de 630.000 euros para hacer frente a gastos de alojamiento, luz, gas o nutrici\u00f3n\",\"breadcrumb\":{\"@id\":\"https:\\\/\\\/www.laguiadepamplona.com\\\/actualidad\\\/abierto-el-plazo-para-solicitar-ayudas-municipales-de-emergencia-humanitaria-para-cubrir-necesidades-basicas\\\/#breadcrumb\"},\"inLanguage\":\"es\",\"potentialAction\":[{\"@type\":\"ReadAction\",\"target\":[\"https:\\\/\\\/www.laguiadepamplona.com\\\/actualidad\\\/abierto-el-plazo-para-solicitar-ayudas-municipales-de-emergencia-humanitaria-para-cubrir-necesidades-basicas\\\/\"]}]},{\"@type\":\"ImageObject\",\"inLanguage\":\"es\",\"@id\":\"https:\\\/\\\/www.laguiadepamplona.com\\\/actualidad\\\/abierto-el-plazo-para-solicitar-ayudas-municipales-de-emergencia-humanitaria-para-cubrir-necesidades-basicas\\\/#primaryimage\",\"url\":\"https:\\\/\\\/www.laguiadepamplona.com\\\/actualidad\\\/wp-content\\\/uploads\\\/2024\\\/01\\\/ayuda_subvencion_alimentacion_exclusion_social_frigo_0.webp\",\"contentUrl\":\"https:\\\/\\\/www.laguiadepamplona.com\\\/actualidad\\\/wp-content\\\/uploads\\\/2024\\\/01\\\/ayuda_subvencion_alimentacion_exclusion_social_frigo_0.webp\",\"width\":1200,\"height\":800,\"caption\":\"subvenci\u00f3n alimentaci\u00f3n\"},{\"@type\":\"BreadcrumbList\",\"@id\":\"https:\\\/\\\/www.laguiadepamplona.com\\\/actualidad\\\/abierto-el-plazo-para-solicitar-ayudas-municipales-de-emergencia-humanitaria-para-cubrir-necesidades-basicas\\\/#breadcrumb\",\"itemListElement\":[{\"@type\":\"ListItem\",\"position\":1,\"name\":\"Portada\",\"item\":\"https:\\\/\\\/www.laguiadepamplona.com\\\/actualidad\\\/\"},{\"@type\":\"ListItem\",\"position\":2,\"name\":\"Abierto el plazo para solicitar ayudas municipales de emergencia humanitaria para cubrir necesidades b\u00e1sicas\"}]},{\"@type\":\"WebSite\",\"@id\":\"https:\\\/\\\/www.laguiadepamplona.com\\\/actualidad\\\/#website\",\"url\":\"https:\\\/\\\/www.laguiadepamplona.com\\\/actualidad\\\/\",\"name\":\"La gu\u00eda de Pamplona\",\"description\":\"Noticias de Pamplona\",\"publisher\":{\"@id\":\"https:\\\/\\\/www.laguiadepamplona.com\\\/actualidad\\\/#organization\"},\"potentialAction\":[{\"@type\":\"SearchAction\",\"target\":{\"@type\":\"EntryPoint\",\"urlTemplate\":\"https:\\\/\\\/www.laguiadepamplona.com\\\/actualidad\\\/?s={search_term_string}\"},\"query-input\":{\"@type\":\"PropertyValueSpecification\",\"valueRequired\":true,\"valueName\":\"search_term_string\"}}],\"inLanguage\":\"es\"},{\"@type\":\"Organization\",\"@id\":\"https:\\\/\\\/www.laguiadepamplona.com\\\/actualidad\\\/#organization\",\"name\":\"La Gu\u00eda de Pamplona \\\/ Noticias\",\"url\":\"https:\\\/\\\/www.laguiadepamplona.com\\\/actualidad\\\/\",\"logo\":{\"@type\":\"ImageObject\",\"inLanguage\":\"es\",\"@id\":\"https:\\\/\\\/www.laguiadepamplona.com\\\/actualidad\\\/#\\\/schema\\\/logo\\\/image\\\/\",\"url\":\"https:\\\/\\\/www.laguiadepamplona.com\\\/actualidad\\\/wp-content\\\/uploads\\\/2018\\\/11\\\/logo-laguiadepamplona18-web1.png\",\"contentUrl\":\"https:\\\/\\\/www.laguiadepamplona.com\\\/actualidad\\\/wp-content\\\/uploads\\\/2018\\\/11\\\/logo-laguiadepamplona18-web1.png\",\"width\":600,\"height\":196,\"caption\":\"La Gu\u00eda de Pamplona \\\/ Noticias\"},\"image\":{\"@id\":\"https:\\\/\\\/www.laguiadepamplona.com\\\/actualidad\\\/#\\\/schema\\\/logo\\\/image\\\/\"},\"sameAs\":[\"https:\\\/\\\/www.facebook.com\\\/laguiadepamplonacom-133175176762273\\\/?ref=hl\",\"https:\\\/\\\/x.com\\\/LaGuiadPamplona\",\"https:\\\/\\\/www.instagram.com\\\/la_guia_de_pamplona\\\/\",\"https:\\\/\\\/www.youtube.com\\\/user\\\/laguiadepamplona\"]},{\"@type\":\"Person\",\"@id\":\"https:\\\/\\\/www.laguiadepamplona.com\\\/actualidad\\\/#\\\/schema\\\/person\\\/efe887376f0213d4657c93adc50b1fdb\",\"name\":\"La Gu\u00eda de Pamplona\",\"image\":{\"@type\":\"ImageObject\",\"inLanguage\":\"es\",\"@id\":\"https:\\\/\\\/secure.gravatar.com\\\/avatar\\\/b6992f131dc8d30ab0dff15446e9d346d9dbd95992de0fef795073f5ea83a81c?s=96&d=mm&r=g\",\"url\":\"https:\\\/\\\/secure.gravatar.com\\\/avatar\\\/b6992f131dc8d30ab0dff15446e9d346d9dbd95992de0fef795073f5ea83a81c?s=96&d=mm&r=g\",\"contentUrl\":\"https:\\\/\\\/secure.gravatar.com\\\/avatar\\\/b6992f131dc8d30ab0dff15446e9d346d9dbd95992de0fef795073f5ea83a81c?s=96&d=mm&r=g\",\"caption\":\"La Gu\u00eda de Pamplona\"}}]}<\/script>\n<!-- \/ Yoast SEO plugin. -->","yoast_head_json":{"title":"Abierto el plazo para solicitar ayudas municipales de emergencia humanitaria para cubrir necesidades b\u00e1sicas","description":"Personas y unidades familiares podr\u00e1n optar a una partida de 630.000 euros para hacer frente a gastos de alojamiento, luz, gas o nutrici\u00f3n","robots":{"index":"index","follow":"follow","max-snippet":"max-snippet:-1","max-image-preview":"max-image-preview:large","max-video-preview":"max-video-preview:-1"},"canonical":"https:\/\/www.laguiadepamplona.com\/actualidad\/abierto-el-plazo-para-solicitar-ayudas-municipales-de-emergencia-humanitaria-para-cubrir-necesidades-basicas\/","og_locale":"es_ES","og_type":"article","og_title":"Abierto el plazo para solicitar ayudas municipales de emergencia humanitaria para cubrir necesidades b\u00e1sicas","og_description":"Personas y unidades familiares podr\u00e1n optar a una partida de 630.000 euros para hacer frente a gastos de alojamiento, luz, gas o nutrici\u00f3n","og_url":"https:\/\/www.laguiadepamplona.com\/actualidad\/abierto-el-plazo-para-solicitar-ayudas-municipales-de-emergencia-humanitaria-para-cubrir-necesidades-basicas\/","og_site_name":"La Gu\u00eda de Pamplona","article_publisher":"https:\/\/www.facebook.com\/laguiadepamplonacom-133175176762273\/?ref=hl","article_published_time":"2024-01-24T12:54:30+00:00","og_image":[{"width":1200,"height":800,"url":"https:\/\/www.laguiadepamplona.com\/actualidad\/wp-content\/uploads\/2024\/01\/ayuda_subvencion_alimentacion_exclusion_social_frigo_0.webp","type":"image\/webp"}],"author":"La Gu\u00eda de Pamplona","twitter_card":"summary_large_image","twitter_creator":"@LaGuiadPamplona","twitter_site":"@LaGuiadPamplona","twitter_misc":{"Escrito por":"La Gu\u00eda de Pamplona","Tiempo de lectura":"4 minutos"},"schema":{"@context":"https:\/\/schema.org","@graph":[{"@type":"Article","@id":"https:\/\/www.laguiadepamplona.com\/actualidad\/abierto-el-plazo-para-solicitar-ayudas-municipales-de-emergencia-humanitaria-para-cubrir-necesidades-basicas\/#article","isPartOf":{"@id":"https:\/\/www.laguiadepamplona.com\/actualidad\/abierto-el-plazo-para-solicitar-ayudas-municipales-de-emergencia-humanitaria-para-cubrir-necesidades-basicas\/"},"author":{"name":"La Gu\u00eda de Pamplona","@id":"https:\/\/www.laguiadepamplona.com\/actualidad\/#\/schema\/person\/efe887376f0213d4657c93adc50b1fdb"},"headline":"Abierto el plazo para solicitar ayudas municipales de emergencia humanitaria para cubrir necesidades b\u00e1sicas","datePublished":"2024-01-24T12:54:30+00:00","mainEntityOfPage":{"@id":"https:\/\/www.laguiadepamplona.com\/actualidad\/abierto-el-plazo-para-solicitar-ayudas-municipales-de-emergencia-humanitaria-para-cubrir-necesidades-basicas\/"},"wordCount":807,"commentCount":0,"publisher":{"@id":"https:\/\/www.laguiadepamplona.com\/actualidad\/#organization"},"image":{"@id":"https:\/\/www.laguiadepamplona.com\/actualidad\/abierto-el-plazo-para-solicitar-ayudas-municipales-de-emergencia-humanitaria-para-cubrir-necesidades-basicas\/#primaryimage"},"thumbnailUrl":"https:\/\/www.laguiadepamplona.com\/actualidad\/wp-content\/uploads\/2024\/01\/ayuda_subvencion_alimentacion_exclusion_social_frigo_0.webp","articleSection":["Ayto Pamplona"],"inLanguage":"es","potentialAction":[{"@type":"CommentAction","name":"Comment","target":["https:\/\/www.laguiadepamplona.com\/actualidad\/abierto-el-plazo-para-solicitar-ayudas-municipales-de-emergencia-humanitaria-para-cubrir-necesidades-basicas\/#respond"]}]},{"@type":"WebPage","@id":"https:\/\/www.laguiadepamplona.com\/actualidad\/abierto-el-plazo-para-solicitar-ayudas-municipales-de-emergencia-humanitaria-para-cubrir-necesidades-basicas\/","url":"https:\/\/www.laguiadepamplona.com\/actualidad\/abierto-el-plazo-para-solicitar-ayudas-municipales-de-emergencia-humanitaria-para-cubrir-necesidades-basicas\/","name":"Abierto el plazo para solicitar ayudas municipales de emergencia humanitaria para cubrir necesidades b\u00e1sicas","isPartOf":{"@id":"https:\/\/www.laguiadepamplona.com\/actualidad\/#website"},"primaryImageOfPage":{"@id":"https:\/\/www.laguiadepamplona.com\/actualidad\/abierto-el-plazo-para-solicitar-ayudas-municipales-de-emergencia-humanitaria-para-cubrir-necesidades-basicas\/#primaryimage"},"image":{"@id":"https:\/\/www.laguiadepamplona.com\/actualidad\/abierto-el-plazo-para-solicitar-ayudas-municipales-de-emergencia-humanitaria-para-cubrir-necesidades-basicas\/#primaryimage"},"thumbnailUrl":"https:\/\/www.laguiadepamplona.com\/actualidad\/wp-content\/uploads\/2024\/01\/ayuda_subvencion_alimentacion_exclusion_social_frigo_0.webp","datePublished":"2024-01-24T12:54:30+00:00","description":"Personas y unidades familiares podr\u00e1n optar a una partida de 630.000 euros para hacer frente a gastos de alojamiento, luz, gas o nutrici\u00f3n","breadcrumb":{"@id":"https:\/\/www.laguiadepamplona.com\/actualidad\/abierto-el-plazo-para-solicitar-ayudas-municipales-de-emergencia-humanitaria-para-cubrir-necesidades-basicas\/#breadcrumb"},"inLanguage":"es","potentialAction":[{"@type":"ReadAction","target":["https:\/\/www.laguiadepamplona.com\/actualidad\/abierto-el-plazo-para-solicitar-ayudas-municipales-de-emergencia-humanitaria-para-cubrir-necesidades-basicas\/"]}]},{"@type":"ImageObject","inLanguage":"es","@id":"https:\/\/www.laguiadepamplona.com\/actualidad\/abierto-el-plazo-para-solicitar-ayudas-municipales-de-emergencia-humanitaria-para-cubrir-necesidades-basicas\/#primaryimage","url":"https:\/\/www.laguiadepamplona.com\/actualidad\/wp-content\/uploads\/2024\/01\/ayuda_subvencion_alimentacion_exclusion_social_frigo_0.webp","contentUrl":"https:\/\/www.laguiadepamplona.com\/actualidad\/wp-content\/uploads\/2024\/01\/ayuda_subvencion_alimentacion_exclusion_social_frigo_0.webp","width":1200,"height":800,"caption":"subvenci\u00f3n alimentaci\u00f3n"},{"@type":"BreadcrumbList","@id":"https:\/\/www.laguiadepamplona.com\/actualidad\/abierto-el-plazo-para-solicitar-ayudas-municipales-de-emergencia-humanitaria-para-cubrir-necesidades-basicas\/#breadcrumb","itemListElement":[{"@type":"ListItem","position":1,"name":"Portada","item":"https:\/\/www.laguiadepamplona.com\/actualidad\/"},{"@type":"ListItem","position":2,"name":"Abierto el plazo para solicitar ayudas municipales de emergencia humanitaria para cubrir necesidades b\u00e1sicas"}]},{"@type":"WebSite","@id":"https:\/\/www.laguiadepamplona.com\/actualidad\/#website","url":"https:\/\/www.laguiadepamplona.com\/actualidad\/","name":"La gu\u00eda de Pamplona","description":"Noticias de Pamplona","publisher":{"@id":"https:\/\/www.laguiadepamplona.com\/actualidad\/#organization"},"potentialAction":[{"@type":"SearchAction","target":{"@type":"EntryPoint","urlTemplate":"https:\/\/www.laguiadepamplona.com\/actualidad\/?s={search_term_string}"},"query-input":{"@type":"PropertyValueSpecification","valueRequired":true,"valueName":"search_term_string"}}],"inLanguage":"es"},{"@type":"Organization","@id":"https:\/\/www.laguiadepamplona.com\/actualidad\/#organization","name":"La Gu\u00eda de Pamplona \/ Noticias","url":"https:\/\/www.laguiadepamplona.com\/actualidad\/","logo":{"@type":"ImageObject","inLanguage":"es","@id":"https:\/\/www.laguiadepamplona.com\/actualidad\/#\/schema\/logo\/image\/","url":"https:\/\/www.laguiadepamplona.com\/actualidad\/wp-content\/uploads\/2018\/11\/logo-laguiadepamplona18-web1.png","contentUrl":"https:\/\/www.laguiadepamplona.com\/actualidad\/wp-content\/uploads\/2018\/11\/logo-laguiadepamplona18-web1.png","width":600,"height":196,"caption":"La Gu\u00eda de Pamplona \/ Noticias"},"image":{"@id":"https:\/\/www.laguiadepamplona.com\/actualidad\/#\/schema\/logo\/image\/"},"sameAs":["https:\/\/www.facebook.com\/laguiadepamplonacom-133175176762273\/?ref=hl","https:\/\/x.com\/LaGuiadPamplona","https:\/\/www.instagram.com\/la_guia_de_pamplona\/","https:\/\/www.youtube.com\/user\/laguiadepamplona"]},{"@type":"Person","@id":"https:\/\/www.laguiadepamplona.com\/actualidad\/#\/schema\/person\/efe887376f0213d4657c93adc50b1fdb","name":"La Gu\u00eda de Pamplona","image":{"@type":"ImageObject","inLanguage":"es","@id":"https:\/\/secure.gravatar.com\/avatar\/b6992f131dc8d30ab0dff15446e9d346d9dbd95992de0fef795073f5ea83a81c?s=96&d=mm&r=g","url":"https:\/\/secure.gravatar.com\/avatar\/b6992f131dc8d30ab0dff15446e9d346d9dbd95992de0fef795073f5ea83a81c?s=96&d=mm&r=g","contentUrl":"https:\/\/secure.gravatar.com\/avatar\/b6992f131dc8d30ab0dff15446e9d346d9dbd95992de0fef795073f5ea83a81c?s=96&d=mm&r=g","caption":"La Gu\u00eda de Pamplona"}}]}},"post_mailing_queue_ids":[],"_links":{"self":[{"href":"https:\/\/www.laguiadepamplona.com\/actualidad\/wp-json\/wp\/v2\/posts\/48529","targetHints":{"allow":["GET"]}}],"collection":[{"href":"https:\/\/www.laguiadepamplona.com\/actualidad\/wp-json\/wp\/v2\/posts"}],"about":[{"href":"https:\/\/www.laguiadepamplona.com\/actualidad\/wp-json\/wp\/v2\/types\/post"}],"author":[{"embeddable":true,"href":"https:\/\/www.laguiadepamplona.com\/actualidad\/wp-json\/wp\/v2\/users\/1"}],"replies":[{"embeddable":true,"href":"https:\/\/www.laguiadepamplona.com\/actualidad\/wp-json\/wp\/v2\/comments?post=48529"}],"version-history":[{"count":1,"href":"https:\/\/www.laguiadepamplona.com\/actualidad\/wp-json\/wp\/v2\/posts\/48529\/revisions"}],"predecessor-version":[{"id":48531,"href":"https:\/\/www.laguiadepamplona.com\/actualidad\/wp-json\/wp\/v2\/posts\/48529\/revisions\/48531"}],"wp:featuredmedia":[{"embeddable":true,"href":"https:\/\/www.laguiadepamplona.com\/actualidad\/wp-json\/wp\/v2\/media\/48530"}],"wp:attachment":[{"href":"https:\/\/www.laguiadepamplona.com\/actualidad\/wp-json\/wp\/v2\/media?parent=48529"}],"wp:term":[{"taxonomy":"category","embeddable":true,"href":"https:\/\/www.laguiadepamplona.com\/actualidad\/wp-json\/wp\/v2\/categories?post=48529"},{"taxonomy":"post_tag","embeddable":true,"href":"https:\/\/www.laguiadepamplona.com\/actualidad\/wp-json\/wp\/v2\/tags?post=48529"}],"curies":[{"name":"wp","href":"https:\/\/api.w.org\/{rel}","templated":true}]}}