{"id":48527,"date":"2024-01-24T14:51:25","date_gmt":"2024-01-24T12:51:25","guid":{"rendered":"https:\/\/www.laguiadepamplona.com\/actualidad\/?p=48527"},"modified":"2024-01-24T18:07:16","modified_gmt":"2024-01-24T16:07:16","slug":"el-9-y-10-de-marzo-la-casa-de-la-juventud-acogera-el-viii-iruna-open-2024-cuyas-marcas-seran-puntuables-para-el-campeonato-de-europa-de-2024","status":"publish","type":"post","link":"https:\/\/www.laguiadepamplona.com\/actualidad\/el-9-y-10-de-marzo-la-casa-de-la-juventud-acogera-el-viii-iruna-open-2024-cuyas-marcas-seran-puntuables-para-el-campeonato-de-europa-de-2024\/","title":{"rendered":"El 9 y 10 de marzo la Casa de la Juventud acoger\u00e1 el VIII Iru\u00f1a Open 2024, cuyas marcas ser\u00e1n puntuables para el Campeonato de Europa de 2024"},"content":{"rendered":"<h2>Este jueves a las 20 horas se abre la inscripci\u00f3n para 64 plazas que se cubrir\u00e1n en estricto orden de registro<\/h2>\n<p><!--more--><\/p>\n<p>Para abrir boca antes del Campeonato de Europa de 2024, la cita internacional de julio en el Navarra Arena, la Casa de la Juventud, en colaboraci\u00f3n con la Asociaci\u00f3n Espa\u00f1ola de Speedcubing (AES) y de EuskalCubing. Organiza el \u2018VIII Iru\u00f1a Open 2024\u2019 de cubo de Rubik para el segundo fin de semana de marzo. Ma\u00f1ana jueves 25 de enero a las 20 horas se abrir\u00e1n las inscripciones para las 64 plazas con las que contar\u00e1 la competici\u00f3n y que se ir\u00e1n completando en orden de registro.<\/p>\n<p>En esta edici\u00f3n, quienes se inscriban podr\u00e1n participar en 8 modalidades diferentes del puzzle que se deber\u00e1n resolver en el menor tiempo posible. Los tres mejores de cada categor\u00eda obtendr\u00e1n una medalla y un diploma y quien gane en la modalidad 3x3x3 (cubo cl\u00e1sico) se llevar\u00e1, adem\u00e1s, la txapela que lo proclama ganador o ganadora del Iru\u00f1a Open 2024. Todas las personas participantes tendr\u00e1n un poster de recuerdo y, adem\u00e1s, se sortear\u00e1n al final de la competici\u00f3n ejemplares de los mejores cubos del mercado, algunos de ellos est\u00e1n valorados hasta en 50 euros.<br \/>\n<script async src=\"\/\/pagead2.googlesyndication.com\/pagead\/js\/adsbygoogle.js\"><\/script><br \/>\n<!-- Noticias La Guia de Pamplona --><br \/>\n<ins class=\"adsbygoogle\"\nstyle=\"display:block\"\ndata-ad-client=\"ca-pub-6943679897239327\"\ndata-ad-slot=\"7048180777\"\ndata-ad-format=\"auto\"><\/ins><br \/>\n<script>\n(adsbygoogle = window.adsbygoogle || []).push({});\n<\/script><\/p>\n<p>El campeonato se celebrar\u00e1 en la Sala de danza de la Casa de la Juventud (calle Sang\u00fcesa, 30) los d\u00edas 9 y 10 de marzo en horario de 10 a 14 horas y de 17 a 21 horas. La sala contar\u00e1 con ocho mesas de competici\u00f3n en las que las personas participantes ir\u00e1n sent\u00e1ndose para realizar sus soluciones, adem\u00e1s de una zona para mezclar los cubos y una zona de espectadores donde quienes lo deseen podr\u00e1n ver la competici\u00f3n en directo.<\/p>\n<p>La asistencia es gratuita, pero la inscripci\u00f3n tiene un coste de 3,5 euros para los socios de la AES y de 5 euros para los no socios a trav\u00e9s del sistema Stripe. Las marcas en el VIII Iru\u00f1a Open 2024\u2019 se registrar\u00e1n oficialmente y los resultados del evento podr\u00e1n servir como calificaci\u00f3n para el Campeonato de Europa. Para inscribirse es necesario <a href=\"https:\/\/www.worldcubeassociation.org\/users\/sign_up\" target=\"_blank\" rel=\"noopener\">abrirse una cuenta WCA<\/a> o, si ya se tiene una abierta, <a href=\"https:\/\/www.worldcubeassociation.org\/users\/sign_in\" target=\"_blank\" rel=\"noopener\">asociar la ID a la competici\u00f3n<\/a>.<\/p>\n<p>Esta competici\u00f3n recal\u00f3 en la Casa de la Juventud del Ayuntamiento de Pamplona en el a\u00f1o 2017 para apoyar a un grupo de competidores muy j\u00f3venes que quer\u00edan abrir esta posibilidad de Pamplona. El hecho de que sean ya ocho las ediciones completadas, convierte esta competici\u00f3n en una de las m\u00e1s longevas del pa\u00eds y sit\u00faa a Pamplona como una ciudad referente en este tipo de torneos.<br \/>\n<script async src=\"\/\/pagead2.googlesyndication.com\/pagead\/js\/adsbygoogle.js\"><\/script><br \/>\n<!-- Noticias La Guia de Pamplona --><br \/>\n<ins class=\"adsbygoogle\"\nstyle=\"display:block\"\ndata-ad-client=\"ca-pub-6943679897239327\"\ndata-ad-slot=\"7048180777\"\ndata-ad-format=\"auto\"><\/ins><br \/>\n<script>\n(adsbygoogle = window.adsbygoogle || []).push({});\n<\/script><\/p>\n<p>&nbsp;<\/p>\n<h3>VIII Open Iru\u00f1a 2024. Modalidades a concurso<\/h3>\n<ul>\n<li>3&#215;3 (3 rondas): Es el cubo cl\u00e1sico que todos conocemos y la categor\u00eda reina. En la primera ronda podr\u00e1 participar todo el mundo y los 8 mejores clasificados ser\u00e1n los que pasen a la gran final que se celebrar\u00e1 al final de la jornada. El ganador de esta categor\u00eda ser\u00e1 considerado como el ganador del campeonato y recibir\u00e1 un premio especial.<\/li>\n<li>2&#215;2 (3 rondas): Es el cubo m\u00e1s peque\u00f1o de todos, un poco m\u00e1s f\u00e1cil que el cubo cl\u00e1sico.<\/li>\n<li>Skewb (3 rondas): A diferencia del cubo cl\u00e1sico este cubo gira en torno a las esquinas, en vez de a los centros.<\/li>\n<li>Square-1 (3 ronda): aunque este cubo presenta forma c\u00fabica en su estado resuelto, su eje oblicuo hace que se pueda deformar, lo que complica su resoluci\u00f3n.<\/li>\n<li>Pyraminx (3 rondas): Con forma de tetraedro, este puzle posee 9 pegatinas es sus caras triangulares.<\/li>\n<li>3&#215;3 a una mano (Final combinada): Consiste en armar el cl\u00e1sico cubo de Rubik con una sola mano.<\/li>\n<li>3&#215;3 a ciegas (2 rondas): Consiste en memorizar el cubo para m\u00e1s tarde tratar de resolverlo sin mirar con un antifaz. El tiempo de clasificaci\u00f3n ser\u00e1 la suma del tiempo de memorizaci\u00f3n y ejecuci\u00f3n.<\/li>\n<li>3&#215;3 M\u00faltiple a ciegas (1 intento): Los competidores seleccionar\u00e1n un n\u00famero de cubos a intentar y en un tiempo m\u00e1ximo de una hora deber\u00e1n memorizarlos y resolverlos a ciegas juntos. La puntuaci\u00f3n de clasificaci\u00f3n ser\u00e1 el n\u00famero de cubos resueltos menos los fallados.<\/li>\n<\/ul>\n","protected":false},"excerpt":{"rendered":"<p>Este jueves a las 20 horas se abre la inscripci\u00f3n para 64 plazas que se cubrir\u00e1n en estricto orden de registro<\/p>\n","protected":false},"author":1,"featured_media":39354,"comment_status":"open","ping_status":"closed","sticky":false,"template":"","format":"standard","meta":{"footnotes":""},"categories":[2],"tags":[],"class_list":["post-48527","post","type-post","status-publish","format-standard","has-post-thumbnail","hentry","category-ayuntamiento-pamplona"],"yoast_head":"<!-- This site is optimized with the Yoast SEO plugin v27.3 - https:\/\/yoast.com\/product\/yoast-seo-wordpress\/ -->\n<title>El 9 y 10 de marzo la Casa de la Juventud acoger\u00e1 el VIII Iru\u00f1a Open 2024, cuyas marcas ser\u00e1n puntuables para el Campeonato de Europa de 2024<\/title>\n<meta name=\"description\" content=\"Este jueves a las 20 horas se abre la inscripci\u00f3n para 64 plazas que se cubrir\u00e1n en estricto orden de registro\" \/>\n<meta name=\"robots\" content=\"index, follow, max-snippet:-1, max-image-preview:large, max-video-preview:-1\" \/>\n<link rel=\"canonical\" href=\"https:\/\/www.laguiadepamplona.com\/actualidad\/el-9-y-10-de-marzo-la-casa-de-la-juventud-acogera-el-viii-iruna-open-2024-cuyas-marcas-seran-puntuables-para-el-campeonato-de-europa-de-2024\/\" \/>\n<meta property=\"og:locale\" content=\"es_ES\" \/>\n<meta property=\"og:type\" content=\"article\" \/>\n<meta property=\"og:title\" content=\"El 9 y 10 de marzo la Casa de la Juventud acoger\u00e1 el VIII Iru\u00f1a Open 2024, cuyas marcas ser\u00e1n puntuables para el Campeonato de Europa de 2024\" \/>\n<meta property=\"og:description\" content=\"Este jueves a las 20 horas se abre la inscripci\u00f3n para 64 plazas que se cubrir\u00e1n en estricto orden de registro\" \/>\n<meta property=\"og:url\" content=\"https:\/\/www.laguiadepamplona.com\/actualidad\/el-9-y-10-de-marzo-la-casa-de-la-juventud-acogera-el-viii-iruna-open-2024-cuyas-marcas-seran-puntuables-para-el-campeonato-de-europa-de-2024\/\" \/>\n<meta property=\"og:site_name\" content=\"La Gu\u00eda de Pamplona\" \/>\n<meta property=\"article:publisher\" content=\"https:\/\/www.facebook.com\/laguiadepamplonacom-133175176762273\/?ref=hl\" \/>\n<meta property=\"article:published_time\" content=\"2024-01-24T12:51:25+00:00\" \/>\n<meta property=\"article:modified_time\" content=\"2024-01-24T16:07:16+00:00\" \/>\n<meta property=\"og:image\" content=\"https:\/\/www.laguiadepamplona.com\/actualidad\/wp-content\/uploads\/2022\/03\/cubo-rubik-juego.jpg\" \/>\n\t<meta property=\"og:image:width\" content=\"1920\" \/>\n\t<meta property=\"og:image:height\" content=\"1280\" \/>\n\t<meta property=\"og:image:type\" content=\"image\/jpeg\" \/>\n<meta name=\"author\" content=\"La Gu\u00eda de Pamplona\" \/>\n<meta name=\"twitter:card\" content=\"summary_large_image\" \/>\n<meta name=\"twitter:creator\" content=\"@LaGuiadPamplona\" \/>\n<meta name=\"twitter:site\" content=\"@LaGuiadPamplona\" \/>\n<meta name=\"twitter:label1\" content=\"Escrito por\" \/>\n\t<meta name=\"twitter:data1\" content=\"La Gu\u00eda de Pamplona\" \/>\n\t<meta name=\"twitter:label2\" content=\"Tiempo de lectura\" \/>\n\t<meta name=\"twitter:data2\" content=\"4 minutos\" \/>\n<script type=\"application\/ld+json\" class=\"yoast-schema-graph\">{\"@context\":\"https:\\\/\\\/schema.org\",\"@graph\":[{\"@type\":\"Article\",\"@id\":\"https:\\\/\\\/www.laguiadepamplona.com\\\/actualidad\\\/el-9-y-10-de-marzo-la-casa-de-la-juventud-acogera-el-viii-iruna-open-2024-cuyas-marcas-seran-puntuables-para-el-campeonato-de-europa-de-2024\\\/#article\",\"isPartOf\":{\"@id\":\"https:\\\/\\\/www.laguiadepamplona.com\\\/actualidad\\\/el-9-y-10-de-marzo-la-casa-de-la-juventud-acogera-el-viii-iruna-open-2024-cuyas-marcas-seran-puntuables-para-el-campeonato-de-europa-de-2024\\\/\"},\"author\":{\"name\":\"La Gu\u00eda de Pamplona\",\"@id\":\"https:\\\/\\\/www.laguiadepamplona.com\\\/actualidad\\\/#\\\/schema\\\/person\\\/efe887376f0213d4657c93adc50b1fdb\"},\"headline\":\"El 9 y 10 de marzo la Casa de la Juventud acoger\u00e1 el VIII Iru\u00f1a Open 2024, cuyas marcas ser\u00e1n puntuables para el Campeonato de Europa de 2024\",\"datePublished\":\"2024-01-24T12:51:25+00:00\",\"dateModified\":\"2024-01-24T16:07:16+00:00\",\"mainEntityOfPage\":{\"@id\":\"https:\\\/\\\/www.laguiadepamplona.com\\\/actualidad\\\/el-9-y-10-de-marzo-la-casa-de-la-juventud-acogera-el-viii-iruna-open-2024-cuyas-marcas-seran-puntuables-para-el-campeonato-de-europa-de-2024\\\/\"},\"wordCount\":740,\"commentCount\":0,\"publisher\":{\"@id\":\"https:\\\/\\\/www.laguiadepamplona.com\\\/actualidad\\\/#organization\"},\"image\":{\"@id\":\"https:\\\/\\\/www.laguiadepamplona.com\\\/actualidad\\\/el-9-y-10-de-marzo-la-casa-de-la-juventud-acogera-el-viii-iruna-open-2024-cuyas-marcas-seran-puntuables-para-el-campeonato-de-europa-de-2024\\\/#primaryimage\"},\"thumbnailUrl\":\"https:\\\/\\\/www.laguiadepamplona.com\\\/actualidad\\\/wp-content\\\/uploads\\\/2022\\\/03\\\/cubo-rubik-juego.jpg\",\"articleSection\":[\"Ayto Pamplona\"],\"inLanguage\":\"es\",\"potentialAction\":[{\"@type\":\"CommentAction\",\"name\":\"Comment\",\"target\":[\"https:\\\/\\\/www.laguiadepamplona.com\\\/actualidad\\\/el-9-y-10-de-marzo-la-casa-de-la-juventud-acogera-el-viii-iruna-open-2024-cuyas-marcas-seran-puntuables-para-el-campeonato-de-europa-de-2024\\\/#respond\"]}]},{\"@type\":\"WebPage\",\"@id\":\"https:\\\/\\\/www.laguiadepamplona.com\\\/actualidad\\\/el-9-y-10-de-marzo-la-casa-de-la-juventud-acogera-el-viii-iruna-open-2024-cuyas-marcas-seran-puntuables-para-el-campeonato-de-europa-de-2024\\\/\",\"url\":\"https:\\\/\\\/www.laguiadepamplona.com\\\/actualidad\\\/el-9-y-10-de-marzo-la-casa-de-la-juventud-acogera-el-viii-iruna-open-2024-cuyas-marcas-seran-puntuables-para-el-campeonato-de-europa-de-2024\\\/\",\"name\":\"El 9 y 10 de marzo la Casa de la Juventud acoger\u00e1 el VIII Iru\u00f1a Open 2024, cuyas marcas ser\u00e1n puntuables para el Campeonato de Europa de 2024\",\"isPartOf\":{\"@id\":\"https:\\\/\\\/www.laguiadepamplona.com\\\/actualidad\\\/#website\"},\"primaryImageOfPage\":{\"@id\":\"https:\\\/\\\/www.laguiadepamplona.com\\\/actualidad\\\/el-9-y-10-de-marzo-la-casa-de-la-juventud-acogera-el-viii-iruna-open-2024-cuyas-marcas-seran-puntuables-para-el-campeonato-de-europa-de-2024\\\/#primaryimage\"},\"image\":{\"@id\":\"https:\\\/\\\/www.laguiadepamplona.com\\\/actualidad\\\/el-9-y-10-de-marzo-la-casa-de-la-juventud-acogera-el-viii-iruna-open-2024-cuyas-marcas-seran-puntuables-para-el-campeonato-de-europa-de-2024\\\/#primaryimage\"},\"thumbnailUrl\":\"https:\\\/\\\/www.laguiadepamplona.com\\\/actualidad\\\/wp-content\\\/uploads\\\/2022\\\/03\\\/cubo-rubik-juego.jpg\",\"datePublished\":\"2024-01-24T12:51:25+00:00\",\"dateModified\":\"2024-01-24T16:07:16+00:00\",\"description\":\"Este jueves a las 20 horas se abre la inscripci\u00f3n para 64 plazas que se cubrir\u00e1n en estricto orden de registro\",\"breadcrumb\":{\"@id\":\"https:\\\/\\\/www.laguiadepamplona.com\\\/actualidad\\\/el-9-y-10-de-marzo-la-casa-de-la-juventud-acogera-el-viii-iruna-open-2024-cuyas-marcas-seran-puntuables-para-el-campeonato-de-europa-de-2024\\\/#breadcrumb\"},\"inLanguage\":\"es\",\"potentialAction\":[{\"@type\":\"ReadAction\",\"target\":[\"https:\\\/\\\/www.laguiadepamplona.com\\\/actualidad\\\/el-9-y-10-de-marzo-la-casa-de-la-juventud-acogera-el-viii-iruna-open-2024-cuyas-marcas-seran-puntuables-para-el-campeonato-de-europa-de-2024\\\/\"]}]},{\"@type\":\"ImageObject\",\"inLanguage\":\"es\",\"@id\":\"https:\\\/\\\/www.laguiadepamplona.com\\\/actualidad\\\/el-9-y-10-de-marzo-la-casa-de-la-juventud-acogera-el-viii-iruna-open-2024-cuyas-marcas-seran-puntuables-para-el-campeonato-de-europa-de-2024\\\/#primaryimage\",\"url\":\"https:\\\/\\\/www.laguiadepamplona.com\\\/actualidad\\\/wp-content\\\/uploads\\\/2022\\\/03\\\/cubo-rubik-juego.jpg\",\"contentUrl\":\"https:\\\/\\\/www.laguiadepamplona.com\\\/actualidad\\\/wp-content\\\/uploads\\\/2022\\\/03\\\/cubo-rubik-juego.jpg\",\"width\":1920,\"height\":1280,\"caption\":\"cubo rubik\"},{\"@type\":\"BreadcrumbList\",\"@id\":\"https:\\\/\\\/www.laguiadepamplona.com\\\/actualidad\\\/el-9-y-10-de-marzo-la-casa-de-la-juventud-acogera-el-viii-iruna-open-2024-cuyas-marcas-seran-puntuables-para-el-campeonato-de-europa-de-2024\\\/#breadcrumb\",\"itemListElement\":[{\"@type\":\"ListItem\",\"position\":1,\"name\":\"Portada\",\"item\":\"https:\\\/\\\/www.laguiadepamplona.com\\\/actualidad\\\/\"},{\"@type\":\"ListItem\",\"position\":2,\"name\":\"El 9 y 10 de marzo la Casa de la Juventud acoger\u00e1 el VIII Iru\u00f1a Open 2024, cuyas marcas ser\u00e1n puntuables para el Campeonato de Europa de 2024\"}]},{\"@type\":\"WebSite\",\"@id\":\"https:\\\/\\\/www.laguiadepamplona.com\\\/actualidad\\\/#website\",\"url\":\"https:\\\/\\\/www.laguiadepamplona.com\\\/actualidad\\\/\",\"name\":\"La gu\u00eda de Pamplona\",\"description\":\"Noticias de Pamplona\",\"publisher\":{\"@id\":\"https:\\\/\\\/www.laguiadepamplona.com\\\/actualidad\\\/#organization\"},\"potentialAction\":[{\"@type\":\"SearchAction\",\"target\":{\"@type\":\"EntryPoint\",\"urlTemplate\":\"https:\\\/\\\/www.laguiadepamplona.com\\\/actualidad\\\/?s={search_term_string}\"},\"query-input\":{\"@type\":\"PropertyValueSpecification\",\"valueRequired\":true,\"valueName\":\"search_term_string\"}}],\"inLanguage\":\"es\"},{\"@type\":\"Organization\",\"@id\":\"https:\\\/\\\/www.laguiadepamplona.com\\\/actualidad\\\/#organization\",\"name\":\"La Gu\u00eda de Pamplona \\\/ Noticias\",\"url\":\"https:\\\/\\\/www.laguiadepamplona.com\\\/actualidad\\\/\",\"logo\":{\"@type\":\"ImageObject\",\"inLanguage\":\"es\",\"@id\":\"https:\\\/\\\/www.laguiadepamplona.com\\\/actualidad\\\/#\\\/schema\\\/logo\\\/image\\\/\",\"url\":\"https:\\\/\\\/www.laguiadepamplona.com\\\/actualidad\\\/wp-content\\\/uploads\\\/2018\\\/11\\\/logo-laguiadepamplona18-web1.png\",\"contentUrl\":\"https:\\\/\\\/www.laguiadepamplona.com\\\/actualidad\\\/wp-content\\\/uploads\\\/2018\\\/11\\\/logo-laguiadepamplona18-web1.png\",\"width\":600,\"height\":196,\"caption\":\"La Gu\u00eda de Pamplona \\\/ Noticias\"},\"image\":{\"@id\":\"https:\\\/\\\/www.laguiadepamplona.com\\\/actualidad\\\/#\\\/schema\\\/logo\\\/image\\\/\"},\"sameAs\":[\"https:\\\/\\\/www.facebook.com\\\/laguiadepamplonacom-133175176762273\\\/?ref=hl\",\"https:\\\/\\\/x.com\\\/LaGuiadPamplona\",\"https:\\\/\\\/www.instagram.com\\\/la_guia_de_pamplona\\\/\",\"https:\\\/\\\/www.youtube.com\\\/user\\\/laguiadepamplona\"]},{\"@type\":\"Person\",\"@id\":\"https:\\\/\\\/www.laguiadepamplona.com\\\/actualidad\\\/#\\\/schema\\\/person\\\/efe887376f0213d4657c93adc50b1fdb\",\"name\":\"La Gu\u00eda de Pamplona\",\"image\":{\"@type\":\"ImageObject\",\"inLanguage\":\"es\",\"@id\":\"https:\\\/\\\/secure.gravatar.com\\\/avatar\\\/b6992f131dc8d30ab0dff15446e9d346d9dbd95992de0fef795073f5ea83a81c?s=96&d=mm&r=g\",\"url\":\"https:\\\/\\\/secure.gravatar.com\\\/avatar\\\/b6992f131dc8d30ab0dff15446e9d346d9dbd95992de0fef795073f5ea83a81c?s=96&d=mm&r=g\",\"contentUrl\":\"https:\\\/\\\/secure.gravatar.com\\\/avatar\\\/b6992f131dc8d30ab0dff15446e9d346d9dbd95992de0fef795073f5ea83a81c?s=96&d=mm&r=g\",\"caption\":\"La Gu\u00eda de Pamplona\"}}]}<\/script>\n<!-- \/ Yoast SEO plugin. -->","yoast_head_json":{"title":"El 9 y 10 de marzo la Casa de la Juventud acoger\u00e1 el VIII Iru\u00f1a Open 2024, cuyas marcas ser\u00e1n puntuables para el Campeonato de Europa de 2024","description":"Este jueves a las 20 horas se abre la inscripci\u00f3n para 64 plazas que se cubrir\u00e1n en estricto orden de registro","robots":{"index":"index","follow":"follow","max-snippet":"max-snippet:-1","max-image-preview":"max-image-preview:large","max-video-preview":"max-video-preview:-1"},"canonical":"https:\/\/www.laguiadepamplona.com\/actualidad\/el-9-y-10-de-marzo-la-casa-de-la-juventud-acogera-el-viii-iruna-open-2024-cuyas-marcas-seran-puntuables-para-el-campeonato-de-europa-de-2024\/","og_locale":"es_ES","og_type":"article","og_title":"El 9 y 10 de marzo la Casa de la Juventud acoger\u00e1 el VIII Iru\u00f1a Open 2024, cuyas marcas ser\u00e1n puntuables para el Campeonato de Europa de 2024","og_description":"Este jueves a las 20 horas se abre la inscripci\u00f3n para 64 plazas que se cubrir\u00e1n en estricto orden de registro","og_url":"https:\/\/www.laguiadepamplona.com\/actualidad\/el-9-y-10-de-marzo-la-casa-de-la-juventud-acogera-el-viii-iruna-open-2024-cuyas-marcas-seran-puntuables-para-el-campeonato-de-europa-de-2024\/","og_site_name":"La Gu\u00eda de Pamplona","article_publisher":"https:\/\/www.facebook.com\/laguiadepamplonacom-133175176762273\/?ref=hl","article_published_time":"2024-01-24T12:51:25+00:00","article_modified_time":"2024-01-24T16:07:16+00:00","og_image":[{"width":1920,"height":1280,"url":"https:\/\/www.laguiadepamplona.com\/actualidad\/wp-content\/uploads\/2022\/03\/cubo-rubik-juego.jpg","type":"image\/jpeg"}],"author":"La Gu\u00eda de Pamplona","twitter_card":"summary_large_image","twitter_creator":"@LaGuiadPamplona","twitter_site":"@LaGuiadPamplona","twitter_misc":{"Escrito por":"La Gu\u00eda de Pamplona","Tiempo de lectura":"4 minutos"},"schema":{"@context":"https:\/\/schema.org","@graph":[{"@type":"Article","@id":"https:\/\/www.laguiadepamplona.com\/actualidad\/el-9-y-10-de-marzo-la-casa-de-la-juventud-acogera-el-viii-iruna-open-2024-cuyas-marcas-seran-puntuables-para-el-campeonato-de-europa-de-2024\/#article","isPartOf":{"@id":"https:\/\/www.laguiadepamplona.com\/actualidad\/el-9-y-10-de-marzo-la-casa-de-la-juventud-acogera-el-viii-iruna-open-2024-cuyas-marcas-seran-puntuables-para-el-campeonato-de-europa-de-2024\/"},"author":{"name":"La Gu\u00eda de Pamplona","@id":"https:\/\/www.laguiadepamplona.com\/actualidad\/#\/schema\/person\/efe887376f0213d4657c93adc50b1fdb"},"headline":"El 9 y 10 de marzo la Casa de la Juventud acoger\u00e1 el VIII Iru\u00f1a Open 2024, cuyas marcas ser\u00e1n puntuables para el Campeonato de Europa de 2024","datePublished":"2024-01-24T12:51:25+00:00","dateModified":"2024-01-24T16:07:16+00:00","mainEntityOfPage":{"@id":"https:\/\/www.laguiadepamplona.com\/actualidad\/el-9-y-10-de-marzo-la-casa-de-la-juventud-acogera-el-viii-iruna-open-2024-cuyas-marcas-seran-puntuables-para-el-campeonato-de-europa-de-2024\/"},"wordCount":740,"commentCount":0,"publisher":{"@id":"https:\/\/www.laguiadepamplona.com\/actualidad\/#organization"},"image":{"@id":"https:\/\/www.laguiadepamplona.com\/actualidad\/el-9-y-10-de-marzo-la-casa-de-la-juventud-acogera-el-viii-iruna-open-2024-cuyas-marcas-seran-puntuables-para-el-campeonato-de-europa-de-2024\/#primaryimage"},"thumbnailUrl":"https:\/\/www.laguiadepamplona.com\/actualidad\/wp-content\/uploads\/2022\/03\/cubo-rubik-juego.jpg","articleSection":["Ayto Pamplona"],"inLanguage":"es","potentialAction":[{"@type":"CommentAction","name":"Comment","target":["https:\/\/www.laguiadepamplona.com\/actualidad\/el-9-y-10-de-marzo-la-casa-de-la-juventud-acogera-el-viii-iruna-open-2024-cuyas-marcas-seran-puntuables-para-el-campeonato-de-europa-de-2024\/#respond"]}]},{"@type":"WebPage","@id":"https:\/\/www.laguiadepamplona.com\/actualidad\/el-9-y-10-de-marzo-la-casa-de-la-juventud-acogera-el-viii-iruna-open-2024-cuyas-marcas-seran-puntuables-para-el-campeonato-de-europa-de-2024\/","url":"https:\/\/www.laguiadepamplona.com\/actualidad\/el-9-y-10-de-marzo-la-casa-de-la-juventud-acogera-el-viii-iruna-open-2024-cuyas-marcas-seran-puntuables-para-el-campeonato-de-europa-de-2024\/","name":"El 9 y 10 de marzo la Casa de la Juventud acoger\u00e1 el VIII Iru\u00f1a Open 2024, cuyas marcas ser\u00e1n puntuables para el Campeonato de Europa de 2024","isPartOf":{"@id":"https:\/\/www.laguiadepamplona.com\/actualidad\/#website"},"primaryImageOfPage":{"@id":"https:\/\/www.laguiadepamplona.com\/actualidad\/el-9-y-10-de-marzo-la-casa-de-la-juventud-acogera-el-viii-iruna-open-2024-cuyas-marcas-seran-puntuables-para-el-campeonato-de-europa-de-2024\/#primaryimage"},"image":{"@id":"https:\/\/www.laguiadepamplona.com\/actualidad\/el-9-y-10-de-marzo-la-casa-de-la-juventud-acogera-el-viii-iruna-open-2024-cuyas-marcas-seran-puntuables-para-el-campeonato-de-europa-de-2024\/#primaryimage"},"thumbnailUrl":"https:\/\/www.laguiadepamplona.com\/actualidad\/wp-content\/uploads\/2022\/03\/cubo-rubik-juego.jpg","datePublished":"2024-01-24T12:51:25+00:00","dateModified":"2024-01-24T16:07:16+00:00","description":"Este jueves a las 20 horas se abre la inscripci\u00f3n para 64 plazas que se cubrir\u00e1n en estricto orden de registro","breadcrumb":{"@id":"https:\/\/www.laguiadepamplona.com\/actualidad\/el-9-y-10-de-marzo-la-casa-de-la-juventud-acogera-el-viii-iruna-open-2024-cuyas-marcas-seran-puntuables-para-el-campeonato-de-europa-de-2024\/#breadcrumb"},"inLanguage":"es","potentialAction":[{"@type":"ReadAction","target":["https:\/\/www.laguiadepamplona.com\/actualidad\/el-9-y-10-de-marzo-la-casa-de-la-juventud-acogera-el-viii-iruna-open-2024-cuyas-marcas-seran-puntuables-para-el-campeonato-de-europa-de-2024\/"]}]},{"@type":"ImageObject","inLanguage":"es","@id":"https:\/\/www.laguiadepamplona.com\/actualidad\/el-9-y-10-de-marzo-la-casa-de-la-juventud-acogera-el-viii-iruna-open-2024-cuyas-marcas-seran-puntuables-para-el-campeonato-de-europa-de-2024\/#primaryimage","url":"https:\/\/www.laguiadepamplona.com\/actualidad\/wp-content\/uploads\/2022\/03\/cubo-rubik-juego.jpg","contentUrl":"https:\/\/www.laguiadepamplona.com\/actualidad\/wp-content\/uploads\/2022\/03\/cubo-rubik-juego.jpg","width":1920,"height":1280,"caption":"cubo rubik"},{"@type":"BreadcrumbList","@id":"https:\/\/www.laguiadepamplona.com\/actualidad\/el-9-y-10-de-marzo-la-casa-de-la-juventud-acogera-el-viii-iruna-open-2024-cuyas-marcas-seran-puntuables-para-el-campeonato-de-europa-de-2024\/#breadcrumb","itemListElement":[{"@type":"ListItem","position":1,"name":"Portada","item":"https:\/\/www.laguiadepamplona.com\/actualidad\/"},{"@type":"ListItem","position":2,"name":"El 9 y 10 de marzo la Casa de la Juventud acoger\u00e1 el VIII Iru\u00f1a Open 2024, cuyas marcas ser\u00e1n puntuables para el Campeonato de Europa de 2024"}]},{"@type":"WebSite","@id":"https:\/\/www.laguiadepamplona.com\/actualidad\/#website","url":"https:\/\/www.laguiadepamplona.com\/actualidad\/","name":"La gu\u00eda de Pamplona","description":"Noticias de Pamplona","publisher":{"@id":"https:\/\/www.laguiadepamplona.com\/actualidad\/#organization"},"potentialAction":[{"@type":"SearchAction","target":{"@type":"EntryPoint","urlTemplate":"https:\/\/www.laguiadepamplona.com\/actualidad\/?s={search_term_string}"},"query-input":{"@type":"PropertyValueSpecification","valueRequired":true,"valueName":"search_term_string"}}],"inLanguage":"es"},{"@type":"Organization","@id":"https:\/\/www.laguiadepamplona.com\/actualidad\/#organization","name":"La Gu\u00eda de Pamplona \/ Noticias","url":"https:\/\/www.laguiadepamplona.com\/actualidad\/","logo":{"@type":"ImageObject","inLanguage":"es","@id":"https:\/\/www.laguiadepamplona.com\/actualidad\/#\/schema\/logo\/image\/","url":"https:\/\/www.laguiadepamplona.com\/actualidad\/wp-content\/uploads\/2018\/11\/logo-laguiadepamplona18-web1.png","contentUrl":"https:\/\/www.laguiadepamplona.com\/actualidad\/wp-content\/uploads\/2018\/11\/logo-laguiadepamplona18-web1.png","width":600,"height":196,"caption":"La Gu\u00eda de Pamplona \/ Noticias"},"image":{"@id":"https:\/\/www.laguiadepamplona.com\/actualidad\/#\/schema\/logo\/image\/"},"sameAs":["https:\/\/www.facebook.com\/laguiadepamplonacom-133175176762273\/?ref=hl","https:\/\/x.com\/LaGuiadPamplona","https:\/\/www.instagram.com\/la_guia_de_pamplona\/","https:\/\/www.youtube.com\/user\/laguiadepamplona"]},{"@type":"Person","@id":"https:\/\/www.laguiadepamplona.com\/actualidad\/#\/schema\/person\/efe887376f0213d4657c93adc50b1fdb","name":"La Gu\u00eda de Pamplona","image":{"@type":"ImageObject","inLanguage":"es","@id":"https:\/\/secure.gravatar.com\/avatar\/b6992f131dc8d30ab0dff15446e9d346d9dbd95992de0fef795073f5ea83a81c?s=96&d=mm&r=g","url":"https:\/\/secure.gravatar.com\/avatar\/b6992f131dc8d30ab0dff15446e9d346d9dbd95992de0fef795073f5ea83a81c?s=96&d=mm&r=g","contentUrl":"https:\/\/secure.gravatar.com\/avatar\/b6992f131dc8d30ab0dff15446e9d346d9dbd95992de0fef795073f5ea83a81c?s=96&d=mm&r=g","caption":"La Gu\u00eda de Pamplona"}}]}},"post_mailing_queue_ids":[],"_links":{"self":[{"href":"https:\/\/www.laguiadepamplona.com\/actualidad\/wp-json\/wp\/v2\/posts\/48527","targetHints":{"allow":["GET"]}}],"collection":[{"href":"https:\/\/www.laguiadepamplona.com\/actualidad\/wp-json\/wp\/v2\/posts"}],"about":[{"href":"https:\/\/www.laguiadepamplona.com\/actualidad\/wp-json\/wp\/v2\/types\/post"}],"author":[{"embeddable":true,"href":"https:\/\/www.laguiadepamplona.com\/actualidad\/wp-json\/wp\/v2\/users\/1"}],"replies":[{"embeddable":true,"href":"https:\/\/www.laguiadepamplona.com\/actualidad\/wp-json\/wp\/v2\/comments?post=48527"}],"version-history":[{"count":3,"href":"https:\/\/www.laguiadepamplona.com\/actualidad\/wp-json\/wp\/v2\/posts\/48527\/revisions"}],"predecessor-version":[{"id":48537,"href":"https:\/\/www.laguiadepamplona.com\/actualidad\/wp-json\/wp\/v2\/posts\/48527\/revisions\/48537"}],"wp:featuredmedia":[{"embeddable":true,"href":"https:\/\/www.laguiadepamplona.com\/actualidad\/wp-json\/wp\/v2\/media\/39354"}],"wp:attachment":[{"href":"https:\/\/www.laguiadepamplona.com\/actualidad\/wp-json\/wp\/v2\/media?parent=48527"}],"wp:term":[{"taxonomy":"category","embeddable":true,"href":"https:\/\/www.laguiadepamplona.com\/actualidad\/wp-json\/wp\/v2\/categories?post=48527"},{"taxonomy":"post_tag","embeddable":true,"href":"https:\/\/www.laguiadepamplona.com\/actualidad\/wp-json\/wp\/v2\/tags?post=48527"}],"curies":[{"name":"wp","href":"https:\/\/api.w.org\/{rel}","templated":true}]}}