{"id":48525,"date":"2024-01-23T17:42:48","date_gmt":"2024-01-23T15:42:48","guid":{"rendered":"https:\/\/www.laguiadepamplona.com\/actualidad\/?p=48525"},"modified":"2024-01-23T17:42:48","modified_gmt":"2024-01-23T15:42:48","slug":"una-ciudadela-espacio-de-encuentro-para-la-cultura-contemporanea-y-construir-los-sanfermines-contando-con-la-ciudadania-retos-del-area-de-cultura-y-festejos","status":"publish","type":"post","link":"https:\/\/www.laguiadepamplona.com\/actualidad\/una-ciudadela-espacio-de-encuentro-para-la-cultura-contemporanea-y-construir-los-sanfermines-contando-con-la-ciudadania-retos-del-area-de-cultura-y-festejos\/","title":{"rendered":"Una Ciudadela espacio de encuentro para la cultura contempor\u00e1nea y construir los Sanfermines contando con la ciudadan\u00eda: retos del \u00c1rea de Cultura y Festejos"},"content":{"rendered":"<h2>Las Escuelas Infantiles seguir\u00e1n siendo gratuitas y aumentar\u00e1n las plazas disponibles, manteniendo la actual oferta ling\u00fc\u00edstica para el pr\u00f3ximo curso<\/h2>\n<p><!--more--><\/p>\n<p>Pamplona recuperar\u00e1 el sistema de elecci\u00f3n de persona o entidad encargada del lanzamiento del Chupinazo mediante votaci\u00f3n popular y el impulso del Centro de cultura contempor\u00e1nea en Ciudadela y se iniciar\u00e1 la actualizaci\u00f3n de las l\u00edneas estrat\u00e9gicas de cultura. Adem\u00e1s, la ciudad seguir\u00e1 apostado por la gratuidad de la escolarizaci\u00f3n en las Escuelas Infantiles, impulsar\u00e1 una nueva escuela infantil en San Juan y la mejora continua del proyecto de men\u00fas profundizando en los valores de sostenibilidad y calidad en la alimentaci\u00f3n infantil. En lo relativo a Educaci\u00f3n iniciar\u00e1 un plan completo de remodelaci\u00f3n de patios y espacios de juego de los centros de Primaria de acuerdo con la comunidad educativa; adem\u00e1s, la concejal\u00eda est\u00e1 comenzando a revisar las convocatorias de subvenciones en el \u00e1mbito del deporte para promover las actividades apoyadas por las federaciones deportivas.<\/p>\n<p>Estos son algunos de los temas abordados esta ma\u00f1ana por Maider Beloki Unzu, concejala delegada de Cultura, Fiestas, Educaci\u00f3n y Deporte, que ha comparecido a petici\u00f3n propia ante la Comisi\u00f3n de Asuntos Ciudadanos del Ayuntamiento de Pamplona. En la sesi\u00f3n daba cuenta de las l\u00edneas estrat\u00e9gicas que abordar\u00e1 desde su departamento en sus diferentes \u00e1mbitos de competencia.<\/p>\n<p><strong>Cultura: proximidad, participaci\u00f3n y coordinaci\u00f3n<\/strong><\/p>\n<p>En los pr\u00f3ximos a\u00f1os el Ayuntamiento de Pamplona har\u00e1 un especial hincapi\u00e9 en el \u00e1mbito de la cultura como espacio estrat\u00e9gico para el modelo y la imagen de ciudad, la cohesi\u00f3n social y el desarrollo, tanto econ\u00f3mico como cultural. La propuesta es definir una estrategia cultural que permita generar nuevas din\u00e1micas de trabajo y relaci\u00f3n basadas en la transversalidad, implicando a todos los agentes p\u00fablicos-privados de proximidad, desde una perspectiva de capitalidad, de tradici\u00f3n y cultura popular, y de contemporaneidad.<\/p>\n<p>As\u00ed la tarea comenzar\u00e1 por la actualizaci\u00f3n de las l\u00edneas estrat\u00e9gicas de cultura establecidas en a\u00f1o 2017 teniendo en cuenta los conceptos de proximidad y calidad para todas las personas y colectivos. De esta forma se buscar\u00e1 ampliar y consolidar la Red de Centros Civivox y su programaci\u00f3n impulsando la participaci\u00f3n de los colectivos de sus respectivos barrios. Est\u00e1 previsto incluir en presupuestos de 2024 el proyecto del Civivox en Erripagaina.<\/p>\n<p>Se apostar\u00e1 por la creaci\u00f3n del Centro de cultura contempor\u00e1nea en Ciudadela, proponiendo un espacio abierto de encuentro, de disfrute y de conocimiento de las diferentes dimensiones que componen los procesos creativos: exhibici\u00f3n\/difusi\u00f3n, pensamiento\/encuentro \/mediaci\u00f3n, creaci\u00f3n\/producci\u00f3n. Para ello lo previsto es colaborar con otras entidades municipales como el futuro espacio cultural de Casa Arraiza, de Navarra, como el Centro Huarte, o de car\u00e1cter estatal. Tambi\u00e9n se continuar\u00e1 con la colaboraci\u00f3n con Gobierno de Navarra en el \u00e1mbito de las bibliotecas y sus programas divulgativos, adem\u00e1s de apostar por el incremento de fondos para la compra de libros y material bibliogr\u00e1fico<\/p>\n<p>Desde el punto de vista de la salvaguardia del patrimonio material se propondr\u00e1, adem\u00e1s, la elaboraci\u00f3n de un PEAU para la protecci\u00f3n y la regulaci\u00f3n de las intervenciones constructivas en la Ciudadela, siempre con el visto bueno de Pr\u00edncipe de Viana; y en el caso de patrimonio inmaterial se apoyar\u00e1 la recopilaci\u00f3n de la memoria oral de Pamplona en el marco del proyecto Navarchivo, de la Universidad P\u00fablica de Navarra.<\/p>\n<p><strong>Mesa de los Sanfermines y comisiones de fiestas de los barrios<\/strong><\/p>\n<p>En el \u00e1mbito de los festejos, en relaci\u00f3n a los Sanfermines de buscar\u00e1 trabajar activamente en la Mesa de San Ferm\u00edn como buen esquema de participaci\u00f3n ciudadana. El objetivo es profundizar en ese evento como fiesta popular y participativa, construy\u00e9ndola en colaboraci\u00f3n activa con la ciudadan\u00eda y sus asociaciones y los agentes festivos.<\/p>\n<p>Como primeros pasos, el \u00c1rea de Cultura, Fiestas, Educaci\u00f3n y Deporte recuperar\u00e1 el sistema de elecci\u00f3n de persona o entidad encargada del lanzamiento del Chupinazo mediante votaci\u00f3n popular y el establecimiento de criterios consensuados para la cesi\u00f3n de espacios a colectivos en las fiestas de San Ferm\u00edn. En ese sentido, adem\u00e1s, se impulsar\u00e1n unas fiestas accesibles, trabajando con las entidades del \u00e1mbito de la inclusi\u00f3n social y la diversidad funcional.<\/p>\n<p>Para el resto de escenarios y fechas festivas de la ciudad se consolidar\u00e1n y ampliar\u00e1n los convenios con las comisiones de fiestas de los barrios para sus fechas se\u00f1aladas: carnavales, d\u00eda del barrio, olentzero, etc.<br \/>\n<script async src=\"\/\/pagead2.googlesyndication.com\/pagead\/js\/adsbygoogle.js\"><\/script><br \/>\n<!-- Noticias La Guia de Pamplona --><br \/>\n<ins class=\"adsbygoogle\"\nstyle=\"display:block\"\ndata-ad-client=\"ca-pub-6943679897239327\"\ndata-ad-slot=\"7048180777\"\ndata-ad-format=\"auto\"><\/ins><br \/>\n<script>\n(adsbygoogle = window.adsbygoogle || []).push({});\n<\/script><\/p>\n<p><strong>Red de Escuelas Infantiles Municipales y competencias en Educaci\u00f3n<\/strong><\/p>\n<p>En relaci\u00f3n a la Red Escuelas Municipales de Pamplona, el Ayuntamiento mantendr\u00e1 la gratuidad e incrementar\u00e1 la oferta de plazas 0-3 a\u00f1os en atenci\u00f3n a criterios de igualdad y equidad, planificando el desarrollo de nuevas escuelas hacia una oferta que cubra la demanda. En ese sentido, ser\u00e1 prioritaria la redacci\u00f3n y construcci\u00f3n del proyecto escuela infantil en San Juan en la parcela municipal PEAU Antigua C\u00e1rcel. La concejala ha explicado que por el momento se mantendr\u00e1 la oferta ling\u00fc\u00edstica de este \u00faltimo curso, con el compromiso de trabajar y analizar una oferta ling\u00fc\u00edstica adecuada a la demanda ciudadana en base a par\u00e1metros objetivos.<\/p>\n<p>En relaci\u00f3n a la mejora de los servicios 0\/3 municipales se va a estudiar la implantaci\u00f3n del programa Escuelas de Familia, con servicio a las familias de las escuelas infantiles p\u00fablicas creando \u00e1mbitos de trabajo con las familias, con espacios de acompa\u00f1amiento a las familias con ni\u00f1os y ni\u00f1as que por diferentes motivos no acuden habitualmente a una escuela infantil y se establecer\u00e1 un sistema interno de trabajo e intervenci\u00f3n conjunto con acci\u00f3n social y los servicios sociales de base que sea capaz de actuar en los \u00e1mbitos de prevenci\u00f3n, asistencia, y acompa\u00f1amiento de los ni\u00f1os y ni\u00f1as y familias m\u00e1s vulnerables. Tambi\u00e9n se impulsar\u00e1 la mejora continua del proyecto de men\u00fas \u201cHemengoak-De Aqu\u00ed\u201d, profundizando en los valores de sostenibilidad y calidad en la alimentaci\u00f3n infantil en base a los alimentos de proximidad, de temporada y ecol\u00f3gicos<\/p>\n<p>En \u00e1mbito de las competencias que el Ayuntamiento tiene en las escuelas p\u00fablicas de Primaria se seguir\u00e1 trabajando sobre el plan de inversiones para escuelas p\u00fablicas para el mantenimiento y mejora de la red y se realizar\u00e1 un plan completo de remodelaci\u00f3n de patios y zonas de juegos junto con la comunidad educativa desde una perspectiva m\u00e1s igualitaria e inclusiva de la infancia. Adem\u00e1s, se crear\u00e1n programas pedag\u00f3gicos vinculados a materiales como el arte y la creaci\u00f3n, la ciencia o la sostenibilidad, o la diversidad cultural.<br \/>\n<script async src=\"\/\/pagead2.googlesyndication.com\/pagead\/js\/adsbygoogle.js\"><\/script><br \/>\n<!-- Noticias La Guia de Pamplona --><br \/>\n<ins class=\"adsbygoogle\"\nstyle=\"display:block\"\ndata-ad-client=\"ca-pub-6943679897239327\"\ndata-ad-slot=\"7048180777\"\ndata-ad-format=\"auto\"><\/ins><br \/>\n<script>\n(adsbygoogle = window.adsbygoogle || []).push({});\n<\/script><\/p>\n<p><strong>A la salud por el deporte<\/strong><\/p>\n<p>En el \u00e1mbito deportivo se continuar\u00e1 con la promoci\u00f3n de las pr\u00e1cticas deportivas como eje de una vida plena y saludable basada en valores de igualdad, solidaridad y respeto, poniendo en el centro el trabajo de todas las federaciones deportivas. En ese sentido se ha comenzado ya a revisar las l\u00edneas de subvenciones. En el \u00e1mbito de patrocinio de eventos deportivos, (y tambi\u00e9n el patrocinio cultural v\u00eda festivales) se seguir\u00e1n apoyando aquellos eventos que proyecten Pamplona hacia el exterior, trabajando conjuntamente con Turismo teniendo en cuente tambi\u00e9n la promoci\u00f3n econ\u00f3mica para la ciudad.<\/p>\n<p>Como proyecto eje-central del \u00e1rea, que se recoge en el acuerdo de gobierno, Pamplona ser\u00e1 Capital Internacional de la Pelota en esta legislatura tal y como recoge el PE 406 dentro del marco del P. Estrat\u00e9gico 2030 para Pamplona. Dicho proyecto recoge el Centro de Interpretaci\u00f3n de la Pelota Vasca, como espacio nodo del mundo de la pelota. Dicho proyecto en su totalidad, ira en coordinaci\u00f3n y en colaboraci\u00f3n con la Federaci\u00f3n Navarra de Pelota, y el Gobierno de Navarra.<\/p>\n","protected":false},"excerpt":{"rendered":"<p>Las Escuelas Infantiles seguir\u00e1n siendo gratuitas y aumentar\u00e1n las plazas disponibles, manteniendo la actual oferta ling\u00fc\u00edstica para el pr\u00f3ximo curso<\/p>\n","protected":false},"author":1,"featured_media":42161,"comment_status":"open","ping_status":"closed","sticky":false,"template":"","format":"standard","meta":{"footnotes":""},"categories":[2],"tags":[],"class_list":["post-48525","post","type-post","status-publish","format-standard","has-post-thumbnail","hentry","category-ayuntamiento-pamplona"],"yoast_head":"<!-- This site is optimized with the Yoast SEO plugin v27.3 - https:\/\/yoast.com\/product\/yoast-seo-wordpress\/ -->\n<title>Una Ciudadela espacio de encuentro para la cultura contempor\u00e1nea y construir los Sanfermines contando con la ciudadan\u00eda: retos del \u00c1rea de Cultura y Festejos<\/title>\n<meta name=\"description\" content=\"Las Escuelas Infantiles seguir\u00e1n siendo gratuitas y aumentar\u00e1n las plazas disponibles, manteniendo la actual oferta ling\u00fc\u00edstica para el pr\u00f3ximo curso\" \/>\n<meta name=\"robots\" content=\"index, follow, max-snippet:-1, max-image-preview:large, max-video-preview:-1\" \/>\n<link rel=\"canonical\" href=\"https:\/\/www.laguiadepamplona.com\/actualidad\/una-ciudadela-espacio-de-encuentro-para-la-cultura-contemporanea-y-construir-los-sanfermines-contando-con-la-ciudadania-retos-del-area-de-cultura-y-festejos\/\" \/>\n<meta property=\"og:locale\" content=\"es_ES\" \/>\n<meta property=\"og:type\" content=\"article\" \/>\n<meta property=\"og:title\" content=\"Una Ciudadela espacio de encuentro para la cultura contempor\u00e1nea y construir los Sanfermines contando con la ciudadan\u00eda: retos del \u00c1rea de Cultura y Festejos\" \/>\n<meta property=\"og:description\" content=\"Las Escuelas Infantiles seguir\u00e1n siendo gratuitas y aumentar\u00e1n las plazas disponibles, manteniendo la actual oferta ling\u00fc\u00edstica para el pr\u00f3ximo curso\" \/>\n<meta property=\"og:url\" content=\"https:\/\/www.laguiadepamplona.com\/actualidad\/una-ciudadela-espacio-de-encuentro-para-la-cultura-contemporanea-y-construir-los-sanfermines-contando-con-la-ciudadania-retos-del-area-de-cultura-y-festejos\/\" \/>\n<meta property=\"og:site_name\" content=\"La Gu\u00eda de Pamplona\" \/>\n<meta property=\"article:publisher\" content=\"https:\/\/www.facebook.com\/laguiadepamplonacom-133175176762273\/?ref=hl\" \/>\n<meta property=\"article:published_time\" content=\"2024-01-23T15:42:48+00:00\" \/>\n<meta property=\"og:image\" content=\"https:\/\/www.laguiadepamplona.com\/actualidad\/wp-content\/uploads\/2022\/11\/Ciudadela_Baluarte-Real_4_LP3_7245b.webp\" \/>\n\t<meta property=\"og:image:width\" content=\"1920\" \/>\n\t<meta property=\"og:image:height\" content=\"1273\" \/>\n\t<meta property=\"og:image:type\" content=\"image\/webp\" \/>\n<meta name=\"author\" content=\"La Gu\u00eda de Pamplona\" \/>\n<meta name=\"twitter:card\" content=\"summary_large_image\" \/>\n<meta name=\"twitter:creator\" content=\"@LaGuiadPamplona\" \/>\n<meta name=\"twitter:site\" content=\"@LaGuiadPamplona\" \/>\n<meta name=\"twitter:label1\" content=\"Escrito por\" \/>\n\t<meta name=\"twitter:data1\" content=\"La Gu\u00eda de Pamplona\" \/>\n\t<meta name=\"twitter:label2\" content=\"Tiempo de lectura\" \/>\n\t<meta name=\"twitter:data2\" content=\"6 minutos\" \/>\n<script type=\"application\/ld+json\" class=\"yoast-schema-graph\">{\"@context\":\"https:\\\/\\\/schema.org\",\"@graph\":[{\"@type\":\"Article\",\"@id\":\"https:\\\/\\\/www.laguiadepamplona.com\\\/actualidad\\\/una-ciudadela-espacio-de-encuentro-para-la-cultura-contemporanea-y-construir-los-sanfermines-contando-con-la-ciudadania-retos-del-area-de-cultura-y-festejos\\\/#article\",\"isPartOf\":{\"@id\":\"https:\\\/\\\/www.laguiadepamplona.com\\\/actualidad\\\/una-ciudadela-espacio-de-encuentro-para-la-cultura-contemporanea-y-construir-los-sanfermines-contando-con-la-ciudadania-retos-del-area-de-cultura-y-festejos\\\/\"},\"author\":{\"name\":\"La Gu\u00eda de Pamplona\",\"@id\":\"https:\\\/\\\/www.laguiadepamplona.com\\\/actualidad\\\/#\\\/schema\\\/person\\\/efe887376f0213d4657c93adc50b1fdb\"},\"headline\":\"Una Ciudadela espacio de encuentro para la cultura contempor\u00e1nea y construir los Sanfermines contando con la ciudadan\u00eda: retos del \u00c1rea de Cultura y Festejos\",\"datePublished\":\"2024-01-23T15:42:48+00:00\",\"mainEntityOfPage\":{\"@id\":\"https:\\\/\\\/www.laguiadepamplona.com\\\/actualidad\\\/una-ciudadela-espacio-de-encuentro-para-la-cultura-contemporanea-y-construir-los-sanfermines-contando-con-la-ciudadania-retos-del-area-de-cultura-y-festejos\\\/\"},\"wordCount\":1373,\"commentCount\":0,\"publisher\":{\"@id\":\"https:\\\/\\\/www.laguiadepamplona.com\\\/actualidad\\\/#organization\"},\"image\":{\"@id\":\"https:\\\/\\\/www.laguiadepamplona.com\\\/actualidad\\\/una-ciudadela-espacio-de-encuentro-para-la-cultura-contemporanea-y-construir-los-sanfermines-contando-con-la-ciudadania-retos-del-area-de-cultura-y-festejos\\\/#primaryimage\"},\"thumbnailUrl\":\"https:\\\/\\\/www.laguiadepamplona.com\\\/actualidad\\\/wp-content\\\/uploads\\\/2022\\\/11\\\/Ciudadela_Baluarte-Real_4_LP3_7245b.webp\",\"articleSection\":[\"Ayto Pamplona\"],\"inLanguage\":\"es\",\"potentialAction\":[{\"@type\":\"CommentAction\",\"name\":\"Comment\",\"target\":[\"https:\\\/\\\/www.laguiadepamplona.com\\\/actualidad\\\/una-ciudadela-espacio-de-encuentro-para-la-cultura-contemporanea-y-construir-los-sanfermines-contando-con-la-ciudadania-retos-del-area-de-cultura-y-festejos\\\/#respond\"]}]},{\"@type\":\"WebPage\",\"@id\":\"https:\\\/\\\/www.laguiadepamplona.com\\\/actualidad\\\/una-ciudadela-espacio-de-encuentro-para-la-cultura-contemporanea-y-construir-los-sanfermines-contando-con-la-ciudadania-retos-del-area-de-cultura-y-festejos\\\/\",\"url\":\"https:\\\/\\\/www.laguiadepamplona.com\\\/actualidad\\\/una-ciudadela-espacio-de-encuentro-para-la-cultura-contemporanea-y-construir-los-sanfermines-contando-con-la-ciudadania-retos-del-area-de-cultura-y-festejos\\\/\",\"name\":\"Una Ciudadela espacio de encuentro para la cultura contempor\u00e1nea y construir los Sanfermines contando con la ciudadan\u00eda: retos del \u00c1rea de Cultura y Festejos\",\"isPartOf\":{\"@id\":\"https:\\\/\\\/www.laguiadepamplona.com\\\/actualidad\\\/#website\"},\"primaryImageOfPage\":{\"@id\":\"https:\\\/\\\/www.laguiadepamplona.com\\\/actualidad\\\/una-ciudadela-espacio-de-encuentro-para-la-cultura-contemporanea-y-construir-los-sanfermines-contando-con-la-ciudadania-retos-del-area-de-cultura-y-festejos\\\/#primaryimage\"},\"image\":{\"@id\":\"https:\\\/\\\/www.laguiadepamplona.com\\\/actualidad\\\/una-ciudadela-espacio-de-encuentro-para-la-cultura-contemporanea-y-construir-los-sanfermines-contando-con-la-ciudadania-retos-del-area-de-cultura-y-festejos\\\/#primaryimage\"},\"thumbnailUrl\":\"https:\\\/\\\/www.laguiadepamplona.com\\\/actualidad\\\/wp-content\\\/uploads\\\/2022\\\/11\\\/Ciudadela_Baluarte-Real_4_LP3_7245b.webp\",\"datePublished\":\"2024-01-23T15:42:48+00:00\",\"description\":\"Las Escuelas Infantiles seguir\u00e1n siendo gratuitas y aumentar\u00e1n las plazas disponibles, manteniendo la actual oferta ling\u00fc\u00edstica para el pr\u00f3ximo curso\",\"breadcrumb\":{\"@id\":\"https:\\\/\\\/www.laguiadepamplona.com\\\/actualidad\\\/una-ciudadela-espacio-de-encuentro-para-la-cultura-contemporanea-y-construir-los-sanfermines-contando-con-la-ciudadania-retos-del-area-de-cultura-y-festejos\\\/#breadcrumb\"},\"inLanguage\":\"es\",\"potentialAction\":[{\"@type\":\"ReadAction\",\"target\":[\"https:\\\/\\\/www.laguiadepamplona.com\\\/actualidad\\\/una-ciudadela-espacio-de-encuentro-para-la-cultura-contemporanea-y-construir-los-sanfermines-contando-con-la-ciudadania-retos-del-area-de-cultura-y-festejos\\\/\"]}]},{\"@type\":\"ImageObject\",\"inLanguage\":\"es\",\"@id\":\"https:\\\/\\\/www.laguiadepamplona.com\\\/actualidad\\\/una-ciudadela-espacio-de-encuentro-para-la-cultura-contemporanea-y-construir-los-sanfermines-contando-con-la-ciudadania-retos-del-area-de-cultura-y-festejos\\\/#primaryimage\",\"url\":\"https:\\\/\\\/www.laguiadepamplona.com\\\/actualidad\\\/wp-content\\\/uploads\\\/2022\\\/11\\\/Ciudadela_Baluarte-Real_4_LP3_7245b.webp\",\"contentUrl\":\"https:\\\/\\\/www.laguiadepamplona.com\\\/actualidad\\\/wp-content\\\/uploads\\\/2022\\\/11\\\/Ciudadela_Baluarte-Real_4_LP3_7245b.webp\",\"width\":1920,\"height\":1273,\"caption\":\"ciudadela\"},{\"@type\":\"BreadcrumbList\",\"@id\":\"https:\\\/\\\/www.laguiadepamplona.com\\\/actualidad\\\/una-ciudadela-espacio-de-encuentro-para-la-cultura-contemporanea-y-construir-los-sanfermines-contando-con-la-ciudadania-retos-del-area-de-cultura-y-festejos\\\/#breadcrumb\",\"itemListElement\":[{\"@type\":\"ListItem\",\"position\":1,\"name\":\"Portada\",\"item\":\"https:\\\/\\\/www.laguiadepamplona.com\\\/actualidad\\\/\"},{\"@type\":\"ListItem\",\"position\":2,\"name\":\"Una Ciudadela espacio de encuentro para la cultura contempor\u00e1nea y construir los Sanfermines contando con la ciudadan\u00eda: retos del \u00c1rea de Cultura y Festejos\"}]},{\"@type\":\"WebSite\",\"@id\":\"https:\\\/\\\/www.laguiadepamplona.com\\\/actualidad\\\/#website\",\"url\":\"https:\\\/\\\/www.laguiadepamplona.com\\\/actualidad\\\/\",\"name\":\"La gu\u00eda de Pamplona\",\"description\":\"Noticias de Pamplona\",\"publisher\":{\"@id\":\"https:\\\/\\\/www.laguiadepamplona.com\\\/actualidad\\\/#organization\"},\"potentialAction\":[{\"@type\":\"SearchAction\",\"target\":{\"@type\":\"EntryPoint\",\"urlTemplate\":\"https:\\\/\\\/www.laguiadepamplona.com\\\/actualidad\\\/?s={search_term_string}\"},\"query-input\":{\"@type\":\"PropertyValueSpecification\",\"valueRequired\":true,\"valueName\":\"search_term_string\"}}],\"inLanguage\":\"es\"},{\"@type\":\"Organization\",\"@id\":\"https:\\\/\\\/www.laguiadepamplona.com\\\/actualidad\\\/#organization\",\"name\":\"La Gu\u00eda de Pamplona \\\/ Noticias\",\"url\":\"https:\\\/\\\/www.laguiadepamplona.com\\\/actualidad\\\/\",\"logo\":{\"@type\":\"ImageObject\",\"inLanguage\":\"es\",\"@id\":\"https:\\\/\\\/www.laguiadepamplona.com\\\/actualidad\\\/#\\\/schema\\\/logo\\\/image\\\/\",\"url\":\"https:\\\/\\\/www.laguiadepamplona.com\\\/actualidad\\\/wp-content\\\/uploads\\\/2018\\\/11\\\/logo-laguiadepamplona18-web1.png\",\"contentUrl\":\"https:\\\/\\\/www.laguiadepamplona.com\\\/actualidad\\\/wp-content\\\/uploads\\\/2018\\\/11\\\/logo-laguiadepamplona18-web1.png\",\"width\":600,\"height\":196,\"caption\":\"La Gu\u00eda de Pamplona \\\/ Noticias\"},\"image\":{\"@id\":\"https:\\\/\\\/www.laguiadepamplona.com\\\/actualidad\\\/#\\\/schema\\\/logo\\\/image\\\/\"},\"sameAs\":[\"https:\\\/\\\/www.facebook.com\\\/laguiadepamplonacom-133175176762273\\\/?ref=hl\",\"https:\\\/\\\/x.com\\\/LaGuiadPamplona\",\"https:\\\/\\\/www.instagram.com\\\/la_guia_de_pamplona\\\/\",\"https:\\\/\\\/www.youtube.com\\\/user\\\/laguiadepamplona\"]},{\"@type\":\"Person\",\"@id\":\"https:\\\/\\\/www.laguiadepamplona.com\\\/actualidad\\\/#\\\/schema\\\/person\\\/efe887376f0213d4657c93adc50b1fdb\",\"name\":\"La Gu\u00eda de Pamplona\",\"image\":{\"@type\":\"ImageObject\",\"inLanguage\":\"es\",\"@id\":\"https:\\\/\\\/secure.gravatar.com\\\/avatar\\\/b6992f131dc8d30ab0dff15446e9d346d9dbd95992de0fef795073f5ea83a81c?s=96&d=mm&r=g\",\"url\":\"https:\\\/\\\/secure.gravatar.com\\\/avatar\\\/b6992f131dc8d30ab0dff15446e9d346d9dbd95992de0fef795073f5ea83a81c?s=96&d=mm&r=g\",\"contentUrl\":\"https:\\\/\\\/secure.gravatar.com\\\/avatar\\\/b6992f131dc8d30ab0dff15446e9d346d9dbd95992de0fef795073f5ea83a81c?s=96&d=mm&r=g\",\"caption\":\"La Gu\u00eda de Pamplona\"}}]}<\/script>\n<!-- \/ Yoast SEO plugin. -->","yoast_head_json":{"title":"Una Ciudadela espacio de encuentro para la cultura contempor\u00e1nea y construir los Sanfermines contando con la ciudadan\u00eda: retos del \u00c1rea de Cultura y Festejos","description":"Las Escuelas Infantiles seguir\u00e1n siendo gratuitas y aumentar\u00e1n las plazas disponibles, manteniendo la actual oferta ling\u00fc\u00edstica para el pr\u00f3ximo curso","robots":{"index":"index","follow":"follow","max-snippet":"max-snippet:-1","max-image-preview":"max-image-preview:large","max-video-preview":"max-video-preview:-1"},"canonical":"https:\/\/www.laguiadepamplona.com\/actualidad\/una-ciudadela-espacio-de-encuentro-para-la-cultura-contemporanea-y-construir-los-sanfermines-contando-con-la-ciudadania-retos-del-area-de-cultura-y-festejos\/","og_locale":"es_ES","og_type":"article","og_title":"Una Ciudadela espacio de encuentro para la cultura contempor\u00e1nea y construir los Sanfermines contando con la ciudadan\u00eda: retos del \u00c1rea de Cultura y Festejos","og_description":"Las Escuelas Infantiles seguir\u00e1n siendo gratuitas y aumentar\u00e1n las plazas disponibles, manteniendo la actual oferta ling\u00fc\u00edstica para el pr\u00f3ximo curso","og_url":"https:\/\/www.laguiadepamplona.com\/actualidad\/una-ciudadela-espacio-de-encuentro-para-la-cultura-contemporanea-y-construir-los-sanfermines-contando-con-la-ciudadania-retos-del-area-de-cultura-y-festejos\/","og_site_name":"La Gu\u00eda de Pamplona","article_publisher":"https:\/\/www.facebook.com\/laguiadepamplonacom-133175176762273\/?ref=hl","article_published_time":"2024-01-23T15:42:48+00:00","og_image":[{"width":1920,"height":1273,"url":"https:\/\/www.laguiadepamplona.com\/actualidad\/wp-content\/uploads\/2022\/11\/Ciudadela_Baluarte-Real_4_LP3_7245b.webp","type":"image\/webp"}],"author":"La Gu\u00eda de Pamplona","twitter_card":"summary_large_image","twitter_creator":"@LaGuiadPamplona","twitter_site":"@LaGuiadPamplona","twitter_misc":{"Escrito por":"La Gu\u00eda de Pamplona","Tiempo de lectura":"6 minutos"},"schema":{"@context":"https:\/\/schema.org","@graph":[{"@type":"Article","@id":"https:\/\/www.laguiadepamplona.com\/actualidad\/una-ciudadela-espacio-de-encuentro-para-la-cultura-contemporanea-y-construir-los-sanfermines-contando-con-la-ciudadania-retos-del-area-de-cultura-y-festejos\/#article","isPartOf":{"@id":"https:\/\/www.laguiadepamplona.com\/actualidad\/una-ciudadela-espacio-de-encuentro-para-la-cultura-contemporanea-y-construir-los-sanfermines-contando-con-la-ciudadania-retos-del-area-de-cultura-y-festejos\/"},"author":{"name":"La Gu\u00eda de Pamplona","@id":"https:\/\/www.laguiadepamplona.com\/actualidad\/#\/schema\/person\/efe887376f0213d4657c93adc50b1fdb"},"headline":"Una Ciudadela espacio de encuentro para la cultura contempor\u00e1nea y construir los Sanfermines contando con la ciudadan\u00eda: retos del \u00c1rea de Cultura y Festejos","datePublished":"2024-01-23T15:42:48+00:00","mainEntityOfPage":{"@id":"https:\/\/www.laguiadepamplona.com\/actualidad\/una-ciudadela-espacio-de-encuentro-para-la-cultura-contemporanea-y-construir-los-sanfermines-contando-con-la-ciudadania-retos-del-area-de-cultura-y-festejos\/"},"wordCount":1373,"commentCount":0,"publisher":{"@id":"https:\/\/www.laguiadepamplona.com\/actualidad\/#organization"},"image":{"@id":"https:\/\/www.laguiadepamplona.com\/actualidad\/una-ciudadela-espacio-de-encuentro-para-la-cultura-contemporanea-y-construir-los-sanfermines-contando-con-la-ciudadania-retos-del-area-de-cultura-y-festejos\/#primaryimage"},"thumbnailUrl":"https:\/\/www.laguiadepamplona.com\/actualidad\/wp-content\/uploads\/2022\/11\/Ciudadela_Baluarte-Real_4_LP3_7245b.webp","articleSection":["Ayto Pamplona"],"inLanguage":"es","potentialAction":[{"@type":"CommentAction","name":"Comment","target":["https:\/\/www.laguiadepamplona.com\/actualidad\/una-ciudadela-espacio-de-encuentro-para-la-cultura-contemporanea-y-construir-los-sanfermines-contando-con-la-ciudadania-retos-del-area-de-cultura-y-festejos\/#respond"]}]},{"@type":"WebPage","@id":"https:\/\/www.laguiadepamplona.com\/actualidad\/una-ciudadela-espacio-de-encuentro-para-la-cultura-contemporanea-y-construir-los-sanfermines-contando-con-la-ciudadania-retos-del-area-de-cultura-y-festejos\/","url":"https:\/\/www.laguiadepamplona.com\/actualidad\/una-ciudadela-espacio-de-encuentro-para-la-cultura-contemporanea-y-construir-los-sanfermines-contando-con-la-ciudadania-retos-del-area-de-cultura-y-festejos\/","name":"Una Ciudadela espacio de encuentro para la cultura contempor\u00e1nea y construir los Sanfermines contando con la ciudadan\u00eda: retos del \u00c1rea de Cultura y Festejos","isPartOf":{"@id":"https:\/\/www.laguiadepamplona.com\/actualidad\/#website"},"primaryImageOfPage":{"@id":"https:\/\/www.laguiadepamplona.com\/actualidad\/una-ciudadela-espacio-de-encuentro-para-la-cultura-contemporanea-y-construir-los-sanfermines-contando-con-la-ciudadania-retos-del-area-de-cultura-y-festejos\/#primaryimage"},"image":{"@id":"https:\/\/www.laguiadepamplona.com\/actualidad\/una-ciudadela-espacio-de-encuentro-para-la-cultura-contemporanea-y-construir-los-sanfermines-contando-con-la-ciudadania-retos-del-area-de-cultura-y-festejos\/#primaryimage"},"thumbnailUrl":"https:\/\/www.laguiadepamplona.com\/actualidad\/wp-content\/uploads\/2022\/11\/Ciudadela_Baluarte-Real_4_LP3_7245b.webp","datePublished":"2024-01-23T15:42:48+00:00","description":"Las Escuelas Infantiles seguir\u00e1n siendo gratuitas y aumentar\u00e1n las plazas disponibles, manteniendo la actual oferta ling\u00fc\u00edstica para el pr\u00f3ximo curso","breadcrumb":{"@id":"https:\/\/www.laguiadepamplona.com\/actualidad\/una-ciudadela-espacio-de-encuentro-para-la-cultura-contemporanea-y-construir-los-sanfermines-contando-con-la-ciudadania-retos-del-area-de-cultura-y-festejos\/#breadcrumb"},"inLanguage":"es","potentialAction":[{"@type":"ReadAction","target":["https:\/\/www.laguiadepamplona.com\/actualidad\/una-ciudadela-espacio-de-encuentro-para-la-cultura-contemporanea-y-construir-los-sanfermines-contando-con-la-ciudadania-retos-del-area-de-cultura-y-festejos\/"]}]},{"@type":"ImageObject","inLanguage":"es","@id":"https:\/\/www.laguiadepamplona.com\/actualidad\/una-ciudadela-espacio-de-encuentro-para-la-cultura-contemporanea-y-construir-los-sanfermines-contando-con-la-ciudadania-retos-del-area-de-cultura-y-festejos\/#primaryimage","url":"https:\/\/www.laguiadepamplona.com\/actualidad\/wp-content\/uploads\/2022\/11\/Ciudadela_Baluarte-Real_4_LP3_7245b.webp","contentUrl":"https:\/\/www.laguiadepamplona.com\/actualidad\/wp-content\/uploads\/2022\/11\/Ciudadela_Baluarte-Real_4_LP3_7245b.webp","width":1920,"height":1273,"caption":"ciudadela"},{"@type":"BreadcrumbList","@id":"https:\/\/www.laguiadepamplona.com\/actualidad\/una-ciudadela-espacio-de-encuentro-para-la-cultura-contemporanea-y-construir-los-sanfermines-contando-con-la-ciudadania-retos-del-area-de-cultura-y-festejos\/#breadcrumb","itemListElement":[{"@type":"ListItem","position":1,"name":"Portada","item":"https:\/\/www.laguiadepamplona.com\/actualidad\/"},{"@type":"ListItem","position":2,"name":"Una Ciudadela espacio de encuentro para la cultura contempor\u00e1nea y construir los Sanfermines contando con la ciudadan\u00eda: retos del \u00c1rea de Cultura y Festejos"}]},{"@type":"WebSite","@id":"https:\/\/www.laguiadepamplona.com\/actualidad\/#website","url":"https:\/\/www.laguiadepamplona.com\/actualidad\/","name":"La gu\u00eda de Pamplona","description":"Noticias de Pamplona","publisher":{"@id":"https:\/\/www.laguiadepamplona.com\/actualidad\/#organization"},"potentialAction":[{"@type":"SearchAction","target":{"@type":"EntryPoint","urlTemplate":"https:\/\/www.laguiadepamplona.com\/actualidad\/?s={search_term_string}"},"query-input":{"@type":"PropertyValueSpecification","valueRequired":true,"valueName":"search_term_string"}}],"inLanguage":"es"},{"@type":"Organization","@id":"https:\/\/www.laguiadepamplona.com\/actualidad\/#organization","name":"La Gu\u00eda de Pamplona \/ Noticias","url":"https:\/\/www.laguiadepamplona.com\/actualidad\/","logo":{"@type":"ImageObject","inLanguage":"es","@id":"https:\/\/www.laguiadepamplona.com\/actualidad\/#\/schema\/logo\/image\/","url":"https:\/\/www.laguiadepamplona.com\/actualidad\/wp-content\/uploads\/2018\/11\/logo-laguiadepamplona18-web1.png","contentUrl":"https:\/\/www.laguiadepamplona.com\/actualidad\/wp-content\/uploads\/2018\/11\/logo-laguiadepamplona18-web1.png","width":600,"height":196,"caption":"La Gu\u00eda de Pamplona \/ Noticias"},"image":{"@id":"https:\/\/www.laguiadepamplona.com\/actualidad\/#\/schema\/logo\/image\/"},"sameAs":["https:\/\/www.facebook.com\/laguiadepamplonacom-133175176762273\/?ref=hl","https:\/\/x.com\/LaGuiadPamplona","https:\/\/www.instagram.com\/la_guia_de_pamplona\/","https:\/\/www.youtube.com\/user\/laguiadepamplona"]},{"@type":"Person","@id":"https:\/\/www.laguiadepamplona.com\/actualidad\/#\/schema\/person\/efe887376f0213d4657c93adc50b1fdb","name":"La Gu\u00eda de Pamplona","image":{"@type":"ImageObject","inLanguage":"es","@id":"https:\/\/secure.gravatar.com\/avatar\/b6992f131dc8d30ab0dff15446e9d346d9dbd95992de0fef795073f5ea83a81c?s=96&d=mm&r=g","url":"https:\/\/secure.gravatar.com\/avatar\/b6992f131dc8d30ab0dff15446e9d346d9dbd95992de0fef795073f5ea83a81c?s=96&d=mm&r=g","contentUrl":"https:\/\/secure.gravatar.com\/avatar\/b6992f131dc8d30ab0dff15446e9d346d9dbd95992de0fef795073f5ea83a81c?s=96&d=mm&r=g","caption":"La Gu\u00eda de Pamplona"}}]}},"post_mailing_queue_ids":[],"_links":{"self":[{"href":"https:\/\/www.laguiadepamplona.com\/actualidad\/wp-json\/wp\/v2\/posts\/48525","targetHints":{"allow":["GET"]}}],"collection":[{"href":"https:\/\/www.laguiadepamplona.com\/actualidad\/wp-json\/wp\/v2\/posts"}],"about":[{"href":"https:\/\/www.laguiadepamplona.com\/actualidad\/wp-json\/wp\/v2\/types\/post"}],"author":[{"embeddable":true,"href":"https:\/\/www.laguiadepamplona.com\/actualidad\/wp-json\/wp\/v2\/users\/1"}],"replies":[{"embeddable":true,"href":"https:\/\/www.laguiadepamplona.com\/actualidad\/wp-json\/wp\/v2\/comments?post=48525"}],"version-history":[{"count":1,"href":"https:\/\/www.laguiadepamplona.com\/actualidad\/wp-json\/wp\/v2\/posts\/48525\/revisions"}],"predecessor-version":[{"id":48526,"href":"https:\/\/www.laguiadepamplona.com\/actualidad\/wp-json\/wp\/v2\/posts\/48525\/revisions\/48526"}],"wp:featuredmedia":[{"embeddable":true,"href":"https:\/\/www.laguiadepamplona.com\/actualidad\/wp-json\/wp\/v2\/media\/42161"}],"wp:attachment":[{"href":"https:\/\/www.laguiadepamplona.com\/actualidad\/wp-json\/wp\/v2\/media?parent=48525"}],"wp:term":[{"taxonomy":"category","embeddable":true,"href":"https:\/\/www.laguiadepamplona.com\/actualidad\/wp-json\/wp\/v2\/categories?post=48525"},{"taxonomy":"post_tag","embeddable":true,"href":"https:\/\/www.laguiadepamplona.com\/actualidad\/wp-json\/wp\/v2\/tags?post=48525"}],"curies":[{"name":"wp","href":"https:\/\/api.w.org\/{rel}","templated":true}]}}