{"id":48522,"date":"2024-01-23T14:06:47","date_gmt":"2024-01-23T12:06:47","guid":{"rendered":"https:\/\/www.laguiadepamplona.com\/actualidad\/?p=48522"},"modified":"2024-01-23T14:06:47","modified_gmt":"2024-01-23T12:06:47","slug":"hasta-el-jueves-esta-abierto-el-plazo-para-realizar-preguntas-y-aportaciones-al-foro-de-barrio-de-san-jorge-la-primera-reunion-de-2024","status":"publish","type":"post","link":"https:\/\/www.laguiadepamplona.com\/actualidad\/hasta-el-jueves-esta-abierto-el-plazo-para-realizar-preguntas-y-aportaciones-al-foro-de-barrio-de-san-jorge-la-primera-reunion-de-2024\/","title":{"rendered":"Hasta el jueves est\u00e1 abierto el plazo para realizar preguntas y aportaciones al Foro de Barrio de San Jorge, la primera reuni\u00f3n de 2024"},"content":{"rendered":"<h2>La reuni\u00f3n se celebrar\u00e1 el martes 30 y contar\u00e1 con un servicio de ludoteca, previa reserva, y diversos recursos de accesibilidad auditiva<\/h2>\n<p><!--more--><\/p>\n<p>La ciudadan\u00eda puede realizar hasta el jueves 25 de enero sus consultas, aportaciones y sugerencias para el foro de barrio de San Jorge que tendr\u00e1 lugar el 30 de enero de 2024 en Civivox San Jorge (calle Dr. Gortari, s\/n) en horario de 18.30 a 20 horas.<\/p>\n<p>Adem\u00e1s de presencialmente en la misma sesi\u00f3n, las personas que lo deseen pueden hacer aportaciones previas online por medio de la plataforma <a href=\"https:\/\/decide.pamplona.es\/\" target=\"_blank\" rel=\"noopener\">Decide Pamplona<\/a> o envi\u00e1ndolas al correo electr\u00f3nico <a href=\"mailto:foros@pamplona.es\">foros@pamplona.es<\/a>. El foro se podr\u00e1 seguir adem\u00e1s por el canal de <a href=\"https:\/\/www.youtube.com\/channel\/UCzDUWuosgg5y3PeE7PT_IWw\" target=\"_blank\" rel=\"noopener\">Youtube Participa Pamplona<\/a> y las redes sociales de participaci\u00f3n y en las generales del Ayuntamiento de Pamplona. La sesi\u00f3n contar\u00e1 con servicio de accesibilidad auditiva; con int\u00e9rpretes de lengua de signos, subt\u00edtulos y bucle magn\u00e9tico para personas con aparatos o implantes.<br \/>\n<script async src=\"\/\/pagead2.googlesyndication.com\/pagead\/js\/adsbygoogle.js\"><\/script><br \/>\n<!-- Noticias La Guia de Pamplona --><br \/>\n<ins class=\"adsbygoogle\"\nstyle=\"display:block\"\ndata-ad-client=\"ca-pub-6943679897239327\"\ndata-ad-slot=\"7048180777\"\ndata-ad-format=\"auto\"><\/ins><br \/>\n<script>\n(adsbygoogle = window.adsbygoogle || []).push({});\n<\/script><\/p>\n<p>En todos los foros de barrio est\u00e1 prevista la presencia el concejal o concejala que corresponde a ese barrio, en este caso Borja Izagirre. Este espacio de participaci\u00f3n ciudadana se configura como un foro abierto a todas las personas colectivos o entidades interesadas. Para facilitar la participaci\u00f3n, los foros se acompa\u00f1an de un servicio de conciliaci\u00f3n \/ ludoteca infantil, que se encarga del cuidado de menores durante la celebraci\u00f3n con criterios de co-educaci\u00f3n. Para m\u00e1s informaci\u00f3n, se puede contactar con el Centro de Participaci\u00f3n Ciudadana en el tel\u00e9fono 948420266, o en el correo <a href=\"mailto:foros@pamplona.es\">foros@pamplona.es<\/a>.<\/p>\n<p>Para dar respuesta a las preguntas y exponer proyectos y mejoras estar\u00e1 presente personal t\u00e9cnico, tanto municipal como supramunicipal, que tengan responsabilidades en el barrio. En este caso, se tratar\u00e1n temas como la rotonda, la Polic\u00eda Comunitaria, la plataforma de voluntariado Pamplonistas, unidad de barrio de servicios sociales, etc. La estructura de esta sesi\u00f3n ser\u00e1 informaci\u00f3n transmitida por el concejal del barrio y personal t\u00e9cnico que trabaja en el barrio, seguido por un espacio para preguntas y propuestas de la ciudadan\u00eda. El siguiente Foro de Barrio programado ser\u00e1, el 6 de febrero, el del barrio de San Juan.<br \/>\n<script async src=\"\/\/pagead2.googlesyndication.com\/pagead\/js\/adsbygoogle.js\"><\/script><br \/>\n<!-- Noticias La Guia de Pamplona --><br \/>\n<ins class=\"adsbygoogle\"\nstyle=\"display:block\"\ndata-ad-client=\"ca-pub-6943679897239327\"\ndata-ad-slot=\"7048180777\"\ndata-ad-format=\"auto\"><\/ins><br \/>\n<script>\n(adsbygoogle = window.adsbygoogle || []).push({});\n<\/script><\/p>\n<p><strong>\u00a0<\/strong><\/p>\n<h3><strong>Calendario de los Foros de Barrio. Martes 18.30 \u2013 20.00 Horas<\/strong><\/h3>\n<ul>\n<li>30 de enero. <strong>San Jorge<\/strong>\n<ul>\n<li>Concejal de barrio: Borja Izagirre Larra\u00f1aga<\/li>\n<li>Civivox San Jorge (calle Dr. Gortari, s\/n)<\/li>\n<\/ul>\n<\/li>\n<li>6 de febrero. <strong>San Juan<\/strong>\n<ul>\n<li>Concejala de barrio: Garbi\u00f1e Bueno Zabalza<\/li>\n<li>P. San Juan de la Cadena (avenida de Sancho el Fuerte, 75)<\/li>\n<\/ul>\n<\/li>\n<\/ul>\n","protected":false},"excerpt":{"rendered":"<p>La reuni\u00f3n se celebrar\u00e1 el martes 30 y contar\u00e1 con un servicio de ludoteca, previa reserva, y diversos recursos de accesibilidad auditiva<\/p>\n","protected":false},"author":1,"featured_media":48523,"comment_status":"open","ping_status":"closed","sticky":false,"template":"","format":"standard","meta":{"footnotes":""},"categories":[2],"tags":[],"class_list":["post-48522","post","type-post","status-publish","format-standard","has-post-thumbnail","hentry","category-ayuntamiento-pamplona"],"yoast_head":"<!-- This site is optimized with the Yoast SEO plugin v27.3 - https:\/\/yoast.com\/product\/yoast-seo-wordpress\/ -->\n<title>Hasta el jueves est\u00e1 abierto el plazo para realizar preguntas y aportaciones al Foro de Barrio de San Jorge, la primera reuni\u00f3n de 2024<\/title>\n<meta name=\"description\" content=\"La reuni\u00f3n se celebrar\u00e1 el martes 30 y contar\u00e1 con un servicio de ludoteca, previa reserva, y diversos recursos de accesibilidad auditiva\" \/>\n<meta name=\"robots\" content=\"index, follow, max-snippet:-1, max-image-preview:large, max-video-preview:-1\" \/>\n<link rel=\"canonical\" href=\"https:\/\/www.laguiadepamplona.com\/actualidad\/hasta-el-jueves-esta-abierto-el-plazo-para-realizar-preguntas-y-aportaciones-al-foro-de-barrio-de-san-jorge-la-primera-reunion-de-2024\/\" \/>\n<meta property=\"og:locale\" content=\"es_ES\" \/>\n<meta property=\"og:type\" content=\"article\" \/>\n<meta property=\"og:title\" content=\"Hasta el jueves est\u00e1 abierto el plazo para realizar preguntas y aportaciones al Foro de Barrio de San Jorge, la primera reuni\u00f3n de 2024\" \/>\n<meta property=\"og:description\" content=\"La reuni\u00f3n se celebrar\u00e1 el martes 30 y contar\u00e1 con un servicio de ludoteca, previa reserva, y diversos recursos de accesibilidad auditiva\" \/>\n<meta property=\"og:url\" content=\"https:\/\/www.laguiadepamplona.com\/actualidad\/hasta-el-jueves-esta-abierto-el-plazo-para-realizar-preguntas-y-aportaciones-al-foro-de-barrio-de-san-jorge-la-primera-reunion-de-2024\/\" \/>\n<meta property=\"og:site_name\" content=\"La Gu\u00eda de Pamplona\" \/>\n<meta property=\"article:publisher\" content=\"https:\/\/www.facebook.com\/laguiadepamplonacom-133175176762273\/?ref=hl\" \/>\n<meta property=\"article:published_time\" content=\"2024-01-23T12:06:47+00:00\" \/>\n<meta property=\"og:image\" content=\"https:\/\/www.laguiadepamplona.com\/actualidad\/wp-content\/uploads\/2024\/01\/foros-de-barrio-nota.png\" \/>\n\t<meta property=\"og:image:width\" content=\"575\" \/>\n\t<meta property=\"og:image:height\" content=\"416\" \/>\n\t<meta property=\"og:image:type\" content=\"image\/png\" \/>\n<meta name=\"author\" content=\"La Gu\u00eda de Pamplona\" \/>\n<meta name=\"twitter:card\" content=\"summary_large_image\" \/>\n<meta name=\"twitter:creator\" content=\"@LaGuiadPamplona\" \/>\n<meta name=\"twitter:site\" content=\"@LaGuiadPamplona\" \/>\n<meta name=\"twitter:label1\" content=\"Escrito por\" \/>\n\t<meta name=\"twitter:data1\" content=\"La Gu\u00eda de Pamplona\" \/>\n\t<meta name=\"twitter:label2\" content=\"Tiempo de lectura\" \/>\n\t<meta name=\"twitter:data2\" content=\"3 minutos\" \/>\n<script type=\"application\/ld+json\" class=\"yoast-schema-graph\">{\"@context\":\"https:\\\/\\\/schema.org\",\"@graph\":[{\"@type\":\"Article\",\"@id\":\"https:\\\/\\\/www.laguiadepamplona.com\\\/actualidad\\\/hasta-el-jueves-esta-abierto-el-plazo-para-realizar-preguntas-y-aportaciones-al-foro-de-barrio-de-san-jorge-la-primera-reunion-de-2024\\\/#article\",\"isPartOf\":{\"@id\":\"https:\\\/\\\/www.laguiadepamplona.com\\\/actualidad\\\/hasta-el-jueves-esta-abierto-el-plazo-para-realizar-preguntas-y-aportaciones-al-foro-de-barrio-de-san-jorge-la-primera-reunion-de-2024\\\/\"},\"author\":{\"name\":\"La Gu\u00eda de Pamplona\",\"@id\":\"https:\\\/\\\/www.laguiadepamplona.com\\\/actualidad\\\/#\\\/schema\\\/person\\\/efe887376f0213d4657c93adc50b1fdb\"},\"headline\":\"Hasta el jueves est\u00e1 abierto el plazo para realizar preguntas y aportaciones al Foro de Barrio de San Jorge, la primera reuni\u00f3n de 2024\",\"datePublished\":\"2024-01-23T12:06:47+00:00\",\"mainEntityOfPage\":{\"@id\":\"https:\\\/\\\/www.laguiadepamplona.com\\\/actualidad\\\/hasta-el-jueves-esta-abierto-el-plazo-para-realizar-preguntas-y-aportaciones-al-foro-de-barrio-de-san-jorge-la-primera-reunion-de-2024\\\/\"},\"wordCount\":440,\"commentCount\":0,\"publisher\":{\"@id\":\"https:\\\/\\\/www.laguiadepamplona.com\\\/actualidad\\\/#organization\"},\"image\":{\"@id\":\"https:\\\/\\\/www.laguiadepamplona.com\\\/actualidad\\\/hasta-el-jueves-esta-abierto-el-plazo-para-realizar-preguntas-y-aportaciones-al-foro-de-barrio-de-san-jorge-la-primera-reunion-de-2024\\\/#primaryimage\"},\"thumbnailUrl\":\"https:\\\/\\\/www.laguiadepamplona.com\\\/actualidad\\\/wp-content\\\/uploads\\\/2024\\\/01\\\/foros-de-barrio-nota.png\",\"articleSection\":[\"Ayto Pamplona\"],\"inLanguage\":\"es\",\"potentialAction\":[{\"@type\":\"CommentAction\",\"name\":\"Comment\",\"target\":[\"https:\\\/\\\/www.laguiadepamplona.com\\\/actualidad\\\/hasta-el-jueves-esta-abierto-el-plazo-para-realizar-preguntas-y-aportaciones-al-foro-de-barrio-de-san-jorge-la-primera-reunion-de-2024\\\/#respond\"]}]},{\"@type\":\"WebPage\",\"@id\":\"https:\\\/\\\/www.laguiadepamplona.com\\\/actualidad\\\/hasta-el-jueves-esta-abierto-el-plazo-para-realizar-preguntas-y-aportaciones-al-foro-de-barrio-de-san-jorge-la-primera-reunion-de-2024\\\/\",\"url\":\"https:\\\/\\\/www.laguiadepamplona.com\\\/actualidad\\\/hasta-el-jueves-esta-abierto-el-plazo-para-realizar-preguntas-y-aportaciones-al-foro-de-barrio-de-san-jorge-la-primera-reunion-de-2024\\\/\",\"name\":\"Hasta el jueves est\u00e1 abierto el plazo para realizar preguntas y aportaciones al Foro de Barrio de San Jorge, la primera reuni\u00f3n de 2024\",\"isPartOf\":{\"@id\":\"https:\\\/\\\/www.laguiadepamplona.com\\\/actualidad\\\/#website\"},\"primaryImageOfPage\":{\"@id\":\"https:\\\/\\\/www.laguiadepamplona.com\\\/actualidad\\\/hasta-el-jueves-esta-abierto-el-plazo-para-realizar-preguntas-y-aportaciones-al-foro-de-barrio-de-san-jorge-la-primera-reunion-de-2024\\\/#primaryimage\"},\"image\":{\"@id\":\"https:\\\/\\\/www.laguiadepamplona.com\\\/actualidad\\\/hasta-el-jueves-esta-abierto-el-plazo-para-realizar-preguntas-y-aportaciones-al-foro-de-barrio-de-san-jorge-la-primera-reunion-de-2024\\\/#primaryimage\"},\"thumbnailUrl\":\"https:\\\/\\\/www.laguiadepamplona.com\\\/actualidad\\\/wp-content\\\/uploads\\\/2024\\\/01\\\/foros-de-barrio-nota.png\",\"datePublished\":\"2024-01-23T12:06:47+00:00\",\"description\":\"La reuni\u00f3n se celebrar\u00e1 el martes 30 y contar\u00e1 con un servicio de ludoteca, previa reserva, y diversos recursos de accesibilidad auditiva\",\"breadcrumb\":{\"@id\":\"https:\\\/\\\/www.laguiadepamplona.com\\\/actualidad\\\/hasta-el-jueves-esta-abierto-el-plazo-para-realizar-preguntas-y-aportaciones-al-foro-de-barrio-de-san-jorge-la-primera-reunion-de-2024\\\/#breadcrumb\"},\"inLanguage\":\"es\",\"potentialAction\":[{\"@type\":\"ReadAction\",\"target\":[\"https:\\\/\\\/www.laguiadepamplona.com\\\/actualidad\\\/hasta-el-jueves-esta-abierto-el-plazo-para-realizar-preguntas-y-aportaciones-al-foro-de-barrio-de-san-jorge-la-primera-reunion-de-2024\\\/\"]}]},{\"@type\":\"ImageObject\",\"inLanguage\":\"es\",\"@id\":\"https:\\\/\\\/www.laguiadepamplona.com\\\/actualidad\\\/hasta-el-jueves-esta-abierto-el-plazo-para-realizar-preguntas-y-aportaciones-al-foro-de-barrio-de-san-jorge-la-primera-reunion-de-2024\\\/#primaryimage\",\"url\":\"https:\\\/\\\/www.laguiadepamplona.com\\\/actualidad\\\/wp-content\\\/uploads\\\/2024\\\/01\\\/foros-de-barrio-nota.png\",\"contentUrl\":\"https:\\\/\\\/www.laguiadepamplona.com\\\/actualidad\\\/wp-content\\\/uploads\\\/2024\\\/01\\\/foros-de-barrio-nota.png\",\"width\":575,\"height\":416,\"caption\":\"foro barrio\"},{\"@type\":\"BreadcrumbList\",\"@id\":\"https:\\\/\\\/www.laguiadepamplona.com\\\/actualidad\\\/hasta-el-jueves-esta-abierto-el-plazo-para-realizar-preguntas-y-aportaciones-al-foro-de-barrio-de-san-jorge-la-primera-reunion-de-2024\\\/#breadcrumb\",\"itemListElement\":[{\"@type\":\"ListItem\",\"position\":1,\"name\":\"Portada\",\"item\":\"https:\\\/\\\/www.laguiadepamplona.com\\\/actualidad\\\/\"},{\"@type\":\"ListItem\",\"position\":2,\"name\":\"Hasta el jueves est\u00e1 abierto el plazo para realizar preguntas y aportaciones al Foro de Barrio de San Jorge, la primera reuni\u00f3n de 2024\"}]},{\"@type\":\"WebSite\",\"@id\":\"https:\\\/\\\/www.laguiadepamplona.com\\\/actualidad\\\/#website\",\"url\":\"https:\\\/\\\/www.laguiadepamplona.com\\\/actualidad\\\/\",\"name\":\"La gu\u00eda de Pamplona\",\"description\":\"Noticias de Pamplona\",\"publisher\":{\"@id\":\"https:\\\/\\\/www.laguiadepamplona.com\\\/actualidad\\\/#organization\"},\"potentialAction\":[{\"@type\":\"SearchAction\",\"target\":{\"@type\":\"EntryPoint\",\"urlTemplate\":\"https:\\\/\\\/www.laguiadepamplona.com\\\/actualidad\\\/?s={search_term_string}\"},\"query-input\":{\"@type\":\"PropertyValueSpecification\",\"valueRequired\":true,\"valueName\":\"search_term_string\"}}],\"inLanguage\":\"es\"},{\"@type\":\"Organization\",\"@id\":\"https:\\\/\\\/www.laguiadepamplona.com\\\/actualidad\\\/#organization\",\"name\":\"La Gu\u00eda de Pamplona \\\/ Noticias\",\"url\":\"https:\\\/\\\/www.laguiadepamplona.com\\\/actualidad\\\/\",\"logo\":{\"@type\":\"ImageObject\",\"inLanguage\":\"es\",\"@id\":\"https:\\\/\\\/www.laguiadepamplona.com\\\/actualidad\\\/#\\\/schema\\\/logo\\\/image\\\/\",\"url\":\"https:\\\/\\\/www.laguiadepamplona.com\\\/actualidad\\\/wp-content\\\/uploads\\\/2018\\\/11\\\/logo-laguiadepamplona18-web1.png\",\"contentUrl\":\"https:\\\/\\\/www.laguiadepamplona.com\\\/actualidad\\\/wp-content\\\/uploads\\\/2018\\\/11\\\/logo-laguiadepamplona18-web1.png\",\"width\":600,\"height\":196,\"caption\":\"La Gu\u00eda de Pamplona \\\/ Noticias\"},\"image\":{\"@id\":\"https:\\\/\\\/www.laguiadepamplona.com\\\/actualidad\\\/#\\\/schema\\\/logo\\\/image\\\/\"},\"sameAs\":[\"https:\\\/\\\/www.facebook.com\\\/laguiadepamplonacom-133175176762273\\\/?ref=hl\",\"https:\\\/\\\/x.com\\\/LaGuiadPamplona\",\"https:\\\/\\\/www.instagram.com\\\/la_guia_de_pamplona\\\/\",\"https:\\\/\\\/www.youtube.com\\\/user\\\/laguiadepamplona\"]},{\"@type\":\"Person\",\"@id\":\"https:\\\/\\\/www.laguiadepamplona.com\\\/actualidad\\\/#\\\/schema\\\/person\\\/efe887376f0213d4657c93adc50b1fdb\",\"name\":\"La Gu\u00eda de Pamplona\",\"image\":{\"@type\":\"ImageObject\",\"inLanguage\":\"es\",\"@id\":\"https:\\\/\\\/secure.gravatar.com\\\/avatar\\\/b6992f131dc8d30ab0dff15446e9d346d9dbd95992de0fef795073f5ea83a81c?s=96&d=mm&r=g\",\"url\":\"https:\\\/\\\/secure.gravatar.com\\\/avatar\\\/b6992f131dc8d30ab0dff15446e9d346d9dbd95992de0fef795073f5ea83a81c?s=96&d=mm&r=g\",\"contentUrl\":\"https:\\\/\\\/secure.gravatar.com\\\/avatar\\\/b6992f131dc8d30ab0dff15446e9d346d9dbd95992de0fef795073f5ea83a81c?s=96&d=mm&r=g\",\"caption\":\"La Gu\u00eda de Pamplona\"}}]}<\/script>\n<!-- \/ Yoast SEO plugin. -->","yoast_head_json":{"title":"Hasta el jueves est\u00e1 abierto el plazo para realizar preguntas y aportaciones al Foro de Barrio de San Jorge, la primera reuni\u00f3n de 2024","description":"La reuni\u00f3n se celebrar\u00e1 el martes 30 y contar\u00e1 con un servicio de ludoteca, previa reserva, y diversos recursos de accesibilidad auditiva","robots":{"index":"index","follow":"follow","max-snippet":"max-snippet:-1","max-image-preview":"max-image-preview:large","max-video-preview":"max-video-preview:-1"},"canonical":"https:\/\/www.laguiadepamplona.com\/actualidad\/hasta-el-jueves-esta-abierto-el-plazo-para-realizar-preguntas-y-aportaciones-al-foro-de-barrio-de-san-jorge-la-primera-reunion-de-2024\/","og_locale":"es_ES","og_type":"article","og_title":"Hasta el jueves est\u00e1 abierto el plazo para realizar preguntas y aportaciones al Foro de Barrio de San Jorge, la primera reuni\u00f3n de 2024","og_description":"La reuni\u00f3n se celebrar\u00e1 el martes 30 y contar\u00e1 con un servicio de ludoteca, previa reserva, y diversos recursos de accesibilidad auditiva","og_url":"https:\/\/www.laguiadepamplona.com\/actualidad\/hasta-el-jueves-esta-abierto-el-plazo-para-realizar-preguntas-y-aportaciones-al-foro-de-barrio-de-san-jorge-la-primera-reunion-de-2024\/","og_site_name":"La Gu\u00eda de Pamplona","article_publisher":"https:\/\/www.facebook.com\/laguiadepamplonacom-133175176762273\/?ref=hl","article_published_time":"2024-01-23T12:06:47+00:00","og_image":[{"width":575,"height":416,"url":"https:\/\/www.laguiadepamplona.com\/actualidad\/wp-content\/uploads\/2024\/01\/foros-de-barrio-nota.png","type":"image\/png"}],"author":"La Gu\u00eda de Pamplona","twitter_card":"summary_large_image","twitter_creator":"@LaGuiadPamplona","twitter_site":"@LaGuiadPamplona","twitter_misc":{"Escrito por":"La Gu\u00eda de Pamplona","Tiempo de lectura":"3 minutos"},"schema":{"@context":"https:\/\/schema.org","@graph":[{"@type":"Article","@id":"https:\/\/www.laguiadepamplona.com\/actualidad\/hasta-el-jueves-esta-abierto-el-plazo-para-realizar-preguntas-y-aportaciones-al-foro-de-barrio-de-san-jorge-la-primera-reunion-de-2024\/#article","isPartOf":{"@id":"https:\/\/www.laguiadepamplona.com\/actualidad\/hasta-el-jueves-esta-abierto-el-plazo-para-realizar-preguntas-y-aportaciones-al-foro-de-barrio-de-san-jorge-la-primera-reunion-de-2024\/"},"author":{"name":"La Gu\u00eda de Pamplona","@id":"https:\/\/www.laguiadepamplona.com\/actualidad\/#\/schema\/person\/efe887376f0213d4657c93adc50b1fdb"},"headline":"Hasta el jueves est\u00e1 abierto el plazo para realizar preguntas y aportaciones al Foro de Barrio de San Jorge, la primera reuni\u00f3n de 2024","datePublished":"2024-01-23T12:06:47+00:00","mainEntityOfPage":{"@id":"https:\/\/www.laguiadepamplona.com\/actualidad\/hasta-el-jueves-esta-abierto-el-plazo-para-realizar-preguntas-y-aportaciones-al-foro-de-barrio-de-san-jorge-la-primera-reunion-de-2024\/"},"wordCount":440,"commentCount":0,"publisher":{"@id":"https:\/\/www.laguiadepamplona.com\/actualidad\/#organization"},"image":{"@id":"https:\/\/www.laguiadepamplona.com\/actualidad\/hasta-el-jueves-esta-abierto-el-plazo-para-realizar-preguntas-y-aportaciones-al-foro-de-barrio-de-san-jorge-la-primera-reunion-de-2024\/#primaryimage"},"thumbnailUrl":"https:\/\/www.laguiadepamplona.com\/actualidad\/wp-content\/uploads\/2024\/01\/foros-de-barrio-nota.png","articleSection":["Ayto Pamplona"],"inLanguage":"es","potentialAction":[{"@type":"CommentAction","name":"Comment","target":["https:\/\/www.laguiadepamplona.com\/actualidad\/hasta-el-jueves-esta-abierto-el-plazo-para-realizar-preguntas-y-aportaciones-al-foro-de-barrio-de-san-jorge-la-primera-reunion-de-2024\/#respond"]}]},{"@type":"WebPage","@id":"https:\/\/www.laguiadepamplona.com\/actualidad\/hasta-el-jueves-esta-abierto-el-plazo-para-realizar-preguntas-y-aportaciones-al-foro-de-barrio-de-san-jorge-la-primera-reunion-de-2024\/","url":"https:\/\/www.laguiadepamplona.com\/actualidad\/hasta-el-jueves-esta-abierto-el-plazo-para-realizar-preguntas-y-aportaciones-al-foro-de-barrio-de-san-jorge-la-primera-reunion-de-2024\/","name":"Hasta el jueves est\u00e1 abierto el plazo para realizar preguntas y aportaciones al Foro de Barrio de San Jorge, la primera reuni\u00f3n de 2024","isPartOf":{"@id":"https:\/\/www.laguiadepamplona.com\/actualidad\/#website"},"primaryImageOfPage":{"@id":"https:\/\/www.laguiadepamplona.com\/actualidad\/hasta-el-jueves-esta-abierto-el-plazo-para-realizar-preguntas-y-aportaciones-al-foro-de-barrio-de-san-jorge-la-primera-reunion-de-2024\/#primaryimage"},"image":{"@id":"https:\/\/www.laguiadepamplona.com\/actualidad\/hasta-el-jueves-esta-abierto-el-plazo-para-realizar-preguntas-y-aportaciones-al-foro-de-barrio-de-san-jorge-la-primera-reunion-de-2024\/#primaryimage"},"thumbnailUrl":"https:\/\/www.laguiadepamplona.com\/actualidad\/wp-content\/uploads\/2024\/01\/foros-de-barrio-nota.png","datePublished":"2024-01-23T12:06:47+00:00","description":"La reuni\u00f3n se celebrar\u00e1 el martes 30 y contar\u00e1 con un servicio de ludoteca, previa reserva, y diversos recursos de accesibilidad auditiva","breadcrumb":{"@id":"https:\/\/www.laguiadepamplona.com\/actualidad\/hasta-el-jueves-esta-abierto-el-plazo-para-realizar-preguntas-y-aportaciones-al-foro-de-barrio-de-san-jorge-la-primera-reunion-de-2024\/#breadcrumb"},"inLanguage":"es","potentialAction":[{"@type":"ReadAction","target":["https:\/\/www.laguiadepamplona.com\/actualidad\/hasta-el-jueves-esta-abierto-el-plazo-para-realizar-preguntas-y-aportaciones-al-foro-de-barrio-de-san-jorge-la-primera-reunion-de-2024\/"]}]},{"@type":"ImageObject","inLanguage":"es","@id":"https:\/\/www.laguiadepamplona.com\/actualidad\/hasta-el-jueves-esta-abierto-el-plazo-para-realizar-preguntas-y-aportaciones-al-foro-de-barrio-de-san-jorge-la-primera-reunion-de-2024\/#primaryimage","url":"https:\/\/www.laguiadepamplona.com\/actualidad\/wp-content\/uploads\/2024\/01\/foros-de-barrio-nota.png","contentUrl":"https:\/\/www.laguiadepamplona.com\/actualidad\/wp-content\/uploads\/2024\/01\/foros-de-barrio-nota.png","width":575,"height":416,"caption":"foro barrio"},{"@type":"BreadcrumbList","@id":"https:\/\/www.laguiadepamplona.com\/actualidad\/hasta-el-jueves-esta-abierto-el-plazo-para-realizar-preguntas-y-aportaciones-al-foro-de-barrio-de-san-jorge-la-primera-reunion-de-2024\/#breadcrumb","itemListElement":[{"@type":"ListItem","position":1,"name":"Portada","item":"https:\/\/www.laguiadepamplona.com\/actualidad\/"},{"@type":"ListItem","position":2,"name":"Hasta el jueves est\u00e1 abierto el plazo para realizar preguntas y aportaciones al Foro de Barrio de San Jorge, la primera reuni\u00f3n de 2024"}]},{"@type":"WebSite","@id":"https:\/\/www.laguiadepamplona.com\/actualidad\/#website","url":"https:\/\/www.laguiadepamplona.com\/actualidad\/","name":"La gu\u00eda de Pamplona","description":"Noticias de Pamplona","publisher":{"@id":"https:\/\/www.laguiadepamplona.com\/actualidad\/#organization"},"potentialAction":[{"@type":"SearchAction","target":{"@type":"EntryPoint","urlTemplate":"https:\/\/www.laguiadepamplona.com\/actualidad\/?s={search_term_string}"},"query-input":{"@type":"PropertyValueSpecification","valueRequired":true,"valueName":"search_term_string"}}],"inLanguage":"es"},{"@type":"Organization","@id":"https:\/\/www.laguiadepamplona.com\/actualidad\/#organization","name":"La Gu\u00eda de Pamplona \/ Noticias","url":"https:\/\/www.laguiadepamplona.com\/actualidad\/","logo":{"@type":"ImageObject","inLanguage":"es","@id":"https:\/\/www.laguiadepamplona.com\/actualidad\/#\/schema\/logo\/image\/","url":"https:\/\/www.laguiadepamplona.com\/actualidad\/wp-content\/uploads\/2018\/11\/logo-laguiadepamplona18-web1.png","contentUrl":"https:\/\/www.laguiadepamplona.com\/actualidad\/wp-content\/uploads\/2018\/11\/logo-laguiadepamplona18-web1.png","width":600,"height":196,"caption":"La Gu\u00eda de Pamplona \/ Noticias"},"image":{"@id":"https:\/\/www.laguiadepamplona.com\/actualidad\/#\/schema\/logo\/image\/"},"sameAs":["https:\/\/www.facebook.com\/laguiadepamplonacom-133175176762273\/?ref=hl","https:\/\/x.com\/LaGuiadPamplona","https:\/\/www.instagram.com\/la_guia_de_pamplona\/","https:\/\/www.youtube.com\/user\/laguiadepamplona"]},{"@type":"Person","@id":"https:\/\/www.laguiadepamplona.com\/actualidad\/#\/schema\/person\/efe887376f0213d4657c93adc50b1fdb","name":"La Gu\u00eda de Pamplona","image":{"@type":"ImageObject","inLanguage":"es","@id":"https:\/\/secure.gravatar.com\/avatar\/b6992f131dc8d30ab0dff15446e9d346d9dbd95992de0fef795073f5ea83a81c?s=96&d=mm&r=g","url":"https:\/\/secure.gravatar.com\/avatar\/b6992f131dc8d30ab0dff15446e9d346d9dbd95992de0fef795073f5ea83a81c?s=96&d=mm&r=g","contentUrl":"https:\/\/secure.gravatar.com\/avatar\/b6992f131dc8d30ab0dff15446e9d346d9dbd95992de0fef795073f5ea83a81c?s=96&d=mm&r=g","caption":"La Gu\u00eda de Pamplona"}}]}},"post_mailing_queue_ids":[],"_links":{"self":[{"href":"https:\/\/www.laguiadepamplona.com\/actualidad\/wp-json\/wp\/v2\/posts\/48522","targetHints":{"allow":["GET"]}}],"collection":[{"href":"https:\/\/www.laguiadepamplona.com\/actualidad\/wp-json\/wp\/v2\/posts"}],"about":[{"href":"https:\/\/www.laguiadepamplona.com\/actualidad\/wp-json\/wp\/v2\/types\/post"}],"author":[{"embeddable":true,"href":"https:\/\/www.laguiadepamplona.com\/actualidad\/wp-json\/wp\/v2\/users\/1"}],"replies":[{"embeddable":true,"href":"https:\/\/www.laguiadepamplona.com\/actualidad\/wp-json\/wp\/v2\/comments?post=48522"}],"version-history":[{"count":1,"href":"https:\/\/www.laguiadepamplona.com\/actualidad\/wp-json\/wp\/v2\/posts\/48522\/revisions"}],"predecessor-version":[{"id":48524,"href":"https:\/\/www.laguiadepamplona.com\/actualidad\/wp-json\/wp\/v2\/posts\/48522\/revisions\/48524"}],"wp:featuredmedia":[{"embeddable":true,"href":"https:\/\/www.laguiadepamplona.com\/actualidad\/wp-json\/wp\/v2\/media\/48523"}],"wp:attachment":[{"href":"https:\/\/www.laguiadepamplona.com\/actualidad\/wp-json\/wp\/v2\/media?parent=48522"}],"wp:term":[{"taxonomy":"category","embeddable":true,"href":"https:\/\/www.laguiadepamplona.com\/actualidad\/wp-json\/wp\/v2\/categories?post=48522"},{"taxonomy":"post_tag","embeddable":true,"href":"https:\/\/www.laguiadepamplona.com\/actualidad\/wp-json\/wp\/v2\/tags?post=48522"}],"curies":[{"name":"wp","href":"https:\/\/api.w.org\/{rel}","templated":true}]}}