{"id":48519,"date":"2024-01-23T13:54:15","date_gmt":"2024-01-23T11:54:15","guid":{"rendered":"https:\/\/www.laguiadepamplona.com\/actualidad\/?p=48519"},"modified":"2024-01-23T13:54:15","modified_gmt":"2024-01-23T11:54:15","slug":"el-ayuntamiento-de-pamplona-confia-en-aprobar-los-presupuestos-de-este-2024-en-el-mes-de-marzo-y-cerrar-la-ponencia-de-valoracion-en-noviembre","status":"publish","type":"post","link":"https:\/\/www.laguiadepamplona.com\/actualidad\/el-ayuntamiento-de-pamplona-confia-en-aprobar-los-presupuestos-de-este-2024-en-el-mes-de-marzo-y-cerrar-la-ponencia-de-valoracion-en-noviembre\/","title":{"rendered":"El Ayuntamiento de Pamplona conf\u00eda en aprobar los presupuestos de este 2024 en el mes de marzo y cerrar la ponencia de valoraci\u00f3n en noviembre"},"content":{"rendered":"<h2>El Consistorio crear\u00e1 una Unidad de Contrataci\u00f3n P\u00fablica Responsable y establecer\u00e1 para la plantilla un plan de formaci\u00f3n acorde a las necesidades de los distintos puestos<\/h2>\n<p><!--more--><\/p>\n<p>El Ayuntamiento de Pamplona conf\u00eda en contar con unos nuevos presupuestos para el mes de marzo. As\u00ed lo ha anunciado la concejala delegada de Hacienda, Contrataci\u00f3n P\u00fablica Responsable y Recursos Humanos, Garbi\u00f1e Bueno, en su comparecencia ante la Comisi\u00f3n de Presidencia del Consistorio. La concejala ha explicado que ya se ha iniciado el proceso de elaboraci\u00f3n de los presupuestos de 2024, con el objetivo de recoger inversiones de consenso que incluir\u00edan, entre otras, la reforma del Paseo de Sarasate o el corredor de P\u00edo XII.<\/p>\n<p>Bueno ha presentado las que ser\u00e1n las l\u00edneas estrat\u00e9gicas en materia de Hacienda y Recursos Humanos en lo largo de la legislatura. En este sentido, ha apostado por finalizar la ponencia de valoraci\u00f3n para el mes de noviembre, de forma que pueda aplicarse en las ordenanzas fiscales de 2025. Esa ponencia elaborar\u00e1 un documento t\u00e9cnico que tiene por objeto establecer los m\u00e9todos y par\u00e1metros para asignar los valores a cada bien inmueble, a efectos de la exacci\u00f3n de impuestos.<br \/>\n<script async src=\"\/\/pagead2.googlesyndication.com\/pagead\/js\/adsbygoogle.js\"><\/script><br \/>\n<!-- Noticias La Guia de Pamplona --><br \/>\n<ins class=\"adsbygoogle\"\nstyle=\"display:block\"\ndata-ad-client=\"ca-pub-6943679897239327\"\ndata-ad-slot=\"7048180777\"\ndata-ad-format=\"auto\"><\/ins><br \/>\n<script>\n(adsbygoogle = window.adsbygoogle || []).push({});\n<\/script><\/p>\n<p>Asimismo, ha resaltado la importancia de la Comisi\u00f3n de Cuentas y la Comisi\u00f3n de Vigilancia de la Contrataci\u00f3n, como \u00f3rganos para dar explicaciones sobre ambos aspectos. En lo que se refiere a contrataci\u00f3n, de hecho, ha apostado por crear una Unidad de Contrataci\u00f3n P\u00fablica Responsable, que propicie las iniciativas sociales y medioambientales en las contrataciones, introduciendo objetivos de inclusi\u00f3n social, igualdad entre hombres y mujeres, sostenibilidad y generaci\u00f3n de empleo de calidad.<\/p>\n<p>A ello se sumar\u00e1 tambi\u00e9n la recuperaci\u00f3n de los talleres de capacitaci\u00f3n en contrataci\u00f3n p\u00fablica (TREBATU), dirigidos especialmente a emprendedores, aut\u00f3nomos, pymes, empresas de econom\u00eda social y centros especiales de empleo y de inserci\u00f3n. Adem\u00e1s, una forma de facilitar el acceso de todos ellos a los contratos p\u00fablicos ser\u00e1 su divisi\u00f3n por lotes.<\/p>\n<p>La concejala delegada tambi\u00e9n ha anunciado un an\u00e1lisis de las viviendas vac\u00edas propiedad municipal, para que puedan pasar a disposici\u00f3n del Plan de Vivienda del Ayuntamiento. Tambi\u00e9n se revisar\u00e1n y organizar\u00e1n los locales municipales.<br \/>\n<script async src=\"\/\/pagead2.googlesyndication.com\/pagead\/js\/adsbygoogle.js\"><\/script><br \/>\n<!-- Noticias La Guia de Pamplona --><br \/>\n<ins class=\"adsbygoogle\"\nstyle=\"display:block\"\ndata-ad-client=\"ca-pub-6943679897239327\"\ndata-ad-slot=\"7048180777\"\ndata-ad-format=\"auto\"><\/ins><br \/>\n<script>\n(adsbygoogle = window.adsbygoogle || []).push({});\n<\/script><\/p>\n<p><strong>Estabilizaci\u00f3n de la plantilla<\/strong><\/p>\n<p>En lo que respecta a Recursos Humanos, otra de las \u00e1reas que depende de Garbi\u00f1e Bueno, \u00e9sta se ha comprometido ante la Comisi\u00f3n de Presidencia a elaborar el borrador para negociar y aprobar la plantilla org\u00e1nica del Ayuntamiento. Como paso previo, se revisar\u00e1 la situaci\u00f3n actual de la plantilla y se revisar\u00e1n las titulaciones que dan acceso a los diferentes puestos de trabajo.<\/p>\n<p>El objetivo que se plantea el \u00e1rea es seguir reduciendo la temporalidad, a trav\u00e9s de los distintos procesos de estabilizaci\u00f3n mediante concursos de m\u00e9ritos y concursos-oposici\u00f3n, por un lado, y mediante la oferta ordinaria de empleo por otro. En este sentido, se prev\u00e9 convocar los procesos derivados de la Oferta P\u00fablica de Empleo de 2021, que caducar\u00eda en 2024, y aprobar una nueva OPE para este a\u00f1o. Asimismo, se prev\u00e9 mejorar la aplicaci\u00f3n inform\u00e1tica por la que se gestionan las listas de contrataci\u00f3n temporal, para mejorar la transparencia en la contrataci\u00f3n p\u00fablica.<br \/>\n<script async src=\"\/\/pagead2.googlesyndication.com\/pagead\/js\/adsbygoogle.js\"><\/script><br \/>\n<!-- Noticias La Guia de Pamplona --><br \/>\n<ins class=\"adsbygoogle\"\nstyle=\"display:block\"\ndata-ad-client=\"ca-pub-6943679897239327\"\ndata-ad-slot=\"7048180777\"\ndata-ad-format=\"auto\"><\/ins><br \/>\n<script>\n(adsbygoogle = window.adsbygoogle || []).push({});\n<\/script><\/p>\n<p>En materia de personal, se plantea la necesidad de elaborar un plan de formaci\u00f3n acorde a las necesidades de los distintos puestos; se renovar\u00e1 el sistema de control de presencial, descartando el sistema de huella digital que estaba en proceso de implantaci\u00f3n; y se estudiar\u00e1 la posibilidad de abordar la flexibilidad horaria y el teletrabajo para la plantilla municipal, sin que afecte a la atenci\u00f3n directa de la ciudadan\u00eda. En lo que se refiere a Polic\u00eda Municipal, se trabajar\u00e1 para equiparar salarios con Polic\u00eda Foral.<\/p>\n<p>En cuanto al funcionamiento interno del Consistorio, se trabajar\u00e1 en materia de prevenci\u00f3n de riesgos laborales, introduciendo una evaluaci\u00f3n de riesgos psicosociales y renovando el Sello Azul de buenas pr\u00e1cticas en este servicio. Tambi\u00e9n se reformular\u00e1 la composici\u00f3n de la comisi\u00f3n de Igualdad del Ayuntamiento, para dar cabida a las trabajadoras familiares del Servicio de Atenci\u00f3n Domiciliaria.<\/p>\n","protected":false},"excerpt":{"rendered":"<p>El Consistorio crear\u00e1 una Unidad de Contrataci\u00f3n P\u00fablica Responsable y establecer\u00e1 para la plantilla un plan de formaci\u00f3n acorde a las necesidades de los distintos puestos<\/p>\n","protected":false},"author":1,"featured_media":48520,"comment_status":"open","ping_status":"closed","sticky":false,"template":"","format":"standard","meta":{"footnotes":""},"categories":[2],"tags":[],"class_list":["post-48519","post","type-post","status-publish","format-standard","has-post-thumbnail","hentry","category-ayuntamiento-pamplona"],"yoast_head":"<!-- This site is optimized with the Yoast SEO plugin v27.3 - https:\/\/yoast.com\/product\/yoast-seo-wordpress\/ -->\n<title>El Ayuntamiento de Pamplona conf\u00eda en aprobar los presupuestos de este 2024 en el mes de marzo y cerrar la ponencia de valoraci\u00f3n en noviembre<\/title>\n<meta name=\"description\" content=\"El Ayuntamiento de Pamplona conf\u00eda en aprobar los presupuestos de este 2024 en el mes de marzo y cerrar la ponencia de valoraci\u00f3n en noviembre\" \/>\n<meta name=\"robots\" content=\"index, follow, max-snippet:-1, max-image-preview:large, max-video-preview:-1\" \/>\n<link rel=\"canonical\" href=\"https:\/\/www.laguiadepamplona.com\/actualidad\/el-ayuntamiento-de-pamplona-confia-en-aprobar-los-presupuestos-de-este-2024-en-el-mes-de-marzo-y-cerrar-la-ponencia-de-valoracion-en-noviembre\/\" \/>\n<meta property=\"og:locale\" content=\"es_ES\" \/>\n<meta property=\"og:type\" content=\"article\" \/>\n<meta property=\"og:title\" content=\"El Ayuntamiento de Pamplona conf\u00eda en aprobar los presupuestos de este 2024 en el mes de marzo y cerrar la ponencia de valoraci\u00f3n en noviembre\" \/>\n<meta property=\"og:description\" content=\"El Ayuntamiento de Pamplona conf\u00eda en aprobar los presupuestos de este 2024 en el mes de marzo y cerrar la ponencia de valoraci\u00f3n en noviembre\" \/>\n<meta property=\"og:url\" content=\"https:\/\/www.laguiadepamplona.com\/actualidad\/el-ayuntamiento-de-pamplona-confia-en-aprobar-los-presupuestos-de-este-2024-en-el-mes-de-marzo-y-cerrar-la-ponencia-de-valoracion-en-noviembre\/\" \/>\n<meta property=\"og:site_name\" content=\"La Gu\u00eda de Pamplona\" \/>\n<meta property=\"article:publisher\" content=\"https:\/\/www.facebook.com\/laguiadepamplonacom-133175176762273\/?ref=hl\" \/>\n<meta property=\"article:published_time\" content=\"2024-01-23T11:54:15+00:00\" \/>\n<meta property=\"og:image\" content=\"https:\/\/www.laguiadepamplona.com\/actualidad\/wp-content\/uploads\/2024\/01\/pleno-ayuntamiento.webp\" \/>\n\t<meta property=\"og:image:width\" content=\"1200\" \/>\n\t<meta property=\"og:image:height\" content=\"800\" \/>\n\t<meta property=\"og:image:type\" content=\"image\/webp\" \/>\n<meta name=\"author\" content=\"La Gu\u00eda de Pamplona\" \/>\n<meta name=\"twitter:card\" content=\"summary_large_image\" \/>\n<meta name=\"twitter:creator\" content=\"@LaGuiadPamplona\" \/>\n<meta name=\"twitter:site\" content=\"@LaGuiadPamplona\" \/>\n<meta name=\"twitter:label1\" content=\"Escrito por\" \/>\n\t<meta name=\"twitter:data1\" content=\"La Gu\u00eda de Pamplona\" \/>\n\t<meta name=\"twitter:label2\" content=\"Tiempo de lectura\" \/>\n\t<meta name=\"twitter:data2\" content=\"4 minutos\" \/>\n<script type=\"application\/ld+json\" class=\"yoast-schema-graph\">{\"@context\":\"https:\\\/\\\/schema.org\",\"@graph\":[{\"@type\":\"Article\",\"@id\":\"https:\\\/\\\/www.laguiadepamplona.com\\\/actualidad\\\/el-ayuntamiento-de-pamplona-confia-en-aprobar-los-presupuestos-de-este-2024-en-el-mes-de-marzo-y-cerrar-la-ponencia-de-valoracion-en-noviembre\\\/#article\",\"isPartOf\":{\"@id\":\"https:\\\/\\\/www.laguiadepamplona.com\\\/actualidad\\\/el-ayuntamiento-de-pamplona-confia-en-aprobar-los-presupuestos-de-este-2024-en-el-mes-de-marzo-y-cerrar-la-ponencia-de-valoracion-en-noviembre\\\/\"},\"author\":{\"name\":\"La Gu\u00eda de Pamplona\",\"@id\":\"https:\\\/\\\/www.laguiadepamplona.com\\\/actualidad\\\/#\\\/schema\\\/person\\\/efe887376f0213d4657c93adc50b1fdb\"},\"headline\":\"El Ayuntamiento de Pamplona conf\u00eda en aprobar los presupuestos de este 2024 en el mes de marzo y cerrar la ponencia de valoraci\u00f3n en noviembre\",\"datePublished\":\"2024-01-23T11:54:15+00:00\",\"mainEntityOfPage\":{\"@id\":\"https:\\\/\\\/www.laguiadepamplona.com\\\/actualidad\\\/el-ayuntamiento-de-pamplona-confia-en-aprobar-los-presupuestos-de-este-2024-en-el-mes-de-marzo-y-cerrar-la-ponencia-de-valoracion-en-noviembre\\\/\"},\"wordCount\":748,\"commentCount\":0,\"publisher\":{\"@id\":\"https:\\\/\\\/www.laguiadepamplona.com\\\/actualidad\\\/#organization\"},\"image\":{\"@id\":\"https:\\\/\\\/www.laguiadepamplona.com\\\/actualidad\\\/el-ayuntamiento-de-pamplona-confia-en-aprobar-los-presupuestos-de-este-2024-en-el-mes-de-marzo-y-cerrar-la-ponencia-de-valoracion-en-noviembre\\\/#primaryimage\"},\"thumbnailUrl\":\"https:\\\/\\\/www.laguiadepamplona.com\\\/actualidad\\\/wp-content\\\/uploads\\\/2024\\\/01\\\/pleno-ayuntamiento.webp\",\"articleSection\":[\"Ayto Pamplona\"],\"inLanguage\":\"es\",\"potentialAction\":[{\"@type\":\"CommentAction\",\"name\":\"Comment\",\"target\":[\"https:\\\/\\\/www.laguiadepamplona.com\\\/actualidad\\\/el-ayuntamiento-de-pamplona-confia-en-aprobar-los-presupuestos-de-este-2024-en-el-mes-de-marzo-y-cerrar-la-ponencia-de-valoracion-en-noviembre\\\/#respond\"]}]},{\"@type\":\"WebPage\",\"@id\":\"https:\\\/\\\/www.laguiadepamplona.com\\\/actualidad\\\/el-ayuntamiento-de-pamplona-confia-en-aprobar-los-presupuestos-de-este-2024-en-el-mes-de-marzo-y-cerrar-la-ponencia-de-valoracion-en-noviembre\\\/\",\"url\":\"https:\\\/\\\/www.laguiadepamplona.com\\\/actualidad\\\/el-ayuntamiento-de-pamplona-confia-en-aprobar-los-presupuestos-de-este-2024-en-el-mes-de-marzo-y-cerrar-la-ponencia-de-valoracion-en-noviembre\\\/\",\"name\":\"El Ayuntamiento de Pamplona conf\u00eda en aprobar los presupuestos de este 2024 en el mes de marzo y cerrar la ponencia de valoraci\u00f3n en noviembre\",\"isPartOf\":{\"@id\":\"https:\\\/\\\/www.laguiadepamplona.com\\\/actualidad\\\/#website\"},\"primaryImageOfPage\":{\"@id\":\"https:\\\/\\\/www.laguiadepamplona.com\\\/actualidad\\\/el-ayuntamiento-de-pamplona-confia-en-aprobar-los-presupuestos-de-este-2024-en-el-mes-de-marzo-y-cerrar-la-ponencia-de-valoracion-en-noviembre\\\/#primaryimage\"},\"image\":{\"@id\":\"https:\\\/\\\/www.laguiadepamplona.com\\\/actualidad\\\/el-ayuntamiento-de-pamplona-confia-en-aprobar-los-presupuestos-de-este-2024-en-el-mes-de-marzo-y-cerrar-la-ponencia-de-valoracion-en-noviembre\\\/#primaryimage\"},\"thumbnailUrl\":\"https:\\\/\\\/www.laguiadepamplona.com\\\/actualidad\\\/wp-content\\\/uploads\\\/2024\\\/01\\\/pleno-ayuntamiento.webp\",\"datePublished\":\"2024-01-23T11:54:15+00:00\",\"description\":\"El Ayuntamiento de Pamplona conf\u00eda en aprobar los presupuestos de este 2024 en el mes de marzo y cerrar la ponencia de valoraci\u00f3n en noviembre\",\"breadcrumb\":{\"@id\":\"https:\\\/\\\/www.laguiadepamplona.com\\\/actualidad\\\/el-ayuntamiento-de-pamplona-confia-en-aprobar-los-presupuestos-de-este-2024-en-el-mes-de-marzo-y-cerrar-la-ponencia-de-valoracion-en-noviembre\\\/#breadcrumb\"},\"inLanguage\":\"es\",\"potentialAction\":[{\"@type\":\"ReadAction\",\"target\":[\"https:\\\/\\\/www.laguiadepamplona.com\\\/actualidad\\\/el-ayuntamiento-de-pamplona-confia-en-aprobar-los-presupuestos-de-este-2024-en-el-mes-de-marzo-y-cerrar-la-ponencia-de-valoracion-en-noviembre\\\/\"]}]},{\"@type\":\"ImageObject\",\"inLanguage\":\"es\",\"@id\":\"https:\\\/\\\/www.laguiadepamplona.com\\\/actualidad\\\/el-ayuntamiento-de-pamplona-confia-en-aprobar-los-presupuestos-de-este-2024-en-el-mes-de-marzo-y-cerrar-la-ponencia-de-valoracion-en-noviembre\\\/#primaryimage\",\"url\":\"https:\\\/\\\/www.laguiadepamplona.com\\\/actualidad\\\/wp-content\\\/uploads\\\/2024\\\/01\\\/pleno-ayuntamiento.webp\",\"contentUrl\":\"https:\\\/\\\/www.laguiadepamplona.com\\\/actualidad\\\/wp-content\\\/uploads\\\/2024\\\/01\\\/pleno-ayuntamiento.webp\",\"width\":1200,\"height\":800,\"caption\":\"pleno ayuntamiento\"},{\"@type\":\"BreadcrumbList\",\"@id\":\"https:\\\/\\\/www.laguiadepamplona.com\\\/actualidad\\\/el-ayuntamiento-de-pamplona-confia-en-aprobar-los-presupuestos-de-este-2024-en-el-mes-de-marzo-y-cerrar-la-ponencia-de-valoracion-en-noviembre\\\/#breadcrumb\",\"itemListElement\":[{\"@type\":\"ListItem\",\"position\":1,\"name\":\"Portada\",\"item\":\"https:\\\/\\\/www.laguiadepamplona.com\\\/actualidad\\\/\"},{\"@type\":\"ListItem\",\"position\":2,\"name\":\"El Ayuntamiento de Pamplona conf\u00eda en aprobar los presupuestos de este 2024 en el mes de marzo y cerrar la ponencia de valoraci\u00f3n en noviembre\"}]},{\"@type\":\"WebSite\",\"@id\":\"https:\\\/\\\/www.laguiadepamplona.com\\\/actualidad\\\/#website\",\"url\":\"https:\\\/\\\/www.laguiadepamplona.com\\\/actualidad\\\/\",\"name\":\"La gu\u00eda de Pamplona\",\"description\":\"Noticias de Pamplona\",\"publisher\":{\"@id\":\"https:\\\/\\\/www.laguiadepamplona.com\\\/actualidad\\\/#organization\"},\"potentialAction\":[{\"@type\":\"SearchAction\",\"target\":{\"@type\":\"EntryPoint\",\"urlTemplate\":\"https:\\\/\\\/www.laguiadepamplona.com\\\/actualidad\\\/?s={search_term_string}\"},\"query-input\":{\"@type\":\"PropertyValueSpecification\",\"valueRequired\":true,\"valueName\":\"search_term_string\"}}],\"inLanguage\":\"es\"},{\"@type\":\"Organization\",\"@id\":\"https:\\\/\\\/www.laguiadepamplona.com\\\/actualidad\\\/#organization\",\"name\":\"La Gu\u00eda de Pamplona \\\/ Noticias\",\"url\":\"https:\\\/\\\/www.laguiadepamplona.com\\\/actualidad\\\/\",\"logo\":{\"@type\":\"ImageObject\",\"inLanguage\":\"es\",\"@id\":\"https:\\\/\\\/www.laguiadepamplona.com\\\/actualidad\\\/#\\\/schema\\\/logo\\\/image\\\/\",\"url\":\"https:\\\/\\\/www.laguiadepamplona.com\\\/actualidad\\\/wp-content\\\/uploads\\\/2018\\\/11\\\/logo-laguiadepamplona18-web1.png\",\"contentUrl\":\"https:\\\/\\\/www.laguiadepamplona.com\\\/actualidad\\\/wp-content\\\/uploads\\\/2018\\\/11\\\/logo-laguiadepamplona18-web1.png\",\"width\":600,\"height\":196,\"caption\":\"La Gu\u00eda de Pamplona \\\/ Noticias\"},\"image\":{\"@id\":\"https:\\\/\\\/www.laguiadepamplona.com\\\/actualidad\\\/#\\\/schema\\\/logo\\\/image\\\/\"},\"sameAs\":[\"https:\\\/\\\/www.facebook.com\\\/laguiadepamplonacom-133175176762273\\\/?ref=hl\",\"https:\\\/\\\/x.com\\\/LaGuiadPamplona\",\"https:\\\/\\\/www.instagram.com\\\/la_guia_de_pamplona\\\/\",\"https:\\\/\\\/www.youtube.com\\\/user\\\/laguiadepamplona\"]},{\"@type\":\"Person\",\"@id\":\"https:\\\/\\\/www.laguiadepamplona.com\\\/actualidad\\\/#\\\/schema\\\/person\\\/efe887376f0213d4657c93adc50b1fdb\",\"name\":\"La Gu\u00eda de Pamplona\",\"image\":{\"@type\":\"ImageObject\",\"inLanguage\":\"es\",\"@id\":\"https:\\\/\\\/secure.gravatar.com\\\/avatar\\\/b6992f131dc8d30ab0dff15446e9d346d9dbd95992de0fef795073f5ea83a81c?s=96&d=mm&r=g\",\"url\":\"https:\\\/\\\/secure.gravatar.com\\\/avatar\\\/b6992f131dc8d30ab0dff15446e9d346d9dbd95992de0fef795073f5ea83a81c?s=96&d=mm&r=g\",\"contentUrl\":\"https:\\\/\\\/secure.gravatar.com\\\/avatar\\\/b6992f131dc8d30ab0dff15446e9d346d9dbd95992de0fef795073f5ea83a81c?s=96&d=mm&r=g\",\"caption\":\"La Gu\u00eda de Pamplona\"}}]}<\/script>\n<!-- \/ Yoast SEO plugin. -->","yoast_head_json":{"title":"El Ayuntamiento de Pamplona conf\u00eda en aprobar los presupuestos de este 2024 en el mes de marzo y cerrar la ponencia de valoraci\u00f3n en noviembre","description":"El Ayuntamiento de Pamplona conf\u00eda en aprobar los presupuestos de este 2024 en el mes de marzo y cerrar la ponencia de valoraci\u00f3n en noviembre","robots":{"index":"index","follow":"follow","max-snippet":"max-snippet:-1","max-image-preview":"max-image-preview:large","max-video-preview":"max-video-preview:-1"},"canonical":"https:\/\/www.laguiadepamplona.com\/actualidad\/el-ayuntamiento-de-pamplona-confia-en-aprobar-los-presupuestos-de-este-2024-en-el-mes-de-marzo-y-cerrar-la-ponencia-de-valoracion-en-noviembre\/","og_locale":"es_ES","og_type":"article","og_title":"El Ayuntamiento de Pamplona conf\u00eda en aprobar los presupuestos de este 2024 en el mes de marzo y cerrar la ponencia de valoraci\u00f3n en noviembre","og_description":"El Ayuntamiento de Pamplona conf\u00eda en aprobar los presupuestos de este 2024 en el mes de marzo y cerrar la ponencia de valoraci\u00f3n en noviembre","og_url":"https:\/\/www.laguiadepamplona.com\/actualidad\/el-ayuntamiento-de-pamplona-confia-en-aprobar-los-presupuestos-de-este-2024-en-el-mes-de-marzo-y-cerrar-la-ponencia-de-valoracion-en-noviembre\/","og_site_name":"La Gu\u00eda de Pamplona","article_publisher":"https:\/\/www.facebook.com\/laguiadepamplonacom-133175176762273\/?ref=hl","article_published_time":"2024-01-23T11:54:15+00:00","og_image":[{"width":1200,"height":800,"url":"https:\/\/www.laguiadepamplona.com\/actualidad\/wp-content\/uploads\/2024\/01\/pleno-ayuntamiento.webp","type":"image\/webp"}],"author":"La Gu\u00eda de Pamplona","twitter_card":"summary_large_image","twitter_creator":"@LaGuiadPamplona","twitter_site":"@LaGuiadPamplona","twitter_misc":{"Escrito por":"La Gu\u00eda de Pamplona","Tiempo de lectura":"4 minutos"},"schema":{"@context":"https:\/\/schema.org","@graph":[{"@type":"Article","@id":"https:\/\/www.laguiadepamplona.com\/actualidad\/el-ayuntamiento-de-pamplona-confia-en-aprobar-los-presupuestos-de-este-2024-en-el-mes-de-marzo-y-cerrar-la-ponencia-de-valoracion-en-noviembre\/#article","isPartOf":{"@id":"https:\/\/www.laguiadepamplona.com\/actualidad\/el-ayuntamiento-de-pamplona-confia-en-aprobar-los-presupuestos-de-este-2024-en-el-mes-de-marzo-y-cerrar-la-ponencia-de-valoracion-en-noviembre\/"},"author":{"name":"La Gu\u00eda de Pamplona","@id":"https:\/\/www.laguiadepamplona.com\/actualidad\/#\/schema\/person\/efe887376f0213d4657c93adc50b1fdb"},"headline":"El Ayuntamiento de Pamplona conf\u00eda en aprobar los presupuestos de este 2024 en el mes de marzo y cerrar la ponencia de valoraci\u00f3n en noviembre","datePublished":"2024-01-23T11:54:15+00:00","mainEntityOfPage":{"@id":"https:\/\/www.laguiadepamplona.com\/actualidad\/el-ayuntamiento-de-pamplona-confia-en-aprobar-los-presupuestos-de-este-2024-en-el-mes-de-marzo-y-cerrar-la-ponencia-de-valoracion-en-noviembre\/"},"wordCount":748,"commentCount":0,"publisher":{"@id":"https:\/\/www.laguiadepamplona.com\/actualidad\/#organization"},"image":{"@id":"https:\/\/www.laguiadepamplona.com\/actualidad\/el-ayuntamiento-de-pamplona-confia-en-aprobar-los-presupuestos-de-este-2024-en-el-mes-de-marzo-y-cerrar-la-ponencia-de-valoracion-en-noviembre\/#primaryimage"},"thumbnailUrl":"https:\/\/www.laguiadepamplona.com\/actualidad\/wp-content\/uploads\/2024\/01\/pleno-ayuntamiento.webp","articleSection":["Ayto Pamplona"],"inLanguage":"es","potentialAction":[{"@type":"CommentAction","name":"Comment","target":["https:\/\/www.laguiadepamplona.com\/actualidad\/el-ayuntamiento-de-pamplona-confia-en-aprobar-los-presupuestos-de-este-2024-en-el-mes-de-marzo-y-cerrar-la-ponencia-de-valoracion-en-noviembre\/#respond"]}]},{"@type":"WebPage","@id":"https:\/\/www.laguiadepamplona.com\/actualidad\/el-ayuntamiento-de-pamplona-confia-en-aprobar-los-presupuestos-de-este-2024-en-el-mes-de-marzo-y-cerrar-la-ponencia-de-valoracion-en-noviembre\/","url":"https:\/\/www.laguiadepamplona.com\/actualidad\/el-ayuntamiento-de-pamplona-confia-en-aprobar-los-presupuestos-de-este-2024-en-el-mes-de-marzo-y-cerrar-la-ponencia-de-valoracion-en-noviembre\/","name":"El Ayuntamiento de Pamplona conf\u00eda en aprobar los presupuestos de este 2024 en el mes de marzo y cerrar la ponencia de valoraci\u00f3n en noviembre","isPartOf":{"@id":"https:\/\/www.laguiadepamplona.com\/actualidad\/#website"},"primaryImageOfPage":{"@id":"https:\/\/www.laguiadepamplona.com\/actualidad\/el-ayuntamiento-de-pamplona-confia-en-aprobar-los-presupuestos-de-este-2024-en-el-mes-de-marzo-y-cerrar-la-ponencia-de-valoracion-en-noviembre\/#primaryimage"},"image":{"@id":"https:\/\/www.laguiadepamplona.com\/actualidad\/el-ayuntamiento-de-pamplona-confia-en-aprobar-los-presupuestos-de-este-2024-en-el-mes-de-marzo-y-cerrar-la-ponencia-de-valoracion-en-noviembre\/#primaryimage"},"thumbnailUrl":"https:\/\/www.laguiadepamplona.com\/actualidad\/wp-content\/uploads\/2024\/01\/pleno-ayuntamiento.webp","datePublished":"2024-01-23T11:54:15+00:00","description":"El Ayuntamiento de Pamplona conf\u00eda en aprobar los presupuestos de este 2024 en el mes de marzo y cerrar la ponencia de valoraci\u00f3n en noviembre","breadcrumb":{"@id":"https:\/\/www.laguiadepamplona.com\/actualidad\/el-ayuntamiento-de-pamplona-confia-en-aprobar-los-presupuestos-de-este-2024-en-el-mes-de-marzo-y-cerrar-la-ponencia-de-valoracion-en-noviembre\/#breadcrumb"},"inLanguage":"es","potentialAction":[{"@type":"ReadAction","target":["https:\/\/www.laguiadepamplona.com\/actualidad\/el-ayuntamiento-de-pamplona-confia-en-aprobar-los-presupuestos-de-este-2024-en-el-mes-de-marzo-y-cerrar-la-ponencia-de-valoracion-en-noviembre\/"]}]},{"@type":"ImageObject","inLanguage":"es","@id":"https:\/\/www.laguiadepamplona.com\/actualidad\/el-ayuntamiento-de-pamplona-confia-en-aprobar-los-presupuestos-de-este-2024-en-el-mes-de-marzo-y-cerrar-la-ponencia-de-valoracion-en-noviembre\/#primaryimage","url":"https:\/\/www.laguiadepamplona.com\/actualidad\/wp-content\/uploads\/2024\/01\/pleno-ayuntamiento.webp","contentUrl":"https:\/\/www.laguiadepamplona.com\/actualidad\/wp-content\/uploads\/2024\/01\/pleno-ayuntamiento.webp","width":1200,"height":800,"caption":"pleno ayuntamiento"},{"@type":"BreadcrumbList","@id":"https:\/\/www.laguiadepamplona.com\/actualidad\/el-ayuntamiento-de-pamplona-confia-en-aprobar-los-presupuestos-de-este-2024-en-el-mes-de-marzo-y-cerrar-la-ponencia-de-valoracion-en-noviembre\/#breadcrumb","itemListElement":[{"@type":"ListItem","position":1,"name":"Portada","item":"https:\/\/www.laguiadepamplona.com\/actualidad\/"},{"@type":"ListItem","position":2,"name":"El Ayuntamiento de Pamplona conf\u00eda en aprobar los presupuestos de este 2024 en el mes de marzo y cerrar la ponencia de valoraci\u00f3n en noviembre"}]},{"@type":"WebSite","@id":"https:\/\/www.laguiadepamplona.com\/actualidad\/#website","url":"https:\/\/www.laguiadepamplona.com\/actualidad\/","name":"La gu\u00eda de Pamplona","description":"Noticias de Pamplona","publisher":{"@id":"https:\/\/www.laguiadepamplona.com\/actualidad\/#organization"},"potentialAction":[{"@type":"SearchAction","target":{"@type":"EntryPoint","urlTemplate":"https:\/\/www.laguiadepamplona.com\/actualidad\/?s={search_term_string}"},"query-input":{"@type":"PropertyValueSpecification","valueRequired":true,"valueName":"search_term_string"}}],"inLanguage":"es"},{"@type":"Organization","@id":"https:\/\/www.laguiadepamplona.com\/actualidad\/#organization","name":"La Gu\u00eda de Pamplona \/ Noticias","url":"https:\/\/www.laguiadepamplona.com\/actualidad\/","logo":{"@type":"ImageObject","inLanguage":"es","@id":"https:\/\/www.laguiadepamplona.com\/actualidad\/#\/schema\/logo\/image\/","url":"https:\/\/www.laguiadepamplona.com\/actualidad\/wp-content\/uploads\/2018\/11\/logo-laguiadepamplona18-web1.png","contentUrl":"https:\/\/www.laguiadepamplona.com\/actualidad\/wp-content\/uploads\/2018\/11\/logo-laguiadepamplona18-web1.png","width":600,"height":196,"caption":"La Gu\u00eda de Pamplona \/ Noticias"},"image":{"@id":"https:\/\/www.laguiadepamplona.com\/actualidad\/#\/schema\/logo\/image\/"},"sameAs":["https:\/\/www.facebook.com\/laguiadepamplonacom-133175176762273\/?ref=hl","https:\/\/x.com\/LaGuiadPamplona","https:\/\/www.instagram.com\/la_guia_de_pamplona\/","https:\/\/www.youtube.com\/user\/laguiadepamplona"]},{"@type":"Person","@id":"https:\/\/www.laguiadepamplona.com\/actualidad\/#\/schema\/person\/efe887376f0213d4657c93adc50b1fdb","name":"La Gu\u00eda de Pamplona","image":{"@type":"ImageObject","inLanguage":"es","@id":"https:\/\/secure.gravatar.com\/avatar\/b6992f131dc8d30ab0dff15446e9d346d9dbd95992de0fef795073f5ea83a81c?s=96&d=mm&r=g","url":"https:\/\/secure.gravatar.com\/avatar\/b6992f131dc8d30ab0dff15446e9d346d9dbd95992de0fef795073f5ea83a81c?s=96&d=mm&r=g","contentUrl":"https:\/\/secure.gravatar.com\/avatar\/b6992f131dc8d30ab0dff15446e9d346d9dbd95992de0fef795073f5ea83a81c?s=96&d=mm&r=g","caption":"La Gu\u00eda de Pamplona"}}]}},"post_mailing_queue_ids":[],"_links":{"self":[{"href":"https:\/\/www.laguiadepamplona.com\/actualidad\/wp-json\/wp\/v2\/posts\/48519","targetHints":{"allow":["GET"]}}],"collection":[{"href":"https:\/\/www.laguiadepamplona.com\/actualidad\/wp-json\/wp\/v2\/posts"}],"about":[{"href":"https:\/\/www.laguiadepamplona.com\/actualidad\/wp-json\/wp\/v2\/types\/post"}],"author":[{"embeddable":true,"href":"https:\/\/www.laguiadepamplona.com\/actualidad\/wp-json\/wp\/v2\/users\/1"}],"replies":[{"embeddable":true,"href":"https:\/\/www.laguiadepamplona.com\/actualidad\/wp-json\/wp\/v2\/comments?post=48519"}],"version-history":[{"count":1,"href":"https:\/\/www.laguiadepamplona.com\/actualidad\/wp-json\/wp\/v2\/posts\/48519\/revisions"}],"predecessor-version":[{"id":48521,"href":"https:\/\/www.laguiadepamplona.com\/actualidad\/wp-json\/wp\/v2\/posts\/48519\/revisions\/48521"}],"wp:featuredmedia":[{"embeddable":true,"href":"https:\/\/www.laguiadepamplona.com\/actualidad\/wp-json\/wp\/v2\/media\/48520"}],"wp:attachment":[{"href":"https:\/\/www.laguiadepamplona.com\/actualidad\/wp-json\/wp\/v2\/media?parent=48519"}],"wp:term":[{"taxonomy":"category","embeddable":true,"href":"https:\/\/www.laguiadepamplona.com\/actualidad\/wp-json\/wp\/v2\/categories?post=48519"},{"taxonomy":"post_tag","embeddable":true,"href":"https:\/\/www.laguiadepamplona.com\/actualidad\/wp-json\/wp\/v2\/tags?post=48519"}],"curies":[{"name":"wp","href":"https:\/\/api.w.org\/{rel}","templated":true}]}}