{"id":48516,"date":"2024-01-23T13:49:29","date_gmt":"2024-01-23T11:49:29","guid":{"rendered":"https:\/\/www.laguiadepamplona.com\/actualidad\/?p=48516"},"modified":"2024-01-23T13:49:29","modified_gmt":"2024-01-23T11:49:29","slug":"pamplona-capital-mundial-de-la-pelota-se-presenta-este-miercoles-en-la-feria-de-turismo-profesional-fitur-en-madrid","status":"publish","type":"post","link":"https:\/\/www.laguiadepamplona.com\/actualidad\/pamplona-capital-mundial-de-la-pelota-se-presenta-este-miercoles-en-la-feria-de-turismo-profesional-fitur-en-madrid\/","title":{"rendered":"\u2018Pamplona Capital Mundial de la Pelota\u2019 se presenta este mi\u00e9rcoles en la feria de turismo profesional FITUR en Madrid"},"content":{"rendered":"<h2>El Consistorio dar\u00e1 a conocer a nivel nacional e internacional esta iniciativa, que cuenta con 2,3 millones de euros del programa europeo POCTEFA<\/h2>\n<p><!--more--><\/p>\n<p>El proyecto \u2018Pamplona Capital Mundial de la Pelota &#8211; Iruhbi Pilota\u2019 se dar\u00e1 a conocer este mi\u00e9rcoles a nivel nacional e internacional dentro de la feria de turismo profesional FITUR, que se celebra estos d\u00edas en Madrid. El Ayuntamiento de Pamplona presentar\u00e1 esta iniciativa transfronteriza dentro del stand de Navarra, ya que el Gobierno foral le ha cedido un espacio de tiempo para dar a conocer este proyecto, que busca el desarrollo tur\u00edstico y econ\u00f3mico de Pamplona y del conjunto de Navarra en torno a la pelota. As\u00ed lo ha explicado el concejal delegado de Promoci\u00f3n Econ\u00f3mico, Proyecci\u00f3n Europea, Innovaci\u00f3n, Juventud y Cooperaci\u00f3n al Desarrollo, Koldo Mart\u00ednez, en una rueda de prensa, en la que ha destacado el potencial tur\u00edstico de la ciudad.<br \/>\n<script async src=\"\/\/pagead2.googlesyndication.com\/pagead\/js\/adsbygoogle.js\"><\/script><br \/>\n<!-- Noticias La Guia de Pamplona --><br \/>\n<ins class=\"adsbygoogle\"\nstyle=\"display:block\"\ndata-ad-client=\"ca-pub-6943679897239327\"\ndata-ad-slot=\"7048180777\"\ndata-ad-format=\"auto\"><\/ins><br \/>\n<script>\n(adsbygoogle = window.adsbygoogle || []).push({});\n<\/script><\/p>\n<p>La iniciativa en torno a la pelota se ha desarrollado junto con los ayuntamientos de Huarte y Biarritz, de la mano de varias entidades como la Federaci\u00f3n Navarra de Pelota Vasca, el Comit\u00e9 Territorial Pays Basque de Pelote Basque (Federaci\u00f3n Francesa), la Association Biarritz Athl\u00e9tic Club y de la Comunidad de Aglomeraci\u00f3n del Pa\u00eds Vasco (CAPB). Dado este car\u00e1cter transfronterizo, el proyecto ha recibido 2,3 millones de euros del programa europeo Interreg VI Espa\u00f1a-Francia-Andorra (POCTEFA 2021-2027) para su puesta en marcha. La subvenci\u00f3n recibida permitir\u00e1 desarrollar el proyecto durante tres a\u00f1os, desde 2024 a 2026. Si bien el objetivo es lograr su consolidaci\u00f3n como una alternativa tur\u00edstica de inter\u00e9s nacional e internacional.<\/p>\n<p>El Ayuntamiento de Pamplona, como l\u00edder y promotor del proyecto, busca a trav\u00e9s de esta iniciativa el impulso de esta pr\u00e1ctica deportiva y crear un producto tur\u00edstico en torno a la cultura de la pelota, sus infraestructuras y su historia. En concreto, aspira a recuperar y potenciar la pr\u00e1ctica del remonte, como juego nacido en Pamplona en 1904; y asegurar la pervivencia de las distintas modalidades del juego de pelota. Para ello, se prev\u00e9 realizar un trabajo de formaci\u00f3n con centros escolares, clubes deportivos, escuelas de pelota y federaciones, para atraer a ni\u00f1os y ni\u00f1as hacia este deporte. En la actualidad, el seguimiento a este deporte se traduce en 35 clubes federados y m\u00e1s de 2.500 licencias federativas, as\u00ed como 1.100 licencias de base.<br \/>\n<script async src=\"\/\/pagead2.googlesyndication.com\/pagead\/js\/adsbygoogle.js\"><\/script><br \/>\n<!-- Noticias La Guia de Pamplona --><br \/>\n<ins class=\"adsbygoogle\"\nstyle=\"display:block\"\ndata-ad-client=\"ca-pub-6943679897239327\"\ndata-ad-slot=\"7048180777\"\ndata-ad-format=\"auto\"><\/ins><br \/>\n<script>\n(adsbygoogle = window.adsbygoogle || []).push({});\n<\/script><\/p>\n<p><strong>Deporte internacional<\/strong><\/p>\n<p>La pelota es, de hecho, un deporte con siglos de historia, que desde el Ayuntamiento se busca preservar y potenciar. Aunque actualmente se juega principalmente en Pa\u00eds Vasco y Navarra, su pr\u00e1ctica, m\u00e1s minoritaria, se extiende tambi\u00e9n a otras regiones de Espa\u00f1a y en otros pa\u00edses tanto de Europa, de Am\u00e9rica o Asia, como India y Filipinas. De ah\u00ed su potencial para convertirlo en un reclamo nacional e internacional vinculado al turismo.<\/p>\n<p>Dentro de la oferta tur\u00edstica, Pamplona puede ofertar sus 55 frontones p\u00fablicos y privados; entre los que destacan Labrit y el Navarra Arena, referentes en el mundo pelotazale; a los que se suman infraestructuras como el Euskal Jai Berri de Huarte y el Jai Alai de Biarritz. Con todas estas infraestructuras, se configurar\u00e1 una Red Transfronteriza de Pelota Vasca, en la que todos los agentes identificados puedan colaborar y cooperar para conservar este deporte y esta tradici\u00f3n y aumentar su proyecci\u00f3n.<br \/>\n<script async src=\"\/\/pagead2.googlesyndication.com\/pagead\/js\/adsbygoogle.js\"><\/script><br \/>\n<!-- Noticias La Guia de Pamplona --><br \/>\n<ins class=\"adsbygoogle\"\nstyle=\"display:block\"\ndata-ad-client=\"ca-pub-6943679897239327\"\ndata-ad-slot=\"7048180777\"\ndata-ad-format=\"auto\"><\/ins><br \/>\n<script>\n(adsbygoogle = window.adsbygoogle || []).push({});\n<\/script><\/p>\n<p>Una de las principales apuestas de la capital navarra es la realizaci\u00f3n de un estudio-proyecto para crear un centro de interpretaci\u00f3n de la pelota como reclamo tur\u00edstico y que funcione, a su vez, como punto de encuentro del mundo pelotazale. A todo ello se sumar\u00e1n tambi\u00e9n visitas guiadas, itinerarios, exposiciones, festivales de pelota vasca, torneos y campus de intercambio de deportistas.<\/p>\n","protected":false},"excerpt":{"rendered":"<p>El Consistorio dar\u00e1 a conocer a nivel nacional e internacional esta iniciativa, que cuenta con 2,3 millones de euros del programa europeo POCTEFA<\/p>\n","protected":false},"author":1,"featured_media":48517,"comment_status":"open","ping_status":"closed","sticky":false,"template":"","format":"standard","meta":{"footnotes":""},"categories":[2],"tags":[],"class_list":["post-48516","post","type-post","status-publish","format-standard","has-post-thumbnail","hentry","category-ayuntamiento-pamplona"],"yoast_head":"<!-- This site is optimized with the Yoast SEO plugin v27.3 - https:\/\/yoast.com\/product\/yoast-seo-wordpress\/ -->\n<title>\u2018Pamplona Capital Mundial de la Pelota\u2019 se presenta este mi\u00e9rcoles en la feria de turismo profesional FITUR en Madrid<\/title>\n<meta name=\"description\" content=\"El Consistorio dar\u00e1 a conocer a nivel nacional e internacional esta iniciativa, que cuenta con 2,3 millones de euros del programa europeo POCTEFA\" \/>\n<meta name=\"robots\" content=\"index, follow, max-snippet:-1, max-image-preview:large, max-video-preview:-1\" \/>\n<link rel=\"canonical\" href=\"https:\/\/www.laguiadepamplona.com\/actualidad\/pamplona-capital-mundial-de-la-pelota-se-presenta-este-miercoles-en-la-feria-de-turismo-profesional-fitur-en-madrid\/\" \/>\n<meta property=\"og:locale\" content=\"es_ES\" \/>\n<meta property=\"og:type\" content=\"article\" \/>\n<meta property=\"og:title\" content=\"\u2018Pamplona Capital Mundial de la Pelota\u2019 se presenta este mi\u00e9rcoles en la feria de turismo profesional FITUR en Madrid\" \/>\n<meta property=\"og:description\" content=\"El Consistorio dar\u00e1 a conocer a nivel nacional e internacional esta iniciativa, que cuenta con 2,3 millones de euros del programa europeo POCTEFA\" \/>\n<meta property=\"og:url\" content=\"https:\/\/www.laguiadepamplona.com\/actualidad\/pamplona-capital-mundial-de-la-pelota-se-presenta-este-miercoles-en-la-feria-de-turismo-profesional-fitur-en-madrid\/\" \/>\n<meta property=\"og:site_name\" content=\"La Gu\u00eda de Pamplona\" \/>\n<meta property=\"article:publisher\" content=\"https:\/\/www.facebook.com\/laguiadepamplonacom-133175176762273\/?ref=hl\" \/>\n<meta property=\"article:published_time\" content=\"2024-01-23T11:49:29+00:00\" \/>\n<meta property=\"og:image\" content=\"https:\/\/www.laguiadepamplona.com\/actualidad\/wp-content\/uploads\/2024\/01\/pelota.webp\" \/>\n\t<meta property=\"og:image:width\" content=\"1200\" \/>\n\t<meta property=\"og:image:height\" content=\"900\" \/>\n\t<meta property=\"og:image:type\" content=\"image\/webp\" \/>\n<meta name=\"author\" content=\"La Gu\u00eda de Pamplona\" \/>\n<meta name=\"twitter:card\" content=\"summary_large_image\" \/>\n<meta name=\"twitter:creator\" content=\"@LaGuiadPamplona\" \/>\n<meta name=\"twitter:site\" content=\"@LaGuiadPamplona\" \/>\n<meta name=\"twitter:label1\" content=\"Escrito por\" \/>\n\t<meta name=\"twitter:data1\" content=\"La Gu\u00eda de Pamplona\" \/>\n\t<meta name=\"twitter:label2\" content=\"Tiempo de lectura\" \/>\n\t<meta name=\"twitter:data2\" content=\"3 minutos\" \/>\n<script type=\"application\/ld+json\" class=\"yoast-schema-graph\">{\"@context\":\"https:\\\/\\\/schema.org\",\"@graph\":[{\"@type\":\"Article\",\"@id\":\"https:\\\/\\\/www.laguiadepamplona.com\\\/actualidad\\\/pamplona-capital-mundial-de-la-pelota-se-presenta-este-miercoles-en-la-feria-de-turismo-profesional-fitur-en-madrid\\\/#article\",\"isPartOf\":{\"@id\":\"https:\\\/\\\/www.laguiadepamplona.com\\\/actualidad\\\/pamplona-capital-mundial-de-la-pelota-se-presenta-este-miercoles-en-la-feria-de-turismo-profesional-fitur-en-madrid\\\/\"},\"author\":{\"name\":\"La Gu\u00eda de Pamplona\",\"@id\":\"https:\\\/\\\/www.laguiadepamplona.com\\\/actualidad\\\/#\\\/schema\\\/person\\\/efe887376f0213d4657c93adc50b1fdb\"},\"headline\":\"\u2018Pamplona Capital Mundial de la Pelota\u2019 se presenta este mi\u00e9rcoles en la feria de turismo profesional FITUR en Madrid\",\"datePublished\":\"2024-01-23T11:49:29+00:00\",\"mainEntityOfPage\":{\"@id\":\"https:\\\/\\\/www.laguiadepamplona.com\\\/actualidad\\\/pamplona-capital-mundial-de-la-pelota-se-presenta-este-miercoles-en-la-feria-de-turismo-profesional-fitur-en-madrid\\\/\"},\"wordCount\":657,\"commentCount\":0,\"publisher\":{\"@id\":\"https:\\\/\\\/www.laguiadepamplona.com\\\/actualidad\\\/#organization\"},\"image\":{\"@id\":\"https:\\\/\\\/www.laguiadepamplona.com\\\/actualidad\\\/pamplona-capital-mundial-de-la-pelota-se-presenta-este-miercoles-en-la-feria-de-turismo-profesional-fitur-en-madrid\\\/#primaryimage\"},\"thumbnailUrl\":\"https:\\\/\\\/www.laguiadepamplona.com\\\/actualidad\\\/wp-content\\\/uploads\\\/2024\\\/01\\\/pelota.webp\",\"articleSection\":[\"Ayto Pamplona\"],\"inLanguage\":\"es\",\"potentialAction\":[{\"@type\":\"CommentAction\",\"name\":\"Comment\",\"target\":[\"https:\\\/\\\/www.laguiadepamplona.com\\\/actualidad\\\/pamplona-capital-mundial-de-la-pelota-se-presenta-este-miercoles-en-la-feria-de-turismo-profesional-fitur-en-madrid\\\/#respond\"]}]},{\"@type\":\"WebPage\",\"@id\":\"https:\\\/\\\/www.laguiadepamplona.com\\\/actualidad\\\/pamplona-capital-mundial-de-la-pelota-se-presenta-este-miercoles-en-la-feria-de-turismo-profesional-fitur-en-madrid\\\/\",\"url\":\"https:\\\/\\\/www.laguiadepamplona.com\\\/actualidad\\\/pamplona-capital-mundial-de-la-pelota-se-presenta-este-miercoles-en-la-feria-de-turismo-profesional-fitur-en-madrid\\\/\",\"name\":\"\u2018Pamplona Capital Mundial de la Pelota\u2019 se presenta este mi\u00e9rcoles en la feria de turismo profesional FITUR en Madrid\",\"isPartOf\":{\"@id\":\"https:\\\/\\\/www.laguiadepamplona.com\\\/actualidad\\\/#website\"},\"primaryImageOfPage\":{\"@id\":\"https:\\\/\\\/www.laguiadepamplona.com\\\/actualidad\\\/pamplona-capital-mundial-de-la-pelota-se-presenta-este-miercoles-en-la-feria-de-turismo-profesional-fitur-en-madrid\\\/#primaryimage\"},\"image\":{\"@id\":\"https:\\\/\\\/www.laguiadepamplona.com\\\/actualidad\\\/pamplona-capital-mundial-de-la-pelota-se-presenta-este-miercoles-en-la-feria-de-turismo-profesional-fitur-en-madrid\\\/#primaryimage\"},\"thumbnailUrl\":\"https:\\\/\\\/www.laguiadepamplona.com\\\/actualidad\\\/wp-content\\\/uploads\\\/2024\\\/01\\\/pelota.webp\",\"datePublished\":\"2024-01-23T11:49:29+00:00\",\"description\":\"El Consistorio dar\u00e1 a conocer a nivel nacional e internacional esta iniciativa, que cuenta con 2,3 millones de euros del programa europeo POCTEFA\",\"breadcrumb\":{\"@id\":\"https:\\\/\\\/www.laguiadepamplona.com\\\/actualidad\\\/pamplona-capital-mundial-de-la-pelota-se-presenta-este-miercoles-en-la-feria-de-turismo-profesional-fitur-en-madrid\\\/#breadcrumb\"},\"inLanguage\":\"es\",\"potentialAction\":[{\"@type\":\"ReadAction\",\"target\":[\"https:\\\/\\\/www.laguiadepamplona.com\\\/actualidad\\\/pamplona-capital-mundial-de-la-pelota-se-presenta-este-miercoles-en-la-feria-de-turismo-profesional-fitur-en-madrid\\\/\"]}]},{\"@type\":\"ImageObject\",\"inLanguage\":\"es\",\"@id\":\"https:\\\/\\\/www.laguiadepamplona.com\\\/actualidad\\\/pamplona-capital-mundial-de-la-pelota-se-presenta-este-miercoles-en-la-feria-de-turismo-profesional-fitur-en-madrid\\\/#primaryimage\",\"url\":\"https:\\\/\\\/www.laguiadepamplona.com\\\/actualidad\\\/wp-content\\\/uploads\\\/2024\\\/01\\\/pelota.webp\",\"contentUrl\":\"https:\\\/\\\/www.laguiadepamplona.com\\\/actualidad\\\/wp-content\\\/uploads\\\/2024\\\/01\\\/pelota.webp\",\"width\":1200,\"height\":900},{\"@type\":\"BreadcrumbList\",\"@id\":\"https:\\\/\\\/www.laguiadepamplona.com\\\/actualidad\\\/pamplona-capital-mundial-de-la-pelota-se-presenta-este-miercoles-en-la-feria-de-turismo-profesional-fitur-en-madrid\\\/#breadcrumb\",\"itemListElement\":[{\"@type\":\"ListItem\",\"position\":1,\"name\":\"Portada\",\"item\":\"https:\\\/\\\/www.laguiadepamplona.com\\\/actualidad\\\/\"},{\"@type\":\"ListItem\",\"position\":2,\"name\":\"\u2018Pamplona Capital Mundial de la Pelota\u2019 se presenta este mi\u00e9rcoles en la feria de turismo profesional FITUR en Madrid\"}]},{\"@type\":\"WebSite\",\"@id\":\"https:\\\/\\\/www.laguiadepamplona.com\\\/actualidad\\\/#website\",\"url\":\"https:\\\/\\\/www.laguiadepamplona.com\\\/actualidad\\\/\",\"name\":\"La gu\u00eda de Pamplona\",\"description\":\"Noticias de Pamplona\",\"publisher\":{\"@id\":\"https:\\\/\\\/www.laguiadepamplona.com\\\/actualidad\\\/#organization\"},\"potentialAction\":[{\"@type\":\"SearchAction\",\"target\":{\"@type\":\"EntryPoint\",\"urlTemplate\":\"https:\\\/\\\/www.laguiadepamplona.com\\\/actualidad\\\/?s={search_term_string}\"},\"query-input\":{\"@type\":\"PropertyValueSpecification\",\"valueRequired\":true,\"valueName\":\"search_term_string\"}}],\"inLanguage\":\"es\"},{\"@type\":\"Organization\",\"@id\":\"https:\\\/\\\/www.laguiadepamplona.com\\\/actualidad\\\/#organization\",\"name\":\"La Gu\u00eda de Pamplona \\\/ Noticias\",\"url\":\"https:\\\/\\\/www.laguiadepamplona.com\\\/actualidad\\\/\",\"logo\":{\"@type\":\"ImageObject\",\"inLanguage\":\"es\",\"@id\":\"https:\\\/\\\/www.laguiadepamplona.com\\\/actualidad\\\/#\\\/schema\\\/logo\\\/image\\\/\",\"url\":\"https:\\\/\\\/www.laguiadepamplona.com\\\/actualidad\\\/wp-content\\\/uploads\\\/2018\\\/11\\\/logo-laguiadepamplona18-web1.png\",\"contentUrl\":\"https:\\\/\\\/www.laguiadepamplona.com\\\/actualidad\\\/wp-content\\\/uploads\\\/2018\\\/11\\\/logo-laguiadepamplona18-web1.png\",\"width\":600,\"height\":196,\"caption\":\"La Gu\u00eda de Pamplona \\\/ Noticias\"},\"image\":{\"@id\":\"https:\\\/\\\/www.laguiadepamplona.com\\\/actualidad\\\/#\\\/schema\\\/logo\\\/image\\\/\"},\"sameAs\":[\"https:\\\/\\\/www.facebook.com\\\/laguiadepamplonacom-133175176762273\\\/?ref=hl\",\"https:\\\/\\\/x.com\\\/LaGuiadPamplona\",\"https:\\\/\\\/www.instagram.com\\\/la_guia_de_pamplona\\\/\",\"https:\\\/\\\/www.youtube.com\\\/user\\\/laguiadepamplona\"]},{\"@type\":\"Person\",\"@id\":\"https:\\\/\\\/www.laguiadepamplona.com\\\/actualidad\\\/#\\\/schema\\\/person\\\/efe887376f0213d4657c93adc50b1fdb\",\"name\":\"La Gu\u00eda de Pamplona\",\"image\":{\"@type\":\"ImageObject\",\"inLanguage\":\"es\",\"@id\":\"https:\\\/\\\/secure.gravatar.com\\\/avatar\\\/b6992f131dc8d30ab0dff15446e9d346d9dbd95992de0fef795073f5ea83a81c?s=96&d=mm&r=g\",\"url\":\"https:\\\/\\\/secure.gravatar.com\\\/avatar\\\/b6992f131dc8d30ab0dff15446e9d346d9dbd95992de0fef795073f5ea83a81c?s=96&d=mm&r=g\",\"contentUrl\":\"https:\\\/\\\/secure.gravatar.com\\\/avatar\\\/b6992f131dc8d30ab0dff15446e9d346d9dbd95992de0fef795073f5ea83a81c?s=96&d=mm&r=g\",\"caption\":\"La Gu\u00eda de Pamplona\"}}]}<\/script>\n<!-- \/ Yoast SEO plugin. -->","yoast_head_json":{"title":"\u2018Pamplona Capital Mundial de la Pelota\u2019 se presenta este mi\u00e9rcoles en la feria de turismo profesional FITUR en Madrid","description":"El Consistorio dar\u00e1 a conocer a nivel nacional e internacional esta iniciativa, que cuenta con 2,3 millones de euros del programa europeo POCTEFA","robots":{"index":"index","follow":"follow","max-snippet":"max-snippet:-1","max-image-preview":"max-image-preview:large","max-video-preview":"max-video-preview:-1"},"canonical":"https:\/\/www.laguiadepamplona.com\/actualidad\/pamplona-capital-mundial-de-la-pelota-se-presenta-este-miercoles-en-la-feria-de-turismo-profesional-fitur-en-madrid\/","og_locale":"es_ES","og_type":"article","og_title":"\u2018Pamplona Capital Mundial de la Pelota\u2019 se presenta este mi\u00e9rcoles en la feria de turismo profesional FITUR en Madrid","og_description":"El Consistorio dar\u00e1 a conocer a nivel nacional e internacional esta iniciativa, que cuenta con 2,3 millones de euros del programa europeo POCTEFA","og_url":"https:\/\/www.laguiadepamplona.com\/actualidad\/pamplona-capital-mundial-de-la-pelota-se-presenta-este-miercoles-en-la-feria-de-turismo-profesional-fitur-en-madrid\/","og_site_name":"La Gu\u00eda de Pamplona","article_publisher":"https:\/\/www.facebook.com\/laguiadepamplonacom-133175176762273\/?ref=hl","article_published_time":"2024-01-23T11:49:29+00:00","og_image":[{"width":1200,"height":900,"url":"https:\/\/www.laguiadepamplona.com\/actualidad\/wp-content\/uploads\/2024\/01\/pelota.webp","type":"image\/webp"}],"author":"La Gu\u00eda de Pamplona","twitter_card":"summary_large_image","twitter_creator":"@LaGuiadPamplona","twitter_site":"@LaGuiadPamplona","twitter_misc":{"Escrito por":"La Gu\u00eda de Pamplona","Tiempo de lectura":"3 minutos"},"schema":{"@context":"https:\/\/schema.org","@graph":[{"@type":"Article","@id":"https:\/\/www.laguiadepamplona.com\/actualidad\/pamplona-capital-mundial-de-la-pelota-se-presenta-este-miercoles-en-la-feria-de-turismo-profesional-fitur-en-madrid\/#article","isPartOf":{"@id":"https:\/\/www.laguiadepamplona.com\/actualidad\/pamplona-capital-mundial-de-la-pelota-se-presenta-este-miercoles-en-la-feria-de-turismo-profesional-fitur-en-madrid\/"},"author":{"name":"La Gu\u00eda de Pamplona","@id":"https:\/\/www.laguiadepamplona.com\/actualidad\/#\/schema\/person\/efe887376f0213d4657c93adc50b1fdb"},"headline":"\u2018Pamplona Capital Mundial de la Pelota\u2019 se presenta este mi\u00e9rcoles en la feria de turismo profesional FITUR en Madrid","datePublished":"2024-01-23T11:49:29+00:00","mainEntityOfPage":{"@id":"https:\/\/www.laguiadepamplona.com\/actualidad\/pamplona-capital-mundial-de-la-pelota-se-presenta-este-miercoles-en-la-feria-de-turismo-profesional-fitur-en-madrid\/"},"wordCount":657,"commentCount":0,"publisher":{"@id":"https:\/\/www.laguiadepamplona.com\/actualidad\/#organization"},"image":{"@id":"https:\/\/www.laguiadepamplona.com\/actualidad\/pamplona-capital-mundial-de-la-pelota-se-presenta-este-miercoles-en-la-feria-de-turismo-profesional-fitur-en-madrid\/#primaryimage"},"thumbnailUrl":"https:\/\/www.laguiadepamplona.com\/actualidad\/wp-content\/uploads\/2024\/01\/pelota.webp","articleSection":["Ayto Pamplona"],"inLanguage":"es","potentialAction":[{"@type":"CommentAction","name":"Comment","target":["https:\/\/www.laguiadepamplona.com\/actualidad\/pamplona-capital-mundial-de-la-pelota-se-presenta-este-miercoles-en-la-feria-de-turismo-profesional-fitur-en-madrid\/#respond"]}]},{"@type":"WebPage","@id":"https:\/\/www.laguiadepamplona.com\/actualidad\/pamplona-capital-mundial-de-la-pelota-se-presenta-este-miercoles-en-la-feria-de-turismo-profesional-fitur-en-madrid\/","url":"https:\/\/www.laguiadepamplona.com\/actualidad\/pamplona-capital-mundial-de-la-pelota-se-presenta-este-miercoles-en-la-feria-de-turismo-profesional-fitur-en-madrid\/","name":"\u2018Pamplona Capital Mundial de la Pelota\u2019 se presenta este mi\u00e9rcoles en la feria de turismo profesional FITUR en Madrid","isPartOf":{"@id":"https:\/\/www.laguiadepamplona.com\/actualidad\/#website"},"primaryImageOfPage":{"@id":"https:\/\/www.laguiadepamplona.com\/actualidad\/pamplona-capital-mundial-de-la-pelota-se-presenta-este-miercoles-en-la-feria-de-turismo-profesional-fitur-en-madrid\/#primaryimage"},"image":{"@id":"https:\/\/www.laguiadepamplona.com\/actualidad\/pamplona-capital-mundial-de-la-pelota-se-presenta-este-miercoles-en-la-feria-de-turismo-profesional-fitur-en-madrid\/#primaryimage"},"thumbnailUrl":"https:\/\/www.laguiadepamplona.com\/actualidad\/wp-content\/uploads\/2024\/01\/pelota.webp","datePublished":"2024-01-23T11:49:29+00:00","description":"El Consistorio dar\u00e1 a conocer a nivel nacional e internacional esta iniciativa, que cuenta con 2,3 millones de euros del programa europeo POCTEFA","breadcrumb":{"@id":"https:\/\/www.laguiadepamplona.com\/actualidad\/pamplona-capital-mundial-de-la-pelota-se-presenta-este-miercoles-en-la-feria-de-turismo-profesional-fitur-en-madrid\/#breadcrumb"},"inLanguage":"es","potentialAction":[{"@type":"ReadAction","target":["https:\/\/www.laguiadepamplona.com\/actualidad\/pamplona-capital-mundial-de-la-pelota-se-presenta-este-miercoles-en-la-feria-de-turismo-profesional-fitur-en-madrid\/"]}]},{"@type":"ImageObject","inLanguage":"es","@id":"https:\/\/www.laguiadepamplona.com\/actualidad\/pamplona-capital-mundial-de-la-pelota-se-presenta-este-miercoles-en-la-feria-de-turismo-profesional-fitur-en-madrid\/#primaryimage","url":"https:\/\/www.laguiadepamplona.com\/actualidad\/wp-content\/uploads\/2024\/01\/pelota.webp","contentUrl":"https:\/\/www.laguiadepamplona.com\/actualidad\/wp-content\/uploads\/2024\/01\/pelota.webp","width":1200,"height":900},{"@type":"BreadcrumbList","@id":"https:\/\/www.laguiadepamplona.com\/actualidad\/pamplona-capital-mundial-de-la-pelota-se-presenta-este-miercoles-en-la-feria-de-turismo-profesional-fitur-en-madrid\/#breadcrumb","itemListElement":[{"@type":"ListItem","position":1,"name":"Portada","item":"https:\/\/www.laguiadepamplona.com\/actualidad\/"},{"@type":"ListItem","position":2,"name":"\u2018Pamplona Capital Mundial de la Pelota\u2019 se presenta este mi\u00e9rcoles en la feria de turismo profesional FITUR en Madrid"}]},{"@type":"WebSite","@id":"https:\/\/www.laguiadepamplona.com\/actualidad\/#website","url":"https:\/\/www.laguiadepamplona.com\/actualidad\/","name":"La gu\u00eda de Pamplona","description":"Noticias de Pamplona","publisher":{"@id":"https:\/\/www.laguiadepamplona.com\/actualidad\/#organization"},"potentialAction":[{"@type":"SearchAction","target":{"@type":"EntryPoint","urlTemplate":"https:\/\/www.laguiadepamplona.com\/actualidad\/?s={search_term_string}"},"query-input":{"@type":"PropertyValueSpecification","valueRequired":true,"valueName":"search_term_string"}}],"inLanguage":"es"},{"@type":"Organization","@id":"https:\/\/www.laguiadepamplona.com\/actualidad\/#organization","name":"La Gu\u00eda de Pamplona \/ Noticias","url":"https:\/\/www.laguiadepamplona.com\/actualidad\/","logo":{"@type":"ImageObject","inLanguage":"es","@id":"https:\/\/www.laguiadepamplona.com\/actualidad\/#\/schema\/logo\/image\/","url":"https:\/\/www.laguiadepamplona.com\/actualidad\/wp-content\/uploads\/2018\/11\/logo-laguiadepamplona18-web1.png","contentUrl":"https:\/\/www.laguiadepamplona.com\/actualidad\/wp-content\/uploads\/2018\/11\/logo-laguiadepamplona18-web1.png","width":600,"height":196,"caption":"La Gu\u00eda de Pamplona \/ Noticias"},"image":{"@id":"https:\/\/www.laguiadepamplona.com\/actualidad\/#\/schema\/logo\/image\/"},"sameAs":["https:\/\/www.facebook.com\/laguiadepamplonacom-133175176762273\/?ref=hl","https:\/\/x.com\/LaGuiadPamplona","https:\/\/www.instagram.com\/la_guia_de_pamplona\/","https:\/\/www.youtube.com\/user\/laguiadepamplona"]},{"@type":"Person","@id":"https:\/\/www.laguiadepamplona.com\/actualidad\/#\/schema\/person\/efe887376f0213d4657c93adc50b1fdb","name":"La Gu\u00eda de Pamplona","image":{"@type":"ImageObject","inLanguage":"es","@id":"https:\/\/secure.gravatar.com\/avatar\/b6992f131dc8d30ab0dff15446e9d346d9dbd95992de0fef795073f5ea83a81c?s=96&d=mm&r=g","url":"https:\/\/secure.gravatar.com\/avatar\/b6992f131dc8d30ab0dff15446e9d346d9dbd95992de0fef795073f5ea83a81c?s=96&d=mm&r=g","contentUrl":"https:\/\/secure.gravatar.com\/avatar\/b6992f131dc8d30ab0dff15446e9d346d9dbd95992de0fef795073f5ea83a81c?s=96&d=mm&r=g","caption":"La Gu\u00eda de Pamplona"}}]}},"post_mailing_queue_ids":[],"_links":{"self":[{"href":"https:\/\/www.laguiadepamplona.com\/actualidad\/wp-json\/wp\/v2\/posts\/48516","targetHints":{"allow":["GET"]}}],"collection":[{"href":"https:\/\/www.laguiadepamplona.com\/actualidad\/wp-json\/wp\/v2\/posts"}],"about":[{"href":"https:\/\/www.laguiadepamplona.com\/actualidad\/wp-json\/wp\/v2\/types\/post"}],"author":[{"embeddable":true,"href":"https:\/\/www.laguiadepamplona.com\/actualidad\/wp-json\/wp\/v2\/users\/1"}],"replies":[{"embeddable":true,"href":"https:\/\/www.laguiadepamplona.com\/actualidad\/wp-json\/wp\/v2\/comments?post=48516"}],"version-history":[{"count":1,"href":"https:\/\/www.laguiadepamplona.com\/actualidad\/wp-json\/wp\/v2\/posts\/48516\/revisions"}],"predecessor-version":[{"id":48518,"href":"https:\/\/www.laguiadepamplona.com\/actualidad\/wp-json\/wp\/v2\/posts\/48516\/revisions\/48518"}],"wp:featuredmedia":[{"embeddable":true,"href":"https:\/\/www.laguiadepamplona.com\/actualidad\/wp-json\/wp\/v2\/media\/48517"}],"wp:attachment":[{"href":"https:\/\/www.laguiadepamplona.com\/actualidad\/wp-json\/wp\/v2\/media?parent=48516"}],"wp:term":[{"taxonomy":"category","embeddable":true,"href":"https:\/\/www.laguiadepamplona.com\/actualidad\/wp-json\/wp\/v2\/categories?post=48516"},{"taxonomy":"post_tag","embeddable":true,"href":"https:\/\/www.laguiadepamplona.com\/actualidad\/wp-json\/wp\/v2\/tags?post=48516"}],"curies":[{"name":"wp","href":"https:\/\/api.w.org\/{rel}","templated":true}]}}