{"id":48508,"date":"2024-01-22T19:05:20","date_gmt":"2024-01-22T17:05:20","guid":{"rendered":"https:\/\/www.laguiadepamplona.com\/actualidad\/?p=48508"},"modified":"2024-01-22T19:05:20","modified_gmt":"2024-01-22T17:05:20","slug":"abiertas-hasta-el-28-de-enero-las-inscripciones-para-los-talleres-infantiles-y-familiares-de-la-red-civivox-de-febrero-y-marzo","status":"publish","type":"post","link":"https:\/\/www.laguiadepamplona.com\/actualidad\/abiertas-hasta-el-28-de-enero-las-inscripciones-para-los-talleres-infantiles-y-familiares-de-la-red-civivox-de-febrero-y-marzo\/","title":{"rendered":"Abiertas hasta el 28 de enero las inscripciones para los talleres infantiles y familiares de la red Civivox de febrero y marzo"},"content":{"rendered":"<h2>Se han programado 26 talleres, cuyas plazas se otorgar\u00e1n por sorteo entre todas las personas inscritas<\/h2>\n<p><!--more--><\/p>\n<p>El Ayuntamiento de Pamplona ha programado para los meses de febrero y marzo un total de 26 talleres dirigidos al p\u00fablico infantil y familiar, que se desarrollar\u00e1n en los distintos Civivox de la ciudad. Entre las actividades organizadas destacan el ciclo \u2018Piececitos manchados, manitas pintoras\u2019, talleres creativos y art\u00edsticos en familia, arte sensorial y arte colaborativo entre abuelos y nietos. Las personas interesadas pueden inscribirse en las distintas actividades hasta el 28 de enero, a trav\u00e9s del tel\u00e9fono de atenci\u00f3n ciudadana 010, de la p\u00e1gina web <a href=\"http:\/\/www.pamplonaescultura.es\" target=\"_blank\" rel=\"noopener\">www.pamplonaescultura.es<\/a> y de forma presencial en los distintos Civivox. Las plazas se adjudicar\u00e1n por sorteo, el d\u00eda 29, entre todas las personas inscritas.<br \/>\n<script async src=\"\/\/pagead2.googlesyndication.com\/pagead\/js\/adsbygoogle.js\"><\/script><br \/>\n<!-- Noticias La Guia de Pamplona --><br \/>\n<ins class=\"adsbygoogle\"\nstyle=\"display:block\"\ndata-ad-client=\"ca-pub-6943679897239327\"\ndata-ad-slot=\"7048180777\"\ndata-ad-format=\"auto\"><\/ins><br \/>\n<script>\n(adsbygoogle = window.adsbygoogle || []).push({});\n<\/script><\/p>\n<p>La programaci\u00f3n, que arrancar\u00e1 el 2 de febrero, se inscribe dentro de distintos ciclos y programas, que se centran en el desarrollo de la creatividad entre los m\u00e1s peque\u00f1os. Los talleres, que tienen plazas limitadas, tienen un coste de entre 2 y 4 euros, en funci\u00f3n de la actividad y est\u00e1n pensados para ni\u00f1os y ni\u00f1as desde los 12 meses hasta los 12 a\u00f1os. En algunos de ellos, es necesario que los menores acudan acompa\u00f1ados por una persona adulta. Las actividades se ofrecer\u00e1n en Civivox Mendillorri, Ensanche, Iturrama, Jus la Rocha, Condestable, San Jorge y Milagrosa.<\/p>\n<p>Dentro del ciclo \u2018Piececitos Manchados, Manitas Pintoras\u2019, se han organizado dos talleres, uno para ni\u00f1os y ni\u00f1as de 12 a 18 meses y otro de 18 a 24 meses. Adem\u00e1s, se han organizado talleres de arcilla polim\u00e9rica, de pintura, de t\u00edteres, de creaci\u00f3n de pop-up, de m\u00e1scaras de carnaval y de huevos de Pascua y de slime, entre otros. Adem\u00e1s, Civivox Iturrama acoge dos actividades intergeneracionales de abuelos con nietos, en los que compartir habilidades y experiencias, fomentando la interacci\u00f3n y la relaci\u00f3n entre ambos. Tambi\u00e9n el festival Punto de Vista cuenta con un taller especialmente dirigido a la infancia, en el que se explorar\u00e1n las posibilidades de la luz, filmando peque\u00f1as escenas de destellos, reflejos o sombras.<br \/>\n<script async src=\"\/\/pagead2.googlesyndication.com\/pagead\/js\/adsbygoogle.js\"><\/script><br \/>\n<!-- Noticias La Guia de Pamplona --><br \/>\n<ins class=\"adsbygoogle\"\nstyle=\"display:block\"\ndata-ad-client=\"ca-pub-6943679897239327\"\ndata-ad-slot=\"7048180777\"\ndata-ad-format=\"auto\"><\/ins><br \/>\n<script>\n(adsbygoogle = window.adsbygoogle || []).push({});\n<\/script><\/p>\n<p>&nbsp;<\/p>\n<h3>Talleres Infantiles y Familiares en Civivox<\/h3>\n<ul>\n<li><strong>Piececitos Manchados, Manitas Pintoras<\/strong> (Civivox Mendillorri)\n<ul>\n<li><em>Nubecillas azucaradas para jugar<\/em>. 3 de febrero. De 11 a 11.45 horas horas. Edad: de 12 a 18 meses, acompa\u00f1ados de una persona adulta. Precio: 4 euros.<\/li>\n<li><em>Goteo de colores<\/em>. 2 de marzo. De 11 a 11.45 horas. Edad: de 18 a 24 meses, acompa\u00f1ados de una persona adulta. Precio: 4 euros.<\/li>\n<\/ul>\n<\/li>\n<li><strong>Creaci\u00f3n de minimundos en familia. Juego y arte en la primera infancia <\/strong>(Civivox Mendillorri)\n<ul>\n<li><em>Colonia de hormigas<\/em>. 10 de febrero. De 11 a 12 horas. Edad: de 4 a 6 a\u00f1os, acompa\u00f1ados de una persona adulta. Precio: 4 euros.<\/li>\n<li><em>Jard\u00edn de pascua<\/em>. 16 de marzo. De 11 a 12 horas. Edad: de 4 a 6 a\u00f1os, acompa\u00f1ados de una persona adulta. Precio: 4 euros.<\/li>\n<\/ul>\n<\/li>\n<li><strong>Creando y modelando con arcilla polim\u00e9rica en familia<\/strong> (Civivox Ensanche)\n<ul>\n<li><em>Joyas de ne\u00f3n<\/em>. 23 de febrero. De 17.30 a 19.30 horas. Edad: de 6 a 12 a\u00f1os, acompa\u00f1ados de una persona adulta. Precio: 4 euros.<\/li>\n<li><em>Modelando el mar<\/em>. 22 de marzo. De 17.30 a 19.30 horas. Edad: de 3 a 6 a\u00f1os, acompa\u00f1ados de una persona adulta. Precio 4 euros.<\/li>\n<\/ul>\n<\/li>\n<li><strong>Talleres creativos en familia<\/strong> (Civivox Iturrama)\n<ul>\n<li><em>Stencils<\/em>. 3 de febrero en euskera y 17 de febrero en castellano. De 11 a 13 horas. Edad: de 6 a 11 a\u00f1os, acompa\u00f1ados de una persona adulta. Precio: 4 euros.<\/li>\n<li><em>Cactus de tela<\/em>. 2 de marzo en euskera y 16 de marzo en castellano. De 11 a 13 horas. Edad: de 6 a 11 a\u00f1os, acompa\u00f1ados de una persona adulta. Precio: 4 euros.<\/li>\n<\/ul>\n<\/li>\n<li><strong>Laboratorio art\u00edstico en familia. \u00c1lbumes ilustrados<\/strong> (Civivox Jus la Rocha)\n<ul>\n<li><em>Pop-up: pliega, recorta, pinta y pega<\/em>. El 24 de febrero. De 11 a 12.45 horas. Edad: de 5 a 10 a\u00f1os, acompa\u00f1ados de una persona adulta. Precio: 4 euros.<\/li>\n<li><em>Laboratorio luz y color<\/em>. El 23 de marzo en euskera. De 11 a 12.45 horas. Edad: de 5 a 10 a\u00f1os, acompa\u00f1ados de una persona adulta. Precio: 4 euros.<\/li>\n<\/ul>\n<\/li>\n<li><strong>Arte sensorial para hermanos en familia<\/strong> (Civivox Mendillorri)\n<ul>\n<li><em>M\u00e1scaras gatunas de carnaval<\/em>. 2 de febrero. De 17.30 a 18.30 horas. Edad: de 2 a 6 a\u00f1os, acompa\u00f1ados de una persona adulta. Precio: 5 euros.<\/li>\n<li><em>Estrellas fugaces<\/em>. 23 de febrero. De 17.30 a 18.30 horas. Edad: de 2 a 6 a\u00f1os, acompa\u00f1ados de una persona adulta. Precio: 5 euros.<\/li>\n<li><em>Astronautas<\/em>. 1 de marzo. De 17.30 a 18.30 horas. Edad: de 2 a 6 a\u00f1os, acompa\u00f1ados de una persona adulta. Precio: 5 euros.<\/li>\n<li><em>Pascua<\/em>. 8 de marzo. De 17.30 a 18.30 horas. Edad: de 2 a 6 a\u00f1os, acompa\u00f1ados de una persona adulta. Precio: 5 euros.<\/li>\n<\/ul>\n<\/li>\n<li><strong>Espacio creativo infantil \u2018Rosa Tokyo\u2019<\/strong> (Civivox Condestable)\n<ul>\n<li><em>Fauna fosforescente<\/em>. 10 de febrero. De 17.30 a 19 horas. Edad: de 6 a 11 a\u00f1os. Precio: 2 euros.<\/li>\n<li><em>Slime<\/em>. 9 de marzo en euskera. De 17.30 a 19 horas. Edad: de 6 a 11 a\u00f1os. Precio: 2 euros.<\/li>\n<\/ul>\n<\/li>\n<li><strong>Espacio creativo infantil \u2018Verde Bali\u2019<\/strong> (Civivox San Jorge)\n<ul>\n<li><em>Egurrezko akuariuma<\/em>. 24 de febrero en euskera. De 17.30 a 19 horas. Edad: de 6 a 11 a\u00f1os. Precio: 2 euros.<\/li>\n<li><em>Arco\u00edris de escayola<\/em>. 16 de marzo. De 17.30 a 19 horas. Edad: de 6 a 11 a\u00f1os. Precio: 2 euros.<\/li>\n<\/ul>\n<\/li>\n<li><strong>Creando y modelando con arcilla polim\u00e9rica<\/strong> (Civivox Milagrosa)\n<ul>\n<li><em>Mundo extraterrestre<\/em>. 9 de febrero. De 17.30 a 19.30 horas. Edad: de 6 a 12 a\u00f1os. Precio: 2 euros.<\/li>\n<li><em>Collares luminosos<\/em>. 15 de marzo. De 17.30 a 19.30 horas. Edad: de 6 a 12 a\u00f1os. Precio: 2 euros.<\/li>\n<\/ul>\n<\/li>\n<li><strong>Ra\u00edces y sue\u00f1os. Abuelos y nietos juntos por el arte<\/strong> (Civivox Iturrama)\n<ul>\n<li><em>Hogares de papel<\/em>. 9 de febrero. De 17.30 a 19 horas. Edad: de 4 a 7 a\u00f1os acompa\u00f1ados de una persona adulta. Precio: 4 euros.<\/li>\n<li><em>Con mi abuelito hasta el infinito y m\u00e1s all\u00e1<\/em>. 15 de marzo. De 17.30 a 19 horas. Edad: de 4 a 7 a\u00f1os acompa\u00f1ados de una persona adulta. Precio: 4 euros.<\/li>\n<\/ul>\n<\/li>\n<li><strong>Talleres de t\u00edteres.<\/strong> El 16 de marzo. De 11 a 13 horas en Civivox Ensanche y de 17.30 a 19.30 horas en Civivox Milagrosa. Edades: de 5 a 10 a\u00f1os, en compa\u00f1\u00eda de una persona adulta. Precio: 4 euros.<\/li>\n<li><strong>Taller infantil \u2018Filmar la luz, filmar la vida\u2019<\/strong>, dentro del festival Punto de Vista. Civivox Mendillorri. 15 de marzo, de 17.30 a 19.30 horas. Edad: de 6 a 12 a\u00f1os. Precio: 2 euros.<\/li>\n<\/ul>\n","protected":false},"excerpt":{"rendered":"<p>Se han programado 26 talleres, cuyas plazas se otorgar\u00e1n por sorteo entre todas las personas inscritas<\/p>\n","protected":false},"author":1,"featured_media":48509,"comment_status":"open","ping_status":"closed","sticky":false,"template":"","format":"standard","meta":{"footnotes":""},"categories":[2],"tags":[],"class_list":["post-48508","post","type-post","status-publish","format-standard","has-post-thumbnail","hentry","category-ayuntamiento-pamplona"],"yoast_head":"<!-- This site is optimized with the Yoast SEO plugin v27.3 - https:\/\/yoast.com\/product\/yoast-seo-wordpress\/ -->\n<title>Abiertas hasta el 28 de enero las inscripciones para los talleres infantiles y familiares de la red Civivox de febrero y marzo<\/title>\n<meta name=\"description\" content=\"Se han programado 26 talleres, cuyas plazas se otorgar\u00e1n por sorteo entre todas las personas inscritas\" \/>\n<meta name=\"robots\" content=\"index, follow, max-snippet:-1, max-image-preview:large, max-video-preview:-1\" \/>\n<link rel=\"canonical\" href=\"https:\/\/www.laguiadepamplona.com\/actualidad\/abiertas-hasta-el-28-de-enero-las-inscripciones-para-los-talleres-infantiles-y-familiares-de-la-red-civivox-de-febrero-y-marzo\/\" \/>\n<meta property=\"og:locale\" content=\"es_ES\" \/>\n<meta property=\"og:type\" content=\"article\" \/>\n<meta property=\"og:title\" content=\"Abiertas hasta el 28 de enero las inscripciones para los talleres infantiles y familiares de la red Civivox de febrero y marzo\" \/>\n<meta property=\"og:description\" content=\"Se han programado 26 talleres, cuyas plazas se otorgar\u00e1n por sorteo entre todas las personas inscritas\" \/>\n<meta property=\"og:url\" content=\"https:\/\/www.laguiadepamplona.com\/actualidad\/abiertas-hasta-el-28-de-enero-las-inscripciones-para-los-talleres-infantiles-y-familiares-de-la-red-civivox-de-febrero-y-marzo\/\" \/>\n<meta property=\"og:site_name\" content=\"La Gu\u00eda de Pamplona\" \/>\n<meta property=\"article:publisher\" content=\"https:\/\/www.facebook.com\/laguiadepamplonacom-133175176762273\/?ref=hl\" \/>\n<meta property=\"article:published_time\" content=\"2024-01-22T17:05:20+00:00\" \/>\n<meta property=\"og:image\" content=\"https:\/\/www.laguiadepamplona.com\/actualidad\/wp-content\/uploads\/2024\/01\/talleres-infantiles-civivox.jpg\" \/>\n\t<meta property=\"og:image:width\" content=\"870\" \/>\n\t<meta property=\"og:image:height\" content=\"480\" \/>\n\t<meta property=\"og:image:type\" content=\"image\/jpeg\" \/>\n<meta name=\"author\" content=\"La Gu\u00eda de Pamplona\" \/>\n<meta name=\"twitter:card\" content=\"summary_large_image\" \/>\n<meta name=\"twitter:creator\" content=\"@LaGuiadPamplona\" \/>\n<meta name=\"twitter:site\" content=\"@LaGuiadPamplona\" \/>\n<meta name=\"twitter:label1\" content=\"Escrito por\" \/>\n\t<meta name=\"twitter:data1\" content=\"La Gu\u00eda de Pamplona\" \/>\n\t<meta name=\"twitter:label2\" content=\"Tiempo de lectura\" \/>\n\t<meta name=\"twitter:data2\" content=\"6 minutos\" \/>\n<script type=\"application\/ld+json\" class=\"yoast-schema-graph\">{\"@context\":\"https:\\\/\\\/schema.org\",\"@graph\":[{\"@type\":\"Article\",\"@id\":\"https:\\\/\\\/www.laguiadepamplona.com\\\/actualidad\\\/abiertas-hasta-el-28-de-enero-las-inscripciones-para-los-talleres-infantiles-y-familiares-de-la-red-civivox-de-febrero-y-marzo\\\/#article\",\"isPartOf\":{\"@id\":\"https:\\\/\\\/www.laguiadepamplona.com\\\/actualidad\\\/abiertas-hasta-el-28-de-enero-las-inscripciones-para-los-talleres-infantiles-y-familiares-de-la-red-civivox-de-febrero-y-marzo\\\/\"},\"author\":{\"name\":\"La Gu\u00eda de Pamplona\",\"@id\":\"https:\\\/\\\/www.laguiadepamplona.com\\\/actualidad\\\/#\\\/schema\\\/person\\\/efe887376f0213d4657c93adc50b1fdb\"},\"headline\":\"Abiertas hasta el 28 de enero las inscripciones para los talleres infantiles y familiares de la red Civivox de febrero y marzo\",\"datePublished\":\"2024-01-22T17:05:20+00:00\",\"mainEntityOfPage\":{\"@id\":\"https:\\\/\\\/www.laguiadepamplona.com\\\/actualidad\\\/abiertas-hasta-el-28-de-enero-las-inscripciones-para-los-talleres-infantiles-y-familiares-de-la-red-civivox-de-febrero-y-marzo\\\/\"},\"wordCount\":996,\"commentCount\":0,\"publisher\":{\"@id\":\"https:\\\/\\\/www.laguiadepamplona.com\\\/actualidad\\\/#organization\"},\"image\":{\"@id\":\"https:\\\/\\\/www.laguiadepamplona.com\\\/actualidad\\\/abiertas-hasta-el-28-de-enero-las-inscripciones-para-los-talleres-infantiles-y-familiares-de-la-red-civivox-de-febrero-y-marzo\\\/#primaryimage\"},\"thumbnailUrl\":\"https:\\\/\\\/www.laguiadepamplona.com\\\/actualidad\\\/wp-content\\\/uploads\\\/2024\\\/01\\\/talleres-infantiles-civivox.jpg\",\"articleSection\":[\"Ayto Pamplona\"],\"inLanguage\":\"es\",\"potentialAction\":[{\"@type\":\"CommentAction\",\"name\":\"Comment\",\"target\":[\"https:\\\/\\\/www.laguiadepamplona.com\\\/actualidad\\\/abiertas-hasta-el-28-de-enero-las-inscripciones-para-los-talleres-infantiles-y-familiares-de-la-red-civivox-de-febrero-y-marzo\\\/#respond\"]}]},{\"@type\":\"WebPage\",\"@id\":\"https:\\\/\\\/www.laguiadepamplona.com\\\/actualidad\\\/abiertas-hasta-el-28-de-enero-las-inscripciones-para-los-talleres-infantiles-y-familiares-de-la-red-civivox-de-febrero-y-marzo\\\/\",\"url\":\"https:\\\/\\\/www.laguiadepamplona.com\\\/actualidad\\\/abiertas-hasta-el-28-de-enero-las-inscripciones-para-los-talleres-infantiles-y-familiares-de-la-red-civivox-de-febrero-y-marzo\\\/\",\"name\":\"Abiertas hasta el 28 de enero las inscripciones para los talleres infantiles y familiares de la red Civivox de febrero y marzo\",\"isPartOf\":{\"@id\":\"https:\\\/\\\/www.laguiadepamplona.com\\\/actualidad\\\/#website\"},\"primaryImageOfPage\":{\"@id\":\"https:\\\/\\\/www.laguiadepamplona.com\\\/actualidad\\\/abiertas-hasta-el-28-de-enero-las-inscripciones-para-los-talleres-infantiles-y-familiares-de-la-red-civivox-de-febrero-y-marzo\\\/#primaryimage\"},\"image\":{\"@id\":\"https:\\\/\\\/www.laguiadepamplona.com\\\/actualidad\\\/abiertas-hasta-el-28-de-enero-las-inscripciones-para-los-talleres-infantiles-y-familiares-de-la-red-civivox-de-febrero-y-marzo\\\/#primaryimage\"},\"thumbnailUrl\":\"https:\\\/\\\/www.laguiadepamplona.com\\\/actualidad\\\/wp-content\\\/uploads\\\/2024\\\/01\\\/talleres-infantiles-civivox.jpg\",\"datePublished\":\"2024-01-22T17:05:20+00:00\",\"description\":\"Se han programado 26 talleres, cuyas plazas se otorgar\u00e1n por sorteo entre todas las personas inscritas\",\"breadcrumb\":{\"@id\":\"https:\\\/\\\/www.laguiadepamplona.com\\\/actualidad\\\/abiertas-hasta-el-28-de-enero-las-inscripciones-para-los-talleres-infantiles-y-familiares-de-la-red-civivox-de-febrero-y-marzo\\\/#breadcrumb\"},\"inLanguage\":\"es\",\"potentialAction\":[{\"@type\":\"ReadAction\",\"target\":[\"https:\\\/\\\/www.laguiadepamplona.com\\\/actualidad\\\/abiertas-hasta-el-28-de-enero-las-inscripciones-para-los-talleres-infantiles-y-familiares-de-la-red-civivox-de-febrero-y-marzo\\\/\"]}]},{\"@type\":\"ImageObject\",\"inLanguage\":\"es\",\"@id\":\"https:\\\/\\\/www.laguiadepamplona.com\\\/actualidad\\\/abiertas-hasta-el-28-de-enero-las-inscripciones-para-los-talleres-infantiles-y-familiares-de-la-red-civivox-de-febrero-y-marzo\\\/#primaryimage\",\"url\":\"https:\\\/\\\/www.laguiadepamplona.com\\\/actualidad\\\/wp-content\\\/uploads\\\/2024\\\/01\\\/talleres-infantiles-civivox.jpg\",\"contentUrl\":\"https:\\\/\\\/www.laguiadepamplona.com\\\/actualidad\\\/wp-content\\\/uploads\\\/2024\\\/01\\\/talleres-infantiles-civivox.jpg\",\"width\":870,\"height\":480,\"caption\":\"talleres infantiles civivox\"},{\"@type\":\"BreadcrumbList\",\"@id\":\"https:\\\/\\\/www.laguiadepamplona.com\\\/actualidad\\\/abiertas-hasta-el-28-de-enero-las-inscripciones-para-los-talleres-infantiles-y-familiares-de-la-red-civivox-de-febrero-y-marzo\\\/#breadcrumb\",\"itemListElement\":[{\"@type\":\"ListItem\",\"position\":1,\"name\":\"Portada\",\"item\":\"https:\\\/\\\/www.laguiadepamplona.com\\\/actualidad\\\/\"},{\"@type\":\"ListItem\",\"position\":2,\"name\":\"Abiertas hasta el 28 de enero las inscripciones para los talleres infantiles y familiares de la red Civivox de febrero y marzo\"}]},{\"@type\":\"WebSite\",\"@id\":\"https:\\\/\\\/www.laguiadepamplona.com\\\/actualidad\\\/#website\",\"url\":\"https:\\\/\\\/www.laguiadepamplona.com\\\/actualidad\\\/\",\"name\":\"La gu\u00eda de Pamplona\",\"description\":\"Noticias de Pamplona\",\"publisher\":{\"@id\":\"https:\\\/\\\/www.laguiadepamplona.com\\\/actualidad\\\/#organization\"},\"potentialAction\":[{\"@type\":\"SearchAction\",\"target\":{\"@type\":\"EntryPoint\",\"urlTemplate\":\"https:\\\/\\\/www.laguiadepamplona.com\\\/actualidad\\\/?s={search_term_string}\"},\"query-input\":{\"@type\":\"PropertyValueSpecification\",\"valueRequired\":true,\"valueName\":\"search_term_string\"}}],\"inLanguage\":\"es\"},{\"@type\":\"Organization\",\"@id\":\"https:\\\/\\\/www.laguiadepamplona.com\\\/actualidad\\\/#organization\",\"name\":\"La Gu\u00eda de Pamplona \\\/ Noticias\",\"url\":\"https:\\\/\\\/www.laguiadepamplona.com\\\/actualidad\\\/\",\"logo\":{\"@type\":\"ImageObject\",\"inLanguage\":\"es\",\"@id\":\"https:\\\/\\\/www.laguiadepamplona.com\\\/actualidad\\\/#\\\/schema\\\/logo\\\/image\\\/\",\"url\":\"https:\\\/\\\/www.laguiadepamplona.com\\\/actualidad\\\/wp-content\\\/uploads\\\/2018\\\/11\\\/logo-laguiadepamplona18-web1.png\",\"contentUrl\":\"https:\\\/\\\/www.laguiadepamplona.com\\\/actualidad\\\/wp-content\\\/uploads\\\/2018\\\/11\\\/logo-laguiadepamplona18-web1.png\",\"width\":600,\"height\":196,\"caption\":\"La Gu\u00eda de Pamplona \\\/ Noticias\"},\"image\":{\"@id\":\"https:\\\/\\\/www.laguiadepamplona.com\\\/actualidad\\\/#\\\/schema\\\/logo\\\/image\\\/\"},\"sameAs\":[\"https:\\\/\\\/www.facebook.com\\\/laguiadepamplonacom-133175176762273\\\/?ref=hl\",\"https:\\\/\\\/x.com\\\/LaGuiadPamplona\",\"https:\\\/\\\/www.instagram.com\\\/la_guia_de_pamplona\\\/\",\"https:\\\/\\\/www.youtube.com\\\/user\\\/laguiadepamplona\"]},{\"@type\":\"Person\",\"@id\":\"https:\\\/\\\/www.laguiadepamplona.com\\\/actualidad\\\/#\\\/schema\\\/person\\\/efe887376f0213d4657c93adc50b1fdb\",\"name\":\"La Gu\u00eda de Pamplona\",\"image\":{\"@type\":\"ImageObject\",\"inLanguage\":\"es\",\"@id\":\"https:\\\/\\\/secure.gravatar.com\\\/avatar\\\/b6992f131dc8d30ab0dff15446e9d346d9dbd95992de0fef795073f5ea83a81c?s=96&d=mm&r=g\",\"url\":\"https:\\\/\\\/secure.gravatar.com\\\/avatar\\\/b6992f131dc8d30ab0dff15446e9d346d9dbd95992de0fef795073f5ea83a81c?s=96&d=mm&r=g\",\"contentUrl\":\"https:\\\/\\\/secure.gravatar.com\\\/avatar\\\/b6992f131dc8d30ab0dff15446e9d346d9dbd95992de0fef795073f5ea83a81c?s=96&d=mm&r=g\",\"caption\":\"La Gu\u00eda de Pamplona\"}}]}<\/script>\n<!-- \/ Yoast SEO plugin. -->","yoast_head_json":{"title":"Abiertas hasta el 28 de enero las inscripciones para los talleres infantiles y familiares de la red Civivox de febrero y marzo","description":"Se han programado 26 talleres, cuyas plazas se otorgar\u00e1n por sorteo entre todas las personas inscritas","robots":{"index":"index","follow":"follow","max-snippet":"max-snippet:-1","max-image-preview":"max-image-preview:large","max-video-preview":"max-video-preview:-1"},"canonical":"https:\/\/www.laguiadepamplona.com\/actualidad\/abiertas-hasta-el-28-de-enero-las-inscripciones-para-los-talleres-infantiles-y-familiares-de-la-red-civivox-de-febrero-y-marzo\/","og_locale":"es_ES","og_type":"article","og_title":"Abiertas hasta el 28 de enero las inscripciones para los talleres infantiles y familiares de la red Civivox de febrero y marzo","og_description":"Se han programado 26 talleres, cuyas plazas se otorgar\u00e1n por sorteo entre todas las personas inscritas","og_url":"https:\/\/www.laguiadepamplona.com\/actualidad\/abiertas-hasta-el-28-de-enero-las-inscripciones-para-los-talleres-infantiles-y-familiares-de-la-red-civivox-de-febrero-y-marzo\/","og_site_name":"La Gu\u00eda de Pamplona","article_publisher":"https:\/\/www.facebook.com\/laguiadepamplonacom-133175176762273\/?ref=hl","article_published_time":"2024-01-22T17:05:20+00:00","og_image":[{"width":870,"height":480,"url":"https:\/\/www.laguiadepamplona.com\/actualidad\/wp-content\/uploads\/2024\/01\/talleres-infantiles-civivox.jpg","type":"image\/jpeg"}],"author":"La Gu\u00eda de Pamplona","twitter_card":"summary_large_image","twitter_creator":"@LaGuiadPamplona","twitter_site":"@LaGuiadPamplona","twitter_misc":{"Escrito por":"La Gu\u00eda de Pamplona","Tiempo de lectura":"6 minutos"},"schema":{"@context":"https:\/\/schema.org","@graph":[{"@type":"Article","@id":"https:\/\/www.laguiadepamplona.com\/actualidad\/abiertas-hasta-el-28-de-enero-las-inscripciones-para-los-talleres-infantiles-y-familiares-de-la-red-civivox-de-febrero-y-marzo\/#article","isPartOf":{"@id":"https:\/\/www.laguiadepamplona.com\/actualidad\/abiertas-hasta-el-28-de-enero-las-inscripciones-para-los-talleres-infantiles-y-familiares-de-la-red-civivox-de-febrero-y-marzo\/"},"author":{"name":"La Gu\u00eda de Pamplona","@id":"https:\/\/www.laguiadepamplona.com\/actualidad\/#\/schema\/person\/efe887376f0213d4657c93adc50b1fdb"},"headline":"Abiertas hasta el 28 de enero las inscripciones para los talleres infantiles y familiares de la red Civivox de febrero y marzo","datePublished":"2024-01-22T17:05:20+00:00","mainEntityOfPage":{"@id":"https:\/\/www.laguiadepamplona.com\/actualidad\/abiertas-hasta-el-28-de-enero-las-inscripciones-para-los-talleres-infantiles-y-familiares-de-la-red-civivox-de-febrero-y-marzo\/"},"wordCount":996,"commentCount":0,"publisher":{"@id":"https:\/\/www.laguiadepamplona.com\/actualidad\/#organization"},"image":{"@id":"https:\/\/www.laguiadepamplona.com\/actualidad\/abiertas-hasta-el-28-de-enero-las-inscripciones-para-los-talleres-infantiles-y-familiares-de-la-red-civivox-de-febrero-y-marzo\/#primaryimage"},"thumbnailUrl":"https:\/\/www.laguiadepamplona.com\/actualidad\/wp-content\/uploads\/2024\/01\/talleres-infantiles-civivox.jpg","articleSection":["Ayto Pamplona"],"inLanguage":"es","potentialAction":[{"@type":"CommentAction","name":"Comment","target":["https:\/\/www.laguiadepamplona.com\/actualidad\/abiertas-hasta-el-28-de-enero-las-inscripciones-para-los-talleres-infantiles-y-familiares-de-la-red-civivox-de-febrero-y-marzo\/#respond"]}]},{"@type":"WebPage","@id":"https:\/\/www.laguiadepamplona.com\/actualidad\/abiertas-hasta-el-28-de-enero-las-inscripciones-para-los-talleres-infantiles-y-familiares-de-la-red-civivox-de-febrero-y-marzo\/","url":"https:\/\/www.laguiadepamplona.com\/actualidad\/abiertas-hasta-el-28-de-enero-las-inscripciones-para-los-talleres-infantiles-y-familiares-de-la-red-civivox-de-febrero-y-marzo\/","name":"Abiertas hasta el 28 de enero las inscripciones para los talleres infantiles y familiares de la red Civivox de febrero y marzo","isPartOf":{"@id":"https:\/\/www.laguiadepamplona.com\/actualidad\/#website"},"primaryImageOfPage":{"@id":"https:\/\/www.laguiadepamplona.com\/actualidad\/abiertas-hasta-el-28-de-enero-las-inscripciones-para-los-talleres-infantiles-y-familiares-de-la-red-civivox-de-febrero-y-marzo\/#primaryimage"},"image":{"@id":"https:\/\/www.laguiadepamplona.com\/actualidad\/abiertas-hasta-el-28-de-enero-las-inscripciones-para-los-talleres-infantiles-y-familiares-de-la-red-civivox-de-febrero-y-marzo\/#primaryimage"},"thumbnailUrl":"https:\/\/www.laguiadepamplona.com\/actualidad\/wp-content\/uploads\/2024\/01\/talleres-infantiles-civivox.jpg","datePublished":"2024-01-22T17:05:20+00:00","description":"Se han programado 26 talleres, cuyas plazas se otorgar\u00e1n por sorteo entre todas las personas inscritas","breadcrumb":{"@id":"https:\/\/www.laguiadepamplona.com\/actualidad\/abiertas-hasta-el-28-de-enero-las-inscripciones-para-los-talleres-infantiles-y-familiares-de-la-red-civivox-de-febrero-y-marzo\/#breadcrumb"},"inLanguage":"es","potentialAction":[{"@type":"ReadAction","target":["https:\/\/www.laguiadepamplona.com\/actualidad\/abiertas-hasta-el-28-de-enero-las-inscripciones-para-los-talleres-infantiles-y-familiares-de-la-red-civivox-de-febrero-y-marzo\/"]}]},{"@type":"ImageObject","inLanguage":"es","@id":"https:\/\/www.laguiadepamplona.com\/actualidad\/abiertas-hasta-el-28-de-enero-las-inscripciones-para-los-talleres-infantiles-y-familiares-de-la-red-civivox-de-febrero-y-marzo\/#primaryimage","url":"https:\/\/www.laguiadepamplona.com\/actualidad\/wp-content\/uploads\/2024\/01\/talleres-infantiles-civivox.jpg","contentUrl":"https:\/\/www.laguiadepamplona.com\/actualidad\/wp-content\/uploads\/2024\/01\/talleres-infantiles-civivox.jpg","width":870,"height":480,"caption":"talleres infantiles civivox"},{"@type":"BreadcrumbList","@id":"https:\/\/www.laguiadepamplona.com\/actualidad\/abiertas-hasta-el-28-de-enero-las-inscripciones-para-los-talleres-infantiles-y-familiares-de-la-red-civivox-de-febrero-y-marzo\/#breadcrumb","itemListElement":[{"@type":"ListItem","position":1,"name":"Portada","item":"https:\/\/www.laguiadepamplona.com\/actualidad\/"},{"@type":"ListItem","position":2,"name":"Abiertas hasta el 28 de enero las inscripciones para los talleres infantiles y familiares de la red Civivox de febrero y marzo"}]},{"@type":"WebSite","@id":"https:\/\/www.laguiadepamplona.com\/actualidad\/#website","url":"https:\/\/www.laguiadepamplona.com\/actualidad\/","name":"La gu\u00eda de Pamplona","description":"Noticias de Pamplona","publisher":{"@id":"https:\/\/www.laguiadepamplona.com\/actualidad\/#organization"},"potentialAction":[{"@type":"SearchAction","target":{"@type":"EntryPoint","urlTemplate":"https:\/\/www.laguiadepamplona.com\/actualidad\/?s={search_term_string}"},"query-input":{"@type":"PropertyValueSpecification","valueRequired":true,"valueName":"search_term_string"}}],"inLanguage":"es"},{"@type":"Organization","@id":"https:\/\/www.laguiadepamplona.com\/actualidad\/#organization","name":"La Gu\u00eda de Pamplona \/ Noticias","url":"https:\/\/www.laguiadepamplona.com\/actualidad\/","logo":{"@type":"ImageObject","inLanguage":"es","@id":"https:\/\/www.laguiadepamplona.com\/actualidad\/#\/schema\/logo\/image\/","url":"https:\/\/www.laguiadepamplona.com\/actualidad\/wp-content\/uploads\/2018\/11\/logo-laguiadepamplona18-web1.png","contentUrl":"https:\/\/www.laguiadepamplona.com\/actualidad\/wp-content\/uploads\/2018\/11\/logo-laguiadepamplona18-web1.png","width":600,"height":196,"caption":"La Gu\u00eda de Pamplona \/ Noticias"},"image":{"@id":"https:\/\/www.laguiadepamplona.com\/actualidad\/#\/schema\/logo\/image\/"},"sameAs":["https:\/\/www.facebook.com\/laguiadepamplonacom-133175176762273\/?ref=hl","https:\/\/x.com\/LaGuiadPamplona","https:\/\/www.instagram.com\/la_guia_de_pamplona\/","https:\/\/www.youtube.com\/user\/laguiadepamplona"]},{"@type":"Person","@id":"https:\/\/www.laguiadepamplona.com\/actualidad\/#\/schema\/person\/efe887376f0213d4657c93adc50b1fdb","name":"La Gu\u00eda de Pamplona","image":{"@type":"ImageObject","inLanguage":"es","@id":"https:\/\/secure.gravatar.com\/avatar\/b6992f131dc8d30ab0dff15446e9d346d9dbd95992de0fef795073f5ea83a81c?s=96&d=mm&r=g","url":"https:\/\/secure.gravatar.com\/avatar\/b6992f131dc8d30ab0dff15446e9d346d9dbd95992de0fef795073f5ea83a81c?s=96&d=mm&r=g","contentUrl":"https:\/\/secure.gravatar.com\/avatar\/b6992f131dc8d30ab0dff15446e9d346d9dbd95992de0fef795073f5ea83a81c?s=96&d=mm&r=g","caption":"La Gu\u00eda de Pamplona"}}]}},"post_mailing_queue_ids":[],"_links":{"self":[{"href":"https:\/\/www.laguiadepamplona.com\/actualidad\/wp-json\/wp\/v2\/posts\/48508","targetHints":{"allow":["GET"]}}],"collection":[{"href":"https:\/\/www.laguiadepamplona.com\/actualidad\/wp-json\/wp\/v2\/posts"}],"about":[{"href":"https:\/\/www.laguiadepamplona.com\/actualidad\/wp-json\/wp\/v2\/types\/post"}],"author":[{"embeddable":true,"href":"https:\/\/www.laguiadepamplona.com\/actualidad\/wp-json\/wp\/v2\/users\/1"}],"replies":[{"embeddable":true,"href":"https:\/\/www.laguiadepamplona.com\/actualidad\/wp-json\/wp\/v2\/comments?post=48508"}],"version-history":[{"count":1,"href":"https:\/\/www.laguiadepamplona.com\/actualidad\/wp-json\/wp\/v2\/posts\/48508\/revisions"}],"predecessor-version":[{"id":48510,"href":"https:\/\/www.laguiadepamplona.com\/actualidad\/wp-json\/wp\/v2\/posts\/48508\/revisions\/48510"}],"wp:featuredmedia":[{"embeddable":true,"href":"https:\/\/www.laguiadepamplona.com\/actualidad\/wp-json\/wp\/v2\/media\/48509"}],"wp:attachment":[{"href":"https:\/\/www.laguiadepamplona.com\/actualidad\/wp-json\/wp\/v2\/media?parent=48508"}],"wp:term":[{"taxonomy":"category","embeddable":true,"href":"https:\/\/www.laguiadepamplona.com\/actualidad\/wp-json\/wp\/v2\/categories?post=48508"},{"taxonomy":"post_tag","embeddable":true,"href":"https:\/\/www.laguiadepamplona.com\/actualidad\/wp-json\/wp\/v2\/tags?post=48508"}],"curies":[{"name":"wp","href":"https:\/\/api.w.org\/{rel}","templated":true}]}}