{"id":48505,"date":"2024-01-22T19:02:27","date_gmt":"2024-01-22T17:02:27","guid":{"rendered":"https:\/\/www.laguiadepamplona.com\/actualidad\/?p=48505"},"modified":"2024-01-22T19:02:27","modified_gmt":"2024-01-22T17:02:27","slug":"nombradas-tres-nuevas-direcciones-de-areas-municipales-gobierno-estrategico-proyectos-y-hacienda","status":"publish","type":"post","link":"https:\/\/www.laguiadepamplona.com\/actualidad\/nombradas-tres-nuevas-direcciones-de-areas-municipales-gobierno-estrategico-proyectos-y-hacienda\/","title":{"rendered":"Nombradas tres nuevas direcciones de \u00e1reas municipales: Gobierno Estrat\u00e9gico, Proyectos y Hacienda"},"content":{"rendered":"<h2>Asimismo, la Junta de Gobierno ha designado responsables de la Agencia Energ\u00e9tica, el Servicio de Movilidad y Prevenci\u00f3n, Infancia y Familia<\/h2>\n<p><!--more--><\/p>\n<p><img loading=\"lazy\" decoding=\"async\" class=\"alignnone size-full wp-image-48506\" src=\"https:\/\/www.laguiadepamplona.com\/actualidad\/wp-content\/uploads\/2024\/01\/directores.webp\" alt=\"directores\" width=\"1200\" height=\"492\" srcset=\"https:\/\/www.laguiadepamplona.com\/actualidad\/wp-content\/uploads\/2024\/01\/directores.webp 1200w, https:\/\/www.laguiadepamplona.com\/actualidad\/wp-content\/uploads\/2024\/01\/directores-500x205.webp 500w, https:\/\/www.laguiadepamplona.com\/actualidad\/wp-content\/uploads\/2024\/01\/directores-1024x420.webp 1024w, https:\/\/www.laguiadepamplona.com\/actualidad\/wp-content\/uploads\/2024\/01\/directores-150x62.webp 150w, https:\/\/www.laguiadepamplona.com\/actualidad\/wp-content\/uploads\/2024\/01\/directores-768x315.webp 768w, https:\/\/www.laguiadepamplona.com\/actualidad\/wp-content\/uploads\/2024\/01\/directores-580x238.webp 580w, https:\/\/www.laguiadepamplona.com\/actualidad\/wp-content\/uploads\/2024\/01\/directores-860x353.webp 860w, https:\/\/www.laguiadepamplona.com\/actualidad\/wp-content\/uploads\/2024\/01\/directores-1160x476.webp 1160w, https:\/\/www.laguiadepamplona.com\/actualidad\/wp-content\/uploads\/2024\/01\/directores-640x262.webp 640w\" sizes=\"auto, (max-width: 1200px) 100vw, 1200px\" \/><\/p>\n<p>La Junta de Gobierno Local ha aprobado esta ma\u00f1ana diversos nombramientos. Entre las direcciones de \u00e1rea a Uxua Dombl\u00e1s Ib\u00e1\u00f1ez como directora del \u00c1rea de Gobierno Estrat\u00e9gico, Urbanismo, Vivienda y Agenda 2030; a Maialen Ariz Sarasketa, como directora del \u00c1rea de Proyectos y Movilidad y a Aitor Navarro Aristorena como director del \u00c1rea de Hacienda y Contrataci\u00f3n P\u00fablica Responsable. En esta \u00faltima \u00e1rea se completa la direcci\u00f3n con la secretar\u00eda t\u00e9cnica en la que Antonio Jos\u00e9 Quesada Arraiz comienza su cometido hoy mismo.<\/p>\n<p>Asimismo, la Junta de Gobierno Local ha establecido que Zuhaitz Areitio Rementeria, ser\u00e1 el responsable de la Agencia Energ\u00e9tica y Alexia Canto \u00c1lvarez, la del Servicio de Movilidad. Finalmente, Mirian Arregui San Mart\u00edn a partir del 5 de febrero ejercer\u00e1 como coordinadora jefa responsable de Prevenci\u00f3n, Infancia y Familia.<br \/>\n<script async src=\"\/\/pagead2.googlesyndication.com\/pagead\/js\/adsbygoogle.js\"><\/script><br \/>\n<!-- Noticias La Guia de Pamplona --><br \/>\n<ins class=\"adsbygoogle\"\nstyle=\"display:block\"\ndata-ad-client=\"ca-pub-6943679897239327\"\ndata-ad-slot=\"7048180777\"\ndata-ad-format=\"auto\"><\/ins><br \/>\n<script>\n(adsbygoogle = window.adsbygoogle || []).push({});\n<\/script><\/p>\n<p><strong>Con estos nombramientos se sigue completando el organigrama municipal.<\/strong><\/p>\n<p>Gobierno Estrat\u00e9gico, Urbanismo, Vivienda y Agenda 2030: Uxua Dombl\u00e1s Ib\u00e1\u00f1ez<\/p>\n<p>Uxua Dombl\u00e1s (Estella, 1983), es Doctora Arquitecta por la C\u00e1tedra UNESCO Cultural Landscape and Heritage de la UPV\/EHU y m\u00e1ster en Gesti\u00f3n y Rehabilitaci\u00f3n Integral del Patrimonio Hist\u00f3rico Construido. En su etapa m\u00e1s reciente formaba parte del \u00e1rea de Regeneraci\u00f3n Urbana de Nasuvinsa, empresa p\u00fablica de vivienda del Gobierno de Navarra, desde la que ha contribuido a la rehabilitaci\u00f3n energ\u00e9tica los barrios. Dombl\u00e1s tomar\u00e1 posesi\u00f3n como directora del \u00c1rea de Gobierno Estrat\u00e9gico, Urbanismo, Vivienda y Agenda 2030 el pr\u00f3ximo lunes 29 de enero.<br \/>\n<script async src=\"\/\/pagead2.googlesyndication.com\/pagead\/js\/adsbygoogle.js\"><\/script><br \/>\n<!-- Noticias La Guia de Pamplona --><br \/>\n<ins class=\"adsbygoogle\"\nstyle=\"display:block\"\ndata-ad-client=\"ca-pub-6943679897239327\"\ndata-ad-slot=\"7048180777\"\ndata-ad-format=\"auto\"><\/ins><br \/>\n<script>\n(adsbygoogle = window.adsbygoogle || []).push({});\n<\/script><\/p>\n<p><strong>Proyectos y Movilidad: Maialen Ariz Sarasketa<\/strong><\/p>\n<p>Maialen Ariz Sarasketa, entrar\u00e1 a la direcci\u00f3n del \u00c1rea de Proyectos y Movilidad con efectos de 1 de febrero de 2024. Arquitecta titulada por la Universidad de Navarra e investigadora en al \u00e1mbito de la rehabilitaci\u00f3n y renaturalizaci\u00f3n del entorno construido atendiendo a la funci\u00f3n social de la vivienda y el espacio p\u00fablico, ha ejercido como arquitecta en Madrid y en Bilbao, adem\u00e1s de ser hasta 2018 como vicepresidenta del Consejo de Representantes de Estudiantes de Arquitectura. Sarasketa ha realizado, adem\u00e1s, trabajos de voluntariado de su campo profesional en Kenia y Chile, ha recibido diversas becas y reconocimientos acad\u00e9micos, y habla castellano, euskera e ingl\u00e9s, con nociones de franc\u00e9s.<br \/>\n<script async src=\"\/\/pagead2.googlesyndication.com\/pagead\/js\/adsbygoogle.js\"><\/script><br \/>\n<!-- Noticias La Guia de Pamplona --><br \/>\n<ins class=\"adsbygoogle\"\nstyle=\"display:block\"\ndata-ad-client=\"ca-pub-6943679897239327\"\ndata-ad-slot=\"7048180777\"\ndata-ad-format=\"auto\"><\/ins><br \/>\n<script>\n(adsbygoogle = window.adsbygoogle || []).push({});\n<\/script><\/p>\n<p><strong>Hacienda y Contrataci\u00f3n P\u00fablica Responsable: Aitor Navarro Aristorena<\/strong><\/p>\n<p>Licenciado en Administraci\u00f3n y Direcci\u00f3n de empresas por la Universidad P\u00fablica de Navarra (UPNA) y titulado en Direcci\u00f3n de banco y Finanzas por la misma universidad, ha trabajado en Caja Rural de Navarra, adem\u00e1s de dirigir la residencia de mayores Aita Barandiar\u00e1n en el a\u00f1o 2013. En el sector p\u00fablico ha sido interventor en los ayuntamientos Santesteban, Elgorriaga, Ituren y Zubieta entre 2013 y 2018. Su \u00faltimo desempe\u00f1o ha sido como t\u00e9cnico de auditor\u00eda auditor en la C\u00e1mara de Comptos (hasta la actualidad). Aitor Navarro Aristorena ser\u00e1 director del \u00c1rea de Hacienda y Contrataci\u00f3n P\u00fablica Responsable con efectos de 1 de febrero de 2024.<\/p>\n","protected":false},"excerpt":{"rendered":"<p>Asimismo, la Junta de Gobierno ha designado responsables de la Agencia Energ\u00e9tica, el Servicio de Movilidad y Prevenci\u00f3n, Infancia y Familia<\/p>\n","protected":false},"author":1,"featured_media":41391,"comment_status":"open","ping_status":"closed","sticky":false,"template":"","format":"standard","meta":{"footnotes":""},"categories":[2],"tags":[],"class_list":["post-48505","post","type-post","status-publish","format-standard","has-post-thumbnail","hentry","category-ayuntamiento-pamplona"],"yoast_head":"<!-- This site is optimized with the Yoast SEO plugin v27.3 - https:\/\/yoast.com\/product\/yoast-seo-wordpress\/ -->\n<title>Nombradas tres nuevas direcciones de \u00e1reas municipales: Gobierno Estrat\u00e9gico, Proyectos y Hacienda<\/title>\n<meta name=\"description\" content=\"Asimismo, la Junta de Gobierno ha designado responsables de la Agencia Energ\u00e9tica, el Servicio de Movilidad y Prevenci\u00f3n, Infancia y Familia\" \/>\n<meta name=\"robots\" content=\"index, follow, max-snippet:-1, max-image-preview:large, max-video-preview:-1\" \/>\n<link rel=\"canonical\" href=\"https:\/\/www.laguiadepamplona.com\/actualidad\/nombradas-tres-nuevas-direcciones-de-areas-municipales-gobierno-estrategico-proyectos-y-hacienda\/\" \/>\n<meta property=\"og:locale\" content=\"es_ES\" \/>\n<meta property=\"og:type\" content=\"article\" \/>\n<meta property=\"og:title\" content=\"Nombradas tres nuevas direcciones de \u00e1reas municipales: Gobierno Estrat\u00e9gico, Proyectos y Hacienda\" \/>\n<meta property=\"og:description\" content=\"Asimismo, la Junta de Gobierno ha designado responsables de la Agencia Energ\u00e9tica, el Servicio de Movilidad y Prevenci\u00f3n, Infancia y Familia\" \/>\n<meta property=\"og:url\" content=\"https:\/\/www.laguiadepamplona.com\/actualidad\/nombradas-tres-nuevas-direcciones-de-areas-municipales-gobierno-estrategico-proyectos-y-hacienda\/\" \/>\n<meta property=\"og:site_name\" content=\"La Gu\u00eda de Pamplona\" \/>\n<meta property=\"article:publisher\" content=\"https:\/\/www.facebook.com\/laguiadepamplonacom-133175176762273\/?ref=hl\" \/>\n<meta property=\"article:published_time\" content=\"2024-01-22T17:02:27+00:00\" \/>\n<meta property=\"og:image\" content=\"https:\/\/www.laguiadepamplona.com\/actualidad\/wp-content\/uploads\/2022\/08\/reloj_ayuntamiento.webp\" \/>\n\t<meta property=\"og:image:width\" content=\"1920\" \/>\n\t<meta property=\"og:image:height\" content=\"1245\" \/>\n\t<meta property=\"og:image:type\" content=\"image\/webp\" \/>\n<meta name=\"author\" content=\"La Gu\u00eda de Pamplona\" \/>\n<meta name=\"twitter:card\" content=\"summary_large_image\" \/>\n<meta name=\"twitter:creator\" content=\"@LaGuiadPamplona\" \/>\n<meta name=\"twitter:site\" content=\"@LaGuiadPamplona\" \/>\n<meta name=\"twitter:label1\" content=\"Escrito por\" \/>\n\t<meta name=\"twitter:data1\" content=\"La Gu\u00eda de Pamplona\" \/>\n\t<meta name=\"twitter:label2\" content=\"Tiempo de lectura\" \/>\n\t<meta name=\"twitter:data2\" content=\"3 minutos\" \/>\n<script type=\"application\/ld+json\" class=\"yoast-schema-graph\">{\"@context\":\"https:\\\/\\\/schema.org\",\"@graph\":[{\"@type\":\"Article\",\"@id\":\"https:\\\/\\\/www.laguiadepamplona.com\\\/actualidad\\\/nombradas-tres-nuevas-direcciones-de-areas-municipales-gobierno-estrategico-proyectos-y-hacienda\\\/#article\",\"isPartOf\":{\"@id\":\"https:\\\/\\\/www.laguiadepamplona.com\\\/actualidad\\\/nombradas-tres-nuevas-direcciones-de-areas-municipales-gobierno-estrategico-proyectos-y-hacienda\\\/\"},\"author\":{\"name\":\"La Gu\u00eda de Pamplona\",\"@id\":\"https:\\\/\\\/www.laguiadepamplona.com\\\/actualidad\\\/#\\\/schema\\\/person\\\/efe887376f0213d4657c93adc50b1fdb\"},\"headline\":\"Nombradas tres nuevas direcciones de \u00e1reas municipales: Gobierno Estrat\u00e9gico, Proyectos y Hacienda\",\"datePublished\":\"2024-01-22T17:02:27+00:00\",\"mainEntityOfPage\":{\"@id\":\"https:\\\/\\\/www.laguiadepamplona.com\\\/actualidad\\\/nombradas-tres-nuevas-direcciones-de-areas-municipales-gobierno-estrategico-proyectos-y-hacienda\\\/\"},\"wordCount\":540,\"commentCount\":0,\"publisher\":{\"@id\":\"https:\\\/\\\/www.laguiadepamplona.com\\\/actualidad\\\/#organization\"},\"image\":{\"@id\":\"https:\\\/\\\/www.laguiadepamplona.com\\\/actualidad\\\/nombradas-tres-nuevas-direcciones-de-areas-municipales-gobierno-estrategico-proyectos-y-hacienda\\\/#primaryimage\"},\"thumbnailUrl\":\"https:\\\/\\\/www.laguiadepamplona.com\\\/actualidad\\\/wp-content\\\/uploads\\\/2022\\\/08\\\/reloj_ayuntamiento.webp\",\"articleSection\":[\"Ayto Pamplona\"],\"inLanguage\":\"es\",\"potentialAction\":[{\"@type\":\"CommentAction\",\"name\":\"Comment\",\"target\":[\"https:\\\/\\\/www.laguiadepamplona.com\\\/actualidad\\\/nombradas-tres-nuevas-direcciones-de-areas-municipales-gobierno-estrategico-proyectos-y-hacienda\\\/#respond\"]}]},{\"@type\":\"WebPage\",\"@id\":\"https:\\\/\\\/www.laguiadepamplona.com\\\/actualidad\\\/nombradas-tres-nuevas-direcciones-de-areas-municipales-gobierno-estrategico-proyectos-y-hacienda\\\/\",\"url\":\"https:\\\/\\\/www.laguiadepamplona.com\\\/actualidad\\\/nombradas-tres-nuevas-direcciones-de-areas-municipales-gobierno-estrategico-proyectos-y-hacienda\\\/\",\"name\":\"Nombradas tres nuevas direcciones de \u00e1reas municipales: Gobierno Estrat\u00e9gico, Proyectos y Hacienda\",\"isPartOf\":{\"@id\":\"https:\\\/\\\/www.laguiadepamplona.com\\\/actualidad\\\/#website\"},\"primaryImageOfPage\":{\"@id\":\"https:\\\/\\\/www.laguiadepamplona.com\\\/actualidad\\\/nombradas-tres-nuevas-direcciones-de-areas-municipales-gobierno-estrategico-proyectos-y-hacienda\\\/#primaryimage\"},\"image\":{\"@id\":\"https:\\\/\\\/www.laguiadepamplona.com\\\/actualidad\\\/nombradas-tres-nuevas-direcciones-de-areas-municipales-gobierno-estrategico-proyectos-y-hacienda\\\/#primaryimage\"},\"thumbnailUrl\":\"https:\\\/\\\/www.laguiadepamplona.com\\\/actualidad\\\/wp-content\\\/uploads\\\/2022\\\/08\\\/reloj_ayuntamiento.webp\",\"datePublished\":\"2024-01-22T17:02:27+00:00\",\"description\":\"Asimismo, la Junta de Gobierno ha designado responsables de la Agencia Energ\u00e9tica, el Servicio de Movilidad y Prevenci\u00f3n, Infancia y Familia\",\"breadcrumb\":{\"@id\":\"https:\\\/\\\/www.laguiadepamplona.com\\\/actualidad\\\/nombradas-tres-nuevas-direcciones-de-areas-municipales-gobierno-estrategico-proyectos-y-hacienda\\\/#breadcrumb\"},\"inLanguage\":\"es\",\"potentialAction\":[{\"@type\":\"ReadAction\",\"target\":[\"https:\\\/\\\/www.laguiadepamplona.com\\\/actualidad\\\/nombradas-tres-nuevas-direcciones-de-areas-municipales-gobierno-estrategico-proyectos-y-hacienda\\\/\"]}]},{\"@type\":\"ImageObject\",\"inLanguage\":\"es\",\"@id\":\"https:\\\/\\\/www.laguiadepamplona.com\\\/actualidad\\\/nombradas-tres-nuevas-direcciones-de-areas-municipales-gobierno-estrategico-proyectos-y-hacienda\\\/#primaryimage\",\"url\":\"https:\\\/\\\/www.laguiadepamplona.com\\\/actualidad\\\/wp-content\\\/uploads\\\/2022\\\/08\\\/reloj_ayuntamiento.webp\",\"contentUrl\":\"https:\\\/\\\/www.laguiadepamplona.com\\\/actualidad\\\/wp-content\\\/uploads\\\/2022\\\/08\\\/reloj_ayuntamiento.webp\",\"width\":1920,\"height\":1245,\"caption\":\"ayuntamiento\"},{\"@type\":\"BreadcrumbList\",\"@id\":\"https:\\\/\\\/www.laguiadepamplona.com\\\/actualidad\\\/nombradas-tres-nuevas-direcciones-de-areas-municipales-gobierno-estrategico-proyectos-y-hacienda\\\/#breadcrumb\",\"itemListElement\":[{\"@type\":\"ListItem\",\"position\":1,\"name\":\"Portada\",\"item\":\"https:\\\/\\\/www.laguiadepamplona.com\\\/actualidad\\\/\"},{\"@type\":\"ListItem\",\"position\":2,\"name\":\"Nombradas tres nuevas direcciones de \u00e1reas municipales: Gobierno Estrat\u00e9gico, Proyectos y Hacienda\"}]},{\"@type\":\"WebSite\",\"@id\":\"https:\\\/\\\/www.laguiadepamplona.com\\\/actualidad\\\/#website\",\"url\":\"https:\\\/\\\/www.laguiadepamplona.com\\\/actualidad\\\/\",\"name\":\"La gu\u00eda de Pamplona\",\"description\":\"Noticias de Pamplona\",\"publisher\":{\"@id\":\"https:\\\/\\\/www.laguiadepamplona.com\\\/actualidad\\\/#organization\"},\"potentialAction\":[{\"@type\":\"SearchAction\",\"target\":{\"@type\":\"EntryPoint\",\"urlTemplate\":\"https:\\\/\\\/www.laguiadepamplona.com\\\/actualidad\\\/?s={search_term_string}\"},\"query-input\":{\"@type\":\"PropertyValueSpecification\",\"valueRequired\":true,\"valueName\":\"search_term_string\"}}],\"inLanguage\":\"es\"},{\"@type\":\"Organization\",\"@id\":\"https:\\\/\\\/www.laguiadepamplona.com\\\/actualidad\\\/#organization\",\"name\":\"La Gu\u00eda de Pamplona \\\/ Noticias\",\"url\":\"https:\\\/\\\/www.laguiadepamplona.com\\\/actualidad\\\/\",\"logo\":{\"@type\":\"ImageObject\",\"inLanguage\":\"es\",\"@id\":\"https:\\\/\\\/www.laguiadepamplona.com\\\/actualidad\\\/#\\\/schema\\\/logo\\\/image\\\/\",\"url\":\"https:\\\/\\\/www.laguiadepamplona.com\\\/actualidad\\\/wp-content\\\/uploads\\\/2018\\\/11\\\/logo-laguiadepamplona18-web1.png\",\"contentUrl\":\"https:\\\/\\\/www.laguiadepamplona.com\\\/actualidad\\\/wp-content\\\/uploads\\\/2018\\\/11\\\/logo-laguiadepamplona18-web1.png\",\"width\":600,\"height\":196,\"caption\":\"La Gu\u00eda de Pamplona \\\/ Noticias\"},\"image\":{\"@id\":\"https:\\\/\\\/www.laguiadepamplona.com\\\/actualidad\\\/#\\\/schema\\\/logo\\\/image\\\/\"},\"sameAs\":[\"https:\\\/\\\/www.facebook.com\\\/laguiadepamplonacom-133175176762273\\\/?ref=hl\",\"https:\\\/\\\/x.com\\\/LaGuiadPamplona\",\"https:\\\/\\\/www.instagram.com\\\/la_guia_de_pamplona\\\/\",\"https:\\\/\\\/www.youtube.com\\\/user\\\/laguiadepamplona\"]},{\"@type\":\"Person\",\"@id\":\"https:\\\/\\\/www.laguiadepamplona.com\\\/actualidad\\\/#\\\/schema\\\/person\\\/efe887376f0213d4657c93adc50b1fdb\",\"name\":\"La Gu\u00eda de Pamplona\",\"image\":{\"@type\":\"ImageObject\",\"inLanguage\":\"es\",\"@id\":\"https:\\\/\\\/secure.gravatar.com\\\/avatar\\\/b6992f131dc8d30ab0dff15446e9d346d9dbd95992de0fef795073f5ea83a81c?s=96&d=mm&r=g\",\"url\":\"https:\\\/\\\/secure.gravatar.com\\\/avatar\\\/b6992f131dc8d30ab0dff15446e9d346d9dbd95992de0fef795073f5ea83a81c?s=96&d=mm&r=g\",\"contentUrl\":\"https:\\\/\\\/secure.gravatar.com\\\/avatar\\\/b6992f131dc8d30ab0dff15446e9d346d9dbd95992de0fef795073f5ea83a81c?s=96&d=mm&r=g\",\"caption\":\"La Gu\u00eda de Pamplona\"}}]}<\/script>\n<!-- \/ Yoast SEO plugin. -->","yoast_head_json":{"title":"Nombradas tres nuevas direcciones de \u00e1reas municipales: Gobierno Estrat\u00e9gico, Proyectos y Hacienda","description":"Asimismo, la Junta de Gobierno ha designado responsables de la Agencia Energ\u00e9tica, el Servicio de Movilidad y Prevenci\u00f3n, Infancia y Familia","robots":{"index":"index","follow":"follow","max-snippet":"max-snippet:-1","max-image-preview":"max-image-preview:large","max-video-preview":"max-video-preview:-1"},"canonical":"https:\/\/www.laguiadepamplona.com\/actualidad\/nombradas-tres-nuevas-direcciones-de-areas-municipales-gobierno-estrategico-proyectos-y-hacienda\/","og_locale":"es_ES","og_type":"article","og_title":"Nombradas tres nuevas direcciones de \u00e1reas municipales: Gobierno Estrat\u00e9gico, Proyectos y Hacienda","og_description":"Asimismo, la Junta de Gobierno ha designado responsables de la Agencia Energ\u00e9tica, el Servicio de Movilidad y Prevenci\u00f3n, Infancia y Familia","og_url":"https:\/\/www.laguiadepamplona.com\/actualidad\/nombradas-tres-nuevas-direcciones-de-areas-municipales-gobierno-estrategico-proyectos-y-hacienda\/","og_site_name":"La Gu\u00eda de Pamplona","article_publisher":"https:\/\/www.facebook.com\/laguiadepamplonacom-133175176762273\/?ref=hl","article_published_time":"2024-01-22T17:02:27+00:00","og_image":[{"width":1920,"height":1245,"url":"https:\/\/www.laguiadepamplona.com\/actualidad\/wp-content\/uploads\/2022\/08\/reloj_ayuntamiento.webp","type":"image\/webp"}],"author":"La Gu\u00eda de Pamplona","twitter_card":"summary_large_image","twitter_creator":"@LaGuiadPamplona","twitter_site":"@LaGuiadPamplona","twitter_misc":{"Escrito por":"La Gu\u00eda de Pamplona","Tiempo de lectura":"3 minutos"},"schema":{"@context":"https:\/\/schema.org","@graph":[{"@type":"Article","@id":"https:\/\/www.laguiadepamplona.com\/actualidad\/nombradas-tres-nuevas-direcciones-de-areas-municipales-gobierno-estrategico-proyectos-y-hacienda\/#article","isPartOf":{"@id":"https:\/\/www.laguiadepamplona.com\/actualidad\/nombradas-tres-nuevas-direcciones-de-areas-municipales-gobierno-estrategico-proyectos-y-hacienda\/"},"author":{"name":"La Gu\u00eda de Pamplona","@id":"https:\/\/www.laguiadepamplona.com\/actualidad\/#\/schema\/person\/efe887376f0213d4657c93adc50b1fdb"},"headline":"Nombradas tres nuevas direcciones de \u00e1reas municipales: Gobierno Estrat\u00e9gico, Proyectos y Hacienda","datePublished":"2024-01-22T17:02:27+00:00","mainEntityOfPage":{"@id":"https:\/\/www.laguiadepamplona.com\/actualidad\/nombradas-tres-nuevas-direcciones-de-areas-municipales-gobierno-estrategico-proyectos-y-hacienda\/"},"wordCount":540,"commentCount":0,"publisher":{"@id":"https:\/\/www.laguiadepamplona.com\/actualidad\/#organization"},"image":{"@id":"https:\/\/www.laguiadepamplona.com\/actualidad\/nombradas-tres-nuevas-direcciones-de-areas-municipales-gobierno-estrategico-proyectos-y-hacienda\/#primaryimage"},"thumbnailUrl":"https:\/\/www.laguiadepamplona.com\/actualidad\/wp-content\/uploads\/2022\/08\/reloj_ayuntamiento.webp","articleSection":["Ayto Pamplona"],"inLanguage":"es","potentialAction":[{"@type":"CommentAction","name":"Comment","target":["https:\/\/www.laguiadepamplona.com\/actualidad\/nombradas-tres-nuevas-direcciones-de-areas-municipales-gobierno-estrategico-proyectos-y-hacienda\/#respond"]}]},{"@type":"WebPage","@id":"https:\/\/www.laguiadepamplona.com\/actualidad\/nombradas-tres-nuevas-direcciones-de-areas-municipales-gobierno-estrategico-proyectos-y-hacienda\/","url":"https:\/\/www.laguiadepamplona.com\/actualidad\/nombradas-tres-nuevas-direcciones-de-areas-municipales-gobierno-estrategico-proyectos-y-hacienda\/","name":"Nombradas tres nuevas direcciones de \u00e1reas municipales: Gobierno Estrat\u00e9gico, Proyectos y Hacienda","isPartOf":{"@id":"https:\/\/www.laguiadepamplona.com\/actualidad\/#website"},"primaryImageOfPage":{"@id":"https:\/\/www.laguiadepamplona.com\/actualidad\/nombradas-tres-nuevas-direcciones-de-areas-municipales-gobierno-estrategico-proyectos-y-hacienda\/#primaryimage"},"image":{"@id":"https:\/\/www.laguiadepamplona.com\/actualidad\/nombradas-tres-nuevas-direcciones-de-areas-municipales-gobierno-estrategico-proyectos-y-hacienda\/#primaryimage"},"thumbnailUrl":"https:\/\/www.laguiadepamplona.com\/actualidad\/wp-content\/uploads\/2022\/08\/reloj_ayuntamiento.webp","datePublished":"2024-01-22T17:02:27+00:00","description":"Asimismo, la Junta de Gobierno ha designado responsables de la Agencia Energ\u00e9tica, el Servicio de Movilidad y Prevenci\u00f3n, Infancia y Familia","breadcrumb":{"@id":"https:\/\/www.laguiadepamplona.com\/actualidad\/nombradas-tres-nuevas-direcciones-de-areas-municipales-gobierno-estrategico-proyectos-y-hacienda\/#breadcrumb"},"inLanguage":"es","potentialAction":[{"@type":"ReadAction","target":["https:\/\/www.laguiadepamplona.com\/actualidad\/nombradas-tres-nuevas-direcciones-de-areas-municipales-gobierno-estrategico-proyectos-y-hacienda\/"]}]},{"@type":"ImageObject","inLanguage":"es","@id":"https:\/\/www.laguiadepamplona.com\/actualidad\/nombradas-tres-nuevas-direcciones-de-areas-municipales-gobierno-estrategico-proyectos-y-hacienda\/#primaryimage","url":"https:\/\/www.laguiadepamplona.com\/actualidad\/wp-content\/uploads\/2022\/08\/reloj_ayuntamiento.webp","contentUrl":"https:\/\/www.laguiadepamplona.com\/actualidad\/wp-content\/uploads\/2022\/08\/reloj_ayuntamiento.webp","width":1920,"height":1245,"caption":"ayuntamiento"},{"@type":"BreadcrumbList","@id":"https:\/\/www.laguiadepamplona.com\/actualidad\/nombradas-tres-nuevas-direcciones-de-areas-municipales-gobierno-estrategico-proyectos-y-hacienda\/#breadcrumb","itemListElement":[{"@type":"ListItem","position":1,"name":"Portada","item":"https:\/\/www.laguiadepamplona.com\/actualidad\/"},{"@type":"ListItem","position":2,"name":"Nombradas tres nuevas direcciones de \u00e1reas municipales: Gobierno Estrat\u00e9gico, Proyectos y Hacienda"}]},{"@type":"WebSite","@id":"https:\/\/www.laguiadepamplona.com\/actualidad\/#website","url":"https:\/\/www.laguiadepamplona.com\/actualidad\/","name":"La gu\u00eda de Pamplona","description":"Noticias de Pamplona","publisher":{"@id":"https:\/\/www.laguiadepamplona.com\/actualidad\/#organization"},"potentialAction":[{"@type":"SearchAction","target":{"@type":"EntryPoint","urlTemplate":"https:\/\/www.laguiadepamplona.com\/actualidad\/?s={search_term_string}"},"query-input":{"@type":"PropertyValueSpecification","valueRequired":true,"valueName":"search_term_string"}}],"inLanguage":"es"},{"@type":"Organization","@id":"https:\/\/www.laguiadepamplona.com\/actualidad\/#organization","name":"La Gu\u00eda de Pamplona \/ Noticias","url":"https:\/\/www.laguiadepamplona.com\/actualidad\/","logo":{"@type":"ImageObject","inLanguage":"es","@id":"https:\/\/www.laguiadepamplona.com\/actualidad\/#\/schema\/logo\/image\/","url":"https:\/\/www.laguiadepamplona.com\/actualidad\/wp-content\/uploads\/2018\/11\/logo-laguiadepamplona18-web1.png","contentUrl":"https:\/\/www.laguiadepamplona.com\/actualidad\/wp-content\/uploads\/2018\/11\/logo-laguiadepamplona18-web1.png","width":600,"height":196,"caption":"La Gu\u00eda de Pamplona \/ Noticias"},"image":{"@id":"https:\/\/www.laguiadepamplona.com\/actualidad\/#\/schema\/logo\/image\/"},"sameAs":["https:\/\/www.facebook.com\/laguiadepamplonacom-133175176762273\/?ref=hl","https:\/\/x.com\/LaGuiadPamplona","https:\/\/www.instagram.com\/la_guia_de_pamplona\/","https:\/\/www.youtube.com\/user\/laguiadepamplona"]},{"@type":"Person","@id":"https:\/\/www.laguiadepamplona.com\/actualidad\/#\/schema\/person\/efe887376f0213d4657c93adc50b1fdb","name":"La Gu\u00eda de Pamplona","image":{"@type":"ImageObject","inLanguage":"es","@id":"https:\/\/secure.gravatar.com\/avatar\/b6992f131dc8d30ab0dff15446e9d346d9dbd95992de0fef795073f5ea83a81c?s=96&d=mm&r=g","url":"https:\/\/secure.gravatar.com\/avatar\/b6992f131dc8d30ab0dff15446e9d346d9dbd95992de0fef795073f5ea83a81c?s=96&d=mm&r=g","contentUrl":"https:\/\/secure.gravatar.com\/avatar\/b6992f131dc8d30ab0dff15446e9d346d9dbd95992de0fef795073f5ea83a81c?s=96&d=mm&r=g","caption":"La Gu\u00eda de Pamplona"}}]}},"post_mailing_queue_ids":[],"_links":{"self":[{"href":"https:\/\/www.laguiadepamplona.com\/actualidad\/wp-json\/wp\/v2\/posts\/48505","targetHints":{"allow":["GET"]}}],"collection":[{"href":"https:\/\/www.laguiadepamplona.com\/actualidad\/wp-json\/wp\/v2\/posts"}],"about":[{"href":"https:\/\/www.laguiadepamplona.com\/actualidad\/wp-json\/wp\/v2\/types\/post"}],"author":[{"embeddable":true,"href":"https:\/\/www.laguiadepamplona.com\/actualidad\/wp-json\/wp\/v2\/users\/1"}],"replies":[{"embeddable":true,"href":"https:\/\/www.laguiadepamplona.com\/actualidad\/wp-json\/wp\/v2\/comments?post=48505"}],"version-history":[{"count":1,"href":"https:\/\/www.laguiadepamplona.com\/actualidad\/wp-json\/wp\/v2\/posts\/48505\/revisions"}],"predecessor-version":[{"id":48507,"href":"https:\/\/www.laguiadepamplona.com\/actualidad\/wp-json\/wp\/v2\/posts\/48505\/revisions\/48507"}],"wp:featuredmedia":[{"embeddable":true,"href":"https:\/\/www.laguiadepamplona.com\/actualidad\/wp-json\/wp\/v2\/media\/41391"}],"wp:attachment":[{"href":"https:\/\/www.laguiadepamplona.com\/actualidad\/wp-json\/wp\/v2\/media?parent=48505"}],"wp:term":[{"taxonomy":"category","embeddable":true,"href":"https:\/\/www.laguiadepamplona.com\/actualidad\/wp-json\/wp\/v2\/categories?post=48505"},{"taxonomy":"post_tag","embeddable":true,"href":"https:\/\/www.laguiadepamplona.com\/actualidad\/wp-json\/wp\/v2\/tags?post=48505"}],"curies":[{"name":"wp","href":"https:\/\/api.w.org\/{rel}","templated":true}]}}