{"id":48499,"date":"2024-01-22T13:54:00","date_gmt":"2024-01-22T11:54:00","guid":{"rendered":"https:\/\/www.laguiadepamplona.com\/actualidad\/?p=48499"},"modified":"2024-01-22T13:54:00","modified_gmt":"2024-01-22T11:54:00","slug":"el-alcalde-de-pamplona-ha-mantenido-una-reunion-con-el-defensor-del-pueblo-de-navarra","status":"publish","type":"post","link":"https:\/\/www.laguiadepamplona.com\/actualidad\/el-alcalde-de-pamplona-ha-mantenido-una-reunion-con-el-defensor-del-pueblo-de-navarra\/","title":{"rendered":"El alcalde de Pamplona ha mantenido una reuni\u00f3n con el Defensor del Pueblo de Navarra"},"content":{"rendered":"<p><!--more--><\/p>\n<p>El alcalde de Pamplona, Joseba Asiron, mantuvo el pasado viernes un encuentro con el Defensor del Pueblo de Navarra, Patxi Vera Donazar, en su despacho de la Casa Consistorial. Ambos mostraron su disposici\u00f3n a seguir manteniendo la colaboraci\u00f3n entre ambas instituciones, en una reuni\u00f3n enmarcada en la ronda de contactos y presentaciones que el nuevo alcalde est\u00e1 llevando a cabo con representantes de entidades y asociaciones tras asumir el cargo el pasado 28 de diciembre.<br \/>\n<script async src=\"\/\/pagead2.googlesyndication.com\/pagead\/js\/adsbygoogle.js\"><\/script><br \/>\n<!-- Noticias La Guia de Pamplona --><br \/>\n<ins class=\"adsbygoogle\"\nstyle=\"display:block\"\ndata-ad-client=\"ca-pub-6943679897239327\"\ndata-ad-slot=\"7048180777\"\ndata-ad-format=\"auto\"><\/ins><br \/>\n<script>\n(adsbygoogle = window.adsbygoogle || []).push({});\n<\/script><\/p>\n<p>Patxi Vera cumplir\u00e1 el pr\u00f3ximo mes de marzo dos a\u00f1os al frente de la instituci\u00f3n Defensor del Pueblo de la Comunidad Foral de Navarra. La instituci\u00f3n tiene la misi\u00f3n de supervisar la actuaci\u00f3n de la Administraci\u00f3n de la Comunidad Foral y de los entes locales de Navarra para proteger y mejorar los derechos y las libertades p\u00fablicos de los ciudadanos navarros. Elegido por el Parlamento de Navarra, es pol\u00edticamente independientes y act\u00faa con objetividad, libertad de criterio e independencia.<\/p>\n","protected":false},"excerpt":{"rendered":"","protected":false},"author":1,"featured_media":48500,"comment_status":"open","ping_status":"closed","sticky":false,"template":"","format":"standard","meta":{"footnotes":""},"categories":[2],"tags":[],"class_list":["post-48499","post","type-post","status-publish","format-standard","has-post-thumbnail","hentry","category-ayuntamiento-pamplona"],"yoast_head":"<!-- This site is optimized with the Yoast SEO plugin v27.3 - https:\/\/yoast.com\/product\/yoast-seo-wordpress\/ -->\n<title>El alcalde de Pamplona ha mantenido una reuni\u00f3n con el Defensor del Pueblo de Navarra<\/title>\n<meta name=\"description\" content=\"Patxi Vera cumplir\u00e1 el pr\u00f3ximo mes de marzo dos a\u00f1os al frente de la instituci\u00f3n Defensor del Pueblo de la Comunidad Foral de Navarra\" \/>\n<meta name=\"robots\" content=\"index, follow, max-snippet:-1, max-image-preview:large, max-video-preview:-1\" \/>\n<link rel=\"canonical\" href=\"https:\/\/www.laguiadepamplona.com\/actualidad\/el-alcalde-de-pamplona-ha-mantenido-una-reunion-con-el-defensor-del-pueblo-de-navarra\/\" \/>\n<meta property=\"og:locale\" content=\"es_ES\" \/>\n<meta property=\"og:type\" content=\"article\" \/>\n<meta property=\"og:title\" content=\"El alcalde de Pamplona ha mantenido una reuni\u00f3n con el Defensor del Pueblo de Navarra\" \/>\n<meta property=\"og:description\" content=\"Patxi Vera cumplir\u00e1 el pr\u00f3ximo mes de marzo dos a\u00f1os al frente de la instituci\u00f3n Defensor del Pueblo de la Comunidad Foral de Navarra\" \/>\n<meta property=\"og:url\" content=\"https:\/\/www.laguiadepamplona.com\/actualidad\/el-alcalde-de-pamplona-ha-mantenido-una-reunion-con-el-defensor-del-pueblo-de-navarra\/\" \/>\n<meta property=\"og:site_name\" content=\"La Gu\u00eda de Pamplona\" \/>\n<meta property=\"article:publisher\" content=\"https:\/\/www.facebook.com\/laguiadepamplonacom-133175176762273\/?ref=hl\" \/>\n<meta property=\"article:published_time\" content=\"2024-01-22T11:54:00+00:00\" \/>\n<meta property=\"og:image\" content=\"https:\/\/www.laguiadepamplona.com\/actualidad\/wp-content\/uploads\/2024\/01\/24_01_19-Defensor-del-Pueblo_Q5A9264-1.webp\" \/>\n\t<meta property=\"og:image:width\" content=\"1200\" \/>\n\t<meta property=\"og:image:height\" content=\"800\" \/>\n\t<meta property=\"og:image:type\" content=\"image\/webp\" \/>\n<meta name=\"author\" content=\"La Gu\u00eda de Pamplona\" \/>\n<meta name=\"twitter:card\" content=\"summary_large_image\" \/>\n<meta name=\"twitter:creator\" content=\"@LaGuiadPamplona\" \/>\n<meta name=\"twitter:site\" content=\"@LaGuiadPamplona\" \/>\n<meta name=\"twitter:label1\" content=\"Escrito por\" \/>\n\t<meta name=\"twitter:data1\" content=\"La Gu\u00eda de Pamplona\" \/>\n\t<meta name=\"twitter:label2\" content=\"Tiempo de lectura\" \/>\n\t<meta name=\"twitter:data2\" content=\"1 minuto\" \/>\n<script type=\"application\/ld+json\" class=\"yoast-schema-graph\">{\"@context\":\"https:\\\/\\\/schema.org\",\"@graph\":[{\"@type\":\"Article\",\"@id\":\"https:\\\/\\\/www.laguiadepamplona.com\\\/actualidad\\\/el-alcalde-de-pamplona-ha-mantenido-una-reunion-con-el-defensor-del-pueblo-de-navarra\\\/#article\",\"isPartOf\":{\"@id\":\"https:\\\/\\\/www.laguiadepamplona.com\\\/actualidad\\\/el-alcalde-de-pamplona-ha-mantenido-una-reunion-con-el-defensor-del-pueblo-de-navarra\\\/\"},\"author\":{\"name\":\"La Gu\u00eda de Pamplona\",\"@id\":\"https:\\\/\\\/www.laguiadepamplona.com\\\/actualidad\\\/#\\\/schema\\\/person\\\/efe887376f0213d4657c93adc50b1fdb\"},\"headline\":\"El alcalde de Pamplona ha mantenido una reuni\u00f3n con el Defensor del Pueblo de Navarra\",\"datePublished\":\"2024-01-22T11:54:00+00:00\",\"mainEntityOfPage\":{\"@id\":\"https:\\\/\\\/www.laguiadepamplona.com\\\/actualidad\\\/el-alcalde-de-pamplona-ha-mantenido-una-reunion-con-el-defensor-del-pueblo-de-navarra\\\/\"},\"wordCount\":182,\"commentCount\":0,\"publisher\":{\"@id\":\"https:\\\/\\\/www.laguiadepamplona.com\\\/actualidad\\\/#organization\"},\"image\":{\"@id\":\"https:\\\/\\\/www.laguiadepamplona.com\\\/actualidad\\\/el-alcalde-de-pamplona-ha-mantenido-una-reunion-con-el-defensor-del-pueblo-de-navarra\\\/#primaryimage\"},\"thumbnailUrl\":\"https:\\\/\\\/www.laguiadepamplona.com\\\/actualidad\\\/wp-content\\\/uploads\\\/2024\\\/01\\\/24_01_19-Defensor-del-Pueblo_Q5A9264-1.webp\",\"articleSection\":[\"Ayto Pamplona\"],\"inLanguage\":\"es\",\"potentialAction\":[{\"@type\":\"CommentAction\",\"name\":\"Comment\",\"target\":[\"https:\\\/\\\/www.laguiadepamplona.com\\\/actualidad\\\/el-alcalde-de-pamplona-ha-mantenido-una-reunion-con-el-defensor-del-pueblo-de-navarra\\\/#respond\"]}]},{\"@type\":\"WebPage\",\"@id\":\"https:\\\/\\\/www.laguiadepamplona.com\\\/actualidad\\\/el-alcalde-de-pamplona-ha-mantenido-una-reunion-con-el-defensor-del-pueblo-de-navarra\\\/\",\"url\":\"https:\\\/\\\/www.laguiadepamplona.com\\\/actualidad\\\/el-alcalde-de-pamplona-ha-mantenido-una-reunion-con-el-defensor-del-pueblo-de-navarra\\\/\",\"name\":\"El alcalde de Pamplona ha mantenido una reuni\u00f3n con el Defensor del Pueblo de Navarra\",\"isPartOf\":{\"@id\":\"https:\\\/\\\/www.laguiadepamplona.com\\\/actualidad\\\/#website\"},\"primaryImageOfPage\":{\"@id\":\"https:\\\/\\\/www.laguiadepamplona.com\\\/actualidad\\\/el-alcalde-de-pamplona-ha-mantenido-una-reunion-con-el-defensor-del-pueblo-de-navarra\\\/#primaryimage\"},\"image\":{\"@id\":\"https:\\\/\\\/www.laguiadepamplona.com\\\/actualidad\\\/el-alcalde-de-pamplona-ha-mantenido-una-reunion-con-el-defensor-del-pueblo-de-navarra\\\/#primaryimage\"},\"thumbnailUrl\":\"https:\\\/\\\/www.laguiadepamplona.com\\\/actualidad\\\/wp-content\\\/uploads\\\/2024\\\/01\\\/24_01_19-Defensor-del-Pueblo_Q5A9264-1.webp\",\"datePublished\":\"2024-01-22T11:54:00+00:00\",\"description\":\"Patxi Vera cumplir\u00e1 el pr\u00f3ximo mes de marzo dos a\u00f1os al frente de la instituci\u00f3n Defensor del Pueblo de la Comunidad Foral de Navarra\",\"breadcrumb\":{\"@id\":\"https:\\\/\\\/www.laguiadepamplona.com\\\/actualidad\\\/el-alcalde-de-pamplona-ha-mantenido-una-reunion-con-el-defensor-del-pueblo-de-navarra\\\/#breadcrumb\"},\"inLanguage\":\"es\",\"potentialAction\":[{\"@type\":\"ReadAction\",\"target\":[\"https:\\\/\\\/www.laguiadepamplona.com\\\/actualidad\\\/el-alcalde-de-pamplona-ha-mantenido-una-reunion-con-el-defensor-del-pueblo-de-navarra\\\/\"]}]},{\"@type\":\"ImageObject\",\"inLanguage\":\"es\",\"@id\":\"https:\\\/\\\/www.laguiadepamplona.com\\\/actualidad\\\/el-alcalde-de-pamplona-ha-mantenido-una-reunion-con-el-defensor-del-pueblo-de-navarra\\\/#primaryimage\",\"url\":\"https:\\\/\\\/www.laguiadepamplona.com\\\/actualidad\\\/wp-content\\\/uploads\\\/2024\\\/01\\\/24_01_19-Defensor-del-Pueblo_Q5A9264-1.webp\",\"contentUrl\":\"https:\\\/\\\/www.laguiadepamplona.com\\\/actualidad\\\/wp-content\\\/uploads\\\/2024\\\/01\\\/24_01_19-Defensor-del-Pueblo_Q5A9264-1.webp\",\"width\":1200,\"height\":800,\"caption\":\"defensor pueblo\"},{\"@type\":\"BreadcrumbList\",\"@id\":\"https:\\\/\\\/www.laguiadepamplona.com\\\/actualidad\\\/el-alcalde-de-pamplona-ha-mantenido-una-reunion-con-el-defensor-del-pueblo-de-navarra\\\/#breadcrumb\",\"itemListElement\":[{\"@type\":\"ListItem\",\"position\":1,\"name\":\"Portada\",\"item\":\"https:\\\/\\\/www.laguiadepamplona.com\\\/actualidad\\\/\"},{\"@type\":\"ListItem\",\"position\":2,\"name\":\"El alcalde de Pamplona ha mantenido una reuni\u00f3n con el Defensor del Pueblo de Navarra\"}]},{\"@type\":\"WebSite\",\"@id\":\"https:\\\/\\\/www.laguiadepamplona.com\\\/actualidad\\\/#website\",\"url\":\"https:\\\/\\\/www.laguiadepamplona.com\\\/actualidad\\\/\",\"name\":\"La gu\u00eda de Pamplona\",\"description\":\"Noticias de Pamplona\",\"publisher\":{\"@id\":\"https:\\\/\\\/www.laguiadepamplona.com\\\/actualidad\\\/#organization\"},\"potentialAction\":[{\"@type\":\"SearchAction\",\"target\":{\"@type\":\"EntryPoint\",\"urlTemplate\":\"https:\\\/\\\/www.laguiadepamplona.com\\\/actualidad\\\/?s={search_term_string}\"},\"query-input\":{\"@type\":\"PropertyValueSpecification\",\"valueRequired\":true,\"valueName\":\"search_term_string\"}}],\"inLanguage\":\"es\"},{\"@type\":\"Organization\",\"@id\":\"https:\\\/\\\/www.laguiadepamplona.com\\\/actualidad\\\/#organization\",\"name\":\"La Gu\u00eda de Pamplona \\\/ Noticias\",\"url\":\"https:\\\/\\\/www.laguiadepamplona.com\\\/actualidad\\\/\",\"logo\":{\"@type\":\"ImageObject\",\"inLanguage\":\"es\",\"@id\":\"https:\\\/\\\/www.laguiadepamplona.com\\\/actualidad\\\/#\\\/schema\\\/logo\\\/image\\\/\",\"url\":\"https:\\\/\\\/www.laguiadepamplona.com\\\/actualidad\\\/wp-content\\\/uploads\\\/2018\\\/11\\\/logo-laguiadepamplona18-web1.png\",\"contentUrl\":\"https:\\\/\\\/www.laguiadepamplona.com\\\/actualidad\\\/wp-content\\\/uploads\\\/2018\\\/11\\\/logo-laguiadepamplona18-web1.png\",\"width\":600,\"height\":196,\"caption\":\"La Gu\u00eda de Pamplona \\\/ Noticias\"},\"image\":{\"@id\":\"https:\\\/\\\/www.laguiadepamplona.com\\\/actualidad\\\/#\\\/schema\\\/logo\\\/image\\\/\"},\"sameAs\":[\"https:\\\/\\\/www.facebook.com\\\/laguiadepamplonacom-133175176762273\\\/?ref=hl\",\"https:\\\/\\\/x.com\\\/LaGuiadPamplona\",\"https:\\\/\\\/www.instagram.com\\\/la_guia_de_pamplona\\\/\",\"https:\\\/\\\/www.youtube.com\\\/user\\\/laguiadepamplona\"]},{\"@type\":\"Person\",\"@id\":\"https:\\\/\\\/www.laguiadepamplona.com\\\/actualidad\\\/#\\\/schema\\\/person\\\/efe887376f0213d4657c93adc50b1fdb\",\"name\":\"La Gu\u00eda de Pamplona\",\"image\":{\"@type\":\"ImageObject\",\"inLanguage\":\"es\",\"@id\":\"https:\\\/\\\/secure.gravatar.com\\\/avatar\\\/b6992f131dc8d30ab0dff15446e9d346d9dbd95992de0fef795073f5ea83a81c?s=96&d=mm&r=g\",\"url\":\"https:\\\/\\\/secure.gravatar.com\\\/avatar\\\/b6992f131dc8d30ab0dff15446e9d346d9dbd95992de0fef795073f5ea83a81c?s=96&d=mm&r=g\",\"contentUrl\":\"https:\\\/\\\/secure.gravatar.com\\\/avatar\\\/b6992f131dc8d30ab0dff15446e9d346d9dbd95992de0fef795073f5ea83a81c?s=96&d=mm&r=g\",\"caption\":\"La Gu\u00eda de Pamplona\"}}]}<\/script>\n<!-- \/ Yoast SEO plugin. -->","yoast_head_json":{"title":"El alcalde de Pamplona ha mantenido una reuni\u00f3n con el Defensor del Pueblo de Navarra","description":"Patxi Vera cumplir\u00e1 el pr\u00f3ximo mes de marzo dos a\u00f1os al frente de la instituci\u00f3n Defensor del Pueblo de la Comunidad Foral de Navarra","robots":{"index":"index","follow":"follow","max-snippet":"max-snippet:-1","max-image-preview":"max-image-preview:large","max-video-preview":"max-video-preview:-1"},"canonical":"https:\/\/www.laguiadepamplona.com\/actualidad\/el-alcalde-de-pamplona-ha-mantenido-una-reunion-con-el-defensor-del-pueblo-de-navarra\/","og_locale":"es_ES","og_type":"article","og_title":"El alcalde de Pamplona ha mantenido una reuni\u00f3n con el Defensor del Pueblo de Navarra","og_description":"Patxi Vera cumplir\u00e1 el pr\u00f3ximo mes de marzo dos a\u00f1os al frente de la instituci\u00f3n Defensor del Pueblo de la Comunidad Foral de Navarra","og_url":"https:\/\/www.laguiadepamplona.com\/actualidad\/el-alcalde-de-pamplona-ha-mantenido-una-reunion-con-el-defensor-del-pueblo-de-navarra\/","og_site_name":"La Gu\u00eda de Pamplona","article_publisher":"https:\/\/www.facebook.com\/laguiadepamplonacom-133175176762273\/?ref=hl","article_published_time":"2024-01-22T11:54:00+00:00","og_image":[{"width":1200,"height":800,"url":"https:\/\/www.laguiadepamplona.com\/actualidad\/wp-content\/uploads\/2024\/01\/24_01_19-Defensor-del-Pueblo_Q5A9264-1.webp","type":"image\/webp"}],"author":"La Gu\u00eda de Pamplona","twitter_card":"summary_large_image","twitter_creator":"@LaGuiadPamplona","twitter_site":"@LaGuiadPamplona","twitter_misc":{"Escrito por":"La Gu\u00eda de Pamplona","Tiempo de lectura":"1 minuto"},"schema":{"@context":"https:\/\/schema.org","@graph":[{"@type":"Article","@id":"https:\/\/www.laguiadepamplona.com\/actualidad\/el-alcalde-de-pamplona-ha-mantenido-una-reunion-con-el-defensor-del-pueblo-de-navarra\/#article","isPartOf":{"@id":"https:\/\/www.laguiadepamplona.com\/actualidad\/el-alcalde-de-pamplona-ha-mantenido-una-reunion-con-el-defensor-del-pueblo-de-navarra\/"},"author":{"name":"La Gu\u00eda de Pamplona","@id":"https:\/\/www.laguiadepamplona.com\/actualidad\/#\/schema\/person\/efe887376f0213d4657c93adc50b1fdb"},"headline":"El alcalde de Pamplona ha mantenido una reuni\u00f3n con el Defensor del Pueblo de Navarra","datePublished":"2024-01-22T11:54:00+00:00","mainEntityOfPage":{"@id":"https:\/\/www.laguiadepamplona.com\/actualidad\/el-alcalde-de-pamplona-ha-mantenido-una-reunion-con-el-defensor-del-pueblo-de-navarra\/"},"wordCount":182,"commentCount":0,"publisher":{"@id":"https:\/\/www.laguiadepamplona.com\/actualidad\/#organization"},"image":{"@id":"https:\/\/www.laguiadepamplona.com\/actualidad\/el-alcalde-de-pamplona-ha-mantenido-una-reunion-con-el-defensor-del-pueblo-de-navarra\/#primaryimage"},"thumbnailUrl":"https:\/\/www.laguiadepamplona.com\/actualidad\/wp-content\/uploads\/2024\/01\/24_01_19-Defensor-del-Pueblo_Q5A9264-1.webp","articleSection":["Ayto Pamplona"],"inLanguage":"es","potentialAction":[{"@type":"CommentAction","name":"Comment","target":["https:\/\/www.laguiadepamplona.com\/actualidad\/el-alcalde-de-pamplona-ha-mantenido-una-reunion-con-el-defensor-del-pueblo-de-navarra\/#respond"]}]},{"@type":"WebPage","@id":"https:\/\/www.laguiadepamplona.com\/actualidad\/el-alcalde-de-pamplona-ha-mantenido-una-reunion-con-el-defensor-del-pueblo-de-navarra\/","url":"https:\/\/www.laguiadepamplona.com\/actualidad\/el-alcalde-de-pamplona-ha-mantenido-una-reunion-con-el-defensor-del-pueblo-de-navarra\/","name":"El alcalde de Pamplona ha mantenido una reuni\u00f3n con el Defensor del Pueblo de Navarra","isPartOf":{"@id":"https:\/\/www.laguiadepamplona.com\/actualidad\/#website"},"primaryImageOfPage":{"@id":"https:\/\/www.laguiadepamplona.com\/actualidad\/el-alcalde-de-pamplona-ha-mantenido-una-reunion-con-el-defensor-del-pueblo-de-navarra\/#primaryimage"},"image":{"@id":"https:\/\/www.laguiadepamplona.com\/actualidad\/el-alcalde-de-pamplona-ha-mantenido-una-reunion-con-el-defensor-del-pueblo-de-navarra\/#primaryimage"},"thumbnailUrl":"https:\/\/www.laguiadepamplona.com\/actualidad\/wp-content\/uploads\/2024\/01\/24_01_19-Defensor-del-Pueblo_Q5A9264-1.webp","datePublished":"2024-01-22T11:54:00+00:00","description":"Patxi Vera cumplir\u00e1 el pr\u00f3ximo mes de marzo dos a\u00f1os al frente de la instituci\u00f3n Defensor del Pueblo de la Comunidad Foral de Navarra","breadcrumb":{"@id":"https:\/\/www.laguiadepamplona.com\/actualidad\/el-alcalde-de-pamplona-ha-mantenido-una-reunion-con-el-defensor-del-pueblo-de-navarra\/#breadcrumb"},"inLanguage":"es","potentialAction":[{"@type":"ReadAction","target":["https:\/\/www.laguiadepamplona.com\/actualidad\/el-alcalde-de-pamplona-ha-mantenido-una-reunion-con-el-defensor-del-pueblo-de-navarra\/"]}]},{"@type":"ImageObject","inLanguage":"es","@id":"https:\/\/www.laguiadepamplona.com\/actualidad\/el-alcalde-de-pamplona-ha-mantenido-una-reunion-con-el-defensor-del-pueblo-de-navarra\/#primaryimage","url":"https:\/\/www.laguiadepamplona.com\/actualidad\/wp-content\/uploads\/2024\/01\/24_01_19-Defensor-del-Pueblo_Q5A9264-1.webp","contentUrl":"https:\/\/www.laguiadepamplona.com\/actualidad\/wp-content\/uploads\/2024\/01\/24_01_19-Defensor-del-Pueblo_Q5A9264-1.webp","width":1200,"height":800,"caption":"defensor pueblo"},{"@type":"BreadcrumbList","@id":"https:\/\/www.laguiadepamplona.com\/actualidad\/el-alcalde-de-pamplona-ha-mantenido-una-reunion-con-el-defensor-del-pueblo-de-navarra\/#breadcrumb","itemListElement":[{"@type":"ListItem","position":1,"name":"Portada","item":"https:\/\/www.laguiadepamplona.com\/actualidad\/"},{"@type":"ListItem","position":2,"name":"El alcalde de Pamplona ha mantenido una reuni\u00f3n con el Defensor del Pueblo de Navarra"}]},{"@type":"WebSite","@id":"https:\/\/www.laguiadepamplona.com\/actualidad\/#website","url":"https:\/\/www.laguiadepamplona.com\/actualidad\/","name":"La gu\u00eda de Pamplona","description":"Noticias de Pamplona","publisher":{"@id":"https:\/\/www.laguiadepamplona.com\/actualidad\/#organization"},"potentialAction":[{"@type":"SearchAction","target":{"@type":"EntryPoint","urlTemplate":"https:\/\/www.laguiadepamplona.com\/actualidad\/?s={search_term_string}"},"query-input":{"@type":"PropertyValueSpecification","valueRequired":true,"valueName":"search_term_string"}}],"inLanguage":"es"},{"@type":"Organization","@id":"https:\/\/www.laguiadepamplona.com\/actualidad\/#organization","name":"La Gu\u00eda de Pamplona \/ Noticias","url":"https:\/\/www.laguiadepamplona.com\/actualidad\/","logo":{"@type":"ImageObject","inLanguage":"es","@id":"https:\/\/www.laguiadepamplona.com\/actualidad\/#\/schema\/logo\/image\/","url":"https:\/\/www.laguiadepamplona.com\/actualidad\/wp-content\/uploads\/2018\/11\/logo-laguiadepamplona18-web1.png","contentUrl":"https:\/\/www.laguiadepamplona.com\/actualidad\/wp-content\/uploads\/2018\/11\/logo-laguiadepamplona18-web1.png","width":600,"height":196,"caption":"La Gu\u00eda de Pamplona \/ Noticias"},"image":{"@id":"https:\/\/www.laguiadepamplona.com\/actualidad\/#\/schema\/logo\/image\/"},"sameAs":["https:\/\/www.facebook.com\/laguiadepamplonacom-133175176762273\/?ref=hl","https:\/\/x.com\/LaGuiadPamplona","https:\/\/www.instagram.com\/la_guia_de_pamplona\/","https:\/\/www.youtube.com\/user\/laguiadepamplona"]},{"@type":"Person","@id":"https:\/\/www.laguiadepamplona.com\/actualidad\/#\/schema\/person\/efe887376f0213d4657c93adc50b1fdb","name":"La Gu\u00eda de Pamplona","image":{"@type":"ImageObject","inLanguage":"es","@id":"https:\/\/secure.gravatar.com\/avatar\/b6992f131dc8d30ab0dff15446e9d346d9dbd95992de0fef795073f5ea83a81c?s=96&d=mm&r=g","url":"https:\/\/secure.gravatar.com\/avatar\/b6992f131dc8d30ab0dff15446e9d346d9dbd95992de0fef795073f5ea83a81c?s=96&d=mm&r=g","contentUrl":"https:\/\/secure.gravatar.com\/avatar\/b6992f131dc8d30ab0dff15446e9d346d9dbd95992de0fef795073f5ea83a81c?s=96&d=mm&r=g","caption":"La Gu\u00eda de Pamplona"}}]}},"post_mailing_queue_ids":[],"_links":{"self":[{"href":"https:\/\/www.laguiadepamplona.com\/actualidad\/wp-json\/wp\/v2\/posts\/48499","targetHints":{"allow":["GET"]}}],"collection":[{"href":"https:\/\/www.laguiadepamplona.com\/actualidad\/wp-json\/wp\/v2\/posts"}],"about":[{"href":"https:\/\/www.laguiadepamplona.com\/actualidad\/wp-json\/wp\/v2\/types\/post"}],"author":[{"embeddable":true,"href":"https:\/\/www.laguiadepamplona.com\/actualidad\/wp-json\/wp\/v2\/users\/1"}],"replies":[{"embeddable":true,"href":"https:\/\/www.laguiadepamplona.com\/actualidad\/wp-json\/wp\/v2\/comments?post=48499"}],"version-history":[{"count":1,"href":"https:\/\/www.laguiadepamplona.com\/actualidad\/wp-json\/wp\/v2\/posts\/48499\/revisions"}],"predecessor-version":[{"id":48501,"href":"https:\/\/www.laguiadepamplona.com\/actualidad\/wp-json\/wp\/v2\/posts\/48499\/revisions\/48501"}],"wp:featuredmedia":[{"embeddable":true,"href":"https:\/\/www.laguiadepamplona.com\/actualidad\/wp-json\/wp\/v2\/media\/48500"}],"wp:attachment":[{"href":"https:\/\/www.laguiadepamplona.com\/actualidad\/wp-json\/wp\/v2\/media?parent=48499"}],"wp:term":[{"taxonomy":"category","embeddable":true,"href":"https:\/\/www.laguiadepamplona.com\/actualidad\/wp-json\/wp\/v2\/categories?post=48499"},{"taxonomy":"post_tag","embeddable":true,"href":"https:\/\/www.laguiadepamplona.com\/actualidad\/wp-json\/wp\/v2\/tags?post=48499"}],"curies":[{"name":"wp","href":"https:\/\/api.w.org\/{rel}","templated":true}]}}