{"id":48497,"date":"2024-01-22T13:34:38","date_gmt":"2024-01-22T11:34:38","guid":{"rendered":"https:\/\/www.laguiadepamplona.com\/actualidad\/?p=48497"},"modified":"2024-01-22T13:34:38","modified_gmt":"2024-01-22T11:34:38","slug":"residentes-del-casco-antiguo-podran-estacionar-en-el-aparcamiento-de-corralillos-desde-el-1-de-febrero","status":"publish","type":"post","link":"https:\/\/www.laguiadepamplona.com\/actualidad\/residentes-del-casco-antiguo-podran-estacionar-en-el-aparcamiento-de-corralillos-desde-el-1-de-febrero\/","title":{"rendered":"Residentes del Casco Antiguo podr\u00e1n estacionar en el aparcamiento de Corralillos desde el 1 de febrero"},"content":{"rendered":"<h2>La Junta de Gobierno Local ha aprobado esta modificaci\u00f3n para dar respuesta a las necesidades de aparcamiento en el Casco Antiguo<\/h2>\n<p><!--more--><\/p>\n<p>La bolsa de aparcamiento de Corralillos ser\u00e1 compartida por veh\u00edculos con tarjeta de residente del sector 1 y 8 a partir del 1 de febrero. De esta forma, los residentes en el Casco Antiguo podr\u00e1n estacionar sus veh\u00edculos en este espacio, al igual que los residentes de Rochapea. El aparcamiento de Corralillos se suma as\u00ed al de Anelier, al facilitar las mismas condiciones para los veh\u00edculos de ambos barrios.<br \/>\n<script async src=\"\/\/pagead2.googlesyndication.com\/pagead\/js\/adsbygoogle.js\"><\/script><br \/>\n<!-- Noticias La Guia de Pamplona --><br \/>\n<ins class=\"adsbygoogle\"\nstyle=\"display:block\"\ndata-ad-client=\"ca-pub-6943679897239327\"\ndata-ad-slot=\"7048180777\"\ndata-ad-format=\"auto\"><\/ins><br \/>\n<script>\n(adsbygoogle = window.adsbygoogle || []).push({});\n<\/script><\/p>\n<p>La Junta de Gobierno Local del Ayuntamiento de Pamplona ha aprobado en su sesi\u00f3n de hoy esta modificaci\u00f3n, con el objetivo de facilitar el aparcamiento de las personas residentes en el Casco Antiguo (sector 1). En 2022 exist\u00edan en torno a 5.300 tarjetas de aparcamiento para residentes en el sector 1, si bien \u00fanicamente hay disponibles 3.700 plazas de aparcamiento en la zona. Para cubrir ese desfase, el Ayuntamiento lleva ya varios a\u00f1os adoptando distintas medidas, como la que ahora afecta al aparcamiento de Corralillos.<\/p>\n<p>La decisi\u00f3n se ha adoptado atendiendo al nivel de ocupaci\u00f3n de esta bolsa de estacionamiento pensada en un primer momento \u00fanicamente para veh\u00edculos del sector 8 (Rochapea). Las cifras de ocupaci\u00f3n rondan el 70%. De las 329 plazas habilitadas, existen de forma habitual alrededor de 100 libres. Es por ello que se ha optado por permitir el estacionamiento tambi\u00e9n de residentes del Casco Antiguo. El aparcamiento continuar\u00e1 siendo zona naranja, de forma que cualquier persona que abone el ticket correspondiente podr\u00e1 estacionar ah\u00ed durante las horas habilitadas para ello. No obstante, las personas del sector 1 y 8 lo har\u00e1n de forma gratuita las 24 horas.<br \/>\n<script async src=\"\/\/pagead2.googlesyndication.com\/pagead\/js\/adsbygoogle.js\"><\/script><br \/>\n<!-- Noticias La Guia de Pamplona --><br \/>\n<ins class=\"adsbygoogle\"\nstyle=\"display:block\"\ndata-ad-client=\"ca-pub-6943679897239327\"\ndata-ad-slot=\"7048180777\"\ndata-ad-format=\"auto\"><\/ins><br \/>\n<script>\n(adsbygoogle = window.adsbygoogle || []).push({});\n<\/script><\/p>\n<p><strong>Otras medidas<\/strong><\/p>\n<p>Al margen de esta medida, el Consistorio tiene previsto analizar en breve en la Junta de Movilidad la habilitaci\u00f3n de una bolsa de aparcamiento para residentes del sector 1 en la zona de la Ciudad Deportiva Aranzadi, que en la actualidad es de libre estacionamiento. Ambas medidas buscan, en definitiva, realizar una redistribuci\u00f3n de plazas ya existentes y sin tener que crear nuevas.<\/p>\n<p>Adem\u00e1s, se renovar\u00e1n en breve sendos convenios con los aparcamientos subterr\u00e1neos de la Audiencia y de Baluarte, que disponen de tarifas econ\u00f3micas para vecinos del sector 1 con tarjeta de residente. El convenio con el aparcamiento de la Audiencia, del que ahora se benefician 80 personas, permite estacionar el veh\u00edculo por un precio de 44 euros mensuales. El objetivo es mantener estas condiciones y ampliarlas para el vecindario de la zona de la Cuesta de la Reina y alrededores, que han perdido plazas de aparcamientos tras las obras de construcci\u00f3n del carril bici y el ascensor de Trinitarios.<br \/>\n<script async src=\"\/\/pagead2.googlesyndication.com\/pagead\/js\/adsbygoogle.js\"><\/script><br \/>\n<!-- Noticias La Guia de Pamplona --><br \/>\n<ins class=\"adsbygoogle\"\nstyle=\"display:block\"\ndata-ad-client=\"ca-pub-6943679897239327\"\ndata-ad-slot=\"7048180777\"\ndata-ad-format=\"auto\"><\/ins><br \/>\n<script>\n(adsbygoogle = window.adsbygoogle || []).push({});\n<\/script><\/p>\n<p>En el caso del aparcamiento subterr\u00e1neo de Baluarte, \u00e9ste permite estacionar en horario nocturno a personas con tarjeta de residente de los sectores 1 (Casco Antiguo) y sector 2 (Ensanche) a un precio de 1 euro cada noche. Son cerca de 50 las personas que se benefician a d\u00eda de hoy de esta tarifa reducida, por lo que el objetivo es renovar el convenio.<\/p>\n","protected":false},"excerpt":{"rendered":"<p>La Junta de Gobierno Local ha aprobado esta modificaci\u00f3n para dar respuesta a las necesidades de aparcamiento en el Casco Antiguo<\/p>\n","protected":false},"author":1,"featured_media":35926,"comment_status":"open","ping_status":"closed","sticky":false,"template":"","format":"standard","meta":{"footnotes":""},"categories":[2],"tags":[],"class_list":["post-48497","post","type-post","status-publish","format-standard","has-post-thumbnail","hentry","category-ayuntamiento-pamplona"],"yoast_head":"<!-- This site is optimized with the Yoast SEO plugin v27.3 - https:\/\/yoast.com\/product\/yoast-seo-wordpress\/ -->\n<title>Residentes del Casco Antiguo podr\u00e1n estacionar en el aparcamiento de Corralillos desde el 1 de febrero<\/title>\n<meta name=\"description\" content=\"La Junta de Gobierno Local ha aprobado esta modificaci\u00f3n para dar respuesta a las necesidades de aparcamiento en el Casco Antiguo\" \/>\n<meta name=\"robots\" content=\"index, follow, max-snippet:-1, max-image-preview:large, max-video-preview:-1\" \/>\n<link rel=\"canonical\" href=\"https:\/\/www.laguiadepamplona.com\/actualidad\/residentes-del-casco-antiguo-podran-estacionar-en-el-aparcamiento-de-corralillos-desde-el-1-de-febrero\/\" \/>\n<meta property=\"og:locale\" content=\"es_ES\" \/>\n<meta property=\"og:type\" content=\"article\" \/>\n<meta property=\"og:title\" content=\"Residentes del Casco Antiguo podr\u00e1n estacionar en el aparcamiento de Corralillos desde el 1 de febrero\" \/>\n<meta property=\"og:description\" content=\"La Junta de Gobierno Local ha aprobado esta modificaci\u00f3n para dar respuesta a las necesidades de aparcamiento en el Casco Antiguo\" \/>\n<meta property=\"og:url\" content=\"https:\/\/www.laguiadepamplona.com\/actualidad\/residentes-del-casco-antiguo-podran-estacionar-en-el-aparcamiento-de-corralillos-desde-el-1-de-febrero\/\" \/>\n<meta property=\"og:site_name\" content=\"La Gu\u00eda de Pamplona\" \/>\n<meta property=\"article:publisher\" content=\"https:\/\/www.facebook.com\/laguiadepamplonacom-133175176762273\/?ref=hl\" \/>\n<meta property=\"article:published_time\" content=\"2024-01-22T11:34:38+00:00\" \/>\n<meta property=\"og:image\" content=\"https:\/\/www.laguiadepamplona.com\/actualidad\/wp-content\/uploads\/2021\/07\/zona-corralillos.jpg\" \/>\n\t<meta property=\"og:image:width\" content=\"1432\" \/>\n\t<meta property=\"og:image:height\" content=\"1080\" \/>\n\t<meta property=\"og:image:type\" content=\"image\/jpeg\" \/>\n<meta name=\"author\" content=\"La Gu\u00eda de Pamplona\" \/>\n<meta name=\"twitter:card\" content=\"summary_large_image\" \/>\n<meta name=\"twitter:creator\" content=\"@LaGuiadPamplona\" \/>\n<meta name=\"twitter:site\" content=\"@LaGuiadPamplona\" \/>\n<meta name=\"twitter:label1\" content=\"Escrito por\" \/>\n\t<meta name=\"twitter:data1\" content=\"La Gu\u00eda de Pamplona\" \/>\n\t<meta name=\"twitter:label2\" content=\"Tiempo de lectura\" \/>\n\t<meta name=\"twitter:data2\" content=\"3 minutos\" \/>\n<script type=\"application\/ld+json\" class=\"yoast-schema-graph\">{\"@context\":\"https:\\\/\\\/schema.org\",\"@graph\":[{\"@type\":\"Article\",\"@id\":\"https:\\\/\\\/www.laguiadepamplona.com\\\/actualidad\\\/residentes-del-casco-antiguo-podran-estacionar-en-el-aparcamiento-de-corralillos-desde-el-1-de-febrero\\\/#article\",\"isPartOf\":{\"@id\":\"https:\\\/\\\/www.laguiadepamplona.com\\\/actualidad\\\/residentes-del-casco-antiguo-podran-estacionar-en-el-aparcamiento-de-corralillos-desde-el-1-de-febrero\\\/\"},\"author\":{\"name\":\"La Gu\u00eda de Pamplona\",\"@id\":\"https:\\\/\\\/www.laguiadepamplona.com\\\/actualidad\\\/#\\\/schema\\\/person\\\/efe887376f0213d4657c93adc50b1fdb\"},\"headline\":\"Residentes del Casco Antiguo podr\u00e1n estacionar en el aparcamiento de Corralillos desde el 1 de febrero\",\"datePublished\":\"2024-01-22T11:34:38+00:00\",\"mainEntityOfPage\":{\"@id\":\"https:\\\/\\\/www.laguiadepamplona.com\\\/actualidad\\\/residentes-del-casco-antiguo-podran-estacionar-en-el-aparcamiento-de-corralillos-desde-el-1-de-febrero\\\/\"},\"wordCount\":526,\"commentCount\":0,\"publisher\":{\"@id\":\"https:\\\/\\\/www.laguiadepamplona.com\\\/actualidad\\\/#organization\"},\"image\":{\"@id\":\"https:\\\/\\\/www.laguiadepamplona.com\\\/actualidad\\\/residentes-del-casco-antiguo-podran-estacionar-en-el-aparcamiento-de-corralillos-desde-el-1-de-febrero\\\/#primaryimage\"},\"thumbnailUrl\":\"https:\\\/\\\/www.laguiadepamplona.com\\\/actualidad\\\/wp-content\\\/uploads\\\/2021\\\/07\\\/zona-corralillos.jpg\",\"articleSection\":[\"Ayto Pamplona\"],\"inLanguage\":\"es\",\"potentialAction\":[{\"@type\":\"CommentAction\",\"name\":\"Comment\",\"target\":[\"https:\\\/\\\/www.laguiadepamplona.com\\\/actualidad\\\/residentes-del-casco-antiguo-podran-estacionar-en-el-aparcamiento-de-corralillos-desde-el-1-de-febrero\\\/#respond\"]}]},{\"@type\":\"WebPage\",\"@id\":\"https:\\\/\\\/www.laguiadepamplona.com\\\/actualidad\\\/residentes-del-casco-antiguo-podran-estacionar-en-el-aparcamiento-de-corralillos-desde-el-1-de-febrero\\\/\",\"url\":\"https:\\\/\\\/www.laguiadepamplona.com\\\/actualidad\\\/residentes-del-casco-antiguo-podran-estacionar-en-el-aparcamiento-de-corralillos-desde-el-1-de-febrero\\\/\",\"name\":\"Residentes del Casco Antiguo podr\u00e1n estacionar en el aparcamiento de Corralillos desde el 1 de febrero\",\"isPartOf\":{\"@id\":\"https:\\\/\\\/www.laguiadepamplona.com\\\/actualidad\\\/#website\"},\"primaryImageOfPage\":{\"@id\":\"https:\\\/\\\/www.laguiadepamplona.com\\\/actualidad\\\/residentes-del-casco-antiguo-podran-estacionar-en-el-aparcamiento-de-corralillos-desde-el-1-de-febrero\\\/#primaryimage\"},\"image\":{\"@id\":\"https:\\\/\\\/www.laguiadepamplona.com\\\/actualidad\\\/residentes-del-casco-antiguo-podran-estacionar-en-el-aparcamiento-de-corralillos-desde-el-1-de-febrero\\\/#primaryimage\"},\"thumbnailUrl\":\"https:\\\/\\\/www.laguiadepamplona.com\\\/actualidad\\\/wp-content\\\/uploads\\\/2021\\\/07\\\/zona-corralillos.jpg\",\"datePublished\":\"2024-01-22T11:34:38+00:00\",\"description\":\"La Junta de Gobierno Local ha aprobado esta modificaci\u00f3n para dar respuesta a las necesidades de aparcamiento en el Casco Antiguo\",\"breadcrumb\":{\"@id\":\"https:\\\/\\\/www.laguiadepamplona.com\\\/actualidad\\\/residentes-del-casco-antiguo-podran-estacionar-en-el-aparcamiento-de-corralillos-desde-el-1-de-febrero\\\/#breadcrumb\"},\"inLanguage\":\"es\",\"potentialAction\":[{\"@type\":\"ReadAction\",\"target\":[\"https:\\\/\\\/www.laguiadepamplona.com\\\/actualidad\\\/residentes-del-casco-antiguo-podran-estacionar-en-el-aparcamiento-de-corralillos-desde-el-1-de-febrero\\\/\"]}]},{\"@type\":\"ImageObject\",\"inLanguage\":\"es\",\"@id\":\"https:\\\/\\\/www.laguiadepamplona.com\\\/actualidad\\\/residentes-del-casco-antiguo-podran-estacionar-en-el-aparcamiento-de-corralillos-desde-el-1-de-febrero\\\/#primaryimage\",\"url\":\"https:\\\/\\\/www.laguiadepamplona.com\\\/actualidad\\\/wp-content\\\/uploads\\\/2021\\\/07\\\/zona-corralillos.jpg\",\"contentUrl\":\"https:\\\/\\\/www.laguiadepamplona.com\\\/actualidad\\\/wp-content\\\/uploads\\\/2021\\\/07\\\/zona-corralillos.jpg\",\"width\":1432,\"height\":1080},{\"@type\":\"BreadcrumbList\",\"@id\":\"https:\\\/\\\/www.laguiadepamplona.com\\\/actualidad\\\/residentes-del-casco-antiguo-podran-estacionar-en-el-aparcamiento-de-corralillos-desde-el-1-de-febrero\\\/#breadcrumb\",\"itemListElement\":[{\"@type\":\"ListItem\",\"position\":1,\"name\":\"Portada\",\"item\":\"https:\\\/\\\/www.laguiadepamplona.com\\\/actualidad\\\/\"},{\"@type\":\"ListItem\",\"position\":2,\"name\":\"Residentes del Casco Antiguo podr\u00e1n estacionar en el aparcamiento de Corralillos desde el 1 de febrero\"}]},{\"@type\":\"WebSite\",\"@id\":\"https:\\\/\\\/www.laguiadepamplona.com\\\/actualidad\\\/#website\",\"url\":\"https:\\\/\\\/www.laguiadepamplona.com\\\/actualidad\\\/\",\"name\":\"La gu\u00eda de Pamplona\",\"description\":\"Noticias de Pamplona\",\"publisher\":{\"@id\":\"https:\\\/\\\/www.laguiadepamplona.com\\\/actualidad\\\/#organization\"},\"potentialAction\":[{\"@type\":\"SearchAction\",\"target\":{\"@type\":\"EntryPoint\",\"urlTemplate\":\"https:\\\/\\\/www.laguiadepamplona.com\\\/actualidad\\\/?s={search_term_string}\"},\"query-input\":{\"@type\":\"PropertyValueSpecification\",\"valueRequired\":true,\"valueName\":\"search_term_string\"}}],\"inLanguage\":\"es\"},{\"@type\":\"Organization\",\"@id\":\"https:\\\/\\\/www.laguiadepamplona.com\\\/actualidad\\\/#organization\",\"name\":\"La Gu\u00eda de Pamplona \\\/ Noticias\",\"url\":\"https:\\\/\\\/www.laguiadepamplona.com\\\/actualidad\\\/\",\"logo\":{\"@type\":\"ImageObject\",\"inLanguage\":\"es\",\"@id\":\"https:\\\/\\\/www.laguiadepamplona.com\\\/actualidad\\\/#\\\/schema\\\/logo\\\/image\\\/\",\"url\":\"https:\\\/\\\/www.laguiadepamplona.com\\\/actualidad\\\/wp-content\\\/uploads\\\/2018\\\/11\\\/logo-laguiadepamplona18-web1.png\",\"contentUrl\":\"https:\\\/\\\/www.laguiadepamplona.com\\\/actualidad\\\/wp-content\\\/uploads\\\/2018\\\/11\\\/logo-laguiadepamplona18-web1.png\",\"width\":600,\"height\":196,\"caption\":\"La Gu\u00eda de Pamplona \\\/ Noticias\"},\"image\":{\"@id\":\"https:\\\/\\\/www.laguiadepamplona.com\\\/actualidad\\\/#\\\/schema\\\/logo\\\/image\\\/\"},\"sameAs\":[\"https:\\\/\\\/www.facebook.com\\\/laguiadepamplonacom-133175176762273\\\/?ref=hl\",\"https:\\\/\\\/x.com\\\/LaGuiadPamplona\",\"https:\\\/\\\/www.instagram.com\\\/la_guia_de_pamplona\\\/\",\"https:\\\/\\\/www.youtube.com\\\/user\\\/laguiadepamplona\"]},{\"@type\":\"Person\",\"@id\":\"https:\\\/\\\/www.laguiadepamplona.com\\\/actualidad\\\/#\\\/schema\\\/person\\\/efe887376f0213d4657c93adc50b1fdb\",\"name\":\"La Gu\u00eda de Pamplona\",\"image\":{\"@type\":\"ImageObject\",\"inLanguage\":\"es\",\"@id\":\"https:\\\/\\\/secure.gravatar.com\\\/avatar\\\/b6992f131dc8d30ab0dff15446e9d346d9dbd95992de0fef795073f5ea83a81c?s=96&d=mm&r=g\",\"url\":\"https:\\\/\\\/secure.gravatar.com\\\/avatar\\\/b6992f131dc8d30ab0dff15446e9d346d9dbd95992de0fef795073f5ea83a81c?s=96&d=mm&r=g\",\"contentUrl\":\"https:\\\/\\\/secure.gravatar.com\\\/avatar\\\/b6992f131dc8d30ab0dff15446e9d346d9dbd95992de0fef795073f5ea83a81c?s=96&d=mm&r=g\",\"caption\":\"La Gu\u00eda de Pamplona\"}}]}<\/script>\n<!-- \/ Yoast SEO plugin. -->","yoast_head_json":{"title":"Residentes del Casco Antiguo podr\u00e1n estacionar en el aparcamiento de Corralillos desde el 1 de febrero","description":"La Junta de Gobierno Local ha aprobado esta modificaci\u00f3n para dar respuesta a las necesidades de aparcamiento en el Casco Antiguo","robots":{"index":"index","follow":"follow","max-snippet":"max-snippet:-1","max-image-preview":"max-image-preview:large","max-video-preview":"max-video-preview:-1"},"canonical":"https:\/\/www.laguiadepamplona.com\/actualidad\/residentes-del-casco-antiguo-podran-estacionar-en-el-aparcamiento-de-corralillos-desde-el-1-de-febrero\/","og_locale":"es_ES","og_type":"article","og_title":"Residentes del Casco Antiguo podr\u00e1n estacionar en el aparcamiento de Corralillos desde el 1 de febrero","og_description":"La Junta de Gobierno Local ha aprobado esta modificaci\u00f3n para dar respuesta a las necesidades de aparcamiento en el Casco Antiguo","og_url":"https:\/\/www.laguiadepamplona.com\/actualidad\/residentes-del-casco-antiguo-podran-estacionar-en-el-aparcamiento-de-corralillos-desde-el-1-de-febrero\/","og_site_name":"La Gu\u00eda de Pamplona","article_publisher":"https:\/\/www.facebook.com\/laguiadepamplonacom-133175176762273\/?ref=hl","article_published_time":"2024-01-22T11:34:38+00:00","og_image":[{"width":1432,"height":1080,"url":"https:\/\/www.laguiadepamplona.com\/actualidad\/wp-content\/uploads\/2021\/07\/zona-corralillos.jpg","type":"image\/jpeg"}],"author":"La Gu\u00eda de Pamplona","twitter_card":"summary_large_image","twitter_creator":"@LaGuiadPamplona","twitter_site":"@LaGuiadPamplona","twitter_misc":{"Escrito por":"La Gu\u00eda de Pamplona","Tiempo de lectura":"3 minutos"},"schema":{"@context":"https:\/\/schema.org","@graph":[{"@type":"Article","@id":"https:\/\/www.laguiadepamplona.com\/actualidad\/residentes-del-casco-antiguo-podran-estacionar-en-el-aparcamiento-de-corralillos-desde-el-1-de-febrero\/#article","isPartOf":{"@id":"https:\/\/www.laguiadepamplona.com\/actualidad\/residentes-del-casco-antiguo-podran-estacionar-en-el-aparcamiento-de-corralillos-desde-el-1-de-febrero\/"},"author":{"name":"La Gu\u00eda de Pamplona","@id":"https:\/\/www.laguiadepamplona.com\/actualidad\/#\/schema\/person\/efe887376f0213d4657c93adc50b1fdb"},"headline":"Residentes del Casco Antiguo podr\u00e1n estacionar en el aparcamiento de Corralillos desde el 1 de febrero","datePublished":"2024-01-22T11:34:38+00:00","mainEntityOfPage":{"@id":"https:\/\/www.laguiadepamplona.com\/actualidad\/residentes-del-casco-antiguo-podran-estacionar-en-el-aparcamiento-de-corralillos-desde-el-1-de-febrero\/"},"wordCount":526,"commentCount":0,"publisher":{"@id":"https:\/\/www.laguiadepamplona.com\/actualidad\/#organization"},"image":{"@id":"https:\/\/www.laguiadepamplona.com\/actualidad\/residentes-del-casco-antiguo-podran-estacionar-en-el-aparcamiento-de-corralillos-desde-el-1-de-febrero\/#primaryimage"},"thumbnailUrl":"https:\/\/www.laguiadepamplona.com\/actualidad\/wp-content\/uploads\/2021\/07\/zona-corralillos.jpg","articleSection":["Ayto Pamplona"],"inLanguage":"es","potentialAction":[{"@type":"CommentAction","name":"Comment","target":["https:\/\/www.laguiadepamplona.com\/actualidad\/residentes-del-casco-antiguo-podran-estacionar-en-el-aparcamiento-de-corralillos-desde-el-1-de-febrero\/#respond"]}]},{"@type":"WebPage","@id":"https:\/\/www.laguiadepamplona.com\/actualidad\/residentes-del-casco-antiguo-podran-estacionar-en-el-aparcamiento-de-corralillos-desde-el-1-de-febrero\/","url":"https:\/\/www.laguiadepamplona.com\/actualidad\/residentes-del-casco-antiguo-podran-estacionar-en-el-aparcamiento-de-corralillos-desde-el-1-de-febrero\/","name":"Residentes del Casco Antiguo podr\u00e1n estacionar en el aparcamiento de Corralillos desde el 1 de febrero","isPartOf":{"@id":"https:\/\/www.laguiadepamplona.com\/actualidad\/#website"},"primaryImageOfPage":{"@id":"https:\/\/www.laguiadepamplona.com\/actualidad\/residentes-del-casco-antiguo-podran-estacionar-en-el-aparcamiento-de-corralillos-desde-el-1-de-febrero\/#primaryimage"},"image":{"@id":"https:\/\/www.laguiadepamplona.com\/actualidad\/residentes-del-casco-antiguo-podran-estacionar-en-el-aparcamiento-de-corralillos-desde-el-1-de-febrero\/#primaryimage"},"thumbnailUrl":"https:\/\/www.laguiadepamplona.com\/actualidad\/wp-content\/uploads\/2021\/07\/zona-corralillos.jpg","datePublished":"2024-01-22T11:34:38+00:00","description":"La Junta de Gobierno Local ha aprobado esta modificaci\u00f3n para dar respuesta a las necesidades de aparcamiento en el Casco Antiguo","breadcrumb":{"@id":"https:\/\/www.laguiadepamplona.com\/actualidad\/residentes-del-casco-antiguo-podran-estacionar-en-el-aparcamiento-de-corralillos-desde-el-1-de-febrero\/#breadcrumb"},"inLanguage":"es","potentialAction":[{"@type":"ReadAction","target":["https:\/\/www.laguiadepamplona.com\/actualidad\/residentes-del-casco-antiguo-podran-estacionar-en-el-aparcamiento-de-corralillos-desde-el-1-de-febrero\/"]}]},{"@type":"ImageObject","inLanguage":"es","@id":"https:\/\/www.laguiadepamplona.com\/actualidad\/residentes-del-casco-antiguo-podran-estacionar-en-el-aparcamiento-de-corralillos-desde-el-1-de-febrero\/#primaryimage","url":"https:\/\/www.laguiadepamplona.com\/actualidad\/wp-content\/uploads\/2021\/07\/zona-corralillos.jpg","contentUrl":"https:\/\/www.laguiadepamplona.com\/actualidad\/wp-content\/uploads\/2021\/07\/zona-corralillos.jpg","width":1432,"height":1080},{"@type":"BreadcrumbList","@id":"https:\/\/www.laguiadepamplona.com\/actualidad\/residentes-del-casco-antiguo-podran-estacionar-en-el-aparcamiento-de-corralillos-desde-el-1-de-febrero\/#breadcrumb","itemListElement":[{"@type":"ListItem","position":1,"name":"Portada","item":"https:\/\/www.laguiadepamplona.com\/actualidad\/"},{"@type":"ListItem","position":2,"name":"Residentes del Casco Antiguo podr\u00e1n estacionar en el aparcamiento de Corralillos desde el 1 de febrero"}]},{"@type":"WebSite","@id":"https:\/\/www.laguiadepamplona.com\/actualidad\/#website","url":"https:\/\/www.laguiadepamplona.com\/actualidad\/","name":"La gu\u00eda de Pamplona","description":"Noticias de Pamplona","publisher":{"@id":"https:\/\/www.laguiadepamplona.com\/actualidad\/#organization"},"potentialAction":[{"@type":"SearchAction","target":{"@type":"EntryPoint","urlTemplate":"https:\/\/www.laguiadepamplona.com\/actualidad\/?s={search_term_string}"},"query-input":{"@type":"PropertyValueSpecification","valueRequired":true,"valueName":"search_term_string"}}],"inLanguage":"es"},{"@type":"Organization","@id":"https:\/\/www.laguiadepamplona.com\/actualidad\/#organization","name":"La Gu\u00eda de Pamplona \/ Noticias","url":"https:\/\/www.laguiadepamplona.com\/actualidad\/","logo":{"@type":"ImageObject","inLanguage":"es","@id":"https:\/\/www.laguiadepamplona.com\/actualidad\/#\/schema\/logo\/image\/","url":"https:\/\/www.laguiadepamplona.com\/actualidad\/wp-content\/uploads\/2018\/11\/logo-laguiadepamplona18-web1.png","contentUrl":"https:\/\/www.laguiadepamplona.com\/actualidad\/wp-content\/uploads\/2018\/11\/logo-laguiadepamplona18-web1.png","width":600,"height":196,"caption":"La Gu\u00eda de Pamplona \/ Noticias"},"image":{"@id":"https:\/\/www.laguiadepamplona.com\/actualidad\/#\/schema\/logo\/image\/"},"sameAs":["https:\/\/www.facebook.com\/laguiadepamplonacom-133175176762273\/?ref=hl","https:\/\/x.com\/LaGuiadPamplona","https:\/\/www.instagram.com\/la_guia_de_pamplona\/","https:\/\/www.youtube.com\/user\/laguiadepamplona"]},{"@type":"Person","@id":"https:\/\/www.laguiadepamplona.com\/actualidad\/#\/schema\/person\/efe887376f0213d4657c93adc50b1fdb","name":"La Gu\u00eda de Pamplona","image":{"@type":"ImageObject","inLanguage":"es","@id":"https:\/\/secure.gravatar.com\/avatar\/b6992f131dc8d30ab0dff15446e9d346d9dbd95992de0fef795073f5ea83a81c?s=96&d=mm&r=g","url":"https:\/\/secure.gravatar.com\/avatar\/b6992f131dc8d30ab0dff15446e9d346d9dbd95992de0fef795073f5ea83a81c?s=96&d=mm&r=g","contentUrl":"https:\/\/secure.gravatar.com\/avatar\/b6992f131dc8d30ab0dff15446e9d346d9dbd95992de0fef795073f5ea83a81c?s=96&d=mm&r=g","caption":"La Gu\u00eda de Pamplona"}}]}},"post_mailing_queue_ids":[],"_links":{"self":[{"href":"https:\/\/www.laguiadepamplona.com\/actualidad\/wp-json\/wp\/v2\/posts\/48497","targetHints":{"allow":["GET"]}}],"collection":[{"href":"https:\/\/www.laguiadepamplona.com\/actualidad\/wp-json\/wp\/v2\/posts"}],"about":[{"href":"https:\/\/www.laguiadepamplona.com\/actualidad\/wp-json\/wp\/v2\/types\/post"}],"author":[{"embeddable":true,"href":"https:\/\/www.laguiadepamplona.com\/actualidad\/wp-json\/wp\/v2\/users\/1"}],"replies":[{"embeddable":true,"href":"https:\/\/www.laguiadepamplona.com\/actualidad\/wp-json\/wp\/v2\/comments?post=48497"}],"version-history":[{"count":1,"href":"https:\/\/www.laguiadepamplona.com\/actualidad\/wp-json\/wp\/v2\/posts\/48497\/revisions"}],"predecessor-version":[{"id":48498,"href":"https:\/\/www.laguiadepamplona.com\/actualidad\/wp-json\/wp\/v2\/posts\/48497\/revisions\/48498"}],"wp:featuredmedia":[{"embeddable":true,"href":"https:\/\/www.laguiadepamplona.com\/actualidad\/wp-json\/wp\/v2\/media\/35926"}],"wp:attachment":[{"href":"https:\/\/www.laguiadepamplona.com\/actualidad\/wp-json\/wp\/v2\/media?parent=48497"}],"wp:term":[{"taxonomy":"category","embeddable":true,"href":"https:\/\/www.laguiadepamplona.com\/actualidad\/wp-json\/wp\/v2\/categories?post=48497"},{"taxonomy":"post_tag","embeddable":true,"href":"https:\/\/www.laguiadepamplona.com\/actualidad\/wp-json\/wp\/v2\/tags?post=48497"}],"curies":[{"name":"wp","href":"https:\/\/api.w.org\/{rel}","templated":true}]}}