{"id":48495,"date":"2024-01-22T13:30:28","date_gmt":"2024-01-22T11:30:28","guid":{"rendered":"https:\/\/www.laguiadepamplona.com\/actualidad\/?p=48495"},"modified":"2024-01-22T13:30:28","modified_gmt":"2024-01-22T11:30:28","slug":"los-desfiles-de-los-centros-escolares-podran-contar-con-presencia-de-agentes-de-policia-municipal-y-pasar-de-las-aceras-a-las-calzadas","status":"publish","type":"post","link":"https:\/\/www.laguiadepamplona.com\/actualidad\/los-desfiles-de-los-centros-escolares-podran-contar-con-presencia-de-agentes-de-policia-municipal-y-pasar-de-las-aceras-a-las-calzadas\/","title":{"rendered":"Los desfiles de los centros escolares podr\u00e1n contar con presencia de agentes de polic\u00eda municipal y pasar de las aceras a las calzadas"},"content":{"rendered":"<h2>Una resoluci\u00f3n del concejal delegado del \u00c1rea de Seguridad y Convivencia Ciudadana elimina del texto anterior la frase que limitaba esa posibilidad<\/h2>\n<p><!--more--><\/p>\n<p>El Ayuntamiento de Pamplona ha modificado los criterios para la autorizaci\u00f3n de actividades en la v\u00eda o espacios p\u00fablicos en relaci\u00f3n a las peticiones de los centros educativos, una medida tomada de forma provisional mientras se acomete la redacci\u00f3n de una nueva ordenanza sobre la utilizaci\u00f3n democr\u00e1tica del espacio p\u00fablico que fije los criterios de las autorizaciones de uso, ahora reguladas mediante resoluci\u00f3n de concejal\u00eda. Como materia conexa, el Consistorio tambi\u00e9n revisar\u00e1 los contenidos de la ordenanza de Promoci\u00f3n de conductas c\u00edvicas y protecci\u00f3n de espacios p\u00fablicos.<\/p>\n<p>Por el momento, la nueva resoluci\u00f3n del concejal delegado del \u00c1rea de Seguridad y Convivencia Ciudadana, Endika Alonso Irisarri, ha eliminado la frase \u201cLas peticiones de los centros educativos no contar\u00e1n con apoyo policial y deber\u00e1n cumplir las normas de circulaci\u00f3n, ya que no se cortar\u00e1 el tr\u00e1fico\u201c, la \u00faltima previsi\u00f3n que integra el aparado \u201cI\u201d, relativo a procesiones, cabalgatas, olentzeros, carnavales y otros desfiles\u201d. El resto del texto original sigue siendo el mismo, aunque en la medida en la que la normativa lo permita, se reinterpretar\u00e1n sus previsiones con criterios m\u00e1s flexibles.<br \/>\n<script async src=\"\/\/pagead2.googlesyndication.com\/pagead\/js\/adsbygoogle.js\"><\/script><br \/>\n<!-- Noticias La Guia de Pamplona --><br \/>\n<ins class=\"adsbygoogle\"\nstyle=\"display:block\"\ndata-ad-client=\"ca-pub-6943679897239327\"\ndata-ad-slot=\"7048180777\"\ndata-ad-format=\"auto\"><\/ins><br \/>\n<script>\n(adsbygoogle = window.adsbygoogle || []).push({});\n<\/script><\/p>\n<p>La frase eliminada, establecida en la normativa municipal desde el a\u00f1o 2005, es la que ha hecho que en los tres \u00faltimos a\u00f1os desde el Consistorio se haya dado un tratamiento restrictivo a los actos de los centros escolares. De esta forma, por ejemplo, los 8 desfiles de carnaval de 2022 y los 9 de 2023 tuvieron que realizarse por las aceras; eso mismo sucedi\u00f3 con los desfiles de gigantes. De los que fueron autorizados, 11 y 13, respectivamente, no pudieron bajar a calzada 9 en 2022 y 11 en 2023, algo que se repiti\u00f3 en el caso de 7 y 6 olentzeros en las navidades de ambos a\u00f1os.<\/p>\n<p>Con los nuevos criterios se busca que eso no suceda, priorizando las expresiones populares adem\u00e1s de evitar accidentes, como sucedi\u00f3 con sendas ca\u00eddas de gigantes en Rochapea y Txantrea. En ese sentido, el objetivo de la supresi\u00f3n es intentar que el Ayuntamiento de Pamplona preste el apoyo polic\u00eda a todos esos desfiles, siempre de forma consensuada con la entidad organizadora e intentando priorizar en los trayectos el tr\u00e1nsito por zonas peatonales. Desde el Consistorio se est\u00e1 explorando, adem\u00e1s, que personal civil pueda colaborar en distintas cuestiones de seguridad ciudadana y el \u00e1mbito concreto de los eventos organizados por los centros escolares podr\u00eda ser uno de los campos de aplicaci\u00f3n de este apoyo.<br \/>\n<script async src=\"\/\/pagead2.googlesyndication.com\/pagead\/js\/adsbygoogle.js\"><\/script><br \/>\n<!-- Noticias La Guia de Pamplona --><br \/>\n<ins class=\"adsbygoogle\"\nstyle=\"display:block\"\ndata-ad-client=\"ca-pub-6943679897239327\"\ndata-ad-slot=\"7048180777\"\ndata-ad-format=\"auto\"><\/ins><br \/>\n<script>\n(adsbygoogle = window.adsbygoogle || []).push({});\n<\/script><\/p>\n<p>El establecimiento de los criterios del uso del espacio p\u00fabico en la normativa municipal con rango de Ordenanza ser\u00e1 una forma de actualizaci\u00f3n, a la vez que buscar\u00e1 establecer un espacio de decisi\u00f3n reglado que dificulte la aleatoriedad en la aplicaci\u00f3n de sus previsiones y que, adem\u00e1s, establezca supuestos con criterios uniformes.<\/p>\n","protected":false},"excerpt":{"rendered":"<p>Una resoluci\u00f3n del concejal delegado del \u00c1rea de Seguridad y Convivencia Ciudadana elimina del texto anterior la frase que limitaba esa posibilidad<\/p>\n","protected":false},"author":1,"featured_media":34872,"comment_status":"open","ping_status":"closed","sticky":false,"template":"","format":"standard","meta":{"footnotes":""},"categories":[2],"tags":[],"class_list":["post-48495","post","type-post","status-publish","format-standard","has-post-thumbnail","hentry","category-ayuntamiento-pamplona"],"yoast_head":"<!-- This site is optimized with the Yoast SEO plugin v27.3 - https:\/\/yoast.com\/product\/yoast-seo-wordpress\/ -->\n<title>Los desfiles de los centros escolares podr\u00e1n contar con presencia de agentes de polic\u00eda municipal y pasar de las aceras a las calzadas<\/title>\n<meta name=\"description\" content=\"Una resoluci\u00f3n del concejal delegado del \u00c1rea de Seguridad y Convivencia Ciudadana elimina del texto anterior la frase que limitaba esa posibilidad\" \/>\n<meta name=\"robots\" content=\"index, follow, max-snippet:-1, max-image-preview:large, max-video-preview:-1\" \/>\n<link rel=\"canonical\" href=\"https:\/\/www.laguiadepamplona.com\/actualidad\/los-desfiles-de-los-centros-escolares-podran-contar-con-presencia-de-agentes-de-policia-municipal-y-pasar-de-las-aceras-a-las-calzadas\/\" \/>\n<meta property=\"og:locale\" content=\"es_ES\" \/>\n<meta property=\"og:type\" content=\"article\" \/>\n<meta property=\"og:title\" content=\"Los desfiles de los centros escolares podr\u00e1n contar con presencia de agentes de polic\u00eda municipal y pasar de las aceras a las calzadas\" \/>\n<meta property=\"og:description\" content=\"Una resoluci\u00f3n del concejal delegado del \u00c1rea de Seguridad y Convivencia Ciudadana elimina del texto anterior la frase que limitaba esa posibilidad\" \/>\n<meta property=\"og:url\" content=\"https:\/\/www.laguiadepamplona.com\/actualidad\/los-desfiles-de-los-centros-escolares-podran-contar-con-presencia-de-agentes-de-policia-municipal-y-pasar-de-las-aceras-a-las-calzadas\/\" \/>\n<meta property=\"og:site_name\" content=\"La Gu\u00eda de Pamplona\" \/>\n<meta property=\"article:publisher\" content=\"https:\/\/www.facebook.com\/laguiadepamplonacom-133175176762273\/?ref=hl\" \/>\n<meta property=\"article:published_time\" content=\"2024-01-22T11:30:28+00:00\" \/>\n<meta property=\"og:image\" content=\"https:\/\/www.laguiadepamplona.com\/actualidad\/wp-content\/uploads\/2021\/05\/policia_municipal-pamplona.jpg\" \/>\n\t<meta property=\"og:image:width\" content=\"1920\" \/>\n\t<meta property=\"og:image:height\" content=\"1280\" \/>\n\t<meta property=\"og:image:type\" content=\"image\/jpeg\" \/>\n<meta name=\"author\" content=\"La Gu\u00eda de Pamplona\" \/>\n<meta name=\"twitter:card\" content=\"summary_large_image\" \/>\n<meta name=\"twitter:creator\" content=\"@LaGuiadPamplona\" \/>\n<meta name=\"twitter:site\" content=\"@LaGuiadPamplona\" \/>\n<meta name=\"twitter:label1\" content=\"Escrito por\" \/>\n\t<meta name=\"twitter:data1\" content=\"La Gu\u00eda de Pamplona\" \/>\n\t<meta name=\"twitter:label2\" content=\"Tiempo de lectura\" \/>\n\t<meta name=\"twitter:data2\" content=\"3 minutos\" \/>\n<script type=\"application\/ld+json\" class=\"yoast-schema-graph\">{\"@context\":\"https:\\\/\\\/schema.org\",\"@graph\":[{\"@type\":\"Article\",\"@id\":\"https:\\\/\\\/www.laguiadepamplona.com\\\/actualidad\\\/los-desfiles-de-los-centros-escolares-podran-contar-con-presencia-de-agentes-de-policia-municipal-y-pasar-de-las-aceras-a-las-calzadas\\\/#article\",\"isPartOf\":{\"@id\":\"https:\\\/\\\/www.laguiadepamplona.com\\\/actualidad\\\/los-desfiles-de-los-centros-escolares-podran-contar-con-presencia-de-agentes-de-policia-municipal-y-pasar-de-las-aceras-a-las-calzadas\\\/\"},\"author\":{\"name\":\"La Gu\u00eda de Pamplona\",\"@id\":\"https:\\\/\\\/www.laguiadepamplona.com\\\/actualidad\\\/#\\\/schema\\\/person\\\/efe887376f0213d4657c93adc50b1fdb\"},\"headline\":\"Los desfiles de los centros escolares podr\u00e1n contar con presencia de agentes de polic\u00eda municipal y pasar de las aceras a las calzadas\",\"datePublished\":\"2024-01-22T11:30:28+00:00\",\"mainEntityOfPage\":{\"@id\":\"https:\\\/\\\/www.laguiadepamplona.com\\\/actualidad\\\/los-desfiles-de-los-centros-escolares-podran-contar-con-presencia-de-agentes-de-policia-municipal-y-pasar-de-las-aceras-a-las-calzadas\\\/\"},\"wordCount\":527,\"commentCount\":0,\"publisher\":{\"@id\":\"https:\\\/\\\/www.laguiadepamplona.com\\\/actualidad\\\/#organization\"},\"image\":{\"@id\":\"https:\\\/\\\/www.laguiadepamplona.com\\\/actualidad\\\/los-desfiles-de-los-centros-escolares-podran-contar-con-presencia-de-agentes-de-policia-municipal-y-pasar-de-las-aceras-a-las-calzadas\\\/#primaryimage\"},\"thumbnailUrl\":\"https:\\\/\\\/www.laguiadepamplona.com\\\/actualidad\\\/wp-content\\\/uploads\\\/2021\\\/05\\\/policia_municipal-pamplona.jpg\",\"articleSection\":[\"Ayto Pamplona\"],\"inLanguage\":\"es\",\"potentialAction\":[{\"@type\":\"CommentAction\",\"name\":\"Comment\",\"target\":[\"https:\\\/\\\/www.laguiadepamplona.com\\\/actualidad\\\/los-desfiles-de-los-centros-escolares-podran-contar-con-presencia-de-agentes-de-policia-municipal-y-pasar-de-las-aceras-a-las-calzadas\\\/#respond\"]}]},{\"@type\":\"WebPage\",\"@id\":\"https:\\\/\\\/www.laguiadepamplona.com\\\/actualidad\\\/los-desfiles-de-los-centros-escolares-podran-contar-con-presencia-de-agentes-de-policia-municipal-y-pasar-de-las-aceras-a-las-calzadas\\\/\",\"url\":\"https:\\\/\\\/www.laguiadepamplona.com\\\/actualidad\\\/los-desfiles-de-los-centros-escolares-podran-contar-con-presencia-de-agentes-de-policia-municipal-y-pasar-de-las-aceras-a-las-calzadas\\\/\",\"name\":\"Los desfiles de los centros escolares podr\u00e1n contar con presencia de agentes de polic\u00eda municipal y pasar de las aceras a las calzadas\",\"isPartOf\":{\"@id\":\"https:\\\/\\\/www.laguiadepamplona.com\\\/actualidad\\\/#website\"},\"primaryImageOfPage\":{\"@id\":\"https:\\\/\\\/www.laguiadepamplona.com\\\/actualidad\\\/los-desfiles-de-los-centros-escolares-podran-contar-con-presencia-de-agentes-de-policia-municipal-y-pasar-de-las-aceras-a-las-calzadas\\\/#primaryimage\"},\"image\":{\"@id\":\"https:\\\/\\\/www.laguiadepamplona.com\\\/actualidad\\\/los-desfiles-de-los-centros-escolares-podran-contar-con-presencia-de-agentes-de-policia-municipal-y-pasar-de-las-aceras-a-las-calzadas\\\/#primaryimage\"},\"thumbnailUrl\":\"https:\\\/\\\/www.laguiadepamplona.com\\\/actualidad\\\/wp-content\\\/uploads\\\/2021\\\/05\\\/policia_municipal-pamplona.jpg\",\"datePublished\":\"2024-01-22T11:30:28+00:00\",\"description\":\"Una resoluci\u00f3n del concejal delegado del \u00c1rea de Seguridad y Convivencia Ciudadana elimina del texto anterior la frase que limitaba esa posibilidad\",\"breadcrumb\":{\"@id\":\"https:\\\/\\\/www.laguiadepamplona.com\\\/actualidad\\\/los-desfiles-de-los-centros-escolares-podran-contar-con-presencia-de-agentes-de-policia-municipal-y-pasar-de-las-aceras-a-las-calzadas\\\/#breadcrumb\"},\"inLanguage\":\"es\",\"potentialAction\":[{\"@type\":\"ReadAction\",\"target\":[\"https:\\\/\\\/www.laguiadepamplona.com\\\/actualidad\\\/los-desfiles-de-los-centros-escolares-podran-contar-con-presencia-de-agentes-de-policia-municipal-y-pasar-de-las-aceras-a-las-calzadas\\\/\"]}]},{\"@type\":\"ImageObject\",\"inLanguage\":\"es\",\"@id\":\"https:\\\/\\\/www.laguiadepamplona.com\\\/actualidad\\\/los-desfiles-de-los-centros-escolares-podran-contar-con-presencia-de-agentes-de-policia-municipal-y-pasar-de-las-aceras-a-las-calzadas\\\/#primaryimage\",\"url\":\"https:\\\/\\\/www.laguiadepamplona.com\\\/actualidad\\\/wp-content\\\/uploads\\\/2021\\\/05\\\/policia_municipal-pamplona.jpg\",\"contentUrl\":\"https:\\\/\\\/www.laguiadepamplona.com\\\/actualidad\\\/wp-content\\\/uploads\\\/2021\\\/05\\\/policia_municipal-pamplona.jpg\",\"width\":1920,\"height\":1280,\"caption\":\"polic\u00eda municipal\"},{\"@type\":\"BreadcrumbList\",\"@id\":\"https:\\\/\\\/www.laguiadepamplona.com\\\/actualidad\\\/los-desfiles-de-los-centros-escolares-podran-contar-con-presencia-de-agentes-de-policia-municipal-y-pasar-de-las-aceras-a-las-calzadas\\\/#breadcrumb\",\"itemListElement\":[{\"@type\":\"ListItem\",\"position\":1,\"name\":\"Portada\",\"item\":\"https:\\\/\\\/www.laguiadepamplona.com\\\/actualidad\\\/\"},{\"@type\":\"ListItem\",\"position\":2,\"name\":\"Los desfiles de los centros escolares podr\u00e1n contar con presencia de agentes de polic\u00eda municipal y pasar de las aceras a las calzadas\"}]},{\"@type\":\"WebSite\",\"@id\":\"https:\\\/\\\/www.laguiadepamplona.com\\\/actualidad\\\/#website\",\"url\":\"https:\\\/\\\/www.laguiadepamplona.com\\\/actualidad\\\/\",\"name\":\"La gu\u00eda de Pamplona\",\"description\":\"Noticias de Pamplona\",\"publisher\":{\"@id\":\"https:\\\/\\\/www.laguiadepamplona.com\\\/actualidad\\\/#organization\"},\"potentialAction\":[{\"@type\":\"SearchAction\",\"target\":{\"@type\":\"EntryPoint\",\"urlTemplate\":\"https:\\\/\\\/www.laguiadepamplona.com\\\/actualidad\\\/?s={search_term_string}\"},\"query-input\":{\"@type\":\"PropertyValueSpecification\",\"valueRequired\":true,\"valueName\":\"search_term_string\"}}],\"inLanguage\":\"es\"},{\"@type\":\"Organization\",\"@id\":\"https:\\\/\\\/www.laguiadepamplona.com\\\/actualidad\\\/#organization\",\"name\":\"La Gu\u00eda de Pamplona \\\/ Noticias\",\"url\":\"https:\\\/\\\/www.laguiadepamplona.com\\\/actualidad\\\/\",\"logo\":{\"@type\":\"ImageObject\",\"inLanguage\":\"es\",\"@id\":\"https:\\\/\\\/www.laguiadepamplona.com\\\/actualidad\\\/#\\\/schema\\\/logo\\\/image\\\/\",\"url\":\"https:\\\/\\\/www.laguiadepamplona.com\\\/actualidad\\\/wp-content\\\/uploads\\\/2018\\\/11\\\/logo-laguiadepamplona18-web1.png\",\"contentUrl\":\"https:\\\/\\\/www.laguiadepamplona.com\\\/actualidad\\\/wp-content\\\/uploads\\\/2018\\\/11\\\/logo-laguiadepamplona18-web1.png\",\"width\":600,\"height\":196,\"caption\":\"La Gu\u00eda de Pamplona \\\/ Noticias\"},\"image\":{\"@id\":\"https:\\\/\\\/www.laguiadepamplona.com\\\/actualidad\\\/#\\\/schema\\\/logo\\\/image\\\/\"},\"sameAs\":[\"https:\\\/\\\/www.facebook.com\\\/laguiadepamplonacom-133175176762273\\\/?ref=hl\",\"https:\\\/\\\/x.com\\\/LaGuiadPamplona\",\"https:\\\/\\\/www.instagram.com\\\/la_guia_de_pamplona\\\/\",\"https:\\\/\\\/www.youtube.com\\\/user\\\/laguiadepamplona\"]},{\"@type\":\"Person\",\"@id\":\"https:\\\/\\\/www.laguiadepamplona.com\\\/actualidad\\\/#\\\/schema\\\/person\\\/efe887376f0213d4657c93adc50b1fdb\",\"name\":\"La Gu\u00eda de Pamplona\",\"image\":{\"@type\":\"ImageObject\",\"inLanguage\":\"es\",\"@id\":\"https:\\\/\\\/secure.gravatar.com\\\/avatar\\\/b6992f131dc8d30ab0dff15446e9d346d9dbd95992de0fef795073f5ea83a81c?s=96&d=mm&r=g\",\"url\":\"https:\\\/\\\/secure.gravatar.com\\\/avatar\\\/b6992f131dc8d30ab0dff15446e9d346d9dbd95992de0fef795073f5ea83a81c?s=96&d=mm&r=g\",\"contentUrl\":\"https:\\\/\\\/secure.gravatar.com\\\/avatar\\\/b6992f131dc8d30ab0dff15446e9d346d9dbd95992de0fef795073f5ea83a81c?s=96&d=mm&r=g\",\"caption\":\"La Gu\u00eda de Pamplona\"}}]}<\/script>\n<!-- \/ Yoast SEO plugin. -->","yoast_head_json":{"title":"Los desfiles de los centros escolares podr\u00e1n contar con presencia de agentes de polic\u00eda municipal y pasar de las aceras a las calzadas","description":"Una resoluci\u00f3n del concejal delegado del \u00c1rea de Seguridad y Convivencia Ciudadana elimina del texto anterior la frase que limitaba esa posibilidad","robots":{"index":"index","follow":"follow","max-snippet":"max-snippet:-1","max-image-preview":"max-image-preview:large","max-video-preview":"max-video-preview:-1"},"canonical":"https:\/\/www.laguiadepamplona.com\/actualidad\/los-desfiles-de-los-centros-escolares-podran-contar-con-presencia-de-agentes-de-policia-municipal-y-pasar-de-las-aceras-a-las-calzadas\/","og_locale":"es_ES","og_type":"article","og_title":"Los desfiles de los centros escolares podr\u00e1n contar con presencia de agentes de polic\u00eda municipal y pasar de las aceras a las calzadas","og_description":"Una resoluci\u00f3n del concejal delegado del \u00c1rea de Seguridad y Convivencia Ciudadana elimina del texto anterior la frase que limitaba esa posibilidad","og_url":"https:\/\/www.laguiadepamplona.com\/actualidad\/los-desfiles-de-los-centros-escolares-podran-contar-con-presencia-de-agentes-de-policia-municipal-y-pasar-de-las-aceras-a-las-calzadas\/","og_site_name":"La Gu\u00eda de Pamplona","article_publisher":"https:\/\/www.facebook.com\/laguiadepamplonacom-133175176762273\/?ref=hl","article_published_time":"2024-01-22T11:30:28+00:00","og_image":[{"width":1920,"height":1280,"url":"https:\/\/www.laguiadepamplona.com\/actualidad\/wp-content\/uploads\/2021\/05\/policia_municipal-pamplona.jpg","type":"image\/jpeg"}],"author":"La Gu\u00eda de Pamplona","twitter_card":"summary_large_image","twitter_creator":"@LaGuiadPamplona","twitter_site":"@LaGuiadPamplona","twitter_misc":{"Escrito por":"La Gu\u00eda de Pamplona","Tiempo de lectura":"3 minutos"},"schema":{"@context":"https:\/\/schema.org","@graph":[{"@type":"Article","@id":"https:\/\/www.laguiadepamplona.com\/actualidad\/los-desfiles-de-los-centros-escolares-podran-contar-con-presencia-de-agentes-de-policia-municipal-y-pasar-de-las-aceras-a-las-calzadas\/#article","isPartOf":{"@id":"https:\/\/www.laguiadepamplona.com\/actualidad\/los-desfiles-de-los-centros-escolares-podran-contar-con-presencia-de-agentes-de-policia-municipal-y-pasar-de-las-aceras-a-las-calzadas\/"},"author":{"name":"La Gu\u00eda de Pamplona","@id":"https:\/\/www.laguiadepamplona.com\/actualidad\/#\/schema\/person\/efe887376f0213d4657c93adc50b1fdb"},"headline":"Los desfiles de los centros escolares podr\u00e1n contar con presencia de agentes de polic\u00eda municipal y pasar de las aceras a las calzadas","datePublished":"2024-01-22T11:30:28+00:00","mainEntityOfPage":{"@id":"https:\/\/www.laguiadepamplona.com\/actualidad\/los-desfiles-de-los-centros-escolares-podran-contar-con-presencia-de-agentes-de-policia-municipal-y-pasar-de-las-aceras-a-las-calzadas\/"},"wordCount":527,"commentCount":0,"publisher":{"@id":"https:\/\/www.laguiadepamplona.com\/actualidad\/#organization"},"image":{"@id":"https:\/\/www.laguiadepamplona.com\/actualidad\/los-desfiles-de-los-centros-escolares-podran-contar-con-presencia-de-agentes-de-policia-municipal-y-pasar-de-las-aceras-a-las-calzadas\/#primaryimage"},"thumbnailUrl":"https:\/\/www.laguiadepamplona.com\/actualidad\/wp-content\/uploads\/2021\/05\/policia_municipal-pamplona.jpg","articleSection":["Ayto Pamplona"],"inLanguage":"es","potentialAction":[{"@type":"CommentAction","name":"Comment","target":["https:\/\/www.laguiadepamplona.com\/actualidad\/los-desfiles-de-los-centros-escolares-podran-contar-con-presencia-de-agentes-de-policia-municipal-y-pasar-de-las-aceras-a-las-calzadas\/#respond"]}]},{"@type":"WebPage","@id":"https:\/\/www.laguiadepamplona.com\/actualidad\/los-desfiles-de-los-centros-escolares-podran-contar-con-presencia-de-agentes-de-policia-municipal-y-pasar-de-las-aceras-a-las-calzadas\/","url":"https:\/\/www.laguiadepamplona.com\/actualidad\/los-desfiles-de-los-centros-escolares-podran-contar-con-presencia-de-agentes-de-policia-municipal-y-pasar-de-las-aceras-a-las-calzadas\/","name":"Los desfiles de los centros escolares podr\u00e1n contar con presencia de agentes de polic\u00eda municipal y pasar de las aceras a las calzadas","isPartOf":{"@id":"https:\/\/www.laguiadepamplona.com\/actualidad\/#website"},"primaryImageOfPage":{"@id":"https:\/\/www.laguiadepamplona.com\/actualidad\/los-desfiles-de-los-centros-escolares-podran-contar-con-presencia-de-agentes-de-policia-municipal-y-pasar-de-las-aceras-a-las-calzadas\/#primaryimage"},"image":{"@id":"https:\/\/www.laguiadepamplona.com\/actualidad\/los-desfiles-de-los-centros-escolares-podran-contar-con-presencia-de-agentes-de-policia-municipal-y-pasar-de-las-aceras-a-las-calzadas\/#primaryimage"},"thumbnailUrl":"https:\/\/www.laguiadepamplona.com\/actualidad\/wp-content\/uploads\/2021\/05\/policia_municipal-pamplona.jpg","datePublished":"2024-01-22T11:30:28+00:00","description":"Una resoluci\u00f3n del concejal delegado del \u00c1rea de Seguridad y Convivencia Ciudadana elimina del texto anterior la frase que limitaba esa posibilidad","breadcrumb":{"@id":"https:\/\/www.laguiadepamplona.com\/actualidad\/los-desfiles-de-los-centros-escolares-podran-contar-con-presencia-de-agentes-de-policia-municipal-y-pasar-de-las-aceras-a-las-calzadas\/#breadcrumb"},"inLanguage":"es","potentialAction":[{"@type":"ReadAction","target":["https:\/\/www.laguiadepamplona.com\/actualidad\/los-desfiles-de-los-centros-escolares-podran-contar-con-presencia-de-agentes-de-policia-municipal-y-pasar-de-las-aceras-a-las-calzadas\/"]}]},{"@type":"ImageObject","inLanguage":"es","@id":"https:\/\/www.laguiadepamplona.com\/actualidad\/los-desfiles-de-los-centros-escolares-podran-contar-con-presencia-de-agentes-de-policia-municipal-y-pasar-de-las-aceras-a-las-calzadas\/#primaryimage","url":"https:\/\/www.laguiadepamplona.com\/actualidad\/wp-content\/uploads\/2021\/05\/policia_municipal-pamplona.jpg","contentUrl":"https:\/\/www.laguiadepamplona.com\/actualidad\/wp-content\/uploads\/2021\/05\/policia_municipal-pamplona.jpg","width":1920,"height":1280,"caption":"polic\u00eda municipal"},{"@type":"BreadcrumbList","@id":"https:\/\/www.laguiadepamplona.com\/actualidad\/los-desfiles-de-los-centros-escolares-podran-contar-con-presencia-de-agentes-de-policia-municipal-y-pasar-de-las-aceras-a-las-calzadas\/#breadcrumb","itemListElement":[{"@type":"ListItem","position":1,"name":"Portada","item":"https:\/\/www.laguiadepamplona.com\/actualidad\/"},{"@type":"ListItem","position":2,"name":"Los desfiles de los centros escolares podr\u00e1n contar con presencia de agentes de polic\u00eda municipal y pasar de las aceras a las calzadas"}]},{"@type":"WebSite","@id":"https:\/\/www.laguiadepamplona.com\/actualidad\/#website","url":"https:\/\/www.laguiadepamplona.com\/actualidad\/","name":"La gu\u00eda de Pamplona","description":"Noticias de Pamplona","publisher":{"@id":"https:\/\/www.laguiadepamplona.com\/actualidad\/#organization"},"potentialAction":[{"@type":"SearchAction","target":{"@type":"EntryPoint","urlTemplate":"https:\/\/www.laguiadepamplona.com\/actualidad\/?s={search_term_string}"},"query-input":{"@type":"PropertyValueSpecification","valueRequired":true,"valueName":"search_term_string"}}],"inLanguage":"es"},{"@type":"Organization","@id":"https:\/\/www.laguiadepamplona.com\/actualidad\/#organization","name":"La Gu\u00eda de Pamplona \/ Noticias","url":"https:\/\/www.laguiadepamplona.com\/actualidad\/","logo":{"@type":"ImageObject","inLanguage":"es","@id":"https:\/\/www.laguiadepamplona.com\/actualidad\/#\/schema\/logo\/image\/","url":"https:\/\/www.laguiadepamplona.com\/actualidad\/wp-content\/uploads\/2018\/11\/logo-laguiadepamplona18-web1.png","contentUrl":"https:\/\/www.laguiadepamplona.com\/actualidad\/wp-content\/uploads\/2018\/11\/logo-laguiadepamplona18-web1.png","width":600,"height":196,"caption":"La Gu\u00eda de Pamplona \/ Noticias"},"image":{"@id":"https:\/\/www.laguiadepamplona.com\/actualidad\/#\/schema\/logo\/image\/"},"sameAs":["https:\/\/www.facebook.com\/laguiadepamplonacom-133175176762273\/?ref=hl","https:\/\/x.com\/LaGuiadPamplona","https:\/\/www.instagram.com\/la_guia_de_pamplona\/","https:\/\/www.youtube.com\/user\/laguiadepamplona"]},{"@type":"Person","@id":"https:\/\/www.laguiadepamplona.com\/actualidad\/#\/schema\/person\/efe887376f0213d4657c93adc50b1fdb","name":"La Gu\u00eda de Pamplona","image":{"@type":"ImageObject","inLanguage":"es","@id":"https:\/\/secure.gravatar.com\/avatar\/b6992f131dc8d30ab0dff15446e9d346d9dbd95992de0fef795073f5ea83a81c?s=96&d=mm&r=g","url":"https:\/\/secure.gravatar.com\/avatar\/b6992f131dc8d30ab0dff15446e9d346d9dbd95992de0fef795073f5ea83a81c?s=96&d=mm&r=g","contentUrl":"https:\/\/secure.gravatar.com\/avatar\/b6992f131dc8d30ab0dff15446e9d346d9dbd95992de0fef795073f5ea83a81c?s=96&d=mm&r=g","caption":"La Gu\u00eda de Pamplona"}}]}},"post_mailing_queue_ids":[],"_links":{"self":[{"href":"https:\/\/www.laguiadepamplona.com\/actualidad\/wp-json\/wp\/v2\/posts\/48495","targetHints":{"allow":["GET"]}}],"collection":[{"href":"https:\/\/www.laguiadepamplona.com\/actualidad\/wp-json\/wp\/v2\/posts"}],"about":[{"href":"https:\/\/www.laguiadepamplona.com\/actualidad\/wp-json\/wp\/v2\/types\/post"}],"author":[{"embeddable":true,"href":"https:\/\/www.laguiadepamplona.com\/actualidad\/wp-json\/wp\/v2\/users\/1"}],"replies":[{"embeddable":true,"href":"https:\/\/www.laguiadepamplona.com\/actualidad\/wp-json\/wp\/v2\/comments?post=48495"}],"version-history":[{"count":1,"href":"https:\/\/www.laguiadepamplona.com\/actualidad\/wp-json\/wp\/v2\/posts\/48495\/revisions"}],"predecessor-version":[{"id":48496,"href":"https:\/\/www.laguiadepamplona.com\/actualidad\/wp-json\/wp\/v2\/posts\/48495\/revisions\/48496"}],"wp:featuredmedia":[{"embeddable":true,"href":"https:\/\/www.laguiadepamplona.com\/actualidad\/wp-json\/wp\/v2\/media\/34872"}],"wp:attachment":[{"href":"https:\/\/www.laguiadepamplona.com\/actualidad\/wp-json\/wp\/v2\/media?parent=48495"}],"wp:term":[{"taxonomy":"category","embeddable":true,"href":"https:\/\/www.laguiadepamplona.com\/actualidad\/wp-json\/wp\/v2\/categories?post=48495"},{"taxonomy":"post_tag","embeddable":true,"href":"https:\/\/www.laguiadepamplona.com\/actualidad\/wp-json\/wp\/v2\/tags?post=48495"}],"curies":[{"name":"wp","href":"https:\/\/api.w.org\/{rel}","templated":true}]}}