{"id":48489,"date":"2024-01-19T19:24:48","date_gmt":"2024-01-19T17:24:48","guid":{"rendered":"https:\/\/www.laguiadepamplona.com\/actualidad\/?p=48489"},"modified":"2024-01-19T19:24:48","modified_gmt":"2024-01-19T17:24:48","slug":"el-alcalde-recibe-al-secretario-de-estado-de-infancia-y-juventud-que-ha-mantenido-una-reunion-de-trabajo-con-las-areas-municipales-que-gestionan-esas-competencias","status":"publish","type":"post","link":"https:\/\/www.laguiadepamplona.com\/actualidad\/el-alcalde-recibe-al-secretario-de-estado-de-infancia-y-juventud-que-ha-mantenido-una-reunion-de-trabajo-con-las-areas-municipales-que-gestionan-esas-competencias\/","title":{"rendered":"El alcalde recibe al secretario de Estado de Infancia y Juventud, que ha mantenido una reuni\u00f3n de trabajo con las \u00e1reas municipales que gestionan esas competencias"},"content":{"rendered":"<h2><\/h2>\n<p><!--more--><\/p>\n<p>El alcalde de Pamplona, Joseba Asiron, ha recibido esta ma\u00f1ana en la Casa Consistorial al secretario de Estado de Infancia y Juventud, Rub\u00e9n P\u00e9rez Correa, que participar\u00e1 esta tarde en un encuentro abierto al p\u00fablico con organizaciones que trabajan en esos \u00e1mbitos. Tras el saludo del alcalde, el secretario de Estado ha mantenido una reuni\u00f3n de trabajo con los concejales y concejales responsables de las \u00e1reas que gestionan precisamente las competencias de infancia y juventud.<br \/>\n<script async src=\"\/\/pagead2.googlesyndication.com\/pagead\/js\/adsbygoogle.js\"><\/script><br \/>\n<!-- Noticias La Guia de Pamplona --><br \/>\n<ins class=\"adsbygoogle\"\nstyle=\"display:block\"\ndata-ad-client=\"ca-pub-6943679897239327\"\ndata-ad-slot=\"7048180777\"\ndata-ad-format=\"auto\"><\/ins><br \/>\n<script>\n(adsbygoogle = window.adsbygoogle || []).push({});\n<\/script><\/p>\n<p>Han participado el concejal delegado de Acci\u00f3n Social, Txema Maule\u00f3n, la concejala delegada de Igualdad, Acci\u00f3n Comunitaria, Barrios, Participaci\u00f3n Ciudadana y Euskera, Zaloa Basabe, el concejal especial de Innovaci\u00f3n, Juventud y Cooperaci\u00f3n al Desarrollo, Mikel Armend\u00e1riz, el director de Servicios Sociales, Rub\u00e9n Unanua, y la responsable municipal del programa de Infancia y Familia, Puri Zabalza. Se han abordado, entre otras l\u00edneas estrat\u00e9gicas en las que trabajan ambas administraciones, tem\u00e1ticas comunes como la protecci\u00f3n de menores en el marco de los servicios sociales y los menores tutelados, problem\u00e1ticas asociadas a la situaci\u00f3n de ni\u00f1os y ni\u00f1as migrantes no acompa\u00f1ados o la implementaci\u00f3n de pol\u00edticas de juventud, con un especial \u00e9nfasis en el acceso a la vivienda.<\/p>\n<p>El encuentro con asociaciones y organizaciones que trabajan en Navarra en los \u00e1mbitos de infancia y juventud tendr\u00e1 lugar esta misma tarde a partir de las 19 horas en la sala municipal de Calderer\u00eda 11. En el encuentro, se expondr\u00e1n los retos previstos para esta legislatura nacional en pol\u00edticas de infancia y juventud.<\/p>\n","protected":false},"excerpt":{"rendered":"","protected":false},"author":1,"featured_media":48490,"comment_status":"open","ping_status":"closed","sticky":false,"template":"","format":"standard","meta":{"footnotes":""},"categories":[2],"tags":[],"class_list":["post-48489","post","type-post","status-publish","format-standard","has-post-thumbnail","hentry","category-ayuntamiento-pamplona"],"yoast_head":"<!-- This site is optimized with the Yoast SEO plugin v27.3 - https:\/\/yoast.com\/product\/yoast-seo-wordpress\/ -->\n<title>El alcalde recibe al secretario de Estado de Infancia y Juventud, que ha mantenido una reuni\u00f3n de trabajo con las \u00e1reas municipales que gestionan esas competencias<\/title>\n<meta name=\"description\" content=\"El secretario de Estado participar\u00e1 esta tarde en un encuentro con organizaciones que trabajan en los \u00e1mbitos de la infancia y la juventud\" \/>\n<meta name=\"robots\" content=\"index, follow, max-snippet:-1, max-image-preview:large, max-video-preview:-1\" \/>\n<link rel=\"canonical\" href=\"https:\/\/www.laguiadepamplona.com\/actualidad\/el-alcalde-recibe-al-secretario-de-estado-de-infancia-y-juventud-que-ha-mantenido-una-reunion-de-trabajo-con-las-areas-municipales-que-gestionan-esas-competencias\/\" \/>\n<meta property=\"og:locale\" content=\"es_ES\" \/>\n<meta property=\"og:type\" content=\"article\" \/>\n<meta property=\"og:title\" content=\"El alcalde recibe al secretario de Estado de Infancia y Juventud, que ha mantenido una reuni\u00f3n de trabajo con las \u00e1reas municipales que gestionan esas competencias\" \/>\n<meta property=\"og:description\" content=\"El secretario de Estado participar\u00e1 esta tarde en un encuentro con organizaciones que trabajan en los \u00e1mbitos de la infancia y la juventud\" \/>\n<meta property=\"og:url\" content=\"https:\/\/www.laguiadepamplona.com\/actualidad\/el-alcalde-recibe-al-secretario-de-estado-de-infancia-y-juventud-que-ha-mantenido-una-reunion-de-trabajo-con-las-areas-municipales-que-gestionan-esas-competencias\/\" \/>\n<meta property=\"og:site_name\" content=\"La Gu\u00eda de Pamplona\" \/>\n<meta property=\"article:publisher\" content=\"https:\/\/www.facebook.com\/laguiadepamplonacom-133175176762273\/?ref=hl\" \/>\n<meta property=\"article:published_time\" content=\"2024-01-19T17:24:48+00:00\" \/>\n<meta property=\"og:image\" content=\"https:\/\/www.laguiadepamplona.com\/actualidad\/wp-content\/uploads\/2024\/01\/240119secretarioestadojuventudq5a9526.webp\" \/>\n\t<meta property=\"og:image:width\" content=\"1200\" \/>\n\t<meta property=\"og:image:height\" content=\"800\" \/>\n\t<meta property=\"og:image:type\" content=\"image\/webp\" \/>\n<meta name=\"author\" content=\"La Gu\u00eda de Pamplona\" \/>\n<meta name=\"twitter:card\" content=\"summary_large_image\" \/>\n<meta name=\"twitter:creator\" content=\"@LaGuiadPamplona\" \/>\n<meta name=\"twitter:site\" content=\"@LaGuiadPamplona\" \/>\n<meta name=\"twitter:label1\" content=\"Escrito por\" \/>\n\t<meta name=\"twitter:data1\" content=\"La Gu\u00eda de Pamplona\" \/>\n\t<meta name=\"twitter:label2\" content=\"Tiempo de lectura\" \/>\n\t<meta name=\"twitter:data2\" content=\"2 minutos\" \/>\n<script type=\"application\/ld+json\" class=\"yoast-schema-graph\">{\"@context\":\"https:\\\/\\\/schema.org\",\"@graph\":[{\"@type\":\"Article\",\"@id\":\"https:\\\/\\\/www.laguiadepamplona.com\\\/actualidad\\\/el-alcalde-recibe-al-secretario-de-estado-de-infancia-y-juventud-que-ha-mantenido-una-reunion-de-trabajo-con-las-areas-municipales-que-gestionan-esas-competencias\\\/#article\",\"isPartOf\":{\"@id\":\"https:\\\/\\\/www.laguiadepamplona.com\\\/actualidad\\\/el-alcalde-recibe-al-secretario-de-estado-de-infancia-y-juventud-que-ha-mantenido-una-reunion-de-trabajo-con-las-areas-municipales-que-gestionan-esas-competencias\\\/\"},\"author\":{\"name\":\"La Gu\u00eda de Pamplona\",\"@id\":\"https:\\\/\\\/www.laguiadepamplona.com\\\/actualidad\\\/#\\\/schema\\\/person\\\/efe887376f0213d4657c93adc50b1fdb\"},\"headline\":\"El alcalde recibe al secretario de Estado de Infancia y Juventud, que ha mantenido una reuni\u00f3n de trabajo con las \u00e1reas municipales que gestionan esas competencias\",\"datePublished\":\"2024-01-19T17:24:48+00:00\",\"mainEntityOfPage\":{\"@id\":\"https:\\\/\\\/www.laguiadepamplona.com\\\/actualidad\\\/el-alcalde-recibe-al-secretario-de-estado-de-infancia-y-juventud-que-ha-mantenido-una-reunion-de-trabajo-con-las-areas-municipales-que-gestionan-esas-competencias\\\/\"},\"wordCount\":295,\"commentCount\":0,\"publisher\":{\"@id\":\"https:\\\/\\\/www.laguiadepamplona.com\\\/actualidad\\\/#organization\"},\"image\":{\"@id\":\"https:\\\/\\\/www.laguiadepamplona.com\\\/actualidad\\\/el-alcalde-recibe-al-secretario-de-estado-de-infancia-y-juventud-que-ha-mantenido-una-reunion-de-trabajo-con-las-areas-municipales-que-gestionan-esas-competencias\\\/#primaryimage\"},\"thumbnailUrl\":\"https:\\\/\\\/www.laguiadepamplona.com\\\/actualidad\\\/wp-content\\\/uploads\\\/2024\\\/01\\\/240119secretarioestadojuventudq5a9526.webp\",\"articleSection\":[\"Ayto Pamplona\"],\"inLanguage\":\"es\",\"potentialAction\":[{\"@type\":\"CommentAction\",\"name\":\"Comment\",\"target\":[\"https:\\\/\\\/www.laguiadepamplona.com\\\/actualidad\\\/el-alcalde-recibe-al-secretario-de-estado-de-infancia-y-juventud-que-ha-mantenido-una-reunion-de-trabajo-con-las-areas-municipales-que-gestionan-esas-competencias\\\/#respond\"]}]},{\"@type\":\"WebPage\",\"@id\":\"https:\\\/\\\/www.laguiadepamplona.com\\\/actualidad\\\/el-alcalde-recibe-al-secretario-de-estado-de-infancia-y-juventud-que-ha-mantenido-una-reunion-de-trabajo-con-las-areas-municipales-que-gestionan-esas-competencias\\\/\",\"url\":\"https:\\\/\\\/www.laguiadepamplona.com\\\/actualidad\\\/el-alcalde-recibe-al-secretario-de-estado-de-infancia-y-juventud-que-ha-mantenido-una-reunion-de-trabajo-con-las-areas-municipales-que-gestionan-esas-competencias\\\/\",\"name\":\"El alcalde recibe al secretario de Estado de Infancia y Juventud, que ha mantenido una reuni\u00f3n de trabajo con las \u00e1reas municipales que gestionan esas competencias\",\"isPartOf\":{\"@id\":\"https:\\\/\\\/www.laguiadepamplona.com\\\/actualidad\\\/#website\"},\"primaryImageOfPage\":{\"@id\":\"https:\\\/\\\/www.laguiadepamplona.com\\\/actualidad\\\/el-alcalde-recibe-al-secretario-de-estado-de-infancia-y-juventud-que-ha-mantenido-una-reunion-de-trabajo-con-las-areas-municipales-que-gestionan-esas-competencias\\\/#primaryimage\"},\"image\":{\"@id\":\"https:\\\/\\\/www.laguiadepamplona.com\\\/actualidad\\\/el-alcalde-recibe-al-secretario-de-estado-de-infancia-y-juventud-que-ha-mantenido-una-reunion-de-trabajo-con-las-areas-municipales-que-gestionan-esas-competencias\\\/#primaryimage\"},\"thumbnailUrl\":\"https:\\\/\\\/www.laguiadepamplona.com\\\/actualidad\\\/wp-content\\\/uploads\\\/2024\\\/01\\\/240119secretarioestadojuventudq5a9526.webp\",\"datePublished\":\"2024-01-19T17:24:48+00:00\",\"description\":\"El secretario de Estado participar\u00e1 esta tarde en un encuentro con organizaciones que trabajan en los \u00e1mbitos de la infancia y la juventud\",\"breadcrumb\":{\"@id\":\"https:\\\/\\\/www.laguiadepamplona.com\\\/actualidad\\\/el-alcalde-recibe-al-secretario-de-estado-de-infancia-y-juventud-que-ha-mantenido-una-reunion-de-trabajo-con-las-areas-municipales-que-gestionan-esas-competencias\\\/#breadcrumb\"},\"inLanguage\":\"es\",\"potentialAction\":[{\"@type\":\"ReadAction\",\"target\":[\"https:\\\/\\\/www.laguiadepamplona.com\\\/actualidad\\\/el-alcalde-recibe-al-secretario-de-estado-de-infancia-y-juventud-que-ha-mantenido-una-reunion-de-trabajo-con-las-areas-municipales-que-gestionan-esas-competencias\\\/\"]}]},{\"@type\":\"ImageObject\",\"inLanguage\":\"es\",\"@id\":\"https:\\\/\\\/www.laguiadepamplona.com\\\/actualidad\\\/el-alcalde-recibe-al-secretario-de-estado-de-infancia-y-juventud-que-ha-mantenido-una-reunion-de-trabajo-con-las-areas-municipales-que-gestionan-esas-competencias\\\/#primaryimage\",\"url\":\"https:\\\/\\\/www.laguiadepamplona.com\\\/actualidad\\\/wp-content\\\/uploads\\\/2024\\\/01\\\/240119secretarioestadojuventudq5a9526.webp\",\"contentUrl\":\"https:\\\/\\\/www.laguiadepamplona.com\\\/actualidad\\\/wp-content\\\/uploads\\\/2024\\\/01\\\/240119secretarioestadojuventudq5a9526.webp\",\"width\":1200,\"height\":800,\"caption\":\"secretario estado juventud\"},{\"@type\":\"BreadcrumbList\",\"@id\":\"https:\\\/\\\/www.laguiadepamplona.com\\\/actualidad\\\/el-alcalde-recibe-al-secretario-de-estado-de-infancia-y-juventud-que-ha-mantenido-una-reunion-de-trabajo-con-las-areas-municipales-que-gestionan-esas-competencias\\\/#breadcrumb\",\"itemListElement\":[{\"@type\":\"ListItem\",\"position\":1,\"name\":\"Portada\",\"item\":\"https:\\\/\\\/www.laguiadepamplona.com\\\/actualidad\\\/\"},{\"@type\":\"ListItem\",\"position\":2,\"name\":\"El alcalde recibe al secretario de Estado de Infancia y Juventud, que ha mantenido una reuni\u00f3n de trabajo con las \u00e1reas municipales que gestionan esas competencias\"}]},{\"@type\":\"WebSite\",\"@id\":\"https:\\\/\\\/www.laguiadepamplona.com\\\/actualidad\\\/#website\",\"url\":\"https:\\\/\\\/www.laguiadepamplona.com\\\/actualidad\\\/\",\"name\":\"La gu\u00eda de Pamplona\",\"description\":\"Noticias de Pamplona\",\"publisher\":{\"@id\":\"https:\\\/\\\/www.laguiadepamplona.com\\\/actualidad\\\/#organization\"},\"potentialAction\":[{\"@type\":\"SearchAction\",\"target\":{\"@type\":\"EntryPoint\",\"urlTemplate\":\"https:\\\/\\\/www.laguiadepamplona.com\\\/actualidad\\\/?s={search_term_string}\"},\"query-input\":{\"@type\":\"PropertyValueSpecification\",\"valueRequired\":true,\"valueName\":\"search_term_string\"}}],\"inLanguage\":\"es\"},{\"@type\":\"Organization\",\"@id\":\"https:\\\/\\\/www.laguiadepamplona.com\\\/actualidad\\\/#organization\",\"name\":\"La Gu\u00eda de Pamplona \\\/ Noticias\",\"url\":\"https:\\\/\\\/www.laguiadepamplona.com\\\/actualidad\\\/\",\"logo\":{\"@type\":\"ImageObject\",\"inLanguage\":\"es\",\"@id\":\"https:\\\/\\\/www.laguiadepamplona.com\\\/actualidad\\\/#\\\/schema\\\/logo\\\/image\\\/\",\"url\":\"https:\\\/\\\/www.laguiadepamplona.com\\\/actualidad\\\/wp-content\\\/uploads\\\/2018\\\/11\\\/logo-laguiadepamplona18-web1.png\",\"contentUrl\":\"https:\\\/\\\/www.laguiadepamplona.com\\\/actualidad\\\/wp-content\\\/uploads\\\/2018\\\/11\\\/logo-laguiadepamplona18-web1.png\",\"width\":600,\"height\":196,\"caption\":\"La Gu\u00eda de Pamplona \\\/ Noticias\"},\"image\":{\"@id\":\"https:\\\/\\\/www.laguiadepamplona.com\\\/actualidad\\\/#\\\/schema\\\/logo\\\/image\\\/\"},\"sameAs\":[\"https:\\\/\\\/www.facebook.com\\\/laguiadepamplonacom-133175176762273\\\/?ref=hl\",\"https:\\\/\\\/x.com\\\/LaGuiadPamplona\",\"https:\\\/\\\/www.instagram.com\\\/la_guia_de_pamplona\\\/\",\"https:\\\/\\\/www.youtube.com\\\/user\\\/laguiadepamplona\"]},{\"@type\":\"Person\",\"@id\":\"https:\\\/\\\/www.laguiadepamplona.com\\\/actualidad\\\/#\\\/schema\\\/person\\\/efe887376f0213d4657c93adc50b1fdb\",\"name\":\"La Gu\u00eda de Pamplona\",\"image\":{\"@type\":\"ImageObject\",\"inLanguage\":\"es\",\"@id\":\"https:\\\/\\\/secure.gravatar.com\\\/avatar\\\/b6992f131dc8d30ab0dff15446e9d346d9dbd95992de0fef795073f5ea83a81c?s=96&d=mm&r=g\",\"url\":\"https:\\\/\\\/secure.gravatar.com\\\/avatar\\\/b6992f131dc8d30ab0dff15446e9d346d9dbd95992de0fef795073f5ea83a81c?s=96&d=mm&r=g\",\"contentUrl\":\"https:\\\/\\\/secure.gravatar.com\\\/avatar\\\/b6992f131dc8d30ab0dff15446e9d346d9dbd95992de0fef795073f5ea83a81c?s=96&d=mm&r=g\",\"caption\":\"La Gu\u00eda de Pamplona\"}}]}<\/script>\n<!-- \/ Yoast SEO plugin. -->","yoast_head_json":{"title":"El alcalde recibe al secretario de Estado de Infancia y Juventud, que ha mantenido una reuni\u00f3n de trabajo con las \u00e1reas municipales que gestionan esas competencias","description":"El secretario de Estado participar\u00e1 esta tarde en un encuentro con organizaciones que trabajan en los \u00e1mbitos de la infancia y la juventud","robots":{"index":"index","follow":"follow","max-snippet":"max-snippet:-1","max-image-preview":"max-image-preview:large","max-video-preview":"max-video-preview:-1"},"canonical":"https:\/\/www.laguiadepamplona.com\/actualidad\/el-alcalde-recibe-al-secretario-de-estado-de-infancia-y-juventud-que-ha-mantenido-una-reunion-de-trabajo-con-las-areas-municipales-que-gestionan-esas-competencias\/","og_locale":"es_ES","og_type":"article","og_title":"El alcalde recibe al secretario de Estado de Infancia y Juventud, que ha mantenido una reuni\u00f3n de trabajo con las \u00e1reas municipales que gestionan esas competencias","og_description":"El secretario de Estado participar\u00e1 esta tarde en un encuentro con organizaciones que trabajan en los \u00e1mbitos de la infancia y la juventud","og_url":"https:\/\/www.laguiadepamplona.com\/actualidad\/el-alcalde-recibe-al-secretario-de-estado-de-infancia-y-juventud-que-ha-mantenido-una-reunion-de-trabajo-con-las-areas-municipales-que-gestionan-esas-competencias\/","og_site_name":"La Gu\u00eda de Pamplona","article_publisher":"https:\/\/www.facebook.com\/laguiadepamplonacom-133175176762273\/?ref=hl","article_published_time":"2024-01-19T17:24:48+00:00","og_image":[{"width":1200,"height":800,"url":"https:\/\/www.laguiadepamplona.com\/actualidad\/wp-content\/uploads\/2024\/01\/240119secretarioestadojuventudq5a9526.webp","type":"image\/webp"}],"author":"La Gu\u00eda de Pamplona","twitter_card":"summary_large_image","twitter_creator":"@LaGuiadPamplona","twitter_site":"@LaGuiadPamplona","twitter_misc":{"Escrito por":"La Gu\u00eda de Pamplona","Tiempo de lectura":"2 minutos"},"schema":{"@context":"https:\/\/schema.org","@graph":[{"@type":"Article","@id":"https:\/\/www.laguiadepamplona.com\/actualidad\/el-alcalde-recibe-al-secretario-de-estado-de-infancia-y-juventud-que-ha-mantenido-una-reunion-de-trabajo-con-las-areas-municipales-que-gestionan-esas-competencias\/#article","isPartOf":{"@id":"https:\/\/www.laguiadepamplona.com\/actualidad\/el-alcalde-recibe-al-secretario-de-estado-de-infancia-y-juventud-que-ha-mantenido-una-reunion-de-trabajo-con-las-areas-municipales-que-gestionan-esas-competencias\/"},"author":{"name":"La Gu\u00eda de Pamplona","@id":"https:\/\/www.laguiadepamplona.com\/actualidad\/#\/schema\/person\/efe887376f0213d4657c93adc50b1fdb"},"headline":"El alcalde recibe al secretario de Estado de Infancia y Juventud, que ha mantenido una reuni\u00f3n de trabajo con las \u00e1reas municipales que gestionan esas competencias","datePublished":"2024-01-19T17:24:48+00:00","mainEntityOfPage":{"@id":"https:\/\/www.laguiadepamplona.com\/actualidad\/el-alcalde-recibe-al-secretario-de-estado-de-infancia-y-juventud-que-ha-mantenido-una-reunion-de-trabajo-con-las-areas-municipales-que-gestionan-esas-competencias\/"},"wordCount":295,"commentCount":0,"publisher":{"@id":"https:\/\/www.laguiadepamplona.com\/actualidad\/#organization"},"image":{"@id":"https:\/\/www.laguiadepamplona.com\/actualidad\/el-alcalde-recibe-al-secretario-de-estado-de-infancia-y-juventud-que-ha-mantenido-una-reunion-de-trabajo-con-las-areas-municipales-que-gestionan-esas-competencias\/#primaryimage"},"thumbnailUrl":"https:\/\/www.laguiadepamplona.com\/actualidad\/wp-content\/uploads\/2024\/01\/240119secretarioestadojuventudq5a9526.webp","articleSection":["Ayto Pamplona"],"inLanguage":"es","potentialAction":[{"@type":"CommentAction","name":"Comment","target":["https:\/\/www.laguiadepamplona.com\/actualidad\/el-alcalde-recibe-al-secretario-de-estado-de-infancia-y-juventud-que-ha-mantenido-una-reunion-de-trabajo-con-las-areas-municipales-que-gestionan-esas-competencias\/#respond"]}]},{"@type":"WebPage","@id":"https:\/\/www.laguiadepamplona.com\/actualidad\/el-alcalde-recibe-al-secretario-de-estado-de-infancia-y-juventud-que-ha-mantenido-una-reunion-de-trabajo-con-las-areas-municipales-que-gestionan-esas-competencias\/","url":"https:\/\/www.laguiadepamplona.com\/actualidad\/el-alcalde-recibe-al-secretario-de-estado-de-infancia-y-juventud-que-ha-mantenido-una-reunion-de-trabajo-con-las-areas-municipales-que-gestionan-esas-competencias\/","name":"El alcalde recibe al secretario de Estado de Infancia y Juventud, que ha mantenido una reuni\u00f3n de trabajo con las \u00e1reas municipales que gestionan esas competencias","isPartOf":{"@id":"https:\/\/www.laguiadepamplona.com\/actualidad\/#website"},"primaryImageOfPage":{"@id":"https:\/\/www.laguiadepamplona.com\/actualidad\/el-alcalde-recibe-al-secretario-de-estado-de-infancia-y-juventud-que-ha-mantenido-una-reunion-de-trabajo-con-las-areas-municipales-que-gestionan-esas-competencias\/#primaryimage"},"image":{"@id":"https:\/\/www.laguiadepamplona.com\/actualidad\/el-alcalde-recibe-al-secretario-de-estado-de-infancia-y-juventud-que-ha-mantenido-una-reunion-de-trabajo-con-las-areas-municipales-que-gestionan-esas-competencias\/#primaryimage"},"thumbnailUrl":"https:\/\/www.laguiadepamplona.com\/actualidad\/wp-content\/uploads\/2024\/01\/240119secretarioestadojuventudq5a9526.webp","datePublished":"2024-01-19T17:24:48+00:00","description":"El secretario de Estado participar\u00e1 esta tarde en un encuentro con organizaciones que trabajan en los \u00e1mbitos de la infancia y la juventud","breadcrumb":{"@id":"https:\/\/www.laguiadepamplona.com\/actualidad\/el-alcalde-recibe-al-secretario-de-estado-de-infancia-y-juventud-que-ha-mantenido-una-reunion-de-trabajo-con-las-areas-municipales-que-gestionan-esas-competencias\/#breadcrumb"},"inLanguage":"es","potentialAction":[{"@type":"ReadAction","target":["https:\/\/www.laguiadepamplona.com\/actualidad\/el-alcalde-recibe-al-secretario-de-estado-de-infancia-y-juventud-que-ha-mantenido-una-reunion-de-trabajo-con-las-areas-municipales-que-gestionan-esas-competencias\/"]}]},{"@type":"ImageObject","inLanguage":"es","@id":"https:\/\/www.laguiadepamplona.com\/actualidad\/el-alcalde-recibe-al-secretario-de-estado-de-infancia-y-juventud-que-ha-mantenido-una-reunion-de-trabajo-con-las-areas-municipales-que-gestionan-esas-competencias\/#primaryimage","url":"https:\/\/www.laguiadepamplona.com\/actualidad\/wp-content\/uploads\/2024\/01\/240119secretarioestadojuventudq5a9526.webp","contentUrl":"https:\/\/www.laguiadepamplona.com\/actualidad\/wp-content\/uploads\/2024\/01\/240119secretarioestadojuventudq5a9526.webp","width":1200,"height":800,"caption":"secretario estado juventud"},{"@type":"BreadcrumbList","@id":"https:\/\/www.laguiadepamplona.com\/actualidad\/el-alcalde-recibe-al-secretario-de-estado-de-infancia-y-juventud-que-ha-mantenido-una-reunion-de-trabajo-con-las-areas-municipales-que-gestionan-esas-competencias\/#breadcrumb","itemListElement":[{"@type":"ListItem","position":1,"name":"Portada","item":"https:\/\/www.laguiadepamplona.com\/actualidad\/"},{"@type":"ListItem","position":2,"name":"El alcalde recibe al secretario de Estado de Infancia y Juventud, que ha mantenido una reuni\u00f3n de trabajo con las \u00e1reas municipales que gestionan esas competencias"}]},{"@type":"WebSite","@id":"https:\/\/www.laguiadepamplona.com\/actualidad\/#website","url":"https:\/\/www.laguiadepamplona.com\/actualidad\/","name":"La gu\u00eda de Pamplona","description":"Noticias de Pamplona","publisher":{"@id":"https:\/\/www.laguiadepamplona.com\/actualidad\/#organization"},"potentialAction":[{"@type":"SearchAction","target":{"@type":"EntryPoint","urlTemplate":"https:\/\/www.laguiadepamplona.com\/actualidad\/?s={search_term_string}"},"query-input":{"@type":"PropertyValueSpecification","valueRequired":true,"valueName":"search_term_string"}}],"inLanguage":"es"},{"@type":"Organization","@id":"https:\/\/www.laguiadepamplona.com\/actualidad\/#organization","name":"La Gu\u00eda de Pamplona \/ Noticias","url":"https:\/\/www.laguiadepamplona.com\/actualidad\/","logo":{"@type":"ImageObject","inLanguage":"es","@id":"https:\/\/www.laguiadepamplona.com\/actualidad\/#\/schema\/logo\/image\/","url":"https:\/\/www.laguiadepamplona.com\/actualidad\/wp-content\/uploads\/2018\/11\/logo-laguiadepamplona18-web1.png","contentUrl":"https:\/\/www.laguiadepamplona.com\/actualidad\/wp-content\/uploads\/2018\/11\/logo-laguiadepamplona18-web1.png","width":600,"height":196,"caption":"La Gu\u00eda de Pamplona \/ Noticias"},"image":{"@id":"https:\/\/www.laguiadepamplona.com\/actualidad\/#\/schema\/logo\/image\/"},"sameAs":["https:\/\/www.facebook.com\/laguiadepamplonacom-133175176762273\/?ref=hl","https:\/\/x.com\/LaGuiadPamplona","https:\/\/www.instagram.com\/la_guia_de_pamplona\/","https:\/\/www.youtube.com\/user\/laguiadepamplona"]},{"@type":"Person","@id":"https:\/\/www.laguiadepamplona.com\/actualidad\/#\/schema\/person\/efe887376f0213d4657c93adc50b1fdb","name":"La Gu\u00eda de Pamplona","image":{"@type":"ImageObject","inLanguage":"es","@id":"https:\/\/secure.gravatar.com\/avatar\/b6992f131dc8d30ab0dff15446e9d346d9dbd95992de0fef795073f5ea83a81c?s=96&d=mm&r=g","url":"https:\/\/secure.gravatar.com\/avatar\/b6992f131dc8d30ab0dff15446e9d346d9dbd95992de0fef795073f5ea83a81c?s=96&d=mm&r=g","contentUrl":"https:\/\/secure.gravatar.com\/avatar\/b6992f131dc8d30ab0dff15446e9d346d9dbd95992de0fef795073f5ea83a81c?s=96&d=mm&r=g","caption":"La Gu\u00eda de Pamplona"}}]}},"post_mailing_queue_ids":[],"_links":{"self":[{"href":"https:\/\/www.laguiadepamplona.com\/actualidad\/wp-json\/wp\/v2\/posts\/48489","targetHints":{"allow":["GET"]}}],"collection":[{"href":"https:\/\/www.laguiadepamplona.com\/actualidad\/wp-json\/wp\/v2\/posts"}],"about":[{"href":"https:\/\/www.laguiadepamplona.com\/actualidad\/wp-json\/wp\/v2\/types\/post"}],"author":[{"embeddable":true,"href":"https:\/\/www.laguiadepamplona.com\/actualidad\/wp-json\/wp\/v2\/users\/1"}],"replies":[{"embeddable":true,"href":"https:\/\/www.laguiadepamplona.com\/actualidad\/wp-json\/wp\/v2\/comments?post=48489"}],"version-history":[{"count":1,"href":"https:\/\/www.laguiadepamplona.com\/actualidad\/wp-json\/wp\/v2\/posts\/48489\/revisions"}],"predecessor-version":[{"id":48492,"href":"https:\/\/www.laguiadepamplona.com\/actualidad\/wp-json\/wp\/v2\/posts\/48489\/revisions\/48492"}],"wp:featuredmedia":[{"embeddable":true,"href":"https:\/\/www.laguiadepamplona.com\/actualidad\/wp-json\/wp\/v2\/media\/48490"}],"wp:attachment":[{"href":"https:\/\/www.laguiadepamplona.com\/actualidad\/wp-json\/wp\/v2\/media?parent=48489"}],"wp:term":[{"taxonomy":"category","embeddable":true,"href":"https:\/\/www.laguiadepamplona.com\/actualidad\/wp-json\/wp\/v2\/categories?post=48489"},{"taxonomy":"post_tag","embeddable":true,"href":"https:\/\/www.laguiadepamplona.com\/actualidad\/wp-json\/wp\/v2\/tags?post=48489"}],"curies":[{"name":"wp","href":"https:\/\/api.w.org\/{rel}","templated":true}]}}