{"id":48462,"date":"2024-01-18T14:25:12","date_gmt":"2024-01-18T12:25:12","guid":{"rendered":"https:\/\/www.laguiadepamplona.com\/actualidad\/?p=48462"},"modified":"2024-01-18T14:25:12","modified_gmt":"2024-01-18T12:25:12","slug":"pamplona-albergara-en-julio-el-campeonato-de-cubo-de-rubik-mas-grande-celebrado-en-europa-1-000-participantes-de-57-nacionalidades-diferentes","status":"publish","type":"post","link":"https:\/\/www.laguiadepamplona.com\/actualidad\/pamplona-albergara-en-julio-el-campeonato-de-cubo-de-rubik-mas-grande-celebrado-en-europa-1-000-participantes-de-57-nacionalidades-diferentes\/","title":{"rendered":"Pamplona albergar\u00e1 en julio el campeonato de Cubo de Rubik m\u00e1s grande celebrado en Europa: 1.000 participantes de 57 nacionalidades diferentes"},"content":{"rendered":"<h2>Las 1.000 plazas se cubrieron en 90 minutos y ya est\u00e1n a la venta las entradas y abonos para que 3.200 personas asistan como espectadoras<\/h2>\n<p><!--more--><\/p>\n<p>El Rubik\u2019s WCA European Championship 2024 que se va a celebrar en Pamplona est\u00e1 completo y se ha convertido ya en el m\u00e1s grande celebrado en Europa hasta la fecha. Este evento tiene lugar cada dos a\u00f1os e itinera por diferentes ciudades del continente. En 90 minutos se cubrieron las 1.000 plazas de competici\u00f3n, tras abrir sus inscripciones a las 18 horas del 15 de enero. De las modalidades a concurso, la m\u00e1s demandada por las personas inscritas ha sido la de Cubo Cl\u00e1sico (3x3x3) con 991 participantes y en la que hay menos confrontaci\u00f3n es la que requiere resolver el cubo 5x5x5 a ciegas (83 participantes).<\/p>\n<p>Esta ma\u00f1ana lo explicaba el concejal especial de Innovaci\u00f3n, Juventud y Cooperaci\u00f3n al Desarrollo del Ayuntamiento de Pamplona, Mikel Armendariz, en una comparecencia p\u00fablica en la que estaba acompa\u00f1ado por el presidente de la Asociaci\u00f3n Espa\u00f1ola de Speedcubing Julen Sim\u00f3n, y el delegado de la WCA en Navarra Alejandro Nicolay. La organizaci\u00f3n ha puesto ya a la venta, tanto <em>on line<\/em>, como presencialmente, las entradas para quienes quieran asistir a la competici\u00f3n como p\u00fablico. Hay dos modalidades de adquisici\u00f3n, entrada diaria o bono por las cuatro jornadas. En total hay 3.200 plazas, 800 por jornada.<br \/>\n<script async src=\"\/\/pagead2.googlesyndication.com\/pagead\/js\/adsbygoogle.js\"><\/script><br \/>\n<!-- Noticias La Guia de Pamplona --><br \/>\n<ins class=\"adsbygoogle\"\nstyle=\"display:block\"\ndata-ad-client=\"ca-pub-6943679897239327\"\ndata-ad-slot=\"7048180777\"\ndata-ad-format=\"auto\"><\/ins><br \/>\n<script>\n(adsbygoogle = window.adsbygoogle || []).push({});\n<\/script><\/p>\n<p>El evento se celebrar\u00e1 del 25 al 28 de julio en el Navarra Arena. Con representaci\u00f3n de hasta 57 nacionalidades diferentes, es el segundo campeonato de la historia con m\u00e1s representaci\u00f3n y entre las personas que van a competir se encuentran figuras de talla internacional como el actual Campe\u00f3n del Mundo, el estadounidense Max Park, que marc\u00f3 un record con 3,13 segundos. En este torneo con 17 modalidades oficiales los podios solo son accesibles para personas con nacionalidad europea, aunque cualquier persona puede participar y de hecho en el registro hay competidores internacionales, como los 16 representantes de EE.UU., o los 6 participantes australianos. China, Argentina, Bangladesh, Nueva Zelanda, Chile, Bolivia, Brasil, India\u2026 son algunos de los pa\u00edses que tendr\u00e1n representaci\u00f3n en este evento.<\/p>\n<p>El Campeonato de Europa cuenta con el respaldo organizativo y econ\u00f3mico de la Asociaci\u00f3n Mundial del Cubo (WCA) y la compa\u00f1\u00eda Rubik\u2019s que comercializa el ingenio inventado por el escultor y profesor de arquitectura h\u00fangaro Ern\u00f6 Rubik en 1974 y que \u00e9l bautiz\u00f3 como \u2018cubo m\u00e1gico\u2019.<br \/>\n<script async src=\"\/\/pagead2.googlesyndication.com\/pagead\/js\/adsbygoogle.js\"><\/script><br \/>\n<!-- Noticias La Guia de Pamplona --><br \/>\n<ins class=\"adsbygoogle\"\nstyle=\"display:block\"\ndata-ad-client=\"ca-pub-6943679897239327\"\ndata-ad-slot=\"7048180777\"\ndata-ad-format=\"auto\"><\/ins><br \/>\n<script>\n(adsbygoogle = window.adsbygoogle || []).push({});\n<\/script><\/p>\n<p><strong>Un poco de estad\u00edstica<\/strong><\/p>\n<p>Como es habitual en este tipo de competici\u00f3n, las personas que se enfrentar\u00e1n en el campeonato son bastante j\u00f3venes. De las 1.000 personas inscritas, un 69,5% tienen entre 13 y 25 a\u00f1os. Pero hay un espectro amplio: 20 inscritos tienen entre 50 y 60 a\u00f1os y otros cinco entre 8 y 9 a\u00f1os. Desde el punto de vista del g\u00e9nero. La participaci\u00f3n femenina es de un 10.9% del total.<\/p>\n<p>Por origen, \u00fanicamente un 17,7% de las personas inscritas residen en el estado ya que seg\u00fan las nacionalidades de la ficha de inscripci\u00f3n hay 177 personas con nacionalidad espa\u00f1ola, una procedencia seguida en importancia por la francesa (99 participantes), la polaca (86) y la brit\u00e1nica (77). De las nacionalidades extracomunitarias destacan las 16 personas procedentes de EEUU, 10 de China, 7 de Australia y 4 de India y Sud\u00e1frica.<\/p>\n<p>Por modalidades, las m\u00e1s demandadas han sido \u2018Cubo cl\u00e1sico\u2019 (3x3x3) con 991 participantes, y su modalidad m\u00e1s peque\u00f1a, 2x2x2, con 934. Tras ellas Piraminx, el rompecabezas mec\u00e1nico con forma de tetraedro, con 818 personas inscritas y Squew (rompecabezas gira en torno a los v\u00e9rtices y presenta giros de 120\u00ba), con 753. Las dos modalidades de Cubo de Rubik con menos demanda comparten la caracter\u00edstica de tener que resolverse \u2018a ciegas\u2019: 4x4x4 ciega ha recibido 142 inscripciones y 5x5x5 ciega, 83.<br \/>\n<script async src=\"\/\/pagead2.googlesyndication.com\/pagead\/js\/adsbygoogle.js\"><\/script><br \/>\n<!-- Noticias La Guia de Pamplona --><br \/>\n<ins class=\"adsbygoogle\"\nstyle=\"display:block\"\ndata-ad-client=\"ca-pub-6943679897239327\"\ndata-ad-slot=\"7048180777\"\ndata-ad-format=\"auto\"><\/ins><br \/>\n<script>\n(adsbygoogle = window.adsbygoogle || []).push({});\n<\/script><\/p>\n<p><strong>Un palmar\u00e9s de \u2018grandes\u2019 del cubo<\/strong><\/p>\n<p>Decenas de participantes de Espa\u00f1a, Alemania, B\u00e9lgica, Finlandia, Francia, Grecia, Hungr\u00eda, Irlanda, Italia, Noruega, Pa\u00edses Bajos, Polonia, Ruman\u00eda, Suecia, rep\u00fablica Checa, Ucrania, Reino Unido, Portugal, Dinamarca o Austria se van a disputar los podios en un campeonato con nombres m\u00e1s que conocidos. Adem\u00e1s de Max Park, estrella inesperada de este campeonato que a sus 22 a\u00f1os tiene en su haber 75 r\u00e9cords del mundo y m\u00e1s de 500 medallas en Rubik 3&#215;3, estar\u00e1n presentes en el Navarra Arena, el holand\u00e9s Twan Dullemond, con una marca de 4,38 segundos, o el alem\u00e1n Philipp Weyer, que fue campe\u00f3n del mundo en 2019. Entre los inscritos se encuentra tambi\u00e9n el holand\u00e9s Mats Valk, qui\u00e9n fue subcampe\u00f3n del mundo en 2013, Campe\u00f3n de Europa en la edici\u00f3n de 2018 celebrada en Madrid y que ha batido 5 r\u00e9cords mundiales a lo largo de su carrera.<\/p>\n<p>Entre las jugadoras mujeres destaca la francesa Juliette S\u00e9bastien, actual subcampeona del mundo en la categor\u00eda de \u201ca una mano\u201d y la polaca Magdalena Pabisz, Top15 mundial en la categor\u00eda de Megaminx y medallista del campeonato de Europa 2022 en la categor\u00eda de Pyraminx.<\/p>\n<p>En cuanto al resto de modalidades, en 2&#215;2 destaca el actual Campe\u00f3n de Europa y ex-campe\u00f3n del Mundo Antonie Paterakis, con una marca de 1,08 segundos de media, solo superado por Zayn Khanani, quien ostenta actualmente el r\u00e9cord mundial del cubo 2&#215;2 con una media de 1,01 segundos. En cuanto a la modalidad \u201ca ciegas\u201d, el campeonato lo encabeza el estadounidense Stanley Chapel, bicampe\u00f3n del mundo en la categor\u00eda 4x4x4 a ciegas, seguido por el polaco Krzysztof Bober, actual campe\u00f3n del mundo en la categor\u00eda \u201cm\u00faltiples cubos a ciegas\u201d, que ostenta el r\u00e9cord de Europa con 51 Cubos de Rubik resueltos con los ojos vendados.<br \/>\n<script async src=\"\/\/pagead2.googlesyndication.com\/pagead\/js\/adsbygoogle.js\"><\/script><br \/>\n<!-- Noticias La Guia de Pamplona --><br \/>\n<ins class=\"adsbygoogle\"\nstyle=\"display:block\"\ndata-ad-client=\"ca-pub-6943679897239327\"\ndata-ad-slot=\"7048180777\"\ndata-ad-format=\"auto\"><\/ins><br \/>\n<script>\n(adsbygoogle = window.adsbygoogle || []).push({});\n<\/script><\/p>\n<p><strong>800 entradas diarias<\/strong><\/p>\n<p>Las personas inscritas podr\u00e1n competir en las 17 modalidades oficiales reguladas por la asociaci\u00f3n mundial del cubo (WCA), desde el cl\u00e1sico Cubo de Rubik, hasta cubos con cientos de piezas, que cambian de forma, o con resoluciones de esos mismos mecanismos, pero realizados a ciegas. Todas estas modalidades se llevan a cabo a lo largo de 4 d\u00edas de competici\u00f3n, con hasta 4 rondas clasificatorias para cada categor\u00eda.<\/p>\n<p>El Navarra Arena estar\u00e1 equipado con hasta 50 meses individuales, una zona de pr\u00e1ctica que albergue tambi\u00e9n stands de las tiendas patrocinadoras y una zona aislada para pruebas de larga duraci\u00f3n como \u2018M\u00faltiples cubos a ciegas\u2019. Las personas que quieran asistir a este campeonato, pueden adquirir ya los tickets para el evento, tanto en la taquilla online del Navarra Arena, como en los puntos de venta f\u00edsicos de Baluarte y La Morea. Hay hasta 800 plazas disponibles a un precio de 3 euros la entrada diaria y un abono de 9 euros por los cuatro d\u00edas de competici\u00f3n.<br \/>\n<script async src=\"\/\/pagead2.googlesyndication.com\/pagead\/js\/adsbygoogle.js\"><\/script><br \/>\n<!-- Noticias La Guia de Pamplona --><br \/>\n<ins class=\"adsbygoogle\"\nstyle=\"display:block\"\ndata-ad-client=\"ca-pub-6943679897239327\"\ndata-ad-slot=\"7048180777\"\ndata-ad-format=\"auto\"><\/ins><br \/>\n<script>\n(adsbygoogle = window.adsbygoogle || []).push({});\n<\/script><\/p>\n<p>&nbsp;<\/p>\n<h3>Participantes por categor\u00eda<\/h3>\n<p>3x3x3 \u00a0\u00a0\u00a0\u00a0\u00a0\u00a0\u00a0\u00a0\u00a0\u00a0\u00a0\u00a0\u00a0\u00a0\u00a0\u00a0\u00a0\u00a0\u00a0\u00a0\u00a0\u00a0\u00a0\u00a0\u00a0\u00a0\u00a0\u00a0\u00a0\u00a0\u00a0\u00a0\u00a0\u00a0\u00a0\u00a0 991<\/p>\n<p>2x2x2\u00a0\u00a0\u00a0\u00a0\u00a0\u00a0\u00a0\u00a0\u00a0\u00a0\u00a0\u00a0\u00a0\u00a0\u00a0\u00a0\u00a0\u00a0\u00a0\u00a0\u00a0\u00a0\u00a0\u00a0\u00a0\u00a0\u00a0\u00a0\u00a0\u00a0\u00a0\u00a0\u00a0\u00a0\u00a0\u00a0 934<\/p>\n<p>4x4x4\u00a0\u00a0\u00a0\u00a0\u00a0\u00a0\u00a0\u00a0\u00a0\u00a0\u00a0\u00a0\u00a0\u00a0\u00a0\u00a0\u00a0\u00a0\u00a0\u00a0\u00a0\u00a0\u00a0\u00a0\u00a0\u00a0\u00a0\u00a0\u00a0\u00a0\u00a0\u00a0\u00a0\u00a0\u00a0\u00a0 579<\/p>\n<p>5x5x5\u00a0\u00a0\u00a0\u00a0\u00a0\u00a0\u00a0\u00a0\u00a0\u00a0\u00a0\u00a0\u00a0\u00a0\u00a0\u00a0\u00a0\u00a0\u00a0\u00a0\u00a0\u00a0\u00a0\u00a0\u00a0\u00a0\u00a0\u00a0\u00a0\u00a0\u00a0\u00a0\u00a0\u00a0\u00a0\u00a0 358<\/p>\n<p>6x6x6\u00a0\u00a0\u00a0\u00a0\u00a0\u00a0\u00a0\u00a0\u00a0\u00a0\u00a0\u00a0\u00a0\u00a0\u00a0\u00a0\u00a0\u00a0\u00a0\u00a0\u00a0\u00a0\u00a0\u00a0\u00a0\u00a0\u00a0\u00a0\u00a0\u00a0\u00a0\u00a0\u00a0\u00a0\u00a0\u00a0 264<\/p>\n<p>7x7x7\u00a0\u00a0\u00a0\u00a0\u00a0\u00a0\u00a0\u00a0\u00a0\u00a0\u00a0\u00a0\u00a0\u00a0\u00a0\u00a0\u00a0\u00a0\u00a0\u00a0\u00a0\u00a0\u00a0\u00a0\u00a0\u00a0\u00a0\u00a0\u00a0\u00a0\u00a0\u00a0\u00a0\u00a0\u00a0\u00a0 197<\/p>\n<p>3x3x3 ciega\u00a0\u00a0\u00a0\u00a0\u00a0\u00a0\u00a0\u00a0\u00a0\u00a0\u00a0\u00a0\u00a0\u00a0\u00a0\u00a0\u00a0\u00a0\u00a0\u00a0\u00a0\u00a0\u00a0\u00a0\u00a0\u00a0\u00a0 253<\/p>\n<p>3x3x3 menos movimientos\u00a0\u00a0\u00a0 326<\/p>\n<p>3x3x3 a una mano\u00a0\u00a0\u00a0\u00a0\u00a0\u00a0\u00a0\u00a0\u00a0\u00a0\u00a0\u00a0\u00a0\u00a0\u00a0\u00a0 486<\/p>\n<p>Clock\u00a0\u00a0\u00a0\u00a0\u00a0\u00a0\u00a0\u00a0\u00a0\u00a0\u00a0\u00a0\u00a0\u00a0\u00a0\u00a0\u00a0\u00a0\u00a0\u00a0\u00a0\u00a0\u00a0\u00a0\u00a0\u00a0\u00a0\u00a0\u00a0\u00a0\u00a0\u00a0\u00a0\u00a0\u00a0\u00a0\u00a0 390<\/p>\n<p>Megaminx\u00a0\u00a0\u00a0\u00a0\u00a0\u00a0\u00a0\u00a0\u00a0\u00a0\u00a0\u00a0\u00a0\u00a0\u00a0\u00a0\u00a0\u00a0\u00a0\u00a0\u00a0\u00a0\u00a0\u00a0\u00a0\u00a0\u00a0\u00a0\u00a0 301<\/p>\n<p>Piraminx\u00a0\u00a0\u00a0\u00a0\u00a0\u00a0\u00a0\u00a0\u00a0\u00a0\u00a0\u00a0\u00a0\u00a0\u00a0\u00a0\u00a0\u00a0\u00a0\u00a0\u00a0\u00a0\u00a0\u00a0\u00a0\u00a0\u00a0\u00a0\u00a0\u00a0\u00a0\u00a0 818<\/p>\n<p>Squew\u00a0\u00a0\u00a0\u00a0\u00a0\u00a0\u00a0\u00a0\u00a0\u00a0\u00a0\u00a0\u00a0\u00a0\u00a0\u00a0\u00a0\u00a0\u00a0\u00a0\u00a0\u00a0\u00a0\u00a0\u00a0\u00a0\u00a0\u00a0\u00a0\u00a0\u00a0\u00a0\u00a0\u00a0\u00a0 753<\/p>\n<p>Square-1\u00a0\u00a0\u00a0\u00a0\u00a0\u00a0\u00a0\u00a0\u00a0\u00a0\u00a0\u00a0\u00a0\u00a0\u00a0\u00a0\u00a0\u00a0\u00a0\u00a0\u00a0\u00a0\u00a0\u00a0\u00a0\u00a0\u00a0\u00a0\u00a0\u00a0\u00a0 322<\/p>\n<p>4x4x4 ciega\u00a0\u00a0\u00a0\u00a0\u00a0\u00a0\u00a0\u00a0\u00a0\u00a0\u00a0\u00a0\u00a0\u00a0\u00a0\u00a0\u00a0\u00a0\u00a0\u00a0\u00a0\u00a0\u00a0\u00a0\u00a0\u00a0\u00a0 142<\/p>\n<p>5x5x5 ciega\u00a0\u00a0\u00a0\u00a0\u00a0\u00a0\u00a0\u00a0\u00a0\u00a0\u00a0\u00a0\u00a0\u00a0\u00a0\u00a0\u00a0\u00a0\u00a0\u00a0\u00a0\u00a0\u00a0\u00a0\u00a0\u00a0\u00a0 \u00a0 83<\/p>\n<p>3x3x3 multi ciega\u00a0\u00a0\u00a0\u00a0\u00a0\u00a0\u00a0\u00a0\u00a0\u00a0\u00a0\u00a0\u00a0\u00a0\u00a0\u00a0\u00a0\u00a0 201<\/p>\n","protected":false},"excerpt":{"rendered":"<p>Las 1.000 plazas se cubrieron en 90 minutos y ya est\u00e1n a la venta las entradas y abonos para que 3.200 personas asistan como espectadoras<\/p>\n","protected":false},"author":1,"featured_media":48463,"comment_status":"open","ping_status":"closed","sticky":false,"template":"","format":"standard","meta":{"footnotes":""},"categories":[2],"tags":[],"class_list":["post-48462","post","type-post","status-publish","format-standard","has-post-thumbnail","hentry","category-ayuntamiento-pamplona"],"yoast_head":"<!-- This site is optimized with the Yoast SEO plugin v27.3 - https:\/\/yoast.com\/product\/yoast-seo-wordpress\/ -->\n<title>Pamplona albergar\u00e1 en julio el campeonato de Cubo de Rubik m\u00e1s grande celebrado en Europa: 1.000 participantes de 57 nacionalidades diferentes<\/title>\n<meta name=\"description\" content=\"Las 1.000 plazas se cubrieron en 90 minutos y ya est\u00e1n a la venta las entradas y abonos para que 3.200 personas asistan como espectadoras\" \/>\n<meta name=\"robots\" content=\"index, follow, max-snippet:-1, max-image-preview:large, max-video-preview:-1\" \/>\n<link rel=\"canonical\" href=\"https:\/\/www.laguiadepamplona.com\/actualidad\/pamplona-albergara-en-julio-el-campeonato-de-cubo-de-rubik-mas-grande-celebrado-en-europa-1-000-participantes-de-57-nacionalidades-diferentes\/\" \/>\n<meta property=\"og:locale\" content=\"es_ES\" \/>\n<meta property=\"og:type\" content=\"article\" \/>\n<meta property=\"og:title\" content=\"Pamplona albergar\u00e1 en julio el campeonato de Cubo de Rubik m\u00e1s grande celebrado en Europa: 1.000 participantes de 57 nacionalidades diferentes\" \/>\n<meta property=\"og:description\" content=\"Las 1.000 plazas se cubrieron en 90 minutos y ya est\u00e1n a la venta las entradas y abonos para que 3.200 personas asistan como espectadoras\" \/>\n<meta property=\"og:url\" content=\"https:\/\/www.laguiadepamplona.com\/actualidad\/pamplona-albergara-en-julio-el-campeonato-de-cubo-de-rubik-mas-grande-celebrado-en-europa-1-000-participantes-de-57-nacionalidades-diferentes\/\" \/>\n<meta property=\"og:site_name\" content=\"La Gu\u00eda de Pamplona\" \/>\n<meta property=\"article:publisher\" content=\"https:\/\/www.facebook.com\/laguiadepamplonacom-133175176762273\/?ref=hl\" \/>\n<meta property=\"article:published_time\" content=\"2024-01-18T12:25:12+00:00\" \/>\n<meta property=\"og:image\" content=\"https:\/\/www.laguiadepamplona.com\/actualidad\/wp-content\/uploads\/2024\/01\/cubo-rubik-pamplona.webp\" \/>\n\t<meta property=\"og:image:width\" content=\"1200\" \/>\n\t<meta property=\"og:image:height\" content=\"800\" \/>\n\t<meta property=\"og:image:type\" content=\"image\/webp\" \/>\n<meta name=\"author\" content=\"La Gu\u00eda de Pamplona\" \/>\n<meta name=\"twitter:card\" content=\"summary_large_image\" \/>\n<meta name=\"twitter:creator\" content=\"@LaGuiadPamplona\" \/>\n<meta name=\"twitter:site\" content=\"@LaGuiadPamplona\" \/>\n<meta name=\"twitter:label1\" content=\"Escrito por\" \/>\n\t<meta name=\"twitter:data1\" content=\"La Gu\u00eda de Pamplona\" \/>\n\t<meta name=\"twitter:label2\" content=\"Tiempo de lectura\" \/>\n\t<meta name=\"twitter:data2\" content=\"6 minutos\" \/>\n<script type=\"application\/ld+json\" class=\"yoast-schema-graph\">{\"@context\":\"https:\\\/\\\/schema.org\",\"@graph\":[{\"@type\":\"Article\",\"@id\":\"https:\\\/\\\/www.laguiadepamplona.com\\\/actualidad\\\/pamplona-albergara-en-julio-el-campeonato-de-cubo-de-rubik-mas-grande-celebrado-en-europa-1-000-participantes-de-57-nacionalidades-diferentes\\\/#article\",\"isPartOf\":{\"@id\":\"https:\\\/\\\/www.laguiadepamplona.com\\\/actualidad\\\/pamplona-albergara-en-julio-el-campeonato-de-cubo-de-rubik-mas-grande-celebrado-en-europa-1-000-participantes-de-57-nacionalidades-diferentes\\\/\"},\"author\":{\"name\":\"La Gu\u00eda de Pamplona\",\"@id\":\"https:\\\/\\\/www.laguiadepamplona.com\\\/actualidad\\\/#\\\/schema\\\/person\\\/efe887376f0213d4657c93adc50b1fdb\"},\"headline\":\"Pamplona albergar\u00e1 en julio el campeonato de Cubo de Rubik m\u00e1s grande celebrado en Europa: 1.000 participantes de 57 nacionalidades diferentes\",\"datePublished\":\"2024-01-18T12:25:12+00:00\",\"mainEntityOfPage\":{\"@id\":\"https:\\\/\\\/www.laguiadepamplona.com\\\/actualidad\\\/pamplona-albergara-en-julio-el-campeonato-de-cubo-de-rubik-mas-grande-celebrado-en-europa-1-000-participantes-de-57-nacionalidades-diferentes\\\/\"},\"wordCount\":1193,\"commentCount\":0,\"publisher\":{\"@id\":\"https:\\\/\\\/www.laguiadepamplona.com\\\/actualidad\\\/#organization\"},\"image\":{\"@id\":\"https:\\\/\\\/www.laguiadepamplona.com\\\/actualidad\\\/pamplona-albergara-en-julio-el-campeonato-de-cubo-de-rubik-mas-grande-celebrado-en-europa-1-000-participantes-de-57-nacionalidades-diferentes\\\/#primaryimage\"},\"thumbnailUrl\":\"https:\\\/\\\/www.laguiadepamplona.com\\\/actualidad\\\/wp-content\\\/uploads\\\/2024\\\/01\\\/cubo-rubik-pamplona.webp\",\"articleSection\":[\"Ayto Pamplona\"],\"inLanguage\":\"es\",\"potentialAction\":[{\"@type\":\"CommentAction\",\"name\":\"Comment\",\"target\":[\"https:\\\/\\\/www.laguiadepamplona.com\\\/actualidad\\\/pamplona-albergara-en-julio-el-campeonato-de-cubo-de-rubik-mas-grande-celebrado-en-europa-1-000-participantes-de-57-nacionalidades-diferentes\\\/#respond\"]}]},{\"@type\":\"WebPage\",\"@id\":\"https:\\\/\\\/www.laguiadepamplona.com\\\/actualidad\\\/pamplona-albergara-en-julio-el-campeonato-de-cubo-de-rubik-mas-grande-celebrado-en-europa-1-000-participantes-de-57-nacionalidades-diferentes\\\/\",\"url\":\"https:\\\/\\\/www.laguiadepamplona.com\\\/actualidad\\\/pamplona-albergara-en-julio-el-campeonato-de-cubo-de-rubik-mas-grande-celebrado-en-europa-1-000-participantes-de-57-nacionalidades-diferentes\\\/\",\"name\":\"Pamplona albergar\u00e1 en julio el campeonato de Cubo de Rubik m\u00e1s grande celebrado en Europa: 1.000 participantes de 57 nacionalidades diferentes\",\"isPartOf\":{\"@id\":\"https:\\\/\\\/www.laguiadepamplona.com\\\/actualidad\\\/#website\"},\"primaryImageOfPage\":{\"@id\":\"https:\\\/\\\/www.laguiadepamplona.com\\\/actualidad\\\/pamplona-albergara-en-julio-el-campeonato-de-cubo-de-rubik-mas-grande-celebrado-en-europa-1-000-participantes-de-57-nacionalidades-diferentes\\\/#primaryimage\"},\"image\":{\"@id\":\"https:\\\/\\\/www.laguiadepamplona.com\\\/actualidad\\\/pamplona-albergara-en-julio-el-campeonato-de-cubo-de-rubik-mas-grande-celebrado-en-europa-1-000-participantes-de-57-nacionalidades-diferentes\\\/#primaryimage\"},\"thumbnailUrl\":\"https:\\\/\\\/www.laguiadepamplona.com\\\/actualidad\\\/wp-content\\\/uploads\\\/2024\\\/01\\\/cubo-rubik-pamplona.webp\",\"datePublished\":\"2024-01-18T12:25:12+00:00\",\"description\":\"Las 1.000 plazas se cubrieron en 90 minutos y ya est\u00e1n a la venta las entradas y abonos para que 3.200 personas asistan como espectadoras\",\"breadcrumb\":{\"@id\":\"https:\\\/\\\/www.laguiadepamplona.com\\\/actualidad\\\/pamplona-albergara-en-julio-el-campeonato-de-cubo-de-rubik-mas-grande-celebrado-en-europa-1-000-participantes-de-57-nacionalidades-diferentes\\\/#breadcrumb\"},\"inLanguage\":\"es\",\"potentialAction\":[{\"@type\":\"ReadAction\",\"target\":[\"https:\\\/\\\/www.laguiadepamplona.com\\\/actualidad\\\/pamplona-albergara-en-julio-el-campeonato-de-cubo-de-rubik-mas-grande-celebrado-en-europa-1-000-participantes-de-57-nacionalidades-diferentes\\\/\"]}]},{\"@type\":\"ImageObject\",\"inLanguage\":\"es\",\"@id\":\"https:\\\/\\\/www.laguiadepamplona.com\\\/actualidad\\\/pamplona-albergara-en-julio-el-campeonato-de-cubo-de-rubik-mas-grande-celebrado-en-europa-1-000-participantes-de-57-nacionalidades-diferentes\\\/#primaryimage\",\"url\":\"https:\\\/\\\/www.laguiadepamplona.com\\\/actualidad\\\/wp-content\\\/uploads\\\/2024\\\/01\\\/cubo-rubik-pamplona.webp\",\"contentUrl\":\"https:\\\/\\\/www.laguiadepamplona.com\\\/actualidad\\\/wp-content\\\/uploads\\\/2024\\\/01\\\/cubo-rubik-pamplona.webp\",\"width\":1200,\"height\":800,\"caption\":\"cubo rubik pamplona\"},{\"@type\":\"BreadcrumbList\",\"@id\":\"https:\\\/\\\/www.laguiadepamplona.com\\\/actualidad\\\/pamplona-albergara-en-julio-el-campeonato-de-cubo-de-rubik-mas-grande-celebrado-en-europa-1-000-participantes-de-57-nacionalidades-diferentes\\\/#breadcrumb\",\"itemListElement\":[{\"@type\":\"ListItem\",\"position\":1,\"name\":\"Portada\",\"item\":\"https:\\\/\\\/www.laguiadepamplona.com\\\/actualidad\\\/\"},{\"@type\":\"ListItem\",\"position\":2,\"name\":\"Pamplona albergar\u00e1 en julio el campeonato de Cubo de Rubik m\u00e1s grande celebrado en Europa: 1.000 participantes de 57 nacionalidades diferentes\"}]},{\"@type\":\"WebSite\",\"@id\":\"https:\\\/\\\/www.laguiadepamplona.com\\\/actualidad\\\/#website\",\"url\":\"https:\\\/\\\/www.laguiadepamplona.com\\\/actualidad\\\/\",\"name\":\"La gu\u00eda de Pamplona\",\"description\":\"Noticias de Pamplona\",\"publisher\":{\"@id\":\"https:\\\/\\\/www.laguiadepamplona.com\\\/actualidad\\\/#organization\"},\"potentialAction\":[{\"@type\":\"SearchAction\",\"target\":{\"@type\":\"EntryPoint\",\"urlTemplate\":\"https:\\\/\\\/www.laguiadepamplona.com\\\/actualidad\\\/?s={search_term_string}\"},\"query-input\":{\"@type\":\"PropertyValueSpecification\",\"valueRequired\":true,\"valueName\":\"search_term_string\"}}],\"inLanguage\":\"es\"},{\"@type\":\"Organization\",\"@id\":\"https:\\\/\\\/www.laguiadepamplona.com\\\/actualidad\\\/#organization\",\"name\":\"La Gu\u00eda de Pamplona \\\/ Noticias\",\"url\":\"https:\\\/\\\/www.laguiadepamplona.com\\\/actualidad\\\/\",\"logo\":{\"@type\":\"ImageObject\",\"inLanguage\":\"es\",\"@id\":\"https:\\\/\\\/www.laguiadepamplona.com\\\/actualidad\\\/#\\\/schema\\\/logo\\\/image\\\/\",\"url\":\"https:\\\/\\\/www.laguiadepamplona.com\\\/actualidad\\\/wp-content\\\/uploads\\\/2018\\\/11\\\/logo-laguiadepamplona18-web1.png\",\"contentUrl\":\"https:\\\/\\\/www.laguiadepamplona.com\\\/actualidad\\\/wp-content\\\/uploads\\\/2018\\\/11\\\/logo-laguiadepamplona18-web1.png\",\"width\":600,\"height\":196,\"caption\":\"La Gu\u00eda de Pamplona \\\/ Noticias\"},\"image\":{\"@id\":\"https:\\\/\\\/www.laguiadepamplona.com\\\/actualidad\\\/#\\\/schema\\\/logo\\\/image\\\/\"},\"sameAs\":[\"https:\\\/\\\/www.facebook.com\\\/laguiadepamplonacom-133175176762273\\\/?ref=hl\",\"https:\\\/\\\/x.com\\\/LaGuiadPamplona\",\"https:\\\/\\\/www.instagram.com\\\/la_guia_de_pamplona\\\/\",\"https:\\\/\\\/www.youtube.com\\\/user\\\/laguiadepamplona\"]},{\"@type\":\"Person\",\"@id\":\"https:\\\/\\\/www.laguiadepamplona.com\\\/actualidad\\\/#\\\/schema\\\/person\\\/efe887376f0213d4657c93adc50b1fdb\",\"name\":\"La Gu\u00eda de Pamplona\",\"image\":{\"@type\":\"ImageObject\",\"inLanguage\":\"es\",\"@id\":\"https:\\\/\\\/secure.gravatar.com\\\/avatar\\\/b6992f131dc8d30ab0dff15446e9d346d9dbd95992de0fef795073f5ea83a81c?s=96&d=mm&r=g\",\"url\":\"https:\\\/\\\/secure.gravatar.com\\\/avatar\\\/b6992f131dc8d30ab0dff15446e9d346d9dbd95992de0fef795073f5ea83a81c?s=96&d=mm&r=g\",\"contentUrl\":\"https:\\\/\\\/secure.gravatar.com\\\/avatar\\\/b6992f131dc8d30ab0dff15446e9d346d9dbd95992de0fef795073f5ea83a81c?s=96&d=mm&r=g\",\"caption\":\"La Gu\u00eda de Pamplona\"}}]}<\/script>\n<!-- \/ Yoast SEO plugin. -->","yoast_head_json":{"title":"Pamplona albergar\u00e1 en julio el campeonato de Cubo de Rubik m\u00e1s grande celebrado en Europa: 1.000 participantes de 57 nacionalidades diferentes","description":"Las 1.000 plazas se cubrieron en 90 minutos y ya est\u00e1n a la venta las entradas y abonos para que 3.200 personas asistan como espectadoras","robots":{"index":"index","follow":"follow","max-snippet":"max-snippet:-1","max-image-preview":"max-image-preview:large","max-video-preview":"max-video-preview:-1"},"canonical":"https:\/\/www.laguiadepamplona.com\/actualidad\/pamplona-albergara-en-julio-el-campeonato-de-cubo-de-rubik-mas-grande-celebrado-en-europa-1-000-participantes-de-57-nacionalidades-diferentes\/","og_locale":"es_ES","og_type":"article","og_title":"Pamplona albergar\u00e1 en julio el campeonato de Cubo de Rubik m\u00e1s grande celebrado en Europa: 1.000 participantes de 57 nacionalidades diferentes","og_description":"Las 1.000 plazas se cubrieron en 90 minutos y ya est\u00e1n a la venta las entradas y abonos para que 3.200 personas asistan como espectadoras","og_url":"https:\/\/www.laguiadepamplona.com\/actualidad\/pamplona-albergara-en-julio-el-campeonato-de-cubo-de-rubik-mas-grande-celebrado-en-europa-1-000-participantes-de-57-nacionalidades-diferentes\/","og_site_name":"La Gu\u00eda de Pamplona","article_publisher":"https:\/\/www.facebook.com\/laguiadepamplonacom-133175176762273\/?ref=hl","article_published_time":"2024-01-18T12:25:12+00:00","og_image":[{"width":1200,"height":800,"url":"https:\/\/www.laguiadepamplona.com\/actualidad\/wp-content\/uploads\/2024\/01\/cubo-rubik-pamplona.webp","type":"image\/webp"}],"author":"La Gu\u00eda de Pamplona","twitter_card":"summary_large_image","twitter_creator":"@LaGuiadPamplona","twitter_site":"@LaGuiadPamplona","twitter_misc":{"Escrito por":"La Gu\u00eda de Pamplona","Tiempo de lectura":"6 minutos"},"schema":{"@context":"https:\/\/schema.org","@graph":[{"@type":"Article","@id":"https:\/\/www.laguiadepamplona.com\/actualidad\/pamplona-albergara-en-julio-el-campeonato-de-cubo-de-rubik-mas-grande-celebrado-en-europa-1-000-participantes-de-57-nacionalidades-diferentes\/#article","isPartOf":{"@id":"https:\/\/www.laguiadepamplona.com\/actualidad\/pamplona-albergara-en-julio-el-campeonato-de-cubo-de-rubik-mas-grande-celebrado-en-europa-1-000-participantes-de-57-nacionalidades-diferentes\/"},"author":{"name":"La Gu\u00eda de Pamplona","@id":"https:\/\/www.laguiadepamplona.com\/actualidad\/#\/schema\/person\/efe887376f0213d4657c93adc50b1fdb"},"headline":"Pamplona albergar\u00e1 en julio el campeonato de Cubo de Rubik m\u00e1s grande celebrado en Europa: 1.000 participantes de 57 nacionalidades diferentes","datePublished":"2024-01-18T12:25:12+00:00","mainEntityOfPage":{"@id":"https:\/\/www.laguiadepamplona.com\/actualidad\/pamplona-albergara-en-julio-el-campeonato-de-cubo-de-rubik-mas-grande-celebrado-en-europa-1-000-participantes-de-57-nacionalidades-diferentes\/"},"wordCount":1193,"commentCount":0,"publisher":{"@id":"https:\/\/www.laguiadepamplona.com\/actualidad\/#organization"},"image":{"@id":"https:\/\/www.laguiadepamplona.com\/actualidad\/pamplona-albergara-en-julio-el-campeonato-de-cubo-de-rubik-mas-grande-celebrado-en-europa-1-000-participantes-de-57-nacionalidades-diferentes\/#primaryimage"},"thumbnailUrl":"https:\/\/www.laguiadepamplona.com\/actualidad\/wp-content\/uploads\/2024\/01\/cubo-rubik-pamplona.webp","articleSection":["Ayto Pamplona"],"inLanguage":"es","potentialAction":[{"@type":"CommentAction","name":"Comment","target":["https:\/\/www.laguiadepamplona.com\/actualidad\/pamplona-albergara-en-julio-el-campeonato-de-cubo-de-rubik-mas-grande-celebrado-en-europa-1-000-participantes-de-57-nacionalidades-diferentes\/#respond"]}]},{"@type":"WebPage","@id":"https:\/\/www.laguiadepamplona.com\/actualidad\/pamplona-albergara-en-julio-el-campeonato-de-cubo-de-rubik-mas-grande-celebrado-en-europa-1-000-participantes-de-57-nacionalidades-diferentes\/","url":"https:\/\/www.laguiadepamplona.com\/actualidad\/pamplona-albergara-en-julio-el-campeonato-de-cubo-de-rubik-mas-grande-celebrado-en-europa-1-000-participantes-de-57-nacionalidades-diferentes\/","name":"Pamplona albergar\u00e1 en julio el campeonato de Cubo de Rubik m\u00e1s grande celebrado en Europa: 1.000 participantes de 57 nacionalidades diferentes","isPartOf":{"@id":"https:\/\/www.laguiadepamplona.com\/actualidad\/#website"},"primaryImageOfPage":{"@id":"https:\/\/www.laguiadepamplona.com\/actualidad\/pamplona-albergara-en-julio-el-campeonato-de-cubo-de-rubik-mas-grande-celebrado-en-europa-1-000-participantes-de-57-nacionalidades-diferentes\/#primaryimage"},"image":{"@id":"https:\/\/www.laguiadepamplona.com\/actualidad\/pamplona-albergara-en-julio-el-campeonato-de-cubo-de-rubik-mas-grande-celebrado-en-europa-1-000-participantes-de-57-nacionalidades-diferentes\/#primaryimage"},"thumbnailUrl":"https:\/\/www.laguiadepamplona.com\/actualidad\/wp-content\/uploads\/2024\/01\/cubo-rubik-pamplona.webp","datePublished":"2024-01-18T12:25:12+00:00","description":"Las 1.000 plazas se cubrieron en 90 minutos y ya est\u00e1n a la venta las entradas y abonos para que 3.200 personas asistan como espectadoras","breadcrumb":{"@id":"https:\/\/www.laguiadepamplona.com\/actualidad\/pamplona-albergara-en-julio-el-campeonato-de-cubo-de-rubik-mas-grande-celebrado-en-europa-1-000-participantes-de-57-nacionalidades-diferentes\/#breadcrumb"},"inLanguage":"es","potentialAction":[{"@type":"ReadAction","target":["https:\/\/www.laguiadepamplona.com\/actualidad\/pamplona-albergara-en-julio-el-campeonato-de-cubo-de-rubik-mas-grande-celebrado-en-europa-1-000-participantes-de-57-nacionalidades-diferentes\/"]}]},{"@type":"ImageObject","inLanguage":"es","@id":"https:\/\/www.laguiadepamplona.com\/actualidad\/pamplona-albergara-en-julio-el-campeonato-de-cubo-de-rubik-mas-grande-celebrado-en-europa-1-000-participantes-de-57-nacionalidades-diferentes\/#primaryimage","url":"https:\/\/www.laguiadepamplona.com\/actualidad\/wp-content\/uploads\/2024\/01\/cubo-rubik-pamplona.webp","contentUrl":"https:\/\/www.laguiadepamplona.com\/actualidad\/wp-content\/uploads\/2024\/01\/cubo-rubik-pamplona.webp","width":1200,"height":800,"caption":"cubo rubik pamplona"},{"@type":"BreadcrumbList","@id":"https:\/\/www.laguiadepamplona.com\/actualidad\/pamplona-albergara-en-julio-el-campeonato-de-cubo-de-rubik-mas-grande-celebrado-en-europa-1-000-participantes-de-57-nacionalidades-diferentes\/#breadcrumb","itemListElement":[{"@type":"ListItem","position":1,"name":"Portada","item":"https:\/\/www.laguiadepamplona.com\/actualidad\/"},{"@type":"ListItem","position":2,"name":"Pamplona albergar\u00e1 en julio el campeonato de Cubo de Rubik m\u00e1s grande celebrado en Europa: 1.000 participantes de 57 nacionalidades diferentes"}]},{"@type":"WebSite","@id":"https:\/\/www.laguiadepamplona.com\/actualidad\/#website","url":"https:\/\/www.laguiadepamplona.com\/actualidad\/","name":"La gu\u00eda de Pamplona","description":"Noticias de Pamplona","publisher":{"@id":"https:\/\/www.laguiadepamplona.com\/actualidad\/#organization"},"potentialAction":[{"@type":"SearchAction","target":{"@type":"EntryPoint","urlTemplate":"https:\/\/www.laguiadepamplona.com\/actualidad\/?s={search_term_string}"},"query-input":{"@type":"PropertyValueSpecification","valueRequired":true,"valueName":"search_term_string"}}],"inLanguage":"es"},{"@type":"Organization","@id":"https:\/\/www.laguiadepamplona.com\/actualidad\/#organization","name":"La Gu\u00eda de Pamplona \/ Noticias","url":"https:\/\/www.laguiadepamplona.com\/actualidad\/","logo":{"@type":"ImageObject","inLanguage":"es","@id":"https:\/\/www.laguiadepamplona.com\/actualidad\/#\/schema\/logo\/image\/","url":"https:\/\/www.laguiadepamplona.com\/actualidad\/wp-content\/uploads\/2018\/11\/logo-laguiadepamplona18-web1.png","contentUrl":"https:\/\/www.laguiadepamplona.com\/actualidad\/wp-content\/uploads\/2018\/11\/logo-laguiadepamplona18-web1.png","width":600,"height":196,"caption":"La Gu\u00eda de Pamplona \/ Noticias"},"image":{"@id":"https:\/\/www.laguiadepamplona.com\/actualidad\/#\/schema\/logo\/image\/"},"sameAs":["https:\/\/www.facebook.com\/laguiadepamplonacom-133175176762273\/?ref=hl","https:\/\/x.com\/LaGuiadPamplona","https:\/\/www.instagram.com\/la_guia_de_pamplona\/","https:\/\/www.youtube.com\/user\/laguiadepamplona"]},{"@type":"Person","@id":"https:\/\/www.laguiadepamplona.com\/actualidad\/#\/schema\/person\/efe887376f0213d4657c93adc50b1fdb","name":"La Gu\u00eda de Pamplona","image":{"@type":"ImageObject","inLanguage":"es","@id":"https:\/\/secure.gravatar.com\/avatar\/b6992f131dc8d30ab0dff15446e9d346d9dbd95992de0fef795073f5ea83a81c?s=96&d=mm&r=g","url":"https:\/\/secure.gravatar.com\/avatar\/b6992f131dc8d30ab0dff15446e9d346d9dbd95992de0fef795073f5ea83a81c?s=96&d=mm&r=g","contentUrl":"https:\/\/secure.gravatar.com\/avatar\/b6992f131dc8d30ab0dff15446e9d346d9dbd95992de0fef795073f5ea83a81c?s=96&d=mm&r=g","caption":"La Gu\u00eda de Pamplona"}}]}},"post_mailing_queue_ids":[],"_links":{"self":[{"href":"https:\/\/www.laguiadepamplona.com\/actualidad\/wp-json\/wp\/v2\/posts\/48462","targetHints":{"allow":["GET"]}}],"collection":[{"href":"https:\/\/www.laguiadepamplona.com\/actualidad\/wp-json\/wp\/v2\/posts"}],"about":[{"href":"https:\/\/www.laguiadepamplona.com\/actualidad\/wp-json\/wp\/v2\/types\/post"}],"author":[{"embeddable":true,"href":"https:\/\/www.laguiadepamplona.com\/actualidad\/wp-json\/wp\/v2\/users\/1"}],"replies":[{"embeddable":true,"href":"https:\/\/www.laguiadepamplona.com\/actualidad\/wp-json\/wp\/v2\/comments?post=48462"}],"version-history":[{"count":1,"href":"https:\/\/www.laguiadepamplona.com\/actualidad\/wp-json\/wp\/v2\/posts\/48462\/revisions"}],"predecessor-version":[{"id":48464,"href":"https:\/\/www.laguiadepamplona.com\/actualidad\/wp-json\/wp\/v2\/posts\/48462\/revisions\/48464"}],"wp:featuredmedia":[{"embeddable":true,"href":"https:\/\/www.laguiadepamplona.com\/actualidad\/wp-json\/wp\/v2\/media\/48463"}],"wp:attachment":[{"href":"https:\/\/www.laguiadepamplona.com\/actualidad\/wp-json\/wp\/v2\/media?parent=48462"}],"wp:term":[{"taxonomy":"category","embeddable":true,"href":"https:\/\/www.laguiadepamplona.com\/actualidad\/wp-json\/wp\/v2\/categories?post=48462"},{"taxonomy":"post_tag","embeddable":true,"href":"https:\/\/www.laguiadepamplona.com\/actualidad\/wp-json\/wp\/v2\/tags?post=48462"}],"curies":[{"name":"wp","href":"https:\/\/api.w.org\/{rel}","templated":true}]}}