{"id":48454,"date":"2024-01-17T18:05:28","date_gmt":"2024-01-17T16:05:28","guid":{"rendered":"https:\/\/www.laguiadepamplona.com\/actualidad\/?p=48454"},"modified":"2024-01-17T18:05:28","modified_gmt":"2024-01-17T16:05:28","slug":"ayuntamiento-y-ateneo-navarro-programan-tres-proyecciones-cinematograficas-en-euskera-en-civivox-condestable-en-el-primer-trimestre-del-ano","status":"publish","type":"post","link":"https:\/\/www.laguiadepamplona.com\/actualidad\/ayuntamiento-y-ateneo-navarro-programan-tres-proyecciones-cinematograficas-en-euskera-en-civivox-condestable-en-el-primer-trimestre-del-ano\/","title":{"rendered":"Ayuntamiento y Ateneo Navarro programan tres proyecciones cinematogr\u00e1ficas en euskera en Civivox Condestable en el primer trimestre del a\u00f1o"},"content":{"rendered":"<h2>La programaci\u00f3n se abre ma\u00f1ana jueves con la proyecci\u00f3n del documental \u201cBidasoa 2018 \u2013 2023\u201d, de Ferm\u00edn Muguruza<\/h2>\n<p><!--more--><\/p>\n<p>Tres proyecciones en euskera, dos documentales y un largometraje, conforman el programa que el Ayuntamiento de Pamplona y el Ateneo Navarro han preparado para el primer trimestre del a\u00f1o en Civivox Condestable. Se ha previsto una sesi\u00f3n mensual, con la primera cita ma\u00f1ana jueves, a las 19.30 horas, de la mano de \u201cBidasoa 2018 \u2013 2023\u201d, de Ferm\u00edn Muguruza. Las tres actividades tienen la entrada libre, hasta completar el aforo.<\/p>\n<p>\u201cBidasoa 2018 \u2013 2023\u201d se centra en un tema de actualidad como es el de la inmigraci\u00f3n. En el verano de 2018 Francia estableci\u00f3 el control y cierre de algunos pasos de la frontera natural pirenaica del Bidasoa para impedir la entrada de inmigrantes al resto de Europa, causando 10 muertos en un a\u00f1o. Siete personas han muerto ahogadas en aguas del r\u00edo Bidasoa entre Ir\u00fan y Hendaya desde abril de 2021, mientras que otras tres perdieron la vida en octubre de 2021 al ser arrolladas por un tren en Ziburu. Se proyectar\u00e1 en euskera, con subt\u00edtulos en castellano.<br \/>\n<script async src=\"\/\/pagead2.googlesyndication.com\/pagead\/js\/adsbygoogle.js\"><\/script><br \/>\n<!-- Noticias La Guia de Pamplona --><br \/>\n<ins class=\"adsbygoogle\"\nstyle=\"display:block\"\ndata-ad-client=\"ca-pub-6943679897239327\"\ndata-ad-slot=\"7048180777\"\ndata-ad-format=\"auto\"><\/ins><br \/>\n<script>\n(adsbygoogle = window.adsbygoogle || []).push({});\n<\/script><\/p>\n<p>Este documental, adem\u00e1s de dar voz y cara a varios activistas de las asociaciones Harrera Sarea y Bidasoa de ambos lados del r\u00edo, recordar\u00e1 a las personas que han perdido la vida, conociendo el nombre, la edad, los viajes y los sue\u00f1os y la historia de quienes est\u00e1n detr\u00e1s de las fr\u00edas cifras de muertos, humanizando de esta manera la tragedia. Gari Garaialde, miembro de la red de acogida de migrantes Harrera Sarea de Ir\u00fan y fot\u00f3grafo, presentar\u00e1 en euskera el documental.<\/p>\n<p>Ferm\u00edn Muguruza es considerado uno de los autores m\u00e1s carism\u00e1ticos y que m\u00e1s han influido en la escena musical vasca. Es un m\u00fasico con proyecci\u00f3n Internacional, en sus inicios con las bandas Kortatu y Negu Gorriak, y posteriormente, con otros grupos y en solitario. En 2006 comienza a producir documentales y ese mismo a\u00f1o funda la productora de cine y m\u00fasica Talka Records &amp; Films. Director, guionista, y productor ha compuesto bandas sonoras originales y ha sido premiado en diversos festivales de cine.<br \/>\n<script async src=\"\/\/pagead2.googlesyndication.com\/pagead\/js\/adsbygoogle.js\"><\/script><br \/>\n<!-- Noticias La Guia de Pamplona --><br \/>\n<ins class=\"adsbygoogle\"\nstyle=\"display:block\"\ndata-ad-client=\"ca-pub-6943679897239327\"\ndata-ad-slot=\"7048180777\"\ndata-ad-format=\"auto\"><\/ins><br \/>\n<script>\n(adsbygoogle = window.adsbygoogle || []).push({});\n<\/script><\/p>\n<p><strong>Documental sobre las cineastas vascas<\/strong><\/p>\n<p>Para el 7 de febrero, a las 19.30 horas, se ha programado la proyecci\u00f3n de \u201cArnasa betean (A pulm\u00f3n)\u201d, documental dirigido por Bertha Gaztelumendi y Rosa Zuf\u00eda. Protagonizado por cineastas vascas de ayer y de hoy, presenta una visi\u00f3n universal del tema. Tres buceadoras nos gu\u00edan por un viaje submarino a trav\u00e9s del cine dirigido por mujeres y nos van mostrando la tem\u00e1tica de sus pel\u00edculas, sus personajes, su mirada, sus sue\u00f1os, sus esfuerzos por salir adelante y, sobre todo, su aportaci\u00f3n al cine y a la sociedad. Descubriremos a las pioneras, y nos sorprender\u00e1n trabajos de veteranas cineastas o de j\u00f3venes que est\u00e1n triunfando en los \u00faltimos festivales. Ambas directoras participar\u00e1n en la presentaci\u00f3n del documental.<\/p>\n<p>Rosa Zuf\u00eda Sanz es una periodista tudelana que ha trabajado durante 30 a\u00f1os en Euskal Telebista (ETB) como redactora, editora y dirigiendo programas culturales y de cine. Entre 1999 y 2006 fue subdirectora de Informativos. Tambi\u00e9n contribuy\u00f3 a la creaci\u00f3n del centro internacional de cultura contempor\u00e1nea Tabakalera como directora de Comunicaci\u00f3n (2006-2011). Ha tomado parte, entre otros, en el jurado del premio RTVE-Otra mirada del SSIFF. \u201cArnasa betean. (A pulm\u00f3n)\u201d es su primera pel\u00edcula.<\/p>\n<p>Bertha Gaztelumendi Caballero es una periodista, realizadora y, actualmente, investigadora en la c\u00e1tedra de Derechos Humanos y Poderes P\u00fablicos de la UPV\/EHU. \u201cArnasa betean (A pulm\u00f3n)\u201d es su sexto film. Anteriormente, ha dirigido otros tres largos documentales: \u201cMariposas en el hierro\u201d (2012), \u201cVolar\u201d (2017) que obtuvo el premio al Mejor documental extranjero en el Annual Copenhagen Film Festival, y \u201cEz, eskerrik asko. Gladysen leihoa\u201d, (2019), galardonado con el premio ARGIA audiovisual. Tambi\u00e9n realiz\u00f3 el mediometraje \u201cNigar franko egingo zuen aitak\u201d (2014) y dirigi\u00f3 con Nuria Casal el cortometraje \u201cLas buenas compa\u00f1\u00edas\u201d (2015), premio al mejor documental en el XX Festival de Cortos de Renter\u00eda.<br \/>\n<script async src=\"\/\/pagead2.googlesyndication.com\/pagead\/js\/adsbygoogle.js\"><\/script><br \/>\n<!-- Noticias La Guia de Pamplona --><br \/>\n<ins class=\"adsbygoogle\"\nstyle=\"display:block\"\ndata-ad-client=\"ca-pub-6943679897239327\"\ndata-ad-slot=\"7048180777\"\ndata-ad-format=\"auto\"><\/ins><br \/>\n<script>\n(adsbygoogle = window.adsbygoogle || []).push({});\n<\/script><\/p>\n<p><strong>Una mirada a la \u00e9poca franquista en Pamplona<\/strong><\/p>\n<p>El mi\u00e9rcoles 12 de marzo cerrar\u00e1 la programaci\u00f3n trimestral la proyecci\u00f3n del largomentraje \u201cDenboraren gibelean\u201d, de la cineasta pamplonesa Mirentxu Purroy. A Iker se le agolpan las im\u00e1genes y recuerdos de su \u00e9poca escolar y rescata a sus amigos de la infancia en torno a Klara, una maestra librepensadora y valiente, que impregn\u00f3 de alegr\u00eda, m\u00fasica y libertad un trozo del camino de un pu\u00f1ado de ni\u00f1os, hijos de vencidos, cuando Franco cumpl\u00eda veinte a\u00f1os de mandato en la Pamplona de 1956. Una mirada al pasado, a la \u00e9poca franquista en Pamplona, que se proyectar\u00e1 a partir de las 19.30 horas.<\/p>\n<p>Periodista dedicada a la informaci\u00f3n en diversos medios de comunicaci\u00f3n de prensa escrita, cine y televisi\u00f3n, Mirentxu Purroy es tambi\u00e9n diplomada en Psicolog\u00eda Cl\u00ednica. Ampli\u00f3 estudios en Nueva York, en la Columbia University y en New York University, donde se gradu\u00f3 en Cinematograf\u00eda. Fundadora del semanario informativo \u2018Punto y Hora de Euskal Herria\u2019, fue directora de Egin y es autora de las pel\u00edculas \u2018El silencio de los inocentes\u2019 y \u2018Detr\u00e1s del tiempo\u2019, as\u00ed como de numerosos cortos, documentales y reportajes informativos. Ha dirigido el programa de actualidad e investigaci\u00f3n period\u00edstica \u2018Mundo.hoy\u2019 en Euskal Telebista.<\/p>\n","protected":false},"excerpt":{"rendered":"<p>La programaci\u00f3n se abre ma\u00f1ana jueves con la proyecci\u00f3n del documental \u201cBidasoa 2018 \u2013 2023\u201d, de Ferm\u00edn Muguruza<\/p>\n","protected":false},"author":1,"featured_media":48455,"comment_status":"open","ping_status":"closed","sticky":false,"template":"","format":"standard","meta":{"footnotes":""},"categories":[2],"tags":[],"class_list":["post-48454","post","type-post","status-publish","format-standard","has-post-thumbnail","hentry","category-ayuntamiento-pamplona"],"yoast_head":"<!-- This site is optimized with the Yoast SEO plugin v27.5 - https:\/\/yoast.com\/product\/yoast-seo-wordpress\/ -->\n<title>Ayuntamiento y Ateneo Navarro programan tres proyecciones cinematogr\u00e1ficas en euskera en Civivox Condestable en el primer trimestre del a\u00f1o<\/title>\n<meta name=\"description\" content=\"La programaci\u00f3n se abre ma\u00f1ana jueves con la proyecci\u00f3n del documental \u201cBidasoa 2018 \u2013 2023\u201d, de Ferm\u00edn Muguruza\" \/>\n<meta name=\"robots\" content=\"index, follow, max-snippet:-1, max-image-preview:large, max-video-preview:-1\" \/>\n<link rel=\"canonical\" href=\"https:\/\/www.laguiadepamplona.com\/actualidad\/ayuntamiento-y-ateneo-navarro-programan-tres-proyecciones-cinematograficas-en-euskera-en-civivox-condestable-en-el-primer-trimestre-del-ano\/\" \/>\n<meta property=\"og:locale\" content=\"es_ES\" \/>\n<meta property=\"og:type\" content=\"article\" \/>\n<meta property=\"og:title\" content=\"Ayuntamiento y Ateneo Navarro programan tres proyecciones cinematogr\u00e1ficas en euskera en Civivox Condestable en el primer trimestre del a\u00f1o\" \/>\n<meta property=\"og:description\" content=\"La programaci\u00f3n se abre ma\u00f1ana jueves con la proyecci\u00f3n del documental \u201cBidasoa 2018 \u2013 2023\u201d, de Ferm\u00edn Muguruza\" \/>\n<meta property=\"og:url\" content=\"https:\/\/www.laguiadepamplona.com\/actualidad\/ayuntamiento-y-ateneo-navarro-programan-tres-proyecciones-cinematograficas-en-euskera-en-civivox-condestable-en-el-primer-trimestre-del-ano\/\" \/>\n<meta property=\"og:site_name\" content=\"La Gu\u00eda de Pamplona\" \/>\n<meta property=\"article:publisher\" content=\"https:\/\/www.facebook.com\/laguiadepamplonacom-133175176762273\/?ref=hl\" \/>\n<meta property=\"article:published_time\" content=\"2024-01-17T16:05:28+00:00\" \/>\n<meta property=\"og:image\" content=\"https:\/\/www.laguiadepamplona.com\/actualidad\/wp-content\/uploads\/2024\/01\/Foto-bidasoa.webp\" \/>\n\t<meta property=\"og:image:width\" content=\"868\" \/>\n\t<meta property=\"og:image:height\" content=\"437\" \/>\n\t<meta property=\"og:image:type\" content=\"image\/webp\" \/>\n<meta name=\"author\" content=\"La Gu\u00eda de Pamplona\" \/>\n<meta name=\"twitter:card\" content=\"summary_large_image\" \/>\n<meta name=\"twitter:creator\" content=\"@LaGuiadPamplona\" \/>\n<meta name=\"twitter:site\" content=\"@LaGuiadPamplona\" \/>\n<meta name=\"twitter:label1\" content=\"Escrito por\" \/>\n\t<meta name=\"twitter:data1\" content=\"La Gu\u00eda de Pamplona\" \/>\n\t<meta name=\"twitter:label2\" content=\"Tiempo de lectura\" \/>\n\t<meta name=\"twitter:data2\" content=\"5 minutos\" \/>\n<script type=\"application\/ld+json\" class=\"yoast-schema-graph\">{\"@context\":\"https:\\\/\\\/schema.org\",\"@graph\":[{\"@type\":\"Article\",\"@id\":\"https:\\\/\\\/www.laguiadepamplona.com\\\/actualidad\\\/ayuntamiento-y-ateneo-navarro-programan-tres-proyecciones-cinematograficas-en-euskera-en-civivox-condestable-en-el-primer-trimestre-del-ano\\\/#article\",\"isPartOf\":{\"@id\":\"https:\\\/\\\/www.laguiadepamplona.com\\\/actualidad\\\/ayuntamiento-y-ateneo-navarro-programan-tres-proyecciones-cinematograficas-en-euskera-en-civivox-condestable-en-el-primer-trimestre-del-ano\\\/\"},\"author\":{\"name\":\"La Gu\u00eda de Pamplona\",\"@id\":\"https:\\\/\\\/www.laguiadepamplona.com\\\/actualidad\\\/#\\\/schema\\\/person\\\/efe887376f0213d4657c93adc50b1fdb\"},\"headline\":\"Ayuntamiento y Ateneo Navarro programan tres proyecciones cinematogr\u00e1ficas en euskera en Civivox Condestable en el primer trimestre del a\u00f1o\",\"datePublished\":\"2024-01-17T16:05:28+00:00\",\"mainEntityOfPage\":{\"@id\":\"https:\\\/\\\/www.laguiadepamplona.com\\\/actualidad\\\/ayuntamiento-y-ateneo-navarro-programan-tres-proyecciones-cinematograficas-en-euskera-en-civivox-condestable-en-el-primer-trimestre-del-ano\\\/\"},\"wordCount\":929,\"commentCount\":0,\"publisher\":{\"@id\":\"https:\\\/\\\/www.laguiadepamplona.com\\\/actualidad\\\/#organization\"},\"image\":{\"@id\":\"https:\\\/\\\/www.laguiadepamplona.com\\\/actualidad\\\/ayuntamiento-y-ateneo-navarro-programan-tres-proyecciones-cinematograficas-en-euskera-en-civivox-condestable-en-el-primer-trimestre-del-ano\\\/#primaryimage\"},\"thumbnailUrl\":\"https:\\\/\\\/www.laguiadepamplona.com\\\/actualidad\\\/wp-content\\\/uploads\\\/2024\\\/01\\\/Foto-bidasoa.webp\",\"articleSection\":[\"Ayto Pamplona\"],\"inLanguage\":\"es\",\"potentialAction\":[{\"@type\":\"CommentAction\",\"name\":\"Comment\",\"target\":[\"https:\\\/\\\/www.laguiadepamplona.com\\\/actualidad\\\/ayuntamiento-y-ateneo-navarro-programan-tres-proyecciones-cinematograficas-en-euskera-en-civivox-condestable-en-el-primer-trimestre-del-ano\\\/#respond\"]}]},{\"@type\":\"WebPage\",\"@id\":\"https:\\\/\\\/www.laguiadepamplona.com\\\/actualidad\\\/ayuntamiento-y-ateneo-navarro-programan-tres-proyecciones-cinematograficas-en-euskera-en-civivox-condestable-en-el-primer-trimestre-del-ano\\\/\",\"url\":\"https:\\\/\\\/www.laguiadepamplona.com\\\/actualidad\\\/ayuntamiento-y-ateneo-navarro-programan-tres-proyecciones-cinematograficas-en-euskera-en-civivox-condestable-en-el-primer-trimestre-del-ano\\\/\",\"name\":\"Ayuntamiento y Ateneo Navarro programan tres proyecciones cinematogr\u00e1ficas en euskera en Civivox Condestable en el primer trimestre del a\u00f1o\",\"isPartOf\":{\"@id\":\"https:\\\/\\\/www.laguiadepamplona.com\\\/actualidad\\\/#website\"},\"primaryImageOfPage\":{\"@id\":\"https:\\\/\\\/www.laguiadepamplona.com\\\/actualidad\\\/ayuntamiento-y-ateneo-navarro-programan-tres-proyecciones-cinematograficas-en-euskera-en-civivox-condestable-en-el-primer-trimestre-del-ano\\\/#primaryimage\"},\"image\":{\"@id\":\"https:\\\/\\\/www.laguiadepamplona.com\\\/actualidad\\\/ayuntamiento-y-ateneo-navarro-programan-tres-proyecciones-cinematograficas-en-euskera-en-civivox-condestable-en-el-primer-trimestre-del-ano\\\/#primaryimage\"},\"thumbnailUrl\":\"https:\\\/\\\/www.laguiadepamplona.com\\\/actualidad\\\/wp-content\\\/uploads\\\/2024\\\/01\\\/Foto-bidasoa.webp\",\"datePublished\":\"2024-01-17T16:05:28+00:00\",\"description\":\"La programaci\u00f3n se abre ma\u00f1ana jueves con la proyecci\u00f3n del documental \u201cBidasoa 2018 \u2013 2023\u201d, de Ferm\u00edn Muguruza\",\"breadcrumb\":{\"@id\":\"https:\\\/\\\/www.laguiadepamplona.com\\\/actualidad\\\/ayuntamiento-y-ateneo-navarro-programan-tres-proyecciones-cinematograficas-en-euskera-en-civivox-condestable-en-el-primer-trimestre-del-ano\\\/#breadcrumb\"},\"inLanguage\":\"es\",\"potentialAction\":[{\"@type\":\"ReadAction\",\"target\":[\"https:\\\/\\\/www.laguiadepamplona.com\\\/actualidad\\\/ayuntamiento-y-ateneo-navarro-programan-tres-proyecciones-cinematograficas-en-euskera-en-civivox-condestable-en-el-primer-trimestre-del-ano\\\/\"]}]},{\"@type\":\"ImageObject\",\"inLanguage\":\"es\",\"@id\":\"https:\\\/\\\/www.laguiadepamplona.com\\\/actualidad\\\/ayuntamiento-y-ateneo-navarro-programan-tres-proyecciones-cinematograficas-en-euskera-en-civivox-condestable-en-el-primer-trimestre-del-ano\\\/#primaryimage\",\"url\":\"https:\\\/\\\/www.laguiadepamplona.com\\\/actualidad\\\/wp-content\\\/uploads\\\/2024\\\/01\\\/Foto-bidasoa.webp\",\"contentUrl\":\"https:\\\/\\\/www.laguiadepamplona.com\\\/actualidad\\\/wp-content\\\/uploads\\\/2024\\\/01\\\/Foto-bidasoa.webp\",\"width\":868,\"height\":437,\"caption\":\"bidasoa\"},{\"@type\":\"BreadcrumbList\",\"@id\":\"https:\\\/\\\/www.laguiadepamplona.com\\\/actualidad\\\/ayuntamiento-y-ateneo-navarro-programan-tres-proyecciones-cinematograficas-en-euskera-en-civivox-condestable-en-el-primer-trimestre-del-ano\\\/#breadcrumb\",\"itemListElement\":[{\"@type\":\"ListItem\",\"position\":1,\"name\":\"Portada\",\"item\":\"https:\\\/\\\/www.laguiadepamplona.com\\\/actualidad\\\/\"},{\"@type\":\"ListItem\",\"position\":2,\"name\":\"Ayuntamiento y Ateneo Navarro programan tres proyecciones cinematogr\u00e1ficas en euskera en Civivox Condestable en el primer trimestre del a\u00f1o\"}]},{\"@type\":\"WebSite\",\"@id\":\"https:\\\/\\\/www.laguiadepamplona.com\\\/actualidad\\\/#website\",\"url\":\"https:\\\/\\\/www.laguiadepamplona.com\\\/actualidad\\\/\",\"name\":\"La gu\u00eda de Pamplona\",\"description\":\"Noticias de Pamplona\",\"publisher\":{\"@id\":\"https:\\\/\\\/www.laguiadepamplona.com\\\/actualidad\\\/#organization\"},\"potentialAction\":[{\"@type\":\"SearchAction\",\"target\":{\"@type\":\"EntryPoint\",\"urlTemplate\":\"https:\\\/\\\/www.laguiadepamplona.com\\\/actualidad\\\/?s={search_term_string}\"},\"query-input\":{\"@type\":\"PropertyValueSpecification\",\"valueRequired\":true,\"valueName\":\"search_term_string\"}}],\"inLanguage\":\"es\"},{\"@type\":\"Organization\",\"@id\":\"https:\\\/\\\/www.laguiadepamplona.com\\\/actualidad\\\/#organization\",\"name\":\"La Gu\u00eda de Pamplona \\\/ Noticias\",\"url\":\"https:\\\/\\\/www.laguiadepamplona.com\\\/actualidad\\\/\",\"logo\":{\"@type\":\"ImageObject\",\"inLanguage\":\"es\",\"@id\":\"https:\\\/\\\/www.laguiadepamplona.com\\\/actualidad\\\/#\\\/schema\\\/logo\\\/image\\\/\",\"url\":\"https:\\\/\\\/www.laguiadepamplona.com\\\/actualidad\\\/wp-content\\\/uploads\\\/2018\\\/11\\\/logo-laguiadepamplona18-web1.png\",\"contentUrl\":\"https:\\\/\\\/www.laguiadepamplona.com\\\/actualidad\\\/wp-content\\\/uploads\\\/2018\\\/11\\\/logo-laguiadepamplona18-web1.png\",\"width\":600,\"height\":196,\"caption\":\"La Gu\u00eda de Pamplona \\\/ Noticias\"},\"image\":{\"@id\":\"https:\\\/\\\/www.laguiadepamplona.com\\\/actualidad\\\/#\\\/schema\\\/logo\\\/image\\\/\"},\"sameAs\":[\"https:\\\/\\\/www.facebook.com\\\/laguiadepamplonacom-133175176762273\\\/?ref=hl\",\"https:\\\/\\\/x.com\\\/LaGuiadPamplona\",\"https:\\\/\\\/www.instagram.com\\\/la_guia_de_pamplona\\\/\",\"https:\\\/\\\/www.youtube.com\\\/user\\\/laguiadepamplona\"]},{\"@type\":\"Person\",\"@id\":\"https:\\\/\\\/www.laguiadepamplona.com\\\/actualidad\\\/#\\\/schema\\\/person\\\/efe887376f0213d4657c93adc50b1fdb\",\"name\":\"La Gu\u00eda de Pamplona\",\"image\":{\"@type\":\"ImageObject\",\"inLanguage\":\"es\",\"@id\":\"https:\\\/\\\/secure.gravatar.com\\\/avatar\\\/b6992f131dc8d30ab0dff15446e9d346d9dbd95992de0fef795073f5ea83a81c?s=96&d=mm&r=g\",\"url\":\"https:\\\/\\\/secure.gravatar.com\\\/avatar\\\/b6992f131dc8d30ab0dff15446e9d346d9dbd95992de0fef795073f5ea83a81c?s=96&d=mm&r=g\",\"contentUrl\":\"https:\\\/\\\/secure.gravatar.com\\\/avatar\\\/b6992f131dc8d30ab0dff15446e9d346d9dbd95992de0fef795073f5ea83a81c?s=96&d=mm&r=g\",\"caption\":\"La Gu\u00eda de Pamplona\"}}]}<\/script>\n<!-- \/ Yoast SEO plugin. -->","yoast_head_json":{"title":"Ayuntamiento y Ateneo Navarro programan tres proyecciones cinematogr\u00e1ficas en euskera en Civivox Condestable en el primer trimestre del a\u00f1o","description":"La programaci\u00f3n se abre ma\u00f1ana jueves con la proyecci\u00f3n del documental \u201cBidasoa 2018 \u2013 2023\u201d, de Ferm\u00edn Muguruza","robots":{"index":"index","follow":"follow","max-snippet":"max-snippet:-1","max-image-preview":"max-image-preview:large","max-video-preview":"max-video-preview:-1"},"canonical":"https:\/\/www.laguiadepamplona.com\/actualidad\/ayuntamiento-y-ateneo-navarro-programan-tres-proyecciones-cinematograficas-en-euskera-en-civivox-condestable-en-el-primer-trimestre-del-ano\/","og_locale":"es_ES","og_type":"article","og_title":"Ayuntamiento y Ateneo Navarro programan tres proyecciones cinematogr\u00e1ficas en euskera en Civivox Condestable en el primer trimestre del a\u00f1o","og_description":"La programaci\u00f3n se abre ma\u00f1ana jueves con la proyecci\u00f3n del documental \u201cBidasoa 2018 \u2013 2023\u201d, de Ferm\u00edn Muguruza","og_url":"https:\/\/www.laguiadepamplona.com\/actualidad\/ayuntamiento-y-ateneo-navarro-programan-tres-proyecciones-cinematograficas-en-euskera-en-civivox-condestable-en-el-primer-trimestre-del-ano\/","og_site_name":"La Gu\u00eda de Pamplona","article_publisher":"https:\/\/www.facebook.com\/laguiadepamplonacom-133175176762273\/?ref=hl","article_published_time":"2024-01-17T16:05:28+00:00","og_image":[{"width":868,"height":437,"url":"https:\/\/www.laguiadepamplona.com\/actualidad\/wp-content\/uploads\/2024\/01\/Foto-bidasoa.webp","type":"image\/webp"}],"author":"La Gu\u00eda de Pamplona","twitter_card":"summary_large_image","twitter_creator":"@LaGuiadPamplona","twitter_site":"@LaGuiadPamplona","twitter_misc":{"Escrito por":"La Gu\u00eda de Pamplona","Tiempo de lectura":"5 minutos"},"schema":{"@context":"https:\/\/schema.org","@graph":[{"@type":"Article","@id":"https:\/\/www.laguiadepamplona.com\/actualidad\/ayuntamiento-y-ateneo-navarro-programan-tres-proyecciones-cinematograficas-en-euskera-en-civivox-condestable-en-el-primer-trimestre-del-ano\/#article","isPartOf":{"@id":"https:\/\/www.laguiadepamplona.com\/actualidad\/ayuntamiento-y-ateneo-navarro-programan-tres-proyecciones-cinematograficas-en-euskera-en-civivox-condestable-en-el-primer-trimestre-del-ano\/"},"author":{"name":"La Gu\u00eda de Pamplona","@id":"https:\/\/www.laguiadepamplona.com\/actualidad\/#\/schema\/person\/efe887376f0213d4657c93adc50b1fdb"},"headline":"Ayuntamiento y Ateneo Navarro programan tres proyecciones cinematogr\u00e1ficas en euskera en Civivox Condestable en el primer trimestre del a\u00f1o","datePublished":"2024-01-17T16:05:28+00:00","mainEntityOfPage":{"@id":"https:\/\/www.laguiadepamplona.com\/actualidad\/ayuntamiento-y-ateneo-navarro-programan-tres-proyecciones-cinematograficas-en-euskera-en-civivox-condestable-en-el-primer-trimestre-del-ano\/"},"wordCount":929,"commentCount":0,"publisher":{"@id":"https:\/\/www.laguiadepamplona.com\/actualidad\/#organization"},"image":{"@id":"https:\/\/www.laguiadepamplona.com\/actualidad\/ayuntamiento-y-ateneo-navarro-programan-tres-proyecciones-cinematograficas-en-euskera-en-civivox-condestable-en-el-primer-trimestre-del-ano\/#primaryimage"},"thumbnailUrl":"https:\/\/www.laguiadepamplona.com\/actualidad\/wp-content\/uploads\/2024\/01\/Foto-bidasoa.webp","articleSection":["Ayto Pamplona"],"inLanguage":"es","potentialAction":[{"@type":"CommentAction","name":"Comment","target":["https:\/\/www.laguiadepamplona.com\/actualidad\/ayuntamiento-y-ateneo-navarro-programan-tres-proyecciones-cinematograficas-en-euskera-en-civivox-condestable-en-el-primer-trimestre-del-ano\/#respond"]}]},{"@type":"WebPage","@id":"https:\/\/www.laguiadepamplona.com\/actualidad\/ayuntamiento-y-ateneo-navarro-programan-tres-proyecciones-cinematograficas-en-euskera-en-civivox-condestable-en-el-primer-trimestre-del-ano\/","url":"https:\/\/www.laguiadepamplona.com\/actualidad\/ayuntamiento-y-ateneo-navarro-programan-tres-proyecciones-cinematograficas-en-euskera-en-civivox-condestable-en-el-primer-trimestre-del-ano\/","name":"Ayuntamiento y Ateneo Navarro programan tres proyecciones cinematogr\u00e1ficas en euskera en Civivox Condestable en el primer trimestre del a\u00f1o","isPartOf":{"@id":"https:\/\/www.laguiadepamplona.com\/actualidad\/#website"},"primaryImageOfPage":{"@id":"https:\/\/www.laguiadepamplona.com\/actualidad\/ayuntamiento-y-ateneo-navarro-programan-tres-proyecciones-cinematograficas-en-euskera-en-civivox-condestable-en-el-primer-trimestre-del-ano\/#primaryimage"},"image":{"@id":"https:\/\/www.laguiadepamplona.com\/actualidad\/ayuntamiento-y-ateneo-navarro-programan-tres-proyecciones-cinematograficas-en-euskera-en-civivox-condestable-en-el-primer-trimestre-del-ano\/#primaryimage"},"thumbnailUrl":"https:\/\/www.laguiadepamplona.com\/actualidad\/wp-content\/uploads\/2024\/01\/Foto-bidasoa.webp","datePublished":"2024-01-17T16:05:28+00:00","description":"La programaci\u00f3n se abre ma\u00f1ana jueves con la proyecci\u00f3n del documental \u201cBidasoa 2018 \u2013 2023\u201d, de Ferm\u00edn Muguruza","breadcrumb":{"@id":"https:\/\/www.laguiadepamplona.com\/actualidad\/ayuntamiento-y-ateneo-navarro-programan-tres-proyecciones-cinematograficas-en-euskera-en-civivox-condestable-en-el-primer-trimestre-del-ano\/#breadcrumb"},"inLanguage":"es","potentialAction":[{"@type":"ReadAction","target":["https:\/\/www.laguiadepamplona.com\/actualidad\/ayuntamiento-y-ateneo-navarro-programan-tres-proyecciones-cinematograficas-en-euskera-en-civivox-condestable-en-el-primer-trimestre-del-ano\/"]}]},{"@type":"ImageObject","inLanguage":"es","@id":"https:\/\/www.laguiadepamplona.com\/actualidad\/ayuntamiento-y-ateneo-navarro-programan-tres-proyecciones-cinematograficas-en-euskera-en-civivox-condestable-en-el-primer-trimestre-del-ano\/#primaryimage","url":"https:\/\/www.laguiadepamplona.com\/actualidad\/wp-content\/uploads\/2024\/01\/Foto-bidasoa.webp","contentUrl":"https:\/\/www.laguiadepamplona.com\/actualidad\/wp-content\/uploads\/2024\/01\/Foto-bidasoa.webp","width":868,"height":437,"caption":"bidasoa"},{"@type":"BreadcrumbList","@id":"https:\/\/www.laguiadepamplona.com\/actualidad\/ayuntamiento-y-ateneo-navarro-programan-tres-proyecciones-cinematograficas-en-euskera-en-civivox-condestable-en-el-primer-trimestre-del-ano\/#breadcrumb","itemListElement":[{"@type":"ListItem","position":1,"name":"Portada","item":"https:\/\/www.laguiadepamplona.com\/actualidad\/"},{"@type":"ListItem","position":2,"name":"Ayuntamiento y Ateneo Navarro programan tres proyecciones cinematogr\u00e1ficas en euskera en Civivox Condestable en el primer trimestre del a\u00f1o"}]},{"@type":"WebSite","@id":"https:\/\/www.laguiadepamplona.com\/actualidad\/#website","url":"https:\/\/www.laguiadepamplona.com\/actualidad\/","name":"La gu\u00eda de Pamplona","description":"Noticias de Pamplona","publisher":{"@id":"https:\/\/www.laguiadepamplona.com\/actualidad\/#organization"},"potentialAction":[{"@type":"SearchAction","target":{"@type":"EntryPoint","urlTemplate":"https:\/\/www.laguiadepamplona.com\/actualidad\/?s={search_term_string}"},"query-input":{"@type":"PropertyValueSpecification","valueRequired":true,"valueName":"search_term_string"}}],"inLanguage":"es"},{"@type":"Organization","@id":"https:\/\/www.laguiadepamplona.com\/actualidad\/#organization","name":"La Gu\u00eda de Pamplona \/ Noticias","url":"https:\/\/www.laguiadepamplona.com\/actualidad\/","logo":{"@type":"ImageObject","inLanguage":"es","@id":"https:\/\/www.laguiadepamplona.com\/actualidad\/#\/schema\/logo\/image\/","url":"https:\/\/www.laguiadepamplona.com\/actualidad\/wp-content\/uploads\/2018\/11\/logo-laguiadepamplona18-web1.png","contentUrl":"https:\/\/www.laguiadepamplona.com\/actualidad\/wp-content\/uploads\/2018\/11\/logo-laguiadepamplona18-web1.png","width":600,"height":196,"caption":"La Gu\u00eda de Pamplona \/ Noticias"},"image":{"@id":"https:\/\/www.laguiadepamplona.com\/actualidad\/#\/schema\/logo\/image\/"},"sameAs":["https:\/\/www.facebook.com\/laguiadepamplonacom-133175176762273\/?ref=hl","https:\/\/x.com\/LaGuiadPamplona","https:\/\/www.instagram.com\/la_guia_de_pamplona\/","https:\/\/www.youtube.com\/user\/laguiadepamplona"]},{"@type":"Person","@id":"https:\/\/www.laguiadepamplona.com\/actualidad\/#\/schema\/person\/efe887376f0213d4657c93adc50b1fdb","name":"La Gu\u00eda de Pamplona","image":{"@type":"ImageObject","inLanguage":"es","@id":"https:\/\/secure.gravatar.com\/avatar\/b6992f131dc8d30ab0dff15446e9d346d9dbd95992de0fef795073f5ea83a81c?s=96&d=mm&r=g","url":"https:\/\/secure.gravatar.com\/avatar\/b6992f131dc8d30ab0dff15446e9d346d9dbd95992de0fef795073f5ea83a81c?s=96&d=mm&r=g","contentUrl":"https:\/\/secure.gravatar.com\/avatar\/b6992f131dc8d30ab0dff15446e9d346d9dbd95992de0fef795073f5ea83a81c?s=96&d=mm&r=g","caption":"La Gu\u00eda de Pamplona"}}]}},"post_mailing_queue_ids":[],"_links":{"self":[{"href":"https:\/\/www.laguiadepamplona.com\/actualidad\/wp-json\/wp\/v2\/posts\/48454","targetHints":{"allow":["GET"]}}],"collection":[{"href":"https:\/\/www.laguiadepamplona.com\/actualidad\/wp-json\/wp\/v2\/posts"}],"about":[{"href":"https:\/\/www.laguiadepamplona.com\/actualidad\/wp-json\/wp\/v2\/types\/post"}],"author":[{"embeddable":true,"href":"https:\/\/www.laguiadepamplona.com\/actualidad\/wp-json\/wp\/v2\/users\/1"}],"replies":[{"embeddable":true,"href":"https:\/\/www.laguiadepamplona.com\/actualidad\/wp-json\/wp\/v2\/comments?post=48454"}],"version-history":[{"count":1,"href":"https:\/\/www.laguiadepamplona.com\/actualidad\/wp-json\/wp\/v2\/posts\/48454\/revisions"}],"predecessor-version":[{"id":48456,"href":"https:\/\/www.laguiadepamplona.com\/actualidad\/wp-json\/wp\/v2\/posts\/48454\/revisions\/48456"}],"wp:featuredmedia":[{"embeddable":true,"href":"https:\/\/www.laguiadepamplona.com\/actualidad\/wp-json\/wp\/v2\/media\/48455"}],"wp:attachment":[{"href":"https:\/\/www.laguiadepamplona.com\/actualidad\/wp-json\/wp\/v2\/media?parent=48454"}],"wp:term":[{"taxonomy":"category","embeddable":true,"href":"https:\/\/www.laguiadepamplona.com\/actualidad\/wp-json\/wp\/v2\/categories?post=48454"},{"taxonomy":"post_tag","embeddable":true,"href":"https:\/\/www.laguiadepamplona.com\/actualidad\/wp-json\/wp\/v2\/tags?post=48454"}],"curies":[{"name":"wp","href":"https:\/\/api.w.org\/{rel}","templated":true}]}}