{"id":48448,"date":"2024-01-17T17:57:24","date_gmt":"2024-01-17T15:57:24","guid":{"rendered":"https:\/\/www.laguiadepamplona.com\/actualidad\/?p=48448"},"modified":"2024-01-17T17:57:24","modified_gmt":"2024-01-17T15:57:24","slug":"el-plan-de-vivienda-el-impulso-a-la-oficina-estrategica-y-el-desbloqueo-de-las-relaciones-con-el-gobierno-foral-primeros-retos-del-area-de-vivienda-y-urbanismo","status":"publish","type":"post","link":"https:\/\/www.laguiadepamplona.com\/actualidad\/el-plan-de-vivienda-el-impulso-a-la-oficina-estrategica-y-el-desbloqueo-de-las-relaciones-con-el-gobierno-foral-primeros-retos-del-area-de-vivienda-y-urbanismo\/","title":{"rendered":"El Plan de Vivienda, el impulso a la Oficina Estrat\u00e9gica y el desbloqueo de las relaciones con el Gobierno Foral, primeros retos del \u00c1rea de Vivienda y Urbanismo"},"content":{"rendered":"<h2>Esta \u00e1rea se encargar\u00e1 tambi\u00e9n de la gesti\u00f3n eficaz de la energ\u00eda, los bosques urbanos y la renaturalizaci\u00f3n de espacios contra el Cambio Clim\u00e1tico<\/h2>\n<p><!--more--><\/p>\n<p>En las pr\u00f3ximas semanas el Ayuntamiento de Pamplona presentar\u00e1 su Plan de Vivienda, un documento que se dise\u00f1ar\u00e1 con la prioridad de garantizar el acceso a una vivienda digna. Esta ma\u00f1ana ha comparecido ante la Comisi\u00f3n municipal de Urbanismo el nuevo concejal delegado de Gobierno Estrat\u00e9gico, Urbanismo, Vivienda y Agenda 2030, Joxe Abaurrea, para explicar las l\u00edneas de trabajo de Urbanismo y Vivienda para los pr\u00f3ximos a\u00f1os.<\/p>\n<p>La pretensi\u00f3n es desbloquear la relaci\u00f3n entre el Ayuntamiento de Pamplona y el Gobierno de Navarra en todo aquello que requiera de colaboraci\u00f3n, desde el propio Plan de Vivienda a los Planes Sectoriales de Incidencia Supramunicipal de Etxabakoitz, la Universidad P\u00fablica de Navarra o Beloso. Ese esp\u00edritu de colaboraci\u00f3n en el \u00e1mbito urban\u00edstico se extender\u00e1 tambi\u00e9n a otros ayuntamientos de la Comarca o la Mancomunidad.<br \/>\n<script async src=\"\/\/pagead2.googlesyndication.com\/pagead\/js\/adsbygoogle.js\"><\/script><br \/>\n<!-- Noticias La Guia de Pamplona --><br \/>\n<ins class=\"adsbygoogle\"\nstyle=\"display:block\"\ndata-ad-client=\"ca-pub-6943679897239327\"\ndata-ad-slot=\"7048180777\"\ndata-ad-format=\"auto\"><\/ins><br \/>\n<script>\n(adsbygoogle = window.adsbygoogle || []).push({});\n<\/script><\/p>\n<p>En el nuevo decreto de Organizaci\u00f3n Municipal, el \u00c1rea de Gobierno Estrat\u00e9gico, Urbanismo, Vivienda y Agenda 2030 en lo relativo al urbanismo engloba diversos servicios y tareas. Por un lado, la Gerencia de Urbanismo, el organismo aut\u00f3nomo que se ocupar\u00e1 del planeamiento urban\u00edstico (dise\u00f1o de ciudad) y de la pol\u00edtica de vivienda en Pamplona. Tambi\u00e9n gestiona el servicio de licencias y disciplina urban\u00edsticas y, en lo tocante a rehabilitaci\u00f3n y regeneraci\u00f3n urbana, la Oficina de Rehabilitaci\u00f3n y Pamplona Centro Hist\u00f3rico.<\/p>\n<p>Pero, adem\u00e1s, esta \u00e1rea va a asumir las competencias de la Agencia Energ\u00e9tica y el Servicio de Medioambiente y Museo de Educaci\u00f3n Ambiental para impulsar de modo transversal pol\u00edticas de adaptaci\u00f3n de la ciudad al cambio clim\u00e1tico mediante la concreci\u00f3n y desarrollo de la Estrategia de Transici\u00f3n Energ\u00e9tica y Cambio Clim\u00e1tico. La apuesta ambiental ser\u00e1, por ejemplo, la renaturalizaci\u00f3n de espacios y la creaci\u00f3n de bosques urbanos.<\/p>\n<p>Desde el punto de vista de la sostenibilidad energ\u00e9tica se fomentar\u00e1 la creaci\u00f3n de nuevas comunidades energ\u00e9ticas y de creaci\u00f3n de puntos de informaci\u00f3n energ\u00e9tica en el \u00e1mbito de la rehabilitaci\u00f3n. Finalmente, en esta concejal\u00eda delegada se enmarcar\u00e1n en sus competencias los cometidos de la Oficina Estrat\u00e9gica de forma que queden dentro de la misma \u00e1rea lo relativo a pensamiento y planeamiento estrat\u00e9gico de ciudad para adelantar escenarios de futuro y crear l\u00edneas de an\u00e1lisis y de financiaci\u00f3n para los nuevos proyectos de Pamplona.<br \/>\n<script async src=\"\/\/pagead2.googlesyndication.com\/pagead\/js\/adsbygoogle.js\"><\/script><br \/>\n<!-- Noticias La Guia de Pamplona --><br \/>\n<ins class=\"adsbygoogle\"\nstyle=\"display:block\"\ndata-ad-client=\"ca-pub-6943679897239327\"\ndata-ad-slot=\"7048180777\"\ndata-ad-format=\"auto\"><\/ins><br \/>\n<script>\n(adsbygoogle = window.adsbygoogle || []).push({});\n<\/script><\/p>\n<p><strong>El derecho a la vivienda como criterio<\/strong><\/p>\n<p>El Plan de Vivienda tendr\u00e1 como eje de garantizar el acceso a una vivienda digna. Para ello, adem\u00e1s de las de nueva construcci\u00f3n, el esfuerzo para facilitar soluciones de vivienda pasar\u00e1 tanto por las ayudas a la rehabilitaci\u00f3n de vivienda, como por actuar mediante procesos de regeneraci\u00f3n urbana en \u00e1mbitos vulnerables o necesitados de impulsos extraordinarios. Como retos m\u00e1s importantes: el Casco Antiguo con el Proyecto de Intervenci\u00f3n Global (PIG) de la plaza de Santa Ana, o Arrosad\u00eda con el Plan Especial de Actuaci\u00f3n Urbana (PEAU). Tambi\u00e9n ser\u00e1 un reto la gesti\u00f3n de la nueva Ordenanza de rehabilitaci\u00f3n de vivienda, aprobada con criterios de equidad entre barrios.<\/p>\n<p>Desde el punto de vista interno, y para agilizar la gesti\u00f3n, el departamento revisar\u00e1 los actuales procesos de otorgamiento de licencias para evitar retrasos. Adem\u00e1s, el Ayuntamiento har\u00e1 un esfuerzo para poner a disposici\u00f3n de las familias m\u00e1s vulnerables viviendas de emergencia, algo que se encargar\u00e1 de gestionar de forma centralizada la Oficina de Vivienda.<br \/>\n<script async src=\"\/\/pagead2.googlesyndication.com\/pagead\/js\/adsbygoogle.js\"><\/script><br \/>\n<!-- Noticias La Guia de Pamplona --><br \/>\n<ins class=\"adsbygoogle\"\nstyle=\"display:block\"\ndata-ad-client=\"ca-pub-6943679897239327\"\ndata-ad-slot=\"7048180777\"\ndata-ad-format=\"auto\"><\/ins><br \/>\n<script>\n(adsbygoogle = window.adsbygoogle || []).push({});\n<\/script><\/p>\n<p><strong>Planeamiento a todas las escalas<\/strong><\/p>\n<p>El \u00c1rea de Gobierno Estrat\u00e9gico, Urbanismo, Vivienda y Agenda 2030 tiene encargado lo relativo al planeamiento, un \u00e1mbito que va m\u00e1s all\u00e1 de la planificaci\u00f3n de viviendas. Seg\u00fan lo expuesto, desde ese departamento se atender\u00e1 desde la peque\u00f1a escala (problemas de accesibilidad), al rango medio, como el proyecto de aprobar el Plan Especial de Actuaci\u00f3n Urbana (PEAU) del II Ensanche, hasta las grandes apuestas de programaci\u00f3n de nuevo suelo como el plan parcial de Donapea.<\/p>\n<p>Entre los retos est\u00e1 seguir desarrollando proyectos importantes de escala ciudad como las siguientes fases del Parque sur de la Txantrea o la segunda fase del ecoparque de Aranzadi o. En el primero se abordar\u00e1 el proyecto de la pasarela que abrir\u00e1 un gran corredor ciclable en eje este-oeste (conexi\u00f3n de Pamplona con Burlada por la zona de Mugazuri) y, en el segundo se buscar\u00e1n contenidos acordes a su esencia y que concuerden con un lenguaje com\u00fan sobre la sostenibilidad, la producci\u00f3n agr\u00edcola de proximidad, la inclusi\u00f3n o la investigaci\u00f3n, la educaci\u00f3n ambiental o el arte.<br \/>\n<script async src=\"\/\/pagead2.googlesyndication.com\/pagead\/js\/adsbygoogle.js\"><\/script><br \/>\n<!-- Noticias La Guia de Pamplona --><br \/>\n<ins class=\"adsbygoogle\"\nstyle=\"display:block\"\ndata-ad-client=\"ca-pub-6943679897239327\"\ndata-ad-slot=\"7048180777\"\ndata-ad-format=\"auto\"><\/ins><br \/>\n<script>\n(adsbygoogle = window.adsbygoogle || []).push({});\n<\/script><\/p>\n<p><strong>Sostenibilidad, biodiversidad y energ\u00eda<\/strong><\/p>\n<p>El \u00e1rea seguir\u00e1 trabajando por una la transici\u00f3n energ\u00e9tica hacia un ahorro de recursos, el cambio de tipolog\u00eda y su mejor gesti\u00f3n. En ese sentido se seguir\u00e1 trabajando en la creaci\u00f3n de comunidades energ\u00e9ticas en la ciudad y en la participaci\u00f3n para crear puntos de informaci\u00f3n energ\u00e9tica en las oficinas y procesos de rehabilitaci\u00f3n. La primera apuesta y referencia para este trabajo ser\u00e1 la oficina de La Milagrosa-Arrosadia en la que se reforzar\u00e1 personal en los pr\u00f3ximos meses. Adem\u00e1s, se colaborar\u00e1 estrechamente con la planta de biomasa.<\/p>\n<p>Desde el punto de vista de la mejor de la biodiversidad y de la adaptaci\u00f3n de la ciudad al cambio clim\u00e1tico, para conseguir una mayor resiliencia, se realizar\u00e1n actuaciones como la creaci\u00f3n de bosques urbanos, como el de Pioneras, o din\u00e1micas de renaturalizaci\u00f3n de la ciudad en las que la avenida P\u00edo XII ser\u00e1 un ejemplo. Actuaciones que ser\u00e1n prioritarias en la ciudad consolidada y cuyos criterios se incorporar\u00e1n a los nuevos \u00e1mbitos, con un esfuerzo especial en el Plan Parcial de Donapea.<\/p>\n","protected":false},"excerpt":{"rendered":"<p>Esta \u00e1rea se encargar\u00e1 tambi\u00e9n de la gesti\u00f3n eficaz de la energ\u00eda, los bosques urbanos y la renaturalizaci\u00f3n de espacios contra el Cambio Clim\u00e1tico<\/p>\n","protected":false},"author":1,"featured_media":48449,"comment_status":"open","ping_status":"closed","sticky":false,"template":"","format":"standard","meta":{"footnotes":""},"categories":[2],"tags":[],"class_list":["post-48448","post","type-post","status-publish","format-standard","has-post-thumbnail","hentry","category-ayuntamiento-pamplona"],"yoast_head":"<!-- This site is optimized with the Yoast SEO plugin v27.5 - https:\/\/yoast.com\/product\/yoast-seo-wordpress\/ -->\n<title>El Plan de Vivienda, el impulso a la Oficina Estrat\u00e9gica y el desbloqueo de las relaciones con el Gobierno Foral, primeros retos del \u00c1rea de Vivienda y Urbanismo<\/title>\n<meta name=\"description\" content=\"Esta \u00e1rea se encargar\u00e1 tambi\u00e9n de la gesti\u00f3n eficaz de la energ\u00eda, los bosques urbanos y la renaturalizaci\u00f3n de espacios contra el Cambio Clim\u00e1tico\" \/>\n<meta name=\"robots\" content=\"index, follow, max-snippet:-1, max-image-preview:large, max-video-preview:-1\" \/>\n<link rel=\"canonical\" href=\"https:\/\/www.laguiadepamplona.com\/actualidad\/el-plan-de-vivienda-el-impulso-a-la-oficina-estrategica-y-el-desbloqueo-de-las-relaciones-con-el-gobierno-foral-primeros-retos-del-area-de-vivienda-y-urbanismo\/\" \/>\n<meta property=\"og:locale\" content=\"es_ES\" \/>\n<meta property=\"og:type\" content=\"article\" \/>\n<meta property=\"og:title\" content=\"El Plan de Vivienda, el impulso a la Oficina Estrat\u00e9gica y el desbloqueo de las relaciones con el Gobierno Foral, primeros retos del \u00c1rea de Vivienda y Urbanismo\" \/>\n<meta property=\"og:description\" content=\"Esta \u00e1rea se encargar\u00e1 tambi\u00e9n de la gesti\u00f3n eficaz de la energ\u00eda, los bosques urbanos y la renaturalizaci\u00f3n de espacios contra el Cambio Clim\u00e1tico\" \/>\n<meta property=\"og:url\" content=\"https:\/\/www.laguiadepamplona.com\/actualidad\/el-plan-de-vivienda-el-impulso-a-la-oficina-estrategica-y-el-desbloqueo-de-las-relaciones-con-el-gobierno-foral-primeros-retos-del-area-de-vivienda-y-urbanismo\/\" \/>\n<meta property=\"og:site_name\" content=\"La Gu\u00eda de Pamplona\" \/>\n<meta property=\"article:publisher\" content=\"https:\/\/www.facebook.com\/laguiadepamplonacom-133175176762273\/?ref=hl\" \/>\n<meta property=\"article:published_time\" content=\"2024-01-17T15:57:24+00:00\" \/>\n<meta property=\"og:image\" content=\"https:\/\/www.laguiadepamplona.com\/actualidad\/wp-content\/uploads\/2024\/01\/etxabakoitz_grupo_urdanoz.webp\" \/>\n\t<meta property=\"og:image:width\" content=\"1200\" \/>\n\t<meta property=\"og:image:height\" content=\"800\" \/>\n\t<meta property=\"og:image:type\" content=\"image\/webp\" \/>\n<meta name=\"author\" content=\"La Gu\u00eda de Pamplona\" \/>\n<meta name=\"twitter:card\" content=\"summary_large_image\" \/>\n<meta name=\"twitter:creator\" content=\"@LaGuiadPamplona\" \/>\n<meta name=\"twitter:site\" content=\"@LaGuiadPamplona\" \/>\n<meta name=\"twitter:label1\" content=\"Escrito por\" \/>\n\t<meta name=\"twitter:data1\" content=\"La Gu\u00eda de Pamplona\" \/>\n\t<meta name=\"twitter:label2\" content=\"Tiempo de lectura\" \/>\n\t<meta name=\"twitter:data2\" content=\"5 minutos\" \/>\n<script type=\"application\/ld+json\" class=\"yoast-schema-graph\">{\"@context\":\"https:\\\/\\\/schema.org\",\"@graph\":[{\"@type\":\"Article\",\"@id\":\"https:\\\/\\\/www.laguiadepamplona.com\\\/actualidad\\\/el-plan-de-vivienda-el-impulso-a-la-oficina-estrategica-y-el-desbloqueo-de-las-relaciones-con-el-gobierno-foral-primeros-retos-del-area-de-vivienda-y-urbanismo\\\/#article\",\"isPartOf\":{\"@id\":\"https:\\\/\\\/www.laguiadepamplona.com\\\/actualidad\\\/el-plan-de-vivienda-el-impulso-a-la-oficina-estrategica-y-el-desbloqueo-de-las-relaciones-con-el-gobierno-foral-primeros-retos-del-area-de-vivienda-y-urbanismo\\\/\"},\"author\":{\"name\":\"La Gu\u00eda de Pamplona\",\"@id\":\"https:\\\/\\\/www.laguiadepamplona.com\\\/actualidad\\\/#\\\/schema\\\/person\\\/efe887376f0213d4657c93adc50b1fdb\"},\"headline\":\"El Plan de Vivienda, el impulso a la Oficina Estrat\u00e9gica y el desbloqueo de las relaciones con el Gobierno Foral, primeros retos del \u00c1rea de Vivienda y Urbanismo\",\"datePublished\":\"2024-01-17T15:57:24+00:00\",\"mainEntityOfPage\":{\"@id\":\"https:\\\/\\\/www.laguiadepamplona.com\\\/actualidad\\\/el-plan-de-vivienda-el-impulso-a-la-oficina-estrategica-y-el-desbloqueo-de-las-relaciones-con-el-gobierno-foral-primeros-retos-del-area-de-vivienda-y-urbanismo\\\/\"},\"wordCount\":1043,\"commentCount\":0,\"publisher\":{\"@id\":\"https:\\\/\\\/www.laguiadepamplona.com\\\/actualidad\\\/#organization\"},\"image\":{\"@id\":\"https:\\\/\\\/www.laguiadepamplona.com\\\/actualidad\\\/el-plan-de-vivienda-el-impulso-a-la-oficina-estrategica-y-el-desbloqueo-de-las-relaciones-con-el-gobierno-foral-primeros-retos-del-area-de-vivienda-y-urbanismo\\\/#primaryimage\"},\"thumbnailUrl\":\"https:\\\/\\\/www.laguiadepamplona.com\\\/actualidad\\\/wp-content\\\/uploads\\\/2024\\\/01\\\/etxabakoitz_grupo_urdanoz.webp\",\"articleSection\":[\"Ayto Pamplona\"],\"inLanguage\":\"es\",\"potentialAction\":[{\"@type\":\"CommentAction\",\"name\":\"Comment\",\"target\":[\"https:\\\/\\\/www.laguiadepamplona.com\\\/actualidad\\\/el-plan-de-vivienda-el-impulso-a-la-oficina-estrategica-y-el-desbloqueo-de-las-relaciones-con-el-gobierno-foral-primeros-retos-del-area-de-vivienda-y-urbanismo\\\/#respond\"]}]},{\"@type\":\"WebPage\",\"@id\":\"https:\\\/\\\/www.laguiadepamplona.com\\\/actualidad\\\/el-plan-de-vivienda-el-impulso-a-la-oficina-estrategica-y-el-desbloqueo-de-las-relaciones-con-el-gobierno-foral-primeros-retos-del-area-de-vivienda-y-urbanismo\\\/\",\"url\":\"https:\\\/\\\/www.laguiadepamplona.com\\\/actualidad\\\/el-plan-de-vivienda-el-impulso-a-la-oficina-estrategica-y-el-desbloqueo-de-las-relaciones-con-el-gobierno-foral-primeros-retos-del-area-de-vivienda-y-urbanismo\\\/\",\"name\":\"El Plan de Vivienda, el impulso a la Oficina Estrat\u00e9gica y el desbloqueo de las relaciones con el Gobierno Foral, primeros retos del \u00c1rea de Vivienda y Urbanismo\",\"isPartOf\":{\"@id\":\"https:\\\/\\\/www.laguiadepamplona.com\\\/actualidad\\\/#website\"},\"primaryImageOfPage\":{\"@id\":\"https:\\\/\\\/www.laguiadepamplona.com\\\/actualidad\\\/el-plan-de-vivienda-el-impulso-a-la-oficina-estrategica-y-el-desbloqueo-de-las-relaciones-con-el-gobierno-foral-primeros-retos-del-area-de-vivienda-y-urbanismo\\\/#primaryimage\"},\"image\":{\"@id\":\"https:\\\/\\\/www.laguiadepamplona.com\\\/actualidad\\\/el-plan-de-vivienda-el-impulso-a-la-oficina-estrategica-y-el-desbloqueo-de-las-relaciones-con-el-gobierno-foral-primeros-retos-del-area-de-vivienda-y-urbanismo\\\/#primaryimage\"},\"thumbnailUrl\":\"https:\\\/\\\/www.laguiadepamplona.com\\\/actualidad\\\/wp-content\\\/uploads\\\/2024\\\/01\\\/etxabakoitz_grupo_urdanoz.webp\",\"datePublished\":\"2024-01-17T15:57:24+00:00\",\"description\":\"Esta \u00e1rea se encargar\u00e1 tambi\u00e9n de la gesti\u00f3n eficaz de la energ\u00eda, los bosques urbanos y la renaturalizaci\u00f3n de espacios contra el Cambio Clim\u00e1tico\",\"breadcrumb\":{\"@id\":\"https:\\\/\\\/www.laguiadepamplona.com\\\/actualidad\\\/el-plan-de-vivienda-el-impulso-a-la-oficina-estrategica-y-el-desbloqueo-de-las-relaciones-con-el-gobierno-foral-primeros-retos-del-area-de-vivienda-y-urbanismo\\\/#breadcrumb\"},\"inLanguage\":\"es\",\"potentialAction\":[{\"@type\":\"ReadAction\",\"target\":[\"https:\\\/\\\/www.laguiadepamplona.com\\\/actualidad\\\/el-plan-de-vivienda-el-impulso-a-la-oficina-estrategica-y-el-desbloqueo-de-las-relaciones-con-el-gobierno-foral-primeros-retos-del-area-de-vivienda-y-urbanismo\\\/\"]}]},{\"@type\":\"ImageObject\",\"inLanguage\":\"es\",\"@id\":\"https:\\\/\\\/www.laguiadepamplona.com\\\/actualidad\\\/el-plan-de-vivienda-el-impulso-a-la-oficina-estrategica-y-el-desbloqueo-de-las-relaciones-con-el-gobierno-foral-primeros-retos-del-area-de-vivienda-y-urbanismo\\\/#primaryimage\",\"url\":\"https:\\\/\\\/www.laguiadepamplona.com\\\/actualidad\\\/wp-content\\\/uploads\\\/2024\\\/01\\\/etxabakoitz_grupo_urdanoz.webp\",\"contentUrl\":\"https:\\\/\\\/www.laguiadepamplona.com\\\/actualidad\\\/wp-content\\\/uploads\\\/2024\\\/01\\\/etxabakoitz_grupo_urdanoz.webp\",\"width\":1200,\"height\":800,\"caption\":\"etxabakoiz\"},{\"@type\":\"BreadcrumbList\",\"@id\":\"https:\\\/\\\/www.laguiadepamplona.com\\\/actualidad\\\/el-plan-de-vivienda-el-impulso-a-la-oficina-estrategica-y-el-desbloqueo-de-las-relaciones-con-el-gobierno-foral-primeros-retos-del-area-de-vivienda-y-urbanismo\\\/#breadcrumb\",\"itemListElement\":[{\"@type\":\"ListItem\",\"position\":1,\"name\":\"Portada\",\"item\":\"https:\\\/\\\/www.laguiadepamplona.com\\\/actualidad\\\/\"},{\"@type\":\"ListItem\",\"position\":2,\"name\":\"El Plan de Vivienda, el impulso a la Oficina Estrat\u00e9gica y el desbloqueo de las relaciones con el Gobierno Foral, primeros retos del \u00c1rea de Vivienda y Urbanismo\"}]},{\"@type\":\"WebSite\",\"@id\":\"https:\\\/\\\/www.laguiadepamplona.com\\\/actualidad\\\/#website\",\"url\":\"https:\\\/\\\/www.laguiadepamplona.com\\\/actualidad\\\/\",\"name\":\"La gu\u00eda de Pamplona\",\"description\":\"Noticias de Pamplona\",\"publisher\":{\"@id\":\"https:\\\/\\\/www.laguiadepamplona.com\\\/actualidad\\\/#organization\"},\"potentialAction\":[{\"@type\":\"SearchAction\",\"target\":{\"@type\":\"EntryPoint\",\"urlTemplate\":\"https:\\\/\\\/www.laguiadepamplona.com\\\/actualidad\\\/?s={search_term_string}\"},\"query-input\":{\"@type\":\"PropertyValueSpecification\",\"valueRequired\":true,\"valueName\":\"search_term_string\"}}],\"inLanguage\":\"es\"},{\"@type\":\"Organization\",\"@id\":\"https:\\\/\\\/www.laguiadepamplona.com\\\/actualidad\\\/#organization\",\"name\":\"La Gu\u00eda de Pamplona \\\/ Noticias\",\"url\":\"https:\\\/\\\/www.laguiadepamplona.com\\\/actualidad\\\/\",\"logo\":{\"@type\":\"ImageObject\",\"inLanguage\":\"es\",\"@id\":\"https:\\\/\\\/www.laguiadepamplona.com\\\/actualidad\\\/#\\\/schema\\\/logo\\\/image\\\/\",\"url\":\"https:\\\/\\\/www.laguiadepamplona.com\\\/actualidad\\\/wp-content\\\/uploads\\\/2018\\\/11\\\/logo-laguiadepamplona18-web1.png\",\"contentUrl\":\"https:\\\/\\\/www.laguiadepamplona.com\\\/actualidad\\\/wp-content\\\/uploads\\\/2018\\\/11\\\/logo-laguiadepamplona18-web1.png\",\"width\":600,\"height\":196,\"caption\":\"La Gu\u00eda de Pamplona \\\/ Noticias\"},\"image\":{\"@id\":\"https:\\\/\\\/www.laguiadepamplona.com\\\/actualidad\\\/#\\\/schema\\\/logo\\\/image\\\/\"},\"sameAs\":[\"https:\\\/\\\/www.facebook.com\\\/laguiadepamplonacom-133175176762273\\\/?ref=hl\",\"https:\\\/\\\/x.com\\\/LaGuiadPamplona\",\"https:\\\/\\\/www.instagram.com\\\/la_guia_de_pamplona\\\/\",\"https:\\\/\\\/www.youtube.com\\\/user\\\/laguiadepamplona\"]},{\"@type\":\"Person\",\"@id\":\"https:\\\/\\\/www.laguiadepamplona.com\\\/actualidad\\\/#\\\/schema\\\/person\\\/efe887376f0213d4657c93adc50b1fdb\",\"name\":\"La Gu\u00eda de Pamplona\",\"image\":{\"@type\":\"ImageObject\",\"inLanguage\":\"es\",\"@id\":\"https:\\\/\\\/secure.gravatar.com\\\/avatar\\\/b6992f131dc8d30ab0dff15446e9d346d9dbd95992de0fef795073f5ea83a81c?s=96&d=mm&r=g\",\"url\":\"https:\\\/\\\/secure.gravatar.com\\\/avatar\\\/b6992f131dc8d30ab0dff15446e9d346d9dbd95992de0fef795073f5ea83a81c?s=96&d=mm&r=g\",\"contentUrl\":\"https:\\\/\\\/secure.gravatar.com\\\/avatar\\\/b6992f131dc8d30ab0dff15446e9d346d9dbd95992de0fef795073f5ea83a81c?s=96&d=mm&r=g\",\"caption\":\"La Gu\u00eda de Pamplona\"}}]}<\/script>\n<!-- \/ Yoast SEO plugin. -->","yoast_head_json":{"title":"El Plan de Vivienda, el impulso a la Oficina Estrat\u00e9gica y el desbloqueo de las relaciones con el Gobierno Foral, primeros retos del \u00c1rea de Vivienda y Urbanismo","description":"Esta \u00e1rea se encargar\u00e1 tambi\u00e9n de la gesti\u00f3n eficaz de la energ\u00eda, los bosques urbanos y la renaturalizaci\u00f3n de espacios contra el Cambio Clim\u00e1tico","robots":{"index":"index","follow":"follow","max-snippet":"max-snippet:-1","max-image-preview":"max-image-preview:large","max-video-preview":"max-video-preview:-1"},"canonical":"https:\/\/www.laguiadepamplona.com\/actualidad\/el-plan-de-vivienda-el-impulso-a-la-oficina-estrategica-y-el-desbloqueo-de-las-relaciones-con-el-gobierno-foral-primeros-retos-del-area-de-vivienda-y-urbanismo\/","og_locale":"es_ES","og_type":"article","og_title":"El Plan de Vivienda, el impulso a la Oficina Estrat\u00e9gica y el desbloqueo de las relaciones con el Gobierno Foral, primeros retos del \u00c1rea de Vivienda y Urbanismo","og_description":"Esta \u00e1rea se encargar\u00e1 tambi\u00e9n de la gesti\u00f3n eficaz de la energ\u00eda, los bosques urbanos y la renaturalizaci\u00f3n de espacios contra el Cambio Clim\u00e1tico","og_url":"https:\/\/www.laguiadepamplona.com\/actualidad\/el-plan-de-vivienda-el-impulso-a-la-oficina-estrategica-y-el-desbloqueo-de-las-relaciones-con-el-gobierno-foral-primeros-retos-del-area-de-vivienda-y-urbanismo\/","og_site_name":"La Gu\u00eda de Pamplona","article_publisher":"https:\/\/www.facebook.com\/laguiadepamplonacom-133175176762273\/?ref=hl","article_published_time":"2024-01-17T15:57:24+00:00","og_image":[{"width":1200,"height":800,"url":"https:\/\/www.laguiadepamplona.com\/actualidad\/wp-content\/uploads\/2024\/01\/etxabakoitz_grupo_urdanoz.webp","type":"image\/webp"}],"author":"La Gu\u00eda de Pamplona","twitter_card":"summary_large_image","twitter_creator":"@LaGuiadPamplona","twitter_site":"@LaGuiadPamplona","twitter_misc":{"Escrito por":"La Gu\u00eda de Pamplona","Tiempo de lectura":"5 minutos"},"schema":{"@context":"https:\/\/schema.org","@graph":[{"@type":"Article","@id":"https:\/\/www.laguiadepamplona.com\/actualidad\/el-plan-de-vivienda-el-impulso-a-la-oficina-estrategica-y-el-desbloqueo-de-las-relaciones-con-el-gobierno-foral-primeros-retos-del-area-de-vivienda-y-urbanismo\/#article","isPartOf":{"@id":"https:\/\/www.laguiadepamplona.com\/actualidad\/el-plan-de-vivienda-el-impulso-a-la-oficina-estrategica-y-el-desbloqueo-de-las-relaciones-con-el-gobierno-foral-primeros-retos-del-area-de-vivienda-y-urbanismo\/"},"author":{"name":"La Gu\u00eda de Pamplona","@id":"https:\/\/www.laguiadepamplona.com\/actualidad\/#\/schema\/person\/efe887376f0213d4657c93adc50b1fdb"},"headline":"El Plan de Vivienda, el impulso a la Oficina Estrat\u00e9gica y el desbloqueo de las relaciones con el Gobierno Foral, primeros retos del \u00c1rea de Vivienda y Urbanismo","datePublished":"2024-01-17T15:57:24+00:00","mainEntityOfPage":{"@id":"https:\/\/www.laguiadepamplona.com\/actualidad\/el-plan-de-vivienda-el-impulso-a-la-oficina-estrategica-y-el-desbloqueo-de-las-relaciones-con-el-gobierno-foral-primeros-retos-del-area-de-vivienda-y-urbanismo\/"},"wordCount":1043,"commentCount":0,"publisher":{"@id":"https:\/\/www.laguiadepamplona.com\/actualidad\/#organization"},"image":{"@id":"https:\/\/www.laguiadepamplona.com\/actualidad\/el-plan-de-vivienda-el-impulso-a-la-oficina-estrategica-y-el-desbloqueo-de-las-relaciones-con-el-gobierno-foral-primeros-retos-del-area-de-vivienda-y-urbanismo\/#primaryimage"},"thumbnailUrl":"https:\/\/www.laguiadepamplona.com\/actualidad\/wp-content\/uploads\/2024\/01\/etxabakoitz_grupo_urdanoz.webp","articleSection":["Ayto Pamplona"],"inLanguage":"es","potentialAction":[{"@type":"CommentAction","name":"Comment","target":["https:\/\/www.laguiadepamplona.com\/actualidad\/el-plan-de-vivienda-el-impulso-a-la-oficina-estrategica-y-el-desbloqueo-de-las-relaciones-con-el-gobierno-foral-primeros-retos-del-area-de-vivienda-y-urbanismo\/#respond"]}]},{"@type":"WebPage","@id":"https:\/\/www.laguiadepamplona.com\/actualidad\/el-plan-de-vivienda-el-impulso-a-la-oficina-estrategica-y-el-desbloqueo-de-las-relaciones-con-el-gobierno-foral-primeros-retos-del-area-de-vivienda-y-urbanismo\/","url":"https:\/\/www.laguiadepamplona.com\/actualidad\/el-plan-de-vivienda-el-impulso-a-la-oficina-estrategica-y-el-desbloqueo-de-las-relaciones-con-el-gobierno-foral-primeros-retos-del-area-de-vivienda-y-urbanismo\/","name":"El Plan de Vivienda, el impulso a la Oficina Estrat\u00e9gica y el desbloqueo de las relaciones con el Gobierno Foral, primeros retos del \u00c1rea de Vivienda y Urbanismo","isPartOf":{"@id":"https:\/\/www.laguiadepamplona.com\/actualidad\/#website"},"primaryImageOfPage":{"@id":"https:\/\/www.laguiadepamplona.com\/actualidad\/el-plan-de-vivienda-el-impulso-a-la-oficina-estrategica-y-el-desbloqueo-de-las-relaciones-con-el-gobierno-foral-primeros-retos-del-area-de-vivienda-y-urbanismo\/#primaryimage"},"image":{"@id":"https:\/\/www.laguiadepamplona.com\/actualidad\/el-plan-de-vivienda-el-impulso-a-la-oficina-estrategica-y-el-desbloqueo-de-las-relaciones-con-el-gobierno-foral-primeros-retos-del-area-de-vivienda-y-urbanismo\/#primaryimage"},"thumbnailUrl":"https:\/\/www.laguiadepamplona.com\/actualidad\/wp-content\/uploads\/2024\/01\/etxabakoitz_grupo_urdanoz.webp","datePublished":"2024-01-17T15:57:24+00:00","description":"Esta \u00e1rea se encargar\u00e1 tambi\u00e9n de la gesti\u00f3n eficaz de la energ\u00eda, los bosques urbanos y la renaturalizaci\u00f3n de espacios contra el Cambio Clim\u00e1tico","breadcrumb":{"@id":"https:\/\/www.laguiadepamplona.com\/actualidad\/el-plan-de-vivienda-el-impulso-a-la-oficina-estrategica-y-el-desbloqueo-de-las-relaciones-con-el-gobierno-foral-primeros-retos-del-area-de-vivienda-y-urbanismo\/#breadcrumb"},"inLanguage":"es","potentialAction":[{"@type":"ReadAction","target":["https:\/\/www.laguiadepamplona.com\/actualidad\/el-plan-de-vivienda-el-impulso-a-la-oficina-estrategica-y-el-desbloqueo-de-las-relaciones-con-el-gobierno-foral-primeros-retos-del-area-de-vivienda-y-urbanismo\/"]}]},{"@type":"ImageObject","inLanguage":"es","@id":"https:\/\/www.laguiadepamplona.com\/actualidad\/el-plan-de-vivienda-el-impulso-a-la-oficina-estrategica-y-el-desbloqueo-de-las-relaciones-con-el-gobierno-foral-primeros-retos-del-area-de-vivienda-y-urbanismo\/#primaryimage","url":"https:\/\/www.laguiadepamplona.com\/actualidad\/wp-content\/uploads\/2024\/01\/etxabakoitz_grupo_urdanoz.webp","contentUrl":"https:\/\/www.laguiadepamplona.com\/actualidad\/wp-content\/uploads\/2024\/01\/etxabakoitz_grupo_urdanoz.webp","width":1200,"height":800,"caption":"etxabakoiz"},{"@type":"BreadcrumbList","@id":"https:\/\/www.laguiadepamplona.com\/actualidad\/el-plan-de-vivienda-el-impulso-a-la-oficina-estrategica-y-el-desbloqueo-de-las-relaciones-con-el-gobierno-foral-primeros-retos-del-area-de-vivienda-y-urbanismo\/#breadcrumb","itemListElement":[{"@type":"ListItem","position":1,"name":"Portada","item":"https:\/\/www.laguiadepamplona.com\/actualidad\/"},{"@type":"ListItem","position":2,"name":"El Plan de Vivienda, el impulso a la Oficina Estrat\u00e9gica y el desbloqueo de las relaciones con el Gobierno Foral, primeros retos del \u00c1rea de Vivienda y Urbanismo"}]},{"@type":"WebSite","@id":"https:\/\/www.laguiadepamplona.com\/actualidad\/#website","url":"https:\/\/www.laguiadepamplona.com\/actualidad\/","name":"La gu\u00eda de Pamplona","description":"Noticias de Pamplona","publisher":{"@id":"https:\/\/www.laguiadepamplona.com\/actualidad\/#organization"},"potentialAction":[{"@type":"SearchAction","target":{"@type":"EntryPoint","urlTemplate":"https:\/\/www.laguiadepamplona.com\/actualidad\/?s={search_term_string}"},"query-input":{"@type":"PropertyValueSpecification","valueRequired":true,"valueName":"search_term_string"}}],"inLanguage":"es"},{"@type":"Organization","@id":"https:\/\/www.laguiadepamplona.com\/actualidad\/#organization","name":"La Gu\u00eda de Pamplona \/ Noticias","url":"https:\/\/www.laguiadepamplona.com\/actualidad\/","logo":{"@type":"ImageObject","inLanguage":"es","@id":"https:\/\/www.laguiadepamplona.com\/actualidad\/#\/schema\/logo\/image\/","url":"https:\/\/www.laguiadepamplona.com\/actualidad\/wp-content\/uploads\/2018\/11\/logo-laguiadepamplona18-web1.png","contentUrl":"https:\/\/www.laguiadepamplona.com\/actualidad\/wp-content\/uploads\/2018\/11\/logo-laguiadepamplona18-web1.png","width":600,"height":196,"caption":"La Gu\u00eda de Pamplona \/ Noticias"},"image":{"@id":"https:\/\/www.laguiadepamplona.com\/actualidad\/#\/schema\/logo\/image\/"},"sameAs":["https:\/\/www.facebook.com\/laguiadepamplonacom-133175176762273\/?ref=hl","https:\/\/x.com\/LaGuiadPamplona","https:\/\/www.instagram.com\/la_guia_de_pamplona\/","https:\/\/www.youtube.com\/user\/laguiadepamplona"]},{"@type":"Person","@id":"https:\/\/www.laguiadepamplona.com\/actualidad\/#\/schema\/person\/efe887376f0213d4657c93adc50b1fdb","name":"La Gu\u00eda de Pamplona","image":{"@type":"ImageObject","inLanguage":"es","@id":"https:\/\/secure.gravatar.com\/avatar\/b6992f131dc8d30ab0dff15446e9d346d9dbd95992de0fef795073f5ea83a81c?s=96&d=mm&r=g","url":"https:\/\/secure.gravatar.com\/avatar\/b6992f131dc8d30ab0dff15446e9d346d9dbd95992de0fef795073f5ea83a81c?s=96&d=mm&r=g","contentUrl":"https:\/\/secure.gravatar.com\/avatar\/b6992f131dc8d30ab0dff15446e9d346d9dbd95992de0fef795073f5ea83a81c?s=96&d=mm&r=g","caption":"La Gu\u00eda de Pamplona"}}]}},"post_mailing_queue_ids":[],"_links":{"self":[{"href":"https:\/\/www.laguiadepamplona.com\/actualidad\/wp-json\/wp\/v2\/posts\/48448","targetHints":{"allow":["GET"]}}],"collection":[{"href":"https:\/\/www.laguiadepamplona.com\/actualidad\/wp-json\/wp\/v2\/posts"}],"about":[{"href":"https:\/\/www.laguiadepamplona.com\/actualidad\/wp-json\/wp\/v2\/types\/post"}],"author":[{"embeddable":true,"href":"https:\/\/www.laguiadepamplona.com\/actualidad\/wp-json\/wp\/v2\/users\/1"}],"replies":[{"embeddable":true,"href":"https:\/\/www.laguiadepamplona.com\/actualidad\/wp-json\/wp\/v2\/comments?post=48448"}],"version-history":[{"count":1,"href":"https:\/\/www.laguiadepamplona.com\/actualidad\/wp-json\/wp\/v2\/posts\/48448\/revisions"}],"predecessor-version":[{"id":48450,"href":"https:\/\/www.laguiadepamplona.com\/actualidad\/wp-json\/wp\/v2\/posts\/48448\/revisions\/48450"}],"wp:featuredmedia":[{"embeddable":true,"href":"https:\/\/www.laguiadepamplona.com\/actualidad\/wp-json\/wp\/v2\/media\/48449"}],"wp:attachment":[{"href":"https:\/\/www.laguiadepamplona.com\/actualidad\/wp-json\/wp\/v2\/media?parent=48448"}],"wp:term":[{"taxonomy":"category","embeddable":true,"href":"https:\/\/www.laguiadepamplona.com\/actualidad\/wp-json\/wp\/v2\/categories?post=48448"},{"taxonomy":"post_tag","embeddable":true,"href":"https:\/\/www.laguiadepamplona.com\/actualidad\/wp-json\/wp\/v2\/tags?post=48448"}],"curies":[{"name":"wp","href":"https:\/\/api.w.org\/{rel}","templated":true}]}}