{"id":48442,"date":"2024-01-17T17:54:00","date_gmt":"2024-01-17T15:54:00","guid":{"rendered":"https:\/\/www.laguiadepamplona.com\/actualidad\/?p=48442"},"modified":"2024-01-17T17:54:00","modified_gmt":"2024-01-17T15:54:00","slug":"el-ayuntamiento-de-pamplona-organiza-durante-el-mes-de-febrero-un-taller-para-trabajar-el-bienestar-personal-dirigido-a-mayores-de-65-anos","status":"publish","type":"post","link":"https:\/\/www.laguiadepamplona.com\/actualidad\/el-ayuntamiento-de-pamplona-organiza-durante-el-mes-de-febrero-un-taller-para-trabajar-el-bienestar-personal-dirigido-a-mayores-de-65-anos\/","title":{"rendered":"El Ayuntamiento de Pamplona organiza durante el mes de febrero un taller para trabajar el bienestar personal dirigido a mayores de 65 a\u00f1os"},"content":{"rendered":"<h2>El curso es gratuito y tendr\u00e1 lugar en el Centro Comunitario Ermitaga\u00f1a; las inscripciones, por orden de llamada al 010, desde el viernes 19 de enero<\/h2>\n<p><!--more--><\/p>\n<p>Este viernes comienzan las inscripciones para el taller gratuito \u2018Trabajar el bienestar personal\u2019, dirigido a mayores de 65 a\u00f1os, que se impartir\u00e1 durante el mes de febrero en el Centro Comunitario de Ermitaga\u00f1a (c\/ Bartolom\u00e9 de Carranza, 5). Las personas interesadas deber\u00e1n llamar al tel\u00e9fono 010 \u2013 948 420 100. La inscripci\u00f3n se llevar\u00e1 a cabo por orden de llamada.<br \/>\n<script async src=\"\/\/pagead2.googlesyndication.com\/pagead\/js\/adsbygoogle.js\"><\/script><br \/>\n<!-- Noticias La Guia de Pamplona --><br \/>\n<ins class=\"adsbygoogle\"\nstyle=\"display:block\"\ndata-ad-client=\"ca-pub-6943679897239327\"\ndata-ad-slot=\"7048180777\"\ndata-ad-format=\"auto\"><\/ins><br \/>\n<script>\n(adsbygoogle = window.adsbygoogle || []).push({});\n<\/script><\/p>\n<p>El taller est\u00e1 organizado por el Ayuntamiento de Pamplona y la asociaci\u00f3n Tel\u00e9fono de la Esperanza. Se enmarca en el convenio firmado entre ambas entidades que, entre otros, tiene como objetivo la mejora del bienestar emocional de la ciudadan\u00eda y, en concreto, de las personas mayores. El convenio recoge programas de apoyo, orientaci\u00f3n y asesoramiento individual para aquellas personas mayores en situaci\u00f3n de vulnerabilidad y la organizaci\u00f3n de talleres sobre bienestar emocional.<\/p>\n<p>El taller se desarrollar\u00e1 en cuatro sesiones, los martes 6, 13, 20 y 27 de febrero, en horario de ma\u00f1ana, de 10.30 a 12.30 horas. Se abordar\u00e1n las respuestas a preguntas sobre autocuidado, sobre relaciones sociales saludables y posibles, sobre qu\u00e9 pueden aportar las personas mayores a la sociedad o sobre c\u00f3mo hacer frente a pensamientos limitantes.<br \/>\n<script async src=\"\/\/pagead2.googlesyndication.com\/pagead\/js\/adsbygoogle.js\"><\/script><br \/>\n<!-- Noticias La Guia de Pamplona --><br \/>\n<ins class=\"adsbygoogle\"\nstyle=\"display:block\"\ndata-ad-client=\"ca-pub-6943679897239327\"\ndata-ad-slot=\"7048180777\"\ndata-ad-format=\"auto\"><\/ins><br \/>\n<script>\n(adsbygoogle = window.adsbygoogle || []).push({});\n<\/script><\/p>\n<p>&nbsp;<\/p>\n<h3>Curso gratuito. Trabajar el bienestar personal<\/h3>\n<ul>\n<li>Taller dirigido a mayores de 65 a\u00f1os<\/li>\n<li>D\u00edas 6, 13, 20 y 27 de febrero, de 10.30 a 12.30 horas<\/li>\n<li>Centro Comunitario de Ermitaga\u00f1a (c\/ Bartolom\u00e9 de Carranza, 5)<\/li>\n<li>Inscripciones por orden de llamada a partir del viernes 19 de enero en el tel\u00e9fono 010 \u2013 948 420 100<\/li>\n<\/ul>\n","protected":false},"excerpt":{"rendered":"<p>El curso es gratuito y tendr\u00e1 lugar en el Centro Comunitario Ermitaga\u00f1a; las inscripciones, por orden de llamada al 010, desde el viernes 19 de enero<\/p>\n","protected":false},"author":1,"featured_media":48443,"comment_status":"open","ping_status":"closed","sticky":false,"template":"","format":"standard","meta":{"footnotes":""},"categories":[2],"tags":[],"class_list":["post-48442","post","type-post","status-publish","format-standard","has-post-thumbnail","hentry","category-ayuntamiento-pamplona"],"yoast_head":"<!-- This site is optimized with the Yoast SEO plugin v27.3 - https:\/\/yoast.com\/product\/yoast-seo-wordpress\/ -->\n<title>El Ayuntamiento de Pamplona organiza durante el mes de febrero un taller para trabajar el bienestar personal dirigido a mayores de 65 a\u00f1os<\/title>\n<meta name=\"description\" content=\"El curso es gratuito y tendr\u00e1 lugar en el Centro Comunitario Ermitaga\u00f1a; las inscripciones, por orden de llamada al 010, desde el viernes 19 de enero\" \/>\n<meta name=\"robots\" content=\"index, follow, max-snippet:-1, max-image-preview:large, max-video-preview:-1\" \/>\n<link rel=\"canonical\" href=\"https:\/\/www.laguiadepamplona.com\/actualidad\/el-ayuntamiento-de-pamplona-organiza-durante-el-mes-de-febrero-un-taller-para-trabajar-el-bienestar-personal-dirigido-a-mayores-de-65-anos\/\" \/>\n<meta property=\"og:locale\" content=\"es_ES\" \/>\n<meta property=\"og:type\" content=\"article\" \/>\n<meta property=\"og:title\" content=\"El Ayuntamiento de Pamplona organiza durante el mes de febrero un taller para trabajar el bienestar personal dirigido a mayores de 65 a\u00f1os\" \/>\n<meta property=\"og:description\" content=\"El curso es gratuito y tendr\u00e1 lugar en el Centro Comunitario Ermitaga\u00f1a; las inscripciones, por orden de llamada al 010, desde el viernes 19 de enero\" \/>\n<meta property=\"og:url\" content=\"https:\/\/www.laguiadepamplona.com\/actualidad\/el-ayuntamiento-de-pamplona-organiza-durante-el-mes-de-febrero-un-taller-para-trabajar-el-bienestar-personal-dirigido-a-mayores-de-65-anos\/\" \/>\n<meta property=\"og:site_name\" content=\"La Gu\u00eda de Pamplona\" \/>\n<meta property=\"article:publisher\" content=\"https:\/\/www.facebook.com\/laguiadepamplonacom-133175176762273\/?ref=hl\" \/>\n<meta property=\"article:published_time\" content=\"2024-01-17T15:54:00+00:00\" \/>\n<meta property=\"og:image\" content=\"https:\/\/www.laguiadepamplona.com\/actualidad\/wp-content\/uploads\/2024\/01\/bienestar-personal.webp\" \/>\n\t<meta property=\"og:image:width\" content=\"920\" \/>\n\t<meta property=\"og:image:height\" content=\"666\" \/>\n\t<meta property=\"og:image:type\" content=\"image\/webp\" \/>\n<meta name=\"author\" content=\"La Gu\u00eda de Pamplona\" \/>\n<meta name=\"twitter:card\" content=\"summary_large_image\" \/>\n<meta name=\"twitter:creator\" content=\"@LaGuiadPamplona\" \/>\n<meta name=\"twitter:site\" content=\"@LaGuiadPamplona\" \/>\n<meta name=\"twitter:label1\" content=\"Escrito por\" \/>\n\t<meta name=\"twitter:data1\" content=\"La Gu\u00eda de Pamplona\" \/>\n\t<meta name=\"twitter:label2\" content=\"Tiempo de lectura\" \/>\n\t<meta name=\"twitter:data2\" content=\"2 minutos\" \/>\n<script type=\"application\/ld+json\" class=\"yoast-schema-graph\">{\"@context\":\"https:\\\/\\\/schema.org\",\"@graph\":[{\"@type\":\"Article\",\"@id\":\"https:\\\/\\\/www.laguiadepamplona.com\\\/actualidad\\\/el-ayuntamiento-de-pamplona-organiza-durante-el-mes-de-febrero-un-taller-para-trabajar-el-bienestar-personal-dirigido-a-mayores-de-65-anos\\\/#article\",\"isPartOf\":{\"@id\":\"https:\\\/\\\/www.laguiadepamplona.com\\\/actualidad\\\/el-ayuntamiento-de-pamplona-organiza-durante-el-mes-de-febrero-un-taller-para-trabajar-el-bienestar-personal-dirigido-a-mayores-de-65-anos\\\/\"},\"author\":{\"name\":\"La Gu\u00eda de Pamplona\",\"@id\":\"https:\\\/\\\/www.laguiadepamplona.com\\\/actualidad\\\/#\\\/schema\\\/person\\\/efe887376f0213d4657c93adc50b1fdb\"},\"headline\":\"El Ayuntamiento de Pamplona organiza durante el mes de febrero un taller para trabajar el bienestar personal dirigido a mayores de 65 a\u00f1os\",\"datePublished\":\"2024-01-17T15:54:00+00:00\",\"mainEntityOfPage\":{\"@id\":\"https:\\\/\\\/www.laguiadepamplona.com\\\/actualidad\\\/el-ayuntamiento-de-pamplona-organiza-durante-el-mes-de-febrero-un-taller-para-trabajar-el-bienestar-personal-dirigido-a-mayores-de-65-anos\\\/\"},\"wordCount\":284,\"commentCount\":0,\"publisher\":{\"@id\":\"https:\\\/\\\/www.laguiadepamplona.com\\\/actualidad\\\/#organization\"},\"image\":{\"@id\":\"https:\\\/\\\/www.laguiadepamplona.com\\\/actualidad\\\/el-ayuntamiento-de-pamplona-organiza-durante-el-mes-de-febrero-un-taller-para-trabajar-el-bienestar-personal-dirigido-a-mayores-de-65-anos\\\/#primaryimage\"},\"thumbnailUrl\":\"https:\\\/\\\/www.laguiadepamplona.com\\\/actualidad\\\/wp-content\\\/uploads\\\/2024\\\/01\\\/bienestar-personal.webp\",\"articleSection\":[\"Ayto Pamplona\"],\"inLanguage\":\"es\",\"potentialAction\":[{\"@type\":\"CommentAction\",\"name\":\"Comment\",\"target\":[\"https:\\\/\\\/www.laguiadepamplona.com\\\/actualidad\\\/el-ayuntamiento-de-pamplona-organiza-durante-el-mes-de-febrero-un-taller-para-trabajar-el-bienestar-personal-dirigido-a-mayores-de-65-anos\\\/#respond\"]}]},{\"@type\":\"WebPage\",\"@id\":\"https:\\\/\\\/www.laguiadepamplona.com\\\/actualidad\\\/el-ayuntamiento-de-pamplona-organiza-durante-el-mes-de-febrero-un-taller-para-trabajar-el-bienestar-personal-dirigido-a-mayores-de-65-anos\\\/\",\"url\":\"https:\\\/\\\/www.laguiadepamplona.com\\\/actualidad\\\/el-ayuntamiento-de-pamplona-organiza-durante-el-mes-de-febrero-un-taller-para-trabajar-el-bienestar-personal-dirigido-a-mayores-de-65-anos\\\/\",\"name\":\"El Ayuntamiento de Pamplona organiza durante el mes de febrero un taller para trabajar el bienestar personal dirigido a mayores de 65 a\u00f1os\",\"isPartOf\":{\"@id\":\"https:\\\/\\\/www.laguiadepamplona.com\\\/actualidad\\\/#website\"},\"primaryImageOfPage\":{\"@id\":\"https:\\\/\\\/www.laguiadepamplona.com\\\/actualidad\\\/el-ayuntamiento-de-pamplona-organiza-durante-el-mes-de-febrero-un-taller-para-trabajar-el-bienestar-personal-dirigido-a-mayores-de-65-anos\\\/#primaryimage\"},\"image\":{\"@id\":\"https:\\\/\\\/www.laguiadepamplona.com\\\/actualidad\\\/el-ayuntamiento-de-pamplona-organiza-durante-el-mes-de-febrero-un-taller-para-trabajar-el-bienestar-personal-dirigido-a-mayores-de-65-anos\\\/#primaryimage\"},\"thumbnailUrl\":\"https:\\\/\\\/www.laguiadepamplona.com\\\/actualidad\\\/wp-content\\\/uploads\\\/2024\\\/01\\\/bienestar-personal.webp\",\"datePublished\":\"2024-01-17T15:54:00+00:00\",\"description\":\"El curso es gratuito y tendr\u00e1 lugar en el Centro Comunitario Ermitaga\u00f1a; las inscripciones, por orden de llamada al 010, desde el viernes 19 de enero\",\"breadcrumb\":{\"@id\":\"https:\\\/\\\/www.laguiadepamplona.com\\\/actualidad\\\/el-ayuntamiento-de-pamplona-organiza-durante-el-mes-de-febrero-un-taller-para-trabajar-el-bienestar-personal-dirigido-a-mayores-de-65-anos\\\/#breadcrumb\"},\"inLanguage\":\"es\",\"potentialAction\":[{\"@type\":\"ReadAction\",\"target\":[\"https:\\\/\\\/www.laguiadepamplona.com\\\/actualidad\\\/el-ayuntamiento-de-pamplona-organiza-durante-el-mes-de-febrero-un-taller-para-trabajar-el-bienestar-personal-dirigido-a-mayores-de-65-anos\\\/\"]}]},{\"@type\":\"ImageObject\",\"inLanguage\":\"es\",\"@id\":\"https:\\\/\\\/www.laguiadepamplona.com\\\/actualidad\\\/el-ayuntamiento-de-pamplona-organiza-durante-el-mes-de-febrero-un-taller-para-trabajar-el-bienestar-personal-dirigido-a-mayores-de-65-anos\\\/#primaryimage\",\"url\":\"https:\\\/\\\/www.laguiadepamplona.com\\\/actualidad\\\/wp-content\\\/uploads\\\/2024\\\/01\\\/bienestar-personal.webp\",\"contentUrl\":\"https:\\\/\\\/www.laguiadepamplona.com\\\/actualidad\\\/wp-content\\\/uploads\\\/2024\\\/01\\\/bienestar-personal.webp\",\"width\":920,\"height\":666,\"caption\":\"taller bienestar personal\"},{\"@type\":\"BreadcrumbList\",\"@id\":\"https:\\\/\\\/www.laguiadepamplona.com\\\/actualidad\\\/el-ayuntamiento-de-pamplona-organiza-durante-el-mes-de-febrero-un-taller-para-trabajar-el-bienestar-personal-dirigido-a-mayores-de-65-anos\\\/#breadcrumb\",\"itemListElement\":[{\"@type\":\"ListItem\",\"position\":1,\"name\":\"Portada\",\"item\":\"https:\\\/\\\/www.laguiadepamplona.com\\\/actualidad\\\/\"},{\"@type\":\"ListItem\",\"position\":2,\"name\":\"El Ayuntamiento de Pamplona organiza durante el mes de febrero un taller para trabajar el bienestar personal dirigido a mayores de 65 a\u00f1os\"}]},{\"@type\":\"WebSite\",\"@id\":\"https:\\\/\\\/www.laguiadepamplona.com\\\/actualidad\\\/#website\",\"url\":\"https:\\\/\\\/www.laguiadepamplona.com\\\/actualidad\\\/\",\"name\":\"La gu\u00eda de Pamplona\",\"description\":\"Noticias de Pamplona\",\"publisher\":{\"@id\":\"https:\\\/\\\/www.laguiadepamplona.com\\\/actualidad\\\/#organization\"},\"potentialAction\":[{\"@type\":\"SearchAction\",\"target\":{\"@type\":\"EntryPoint\",\"urlTemplate\":\"https:\\\/\\\/www.laguiadepamplona.com\\\/actualidad\\\/?s={search_term_string}\"},\"query-input\":{\"@type\":\"PropertyValueSpecification\",\"valueRequired\":true,\"valueName\":\"search_term_string\"}}],\"inLanguage\":\"es\"},{\"@type\":\"Organization\",\"@id\":\"https:\\\/\\\/www.laguiadepamplona.com\\\/actualidad\\\/#organization\",\"name\":\"La Gu\u00eda de Pamplona \\\/ Noticias\",\"url\":\"https:\\\/\\\/www.laguiadepamplona.com\\\/actualidad\\\/\",\"logo\":{\"@type\":\"ImageObject\",\"inLanguage\":\"es\",\"@id\":\"https:\\\/\\\/www.laguiadepamplona.com\\\/actualidad\\\/#\\\/schema\\\/logo\\\/image\\\/\",\"url\":\"https:\\\/\\\/www.laguiadepamplona.com\\\/actualidad\\\/wp-content\\\/uploads\\\/2018\\\/11\\\/logo-laguiadepamplona18-web1.png\",\"contentUrl\":\"https:\\\/\\\/www.laguiadepamplona.com\\\/actualidad\\\/wp-content\\\/uploads\\\/2018\\\/11\\\/logo-laguiadepamplona18-web1.png\",\"width\":600,\"height\":196,\"caption\":\"La Gu\u00eda de Pamplona \\\/ Noticias\"},\"image\":{\"@id\":\"https:\\\/\\\/www.laguiadepamplona.com\\\/actualidad\\\/#\\\/schema\\\/logo\\\/image\\\/\"},\"sameAs\":[\"https:\\\/\\\/www.facebook.com\\\/laguiadepamplonacom-133175176762273\\\/?ref=hl\",\"https:\\\/\\\/x.com\\\/LaGuiadPamplona\",\"https:\\\/\\\/www.instagram.com\\\/la_guia_de_pamplona\\\/\",\"https:\\\/\\\/www.youtube.com\\\/user\\\/laguiadepamplona\"]},{\"@type\":\"Person\",\"@id\":\"https:\\\/\\\/www.laguiadepamplona.com\\\/actualidad\\\/#\\\/schema\\\/person\\\/efe887376f0213d4657c93adc50b1fdb\",\"name\":\"La Gu\u00eda de Pamplona\",\"image\":{\"@type\":\"ImageObject\",\"inLanguage\":\"es\",\"@id\":\"https:\\\/\\\/secure.gravatar.com\\\/avatar\\\/b6992f131dc8d30ab0dff15446e9d346d9dbd95992de0fef795073f5ea83a81c?s=96&d=mm&r=g\",\"url\":\"https:\\\/\\\/secure.gravatar.com\\\/avatar\\\/b6992f131dc8d30ab0dff15446e9d346d9dbd95992de0fef795073f5ea83a81c?s=96&d=mm&r=g\",\"contentUrl\":\"https:\\\/\\\/secure.gravatar.com\\\/avatar\\\/b6992f131dc8d30ab0dff15446e9d346d9dbd95992de0fef795073f5ea83a81c?s=96&d=mm&r=g\",\"caption\":\"La Gu\u00eda de Pamplona\"}}]}<\/script>\n<!-- \/ Yoast SEO plugin. -->","yoast_head_json":{"title":"El Ayuntamiento de Pamplona organiza durante el mes de febrero un taller para trabajar el bienestar personal dirigido a mayores de 65 a\u00f1os","description":"El curso es gratuito y tendr\u00e1 lugar en el Centro Comunitario Ermitaga\u00f1a; las inscripciones, por orden de llamada al 010, desde el viernes 19 de enero","robots":{"index":"index","follow":"follow","max-snippet":"max-snippet:-1","max-image-preview":"max-image-preview:large","max-video-preview":"max-video-preview:-1"},"canonical":"https:\/\/www.laguiadepamplona.com\/actualidad\/el-ayuntamiento-de-pamplona-organiza-durante-el-mes-de-febrero-un-taller-para-trabajar-el-bienestar-personal-dirigido-a-mayores-de-65-anos\/","og_locale":"es_ES","og_type":"article","og_title":"El Ayuntamiento de Pamplona organiza durante el mes de febrero un taller para trabajar el bienestar personal dirigido a mayores de 65 a\u00f1os","og_description":"El curso es gratuito y tendr\u00e1 lugar en el Centro Comunitario Ermitaga\u00f1a; las inscripciones, por orden de llamada al 010, desde el viernes 19 de enero","og_url":"https:\/\/www.laguiadepamplona.com\/actualidad\/el-ayuntamiento-de-pamplona-organiza-durante-el-mes-de-febrero-un-taller-para-trabajar-el-bienestar-personal-dirigido-a-mayores-de-65-anos\/","og_site_name":"La Gu\u00eda de Pamplona","article_publisher":"https:\/\/www.facebook.com\/laguiadepamplonacom-133175176762273\/?ref=hl","article_published_time":"2024-01-17T15:54:00+00:00","og_image":[{"width":920,"height":666,"url":"https:\/\/www.laguiadepamplona.com\/actualidad\/wp-content\/uploads\/2024\/01\/bienestar-personal.webp","type":"image\/webp"}],"author":"La Gu\u00eda de Pamplona","twitter_card":"summary_large_image","twitter_creator":"@LaGuiadPamplona","twitter_site":"@LaGuiadPamplona","twitter_misc":{"Escrito por":"La Gu\u00eda de Pamplona","Tiempo de lectura":"2 minutos"},"schema":{"@context":"https:\/\/schema.org","@graph":[{"@type":"Article","@id":"https:\/\/www.laguiadepamplona.com\/actualidad\/el-ayuntamiento-de-pamplona-organiza-durante-el-mes-de-febrero-un-taller-para-trabajar-el-bienestar-personal-dirigido-a-mayores-de-65-anos\/#article","isPartOf":{"@id":"https:\/\/www.laguiadepamplona.com\/actualidad\/el-ayuntamiento-de-pamplona-organiza-durante-el-mes-de-febrero-un-taller-para-trabajar-el-bienestar-personal-dirigido-a-mayores-de-65-anos\/"},"author":{"name":"La Gu\u00eda de Pamplona","@id":"https:\/\/www.laguiadepamplona.com\/actualidad\/#\/schema\/person\/efe887376f0213d4657c93adc50b1fdb"},"headline":"El Ayuntamiento de Pamplona organiza durante el mes de febrero un taller para trabajar el bienestar personal dirigido a mayores de 65 a\u00f1os","datePublished":"2024-01-17T15:54:00+00:00","mainEntityOfPage":{"@id":"https:\/\/www.laguiadepamplona.com\/actualidad\/el-ayuntamiento-de-pamplona-organiza-durante-el-mes-de-febrero-un-taller-para-trabajar-el-bienestar-personal-dirigido-a-mayores-de-65-anos\/"},"wordCount":284,"commentCount":0,"publisher":{"@id":"https:\/\/www.laguiadepamplona.com\/actualidad\/#organization"},"image":{"@id":"https:\/\/www.laguiadepamplona.com\/actualidad\/el-ayuntamiento-de-pamplona-organiza-durante-el-mes-de-febrero-un-taller-para-trabajar-el-bienestar-personal-dirigido-a-mayores-de-65-anos\/#primaryimage"},"thumbnailUrl":"https:\/\/www.laguiadepamplona.com\/actualidad\/wp-content\/uploads\/2024\/01\/bienestar-personal.webp","articleSection":["Ayto Pamplona"],"inLanguage":"es","potentialAction":[{"@type":"CommentAction","name":"Comment","target":["https:\/\/www.laguiadepamplona.com\/actualidad\/el-ayuntamiento-de-pamplona-organiza-durante-el-mes-de-febrero-un-taller-para-trabajar-el-bienestar-personal-dirigido-a-mayores-de-65-anos\/#respond"]}]},{"@type":"WebPage","@id":"https:\/\/www.laguiadepamplona.com\/actualidad\/el-ayuntamiento-de-pamplona-organiza-durante-el-mes-de-febrero-un-taller-para-trabajar-el-bienestar-personal-dirigido-a-mayores-de-65-anos\/","url":"https:\/\/www.laguiadepamplona.com\/actualidad\/el-ayuntamiento-de-pamplona-organiza-durante-el-mes-de-febrero-un-taller-para-trabajar-el-bienestar-personal-dirigido-a-mayores-de-65-anos\/","name":"El Ayuntamiento de Pamplona organiza durante el mes de febrero un taller para trabajar el bienestar personal dirigido a mayores de 65 a\u00f1os","isPartOf":{"@id":"https:\/\/www.laguiadepamplona.com\/actualidad\/#website"},"primaryImageOfPage":{"@id":"https:\/\/www.laguiadepamplona.com\/actualidad\/el-ayuntamiento-de-pamplona-organiza-durante-el-mes-de-febrero-un-taller-para-trabajar-el-bienestar-personal-dirigido-a-mayores-de-65-anos\/#primaryimage"},"image":{"@id":"https:\/\/www.laguiadepamplona.com\/actualidad\/el-ayuntamiento-de-pamplona-organiza-durante-el-mes-de-febrero-un-taller-para-trabajar-el-bienestar-personal-dirigido-a-mayores-de-65-anos\/#primaryimage"},"thumbnailUrl":"https:\/\/www.laguiadepamplona.com\/actualidad\/wp-content\/uploads\/2024\/01\/bienestar-personal.webp","datePublished":"2024-01-17T15:54:00+00:00","description":"El curso es gratuito y tendr\u00e1 lugar en el Centro Comunitario Ermitaga\u00f1a; las inscripciones, por orden de llamada al 010, desde el viernes 19 de enero","breadcrumb":{"@id":"https:\/\/www.laguiadepamplona.com\/actualidad\/el-ayuntamiento-de-pamplona-organiza-durante-el-mes-de-febrero-un-taller-para-trabajar-el-bienestar-personal-dirigido-a-mayores-de-65-anos\/#breadcrumb"},"inLanguage":"es","potentialAction":[{"@type":"ReadAction","target":["https:\/\/www.laguiadepamplona.com\/actualidad\/el-ayuntamiento-de-pamplona-organiza-durante-el-mes-de-febrero-un-taller-para-trabajar-el-bienestar-personal-dirigido-a-mayores-de-65-anos\/"]}]},{"@type":"ImageObject","inLanguage":"es","@id":"https:\/\/www.laguiadepamplona.com\/actualidad\/el-ayuntamiento-de-pamplona-organiza-durante-el-mes-de-febrero-un-taller-para-trabajar-el-bienestar-personal-dirigido-a-mayores-de-65-anos\/#primaryimage","url":"https:\/\/www.laguiadepamplona.com\/actualidad\/wp-content\/uploads\/2024\/01\/bienestar-personal.webp","contentUrl":"https:\/\/www.laguiadepamplona.com\/actualidad\/wp-content\/uploads\/2024\/01\/bienestar-personal.webp","width":920,"height":666,"caption":"taller bienestar personal"},{"@type":"BreadcrumbList","@id":"https:\/\/www.laguiadepamplona.com\/actualidad\/el-ayuntamiento-de-pamplona-organiza-durante-el-mes-de-febrero-un-taller-para-trabajar-el-bienestar-personal-dirigido-a-mayores-de-65-anos\/#breadcrumb","itemListElement":[{"@type":"ListItem","position":1,"name":"Portada","item":"https:\/\/www.laguiadepamplona.com\/actualidad\/"},{"@type":"ListItem","position":2,"name":"El Ayuntamiento de Pamplona organiza durante el mes de febrero un taller para trabajar el bienestar personal dirigido a mayores de 65 a\u00f1os"}]},{"@type":"WebSite","@id":"https:\/\/www.laguiadepamplona.com\/actualidad\/#website","url":"https:\/\/www.laguiadepamplona.com\/actualidad\/","name":"La gu\u00eda de Pamplona","description":"Noticias de Pamplona","publisher":{"@id":"https:\/\/www.laguiadepamplona.com\/actualidad\/#organization"},"potentialAction":[{"@type":"SearchAction","target":{"@type":"EntryPoint","urlTemplate":"https:\/\/www.laguiadepamplona.com\/actualidad\/?s={search_term_string}"},"query-input":{"@type":"PropertyValueSpecification","valueRequired":true,"valueName":"search_term_string"}}],"inLanguage":"es"},{"@type":"Organization","@id":"https:\/\/www.laguiadepamplona.com\/actualidad\/#organization","name":"La Gu\u00eda de Pamplona \/ Noticias","url":"https:\/\/www.laguiadepamplona.com\/actualidad\/","logo":{"@type":"ImageObject","inLanguage":"es","@id":"https:\/\/www.laguiadepamplona.com\/actualidad\/#\/schema\/logo\/image\/","url":"https:\/\/www.laguiadepamplona.com\/actualidad\/wp-content\/uploads\/2018\/11\/logo-laguiadepamplona18-web1.png","contentUrl":"https:\/\/www.laguiadepamplona.com\/actualidad\/wp-content\/uploads\/2018\/11\/logo-laguiadepamplona18-web1.png","width":600,"height":196,"caption":"La Gu\u00eda de Pamplona \/ Noticias"},"image":{"@id":"https:\/\/www.laguiadepamplona.com\/actualidad\/#\/schema\/logo\/image\/"},"sameAs":["https:\/\/www.facebook.com\/laguiadepamplonacom-133175176762273\/?ref=hl","https:\/\/x.com\/LaGuiadPamplona","https:\/\/www.instagram.com\/la_guia_de_pamplona\/","https:\/\/www.youtube.com\/user\/laguiadepamplona"]},{"@type":"Person","@id":"https:\/\/www.laguiadepamplona.com\/actualidad\/#\/schema\/person\/efe887376f0213d4657c93adc50b1fdb","name":"La Gu\u00eda de Pamplona","image":{"@type":"ImageObject","inLanguage":"es","@id":"https:\/\/secure.gravatar.com\/avatar\/b6992f131dc8d30ab0dff15446e9d346d9dbd95992de0fef795073f5ea83a81c?s=96&d=mm&r=g","url":"https:\/\/secure.gravatar.com\/avatar\/b6992f131dc8d30ab0dff15446e9d346d9dbd95992de0fef795073f5ea83a81c?s=96&d=mm&r=g","contentUrl":"https:\/\/secure.gravatar.com\/avatar\/b6992f131dc8d30ab0dff15446e9d346d9dbd95992de0fef795073f5ea83a81c?s=96&d=mm&r=g","caption":"La Gu\u00eda de Pamplona"}}]}},"post_mailing_queue_ids":[],"_links":{"self":[{"href":"https:\/\/www.laguiadepamplona.com\/actualidad\/wp-json\/wp\/v2\/posts\/48442","targetHints":{"allow":["GET"]}}],"collection":[{"href":"https:\/\/www.laguiadepamplona.com\/actualidad\/wp-json\/wp\/v2\/posts"}],"about":[{"href":"https:\/\/www.laguiadepamplona.com\/actualidad\/wp-json\/wp\/v2\/types\/post"}],"author":[{"embeddable":true,"href":"https:\/\/www.laguiadepamplona.com\/actualidad\/wp-json\/wp\/v2\/users\/1"}],"replies":[{"embeddable":true,"href":"https:\/\/www.laguiadepamplona.com\/actualidad\/wp-json\/wp\/v2\/comments?post=48442"}],"version-history":[{"count":1,"href":"https:\/\/www.laguiadepamplona.com\/actualidad\/wp-json\/wp\/v2\/posts\/48442\/revisions"}],"predecessor-version":[{"id":48444,"href":"https:\/\/www.laguiadepamplona.com\/actualidad\/wp-json\/wp\/v2\/posts\/48442\/revisions\/48444"}],"wp:featuredmedia":[{"embeddable":true,"href":"https:\/\/www.laguiadepamplona.com\/actualidad\/wp-json\/wp\/v2\/media\/48443"}],"wp:attachment":[{"href":"https:\/\/www.laguiadepamplona.com\/actualidad\/wp-json\/wp\/v2\/media?parent=48442"}],"wp:term":[{"taxonomy":"category","embeddable":true,"href":"https:\/\/www.laguiadepamplona.com\/actualidad\/wp-json\/wp\/v2\/categories?post=48442"},{"taxonomy":"post_tag","embeddable":true,"href":"https:\/\/www.laguiadepamplona.com\/actualidad\/wp-json\/wp\/v2\/tags?post=48442"}],"curies":[{"name":"wp","href":"https:\/\/api.w.org\/{rel}","templated":true}]}}