{"id":48400,"date":"2024-01-15T20:36:39","date_gmt":"2024-01-15T18:36:39","guid":{"rendered":"https:\/\/www.laguiadepamplona.com\/actualidad\/?p=48400"},"modified":"2024-01-15T20:36:39","modified_gmt":"2024-01-15T18:36:39","slug":"pamplona-solicitara-adherirse-a-la-red-de-ciudades-interculturales-reci-impulsada-por-el-consejo-de-europa-para-promover-y-apoyar-la-diversidad-cultural","status":"publish","type":"post","link":"https:\/\/www.laguiadepamplona.com\/actualidad\/pamplona-solicitara-adherirse-a-la-red-de-ciudades-interculturales-reci-impulsada-por-el-consejo-de-europa-para-promover-y-apoyar-la-diversidad-cultural\/","title":{"rendered":"Pamplona solicitar\u00e1 adherirse a la Red de Ciudades Interculturales (RECI) impulsada por el Consejo de Europa para promover y apoyar la diversidad cultural"},"content":{"rendered":"<h2>La Red, de \u00e1mbito nacional, cuenta en la actualidad con 22 ciudades miembros<\/h2>\n<p><!--more--><\/p>\n<p>Pamplona quiere integrarse dentro de la Red de Ciudades Interculturales (RECI), que el Consejo de Europa puso en marcha en 2011 en el marco del programa europeo Intercultural Cities, con el objetivo de impulsar pol\u00edticas de gesti\u00f3n de la diversidad cultural en el \u00e1mbito local. La adhesi\u00f3n, que deber\u00e1 ser aprobada por el Pleno del Ayuntamiento de Pamplona, supondr\u00eda a la ciudad sumarse a una red nacional que a d\u00eda de hoy cuenta con 22 miembros, entre los que se cuentan Bilbao, San Sebasti\u00e1n, Logro\u00f1o, Barcelona, Zaragoza y Valencia, entre otras.<\/p>\n<p>La Red de Ciudades Interculturales, que cuenta con el apoyo de la Fundaci\u00f3n LaCaixa, une a distintos puntos del territorio estatal, creando un espacio com\u00fan en el que compartir buenas pr\u00e1cticas, experiencias y herramientas. El objetivo \u00faltimo de RECI pasa por apoyar el desarrollo de estrategias interculturales para la gesti\u00f3n de la diversidad y la integraci\u00f3n de las personas migrantes y las minor\u00edas. Para ello, promueve adoptar una visi\u00f3n integral y transversal de la interculturalidad, favoreciendo el debate y el di\u00e1logo dentro de los distintos \u00e1mbitos de la ciudad, primero, para trasladarlo despu\u00e9s a nivel auton\u00f3mico, estatal e internacional. Se trata, en definitiva, de construir sociedades interculturales, donde todas las personas, independientemente de su procedencia y su cultural, puedan convivir y contribuir a crear ciudades m\u00e1s amables y ricas cultural y socialmente.<br \/>\n<script async src=\"\/\/pagead2.googlesyndication.com\/pagead\/js\/adsbygoogle.js\"><\/script><br \/>\n<!-- Noticias La Guia de Pamplona --><br \/>\n<ins class=\"adsbygoogle\"\nstyle=\"display:block\"\ndata-ad-client=\"ca-pub-6943679897239327\"\ndata-ad-slot=\"7048180777\"\ndata-ad-format=\"auto\"><\/ins><br \/>\n<script>\n(adsbygoogle = window.adsbygoogle || []).push({});\n<\/script><\/p>\n<p>Pamplona ha dado ya sus primeros pasos para promover y fomentar la interculturalidad, teniendo en cuenta que en la actualidad una de cada cinco personas que viven en la ciudad ha nacido en el extranjero y una de cada diez en otras comunidades aut\u00f3nomas. A fecha 1 de diciembre de 2023, hab\u00eda en Pamplona 47.728 personas provenientes de otros pa\u00edses (un 22,6%), sobre todo de Am\u00e9rica del Sur, Europa del Este y \u00c1frica. Los datos del censo resaltan que la mayor parte de las personas residentes en Pamplona nacidas en otros pa\u00edses han llegado desde Colombia, Ecuador, Per\u00fa, Bolivia, Bulgaria, Ruman\u00eda, Marruecos, Nigeria y Argelia.<\/p>\n<p>Ante una sociedad plural, el Ayuntamiento de Pamplona aprob\u00f3 en 2023 el primer Plan de Diversidad Cultural y Ciudadan\u00eda Inclusiva, que marca entre sus objetivos la promoci\u00f3n de una pol\u00edtica municipal basada en la igualdad de derechos, deberes y oportunidades; la prevenci\u00f3n de la segregaci\u00f3n y la discriminaci\u00f3n; y la apuesta por una visi\u00f3n integral y transversal de los valores y principios de la interculturalidad. El plan, articulado en cuatro ejes estrat\u00e9gicos, recoge m\u00e1s de 150 acciones, con las que dar respuesta a los retos actuales que afronta la ciudad, tanto en materia educativa como urban\u00edstica. Precisamente, la adhesi\u00f3n a la red es una de las acciones que recoge el plan, dentro de las acciones en el \u00e1mbito del liderazgo y compromiso pol\u00edtico-institucional.<br \/>\n<script async src=\"\/\/pagead2.googlesyndication.com\/pagead\/js\/adsbygoogle.js\"><\/script><br \/>\n<!-- Noticias La Guia de Pamplona --><br \/>\n<ins class=\"adsbygoogle\"\nstyle=\"display:block\"\ndata-ad-client=\"ca-pub-6943679897239327\"\ndata-ad-slot=\"7048180777\"\ndata-ad-format=\"auto\"><\/ins><br \/>\n<script>\n(adsbygoogle = window.adsbygoogle || []).push({});\n<\/script><\/p>\n<p>La adhesi\u00f3n a la red RECI permitir\u00e1 a Pamplona evaluar, de forma externa, el trabajo realizado en el \u00e1mbito de la diversidad cultural. En esa revisi\u00f3n participar\u00e1n expertos internacionales, personal funcionarial, la ciudadan\u00eda en su conjunto y otras ciudades miembros de la red. Todo con el objetivo de adoptar aquellas herramientas y recursos que permitan a las ciudades crecer en igualdad e integraci\u00f3n.<\/p>\n","protected":false},"excerpt":{"rendered":"<p>La Red, de \u00e1mbito nacional, cuenta en la actualidad con 22 ciudades miembros<\/p>\n","protected":false},"author":1,"featured_media":48401,"comment_status":"open","ping_status":"closed","sticky":false,"template":"","format":"standard","meta":{"footnotes":""},"categories":[2],"tags":[],"class_list":["post-48400","post","type-post","status-publish","format-standard","has-post-thumbnail","hentry","category-ayuntamiento-pamplona"],"yoast_head":"<!-- This site is optimized with the Yoast SEO plugin v27.3 - https:\/\/yoast.com\/product\/yoast-seo-wordpress\/ -->\n<title>Pamplona solicitar\u00e1 adherirse a la Red de Ciudades Interculturales (RECI) impulsada por el Consejo de Europa para promover y apoyar la diversidad cultural<\/title>\n<meta name=\"description\" content=\"La Red, de \u00e1mbito nacional, cuenta en la actualidad con 22 ciudades miembros\u00a0\" \/>\n<meta name=\"robots\" content=\"index, follow, max-snippet:-1, max-image-preview:large, max-video-preview:-1\" \/>\n<link rel=\"canonical\" href=\"https:\/\/www.laguiadepamplona.com\/actualidad\/pamplona-solicitara-adherirse-a-la-red-de-ciudades-interculturales-reci-impulsada-por-el-consejo-de-europa-para-promover-y-apoyar-la-diversidad-cultural\/\" \/>\n<meta property=\"og:locale\" content=\"es_ES\" \/>\n<meta property=\"og:type\" content=\"article\" \/>\n<meta property=\"og:title\" content=\"Pamplona solicitar\u00e1 adherirse a la Red de Ciudades Interculturales (RECI) impulsada por el Consejo de Europa para promover y apoyar la diversidad cultural\" \/>\n<meta property=\"og:description\" content=\"La Red, de \u00e1mbito nacional, cuenta en la actualidad con 22 ciudades miembros\u00a0\" \/>\n<meta property=\"og:url\" content=\"https:\/\/www.laguiadepamplona.com\/actualidad\/pamplona-solicitara-adherirse-a-la-red-de-ciudades-interculturales-reci-impulsada-por-el-consejo-de-europa-para-promover-y-apoyar-la-diversidad-cultural\/\" \/>\n<meta property=\"og:site_name\" content=\"La Gu\u00eda de Pamplona\" \/>\n<meta property=\"article:publisher\" content=\"https:\/\/www.facebook.com\/laguiadepamplonacom-133175176762273\/?ref=hl\" \/>\n<meta property=\"article:published_time\" content=\"2024-01-15T18:36:39+00:00\" \/>\n<meta property=\"og:image\" content=\"https:\/\/www.laguiadepamplona.com\/actualidad\/wp-content\/uploads\/2024\/01\/reci.png\" \/>\n\t<meta property=\"og:image:width\" content=\"867\" \/>\n\t<meta property=\"og:image:height\" content=\"467\" \/>\n\t<meta property=\"og:image:type\" content=\"image\/png\" \/>\n<meta name=\"author\" content=\"La Gu\u00eda de Pamplona\" \/>\n<meta name=\"twitter:card\" content=\"summary_large_image\" \/>\n<meta name=\"twitter:creator\" content=\"@LaGuiadPamplona\" \/>\n<meta name=\"twitter:site\" content=\"@LaGuiadPamplona\" \/>\n<meta name=\"twitter:label1\" content=\"Escrito por\" \/>\n\t<meta name=\"twitter:data1\" content=\"La Gu\u00eda de Pamplona\" \/>\n\t<meta name=\"twitter:label2\" content=\"Tiempo de lectura\" \/>\n\t<meta name=\"twitter:data2\" content=\"3 minutos\" \/>\n<script type=\"application\/ld+json\" class=\"yoast-schema-graph\">{\"@context\":\"https:\\\/\\\/schema.org\",\"@graph\":[{\"@type\":\"Article\",\"@id\":\"https:\\\/\\\/www.laguiadepamplona.com\\\/actualidad\\\/pamplona-solicitara-adherirse-a-la-red-de-ciudades-interculturales-reci-impulsada-por-el-consejo-de-europa-para-promover-y-apoyar-la-diversidad-cultural\\\/#article\",\"isPartOf\":{\"@id\":\"https:\\\/\\\/www.laguiadepamplona.com\\\/actualidad\\\/pamplona-solicitara-adherirse-a-la-red-de-ciudades-interculturales-reci-impulsada-por-el-consejo-de-europa-para-promover-y-apoyar-la-diversidad-cultural\\\/\"},\"author\":{\"name\":\"La Gu\u00eda de Pamplona\",\"@id\":\"https:\\\/\\\/www.laguiadepamplona.com\\\/actualidad\\\/#\\\/schema\\\/person\\\/efe887376f0213d4657c93adc50b1fdb\"},\"headline\":\"Pamplona solicitar\u00e1 adherirse a la Red de Ciudades Interculturales (RECI) impulsada por el Consejo de Europa para promover y apoyar la diversidad cultural\",\"datePublished\":\"2024-01-15T18:36:39+00:00\",\"mainEntityOfPage\":{\"@id\":\"https:\\\/\\\/www.laguiadepamplona.com\\\/actualidad\\\/pamplona-solicitara-adherirse-a-la-red-de-ciudades-interculturales-reci-impulsada-por-el-consejo-de-europa-para-promover-y-apoyar-la-diversidad-cultural\\\/\"},\"wordCount\":582,\"commentCount\":0,\"publisher\":{\"@id\":\"https:\\\/\\\/www.laguiadepamplona.com\\\/actualidad\\\/#organization\"},\"image\":{\"@id\":\"https:\\\/\\\/www.laguiadepamplona.com\\\/actualidad\\\/pamplona-solicitara-adherirse-a-la-red-de-ciudades-interculturales-reci-impulsada-por-el-consejo-de-europa-para-promover-y-apoyar-la-diversidad-cultural\\\/#primaryimage\"},\"thumbnailUrl\":\"https:\\\/\\\/www.laguiadepamplona.com\\\/actualidad\\\/wp-content\\\/uploads\\\/2024\\\/01\\\/reci.png\",\"articleSection\":[\"Ayto Pamplona\"],\"inLanguage\":\"es\",\"potentialAction\":[{\"@type\":\"CommentAction\",\"name\":\"Comment\",\"target\":[\"https:\\\/\\\/www.laguiadepamplona.com\\\/actualidad\\\/pamplona-solicitara-adherirse-a-la-red-de-ciudades-interculturales-reci-impulsada-por-el-consejo-de-europa-para-promover-y-apoyar-la-diversidad-cultural\\\/#respond\"]}]},{\"@type\":\"WebPage\",\"@id\":\"https:\\\/\\\/www.laguiadepamplona.com\\\/actualidad\\\/pamplona-solicitara-adherirse-a-la-red-de-ciudades-interculturales-reci-impulsada-por-el-consejo-de-europa-para-promover-y-apoyar-la-diversidad-cultural\\\/\",\"url\":\"https:\\\/\\\/www.laguiadepamplona.com\\\/actualidad\\\/pamplona-solicitara-adherirse-a-la-red-de-ciudades-interculturales-reci-impulsada-por-el-consejo-de-europa-para-promover-y-apoyar-la-diversidad-cultural\\\/\",\"name\":\"Pamplona solicitar\u00e1 adherirse a la Red de Ciudades Interculturales (RECI) impulsada por el Consejo de Europa para promover y apoyar la diversidad cultural\",\"isPartOf\":{\"@id\":\"https:\\\/\\\/www.laguiadepamplona.com\\\/actualidad\\\/#website\"},\"primaryImageOfPage\":{\"@id\":\"https:\\\/\\\/www.laguiadepamplona.com\\\/actualidad\\\/pamplona-solicitara-adherirse-a-la-red-de-ciudades-interculturales-reci-impulsada-por-el-consejo-de-europa-para-promover-y-apoyar-la-diversidad-cultural\\\/#primaryimage\"},\"image\":{\"@id\":\"https:\\\/\\\/www.laguiadepamplona.com\\\/actualidad\\\/pamplona-solicitara-adherirse-a-la-red-de-ciudades-interculturales-reci-impulsada-por-el-consejo-de-europa-para-promover-y-apoyar-la-diversidad-cultural\\\/#primaryimage\"},\"thumbnailUrl\":\"https:\\\/\\\/www.laguiadepamplona.com\\\/actualidad\\\/wp-content\\\/uploads\\\/2024\\\/01\\\/reci.png\",\"datePublished\":\"2024-01-15T18:36:39+00:00\",\"description\":\"La Red, de \u00e1mbito nacional, cuenta en la actualidad con 22 ciudades miembros\u00a0\",\"breadcrumb\":{\"@id\":\"https:\\\/\\\/www.laguiadepamplona.com\\\/actualidad\\\/pamplona-solicitara-adherirse-a-la-red-de-ciudades-interculturales-reci-impulsada-por-el-consejo-de-europa-para-promover-y-apoyar-la-diversidad-cultural\\\/#breadcrumb\"},\"inLanguage\":\"es\",\"potentialAction\":[{\"@type\":\"ReadAction\",\"target\":[\"https:\\\/\\\/www.laguiadepamplona.com\\\/actualidad\\\/pamplona-solicitara-adherirse-a-la-red-de-ciudades-interculturales-reci-impulsada-por-el-consejo-de-europa-para-promover-y-apoyar-la-diversidad-cultural\\\/\"]}]},{\"@type\":\"ImageObject\",\"inLanguage\":\"es\",\"@id\":\"https:\\\/\\\/www.laguiadepamplona.com\\\/actualidad\\\/pamplona-solicitara-adherirse-a-la-red-de-ciudades-interculturales-reci-impulsada-por-el-consejo-de-europa-para-promover-y-apoyar-la-diversidad-cultural\\\/#primaryimage\",\"url\":\"https:\\\/\\\/www.laguiadepamplona.com\\\/actualidad\\\/wp-content\\\/uploads\\\/2024\\\/01\\\/reci.png\",\"contentUrl\":\"https:\\\/\\\/www.laguiadepamplona.com\\\/actualidad\\\/wp-content\\\/uploads\\\/2024\\\/01\\\/reci.png\",\"width\":867,\"height\":467,\"caption\":\"reci\"},{\"@type\":\"BreadcrumbList\",\"@id\":\"https:\\\/\\\/www.laguiadepamplona.com\\\/actualidad\\\/pamplona-solicitara-adherirse-a-la-red-de-ciudades-interculturales-reci-impulsada-por-el-consejo-de-europa-para-promover-y-apoyar-la-diversidad-cultural\\\/#breadcrumb\",\"itemListElement\":[{\"@type\":\"ListItem\",\"position\":1,\"name\":\"Portada\",\"item\":\"https:\\\/\\\/www.laguiadepamplona.com\\\/actualidad\\\/\"},{\"@type\":\"ListItem\",\"position\":2,\"name\":\"Pamplona solicitar\u00e1 adherirse a la Red de Ciudades Interculturales (RECI) impulsada por el Consejo de Europa para promover y apoyar la diversidad cultural\"}]},{\"@type\":\"WebSite\",\"@id\":\"https:\\\/\\\/www.laguiadepamplona.com\\\/actualidad\\\/#website\",\"url\":\"https:\\\/\\\/www.laguiadepamplona.com\\\/actualidad\\\/\",\"name\":\"La gu\u00eda de Pamplona\",\"description\":\"Noticias de Pamplona\",\"publisher\":{\"@id\":\"https:\\\/\\\/www.laguiadepamplona.com\\\/actualidad\\\/#organization\"},\"potentialAction\":[{\"@type\":\"SearchAction\",\"target\":{\"@type\":\"EntryPoint\",\"urlTemplate\":\"https:\\\/\\\/www.laguiadepamplona.com\\\/actualidad\\\/?s={search_term_string}\"},\"query-input\":{\"@type\":\"PropertyValueSpecification\",\"valueRequired\":true,\"valueName\":\"search_term_string\"}}],\"inLanguage\":\"es\"},{\"@type\":\"Organization\",\"@id\":\"https:\\\/\\\/www.laguiadepamplona.com\\\/actualidad\\\/#organization\",\"name\":\"La Gu\u00eda de Pamplona \\\/ Noticias\",\"url\":\"https:\\\/\\\/www.laguiadepamplona.com\\\/actualidad\\\/\",\"logo\":{\"@type\":\"ImageObject\",\"inLanguage\":\"es\",\"@id\":\"https:\\\/\\\/www.laguiadepamplona.com\\\/actualidad\\\/#\\\/schema\\\/logo\\\/image\\\/\",\"url\":\"https:\\\/\\\/www.laguiadepamplona.com\\\/actualidad\\\/wp-content\\\/uploads\\\/2018\\\/11\\\/logo-laguiadepamplona18-web1.png\",\"contentUrl\":\"https:\\\/\\\/www.laguiadepamplona.com\\\/actualidad\\\/wp-content\\\/uploads\\\/2018\\\/11\\\/logo-laguiadepamplona18-web1.png\",\"width\":600,\"height\":196,\"caption\":\"La Gu\u00eda de Pamplona \\\/ Noticias\"},\"image\":{\"@id\":\"https:\\\/\\\/www.laguiadepamplona.com\\\/actualidad\\\/#\\\/schema\\\/logo\\\/image\\\/\"},\"sameAs\":[\"https:\\\/\\\/www.facebook.com\\\/laguiadepamplonacom-133175176762273\\\/?ref=hl\",\"https:\\\/\\\/x.com\\\/LaGuiadPamplona\",\"https:\\\/\\\/www.instagram.com\\\/la_guia_de_pamplona\\\/\",\"https:\\\/\\\/www.youtube.com\\\/user\\\/laguiadepamplona\"]},{\"@type\":\"Person\",\"@id\":\"https:\\\/\\\/www.laguiadepamplona.com\\\/actualidad\\\/#\\\/schema\\\/person\\\/efe887376f0213d4657c93adc50b1fdb\",\"name\":\"La Gu\u00eda de Pamplona\",\"image\":{\"@type\":\"ImageObject\",\"inLanguage\":\"es\",\"@id\":\"https:\\\/\\\/secure.gravatar.com\\\/avatar\\\/b6992f131dc8d30ab0dff15446e9d346d9dbd95992de0fef795073f5ea83a81c?s=96&d=mm&r=g\",\"url\":\"https:\\\/\\\/secure.gravatar.com\\\/avatar\\\/b6992f131dc8d30ab0dff15446e9d346d9dbd95992de0fef795073f5ea83a81c?s=96&d=mm&r=g\",\"contentUrl\":\"https:\\\/\\\/secure.gravatar.com\\\/avatar\\\/b6992f131dc8d30ab0dff15446e9d346d9dbd95992de0fef795073f5ea83a81c?s=96&d=mm&r=g\",\"caption\":\"La Gu\u00eda de Pamplona\"}}]}<\/script>\n<!-- \/ Yoast SEO plugin. -->","yoast_head_json":{"title":"Pamplona solicitar\u00e1 adherirse a la Red de Ciudades Interculturales (RECI) impulsada por el Consejo de Europa para promover y apoyar la diversidad cultural","description":"La Red, de \u00e1mbito nacional, cuenta en la actualidad con 22 ciudades miembros\u00a0","robots":{"index":"index","follow":"follow","max-snippet":"max-snippet:-1","max-image-preview":"max-image-preview:large","max-video-preview":"max-video-preview:-1"},"canonical":"https:\/\/www.laguiadepamplona.com\/actualidad\/pamplona-solicitara-adherirse-a-la-red-de-ciudades-interculturales-reci-impulsada-por-el-consejo-de-europa-para-promover-y-apoyar-la-diversidad-cultural\/","og_locale":"es_ES","og_type":"article","og_title":"Pamplona solicitar\u00e1 adherirse a la Red de Ciudades Interculturales (RECI) impulsada por el Consejo de Europa para promover y apoyar la diversidad cultural","og_description":"La Red, de \u00e1mbito nacional, cuenta en la actualidad con 22 ciudades miembros\u00a0","og_url":"https:\/\/www.laguiadepamplona.com\/actualidad\/pamplona-solicitara-adherirse-a-la-red-de-ciudades-interculturales-reci-impulsada-por-el-consejo-de-europa-para-promover-y-apoyar-la-diversidad-cultural\/","og_site_name":"La Gu\u00eda de Pamplona","article_publisher":"https:\/\/www.facebook.com\/laguiadepamplonacom-133175176762273\/?ref=hl","article_published_time":"2024-01-15T18:36:39+00:00","og_image":[{"width":867,"height":467,"url":"https:\/\/www.laguiadepamplona.com\/actualidad\/wp-content\/uploads\/2024\/01\/reci.png","type":"image\/png"}],"author":"La Gu\u00eda de Pamplona","twitter_card":"summary_large_image","twitter_creator":"@LaGuiadPamplona","twitter_site":"@LaGuiadPamplona","twitter_misc":{"Escrito por":"La Gu\u00eda de Pamplona","Tiempo de lectura":"3 minutos"},"schema":{"@context":"https:\/\/schema.org","@graph":[{"@type":"Article","@id":"https:\/\/www.laguiadepamplona.com\/actualidad\/pamplona-solicitara-adherirse-a-la-red-de-ciudades-interculturales-reci-impulsada-por-el-consejo-de-europa-para-promover-y-apoyar-la-diversidad-cultural\/#article","isPartOf":{"@id":"https:\/\/www.laguiadepamplona.com\/actualidad\/pamplona-solicitara-adherirse-a-la-red-de-ciudades-interculturales-reci-impulsada-por-el-consejo-de-europa-para-promover-y-apoyar-la-diversidad-cultural\/"},"author":{"name":"La Gu\u00eda de Pamplona","@id":"https:\/\/www.laguiadepamplona.com\/actualidad\/#\/schema\/person\/efe887376f0213d4657c93adc50b1fdb"},"headline":"Pamplona solicitar\u00e1 adherirse a la Red de Ciudades Interculturales (RECI) impulsada por el Consejo de Europa para promover y apoyar la diversidad cultural","datePublished":"2024-01-15T18:36:39+00:00","mainEntityOfPage":{"@id":"https:\/\/www.laguiadepamplona.com\/actualidad\/pamplona-solicitara-adherirse-a-la-red-de-ciudades-interculturales-reci-impulsada-por-el-consejo-de-europa-para-promover-y-apoyar-la-diversidad-cultural\/"},"wordCount":582,"commentCount":0,"publisher":{"@id":"https:\/\/www.laguiadepamplona.com\/actualidad\/#organization"},"image":{"@id":"https:\/\/www.laguiadepamplona.com\/actualidad\/pamplona-solicitara-adherirse-a-la-red-de-ciudades-interculturales-reci-impulsada-por-el-consejo-de-europa-para-promover-y-apoyar-la-diversidad-cultural\/#primaryimage"},"thumbnailUrl":"https:\/\/www.laguiadepamplona.com\/actualidad\/wp-content\/uploads\/2024\/01\/reci.png","articleSection":["Ayto Pamplona"],"inLanguage":"es","potentialAction":[{"@type":"CommentAction","name":"Comment","target":["https:\/\/www.laguiadepamplona.com\/actualidad\/pamplona-solicitara-adherirse-a-la-red-de-ciudades-interculturales-reci-impulsada-por-el-consejo-de-europa-para-promover-y-apoyar-la-diversidad-cultural\/#respond"]}]},{"@type":"WebPage","@id":"https:\/\/www.laguiadepamplona.com\/actualidad\/pamplona-solicitara-adherirse-a-la-red-de-ciudades-interculturales-reci-impulsada-por-el-consejo-de-europa-para-promover-y-apoyar-la-diversidad-cultural\/","url":"https:\/\/www.laguiadepamplona.com\/actualidad\/pamplona-solicitara-adherirse-a-la-red-de-ciudades-interculturales-reci-impulsada-por-el-consejo-de-europa-para-promover-y-apoyar-la-diversidad-cultural\/","name":"Pamplona solicitar\u00e1 adherirse a la Red de Ciudades Interculturales (RECI) impulsada por el Consejo de Europa para promover y apoyar la diversidad cultural","isPartOf":{"@id":"https:\/\/www.laguiadepamplona.com\/actualidad\/#website"},"primaryImageOfPage":{"@id":"https:\/\/www.laguiadepamplona.com\/actualidad\/pamplona-solicitara-adherirse-a-la-red-de-ciudades-interculturales-reci-impulsada-por-el-consejo-de-europa-para-promover-y-apoyar-la-diversidad-cultural\/#primaryimage"},"image":{"@id":"https:\/\/www.laguiadepamplona.com\/actualidad\/pamplona-solicitara-adherirse-a-la-red-de-ciudades-interculturales-reci-impulsada-por-el-consejo-de-europa-para-promover-y-apoyar-la-diversidad-cultural\/#primaryimage"},"thumbnailUrl":"https:\/\/www.laguiadepamplona.com\/actualidad\/wp-content\/uploads\/2024\/01\/reci.png","datePublished":"2024-01-15T18:36:39+00:00","description":"La Red, de \u00e1mbito nacional, cuenta en la actualidad con 22 ciudades miembros\u00a0","breadcrumb":{"@id":"https:\/\/www.laguiadepamplona.com\/actualidad\/pamplona-solicitara-adherirse-a-la-red-de-ciudades-interculturales-reci-impulsada-por-el-consejo-de-europa-para-promover-y-apoyar-la-diversidad-cultural\/#breadcrumb"},"inLanguage":"es","potentialAction":[{"@type":"ReadAction","target":["https:\/\/www.laguiadepamplona.com\/actualidad\/pamplona-solicitara-adherirse-a-la-red-de-ciudades-interculturales-reci-impulsada-por-el-consejo-de-europa-para-promover-y-apoyar-la-diversidad-cultural\/"]}]},{"@type":"ImageObject","inLanguage":"es","@id":"https:\/\/www.laguiadepamplona.com\/actualidad\/pamplona-solicitara-adherirse-a-la-red-de-ciudades-interculturales-reci-impulsada-por-el-consejo-de-europa-para-promover-y-apoyar-la-diversidad-cultural\/#primaryimage","url":"https:\/\/www.laguiadepamplona.com\/actualidad\/wp-content\/uploads\/2024\/01\/reci.png","contentUrl":"https:\/\/www.laguiadepamplona.com\/actualidad\/wp-content\/uploads\/2024\/01\/reci.png","width":867,"height":467,"caption":"reci"},{"@type":"BreadcrumbList","@id":"https:\/\/www.laguiadepamplona.com\/actualidad\/pamplona-solicitara-adherirse-a-la-red-de-ciudades-interculturales-reci-impulsada-por-el-consejo-de-europa-para-promover-y-apoyar-la-diversidad-cultural\/#breadcrumb","itemListElement":[{"@type":"ListItem","position":1,"name":"Portada","item":"https:\/\/www.laguiadepamplona.com\/actualidad\/"},{"@type":"ListItem","position":2,"name":"Pamplona solicitar\u00e1 adherirse a la Red de Ciudades Interculturales (RECI) impulsada por el Consejo de Europa para promover y apoyar la diversidad cultural"}]},{"@type":"WebSite","@id":"https:\/\/www.laguiadepamplona.com\/actualidad\/#website","url":"https:\/\/www.laguiadepamplona.com\/actualidad\/","name":"La gu\u00eda de Pamplona","description":"Noticias de Pamplona","publisher":{"@id":"https:\/\/www.laguiadepamplona.com\/actualidad\/#organization"},"potentialAction":[{"@type":"SearchAction","target":{"@type":"EntryPoint","urlTemplate":"https:\/\/www.laguiadepamplona.com\/actualidad\/?s={search_term_string}"},"query-input":{"@type":"PropertyValueSpecification","valueRequired":true,"valueName":"search_term_string"}}],"inLanguage":"es"},{"@type":"Organization","@id":"https:\/\/www.laguiadepamplona.com\/actualidad\/#organization","name":"La Gu\u00eda de Pamplona \/ Noticias","url":"https:\/\/www.laguiadepamplona.com\/actualidad\/","logo":{"@type":"ImageObject","inLanguage":"es","@id":"https:\/\/www.laguiadepamplona.com\/actualidad\/#\/schema\/logo\/image\/","url":"https:\/\/www.laguiadepamplona.com\/actualidad\/wp-content\/uploads\/2018\/11\/logo-laguiadepamplona18-web1.png","contentUrl":"https:\/\/www.laguiadepamplona.com\/actualidad\/wp-content\/uploads\/2018\/11\/logo-laguiadepamplona18-web1.png","width":600,"height":196,"caption":"La Gu\u00eda de Pamplona \/ Noticias"},"image":{"@id":"https:\/\/www.laguiadepamplona.com\/actualidad\/#\/schema\/logo\/image\/"},"sameAs":["https:\/\/www.facebook.com\/laguiadepamplonacom-133175176762273\/?ref=hl","https:\/\/x.com\/LaGuiadPamplona","https:\/\/www.instagram.com\/la_guia_de_pamplona\/","https:\/\/www.youtube.com\/user\/laguiadepamplona"]},{"@type":"Person","@id":"https:\/\/www.laguiadepamplona.com\/actualidad\/#\/schema\/person\/efe887376f0213d4657c93adc50b1fdb","name":"La Gu\u00eda de Pamplona","image":{"@type":"ImageObject","inLanguage":"es","@id":"https:\/\/secure.gravatar.com\/avatar\/b6992f131dc8d30ab0dff15446e9d346d9dbd95992de0fef795073f5ea83a81c?s=96&d=mm&r=g","url":"https:\/\/secure.gravatar.com\/avatar\/b6992f131dc8d30ab0dff15446e9d346d9dbd95992de0fef795073f5ea83a81c?s=96&d=mm&r=g","contentUrl":"https:\/\/secure.gravatar.com\/avatar\/b6992f131dc8d30ab0dff15446e9d346d9dbd95992de0fef795073f5ea83a81c?s=96&d=mm&r=g","caption":"La Gu\u00eda de Pamplona"}}]}},"post_mailing_queue_ids":[],"_links":{"self":[{"href":"https:\/\/www.laguiadepamplona.com\/actualidad\/wp-json\/wp\/v2\/posts\/48400","targetHints":{"allow":["GET"]}}],"collection":[{"href":"https:\/\/www.laguiadepamplona.com\/actualidad\/wp-json\/wp\/v2\/posts"}],"about":[{"href":"https:\/\/www.laguiadepamplona.com\/actualidad\/wp-json\/wp\/v2\/types\/post"}],"author":[{"embeddable":true,"href":"https:\/\/www.laguiadepamplona.com\/actualidad\/wp-json\/wp\/v2\/users\/1"}],"replies":[{"embeddable":true,"href":"https:\/\/www.laguiadepamplona.com\/actualidad\/wp-json\/wp\/v2\/comments?post=48400"}],"version-history":[{"count":1,"href":"https:\/\/www.laguiadepamplona.com\/actualidad\/wp-json\/wp\/v2\/posts\/48400\/revisions"}],"predecessor-version":[{"id":48402,"href":"https:\/\/www.laguiadepamplona.com\/actualidad\/wp-json\/wp\/v2\/posts\/48400\/revisions\/48402"}],"wp:featuredmedia":[{"embeddable":true,"href":"https:\/\/www.laguiadepamplona.com\/actualidad\/wp-json\/wp\/v2\/media\/48401"}],"wp:attachment":[{"href":"https:\/\/www.laguiadepamplona.com\/actualidad\/wp-json\/wp\/v2\/media?parent=48400"}],"wp:term":[{"taxonomy":"category","embeddable":true,"href":"https:\/\/www.laguiadepamplona.com\/actualidad\/wp-json\/wp\/v2\/categories?post=48400"},{"taxonomy":"post_tag","embeddable":true,"href":"https:\/\/www.laguiadepamplona.com\/actualidad\/wp-json\/wp\/v2\/tags?post=48400"}],"curies":[{"name":"wp","href":"https:\/\/api.w.org\/{rel}","templated":true}]}}