{"id":48305,"date":"2023-12-21T18:23:58","date_gmt":"2023-12-21T16:23:58","guid":{"rendered":"https:\/\/www.laguiadepamplona.com\/actualidad\/?p=48305"},"modified":"2023-12-21T18:23:58","modified_gmt":"2023-12-21T16:23:58","slug":"pamplona-dedica-a-los-irunako-el-parque-de-azpilagana-sur-que-atraviesa-el-rio-sadar-junto-al-nuevo-desarrollo-urbanistico-de-la-avenida-de-zaragoza","status":"publish","type":"post","link":"https:\/\/www.laguiadepamplona.com\/actualidad\/pamplona-dedica-a-los-irunako-el-parque-de-azpilagana-sur-que-atraviesa-el-rio-sadar-junto-al-nuevo-desarrollo-urbanistico-de-la-avenida-de-zaragoza\/","title":{"rendered":"Pamplona dedica a Los Iru\u00f1a\u2019ko el parque de Azpilaga\u00f1a Sur, que atraviesa el r\u00edo Sadar, junto al nuevo desarrollo urban\u00edstico de la avenida de Zaragoza"},"content":{"rendered":"<h2>En el acto de inauguraci\u00f3n, la m\u00fasica ha sido protagonista con la jota \u2018Que hizo a San Ferm\u00edn llorar\u2019, interpretada por Mari Cruz Corral y Jokin Zabalza<\/h2>\n<p><!--more--><\/p>\n<p>Pamplona cuenta desde este jueves con un nuevo parque dedicado al grupo de m\u00fasica Los Iru\u00f1a\u2019ko, autores de temas clave del folklore pamplon\u00e9s y embajadores de la ciudad en Am\u00e9rica en las d\u00e9cadas de los a\u00f1os 50 y 60. El nuevo parque se encuentra en Azpilaga\u00f1a Sur, en la parcela junto al nuevo desarrollo urban\u00edstico de la avenida de Zaragoza, pr\u00f3ximo a la rotonda de Sabicas y en frente del parque del Orfe\u00f3n Pamplon\u00e9s, al otro lado de la avenida.<br \/>\n<script async src=\"\/\/pagead2.googlesyndication.com\/pagead\/js\/adsbygoogle.js\"><\/script><br \/>\n<!-- Noticias La Guia de Pamplona --><br \/>\n<ins class=\"adsbygoogle\"\nstyle=\"display:block\"\ndata-ad-client=\"ca-pub-6943679897239327\"\ndata-ad-slot=\"7048180777\"\ndata-ad-format=\"auto\"><\/ins><br \/>\n<script>\n(adsbygoogle = window.adsbygoogle || []).push({});\n<\/script><\/p>\n<p>El parque ha sido inaugurado esta ma\u00f1ana con presencia de la alcaldesa de Pamplona, Cristina Ibarrola, y el director del \u00e1rea de Cultura, Rudy Goroskieta. En representaci\u00f3n de los Iru\u00f1a\u2019ko, han acudido familiares de los cinco componentes del grupo, ya fallecidos: Joaqu\u00edn Zabalza, Alberto Huarte, Enrique Abad, I\u00f1aki Astondoa y Enrique Los Arcos. En nombre de todos ellos, ha tomado la palabra Jokin Zabalza, hijo del Iru\u00f1a\u2019ko Joaqu\u00edn Zabalza.<\/p>\n<p>El descubrimiento de la placa ha estado acompa\u00f1ado por la jota \u2018Que hizo a San Ferm\u00edn llorar\u2019, interpretada por la solista Mari Cruz Corral junto a Jokin Zabalza. La cantante, voz de esa jota en la procesi\u00f3n de San Ferm\u00edn durante tres d\u00e9cadas, ha rendido homenaje a quien fuera su maestro, Joaqu\u00edn Zabalza, y al resto de componentes de Los Iru\u00f1a\u2019ko, impulsores de esa tradici\u00f3n. Las cinco familias han recibido, adem\u00e1s, un sello de la ciudad.<\/p>\n<p>Dos placas indican la denominaci\u00f3n del parque Los Iru\u00f1a\u00b4ko, una situada m\u00e1s pr\u00f3xima a la rotonda de Sabicas y otra, en la senda peatonal que une la calle Sadar con la ronda de Azpilaga\u00f1a, por encima del propio r\u00edo.<br \/>\n<script async src=\"\/\/pagead2.googlesyndication.com\/pagead\/js\/adsbygoogle.js\"><\/script><br \/>\n<!-- Noticias La Guia de Pamplona --><br \/>\n<ins class=\"adsbygoogle\"\nstyle=\"display:block\"\ndata-ad-client=\"ca-pub-6943679897239327\"\ndata-ad-slot=\"7048180777\"\ndata-ad-format=\"auto\"><\/ins><br \/>\n<script>\n(adsbygoogle = window.adsbygoogle || []).push({});\n<\/script><\/p>\n<p><strong>Sobre los Iru\u00f1a\u2019ko<\/strong><\/p>\n<p>Los Iru\u00f1a\u00b4ko fue un grupo musical de Pamplona conformado por Joaqu\u00edn Zabalza, Alberto Huarte, Enrique Abad, I\u00f1aki Astondoa y Enrique Los Arcos. Estuvieron activos durante las d\u00e9cadas de los a\u00f1os 50 y 60, con gran repercusi\u00f3n local y tambi\u00e9n nacional e internacional. El pasado 6 de agosto su acordeonista Enrique Los Arcos muri\u00f3 a los 90 a\u00f1os, el \u00faltimo de Los Iru\u00f1a\u2019ko.<\/p>\n<p>Llegaron a grabar m\u00e1s de 250 canciones y realizaron conciertos en m\u00e1s de 20 pa\u00edses de Europa y Am\u00e9rica, con m\u00e1s de 1.500 galas y actuaciones. Para la historia han quedado algunas de sus composiciones como el \u2018A San Ferm\u00edn pedimos\u2026\u2019 que se canta antes de los encierros de San Ferm\u00edn, el himno del Club Atl\u00e9tico Osasuna o la jota \u2018La Javierada\u2019, sobre la peregrinaci\u00f3n que se realiza al Castillo de Javier.<\/p>\n<p>Su disoluci\u00f3n como grupo tuvo lugar en 1965. Su \u00faltimo concierto como profesionales fue el 1 de febrero en el cine Moncayo de Tudela, en un festival ben\u00e9fico a favor de las personas necesitadas del barrio de Lourdes de la capital ribera. En 1980 volvieron a actuar en la Plaza Consistorial de Pamplona con motivo de la imposici\u00f3n a sus miembros del pa\u00f1uelico de honor de la ciudad. Finalmente, en 2003 realizaron una \u00faltima actuaci\u00f3n en el Teatro Gayarre con ocasi\u00f3n de un homenaje en su 50\u00aa aniversario. Ese mismo a\u00f1o, lanzaron el segundo chupinazo de las fiestas de San Ferm\u00edn.<br \/>\n<script async src=\"\/\/pagead2.googlesyndication.com\/pagead\/js\/adsbygoogle.js\"><\/script><br \/>\n<!-- Noticias La Guia de Pamplona --><br \/>\n<ins class=\"adsbygoogle\"\nstyle=\"display:block\"\ndata-ad-client=\"ca-pub-6943679897239327\"\ndata-ad-slot=\"7048180777\"\ndata-ad-format=\"auto\"><\/ins><br \/>\n<script>\n(adsbygoogle = window.adsbygoogle || []).push({});\n<\/script><\/p>\n<p><strong>Rinc\u00f3n musical<\/strong><\/p>\n<p>El nuevo parque de los Iru\u00f1ako completa un peque\u00f1o rinc\u00f3n musical en Pamplona, pues comparte zona con varios espacios y elementos relacionados con la m\u00fasica. Al otro lado de la avenida de Zaragoza, en el nuevo desarrollo urban\u00edstico de Arrosad\u00eda y comunicado por un paso subterr\u00e1neo con el propio parque de los Iru\u00f1ako, est\u00e1 el parque del Orfe\u00f3n Pamplon\u00e9s con su caracter\u00edstico g\u00e9iser. El parque lleva esa denominaci\u00f3n desde marzo de 2015.<\/p>\n<p>Entre ambos parques, en la rotonda en la que confluyen la avenida de Zaragoza, la calle Sadar y la calle Mari Abrego, se instal\u00f3 en marzo de 2022 una escultura homenaje a Agust\u00edn Castell\u00f3n Campos \u2018Sabicas\u2019, guitarrista pamplon\u00e9s e impulsor e internacionalizador del flamenco. El conjunto monumental, obra de Carlos Ciriza, representa una guitarra deconstruida en tres grandes piezas de acero cort\u00e9n, con una altura m\u00e1xima de 8 metros y una anchura m\u00e1xima de 9 metros.<br \/>\n<script async src=\"\/\/pagead2.googlesyndication.com\/pagead\/js\/adsbygoogle.js\"><\/script><br \/>\n<!-- Noticias La Guia de Pamplona --><br \/>\n<ins class=\"adsbygoogle\"\nstyle=\"display:block\"\ndata-ad-client=\"ca-pub-6943679897239327\"\ndata-ad-slot=\"7048180777\"\ndata-ad-format=\"auto\"><\/ins><br \/>\n<script>\n(adsbygoogle = window.adsbygoogle || []).push({});\n<\/script><\/p>\n<p>Finalmente, al norte del parque de los Iru\u00f1ako, al otro lado del r\u00edo Sadar, desemboca la calle Miguel Astr\u00e1in, compositor, instrumentista y compositor pamplon\u00e9s, nacido en 1850 y fallecido en 1895. Es el autor del vals \u2018La alegr\u00eda de San Ferm\u00edn\u2019, m\u00e1s conocido en la actualidad como el \u2018vals de Astr\u00e1in\u2019, que se canta en la marcha a V\u00edsperas en la tarde de cada 6 de julio en las fiestas de San Ferm\u00edn.<\/p>\n","protected":false},"excerpt":{"rendered":"<p>En el acto de inauguraci\u00f3n, la m\u00fasica ha sido protagonista con la jota \u2018Que hizo a San Ferm\u00edn llorar\u2019, interpretada por Mari Cruz Corral y Jokin Zabalza<\/p>\n","protected":false},"author":1,"featured_media":48306,"comment_status":"open","ping_status":"closed","sticky":false,"template":"","format":"standard","meta":{"footnotes":""},"categories":[2],"tags":[],"class_list":["post-48305","post","type-post","status-publish","format-standard","has-post-thumbnail","hentry","category-ayuntamiento-pamplona"],"yoast_head":"<!-- This site is optimized with the Yoast SEO plugin v27.3 - https:\/\/yoast.com\/product\/yoast-seo-wordpress\/ -->\n<title>Pamplona dedica a Los Iru\u00f1a\u2019ko el parque de Azpilaga\u00f1a Sur, que atraviesa el r\u00edo Sadar, junto al nuevo desarrollo urban\u00edstico de la avenida de Zaragoza<\/title>\n<meta name=\"description\" content=\"En el acto de inauguraci\u00f3n, la m\u00fasica ha sido protagonista con la jota \u2018Que hizo a San Ferm\u00edn llorar\u2019, interpretada por Mari Cruz Corral y Jokin Zabalza\" \/>\n<meta name=\"robots\" content=\"index, follow, max-snippet:-1, max-image-preview:large, max-video-preview:-1\" \/>\n<link rel=\"canonical\" href=\"https:\/\/www.laguiadepamplona.com\/actualidad\/pamplona-dedica-a-los-irunako-el-parque-de-azpilagana-sur-que-atraviesa-el-rio-sadar-junto-al-nuevo-desarrollo-urbanistico-de-la-avenida-de-zaragoza\/\" \/>\n<meta property=\"og:locale\" content=\"es_ES\" \/>\n<meta property=\"og:type\" content=\"article\" \/>\n<meta property=\"og:title\" content=\"Pamplona dedica a Los Iru\u00f1a\u2019ko el parque de Azpilaga\u00f1a Sur, que atraviesa el r\u00edo Sadar, junto al nuevo desarrollo urban\u00edstico de la avenida de Zaragoza\" \/>\n<meta property=\"og:description\" content=\"En el acto de inauguraci\u00f3n, la m\u00fasica ha sido protagonista con la jota \u2018Que hizo a San Ferm\u00edn llorar\u2019, interpretada por Mari Cruz Corral y Jokin Zabalza\" \/>\n<meta property=\"og:url\" content=\"https:\/\/www.laguiadepamplona.com\/actualidad\/pamplona-dedica-a-los-irunako-el-parque-de-azpilagana-sur-que-atraviesa-el-rio-sadar-junto-al-nuevo-desarrollo-urbanistico-de-la-avenida-de-zaragoza\/\" \/>\n<meta property=\"og:site_name\" content=\"La Gu\u00eda de Pamplona\" \/>\n<meta property=\"article:publisher\" content=\"https:\/\/www.facebook.com\/laguiadepamplonacom-133175176762273\/?ref=hl\" \/>\n<meta property=\"article:published_time\" content=\"2023-12-21T16:23:58+00:00\" \/>\n<meta property=\"og:image\" content=\"https:\/\/www.laguiadepamplona.com\/actualidad\/wp-content\/uploads\/2023\/12\/parque-irunako.webp\" \/>\n\t<meta property=\"og:image:width\" content=\"1200\" \/>\n\t<meta property=\"og:image:height\" content=\"800\" \/>\n\t<meta property=\"og:image:type\" content=\"image\/webp\" \/>\n<meta name=\"author\" content=\"La Gu\u00eda de Pamplona\" \/>\n<meta name=\"twitter:card\" content=\"summary_large_image\" \/>\n<meta name=\"twitter:creator\" content=\"@LaGuiadPamplona\" \/>\n<meta name=\"twitter:site\" content=\"@LaGuiadPamplona\" \/>\n<meta name=\"twitter:label1\" content=\"Escrito por\" \/>\n\t<meta name=\"twitter:data1\" content=\"La Gu\u00eda de Pamplona\" \/>\n\t<meta name=\"twitter:label2\" content=\"Tiempo de lectura\" \/>\n\t<meta name=\"twitter:data2\" content=\"4 minutos\" \/>\n<script type=\"application\/ld+json\" class=\"yoast-schema-graph\">{\"@context\":\"https:\\\/\\\/schema.org\",\"@graph\":[{\"@type\":\"Article\",\"@id\":\"https:\\\/\\\/www.laguiadepamplona.com\\\/actualidad\\\/pamplona-dedica-a-los-irunako-el-parque-de-azpilagana-sur-que-atraviesa-el-rio-sadar-junto-al-nuevo-desarrollo-urbanistico-de-la-avenida-de-zaragoza\\\/#article\",\"isPartOf\":{\"@id\":\"https:\\\/\\\/www.laguiadepamplona.com\\\/actualidad\\\/pamplona-dedica-a-los-irunako-el-parque-de-azpilagana-sur-que-atraviesa-el-rio-sadar-junto-al-nuevo-desarrollo-urbanistico-de-la-avenida-de-zaragoza\\\/\"},\"author\":{\"name\":\"La Gu\u00eda de Pamplona\",\"@id\":\"https:\\\/\\\/www.laguiadepamplona.com\\\/actualidad\\\/#\\\/schema\\\/person\\\/efe887376f0213d4657c93adc50b1fdb\"},\"headline\":\"Pamplona dedica a Los Iru\u00f1a\u2019ko el parque de Azpilaga\u00f1a Sur, que atraviesa el r\u00edo Sadar, junto al nuevo desarrollo urban\u00edstico de la avenida de Zaragoza\",\"datePublished\":\"2023-12-21T16:23:58+00:00\",\"mainEntityOfPage\":{\"@id\":\"https:\\\/\\\/www.laguiadepamplona.com\\\/actualidad\\\/pamplona-dedica-a-los-irunako-el-parque-de-azpilagana-sur-que-atraviesa-el-rio-sadar-junto-al-nuevo-desarrollo-urbanistico-de-la-avenida-de-zaragoza\\\/\"},\"wordCount\":862,\"commentCount\":0,\"publisher\":{\"@id\":\"https:\\\/\\\/www.laguiadepamplona.com\\\/actualidad\\\/#organization\"},\"image\":{\"@id\":\"https:\\\/\\\/www.laguiadepamplona.com\\\/actualidad\\\/pamplona-dedica-a-los-irunako-el-parque-de-azpilagana-sur-que-atraviesa-el-rio-sadar-junto-al-nuevo-desarrollo-urbanistico-de-la-avenida-de-zaragoza\\\/#primaryimage\"},\"thumbnailUrl\":\"https:\\\/\\\/www.laguiadepamplona.com\\\/actualidad\\\/wp-content\\\/uploads\\\/2023\\\/12\\\/parque-irunako.webp\",\"articleSection\":[\"Ayto Pamplona\"],\"inLanguage\":\"es\",\"potentialAction\":[{\"@type\":\"CommentAction\",\"name\":\"Comment\",\"target\":[\"https:\\\/\\\/www.laguiadepamplona.com\\\/actualidad\\\/pamplona-dedica-a-los-irunako-el-parque-de-azpilagana-sur-que-atraviesa-el-rio-sadar-junto-al-nuevo-desarrollo-urbanistico-de-la-avenida-de-zaragoza\\\/#respond\"]}]},{\"@type\":\"WebPage\",\"@id\":\"https:\\\/\\\/www.laguiadepamplona.com\\\/actualidad\\\/pamplona-dedica-a-los-irunako-el-parque-de-azpilagana-sur-que-atraviesa-el-rio-sadar-junto-al-nuevo-desarrollo-urbanistico-de-la-avenida-de-zaragoza\\\/\",\"url\":\"https:\\\/\\\/www.laguiadepamplona.com\\\/actualidad\\\/pamplona-dedica-a-los-irunako-el-parque-de-azpilagana-sur-que-atraviesa-el-rio-sadar-junto-al-nuevo-desarrollo-urbanistico-de-la-avenida-de-zaragoza\\\/\",\"name\":\"Pamplona dedica a Los Iru\u00f1a\u2019ko el parque de Azpilaga\u00f1a Sur, que atraviesa el r\u00edo Sadar, junto al nuevo desarrollo urban\u00edstico de la avenida de Zaragoza\",\"isPartOf\":{\"@id\":\"https:\\\/\\\/www.laguiadepamplona.com\\\/actualidad\\\/#website\"},\"primaryImageOfPage\":{\"@id\":\"https:\\\/\\\/www.laguiadepamplona.com\\\/actualidad\\\/pamplona-dedica-a-los-irunako-el-parque-de-azpilagana-sur-que-atraviesa-el-rio-sadar-junto-al-nuevo-desarrollo-urbanistico-de-la-avenida-de-zaragoza\\\/#primaryimage\"},\"image\":{\"@id\":\"https:\\\/\\\/www.laguiadepamplona.com\\\/actualidad\\\/pamplona-dedica-a-los-irunako-el-parque-de-azpilagana-sur-que-atraviesa-el-rio-sadar-junto-al-nuevo-desarrollo-urbanistico-de-la-avenida-de-zaragoza\\\/#primaryimage\"},\"thumbnailUrl\":\"https:\\\/\\\/www.laguiadepamplona.com\\\/actualidad\\\/wp-content\\\/uploads\\\/2023\\\/12\\\/parque-irunako.webp\",\"datePublished\":\"2023-12-21T16:23:58+00:00\",\"description\":\"En el acto de inauguraci\u00f3n, la m\u00fasica ha sido protagonista con la jota \u2018Que hizo a San Ferm\u00edn llorar\u2019, interpretada por Mari Cruz Corral y Jokin Zabalza\",\"breadcrumb\":{\"@id\":\"https:\\\/\\\/www.laguiadepamplona.com\\\/actualidad\\\/pamplona-dedica-a-los-irunako-el-parque-de-azpilagana-sur-que-atraviesa-el-rio-sadar-junto-al-nuevo-desarrollo-urbanistico-de-la-avenida-de-zaragoza\\\/#breadcrumb\"},\"inLanguage\":\"es\",\"potentialAction\":[{\"@type\":\"ReadAction\",\"target\":[\"https:\\\/\\\/www.laguiadepamplona.com\\\/actualidad\\\/pamplona-dedica-a-los-irunako-el-parque-de-azpilagana-sur-que-atraviesa-el-rio-sadar-junto-al-nuevo-desarrollo-urbanistico-de-la-avenida-de-zaragoza\\\/\"]}]},{\"@type\":\"ImageObject\",\"inLanguage\":\"es\",\"@id\":\"https:\\\/\\\/www.laguiadepamplona.com\\\/actualidad\\\/pamplona-dedica-a-los-irunako-el-parque-de-azpilagana-sur-que-atraviesa-el-rio-sadar-junto-al-nuevo-desarrollo-urbanistico-de-la-avenida-de-zaragoza\\\/#primaryimage\",\"url\":\"https:\\\/\\\/www.laguiadepamplona.com\\\/actualidad\\\/wp-content\\\/uploads\\\/2023\\\/12\\\/parque-irunako.webp\",\"contentUrl\":\"https:\\\/\\\/www.laguiadepamplona.com\\\/actualidad\\\/wp-content\\\/uploads\\\/2023\\\/12\\\/parque-irunako.webp\",\"width\":1200,\"height\":800,\"caption\":\"parque iru\u00f1ako\"},{\"@type\":\"BreadcrumbList\",\"@id\":\"https:\\\/\\\/www.laguiadepamplona.com\\\/actualidad\\\/pamplona-dedica-a-los-irunako-el-parque-de-azpilagana-sur-que-atraviesa-el-rio-sadar-junto-al-nuevo-desarrollo-urbanistico-de-la-avenida-de-zaragoza\\\/#breadcrumb\",\"itemListElement\":[{\"@type\":\"ListItem\",\"position\":1,\"name\":\"Portada\",\"item\":\"https:\\\/\\\/www.laguiadepamplona.com\\\/actualidad\\\/\"},{\"@type\":\"ListItem\",\"position\":2,\"name\":\"Pamplona dedica a Los Iru\u00f1a\u2019ko el parque de Azpilaga\u00f1a Sur, que atraviesa el r\u00edo Sadar, junto al nuevo desarrollo urban\u00edstico de la avenida de Zaragoza\"}]},{\"@type\":\"WebSite\",\"@id\":\"https:\\\/\\\/www.laguiadepamplona.com\\\/actualidad\\\/#website\",\"url\":\"https:\\\/\\\/www.laguiadepamplona.com\\\/actualidad\\\/\",\"name\":\"La gu\u00eda de Pamplona\",\"description\":\"Noticias de Pamplona\",\"publisher\":{\"@id\":\"https:\\\/\\\/www.laguiadepamplona.com\\\/actualidad\\\/#organization\"},\"potentialAction\":[{\"@type\":\"SearchAction\",\"target\":{\"@type\":\"EntryPoint\",\"urlTemplate\":\"https:\\\/\\\/www.laguiadepamplona.com\\\/actualidad\\\/?s={search_term_string}\"},\"query-input\":{\"@type\":\"PropertyValueSpecification\",\"valueRequired\":true,\"valueName\":\"search_term_string\"}}],\"inLanguage\":\"es\"},{\"@type\":\"Organization\",\"@id\":\"https:\\\/\\\/www.laguiadepamplona.com\\\/actualidad\\\/#organization\",\"name\":\"La Gu\u00eda de Pamplona \\\/ Noticias\",\"url\":\"https:\\\/\\\/www.laguiadepamplona.com\\\/actualidad\\\/\",\"logo\":{\"@type\":\"ImageObject\",\"inLanguage\":\"es\",\"@id\":\"https:\\\/\\\/www.laguiadepamplona.com\\\/actualidad\\\/#\\\/schema\\\/logo\\\/image\\\/\",\"url\":\"https:\\\/\\\/www.laguiadepamplona.com\\\/actualidad\\\/wp-content\\\/uploads\\\/2018\\\/11\\\/logo-laguiadepamplona18-web1.png\",\"contentUrl\":\"https:\\\/\\\/www.laguiadepamplona.com\\\/actualidad\\\/wp-content\\\/uploads\\\/2018\\\/11\\\/logo-laguiadepamplona18-web1.png\",\"width\":600,\"height\":196,\"caption\":\"La Gu\u00eda de Pamplona \\\/ Noticias\"},\"image\":{\"@id\":\"https:\\\/\\\/www.laguiadepamplona.com\\\/actualidad\\\/#\\\/schema\\\/logo\\\/image\\\/\"},\"sameAs\":[\"https:\\\/\\\/www.facebook.com\\\/laguiadepamplonacom-133175176762273\\\/?ref=hl\",\"https:\\\/\\\/x.com\\\/LaGuiadPamplona\",\"https:\\\/\\\/www.instagram.com\\\/la_guia_de_pamplona\\\/\",\"https:\\\/\\\/www.youtube.com\\\/user\\\/laguiadepamplona\"]},{\"@type\":\"Person\",\"@id\":\"https:\\\/\\\/www.laguiadepamplona.com\\\/actualidad\\\/#\\\/schema\\\/person\\\/efe887376f0213d4657c93adc50b1fdb\",\"name\":\"La Gu\u00eda de Pamplona\",\"image\":{\"@type\":\"ImageObject\",\"inLanguage\":\"es\",\"@id\":\"https:\\\/\\\/secure.gravatar.com\\\/avatar\\\/b6992f131dc8d30ab0dff15446e9d346d9dbd95992de0fef795073f5ea83a81c?s=96&d=mm&r=g\",\"url\":\"https:\\\/\\\/secure.gravatar.com\\\/avatar\\\/b6992f131dc8d30ab0dff15446e9d346d9dbd95992de0fef795073f5ea83a81c?s=96&d=mm&r=g\",\"contentUrl\":\"https:\\\/\\\/secure.gravatar.com\\\/avatar\\\/b6992f131dc8d30ab0dff15446e9d346d9dbd95992de0fef795073f5ea83a81c?s=96&d=mm&r=g\",\"caption\":\"La Gu\u00eda de Pamplona\"}}]}<\/script>\n<!-- \/ Yoast SEO plugin. -->","yoast_head_json":{"title":"Pamplona dedica a Los Iru\u00f1a\u2019ko el parque de Azpilaga\u00f1a Sur, que atraviesa el r\u00edo Sadar, junto al nuevo desarrollo urban\u00edstico de la avenida de Zaragoza","description":"En el acto de inauguraci\u00f3n, la m\u00fasica ha sido protagonista con la jota \u2018Que hizo a San Ferm\u00edn llorar\u2019, interpretada por Mari Cruz Corral y Jokin Zabalza","robots":{"index":"index","follow":"follow","max-snippet":"max-snippet:-1","max-image-preview":"max-image-preview:large","max-video-preview":"max-video-preview:-1"},"canonical":"https:\/\/www.laguiadepamplona.com\/actualidad\/pamplona-dedica-a-los-irunako-el-parque-de-azpilagana-sur-que-atraviesa-el-rio-sadar-junto-al-nuevo-desarrollo-urbanistico-de-la-avenida-de-zaragoza\/","og_locale":"es_ES","og_type":"article","og_title":"Pamplona dedica a Los Iru\u00f1a\u2019ko el parque de Azpilaga\u00f1a Sur, que atraviesa el r\u00edo Sadar, junto al nuevo desarrollo urban\u00edstico de la avenida de Zaragoza","og_description":"En el acto de inauguraci\u00f3n, la m\u00fasica ha sido protagonista con la jota \u2018Que hizo a San Ferm\u00edn llorar\u2019, interpretada por Mari Cruz Corral y Jokin Zabalza","og_url":"https:\/\/www.laguiadepamplona.com\/actualidad\/pamplona-dedica-a-los-irunako-el-parque-de-azpilagana-sur-que-atraviesa-el-rio-sadar-junto-al-nuevo-desarrollo-urbanistico-de-la-avenida-de-zaragoza\/","og_site_name":"La Gu\u00eda de Pamplona","article_publisher":"https:\/\/www.facebook.com\/laguiadepamplonacom-133175176762273\/?ref=hl","article_published_time":"2023-12-21T16:23:58+00:00","og_image":[{"width":1200,"height":800,"url":"https:\/\/www.laguiadepamplona.com\/actualidad\/wp-content\/uploads\/2023\/12\/parque-irunako.webp","type":"image\/webp"}],"author":"La Gu\u00eda de Pamplona","twitter_card":"summary_large_image","twitter_creator":"@LaGuiadPamplona","twitter_site":"@LaGuiadPamplona","twitter_misc":{"Escrito por":"La Gu\u00eda de Pamplona","Tiempo de lectura":"4 minutos"},"schema":{"@context":"https:\/\/schema.org","@graph":[{"@type":"Article","@id":"https:\/\/www.laguiadepamplona.com\/actualidad\/pamplona-dedica-a-los-irunako-el-parque-de-azpilagana-sur-que-atraviesa-el-rio-sadar-junto-al-nuevo-desarrollo-urbanistico-de-la-avenida-de-zaragoza\/#article","isPartOf":{"@id":"https:\/\/www.laguiadepamplona.com\/actualidad\/pamplona-dedica-a-los-irunako-el-parque-de-azpilagana-sur-que-atraviesa-el-rio-sadar-junto-al-nuevo-desarrollo-urbanistico-de-la-avenida-de-zaragoza\/"},"author":{"name":"La Gu\u00eda de Pamplona","@id":"https:\/\/www.laguiadepamplona.com\/actualidad\/#\/schema\/person\/efe887376f0213d4657c93adc50b1fdb"},"headline":"Pamplona dedica a Los Iru\u00f1a\u2019ko el parque de Azpilaga\u00f1a Sur, que atraviesa el r\u00edo Sadar, junto al nuevo desarrollo urban\u00edstico de la avenida de Zaragoza","datePublished":"2023-12-21T16:23:58+00:00","mainEntityOfPage":{"@id":"https:\/\/www.laguiadepamplona.com\/actualidad\/pamplona-dedica-a-los-irunako-el-parque-de-azpilagana-sur-que-atraviesa-el-rio-sadar-junto-al-nuevo-desarrollo-urbanistico-de-la-avenida-de-zaragoza\/"},"wordCount":862,"commentCount":0,"publisher":{"@id":"https:\/\/www.laguiadepamplona.com\/actualidad\/#organization"},"image":{"@id":"https:\/\/www.laguiadepamplona.com\/actualidad\/pamplona-dedica-a-los-irunako-el-parque-de-azpilagana-sur-que-atraviesa-el-rio-sadar-junto-al-nuevo-desarrollo-urbanistico-de-la-avenida-de-zaragoza\/#primaryimage"},"thumbnailUrl":"https:\/\/www.laguiadepamplona.com\/actualidad\/wp-content\/uploads\/2023\/12\/parque-irunako.webp","articleSection":["Ayto Pamplona"],"inLanguage":"es","potentialAction":[{"@type":"CommentAction","name":"Comment","target":["https:\/\/www.laguiadepamplona.com\/actualidad\/pamplona-dedica-a-los-irunako-el-parque-de-azpilagana-sur-que-atraviesa-el-rio-sadar-junto-al-nuevo-desarrollo-urbanistico-de-la-avenida-de-zaragoza\/#respond"]}]},{"@type":"WebPage","@id":"https:\/\/www.laguiadepamplona.com\/actualidad\/pamplona-dedica-a-los-irunako-el-parque-de-azpilagana-sur-que-atraviesa-el-rio-sadar-junto-al-nuevo-desarrollo-urbanistico-de-la-avenida-de-zaragoza\/","url":"https:\/\/www.laguiadepamplona.com\/actualidad\/pamplona-dedica-a-los-irunako-el-parque-de-azpilagana-sur-que-atraviesa-el-rio-sadar-junto-al-nuevo-desarrollo-urbanistico-de-la-avenida-de-zaragoza\/","name":"Pamplona dedica a Los Iru\u00f1a\u2019ko el parque de Azpilaga\u00f1a Sur, que atraviesa el r\u00edo Sadar, junto al nuevo desarrollo urban\u00edstico de la avenida de Zaragoza","isPartOf":{"@id":"https:\/\/www.laguiadepamplona.com\/actualidad\/#website"},"primaryImageOfPage":{"@id":"https:\/\/www.laguiadepamplona.com\/actualidad\/pamplona-dedica-a-los-irunako-el-parque-de-azpilagana-sur-que-atraviesa-el-rio-sadar-junto-al-nuevo-desarrollo-urbanistico-de-la-avenida-de-zaragoza\/#primaryimage"},"image":{"@id":"https:\/\/www.laguiadepamplona.com\/actualidad\/pamplona-dedica-a-los-irunako-el-parque-de-azpilagana-sur-que-atraviesa-el-rio-sadar-junto-al-nuevo-desarrollo-urbanistico-de-la-avenida-de-zaragoza\/#primaryimage"},"thumbnailUrl":"https:\/\/www.laguiadepamplona.com\/actualidad\/wp-content\/uploads\/2023\/12\/parque-irunako.webp","datePublished":"2023-12-21T16:23:58+00:00","description":"En el acto de inauguraci\u00f3n, la m\u00fasica ha sido protagonista con la jota \u2018Que hizo a San Ferm\u00edn llorar\u2019, interpretada por Mari Cruz Corral y Jokin Zabalza","breadcrumb":{"@id":"https:\/\/www.laguiadepamplona.com\/actualidad\/pamplona-dedica-a-los-irunako-el-parque-de-azpilagana-sur-que-atraviesa-el-rio-sadar-junto-al-nuevo-desarrollo-urbanistico-de-la-avenida-de-zaragoza\/#breadcrumb"},"inLanguage":"es","potentialAction":[{"@type":"ReadAction","target":["https:\/\/www.laguiadepamplona.com\/actualidad\/pamplona-dedica-a-los-irunako-el-parque-de-azpilagana-sur-que-atraviesa-el-rio-sadar-junto-al-nuevo-desarrollo-urbanistico-de-la-avenida-de-zaragoza\/"]}]},{"@type":"ImageObject","inLanguage":"es","@id":"https:\/\/www.laguiadepamplona.com\/actualidad\/pamplona-dedica-a-los-irunako-el-parque-de-azpilagana-sur-que-atraviesa-el-rio-sadar-junto-al-nuevo-desarrollo-urbanistico-de-la-avenida-de-zaragoza\/#primaryimage","url":"https:\/\/www.laguiadepamplona.com\/actualidad\/wp-content\/uploads\/2023\/12\/parque-irunako.webp","contentUrl":"https:\/\/www.laguiadepamplona.com\/actualidad\/wp-content\/uploads\/2023\/12\/parque-irunako.webp","width":1200,"height":800,"caption":"parque iru\u00f1ako"},{"@type":"BreadcrumbList","@id":"https:\/\/www.laguiadepamplona.com\/actualidad\/pamplona-dedica-a-los-irunako-el-parque-de-azpilagana-sur-que-atraviesa-el-rio-sadar-junto-al-nuevo-desarrollo-urbanistico-de-la-avenida-de-zaragoza\/#breadcrumb","itemListElement":[{"@type":"ListItem","position":1,"name":"Portada","item":"https:\/\/www.laguiadepamplona.com\/actualidad\/"},{"@type":"ListItem","position":2,"name":"Pamplona dedica a Los Iru\u00f1a\u2019ko el parque de Azpilaga\u00f1a Sur, que atraviesa el r\u00edo Sadar, junto al nuevo desarrollo urban\u00edstico de la avenida de Zaragoza"}]},{"@type":"WebSite","@id":"https:\/\/www.laguiadepamplona.com\/actualidad\/#website","url":"https:\/\/www.laguiadepamplona.com\/actualidad\/","name":"La gu\u00eda de Pamplona","description":"Noticias de Pamplona","publisher":{"@id":"https:\/\/www.laguiadepamplona.com\/actualidad\/#organization"},"potentialAction":[{"@type":"SearchAction","target":{"@type":"EntryPoint","urlTemplate":"https:\/\/www.laguiadepamplona.com\/actualidad\/?s={search_term_string}"},"query-input":{"@type":"PropertyValueSpecification","valueRequired":true,"valueName":"search_term_string"}}],"inLanguage":"es"},{"@type":"Organization","@id":"https:\/\/www.laguiadepamplona.com\/actualidad\/#organization","name":"La Gu\u00eda de Pamplona \/ Noticias","url":"https:\/\/www.laguiadepamplona.com\/actualidad\/","logo":{"@type":"ImageObject","inLanguage":"es","@id":"https:\/\/www.laguiadepamplona.com\/actualidad\/#\/schema\/logo\/image\/","url":"https:\/\/www.laguiadepamplona.com\/actualidad\/wp-content\/uploads\/2018\/11\/logo-laguiadepamplona18-web1.png","contentUrl":"https:\/\/www.laguiadepamplona.com\/actualidad\/wp-content\/uploads\/2018\/11\/logo-laguiadepamplona18-web1.png","width":600,"height":196,"caption":"La Gu\u00eda de Pamplona \/ Noticias"},"image":{"@id":"https:\/\/www.laguiadepamplona.com\/actualidad\/#\/schema\/logo\/image\/"},"sameAs":["https:\/\/www.facebook.com\/laguiadepamplonacom-133175176762273\/?ref=hl","https:\/\/x.com\/LaGuiadPamplona","https:\/\/www.instagram.com\/la_guia_de_pamplona\/","https:\/\/www.youtube.com\/user\/laguiadepamplona"]},{"@type":"Person","@id":"https:\/\/www.laguiadepamplona.com\/actualidad\/#\/schema\/person\/efe887376f0213d4657c93adc50b1fdb","name":"La Gu\u00eda de Pamplona","image":{"@type":"ImageObject","inLanguage":"es","@id":"https:\/\/secure.gravatar.com\/avatar\/b6992f131dc8d30ab0dff15446e9d346d9dbd95992de0fef795073f5ea83a81c?s=96&d=mm&r=g","url":"https:\/\/secure.gravatar.com\/avatar\/b6992f131dc8d30ab0dff15446e9d346d9dbd95992de0fef795073f5ea83a81c?s=96&d=mm&r=g","contentUrl":"https:\/\/secure.gravatar.com\/avatar\/b6992f131dc8d30ab0dff15446e9d346d9dbd95992de0fef795073f5ea83a81c?s=96&d=mm&r=g","caption":"La Gu\u00eda de Pamplona"}}]}},"post_mailing_queue_ids":[],"_links":{"self":[{"href":"https:\/\/www.laguiadepamplona.com\/actualidad\/wp-json\/wp\/v2\/posts\/48305","targetHints":{"allow":["GET"]}}],"collection":[{"href":"https:\/\/www.laguiadepamplona.com\/actualidad\/wp-json\/wp\/v2\/posts"}],"about":[{"href":"https:\/\/www.laguiadepamplona.com\/actualidad\/wp-json\/wp\/v2\/types\/post"}],"author":[{"embeddable":true,"href":"https:\/\/www.laguiadepamplona.com\/actualidad\/wp-json\/wp\/v2\/users\/1"}],"replies":[{"embeddable":true,"href":"https:\/\/www.laguiadepamplona.com\/actualidad\/wp-json\/wp\/v2\/comments?post=48305"}],"version-history":[{"count":1,"href":"https:\/\/www.laguiadepamplona.com\/actualidad\/wp-json\/wp\/v2\/posts\/48305\/revisions"}],"predecessor-version":[{"id":48307,"href":"https:\/\/www.laguiadepamplona.com\/actualidad\/wp-json\/wp\/v2\/posts\/48305\/revisions\/48307"}],"wp:featuredmedia":[{"embeddable":true,"href":"https:\/\/www.laguiadepamplona.com\/actualidad\/wp-json\/wp\/v2\/media\/48306"}],"wp:attachment":[{"href":"https:\/\/www.laguiadepamplona.com\/actualidad\/wp-json\/wp\/v2\/media?parent=48305"}],"wp:term":[{"taxonomy":"category","embeddable":true,"href":"https:\/\/www.laguiadepamplona.com\/actualidad\/wp-json\/wp\/v2\/categories?post=48305"},{"taxonomy":"post_tag","embeddable":true,"href":"https:\/\/www.laguiadepamplona.com\/actualidad\/wp-json\/wp\/v2\/tags?post=48305"}],"curies":[{"name":"wp","href":"https:\/\/api.w.org\/{rel}","templated":true}]}}