{"id":48303,"date":"2023-12-21T18:21:03","date_gmt":"2023-12-21T16:21:03","guid":{"rendered":"https:\/\/www.laguiadepamplona.com\/actualidad\/?p=48303"},"modified":"2023-12-21T18:21:03","modified_gmt":"2023-12-21T16:21:03","slug":"pamplona-acogera-en-mayo-a-decenas-de-profesionales-del-ambito-publico-privado-y-asociativo-en-una-reflexion-sobre-el-uso-del-espacio-verde-contra-el-cambio-climatico","status":"publish","type":"post","link":"https:\/\/www.laguiadepamplona.com\/actualidad\/pamplona-acogera-en-mayo-a-decenas-de-profesionales-del-ambito-publico-privado-y-asociativo-en-una-reflexion-sobre-el-uso-del-espacio-verde-contra-el-cambio-climatico\/","title":{"rendered":"Pamplona acoger\u00e1 en mayo a decenas de profesionales del \u00e1mbito p\u00fablico, privado y asociativo en una reflexi\u00f3n sobre el uso del espacio verde contra el cambio clim\u00e1tico"},"content":{"rendered":"<h2>Ya es p\u00fablico el programa cient\u00edfico del Congreso PARJAP 2024 cuyo plazo de inscripci\u00f3n comenzar\u00e1 el 8 de enero<\/h2>\n<p><!--more--><\/p>\n<p>Ya es p\u00fablico el programa de ponentes y el formato de las sesiones el pr\u00f3ximo Congreso PARJAP pamplona 2024, un evento nacional de la Asociaci\u00f3n Espa\u00f1ola de Parques y Jardines P\u00fablicos (AEPJP) que cuenta con la colaboraci\u00f3n del Ayuntamiento de Pamplona. El 50 Congreso, que se celebrar\u00e1 del 8 al 10 de mayo en el Palacio de Congresos y Auditorio Baluarte, reunir\u00e1 a especialistas nacionales e internacionales procedentes de Francia, Italia, Australia y de distintas comunidades aut\u00f3nomas o municipios espa\u00f1oles.<br \/>\n<script async src=\"\/\/pagead2.googlesyndication.com\/pagead\/js\/adsbygoogle.js\"><\/script><br \/>\n<!-- Noticias La Guia de Pamplona --><br \/>\n<ins class=\"adsbygoogle\"\nstyle=\"display:block\"\ndata-ad-client=\"ca-pub-6943679897239327\"\ndata-ad-slot=\"7048180777\"\ndata-ad-format=\"auto\"><\/ins><br \/>\n<script>\n(adsbygoogle = window.adsbygoogle || []).push({});\n<\/script><\/p>\n<p>Este foro especializado est\u00e1 dirigido a t\u00e9cnicos de la administraci\u00f3n p\u00fablica, gestores de empresas de mantenimiento y conservaci\u00f3n, consultoras, empresas de jardiner\u00eda, estudiantes de grados o formaci\u00f3n profesional. El eje del congreso ser\u00e1 una reflexi\u00f3n sobre sobre el uso del espacio verde contra el cambio clim\u00e1tico y se convoca con el t\u00edtulo \u2018Soluciones basadas en la naturaleza: una apuesta de futuro\u2019. Este concepto se refiere a enfoques, acciones o procesos que utilizan los principios de la naturaleza para resolver problemas relacionados con la gesti\u00f3n territorial y urbana como la adaptaci\u00f3n al cambio clim\u00e1tico, la gesti\u00f3n de los recursos, del agua, la seguridad alimentaria o la calidad del aire y el entorno.<\/p>\n<p>Las jornadas se dividir\u00e1n en cuatro bloques tem\u00e1ticos y, en todos ellos, habr\u00e1 mesas redondas y ponencias, adem\u00e1s de una sesi\u00f3n de presentaci\u00f3n de posters el viernes 10 de mayo. Los bloques estar\u00e1n dedicados a \u2018Las SBN en el marco de la ordenaci\u00f3n territorial\u2019; \u2018Las SBN y su aplicaci\u00f3n a escala ciudad\u2019; \u2018La aplicaci\u00f3n de las SBN en el espacio verde p\u00fablico\u2019 y \u2018Las SBN y su aplicaci\u00f3n a microescala\u2019.<\/p>\n<p>Las Inscripciones al congreso se podr\u00e1n hacer en la web de la asociaci\u00f3n a partir del 8 de enero, con descuento para que las inscripciones que se realicen antes del 28 de febrero. Las bases para la presentaci\u00f3n a los Premios Nacionales de Jardiner\u00eda se pueden encontrar en la <a href=\"https:\/\/www.aepjp.es\/\" target=\"_blank\" rel=\"noopener\">web de la AEPJP<\/a>.<br \/>\n<script async src=\"\/\/pagead2.googlesyndication.com\/pagead\/js\/adsbygoogle.js\"><\/script><br \/>\n<!-- Noticias La Guia de Pamplona --><br \/>\n<ins class=\"adsbygoogle\"\nstyle=\"display:block\"\ndata-ad-client=\"ca-pub-6943679897239327\"\ndata-ad-slot=\"7048180777\"\ndata-ad-format=\"auto\"><\/ins><br \/>\n<script>\n(adsbygoogle = window.adsbygoogle || []).push({});\n<\/script><\/p>\n<p><strong>8 de mayo: primer d\u00eda de congreso<\/strong><\/p>\n<p>La ponencia magistral inaugural el 8 de mayo a las 17.30 horas correr\u00e1 a cargo de Carlo Calfapietra, director del CNR Institute of Research on Terrestrial Ecosystems\/ Instituto de Investigaci\u00f3n del Consejo Nacional de Investigaciones sobre Ecosistemas Terrestres (IRET), una entidad con diversas sedes en Italia, que hablar\u00e1 sobre la implementaci\u00f3n de las SBN en la forma urbana.<\/p>\n<p>Esa jornada acoger\u00e1 tambi\u00e9n los temas del reto clim\u00e1tico de las ciudades mediterr\u00e1neas, a cargo de Andr\u00e9s F. Alc\u00e1ntara, del Centro de Cooperaci\u00f3n Mediterr\u00e1nea UICN. Esta entidad, nacida en 1948, es la red ambiental m\u00e1s grande y diversa del mundo que agrupa organizaciones gubernamentales, no gubernamentales y de pueblos ind\u00edgenas de m\u00e1s de 160 pa\u00edses y en sus comisiones participan m\u00e1s de 15.000 expertos en todo el mundo.<\/p>\n<p>El d\u00eda finalizar\u00e1 con una mesa redonda sobre la integraci\u00f3n de las SBN en el dise\u00f1o de las ciudades con personalidades de la esfera p\u00fablica como Fran Bergua o Helena Pita. El primero es jefe del Departamento de Ecolog\u00eda Urbana y Econom\u00eda Circular del Ayuntamiento de Zaragoza y, la segunda, directora de la Fundaci\u00f3n Biodiversidad. Esta entidad fue creada en 1998, por el reci\u00e9n inaugurado Ministerio de Medio Ambiente y hoy depende del Ministerio para la Transici\u00f3n Ecol\u00f3gica y el Reto Demogr\u00e1fico.<br \/>\n<script async src=\"\/\/pagead2.googlesyndication.com\/pagead\/js\/adsbygoogle.js\"><\/script><br \/>\n<!-- Noticias La Guia de Pamplona --><br \/>\n<ins class=\"adsbygoogle\"\nstyle=\"display:block\"\ndata-ad-client=\"ca-pub-6943679897239327\"\ndata-ad-slot=\"7048180777\"\ndata-ad-format=\"auto\"><\/ins><br \/>\n<script>\n(adsbygoogle = window.adsbygoogle || []).push({});\n<\/script><\/p>\n<p><strong>La escala ciudad en las SBN<\/strong><\/p>\n<p>El jueves 9 de mayo por la ma\u00f1ana entre las personas participantes en los distintos formatos de contenido estar\u00e1 Enrique Salvo Tierra, director t\u00e9cnico de la catedra FYM_UMA de Cambio Clim\u00e1tico de la Universidad de M\u00e1laga, una entidad que trabaja investigando medidas adaptativas frente al cambio clim\u00e1tico. Tambi\u00e9n Nadija Kabish, de NBS to Climate Change Adaptati\u00f3n en Urban Areas; Alicia Villaz\u00e1n, coordinadora del programa multidisciplinar sobre renaturalizaci\u00f3n Urban Green Up Valladolid, y Jon Aguirre Such y Antonio Rodr\u00edguez, respectivamente cofundador de Paisaje Transversal, una premiada organizaci\u00f3n que trabaja en planificaci\u00f3n y dise\u00f1o urbano, y presidente de ASEJA, asociaci\u00f3n de empresas que naci\u00f3 con la voluntad asociativa de las empresas privadas l\u00edderes en la conservaci\u00f3n e implantaci\u00f3n de zonas verdes.<\/p>\n<p>Los temas a tratar en esas sesiones son el momento en que est\u00e1 el proceso de cambio clim\u00e1tico y la contribuci\u00f3n de las SBN para mitigarlo, adem\u00e1s de los instrumentos que poseen las ciudades a trav\u00e9s de la renaturalizaci\u00f3n de espacios urbanos. Tambi\u00e9n se disertar\u00e1 sobre los futuros dise\u00f1os de ciudad. Pamplona explicar\u00e1 sus iniciativas y valorar\u00e1 su funcionamiento a trav\u00e9s de los t\u00e9cnicos municipales Gorka Lecumberri y Xabier Querejeta.<\/p>\n<p>Por la tarde, bajo el t\u00edtulo \u2018Aplicaci\u00f3n de las SBN en el espacio verde p\u00fablico\u2019, entre otros expertos intervendr\u00e1n el investigador sobre Transformaci\u00f3n urbana y cambio clim\u00e1tico de la Western Sydney University (WSU) Manuel Esper\u00f3n, que hablar\u00e1 sobre especies vegetales afectadas, o James Basson, director de Scapedesingn (Niza, Francia), que disertar\u00e1 sobre jardines sin agua.<br \/>\n<script async src=\"\/\/pagead2.googlesyndication.com\/pagead\/js\/adsbygoogle.js\"><\/script><br \/>\n<!-- Noticias La Guia de Pamplona --><br \/>\n<ins class=\"adsbygoogle\"\nstyle=\"display:block\"\ndata-ad-client=\"ca-pub-6943679897239327\"\ndata-ad-slot=\"7048180777\"\ndata-ad-format=\"auto\"><\/ins><br \/>\n<script>\n(adsbygoogle = window.adsbygoogle || []).push({});\n<\/script><\/p>\n<p><strong>La jornada de clausura, 10 de mayo<\/strong><\/p>\n<p>El \u00faltimo d\u00eda del congreso se aterrizar\u00e1n las Soluciones Basadas en la Naturaleza (SBN) a nivel microescala. Se iniciar\u00e1 con la presentaci\u00f3n de posters en formato Pechakua (sistema en el que se expone una presentaci\u00f3n de manera sencilla e informal mediante 20 diapositivas mostradas durante 20 segundos cada una) y acabar\u00e1 con la lectura de conclusiones y la gala de entrega de premios nacionales.<\/p>\n<p>En medio, tem\u00e1ticas como la conservaci\u00f3n de la biodiversidad del suelo, el manejo del agua, la permeabilizaci\u00f3n de espacios y la transformaci\u00f3n de patios contra el cambio clim\u00e1tico. Se hablar\u00e1 de los espacios de los centros escolares como zonas \u00fatiles para arbitrar medidas ambientales. Entre los profesionales que intervendr\u00e1n esta \u00faltima jornada estar\u00e1 Carlos Garbisu, director del Instituto Vasco de Investigaci\u00f3n y Desarrollo Agrario Neiker de Pa\u00eds Vasco, Javier L\u00f3pez, profesor de Hidrolog\u00eda de la UPNA, Thierry Duteuil, Conselier et R\u00e9ferent Technique Environnemet et Paysage de La Rochelle, Francia y Maria Tru\u00f1o i Salvad\u00f3, del programa Ciudad Jugable y Transformemos los Patios de Catalu\u00f1a.<\/p>\n","protected":false},"excerpt":{"rendered":"<p>Ya es p\u00fablico el programa cient\u00edfico del Congreso PARJAP 2024 cuyo plazo de inscripci\u00f3n comenzar\u00e1 el 8 de enero<\/p>\n","protected":false},"author":1,"featured_media":48206,"comment_status":"open","ping_status":"closed","sticky":false,"template":"","format":"standard","meta":{"footnotes":""},"categories":[2],"tags":[],"class_list":["post-48303","post","type-post","status-publish","format-standard","has-post-thumbnail","hentry","category-ayuntamiento-pamplona"],"yoast_head":"<!-- This site is optimized with the Yoast SEO plugin v27.3 - https:\/\/yoast.com\/product\/yoast-seo-wordpress\/ -->\n<title>Pamplona acoger\u00e1 en mayo a decenas de profesionales del \u00e1mbito p\u00fablico, privado y asociativo en una reflexi\u00f3n sobre el uso del espacio verde contra el cambio clim\u00e1tico<\/title>\n<meta name=\"description\" content=\"Ya es p\u00fablico el programa cient\u00edfico del Congreso PARJAP 2024 cuyo plazo de inscripci\u00f3n comenzar\u00e1 el 8 de enero\" \/>\n<meta name=\"robots\" content=\"index, follow, max-snippet:-1, max-image-preview:large, max-video-preview:-1\" \/>\n<link rel=\"canonical\" href=\"https:\/\/www.laguiadepamplona.com\/actualidad\/pamplona-acogera-en-mayo-a-decenas-de-profesionales-del-ambito-publico-privado-y-asociativo-en-una-reflexion-sobre-el-uso-del-espacio-verde-contra-el-cambio-climatico\/\" \/>\n<meta property=\"og:locale\" content=\"es_ES\" \/>\n<meta property=\"og:type\" content=\"article\" \/>\n<meta property=\"og:title\" content=\"Pamplona acoger\u00e1 en mayo a decenas de profesionales del \u00e1mbito p\u00fablico, privado y asociativo en una reflexi\u00f3n sobre el uso del espacio verde contra el cambio clim\u00e1tico\" \/>\n<meta property=\"og:description\" content=\"Ya es p\u00fablico el programa cient\u00edfico del Congreso PARJAP 2024 cuyo plazo de inscripci\u00f3n comenzar\u00e1 el 8 de enero\" \/>\n<meta property=\"og:url\" content=\"https:\/\/www.laguiadepamplona.com\/actualidad\/pamplona-acogera-en-mayo-a-decenas-de-profesionales-del-ambito-publico-privado-y-asociativo-en-una-reflexion-sobre-el-uso-del-espacio-verde-contra-el-cambio-climatico\/\" \/>\n<meta property=\"og:site_name\" content=\"La Gu\u00eda de Pamplona\" \/>\n<meta property=\"article:publisher\" content=\"https:\/\/www.facebook.com\/laguiadepamplonacom-133175176762273\/?ref=hl\" \/>\n<meta property=\"article:published_time\" content=\"2023-12-21T16:21:03+00:00\" \/>\n<meta property=\"og:image\" content=\"https:\/\/www.laguiadepamplona.com\/actualidad\/wp-content\/uploads\/2023\/12\/parjar.jpeg\" \/>\n\t<meta property=\"og:image:width\" content=\"529\" \/>\n\t<meta property=\"og:image:height\" content=\"774\" \/>\n\t<meta property=\"og:image:type\" content=\"image\/jpeg\" \/>\n<meta name=\"author\" content=\"La Gu\u00eda de Pamplona\" \/>\n<meta name=\"twitter:card\" content=\"summary_large_image\" \/>\n<meta name=\"twitter:creator\" content=\"@LaGuiadPamplona\" \/>\n<meta name=\"twitter:site\" content=\"@LaGuiadPamplona\" \/>\n<meta name=\"twitter:label1\" content=\"Escrito por\" \/>\n\t<meta name=\"twitter:data1\" content=\"La Gu\u00eda de Pamplona\" \/>\n\t<meta name=\"twitter:label2\" content=\"Tiempo de lectura\" \/>\n\t<meta name=\"twitter:data2\" content=\"5 minutos\" \/>\n<script type=\"application\/ld+json\" class=\"yoast-schema-graph\">{\"@context\":\"https:\\\/\\\/schema.org\",\"@graph\":[{\"@type\":\"Article\",\"@id\":\"https:\\\/\\\/www.laguiadepamplona.com\\\/actualidad\\\/pamplona-acogera-en-mayo-a-decenas-de-profesionales-del-ambito-publico-privado-y-asociativo-en-una-reflexion-sobre-el-uso-del-espacio-verde-contra-el-cambio-climatico\\\/#article\",\"isPartOf\":{\"@id\":\"https:\\\/\\\/www.laguiadepamplona.com\\\/actualidad\\\/pamplona-acogera-en-mayo-a-decenas-de-profesionales-del-ambito-publico-privado-y-asociativo-en-una-reflexion-sobre-el-uso-del-espacio-verde-contra-el-cambio-climatico\\\/\"},\"author\":{\"name\":\"La Gu\u00eda de Pamplona\",\"@id\":\"https:\\\/\\\/www.laguiadepamplona.com\\\/actualidad\\\/#\\\/schema\\\/person\\\/efe887376f0213d4657c93adc50b1fdb\"},\"headline\":\"Pamplona acoger\u00e1 en mayo a decenas de profesionales del \u00e1mbito p\u00fablico, privado y asociativo en una reflexi\u00f3n sobre el uso del espacio verde contra el cambio clim\u00e1tico\",\"datePublished\":\"2023-12-21T16:21:03+00:00\",\"mainEntityOfPage\":{\"@id\":\"https:\\\/\\\/www.laguiadepamplona.com\\\/actualidad\\\/pamplona-acogera-en-mayo-a-decenas-de-profesionales-del-ambito-publico-privado-y-asociativo-en-una-reflexion-sobre-el-uso-del-espacio-verde-contra-el-cambio-climatico\\\/\"},\"wordCount\":1099,\"commentCount\":0,\"publisher\":{\"@id\":\"https:\\\/\\\/www.laguiadepamplona.com\\\/actualidad\\\/#organization\"},\"image\":{\"@id\":\"https:\\\/\\\/www.laguiadepamplona.com\\\/actualidad\\\/pamplona-acogera-en-mayo-a-decenas-de-profesionales-del-ambito-publico-privado-y-asociativo-en-una-reflexion-sobre-el-uso-del-espacio-verde-contra-el-cambio-climatico\\\/#primaryimage\"},\"thumbnailUrl\":\"https:\\\/\\\/www.laguiadepamplona.com\\\/actualidad\\\/wp-content\\\/uploads\\\/2023\\\/12\\\/parjar.jpeg\",\"articleSection\":[\"Ayto Pamplona\"],\"inLanguage\":\"es\",\"potentialAction\":[{\"@type\":\"CommentAction\",\"name\":\"Comment\",\"target\":[\"https:\\\/\\\/www.laguiadepamplona.com\\\/actualidad\\\/pamplona-acogera-en-mayo-a-decenas-de-profesionales-del-ambito-publico-privado-y-asociativo-en-una-reflexion-sobre-el-uso-del-espacio-verde-contra-el-cambio-climatico\\\/#respond\"]}]},{\"@type\":\"WebPage\",\"@id\":\"https:\\\/\\\/www.laguiadepamplona.com\\\/actualidad\\\/pamplona-acogera-en-mayo-a-decenas-de-profesionales-del-ambito-publico-privado-y-asociativo-en-una-reflexion-sobre-el-uso-del-espacio-verde-contra-el-cambio-climatico\\\/\",\"url\":\"https:\\\/\\\/www.laguiadepamplona.com\\\/actualidad\\\/pamplona-acogera-en-mayo-a-decenas-de-profesionales-del-ambito-publico-privado-y-asociativo-en-una-reflexion-sobre-el-uso-del-espacio-verde-contra-el-cambio-climatico\\\/\",\"name\":\"Pamplona acoger\u00e1 en mayo a decenas de profesionales del \u00e1mbito p\u00fablico, privado y asociativo en una reflexi\u00f3n sobre el uso del espacio verde contra el cambio clim\u00e1tico\",\"isPartOf\":{\"@id\":\"https:\\\/\\\/www.laguiadepamplona.com\\\/actualidad\\\/#website\"},\"primaryImageOfPage\":{\"@id\":\"https:\\\/\\\/www.laguiadepamplona.com\\\/actualidad\\\/pamplona-acogera-en-mayo-a-decenas-de-profesionales-del-ambito-publico-privado-y-asociativo-en-una-reflexion-sobre-el-uso-del-espacio-verde-contra-el-cambio-climatico\\\/#primaryimage\"},\"image\":{\"@id\":\"https:\\\/\\\/www.laguiadepamplona.com\\\/actualidad\\\/pamplona-acogera-en-mayo-a-decenas-de-profesionales-del-ambito-publico-privado-y-asociativo-en-una-reflexion-sobre-el-uso-del-espacio-verde-contra-el-cambio-climatico\\\/#primaryimage\"},\"thumbnailUrl\":\"https:\\\/\\\/www.laguiadepamplona.com\\\/actualidad\\\/wp-content\\\/uploads\\\/2023\\\/12\\\/parjar.jpeg\",\"datePublished\":\"2023-12-21T16:21:03+00:00\",\"description\":\"Ya es p\u00fablico el programa cient\u00edfico del Congreso PARJAP 2024 cuyo plazo de inscripci\u00f3n comenzar\u00e1 el 8 de enero\",\"breadcrumb\":{\"@id\":\"https:\\\/\\\/www.laguiadepamplona.com\\\/actualidad\\\/pamplona-acogera-en-mayo-a-decenas-de-profesionales-del-ambito-publico-privado-y-asociativo-en-una-reflexion-sobre-el-uso-del-espacio-verde-contra-el-cambio-climatico\\\/#breadcrumb\"},\"inLanguage\":\"es\",\"potentialAction\":[{\"@type\":\"ReadAction\",\"target\":[\"https:\\\/\\\/www.laguiadepamplona.com\\\/actualidad\\\/pamplona-acogera-en-mayo-a-decenas-de-profesionales-del-ambito-publico-privado-y-asociativo-en-una-reflexion-sobre-el-uso-del-espacio-verde-contra-el-cambio-climatico\\\/\"]}]},{\"@type\":\"ImageObject\",\"inLanguage\":\"es\",\"@id\":\"https:\\\/\\\/www.laguiadepamplona.com\\\/actualidad\\\/pamplona-acogera-en-mayo-a-decenas-de-profesionales-del-ambito-publico-privado-y-asociativo-en-una-reflexion-sobre-el-uso-del-espacio-verde-contra-el-cambio-climatico\\\/#primaryimage\",\"url\":\"https:\\\/\\\/www.laguiadepamplona.com\\\/actualidad\\\/wp-content\\\/uploads\\\/2023\\\/12\\\/parjar.jpeg\",\"contentUrl\":\"https:\\\/\\\/www.laguiadepamplona.com\\\/actualidad\\\/wp-content\\\/uploads\\\/2023\\\/12\\\/parjar.jpeg\",\"width\":529,\"height\":774,\"caption\":\"parjar congreso\"},{\"@type\":\"BreadcrumbList\",\"@id\":\"https:\\\/\\\/www.laguiadepamplona.com\\\/actualidad\\\/pamplona-acogera-en-mayo-a-decenas-de-profesionales-del-ambito-publico-privado-y-asociativo-en-una-reflexion-sobre-el-uso-del-espacio-verde-contra-el-cambio-climatico\\\/#breadcrumb\",\"itemListElement\":[{\"@type\":\"ListItem\",\"position\":1,\"name\":\"Portada\",\"item\":\"https:\\\/\\\/www.laguiadepamplona.com\\\/actualidad\\\/\"},{\"@type\":\"ListItem\",\"position\":2,\"name\":\"Pamplona acoger\u00e1 en mayo a decenas de profesionales del \u00e1mbito p\u00fablico, privado y asociativo en una reflexi\u00f3n sobre el uso del espacio verde contra el cambio clim\u00e1tico\"}]},{\"@type\":\"WebSite\",\"@id\":\"https:\\\/\\\/www.laguiadepamplona.com\\\/actualidad\\\/#website\",\"url\":\"https:\\\/\\\/www.laguiadepamplona.com\\\/actualidad\\\/\",\"name\":\"La gu\u00eda de Pamplona\",\"description\":\"Noticias de Pamplona\",\"publisher\":{\"@id\":\"https:\\\/\\\/www.laguiadepamplona.com\\\/actualidad\\\/#organization\"},\"potentialAction\":[{\"@type\":\"SearchAction\",\"target\":{\"@type\":\"EntryPoint\",\"urlTemplate\":\"https:\\\/\\\/www.laguiadepamplona.com\\\/actualidad\\\/?s={search_term_string}\"},\"query-input\":{\"@type\":\"PropertyValueSpecification\",\"valueRequired\":true,\"valueName\":\"search_term_string\"}}],\"inLanguage\":\"es\"},{\"@type\":\"Organization\",\"@id\":\"https:\\\/\\\/www.laguiadepamplona.com\\\/actualidad\\\/#organization\",\"name\":\"La Gu\u00eda de Pamplona \\\/ Noticias\",\"url\":\"https:\\\/\\\/www.laguiadepamplona.com\\\/actualidad\\\/\",\"logo\":{\"@type\":\"ImageObject\",\"inLanguage\":\"es\",\"@id\":\"https:\\\/\\\/www.laguiadepamplona.com\\\/actualidad\\\/#\\\/schema\\\/logo\\\/image\\\/\",\"url\":\"https:\\\/\\\/www.laguiadepamplona.com\\\/actualidad\\\/wp-content\\\/uploads\\\/2018\\\/11\\\/logo-laguiadepamplona18-web1.png\",\"contentUrl\":\"https:\\\/\\\/www.laguiadepamplona.com\\\/actualidad\\\/wp-content\\\/uploads\\\/2018\\\/11\\\/logo-laguiadepamplona18-web1.png\",\"width\":600,\"height\":196,\"caption\":\"La Gu\u00eda de Pamplona \\\/ Noticias\"},\"image\":{\"@id\":\"https:\\\/\\\/www.laguiadepamplona.com\\\/actualidad\\\/#\\\/schema\\\/logo\\\/image\\\/\"},\"sameAs\":[\"https:\\\/\\\/www.facebook.com\\\/laguiadepamplonacom-133175176762273\\\/?ref=hl\",\"https:\\\/\\\/x.com\\\/LaGuiadPamplona\",\"https:\\\/\\\/www.instagram.com\\\/la_guia_de_pamplona\\\/\",\"https:\\\/\\\/www.youtube.com\\\/user\\\/laguiadepamplona\"]},{\"@type\":\"Person\",\"@id\":\"https:\\\/\\\/www.laguiadepamplona.com\\\/actualidad\\\/#\\\/schema\\\/person\\\/efe887376f0213d4657c93adc50b1fdb\",\"name\":\"La Gu\u00eda de Pamplona\",\"image\":{\"@type\":\"ImageObject\",\"inLanguage\":\"es\",\"@id\":\"https:\\\/\\\/secure.gravatar.com\\\/avatar\\\/b6992f131dc8d30ab0dff15446e9d346d9dbd95992de0fef795073f5ea83a81c?s=96&d=mm&r=g\",\"url\":\"https:\\\/\\\/secure.gravatar.com\\\/avatar\\\/b6992f131dc8d30ab0dff15446e9d346d9dbd95992de0fef795073f5ea83a81c?s=96&d=mm&r=g\",\"contentUrl\":\"https:\\\/\\\/secure.gravatar.com\\\/avatar\\\/b6992f131dc8d30ab0dff15446e9d346d9dbd95992de0fef795073f5ea83a81c?s=96&d=mm&r=g\",\"caption\":\"La Gu\u00eda de Pamplona\"}}]}<\/script>\n<!-- \/ Yoast SEO plugin. -->","yoast_head_json":{"title":"Pamplona acoger\u00e1 en mayo a decenas de profesionales del \u00e1mbito p\u00fablico, privado y asociativo en una reflexi\u00f3n sobre el uso del espacio verde contra el cambio clim\u00e1tico","description":"Ya es p\u00fablico el programa cient\u00edfico del Congreso PARJAP 2024 cuyo plazo de inscripci\u00f3n comenzar\u00e1 el 8 de enero","robots":{"index":"index","follow":"follow","max-snippet":"max-snippet:-1","max-image-preview":"max-image-preview:large","max-video-preview":"max-video-preview:-1"},"canonical":"https:\/\/www.laguiadepamplona.com\/actualidad\/pamplona-acogera-en-mayo-a-decenas-de-profesionales-del-ambito-publico-privado-y-asociativo-en-una-reflexion-sobre-el-uso-del-espacio-verde-contra-el-cambio-climatico\/","og_locale":"es_ES","og_type":"article","og_title":"Pamplona acoger\u00e1 en mayo a decenas de profesionales del \u00e1mbito p\u00fablico, privado y asociativo en una reflexi\u00f3n sobre el uso del espacio verde contra el cambio clim\u00e1tico","og_description":"Ya es p\u00fablico el programa cient\u00edfico del Congreso PARJAP 2024 cuyo plazo de inscripci\u00f3n comenzar\u00e1 el 8 de enero","og_url":"https:\/\/www.laguiadepamplona.com\/actualidad\/pamplona-acogera-en-mayo-a-decenas-de-profesionales-del-ambito-publico-privado-y-asociativo-en-una-reflexion-sobre-el-uso-del-espacio-verde-contra-el-cambio-climatico\/","og_site_name":"La Gu\u00eda de Pamplona","article_publisher":"https:\/\/www.facebook.com\/laguiadepamplonacom-133175176762273\/?ref=hl","article_published_time":"2023-12-21T16:21:03+00:00","og_image":[{"width":529,"height":774,"url":"https:\/\/www.laguiadepamplona.com\/actualidad\/wp-content\/uploads\/2023\/12\/parjar.jpeg","type":"image\/jpeg"}],"author":"La Gu\u00eda de Pamplona","twitter_card":"summary_large_image","twitter_creator":"@LaGuiadPamplona","twitter_site":"@LaGuiadPamplona","twitter_misc":{"Escrito por":"La Gu\u00eda de Pamplona","Tiempo de lectura":"5 minutos"},"schema":{"@context":"https:\/\/schema.org","@graph":[{"@type":"Article","@id":"https:\/\/www.laguiadepamplona.com\/actualidad\/pamplona-acogera-en-mayo-a-decenas-de-profesionales-del-ambito-publico-privado-y-asociativo-en-una-reflexion-sobre-el-uso-del-espacio-verde-contra-el-cambio-climatico\/#article","isPartOf":{"@id":"https:\/\/www.laguiadepamplona.com\/actualidad\/pamplona-acogera-en-mayo-a-decenas-de-profesionales-del-ambito-publico-privado-y-asociativo-en-una-reflexion-sobre-el-uso-del-espacio-verde-contra-el-cambio-climatico\/"},"author":{"name":"La Gu\u00eda de Pamplona","@id":"https:\/\/www.laguiadepamplona.com\/actualidad\/#\/schema\/person\/efe887376f0213d4657c93adc50b1fdb"},"headline":"Pamplona acoger\u00e1 en mayo a decenas de profesionales del \u00e1mbito p\u00fablico, privado y asociativo en una reflexi\u00f3n sobre el uso del espacio verde contra el cambio clim\u00e1tico","datePublished":"2023-12-21T16:21:03+00:00","mainEntityOfPage":{"@id":"https:\/\/www.laguiadepamplona.com\/actualidad\/pamplona-acogera-en-mayo-a-decenas-de-profesionales-del-ambito-publico-privado-y-asociativo-en-una-reflexion-sobre-el-uso-del-espacio-verde-contra-el-cambio-climatico\/"},"wordCount":1099,"commentCount":0,"publisher":{"@id":"https:\/\/www.laguiadepamplona.com\/actualidad\/#organization"},"image":{"@id":"https:\/\/www.laguiadepamplona.com\/actualidad\/pamplona-acogera-en-mayo-a-decenas-de-profesionales-del-ambito-publico-privado-y-asociativo-en-una-reflexion-sobre-el-uso-del-espacio-verde-contra-el-cambio-climatico\/#primaryimage"},"thumbnailUrl":"https:\/\/www.laguiadepamplona.com\/actualidad\/wp-content\/uploads\/2023\/12\/parjar.jpeg","articleSection":["Ayto Pamplona"],"inLanguage":"es","potentialAction":[{"@type":"CommentAction","name":"Comment","target":["https:\/\/www.laguiadepamplona.com\/actualidad\/pamplona-acogera-en-mayo-a-decenas-de-profesionales-del-ambito-publico-privado-y-asociativo-en-una-reflexion-sobre-el-uso-del-espacio-verde-contra-el-cambio-climatico\/#respond"]}]},{"@type":"WebPage","@id":"https:\/\/www.laguiadepamplona.com\/actualidad\/pamplona-acogera-en-mayo-a-decenas-de-profesionales-del-ambito-publico-privado-y-asociativo-en-una-reflexion-sobre-el-uso-del-espacio-verde-contra-el-cambio-climatico\/","url":"https:\/\/www.laguiadepamplona.com\/actualidad\/pamplona-acogera-en-mayo-a-decenas-de-profesionales-del-ambito-publico-privado-y-asociativo-en-una-reflexion-sobre-el-uso-del-espacio-verde-contra-el-cambio-climatico\/","name":"Pamplona acoger\u00e1 en mayo a decenas de profesionales del \u00e1mbito p\u00fablico, privado y asociativo en una reflexi\u00f3n sobre el uso del espacio verde contra el cambio clim\u00e1tico","isPartOf":{"@id":"https:\/\/www.laguiadepamplona.com\/actualidad\/#website"},"primaryImageOfPage":{"@id":"https:\/\/www.laguiadepamplona.com\/actualidad\/pamplona-acogera-en-mayo-a-decenas-de-profesionales-del-ambito-publico-privado-y-asociativo-en-una-reflexion-sobre-el-uso-del-espacio-verde-contra-el-cambio-climatico\/#primaryimage"},"image":{"@id":"https:\/\/www.laguiadepamplona.com\/actualidad\/pamplona-acogera-en-mayo-a-decenas-de-profesionales-del-ambito-publico-privado-y-asociativo-en-una-reflexion-sobre-el-uso-del-espacio-verde-contra-el-cambio-climatico\/#primaryimage"},"thumbnailUrl":"https:\/\/www.laguiadepamplona.com\/actualidad\/wp-content\/uploads\/2023\/12\/parjar.jpeg","datePublished":"2023-12-21T16:21:03+00:00","description":"Ya es p\u00fablico el programa cient\u00edfico del Congreso PARJAP 2024 cuyo plazo de inscripci\u00f3n comenzar\u00e1 el 8 de enero","breadcrumb":{"@id":"https:\/\/www.laguiadepamplona.com\/actualidad\/pamplona-acogera-en-mayo-a-decenas-de-profesionales-del-ambito-publico-privado-y-asociativo-en-una-reflexion-sobre-el-uso-del-espacio-verde-contra-el-cambio-climatico\/#breadcrumb"},"inLanguage":"es","potentialAction":[{"@type":"ReadAction","target":["https:\/\/www.laguiadepamplona.com\/actualidad\/pamplona-acogera-en-mayo-a-decenas-de-profesionales-del-ambito-publico-privado-y-asociativo-en-una-reflexion-sobre-el-uso-del-espacio-verde-contra-el-cambio-climatico\/"]}]},{"@type":"ImageObject","inLanguage":"es","@id":"https:\/\/www.laguiadepamplona.com\/actualidad\/pamplona-acogera-en-mayo-a-decenas-de-profesionales-del-ambito-publico-privado-y-asociativo-en-una-reflexion-sobre-el-uso-del-espacio-verde-contra-el-cambio-climatico\/#primaryimage","url":"https:\/\/www.laguiadepamplona.com\/actualidad\/wp-content\/uploads\/2023\/12\/parjar.jpeg","contentUrl":"https:\/\/www.laguiadepamplona.com\/actualidad\/wp-content\/uploads\/2023\/12\/parjar.jpeg","width":529,"height":774,"caption":"parjar congreso"},{"@type":"BreadcrumbList","@id":"https:\/\/www.laguiadepamplona.com\/actualidad\/pamplona-acogera-en-mayo-a-decenas-de-profesionales-del-ambito-publico-privado-y-asociativo-en-una-reflexion-sobre-el-uso-del-espacio-verde-contra-el-cambio-climatico\/#breadcrumb","itemListElement":[{"@type":"ListItem","position":1,"name":"Portada","item":"https:\/\/www.laguiadepamplona.com\/actualidad\/"},{"@type":"ListItem","position":2,"name":"Pamplona acoger\u00e1 en mayo a decenas de profesionales del \u00e1mbito p\u00fablico, privado y asociativo en una reflexi\u00f3n sobre el uso del espacio verde contra el cambio clim\u00e1tico"}]},{"@type":"WebSite","@id":"https:\/\/www.laguiadepamplona.com\/actualidad\/#website","url":"https:\/\/www.laguiadepamplona.com\/actualidad\/","name":"La gu\u00eda de Pamplona","description":"Noticias de Pamplona","publisher":{"@id":"https:\/\/www.laguiadepamplona.com\/actualidad\/#organization"},"potentialAction":[{"@type":"SearchAction","target":{"@type":"EntryPoint","urlTemplate":"https:\/\/www.laguiadepamplona.com\/actualidad\/?s={search_term_string}"},"query-input":{"@type":"PropertyValueSpecification","valueRequired":true,"valueName":"search_term_string"}}],"inLanguage":"es"},{"@type":"Organization","@id":"https:\/\/www.laguiadepamplona.com\/actualidad\/#organization","name":"La Gu\u00eda de Pamplona \/ Noticias","url":"https:\/\/www.laguiadepamplona.com\/actualidad\/","logo":{"@type":"ImageObject","inLanguage":"es","@id":"https:\/\/www.laguiadepamplona.com\/actualidad\/#\/schema\/logo\/image\/","url":"https:\/\/www.laguiadepamplona.com\/actualidad\/wp-content\/uploads\/2018\/11\/logo-laguiadepamplona18-web1.png","contentUrl":"https:\/\/www.laguiadepamplona.com\/actualidad\/wp-content\/uploads\/2018\/11\/logo-laguiadepamplona18-web1.png","width":600,"height":196,"caption":"La Gu\u00eda de Pamplona \/ Noticias"},"image":{"@id":"https:\/\/www.laguiadepamplona.com\/actualidad\/#\/schema\/logo\/image\/"},"sameAs":["https:\/\/www.facebook.com\/laguiadepamplonacom-133175176762273\/?ref=hl","https:\/\/x.com\/LaGuiadPamplona","https:\/\/www.instagram.com\/la_guia_de_pamplona\/","https:\/\/www.youtube.com\/user\/laguiadepamplona"]},{"@type":"Person","@id":"https:\/\/www.laguiadepamplona.com\/actualidad\/#\/schema\/person\/efe887376f0213d4657c93adc50b1fdb","name":"La Gu\u00eda de Pamplona","image":{"@type":"ImageObject","inLanguage":"es","@id":"https:\/\/secure.gravatar.com\/avatar\/b6992f131dc8d30ab0dff15446e9d346d9dbd95992de0fef795073f5ea83a81c?s=96&d=mm&r=g","url":"https:\/\/secure.gravatar.com\/avatar\/b6992f131dc8d30ab0dff15446e9d346d9dbd95992de0fef795073f5ea83a81c?s=96&d=mm&r=g","contentUrl":"https:\/\/secure.gravatar.com\/avatar\/b6992f131dc8d30ab0dff15446e9d346d9dbd95992de0fef795073f5ea83a81c?s=96&d=mm&r=g","caption":"La Gu\u00eda de Pamplona"}}]}},"post_mailing_queue_ids":[],"_links":{"self":[{"href":"https:\/\/www.laguiadepamplona.com\/actualidad\/wp-json\/wp\/v2\/posts\/48303","targetHints":{"allow":["GET"]}}],"collection":[{"href":"https:\/\/www.laguiadepamplona.com\/actualidad\/wp-json\/wp\/v2\/posts"}],"about":[{"href":"https:\/\/www.laguiadepamplona.com\/actualidad\/wp-json\/wp\/v2\/types\/post"}],"author":[{"embeddable":true,"href":"https:\/\/www.laguiadepamplona.com\/actualidad\/wp-json\/wp\/v2\/users\/1"}],"replies":[{"embeddable":true,"href":"https:\/\/www.laguiadepamplona.com\/actualidad\/wp-json\/wp\/v2\/comments?post=48303"}],"version-history":[{"count":1,"href":"https:\/\/www.laguiadepamplona.com\/actualidad\/wp-json\/wp\/v2\/posts\/48303\/revisions"}],"predecessor-version":[{"id":48304,"href":"https:\/\/www.laguiadepamplona.com\/actualidad\/wp-json\/wp\/v2\/posts\/48303\/revisions\/48304"}],"wp:featuredmedia":[{"embeddable":true,"href":"https:\/\/www.laguiadepamplona.com\/actualidad\/wp-json\/wp\/v2\/media\/48206"}],"wp:attachment":[{"href":"https:\/\/www.laguiadepamplona.com\/actualidad\/wp-json\/wp\/v2\/media?parent=48303"}],"wp:term":[{"taxonomy":"category","embeddable":true,"href":"https:\/\/www.laguiadepamplona.com\/actualidad\/wp-json\/wp\/v2\/categories?post=48303"},{"taxonomy":"post_tag","embeddable":true,"href":"https:\/\/www.laguiadepamplona.com\/actualidad\/wp-json\/wp\/v2\/tags?post=48303"}],"curies":[{"name":"wp","href":"https:\/\/api.w.org\/{rel}","templated":true}]}}