{"id":48281,"date":"2023-12-20T20:26:00","date_gmt":"2023-12-20T18:26:00","guid":{"rendered":"https:\/\/www.laguiadepamplona.com\/actualidad\/?p=48281"},"modified":"2023-12-20T20:26:00","modified_gmt":"2023-12-20T18:26:00","slug":"propuesta-de-actividades-organizadas-por-el-ayuntamiento-de-pamplona-del-21-al-22-de-diciembre-con-plazas-libres","status":"publish","type":"post","link":"https:\/\/www.laguiadepamplona.com\/actualidad\/propuesta-de-actividades-organizadas-por-el-ayuntamiento-de-pamplona-del-21-al-22-de-diciembre-con-plazas-libres\/","title":{"rendered":"Propuesta de actividades organizadas por el Ayuntamiento de Pamplona del 21 al 22 de diciembre con plazas libres"},"content":{"rendered":"<p><!--more--><\/p>\n<h3><strong>JUEVES 21 DE DICIEMBRE<\/strong><\/h3>\n<p><a href=\"https:\/\/www.pamplona.es\/actualidad\/eventos\/escuela-de-sostenibilidad-mercadillo-de-intercambio-sin-dinero-museo-de\">Escuela de Sostenibilidad. Mercadillo de intercambio sin dinero. Museo de Educaci\u00f3n Ambiental<\/a>, de 10 a 13 horas y de 18 a 20 horas. Libre participaci\u00f3n<\/p>\n<p>Se ofrece una alternativa a la compra, impulsando la reutilizaci\u00f3n. As\u00ed, se contribuye al cuidado del entorno, ya que se ahorra en materia prima y energ\u00eda. Se puede encontrar desde ropa, calzado, abalorios, libros, juguetes, etc. Las personas participantes traer\u00e1n objetos en buen estado que ya no utilicen y que puedan ser de inter\u00e9s para otras personas. Podr\u00e1n intercambiar hasta un m\u00e1ximo de seis objetos por semana por otros objetos de valor similar. El intercambio estar\u00e1 supervisado por el equipo de educaci\u00f3n ambiental, garantizando que el cambio sea equitativo y se haga de forma ordenada.<\/p>\n<p><a href=\"https:\/\/www.pamplona.es\/actualidad\/eventos\/club-de-lectura-facil-confabuladas-civivox-iturrama-2\">Club de lectura f\u00e1cil. Confabuladas. Civivox Iturrama<\/a>, 11 horas. Entrada libre, previa inscripci\u00f3n en el 010, la red Civivox o <a href=\"http:\/\/www.pamplonaescultura.es\">www.pamplonaescultura.es<\/a><\/p>\n<p>El club de lectura f\u00e1cil es un club integrador, de car\u00e1cter mensual, en el que participan personas con diversas capacidades y en el que se utiliza material adaptado a la lectura f\u00e1cil. Ciclo en colaboraci\u00f3n con Las Gafas de Escribir y ANFAS. Con Beatriz Cantero.<\/p>\n<p><a href=\"https:\/\/www.pamplona.es\/actualidad\/eventos\/taller-palabras-para-leer-el-mundo-biblioteca-publica-de-milagrosa-3\">Taller. Palabras para leer el mundo. Biblioteca P\u00fablica de Milagrosa<\/a>, 17 horas. Inscripci\u00f3n en la biblioteca, el tel\u00e9fono 948 24 54 60 o <a href=\"mailto:biblimil@navarra.es\">biblimil@navarra.es<\/a><br \/>\n<script async src=\"\/\/pagead2.googlesyndication.com\/pagead\/js\/adsbygoogle.js\"><\/script><br \/>\n<!-- Noticias La Guia de Pamplona --><br \/>\n<ins class=\"adsbygoogle\"\nstyle=\"display:block\"\ndata-ad-client=\"ca-pub-6943679897239327\"\ndata-ad-slot=\"7048180777\"\ndata-ad-format=\"auto\"><\/ins><br \/>\n<script>\n(adsbygoogle = window.adsbygoogle || []).push({});\n<\/script><\/p>\n<p>Taller guiado por Esther Guibert. En esta ocasi\u00f3n, se charlar\u00e1 sobre<strong>\u00a0Palestina<\/strong>. Hablamos de cien a\u00f1os de colonizaci\u00f3n y resistencia. Se proyectar\u00e1 un largometraje relacionado con el tema.<\/p>\n<p><a href=\"https:\/\/www.pamplona.es\/actualidad\/eventos\/navidad-musica-en-la-calle-conservatorio-superior-de-musica-pablo-sarasate-paseo\">Navidad. M\u00fasica en la calle. Conservatorio Superior de M\u00fasica Pablo Sarasate. Paseo Antonio Garc\u00eda Goyena<\/a>, 18 horas. Libre participaci\u00f3n<\/p>\n<p>Contin\u00faa la programaci\u00f3n musical navide\u00f1a con actuaciones de diferentes grupos y formaciones dentro del ciclo \u2018Navidad en la calle\u2019. El Conservatorio Superior de M\u00fasica Pablo Sarasate interpretar\u00e1 diferentes piezas en el paseo Antonio Garc\u00eda Goyena.<\/p>\n<p><a href=\"mailto:Inscripci\u00f3n%20en%20la%20biblioteca,%20en%20el%20948%20210%20524%20o%20en%20biblisfr@navarra.es\">Cuentacuentos en euskera. Biblioteca P\u00fablica de San Francisco<\/a>, 18 horas. Inscripci\u00f3n en la biblioteca, en el 948 210 524 o en <a href=\"mailto:biblisfr@navarra.es\">biblisfr@navarra.es<\/a><\/p>\n<p>Cuentacuentos en euskera, durante una hora, con Maitane P\u00e9rez, que contar\u00e1 nuevos y apasionantes cuentos para ni\u00f1as y ni\u00f1os entre 4 y 8 a\u00f1os.<\/p>\n<p><a href=\"https:\/\/www.pamplona.es\/actualidad\/eventos\/navidad-conciertos-en-los-barrios-gaiteros-txantrea-txantrea\">Navidad. Conciertos en los barrios. Gaiteros Txantrea. Txantrea<\/a>, 18.30 horas. Libre participaci\u00f3n<\/p>\n<p>La m\u00fasica llegar\u00e1 tambi\u00e9n estas Navidades a los barrios de la ciudad. La primera actuaci\u00f3n del programa correr\u00e1 a cargo de los Gaiteros Txantrea, que amenizar\u00e1n las calles del barrio.<\/p>\n<p><a href=\"https:\/\/www.pamplona.es\/actualidad\/eventos\/navidad-taller-juvenil-de-regalos-buy-nothing-champu-con-plantas-medicinales-0\">Navidad. Taller juvenil de regalos buy-nothing. Champ\u00fa con plantas medicinales<\/a>. Casa de la Juventud, 19 horas. Inscripci\u00f3n previa en la Casa de la Juventud<br \/>\n<script async src=\"\/\/pagead2.googlesyndication.com\/pagead\/js\/adsbygoogle.js\"><\/script><br \/>\n<!-- Noticias La Guia de Pamplona --><br \/>\n<ins class=\"adsbygoogle\"\nstyle=\"display:block\"\ndata-ad-client=\"ca-pub-6943679897239327\"\ndata-ad-slot=\"7048180777\"\ndata-ad-format=\"auto\"><\/ins><br \/>\n<script>\n(adsbygoogle = window.adsbygoogle || []).push({});\n<\/script><\/p>\n<p>Sesi\u00f3n con Lukene Pinzolas para crear un marco de flores de porcelana para regalar durante las pr\u00f3ximas fiestas navide\u00f1as. Empezando desde un marco normal, modelaremos flores (con porcelana fr\u00eda de secado al aire) de diferentes tama\u00f1os y colores para decorarlo y darle personalidad propia. Este marco podremos utilizarlo para fotos, dibujos e incluso espejos.<\/p>\n<p><a href=\"https:\/\/www.pamplona.es\/actualidad\/eventos\/navidad-musica-en-la-calle-coro-de-trombones-de-la-escuela-de-musica-joaquin\">Navidad. M\u00fasica en la calle. Coro de Trombones de la Escuela de M\u00fasica Joaqu\u00edn Maya. Plaza Consistorial<\/a>, 19 horas. Libre participaci\u00f3n<\/p>\n<p>Contin\u00faa la programaci\u00f3n musical navide\u00f1a con actuaciones de diferentes grupos y formaciones dentro del ciclo \u2018Navidad en la calle\u2019. El Coro de Trombones de la Escuela de M\u00fasica Joaqu\u00edn Maya interpretar\u00e1 diferentes piezas en la Plaza Consistorial.<\/p>\n<p><a href=\"https:\/\/www.pamplona.es\/actualidad\/eventos\/navidad-concierto-coro-divertimento-iglesia-de-san-antonio-pp-capuchinos\">Navidad. Concierto. Coro Divertimento. Iglesia de San Antonio (PP Capuchinos),<\/a> 20 horas. Entrada libre, hasta completar aforo<\/p>\n<p>Nuevo concierto del ciclo de m\u00fasica en iglesias organizada por el Ayuntamiento de Pamplona durante las fechas navide\u00f1as. Este jueves actuar\u00e1 el Coro Divertimento, que interpretar\u00e1 diferentes composiciones relacionadas con la Navidad<br \/>\n<script async src=\"\/\/pagead2.googlesyndication.com\/pagead\/js\/adsbygoogle.js\"><\/script><br \/>\n<!-- Noticias La Guia de Pamplona --><br \/>\n<ins class=\"adsbygoogle\"\nstyle=\"display:block\"\ndata-ad-client=\"ca-pub-6943679897239327\"\ndata-ad-slot=\"7048180777\"\ndata-ad-format=\"auto\"><\/ins><br \/>\n<script>\n(adsbygoogle = window.adsbygoogle || []).push({});\n<\/script><\/p>\n<p>&nbsp;<\/p>\n<h3><strong>VIERNES 22 DE DICIEMBRE<\/strong><\/h3>\n<p><a href=\"https:\/\/www.pamplona.es\/actualidad\/eventos\/escuela-de-sostenibilidad-mercadillo-de-intercambio-sin-dinero-museo-de\">Escuela de Sostenibilidad. Mercadillo de intercambio sin dinero. Museo de Educaci\u00f3n Ambiental<\/a>, de 10 a 13 horas. Libre participaci\u00f3n<\/p>\n<p>Se ofrece una alternativa a la compra, impulsando la reutilizaci\u00f3n. As\u00ed, se contribuye al cuidado del entorno, ya que se ahorra en materia prima y energ\u00eda. Se puede encontrar desde ropa, calzado, abalorios, libros, juguetes, etc. Las personas participantes traer\u00e1n objetos en buen estado que ya no utilicen y que puedan ser de inter\u00e9s para otras personas. Podr\u00e1n intercambiar hasta un m\u00e1ximo de seis objetos por semana por otros objetos de valor similar. El intercambio estar\u00e1 supervisado por el equipo de educaci\u00f3n ambiental, garantizando que el cambio sea equitativo y se haga de forma ordenada.<\/p>\n<p><a href=\"https:\/\/www.pamplona.es\/actualidad\/eventos\/navidad-2023-musica-en-la-calle\">Navidad. M\u00fasica en la calle. Txistularis del Conservatorio Profesional Pablo Sarasate. Plaza Consistorial<\/a>, 17.30 horas. Libre participaci\u00f3n<\/p>\n<p>Contin\u00faa la programaci\u00f3n musical navide\u00f1a con actuaciones de diferentes grupos y formaciones dentro del ciclo \u2018Navidad en la calle\u2019. Txistularis del Conservatorio Profesional Pablo Sarasate interpretar\u00e1n diferentes piezas en la Plaza Consistorial.<\/p>\n<p><a href=\"https:\/\/www.pamplona.es\/actualidad\/eventos\/cafeteando-karaoke-casa-de-la-juventud-3\">Cafeteando. Navidad. Karaoke navide\u00f1o. Casa de la Juventud<\/a>, 18.30 horas. Entrada libre, hasta completar el aforo<br \/>\n<script async src=\"\/\/pagead2.googlesyndication.com\/pagead\/js\/adsbygoogle.js\"><\/script><br \/>\n<!-- Noticias La Guia de Pamplona --><br \/>\n<ins class=\"adsbygoogle\"\nstyle=\"display:block\"\ndata-ad-client=\"ca-pub-6943679897239327\"\ndata-ad-slot=\"7048180777\"\ndata-ad-format=\"auto\"><\/ins><br \/>\n<script>\n(adsbygoogle = window.adsbygoogle || []).push({});\n<\/script><\/p>\n<p>El viernes la animadora de la Casa de la Juventud ofrecer\u00e1 una de las actividades m\u00e1s habituales en la Casa, el karaoke, que este viernes tendr\u00e1 tem\u00e1tica especial relacionadas con la Navidad. Para j\u00f3venes de 14 a 30 a\u00f1os.<\/p>\n<p><a href=\"https:\/\/www.pamplona.es\/actualidad\/eventos\/navidad-2023-musica-en-los-barrios\">Navidad. Conciertos en los barrios. Zarrabete Gaiteroak. Rochapea<\/a>, 18.30 horas. Libre participaci\u00f3n<\/p>\n<p>La m\u00fasica llegar\u00e1 tambi\u00e9n estas Navidades a los barrios de la ciudad. La actuaci\u00f3n correr\u00e1 a cargo de Zarrabete Gaiteroak, que amenizar\u00e1n las calles del barrio.<\/p>\n<p><a href=\"https:\/\/www.pamplona.es\/actualidad\/eventos\/navidad-2023-concierto-de-navidad-casa-de-la-juventud\">Navidad. Concierto de Navidad. Jop Txiki. Casa de la Juventud<\/a>, 19 horas. Entrada libre<\/p>\n<p>Concierto Navide\u00f1o, en formato de big band, a cargo de Jop Txiki, m\u00fasicos de 14 a 18 a\u00f1os de la Joven Orquesta de Pamplona. Es una orquesta formada en 2017 y autogestionada por j\u00f3venes int\u00e9rpretes de Navarra y alrededores. En la actualidad, la orquesta ha crecido hasta llegar a tener m\u00e1s de 65 integrantes, alumnado de estudios musicales de alto nivel pertenecientes a diferentes especialidades como la interpretaci\u00f3n, la composici\u00f3n, la musicolog\u00eda y la pedagog\u00eda. En 2023 naci\u00f3 la Jop Txiki, una orquesta que funciona como la cantera de la orquesta, trabajando estilos como el pop, rock, salsa, rap&#8230; que se alejan de lo cl\u00e1sico y le da a nuestra orquesta una frescura inigualable.<\/p>\n<p><a href=\"https:\/\/www.pamplona.es\/actualidad\/eventos\/navidad-taller-juvenil-de-regalos-buy-nothing-ramo-de-flores-con-pompones-casa\">Navidad. Taller juvenil de regalos buy-nothing. Ramo de flores con pompones. Casa de la Juventud<\/a>, 19 horas. Inscripci\u00f3n previa en la Casa de la Juventud<\/p>\n<p>Sesi\u00f3n con Lukene Pinzolas para crear un ramo de flores imperecederas, flores que nunca se marchitar\u00e1n. Las flores ser\u00e1n bolitas de lana denominadas pom-poms que fabricaremos de diferentes colores y tama\u00f1os y sus tallos alambres a los que daremos forma.<\/p>\n<p><a href=\"https:\/\/www.pamplona.es\/actualidad\/eventos\/navidad-2023-musica-en-la-calle\">Navidad. M\u00fasica en la calle. Conservatorio Profesional de M\u00fasica Pablo Sarasate. Sala de Armas de la Ciudadela<\/a>, 19 horas. Libre participaci\u00f3n<br \/>\n<script async src=\"\/\/pagead2.googlesyndication.com\/pagead\/js\/adsbygoogle.js\"><\/script><br \/>\n<!-- Noticias La Guia de Pamplona --><br \/>\n<ins class=\"adsbygoogle\"\nstyle=\"display:block\"\ndata-ad-client=\"ca-pub-6943679897239327\"\ndata-ad-slot=\"7048180777\"\ndata-ad-format=\"auto\"><\/ins><br \/>\n<script>\n(adsbygoogle = window.adsbygoogle || []).push({});\n<\/script><\/p>\n<p>El Conservatorio Profesional de M\u00fasica Pablo Sarasate celebra este viernes el segundo de los dos conciertos que tienen previstos en la Sala de Armas de la Ciudadela de Pamplona, dentro de la programaci\u00f3n navide\u00f1a municipal.<\/p>\n<p><a href=\"https:\/\/www.pamplona.es\/actualidad\/eventos\/navidad-2023-conciertos-civivox-condestable\">Navidad. Concierto. Coro Viva la M\u00fasica. Palacio del Condestables<\/a>, 19.30 horas. Entrada libre, hasta completar el aforo<\/p>\n<p>El Coro Viva la M\u00fasica\u00a0nace en febrero de 2016, cuando un grupo reducido de mujeres procedentes de coros y grupos de canto, quieren vivir la m\u00fasica de una manera distinta a la convencional, huyendo del estereotipo de coro tradicional y tratando de experimentar y descubrir nuevos caminos en el canto grupal. Actualmente, lo conforman 27 personas las que conformamos y cuentan en el apartado instrumental con 2 guitarras (3 incluyendo al director), una chelista y una caja.<\/p>\n<p><a href=\"https:\/\/www.pamplona.es\/actualidad\/eventos\/navidad-concierto-los-amigos-del-arte-iglesia-de-san-agustin\">Navidad. Concierto. Los Amigos del Arte. Iglesia de San Agust\u00edn<\/a>, 20 horas. Entrada libre, hasta completar aforo<\/p>\n<p>Nuevo concierto del ciclo de m\u00fasica en iglesias organizada por el Ayuntamiento de Pamplona durante las fechas navide\u00f1as. Este viernes actuar\u00e1n Los Amigos del Arte, que interpretar\u00e1n diferentes composiciones relacionadas con la Navidad<\/p>\n","protected":false},"excerpt":{"rendered":"","protected":false},"author":1,"featured_media":36074,"comment_status":"open","ping_status":"closed","sticky":false,"template":"","format":"standard","meta":{"footnotes":""},"categories":[2],"tags":[],"class_list":["post-48281","post","type-post","status-publish","format-standard","has-post-thumbnail","hentry","category-ayuntamiento-pamplona"],"yoast_head":"<!-- This site is optimized with the Yoast SEO plugin v27.3 - https:\/\/yoast.com\/product\/yoast-seo-wordpress\/ -->\n<title>Propuesta de actividades organizadas por el Ayuntamiento de Pamplona del 21 al 22 de diciembre con plazas libres<\/title>\n<meta name=\"robots\" content=\"index, follow, max-snippet:-1, max-image-preview:large, max-video-preview:-1\" \/>\n<link rel=\"canonical\" href=\"https:\/\/www.laguiadepamplona.com\/actualidad\/propuesta-de-actividades-organizadas-por-el-ayuntamiento-de-pamplona-del-21-al-22-de-diciembre-con-plazas-libres\/\" \/>\n<meta property=\"og:locale\" content=\"es_ES\" \/>\n<meta property=\"og:type\" content=\"article\" \/>\n<meta property=\"og:title\" content=\"Propuesta de actividades organizadas por el Ayuntamiento de Pamplona del 21 al 22 de diciembre con plazas libres\" \/>\n<meta property=\"og:url\" content=\"https:\/\/www.laguiadepamplona.com\/actualidad\/propuesta-de-actividades-organizadas-por-el-ayuntamiento-de-pamplona-del-21-al-22-de-diciembre-con-plazas-libres\/\" \/>\n<meta property=\"og:site_name\" content=\"La Gu\u00eda de Pamplona\" \/>\n<meta property=\"article:publisher\" content=\"https:\/\/www.facebook.com\/laguiadepamplonacom-133175176762273\/?ref=hl\" \/>\n<meta property=\"article:published_time\" content=\"2023-12-20T18:26:00+00:00\" \/>\n<meta property=\"og:image\" content=\"https:\/\/www.laguiadepamplona.com\/actualidad\/wp-content\/uploads\/2021\/08\/ayuntamiento-pamplona2.jpg\" \/>\n\t<meta property=\"og:image:width\" content=\"1920\" \/>\n\t<meta property=\"og:image:height\" content=\"1080\" \/>\n\t<meta property=\"og:image:type\" content=\"image\/jpeg\" \/>\n<meta name=\"author\" content=\"La Gu\u00eda de Pamplona\" \/>\n<meta name=\"twitter:card\" content=\"summary_large_image\" \/>\n<meta name=\"twitter:creator\" content=\"@LaGuiadPamplona\" \/>\n<meta name=\"twitter:site\" content=\"@LaGuiadPamplona\" \/>\n<meta name=\"twitter:label1\" content=\"Escrito por\" \/>\n\t<meta name=\"twitter:data1\" content=\"La Gu\u00eda de Pamplona\" \/>\n\t<meta name=\"twitter:label2\" content=\"Tiempo de lectura\" \/>\n\t<meta name=\"twitter:data2\" content=\"6 minutos\" \/>\n<script type=\"application\/ld+json\" class=\"yoast-schema-graph\">{\"@context\":\"https:\\\/\\\/schema.org\",\"@graph\":[{\"@type\":\"Article\",\"@id\":\"https:\\\/\\\/www.laguiadepamplona.com\\\/actualidad\\\/propuesta-de-actividades-organizadas-por-el-ayuntamiento-de-pamplona-del-21-al-22-de-diciembre-con-plazas-libres\\\/#article\",\"isPartOf\":{\"@id\":\"https:\\\/\\\/www.laguiadepamplona.com\\\/actualidad\\\/propuesta-de-actividades-organizadas-por-el-ayuntamiento-de-pamplona-del-21-al-22-de-diciembre-con-plazas-libres\\\/\"},\"author\":{\"name\":\"La Gu\u00eda de Pamplona\",\"@id\":\"https:\\\/\\\/www.laguiadepamplona.com\\\/actualidad\\\/#\\\/schema\\\/person\\\/efe887376f0213d4657c93adc50b1fdb\"},\"headline\":\"Propuesta de actividades organizadas por el Ayuntamiento de Pamplona del 21 al 22 de diciembre con plazas libres\",\"datePublished\":\"2023-12-20T18:26:00+00:00\",\"mainEntityOfPage\":{\"@id\":\"https:\\\/\\\/www.laguiadepamplona.com\\\/actualidad\\\/propuesta-de-actividades-organizadas-por-el-ayuntamiento-de-pamplona-del-21-al-22-de-diciembre-con-plazas-libres\\\/\"},\"wordCount\":1314,\"commentCount\":0,\"publisher\":{\"@id\":\"https:\\\/\\\/www.laguiadepamplona.com\\\/actualidad\\\/#organization\"},\"image\":{\"@id\":\"https:\\\/\\\/www.laguiadepamplona.com\\\/actualidad\\\/propuesta-de-actividades-organizadas-por-el-ayuntamiento-de-pamplona-del-21-al-22-de-diciembre-con-plazas-libres\\\/#primaryimage\"},\"thumbnailUrl\":\"https:\\\/\\\/www.laguiadepamplona.com\\\/actualidad\\\/wp-content\\\/uploads\\\/2021\\\/08\\\/ayuntamiento-pamplona2.jpg\",\"articleSection\":[\"Ayto Pamplona\"],\"inLanguage\":\"es\",\"potentialAction\":[{\"@type\":\"CommentAction\",\"name\":\"Comment\",\"target\":[\"https:\\\/\\\/www.laguiadepamplona.com\\\/actualidad\\\/propuesta-de-actividades-organizadas-por-el-ayuntamiento-de-pamplona-del-21-al-22-de-diciembre-con-plazas-libres\\\/#respond\"]}]},{\"@type\":\"WebPage\",\"@id\":\"https:\\\/\\\/www.laguiadepamplona.com\\\/actualidad\\\/propuesta-de-actividades-organizadas-por-el-ayuntamiento-de-pamplona-del-21-al-22-de-diciembre-con-plazas-libres\\\/\",\"url\":\"https:\\\/\\\/www.laguiadepamplona.com\\\/actualidad\\\/propuesta-de-actividades-organizadas-por-el-ayuntamiento-de-pamplona-del-21-al-22-de-diciembre-con-plazas-libres\\\/\",\"name\":\"Propuesta de actividades organizadas por el Ayuntamiento de Pamplona del 21 al 22 de diciembre con plazas libres\",\"isPartOf\":{\"@id\":\"https:\\\/\\\/www.laguiadepamplona.com\\\/actualidad\\\/#website\"},\"primaryImageOfPage\":{\"@id\":\"https:\\\/\\\/www.laguiadepamplona.com\\\/actualidad\\\/propuesta-de-actividades-organizadas-por-el-ayuntamiento-de-pamplona-del-21-al-22-de-diciembre-con-plazas-libres\\\/#primaryimage\"},\"image\":{\"@id\":\"https:\\\/\\\/www.laguiadepamplona.com\\\/actualidad\\\/propuesta-de-actividades-organizadas-por-el-ayuntamiento-de-pamplona-del-21-al-22-de-diciembre-con-plazas-libres\\\/#primaryimage\"},\"thumbnailUrl\":\"https:\\\/\\\/www.laguiadepamplona.com\\\/actualidad\\\/wp-content\\\/uploads\\\/2021\\\/08\\\/ayuntamiento-pamplona2.jpg\",\"datePublished\":\"2023-12-20T18:26:00+00:00\",\"breadcrumb\":{\"@id\":\"https:\\\/\\\/www.laguiadepamplona.com\\\/actualidad\\\/propuesta-de-actividades-organizadas-por-el-ayuntamiento-de-pamplona-del-21-al-22-de-diciembre-con-plazas-libres\\\/#breadcrumb\"},\"inLanguage\":\"es\",\"potentialAction\":[{\"@type\":\"ReadAction\",\"target\":[\"https:\\\/\\\/www.laguiadepamplona.com\\\/actualidad\\\/propuesta-de-actividades-organizadas-por-el-ayuntamiento-de-pamplona-del-21-al-22-de-diciembre-con-plazas-libres\\\/\"]}]},{\"@type\":\"ImageObject\",\"inLanguage\":\"es\",\"@id\":\"https:\\\/\\\/www.laguiadepamplona.com\\\/actualidad\\\/propuesta-de-actividades-organizadas-por-el-ayuntamiento-de-pamplona-del-21-al-22-de-diciembre-con-plazas-libres\\\/#primaryimage\",\"url\":\"https:\\\/\\\/www.laguiadepamplona.com\\\/actualidad\\\/wp-content\\\/uploads\\\/2021\\\/08\\\/ayuntamiento-pamplona2.jpg\",\"contentUrl\":\"https:\\\/\\\/www.laguiadepamplona.com\\\/actualidad\\\/wp-content\\\/uploads\\\/2021\\\/08\\\/ayuntamiento-pamplona2.jpg\",\"width\":1920,\"height\":1080,\"caption\":\"ayuntamiento pamplona\"},{\"@type\":\"BreadcrumbList\",\"@id\":\"https:\\\/\\\/www.laguiadepamplona.com\\\/actualidad\\\/propuesta-de-actividades-organizadas-por-el-ayuntamiento-de-pamplona-del-21-al-22-de-diciembre-con-plazas-libres\\\/#breadcrumb\",\"itemListElement\":[{\"@type\":\"ListItem\",\"position\":1,\"name\":\"Portada\",\"item\":\"https:\\\/\\\/www.laguiadepamplona.com\\\/actualidad\\\/\"},{\"@type\":\"ListItem\",\"position\":2,\"name\":\"Propuesta de actividades organizadas por el Ayuntamiento de Pamplona del 21 al 22 de diciembre con plazas libres\"}]},{\"@type\":\"WebSite\",\"@id\":\"https:\\\/\\\/www.laguiadepamplona.com\\\/actualidad\\\/#website\",\"url\":\"https:\\\/\\\/www.laguiadepamplona.com\\\/actualidad\\\/\",\"name\":\"La gu\u00eda de Pamplona\",\"description\":\"Noticias de Pamplona\",\"publisher\":{\"@id\":\"https:\\\/\\\/www.laguiadepamplona.com\\\/actualidad\\\/#organization\"},\"potentialAction\":[{\"@type\":\"SearchAction\",\"target\":{\"@type\":\"EntryPoint\",\"urlTemplate\":\"https:\\\/\\\/www.laguiadepamplona.com\\\/actualidad\\\/?s={search_term_string}\"},\"query-input\":{\"@type\":\"PropertyValueSpecification\",\"valueRequired\":true,\"valueName\":\"search_term_string\"}}],\"inLanguage\":\"es\"},{\"@type\":\"Organization\",\"@id\":\"https:\\\/\\\/www.laguiadepamplona.com\\\/actualidad\\\/#organization\",\"name\":\"La Gu\u00eda de Pamplona \\\/ Noticias\",\"url\":\"https:\\\/\\\/www.laguiadepamplona.com\\\/actualidad\\\/\",\"logo\":{\"@type\":\"ImageObject\",\"inLanguage\":\"es\",\"@id\":\"https:\\\/\\\/www.laguiadepamplona.com\\\/actualidad\\\/#\\\/schema\\\/logo\\\/image\\\/\",\"url\":\"https:\\\/\\\/www.laguiadepamplona.com\\\/actualidad\\\/wp-content\\\/uploads\\\/2018\\\/11\\\/logo-laguiadepamplona18-web1.png\",\"contentUrl\":\"https:\\\/\\\/www.laguiadepamplona.com\\\/actualidad\\\/wp-content\\\/uploads\\\/2018\\\/11\\\/logo-laguiadepamplona18-web1.png\",\"width\":600,\"height\":196,\"caption\":\"La Gu\u00eda de Pamplona \\\/ Noticias\"},\"image\":{\"@id\":\"https:\\\/\\\/www.laguiadepamplona.com\\\/actualidad\\\/#\\\/schema\\\/logo\\\/image\\\/\"},\"sameAs\":[\"https:\\\/\\\/www.facebook.com\\\/laguiadepamplonacom-133175176762273\\\/?ref=hl\",\"https:\\\/\\\/x.com\\\/LaGuiadPamplona\",\"https:\\\/\\\/www.instagram.com\\\/la_guia_de_pamplona\\\/\",\"https:\\\/\\\/www.youtube.com\\\/user\\\/laguiadepamplona\"]},{\"@type\":\"Person\",\"@id\":\"https:\\\/\\\/www.laguiadepamplona.com\\\/actualidad\\\/#\\\/schema\\\/person\\\/efe887376f0213d4657c93adc50b1fdb\",\"name\":\"La Gu\u00eda de Pamplona\",\"image\":{\"@type\":\"ImageObject\",\"inLanguage\":\"es\",\"@id\":\"https:\\\/\\\/secure.gravatar.com\\\/avatar\\\/b6992f131dc8d30ab0dff15446e9d346d9dbd95992de0fef795073f5ea83a81c?s=96&d=mm&r=g\",\"url\":\"https:\\\/\\\/secure.gravatar.com\\\/avatar\\\/b6992f131dc8d30ab0dff15446e9d346d9dbd95992de0fef795073f5ea83a81c?s=96&d=mm&r=g\",\"contentUrl\":\"https:\\\/\\\/secure.gravatar.com\\\/avatar\\\/b6992f131dc8d30ab0dff15446e9d346d9dbd95992de0fef795073f5ea83a81c?s=96&d=mm&r=g\",\"caption\":\"La Gu\u00eda de Pamplona\"}}]}<\/script>\n<!-- \/ Yoast SEO plugin. -->","yoast_head_json":{"title":"Propuesta de actividades organizadas por el Ayuntamiento de Pamplona del 21 al 22 de diciembre con plazas libres","robots":{"index":"index","follow":"follow","max-snippet":"max-snippet:-1","max-image-preview":"max-image-preview:large","max-video-preview":"max-video-preview:-1"},"canonical":"https:\/\/www.laguiadepamplona.com\/actualidad\/propuesta-de-actividades-organizadas-por-el-ayuntamiento-de-pamplona-del-21-al-22-de-diciembre-con-plazas-libres\/","og_locale":"es_ES","og_type":"article","og_title":"Propuesta de actividades organizadas por el Ayuntamiento de Pamplona del 21 al 22 de diciembre con plazas libres","og_url":"https:\/\/www.laguiadepamplona.com\/actualidad\/propuesta-de-actividades-organizadas-por-el-ayuntamiento-de-pamplona-del-21-al-22-de-diciembre-con-plazas-libres\/","og_site_name":"La Gu\u00eda de Pamplona","article_publisher":"https:\/\/www.facebook.com\/laguiadepamplonacom-133175176762273\/?ref=hl","article_published_time":"2023-12-20T18:26:00+00:00","og_image":[{"width":1920,"height":1080,"url":"https:\/\/www.laguiadepamplona.com\/actualidad\/wp-content\/uploads\/2021\/08\/ayuntamiento-pamplona2.jpg","type":"image\/jpeg"}],"author":"La Gu\u00eda de Pamplona","twitter_card":"summary_large_image","twitter_creator":"@LaGuiadPamplona","twitter_site":"@LaGuiadPamplona","twitter_misc":{"Escrito por":"La Gu\u00eda de Pamplona","Tiempo de lectura":"6 minutos"},"schema":{"@context":"https:\/\/schema.org","@graph":[{"@type":"Article","@id":"https:\/\/www.laguiadepamplona.com\/actualidad\/propuesta-de-actividades-organizadas-por-el-ayuntamiento-de-pamplona-del-21-al-22-de-diciembre-con-plazas-libres\/#article","isPartOf":{"@id":"https:\/\/www.laguiadepamplona.com\/actualidad\/propuesta-de-actividades-organizadas-por-el-ayuntamiento-de-pamplona-del-21-al-22-de-diciembre-con-plazas-libres\/"},"author":{"name":"La Gu\u00eda de Pamplona","@id":"https:\/\/www.laguiadepamplona.com\/actualidad\/#\/schema\/person\/efe887376f0213d4657c93adc50b1fdb"},"headline":"Propuesta de actividades organizadas por el Ayuntamiento de Pamplona del 21 al 22 de diciembre con plazas libres","datePublished":"2023-12-20T18:26:00+00:00","mainEntityOfPage":{"@id":"https:\/\/www.laguiadepamplona.com\/actualidad\/propuesta-de-actividades-organizadas-por-el-ayuntamiento-de-pamplona-del-21-al-22-de-diciembre-con-plazas-libres\/"},"wordCount":1314,"commentCount":0,"publisher":{"@id":"https:\/\/www.laguiadepamplona.com\/actualidad\/#organization"},"image":{"@id":"https:\/\/www.laguiadepamplona.com\/actualidad\/propuesta-de-actividades-organizadas-por-el-ayuntamiento-de-pamplona-del-21-al-22-de-diciembre-con-plazas-libres\/#primaryimage"},"thumbnailUrl":"https:\/\/www.laguiadepamplona.com\/actualidad\/wp-content\/uploads\/2021\/08\/ayuntamiento-pamplona2.jpg","articleSection":["Ayto Pamplona"],"inLanguage":"es","potentialAction":[{"@type":"CommentAction","name":"Comment","target":["https:\/\/www.laguiadepamplona.com\/actualidad\/propuesta-de-actividades-organizadas-por-el-ayuntamiento-de-pamplona-del-21-al-22-de-diciembre-con-plazas-libres\/#respond"]}]},{"@type":"WebPage","@id":"https:\/\/www.laguiadepamplona.com\/actualidad\/propuesta-de-actividades-organizadas-por-el-ayuntamiento-de-pamplona-del-21-al-22-de-diciembre-con-plazas-libres\/","url":"https:\/\/www.laguiadepamplona.com\/actualidad\/propuesta-de-actividades-organizadas-por-el-ayuntamiento-de-pamplona-del-21-al-22-de-diciembre-con-plazas-libres\/","name":"Propuesta de actividades organizadas por el Ayuntamiento de Pamplona del 21 al 22 de diciembre con plazas libres","isPartOf":{"@id":"https:\/\/www.laguiadepamplona.com\/actualidad\/#website"},"primaryImageOfPage":{"@id":"https:\/\/www.laguiadepamplona.com\/actualidad\/propuesta-de-actividades-organizadas-por-el-ayuntamiento-de-pamplona-del-21-al-22-de-diciembre-con-plazas-libres\/#primaryimage"},"image":{"@id":"https:\/\/www.laguiadepamplona.com\/actualidad\/propuesta-de-actividades-organizadas-por-el-ayuntamiento-de-pamplona-del-21-al-22-de-diciembre-con-plazas-libres\/#primaryimage"},"thumbnailUrl":"https:\/\/www.laguiadepamplona.com\/actualidad\/wp-content\/uploads\/2021\/08\/ayuntamiento-pamplona2.jpg","datePublished":"2023-12-20T18:26:00+00:00","breadcrumb":{"@id":"https:\/\/www.laguiadepamplona.com\/actualidad\/propuesta-de-actividades-organizadas-por-el-ayuntamiento-de-pamplona-del-21-al-22-de-diciembre-con-plazas-libres\/#breadcrumb"},"inLanguage":"es","potentialAction":[{"@type":"ReadAction","target":["https:\/\/www.laguiadepamplona.com\/actualidad\/propuesta-de-actividades-organizadas-por-el-ayuntamiento-de-pamplona-del-21-al-22-de-diciembre-con-plazas-libres\/"]}]},{"@type":"ImageObject","inLanguage":"es","@id":"https:\/\/www.laguiadepamplona.com\/actualidad\/propuesta-de-actividades-organizadas-por-el-ayuntamiento-de-pamplona-del-21-al-22-de-diciembre-con-plazas-libres\/#primaryimage","url":"https:\/\/www.laguiadepamplona.com\/actualidad\/wp-content\/uploads\/2021\/08\/ayuntamiento-pamplona2.jpg","contentUrl":"https:\/\/www.laguiadepamplona.com\/actualidad\/wp-content\/uploads\/2021\/08\/ayuntamiento-pamplona2.jpg","width":1920,"height":1080,"caption":"ayuntamiento pamplona"},{"@type":"BreadcrumbList","@id":"https:\/\/www.laguiadepamplona.com\/actualidad\/propuesta-de-actividades-organizadas-por-el-ayuntamiento-de-pamplona-del-21-al-22-de-diciembre-con-plazas-libres\/#breadcrumb","itemListElement":[{"@type":"ListItem","position":1,"name":"Portada","item":"https:\/\/www.laguiadepamplona.com\/actualidad\/"},{"@type":"ListItem","position":2,"name":"Propuesta de actividades organizadas por el Ayuntamiento de Pamplona del 21 al 22 de diciembre con plazas libres"}]},{"@type":"WebSite","@id":"https:\/\/www.laguiadepamplona.com\/actualidad\/#website","url":"https:\/\/www.laguiadepamplona.com\/actualidad\/","name":"La gu\u00eda de Pamplona","description":"Noticias de Pamplona","publisher":{"@id":"https:\/\/www.laguiadepamplona.com\/actualidad\/#organization"},"potentialAction":[{"@type":"SearchAction","target":{"@type":"EntryPoint","urlTemplate":"https:\/\/www.laguiadepamplona.com\/actualidad\/?s={search_term_string}"},"query-input":{"@type":"PropertyValueSpecification","valueRequired":true,"valueName":"search_term_string"}}],"inLanguage":"es"},{"@type":"Organization","@id":"https:\/\/www.laguiadepamplona.com\/actualidad\/#organization","name":"La Gu\u00eda de Pamplona \/ Noticias","url":"https:\/\/www.laguiadepamplona.com\/actualidad\/","logo":{"@type":"ImageObject","inLanguage":"es","@id":"https:\/\/www.laguiadepamplona.com\/actualidad\/#\/schema\/logo\/image\/","url":"https:\/\/www.laguiadepamplona.com\/actualidad\/wp-content\/uploads\/2018\/11\/logo-laguiadepamplona18-web1.png","contentUrl":"https:\/\/www.laguiadepamplona.com\/actualidad\/wp-content\/uploads\/2018\/11\/logo-laguiadepamplona18-web1.png","width":600,"height":196,"caption":"La Gu\u00eda de Pamplona \/ Noticias"},"image":{"@id":"https:\/\/www.laguiadepamplona.com\/actualidad\/#\/schema\/logo\/image\/"},"sameAs":["https:\/\/www.facebook.com\/laguiadepamplonacom-133175176762273\/?ref=hl","https:\/\/x.com\/LaGuiadPamplona","https:\/\/www.instagram.com\/la_guia_de_pamplona\/","https:\/\/www.youtube.com\/user\/laguiadepamplona"]},{"@type":"Person","@id":"https:\/\/www.laguiadepamplona.com\/actualidad\/#\/schema\/person\/efe887376f0213d4657c93adc50b1fdb","name":"La Gu\u00eda de Pamplona","image":{"@type":"ImageObject","inLanguage":"es","@id":"https:\/\/secure.gravatar.com\/avatar\/b6992f131dc8d30ab0dff15446e9d346d9dbd95992de0fef795073f5ea83a81c?s=96&d=mm&r=g","url":"https:\/\/secure.gravatar.com\/avatar\/b6992f131dc8d30ab0dff15446e9d346d9dbd95992de0fef795073f5ea83a81c?s=96&d=mm&r=g","contentUrl":"https:\/\/secure.gravatar.com\/avatar\/b6992f131dc8d30ab0dff15446e9d346d9dbd95992de0fef795073f5ea83a81c?s=96&d=mm&r=g","caption":"La Gu\u00eda de Pamplona"}}]}},"post_mailing_queue_ids":[],"_links":{"self":[{"href":"https:\/\/www.laguiadepamplona.com\/actualidad\/wp-json\/wp\/v2\/posts\/48281","targetHints":{"allow":["GET"]}}],"collection":[{"href":"https:\/\/www.laguiadepamplona.com\/actualidad\/wp-json\/wp\/v2\/posts"}],"about":[{"href":"https:\/\/www.laguiadepamplona.com\/actualidad\/wp-json\/wp\/v2\/types\/post"}],"author":[{"embeddable":true,"href":"https:\/\/www.laguiadepamplona.com\/actualidad\/wp-json\/wp\/v2\/users\/1"}],"replies":[{"embeddable":true,"href":"https:\/\/www.laguiadepamplona.com\/actualidad\/wp-json\/wp\/v2\/comments?post=48281"}],"version-history":[{"count":1,"href":"https:\/\/www.laguiadepamplona.com\/actualidad\/wp-json\/wp\/v2\/posts\/48281\/revisions"}],"predecessor-version":[{"id":48282,"href":"https:\/\/www.laguiadepamplona.com\/actualidad\/wp-json\/wp\/v2\/posts\/48281\/revisions\/48282"}],"wp:featuredmedia":[{"embeddable":true,"href":"https:\/\/www.laguiadepamplona.com\/actualidad\/wp-json\/wp\/v2\/media\/36074"}],"wp:attachment":[{"href":"https:\/\/www.laguiadepamplona.com\/actualidad\/wp-json\/wp\/v2\/media?parent=48281"}],"wp:term":[{"taxonomy":"category","embeddable":true,"href":"https:\/\/www.laguiadepamplona.com\/actualidad\/wp-json\/wp\/v2\/categories?post=48281"},{"taxonomy":"post_tag","embeddable":true,"href":"https:\/\/www.laguiadepamplona.com\/actualidad\/wp-json\/wp\/v2\/tags?post=48281"}],"curies":[{"name":"wp","href":"https:\/\/api.w.org\/{rel}","templated":true}]}}