{"id":48274,"date":"2023-12-20T20:19:17","date_gmt":"2023-12-20T18:19:17","guid":{"rendered":"https:\/\/www.laguiadepamplona.com\/actualidad\/?p=48274"},"modified":"2023-12-20T20:19:17","modified_gmt":"2023-12-20T18:19:17","slug":"el-centro-comunitario-de-salesianas-en-la-txantrea-acogera-en-enero-un-taller-gratuito-para-mejorar-la-comunicacion-interpersonal-dirigido-a-mayores-de-65-anos","status":"publish","type":"post","link":"https:\/\/www.laguiadepamplona.com\/actualidad\/el-centro-comunitario-de-salesianas-en-la-txantrea-acogera-en-enero-un-taller-gratuito-para-mejorar-la-comunicacion-interpersonal-dirigido-a-mayores-de-65-anos\/","title":{"rendered":"El centro comunitario de Salesianas, en la Txantrea, acoger\u00e1 en enero un taller gratuito para mejorar la comunicaci\u00f3n interpersonal dirigido a mayores de 65 a\u00f1os"},"content":{"rendered":"<h2>Este jueves, d\u00eda 21, arrancan en el tel\u00e9fono 010 las inscripciones para este taller, ofrecido dentro de la estrategia municipal \u2018Pamplona te cuida\u2019<\/h2>\n<p><!--more--><\/p>\n<p>El centro comunitario de Salesianas, en el barrio de Txantrea, acoger\u00e1 en enero un taller para mejorar la comunicaci\u00f3n interpersonal dirigido a mayores de 65 a\u00f1os. El taller est\u00e1 organizado por el Tel\u00e9fono de la Esperanza, en colaboraci\u00f3n con el Ayuntamiento de Pamplona, dentro de la estrategia municipal \u2018Pamplona te cuida\u2019. El plazo de inscripci\u00f3n para el taller se abre este jueves, d\u00eda 21. Las personas interesadas deber\u00e1n inscribirse a trav\u00e9s del tel\u00e9fono de atenci\u00f3n ciudadana 010 (948420100). Las plazas se asignar\u00e1n por orden de llamada, hasta completar aforo.<br \/>\n<script async src=\"\/\/pagead2.googlesyndication.com\/pagead\/js\/adsbygoogle.js\"><\/script><br \/>\n<!-- Noticias La Guia de Pamplona --><br \/>\n<ins class=\"adsbygoogle\"\nstyle=\"display:block\"\ndata-ad-client=\"ca-pub-6943679897239327\"\ndata-ad-slot=\"7048180777\"\ndata-ad-format=\"auto\"><\/ins><br \/>\n<script>\n(adsbygoogle = window.adsbygoogle || []).push({});\n<\/script><\/p>\n<p>El taller se desarrollar\u00e1 despu\u00e9s de las fiestas de Navidad durante cuatro jornadas. En concreto, se ha programado para los martes 9, 16, 23 y 30 de enero, en horario de ma\u00f1ana, de 10.30 a 12.30 horas. La inscripci\u00f3n se realizar\u00e1 para las cuatro sesiones.<\/p>\n<p>A trav\u00e9s de esta actividad, se abordar\u00e1n aspectos como la forma de comunicarse y de relacionarse con las personas del entorno y con la familia. En este sentido, se ahondar\u00e1 en aspectos como el lenguaje no verbal y la facilidad o no de hacerse entender y de trasladar el mensaje claro al resto de personas, partiendo de un an\u00e1lisis previo de c\u00f3mo se comunica cada uno de los participantes.<br \/>\n<script async src=\"\/\/pagead2.googlesyndication.com\/pagead\/js\/adsbygoogle.js\"><\/script><br \/>\n<!-- Noticias La Guia de Pamplona --><br \/>\n<ins class=\"adsbygoogle\"\nstyle=\"display:block\"\ndata-ad-client=\"ca-pub-6943679897239327\"\ndata-ad-slot=\"7048180777\"\ndata-ad-format=\"auto\"><\/ins><br \/>\n<script>\n(adsbygoogle = window.adsbygoogle || []).push({});\n<\/script><\/p>\n<p>Esta propuesta se suma a las que el Ayuntamiento viene organizando estos \u00faltimos meses, tambi\u00e9n de la mano del Tel\u00e9fono de la Esperanza, en colaboraci\u00f3n con el Gobierno de Navarra. Todas estas acciones se inscriben dentro del programa municipal \u2018Pamplona te cuida\u2019, que engloba los servicios, actividades y prestaciones municipales dirigidos a la poblaci\u00f3n mayor de 65 a\u00f1os. Toda esta informaci\u00f3n puede consultarse en la web\u00a0 <a href=\"https:\/\/www.pamplona.es\/pamplonatecuida\" target=\"_blank\" rel=\"noopener\">https:\/\/www.pamplona.es\/pamplonatecuida<\/a> .<\/p>\n<p>&nbsp;<\/p>\n<h3>Taller Mejorar la Comunicaci\u00f3n Interpersonal<\/h3>\n<ul>\n<li>Dirigido a mayores de 65 a\u00f1os<\/li>\n<li>Gratuito<\/li>\n<li><strong>Fechas<\/strong>: 9, 16, 23 y 30 de enero<\/li>\n<li><strong>Horario<\/strong>: de 10.30 a 12.30 horas<\/li>\n<li><strong>Lugar<\/strong>: centro comunitario de Salesianas (c\/ Cuenca de Pamplona, 24 planta baja)<\/li>\n<li><strong>Inscripciones<\/strong>: a partir del 21 de diciembre llamando al 010 (948420100)<\/li>\n<\/ul>\n","protected":false},"excerpt":{"rendered":"<p>Este jueves, d\u00eda 21, arrancan en el tel\u00e9fono 010 las inscripciones para este taller, ofrecido dentro de la estrategia municipal \u2018Pamplona te cuida\u2019<\/p>\n","protected":false},"author":1,"featured_media":37580,"comment_status":"open","ping_status":"closed","sticky":false,"template":"","format":"standard","meta":{"footnotes":""},"categories":[2],"tags":[],"class_list":["post-48274","post","type-post","status-publish","format-standard","has-post-thumbnail","hentry","category-ayuntamiento-pamplona"],"yoast_head":"<!-- This site is optimized with the Yoast SEO plugin v27.3 - https:\/\/yoast.com\/product\/yoast-seo-wordpress\/ -->\n<title>El centro comunitario de Salesianas, en la Txantrea, acoger\u00e1 en enero un taller gratuito para mejorar la comunicaci\u00f3n interpersonal dirigido a mayores de 65 a\u00f1os<\/title>\n<meta name=\"description\" content=\"Este jueves, d\u00eda 21, arrancan en el tel\u00e9fono 010 las inscripciones para este taller, ofrecido dentro de la estrategia municipal \u2018Pamplona te cuida\u2019\" \/>\n<meta name=\"robots\" content=\"index, follow, max-snippet:-1, max-image-preview:large, max-video-preview:-1\" \/>\n<link rel=\"canonical\" href=\"https:\/\/www.laguiadepamplona.com\/actualidad\/el-centro-comunitario-de-salesianas-en-la-txantrea-acogera-en-enero-un-taller-gratuito-para-mejorar-la-comunicacion-interpersonal-dirigido-a-mayores-de-65-anos\/\" \/>\n<meta property=\"og:locale\" content=\"es_ES\" \/>\n<meta property=\"og:type\" content=\"article\" \/>\n<meta property=\"og:title\" content=\"El centro comunitario de Salesianas, en la Txantrea, acoger\u00e1 en enero un taller gratuito para mejorar la comunicaci\u00f3n interpersonal dirigido a mayores de 65 a\u00f1os\" \/>\n<meta property=\"og:description\" content=\"Este jueves, d\u00eda 21, arrancan en el tel\u00e9fono 010 las inscripciones para este taller, ofrecido dentro de la estrategia municipal \u2018Pamplona te cuida\u2019\" \/>\n<meta property=\"og:url\" content=\"https:\/\/www.laguiadepamplona.com\/actualidad\/el-centro-comunitario-de-salesianas-en-la-txantrea-acogera-en-enero-un-taller-gratuito-para-mejorar-la-comunicacion-interpersonal-dirigido-a-mayores-de-65-anos\/\" \/>\n<meta property=\"og:site_name\" content=\"La Gu\u00eda de Pamplona\" \/>\n<meta property=\"article:publisher\" content=\"https:\/\/www.facebook.com\/laguiadepamplonacom-133175176762273\/?ref=hl\" \/>\n<meta property=\"article:published_time\" content=\"2023-12-20T18:19:17+00:00\" \/>\n<meta property=\"og:image\" content=\"https:\/\/www.laguiadepamplona.com\/actualidad\/wp-content\/uploads\/2021\/11\/adultos-mayores-hands-g25ab469ab_1920.jpg\" \/>\n\t<meta property=\"og:image:width\" content=\"1920\" \/>\n\t<meta property=\"og:image:height\" content=\"1280\" \/>\n\t<meta property=\"og:image:type\" content=\"image\/jpeg\" \/>\n<meta name=\"author\" content=\"La Gu\u00eda de Pamplona\" \/>\n<meta name=\"twitter:card\" content=\"summary_large_image\" \/>\n<meta name=\"twitter:creator\" content=\"@LaGuiadPamplona\" \/>\n<meta name=\"twitter:site\" content=\"@LaGuiadPamplona\" \/>\n<meta name=\"twitter:label1\" content=\"Escrito por\" \/>\n\t<meta name=\"twitter:data1\" content=\"La Gu\u00eda de Pamplona\" \/>\n\t<meta name=\"twitter:label2\" content=\"Tiempo de lectura\" \/>\n\t<meta name=\"twitter:data2\" content=\"2 minutos\" \/>\n<script type=\"application\/ld+json\" class=\"yoast-schema-graph\">{\"@context\":\"https:\\\/\\\/schema.org\",\"@graph\":[{\"@type\":\"Article\",\"@id\":\"https:\\\/\\\/www.laguiadepamplona.com\\\/actualidad\\\/el-centro-comunitario-de-salesianas-en-la-txantrea-acogera-en-enero-un-taller-gratuito-para-mejorar-la-comunicacion-interpersonal-dirigido-a-mayores-de-65-anos\\\/#article\",\"isPartOf\":{\"@id\":\"https:\\\/\\\/www.laguiadepamplona.com\\\/actualidad\\\/el-centro-comunitario-de-salesianas-en-la-txantrea-acogera-en-enero-un-taller-gratuito-para-mejorar-la-comunicacion-interpersonal-dirigido-a-mayores-de-65-anos\\\/\"},\"author\":{\"name\":\"La Gu\u00eda de Pamplona\",\"@id\":\"https:\\\/\\\/www.laguiadepamplona.com\\\/actualidad\\\/#\\\/schema\\\/person\\\/efe887376f0213d4657c93adc50b1fdb\"},\"headline\":\"El centro comunitario de Salesianas, en la Txantrea, acoger\u00e1 en enero un taller gratuito para mejorar la comunicaci\u00f3n interpersonal dirigido a mayores de 65 a\u00f1os\",\"datePublished\":\"2023-12-20T18:19:17+00:00\",\"mainEntityOfPage\":{\"@id\":\"https:\\\/\\\/www.laguiadepamplona.com\\\/actualidad\\\/el-centro-comunitario-de-salesianas-en-la-txantrea-acogera-en-enero-un-taller-gratuito-para-mejorar-la-comunicacion-interpersonal-dirigido-a-mayores-de-65-anos\\\/\"},\"wordCount\":377,\"commentCount\":0,\"publisher\":{\"@id\":\"https:\\\/\\\/www.laguiadepamplona.com\\\/actualidad\\\/#organization\"},\"image\":{\"@id\":\"https:\\\/\\\/www.laguiadepamplona.com\\\/actualidad\\\/el-centro-comunitario-de-salesianas-en-la-txantrea-acogera-en-enero-un-taller-gratuito-para-mejorar-la-comunicacion-interpersonal-dirigido-a-mayores-de-65-anos\\\/#primaryimage\"},\"thumbnailUrl\":\"https:\\\/\\\/www.laguiadepamplona.com\\\/actualidad\\\/wp-content\\\/uploads\\\/2021\\\/11\\\/adultos-mayores-hands-g25ab469ab_1920.jpg\",\"articleSection\":[\"Ayto Pamplona\"],\"inLanguage\":\"es\",\"potentialAction\":[{\"@type\":\"CommentAction\",\"name\":\"Comment\",\"target\":[\"https:\\\/\\\/www.laguiadepamplona.com\\\/actualidad\\\/el-centro-comunitario-de-salesianas-en-la-txantrea-acogera-en-enero-un-taller-gratuito-para-mejorar-la-comunicacion-interpersonal-dirigido-a-mayores-de-65-anos\\\/#respond\"]}]},{\"@type\":\"WebPage\",\"@id\":\"https:\\\/\\\/www.laguiadepamplona.com\\\/actualidad\\\/el-centro-comunitario-de-salesianas-en-la-txantrea-acogera-en-enero-un-taller-gratuito-para-mejorar-la-comunicacion-interpersonal-dirigido-a-mayores-de-65-anos\\\/\",\"url\":\"https:\\\/\\\/www.laguiadepamplona.com\\\/actualidad\\\/el-centro-comunitario-de-salesianas-en-la-txantrea-acogera-en-enero-un-taller-gratuito-para-mejorar-la-comunicacion-interpersonal-dirigido-a-mayores-de-65-anos\\\/\",\"name\":\"El centro comunitario de Salesianas, en la Txantrea, acoger\u00e1 en enero un taller gratuito para mejorar la comunicaci\u00f3n interpersonal dirigido a mayores de 65 a\u00f1os\",\"isPartOf\":{\"@id\":\"https:\\\/\\\/www.laguiadepamplona.com\\\/actualidad\\\/#website\"},\"primaryImageOfPage\":{\"@id\":\"https:\\\/\\\/www.laguiadepamplona.com\\\/actualidad\\\/el-centro-comunitario-de-salesianas-en-la-txantrea-acogera-en-enero-un-taller-gratuito-para-mejorar-la-comunicacion-interpersonal-dirigido-a-mayores-de-65-anos\\\/#primaryimage\"},\"image\":{\"@id\":\"https:\\\/\\\/www.laguiadepamplona.com\\\/actualidad\\\/el-centro-comunitario-de-salesianas-en-la-txantrea-acogera-en-enero-un-taller-gratuito-para-mejorar-la-comunicacion-interpersonal-dirigido-a-mayores-de-65-anos\\\/#primaryimage\"},\"thumbnailUrl\":\"https:\\\/\\\/www.laguiadepamplona.com\\\/actualidad\\\/wp-content\\\/uploads\\\/2021\\\/11\\\/adultos-mayores-hands-g25ab469ab_1920.jpg\",\"datePublished\":\"2023-12-20T18:19:17+00:00\",\"description\":\"Este jueves, d\u00eda 21, arrancan en el tel\u00e9fono 010 las inscripciones para este taller, ofrecido dentro de la estrategia municipal \u2018Pamplona te cuida\u2019\",\"breadcrumb\":{\"@id\":\"https:\\\/\\\/www.laguiadepamplona.com\\\/actualidad\\\/el-centro-comunitario-de-salesianas-en-la-txantrea-acogera-en-enero-un-taller-gratuito-para-mejorar-la-comunicacion-interpersonal-dirigido-a-mayores-de-65-anos\\\/#breadcrumb\"},\"inLanguage\":\"es\",\"potentialAction\":[{\"@type\":\"ReadAction\",\"target\":[\"https:\\\/\\\/www.laguiadepamplona.com\\\/actualidad\\\/el-centro-comunitario-de-salesianas-en-la-txantrea-acogera-en-enero-un-taller-gratuito-para-mejorar-la-comunicacion-interpersonal-dirigido-a-mayores-de-65-anos\\\/\"]}]},{\"@type\":\"ImageObject\",\"inLanguage\":\"es\",\"@id\":\"https:\\\/\\\/www.laguiadepamplona.com\\\/actualidad\\\/el-centro-comunitario-de-salesianas-en-la-txantrea-acogera-en-enero-un-taller-gratuito-para-mejorar-la-comunicacion-interpersonal-dirigido-a-mayores-de-65-anos\\\/#primaryimage\",\"url\":\"https:\\\/\\\/www.laguiadepamplona.com\\\/actualidad\\\/wp-content\\\/uploads\\\/2021\\\/11\\\/adultos-mayores-hands-g25ab469ab_1920.jpg\",\"contentUrl\":\"https:\\\/\\\/www.laguiadepamplona.com\\\/actualidad\\\/wp-content\\\/uploads\\\/2021\\\/11\\\/adultos-mayores-hands-g25ab469ab_1920.jpg\",\"width\":1920,\"height\":1280,\"caption\":\"asistencia mayores\"},{\"@type\":\"BreadcrumbList\",\"@id\":\"https:\\\/\\\/www.laguiadepamplona.com\\\/actualidad\\\/el-centro-comunitario-de-salesianas-en-la-txantrea-acogera-en-enero-un-taller-gratuito-para-mejorar-la-comunicacion-interpersonal-dirigido-a-mayores-de-65-anos\\\/#breadcrumb\",\"itemListElement\":[{\"@type\":\"ListItem\",\"position\":1,\"name\":\"Portada\",\"item\":\"https:\\\/\\\/www.laguiadepamplona.com\\\/actualidad\\\/\"},{\"@type\":\"ListItem\",\"position\":2,\"name\":\"El centro comunitario de Salesianas, en la Txantrea, acoger\u00e1 en enero un taller gratuito para mejorar la comunicaci\u00f3n interpersonal dirigido a mayores de 65 a\u00f1os\"}]},{\"@type\":\"WebSite\",\"@id\":\"https:\\\/\\\/www.laguiadepamplona.com\\\/actualidad\\\/#website\",\"url\":\"https:\\\/\\\/www.laguiadepamplona.com\\\/actualidad\\\/\",\"name\":\"La gu\u00eda de Pamplona\",\"description\":\"Noticias de Pamplona\",\"publisher\":{\"@id\":\"https:\\\/\\\/www.laguiadepamplona.com\\\/actualidad\\\/#organization\"},\"potentialAction\":[{\"@type\":\"SearchAction\",\"target\":{\"@type\":\"EntryPoint\",\"urlTemplate\":\"https:\\\/\\\/www.laguiadepamplona.com\\\/actualidad\\\/?s={search_term_string}\"},\"query-input\":{\"@type\":\"PropertyValueSpecification\",\"valueRequired\":true,\"valueName\":\"search_term_string\"}}],\"inLanguage\":\"es\"},{\"@type\":\"Organization\",\"@id\":\"https:\\\/\\\/www.laguiadepamplona.com\\\/actualidad\\\/#organization\",\"name\":\"La Gu\u00eda de Pamplona \\\/ Noticias\",\"url\":\"https:\\\/\\\/www.laguiadepamplona.com\\\/actualidad\\\/\",\"logo\":{\"@type\":\"ImageObject\",\"inLanguage\":\"es\",\"@id\":\"https:\\\/\\\/www.laguiadepamplona.com\\\/actualidad\\\/#\\\/schema\\\/logo\\\/image\\\/\",\"url\":\"https:\\\/\\\/www.laguiadepamplona.com\\\/actualidad\\\/wp-content\\\/uploads\\\/2018\\\/11\\\/logo-laguiadepamplona18-web1.png\",\"contentUrl\":\"https:\\\/\\\/www.laguiadepamplona.com\\\/actualidad\\\/wp-content\\\/uploads\\\/2018\\\/11\\\/logo-laguiadepamplona18-web1.png\",\"width\":600,\"height\":196,\"caption\":\"La Gu\u00eda de Pamplona \\\/ Noticias\"},\"image\":{\"@id\":\"https:\\\/\\\/www.laguiadepamplona.com\\\/actualidad\\\/#\\\/schema\\\/logo\\\/image\\\/\"},\"sameAs\":[\"https:\\\/\\\/www.facebook.com\\\/laguiadepamplonacom-133175176762273\\\/?ref=hl\",\"https:\\\/\\\/x.com\\\/LaGuiadPamplona\",\"https:\\\/\\\/www.instagram.com\\\/la_guia_de_pamplona\\\/\",\"https:\\\/\\\/www.youtube.com\\\/user\\\/laguiadepamplona\"]},{\"@type\":\"Person\",\"@id\":\"https:\\\/\\\/www.laguiadepamplona.com\\\/actualidad\\\/#\\\/schema\\\/person\\\/efe887376f0213d4657c93adc50b1fdb\",\"name\":\"La Gu\u00eda de Pamplona\",\"image\":{\"@type\":\"ImageObject\",\"inLanguage\":\"es\",\"@id\":\"https:\\\/\\\/secure.gravatar.com\\\/avatar\\\/b6992f131dc8d30ab0dff15446e9d346d9dbd95992de0fef795073f5ea83a81c?s=96&d=mm&r=g\",\"url\":\"https:\\\/\\\/secure.gravatar.com\\\/avatar\\\/b6992f131dc8d30ab0dff15446e9d346d9dbd95992de0fef795073f5ea83a81c?s=96&d=mm&r=g\",\"contentUrl\":\"https:\\\/\\\/secure.gravatar.com\\\/avatar\\\/b6992f131dc8d30ab0dff15446e9d346d9dbd95992de0fef795073f5ea83a81c?s=96&d=mm&r=g\",\"caption\":\"La Gu\u00eda de Pamplona\"}}]}<\/script>\n<!-- \/ Yoast SEO plugin. -->","yoast_head_json":{"title":"El centro comunitario de Salesianas, en la Txantrea, acoger\u00e1 en enero un taller gratuito para mejorar la comunicaci\u00f3n interpersonal dirigido a mayores de 65 a\u00f1os","description":"Este jueves, d\u00eda 21, arrancan en el tel\u00e9fono 010 las inscripciones para este taller, ofrecido dentro de la estrategia municipal \u2018Pamplona te cuida\u2019","robots":{"index":"index","follow":"follow","max-snippet":"max-snippet:-1","max-image-preview":"max-image-preview:large","max-video-preview":"max-video-preview:-1"},"canonical":"https:\/\/www.laguiadepamplona.com\/actualidad\/el-centro-comunitario-de-salesianas-en-la-txantrea-acogera-en-enero-un-taller-gratuito-para-mejorar-la-comunicacion-interpersonal-dirigido-a-mayores-de-65-anos\/","og_locale":"es_ES","og_type":"article","og_title":"El centro comunitario de Salesianas, en la Txantrea, acoger\u00e1 en enero un taller gratuito para mejorar la comunicaci\u00f3n interpersonal dirigido a mayores de 65 a\u00f1os","og_description":"Este jueves, d\u00eda 21, arrancan en el tel\u00e9fono 010 las inscripciones para este taller, ofrecido dentro de la estrategia municipal \u2018Pamplona te cuida\u2019","og_url":"https:\/\/www.laguiadepamplona.com\/actualidad\/el-centro-comunitario-de-salesianas-en-la-txantrea-acogera-en-enero-un-taller-gratuito-para-mejorar-la-comunicacion-interpersonal-dirigido-a-mayores-de-65-anos\/","og_site_name":"La Gu\u00eda de Pamplona","article_publisher":"https:\/\/www.facebook.com\/laguiadepamplonacom-133175176762273\/?ref=hl","article_published_time":"2023-12-20T18:19:17+00:00","og_image":[{"width":1920,"height":1280,"url":"https:\/\/www.laguiadepamplona.com\/actualidad\/wp-content\/uploads\/2021\/11\/adultos-mayores-hands-g25ab469ab_1920.jpg","type":"image\/jpeg"}],"author":"La Gu\u00eda de Pamplona","twitter_card":"summary_large_image","twitter_creator":"@LaGuiadPamplona","twitter_site":"@LaGuiadPamplona","twitter_misc":{"Escrito por":"La Gu\u00eda de Pamplona","Tiempo de lectura":"2 minutos"},"schema":{"@context":"https:\/\/schema.org","@graph":[{"@type":"Article","@id":"https:\/\/www.laguiadepamplona.com\/actualidad\/el-centro-comunitario-de-salesianas-en-la-txantrea-acogera-en-enero-un-taller-gratuito-para-mejorar-la-comunicacion-interpersonal-dirigido-a-mayores-de-65-anos\/#article","isPartOf":{"@id":"https:\/\/www.laguiadepamplona.com\/actualidad\/el-centro-comunitario-de-salesianas-en-la-txantrea-acogera-en-enero-un-taller-gratuito-para-mejorar-la-comunicacion-interpersonal-dirigido-a-mayores-de-65-anos\/"},"author":{"name":"La Gu\u00eda de Pamplona","@id":"https:\/\/www.laguiadepamplona.com\/actualidad\/#\/schema\/person\/efe887376f0213d4657c93adc50b1fdb"},"headline":"El centro comunitario de Salesianas, en la Txantrea, acoger\u00e1 en enero un taller gratuito para mejorar la comunicaci\u00f3n interpersonal dirigido a mayores de 65 a\u00f1os","datePublished":"2023-12-20T18:19:17+00:00","mainEntityOfPage":{"@id":"https:\/\/www.laguiadepamplona.com\/actualidad\/el-centro-comunitario-de-salesianas-en-la-txantrea-acogera-en-enero-un-taller-gratuito-para-mejorar-la-comunicacion-interpersonal-dirigido-a-mayores-de-65-anos\/"},"wordCount":377,"commentCount":0,"publisher":{"@id":"https:\/\/www.laguiadepamplona.com\/actualidad\/#organization"},"image":{"@id":"https:\/\/www.laguiadepamplona.com\/actualidad\/el-centro-comunitario-de-salesianas-en-la-txantrea-acogera-en-enero-un-taller-gratuito-para-mejorar-la-comunicacion-interpersonal-dirigido-a-mayores-de-65-anos\/#primaryimage"},"thumbnailUrl":"https:\/\/www.laguiadepamplona.com\/actualidad\/wp-content\/uploads\/2021\/11\/adultos-mayores-hands-g25ab469ab_1920.jpg","articleSection":["Ayto Pamplona"],"inLanguage":"es","potentialAction":[{"@type":"CommentAction","name":"Comment","target":["https:\/\/www.laguiadepamplona.com\/actualidad\/el-centro-comunitario-de-salesianas-en-la-txantrea-acogera-en-enero-un-taller-gratuito-para-mejorar-la-comunicacion-interpersonal-dirigido-a-mayores-de-65-anos\/#respond"]}]},{"@type":"WebPage","@id":"https:\/\/www.laguiadepamplona.com\/actualidad\/el-centro-comunitario-de-salesianas-en-la-txantrea-acogera-en-enero-un-taller-gratuito-para-mejorar-la-comunicacion-interpersonal-dirigido-a-mayores-de-65-anos\/","url":"https:\/\/www.laguiadepamplona.com\/actualidad\/el-centro-comunitario-de-salesianas-en-la-txantrea-acogera-en-enero-un-taller-gratuito-para-mejorar-la-comunicacion-interpersonal-dirigido-a-mayores-de-65-anos\/","name":"El centro comunitario de Salesianas, en la Txantrea, acoger\u00e1 en enero un taller gratuito para mejorar la comunicaci\u00f3n interpersonal dirigido a mayores de 65 a\u00f1os","isPartOf":{"@id":"https:\/\/www.laguiadepamplona.com\/actualidad\/#website"},"primaryImageOfPage":{"@id":"https:\/\/www.laguiadepamplona.com\/actualidad\/el-centro-comunitario-de-salesianas-en-la-txantrea-acogera-en-enero-un-taller-gratuito-para-mejorar-la-comunicacion-interpersonal-dirigido-a-mayores-de-65-anos\/#primaryimage"},"image":{"@id":"https:\/\/www.laguiadepamplona.com\/actualidad\/el-centro-comunitario-de-salesianas-en-la-txantrea-acogera-en-enero-un-taller-gratuito-para-mejorar-la-comunicacion-interpersonal-dirigido-a-mayores-de-65-anos\/#primaryimage"},"thumbnailUrl":"https:\/\/www.laguiadepamplona.com\/actualidad\/wp-content\/uploads\/2021\/11\/adultos-mayores-hands-g25ab469ab_1920.jpg","datePublished":"2023-12-20T18:19:17+00:00","description":"Este jueves, d\u00eda 21, arrancan en el tel\u00e9fono 010 las inscripciones para este taller, ofrecido dentro de la estrategia municipal \u2018Pamplona te cuida\u2019","breadcrumb":{"@id":"https:\/\/www.laguiadepamplona.com\/actualidad\/el-centro-comunitario-de-salesianas-en-la-txantrea-acogera-en-enero-un-taller-gratuito-para-mejorar-la-comunicacion-interpersonal-dirigido-a-mayores-de-65-anos\/#breadcrumb"},"inLanguage":"es","potentialAction":[{"@type":"ReadAction","target":["https:\/\/www.laguiadepamplona.com\/actualidad\/el-centro-comunitario-de-salesianas-en-la-txantrea-acogera-en-enero-un-taller-gratuito-para-mejorar-la-comunicacion-interpersonal-dirigido-a-mayores-de-65-anos\/"]}]},{"@type":"ImageObject","inLanguage":"es","@id":"https:\/\/www.laguiadepamplona.com\/actualidad\/el-centro-comunitario-de-salesianas-en-la-txantrea-acogera-en-enero-un-taller-gratuito-para-mejorar-la-comunicacion-interpersonal-dirigido-a-mayores-de-65-anos\/#primaryimage","url":"https:\/\/www.laguiadepamplona.com\/actualidad\/wp-content\/uploads\/2021\/11\/adultos-mayores-hands-g25ab469ab_1920.jpg","contentUrl":"https:\/\/www.laguiadepamplona.com\/actualidad\/wp-content\/uploads\/2021\/11\/adultos-mayores-hands-g25ab469ab_1920.jpg","width":1920,"height":1280,"caption":"asistencia mayores"},{"@type":"BreadcrumbList","@id":"https:\/\/www.laguiadepamplona.com\/actualidad\/el-centro-comunitario-de-salesianas-en-la-txantrea-acogera-en-enero-un-taller-gratuito-para-mejorar-la-comunicacion-interpersonal-dirigido-a-mayores-de-65-anos\/#breadcrumb","itemListElement":[{"@type":"ListItem","position":1,"name":"Portada","item":"https:\/\/www.laguiadepamplona.com\/actualidad\/"},{"@type":"ListItem","position":2,"name":"El centro comunitario de Salesianas, en la Txantrea, acoger\u00e1 en enero un taller gratuito para mejorar la comunicaci\u00f3n interpersonal dirigido a mayores de 65 a\u00f1os"}]},{"@type":"WebSite","@id":"https:\/\/www.laguiadepamplona.com\/actualidad\/#website","url":"https:\/\/www.laguiadepamplona.com\/actualidad\/","name":"La gu\u00eda de Pamplona","description":"Noticias de Pamplona","publisher":{"@id":"https:\/\/www.laguiadepamplona.com\/actualidad\/#organization"},"potentialAction":[{"@type":"SearchAction","target":{"@type":"EntryPoint","urlTemplate":"https:\/\/www.laguiadepamplona.com\/actualidad\/?s={search_term_string}"},"query-input":{"@type":"PropertyValueSpecification","valueRequired":true,"valueName":"search_term_string"}}],"inLanguage":"es"},{"@type":"Organization","@id":"https:\/\/www.laguiadepamplona.com\/actualidad\/#organization","name":"La Gu\u00eda de Pamplona \/ Noticias","url":"https:\/\/www.laguiadepamplona.com\/actualidad\/","logo":{"@type":"ImageObject","inLanguage":"es","@id":"https:\/\/www.laguiadepamplona.com\/actualidad\/#\/schema\/logo\/image\/","url":"https:\/\/www.laguiadepamplona.com\/actualidad\/wp-content\/uploads\/2018\/11\/logo-laguiadepamplona18-web1.png","contentUrl":"https:\/\/www.laguiadepamplona.com\/actualidad\/wp-content\/uploads\/2018\/11\/logo-laguiadepamplona18-web1.png","width":600,"height":196,"caption":"La Gu\u00eda de Pamplona \/ Noticias"},"image":{"@id":"https:\/\/www.laguiadepamplona.com\/actualidad\/#\/schema\/logo\/image\/"},"sameAs":["https:\/\/www.facebook.com\/laguiadepamplonacom-133175176762273\/?ref=hl","https:\/\/x.com\/LaGuiadPamplona","https:\/\/www.instagram.com\/la_guia_de_pamplona\/","https:\/\/www.youtube.com\/user\/laguiadepamplona"]},{"@type":"Person","@id":"https:\/\/www.laguiadepamplona.com\/actualidad\/#\/schema\/person\/efe887376f0213d4657c93adc50b1fdb","name":"La Gu\u00eda de Pamplona","image":{"@type":"ImageObject","inLanguage":"es","@id":"https:\/\/secure.gravatar.com\/avatar\/b6992f131dc8d30ab0dff15446e9d346d9dbd95992de0fef795073f5ea83a81c?s=96&d=mm&r=g","url":"https:\/\/secure.gravatar.com\/avatar\/b6992f131dc8d30ab0dff15446e9d346d9dbd95992de0fef795073f5ea83a81c?s=96&d=mm&r=g","contentUrl":"https:\/\/secure.gravatar.com\/avatar\/b6992f131dc8d30ab0dff15446e9d346d9dbd95992de0fef795073f5ea83a81c?s=96&d=mm&r=g","caption":"La Gu\u00eda de Pamplona"}}]}},"post_mailing_queue_ids":[],"_links":{"self":[{"href":"https:\/\/www.laguiadepamplona.com\/actualidad\/wp-json\/wp\/v2\/posts\/48274","targetHints":{"allow":["GET"]}}],"collection":[{"href":"https:\/\/www.laguiadepamplona.com\/actualidad\/wp-json\/wp\/v2\/posts"}],"about":[{"href":"https:\/\/www.laguiadepamplona.com\/actualidad\/wp-json\/wp\/v2\/types\/post"}],"author":[{"embeddable":true,"href":"https:\/\/www.laguiadepamplona.com\/actualidad\/wp-json\/wp\/v2\/users\/1"}],"replies":[{"embeddable":true,"href":"https:\/\/www.laguiadepamplona.com\/actualidad\/wp-json\/wp\/v2\/comments?post=48274"}],"version-history":[{"count":1,"href":"https:\/\/www.laguiadepamplona.com\/actualidad\/wp-json\/wp\/v2\/posts\/48274\/revisions"}],"predecessor-version":[{"id":48275,"href":"https:\/\/www.laguiadepamplona.com\/actualidad\/wp-json\/wp\/v2\/posts\/48274\/revisions\/48275"}],"wp:featuredmedia":[{"embeddable":true,"href":"https:\/\/www.laguiadepamplona.com\/actualidad\/wp-json\/wp\/v2\/media\/37580"}],"wp:attachment":[{"href":"https:\/\/www.laguiadepamplona.com\/actualidad\/wp-json\/wp\/v2\/media?parent=48274"}],"wp:term":[{"taxonomy":"category","embeddable":true,"href":"https:\/\/www.laguiadepamplona.com\/actualidad\/wp-json\/wp\/v2\/categories?post=48274"},{"taxonomy":"post_tag","embeddable":true,"href":"https:\/\/www.laguiadepamplona.com\/actualidad\/wp-json\/wp\/v2\/tags?post=48274"}],"curies":[{"name":"wp","href":"https:\/\/api.w.org\/{rel}","templated":true}]}}