{"id":48253,"date":"2023-12-18T19:16:30","date_gmt":"2023-12-18T17:16:30","guid":{"rendered":"https:\/\/www.laguiadepamplona.com\/actualidad\/?p=48253"},"modified":"2023-12-18T19:16:30","modified_gmt":"2023-12-18T17:16:30","slug":"propuesta-de-actividades-organizadas-por-el-ayuntamiento-de-pamplona-del-19-al-21-de-diciembre-con-plazas-libres","status":"publish","type":"post","link":"https:\/\/www.laguiadepamplona.com\/actualidad\/propuesta-de-actividades-organizadas-por-el-ayuntamiento-de-pamplona-del-19-al-21-de-diciembre-con-plazas-libres\/","title":{"rendered":"Propuesta de actividades organizadas por el Ayuntamiento de Pamplona del 19 al 21 de diciembre con plazas libres"},"content":{"rendered":"<p><!--more--><\/p>\n<p><strong>MARTES 19 DE DICIEMBRE<\/strong><\/p>\n<p><a href=\"https:\/\/www.pamplona.es\/actualidad\/eventos\/mercadillo-de-intercambio-sin-dinero-museo-de-educacion-ambiental-diciembre\">Escuela de Sostenibilidad. Mercadillo de intercambio sin dinero. Museo de Educaci\u00f3n Ambiental<\/a>, de 10 a 13 horas y de 18 a 20 horas. Libre participaci\u00f3n<\/p>\n<p>Se ofrece una alternativa a la compra, impulsando la reutilizaci\u00f3n. As\u00ed, se contribuye al cuidado del entorno, ya que se ahorra en materia prima y energ\u00eda. Se puede encontrar desde ropa, calzado, abalorios, libros, juguetes, etc. Las personas participantes traer\u00e1n objetos en buen estado que ya no utilicen y que puedan ser de inter\u00e9s para otras personas. Podr\u00e1n intercambiar hasta un m\u00e1ximo de seis objetos por semana por otros objetos de valor similar. El intercambio estar\u00e1 supervisado por el equipo de educaci\u00f3n ambiental, garantizando que el cambio sea equitativo y se haga de forma ordenada.<\/p>\n<p>&nbsp;<\/p>\n<p><a href=\"https:\/\/www.pamplona.es\/actualidad\/eventos\/heroinas-de-cine-proyeccion-cinematografica-armas-de-mujer-de-mikel-michols\">Hero\u00ednas de cine. Proyecci\u00f3n cinematogr\u00e1fica. \u2018Armas de mujer\u2019, de Mikel Michols<\/a>. Civivox San Jorge, 18 horas. Entrada libre, previa inscripci\u00f3n en el 010, la red Civivox o <a href=\"http:\/\/www.pamplonaescultura.es\">www.pamplonaescultura.es<\/a><\/p>\n<p>Tess McGill es una secretaria con un gran deseo de formarse y prosperar en la vida. Se incorpora a una nueva empresa como secretaria de Katherine Parker, una jefa muy tirana y superficial. Cuando \u00e9sta se va de vacaciones, Tess descubre que Katherine est\u00e1 preparando un importante plan de negocio basado en un informe que ella misma hab\u00eda preparado y que, seg\u00fan Katherine, no ten\u00eda ning\u00fan inter\u00e9s. \u2018Armas de mujer\u2019 es una comedia que ha trascendido las d\u00e9cadas como un aut\u00e9ntico referente del nuevo modelo de mujer trabajadora.<\/p>\n<p>&nbsp;<br \/>\n<script async src=\"\/\/pagead2.googlesyndication.com\/pagead\/js\/adsbygoogle.js\"><\/script><br \/>\n<!-- Noticias La Guia de Pamplona --><br \/>\n<ins class=\"adsbygoogle\"\nstyle=\"display:block\"\ndata-ad-client=\"ca-pub-6943679897239327\"\ndata-ad-slot=\"7048180777\"\ndata-ad-format=\"auto\"><\/ins><br \/>\n<script>\n(adsbygoogle = window.adsbygoogle || []).push({});\n<\/script><\/p>\n<p><a href=\"https:\/\/www.pamplona.es\/actualidad\/eventos\/cafeteando-tarde-de-juegos-de-mesa-casa-de-la-juventud-1\">Cafeteando. Tarde de juegos de mesa. Casa de la Juventud<\/a>, 18.30 horas. Entrada libre, hasta completar el aforo<\/p>\n<p>La Casa de la Juventud ha preparado para el martes diferentes juegos de mesa. Con esta actividad se pretende que quienes participen pasen un rato entretenido, divirti\u00e9ndose y ech\u00e1ndose unas risas.<\/p>\n<p>&nbsp;<\/p>\n<p><a href=\"https:\/\/www.pamplona.es\/actualidad\/eventos\/navidad-taller-juvenil-de-regalos-buy-nothing-champu-con-plantas-medicinales\">Navidad. Taller juvenil de regalos buy-nothing. Champ\u00fa con plantas medicinales. Casa de la Juventud<\/a>, 19 horas. Inscripci\u00f3n previa en la Casa de la Juventud<\/p>\n<p>Sesi\u00f3n con Jos\u00e9 Antonio Vidaurre para crear champ\u00fas con plantas medicinales que regalar durante las pr\u00f3ximas fiestas navide\u00f1as. Champ\u00fa personalizado empleando ingredientes naturales como aceites esenciales, extractos y plantas medicinales.<\/p>\n<p>&nbsp;<\/p>\n<p><a href=\"https:\/\/www.pamplona.es\/actualidad\/eventos\/navidad-concierto-legno-quartet-iglesia-de-la-asuncion-de-nuestra-senora\">Navidad. Concierto. Legno Quartet. Iglesia de la Asunci\u00f3n de Nuestra Se\u00f1ora,<\/a> 20 horas. Entrada libre, hasta completar aforo<\/p>\n<p>Tercer concierto del ciclo de m\u00fasica en iglesias organizada por el Ayuntamiento de Pamplona durante las fechas navide\u00f1as. Este martes actuar\u00e1 Legno Quartet, que interpretar\u00e1 diferentes composiciones relacionadas con la Navidad<\/p>\n<p>&nbsp;<\/p>\n<p><script async src=\"\/\/pagead2.googlesyndication.com\/pagead\/js\/adsbygoogle.js\"><\/script><br \/>\n<!-- Noticias La Guia de Pamplona --><br \/>\n<ins class=\"adsbygoogle\"\nstyle=\"display:block\"\ndata-ad-client=\"ca-pub-6943679897239327\"\ndata-ad-slot=\"7048180777\"\ndata-ad-format=\"auto\"><\/ins><br \/>\n<script>\n(adsbygoogle = window.adsbygoogle || []).push({});\n<\/script><\/p>\n<p><strong>MI\u00c9RCOLES 20 DE DICIEMBRE<\/strong><\/p>\n<p><a href=\"https:\/\/www.pamplona.es\/actualidad\/eventos\/escuela-de-sostenibilidad-mercadillo-de-intercambio-sin-dinero-museo-de\">Escuela de Sostenibilidad. Mercadillo de intercambio sin dinero. Museo de Educaci\u00f3n Ambiental<\/a>, de 10 a 13 horas y de 18 a 20 horas. Libre participaci\u00f3n<\/p>\n<p>Se ofrece una alternativa a la compra, impulsando la reutilizaci\u00f3n. As\u00ed, se contribuye al cuidado del entorno, ya que se ahorra en materia prima y energ\u00eda. Se puede encontrar desde ropa, calzado, abalorios, libros, juguetes, etc. Las personas participantes traer\u00e1n objetos en buen estado que ya no utilicen y que puedan ser de inter\u00e9s para otras personas. Podr\u00e1n intercambiar hasta un m\u00e1ximo de seis objetos por semana por otros objetos de valor similar. El intercambio estar\u00e1 supervisado por el equipo de educaci\u00f3n ambiental, garantizando que el cambio sea equitativo y se haga de forma ordenada.<\/p>\n<p>&nbsp;<\/p>\n<p><a href=\"https:\/\/www.pamplona.es\/actualidad\/eventos\/escuela-de-sostenibilidad-oficina-de-informacion-energetica-museo-de-educacion\">Escuela de Sostenibilidad. Oficina de Informaci\u00f3n Energ\u00e9tica. Museo de Educaci\u00f3n Ambiental<\/a>, de 10 a 13 horas y de 18 a 20 horas. Cita previa en el tel\u00e9fono 010 o a trav\u00e9s de la Sede Electr\u00f3nica del Ayuntamiento de Pamplona<\/p>\n<p>Esta Oficina de Informaci\u00f3n Energ\u00e9tica ofrece servicios de asesoramiento a la ciudadan\u00eda en temas de comunidades energ\u00e9ticas, energ\u00edas renovables, rehabilitaci\u00f3n energ\u00e9tica, subvenciones y ayudas de energ\u00edas renovables, as\u00ed como asesoramiento de facturas el\u00e9ctricas y de gas.<\/p>\n<p>&nbsp;<\/p>\n<p><a href=\"https:\/\/www.pamplona.es\/actualidad\/eventos\/navidad-musica-en-la-calle-txistu-taldea-de-la-escuela-de-musica-joaquin-maya\">Navidad. M\u00fasica en la calle. Txistu Taldea de la Escuela de M\u00fasica Joaqu\u00edn Maya. Desde la Plaza del Castillo<\/a>, 17.30 horas. Libre participaci\u00f3n<\/p>\n<p>Contin\u00faa la programaci\u00f3n musical navide\u00f1a con actuaciones de diferentes grupos y formaciones dentro del ciclo \u2018Navidad en la calle\u2019. Txistu Taldea de la Escuela de M\u00fasica Joaqu\u00edn Maya interpretar\u00e1 diferentes piezas en un recorrido por la Plaza del Castillo, Chapitela, Mercaderes, Plaza Consistorial, calle Mayor, Eslava y plaza de San Francisco.<\/p>\n<p>&nbsp;<br \/>\n<script async src=\"\/\/pagead2.googlesyndication.com\/pagead\/js\/adsbygoogle.js\"><\/script><br \/>\n<!-- Noticias La Guia de Pamplona --><br \/>\n<ins class=\"adsbygoogle\"\nstyle=\"display:block\"\ndata-ad-client=\"ca-pub-6943679897239327\"\ndata-ad-slot=\"7048180777\"\ndata-ad-format=\"auto\"><\/ins><br \/>\n<script>\n(adsbygoogle = window.adsbygoogle || []).push({});\n<\/script><\/p>\n<p><a href=\"https:\/\/www.pamplona.es\/actualidad\/eventos\/animacion-la-lectura-club-de-lectura-en-euskera-argiantza-de-pello-lizarralde\">Animaci\u00f3n a la lectura. Club de lectura en euskera. \u201cArgiantza\u201d, de Pello Lizarralde. Biblioteca P\u00fablica de Milagrosa<\/a>, 18.30 horas. Inscripciones en la biblioteca, en el tel\u00e9fono 948 24 54 60 o en <a href=\"mailto:biblimil@navarra.es\">biblimil@navarra.es<\/a><\/p>\n<p>Se comentar\u00e1 el libro\u00a0<strong>\u201cArgiantza\u201d<\/strong>, de Pello Lizarralde. Actividad organizada junto con Haizegoa Euskara Taldea.<\/p>\n<p>&nbsp;<\/p>\n<p><a href=\"https:\/\/www.pamplona.es\/actualidad\/eventos\/navidad-musica-en-la-calle-lets-go-sax-escuela-de-musica-joaquin-maya-desde-la\">Navidad. M\u00fasica en la calle. Let\u00b4s go Sax! Escuela de M\u00fasica Joaqu\u00edn Maya. Desde la Plaza Consistorial<\/a>, 18.30 horas. Libre participaci\u00f3n<\/p>\n<p>Contin\u00faa la programaci\u00f3n musical navide\u00f1a con actuaciones de diferentes grupos y formaciones dentro del ciclo \u2018Navidad en la calle\u2019. Let\u00b4s go Sax! Escuela de M\u00fasica Joaqu\u00edn Maya interpretar\u00e1 diferentes piezas en un recorrido por la Plaza Consistorial, Plaza del Castillo, paseo de Sarasate, plaza de San Nicol\u00e1s y plaza San Francisco.<\/p>\n<p>&nbsp;<\/p>\n<p><a href=\"https:\/\/www.pamplona.es\/actualidad\/eventos\/navidad-conciertos-en-los-barrios-gaiteros-lezkairu-lezkairu\">Navidad. Conciertos en los barrios. Gaiteros Lezkairu. Lezkairu<\/a>, 18.30 horas. Libre participaci\u00f3n<\/p>\n<p>La m\u00fasica llegar\u00e1 tambi\u00e9n estas Navidades a los barrios de la ciudad. La primera actuaci\u00f3n del programa correr\u00e1 a cargo de los Gaiteros Lezkairu, que amenizar\u00e1n las calles del barrio.<\/p>\n<p>&nbsp;<\/p>\n<p><a href=\"https:\/\/www.pamplona.es\/actualidad\/eventos\/club-de-cine-milagrosa-arrosadia-proyeccion-cinematografica-otra-ronda-de-thomas\">Ver, o\u00edr, aplaudir. Proyecci\u00f3n cinematogr\u00e1fica. \u2018Mis querid\u00edsimos hijos\u2019, de Alexandra Lecl\u00e8re. Civivox Iturrama<\/a>, 19 horas. Entrada libre, previa inscripci\u00f3n en el 010, la red Civivox o <a href=\"http:\/\/www.pamplonaescultura.es\">www.pamplonaescultura.es<\/a><\/p>\n<p>Chantal y Christian viven una jubilaci\u00f3n tranquila. Pero desde que sus hijos Sandrine y St\u00e9phane abandonaron el nido, no los ven demasiado. Las oportunidades de reunirse en familia son cada vez m\u00e1s escasas. Cuando sus hijos les anuncian que no vendr\u00e1n a celebrar la Navidad, ya es demasiado para Chantal y Christian. Entonces deciden hacerles creer que les ha tocado la loter\u00eda. En colaboraci\u00f3n con Retina Navarra.<\/p>\n<p>&nbsp;<\/p>\n<p><a href=\"https:\/\/www.pamplona.es\/actualidad\/eventos\/navidad-taller-juvenil-de-regalos-buy-nothing-balsamo-labial-ecologico-casa-de\">Navidad. Taller juvenil de regalos buy-nothing. B\u00e1lsamo labial ecol\u00f3gico. Casa de la Juventud<\/a>, 19 horas. Inscripci\u00f3n previa en la Casa de la Juventud<\/p>\n<p>Sesi\u00f3n con Jos\u00e9 Antonio Vidaurre para crear b\u00e1lsamo labial ecol\u00f3gico que poder regalar durante las pr\u00f3ximas fiestas navide\u00f1as. B\u00e1lsamo para proteger los labios del fr\u00edo y el viento, impide que se agrieten y los nutre. Utilizaremos aceites, esencias naturales, mantecas vegetales y plantas arom\u00e1ticas.<\/p>\n<p>&nbsp;<\/p>\n<p><a href=\"https:\/\/www.pamplona.es\/actualidad\/eventos\/navidad-concierto-sinfonietta-de-cine-con-sinfonietta-de-pamplona-baluarte\">Navidad. Concierto. \u2018Sinfonietta de cine\u2019, con Sinfonietta de Pamplona. Baluarte<\/a>, 20 horas. Entrada: 15 euros, en taquilla o en <a href=\"http:\/\/www.baluarte.com\">www.baluarte.com<\/a><\/p>\n<p>Sinfonietta de Pamplona\u00a0ofrecer\u00e1 un concierto \u00e9pico con m\u00e1s de 60 m\u00fasicos en el escenario, bajo la batuta de su directora titular, Caroline Collier.\u00a0 El programa ofrecer\u00e1 una experiencia m\u00e1gica gracias a las melod\u00edas de grandes e ic\u00f3nicas bandas sonoras que transportar\u00e1n al espectador al mundo del celuloide. Un viaje musical inolvidable, que abarcar\u00e1 las melod\u00edas m\u00e1s memorables de pel\u00edculas cl\u00e1sicas y ampliamente reconocidas por todos los p\u00fablicos. Momentos ic\u00f3nicos del s\u00e9ptimo arte que har\u00e1n vibrar al p\u00fablico con bandas sonoras como\u00a0\u2018James Bond\u2019, \u2018ET\u2019, \u2018Frozen\u2019\u00a0o\u00a0\u2018Memorias de \u00c1frica\u2019, entre muchas otras.<\/p>\n","protected":false},"excerpt":{"rendered":"","protected":false},"author":1,"featured_media":36074,"comment_status":"open","ping_status":"closed","sticky":false,"template":"","format":"standard","meta":{"footnotes":""},"categories":[2],"tags":[],"class_list":["post-48253","post","type-post","status-publish","format-standard","has-post-thumbnail","hentry","category-ayuntamiento-pamplona"],"yoast_head":"<!-- This site is optimized with the Yoast SEO plugin v27.3 - https:\/\/yoast.com\/product\/yoast-seo-wordpress\/ -->\n<title>Propuesta de actividades organizadas por el Ayuntamiento de Pamplona del 19 al 21 de diciembre con plazas libres<\/title>\n<meta name=\"robots\" content=\"index, follow, max-snippet:-1, max-image-preview:large, max-video-preview:-1\" \/>\n<link rel=\"canonical\" href=\"https:\/\/www.laguiadepamplona.com\/actualidad\/propuesta-de-actividades-organizadas-por-el-ayuntamiento-de-pamplona-del-19-al-21-de-diciembre-con-plazas-libres\/\" \/>\n<meta property=\"og:locale\" content=\"es_ES\" \/>\n<meta property=\"og:type\" content=\"article\" \/>\n<meta property=\"og:title\" content=\"Propuesta de actividades organizadas por el Ayuntamiento de Pamplona del 19 al 21 de diciembre con plazas libres\" \/>\n<meta property=\"og:url\" content=\"https:\/\/www.laguiadepamplona.com\/actualidad\/propuesta-de-actividades-organizadas-por-el-ayuntamiento-de-pamplona-del-19-al-21-de-diciembre-con-plazas-libres\/\" \/>\n<meta property=\"og:site_name\" content=\"La Gu\u00eda de Pamplona\" \/>\n<meta property=\"article:publisher\" content=\"https:\/\/www.facebook.com\/laguiadepamplonacom-133175176762273\/?ref=hl\" \/>\n<meta property=\"article:published_time\" content=\"2023-12-18T17:16:30+00:00\" \/>\n<meta property=\"og:image\" content=\"https:\/\/www.laguiadepamplona.com\/actualidad\/wp-content\/uploads\/2021\/08\/ayuntamiento-pamplona2.jpg\" \/>\n\t<meta property=\"og:image:width\" content=\"1920\" \/>\n\t<meta property=\"og:image:height\" content=\"1080\" \/>\n\t<meta property=\"og:image:type\" content=\"image\/jpeg\" \/>\n<meta name=\"author\" content=\"La Gu\u00eda de Pamplona\" \/>\n<meta name=\"twitter:card\" content=\"summary_large_image\" \/>\n<meta name=\"twitter:creator\" content=\"@LaGuiadPamplona\" \/>\n<meta name=\"twitter:site\" content=\"@LaGuiadPamplona\" \/>\n<meta name=\"twitter:label1\" content=\"Escrito por\" \/>\n\t<meta name=\"twitter:data1\" content=\"La Gu\u00eda de Pamplona\" \/>\n\t<meta name=\"twitter:label2\" content=\"Tiempo de lectura\" \/>\n\t<meta name=\"twitter:data2\" content=\"6 minutos\" \/>\n<script type=\"application\/ld+json\" class=\"yoast-schema-graph\">{\"@context\":\"https:\\\/\\\/schema.org\",\"@graph\":[{\"@type\":\"Article\",\"@id\":\"https:\\\/\\\/www.laguiadepamplona.com\\\/actualidad\\\/propuesta-de-actividades-organizadas-por-el-ayuntamiento-de-pamplona-del-19-al-21-de-diciembre-con-plazas-libres\\\/#article\",\"isPartOf\":{\"@id\":\"https:\\\/\\\/www.laguiadepamplona.com\\\/actualidad\\\/propuesta-de-actividades-organizadas-por-el-ayuntamiento-de-pamplona-del-19-al-21-de-diciembre-con-plazas-libres\\\/\"},\"author\":{\"name\":\"La Gu\u00eda de Pamplona\",\"@id\":\"https:\\\/\\\/www.laguiadepamplona.com\\\/actualidad\\\/#\\\/schema\\\/person\\\/efe887376f0213d4657c93adc50b1fdb\"},\"headline\":\"Propuesta de actividades organizadas por el Ayuntamiento de Pamplona del 19 al 21 de diciembre con plazas libres\",\"datePublished\":\"2023-12-18T17:16:30+00:00\",\"mainEntityOfPage\":{\"@id\":\"https:\\\/\\\/www.laguiadepamplona.com\\\/actualidad\\\/propuesta-de-actividades-organizadas-por-el-ayuntamiento-de-pamplona-del-19-al-21-de-diciembre-con-plazas-libres\\\/\"},\"wordCount\":1227,\"commentCount\":0,\"publisher\":{\"@id\":\"https:\\\/\\\/www.laguiadepamplona.com\\\/actualidad\\\/#organization\"},\"image\":{\"@id\":\"https:\\\/\\\/www.laguiadepamplona.com\\\/actualidad\\\/propuesta-de-actividades-organizadas-por-el-ayuntamiento-de-pamplona-del-19-al-21-de-diciembre-con-plazas-libres\\\/#primaryimage\"},\"thumbnailUrl\":\"https:\\\/\\\/www.laguiadepamplona.com\\\/actualidad\\\/wp-content\\\/uploads\\\/2021\\\/08\\\/ayuntamiento-pamplona2.jpg\",\"articleSection\":[\"Ayto Pamplona\"],\"inLanguage\":\"es\",\"potentialAction\":[{\"@type\":\"CommentAction\",\"name\":\"Comment\",\"target\":[\"https:\\\/\\\/www.laguiadepamplona.com\\\/actualidad\\\/propuesta-de-actividades-organizadas-por-el-ayuntamiento-de-pamplona-del-19-al-21-de-diciembre-con-plazas-libres\\\/#respond\"]}]},{\"@type\":\"WebPage\",\"@id\":\"https:\\\/\\\/www.laguiadepamplona.com\\\/actualidad\\\/propuesta-de-actividades-organizadas-por-el-ayuntamiento-de-pamplona-del-19-al-21-de-diciembre-con-plazas-libres\\\/\",\"url\":\"https:\\\/\\\/www.laguiadepamplona.com\\\/actualidad\\\/propuesta-de-actividades-organizadas-por-el-ayuntamiento-de-pamplona-del-19-al-21-de-diciembre-con-plazas-libres\\\/\",\"name\":\"Propuesta de actividades organizadas por el Ayuntamiento de Pamplona del 19 al 21 de diciembre con plazas libres\",\"isPartOf\":{\"@id\":\"https:\\\/\\\/www.laguiadepamplona.com\\\/actualidad\\\/#website\"},\"primaryImageOfPage\":{\"@id\":\"https:\\\/\\\/www.laguiadepamplona.com\\\/actualidad\\\/propuesta-de-actividades-organizadas-por-el-ayuntamiento-de-pamplona-del-19-al-21-de-diciembre-con-plazas-libres\\\/#primaryimage\"},\"image\":{\"@id\":\"https:\\\/\\\/www.laguiadepamplona.com\\\/actualidad\\\/propuesta-de-actividades-organizadas-por-el-ayuntamiento-de-pamplona-del-19-al-21-de-diciembre-con-plazas-libres\\\/#primaryimage\"},\"thumbnailUrl\":\"https:\\\/\\\/www.laguiadepamplona.com\\\/actualidad\\\/wp-content\\\/uploads\\\/2021\\\/08\\\/ayuntamiento-pamplona2.jpg\",\"datePublished\":\"2023-12-18T17:16:30+00:00\",\"breadcrumb\":{\"@id\":\"https:\\\/\\\/www.laguiadepamplona.com\\\/actualidad\\\/propuesta-de-actividades-organizadas-por-el-ayuntamiento-de-pamplona-del-19-al-21-de-diciembre-con-plazas-libres\\\/#breadcrumb\"},\"inLanguage\":\"es\",\"potentialAction\":[{\"@type\":\"ReadAction\",\"target\":[\"https:\\\/\\\/www.laguiadepamplona.com\\\/actualidad\\\/propuesta-de-actividades-organizadas-por-el-ayuntamiento-de-pamplona-del-19-al-21-de-diciembre-con-plazas-libres\\\/\"]}]},{\"@type\":\"ImageObject\",\"inLanguage\":\"es\",\"@id\":\"https:\\\/\\\/www.laguiadepamplona.com\\\/actualidad\\\/propuesta-de-actividades-organizadas-por-el-ayuntamiento-de-pamplona-del-19-al-21-de-diciembre-con-plazas-libres\\\/#primaryimage\",\"url\":\"https:\\\/\\\/www.laguiadepamplona.com\\\/actualidad\\\/wp-content\\\/uploads\\\/2021\\\/08\\\/ayuntamiento-pamplona2.jpg\",\"contentUrl\":\"https:\\\/\\\/www.laguiadepamplona.com\\\/actualidad\\\/wp-content\\\/uploads\\\/2021\\\/08\\\/ayuntamiento-pamplona2.jpg\",\"width\":1920,\"height\":1080,\"caption\":\"ayuntamiento pamplona\"},{\"@type\":\"BreadcrumbList\",\"@id\":\"https:\\\/\\\/www.laguiadepamplona.com\\\/actualidad\\\/propuesta-de-actividades-organizadas-por-el-ayuntamiento-de-pamplona-del-19-al-21-de-diciembre-con-plazas-libres\\\/#breadcrumb\",\"itemListElement\":[{\"@type\":\"ListItem\",\"position\":1,\"name\":\"Portada\",\"item\":\"https:\\\/\\\/www.laguiadepamplona.com\\\/actualidad\\\/\"},{\"@type\":\"ListItem\",\"position\":2,\"name\":\"Propuesta de actividades organizadas por el Ayuntamiento de Pamplona del 19 al 21 de diciembre con plazas libres\"}]},{\"@type\":\"WebSite\",\"@id\":\"https:\\\/\\\/www.laguiadepamplona.com\\\/actualidad\\\/#website\",\"url\":\"https:\\\/\\\/www.laguiadepamplona.com\\\/actualidad\\\/\",\"name\":\"La gu\u00eda de Pamplona\",\"description\":\"Noticias de Pamplona\",\"publisher\":{\"@id\":\"https:\\\/\\\/www.laguiadepamplona.com\\\/actualidad\\\/#organization\"},\"potentialAction\":[{\"@type\":\"SearchAction\",\"target\":{\"@type\":\"EntryPoint\",\"urlTemplate\":\"https:\\\/\\\/www.laguiadepamplona.com\\\/actualidad\\\/?s={search_term_string}\"},\"query-input\":{\"@type\":\"PropertyValueSpecification\",\"valueRequired\":true,\"valueName\":\"search_term_string\"}}],\"inLanguage\":\"es\"},{\"@type\":\"Organization\",\"@id\":\"https:\\\/\\\/www.laguiadepamplona.com\\\/actualidad\\\/#organization\",\"name\":\"La Gu\u00eda de Pamplona \\\/ Noticias\",\"url\":\"https:\\\/\\\/www.laguiadepamplona.com\\\/actualidad\\\/\",\"logo\":{\"@type\":\"ImageObject\",\"inLanguage\":\"es\",\"@id\":\"https:\\\/\\\/www.laguiadepamplona.com\\\/actualidad\\\/#\\\/schema\\\/logo\\\/image\\\/\",\"url\":\"https:\\\/\\\/www.laguiadepamplona.com\\\/actualidad\\\/wp-content\\\/uploads\\\/2018\\\/11\\\/logo-laguiadepamplona18-web1.png\",\"contentUrl\":\"https:\\\/\\\/www.laguiadepamplona.com\\\/actualidad\\\/wp-content\\\/uploads\\\/2018\\\/11\\\/logo-laguiadepamplona18-web1.png\",\"width\":600,\"height\":196,\"caption\":\"La Gu\u00eda de Pamplona \\\/ Noticias\"},\"image\":{\"@id\":\"https:\\\/\\\/www.laguiadepamplona.com\\\/actualidad\\\/#\\\/schema\\\/logo\\\/image\\\/\"},\"sameAs\":[\"https:\\\/\\\/www.facebook.com\\\/laguiadepamplonacom-133175176762273\\\/?ref=hl\",\"https:\\\/\\\/x.com\\\/LaGuiadPamplona\",\"https:\\\/\\\/www.instagram.com\\\/la_guia_de_pamplona\\\/\",\"https:\\\/\\\/www.youtube.com\\\/user\\\/laguiadepamplona\"]},{\"@type\":\"Person\",\"@id\":\"https:\\\/\\\/www.laguiadepamplona.com\\\/actualidad\\\/#\\\/schema\\\/person\\\/efe887376f0213d4657c93adc50b1fdb\",\"name\":\"La Gu\u00eda de Pamplona\",\"image\":{\"@type\":\"ImageObject\",\"inLanguage\":\"es\",\"@id\":\"https:\\\/\\\/secure.gravatar.com\\\/avatar\\\/b6992f131dc8d30ab0dff15446e9d346d9dbd95992de0fef795073f5ea83a81c?s=96&d=mm&r=g\",\"url\":\"https:\\\/\\\/secure.gravatar.com\\\/avatar\\\/b6992f131dc8d30ab0dff15446e9d346d9dbd95992de0fef795073f5ea83a81c?s=96&d=mm&r=g\",\"contentUrl\":\"https:\\\/\\\/secure.gravatar.com\\\/avatar\\\/b6992f131dc8d30ab0dff15446e9d346d9dbd95992de0fef795073f5ea83a81c?s=96&d=mm&r=g\",\"caption\":\"La Gu\u00eda de Pamplona\"}}]}<\/script>\n<!-- \/ Yoast SEO plugin. -->","yoast_head_json":{"title":"Propuesta de actividades organizadas por el Ayuntamiento de Pamplona del 19 al 21 de diciembre con plazas libres","robots":{"index":"index","follow":"follow","max-snippet":"max-snippet:-1","max-image-preview":"max-image-preview:large","max-video-preview":"max-video-preview:-1"},"canonical":"https:\/\/www.laguiadepamplona.com\/actualidad\/propuesta-de-actividades-organizadas-por-el-ayuntamiento-de-pamplona-del-19-al-21-de-diciembre-con-plazas-libres\/","og_locale":"es_ES","og_type":"article","og_title":"Propuesta de actividades organizadas por el Ayuntamiento de Pamplona del 19 al 21 de diciembre con plazas libres","og_url":"https:\/\/www.laguiadepamplona.com\/actualidad\/propuesta-de-actividades-organizadas-por-el-ayuntamiento-de-pamplona-del-19-al-21-de-diciembre-con-plazas-libres\/","og_site_name":"La Gu\u00eda de Pamplona","article_publisher":"https:\/\/www.facebook.com\/laguiadepamplonacom-133175176762273\/?ref=hl","article_published_time":"2023-12-18T17:16:30+00:00","og_image":[{"width":1920,"height":1080,"url":"https:\/\/www.laguiadepamplona.com\/actualidad\/wp-content\/uploads\/2021\/08\/ayuntamiento-pamplona2.jpg","type":"image\/jpeg"}],"author":"La Gu\u00eda de Pamplona","twitter_card":"summary_large_image","twitter_creator":"@LaGuiadPamplona","twitter_site":"@LaGuiadPamplona","twitter_misc":{"Escrito por":"La Gu\u00eda de Pamplona","Tiempo de lectura":"6 minutos"},"schema":{"@context":"https:\/\/schema.org","@graph":[{"@type":"Article","@id":"https:\/\/www.laguiadepamplona.com\/actualidad\/propuesta-de-actividades-organizadas-por-el-ayuntamiento-de-pamplona-del-19-al-21-de-diciembre-con-plazas-libres\/#article","isPartOf":{"@id":"https:\/\/www.laguiadepamplona.com\/actualidad\/propuesta-de-actividades-organizadas-por-el-ayuntamiento-de-pamplona-del-19-al-21-de-diciembre-con-plazas-libres\/"},"author":{"name":"La Gu\u00eda de Pamplona","@id":"https:\/\/www.laguiadepamplona.com\/actualidad\/#\/schema\/person\/efe887376f0213d4657c93adc50b1fdb"},"headline":"Propuesta de actividades organizadas por el Ayuntamiento de Pamplona del 19 al 21 de diciembre con plazas libres","datePublished":"2023-12-18T17:16:30+00:00","mainEntityOfPage":{"@id":"https:\/\/www.laguiadepamplona.com\/actualidad\/propuesta-de-actividades-organizadas-por-el-ayuntamiento-de-pamplona-del-19-al-21-de-diciembre-con-plazas-libres\/"},"wordCount":1227,"commentCount":0,"publisher":{"@id":"https:\/\/www.laguiadepamplona.com\/actualidad\/#organization"},"image":{"@id":"https:\/\/www.laguiadepamplona.com\/actualidad\/propuesta-de-actividades-organizadas-por-el-ayuntamiento-de-pamplona-del-19-al-21-de-diciembre-con-plazas-libres\/#primaryimage"},"thumbnailUrl":"https:\/\/www.laguiadepamplona.com\/actualidad\/wp-content\/uploads\/2021\/08\/ayuntamiento-pamplona2.jpg","articleSection":["Ayto Pamplona"],"inLanguage":"es","potentialAction":[{"@type":"CommentAction","name":"Comment","target":["https:\/\/www.laguiadepamplona.com\/actualidad\/propuesta-de-actividades-organizadas-por-el-ayuntamiento-de-pamplona-del-19-al-21-de-diciembre-con-plazas-libres\/#respond"]}]},{"@type":"WebPage","@id":"https:\/\/www.laguiadepamplona.com\/actualidad\/propuesta-de-actividades-organizadas-por-el-ayuntamiento-de-pamplona-del-19-al-21-de-diciembre-con-plazas-libres\/","url":"https:\/\/www.laguiadepamplona.com\/actualidad\/propuesta-de-actividades-organizadas-por-el-ayuntamiento-de-pamplona-del-19-al-21-de-diciembre-con-plazas-libres\/","name":"Propuesta de actividades organizadas por el Ayuntamiento de Pamplona del 19 al 21 de diciembre con plazas libres","isPartOf":{"@id":"https:\/\/www.laguiadepamplona.com\/actualidad\/#website"},"primaryImageOfPage":{"@id":"https:\/\/www.laguiadepamplona.com\/actualidad\/propuesta-de-actividades-organizadas-por-el-ayuntamiento-de-pamplona-del-19-al-21-de-diciembre-con-plazas-libres\/#primaryimage"},"image":{"@id":"https:\/\/www.laguiadepamplona.com\/actualidad\/propuesta-de-actividades-organizadas-por-el-ayuntamiento-de-pamplona-del-19-al-21-de-diciembre-con-plazas-libres\/#primaryimage"},"thumbnailUrl":"https:\/\/www.laguiadepamplona.com\/actualidad\/wp-content\/uploads\/2021\/08\/ayuntamiento-pamplona2.jpg","datePublished":"2023-12-18T17:16:30+00:00","breadcrumb":{"@id":"https:\/\/www.laguiadepamplona.com\/actualidad\/propuesta-de-actividades-organizadas-por-el-ayuntamiento-de-pamplona-del-19-al-21-de-diciembre-con-plazas-libres\/#breadcrumb"},"inLanguage":"es","potentialAction":[{"@type":"ReadAction","target":["https:\/\/www.laguiadepamplona.com\/actualidad\/propuesta-de-actividades-organizadas-por-el-ayuntamiento-de-pamplona-del-19-al-21-de-diciembre-con-plazas-libres\/"]}]},{"@type":"ImageObject","inLanguage":"es","@id":"https:\/\/www.laguiadepamplona.com\/actualidad\/propuesta-de-actividades-organizadas-por-el-ayuntamiento-de-pamplona-del-19-al-21-de-diciembre-con-plazas-libres\/#primaryimage","url":"https:\/\/www.laguiadepamplona.com\/actualidad\/wp-content\/uploads\/2021\/08\/ayuntamiento-pamplona2.jpg","contentUrl":"https:\/\/www.laguiadepamplona.com\/actualidad\/wp-content\/uploads\/2021\/08\/ayuntamiento-pamplona2.jpg","width":1920,"height":1080,"caption":"ayuntamiento pamplona"},{"@type":"BreadcrumbList","@id":"https:\/\/www.laguiadepamplona.com\/actualidad\/propuesta-de-actividades-organizadas-por-el-ayuntamiento-de-pamplona-del-19-al-21-de-diciembre-con-plazas-libres\/#breadcrumb","itemListElement":[{"@type":"ListItem","position":1,"name":"Portada","item":"https:\/\/www.laguiadepamplona.com\/actualidad\/"},{"@type":"ListItem","position":2,"name":"Propuesta de actividades organizadas por el Ayuntamiento de Pamplona del 19 al 21 de diciembre con plazas libres"}]},{"@type":"WebSite","@id":"https:\/\/www.laguiadepamplona.com\/actualidad\/#website","url":"https:\/\/www.laguiadepamplona.com\/actualidad\/","name":"La gu\u00eda de Pamplona","description":"Noticias de Pamplona","publisher":{"@id":"https:\/\/www.laguiadepamplona.com\/actualidad\/#organization"},"potentialAction":[{"@type":"SearchAction","target":{"@type":"EntryPoint","urlTemplate":"https:\/\/www.laguiadepamplona.com\/actualidad\/?s={search_term_string}"},"query-input":{"@type":"PropertyValueSpecification","valueRequired":true,"valueName":"search_term_string"}}],"inLanguage":"es"},{"@type":"Organization","@id":"https:\/\/www.laguiadepamplona.com\/actualidad\/#organization","name":"La Gu\u00eda de Pamplona \/ Noticias","url":"https:\/\/www.laguiadepamplona.com\/actualidad\/","logo":{"@type":"ImageObject","inLanguage":"es","@id":"https:\/\/www.laguiadepamplona.com\/actualidad\/#\/schema\/logo\/image\/","url":"https:\/\/www.laguiadepamplona.com\/actualidad\/wp-content\/uploads\/2018\/11\/logo-laguiadepamplona18-web1.png","contentUrl":"https:\/\/www.laguiadepamplona.com\/actualidad\/wp-content\/uploads\/2018\/11\/logo-laguiadepamplona18-web1.png","width":600,"height":196,"caption":"La Gu\u00eda de Pamplona \/ Noticias"},"image":{"@id":"https:\/\/www.laguiadepamplona.com\/actualidad\/#\/schema\/logo\/image\/"},"sameAs":["https:\/\/www.facebook.com\/laguiadepamplonacom-133175176762273\/?ref=hl","https:\/\/x.com\/LaGuiadPamplona","https:\/\/www.instagram.com\/la_guia_de_pamplona\/","https:\/\/www.youtube.com\/user\/laguiadepamplona"]},{"@type":"Person","@id":"https:\/\/www.laguiadepamplona.com\/actualidad\/#\/schema\/person\/efe887376f0213d4657c93adc50b1fdb","name":"La Gu\u00eda de Pamplona","image":{"@type":"ImageObject","inLanguage":"es","@id":"https:\/\/secure.gravatar.com\/avatar\/b6992f131dc8d30ab0dff15446e9d346d9dbd95992de0fef795073f5ea83a81c?s=96&d=mm&r=g","url":"https:\/\/secure.gravatar.com\/avatar\/b6992f131dc8d30ab0dff15446e9d346d9dbd95992de0fef795073f5ea83a81c?s=96&d=mm&r=g","contentUrl":"https:\/\/secure.gravatar.com\/avatar\/b6992f131dc8d30ab0dff15446e9d346d9dbd95992de0fef795073f5ea83a81c?s=96&d=mm&r=g","caption":"La Gu\u00eda de Pamplona"}}]}},"post_mailing_queue_ids":[],"_links":{"self":[{"href":"https:\/\/www.laguiadepamplona.com\/actualidad\/wp-json\/wp\/v2\/posts\/48253","targetHints":{"allow":["GET"]}}],"collection":[{"href":"https:\/\/www.laguiadepamplona.com\/actualidad\/wp-json\/wp\/v2\/posts"}],"about":[{"href":"https:\/\/www.laguiadepamplona.com\/actualidad\/wp-json\/wp\/v2\/types\/post"}],"author":[{"embeddable":true,"href":"https:\/\/www.laguiadepamplona.com\/actualidad\/wp-json\/wp\/v2\/users\/1"}],"replies":[{"embeddable":true,"href":"https:\/\/www.laguiadepamplona.com\/actualidad\/wp-json\/wp\/v2\/comments?post=48253"}],"version-history":[{"count":1,"href":"https:\/\/www.laguiadepamplona.com\/actualidad\/wp-json\/wp\/v2\/posts\/48253\/revisions"}],"predecessor-version":[{"id":48254,"href":"https:\/\/www.laguiadepamplona.com\/actualidad\/wp-json\/wp\/v2\/posts\/48253\/revisions\/48254"}],"wp:featuredmedia":[{"embeddable":true,"href":"https:\/\/www.laguiadepamplona.com\/actualidad\/wp-json\/wp\/v2\/media\/36074"}],"wp:attachment":[{"href":"https:\/\/www.laguiadepamplona.com\/actualidad\/wp-json\/wp\/v2\/media?parent=48253"}],"wp:term":[{"taxonomy":"category","embeddable":true,"href":"https:\/\/www.laguiadepamplona.com\/actualidad\/wp-json\/wp\/v2\/categories?post=48253"},{"taxonomy":"post_tag","embeddable":true,"href":"https:\/\/www.laguiadepamplona.com\/actualidad\/wp-json\/wp\/v2\/tags?post=48253"}],"curies":[{"name":"wp","href":"https:\/\/api.w.org\/{rel}","templated":true}]}}